{"id":107894,"date":"2025-03-04T21:55:56","date_gmt":"2025-03-04T21:55:56","guid":{"rendered":"https:\/\/educacion.cc\/en\/?p=107894"},"modified":"2025-03-12T17:18:49","modified_gmt":"2025-03-12T17:18:49","slug":"beneficios-de-cortar-el-frenillo","status":"publish","type":"post","link":"https:\/\/dudasytextos.com\/beneficios-de\/beneficios-de-cortar-el-frenillo\/","title":{"rendered":"Beneficios de cortar el frenillo"},"content":{"rendered":"<div id=\"ez-toc-container\" class=\"ez-toc-v2_0_87 counter-hierarchy ez-toc-counter ez-toc-custom ez-toc-container-direction\">\n<div class=\"ez-toc-title-container\">\n<span class=\"ez-toc-title-toggle\"><\/span><\/div>\n<nav><ul class='ez-toc-list ez-toc-list-level-1 ' ><li class='ez-toc-page-1 ez-toc-heading-level-2'><a class=\"ez-toc-link ez-toc-heading-1\" href=\"https:\/\/dudasytextos.com\/beneficios-de\/beneficios-de-cortar-el-frenillo\/#Beneficios_de_cortar_el_frenillo\" >Beneficios de cortar el frenillo<\/a><\/li><li class='ez-toc-page-1 ez-toc-heading-level-2'><a class=\"ez-toc-link ez-toc-heading-2\" href=\"https:\/\/dudasytextos.com\/beneficios-de\/beneficios-de-cortar-el-frenillo\/#Curiosidades_y_hechos_interesantes_sobre_el_frenillo\" >Curiosidades y hechos interesantes sobre el frenillo<\/a><\/li><li class='ez-toc-page-1 ez-toc-heading-level-2'><a class=\"ez-toc-link ez-toc-heading-3\" href=\"https:\/\/dudasytextos.com\/beneficios-de\/beneficios-de-cortar-el-frenillo\/#Experiencias_personales\" >Experiencias personales<\/a><\/li><li class='ez-toc-page-1 ez-toc-heading-level-2'><a class=\"ez-toc-link ez-toc-heading-4\" href=\"https:\/\/dudasytextos.com\/beneficios-de\/beneficios-de-cortar-el-frenillo\/#Beneficios_de_cortar_el_frenillo-2\" >Beneficios de cortar el frenillo<\/a><\/li><li class='ez-toc-page-1 ez-toc-heading-level-2'><a class=\"ez-toc-link ez-toc-heading-5\" href=\"https:\/\/dudasytextos.com\/beneficios-de\/beneficios-de-cortar-el-frenillo\/#Estudios_y_analisis_de_datos\" >Estudios y an\u00e1lisis de datos<\/a><\/li><li class='ez-toc-page-1 ez-toc-heading-level-2'><a class=\"ez-toc-link ez-toc-heading-6\" href=\"https:\/\/dudasytextos.com\/beneficios-de\/beneficios-de-cortar-el-frenillo\/#Preguntas_frecuentes\" >Preguntas frecuentes<\/a><ul class='ez-toc-list-level-3' ><li class='ez-toc-heading-level-3'><a class=\"ez-toc-link ez-toc-heading-7\" href=\"https:\/\/dudasytextos.com\/beneficios-de\/beneficios-de-cortar-el-frenillo\/#%C2%BFEs_doloroso_cortar_el_frenillo\" >\u00bfEs doloroso cortar el frenillo?<\/a><\/li><li class='ez-toc-page-1 ez-toc-heading-level-3'><a class=\"ez-toc-link ez-toc-heading-8\" href=\"https:\/\/dudasytextos.com\/beneficios-de\/beneficios-de-cortar-el-frenillo\/#%C2%BFCuanto_tiempo_tarda_en_sanar_despues_de_cortar_el_frenillo\" >\u00bfCu\u00e1nto tiempo tarda en sanar despu\u00e9s de cortar el frenillo?<\/a><\/li><li class='ez-toc-page-1 ez-toc-heading-level-3'><a class=\"ez-toc-link ez-toc-heading-9\" href=\"https:\/\/dudasytextos.com\/beneficios-de\/beneficios-de-cortar-el-frenillo\/#%C2%BFCuanto_cuesta_cortar_el_frenillo\" >\u00bfCu\u00e1nto cuesta cortar el frenillo?<\/a><\/li><\/ul><\/li><\/ul><\/nav><\/div>\n<h2><span class=\"ez-toc-section\" id=\"Beneficios_de_cortar_el_frenillo\"><\/span>Beneficios de cortar el frenillo<span class=\"ez-toc-section-end\"><\/span><\/h2>\n<p>Por Ana Gonz\u00e1lez<\/p>\n<section>\n<h2><span class=\"ez-toc-section\" id=\"Curiosidades_y_hechos_interesantes_sobre_el_frenillo\"><\/span>Curiosidades y hechos interesantes sobre el frenillo<span class=\"ez-toc-section-end\"><\/span><\/h2>\n<ul>\n<li>El frenillo es una peque\u00f1a banda de tejido que conecta la lengua con el suelo de la boca.<\/li>\n<li>Algunas personas tienen un frenillo corto, lo que puede causar dificultades en el habla o para comer.<\/li>\n<li>El frenillo corto tambi\u00e9n puede causar problemas de higiene bucal y mal aliento.<\/li>\n<li>Cortar el frenillo es un procedimiento sencillo y seguro que puede tener muchos beneficios para la salud bucal.<\/li>\n<\/ul>\n<\/section>\n<section>\n<h2><span class=\"ez-toc-section\" id=\"Experiencias_personales\"><\/span>Experiencias personales<span class=\"ez-toc-section-end\"><\/span><\/h2>\n<p>Yo ten\u00eda un frenillo corto y me causaba problemas para pronunciar ciertas palabras y para masticar ciertos alimentos. Adem\u00e1s, notaba que ten\u00eda mal aliento con frecuencia. Despu\u00e9s de que me cortaran el frenillo, not\u00e9 una gran mejora en mi habla y en mi capacidad para comer. Tambi\u00e9n me siento m\u00e1s segura de mi misma ahora que s\u00e9 que mi aliento siempre es fresco.<\/p>\n<\/section>\n<section>\n<h2><span class=\"ez-toc-section\" id=\"Beneficios_de_cortar_el_frenillo-2\"><\/span>Beneficios de cortar el frenillo<span class=\"ez-toc-section-end\"><\/span><\/h2>\n<ul>\n<li>Mejora el habla: Al cortar el frenillo, se puede mejorar la capacidad de pronunciar ciertos sonidos y palabras.<\/li>\n<li>Facilita la alimentaci\u00f3n: Las personas con frenillo corto pueden tener dificultades para masticar ciertos alimentos, lo que puede llevar a problemas digestivos. Al cortar el frenillo, se puede mejorar la capacidad de masticar y tragar alimentos.<\/li>\n<li>Mejora la higiene bucal: Un frenillo corto puede dificultar la limpieza adecuada de la lengua y los dientes, lo que puede llevar a problemas de higiene bucal y mal aliento. Al cortar el frenillo, se puede mejorar la capacidad de mantener una buena higiene bucal.<\/li>\n<li>Mejora la autoestima: Las personas con frenillo corto pueden sentir verg\u00fcenza o inseguridad por su habla o su aliento. Al cortar el frenillo y mejorar estos problemas, se puede mejorar la autoestima y la confianza en uno mismo.<\/li>\n<\/ul>\n<\/section>\n<section>\n<h2><span class=\"ez-toc-section\" id=\"Estudios_y_analisis_de_datos\"><\/span>Estudios y an\u00e1lisis de datos<span class=\"ez-toc-section-end\"><\/span><\/h2>\n<p>Un estudio publicado en el Journal of Clinical and Diagnostic Research encontr\u00f3 que el corte del frenillo mejora significativamente la capacidad de hablar y masticar en personas con frenillo corto. Adem\u00e1s, otro estudio publicado en el Journal of Periodontology encontr\u00f3 que el corte del frenillo puede mejorar la higiene bucal y reducir el riesgo de enfermedades periodontales.<\/p>\n<\/section>\n<section>\n<h2><span class=\"ez-toc-section\" id=\"Preguntas_frecuentes\"><\/span>Preguntas frecuentes<span class=\"ez-toc-section-end\"><\/span><\/h2>\n<h3><span class=\"ez-toc-section\" id=\"%C2%BFEs_doloroso_cortar_el_frenillo\"><\/span>\u00bfEs doloroso cortar el frenillo?<span class=\"ez-toc-section-end\"><\/span><\/h3>\n<p>No, el procedimiento es r\u00e1pido y sencillo y se realiza con anestesia local para minimizar cualquier dolor o incomodidad.<\/p>\n<h3><span class=\"ez-toc-section\" id=\"%C2%BFCuanto_tiempo_tarda_en_sanar_despues_de_cortar_el_frenillo\"><\/span>\u00bfCu\u00e1nto tiempo tarda en sanar despu\u00e9s de cortar el frenillo?<span class=\"ez-toc-section-end\"><\/span><\/h3>\n<p>La mayor\u00eda de las personas experimentan una recuperaci\u00f3n completa en unas pocas semanas. Durante este tiempo, es importante seguir las instrucciones de cuidado postoperatorio de su dentista para asegurar una recuperaci\u00f3n completa y sin complicaciones.<\/p>\n<h3><span class=\"ez-toc-section\" id=\"%C2%BFCuanto_cuesta_cortar_el_frenillo\"><\/span>\u00bfCu\u00e1nto cuesta cortar el frenillo?<span class=\"ez-toc-section-end\"><\/span><\/h3>\n<p>El costo puede variar dependiendo del dentista y de la ubicaci\u00f3n geogr\u00e1fica, pero en general, el costo es bastante bajo en comparaci\u00f3n con otros procedimientos dentales.<\/p>\n<\/section>\n<footer>\n<p>Esperamos que este art\u00edculo haya sido \u00fatil e informativo. Si tiene un frenillo corto y est\u00e1 experimentando dificultades en el habla, la alimentaci\u00f3n o la higiene bucal, hable con su dentista sobre las opciones de tratamiento.<\/p>\n<\/footer>\n","protected":false},"excerpt":{"rendered":"<p>Beneficios de cortar el frenillo Por Ana Gonz\u00e1lez Curiosidades y hechos interesantes sobre el frenillo El frenillo es una peque\u00f1a banda de tejido que conecta la lengua con el suelo de la boca. Algunas personas tienen un frenillo corto, lo que puede causar dificultades en el habla o para comer. El frenillo corto tambi\u00e9n puede &#8230; <a title=\"Beneficios de cortar el frenillo\" class=\"read-more\" href=\"https:\/\/dudasytextos.com\/beneficios-de\/beneficios-de-cortar-el-frenillo\/\" aria-label=\"M\u00e1s en Beneficios de cortar el frenillo\">Leer m\u00e1s<\/a><\/p>\n","protected":false},"author":1,"featured_media":0,"comment_status":"open","ping_status":"open","sticky":false,"template":"","format":"standard","meta":{"footnotes":""},"categories":[4],"tags":[],"class_list":["post-107894","post","type-post","status-publish","format-standard","hentry","category-conoce-los-beneficios"],"aioseo_notices":[],"aioseo_head":"\n\t\t<!-- All in One SEO 5.0.1.1 - aioseo.com -->\n\t<meta name=\"description\" content=\"Beneficios de cortar el frenillo Por Ana Gonz\u00e1lez Curiosidades y hechos interesantes sobre el frenillo El frenillo es una peque\u00f1a banda de tejido que conecta la lengua con el suelo de la boca. Algunas personas tienen un frenillo corto, lo que puede causar dificultades en el habla o para comer. El frenillo corto tambi\u00e9n puede\" \/>\n\t<meta name=\"robots\" content=\"max-snippet:-1, max-image-preview:large, max-video-preview:-1\" \/>\n\t<meta name=\"author\" content=\"Ana Gonz\u00e1lez\"\/>\n\t<link rel=\"canonical\" href=\"https:\/\/dudasytextos.com\/beneficios-de\/beneficios-de-cortar-el-frenillo\/\" \/>\n\t<meta name=\"generator\" content=\"All in One SEO (AIOSEO) 5.0.1.1\" \/>\n\n\t\t<!-- Google tag (gtag.js) -->\n<script async src=\"https:\/\/www.googletagmanager.com\/gtag\/js?id=G-7QM0WX6SPB\"><\/script>\n<script>\n  window.dataLayer = window.dataLayer || [];\n  function gtag(){dataLayer.push(arguments);}\n  gtag('js', new Date());\n\n  gtag('config', 'G-7QM0WX6SPB');\n<\/script>\n<script async src=\"https:\/\/pagead2.googlesyndication.com\/pagead\/js\/adsbygoogle.js?client=ca-pub-3987500858204711\"\n     crossorigin=\"anonymous\"><\/script>\n\t\t<meta property=\"og:locale\" content=\"es_ES\" \/>\n\t\t<meta property=\"og:site_name\" content=\"Conoce los Beneficios - Conoce los Beneficios de ...\" \/>\n\t\t<meta property=\"og:type\" content=\"article\" \/>\n\t\t<meta property=\"og:title\" content=\"Beneficios de cortar el frenillo (2026) Conoce los Beneficios\" \/>\n\t\t<meta property=\"og:description\" content=\"Beneficios de cortar el frenillo Por Ana Gonz\u00e1lez Curiosidades y hechos interesantes sobre el frenillo El frenillo es una peque\u00f1a banda de tejido que conecta la lengua con el suelo de la boca. Algunas personas tienen un frenillo corto, lo que puede causar dificultades en el habla o para comer. El frenillo corto tambi\u00e9n puede\" \/>\n\t\t<meta property=\"og:url\" content=\"https:\/\/dudasytextos.com\/beneficios-de\/beneficios-de-cortar-el-frenillo\/\" \/>\n\t\t<meta property=\"article:published_time\" content=\"2025-03-04T21:55:56+00:00\" \/>\n\t\t<meta property=\"article:modified_time\" content=\"2025-03-12T17:18:49+00:00\" \/>\n\t\t<meta name=\"twitter:card\" content=\"summary_large_image\" \/>\n\t\t<meta name=\"twitter:title\" content=\"Beneficios de cortar el frenillo (2026) Conoce los Beneficios\" \/>\n\t\t<meta name=\"twitter:description\" content=\"Beneficios de cortar el frenillo Por Ana Gonz\u00e1lez Curiosidades y hechos interesantes sobre el frenillo El frenillo es una peque\u00f1a banda de tejido que conecta la lengua con el suelo de la boca. Algunas personas tienen un frenillo corto, lo que puede causar dificultades en el habla o para comer. El frenillo corto tambi\u00e9n puede\" \/>\n\t\t<script type=\"application\/ld+json\" class=\"aioseo-schema\">\n\t\t\t{\"@context\":\"https:\\\/\\\/schema.org\",\"@graph\":[{\"@type\":\"BlogPosting\",\"@id\":\"https:\\\/\\\/dudasytextos.com\\\/beneficios-de\\\/beneficios-de-cortar-el-frenillo\\\/#blogposting\",\"name\":\"Beneficios de cortar el frenillo (2026) Conoce los Beneficios\",\"headline\":\"Beneficios de cortar el frenillo\",\"author\":{\"@id\":\"https:\\\/\\\/dudasytextos.com\\\/beneficios-de\\\/author\\\/admin44\\\/#author\"},\"publisher\":{\"@id\":\"https:\\\/\\\/dudasytextos.com\\\/beneficios-de\\\/#organization\"},\"datePublished\":\"2025-03-04T21:55:56+00:00\",\"dateModified\":\"2025-03-12T17:18:49+00:00\",\"inLanguage\":\"es-ES\",\"mainEntityOfPage\":{\"@id\":\"https:\\\/\\\/dudasytextos.com\\\/beneficios-de\\\/beneficios-de-cortar-el-frenillo\\\/#webpage\"},\"isPartOf\":{\"@id\":\"https:\\\/\\\/dudasytextos.com\\\/beneficios-de\\\/beneficios-de-cortar-el-frenillo\\\/#webpage\"},\"articleSection\":\"Conoce los beneficios\"},{\"@type\":\"BreadcrumbList\",\"@id\":\"https:\\\/\\\/dudasytextos.com\\\/beneficios-de\\\/beneficios-de-cortar-el-frenillo\\\/#breadcrumblist\",\"itemListElement\":[{\"@type\":\"ListItem\",\"@id\":\"https:\\\/\\\/dudasytextos.com\\\/beneficios-de#listItem\",\"position\":1,\"name\":\"Inicio\",\"item\":\"https:\\\/\\\/dudasytextos.com\\\/beneficios-de\",\"nextItem\":{\"@type\":\"ListItem\",\"@id\":\"https:\\\/\\\/dudasytextos.com\\\/beneficios-de\\\/category\\\/conoce-los-beneficios\\\/#listItem\",\"name\":\"Conoce los beneficios\"}},{\"@type\":\"ListItem\",\"@id\":\"https:\\\/\\\/dudasytextos.com\\\/beneficios-de\\\/category\\\/conoce-los-beneficios\\\/#listItem\",\"position\":2,\"name\":\"Conoce los beneficios\",\"item\":\"https:\\\/\\\/dudasytextos.com\\\/beneficios-de\\\/category\\\/conoce-los-beneficios\\\/\",\"nextItem\":{\"@type\":\"ListItem\",\"@id\":\"https:\\\/\\\/dudasytextos.com\\\/beneficios-de\\\/beneficios-de-cortar-el-frenillo\\\/#listItem\",\"name\":\"Beneficios de cortar el frenillo\"},\"previousItem\":{\"@type\":\"ListItem\",\"@id\":\"https:\\\/\\\/dudasytextos.com\\\/beneficios-de#listItem\",\"name\":\"Inicio\"}},{\"@type\":\"ListItem\",\"@id\":\"https:\\\/\\\/dudasytextos.com\\\/beneficios-de\\\/beneficios-de-cortar-el-frenillo\\\/#listItem\",\"position\":3,\"name\":\"Beneficios de cortar el frenillo\",\"previousItem\":{\"@type\":\"ListItem\",\"@id\":\"https:\\\/\\\/dudasytextos.com\\\/beneficios-de\\\/category\\\/conoce-los-beneficios\\\/#listItem\",\"name\":\"Conoce los beneficios\"}}]},{\"@type\":\"Organization\",\"@id\":\"https:\\\/\\\/dudasytextos.com\\\/beneficios-de\\\/#organization\",\"name\":\"\\u00bfC\\u00f3mo funciona?\",\"description\":\"Conoce los Beneficios de ...\",\"url\":\"https:\\\/\\\/dudasytextos.com\\\/beneficios-de\\\/\"},{\"@type\":\"Person\",\"@id\":\"https:\\\/\\\/dudasytextos.com\\\/beneficios-de\\\/author\\\/admin44\\\/#author\",\"url\":\"https:\\\/\\\/dudasytextos.com\\\/beneficios-de\\\/author\\\/admin44\\\/\",\"name\":\"Ana Gonz\\u00e1lez\"},{\"@type\":\"WebPage\",\"@id\":\"https:\\\/\\\/dudasytextos.com\\\/beneficios-de\\\/beneficios-de-cortar-el-frenillo\\\/#webpage\",\"url\":\"https:\\\/\\\/dudasytextos.com\\\/beneficios-de\\\/beneficios-de-cortar-el-frenillo\\\/\",\"name\":\"Beneficios de cortar el frenillo (2026) Conoce los Beneficios\",\"description\":\"Beneficios de cortar el frenillo Por Ana Gonz\\u00e1lez Curiosidades y hechos interesantes sobre el frenillo El frenillo es una peque\\u00f1a banda de tejido que conecta la lengua con el suelo de la boca. Algunas personas tienen un frenillo corto, lo que puede causar dificultades en el habla o para comer. El frenillo corto tambi\\u00e9n puede\",\"inLanguage\":\"es-ES\",\"isPartOf\":{\"@id\":\"https:\\\/\\\/dudasytextos.com\\\/beneficios-de\\\/#website\"},\"breadcrumb\":{\"@id\":\"https:\\\/\\\/dudasytextos.com\\\/beneficios-de\\\/beneficios-de-cortar-el-frenillo\\\/#breadcrumblist\"},\"author\":{\"@id\":\"https:\\\/\\\/dudasytextos.com\\\/beneficios-de\\\/author\\\/admin44\\\/#author\"},\"creator\":{\"@id\":\"https:\\\/\\\/dudasytextos.com\\\/beneficios-de\\\/author\\\/admin44\\\/#author\"},\"datePublished\":\"2025-03-04T21:55:56+00:00\",\"dateModified\":\"2025-03-12T17:18:49+00:00\"},{\"@type\":\"WebSite\",\"@id\":\"https:\\\/\\\/dudasytextos.com\\\/beneficios-de\\\/#website\",\"url\":\"https:\\\/\\\/dudasytextos.com\\\/beneficios-de\\\/\",\"name\":\"\\u00bfC\\u00f3mo funciona?\",\"description\":\"Conoce los Beneficios de ...\",\"inLanguage\":\"es-ES\",\"publisher\":{\"@id\":\"https:\\\/\\\/dudasytextos.com\\\/beneficios-de\\\/#organization\"}}]}\n\t\t<\/script>\n\t\t<!-- All in One SEO -->\n\n","aioseo_head_json":{"title":"Beneficios de cortar el frenillo (2026) Conoce los Beneficios","description":"Beneficios de cortar el frenillo Por Ana Gonz\u00e1lez Curiosidades y hechos interesantes sobre el frenillo El frenillo es una peque\u00f1a banda de tejido que conecta la lengua con el suelo de la boca. Algunas personas tienen un frenillo corto, lo que puede causar dificultades en el habla o para comer. El frenillo corto tambi\u00e9n puede","canonical_url":"https:\/\/dudasytextos.com\/beneficios-de\/beneficios-de-cortar-el-frenillo\/","robots":"max-snippet:-1, max-image-preview:large, max-video-preview:-1","keywords":"","webmasterTools":{"miscellaneous":"&lt;!-- Google tag (gtag.js) --&gt;\n&lt;script async src=\"https:\/\/www.googletagmanager.com\/gtag\/js?id=G-7QM0WX6SPB\"&gt;&lt;\/script&gt;\n&lt;script&gt;\n  window.dataLayer = window.dataLayer || [];\n  function gtag(){dataLayer.push(arguments);}\n  gtag('js', new Date());\n\n  gtag('config', 'G-7QM0WX6SPB');\n&lt;\/script&gt;\n&lt;script async src=\"https:\/\/pagead2.googlesyndication.com\/pagead\/js\/adsbygoogle.js?client=ca-pub-3987500858204711\"\n     crossorigin=\"anonymous\"&gt;&lt;\/script&gt;"},"schema":{"@context":"https:\/\/schema.org","@graph":[{"@type":"BlogPosting","@id":"https:\/\/dudasytextos.com\/beneficios-de\/beneficios-de-cortar-el-frenillo\/#blogposting","name":"Beneficios de cortar el frenillo (2026) Conoce los Beneficios","headline":"Beneficios de cortar el frenillo","author":{"@id":"https:\/\/dudasytextos.com\/beneficios-de\/author\/admin44\/#author"},"publisher":{"@id":"https:\/\/dudasytextos.com\/beneficios-de\/#organization"},"datePublished":"2025-03-04T21:55:56+00:00","dateModified":"2025-03-12T17:18:49+00:00","inLanguage":"es-ES","mainEntityOfPage":{"@id":"https:\/\/dudasytextos.com\/beneficios-de\/beneficios-de-cortar-el-frenillo\/#webpage"},"isPartOf":{"@id":"https:\/\/dudasytextos.com\/beneficios-de\/beneficios-de-cortar-el-frenillo\/#webpage"},"articleSection":"Conoce los beneficios"},{"@type":"BreadcrumbList","@id":"https:\/\/dudasytextos.com\/beneficios-de\/beneficios-de-cortar-el-frenillo\/#breadcrumblist","itemListElement":[{"@type":"ListItem","@id":"https:\/\/dudasytextos.com\/beneficios-de#listItem","position":1,"name":"Inicio","item":"https:\/\/dudasytextos.com\/beneficios-de","nextItem":{"@type":"ListItem","@id":"https:\/\/dudasytextos.com\/beneficios-de\/category\/conoce-los-beneficios\/#listItem","name":"Conoce los beneficios"}},{"@type":"ListItem","@id":"https:\/\/dudasytextos.com\/beneficios-de\/category\/conoce-los-beneficios\/#listItem","position":2,"name":"Conoce los beneficios","item":"https:\/\/dudasytextos.com\/beneficios-de\/category\/conoce-los-beneficios\/","nextItem":{"@type":"ListItem","@id":"https:\/\/dudasytextos.com\/beneficios-de\/beneficios-de-cortar-el-frenillo\/#listItem","name":"Beneficios de cortar el frenillo"},"previousItem":{"@type":"ListItem","@id":"https:\/\/dudasytextos.com\/beneficios-de#listItem","name":"Inicio"}},{"@type":"ListItem","@id":"https:\/\/dudasytextos.com\/beneficios-de\/beneficios-de-cortar-el-frenillo\/#listItem","position":3,"name":"Beneficios de cortar el frenillo","previousItem":{"@type":"ListItem","@id":"https:\/\/dudasytextos.com\/beneficios-de\/category\/conoce-los-beneficios\/#listItem","name":"Conoce los beneficios"}}]},{"@type":"Organization","@id":"https:\/\/dudasytextos.com\/beneficios-de\/#organization","name":"\u00bfC\u00f3mo funciona?","description":"Conoce los Beneficios de ...","url":"https:\/\/dudasytextos.com\/beneficios-de\/"},{"@type":"Person","@id":"https:\/\/dudasytextos.com\/beneficios-de\/author\/admin44\/#author","url":"https:\/\/dudasytextos.com\/beneficios-de\/author\/admin44\/","name":"Ana Gonz\u00e1lez"},{"@type":"WebPage","@id":"https:\/\/dudasytextos.com\/beneficios-de\/beneficios-de-cortar-el-frenillo\/#webpage","url":"https:\/\/dudasytextos.com\/beneficios-de\/beneficios-de-cortar-el-frenillo\/","name":"Beneficios de cortar el frenillo (2026) Conoce los Beneficios","description":"Beneficios de cortar el frenillo Por Ana Gonz\u00e1lez Curiosidades y hechos interesantes sobre el frenillo El frenillo es una peque\u00f1a banda de tejido que conecta la lengua con el suelo de la boca. Algunas personas tienen un frenillo corto, lo que puede causar dificultades en el habla o para comer. El frenillo corto tambi\u00e9n puede","inLanguage":"es-ES","isPartOf":{"@id":"https:\/\/dudasytextos.com\/beneficios-de\/#website"},"breadcrumb":{"@id":"https:\/\/dudasytextos.com\/beneficios-de\/beneficios-de-cortar-el-frenillo\/#breadcrumblist"},"author":{"@id":"https:\/\/dudasytextos.com\/beneficios-de\/author\/admin44\/#author"},"creator":{"@id":"https:\/\/dudasytextos.com\/beneficios-de\/author\/admin44\/#author"},"datePublished":"2025-03-04T21:55:56+00:00","dateModified":"2025-03-12T17:18:49+00:00"},{"@type":"WebSite","@id":"https:\/\/dudasytextos.com\/beneficios-de\/#website","url":"https:\/\/dudasytextos.com\/beneficios-de\/","name":"\u00bfC\u00f3mo funciona?","description":"Conoce los Beneficios de ...","inLanguage":"es-ES","publisher":{"@id":"https:\/\/dudasytextos.com\/beneficios-de\/#organization"}}]},"og:locale":"es_ES","og:site_name":"Conoce los Beneficios - Conoce los Beneficios de ...","og:type":"article","og:title":"Beneficios de cortar el frenillo (2026) Conoce los Beneficios","og:description":"Beneficios de cortar el frenillo Por Ana Gonz\u00e1lez Curiosidades y hechos interesantes sobre el frenillo El frenillo es una peque\u00f1a banda de tejido que conecta la lengua con el suelo de la boca. Algunas personas tienen un frenillo corto, lo que puede causar dificultades en el habla o para comer. El frenillo corto tambi\u00e9n puede","og:url":"https:\/\/dudasytextos.com\/beneficios-de\/beneficios-de-cortar-el-frenillo\/","article:published_time":"2025-03-04T21:55:56+00:00","article:modified_time":"2025-03-12T17:18:49+00:00","twitter:card":"summary_large_image","twitter:title":"Beneficios de cortar el frenillo (2026) Conoce los Beneficios","twitter:description":"Beneficios de cortar el frenillo Por Ana Gonz\u00e1lez Curiosidades y hechos interesantes sobre el frenillo El frenillo es una peque\u00f1a banda de tejido que conecta la lengua con el suelo de la boca. Algunas personas tienen un frenillo corto, lo que puede causar dificultades en el habla o para comer. El frenillo corto tambi\u00e9n puede"},"aioseo_meta_data":{"post_id":"107894","title":null,"description":null,"keywords":null,"keyphrases":null,"primary_term":null,"canonical_url":null,"og_title":null,"og_description":null,"og_object_type":"default","og_image_type":"default","og_image_url":null,"og_image_width":null,"og_image_height":null,"og_image_custom_url":null,"og_image_custom_fields":null,"og_video":null,"og_custom_url":null,"og_article_section":null,"og_article_tags":null,"twitter_use_og":false,"twitter_card":"default","twitter_image_type":"default","twitter_image_url":null,"twitter_image_custom_url":null,"twitter_image_custom_fields":null,"twitter_title":null,"twitter_description":null,"schema":{"blockGraphs":[],"customGraphs":[],"default":{"data":{"Article":[],"Course":[],"Dataset":[],"FAQPage":[],"Movie":[],"Person":[],"Product":[],"ProductReview":[],"Car":[],"Recipe":[],"Service":[],"SoftwareApplication":[],"WebPage":[]},"graphName":"","isEnabled":true},"graphs":[]},"schema_type":"default","schema_type_options":null,"pillar_content":false,"robots_default":true,"robots_noindex":false,"robots_noarchive":false,"robots_nosnippet":false,"robots_nofollow":false,"robots_noimageindex":false,"robots_noodp":false,"robots_notranslate":false,"robots_max_snippet":null,"robots_max_videopreview":null,"robots_max_imagepreview":"large","priority":null,"frequency":null,"local_seo":null,"breadcrumb_settings":null,"limit_modified_date":false,"ai":null,"created":"2023-05-13 09:58:36","updated":"2025-06-04 11:54:45","seo_analyzer_scan_date":null,"focus_keyword":null,"additional_keywords":null,"truseo_locale":null},"aioseo_breadcrumb":"<div class=\"aioseo-breadcrumbs\"><span class=\"aioseo-breadcrumb\">\n\t\t\t<a href=\"https:\/\/dudasytextos.com\/beneficios-de\" title=\"Inicio\">Inicio<\/a>\n\t\t<\/span><span class=\"aioseo-breadcrumb-separator\">&raquo;<\/span><span class=\"aioseo-breadcrumb\">\n\t\t\t<a href=\"https:\/\/dudasytextos.com\/beneficios-de\/category\/conoce-los-beneficios\/\" title=\"Conoce los beneficios\">Conoce los beneficios<\/a>\n\t\t<\/span><span class=\"aioseo-breadcrumb-separator\">&raquo;<\/span><span class=\"aioseo-breadcrumb\">\n\t\t\tBeneficios de cortar el frenillo\n\t\t<\/span><\/div>","aioseo_breadcrumb_json":[{"label":"Inicio","link":"https:\/\/dudasytextos.com\/beneficios-de"},{"label":"Conoce los beneficios","link":"https:\/\/dudasytextos.com\/beneficios-de\/category\/conoce-los-beneficios\/"},{"label":"Beneficios de cortar el frenillo","link":"https:\/\/dudasytextos.com\/beneficios-de\/beneficios-de-cortar-el-frenillo\/"}],"_links":{"self":[{"href":"https:\/\/dudasytextos.com\/beneficios-de\/wp-json\/wp\/v2\/posts\/107894","targetHints":{"allow":["GET"]}}],"collection":[{"href":"https:\/\/dudasytextos.com\/beneficios-de\/wp-json\/wp\/v2\/posts"}],"about":[{"href":"https:\/\/dudasytextos.com\/beneficios-de\/wp-json\/wp\/v2\/types\/post"}],"author":[{"embeddable":true,"href":"https:\/\/dudasytextos.com\/beneficios-de\/wp-json\/wp\/v2\/users\/1"}],"replies":[{"embeddable":true,"href":"https:\/\/dudasytextos.com\/beneficios-de\/wp-json\/wp\/v2\/comments?post=107894"}],"version-history":[{"count":1,"href":"https:\/\/dudasytextos.com\/beneficios-de\/wp-json\/wp\/v2\/posts\/107894\/revisions"}],"predecessor-version":[{"id":116515,"href":"https:\/\/dudasytextos.com\/beneficios-de\/wp-json\/wp\/v2\/posts\/107894\/revisions\/116515"}],"wp:attachment":[{"href":"https:\/\/dudasytextos.com\/beneficios-de\/wp-json\/wp\/v2\/media?parent=107894"}],"wp:term":[{"taxonomy":"category","embeddable":true,"href":"https:\/\/dudasytextos.com\/beneficios-de\/wp-json\/wp\/v2\/categories?post=107894"},{"taxonomy":"post_tag","embeddable":true,"href":"https:\/\/dudasytextos.com\/beneficios-de\/wp-json\/wp\/v2\/tags?post=107894"}],"curies":[{"name":"wp","href":"https:\/\/api.w.org\/{rel}","templated":true}]}}