{"id":160019,"date":"2025-03-05T15:56:53","date_gmt":"2025-03-05T15:56:53","guid":{"rendered":"https:\/\/educacion.cc\/?p=160019"},"modified":"2025-03-13T08:45:34","modified_gmt":"2025-03-13T08:45:34","slug":"la-prision-preventiva-puede-abonarse-en-mas-de-una-causa","status":"publish","type":"post","link":"https:\/\/dudasytextos.com\/causasde\/la-prision-preventiva-puede-abonarse-en-mas-de-una-causa\/","title":{"rendered":"La prisi\u00f3n preventiva puede abonarse en m\u00e1s de una causa"},"content":{"rendered":"<div id=\"ez-toc-container\" class=\"ez-toc-v2_0_87 counter-hierarchy ez-toc-counter ez-toc-custom ez-toc-container-direction\">\n<div class=\"ez-toc-title-container\">\n<span class=\"ez-toc-title-toggle\"><\/span><\/div>\n<nav><ul class='ez-toc-list ez-toc-list-level-1 ' ><li class='ez-toc-page-1 ez-toc-heading-level-2'><a class=\"ez-toc-link ez-toc-heading-1\" href=\"https:\/\/dudasytextos.com\/causasde\/la-prision-preventiva-puede-abonarse-en-mas-de-una-causa\/#La_prision_preventiva_puede_abonarse_en_mas_de_una_causa\" >La prisi\u00f3n preventiva puede abonarse en m\u00e1s de una causa<\/a><\/li><li class='ez-toc-page-1 ez-toc-heading-level-2'><a class=\"ez-toc-link ez-toc-heading-2\" href=\"https:\/\/dudasytextos.com\/causasde\/la-prision-preventiva-puede-abonarse-en-mas-de-una-causa\/#%C2%BFQue_implica_esta_practica_en_Espana\" >\u00bfQu\u00e9 implica esta pr\u00e1ctica en Espa\u00f1a?<\/a><\/li><li class='ez-toc-page-1 ez-toc-heading-level-2'><a class=\"ez-toc-link ez-toc-heading-3\" href=\"https:\/\/dudasytextos.com\/causasde\/la-prision-preventiva-puede-abonarse-en-mas-de-una-causa\/#Curiosidades_sobre_la_prision_preventiva_en_Espana\" >Curiosidades sobre la prisi\u00f3n preventiva en Espa\u00f1a<\/a><\/li><li class='ez-toc-page-1 ez-toc-heading-level-2'><a class=\"ez-toc-link ez-toc-heading-4\" href=\"https:\/\/dudasytextos.com\/causasde\/la-prision-preventiva-puede-abonarse-en-mas-de-una-causa\/#%C2%BFQue_significa_abonar_la_prision_preventiva_en_mas_de_una_causa\" >\u00bfQu\u00e9 significa abonar la prisi\u00f3n preventiva en m\u00e1s de una causa?<\/a><\/li><li class='ez-toc-page-1 ez-toc-heading-level-2'><a class=\"ez-toc-link ez-toc-heading-5\" href=\"https:\/\/dudasytextos.com\/causasde\/la-prision-preventiva-puede-abonarse-en-mas-de-una-causa\/#%C2%BFEs_legal_abonar_la_prision_preventiva_en_mas_de_una_causa\" >\u00bfEs legal abonar la prisi\u00f3n preventiva en m\u00e1s de una causa?<\/a><\/li><li class='ez-toc-page-1 ez-toc-heading-level-2'><a class=\"ez-toc-link ez-toc-heading-6\" href=\"https:\/\/dudasytextos.com\/causasde\/la-prision-preventiva-puede-abonarse-en-mas-de-una-causa\/#%C2%BFQue_implicaciones_tiene_abonar_la_prision_preventiva_en_mas_de_una_causa\" >\u00bfQu\u00e9 implicaciones tiene abonar la prisi\u00f3n preventiva en m\u00e1s de una causa?<\/a><\/li><li class='ez-toc-page-1 ez-toc-heading-level-2'><a class=\"ez-toc-link ez-toc-heading-7\" href=\"https:\/\/dudasytextos.com\/causasde\/la-prision-preventiva-puede-abonarse-en-mas-de-una-causa\/#%C2%BFQue_opinion_tengo_sobre_el_abono_de_la_prision_preventiva_en_mas_de_una_causa\" >\u00bfQu\u00e9 opini\u00f3n tengo sobre el abono de la prisi\u00f3n preventiva en m\u00e1s de una causa?<\/a><\/li><li class='ez-toc-page-1 ez-toc-heading-level-2'><a class=\"ez-toc-link ez-toc-heading-8\" href=\"https:\/\/dudasytextos.com\/causasde\/la-prision-preventiva-puede-abonarse-en-mas-de-una-causa\/#Preguntas_frecuentes\" >Preguntas frecuentes<\/a><ul class='ez-toc-list-level-3' ><li class='ez-toc-heading-level-3'><a class=\"ez-toc-link ez-toc-heading-9\" href=\"https:\/\/dudasytextos.com\/causasde\/la-prision-preventiva-puede-abonarse-en-mas-de-una-causa\/#%C2%BFCual_es_la_duracion_maxima_de_la_prision_preventiva_en_Espana\" >\u00bfCu\u00e1l es la duraci\u00f3n m\u00e1xima de la prisi\u00f3n preventiva en Espa\u00f1a?<\/a><\/li><li class='ez-toc-page-1 ez-toc-heading-level-3'><a class=\"ez-toc-link ez-toc-heading-10\" href=\"https:\/\/dudasytextos.com\/causasde\/la-prision-preventiva-puede-abonarse-en-mas-de-una-causa\/#%C2%BFEn_que_casos_se_puede_aplicar_la_prision_preventiva\" >\u00bfEn qu\u00e9 casos se puede aplicar la prisi\u00f3n preventiva?<\/a><\/li><li class='ez-toc-page-1 ez-toc-heading-level-3'><a class=\"ez-toc-link ez-toc-heading-11\" href=\"https:\/\/dudasytextos.com\/causasde\/la-prision-preventiva-puede-abonarse-en-mas-de-una-causa\/#%C2%BFSe_puede_abonar_la_prision_preventiva_en_mas_de_una_causa\" >\u00bfSe puede abonar la prisi\u00f3n preventiva en m\u00e1s de una causa?<\/a><\/li><li class='ez-toc-page-1 ez-toc-heading-level-3'><a class=\"ez-toc-link ez-toc-heading-12\" href=\"https:\/\/dudasytextos.com\/causasde\/la-prision-preventiva-puede-abonarse-en-mas-de-una-causa\/#%C2%BFQue_implicaciones_tiene_abonar_la_prision_preventiva_en_mas_de_una_causa-2\" >\u00bfQu\u00e9 implicaciones tiene abonar la prisi\u00f3n preventiva en m\u00e1s de una causa?<\/a><\/li><li class='ez-toc-page-1 ez-toc-heading-level-3'><a class=\"ez-toc-link ez-toc-heading-13\" href=\"https:\/\/dudasytextos.com\/causasde\/la-prision-preventiva-puede-abonarse-en-mas-de-una-causa\/#%C2%BFEs_legal_abonar_la_prision_preventiva_en_mas_de_una_causa-2\" >\u00bfEs legal abonar la prisi\u00f3n preventiva en m\u00e1s de una causa?<\/a><\/li><\/ul><\/li><\/ul><\/nav><\/div>\n<h2><span class=\"ez-toc-section\" id=\"La_prision_preventiva_puede_abonarse_en_mas_de_una_causa\"><\/span>La prisi\u00f3n preventiva puede abonarse en m\u00e1s de una causa<span class=\"ez-toc-section-end\"><\/span><\/h2>\n<h2><span class=\"ez-toc-section\" id=\"%C2%BFQue_implica_esta_practica_en_Espana\"><\/span>\u00bfQu\u00e9 implica esta pr\u00e1ctica en Espa\u00f1a?<span class=\"ez-toc-section-end\"><\/span><\/h2>\n<section>\n<h2><span class=\"ez-toc-section\" id=\"Curiosidades_sobre_la_prision_preventiva_en_Espana\"><\/span>Curiosidades sobre la prisi\u00f3n preventiva en Espa\u00f1a<span class=\"ez-toc-section-end\"><\/span><\/h2>\n<ul>\n<li>La prisi\u00f3n preventiva se usa como medida cautelar para evitar la fuga de un acusado o la ocultaci\u00f3n o destrucci\u00f3n de pruebas.<\/li>\n<li>La duraci\u00f3n m\u00e1xima de la prisi\u00f3n preventiva es de dos a\u00f1os, aunque existe la posibilidad de prorrogarla en casos excepcionales.<\/li>\n<li>La prisi\u00f3n preventiva solo se puede aplicar en casos en los que la pena m\u00e1xima sea superior a dos a\u00f1os de c\u00e1rcel.<\/li>\n<li>La prisi\u00f3n preventiva solo se debe aplicar cuando no existan otras medidas menos restrictivas que puedan garantizar la comparecencia del acusado en el juicio o la seguridad de la sociedad.<\/li>\n<li>La prisi\u00f3n preventiva tambi\u00e9n puede ser abonada en casos en los que el acusado tenga otras causas pendientes.<\/li>\n<\/ul>\n<\/section>\n<section>\n<h2><span class=\"ez-toc-section\" id=\"%C2%BFQue_significa_abonar_la_prision_preventiva_en_mas_de_una_causa\"><\/span>\u00bfQu\u00e9 significa abonar la prisi\u00f3n preventiva en m\u00e1s de una causa?<span class=\"ez-toc-section-end\"><\/span><\/h2>\n<p>Abonar la prisi\u00f3n preventiva en m\u00e1s de una causa significa que el tiempo que un acusado pasa en prisi\u00f3n preventiva en una causa se le contabiliza tambi\u00e9n en otra causa distinta que pudiera tener pendiente.<\/p>\n<p>Por ejemplo, si un acusado est\u00e1 siendo investigado en dos causas distintas y en ambas se le aplica prisi\u00f3n preventiva, el tiempo que pase en prisi\u00f3n preventiva en una de ellas tambi\u00e9n se le contabilizar\u00e1 en la otra.<\/p>\n<p>Esta pr\u00e1ctica tiene implicaciones legales importantes, ya que puede afectar a la duraci\u00f3n m\u00e1xima de la prisi\u00f3n preventiva y al derecho a la libertad provisional.<\/p>\n<\/section>\n<section>\n<h2><span class=\"ez-toc-section\" id=\"%C2%BFEs_legal_abonar_la_prision_preventiva_en_mas_de_una_causa\"><\/span>\u00bfEs legal abonar la prisi\u00f3n preventiva en m\u00e1s de una causa?<span class=\"ez-toc-section-end\"><\/span><\/h2>\n<p>La legalidad de abonar la prisi\u00f3n preventiva en m\u00e1s de una causa ha sido objeto de controversia en Espa\u00f1a.<\/p>\n<p>Por un lado, hay quienes argumentan que esta pr\u00e1ctica viola el derecho a la libertad provisional y que solo se deber\u00eda contabilizar el tiempo de prisi\u00f3n preventiva en una causa concreta.<\/p>\n<p>Por otro lado, hay quienes defienden que abonar la prisi\u00f3n preventiva en m\u00e1s de una causa es una medida justa y necesaria para evitar que un acusado pueda eludir la acci\u00f3n de la justicia en otras causas pendientes.<\/p>\n<p>En cualquier caso, la jurisprudencia espa\u00f1ola ha sido ambigua en este punto y ha dictado sentencias a favor y en contra del abono de la prisi\u00f3n preventiva en m\u00e1s de una causa.<\/p>\n<\/section>\n<section>\n<h2><span class=\"ez-toc-section\" id=\"%C2%BFQue_implicaciones_tiene_abonar_la_prision_preventiva_en_mas_de_una_causa\"><\/span>\u00bfQu\u00e9 implicaciones tiene abonar la prisi\u00f3n preventiva en m\u00e1s de una causa?<span class=\"ez-toc-section-end\"><\/span><\/h2>\n<p>Abonar la prisi\u00f3n preventiva en m\u00e1s de una causa puede tener varias implicaciones legales:<\/p>\n<ul>\n<li>La duraci\u00f3n m\u00e1xima de la prisi\u00f3n preventiva puede verse afectada, ya que el tiempo que un acusado pasa en prisi\u00f3n preventiva en una causa se le contabiliza tambi\u00e9n en otra causa distinta que pudiera tener pendiente. Esto puede llevar a que la prisi\u00f3n preventiva se prolongue m\u00e1s all\u00e1 de lo que marca la ley.<\/li>\n<li>El derecho a la libertad provisional puede verse afectado, ya que el tiempo que un acusado pasa en prisi\u00f3n preventiva en una causa se le contabiliza tambi\u00e9n en otra causa distinta que pudiera tener pendiente. Esto puede llevar a que se le niegue la libertad provisional aunque haya cumplido el m\u00e1ximo de tiempo permitido por la ley.<\/li>\n<li>La presunci\u00f3n de inocencia puede verse afectada, ya que el tiempo que un acusado pasa en prisi\u00f3n preventiva en una causa se le contabiliza tambi\u00e9n en otra causa distinta que pudiera tener pendiente. Esto puede llevar a que se le considere culpable antes de que se haya demostrado su culpabilidad en todas las causas.<\/li>\n<\/ul>\n<\/section>\n<section>\n<h2><span class=\"ez-toc-section\" id=\"%C2%BFQue_opinion_tengo_sobre_el_abono_de_la_prision_preventiva_en_mas_de_una_causa\"><\/span>\u00bfQu\u00e9 opini\u00f3n tengo sobre el abono de la prisi\u00f3n preventiva en m\u00e1s de una causa?<span class=\"ez-toc-section-end\"><\/span><\/h2>\n<p>Personalmente, creo que abonar la prisi\u00f3n preventiva en m\u00e1s de una causa puede ser una medida necesaria en algunos casos para garantizar la seguridad de la sociedad y evitar que un acusado pueda eludir la acci\u00f3n de la justicia en otras causas pendientes.<\/p>\n<p>Sin embargo, tambi\u00e9n creo que esta pr\u00e1ctica debe llevarse a cabo con precauci\u00f3n y siempre respetando el derecho a la libertad provisional y la presunci\u00f3n de inocencia.<\/p>\n<p>Es importante que la jurisprudencia espa\u00f1ola clarifique esta cuesti\u00f3n y establezca criterios claros y precisos para el abono de la prisi\u00f3n preventiva en m\u00e1s de una causa.<\/p>\n<\/section>\n<section>\n<h2><span class=\"ez-toc-section\" id=\"Preguntas_frecuentes\"><\/span>Preguntas frecuentes<span class=\"ez-toc-section-end\"><\/span><\/h2>\n<h3><span class=\"ez-toc-section\" id=\"%C2%BFCual_es_la_duracion_maxima_de_la_prision_preventiva_en_Espana\"><\/span>\u00bfCu\u00e1l es la duraci\u00f3n m\u00e1xima de la prisi\u00f3n preventiva en Espa\u00f1a?<span class=\"ez-toc-section-end\"><\/span><\/h3>\n<p>La duraci\u00f3n m\u00e1xima de la prisi\u00f3n preventiva en Espa\u00f1a es de dos a\u00f1os, aunque existe la posibilidad de prorrogarla en casos excepcionales.<\/p>\n<h3><span class=\"ez-toc-section\" id=\"%C2%BFEn_que_casos_se_puede_aplicar_la_prision_preventiva\"><\/span>\u00bfEn qu\u00e9 casos se puede aplicar la prisi\u00f3n preventiva?<span class=\"ez-toc-section-end\"><\/span><\/h3>\n<p>La prisi\u00f3n preventiva se puede aplicar en casos en los que la pena m\u00e1xima sea superior a dos a\u00f1os de c\u00e1rcel y solo se debe aplicar cuando no existan otras medidas menos restrictivas que puedan garantizar la comparecencia del acusado en el juicio o la seguridad de la sociedad.<\/p>\n<h3><span class=\"ez-toc-section\" id=\"%C2%BFSe_puede_abonar_la_prision_preventiva_en_mas_de_una_causa\"><\/span>\u00bfSe puede abonar la prisi\u00f3n preventiva en m\u00e1s de una causa?<span class=\"ez-toc-section-end\"><\/span><\/h3>\n<p>S\u00ed, la prisi\u00f3n preventiva tambi\u00e9n puede ser abonada en casos en los que el acusado tenga otras causas pendientes.<\/p>\n<h3><span class=\"ez-toc-section\" id=\"%C2%BFQue_implicaciones_tiene_abonar_la_prision_preventiva_en_mas_de_una_causa-2\"><\/span>\u00bfQu\u00e9 implicaciones tiene abonar la prisi\u00f3n preventiva en m\u00e1s de una causa?<span class=\"ez-toc-section-end\"><\/span><\/h3>\n<p>Abonar la prisi\u00f3n preventiva en m\u00e1s de una causa puede afectar a la duraci\u00f3n m\u00e1xima de la prisi\u00f3n preventiva, al derecho a la libertad provisional y a la presunci\u00f3n de inocencia.<\/p>\n<h3><span class=\"ez-toc-section\" id=\"%C2%BFEs_legal_abonar_la_prision_preventiva_en_mas_de_una_causa-2\"><\/span>\u00bfEs legal abonar la prisi\u00f3n preventiva en m\u00e1s de una causa?<span class=\"ez-toc-section-end\"><\/span><\/h3>\n<p>La legalidad de abonar la prisi\u00f3n preventiva en m\u00e1s de una causa ha sido objeto de controversia en Espa\u00f1a y la jurisprudencia ha dictado sentencias a favor y en contra del abono de la prisi\u00f3n preventiva en m\u00e1s de una causa.<\/p>\n<\/section>\n<footer>\n<p>Art\u00edculo escrito por Ana Gonz\u00e1lez.<\/p>\n<\/footer>\n","protected":false},"excerpt":{"rendered":"<p>La prisi\u00f3n preventiva puede abonarse en m\u00e1s de una causa \u00bfQu\u00e9 implica esta pr\u00e1ctica en Espa\u00f1a? Curiosidades sobre la prisi\u00f3n preventiva en Espa\u00f1a La prisi\u00f3n preventiva se usa como medida cautelar para evitar la fuga de un acusado o la ocultaci\u00f3n o destrucci\u00f3n de pruebas. La duraci\u00f3n m\u00e1xima de la prisi\u00f3n preventiva es de dos &#8230; <a title=\"La prisi\u00f3n preventiva puede abonarse en m\u00e1s de una causa\" class=\"read-more\" href=\"https:\/\/dudasytextos.com\/causasde\/la-prision-preventiva-puede-abonarse-en-mas-de-una-causa\/\" aria-label=\"M\u00e1s en La prisi\u00f3n preventiva puede abonarse en m\u00e1s de una causa\">Leer m\u00e1s<\/a><\/p>\n","protected":false},"author":1,"featured_media":0,"comment_status":"open","ping_status":"open","sticky":false,"template":"","format":"standard","meta":{"footnotes":""},"categories":[4],"tags":[],"class_list":["post-160019","post","type-post","status-publish","format-standard","hentry","category-conoce-las-causas"],"aioseo_notices":[],"aioseo_head":"\n\t\t<!-- All in One SEO 5.0.1.1 - aioseo.com -->\n\t<meta name=\"description\" content=\"La prisi\u00f3n preventiva puede abonarse en m\u00e1s de una causa \u00bfQu\u00e9 implica esta pr\u00e1ctica en Espa\u00f1a? Curiosidades sobre la prisi\u00f3n preventiva en Espa\u00f1a La prisi\u00f3n preventiva se usa como medida cautelar para evitar la fuga de un acusado o la ocultaci\u00f3n o destrucci\u00f3n de pruebas. La duraci\u00f3n m\u00e1xima de la prisi\u00f3n preventiva es de dos\" \/>\n\t<meta name=\"robots\" content=\"max-snippet:-1, max-image-preview:large, max-video-preview:-1\" \/>\n\t<meta name=\"author\" content=\"Ana Gonz\u00e1lez\"\/>\n\t<link rel=\"canonical\" href=\"https:\/\/dudasytextos.com\/causasde\/la-prision-preventiva-puede-abonarse-en-mas-de-una-causa\/\" \/>\n\t<meta name=\"generator\" content=\"All in One SEO (AIOSEO) 5.0.1.1\" \/>\n\n\t\t<!-- Google tag (gtag.js) -->\n<script async src=\"https:\/\/www.googletagmanager.com\/gtag\/js?id=G-1RZBHH3Z7E\"><\/script>\n<script>\n  window.dataLayer = window.dataLayer || [];\n  function gtag(){dataLayer.push(arguments);}\n  gtag('js', new Date());\n\n  gtag('config', 'G-1RZBHH3Z7E');\n<\/script>\n<script async src=\"https:\/\/pagead2.googlesyndication.com\/pagead\/js\/adsbygoogle.js?client=ca-pub-3987500858204711\"\n     crossorigin=\"anonymous\"><\/script>\n\t\t<meta property=\"og:locale\" content=\"es_ES\" \/>\n\t\t<meta property=\"og:site_name\" content=\"Conoce las causas - Conoce las causas\" \/>\n\t\t<meta property=\"og:type\" content=\"article\" \/>\n\t\t<meta property=\"og:title\" content=\"La prisi\u00f3n preventiva puede abonarse en m\u00e1s de una causa (2026) Conoce las causas\" \/>\n\t\t<meta property=\"og:description\" content=\"La prisi\u00f3n preventiva puede abonarse en m\u00e1s de una causa \u00bfQu\u00e9 implica esta pr\u00e1ctica en Espa\u00f1a? Curiosidades sobre la prisi\u00f3n preventiva en Espa\u00f1a La prisi\u00f3n preventiva se usa como medida cautelar para evitar la fuga de un acusado o la ocultaci\u00f3n o destrucci\u00f3n de pruebas. La duraci\u00f3n m\u00e1xima de la prisi\u00f3n preventiva es de dos\" \/>\n\t\t<meta property=\"og:url\" content=\"https:\/\/dudasytextos.com\/causasde\/la-prision-preventiva-puede-abonarse-en-mas-de-una-causa\/\" \/>\n\t\t<meta property=\"article:published_time\" content=\"2025-03-05T15:56:53+00:00\" \/>\n\t\t<meta property=\"article:modified_time\" content=\"2025-03-13T08:45:34+00:00\" \/>\n\t\t<meta name=\"twitter:card\" content=\"summary_large_image\" \/>\n\t\t<meta name=\"twitter:title\" content=\"La prisi\u00f3n preventiva puede abonarse en m\u00e1s de una causa (2026) Conoce las causas\" \/>\n\t\t<meta name=\"twitter:description\" content=\"La prisi\u00f3n preventiva puede abonarse en m\u00e1s de una causa \u00bfQu\u00e9 implica esta pr\u00e1ctica en Espa\u00f1a? Curiosidades sobre la prisi\u00f3n preventiva en Espa\u00f1a La prisi\u00f3n preventiva se usa como medida cautelar para evitar la fuga de un acusado o la ocultaci\u00f3n o destrucci\u00f3n de pruebas. La duraci\u00f3n m\u00e1xima de la prisi\u00f3n preventiva es de dos\" \/>\n\t\t<script type=\"application\/ld+json\" class=\"aioseo-schema\">\n\t\t\t{\"@context\":\"https:\\\/\\\/schema.org\",\"@graph\":[{\"@type\":\"BlogPosting\",\"@id\":\"https:\\\/\\\/dudasytextos.com\\\/causasde\\\/la-prision-preventiva-puede-abonarse-en-mas-de-una-causa\\\/#blogposting\",\"name\":\"La prisi\\u00f3n preventiva puede abonarse en m\\u00e1s de una causa (2026) Conoce las causas\",\"headline\":\"La prisi\\u00f3n preventiva puede abonarse en m\\u00e1s de una causa\",\"author\":{\"@id\":\"https:\\\/\\\/dudasytextos.com\\\/causasde\\\/author\\\/admin44\\\/#author\"},\"publisher\":{\"@id\":\"https:\\\/\\\/dudasytextos.com\\\/causasde\\\/#organization\"},\"datePublished\":\"2025-03-05T15:56:53+00:00\",\"dateModified\":\"2025-03-13T08:45:34+00:00\",\"inLanguage\":\"es-ES\",\"mainEntityOfPage\":{\"@id\":\"https:\\\/\\\/dudasytextos.com\\\/causasde\\\/la-prision-preventiva-puede-abonarse-en-mas-de-una-causa\\\/#webpage\"},\"isPartOf\":{\"@id\":\"https:\\\/\\\/dudasytextos.com\\\/causasde\\\/la-prision-preventiva-puede-abonarse-en-mas-de-una-causa\\\/#webpage\"},\"articleSection\":\"Conoce las causas\"},{\"@type\":\"BreadcrumbList\",\"@id\":\"https:\\\/\\\/dudasytextos.com\\\/causasde\\\/la-prision-preventiva-puede-abonarse-en-mas-de-una-causa\\\/#breadcrumblist\",\"itemListElement\":[{\"@type\":\"ListItem\",\"@id\":\"https:\\\/\\\/dudasytextos.com\\\/causasde#listItem\",\"position\":1,\"name\":\"Inicio\",\"item\":\"https:\\\/\\\/dudasytextos.com\\\/causasde\",\"nextItem\":{\"@type\":\"ListItem\",\"@id\":\"https:\\\/\\\/dudasytextos.com\\\/causasde\\\/category\\\/conoce-las-causas\\\/#listItem\",\"name\":\"Conoce las causas\"}},{\"@type\":\"ListItem\",\"@id\":\"https:\\\/\\\/dudasytextos.com\\\/causasde\\\/category\\\/conoce-las-causas\\\/#listItem\",\"position\":2,\"name\":\"Conoce las causas\",\"item\":\"https:\\\/\\\/dudasytextos.com\\\/causasde\\\/category\\\/conoce-las-causas\\\/\",\"nextItem\":{\"@type\":\"ListItem\",\"@id\":\"https:\\\/\\\/dudasytextos.com\\\/causasde\\\/la-prision-preventiva-puede-abonarse-en-mas-de-una-causa\\\/#listItem\",\"name\":\"La prisi\\u00f3n preventiva puede abonarse en m\\u00e1s de una causa\"},\"previousItem\":{\"@type\":\"ListItem\",\"@id\":\"https:\\\/\\\/dudasytextos.com\\\/causasde#listItem\",\"name\":\"Inicio\"}},{\"@type\":\"ListItem\",\"@id\":\"https:\\\/\\\/dudasytextos.com\\\/causasde\\\/la-prision-preventiva-puede-abonarse-en-mas-de-una-causa\\\/#listItem\",\"position\":3,\"name\":\"La prisi\\u00f3n preventiva puede abonarse en m\\u00e1s de una causa\",\"previousItem\":{\"@type\":\"ListItem\",\"@id\":\"https:\\\/\\\/dudasytextos.com\\\/causasde\\\/category\\\/conoce-las-causas\\\/#listItem\",\"name\":\"Conoce las causas\"}}]},{\"@type\":\"Organization\",\"@id\":\"https:\\\/\\\/dudasytextos.com\\\/causasde\\\/#organization\",\"name\":\"\\u00bfC\\u00f3mo funciona?\",\"description\":\"Conoce las causas\",\"url\":\"https:\\\/\\\/dudasytextos.com\\\/causasde\\\/\"},{\"@type\":\"Person\",\"@id\":\"https:\\\/\\\/dudasytextos.com\\\/causasde\\\/author\\\/admin44\\\/#author\",\"url\":\"https:\\\/\\\/dudasytextos.com\\\/causasde\\\/author\\\/admin44\\\/\",\"name\":\"Ana Gonz\\u00e1lez\"},{\"@type\":\"WebPage\",\"@id\":\"https:\\\/\\\/dudasytextos.com\\\/causasde\\\/la-prision-preventiva-puede-abonarse-en-mas-de-una-causa\\\/#webpage\",\"url\":\"https:\\\/\\\/dudasytextos.com\\\/causasde\\\/la-prision-preventiva-puede-abonarse-en-mas-de-una-causa\\\/\",\"name\":\"La prisi\\u00f3n preventiva puede abonarse en m\\u00e1s de una causa (2026) Conoce las causas\",\"description\":\"La prisi\\u00f3n preventiva puede abonarse en m\\u00e1s de una causa \\u00bfQu\\u00e9 implica esta pr\\u00e1ctica en Espa\\u00f1a? Curiosidades sobre la prisi\\u00f3n preventiva en Espa\\u00f1a La prisi\\u00f3n preventiva se usa como medida cautelar para evitar la fuga de un acusado o la ocultaci\\u00f3n o destrucci\\u00f3n de pruebas. La duraci\\u00f3n m\\u00e1xima de la prisi\\u00f3n preventiva es de dos\",\"inLanguage\":\"es-ES\",\"isPartOf\":{\"@id\":\"https:\\\/\\\/dudasytextos.com\\\/causasde\\\/#website\"},\"breadcrumb\":{\"@id\":\"https:\\\/\\\/dudasytextos.com\\\/causasde\\\/la-prision-preventiva-puede-abonarse-en-mas-de-una-causa\\\/#breadcrumblist\"},\"author\":{\"@id\":\"https:\\\/\\\/dudasytextos.com\\\/causasde\\\/author\\\/admin44\\\/#author\"},\"creator\":{\"@id\":\"https:\\\/\\\/dudasytextos.com\\\/causasde\\\/author\\\/admin44\\\/#author\"},\"datePublished\":\"2025-03-05T15:56:53+00:00\",\"dateModified\":\"2025-03-13T08:45:34+00:00\"},{\"@type\":\"WebSite\",\"@id\":\"https:\\\/\\\/dudasytextos.com\\\/causasde\\\/#website\",\"url\":\"https:\\\/\\\/dudasytextos.com\\\/causasde\\\/\",\"name\":\"\\u00bfC\\u00f3mo funciona?\",\"description\":\"Conoce las causas\",\"inLanguage\":\"es-ES\",\"publisher\":{\"@id\":\"https:\\\/\\\/dudasytextos.com\\\/causasde\\\/#organization\"}}]}\n\t\t<\/script>\n\t\t<!-- All in One SEO -->\n\n","aioseo_head_json":{"title":"La prisi\u00f3n preventiva puede abonarse en m\u00e1s de una causa (2026) Conoce las causas","description":"La prisi\u00f3n preventiva puede abonarse en m\u00e1s de una causa \u00bfQu\u00e9 implica esta pr\u00e1ctica en Espa\u00f1a? Curiosidades sobre la prisi\u00f3n preventiva en Espa\u00f1a La prisi\u00f3n preventiva se usa como medida cautelar para evitar la fuga de un acusado o la ocultaci\u00f3n o destrucci\u00f3n de pruebas. La duraci\u00f3n m\u00e1xima de la prisi\u00f3n preventiva es de dos","canonical_url":"https:\/\/dudasytextos.com\/causasde\/la-prision-preventiva-puede-abonarse-en-mas-de-una-causa\/","robots":"max-snippet:-1, max-image-preview:large, max-video-preview:-1","keywords":"","webmasterTools":{"miscellaneous":"&lt;!-- Google tag (gtag.js) --&gt;\n&lt;script async src=\"https:\/\/www.googletagmanager.com\/gtag\/js?id=G-1RZBHH3Z7E\"&gt;&lt;\/script&gt;\n&lt;script&gt;\n  window.dataLayer = window.dataLayer || [];\n  function gtag(){dataLayer.push(arguments);}\n  gtag('js', new Date());\n\n  gtag('config', 'G-1RZBHH3Z7E');\n&lt;\/script&gt;\n&lt;script async src=\"https:\/\/pagead2.googlesyndication.com\/pagead\/js\/adsbygoogle.js?client=ca-pub-3987500858204711\"\n     crossorigin=\"anonymous\"&gt;&lt;\/script&gt;"},"schema":{"@context":"https:\/\/schema.org","@graph":[{"@type":"BlogPosting","@id":"https:\/\/dudasytextos.com\/causasde\/la-prision-preventiva-puede-abonarse-en-mas-de-una-causa\/#blogposting","name":"La prisi\u00f3n preventiva puede abonarse en m\u00e1s de una causa (2026) Conoce las causas","headline":"La prisi\u00f3n preventiva puede abonarse en m\u00e1s de una causa","author":{"@id":"https:\/\/dudasytextos.com\/causasde\/author\/admin44\/#author"},"publisher":{"@id":"https:\/\/dudasytextos.com\/causasde\/#organization"},"datePublished":"2025-03-05T15:56:53+00:00","dateModified":"2025-03-13T08:45:34+00:00","inLanguage":"es-ES","mainEntityOfPage":{"@id":"https:\/\/dudasytextos.com\/causasde\/la-prision-preventiva-puede-abonarse-en-mas-de-una-causa\/#webpage"},"isPartOf":{"@id":"https:\/\/dudasytextos.com\/causasde\/la-prision-preventiva-puede-abonarse-en-mas-de-una-causa\/#webpage"},"articleSection":"Conoce las causas"},{"@type":"BreadcrumbList","@id":"https:\/\/dudasytextos.com\/causasde\/la-prision-preventiva-puede-abonarse-en-mas-de-una-causa\/#breadcrumblist","itemListElement":[{"@type":"ListItem","@id":"https:\/\/dudasytextos.com\/causasde#listItem","position":1,"name":"Inicio","item":"https:\/\/dudasytextos.com\/causasde","nextItem":{"@type":"ListItem","@id":"https:\/\/dudasytextos.com\/causasde\/category\/conoce-las-causas\/#listItem","name":"Conoce las causas"}},{"@type":"ListItem","@id":"https:\/\/dudasytextos.com\/causasde\/category\/conoce-las-causas\/#listItem","position":2,"name":"Conoce las causas","item":"https:\/\/dudasytextos.com\/causasde\/category\/conoce-las-causas\/","nextItem":{"@type":"ListItem","@id":"https:\/\/dudasytextos.com\/causasde\/la-prision-preventiva-puede-abonarse-en-mas-de-una-causa\/#listItem","name":"La prisi\u00f3n preventiva puede abonarse en m\u00e1s de una causa"},"previousItem":{"@type":"ListItem","@id":"https:\/\/dudasytextos.com\/causasde#listItem","name":"Inicio"}},{"@type":"ListItem","@id":"https:\/\/dudasytextos.com\/causasde\/la-prision-preventiva-puede-abonarse-en-mas-de-una-causa\/#listItem","position":3,"name":"La prisi\u00f3n preventiva puede abonarse en m\u00e1s de una causa","previousItem":{"@type":"ListItem","@id":"https:\/\/dudasytextos.com\/causasde\/category\/conoce-las-causas\/#listItem","name":"Conoce las causas"}}]},{"@type":"Organization","@id":"https:\/\/dudasytextos.com\/causasde\/#organization","name":"\u00bfC\u00f3mo funciona?","description":"Conoce las causas","url":"https:\/\/dudasytextos.com\/causasde\/"},{"@type":"Person","@id":"https:\/\/dudasytextos.com\/causasde\/author\/admin44\/#author","url":"https:\/\/dudasytextos.com\/causasde\/author\/admin44\/","name":"Ana Gonz\u00e1lez"},{"@type":"WebPage","@id":"https:\/\/dudasytextos.com\/causasde\/la-prision-preventiva-puede-abonarse-en-mas-de-una-causa\/#webpage","url":"https:\/\/dudasytextos.com\/causasde\/la-prision-preventiva-puede-abonarse-en-mas-de-una-causa\/","name":"La prisi\u00f3n preventiva puede abonarse en m\u00e1s de una causa (2026) Conoce las causas","description":"La prisi\u00f3n preventiva puede abonarse en m\u00e1s de una causa \u00bfQu\u00e9 implica esta pr\u00e1ctica en Espa\u00f1a? Curiosidades sobre la prisi\u00f3n preventiva en Espa\u00f1a La prisi\u00f3n preventiva se usa como medida cautelar para evitar la fuga de un acusado o la ocultaci\u00f3n o destrucci\u00f3n de pruebas. La duraci\u00f3n m\u00e1xima de la prisi\u00f3n preventiva es de dos","inLanguage":"es-ES","isPartOf":{"@id":"https:\/\/dudasytextos.com\/causasde\/#website"},"breadcrumb":{"@id":"https:\/\/dudasytextos.com\/causasde\/la-prision-preventiva-puede-abonarse-en-mas-de-una-causa\/#breadcrumblist"},"author":{"@id":"https:\/\/dudasytextos.com\/causasde\/author\/admin44\/#author"},"creator":{"@id":"https:\/\/dudasytextos.com\/causasde\/author\/admin44\/#author"},"datePublished":"2025-03-05T15:56:53+00:00","dateModified":"2025-03-13T08:45:34+00:00"},{"@type":"WebSite","@id":"https:\/\/dudasytextos.com\/causasde\/#website","url":"https:\/\/dudasytextos.com\/causasde\/","name":"\u00bfC\u00f3mo funciona?","description":"Conoce las causas","inLanguage":"es-ES","publisher":{"@id":"https:\/\/dudasytextos.com\/causasde\/#organization"}}]},"og:locale":"es_ES","og:site_name":"Conoce las causas - Conoce las causas","og:type":"article","og:title":"La prisi\u00f3n preventiva puede abonarse en m\u00e1s de una causa (2026) Conoce las causas","og:description":"La prisi\u00f3n preventiva puede abonarse en m\u00e1s de una causa \u00bfQu\u00e9 implica esta pr\u00e1ctica en Espa\u00f1a? Curiosidades sobre la prisi\u00f3n preventiva en Espa\u00f1a La prisi\u00f3n preventiva se usa como medida cautelar para evitar la fuga de un acusado o la ocultaci\u00f3n o destrucci\u00f3n de pruebas. La duraci\u00f3n m\u00e1xima de la prisi\u00f3n preventiva es de dos","og:url":"https:\/\/dudasytextos.com\/causasde\/la-prision-preventiva-puede-abonarse-en-mas-de-una-causa\/","article:published_time":"2025-03-05T15:56:53+00:00","article:modified_time":"2025-03-13T08:45:34+00:00","twitter:card":"summary_large_image","twitter:title":"La prisi\u00f3n preventiva puede abonarse en m\u00e1s de una causa (2026) Conoce las causas","twitter:description":"La prisi\u00f3n preventiva puede abonarse en m\u00e1s de una causa \u00bfQu\u00e9 implica esta pr\u00e1ctica en Espa\u00f1a? Curiosidades sobre la prisi\u00f3n preventiva en Espa\u00f1a La prisi\u00f3n preventiva se usa como medida cautelar para evitar la fuga de un acusado o la ocultaci\u00f3n o destrucci\u00f3n de pruebas. La duraci\u00f3n m\u00e1xima de la prisi\u00f3n preventiva es de dos"},"aioseo_meta_data":{"post_id":"160019","title":null,"description":null,"keywords":null,"keyphrases":null,"primary_term":null,"canonical_url":null,"og_title":null,"og_description":null,"og_object_type":"default","og_image_type":"default","og_image_url":null,"og_image_width":null,"og_image_height":null,"og_image_custom_url":null,"og_image_custom_fields":null,"og_video":null,"og_custom_url":null,"og_article_section":null,"og_article_tags":null,"twitter_use_og":false,"twitter_card":"default","twitter_image_type":"default","twitter_image_url":null,"twitter_image_custom_url":null,"twitter_image_custom_fields":null,"twitter_title":null,"twitter_description":null,"schema":{"blockGraphs":[],"customGraphs":[],"default":{"data":{"Article":[],"Course":[],"Dataset":[],"FAQPage":[],"Movie":[],"Person":[],"Product":[],"ProductReview":[],"Car":[],"Recipe":[],"Service":[],"SoftwareApplication":[],"WebPage":[]},"graphName":"","isEnabled":true},"graphs":[]},"schema_type":"default","schema_type_options":null,"pillar_content":false,"robots_default":true,"robots_noindex":false,"robots_noarchive":false,"robots_nosnippet":false,"robots_nofollow":false,"robots_noimageindex":false,"robots_noodp":false,"robots_notranslate":false,"robots_max_snippet":null,"robots_max_videopreview":null,"robots_max_imagepreview":"large","priority":null,"frequency":null,"local_seo":null,"breadcrumb_settings":null,"limit_modified_date":false,"ai":null,"created":"2023-05-13 05:36:37","updated":"2025-06-04 10:39:05","seo_analyzer_scan_date":null,"focus_keyword":null,"additional_keywords":null,"truseo_locale":null},"aioseo_breadcrumb":"<div class=\"aioseo-breadcrumbs\"><span class=\"aioseo-breadcrumb\">\n\t\t\t<a href=\"https:\/\/dudasytextos.com\/causasde\" title=\"Inicio\">Inicio<\/a>\n\t\t<\/span><span class=\"aioseo-breadcrumb-separator\">&raquo;<\/span><span class=\"aioseo-breadcrumb\">\n\t\t\t<a href=\"https:\/\/dudasytextos.com\/causasde\/category\/conoce-las-causas\/\" title=\"Conoce las causas\">Conoce las causas<\/a>\n\t\t<\/span><span class=\"aioseo-breadcrumb-separator\">&raquo;<\/span><span class=\"aioseo-breadcrumb\">\n\t\t\tLa prisi\u00f3n preventiva puede abonarse en m\u00e1s de una causa\n\t\t<\/span><\/div>","aioseo_breadcrumb_json":[{"label":"Inicio","link":"https:\/\/dudasytextos.com\/causasde"},{"label":"Conoce las causas","link":"https:\/\/dudasytextos.com\/causasde\/category\/conoce-las-causas\/"},{"label":"La prisi\u00f3n preventiva puede abonarse en m\u00e1s de una causa","link":"https:\/\/dudasytextos.com\/causasde\/la-prision-preventiva-puede-abonarse-en-mas-de-una-causa\/"}],"_links":{"self":[{"href":"https:\/\/dudasytextos.com\/causasde\/wp-json\/wp\/v2\/posts\/160019","targetHints":{"allow":["GET"]}}],"collection":[{"href":"https:\/\/dudasytextos.com\/causasde\/wp-json\/wp\/v2\/posts"}],"about":[{"href":"https:\/\/dudasytextos.com\/causasde\/wp-json\/wp\/v2\/types\/post"}],"author":[{"embeddable":true,"href":"https:\/\/dudasytextos.com\/causasde\/wp-json\/wp\/v2\/users\/1"}],"replies":[{"embeddable":true,"href":"https:\/\/dudasytextos.com\/causasde\/wp-json\/wp\/v2\/comments?post=160019"}],"version-history":[{"count":1,"href":"https:\/\/dudasytextos.com\/causasde\/wp-json\/wp\/v2\/posts\/160019\/revisions"}],"predecessor-version":[{"id":168560,"href":"https:\/\/dudasytextos.com\/causasde\/wp-json\/wp\/v2\/posts\/160019\/revisions\/168560"}],"wp:attachment":[{"href":"https:\/\/dudasytextos.com\/causasde\/wp-json\/wp\/v2\/media?parent=160019"}],"wp:term":[{"taxonomy":"category","embeddable":true,"href":"https:\/\/dudasytextos.com\/causasde\/wp-json\/wp\/v2\/categories?post=160019"},{"taxonomy":"post_tag","embeddable":true,"href":"https:\/\/dudasytextos.com\/causasde\/wp-json\/wp\/v2\/tags?post=160019"}],"curies":[{"name":"wp","href":"https:\/\/api.w.org\/{rel}","templated":true}]}}