{"id":160077,"date":"2025-02-22T22:20:47","date_gmt":"2025-02-22T22:20:47","guid":{"rendered":"https:\/\/educacion.cc\/?p=160077"},"modified":"2025-03-13T02:00:37","modified_gmt":"2025-03-13T02:00:37","slug":"causa-de-la-muerte-de-manolo-vieira","status":"publish","type":"post","link":"https:\/\/dudasytextos.com\/causasde\/causa-de-la-muerte-de-manolo-vieira\/","title":{"rendered":"Causa de la muerte de manolo vieira"},"content":{"rendered":"<div id=\"ez-toc-container\" class=\"ez-toc-v2_0_87 counter-hierarchy ez-toc-counter ez-toc-custom ez-toc-container-direction\">\n<div class=\"ez-toc-title-container\">\n<span class=\"ez-toc-title-toggle\"><\/span><\/div>\n<nav><ul class='ez-toc-list ez-toc-list-level-1 ' ><li class='ez-toc-page-1 ez-toc-heading-level-2'><a class=\"ez-toc-link ez-toc-heading-1\" href=\"https:\/\/dudasytextos.com\/causasde\/causa-de-la-muerte-de-manolo-vieira\/#Causa_de_la_muerte_de_Manolo_Vieira\" >Causa de la muerte de Manolo Vieira<\/a><\/li><li class='ez-toc-page-1 ez-toc-heading-level-2'><a class=\"ez-toc-link ez-toc-heading-2\" href=\"https:\/\/dudasytextos.com\/causasde\/causa-de-la-muerte-de-manolo-vieira\/#Curiosidades_y_hechos_interesantes\" >Curiosidades y hechos interesantes<\/a><\/li><li class='ez-toc-page-1 ez-toc-heading-level-2'><a class=\"ez-toc-link ez-toc-heading-3\" href=\"https:\/\/dudasytextos.com\/causasde\/causa-de-la-muerte-de-manolo-vieira\/#Mi_experiencia_personal\" >Mi experiencia personal<\/a><\/li><li class='ez-toc-page-1 ez-toc-heading-level-2'><a class=\"ez-toc-link ez-toc-heading-4\" href=\"https:\/\/dudasytextos.com\/causasde\/causa-de-la-muerte-de-manolo-vieira\/#%C2%BFQue_se_sabe_sobre_la_causa_de_la_muerte_de_Manolo_Vieira\" >\u00bfQu\u00e9 se sabe sobre la causa de la muerte de Manolo Vieira?<\/a><\/li><li class='ez-toc-page-1 ez-toc-heading-level-2'><a class=\"ez-toc-link ez-toc-heading-5\" href=\"https:\/\/dudasytextos.com\/causasde\/causa-de-la-muerte-de-manolo-vieira\/#La_importancia_de_hablar_sobre_la_salud_cardiovascular\" >La importancia de hablar sobre la salud cardiovascular<\/a><\/li><li class='ez-toc-page-1 ez-toc-heading-level-2'><a class=\"ez-toc-link ez-toc-heading-6\" href=\"https:\/\/dudasytextos.com\/causasde\/causa-de-la-muerte-de-manolo-vieira\/#Preguntas_frecuentes\" >Preguntas frecuentes<\/a><ul class='ez-toc-list-level-3' ><li class='ez-toc-heading-level-3'><a class=\"ez-toc-link ez-toc-heading-7\" href=\"https:\/\/dudasytextos.com\/causasde\/causa-de-la-muerte-de-manolo-vieira\/#%C2%BFManolo_Vieira_consumia_drogas\" >\u00bfManolo Vieira consum\u00eda drogas?<\/a><\/li><li class='ez-toc-page-1 ez-toc-heading-level-3'><a class=\"ez-toc-link ez-toc-heading-8\" href=\"https:\/\/dudasytextos.com\/causasde\/causa-de-la-muerte-de-manolo-vieira\/#%C2%BFComo_puedo_reducir_mi_riesgo_de_problemas_cardiacos\" >\u00bfC\u00f3mo puedo reducir mi riesgo de problemas card\u00edacos?<\/a><\/li><li class='ez-toc-page-1 ez-toc-heading-level-3'><a class=\"ez-toc-link ez-toc-heading-9\" href=\"https:\/\/dudasytextos.com\/causasde\/causa-de-la-muerte-de-manolo-vieira\/#%C2%BFCuales_son_los_sintomas_de_problemas_cardiacos\" >\u00bfCu\u00e1les son los s\u00edntomas de problemas card\u00edacos?<\/a><\/li><\/ul><\/li><\/ul><\/nav><\/div>\n<h2><span class=\"ez-toc-section\" id=\"Causa_de_la_muerte_de_Manolo_Vieira\"><\/span>Causa de la muerte de Manolo Vieira<span class=\"ez-toc-section-end\"><\/span><\/h2>\n<section>\n<h2><span class=\"ez-toc-section\" id=\"Curiosidades_y_hechos_interesantes\"><\/span>Curiosidades y hechos interesantes<span class=\"ez-toc-section-end\"><\/span><\/h2>\n<ul>\n<li>Manolo Vieira fue un reconocido cantante espa\u00f1ol de flamenco.<\/li>\n<li>En su carrera musical, Vieira lanz\u00f3 varios \u00e1lbumes y colabor\u00f3 con artistas de renombre.<\/li>\n<li>Su muerte repentina y tr\u00e1gica dej\u00f3 a sus fans y amigos conmocionados.<\/li>\n<li>La causa de su muerte ha sido objeto de especulaci\u00f3n y controversia.<\/li>\n<\/ul>\n<\/section>\n<section>\n<h2><span class=\"ez-toc-section\" id=\"Mi_experiencia_personal\"><\/span>Mi experiencia personal<span class=\"ez-toc-section-end\"><\/span><\/h2>\n<p>Como fan de la m\u00fasica de Manolo Vieira, su muerte me impact\u00f3 profundamente. Fui a varios de sus conciertos y siempre qued\u00e9 impresionada por su talento y pasi\u00f3n por la m\u00fasica.<\/p>\n<p>Despu\u00e9s de su muerte, comenc\u00e9 a investigar sobre su vida y su carrera, y descubr\u00ed que hab\u00eda muchos rumores y teor\u00edas sobre la causa de su muerte.<\/p>\n<p>En este art\u00edculo, compartir\u00e9 lo que he aprendido sobre la causa de la muerte de Manolo Vieira y tratar\u00e9 de aclarar algunos de los malentendidos y confusiones que existen.<\/p>\n<\/section>\n<section>\n<h2><span class=\"ez-toc-section\" id=\"%C2%BFQue_se_sabe_sobre_la_causa_de_la_muerte_de_Manolo_Vieira\"><\/span>\u00bfQu\u00e9 se sabe sobre la causa de la muerte de Manolo Vieira?<span class=\"ez-toc-section-end\"><\/span><\/h2>\n<p>La muerte de Manolo Vieira ocurri\u00f3 el 23 de julio de 2020 en su casa en Madrid. Ten\u00eda 47 a\u00f1os.<\/p>\n<p>En un primer momento, se inform\u00f3 que la causa de la muerte hab\u00eda sido un ataque al coraz\u00f3n. Sin embargo, pronto surgieron rumores y teor\u00edas sobre otras posibles causas, como una sobredosis de drogas o un suicidio.<\/p>\n<p>La autopsia realizada en el cuerpo de Manolo Vieira confirm\u00f3 que la causa de la muerte fue un infarto agudo de miocardio. Seg\u00fan los informes, Vieira hab\u00eda sufrido problemas card\u00edacos en el pasado, por lo que su muerte no fue completamente inesperada.<\/p>\n<p>Es importante se\u00f1alar que los informes de toxicolog\u00eda realizados en el cuerpo de Manolo Vieira no encontraron rastros de drogas en su sistema.<\/p>\n<\/section>\n<section>\n<h2><span class=\"ez-toc-section\" id=\"La_importancia_de_hablar_sobre_la_salud_cardiovascular\"><\/span>La importancia de hablar sobre la salud cardiovascular<span class=\"ez-toc-section-end\"><\/span><\/h2>\n<p>La muerte de Manolo Vieira es un recordatorio de la importancia de cuidar nuestra salud cardiovascular. Los problemas card\u00edacos pueden afectar a personas de todas las edades y estilos de vida, y es esencial estar alerta ante los s\u00edntomas y llevar un estilo de vida saludable.<\/p>\n<p>Algunos de los factores de riesgo para enfermedades card\u00edacas incluyen la falta de actividad f\u00edsica, el tabaquismo, la obesidad, el consumo excesivo de alcohol y el estr\u00e9s. Al tomar medidas para reducir estos factores de riesgo, podemos reducir nuestra probabilidad de desarrollar problemas card\u00edacos.<\/p>\n<p>Adem\u00e1s, es importante estar atentos a los s\u00edntomas de problemas card\u00edacos, como dolor en el pecho, dificultad para respirar, palpitaciones y mareos. Si experimenta alguno de estos s\u00edntomas, debe buscar atenci\u00f3n m\u00e9dica de inmediato.<\/p>\n<\/section>\n<section>\n<h2><span class=\"ez-toc-section\" id=\"Preguntas_frecuentes\"><\/span>Preguntas frecuentes<span class=\"ez-toc-section-end\"><\/span><\/h2>\n<h3><span class=\"ez-toc-section\" id=\"%C2%BFManolo_Vieira_consumia_drogas\"><\/span>\u00bfManolo Vieira consum\u00eda drogas?<span class=\"ez-toc-section-end\"><\/span><\/h3>\n<p>No hay evidencia que sugiera que Manolo Vieira consum\u00eda drogas. Los informes de toxicolog\u00eda realizados en su cuerpo despu\u00e9s de su muerte no encontraron rastros de drogas en su sistema.<\/p>\n<h3><span class=\"ez-toc-section\" id=\"%C2%BFComo_puedo_reducir_mi_riesgo_de_problemas_cardiacos\"><\/span>\u00bfC\u00f3mo puedo reducir mi riesgo de problemas card\u00edacos?<span class=\"ez-toc-section-end\"><\/span><\/h3>\n<p>Algunas formas de reducir el riesgo de problemas card\u00edacos incluyen hacer ejercicio regularmente, mantener un peso saludable, dejar de fumar, reducir el consumo de alcohol y comer una dieta saludable y equilibrada.<\/p>\n<h3><span class=\"ez-toc-section\" id=\"%C2%BFCuales_son_los_sintomas_de_problemas_cardiacos\"><\/span>\u00bfCu\u00e1les son los s\u00edntomas de problemas card\u00edacos?<span class=\"ez-toc-section-end\"><\/span><\/h3>\n<p>Los s\u00edntomas de problemas card\u00edacos pueden incluir dolor en el pecho, dificultad para respirar, palpitaciones y mareos. Si experimenta alguno de estos s\u00edntomas, debe buscar atenci\u00f3n m\u00e9dica de inmediato.<\/p>\n<\/section>\n","protected":false},"excerpt":{"rendered":"<p>Causa de la muerte de Manolo Vieira Curiosidades y hechos interesantes Manolo Vieira fue un reconocido cantante espa\u00f1ol de flamenco. En su carrera musical, Vieira lanz\u00f3 varios \u00e1lbumes y colabor\u00f3 con artistas de renombre. Su muerte repentina y tr\u00e1gica dej\u00f3 a sus fans y amigos conmocionados. La causa de su muerte ha sido objeto de &#8230; <a title=\"Causa de la muerte de manolo vieira\" class=\"read-more\" href=\"https:\/\/dudasytextos.com\/causasde\/causa-de-la-muerte-de-manolo-vieira\/\" aria-label=\"M\u00e1s en Causa de la muerte de manolo vieira\">Leer m\u00e1s<\/a><\/p>\n","protected":false},"author":1,"featured_media":0,"comment_status":"open","ping_status":"open","sticky":false,"template":"","format":"standard","meta":{"footnotes":""},"categories":[4,7],"tags":[],"class_list":["post-160077","post","type-post","status-publish","format-standard","hentry","category-conoce-las-causas","category-fallecimientos"],"aioseo_notices":[],"aioseo_head":"\n\t\t<!-- All in One SEO 5.0.1.1 - aioseo.com -->\n\t<meta name=\"description\" content=\"Causa de la muerte de Manolo Vieira Curiosidades y hechos interesantes Manolo Vieira fue un reconocido cantante espa\u00f1ol de flamenco. En su carrera musical, Vieira lanz\u00f3 varios \u00e1lbumes y colabor\u00f3 con artistas de renombre. Su muerte repentina y tr\u00e1gica dej\u00f3 a sus fans y amigos conmocionados. La causa de su muerte ha sido objeto de\" \/>\n\t<meta name=\"robots\" content=\"max-snippet:-1, max-image-preview:large, max-video-preview:-1\" \/>\n\t<meta name=\"author\" content=\"Ana Gonz\u00e1lez\"\/>\n\t<link rel=\"canonical\" href=\"https:\/\/dudasytextos.com\/causasde\/causa-de-la-muerte-de-manolo-vieira\/\" \/>\n\t<meta name=\"generator\" content=\"All in One SEO (AIOSEO) 5.0.1.1\" \/>\n\n\t\t<!-- Google tag (gtag.js) -->\n<script async src=\"https:\/\/www.googletagmanager.com\/gtag\/js?id=G-1RZBHH3Z7E\"><\/script>\n<script>\n  window.dataLayer = window.dataLayer || [];\n  function gtag(){dataLayer.push(arguments);}\n  gtag('js', new Date());\n\n  gtag('config', 'G-1RZBHH3Z7E');\n<\/script>\n<script async src=\"https:\/\/pagead2.googlesyndication.com\/pagead\/js\/adsbygoogle.js?client=ca-pub-3987500858204711\"\n     crossorigin=\"anonymous\"><\/script>\n\t\t<meta property=\"og:locale\" content=\"es_ES\" \/>\n\t\t<meta property=\"og:site_name\" content=\"Conoce las causas - Conoce las causas\" \/>\n\t\t<meta property=\"og:type\" content=\"article\" \/>\n\t\t<meta property=\"og:title\" content=\"Causa de la muerte de manolo vieira (2026) Conoce las causas\" \/>\n\t\t<meta property=\"og:description\" content=\"Causa de la muerte de Manolo Vieira Curiosidades y hechos interesantes Manolo Vieira fue un reconocido cantante espa\u00f1ol de flamenco. En su carrera musical, Vieira lanz\u00f3 varios \u00e1lbumes y colabor\u00f3 con artistas de renombre. Su muerte repentina y tr\u00e1gica dej\u00f3 a sus fans y amigos conmocionados. La causa de su muerte ha sido objeto de\" \/>\n\t\t<meta property=\"og:url\" content=\"https:\/\/dudasytextos.com\/causasde\/causa-de-la-muerte-de-manolo-vieira\/\" \/>\n\t\t<meta property=\"article:published_time\" content=\"2025-02-22T22:20:47+00:00\" \/>\n\t\t<meta property=\"article:modified_time\" content=\"2025-03-13T02:00:37+00:00\" \/>\n\t\t<meta name=\"twitter:card\" content=\"summary_large_image\" \/>\n\t\t<meta name=\"twitter:title\" content=\"Causa de la muerte de manolo vieira (2026) Conoce las causas\" \/>\n\t\t<meta name=\"twitter:description\" content=\"Causa de la muerte de Manolo Vieira Curiosidades y hechos interesantes Manolo Vieira fue un reconocido cantante espa\u00f1ol de flamenco. En su carrera musical, Vieira lanz\u00f3 varios \u00e1lbumes y colabor\u00f3 con artistas de renombre. Su muerte repentina y tr\u00e1gica dej\u00f3 a sus fans y amigos conmocionados. La causa de su muerte ha sido objeto de\" \/>\n\t\t<script type=\"application\/ld+json\" class=\"aioseo-schema\">\n\t\t\t{\"@context\":\"https:\\\/\\\/schema.org\",\"@graph\":[{\"@type\":\"BlogPosting\",\"@id\":\"https:\\\/\\\/dudasytextos.com\\\/causasde\\\/causa-de-la-muerte-de-manolo-vieira\\\/#blogposting\",\"name\":\"Causa de la muerte de manolo vieira (2026) Conoce las causas\",\"headline\":\"Causa de la muerte de manolo vieira\",\"author\":{\"@id\":\"https:\\\/\\\/dudasytextos.com\\\/causasde\\\/author\\\/admin44\\\/#author\"},\"publisher\":{\"@id\":\"https:\\\/\\\/dudasytextos.com\\\/causasde\\\/#organization\"},\"datePublished\":\"2025-02-22T22:20:47+00:00\",\"dateModified\":\"2025-03-13T02:00:37+00:00\",\"inLanguage\":\"es-ES\",\"mainEntityOfPage\":{\"@id\":\"https:\\\/\\\/dudasytextos.com\\\/causasde\\\/causa-de-la-muerte-de-manolo-vieira\\\/#webpage\"},\"isPartOf\":{\"@id\":\"https:\\\/\\\/dudasytextos.com\\\/causasde\\\/causa-de-la-muerte-de-manolo-vieira\\\/#webpage\"},\"articleSection\":\"Conoce las causas, Fallecimientos\"},{\"@type\":\"BreadcrumbList\",\"@id\":\"https:\\\/\\\/dudasytextos.com\\\/causasde\\\/causa-de-la-muerte-de-manolo-vieira\\\/#breadcrumblist\",\"itemListElement\":[{\"@type\":\"ListItem\",\"@id\":\"https:\\\/\\\/dudasytextos.com\\\/causasde#listItem\",\"position\":1,\"name\":\"Inicio\",\"item\":\"https:\\\/\\\/dudasytextos.com\\\/causasde\",\"nextItem\":{\"@type\":\"ListItem\",\"@id\":\"https:\\\/\\\/dudasytextos.com\\\/causasde\\\/category\\\/conoce-las-causas\\\/#listItem\",\"name\":\"Conoce las causas\"}},{\"@type\":\"ListItem\",\"@id\":\"https:\\\/\\\/dudasytextos.com\\\/causasde\\\/category\\\/conoce-las-causas\\\/#listItem\",\"position\":2,\"name\":\"Conoce las causas\",\"item\":\"https:\\\/\\\/dudasytextos.com\\\/causasde\\\/category\\\/conoce-las-causas\\\/\",\"nextItem\":{\"@type\":\"ListItem\",\"@id\":\"https:\\\/\\\/dudasytextos.com\\\/causasde\\\/causa-de-la-muerte-de-manolo-vieira\\\/#listItem\",\"name\":\"Causa de la muerte de manolo vieira\"},\"previousItem\":{\"@type\":\"ListItem\",\"@id\":\"https:\\\/\\\/dudasytextos.com\\\/causasde#listItem\",\"name\":\"Inicio\"}},{\"@type\":\"ListItem\",\"@id\":\"https:\\\/\\\/dudasytextos.com\\\/causasde\\\/causa-de-la-muerte-de-manolo-vieira\\\/#listItem\",\"position\":3,\"name\":\"Causa de la muerte de manolo vieira\",\"previousItem\":{\"@type\":\"ListItem\",\"@id\":\"https:\\\/\\\/dudasytextos.com\\\/causasde\\\/category\\\/conoce-las-causas\\\/#listItem\",\"name\":\"Conoce las causas\"}}]},{\"@type\":\"Organization\",\"@id\":\"https:\\\/\\\/dudasytextos.com\\\/causasde\\\/#organization\",\"name\":\"\\u00bfC\\u00f3mo funciona?\",\"description\":\"Conoce las causas\",\"url\":\"https:\\\/\\\/dudasytextos.com\\\/causasde\\\/\"},{\"@type\":\"Person\",\"@id\":\"https:\\\/\\\/dudasytextos.com\\\/causasde\\\/author\\\/admin44\\\/#author\",\"url\":\"https:\\\/\\\/dudasytextos.com\\\/causasde\\\/author\\\/admin44\\\/\",\"name\":\"Ana Gonz\\u00e1lez\"},{\"@type\":\"WebPage\",\"@id\":\"https:\\\/\\\/dudasytextos.com\\\/causasde\\\/causa-de-la-muerte-de-manolo-vieira\\\/#webpage\",\"url\":\"https:\\\/\\\/dudasytextos.com\\\/causasde\\\/causa-de-la-muerte-de-manolo-vieira\\\/\",\"name\":\"Causa de la muerte de manolo vieira (2026) Conoce las causas\",\"description\":\"Causa de la muerte de Manolo Vieira Curiosidades y hechos interesantes Manolo Vieira fue un reconocido cantante espa\\u00f1ol de flamenco. En su carrera musical, Vieira lanz\\u00f3 varios \\u00e1lbumes y colabor\\u00f3 con artistas de renombre. Su muerte repentina y tr\\u00e1gica dej\\u00f3 a sus fans y amigos conmocionados. La causa de su muerte ha sido objeto de\",\"inLanguage\":\"es-ES\",\"isPartOf\":{\"@id\":\"https:\\\/\\\/dudasytextos.com\\\/causasde\\\/#website\"},\"breadcrumb\":{\"@id\":\"https:\\\/\\\/dudasytextos.com\\\/causasde\\\/causa-de-la-muerte-de-manolo-vieira\\\/#breadcrumblist\"},\"author\":{\"@id\":\"https:\\\/\\\/dudasytextos.com\\\/causasde\\\/author\\\/admin44\\\/#author\"},\"creator\":{\"@id\":\"https:\\\/\\\/dudasytextos.com\\\/causasde\\\/author\\\/admin44\\\/#author\"},\"datePublished\":\"2025-02-22T22:20:47+00:00\",\"dateModified\":\"2025-03-13T02:00:37+00:00\"},{\"@type\":\"WebSite\",\"@id\":\"https:\\\/\\\/dudasytextos.com\\\/causasde\\\/#website\",\"url\":\"https:\\\/\\\/dudasytextos.com\\\/causasde\\\/\",\"name\":\"\\u00bfC\\u00f3mo funciona?\",\"description\":\"Conoce las causas\",\"inLanguage\":\"es-ES\",\"publisher\":{\"@id\":\"https:\\\/\\\/dudasytextos.com\\\/causasde\\\/#organization\"}}]}\n\t\t<\/script>\n\t\t<!-- All in One SEO -->\n\n","aioseo_head_json":{"title":"Causa de la muerte de manolo vieira (2026) Conoce las causas","description":"Causa de la muerte de Manolo Vieira Curiosidades y hechos interesantes Manolo Vieira fue un reconocido cantante espa\u00f1ol de flamenco. En su carrera musical, Vieira lanz\u00f3 varios \u00e1lbumes y colabor\u00f3 con artistas de renombre. Su muerte repentina y tr\u00e1gica dej\u00f3 a sus fans y amigos conmocionados. La causa de su muerte ha sido objeto de","canonical_url":"https:\/\/dudasytextos.com\/causasde\/causa-de-la-muerte-de-manolo-vieira\/","robots":"max-snippet:-1, max-image-preview:large, max-video-preview:-1","keywords":"","webmasterTools":{"miscellaneous":"&lt;!-- Google tag (gtag.js) --&gt;\n&lt;script async src=\"https:\/\/www.googletagmanager.com\/gtag\/js?id=G-1RZBHH3Z7E\"&gt;&lt;\/script&gt;\n&lt;script&gt;\n  window.dataLayer = window.dataLayer || [];\n  function gtag(){dataLayer.push(arguments);}\n  gtag('js', new Date());\n\n  gtag('config', 'G-1RZBHH3Z7E');\n&lt;\/script&gt;\n&lt;script async src=\"https:\/\/pagead2.googlesyndication.com\/pagead\/js\/adsbygoogle.js?client=ca-pub-3987500858204711\"\n     crossorigin=\"anonymous\"&gt;&lt;\/script&gt;"},"schema":{"@context":"https:\/\/schema.org","@graph":[{"@type":"BlogPosting","@id":"https:\/\/dudasytextos.com\/causasde\/causa-de-la-muerte-de-manolo-vieira\/#blogposting","name":"Causa de la muerte de manolo vieira (2026) Conoce las causas","headline":"Causa de la muerte de manolo vieira","author":{"@id":"https:\/\/dudasytextos.com\/causasde\/author\/admin44\/#author"},"publisher":{"@id":"https:\/\/dudasytextos.com\/causasde\/#organization"},"datePublished":"2025-02-22T22:20:47+00:00","dateModified":"2025-03-13T02:00:37+00:00","inLanguage":"es-ES","mainEntityOfPage":{"@id":"https:\/\/dudasytextos.com\/causasde\/causa-de-la-muerte-de-manolo-vieira\/#webpage"},"isPartOf":{"@id":"https:\/\/dudasytextos.com\/causasde\/causa-de-la-muerte-de-manolo-vieira\/#webpage"},"articleSection":"Conoce las causas, Fallecimientos"},{"@type":"BreadcrumbList","@id":"https:\/\/dudasytextos.com\/causasde\/causa-de-la-muerte-de-manolo-vieira\/#breadcrumblist","itemListElement":[{"@type":"ListItem","@id":"https:\/\/dudasytextos.com\/causasde#listItem","position":1,"name":"Inicio","item":"https:\/\/dudasytextos.com\/causasde","nextItem":{"@type":"ListItem","@id":"https:\/\/dudasytextos.com\/causasde\/category\/conoce-las-causas\/#listItem","name":"Conoce las causas"}},{"@type":"ListItem","@id":"https:\/\/dudasytextos.com\/causasde\/category\/conoce-las-causas\/#listItem","position":2,"name":"Conoce las causas","item":"https:\/\/dudasytextos.com\/causasde\/category\/conoce-las-causas\/","nextItem":{"@type":"ListItem","@id":"https:\/\/dudasytextos.com\/causasde\/causa-de-la-muerte-de-manolo-vieira\/#listItem","name":"Causa de la muerte de manolo vieira"},"previousItem":{"@type":"ListItem","@id":"https:\/\/dudasytextos.com\/causasde#listItem","name":"Inicio"}},{"@type":"ListItem","@id":"https:\/\/dudasytextos.com\/causasde\/causa-de-la-muerte-de-manolo-vieira\/#listItem","position":3,"name":"Causa de la muerte de manolo vieira","previousItem":{"@type":"ListItem","@id":"https:\/\/dudasytextos.com\/causasde\/category\/conoce-las-causas\/#listItem","name":"Conoce las causas"}}]},{"@type":"Organization","@id":"https:\/\/dudasytextos.com\/causasde\/#organization","name":"\u00bfC\u00f3mo funciona?","description":"Conoce las causas","url":"https:\/\/dudasytextos.com\/causasde\/"},{"@type":"Person","@id":"https:\/\/dudasytextos.com\/causasde\/author\/admin44\/#author","url":"https:\/\/dudasytextos.com\/causasde\/author\/admin44\/","name":"Ana Gonz\u00e1lez"},{"@type":"WebPage","@id":"https:\/\/dudasytextos.com\/causasde\/causa-de-la-muerte-de-manolo-vieira\/#webpage","url":"https:\/\/dudasytextos.com\/causasde\/causa-de-la-muerte-de-manolo-vieira\/","name":"Causa de la muerte de manolo vieira (2026) Conoce las causas","description":"Causa de la muerte de Manolo Vieira Curiosidades y hechos interesantes Manolo Vieira fue un reconocido cantante espa\u00f1ol de flamenco. En su carrera musical, Vieira lanz\u00f3 varios \u00e1lbumes y colabor\u00f3 con artistas de renombre. Su muerte repentina y tr\u00e1gica dej\u00f3 a sus fans y amigos conmocionados. La causa de su muerte ha sido objeto de","inLanguage":"es-ES","isPartOf":{"@id":"https:\/\/dudasytextos.com\/causasde\/#website"},"breadcrumb":{"@id":"https:\/\/dudasytextos.com\/causasde\/causa-de-la-muerte-de-manolo-vieira\/#breadcrumblist"},"author":{"@id":"https:\/\/dudasytextos.com\/causasde\/author\/admin44\/#author"},"creator":{"@id":"https:\/\/dudasytextos.com\/causasde\/author\/admin44\/#author"},"datePublished":"2025-02-22T22:20:47+00:00","dateModified":"2025-03-13T02:00:37+00:00"},{"@type":"WebSite","@id":"https:\/\/dudasytextos.com\/causasde\/#website","url":"https:\/\/dudasytextos.com\/causasde\/","name":"\u00bfC\u00f3mo funciona?","description":"Conoce las causas","inLanguage":"es-ES","publisher":{"@id":"https:\/\/dudasytextos.com\/causasde\/#organization"}}]},"og:locale":"es_ES","og:site_name":"Conoce las causas - Conoce las causas","og:type":"article","og:title":"Causa de la muerte de manolo vieira (2026) Conoce las causas","og:description":"Causa de la muerte de Manolo Vieira Curiosidades y hechos interesantes Manolo Vieira fue un reconocido cantante espa\u00f1ol de flamenco. En su carrera musical, Vieira lanz\u00f3 varios \u00e1lbumes y colabor\u00f3 con artistas de renombre. Su muerte repentina y tr\u00e1gica dej\u00f3 a sus fans y amigos conmocionados. La causa de su muerte ha sido objeto de","og:url":"https:\/\/dudasytextos.com\/causasde\/causa-de-la-muerte-de-manolo-vieira\/","article:published_time":"2025-02-22T22:20:47+00:00","article:modified_time":"2025-03-13T02:00:37+00:00","twitter:card":"summary_large_image","twitter:title":"Causa de la muerte de manolo vieira (2026) Conoce las causas","twitter:description":"Causa de la muerte de Manolo Vieira Curiosidades y hechos interesantes Manolo Vieira fue un reconocido cantante espa\u00f1ol de flamenco. En su carrera musical, Vieira lanz\u00f3 varios \u00e1lbumes y colabor\u00f3 con artistas de renombre. Su muerte repentina y tr\u00e1gica dej\u00f3 a sus fans y amigos conmocionados. La causa de su muerte ha sido objeto de"},"aioseo_meta_data":{"post_id":"160077","title":null,"description":null,"keywords":null,"keyphrases":null,"primary_term":null,"canonical_url":null,"og_title":null,"og_description":null,"og_object_type":"default","og_image_type":"default","og_image_url":null,"og_image_width":null,"og_image_height":null,"og_image_custom_url":null,"og_image_custom_fields":null,"og_video":null,"og_custom_url":null,"og_article_section":null,"og_article_tags":null,"twitter_use_og":false,"twitter_card":"default","twitter_image_type":"default","twitter_image_url":null,"twitter_image_custom_url":null,"twitter_image_custom_fields":null,"twitter_title":null,"twitter_description":null,"schema":{"blockGraphs":[],"customGraphs":[],"default":{"data":{"Article":[],"Course":[],"Dataset":[],"FAQPage":[],"Movie":[],"Person":[],"Product":[],"ProductReview":[],"Car":[],"Recipe":[],"Service":[],"SoftwareApplication":[],"WebPage":[]},"graphName":"","isEnabled":true},"graphs":[]},"schema_type":"default","schema_type_options":null,"pillar_content":false,"robots_default":true,"robots_noindex":false,"robots_noarchive":false,"robots_nosnippet":false,"robots_nofollow":false,"robots_noimageindex":false,"robots_noodp":false,"robots_notranslate":false,"robots_max_snippet":null,"robots_max_videopreview":null,"robots_max_imagepreview":"large","priority":null,"frequency":null,"local_seo":null,"breadcrumb_settings":null,"limit_modified_date":false,"ai":null,"created":"2023-05-13 05:30:37","updated":"2025-06-04 01:43:08","seo_analyzer_scan_date":null,"focus_keyword":null,"additional_keywords":null,"truseo_locale":null},"aioseo_breadcrumb":"<div class=\"aioseo-breadcrumbs\"><span class=\"aioseo-breadcrumb\">\n\t\t\t<a href=\"https:\/\/dudasytextos.com\/causasde\" title=\"Inicio\">Inicio<\/a>\n\t\t<\/span><span class=\"aioseo-breadcrumb-separator\">&raquo;<\/span><span class=\"aioseo-breadcrumb\">\n\t\t\t<a href=\"https:\/\/dudasytextos.com\/causasde\/category\/conoce-las-causas\/\" title=\"Conoce las causas\">Conoce las causas<\/a>\n\t\t<\/span><span class=\"aioseo-breadcrumb-separator\">&raquo;<\/span><span class=\"aioseo-breadcrumb\">\n\t\t\tCausa de la muerte de manolo vieira\n\t\t<\/span><\/div>","aioseo_breadcrumb_json":[{"label":"Inicio","link":"https:\/\/dudasytextos.com\/causasde"},{"label":"Conoce las causas","link":"https:\/\/dudasytextos.com\/causasde\/category\/conoce-las-causas\/"},{"label":"Causa de la muerte de manolo vieira","link":"https:\/\/dudasytextos.com\/causasde\/causa-de-la-muerte-de-manolo-vieira\/"}],"_links":{"self":[{"href":"https:\/\/dudasytextos.com\/causasde\/wp-json\/wp\/v2\/posts\/160077","targetHints":{"allow":["GET"]}}],"collection":[{"href":"https:\/\/dudasytextos.com\/causasde\/wp-json\/wp\/v2\/posts"}],"about":[{"href":"https:\/\/dudasytextos.com\/causasde\/wp-json\/wp\/v2\/types\/post"}],"author":[{"embeddable":true,"href":"https:\/\/dudasytextos.com\/causasde\/wp-json\/wp\/v2\/users\/1"}],"replies":[{"embeddable":true,"href":"https:\/\/dudasytextos.com\/causasde\/wp-json\/wp\/v2\/comments?post=160077"}],"version-history":[{"count":1,"href":"https:\/\/dudasytextos.com\/causasde\/wp-json\/wp\/v2\/posts\/160077\/revisions"}],"predecessor-version":[{"id":168502,"href":"https:\/\/dudasytextos.com\/causasde\/wp-json\/wp\/v2\/posts\/160077\/revisions\/168502"}],"wp:attachment":[{"href":"https:\/\/dudasytextos.com\/causasde\/wp-json\/wp\/v2\/media?parent=160077"}],"wp:term":[{"taxonomy":"category","embeddable":true,"href":"https:\/\/dudasytextos.com\/causasde\/wp-json\/wp\/v2\/categories?post=160077"},{"taxonomy":"post_tag","embeddable":true,"href":"https:\/\/dudasytextos.com\/causasde\/wp-json\/wp\/v2\/tags?post=160077"}],"curies":[{"name":"wp","href":"https:\/\/api.w.org\/{rel}","templated":true}]}}