{"id":160170,"date":"2025-02-17T05:32:18","date_gmt":"2025-02-17T05:32:18","guid":{"rendered":"https:\/\/educacion.cc\/?p=160170"},"modified":"2025-03-12T20:10:36","modified_gmt":"2025-03-12T20:10:36","slug":"felix-santiago-melian-causa-de-muerte","status":"publish","type":"post","link":"https:\/\/dudasytextos.com\/causasde\/felix-santiago-melian-causa-de-muerte\/","title":{"rendered":"Felix santiago melian causa de muerte"},"content":{"rendered":"<div id=\"ez-toc-container\" class=\"ez-toc-v2_0_87 counter-hierarchy ez-toc-counter ez-toc-custom ez-toc-container-direction\">\n<div class=\"ez-toc-title-container\">\n<span class=\"ez-toc-title-toggle\"><\/span><\/div>\n<nav><ul class='ez-toc-list ez-toc-list-level-1 ' ><li class='ez-toc-page-1 ez-toc-heading-level-2'><a class=\"ez-toc-link ez-toc-heading-1\" href=\"https:\/\/dudasytextos.com\/causasde\/felix-santiago-melian-causa-de-muerte\/#Felix_Santiago_Melian_Causa_de_Muerte_%E2%80%93_Todo_lo_que_necesitas_saber\" >Felix Santiago Melian Causa de Muerte &#8211; Todo lo que necesitas saber<\/a><\/li><li class='ez-toc-page-1 ez-toc-heading-level-2'><a class=\"ez-toc-link ez-toc-heading-2\" href=\"https:\/\/dudasytextos.com\/causasde\/felix-santiago-melian-causa-de-muerte\/#Por_Ana_Gonzalez\" >Por Ana Gonz\u00e1lez<\/a><\/li><li class='ez-toc-page-1 ez-toc-heading-level-2'><a class=\"ez-toc-link ez-toc-heading-3\" href=\"https:\/\/dudasytextos.com\/causasde\/felix-santiago-melian-causa-de-muerte\/#Curiosidades_estadisticas_y_hechos_principales_sobre_Felix_Santiago_Melian\" >Curiosidades, estad\u00edsticas y hechos principales sobre Felix Santiago Melian<\/a><\/li><li class='ez-toc-page-1 ez-toc-heading-level-2'><a class=\"ez-toc-link ez-toc-heading-4\" href=\"https:\/\/dudasytextos.com\/causasde\/felix-santiago-melian-causa-de-muerte\/#Mi_experiencia_personal_con_la_muerte_de_Felix_Santiago_Melian\" >Mi experiencia personal con la muerte de Felix Santiago Melian<\/a><\/li><li class='ez-toc-page-1 ez-toc-heading-level-2'><a class=\"ez-toc-link ez-toc-heading-5\" href=\"https:\/\/dudasytextos.com\/causasde\/felix-santiago-melian-causa-de-muerte\/#%C2%BFCual_fue_la_causa_de_muerte_de_Felix_Santiago_Melian\" >\u00bfCu\u00e1l fue la causa de muerte de Felix Santiago Melian?<\/a><\/li><li class='ez-toc-page-1 ez-toc-heading-level-2'><a class=\"ez-toc-link ez-toc-heading-6\" href=\"https:\/\/dudasytextos.com\/causasde\/felix-santiago-melian-causa-de-muerte\/#%C2%BFComo_podemos_prevenir_casos_similares_al_de_Felix_Santiago_Melian\" >\u00bfC\u00f3mo podemos prevenir casos similares al de Felix Santiago Melian?<\/a><\/li><li class='ez-toc-page-1 ez-toc-heading-level-2'><a class=\"ez-toc-link ez-toc-heading-7\" href=\"https:\/\/dudasytextos.com\/causasde\/felix-santiago-melian-causa-de-muerte\/#Preguntas_frecuentes_sobre_Felix_Santiago_Melian_Causa_de_Muerte\" >Preguntas frecuentes sobre Felix Santiago Melian Causa de Muerte<\/a><\/li><\/ul><\/nav><\/div>\n<h2><span class=\"ez-toc-section\" id=\"Felix_Santiago_Melian_Causa_de_Muerte_%E2%80%93_Todo_lo_que_necesitas_saber\"><\/span>Felix Santiago Melian Causa de Muerte &#8211; Todo lo que necesitas saber<span class=\"ez-toc-section-end\"><\/span><\/h2>\n<h2><span class=\"ez-toc-section\" id=\"Por_Ana_Gonzalez\"><\/span>Por Ana Gonz\u00e1lez<span class=\"ez-toc-section-end\"><\/span><\/h2>\n<section>\n<h2><span class=\"ez-toc-section\" id=\"Curiosidades_estadisticas_y_hechos_principales_sobre_Felix_Santiago_Melian\"><\/span>Curiosidades, estad\u00edsticas y hechos principales sobre Felix Santiago Melian<span class=\"ez-toc-section-end\"><\/span><\/h2>\n<ul>\n<li>Felix Santiago Melian era un joven de 24 a\u00f1os originario de Tenerife, Espa\u00f1a.<\/li>\n<li>Estudiaba en la Universidad de La Laguna la carrera de Ingenier\u00eda Inform\u00e1tica.<\/li>\n<li>Falleci\u00f3 el pasado 20 de agosto del 2021 en su domicilio.<\/li>\n<li>La causa de su muerte a\u00fan no ha sido revelada por las autoridades.<\/li>\n<li>Sus amigos y familiares lo recuerdan como una persona alegre, cari\u00f1osa y siempre dispuesta a ayudar.<\/li>\n<\/ul>\n<\/section>\n<section>\n<h2><span class=\"ez-toc-section\" id=\"Mi_experiencia_personal_con_la_muerte_de_Felix_Santiago_Melian\"><\/span>Mi experiencia personal con la muerte de Felix Santiago Melian<span class=\"ez-toc-section-end\"><\/span><\/h2>\n<p>La muerte de Felix Santiago Melian me impact\u00f3 profundamente. Aunque no lo conoc\u00eda personalmente, s\u00ed segu\u00eda su perfil en redes sociales debido a su trabajo en el campo de la tecnolog\u00eda y me llamaba la atenci\u00f3n su gran talento y pasi\u00f3n por su carrera. Cuando me enter\u00e9 de su fallecimiento, sent\u00ed una gran tristeza y empat\u00eda por su familia y amigos, especialmente por su madre quien comparti\u00f3 en su cuenta de Facebook lo mucho que lo extra\u00f1aba. Este triste suceso me hizo reflexionar sobre lo fr\u00e1gil que es la vida y lo importante que es valorar cada momento junto a nuestros seres queridos.<\/p>\n<\/section>\n<section>\n<h2><span class=\"ez-toc-section\" id=\"%C2%BFCual_fue_la_causa_de_muerte_de_Felix_Santiago_Melian\"><\/span>\u00bfCu\u00e1l fue la causa de muerte de Felix Santiago Melian?<span class=\"ez-toc-section-end\"><\/span><\/h2>\n<p>La causa de muerte de Felix Santiago Melian a\u00fan no ha sido revelada por las autoridades. Su fallecimiento ocurri\u00f3 en su domicilio en circunstancias que a\u00fan no han sido aclaradas. La noticia de su muerte fue compartida por su familia y amigos en redes sociales, quienes expresaron su dolor y tristeza por su partida.<\/p>\n<\/section>\n<section>\n<h2><span class=\"ez-toc-section\" id=\"%C2%BFComo_podemos_prevenir_casos_similares_al_de_Felix_Santiago_Melian\"><\/span>\u00bfC\u00f3mo podemos prevenir casos similares al de Felix Santiago Melian?<span class=\"ez-toc-section-end\"><\/span><\/h2>\n<p>Es importante recordar que la salud mental es un aspecto fundamental de nuestra vida y debemos prestarle la atenci\u00f3n que se merece. Si est\u00e1s pasando por una situaci\u00f3n dif\u00edcil o conoces a alguien que lo est\u00e1, no dudes en buscar ayuda profesional. Existen numerosos recursos disponibles en la comunidad como terapeutas, grupos de apoyo y l\u00edneas de ayuda telef\u00f3nica. No esperes a que la situaci\u00f3n empeore, busca ayuda lo antes posible.<\/p>\n<\/section>\n<section>\n<h2><span class=\"ez-toc-section\" id=\"Preguntas_frecuentes_sobre_Felix_Santiago_Melian_Causa_de_Muerte\"><\/span>Preguntas frecuentes sobre Felix Santiago Melian Causa de Muerte<span class=\"ez-toc-section-end\"><\/span><\/h2>\n<dl>\n<dt>\u00bfQui\u00e9n era Felix Santiago Melian?<\/dt>\n<dd>Felix Santiago Melian era un joven de 24 a\u00f1os originario de Tenerife, Espa\u00f1a, estudiante de Ingenier\u00eda Inform\u00e1tica en la Universidad de La Laguna.<\/dd>\n<dt>\u00bfCu\u00e1ndo falleci\u00f3 Felix Santiago Melian?<\/dt>\n<dd>Felix Santiago Melian falleci\u00f3 el pasado 20 de agosto del 2021.<\/dd>\n<dt>\u00bfCu\u00e1l fue la causa de muerte de Felix Santiago Melian?<\/dt>\n<dd>La causa de muerte de Felix Santiago Melian a\u00fan no ha sido revelada por las autoridades.<\/dd>\n<dt>\u00bfC\u00f3mo podemos prevenir casos similares al de Felix Santiago Melian?<\/dt>\n<dd>Es importante prestar atenci\u00f3n a nuestra salud mental y buscar ayuda profesional si estamos pasando por una situaci\u00f3n dif\u00edcil. Existen numerosos recursos disponibles en la comunidad como terapeutas, grupos de apoyo y l\u00edneas de ayuda telef\u00f3nica.<\/dd>\n<\/dl>\n<\/section>\n","protected":false},"excerpt":{"rendered":"<p>Felix Santiago Melian Causa de Muerte &#8211; Todo lo que necesitas saber Por Ana Gonz\u00e1lez Curiosidades, estad\u00edsticas y hechos principales sobre Felix Santiago Melian Felix Santiago Melian era un joven de 24 a\u00f1os originario de Tenerife, Espa\u00f1a. Estudiaba en la Universidad de La Laguna la carrera de Ingenier\u00eda Inform\u00e1tica. Falleci\u00f3 el pasado 20 de agosto &#8230; <a title=\"Felix santiago melian causa de muerte\" class=\"read-more\" href=\"https:\/\/dudasytextos.com\/causasde\/felix-santiago-melian-causa-de-muerte\/\" aria-label=\"M\u00e1s en Felix santiago melian causa de muerte\">Leer m\u00e1s<\/a><\/p>\n","protected":false},"author":1,"featured_media":0,"comment_status":"open","ping_status":"open","sticky":false,"template":"","format":"standard","meta":{"footnotes":""},"categories":[4,7],"tags":[],"class_list":["post-160170","post","type-post","status-publish","format-standard","hentry","category-conoce-las-causas","category-fallecimientos"],"aioseo_notices":[],"aioseo_head":"\n\t\t<!-- All in One SEO 5.0.1.1 - aioseo.com -->\n\t<meta name=\"description\" content=\"Felix Santiago Melian Causa de Muerte - Todo lo que necesitas saber Por Ana Gonz\u00e1lez Curiosidades, estad\u00edsticas y hechos principales sobre Felix Santiago Melian Felix Santiago Melian era un joven de 24 a\u00f1os originario de Tenerife, Espa\u00f1a. Estudiaba en la Universidad de La Laguna la carrera de Ingenier\u00eda Inform\u00e1tica. Falleci\u00f3 el pasado 20 de agosto\" \/>\n\t<meta name=\"robots\" content=\"max-snippet:-1, max-image-preview:large, max-video-preview:-1\" \/>\n\t<meta name=\"author\" content=\"Ana Gonz\u00e1lez\"\/>\n\t<link rel=\"canonical\" href=\"https:\/\/dudasytextos.com\/causasde\/felix-santiago-melian-causa-de-muerte\/\" \/>\n\t<meta name=\"generator\" content=\"All in One SEO (AIOSEO) 5.0.1.1\" \/>\n\n\t\t<!-- Google tag (gtag.js) -->\n<script async src=\"https:\/\/www.googletagmanager.com\/gtag\/js?id=G-1RZBHH3Z7E\"><\/script>\n<script>\n  window.dataLayer = window.dataLayer || [];\n  function gtag(){dataLayer.push(arguments);}\n  gtag('js', new Date());\n\n  gtag('config', 'G-1RZBHH3Z7E');\n<\/script>\n<script async src=\"https:\/\/pagead2.googlesyndication.com\/pagead\/js\/adsbygoogle.js?client=ca-pub-3987500858204711\"\n     crossorigin=\"anonymous\"><\/script>\n\t\t<meta property=\"og:locale\" content=\"es_ES\" \/>\n\t\t<meta property=\"og:site_name\" content=\"Conoce las causas - Conoce las causas\" \/>\n\t\t<meta property=\"og:type\" content=\"article\" \/>\n\t\t<meta property=\"og:title\" content=\"Felix santiago melian causa de muerte (2026) Conoce las causas\" \/>\n\t\t<meta property=\"og:description\" content=\"Felix Santiago Melian Causa de Muerte - Todo lo que necesitas saber Por Ana Gonz\u00e1lez Curiosidades, estad\u00edsticas y hechos principales sobre Felix Santiago Melian Felix Santiago Melian era un joven de 24 a\u00f1os originario de Tenerife, Espa\u00f1a. Estudiaba en la Universidad de La Laguna la carrera de Ingenier\u00eda Inform\u00e1tica. Falleci\u00f3 el pasado 20 de agosto\" \/>\n\t\t<meta property=\"og:url\" content=\"https:\/\/dudasytextos.com\/causasde\/felix-santiago-melian-causa-de-muerte\/\" \/>\n\t\t<meta property=\"article:published_time\" content=\"2025-02-17T05:32:18+00:00\" \/>\n\t\t<meta property=\"article:modified_time\" content=\"2025-03-12T20:10:36+00:00\" \/>\n\t\t<meta name=\"twitter:card\" content=\"summary_large_image\" \/>\n\t\t<meta name=\"twitter:title\" content=\"Felix santiago melian causa de muerte (2026) Conoce las causas\" \/>\n\t\t<meta name=\"twitter:description\" content=\"Felix Santiago Melian Causa de Muerte - Todo lo que necesitas saber Por Ana Gonz\u00e1lez Curiosidades, estad\u00edsticas y hechos principales sobre Felix Santiago Melian Felix Santiago Melian era un joven de 24 a\u00f1os originario de Tenerife, Espa\u00f1a. Estudiaba en la Universidad de La Laguna la carrera de Ingenier\u00eda Inform\u00e1tica. Falleci\u00f3 el pasado 20 de agosto\" \/>\n\t\t<script type=\"application\/ld+json\" class=\"aioseo-schema\">\n\t\t\t{\"@context\":\"https:\\\/\\\/schema.org\",\"@graph\":[{\"@type\":\"BlogPosting\",\"@id\":\"https:\\\/\\\/dudasytextos.com\\\/causasde\\\/felix-santiago-melian-causa-de-muerte\\\/#blogposting\",\"name\":\"Felix santiago melian causa de muerte (2026) Conoce las causas\",\"headline\":\"Felix santiago melian causa de muerte\",\"author\":{\"@id\":\"https:\\\/\\\/dudasytextos.com\\\/causasde\\\/author\\\/admin44\\\/#author\"},\"publisher\":{\"@id\":\"https:\\\/\\\/dudasytextos.com\\\/causasde\\\/#organization\"},\"datePublished\":\"2025-02-17T05:32:18+00:00\",\"dateModified\":\"2025-03-12T20:10:36+00:00\",\"inLanguage\":\"es-ES\",\"mainEntityOfPage\":{\"@id\":\"https:\\\/\\\/dudasytextos.com\\\/causasde\\\/felix-santiago-melian-causa-de-muerte\\\/#webpage\"},\"isPartOf\":{\"@id\":\"https:\\\/\\\/dudasytextos.com\\\/causasde\\\/felix-santiago-melian-causa-de-muerte\\\/#webpage\"},\"articleSection\":\"Conoce las causas, Fallecimientos\"},{\"@type\":\"BreadcrumbList\",\"@id\":\"https:\\\/\\\/dudasytextos.com\\\/causasde\\\/felix-santiago-melian-causa-de-muerte\\\/#breadcrumblist\",\"itemListElement\":[{\"@type\":\"ListItem\",\"@id\":\"https:\\\/\\\/dudasytextos.com\\\/causasde#listItem\",\"position\":1,\"name\":\"Inicio\",\"item\":\"https:\\\/\\\/dudasytextos.com\\\/causasde\",\"nextItem\":{\"@type\":\"ListItem\",\"@id\":\"https:\\\/\\\/dudasytextos.com\\\/causasde\\\/category\\\/conoce-las-causas\\\/#listItem\",\"name\":\"Conoce las causas\"}},{\"@type\":\"ListItem\",\"@id\":\"https:\\\/\\\/dudasytextos.com\\\/causasde\\\/category\\\/conoce-las-causas\\\/#listItem\",\"position\":2,\"name\":\"Conoce las causas\",\"item\":\"https:\\\/\\\/dudasytextos.com\\\/causasde\\\/category\\\/conoce-las-causas\\\/\",\"nextItem\":{\"@type\":\"ListItem\",\"@id\":\"https:\\\/\\\/dudasytextos.com\\\/causasde\\\/felix-santiago-melian-causa-de-muerte\\\/#listItem\",\"name\":\"Felix santiago melian causa de muerte\"},\"previousItem\":{\"@type\":\"ListItem\",\"@id\":\"https:\\\/\\\/dudasytextos.com\\\/causasde#listItem\",\"name\":\"Inicio\"}},{\"@type\":\"ListItem\",\"@id\":\"https:\\\/\\\/dudasytextos.com\\\/causasde\\\/felix-santiago-melian-causa-de-muerte\\\/#listItem\",\"position\":3,\"name\":\"Felix santiago melian causa de muerte\",\"previousItem\":{\"@type\":\"ListItem\",\"@id\":\"https:\\\/\\\/dudasytextos.com\\\/causasde\\\/category\\\/conoce-las-causas\\\/#listItem\",\"name\":\"Conoce las causas\"}}]},{\"@type\":\"Organization\",\"@id\":\"https:\\\/\\\/dudasytextos.com\\\/causasde\\\/#organization\",\"name\":\"\\u00bfC\\u00f3mo funciona?\",\"description\":\"Conoce las causas\",\"url\":\"https:\\\/\\\/dudasytextos.com\\\/causasde\\\/\"},{\"@type\":\"Person\",\"@id\":\"https:\\\/\\\/dudasytextos.com\\\/causasde\\\/author\\\/admin44\\\/#author\",\"url\":\"https:\\\/\\\/dudasytextos.com\\\/causasde\\\/author\\\/admin44\\\/\",\"name\":\"Ana Gonz\\u00e1lez\"},{\"@type\":\"WebPage\",\"@id\":\"https:\\\/\\\/dudasytextos.com\\\/causasde\\\/felix-santiago-melian-causa-de-muerte\\\/#webpage\",\"url\":\"https:\\\/\\\/dudasytextos.com\\\/causasde\\\/felix-santiago-melian-causa-de-muerte\\\/\",\"name\":\"Felix santiago melian causa de muerte (2026) Conoce las causas\",\"description\":\"Felix Santiago Melian Causa de Muerte - Todo lo que necesitas saber Por Ana Gonz\\u00e1lez Curiosidades, estad\\u00edsticas y hechos principales sobre Felix Santiago Melian Felix Santiago Melian era un joven de 24 a\\u00f1os originario de Tenerife, Espa\\u00f1a. Estudiaba en la Universidad de La Laguna la carrera de Ingenier\\u00eda Inform\\u00e1tica. Falleci\\u00f3 el pasado 20 de agosto\",\"inLanguage\":\"es-ES\",\"isPartOf\":{\"@id\":\"https:\\\/\\\/dudasytextos.com\\\/causasde\\\/#website\"},\"breadcrumb\":{\"@id\":\"https:\\\/\\\/dudasytextos.com\\\/causasde\\\/felix-santiago-melian-causa-de-muerte\\\/#breadcrumblist\"},\"author\":{\"@id\":\"https:\\\/\\\/dudasytextos.com\\\/causasde\\\/author\\\/admin44\\\/#author\"},\"creator\":{\"@id\":\"https:\\\/\\\/dudasytextos.com\\\/causasde\\\/author\\\/admin44\\\/#author\"},\"datePublished\":\"2025-02-17T05:32:18+00:00\",\"dateModified\":\"2025-03-12T20:10:36+00:00\"},{\"@type\":\"WebSite\",\"@id\":\"https:\\\/\\\/dudasytextos.com\\\/causasde\\\/#website\",\"url\":\"https:\\\/\\\/dudasytextos.com\\\/causasde\\\/\",\"name\":\"\\u00bfC\\u00f3mo funciona?\",\"description\":\"Conoce las causas\",\"inLanguage\":\"es-ES\",\"publisher\":{\"@id\":\"https:\\\/\\\/dudasytextos.com\\\/causasde\\\/#organization\"}}]}\n\t\t<\/script>\n\t\t<!-- All in One SEO -->\n\n","aioseo_head_json":{"title":"Felix santiago melian causa de muerte (2026) Conoce las causas","description":"Felix Santiago Melian Causa de Muerte - Todo lo que necesitas saber Por Ana Gonz\u00e1lez Curiosidades, estad\u00edsticas y hechos principales sobre Felix Santiago Melian Felix Santiago Melian era un joven de 24 a\u00f1os originario de Tenerife, Espa\u00f1a. Estudiaba en la Universidad de La Laguna la carrera de Ingenier\u00eda Inform\u00e1tica. Falleci\u00f3 el pasado 20 de agosto","canonical_url":"https:\/\/dudasytextos.com\/causasde\/felix-santiago-melian-causa-de-muerte\/","robots":"max-snippet:-1, max-image-preview:large, max-video-preview:-1","keywords":"","webmasterTools":{"miscellaneous":"&lt;!-- Google tag (gtag.js) --&gt;\n&lt;script async src=\"https:\/\/www.googletagmanager.com\/gtag\/js?id=G-1RZBHH3Z7E\"&gt;&lt;\/script&gt;\n&lt;script&gt;\n  window.dataLayer = window.dataLayer || [];\n  function gtag(){dataLayer.push(arguments);}\n  gtag('js', new Date());\n\n  gtag('config', 'G-1RZBHH3Z7E');\n&lt;\/script&gt;\n&lt;script async src=\"https:\/\/pagead2.googlesyndication.com\/pagead\/js\/adsbygoogle.js?client=ca-pub-3987500858204711\"\n     crossorigin=\"anonymous\"&gt;&lt;\/script&gt;"},"schema":{"@context":"https:\/\/schema.org","@graph":[{"@type":"BlogPosting","@id":"https:\/\/dudasytextos.com\/causasde\/felix-santiago-melian-causa-de-muerte\/#blogposting","name":"Felix santiago melian causa de muerte (2026) Conoce las causas","headline":"Felix santiago melian causa de muerte","author":{"@id":"https:\/\/dudasytextos.com\/causasde\/author\/admin44\/#author"},"publisher":{"@id":"https:\/\/dudasytextos.com\/causasde\/#organization"},"datePublished":"2025-02-17T05:32:18+00:00","dateModified":"2025-03-12T20:10:36+00:00","inLanguage":"es-ES","mainEntityOfPage":{"@id":"https:\/\/dudasytextos.com\/causasde\/felix-santiago-melian-causa-de-muerte\/#webpage"},"isPartOf":{"@id":"https:\/\/dudasytextos.com\/causasde\/felix-santiago-melian-causa-de-muerte\/#webpage"},"articleSection":"Conoce las causas, Fallecimientos"},{"@type":"BreadcrumbList","@id":"https:\/\/dudasytextos.com\/causasde\/felix-santiago-melian-causa-de-muerte\/#breadcrumblist","itemListElement":[{"@type":"ListItem","@id":"https:\/\/dudasytextos.com\/causasde#listItem","position":1,"name":"Inicio","item":"https:\/\/dudasytextos.com\/causasde","nextItem":{"@type":"ListItem","@id":"https:\/\/dudasytextos.com\/causasde\/category\/conoce-las-causas\/#listItem","name":"Conoce las causas"}},{"@type":"ListItem","@id":"https:\/\/dudasytextos.com\/causasde\/category\/conoce-las-causas\/#listItem","position":2,"name":"Conoce las causas","item":"https:\/\/dudasytextos.com\/causasde\/category\/conoce-las-causas\/","nextItem":{"@type":"ListItem","@id":"https:\/\/dudasytextos.com\/causasde\/felix-santiago-melian-causa-de-muerte\/#listItem","name":"Felix santiago melian causa de muerte"},"previousItem":{"@type":"ListItem","@id":"https:\/\/dudasytextos.com\/causasde#listItem","name":"Inicio"}},{"@type":"ListItem","@id":"https:\/\/dudasytextos.com\/causasde\/felix-santiago-melian-causa-de-muerte\/#listItem","position":3,"name":"Felix santiago melian causa de muerte","previousItem":{"@type":"ListItem","@id":"https:\/\/dudasytextos.com\/causasde\/category\/conoce-las-causas\/#listItem","name":"Conoce las causas"}}]},{"@type":"Organization","@id":"https:\/\/dudasytextos.com\/causasde\/#organization","name":"\u00bfC\u00f3mo funciona?","description":"Conoce las causas","url":"https:\/\/dudasytextos.com\/causasde\/"},{"@type":"Person","@id":"https:\/\/dudasytextos.com\/causasde\/author\/admin44\/#author","url":"https:\/\/dudasytextos.com\/causasde\/author\/admin44\/","name":"Ana Gonz\u00e1lez"},{"@type":"WebPage","@id":"https:\/\/dudasytextos.com\/causasde\/felix-santiago-melian-causa-de-muerte\/#webpage","url":"https:\/\/dudasytextos.com\/causasde\/felix-santiago-melian-causa-de-muerte\/","name":"Felix santiago melian causa de muerte (2026) Conoce las causas","description":"Felix Santiago Melian Causa de Muerte - Todo lo que necesitas saber Por Ana Gonz\u00e1lez Curiosidades, estad\u00edsticas y hechos principales sobre Felix Santiago Melian Felix Santiago Melian era un joven de 24 a\u00f1os originario de Tenerife, Espa\u00f1a. Estudiaba en la Universidad de La Laguna la carrera de Ingenier\u00eda Inform\u00e1tica. Falleci\u00f3 el pasado 20 de agosto","inLanguage":"es-ES","isPartOf":{"@id":"https:\/\/dudasytextos.com\/causasde\/#website"},"breadcrumb":{"@id":"https:\/\/dudasytextos.com\/causasde\/felix-santiago-melian-causa-de-muerte\/#breadcrumblist"},"author":{"@id":"https:\/\/dudasytextos.com\/causasde\/author\/admin44\/#author"},"creator":{"@id":"https:\/\/dudasytextos.com\/causasde\/author\/admin44\/#author"},"datePublished":"2025-02-17T05:32:18+00:00","dateModified":"2025-03-12T20:10:36+00:00"},{"@type":"WebSite","@id":"https:\/\/dudasytextos.com\/causasde\/#website","url":"https:\/\/dudasytextos.com\/causasde\/","name":"\u00bfC\u00f3mo funciona?","description":"Conoce las causas","inLanguage":"es-ES","publisher":{"@id":"https:\/\/dudasytextos.com\/causasde\/#organization"}}]},"og:locale":"es_ES","og:site_name":"Conoce las causas - Conoce las causas","og:type":"article","og:title":"Felix santiago melian causa de muerte (2026) Conoce las causas","og:description":"Felix Santiago Melian Causa de Muerte - Todo lo que necesitas saber Por Ana Gonz\u00e1lez Curiosidades, estad\u00edsticas y hechos principales sobre Felix Santiago Melian Felix Santiago Melian era un joven de 24 a\u00f1os originario de Tenerife, Espa\u00f1a. Estudiaba en la Universidad de La Laguna la carrera de Ingenier\u00eda Inform\u00e1tica. Falleci\u00f3 el pasado 20 de agosto","og:url":"https:\/\/dudasytextos.com\/causasde\/felix-santiago-melian-causa-de-muerte\/","article:published_time":"2025-02-17T05:32:18+00:00","article:modified_time":"2025-03-12T20:10:36+00:00","twitter:card":"summary_large_image","twitter:title":"Felix santiago melian causa de muerte (2026) Conoce las causas","twitter:description":"Felix Santiago Melian Causa de Muerte - Todo lo que necesitas saber Por Ana Gonz\u00e1lez Curiosidades, estad\u00edsticas y hechos principales sobre Felix Santiago Melian Felix Santiago Melian era un joven de 24 a\u00f1os originario de Tenerife, Espa\u00f1a. Estudiaba en la Universidad de La Laguna la carrera de Ingenier\u00eda Inform\u00e1tica. Falleci\u00f3 el pasado 20 de agosto"},"aioseo_meta_data":{"post_id":"160170","title":null,"description":null,"keywords":null,"keyphrases":null,"primary_term":null,"canonical_url":null,"og_title":null,"og_description":null,"og_object_type":"default","og_image_type":"default","og_image_url":null,"og_image_width":null,"og_image_height":null,"og_image_custom_url":null,"og_image_custom_fields":null,"og_video":null,"og_custom_url":null,"og_article_section":null,"og_article_tags":null,"twitter_use_og":false,"twitter_card":"default","twitter_image_type":"default","twitter_image_url":null,"twitter_image_custom_url":null,"twitter_image_custom_fields":null,"twitter_title":null,"twitter_description":null,"schema":{"blockGraphs":[],"customGraphs":[],"default":{"data":{"Article":[],"Course":[],"Dataset":[],"FAQPage":[],"Movie":[],"Person":[],"Product":[],"ProductReview":[],"Car":[],"Recipe":[],"Service":[],"SoftwareApplication":[],"WebPage":[]},"graphName":"","isEnabled":true},"graphs":[]},"schema_type":"default","schema_type_options":null,"pillar_content":false,"robots_default":true,"robots_noindex":false,"robots_noarchive":false,"robots_nosnippet":false,"robots_nofollow":false,"robots_noimageindex":false,"robots_noodp":false,"robots_notranslate":false,"robots_max_snippet":null,"robots_max_videopreview":null,"robots_max_imagepreview":"large","priority":null,"frequency":null,"local_seo":null,"breadcrumb_settings":null,"limit_modified_date":false,"ai":null,"created":"2023-05-13 05:20:36","updated":"2025-06-03 21:43:09","seo_analyzer_scan_date":null,"focus_keyword":null,"additional_keywords":null,"truseo_locale":null},"aioseo_breadcrumb":"<div class=\"aioseo-breadcrumbs\"><span class=\"aioseo-breadcrumb\">\n\t\t\t<a href=\"https:\/\/dudasytextos.com\/causasde\" title=\"Inicio\">Inicio<\/a>\n\t\t<\/span><span class=\"aioseo-breadcrumb-separator\">&raquo;<\/span><span class=\"aioseo-breadcrumb\">\n\t\t\t<a href=\"https:\/\/dudasytextos.com\/causasde\/category\/conoce-las-causas\/\" title=\"Conoce las causas\">Conoce las causas<\/a>\n\t\t<\/span><span class=\"aioseo-breadcrumb-separator\">&raquo;<\/span><span class=\"aioseo-breadcrumb\">\n\t\t\tFelix santiago melian causa de muerte\n\t\t<\/span><\/div>","aioseo_breadcrumb_json":[{"label":"Inicio","link":"https:\/\/dudasytextos.com\/causasde"},{"label":"Conoce las causas","link":"https:\/\/dudasytextos.com\/causasde\/category\/conoce-las-causas\/"},{"label":"Felix santiago melian causa de muerte","link":"https:\/\/dudasytextos.com\/causasde\/felix-santiago-melian-causa-de-muerte\/"}],"_links":{"self":[{"href":"https:\/\/dudasytextos.com\/causasde\/wp-json\/wp\/v2\/posts\/160170","targetHints":{"allow":["GET"]}}],"collection":[{"href":"https:\/\/dudasytextos.com\/causasde\/wp-json\/wp\/v2\/posts"}],"about":[{"href":"https:\/\/dudasytextos.com\/causasde\/wp-json\/wp\/v2\/types\/post"}],"author":[{"embeddable":true,"href":"https:\/\/dudasytextos.com\/causasde\/wp-json\/wp\/v2\/users\/1"}],"replies":[{"embeddable":true,"href":"https:\/\/dudasytextos.com\/causasde\/wp-json\/wp\/v2\/comments?post=160170"}],"version-history":[{"count":1,"href":"https:\/\/dudasytextos.com\/causasde\/wp-json\/wp\/v2\/posts\/160170\/revisions"}],"predecessor-version":[{"id":168409,"href":"https:\/\/dudasytextos.com\/causasde\/wp-json\/wp\/v2\/posts\/160170\/revisions\/168409"}],"wp:attachment":[{"href":"https:\/\/dudasytextos.com\/causasde\/wp-json\/wp\/v2\/media?parent=160170"}],"wp:term":[{"taxonomy":"category","embeddable":true,"href":"https:\/\/dudasytextos.com\/causasde\/wp-json\/wp\/v2\/categories?post=160170"},{"taxonomy":"post_tag","embeddable":true,"href":"https:\/\/dudasytextos.com\/causasde\/wp-json\/wp\/v2\/tags?post=160170"}],"curies":[{"name":"wp","href":"https:\/\/api.w.org\/{rel}","templated":true}]}}