{"id":160337,"date":"2025-02-27T16:53:29","date_gmt":"2025-02-27T16:53:29","guid":{"rendered":"https:\/\/educacion.cc\/?p=160337"},"modified":"2025-03-12T15:47:41","modified_gmt":"2025-03-12T15:47:41","slug":"causas-de-la-falta-de-oxigeno-en-el-cerebro","status":"publish","type":"post","link":"https:\/\/dudasytextos.com\/causasde\/causas-de-la-falta-de-oxigeno-en-el-cerebro\/","title":{"rendered":"Causas de la falta de oxigeno en el cerebro"},"content":{"rendered":"<div id=\"ez-toc-container\" class=\"ez-toc-v2_0_87 counter-hierarchy ez-toc-counter ez-toc-custom ez-toc-container-direction\">\n<div class=\"ez-toc-title-container\">\n<span class=\"ez-toc-title-toggle\"><\/span><\/div>\n<nav><ul class='ez-toc-list ez-toc-list-level-1 ' ><li class='ez-toc-page-1 ez-toc-heading-level-2'><a class=\"ez-toc-link ez-toc-heading-1\" href=\"https:\/\/dudasytextos.com\/causasde\/causas-de-la-falta-de-oxigeno-en-el-cerebro\/#Causas_de_la_falta_de_oxigeno_en_el_cerebro\" >Causas de la falta de ox\u00edgeno en el cerebro<\/a><\/li><li class='ez-toc-page-1 ez-toc-heading-level-2'><a class=\"ez-toc-link ez-toc-heading-2\" href=\"https:\/\/dudasytextos.com\/causasde\/causas-de-la-falta-de-oxigeno-en-el-cerebro\/#Curiosidades_y_datos_interesantes\" >Curiosidades y datos interesantes<\/a><\/li><li class='ez-toc-page-1 ez-toc-heading-level-2'><a class=\"ez-toc-link ez-toc-heading-3\" href=\"https:\/\/dudasytextos.com\/causasde\/causas-de-la-falta-de-oxigeno-en-el-cerebro\/#%C2%BFQue_es_la_falta_de_oxigeno_en_el_cerebro\" >\u00bfQu\u00e9 es la falta de ox\u00edgeno en el cerebro?<\/a><\/li><li class='ez-toc-page-1 ez-toc-heading-level-2'><a class=\"ez-toc-link ez-toc-heading-4\" href=\"https:\/\/dudasytextos.com\/causasde\/causas-de-la-falta-de-oxigeno-en-el-cerebro\/#%C2%BFCuales_son_las_causas_de_la_falta_de_oxigeno_en_el_cerebro\" >\u00bfCu\u00e1les son las causas de la falta de ox\u00edgeno en el cerebro?<\/a><\/li><li class='ez-toc-page-1 ez-toc-heading-level-2'><a class=\"ez-toc-link ez-toc-heading-5\" href=\"https:\/\/dudasytextos.com\/causasde\/causas-de-la-falta-de-oxigeno-en-el-cerebro\/#%C2%BFComo_puedo_prevenir_la_falta_de_oxigeno_en_el_cerebro\" >\u00bfC\u00f3mo puedo prevenir la falta de ox\u00edgeno en el cerebro?<\/a><\/li><li class='ez-toc-page-1 ez-toc-heading-level-2'><a class=\"ez-toc-link ez-toc-heading-6\" href=\"https:\/\/dudasytextos.com\/causasde\/causas-de-la-falta-de-oxigeno-en-el-cerebro\/#Mi_experiencia_personal\" >Mi experiencia personal<\/a><\/li><li class='ez-toc-page-1 ez-toc-heading-level-2'><a class=\"ez-toc-link ez-toc-heading-7\" href=\"https:\/\/dudasytextos.com\/causasde\/causas-de-la-falta-de-oxigeno-en-el-cerebro\/#Preguntas_frecuentes\" >Preguntas frecuentes<\/a><ul class='ez-toc-list-level-3' ><li class='ez-toc-heading-level-3'><a class=\"ez-toc-link ez-toc-heading-8\" href=\"https:\/\/dudasytextos.com\/causasde\/causas-de-la-falta-de-oxigeno-en-el-cerebro\/#%C2%BFLa_falta_de_oxigeno_en_el_cerebro_siempre_causa_dano_cerebral_irreversible\" >\u00bfLa falta de ox\u00edgeno en el cerebro siempre causa da\u00f1o cerebral irreversible?<\/a><\/li><li class='ez-toc-page-1 ez-toc-heading-level-3'><a class=\"ez-toc-link ez-toc-heading-9\" href=\"https:\/\/dudasytextos.com\/causasde\/causas-de-la-falta-de-oxigeno-en-el-cerebro\/#%C2%BFHay_alguna_forma_de_medir_el_nivel_de_oxigeno_en_el_cerebro\" >\u00bfHay alguna forma de medir el nivel de ox\u00edgeno en el cerebro?<\/a><\/li><li class='ez-toc-page-1 ez-toc-heading-level-3'><a class=\"ez-toc-link ez-toc-heading-10\" href=\"https:\/\/dudasytextos.com\/causasde\/causas-de-la-falta-de-oxigeno-en-el-cerebro\/#%C2%BFQue_debo_hacer_si_creo_que_estoy_experimentando_falta_de_oxigeno_en_el_cerebro\" >\u00bfQu\u00e9 debo hacer si creo que estoy experimentando falta de ox\u00edgeno en el cerebro?<\/a><\/li><\/ul><\/li><\/ul><\/nav><\/div>\n<h2><span class=\"ez-toc-section\" id=\"Causas_de_la_falta_de_oxigeno_en_el_cerebro\"><\/span>Causas de la falta de ox\u00edgeno en el cerebro<span class=\"ez-toc-section-end\"><\/span><\/h2>\n<section>\n<h2><span class=\"ez-toc-section\" id=\"Curiosidades_y_datos_interesantes\"><\/span>Curiosidades y datos interesantes<span class=\"ez-toc-section-end\"><\/span><\/h2>\n<ul>\n<li>El cerebro consume el 20% del ox\u00edgeno que respiramos.<\/li>\n<li>La falta de ox\u00edgeno en el cerebro puede causar da\u00f1o cerebral irreversible.<\/li>\n<li>La mayor\u00eda de las personas experimentan una disminuci\u00f3n en el flujo de ox\u00edgeno al cerebro a medida que envejecen.<\/li>\n<li>La falta de ox\u00edgeno en el cerebro puede ser causada por una variedad de factores, desde el estr\u00e9s hasta la exposici\u00f3n a sustancias t\u00f3xicas.<\/li>\n<\/ul>\n<\/section>\n<section>\n<h2><span class=\"ez-toc-section\" id=\"%C2%BFQue_es_la_falta_de_oxigeno_en_el_cerebro\"><\/span>\u00bfQu\u00e9 es la falta de ox\u00edgeno en el cerebro?<span class=\"ez-toc-section-end\"><\/span><\/h2>\n<p>La falta de ox\u00edgeno en el cerebro, tambi\u00e9n conocida como hipoxia cerebral, es una condici\u00f3n en la que el cerebro no recibe suficiente ox\u00edgeno para funcionar correctamente. El ox\u00edgeno es esencial para el funcionamiento del cerebro, ya que permite que las c\u00e9lulas cerebrales produzcan energ\u00eda y realicen funciones cr\u00edticas como el pensamiento, la memoria y la coordinaci\u00f3n muscular.<\/p>\n<p>La falta de ox\u00edgeno en el cerebro puede ser causada por una variedad de factores, desde enfermedades hasta situaciones cotidianas que pueden afectar el flujo sangu\u00edneo al cerebro.<\/p>\n<\/section>\n<section>\n<h2><span class=\"ez-toc-section\" id=\"%C2%BFCuales_son_las_causas_de_la_falta_de_oxigeno_en_el_cerebro\"><\/span>\u00bfCu\u00e1les son las causas de la falta de ox\u00edgeno en el cerebro?<span class=\"ez-toc-section-end\"><\/span><\/h2>\n<p>Hay muchas causas de la falta de ox\u00edgeno en el cerebro. Algunas de las m\u00e1s comunes son:<\/p>\n<ul>\n<li>Lesiones cerebrales traum\u00e1ticas o enfermedades que afectan el flujo sangu\u00edneo al cerebro.<\/li>\n<li>Problemas respiratorios, como el asma, la apnea del sue\u00f1o y la enfermedad pulmonar obstructiva cr\u00f3nica (EPOC).<\/li>\n<li>Enfermedades del coraz\u00f3n y problemas circulatorios.<\/li>\n<li>Estr\u00e9s y ansiedad cr\u00f3nicos.<\/li>\n<li>Exposici\u00f3n a sustancias t\u00f3xicas, como mon\u00f3xido de carbono o venenos.<\/li>\n<li>Consumo de drogas y alcohol.<\/li>\n<li>Pr\u00e1ctica de deportes extremos o actividades de alto riesgo.<\/li>\n<\/ul>\n<\/section>\n<section>\n<h2><span class=\"ez-toc-section\" id=\"%C2%BFComo_puedo_prevenir_la_falta_de_oxigeno_en_el_cerebro\"><\/span>\u00bfC\u00f3mo puedo prevenir la falta de ox\u00edgeno en el cerebro?<span class=\"ez-toc-section-end\"><\/span><\/h2>\n<p>Hay muchas cosas que puedes hacer para prevenir la falta de ox\u00edgeno en el cerebro. Algunas de ellas son:<\/p>\n<ul>\n<li>Mantener una dieta saludable y equilibrada que incluya alimentos ricos en nutrientes y antioxidantes.<\/li>\n<li>Ejercitarse regularmente para mejorar la circulaci\u00f3n sangu\u00ednea.<\/li>\n<li>Controlar el estr\u00e9s y la ansiedad a trav\u00e9s de t\u00e9cnicas de relajaci\u00f3n como la meditaci\u00f3n y el yoga.<\/li>\n<li>Evitar la exposici\u00f3n a sustancias t\u00f3xicas, como el humo del cigarrillo y los productos qu\u00edmicos t\u00f3xicos.<\/li>\n<li>Mantener una buena higiene del sue\u00f1o y evitar la privaci\u00f3n del sue\u00f1o.<\/li>\n<li>Evitar el consumo excesivo de alcohol y drogas.<\/li>\n<\/ul>\n<\/section>\n<section>\n<h2><span class=\"ez-toc-section\" id=\"Mi_experiencia_personal\"><\/span>Mi experiencia personal<span class=\"ez-toc-section-end\"><\/span><\/h2>\n<p>En mi caso, he notado que cuando no duermo bien o me salto comidas importantes, me siento m\u00e1s cansada y con menos energ\u00eda mental. Hace un tiempo empec\u00e9 a llevar una dieta m\u00e1s saludable, a hacer ejercicio regularmente y a practicar t\u00e9cnicas de relajaci\u00f3n para controlar el estr\u00e9s. Estos cambios han hecho una gran diferencia en c\u00f3mo me siento d\u00eda a d\u00eda y en mi capacidad para concentrarme y realizar tareas mentalmente exigentes.<\/p>\n<\/section>\n<section>\n<h2><span class=\"ez-toc-section\" id=\"Preguntas_frecuentes\"><\/span>Preguntas frecuentes<span class=\"ez-toc-section-end\"><\/span><\/h2>\n<h3><span class=\"ez-toc-section\" id=\"%C2%BFLa_falta_de_oxigeno_en_el_cerebro_siempre_causa_dano_cerebral_irreversible\"><\/span>\u00bfLa falta de ox\u00edgeno en el cerebro siempre causa da\u00f1o cerebral irreversible?<span class=\"ez-toc-section-end\"><\/span><\/h3>\n<p>No necesariamente. Si la falta de ox\u00edgeno se detecta temprano y se trata de inmediato, es posible evitar el da\u00f1o cerebral permanente. Sin embargo, si la falta de ox\u00edgeno es prolongada o severa, puede causar da\u00f1o cerebral irreversible.<\/p>\n<h3><span class=\"ez-toc-section\" id=\"%C2%BFHay_alguna_forma_de_medir_el_nivel_de_oxigeno_en_el_cerebro\"><\/span>\u00bfHay alguna forma de medir el nivel de ox\u00edgeno en el cerebro?<span class=\"ez-toc-section-end\"><\/span><\/h3>\n<p>Actualmente, no hay una forma precisa de medir el nivel de ox\u00edgeno en el cerebro en tiempo real. Sin embargo, los m\u00e9dicos pueden usar pruebas como la tomograf\u00eda computarizada y la resonancia magn\u00e9tica para detectar da\u00f1o cerebral debido a la falta de ox\u00edgeno.<\/p>\n<h3><span class=\"ez-toc-section\" id=\"%C2%BFQue_debo_hacer_si_creo_que_estoy_experimentando_falta_de_oxigeno_en_el_cerebro\"><\/span>\u00bfQu\u00e9 debo hacer si creo que estoy experimentando falta de ox\u00edgeno en el cerebro?<span class=\"ez-toc-section-end\"><\/span><\/h3>\n<p>Si crees que est\u00e1s experimentando falta de ox\u00edgeno en el cerebro, es importante que busques atenci\u00f3n m\u00e9dica de inmediato. Los s\u00edntomas pueden incluir mareo, confusi\u00f3n y dificultad para respirar.<\/p>\n<\/section>\n<footer>\n<p>Art\u00edculo escrito por Ana Gonz\u00e1lez.<\/p>\n<\/footer>\n","protected":false},"excerpt":{"rendered":"<p>Causas de la falta de ox\u00edgeno en el cerebro Curiosidades y datos interesantes El cerebro consume el 20% del ox\u00edgeno que respiramos. La falta de ox\u00edgeno en el cerebro puede causar da\u00f1o cerebral irreversible. La mayor\u00eda de las personas experimentan una disminuci\u00f3n en el flujo de ox\u00edgeno al cerebro a medida que envejecen. La falta &#8230; <a title=\"Causas de la falta de oxigeno en el cerebro\" class=\"read-more\" href=\"https:\/\/dudasytextos.com\/causasde\/causas-de-la-falta-de-oxigeno-en-el-cerebro\/\" aria-label=\"M\u00e1s en Causas de la falta de oxigeno en el cerebro\">Leer m\u00e1s<\/a><\/p>\n","protected":false},"author":1,"featured_media":0,"comment_status":"open","ping_status":"open","sticky":false,"template":"","format":"standard","meta":{"footnotes":""},"categories":[4],"tags":[],"class_list":["post-160337","post","type-post","status-publish","format-standard","hentry","category-conoce-las-causas"],"aioseo_notices":[],"aioseo_head":"\n\t\t<!-- All in One SEO 5.0.1.1 - aioseo.com -->\n\t<meta name=\"description\" content=\"Causas de la falta de ox\u00edgeno en el cerebro Curiosidades y datos interesantes El cerebro consume el 20% del ox\u00edgeno que respiramos. La falta de ox\u00edgeno en el cerebro puede causar da\u00f1o cerebral irreversible. La mayor\u00eda de las personas experimentan una disminuci\u00f3n en el flujo de ox\u00edgeno al cerebro a medida que envejecen. La falta\" \/>\n\t<meta name=\"robots\" content=\"max-snippet:-1, max-image-preview:large, max-video-preview:-1\" \/>\n\t<meta name=\"author\" content=\"Ana Gonz\u00e1lez\"\/>\n\t<link rel=\"canonical\" href=\"https:\/\/dudasytextos.com\/causasde\/causas-de-la-falta-de-oxigeno-en-el-cerebro\/\" \/>\n\t<meta name=\"generator\" content=\"All in One SEO (AIOSEO) 5.0.1.1\" \/>\n\n\t\t<!-- Google tag (gtag.js) -->\n<script async src=\"https:\/\/www.googletagmanager.com\/gtag\/js?id=G-1RZBHH3Z7E\"><\/script>\n<script>\n  window.dataLayer = window.dataLayer || [];\n  function gtag(){dataLayer.push(arguments);}\n  gtag('js', new Date());\n\n  gtag('config', 'G-1RZBHH3Z7E');\n<\/script>\n<script async src=\"https:\/\/pagead2.googlesyndication.com\/pagead\/js\/adsbygoogle.js?client=ca-pub-3987500858204711\"\n     crossorigin=\"anonymous\"><\/script>\n\t\t<meta property=\"og:locale\" content=\"es_ES\" \/>\n\t\t<meta property=\"og:site_name\" content=\"Conoce las causas - Conoce las causas\" \/>\n\t\t<meta property=\"og:type\" content=\"article\" \/>\n\t\t<meta property=\"og:title\" content=\"Causas de la falta de oxigeno en el cerebro (2026) Conoce las causas\" \/>\n\t\t<meta property=\"og:description\" content=\"Causas de la falta de ox\u00edgeno en el cerebro Curiosidades y datos interesantes El cerebro consume el 20% del ox\u00edgeno que respiramos. La falta de ox\u00edgeno en el cerebro puede causar da\u00f1o cerebral irreversible. La mayor\u00eda de las personas experimentan una disminuci\u00f3n en el flujo de ox\u00edgeno al cerebro a medida que envejecen. La falta\" \/>\n\t\t<meta property=\"og:url\" content=\"https:\/\/dudasytextos.com\/causasde\/causas-de-la-falta-de-oxigeno-en-el-cerebro\/\" \/>\n\t\t<meta property=\"article:published_time\" content=\"2025-02-27T16:53:29+00:00\" \/>\n\t\t<meta property=\"article:modified_time\" content=\"2025-03-12T15:47:41+00:00\" \/>\n\t\t<meta name=\"twitter:card\" content=\"summary_large_image\" \/>\n\t\t<meta name=\"twitter:title\" content=\"Causas de la falta de oxigeno en el cerebro (2026) Conoce las causas\" \/>\n\t\t<meta name=\"twitter:description\" content=\"Causas de la falta de ox\u00edgeno en el cerebro Curiosidades y datos interesantes El cerebro consume el 20% del ox\u00edgeno que respiramos. La falta de ox\u00edgeno en el cerebro puede causar da\u00f1o cerebral irreversible. La mayor\u00eda de las personas experimentan una disminuci\u00f3n en el flujo de ox\u00edgeno al cerebro a medida que envejecen. La falta\" \/>\n\t\t<script type=\"application\/ld+json\" class=\"aioseo-schema\">\n\t\t\t{\"@context\":\"https:\\\/\\\/schema.org\",\"@graph\":[{\"@type\":\"BlogPosting\",\"@id\":\"https:\\\/\\\/dudasytextos.com\\\/causasde\\\/causas-de-la-falta-de-oxigeno-en-el-cerebro\\\/#blogposting\",\"name\":\"Causas de la falta de oxigeno en el cerebro (2026) Conoce las causas\",\"headline\":\"Causas de la falta de oxigeno en el cerebro\",\"author\":{\"@id\":\"https:\\\/\\\/dudasytextos.com\\\/causasde\\\/author\\\/admin44\\\/#author\"},\"publisher\":{\"@id\":\"https:\\\/\\\/dudasytextos.com\\\/causasde\\\/#organization\"},\"datePublished\":\"2025-02-27T16:53:29+00:00\",\"dateModified\":\"2025-03-12T15:47:41+00:00\",\"inLanguage\":\"es-ES\",\"mainEntityOfPage\":{\"@id\":\"https:\\\/\\\/dudasytextos.com\\\/causasde\\\/causas-de-la-falta-de-oxigeno-en-el-cerebro\\\/#webpage\"},\"isPartOf\":{\"@id\":\"https:\\\/\\\/dudasytextos.com\\\/causasde\\\/causas-de-la-falta-de-oxigeno-en-el-cerebro\\\/#webpage\"},\"articleSection\":\"Conoce las causas\"},{\"@type\":\"BreadcrumbList\",\"@id\":\"https:\\\/\\\/dudasytextos.com\\\/causasde\\\/causas-de-la-falta-de-oxigeno-en-el-cerebro\\\/#breadcrumblist\",\"itemListElement\":[{\"@type\":\"ListItem\",\"@id\":\"https:\\\/\\\/dudasytextos.com\\\/causasde#listItem\",\"position\":1,\"name\":\"Inicio\",\"item\":\"https:\\\/\\\/dudasytextos.com\\\/causasde\",\"nextItem\":{\"@type\":\"ListItem\",\"@id\":\"https:\\\/\\\/dudasytextos.com\\\/causasde\\\/category\\\/conoce-las-causas\\\/#listItem\",\"name\":\"Conoce las causas\"}},{\"@type\":\"ListItem\",\"@id\":\"https:\\\/\\\/dudasytextos.com\\\/causasde\\\/category\\\/conoce-las-causas\\\/#listItem\",\"position\":2,\"name\":\"Conoce las causas\",\"item\":\"https:\\\/\\\/dudasytextos.com\\\/causasde\\\/category\\\/conoce-las-causas\\\/\",\"nextItem\":{\"@type\":\"ListItem\",\"@id\":\"https:\\\/\\\/dudasytextos.com\\\/causasde\\\/causas-de-la-falta-de-oxigeno-en-el-cerebro\\\/#listItem\",\"name\":\"Causas de la falta de oxigeno en el cerebro\"},\"previousItem\":{\"@type\":\"ListItem\",\"@id\":\"https:\\\/\\\/dudasytextos.com\\\/causasde#listItem\",\"name\":\"Inicio\"}},{\"@type\":\"ListItem\",\"@id\":\"https:\\\/\\\/dudasytextos.com\\\/causasde\\\/causas-de-la-falta-de-oxigeno-en-el-cerebro\\\/#listItem\",\"position\":3,\"name\":\"Causas de la falta de oxigeno en el cerebro\",\"previousItem\":{\"@type\":\"ListItem\",\"@id\":\"https:\\\/\\\/dudasytextos.com\\\/causasde\\\/category\\\/conoce-las-causas\\\/#listItem\",\"name\":\"Conoce las causas\"}}]},{\"@type\":\"Organization\",\"@id\":\"https:\\\/\\\/dudasytextos.com\\\/causasde\\\/#organization\",\"name\":\"\\u00bfC\\u00f3mo funciona?\",\"description\":\"Conoce las causas\",\"url\":\"https:\\\/\\\/dudasytextos.com\\\/causasde\\\/\"},{\"@type\":\"Person\",\"@id\":\"https:\\\/\\\/dudasytextos.com\\\/causasde\\\/author\\\/admin44\\\/#author\",\"url\":\"https:\\\/\\\/dudasytextos.com\\\/causasde\\\/author\\\/admin44\\\/\",\"name\":\"Ana Gonz\\u00e1lez\"},{\"@type\":\"WebPage\",\"@id\":\"https:\\\/\\\/dudasytextos.com\\\/causasde\\\/causas-de-la-falta-de-oxigeno-en-el-cerebro\\\/#webpage\",\"url\":\"https:\\\/\\\/dudasytextos.com\\\/causasde\\\/causas-de-la-falta-de-oxigeno-en-el-cerebro\\\/\",\"name\":\"Causas de la falta de oxigeno en el cerebro (2026) Conoce las causas\",\"description\":\"Causas de la falta de ox\\u00edgeno en el cerebro Curiosidades y datos interesantes El cerebro consume el 20% del ox\\u00edgeno que respiramos. La falta de ox\\u00edgeno en el cerebro puede causar da\\u00f1o cerebral irreversible. La mayor\\u00eda de las personas experimentan una disminuci\\u00f3n en el flujo de ox\\u00edgeno al cerebro a medida que envejecen. La falta\",\"inLanguage\":\"es-ES\",\"isPartOf\":{\"@id\":\"https:\\\/\\\/dudasytextos.com\\\/causasde\\\/#website\"},\"breadcrumb\":{\"@id\":\"https:\\\/\\\/dudasytextos.com\\\/causasde\\\/causas-de-la-falta-de-oxigeno-en-el-cerebro\\\/#breadcrumblist\"},\"author\":{\"@id\":\"https:\\\/\\\/dudasytextos.com\\\/causasde\\\/author\\\/admin44\\\/#author\"},\"creator\":{\"@id\":\"https:\\\/\\\/dudasytextos.com\\\/causasde\\\/author\\\/admin44\\\/#author\"},\"datePublished\":\"2025-02-27T16:53:29+00:00\",\"dateModified\":\"2025-03-12T15:47:41+00:00\"},{\"@type\":\"WebSite\",\"@id\":\"https:\\\/\\\/dudasytextos.com\\\/causasde\\\/#website\",\"url\":\"https:\\\/\\\/dudasytextos.com\\\/causasde\\\/\",\"name\":\"\\u00bfC\\u00f3mo funciona?\",\"description\":\"Conoce las causas\",\"inLanguage\":\"es-ES\",\"publisher\":{\"@id\":\"https:\\\/\\\/dudasytextos.com\\\/causasde\\\/#organization\"}}]}\n\t\t<\/script>\n\t\t<!-- All in One SEO -->\n\n","aioseo_head_json":{"title":"Causas de la falta de oxigeno en el cerebro (2026) Conoce las causas","description":"Causas de la falta de ox\u00edgeno en el cerebro Curiosidades y datos interesantes El cerebro consume el 20% del ox\u00edgeno que respiramos. La falta de ox\u00edgeno en el cerebro puede causar da\u00f1o cerebral irreversible. La mayor\u00eda de las personas experimentan una disminuci\u00f3n en el flujo de ox\u00edgeno al cerebro a medida que envejecen. La falta","canonical_url":"https:\/\/dudasytextos.com\/causasde\/causas-de-la-falta-de-oxigeno-en-el-cerebro\/","robots":"max-snippet:-1, max-image-preview:large, max-video-preview:-1","keywords":"","webmasterTools":{"miscellaneous":"&lt;!-- Google tag (gtag.js) --&gt;\n&lt;script async src=\"https:\/\/www.googletagmanager.com\/gtag\/js?id=G-1RZBHH3Z7E\"&gt;&lt;\/script&gt;\n&lt;script&gt;\n  window.dataLayer = window.dataLayer || [];\n  function gtag(){dataLayer.push(arguments);}\n  gtag('js', new Date());\n\n  gtag('config', 'G-1RZBHH3Z7E');\n&lt;\/script&gt;\n&lt;script async src=\"https:\/\/pagead2.googlesyndication.com\/pagead\/js\/adsbygoogle.js?client=ca-pub-3987500858204711\"\n     crossorigin=\"anonymous\"&gt;&lt;\/script&gt;"},"schema":{"@context":"https:\/\/schema.org","@graph":[{"@type":"BlogPosting","@id":"https:\/\/dudasytextos.com\/causasde\/causas-de-la-falta-de-oxigeno-en-el-cerebro\/#blogposting","name":"Causas de la falta de oxigeno en el cerebro (2026) Conoce las causas","headline":"Causas de la falta de oxigeno en el cerebro","author":{"@id":"https:\/\/dudasytextos.com\/causasde\/author\/admin44\/#author"},"publisher":{"@id":"https:\/\/dudasytextos.com\/causasde\/#organization"},"datePublished":"2025-02-27T16:53:29+00:00","dateModified":"2025-03-12T15:47:41+00:00","inLanguage":"es-ES","mainEntityOfPage":{"@id":"https:\/\/dudasytextos.com\/causasde\/causas-de-la-falta-de-oxigeno-en-el-cerebro\/#webpage"},"isPartOf":{"@id":"https:\/\/dudasytextos.com\/causasde\/causas-de-la-falta-de-oxigeno-en-el-cerebro\/#webpage"},"articleSection":"Conoce las causas"},{"@type":"BreadcrumbList","@id":"https:\/\/dudasytextos.com\/causasde\/causas-de-la-falta-de-oxigeno-en-el-cerebro\/#breadcrumblist","itemListElement":[{"@type":"ListItem","@id":"https:\/\/dudasytextos.com\/causasde#listItem","position":1,"name":"Inicio","item":"https:\/\/dudasytextos.com\/causasde","nextItem":{"@type":"ListItem","@id":"https:\/\/dudasytextos.com\/causasde\/category\/conoce-las-causas\/#listItem","name":"Conoce las causas"}},{"@type":"ListItem","@id":"https:\/\/dudasytextos.com\/causasde\/category\/conoce-las-causas\/#listItem","position":2,"name":"Conoce las causas","item":"https:\/\/dudasytextos.com\/causasde\/category\/conoce-las-causas\/","nextItem":{"@type":"ListItem","@id":"https:\/\/dudasytextos.com\/causasde\/causas-de-la-falta-de-oxigeno-en-el-cerebro\/#listItem","name":"Causas de la falta de oxigeno en el cerebro"},"previousItem":{"@type":"ListItem","@id":"https:\/\/dudasytextos.com\/causasde#listItem","name":"Inicio"}},{"@type":"ListItem","@id":"https:\/\/dudasytextos.com\/causasde\/causas-de-la-falta-de-oxigeno-en-el-cerebro\/#listItem","position":3,"name":"Causas de la falta de oxigeno en el cerebro","previousItem":{"@type":"ListItem","@id":"https:\/\/dudasytextos.com\/causasde\/category\/conoce-las-causas\/#listItem","name":"Conoce las causas"}}]},{"@type":"Organization","@id":"https:\/\/dudasytextos.com\/causasde\/#organization","name":"\u00bfC\u00f3mo funciona?","description":"Conoce las causas","url":"https:\/\/dudasytextos.com\/causasde\/"},{"@type":"Person","@id":"https:\/\/dudasytextos.com\/causasde\/author\/admin44\/#author","url":"https:\/\/dudasytextos.com\/causasde\/author\/admin44\/","name":"Ana Gonz\u00e1lez"},{"@type":"WebPage","@id":"https:\/\/dudasytextos.com\/causasde\/causas-de-la-falta-de-oxigeno-en-el-cerebro\/#webpage","url":"https:\/\/dudasytextos.com\/causasde\/causas-de-la-falta-de-oxigeno-en-el-cerebro\/","name":"Causas de la falta de oxigeno en el cerebro (2026) Conoce las causas","description":"Causas de la falta de ox\u00edgeno en el cerebro Curiosidades y datos interesantes El cerebro consume el 20% del ox\u00edgeno que respiramos. La falta de ox\u00edgeno en el cerebro puede causar da\u00f1o cerebral irreversible. La mayor\u00eda de las personas experimentan una disminuci\u00f3n en el flujo de ox\u00edgeno al cerebro a medida que envejecen. La falta","inLanguage":"es-ES","isPartOf":{"@id":"https:\/\/dudasytextos.com\/causasde\/#website"},"breadcrumb":{"@id":"https:\/\/dudasytextos.com\/causasde\/causas-de-la-falta-de-oxigeno-en-el-cerebro\/#breadcrumblist"},"author":{"@id":"https:\/\/dudasytextos.com\/causasde\/author\/admin44\/#author"},"creator":{"@id":"https:\/\/dudasytextos.com\/causasde\/author\/admin44\/#author"},"datePublished":"2025-02-27T16:53:29+00:00","dateModified":"2025-03-12T15:47:41+00:00"},{"@type":"WebSite","@id":"https:\/\/dudasytextos.com\/causasde\/#website","url":"https:\/\/dudasytextos.com\/causasde\/","name":"\u00bfC\u00f3mo funciona?","description":"Conoce las causas","inLanguage":"es-ES","publisher":{"@id":"https:\/\/dudasytextos.com\/causasde\/#organization"}}]},"og:locale":"es_ES","og:site_name":"Conoce las causas - Conoce las causas","og:type":"article","og:title":"Causas de la falta de oxigeno en el cerebro (2026) Conoce las causas","og:description":"Causas de la falta de ox\u00edgeno en el cerebro Curiosidades y datos interesantes El cerebro consume el 20% del ox\u00edgeno que respiramos. La falta de ox\u00edgeno en el cerebro puede causar da\u00f1o cerebral irreversible. La mayor\u00eda de las personas experimentan una disminuci\u00f3n en el flujo de ox\u00edgeno al cerebro a medida que envejecen. La falta","og:url":"https:\/\/dudasytextos.com\/causasde\/causas-de-la-falta-de-oxigeno-en-el-cerebro\/","article:published_time":"2025-02-27T16:53:29+00:00","article:modified_time":"2025-03-12T15:47:41+00:00","twitter:card":"summary_large_image","twitter:title":"Causas de la falta de oxigeno en el cerebro (2026) Conoce las causas","twitter:description":"Causas de la falta de ox\u00edgeno en el cerebro Curiosidades y datos interesantes El cerebro consume el 20% del ox\u00edgeno que respiramos. La falta de ox\u00edgeno en el cerebro puede causar da\u00f1o cerebral irreversible. La mayor\u00eda de las personas experimentan una disminuci\u00f3n en el flujo de ox\u00edgeno al cerebro a medida que envejecen. La falta"},"aioseo_meta_data":{"post_id":"160337","title":null,"description":null,"keywords":null,"keyphrases":null,"primary_term":null,"canonical_url":null,"og_title":null,"og_description":null,"og_object_type":"default","og_image_type":"default","og_image_url":null,"og_image_width":null,"og_image_height":null,"og_image_custom_url":null,"og_image_custom_fields":null,"og_video":null,"og_custom_url":null,"og_article_section":null,"og_article_tags":null,"twitter_use_og":false,"twitter_card":"default","twitter_image_type":"default","twitter_image_url":null,"twitter_image_custom_url":null,"twitter_image_custom_fields":null,"twitter_title":null,"twitter_description":null,"schema":{"blockGraphs":[],"customGraphs":[],"default":{"data":{"Article":[],"Course":[],"Dataset":[],"FAQPage":[],"Movie":[],"Person":[],"Product":[],"ProductReview":[],"Car":[],"Recipe":[],"Service":[],"SoftwareApplication":[],"WebPage":[]},"graphName":"","isEnabled":true},"graphs":[]},"schema_type":"default","schema_type_options":null,"pillar_content":false,"robots_default":true,"robots_noindex":false,"robots_noarchive":false,"robots_nosnippet":false,"robots_nofollow":false,"robots_noimageindex":false,"robots_noodp":false,"robots_notranslate":false,"robots_max_snippet":null,"robots_max_videopreview":null,"robots_max_imagepreview":"large","priority":null,"frequency":null,"local_seo":null,"breadcrumb_settings":null,"limit_modified_date":false,"ai":null,"created":"2023-05-13 05:04:37","updated":"2025-06-04 04:41:57","seo_analyzer_scan_date":null,"focus_keyword":null,"additional_keywords":null,"truseo_locale":null},"aioseo_breadcrumb":"<div class=\"aioseo-breadcrumbs\"><span class=\"aioseo-breadcrumb\">\n\t\t\t<a href=\"https:\/\/dudasytextos.com\/causasde\" title=\"Inicio\">Inicio<\/a>\n\t\t<\/span><span class=\"aioseo-breadcrumb-separator\">&raquo;<\/span><span class=\"aioseo-breadcrumb\">\n\t\t\t<a href=\"https:\/\/dudasytextos.com\/causasde\/category\/conoce-las-causas\/\" title=\"Conoce las causas\">Conoce las causas<\/a>\n\t\t<\/span><span class=\"aioseo-breadcrumb-separator\">&raquo;<\/span><span class=\"aioseo-breadcrumb\">\n\t\t\tCausas de la falta de oxigeno en el cerebro\n\t\t<\/span><\/div>","aioseo_breadcrumb_json":[{"label":"Inicio","link":"https:\/\/dudasytextos.com\/causasde"},{"label":"Conoce las causas","link":"https:\/\/dudasytextos.com\/causasde\/category\/conoce-las-causas\/"},{"label":"Causas de la falta de oxigeno en el cerebro","link":"https:\/\/dudasytextos.com\/causasde\/causas-de-la-falta-de-oxigeno-en-el-cerebro\/"}],"_links":{"self":[{"href":"https:\/\/dudasytextos.com\/causasde\/wp-json\/wp\/v2\/posts\/160337","targetHints":{"allow":["GET"]}}],"collection":[{"href":"https:\/\/dudasytextos.com\/causasde\/wp-json\/wp\/v2\/posts"}],"about":[{"href":"https:\/\/dudasytextos.com\/causasde\/wp-json\/wp\/v2\/types\/post"}],"author":[{"embeddable":true,"href":"https:\/\/dudasytextos.com\/causasde\/wp-json\/wp\/v2\/users\/1"}],"replies":[{"embeddable":true,"href":"https:\/\/dudasytextos.com\/causasde\/wp-json\/wp\/v2\/comments?post=160337"}],"version-history":[{"count":1,"href":"https:\/\/dudasytextos.com\/causasde\/wp-json\/wp\/v2\/posts\/160337\/revisions"}],"predecessor-version":[{"id":168242,"href":"https:\/\/dudasytextos.com\/causasde\/wp-json\/wp\/v2\/posts\/160337\/revisions\/168242"}],"wp:attachment":[{"href":"https:\/\/dudasytextos.com\/causasde\/wp-json\/wp\/v2\/media?parent=160337"}],"wp:term":[{"taxonomy":"category","embeddable":true,"href":"https:\/\/dudasytextos.com\/causasde\/wp-json\/wp\/v2\/categories?post=160337"},{"taxonomy":"post_tag","embeddable":true,"href":"https:\/\/dudasytextos.com\/causasde\/wp-json\/wp\/v2\/tags?post=160337"}],"curies":[{"name":"wp","href":"https:\/\/api.w.org\/{rel}","templated":true}]}}