{"id":160368,"date":"2025-03-13T06:46:16","date_gmt":"2025-03-13T06:46:16","guid":{"rendered":"https:\/\/educacion.cc\/?p=160368"},"modified":"2025-03-13T07:35:10","modified_gmt":"2025-03-13T07:35:10","slug":"alzheimer-causas-y-factores-de-riesgo","status":"publish","type":"post","link":"https:\/\/dudasytextos.com\/causasde\/alzheimer-causas-y-factores-de-riesgo\/","title":{"rendered":"Alzheimer causas y factores de riesgo"},"content":{"rendered":"<div id=\"ez-toc-container\" class=\"ez-toc-v2_0_87 counter-hierarchy ez-toc-counter ez-toc-custom ez-toc-container-direction\">\n<div class=\"ez-toc-title-container\">\n<span class=\"ez-toc-title-toggle\"><\/span><\/div>\n<nav><ul class='ez-toc-list ez-toc-list-level-1 ' ><li class='ez-toc-page-1 ez-toc-heading-level-2'><a class=\"ez-toc-link ez-toc-heading-1\" href=\"https:\/\/dudasytextos.com\/causasde\/alzheimer-causas-y-factores-de-riesgo\/#Alzheimer_causas_y_factores_de_riesgo\" >Alzheimer: causas y factores de riesgo<\/a><\/li><li class='ez-toc-page-1 ez-toc-heading-level-2'><a class=\"ez-toc-link ez-toc-heading-2\" href=\"https:\/\/dudasytextos.com\/causasde\/alzheimer-causas-y-factores-de-riesgo\/#Por_Ana_Gonzalez\" >Por Ana Gonz\u00e1lez<\/a><\/li><li class='ez-toc-page-1 ez-toc-heading-level-2'><a class=\"ez-toc-link ez-toc-heading-3\" href=\"https:\/\/dudasytextos.com\/causasde\/alzheimer-causas-y-factores-de-riesgo\/#Curiosidades_e_informacion_interesante_sobre_el_Alzheimer\" >Curiosidades e informaci\u00f3n interesante sobre el Alzheimer<\/a><\/li><li class='ez-toc-page-1 ez-toc-heading-level-2'><a class=\"ez-toc-link ez-toc-heading-4\" href=\"https:\/\/dudasytextos.com\/causasde\/alzheimer-causas-y-factores-de-riesgo\/#Mis_experiencias_con_el_Alzheimer\" >Mis experiencias con el Alzheimer<\/a><\/li><li class='ez-toc-page-1 ez-toc-heading-level-2'><a class=\"ez-toc-link ez-toc-heading-5\" href=\"https:\/\/dudasytextos.com\/causasde\/alzheimer-causas-y-factores-de-riesgo\/#%C2%BFQue_es_el_Alzheimer\" >\u00bfQu\u00e9 es el Alzheimer?<\/a><\/li><li class='ez-toc-page-1 ez-toc-heading-level-2'><a class=\"ez-toc-link ez-toc-heading-6\" href=\"https:\/\/dudasytextos.com\/causasde\/alzheimer-causas-y-factores-de-riesgo\/#Factores_de_riesgo\" >Factores de riesgo<\/a><\/li><li class='ez-toc-page-1 ez-toc-heading-level-2'><a class=\"ez-toc-link ez-toc-heading-7\" href=\"https:\/\/dudasytextos.com\/causasde\/alzheimer-causas-y-factores-de-riesgo\/#Prevencion\" >Prevenci\u00f3n<\/a><\/li><li class='ez-toc-page-1 ez-toc-heading-level-2'><a class=\"ez-toc-link ez-toc-heading-8\" href=\"https:\/\/dudasytextos.com\/causasde\/alzheimer-causas-y-factores-de-riesgo\/#Preguntas_frecuentes\" >Preguntas frecuentes<\/a><ul class='ez-toc-list-level-3' ><li class='ez-toc-heading-level-3'><a class=\"ez-toc-link ez-toc-heading-9\" href=\"https:\/\/dudasytextos.com\/causasde\/alzheimer-causas-y-factores-de-riesgo\/#%C2%BFQue_es_la_enfermedad_de_Alzheimer\" >\u00bfQu\u00e9 es la enfermedad de Alzheimer?<\/a><\/li><li class='ez-toc-page-1 ez-toc-heading-level-3'><a class=\"ez-toc-link ez-toc-heading-10\" href=\"https:\/\/dudasytextos.com\/causasde\/alzheimer-causas-y-factores-de-riesgo\/#%C2%BFCuales_son_los_factores_de_riesgo_para_la_enfermedad_de_Alzheimer\" >\u00bfCu\u00e1les son los factores de riesgo para la enfermedad de Alzheimer?<\/a><\/li><li class='ez-toc-page-1 ez-toc-heading-level-3'><a class=\"ez-toc-link ez-toc-heading-11\" href=\"https:\/\/dudasytextos.com\/causasde\/alzheimer-causas-y-factores-de-riesgo\/#%C2%BFComo_se_puede_prevenir_la_enfermedad_de_Alzheimer\" >\u00bfC\u00f3mo se puede prevenir la enfermedad de Alzheimer?<\/a><\/li><li class='ez-toc-page-1 ez-toc-heading-level-3'><a class=\"ez-toc-link ez-toc-heading-12\" href=\"https:\/\/dudasytextos.com\/causasde\/alzheimer-causas-y-factores-de-riesgo\/#%C2%BFHay_algun_tratamiento_para_la_enfermedad_de_Alzheimer\" >\u00bfHay alg\u00fan tratamiento para la enfermedad de Alzheimer?<\/a><\/li><\/ul><\/li><\/ul><\/nav><\/div>\n<h2><span class=\"ez-toc-section\" id=\"Alzheimer_causas_y_factores_de_riesgo\"><\/span>Alzheimer: causas y factores de riesgo<span class=\"ez-toc-section-end\"><\/span><\/h2>\n<h2><span class=\"ez-toc-section\" id=\"Por_Ana_Gonzalez\"><\/span>Por Ana Gonz\u00e1lez<span class=\"ez-toc-section-end\"><\/span><\/h2>\n<section>\n<h2><span class=\"ez-toc-section\" id=\"Curiosidades_e_informacion_interesante_sobre_el_Alzheimer\"><\/span>Curiosidades e informaci\u00f3n interesante sobre el Alzheimer<span class=\"ez-toc-section-end\"><\/span><\/h2>\n<ul>\n<li>El Alzheimer es una enfermedad neurodegenerativa que afecta principalmente a personas mayores de 65 a\u00f1os.<\/li>\n<li>Se estima que en Espa\u00f1a hay m\u00e1s de 800.000 personas que sufren esta enfermedad.<\/li>\n<li>La enfermedad de Alzheimer fue descubierta por Alois Alzheimer en 1906.<\/li>\n<li>La enfermedad se caracteriza por la p\u00e9rdida progresiva de memoria y la capacidad cognitiva.<\/li>\n<li>Aunque no existe cura para el Alzheimer, existen tratamientos para retrasar su avance y mejorar la calidad de vida de los pacientes.<\/li>\n<\/ul>\n<\/section>\n<section>\n<h2><span class=\"ez-toc-section\" id=\"Mis_experiencias_con_el_Alzheimer\"><\/span>Mis experiencias con el Alzheimer<span class=\"ez-toc-section-end\"><\/span><\/h2>\n<p>Hace varios a\u00f1os, mi abuela fue diagnosticada con la enfermedad de Alzheimer. Al principio, parec\u00eda que era solo un poco de olvido y confusi\u00f3n, pero con el tiempo, se volvi\u00f3 cada vez m\u00e1s evidente que algo estaba mal. Mi abuela comenz\u00f3 a olvidar nombres y fechas importantes, y a veces se perd\u00eda en lugares familiares. Era triste verla luchar con cosas cotidianas que antes eran tan f\u00e1ciles para ella.<\/p>\n<p>Aunque mi familia intent\u00f3 cuidarla en casa durante tanto tiempo como pudimos, finalmente lleg\u00f3 el momento en que tuvimos que buscar ayuda profesional. Fue una decisi\u00f3n dif\u00edcil, pero sab\u00edamos que era lo mejor para ella. Afortunadamente, encontramos una residencia para ancianos que se especializaba en el cuidado de personas con Alzheimer. Aunque nunca fue f\u00e1cil visitarla all\u00ed, sab\u00edamos que estaba recibiendo el cuidado que necesitaba.<\/p>\n<p>Despu\u00e9s de la muerte de mi abuela, decid\u00ed involucrarme en la conciencia y la recaudaci\u00f3n de fondos para la investigaci\u00f3n del Alzheimer. Espero que alg\u00fan d\u00eda se encuentre una cura para esta enfermedad devastadora.<\/p>\n<\/section>\n<section>\n<h2><span class=\"ez-toc-section\" id=\"%C2%BFQue_es_el_Alzheimer\"><\/span>\u00bfQu\u00e9 es el Alzheimer?<span class=\"ez-toc-section-end\"><\/span><\/h2>\n<p>El Alzheimer es una enfermedad neurodegenerativa que afecta principalmente a personas mayores de 65 a\u00f1os. Se caracteriza por la p\u00e9rdida progresiva de la memoria y la capacidad cognitiva, lo que puede dificultar la realizaci\u00f3n de tareas cotidianas. La causa exacta del Alzheimer es desconocida, pero se cree que una combinaci\u00f3n de factores gen\u00e9ticos y ambientales juega un papel importante.<\/p>\n<\/section>\n<section>\n<h2><span class=\"ez-toc-section\" id=\"Factores_de_riesgo\"><\/span>Factores de riesgo<span class=\"ez-toc-section-end\"><\/span><\/h2>\n<p>Hay varios factores de riesgo que pueden aumentar la probabilidad de desarrollar la enfermedad de Alzheimer. Algunos de los factores de riesgo m\u00e1s comunes incluyen:<\/p>\n<ul>\n<li>Edad: la edad es el factor de riesgo m\u00e1s importante para la enfermedad de Alzheimer. La mayor\u00eda de las personas que desarrollan la enfermedad tienen m\u00e1s de 65 a\u00f1os.<\/li>\n<li>Historial familiar: las personas que tienen familiares cercanos con la enfermedad de Alzheimer tienen un mayor riesgo de desarrollar la enfermedad.<\/li>\n<li>Gen\u00e9tica: se han identificado varios genes que pueden aumentar el riesgo de desarrollar la enfermedad de Alzheimer.<\/li>\n<li>Enfermedades cardiovasculares: las enfermedades cardiovasculares, como la hipertensi\u00f3n arterial y la diabetes, pueden aumentar el riesgo de desarrollar la enfermedad de Alzheimer.<\/li>\n<li>Estilo de vida: el estilo de vida tambi\u00e9n puede influir en el riesgo de desarrollar la enfermedad de Alzheimer. Fumar, beber alcohol en exceso y llevar una dieta poco saludable pueden aumentar el riesgo.<\/li>\n<\/ul>\n<\/section>\n<section>\n<h2><span class=\"ez-toc-section\" id=\"Prevencion\"><\/span>Prevenci\u00f3n<span class=\"ez-toc-section-end\"><\/span><\/h2>\n<p>Aunque no existe una forma garantizada de prevenir la enfermedad de Alzheimer, hay algunas cosas que se pueden hacer para reducir el riesgo:<\/p>\n<ul>\n<li>Mantener una dieta saludable y equilibrada.<\/li>\n<li>Ejercicio regularmente.<\/li>\n<li>Mantener la mente activa, por ejemplo, leyendo, haciendo crucigramas o aprendiendo cosas nuevas.<\/li>\n<li>Controlar la presi\u00f3n arterial y el colesterol.<\/li>\n<li>No fumar.<\/li>\n<li>Limitar la cantidad de alcohol que se consume.<\/li>\n<\/ul>\n<\/section>\n<section>\n<h2><span class=\"ez-toc-section\" id=\"Preguntas_frecuentes\"><\/span>Preguntas frecuentes<span class=\"ez-toc-section-end\"><\/span><\/h2>\n<h3><span class=\"ez-toc-section\" id=\"%C2%BFQue_es_la_enfermedad_de_Alzheimer\"><\/span>\u00bfQu\u00e9 es la enfermedad de Alzheimer?<span class=\"ez-toc-section-end\"><\/span><\/h3>\n<p>La enfermedad de Alzheimer es una enfermedad neurodegenerativa que afecta principalmente a personas mayores de 65 a\u00f1os. Se caracteriza por la p\u00e9rdida progresiva de la memoria y la capacidad cognitiva.<\/p>\n<h3><span class=\"ez-toc-section\" id=\"%C2%BFCuales_son_los_factores_de_riesgo_para_la_enfermedad_de_Alzheimer\"><\/span>\u00bfCu\u00e1les son los factores de riesgo para la enfermedad de Alzheimer?<span class=\"ez-toc-section-end\"><\/span><\/h3>\n<p>Los factores de riesgo para la enfermedad de Alzheimer incluyen la edad, el historial familiar, la gen\u00e9tica, las enfermedades cardiovasculares y el estilo de vida.<\/p>\n<h3><span class=\"ez-toc-section\" id=\"%C2%BFComo_se_puede_prevenir_la_enfermedad_de_Alzheimer\"><\/span>\u00bfC\u00f3mo se puede prevenir la enfermedad de Alzheimer?<span class=\"ez-toc-section-end\"><\/span><\/h3>\n<p>Aunque no existe una forma garantizada de prevenir la enfermedad de Alzheimer, se pueden hacer algunas cosas para reducir el riesgo, como mantener una dieta saludable y equilibrada, hacer ejercicio regularmente, mantener la mente activa y controlar la presi\u00f3n arterial y el colesterol.<\/p>\n<h3><span class=\"ez-toc-section\" id=\"%C2%BFHay_algun_tratamiento_para_la_enfermedad_de_Alzheimer\"><\/span>\u00bfHay alg\u00fan tratamiento para la enfermedad de Alzheimer?<span class=\"ez-toc-section-end\"><\/span><\/h3>\n<p>Aunque no existe cura para la enfermedad de Alzheimer, existen tratamientos para retrasar su avance y mejorar la calidad de vida de los pacientes.<\/p>\n<\/section>\n<footer>\n<p>Copyright \u00a9 2023 Ana Gonz\u00e1lez<\/p>\n<\/footer>\n","protected":false},"excerpt":{"rendered":"<p>Alzheimer: causas y factores de riesgo Por Ana Gonz\u00e1lez Curiosidades e informaci\u00f3n interesante sobre el Alzheimer El Alzheimer es una enfermedad neurodegenerativa que afecta principalmente a personas mayores de 65 a\u00f1os. Se estima que en Espa\u00f1a hay m\u00e1s de 800.000 personas que sufren esta enfermedad. La enfermedad de Alzheimer fue descubierta por Alois Alzheimer en &#8230; <a title=\"Alzheimer causas y factores de riesgo\" class=\"read-more\" href=\"https:\/\/dudasytextos.com\/causasde\/alzheimer-causas-y-factores-de-riesgo\/\" aria-label=\"M\u00e1s en Alzheimer causas y factores de riesgo\">Leer m\u00e1s<\/a><\/p>\n","protected":false},"author":1,"featured_media":0,"comment_status":"open","ping_status":"open","sticky":false,"template":"","format":"standard","meta":{"footnotes":""},"categories":[4],"tags":[],"class_list":["post-160368","post","type-post","status-publish","format-standard","hentry","category-conoce-las-causas"],"aioseo_notices":[],"aioseo_head":"\n\t\t<!-- All in One SEO 5.0.1.1 - aioseo.com -->\n\t<meta name=\"description\" content=\"Alzheimer: causas y factores de riesgo Por Ana Gonz\u00e1lez Curiosidades e informaci\u00f3n interesante sobre el Alzheimer El Alzheimer es una enfermedad neurodegenerativa que afecta principalmente a personas mayores de 65 a\u00f1os. Se estima que en Espa\u00f1a hay m\u00e1s de 800.000 personas que sufren esta enfermedad. La enfermedad de Alzheimer fue descubierta por Alois Alzheimer en\" \/>\n\t<meta name=\"robots\" content=\"max-snippet:-1, max-image-preview:large, max-video-preview:-1\" \/>\n\t<meta name=\"author\" content=\"Ana Gonz\u00e1lez\"\/>\n\t<link rel=\"canonical\" href=\"https:\/\/dudasytextos.com\/causasde\/alzheimer-causas-y-factores-de-riesgo\/\" \/>\n\t<meta name=\"generator\" content=\"All in One SEO (AIOSEO) 5.0.1.1\" \/>\n\n\t\t<!-- Google tag (gtag.js) -->\n<script async src=\"https:\/\/www.googletagmanager.com\/gtag\/js?id=G-1RZBHH3Z7E\"><\/script>\n<script>\n  window.dataLayer = window.dataLayer || [];\n  function gtag(){dataLayer.push(arguments);}\n  gtag('js', new Date());\n\n  gtag('config', 'G-1RZBHH3Z7E');\n<\/script>\n<script async src=\"https:\/\/pagead2.googlesyndication.com\/pagead\/js\/adsbygoogle.js?client=ca-pub-3987500858204711\"\n     crossorigin=\"anonymous\"><\/script>\n\t\t<meta property=\"og:locale\" content=\"es_ES\" \/>\n\t\t<meta property=\"og:site_name\" content=\"Conoce las causas - Conoce las causas\" \/>\n\t\t<meta property=\"og:type\" content=\"article\" \/>\n\t\t<meta property=\"og:title\" content=\"Alzheimer causas y factores de riesgo (2026) Conoce las causas\" \/>\n\t\t<meta property=\"og:description\" content=\"Alzheimer: causas y factores de riesgo Por Ana Gonz\u00e1lez Curiosidades e informaci\u00f3n interesante sobre el Alzheimer El Alzheimer es una enfermedad neurodegenerativa que afecta principalmente a personas mayores de 65 a\u00f1os. Se estima que en Espa\u00f1a hay m\u00e1s de 800.000 personas que sufren esta enfermedad. La enfermedad de Alzheimer fue descubierta por Alois Alzheimer en\" \/>\n\t\t<meta property=\"og:url\" content=\"https:\/\/dudasytextos.com\/causasde\/alzheimer-causas-y-factores-de-riesgo\/\" \/>\n\t\t<meta property=\"article:published_time\" content=\"2025-03-13T06:46:16+00:00\" \/>\n\t\t<meta property=\"article:modified_time\" content=\"2025-03-13T07:35:10+00:00\" \/>\n\t\t<meta name=\"twitter:card\" content=\"summary_large_image\" \/>\n\t\t<meta name=\"twitter:title\" content=\"Alzheimer causas y factores de riesgo (2026) Conoce las causas\" \/>\n\t\t<meta name=\"twitter:description\" content=\"Alzheimer: causas y factores de riesgo Por Ana Gonz\u00e1lez Curiosidades e informaci\u00f3n interesante sobre el Alzheimer El Alzheimer es una enfermedad neurodegenerativa que afecta principalmente a personas mayores de 65 a\u00f1os. Se estima que en Espa\u00f1a hay m\u00e1s de 800.000 personas que sufren esta enfermedad. La enfermedad de Alzheimer fue descubierta por Alois Alzheimer en\" \/>\n\t\t<script type=\"application\/ld+json\" class=\"aioseo-schema\">\n\t\t\t{\"@context\":\"https:\\\/\\\/schema.org\",\"@graph\":[{\"@type\":\"BlogPosting\",\"@id\":\"https:\\\/\\\/dudasytextos.com\\\/causasde\\\/alzheimer-causas-y-factores-de-riesgo\\\/#blogposting\",\"name\":\"Alzheimer causas y factores de riesgo (2026) Conoce las causas\",\"headline\":\"Alzheimer causas y factores de riesgo\",\"author\":{\"@id\":\"https:\\\/\\\/dudasytextos.com\\\/causasde\\\/author\\\/admin44\\\/#author\"},\"publisher\":{\"@id\":\"https:\\\/\\\/dudasytextos.com\\\/causasde\\\/#organization\"},\"datePublished\":\"2025-03-13T06:46:16+00:00\",\"dateModified\":\"2025-03-13T07:35:10+00:00\",\"inLanguage\":\"es-ES\",\"mainEntityOfPage\":{\"@id\":\"https:\\\/\\\/dudasytextos.com\\\/causasde\\\/alzheimer-causas-y-factores-de-riesgo\\\/#webpage\"},\"isPartOf\":{\"@id\":\"https:\\\/\\\/dudasytextos.com\\\/causasde\\\/alzheimer-causas-y-factores-de-riesgo\\\/#webpage\"},\"articleSection\":\"Conoce las causas\"},{\"@type\":\"BreadcrumbList\",\"@id\":\"https:\\\/\\\/dudasytextos.com\\\/causasde\\\/alzheimer-causas-y-factores-de-riesgo\\\/#breadcrumblist\",\"itemListElement\":[{\"@type\":\"ListItem\",\"@id\":\"https:\\\/\\\/dudasytextos.com\\\/causasde#listItem\",\"position\":1,\"name\":\"Inicio\",\"item\":\"https:\\\/\\\/dudasytextos.com\\\/causasde\",\"nextItem\":{\"@type\":\"ListItem\",\"@id\":\"https:\\\/\\\/dudasytextos.com\\\/causasde\\\/category\\\/conoce-las-causas\\\/#listItem\",\"name\":\"Conoce las causas\"}},{\"@type\":\"ListItem\",\"@id\":\"https:\\\/\\\/dudasytextos.com\\\/causasde\\\/category\\\/conoce-las-causas\\\/#listItem\",\"position\":2,\"name\":\"Conoce las causas\",\"item\":\"https:\\\/\\\/dudasytextos.com\\\/causasde\\\/category\\\/conoce-las-causas\\\/\",\"nextItem\":{\"@type\":\"ListItem\",\"@id\":\"https:\\\/\\\/dudasytextos.com\\\/causasde\\\/alzheimer-causas-y-factores-de-riesgo\\\/#listItem\",\"name\":\"Alzheimer causas y factores de riesgo\"},\"previousItem\":{\"@type\":\"ListItem\",\"@id\":\"https:\\\/\\\/dudasytextos.com\\\/causasde#listItem\",\"name\":\"Inicio\"}},{\"@type\":\"ListItem\",\"@id\":\"https:\\\/\\\/dudasytextos.com\\\/causasde\\\/alzheimer-causas-y-factores-de-riesgo\\\/#listItem\",\"position\":3,\"name\":\"Alzheimer causas y factores de riesgo\",\"previousItem\":{\"@type\":\"ListItem\",\"@id\":\"https:\\\/\\\/dudasytextos.com\\\/causasde\\\/category\\\/conoce-las-causas\\\/#listItem\",\"name\":\"Conoce las causas\"}}]},{\"@type\":\"Organization\",\"@id\":\"https:\\\/\\\/dudasytextos.com\\\/causasde\\\/#organization\",\"name\":\"\\u00bfC\\u00f3mo funciona?\",\"description\":\"Conoce las causas\",\"url\":\"https:\\\/\\\/dudasytextos.com\\\/causasde\\\/\"},{\"@type\":\"Person\",\"@id\":\"https:\\\/\\\/dudasytextos.com\\\/causasde\\\/author\\\/admin44\\\/#author\",\"url\":\"https:\\\/\\\/dudasytextos.com\\\/causasde\\\/author\\\/admin44\\\/\",\"name\":\"Ana Gonz\\u00e1lez\"},{\"@type\":\"WebPage\",\"@id\":\"https:\\\/\\\/dudasytextos.com\\\/causasde\\\/alzheimer-causas-y-factores-de-riesgo\\\/#webpage\",\"url\":\"https:\\\/\\\/dudasytextos.com\\\/causasde\\\/alzheimer-causas-y-factores-de-riesgo\\\/\",\"name\":\"Alzheimer causas y factores de riesgo (2026) Conoce las causas\",\"description\":\"Alzheimer: causas y factores de riesgo Por Ana Gonz\\u00e1lez Curiosidades e informaci\\u00f3n interesante sobre el Alzheimer El Alzheimer es una enfermedad neurodegenerativa que afecta principalmente a personas mayores de 65 a\\u00f1os. Se estima que en Espa\\u00f1a hay m\\u00e1s de 800.000 personas que sufren esta enfermedad. La enfermedad de Alzheimer fue descubierta por Alois Alzheimer en\",\"inLanguage\":\"es-ES\",\"isPartOf\":{\"@id\":\"https:\\\/\\\/dudasytextos.com\\\/causasde\\\/#website\"},\"breadcrumb\":{\"@id\":\"https:\\\/\\\/dudasytextos.com\\\/causasde\\\/alzheimer-causas-y-factores-de-riesgo\\\/#breadcrumblist\"},\"author\":{\"@id\":\"https:\\\/\\\/dudasytextos.com\\\/causasde\\\/author\\\/admin44\\\/#author\"},\"creator\":{\"@id\":\"https:\\\/\\\/dudasytextos.com\\\/causasde\\\/author\\\/admin44\\\/#author\"},\"datePublished\":\"2025-03-13T06:46:16+00:00\",\"dateModified\":\"2025-03-13T07:35:10+00:00\"},{\"@type\":\"WebSite\",\"@id\":\"https:\\\/\\\/dudasytextos.com\\\/causasde\\\/#website\",\"url\":\"https:\\\/\\\/dudasytextos.com\\\/causasde\\\/\",\"name\":\"\\u00bfC\\u00f3mo funciona?\",\"description\":\"Conoce las causas\",\"inLanguage\":\"es-ES\",\"publisher\":{\"@id\":\"https:\\\/\\\/dudasytextos.com\\\/causasde\\\/#organization\"}}]}\n\t\t<\/script>\n\t\t<!-- All in One SEO -->\n\n","aioseo_head_json":{"title":"Alzheimer causas y factores de riesgo (2026) Conoce las causas","description":"Alzheimer: causas y factores de riesgo Por Ana Gonz\u00e1lez Curiosidades e informaci\u00f3n interesante sobre el Alzheimer El Alzheimer es una enfermedad neurodegenerativa que afecta principalmente a personas mayores de 65 a\u00f1os. Se estima que en Espa\u00f1a hay m\u00e1s de 800.000 personas que sufren esta enfermedad. La enfermedad de Alzheimer fue descubierta por Alois Alzheimer en","canonical_url":"https:\/\/dudasytextos.com\/causasde\/alzheimer-causas-y-factores-de-riesgo\/","robots":"max-snippet:-1, max-image-preview:large, max-video-preview:-1","keywords":"","webmasterTools":{"miscellaneous":"&lt;!-- Google tag (gtag.js) --&gt;\n&lt;script async src=\"https:\/\/www.googletagmanager.com\/gtag\/js?id=G-1RZBHH3Z7E\"&gt;&lt;\/script&gt;\n&lt;script&gt;\n  window.dataLayer = window.dataLayer || [];\n  function gtag(){dataLayer.push(arguments);}\n  gtag('js', new Date());\n\n  gtag('config', 'G-1RZBHH3Z7E');\n&lt;\/script&gt;\n&lt;script async src=\"https:\/\/pagead2.googlesyndication.com\/pagead\/js\/adsbygoogle.js?client=ca-pub-3987500858204711\"\n     crossorigin=\"anonymous\"&gt;&lt;\/script&gt;"},"schema":{"@context":"https:\/\/schema.org","@graph":[{"@type":"BlogPosting","@id":"https:\/\/dudasytextos.com\/causasde\/alzheimer-causas-y-factores-de-riesgo\/#blogposting","name":"Alzheimer causas y factores de riesgo (2026) Conoce las causas","headline":"Alzheimer causas y factores de riesgo","author":{"@id":"https:\/\/dudasytextos.com\/causasde\/author\/admin44\/#author"},"publisher":{"@id":"https:\/\/dudasytextos.com\/causasde\/#organization"},"datePublished":"2025-03-13T06:46:16+00:00","dateModified":"2025-03-13T07:35:10+00:00","inLanguage":"es-ES","mainEntityOfPage":{"@id":"https:\/\/dudasytextos.com\/causasde\/alzheimer-causas-y-factores-de-riesgo\/#webpage"},"isPartOf":{"@id":"https:\/\/dudasytextos.com\/causasde\/alzheimer-causas-y-factores-de-riesgo\/#webpage"},"articleSection":"Conoce las causas"},{"@type":"BreadcrumbList","@id":"https:\/\/dudasytextos.com\/causasde\/alzheimer-causas-y-factores-de-riesgo\/#breadcrumblist","itemListElement":[{"@type":"ListItem","@id":"https:\/\/dudasytextos.com\/causasde#listItem","position":1,"name":"Inicio","item":"https:\/\/dudasytextos.com\/causasde","nextItem":{"@type":"ListItem","@id":"https:\/\/dudasytextos.com\/causasde\/category\/conoce-las-causas\/#listItem","name":"Conoce las causas"}},{"@type":"ListItem","@id":"https:\/\/dudasytextos.com\/causasde\/category\/conoce-las-causas\/#listItem","position":2,"name":"Conoce las causas","item":"https:\/\/dudasytextos.com\/causasde\/category\/conoce-las-causas\/","nextItem":{"@type":"ListItem","@id":"https:\/\/dudasytextos.com\/causasde\/alzheimer-causas-y-factores-de-riesgo\/#listItem","name":"Alzheimer causas y factores de riesgo"},"previousItem":{"@type":"ListItem","@id":"https:\/\/dudasytextos.com\/causasde#listItem","name":"Inicio"}},{"@type":"ListItem","@id":"https:\/\/dudasytextos.com\/causasde\/alzheimer-causas-y-factores-de-riesgo\/#listItem","position":3,"name":"Alzheimer causas y factores de riesgo","previousItem":{"@type":"ListItem","@id":"https:\/\/dudasytextos.com\/causasde\/category\/conoce-las-causas\/#listItem","name":"Conoce las causas"}}]},{"@type":"Organization","@id":"https:\/\/dudasytextos.com\/causasde\/#organization","name":"\u00bfC\u00f3mo funciona?","description":"Conoce las causas","url":"https:\/\/dudasytextos.com\/causasde\/"},{"@type":"Person","@id":"https:\/\/dudasytextos.com\/causasde\/author\/admin44\/#author","url":"https:\/\/dudasytextos.com\/causasde\/author\/admin44\/","name":"Ana Gonz\u00e1lez"},{"@type":"WebPage","@id":"https:\/\/dudasytextos.com\/causasde\/alzheimer-causas-y-factores-de-riesgo\/#webpage","url":"https:\/\/dudasytextos.com\/causasde\/alzheimer-causas-y-factores-de-riesgo\/","name":"Alzheimer causas y factores de riesgo (2026) Conoce las causas","description":"Alzheimer: causas y factores de riesgo Por Ana Gonz\u00e1lez Curiosidades e informaci\u00f3n interesante sobre el Alzheimer El Alzheimer es una enfermedad neurodegenerativa que afecta principalmente a personas mayores de 65 a\u00f1os. Se estima que en Espa\u00f1a hay m\u00e1s de 800.000 personas que sufren esta enfermedad. La enfermedad de Alzheimer fue descubierta por Alois Alzheimer en","inLanguage":"es-ES","isPartOf":{"@id":"https:\/\/dudasytextos.com\/causasde\/#website"},"breadcrumb":{"@id":"https:\/\/dudasytextos.com\/causasde\/alzheimer-causas-y-factores-de-riesgo\/#breadcrumblist"},"author":{"@id":"https:\/\/dudasytextos.com\/causasde\/author\/admin44\/#author"},"creator":{"@id":"https:\/\/dudasytextos.com\/causasde\/author\/admin44\/#author"},"datePublished":"2025-03-13T06:46:16+00:00","dateModified":"2025-03-13T07:35:10+00:00"},{"@type":"WebSite","@id":"https:\/\/dudasytextos.com\/causasde\/#website","url":"https:\/\/dudasytextos.com\/causasde\/","name":"\u00bfC\u00f3mo funciona?","description":"Conoce las causas","inLanguage":"es-ES","publisher":{"@id":"https:\/\/dudasytextos.com\/causasde\/#organization"}}]},"og:locale":"es_ES","og:site_name":"Conoce las causas - Conoce las causas","og:type":"article","og:title":"Alzheimer causas y factores de riesgo (2026) Conoce las causas","og:description":"Alzheimer: causas y factores de riesgo Por Ana Gonz\u00e1lez Curiosidades e informaci\u00f3n interesante sobre el Alzheimer El Alzheimer es una enfermedad neurodegenerativa que afecta principalmente a personas mayores de 65 a\u00f1os. Se estima que en Espa\u00f1a hay m\u00e1s de 800.000 personas que sufren esta enfermedad. La enfermedad de Alzheimer fue descubierta por Alois Alzheimer en","og:url":"https:\/\/dudasytextos.com\/causasde\/alzheimer-causas-y-factores-de-riesgo\/","article:published_time":"2025-03-13T06:46:16+00:00","article:modified_time":"2025-03-13T07:35:10+00:00","twitter:card":"summary_large_image","twitter:title":"Alzheimer causas y factores de riesgo (2026) Conoce las causas","twitter:description":"Alzheimer: causas y factores de riesgo Por Ana Gonz\u00e1lez Curiosidades e informaci\u00f3n interesante sobre el Alzheimer El Alzheimer es una enfermedad neurodegenerativa que afecta principalmente a personas mayores de 65 a\u00f1os. Se estima que en Espa\u00f1a hay m\u00e1s de 800.000 personas que sufren esta enfermedad. La enfermedad de Alzheimer fue descubierta por Alois Alzheimer en"},"aioseo_meta_data":{"post_id":"160368","title":null,"description":null,"keywords":null,"keyphrases":null,"primary_term":null,"canonical_url":null,"og_title":null,"og_description":null,"og_object_type":"default","og_image_type":"default","og_image_url":null,"og_image_width":null,"og_image_height":null,"og_image_custom_url":null,"og_image_custom_fields":null,"og_video":null,"og_custom_url":null,"og_article_section":null,"og_article_tags":null,"twitter_use_og":false,"twitter_card":"default","twitter_image_type":"default","twitter_image_url":null,"twitter_image_custom_url":null,"twitter_image_custom_fields":null,"twitter_title":null,"twitter_description":null,"schema":{"blockGraphs":[],"customGraphs":[],"default":{"data":{"Article":[],"Course":[],"Dataset":[],"FAQPage":[],"Movie":[],"Person":[],"Product":[],"ProductReview":[],"Car":[],"Recipe":[],"Service":[],"SoftwareApplication":[],"WebPage":[]},"graphName":"","isEnabled":true},"graphs":[]},"schema_type":"default","schema_type_options":null,"pillar_content":false,"robots_default":true,"robots_noindex":false,"robots_noarchive":false,"robots_nosnippet":false,"robots_nofollow":false,"robots_noimageindex":false,"robots_noodp":false,"robots_notranslate":false,"robots_max_snippet":null,"robots_max_videopreview":null,"robots_max_imagepreview":"large","priority":null,"frequency":null,"local_seo":null,"breadcrumb_settings":null,"limit_modified_date":false,"ai":null,"created":"2023-05-13 05:00:36","updated":"2025-06-04 17:34:19","seo_analyzer_scan_date":null,"focus_keyword":null,"additional_keywords":null,"truseo_locale":null},"aioseo_breadcrumb":"<div class=\"aioseo-breadcrumbs\"><span class=\"aioseo-breadcrumb\">\n\t\t\t<a href=\"https:\/\/dudasytextos.com\/causasde\" title=\"Inicio\">Inicio<\/a>\n\t\t<\/span><span class=\"aioseo-breadcrumb-separator\">&raquo;<\/span><span class=\"aioseo-breadcrumb\">\n\t\t\t<a href=\"https:\/\/dudasytextos.com\/causasde\/category\/conoce-las-causas\/\" title=\"Conoce las causas\">Conoce las causas<\/a>\n\t\t<\/span><span class=\"aioseo-breadcrumb-separator\">&raquo;<\/span><span class=\"aioseo-breadcrumb\">\n\t\t\tAlzheimer causas y factores de riesgo\n\t\t<\/span><\/div>","aioseo_breadcrumb_json":[{"label":"Inicio","link":"https:\/\/dudasytextos.com\/causasde"},{"label":"Conoce las causas","link":"https:\/\/dudasytextos.com\/causasde\/category\/conoce-las-causas\/"},{"label":"Alzheimer causas y factores de riesgo","link":"https:\/\/dudasytextos.com\/causasde\/alzheimer-causas-y-factores-de-riesgo\/"}],"_links":{"self":[{"href":"https:\/\/dudasytextos.com\/causasde\/wp-json\/wp\/v2\/posts\/160368","targetHints":{"allow":["GET"]}}],"collection":[{"href":"https:\/\/dudasytextos.com\/causasde\/wp-json\/wp\/v2\/posts"}],"about":[{"href":"https:\/\/dudasytextos.com\/causasde\/wp-json\/wp\/v2\/types\/post"}],"author":[{"embeddable":true,"href":"https:\/\/dudasytextos.com\/causasde\/wp-json\/wp\/v2\/users\/1"}],"replies":[{"embeddable":true,"href":"https:\/\/dudasytextos.com\/causasde\/wp-json\/wp\/v2\/comments?post=160368"}],"version-history":[{"count":1,"href":"https:\/\/dudasytextos.com\/causasde\/wp-json\/wp\/v2\/posts\/160368\/revisions"}],"predecessor-version":[{"id":168211,"href":"https:\/\/dudasytextos.com\/causasde\/wp-json\/wp\/v2\/posts\/160368\/revisions\/168211"}],"wp:attachment":[{"href":"https:\/\/dudasytextos.com\/causasde\/wp-json\/wp\/v2\/media?parent=160368"}],"wp:term":[{"taxonomy":"category","embeddable":true,"href":"https:\/\/dudasytextos.com\/causasde\/wp-json\/wp\/v2\/categories?post=160368"},{"taxonomy":"post_tag","embeddable":true,"href":"https:\/\/dudasytextos.com\/causasde\/wp-json\/wp\/v2\/tags?post=160368"}],"curies":[{"name":"wp","href":"https:\/\/api.w.org\/{rel}","templated":true}]}}