{"id":160395,"date":"2025-03-08T01:46:00","date_gmt":"2025-03-08T01:46:00","guid":{"rendered":"https:\/\/educacion.cc\/?p=160395"},"modified":"2025-03-13T11:28:23","modified_gmt":"2025-03-13T11:28:23","slug":"causas-de-la-feminizacion-de-la-pobreza","status":"publish","type":"post","link":"https:\/\/dudasytextos.com\/causasde\/causas-de-la-feminizacion-de-la-pobreza\/","title":{"rendered":"Causas de la feminizaci\u00f3n de la pobreza"},"content":{"rendered":"<div id=\"ez-toc-container\" class=\"ez-toc-v2_0_87 counter-hierarchy ez-toc-counter ez-toc-custom ez-toc-container-direction\">\n<div class=\"ez-toc-title-container\">\n<span class=\"ez-toc-title-toggle\"><\/span><\/div>\n<nav><ul class='ez-toc-list ez-toc-list-level-1 ' ><li class='ez-toc-page-1 ez-toc-heading-level-2'><a class=\"ez-toc-link ez-toc-heading-1\" href=\"https:\/\/dudasytextos.com\/causasde\/causas-de-la-feminizacion-de-la-pobreza\/#Causas_de_la_feminizacion_de_la_pobreza\" >Causas de la feminizaci\u00f3n de la pobreza<\/a><\/li><li class='ez-toc-page-1 ez-toc-heading-level-2'><a class=\"ez-toc-link ez-toc-heading-2\" href=\"https:\/\/dudasytextos.com\/causasde\/causas-de-la-feminizacion-de-la-pobreza\/#Datos_curiosos\" >Datos curiosos<\/a><\/li><li class='ez-toc-page-1 ez-toc-heading-level-2'><a class=\"ez-toc-link ez-toc-heading-3\" href=\"https:\/\/dudasytextos.com\/causasde\/causas-de-la-feminizacion-de-la-pobreza\/#Mi_experiencia_personal\" >Mi experiencia personal<\/a><\/li><li class='ez-toc-page-1 ez-toc-heading-level-2'><a class=\"ez-toc-link ez-toc-heading-4\" href=\"https:\/\/dudasytextos.com\/causasde\/causas-de-la-feminizacion-de-la-pobreza\/#Causas_principales\" >Causas principales<\/a><\/li><li class='ez-toc-page-1 ez-toc-heading-level-2'><a class=\"ez-toc-link ez-toc-heading-5\" href=\"https:\/\/dudasytextos.com\/causasde\/causas-de-la-feminizacion-de-la-pobreza\/#Estadisticas_y_estudios\" >Estad\u00edsticas y estudios<\/a><\/li><li class='ez-toc-page-1 ez-toc-heading-level-2'><a class=\"ez-toc-link ez-toc-heading-6\" href=\"https:\/\/dudasytextos.com\/causasde\/causas-de-la-feminizacion-de-la-pobreza\/#Opiniones_de_expertos\" >Opiniones de expertos<\/a><\/li><li class='ez-toc-page-1 ez-toc-heading-level-2'><a class=\"ez-toc-link ez-toc-heading-7\" href=\"https:\/\/dudasytextos.com\/causasde\/causas-de-la-feminizacion-de-la-pobreza\/#Preguntas_frecuentes\" >Preguntas frecuentes<\/a><ul class='ez-toc-list-level-3' ><li class='ez-toc-heading-level-3'><a class=\"ez-toc-link ez-toc-heading-8\" href=\"https:\/\/dudasytextos.com\/causasde\/causas-de-la-feminizacion-de-la-pobreza\/#%C2%BFPor_que_las_mujeres_son_mas_vulnerables_a_la_pobreza\" >\u00bfPor qu\u00e9 las mujeres son m\u00e1s vulnerables a la pobreza?<\/a><\/li><li class='ez-toc-page-1 ez-toc-heading-level-3'><a class=\"ez-toc-link ez-toc-heading-9\" href=\"https:\/\/dudasytextos.com\/causasde\/causas-de-la-feminizacion-de-la-pobreza\/#%C2%BFComo_se_puede_abordar_la_feminizacion_de_la_pobreza\" >\u00bfC\u00f3mo se puede abordar la feminizaci\u00f3n de la pobreza?<\/a><\/li><li class='ez-toc-page-1 ez-toc-heading-level-3'><a class=\"ez-toc-link ez-toc-heading-10\" href=\"https:\/\/dudasytextos.com\/causasde\/causas-de-la-feminizacion-de-la-pobreza\/#%C2%BFQue_puedo_hacer_como_individuo_para_apoyar_la_lucha_contra_la_feminizacion_de_la_pobreza\" >\u00bfQu\u00e9 puedo hacer como individuo para apoyar la lucha contra la feminizaci\u00f3n de la pobreza?<\/a><\/li><\/ul><\/li><\/ul><\/nav><\/div>\n<h2><span class=\"ez-toc-section\" id=\"Causas_de_la_feminizacion_de_la_pobreza\"><\/span>Causas de la feminizaci\u00f3n de la pobreza<span class=\"ez-toc-section-end\"><\/span><\/h2>\n<section>\n<h2><span class=\"ez-toc-section\" id=\"Datos_curiosos\"><\/span>Datos curiosos<span class=\"ez-toc-section-end\"><\/span><\/h2>\n<ul>\n<li>El 70% de las personas que viven en la pobreza extrema en todo el mundo son mujeres.<\/li>\n<li>En Espa\u00f1a, el 21,8% de las mujeres se encuentran en riesgo de pobreza o exclusi\u00f3n social, en comparaci\u00f3n con el 19,3% de los hombres.<\/li>\n<li>La brecha salarial de g\u00e9nero tambi\u00e9n contribuye a la feminizaci\u00f3n de la pobreza.<\/li>\n<\/ul>\n<\/section>\n<section>\n<h2><span class=\"ez-toc-section\" id=\"Mi_experiencia_personal\"><\/span>Mi experiencia personal<span class=\"ez-toc-section-end\"><\/span><\/h2>\n<p>Como mujer, he experimentado de primera mano c\u00f3mo las desigualdades de g\u00e9nero pueden llevar a la pobreza. Hace unos a\u00f1os, trabajaba en un empleo mal remunerado que apenas cubr\u00eda mis gastos. Cuando me enferm\u00e9, no ten\u00eda suficiente dinero para pagar la atenci\u00f3n m\u00e9dica y tuve que pedir prestado. Esta situaci\u00f3n me llev\u00f3 a reflexionar sobre los problemas sist\u00e9micos que hacen que las mujeres sean m\u00e1s vulnerables a la pobreza.<\/p>\n<\/section>\n<section>\n<h2><span class=\"ez-toc-section\" id=\"Causas_principales\"><\/span>Causas principales<span class=\"ez-toc-section-end\"><\/span><\/h2>\n<ul>\n<li>La discriminaci\u00f3n de g\u00e9nero en el mercado laboral: Las mujeres suelen tener trabajos peor remunerados que los hombres, lo que hace que tengan menos dinero para cubrir sus necesidades b\u00e1sicas y para ahorrar.<\/li>\n<li>El patriarcado: Las estructuras sociales que favorecen a los hombres en detrimento de las mujeres contribuyen a la feminizaci\u00f3n de la pobreza.<\/li>\n<li>Los roles de g\u00e9nero: Las mujeres suelen ser las cuidadoras principales de los hijos y otros miembros de la familia, lo que les impide dedicar tiempo completo al trabajo remunerado y limita sus oportunidades de obtener ingresos.<\/li>\n<\/ul>\n<\/section>\n<section>\n<h2><span class=\"ez-toc-section\" id=\"Estadisticas_y_estudios\"><\/span>Estad\u00edsticas y estudios<span class=\"ez-toc-section-end\"><\/span><\/h2>\n<p>Seg\u00fan un estudio realizado por la Comisi\u00f3n Europea, el 32% de las mujeres en Espa\u00f1a han sufrido discriminaci\u00f3n en el lugar de trabajo debido a su g\u00e9nero. Otra investigaci\u00f3n realizada por Oxfam encontr\u00f3 que el 9,4% de las mujeres en Espa\u00f1a han experimentado pobreza extrema, en comparaci\u00f3n con el 7,9% de los hombres.<\/p>\n<\/section>\n<section>\n<h2><span class=\"ez-toc-section\" id=\"Opiniones_de_expertos\"><\/span>Opiniones de expertos<span class=\"ez-toc-section-end\"><\/span><\/h2>\n<blockquote>\n<p>La feminizaci\u00f3n de la pobreza es un problema grave que debe abordarse mediante pol\u00edticas p\u00fablicas y cambios culturales que promuevan la igualdad de g\u00e9nero en todos los \u00e1mbitos de la sociedad. &#8211; Mar\u00eda \u00c1ngeles Dur\u00e1n, soci\u00f3loga espa\u00f1ola.<\/p>\n<\/blockquote>\n<\/section>\n<section>\n<h2><span class=\"ez-toc-section\" id=\"Preguntas_frecuentes\"><\/span>Preguntas frecuentes<span class=\"ez-toc-section-end\"><\/span><\/h2>\n<h3><span class=\"ez-toc-section\" id=\"%C2%BFPor_que_las_mujeres_son_mas_vulnerables_a_la_pobreza\"><\/span>\u00bfPor qu\u00e9 las mujeres son m\u00e1s vulnerables a la pobreza?<span class=\"ez-toc-section-end\"><\/span><\/h3>\n<p>Las mujeres suelen tener trabajos peor remunerados, tienen m\u00e1s probabilidades de ser cuidadoras principales y enfrentan discriminaci\u00f3n de g\u00e9nero en el mercado laboral y en otros \u00e1mbitos de la sociedad.<\/p>\n<h3><span class=\"ez-toc-section\" id=\"%C2%BFComo_se_puede_abordar_la_feminizacion_de_la_pobreza\"><\/span>\u00bfC\u00f3mo se puede abordar la feminizaci\u00f3n de la pobreza?<span class=\"ez-toc-section-end\"><\/span><\/h3>\n<p>Es necesario adoptar pol\u00edticas p\u00fablicas que promuevan la igualdad de g\u00e9nero y aborden las desigualdades de g\u00e9nero en el mercado laboral y en otros \u00e1mbitos de la sociedad.<\/p>\n<h3><span class=\"ez-toc-section\" id=\"%C2%BFQue_puedo_hacer_como_individuo_para_apoyar_la_lucha_contra_la_feminizacion_de_la_pobreza\"><\/span>\u00bfQu\u00e9 puedo hacer como individuo para apoyar la lucha contra la feminizaci\u00f3n de la pobreza?<span class=\"ez-toc-section-end\"><\/span><\/h3>\n<p>Puedes apoyar organizaciones que trabajan en la lucha contra la pobreza y la desigualdad de g\u00e9nero, educarte sobre estas cuestiones y apoyar pol\u00edticas p\u00fablicas que promuevan la igualdad de g\u00e9nero.<\/p>\n<\/section>\n<footer>\n<p>Escrito por Ana Gonz\u00e1lez<\/p>\n<\/footer>\n","protected":false},"excerpt":{"rendered":"<p>Causas de la feminizaci\u00f3n de la pobreza Datos curiosos El 70% de las personas que viven en la pobreza extrema en todo el mundo son mujeres. En Espa\u00f1a, el 21,8% de las mujeres se encuentran en riesgo de pobreza o exclusi\u00f3n social, en comparaci\u00f3n con el 19,3% de los hombres. La brecha salarial de g\u00e9nero &#8230; <a title=\"Causas de la feminizaci\u00f3n de la pobreza\" class=\"read-more\" href=\"https:\/\/dudasytextos.com\/causasde\/causas-de-la-feminizacion-de-la-pobreza\/\" aria-label=\"M\u00e1s en Causas de la feminizaci\u00f3n de la pobreza\">Leer m\u00e1s<\/a><\/p>\n","protected":false},"author":1,"featured_media":0,"comment_status":"open","ping_status":"open","sticky":false,"template":"","format":"standard","meta":{"footnotes":""},"categories":[4],"tags":[],"class_list":["post-160395","post","type-post","status-publish","format-standard","hentry","category-conoce-las-causas"],"aioseo_notices":[],"aioseo_head":"\n\t\t<!-- All in One SEO 5.0.1.1 - aioseo.com -->\n\t<meta name=\"description\" content=\"Causas de la feminizaci\u00f3n de la pobreza Datos curiosos El 70% de las personas que viven en la pobreza extrema en todo el mundo son mujeres. En Espa\u00f1a, el 21,8% de las mujeres se encuentran en riesgo de pobreza o exclusi\u00f3n social, en comparaci\u00f3n con el 19,3% de los hombres. La brecha salarial de g\u00e9nero\" \/>\n\t<meta name=\"robots\" content=\"max-snippet:-1, max-image-preview:large, max-video-preview:-1\" \/>\n\t<meta name=\"author\" content=\"Ana Gonz\u00e1lez\"\/>\n\t<link rel=\"canonical\" href=\"https:\/\/dudasytextos.com\/causasde\/causas-de-la-feminizacion-de-la-pobreza\/\" \/>\n\t<meta name=\"generator\" content=\"All in One SEO (AIOSEO) 5.0.1.1\" \/>\n\n\t\t<!-- Google tag (gtag.js) -->\n<script async src=\"https:\/\/www.googletagmanager.com\/gtag\/js?id=G-1RZBHH3Z7E\"><\/script>\n<script>\n  window.dataLayer = window.dataLayer || [];\n  function gtag(){dataLayer.push(arguments);}\n  gtag('js', new Date());\n\n  gtag('config', 'G-1RZBHH3Z7E');\n<\/script>\n<script async src=\"https:\/\/pagead2.googlesyndication.com\/pagead\/js\/adsbygoogle.js?client=ca-pub-3987500858204711\"\n     crossorigin=\"anonymous\"><\/script>\n\t\t<meta property=\"og:locale\" content=\"es_ES\" \/>\n\t\t<meta property=\"og:site_name\" content=\"Conoce las causas - Conoce las causas\" \/>\n\t\t<meta property=\"og:type\" content=\"article\" \/>\n\t\t<meta property=\"og:title\" content=\"Causas de la feminizaci\u00f3n de la pobreza (2026) Conoce las causas\" \/>\n\t\t<meta property=\"og:description\" content=\"Causas de la feminizaci\u00f3n de la pobreza Datos curiosos El 70% de las personas que viven en la pobreza extrema en todo el mundo son mujeres. En Espa\u00f1a, el 21,8% de las mujeres se encuentran en riesgo de pobreza o exclusi\u00f3n social, en comparaci\u00f3n con el 19,3% de los hombres. La brecha salarial de g\u00e9nero\" \/>\n\t\t<meta property=\"og:url\" content=\"https:\/\/dudasytextos.com\/causasde\/causas-de-la-feminizacion-de-la-pobreza\/\" \/>\n\t\t<meta property=\"article:published_time\" content=\"2025-03-08T01:46:00+00:00\" \/>\n\t\t<meta property=\"article:modified_time\" content=\"2025-03-13T11:28:23+00:00\" \/>\n\t\t<meta name=\"twitter:card\" content=\"summary_large_image\" \/>\n\t\t<meta name=\"twitter:title\" content=\"Causas de la feminizaci\u00f3n de la pobreza (2026) Conoce las causas\" \/>\n\t\t<meta name=\"twitter:description\" content=\"Causas de la feminizaci\u00f3n de la pobreza Datos curiosos El 70% de las personas que viven en la pobreza extrema en todo el mundo son mujeres. En Espa\u00f1a, el 21,8% de las mujeres se encuentran en riesgo de pobreza o exclusi\u00f3n social, en comparaci\u00f3n con el 19,3% de los hombres. La brecha salarial de g\u00e9nero\" \/>\n\t\t<script type=\"application\/ld+json\" class=\"aioseo-schema\">\n\t\t\t{\"@context\":\"https:\\\/\\\/schema.org\",\"@graph\":[{\"@type\":\"BlogPosting\",\"@id\":\"https:\\\/\\\/dudasytextos.com\\\/causasde\\\/causas-de-la-feminizacion-de-la-pobreza\\\/#blogposting\",\"name\":\"Causas de la feminizaci\\u00f3n de la pobreza (2026) Conoce las causas\",\"headline\":\"Causas de la feminizaci\\u00f3n de la pobreza\",\"author\":{\"@id\":\"https:\\\/\\\/dudasytextos.com\\\/causasde\\\/author\\\/admin44\\\/#author\"},\"publisher\":{\"@id\":\"https:\\\/\\\/dudasytextos.com\\\/causasde\\\/#organization\"},\"datePublished\":\"2025-03-08T01:46:00+00:00\",\"dateModified\":\"2025-03-13T11:28:23+00:00\",\"inLanguage\":\"es-ES\",\"mainEntityOfPage\":{\"@id\":\"https:\\\/\\\/dudasytextos.com\\\/causasde\\\/causas-de-la-feminizacion-de-la-pobreza\\\/#webpage\"},\"isPartOf\":{\"@id\":\"https:\\\/\\\/dudasytextos.com\\\/causasde\\\/causas-de-la-feminizacion-de-la-pobreza\\\/#webpage\"},\"articleSection\":\"Conoce las causas\"},{\"@type\":\"BreadcrumbList\",\"@id\":\"https:\\\/\\\/dudasytextos.com\\\/causasde\\\/causas-de-la-feminizacion-de-la-pobreza\\\/#breadcrumblist\",\"itemListElement\":[{\"@type\":\"ListItem\",\"@id\":\"https:\\\/\\\/dudasytextos.com\\\/causasde#listItem\",\"position\":1,\"name\":\"Inicio\",\"item\":\"https:\\\/\\\/dudasytextos.com\\\/causasde\",\"nextItem\":{\"@type\":\"ListItem\",\"@id\":\"https:\\\/\\\/dudasytextos.com\\\/causasde\\\/category\\\/conoce-las-causas\\\/#listItem\",\"name\":\"Conoce las causas\"}},{\"@type\":\"ListItem\",\"@id\":\"https:\\\/\\\/dudasytextos.com\\\/causasde\\\/category\\\/conoce-las-causas\\\/#listItem\",\"position\":2,\"name\":\"Conoce las causas\",\"item\":\"https:\\\/\\\/dudasytextos.com\\\/causasde\\\/category\\\/conoce-las-causas\\\/\",\"nextItem\":{\"@type\":\"ListItem\",\"@id\":\"https:\\\/\\\/dudasytextos.com\\\/causasde\\\/causas-de-la-feminizacion-de-la-pobreza\\\/#listItem\",\"name\":\"Causas de la feminizaci\\u00f3n de la pobreza\"},\"previousItem\":{\"@type\":\"ListItem\",\"@id\":\"https:\\\/\\\/dudasytextos.com\\\/causasde#listItem\",\"name\":\"Inicio\"}},{\"@type\":\"ListItem\",\"@id\":\"https:\\\/\\\/dudasytextos.com\\\/causasde\\\/causas-de-la-feminizacion-de-la-pobreza\\\/#listItem\",\"position\":3,\"name\":\"Causas de la feminizaci\\u00f3n de la pobreza\",\"previousItem\":{\"@type\":\"ListItem\",\"@id\":\"https:\\\/\\\/dudasytextos.com\\\/causasde\\\/category\\\/conoce-las-causas\\\/#listItem\",\"name\":\"Conoce las causas\"}}]},{\"@type\":\"Organization\",\"@id\":\"https:\\\/\\\/dudasytextos.com\\\/causasde\\\/#organization\",\"name\":\"\\u00bfC\\u00f3mo funciona?\",\"description\":\"Conoce las causas\",\"url\":\"https:\\\/\\\/dudasytextos.com\\\/causasde\\\/\"},{\"@type\":\"Person\",\"@id\":\"https:\\\/\\\/dudasytextos.com\\\/causasde\\\/author\\\/admin44\\\/#author\",\"url\":\"https:\\\/\\\/dudasytextos.com\\\/causasde\\\/author\\\/admin44\\\/\",\"name\":\"Ana Gonz\\u00e1lez\"},{\"@type\":\"WebPage\",\"@id\":\"https:\\\/\\\/dudasytextos.com\\\/causasde\\\/causas-de-la-feminizacion-de-la-pobreza\\\/#webpage\",\"url\":\"https:\\\/\\\/dudasytextos.com\\\/causasde\\\/causas-de-la-feminizacion-de-la-pobreza\\\/\",\"name\":\"Causas de la feminizaci\\u00f3n de la pobreza (2026) Conoce las causas\",\"description\":\"Causas de la feminizaci\\u00f3n de la pobreza Datos curiosos El 70% de las personas que viven en la pobreza extrema en todo el mundo son mujeres. En Espa\\u00f1a, el 21,8% de las mujeres se encuentran en riesgo de pobreza o exclusi\\u00f3n social, en comparaci\\u00f3n con el 19,3% de los hombres. La brecha salarial de g\\u00e9nero\",\"inLanguage\":\"es-ES\",\"isPartOf\":{\"@id\":\"https:\\\/\\\/dudasytextos.com\\\/causasde\\\/#website\"},\"breadcrumb\":{\"@id\":\"https:\\\/\\\/dudasytextos.com\\\/causasde\\\/causas-de-la-feminizacion-de-la-pobreza\\\/#breadcrumblist\"},\"author\":{\"@id\":\"https:\\\/\\\/dudasytextos.com\\\/causasde\\\/author\\\/admin44\\\/#author\"},\"creator\":{\"@id\":\"https:\\\/\\\/dudasytextos.com\\\/causasde\\\/author\\\/admin44\\\/#author\"},\"datePublished\":\"2025-03-08T01:46:00+00:00\",\"dateModified\":\"2025-03-13T11:28:23+00:00\"},{\"@type\":\"WebSite\",\"@id\":\"https:\\\/\\\/dudasytextos.com\\\/causasde\\\/#website\",\"url\":\"https:\\\/\\\/dudasytextos.com\\\/causasde\\\/\",\"name\":\"\\u00bfC\\u00f3mo funciona?\",\"description\":\"Conoce las causas\",\"inLanguage\":\"es-ES\",\"publisher\":{\"@id\":\"https:\\\/\\\/dudasytextos.com\\\/causasde\\\/#organization\"}}]}\n\t\t<\/script>\n\t\t<!-- All in One SEO -->\n\n","aioseo_head_json":{"title":"Causas de la feminizaci\u00f3n de la pobreza (2026) Conoce las causas","description":"Causas de la feminizaci\u00f3n de la pobreza Datos curiosos El 70% de las personas que viven en la pobreza extrema en todo el mundo son mujeres. En Espa\u00f1a, el 21,8% de las mujeres se encuentran en riesgo de pobreza o exclusi\u00f3n social, en comparaci\u00f3n con el 19,3% de los hombres. La brecha salarial de g\u00e9nero","canonical_url":"https:\/\/dudasytextos.com\/causasde\/causas-de-la-feminizacion-de-la-pobreza\/","robots":"max-snippet:-1, max-image-preview:large, max-video-preview:-1","keywords":"","webmasterTools":{"miscellaneous":"&lt;!-- Google tag (gtag.js) --&gt;\n&lt;script async src=\"https:\/\/www.googletagmanager.com\/gtag\/js?id=G-1RZBHH3Z7E\"&gt;&lt;\/script&gt;\n&lt;script&gt;\n  window.dataLayer = window.dataLayer || [];\n  function gtag(){dataLayer.push(arguments);}\n  gtag('js', new Date());\n\n  gtag('config', 'G-1RZBHH3Z7E');\n&lt;\/script&gt;\n&lt;script async src=\"https:\/\/pagead2.googlesyndication.com\/pagead\/js\/adsbygoogle.js?client=ca-pub-3987500858204711\"\n     crossorigin=\"anonymous\"&gt;&lt;\/script&gt;"},"schema":{"@context":"https:\/\/schema.org","@graph":[{"@type":"BlogPosting","@id":"https:\/\/dudasytextos.com\/causasde\/causas-de-la-feminizacion-de-la-pobreza\/#blogposting","name":"Causas de la feminizaci\u00f3n de la pobreza (2026) Conoce las causas","headline":"Causas de la feminizaci\u00f3n de la pobreza","author":{"@id":"https:\/\/dudasytextos.com\/causasde\/author\/admin44\/#author"},"publisher":{"@id":"https:\/\/dudasytextos.com\/causasde\/#organization"},"datePublished":"2025-03-08T01:46:00+00:00","dateModified":"2025-03-13T11:28:23+00:00","inLanguage":"es-ES","mainEntityOfPage":{"@id":"https:\/\/dudasytextos.com\/causasde\/causas-de-la-feminizacion-de-la-pobreza\/#webpage"},"isPartOf":{"@id":"https:\/\/dudasytextos.com\/causasde\/causas-de-la-feminizacion-de-la-pobreza\/#webpage"},"articleSection":"Conoce las causas"},{"@type":"BreadcrumbList","@id":"https:\/\/dudasytextos.com\/causasde\/causas-de-la-feminizacion-de-la-pobreza\/#breadcrumblist","itemListElement":[{"@type":"ListItem","@id":"https:\/\/dudasytextos.com\/causasde#listItem","position":1,"name":"Inicio","item":"https:\/\/dudasytextos.com\/causasde","nextItem":{"@type":"ListItem","@id":"https:\/\/dudasytextos.com\/causasde\/category\/conoce-las-causas\/#listItem","name":"Conoce las causas"}},{"@type":"ListItem","@id":"https:\/\/dudasytextos.com\/causasde\/category\/conoce-las-causas\/#listItem","position":2,"name":"Conoce las causas","item":"https:\/\/dudasytextos.com\/causasde\/category\/conoce-las-causas\/","nextItem":{"@type":"ListItem","@id":"https:\/\/dudasytextos.com\/causasde\/causas-de-la-feminizacion-de-la-pobreza\/#listItem","name":"Causas de la feminizaci\u00f3n de la pobreza"},"previousItem":{"@type":"ListItem","@id":"https:\/\/dudasytextos.com\/causasde#listItem","name":"Inicio"}},{"@type":"ListItem","@id":"https:\/\/dudasytextos.com\/causasde\/causas-de-la-feminizacion-de-la-pobreza\/#listItem","position":3,"name":"Causas de la feminizaci\u00f3n de la pobreza","previousItem":{"@type":"ListItem","@id":"https:\/\/dudasytextos.com\/causasde\/category\/conoce-las-causas\/#listItem","name":"Conoce las causas"}}]},{"@type":"Organization","@id":"https:\/\/dudasytextos.com\/causasde\/#organization","name":"\u00bfC\u00f3mo funciona?","description":"Conoce las causas","url":"https:\/\/dudasytextos.com\/causasde\/"},{"@type":"Person","@id":"https:\/\/dudasytextos.com\/causasde\/author\/admin44\/#author","url":"https:\/\/dudasytextos.com\/causasde\/author\/admin44\/","name":"Ana Gonz\u00e1lez"},{"@type":"WebPage","@id":"https:\/\/dudasytextos.com\/causasde\/causas-de-la-feminizacion-de-la-pobreza\/#webpage","url":"https:\/\/dudasytextos.com\/causasde\/causas-de-la-feminizacion-de-la-pobreza\/","name":"Causas de la feminizaci\u00f3n de la pobreza (2026) Conoce las causas","description":"Causas de la feminizaci\u00f3n de la pobreza Datos curiosos El 70% de las personas que viven en la pobreza extrema en todo el mundo son mujeres. En Espa\u00f1a, el 21,8% de las mujeres se encuentran en riesgo de pobreza o exclusi\u00f3n social, en comparaci\u00f3n con el 19,3% de los hombres. La brecha salarial de g\u00e9nero","inLanguage":"es-ES","isPartOf":{"@id":"https:\/\/dudasytextos.com\/causasde\/#website"},"breadcrumb":{"@id":"https:\/\/dudasytextos.com\/causasde\/causas-de-la-feminizacion-de-la-pobreza\/#breadcrumblist"},"author":{"@id":"https:\/\/dudasytextos.com\/causasde\/author\/admin44\/#author"},"creator":{"@id":"https:\/\/dudasytextos.com\/causasde\/author\/admin44\/#author"},"datePublished":"2025-03-08T01:46:00+00:00","dateModified":"2025-03-13T11:28:23+00:00"},{"@type":"WebSite","@id":"https:\/\/dudasytextos.com\/causasde\/#website","url":"https:\/\/dudasytextos.com\/causasde\/","name":"\u00bfC\u00f3mo funciona?","description":"Conoce las causas","inLanguage":"es-ES","publisher":{"@id":"https:\/\/dudasytextos.com\/causasde\/#organization"}}]},"og:locale":"es_ES","og:site_name":"Conoce las causas - Conoce las causas","og:type":"article","og:title":"Causas de la feminizaci\u00f3n de la pobreza (2026) Conoce las causas","og:description":"Causas de la feminizaci\u00f3n de la pobreza Datos curiosos El 70% de las personas que viven en la pobreza extrema en todo el mundo son mujeres. En Espa\u00f1a, el 21,8% de las mujeres se encuentran en riesgo de pobreza o exclusi\u00f3n social, en comparaci\u00f3n con el 19,3% de los hombres. La brecha salarial de g\u00e9nero","og:url":"https:\/\/dudasytextos.com\/causasde\/causas-de-la-feminizacion-de-la-pobreza\/","article:published_time":"2025-03-08T01:46:00+00:00","article:modified_time":"2025-03-13T11:28:23+00:00","twitter:card":"summary_large_image","twitter:title":"Causas de la feminizaci\u00f3n de la pobreza (2026) Conoce las causas","twitter:description":"Causas de la feminizaci\u00f3n de la pobreza Datos curiosos El 70% de las personas que viven en la pobreza extrema en todo el mundo son mujeres. En Espa\u00f1a, el 21,8% de las mujeres se encuentran en riesgo de pobreza o exclusi\u00f3n social, en comparaci\u00f3n con el 19,3% de los hombres. La brecha salarial de g\u00e9nero"},"aioseo_meta_data":{"post_id":"160395","title":null,"description":null,"keywords":null,"keyphrases":null,"primary_term":null,"canonical_url":null,"og_title":null,"og_description":null,"og_object_type":"default","og_image_type":"default","og_image_url":null,"og_image_width":null,"og_image_height":null,"og_image_custom_url":null,"og_image_custom_fields":null,"og_video":null,"og_custom_url":null,"og_article_section":null,"og_article_tags":null,"twitter_use_og":false,"twitter_card":"default","twitter_image_type":"default","twitter_image_url":null,"twitter_image_custom_url":null,"twitter_image_custom_fields":null,"twitter_title":null,"twitter_description":null,"schema":{"blockGraphs":[],"customGraphs":[],"default":{"data":{"Article":[],"Course":[],"Dataset":[],"FAQPage":[],"Movie":[],"Person":[],"Product":[],"ProductReview":[],"Car":[],"Recipe":[],"Service":[],"SoftwareApplication":[],"WebPage":[]},"graphName":"","isEnabled":true},"graphs":[]},"schema_type":"default","schema_type_options":null,"pillar_content":false,"robots_default":true,"robots_noindex":false,"robots_noarchive":false,"robots_nosnippet":false,"robots_nofollow":false,"robots_noimageindex":false,"robots_noodp":false,"robots_notranslate":false,"robots_max_snippet":null,"robots_max_videopreview":null,"robots_max_imagepreview":"large","priority":null,"frequency":null,"local_seo":null,"breadcrumb_settings":null,"limit_modified_date":false,"ai":null,"created":"2023-05-13 04:57:36","updated":"2025-06-04 12:17:19","seo_analyzer_scan_date":null,"focus_keyword":null,"additional_keywords":null,"truseo_locale":null},"aioseo_breadcrumb":"<div class=\"aioseo-breadcrumbs\"><span class=\"aioseo-breadcrumb\">\n\t\t\t<a href=\"https:\/\/dudasytextos.com\/causasde\" title=\"Inicio\">Inicio<\/a>\n\t\t<\/span><span class=\"aioseo-breadcrumb-separator\">&raquo;<\/span><span class=\"aioseo-breadcrumb\">\n\t\t\t<a href=\"https:\/\/dudasytextos.com\/causasde\/category\/conoce-las-causas\/\" title=\"Conoce las causas\">Conoce las causas<\/a>\n\t\t<\/span><span class=\"aioseo-breadcrumb-separator\">&raquo;<\/span><span class=\"aioseo-breadcrumb\">\n\t\t\tCausas de la feminizaci\u00f3n de la pobreza\n\t\t<\/span><\/div>","aioseo_breadcrumb_json":[{"label":"Inicio","link":"https:\/\/dudasytextos.com\/causasde"},{"label":"Conoce las causas","link":"https:\/\/dudasytextos.com\/causasde\/category\/conoce-las-causas\/"},{"label":"Causas de la feminizaci\u00f3n de la pobreza","link":"https:\/\/dudasytextos.com\/causasde\/causas-de-la-feminizacion-de-la-pobreza\/"}],"_links":{"self":[{"href":"https:\/\/dudasytextos.com\/causasde\/wp-json\/wp\/v2\/posts\/160395","targetHints":{"allow":["GET"]}}],"collection":[{"href":"https:\/\/dudasytextos.com\/causasde\/wp-json\/wp\/v2\/posts"}],"about":[{"href":"https:\/\/dudasytextos.com\/causasde\/wp-json\/wp\/v2\/types\/post"}],"author":[{"embeddable":true,"href":"https:\/\/dudasytextos.com\/causasde\/wp-json\/wp\/v2\/users\/1"}],"replies":[{"embeddable":true,"href":"https:\/\/dudasytextos.com\/causasde\/wp-json\/wp\/v2\/comments?post=160395"}],"version-history":[{"count":1,"href":"https:\/\/dudasytextos.com\/causasde\/wp-json\/wp\/v2\/posts\/160395\/revisions"}],"predecessor-version":[{"id":168184,"href":"https:\/\/dudasytextos.com\/causasde\/wp-json\/wp\/v2\/posts\/160395\/revisions\/168184"}],"wp:attachment":[{"href":"https:\/\/dudasytextos.com\/causasde\/wp-json\/wp\/v2\/media?parent=160395"}],"wp:term":[{"taxonomy":"category","embeddable":true,"href":"https:\/\/dudasytextos.com\/causasde\/wp-json\/wp\/v2\/categories?post=160395"},{"taxonomy":"post_tag","embeddable":true,"href":"https:\/\/dudasytextos.com\/causasde\/wp-json\/wp\/v2\/tags?post=160395"}],"curies":[{"name":"wp","href":"https:\/\/api.w.org\/{rel}","templated":true}]}}