{"id":160549,"date":"2025-03-09T12:51:45","date_gmt":"2025-03-09T12:51:45","guid":{"rendered":"https:\/\/educacion.cc\/?p=160549"},"modified":"2025-03-13T07:07:44","modified_gmt":"2025-03-13T07:07:44","slug":"causas-de-la-guerra-de-bosnia","status":"publish","type":"post","link":"https:\/\/dudasytextos.com\/causasde\/causas-de-la-guerra-de-bosnia\/","title":{"rendered":"Causas de la guerra de bosnia"},"content":{"rendered":"<div id=\"ez-toc-container\" class=\"ez-toc-v2_0_87 counter-hierarchy ez-toc-counter ez-toc-custom ez-toc-container-direction\">\n<div class=\"ez-toc-title-container\">\n<span class=\"ez-toc-title-toggle\"><\/span><\/div>\n<nav><ul class='ez-toc-list ez-toc-list-level-1 ' ><li class='ez-toc-page-1 ez-toc-heading-level-2'><a class=\"ez-toc-link ez-toc-heading-1\" href=\"https:\/\/dudasytextos.com\/causasde\/causas-de-la-guerra-de-bosnia\/#Causas_de_la_Guerra_de_Bosnia\" >Causas de la Guerra de Bosnia<\/a><\/li><li class='ez-toc-page-1 ez-toc-heading-level-2'><a class=\"ez-toc-link ez-toc-heading-2\" href=\"https:\/\/dudasytextos.com\/causasde\/causas-de-la-guerra-de-bosnia\/#Por_Ana_Gonzalez\" >Por Ana Gonz\u00e1lez<\/a><\/li><li class='ez-toc-page-1 ez-toc-heading-level-2'><a class=\"ez-toc-link ez-toc-heading-3\" href=\"https:\/\/dudasytextos.com\/causasde\/causas-de-la-guerra-de-bosnia\/#Curiosidades_e_informacion_interesante\" >Curiosidades e informaci\u00f3n interesante<\/a><\/li><li class='ez-toc-page-1 ez-toc-heading-level-2'><a class=\"ez-toc-link ez-toc-heading-4\" href=\"https:\/\/dudasytextos.com\/causasde\/causas-de-la-guerra-de-bosnia\/#Mi_experiencia_personal\" >Mi experiencia personal<\/a><\/li><li class='ez-toc-page-1 ez-toc-heading-level-2'><a class=\"ez-toc-link ez-toc-heading-5\" href=\"https:\/\/dudasytextos.com\/causasde\/causas-de-la-guerra-de-bosnia\/#Causas_de_la_Guerra_de_Bosnia-2\" >Causas de la Guerra de Bosnia<\/a><\/li><li class='ez-toc-page-1 ez-toc-heading-level-2'><a class=\"ez-toc-link ez-toc-heading-6\" href=\"https:\/\/dudasytextos.com\/causasde\/causas-de-la-guerra-de-bosnia\/#Opiniones_de_expertos\" >Opiniones de expertos<\/a><\/li><li class='ez-toc-page-1 ez-toc-heading-level-2'><a class=\"ez-toc-link ez-toc-heading-7\" href=\"https:\/\/dudasytextos.com\/causasde\/causas-de-la-guerra-de-bosnia\/#Preguntas_frecuentes\" >Preguntas frecuentes<\/a><ul class='ez-toc-list-level-3' ><li class='ez-toc-heading-level-3'><a class=\"ez-toc-link ez-toc-heading-8\" href=\"https:\/\/dudasytextos.com\/causasde\/causas-de-la-guerra-de-bosnia\/#%C2%BFCuanto_duro_la_Guerra_de_Bosnia\" >\u00bfCu\u00e1nto dur\u00f3 la Guerra de Bosnia?<\/a><\/li><li class='ez-toc-page-1 ez-toc-heading-level-3'><a class=\"ez-toc-link ez-toc-heading-9\" href=\"https:\/\/dudasytextos.com\/causasde\/causas-de-la-guerra-de-bosnia\/#%C2%BFCuantas_personas_murieron_en_la_Guerra_de_Bosnia\" >\u00bfCu\u00e1ntas personas murieron en la Guerra de Bosnia?<\/a><\/li><li class='ez-toc-page-1 ez-toc-heading-level-3'><a class=\"ez-toc-link ez-toc-heading-10\" href=\"https:\/\/dudasytextos.com\/causasde\/causas-de-la-guerra-de-bosnia\/#%C2%BFPor_que_se_llamo_la_Guerra_de_Bosnia\" >\u00bfPor qu\u00e9 se llam\u00f3 la Guerra de Bosnia?<\/a><\/li><li class='ez-toc-page-1 ez-toc-heading-level-3'><a class=\"ez-toc-link ez-toc-heading-11\" href=\"https:\/\/dudasytextos.com\/causasde\/causas-de-la-guerra-de-bosnia\/#%C2%BFPor_que_los_bosnios_musulmanes_fueron_el_grupo_mas_afectado_por_la_guerra\" >\u00bfPor qu\u00e9 los bosnios musulmanes fueron el grupo m\u00e1s afectado por la guerra?<\/a><\/li><li class='ez-toc-page-1 ez-toc-heading-level-3'><a class=\"ez-toc-link ez-toc-heading-12\" href=\"https:\/\/dudasytextos.com\/causasde\/causas-de-la-guerra-de-bosnia\/#%C2%BFQue_lecciones_podemos_aprender_de_la_Guerra_de_Bosnia\" >\u00bfQu\u00e9 lecciones podemos aprender de la Guerra de Bosnia?<\/a><\/li><\/ul><\/li><\/ul><\/nav><\/div>\n<h2><span class=\"ez-toc-section\" id=\"Causas_de_la_Guerra_de_Bosnia\"><\/span>Causas de la Guerra de Bosnia<span class=\"ez-toc-section-end\"><\/span><\/h2>\n<h2><span class=\"ez-toc-section\" id=\"Por_Ana_Gonzalez\"><\/span>Por Ana Gonz\u00e1lez<span class=\"ez-toc-section-end\"><\/span><\/h2>\n<section>\n<h2><span class=\"ez-toc-section\" id=\"Curiosidades_e_informacion_interesante\"><\/span>Curiosidades e informaci\u00f3n interesante<span class=\"ez-toc-section-end\"><\/span><\/h2>\n<ul>\n<li>La Guerra de Bosnia fue un conflicto armado que dur\u00f3 desde 1992 hasta 1995.<\/li>\n<li>El conflicto se origin\u00f3 despu\u00e9s de la disoluci\u00f3n de Yugoslavia.<\/li>\n<li>El conflicto enfrent\u00f3 a tres grupos \u00e9tnicos: bosnios musulmanes, serbios y croatas.<\/li>\n<li>La guerra dej\u00f3 m\u00e1s de 100,000 muertos y millones de personas desplazadas.<\/li>\n<li>El Tribunal Internacional de La Haya ha juzgado a m\u00e1s de 80 personas por cr\u00edmenes de guerra durante el conflicto.<\/li>\n<\/ul>\n<\/section>\n<section>\n<h2><span class=\"ez-toc-section\" id=\"Mi_experiencia_personal\"><\/span>Mi experiencia personal<span class=\"ez-toc-section-end\"><\/span><\/h2>\n<p>Siempre me ha interesado la historia moderna de Europa, y la Guerra de Bosnia es un tema que me ha impactado profundamente. Durante mi viaje a Sarajevo, tuve la oportunidad de hablar con personas que vivieron la guerra y escuchar sus historias de primera mano. Me conmovi\u00f3 mucho la resiliencia y el coraje de los bosnios musulmanes que lucharon por su supervivencia.<\/p>\n<p>Hice una visita al Museo del T\u00fanel de Sarajevo, que fue un corredor subterr\u00e1neo que permiti\u00f3 a los bosnios musulmanes transportar suministros y armas a trav\u00e9s de la ciudad durante el asedio serbio. Ver las condiciones extremas en las que las personas viv\u00edan durante la guerra me hizo apreciar a\u00fan m\u00e1s la importancia de comprender las causas del conflicto y trabajar para prevenir futuros conflictos armados.<\/p>\n<\/section>\n<section>\n<h2><span class=\"ez-toc-section\" id=\"Causas_de_la_Guerra_de_Bosnia-2\"><\/span>Causas de la Guerra de Bosnia<span class=\"ez-toc-section-end\"><\/span><\/h2>\n<p>La Guerra de Bosnia fue el resultado de una combinaci\u00f3n de factores pol\u00edticos, econ\u00f3micos y \u00e9tnicos que se desarrollaron a lo largo de d\u00e9cadas. Algunas de las causas m\u00e1s importantes incluyen:<\/p>\n<ul>\n<li><strong>Nacionalismo \u00e9tnico:<\/strong> La Yugoslavia socialista era un estado multi\u00e9tnico que inclu\u00eda a serbios, croatas, bosnios musulmanes, eslovenos, macedonios y montenegrinos. A medida que el comunismo se desmoronaba en Europa, surgi\u00f3 un nuevo sentimiento nacionalista que llev\u00f3 a cada grupo \u00e9tnico a buscar su propia independencia.<\/li>\n<li><strong>Debilitamiento econ\u00f3mico:<\/strong> La econom\u00eda de Yugoslavia se estaba deteriorando r\u00e1pidamente, lo que provoc\u00f3 tensiones entre los diferentes grupos \u00e9tnicos. Los serbios, que eran el grupo \u00e9tnico m\u00e1s grande y m\u00e1s poderoso, se sintieron especialmente amenazados por la perspectiva de una Yugoslavia m\u00e1s d\u00e9bil.<\/li>\n<li><strong>Pol\u00edtica exterior:<\/strong> Los acontecimientos pol\u00edticos en Europa y en todo el mundo tambi\u00e9n influyeron en el conflicto. La desaparici\u00f3n de la Uni\u00f3n Sovi\u00e9tica y la ca\u00edda del Muro de Berl\u00edn cambiaron el equilibrio de poder en Europa, lo que llev\u00f3 a una mayor intervenci\u00f3n de los Estados Unidos y la Uni\u00f3n Europea en la regi\u00f3n.<\/li>\n<li><strong>Relaciones inter\u00e9tnicas:<\/strong> La convivencia entre los diferentes grupos \u00e9tnicos en Bosnia se vio afectada por siglos de conflictos hist\u00f3ricos. Los serbios y croatas ten\u00edan una larga historia de conflicto con los bosnios musulmanes, lo que gener\u00f3 tensiones \u00e9tnicas que se agravaron durante la Guerra de Bosnia.<\/li>\n<\/ul>\n<\/section>\n<section>\n<h2><span class=\"ez-toc-section\" id=\"Opiniones_de_expertos\"><\/span>Opiniones de expertos<span class=\"ez-toc-section-end\"><\/span><\/h2>\n<p>Los expertos coinciden en que la Guerra de Bosnia fue el resultado de una serie compleja de factores pol\u00edticos, econ\u00f3micos y \u00e9tnicos. Seg\u00fan el profesor de la Universidad de Sarajevo, Mirza Mehmedovic:<\/p>\n<blockquote><p>La Guerra de Bosnia fue el resultado de d\u00e9cadas de tensiones \u00e9tnicas, debilidad econ\u00f3mica y conflictos hist\u00f3ricos no resueltos. La disoluci\u00f3n de Yugoslavia y la falta de liderazgo pol\u00edtico efectivo tambi\u00e9n contribuyeron al estallido del conflicto.<\/p><\/blockquote>\n<\/section>\n<section>\n<h2><span class=\"ez-toc-section\" id=\"Preguntas_frecuentes\"><\/span>Preguntas frecuentes<span class=\"ez-toc-section-end\"><\/span><\/h2>\n<h3><span class=\"ez-toc-section\" id=\"%C2%BFCuanto_duro_la_Guerra_de_Bosnia\"><\/span>\u00bfCu\u00e1nto dur\u00f3 la Guerra de Bosnia?<span class=\"ez-toc-section-end\"><\/span><\/h3>\n<p>La Guerra de Bosnia dur\u00f3 desde 1992 hasta 1995.<\/p>\n<h3><span class=\"ez-toc-section\" id=\"%C2%BFCuantas_personas_murieron_en_la_Guerra_de_Bosnia\"><\/span>\u00bfCu\u00e1ntas personas murieron en la Guerra de Bosnia?<span class=\"ez-toc-section-end\"><\/span><\/h3>\n<p>Se estima que m\u00e1s de 100,000 personas murieron durante el conflicto.<\/p>\n<h3><span class=\"ez-toc-section\" id=\"%C2%BFPor_que_se_llamo_la_Guerra_de_Bosnia\"><\/span>\u00bfPor qu\u00e9 se llam\u00f3 la Guerra de Bosnia?<span class=\"ez-toc-section-end\"><\/span><\/h3>\n<p>El conflicto se llam\u00f3 la Guerra de Bosnia porque se desarroll\u00f3 en la Rep\u00fablica de Bosnia y Herzegovina, que se convirti\u00f3 en un estado independiente despu\u00e9s de la disoluci\u00f3n de Yugoslavia.<\/p>\n<h3><span class=\"ez-toc-section\" id=\"%C2%BFPor_que_los_bosnios_musulmanes_fueron_el_grupo_mas_afectado_por_la_guerra\"><\/span>\u00bfPor qu\u00e9 los bosnios musulmanes fueron el grupo m\u00e1s afectado por la guerra?<span class=\"ez-toc-section-end\"><\/span><\/h3>\n<p>Los bosnios musulmanes fueron el grupo \u00e9tnico m\u00e1s afectado por la guerra porque fueron el objetivo principal de la campa\u00f1a de limpieza \u00e9tnica llevada a cabo por las fuerzas serbias. Se estima que alrededor de 70,000 bosnios musulmanes fueron asesinados durante el conflicto.<\/p>\n<h3><span class=\"ez-toc-section\" id=\"%C2%BFQue_lecciones_podemos_aprender_de_la_Guerra_de_Bosnia\"><\/span>\u00bfQu\u00e9 lecciones podemos aprender de la Guerra de Bosnia?<span class=\"ez-toc-section-end\"><\/span><\/h3>\n<p>La Guerra de Bosnia es un recordatorio de las terribles consecuencias de la intolerancia \u00e9tnica y la falta de liderazgo pol\u00edtico efectivo. Es importante trabajar para fomentar la convivencia pac\u00edfica entre diferentes grupos \u00e9tnicos y promover el di\u00e1logo y la cooperaci\u00f3n en lugar de la confrontaci\u00f3n y el conflicto.<\/p>\n<\/section>\n","protected":false},"excerpt":{"rendered":"<p>Causas de la Guerra de Bosnia Por Ana Gonz\u00e1lez Curiosidades e informaci\u00f3n interesante La Guerra de Bosnia fue un conflicto armado que dur\u00f3 desde 1992 hasta 1995. El conflicto se origin\u00f3 despu\u00e9s de la disoluci\u00f3n de Yugoslavia. El conflicto enfrent\u00f3 a tres grupos \u00e9tnicos: bosnios musulmanes, serbios y croatas. La guerra dej\u00f3 m\u00e1s de 100,000 &#8230; <a title=\"Causas de la guerra de bosnia\" class=\"read-more\" href=\"https:\/\/dudasytextos.com\/causasde\/causas-de-la-guerra-de-bosnia\/\" aria-label=\"M\u00e1s en Causas de la guerra de bosnia\">Leer m\u00e1s<\/a><\/p>\n","protected":false},"author":1,"featured_media":0,"comment_status":"open","ping_status":"open","sticky":false,"template":"","format":"standard","meta":{"footnotes":""},"categories":[4],"tags":[],"class_list":["post-160549","post","type-post","status-publish","format-standard","hentry","category-conoce-las-causas"],"aioseo_notices":[],"aioseo_head":"\n\t\t<!-- All in One SEO 5.0.1.1 - aioseo.com -->\n\t<meta name=\"description\" content=\"Causas de la Guerra de Bosnia Por Ana Gonz\u00e1lez Curiosidades e informaci\u00f3n interesante La Guerra de Bosnia fue un conflicto armado que dur\u00f3 desde 1992 hasta 1995. El conflicto se origin\u00f3 despu\u00e9s de la disoluci\u00f3n de Yugoslavia. El conflicto enfrent\u00f3 a tres grupos \u00e9tnicos: bosnios musulmanes, serbios y croatas. La guerra dej\u00f3 m\u00e1s de 100,000\" \/>\n\t<meta name=\"robots\" content=\"max-snippet:-1, max-image-preview:large, max-video-preview:-1\" \/>\n\t<meta name=\"author\" content=\"Ana Gonz\u00e1lez\"\/>\n\t<link rel=\"canonical\" href=\"https:\/\/dudasytextos.com\/causasde\/causas-de-la-guerra-de-bosnia\/\" \/>\n\t<meta name=\"generator\" content=\"All in One SEO (AIOSEO) 5.0.1.1\" \/>\n\n\t\t<!-- Google tag (gtag.js) -->\n<script async src=\"https:\/\/www.googletagmanager.com\/gtag\/js?id=G-1RZBHH3Z7E\"><\/script>\n<script>\n  window.dataLayer = window.dataLayer || [];\n  function gtag(){dataLayer.push(arguments);}\n  gtag('js', new Date());\n\n  gtag('config', 'G-1RZBHH3Z7E');\n<\/script>\n<script async src=\"https:\/\/pagead2.googlesyndication.com\/pagead\/js\/adsbygoogle.js?client=ca-pub-3987500858204711\"\n     crossorigin=\"anonymous\"><\/script>\n\t\t<meta property=\"og:locale\" content=\"es_ES\" \/>\n\t\t<meta property=\"og:site_name\" content=\"Conoce las causas - Conoce las causas\" \/>\n\t\t<meta property=\"og:type\" content=\"article\" \/>\n\t\t<meta property=\"og:title\" content=\"Causas de la guerra de bosnia (2026) Conoce las causas\" \/>\n\t\t<meta property=\"og:description\" content=\"Causas de la Guerra de Bosnia Por Ana Gonz\u00e1lez Curiosidades e informaci\u00f3n interesante La Guerra de Bosnia fue un conflicto armado que dur\u00f3 desde 1992 hasta 1995. El conflicto se origin\u00f3 despu\u00e9s de la disoluci\u00f3n de Yugoslavia. El conflicto enfrent\u00f3 a tres grupos \u00e9tnicos: bosnios musulmanes, serbios y croatas. La guerra dej\u00f3 m\u00e1s de 100,000\" \/>\n\t\t<meta property=\"og:url\" content=\"https:\/\/dudasytextos.com\/causasde\/causas-de-la-guerra-de-bosnia\/\" \/>\n\t\t<meta property=\"article:published_time\" content=\"2025-03-09T12:51:45+00:00\" \/>\n\t\t<meta property=\"article:modified_time\" content=\"2025-03-13T07:07:44+00:00\" \/>\n\t\t<meta name=\"twitter:card\" content=\"summary_large_image\" \/>\n\t\t<meta name=\"twitter:title\" content=\"Causas de la guerra de bosnia (2026) Conoce las causas\" \/>\n\t\t<meta name=\"twitter:description\" content=\"Causas de la Guerra de Bosnia Por Ana Gonz\u00e1lez Curiosidades e informaci\u00f3n interesante La Guerra de Bosnia fue un conflicto armado que dur\u00f3 desde 1992 hasta 1995. El conflicto se origin\u00f3 despu\u00e9s de la disoluci\u00f3n de Yugoslavia. El conflicto enfrent\u00f3 a tres grupos \u00e9tnicos: bosnios musulmanes, serbios y croatas. La guerra dej\u00f3 m\u00e1s de 100,000\" \/>\n\t\t<script type=\"application\/ld+json\" class=\"aioseo-schema\">\n\t\t\t{\"@context\":\"https:\\\/\\\/schema.org\",\"@graph\":[{\"@type\":\"BlogPosting\",\"@id\":\"https:\\\/\\\/dudasytextos.com\\\/causasde\\\/causas-de-la-guerra-de-bosnia\\\/#blogposting\",\"name\":\"Causas de la guerra de bosnia (2026) Conoce las causas\",\"headline\":\"Causas de la guerra de bosnia\",\"author\":{\"@id\":\"https:\\\/\\\/dudasytextos.com\\\/causasde\\\/author\\\/admin44\\\/#author\"},\"publisher\":{\"@id\":\"https:\\\/\\\/dudasytextos.com\\\/causasde\\\/#organization\"},\"datePublished\":\"2025-03-09T12:51:45+00:00\",\"dateModified\":\"2025-03-13T07:07:44+00:00\",\"inLanguage\":\"es-ES\",\"mainEntityOfPage\":{\"@id\":\"https:\\\/\\\/dudasytextos.com\\\/causasde\\\/causas-de-la-guerra-de-bosnia\\\/#webpage\"},\"isPartOf\":{\"@id\":\"https:\\\/\\\/dudasytextos.com\\\/causasde\\\/causas-de-la-guerra-de-bosnia\\\/#webpage\"},\"articleSection\":\"Conoce las causas\"},{\"@type\":\"BreadcrumbList\",\"@id\":\"https:\\\/\\\/dudasytextos.com\\\/causasde\\\/causas-de-la-guerra-de-bosnia\\\/#breadcrumblist\",\"itemListElement\":[{\"@type\":\"ListItem\",\"@id\":\"https:\\\/\\\/dudasytextos.com\\\/causasde#listItem\",\"position\":1,\"name\":\"Inicio\",\"item\":\"https:\\\/\\\/dudasytextos.com\\\/causasde\",\"nextItem\":{\"@type\":\"ListItem\",\"@id\":\"https:\\\/\\\/dudasytextos.com\\\/causasde\\\/category\\\/conoce-las-causas\\\/#listItem\",\"name\":\"Conoce las causas\"}},{\"@type\":\"ListItem\",\"@id\":\"https:\\\/\\\/dudasytextos.com\\\/causasde\\\/category\\\/conoce-las-causas\\\/#listItem\",\"position\":2,\"name\":\"Conoce las causas\",\"item\":\"https:\\\/\\\/dudasytextos.com\\\/causasde\\\/category\\\/conoce-las-causas\\\/\",\"nextItem\":{\"@type\":\"ListItem\",\"@id\":\"https:\\\/\\\/dudasytextos.com\\\/causasde\\\/causas-de-la-guerra-de-bosnia\\\/#listItem\",\"name\":\"Causas de la guerra de bosnia\"},\"previousItem\":{\"@type\":\"ListItem\",\"@id\":\"https:\\\/\\\/dudasytextos.com\\\/causasde#listItem\",\"name\":\"Inicio\"}},{\"@type\":\"ListItem\",\"@id\":\"https:\\\/\\\/dudasytextos.com\\\/causasde\\\/causas-de-la-guerra-de-bosnia\\\/#listItem\",\"position\":3,\"name\":\"Causas de la guerra de bosnia\",\"previousItem\":{\"@type\":\"ListItem\",\"@id\":\"https:\\\/\\\/dudasytextos.com\\\/causasde\\\/category\\\/conoce-las-causas\\\/#listItem\",\"name\":\"Conoce las causas\"}}]},{\"@type\":\"Organization\",\"@id\":\"https:\\\/\\\/dudasytextos.com\\\/causasde\\\/#organization\",\"name\":\"\\u00bfC\\u00f3mo funciona?\",\"description\":\"Conoce las causas\",\"url\":\"https:\\\/\\\/dudasytextos.com\\\/causasde\\\/\"},{\"@type\":\"Person\",\"@id\":\"https:\\\/\\\/dudasytextos.com\\\/causasde\\\/author\\\/admin44\\\/#author\",\"url\":\"https:\\\/\\\/dudasytextos.com\\\/causasde\\\/author\\\/admin44\\\/\",\"name\":\"Ana Gonz\\u00e1lez\"},{\"@type\":\"WebPage\",\"@id\":\"https:\\\/\\\/dudasytextos.com\\\/causasde\\\/causas-de-la-guerra-de-bosnia\\\/#webpage\",\"url\":\"https:\\\/\\\/dudasytextos.com\\\/causasde\\\/causas-de-la-guerra-de-bosnia\\\/\",\"name\":\"Causas de la guerra de bosnia (2026) Conoce las causas\",\"description\":\"Causas de la Guerra de Bosnia Por Ana Gonz\\u00e1lez Curiosidades e informaci\\u00f3n interesante La Guerra de Bosnia fue un conflicto armado que dur\\u00f3 desde 1992 hasta 1995. El conflicto se origin\\u00f3 despu\\u00e9s de la disoluci\\u00f3n de Yugoslavia. El conflicto enfrent\\u00f3 a tres grupos \\u00e9tnicos: bosnios musulmanes, serbios y croatas. La guerra dej\\u00f3 m\\u00e1s de 100,000\",\"inLanguage\":\"es-ES\",\"isPartOf\":{\"@id\":\"https:\\\/\\\/dudasytextos.com\\\/causasde\\\/#website\"},\"breadcrumb\":{\"@id\":\"https:\\\/\\\/dudasytextos.com\\\/causasde\\\/causas-de-la-guerra-de-bosnia\\\/#breadcrumblist\"},\"author\":{\"@id\":\"https:\\\/\\\/dudasytextos.com\\\/causasde\\\/author\\\/admin44\\\/#author\"},\"creator\":{\"@id\":\"https:\\\/\\\/dudasytextos.com\\\/causasde\\\/author\\\/admin44\\\/#author\"},\"datePublished\":\"2025-03-09T12:51:45+00:00\",\"dateModified\":\"2025-03-13T07:07:44+00:00\"},{\"@type\":\"WebSite\",\"@id\":\"https:\\\/\\\/dudasytextos.com\\\/causasde\\\/#website\",\"url\":\"https:\\\/\\\/dudasytextos.com\\\/causasde\\\/\",\"name\":\"\\u00bfC\\u00f3mo funciona?\",\"description\":\"Conoce las causas\",\"inLanguage\":\"es-ES\",\"publisher\":{\"@id\":\"https:\\\/\\\/dudasytextos.com\\\/causasde\\\/#organization\"}}]}\n\t\t<\/script>\n\t\t<!-- All in One SEO -->\n\n","aioseo_head_json":{"title":"Causas de la guerra de bosnia (2026) Conoce las causas","description":"Causas de la Guerra de Bosnia Por Ana Gonz\u00e1lez Curiosidades e informaci\u00f3n interesante La Guerra de Bosnia fue un conflicto armado que dur\u00f3 desde 1992 hasta 1995. El conflicto se origin\u00f3 despu\u00e9s de la disoluci\u00f3n de Yugoslavia. El conflicto enfrent\u00f3 a tres grupos \u00e9tnicos: bosnios musulmanes, serbios y croatas. La guerra dej\u00f3 m\u00e1s de 100,000","canonical_url":"https:\/\/dudasytextos.com\/causasde\/causas-de-la-guerra-de-bosnia\/","robots":"max-snippet:-1, max-image-preview:large, max-video-preview:-1","keywords":"","webmasterTools":{"miscellaneous":"&lt;!-- Google tag (gtag.js) --&gt;\n&lt;script async src=\"https:\/\/www.googletagmanager.com\/gtag\/js?id=G-1RZBHH3Z7E\"&gt;&lt;\/script&gt;\n&lt;script&gt;\n  window.dataLayer = window.dataLayer || [];\n  function gtag(){dataLayer.push(arguments);}\n  gtag('js', new Date());\n\n  gtag('config', 'G-1RZBHH3Z7E');\n&lt;\/script&gt;\n&lt;script async src=\"https:\/\/pagead2.googlesyndication.com\/pagead\/js\/adsbygoogle.js?client=ca-pub-3987500858204711\"\n     crossorigin=\"anonymous\"&gt;&lt;\/script&gt;"},"schema":{"@context":"https:\/\/schema.org","@graph":[{"@type":"BlogPosting","@id":"https:\/\/dudasytextos.com\/causasde\/causas-de-la-guerra-de-bosnia\/#blogposting","name":"Causas de la guerra de bosnia (2026) Conoce las causas","headline":"Causas de la guerra de bosnia","author":{"@id":"https:\/\/dudasytextos.com\/causasde\/author\/admin44\/#author"},"publisher":{"@id":"https:\/\/dudasytextos.com\/causasde\/#organization"},"datePublished":"2025-03-09T12:51:45+00:00","dateModified":"2025-03-13T07:07:44+00:00","inLanguage":"es-ES","mainEntityOfPage":{"@id":"https:\/\/dudasytextos.com\/causasde\/causas-de-la-guerra-de-bosnia\/#webpage"},"isPartOf":{"@id":"https:\/\/dudasytextos.com\/causasde\/causas-de-la-guerra-de-bosnia\/#webpage"},"articleSection":"Conoce las causas"},{"@type":"BreadcrumbList","@id":"https:\/\/dudasytextos.com\/causasde\/causas-de-la-guerra-de-bosnia\/#breadcrumblist","itemListElement":[{"@type":"ListItem","@id":"https:\/\/dudasytextos.com\/causasde#listItem","position":1,"name":"Inicio","item":"https:\/\/dudasytextos.com\/causasde","nextItem":{"@type":"ListItem","@id":"https:\/\/dudasytextos.com\/causasde\/category\/conoce-las-causas\/#listItem","name":"Conoce las causas"}},{"@type":"ListItem","@id":"https:\/\/dudasytextos.com\/causasde\/category\/conoce-las-causas\/#listItem","position":2,"name":"Conoce las causas","item":"https:\/\/dudasytextos.com\/causasde\/category\/conoce-las-causas\/","nextItem":{"@type":"ListItem","@id":"https:\/\/dudasytextos.com\/causasde\/causas-de-la-guerra-de-bosnia\/#listItem","name":"Causas de la guerra de bosnia"},"previousItem":{"@type":"ListItem","@id":"https:\/\/dudasytextos.com\/causasde#listItem","name":"Inicio"}},{"@type":"ListItem","@id":"https:\/\/dudasytextos.com\/causasde\/causas-de-la-guerra-de-bosnia\/#listItem","position":3,"name":"Causas de la guerra de bosnia","previousItem":{"@type":"ListItem","@id":"https:\/\/dudasytextos.com\/causasde\/category\/conoce-las-causas\/#listItem","name":"Conoce las causas"}}]},{"@type":"Organization","@id":"https:\/\/dudasytextos.com\/causasde\/#organization","name":"\u00bfC\u00f3mo funciona?","description":"Conoce las causas","url":"https:\/\/dudasytextos.com\/causasde\/"},{"@type":"Person","@id":"https:\/\/dudasytextos.com\/causasde\/author\/admin44\/#author","url":"https:\/\/dudasytextos.com\/causasde\/author\/admin44\/","name":"Ana Gonz\u00e1lez"},{"@type":"WebPage","@id":"https:\/\/dudasytextos.com\/causasde\/causas-de-la-guerra-de-bosnia\/#webpage","url":"https:\/\/dudasytextos.com\/causasde\/causas-de-la-guerra-de-bosnia\/","name":"Causas de la guerra de bosnia (2026) Conoce las causas","description":"Causas de la Guerra de Bosnia Por Ana Gonz\u00e1lez Curiosidades e informaci\u00f3n interesante La Guerra de Bosnia fue un conflicto armado que dur\u00f3 desde 1992 hasta 1995. El conflicto se origin\u00f3 despu\u00e9s de la disoluci\u00f3n de Yugoslavia. El conflicto enfrent\u00f3 a tres grupos \u00e9tnicos: bosnios musulmanes, serbios y croatas. La guerra dej\u00f3 m\u00e1s de 100,000","inLanguage":"es-ES","isPartOf":{"@id":"https:\/\/dudasytextos.com\/causasde\/#website"},"breadcrumb":{"@id":"https:\/\/dudasytextos.com\/causasde\/causas-de-la-guerra-de-bosnia\/#breadcrumblist"},"author":{"@id":"https:\/\/dudasytextos.com\/causasde\/author\/admin44\/#author"},"creator":{"@id":"https:\/\/dudasytextos.com\/causasde\/author\/admin44\/#author"},"datePublished":"2025-03-09T12:51:45+00:00","dateModified":"2025-03-13T07:07:44+00:00"},{"@type":"WebSite","@id":"https:\/\/dudasytextos.com\/causasde\/#website","url":"https:\/\/dudasytextos.com\/causasde\/","name":"\u00bfC\u00f3mo funciona?","description":"Conoce las causas","inLanguage":"es-ES","publisher":{"@id":"https:\/\/dudasytextos.com\/causasde\/#organization"}}]},"og:locale":"es_ES","og:site_name":"Conoce las causas - Conoce las causas","og:type":"article","og:title":"Causas de la guerra de bosnia (2026) Conoce las causas","og:description":"Causas de la Guerra de Bosnia Por Ana Gonz\u00e1lez Curiosidades e informaci\u00f3n interesante La Guerra de Bosnia fue un conflicto armado que dur\u00f3 desde 1992 hasta 1995. El conflicto se origin\u00f3 despu\u00e9s de la disoluci\u00f3n de Yugoslavia. El conflicto enfrent\u00f3 a tres grupos \u00e9tnicos: bosnios musulmanes, serbios y croatas. La guerra dej\u00f3 m\u00e1s de 100,000","og:url":"https:\/\/dudasytextos.com\/causasde\/causas-de-la-guerra-de-bosnia\/","article:published_time":"2025-03-09T12:51:45+00:00","article:modified_time":"2025-03-13T07:07:44+00:00","twitter:card":"summary_large_image","twitter:title":"Causas de la guerra de bosnia (2026) Conoce las causas","twitter:description":"Causas de la Guerra de Bosnia Por Ana Gonz\u00e1lez Curiosidades e informaci\u00f3n interesante La Guerra de Bosnia fue un conflicto armado que dur\u00f3 desde 1992 hasta 1995. El conflicto se origin\u00f3 despu\u00e9s de la disoluci\u00f3n de Yugoslavia. El conflicto enfrent\u00f3 a tres grupos \u00e9tnicos: bosnios musulmanes, serbios y croatas. La guerra dej\u00f3 m\u00e1s de 100,000"},"aioseo_meta_data":{"post_id":"160549","title":null,"description":null,"keywords":null,"keyphrases":null,"primary_term":null,"canonical_url":null,"og_title":null,"og_description":null,"og_object_type":"default","og_image_type":"default","og_image_url":null,"og_image_width":null,"og_image_height":null,"og_image_custom_url":null,"og_image_custom_fields":null,"og_video":null,"og_custom_url":null,"og_article_section":null,"og_article_tags":null,"twitter_use_og":false,"twitter_card":"default","twitter_image_type":"default","twitter_image_url":null,"twitter_image_custom_url":null,"twitter_image_custom_fields":null,"twitter_title":null,"twitter_description":null,"schema":{"blockGraphs":[],"customGraphs":[],"default":{"data":{"Article":[],"Course":[],"Dataset":[],"FAQPage":[],"Movie":[],"Person":[],"Product":[],"ProductReview":[],"Car":[],"Recipe":[],"Service":[],"SoftwareApplication":[],"WebPage":[]},"graphName":"","isEnabled":true},"graphs":[]},"schema_type":"default","schema_type_options":null,"pillar_content":false,"robots_default":true,"robots_noindex":false,"robots_noarchive":false,"robots_nosnippet":false,"robots_nofollow":false,"robots_noimageindex":false,"robots_noodp":false,"robots_notranslate":false,"robots_max_snippet":null,"robots_max_videopreview":null,"robots_max_imagepreview":"large","priority":null,"frequency":null,"local_seo":null,"breadcrumb_settings":null,"limit_modified_date":false,"ai":null,"created":"2023-05-13 04:43:36","updated":"2025-06-04 13:48:57","seo_analyzer_scan_date":null,"focus_keyword":null,"additional_keywords":null,"truseo_locale":null},"aioseo_breadcrumb":"<div class=\"aioseo-breadcrumbs\"><span class=\"aioseo-breadcrumb\">\n\t\t\t<a href=\"https:\/\/dudasytextos.com\/causasde\" title=\"Inicio\">Inicio<\/a>\n\t\t<\/span><span class=\"aioseo-breadcrumb-separator\">&raquo;<\/span><span class=\"aioseo-breadcrumb\">\n\t\t\t<a href=\"https:\/\/dudasytextos.com\/causasde\/category\/conoce-las-causas\/\" title=\"Conoce las causas\">Conoce las causas<\/a>\n\t\t<\/span><span class=\"aioseo-breadcrumb-separator\">&raquo;<\/span><span class=\"aioseo-breadcrumb\">\n\t\t\tCausas de la guerra de bosnia\n\t\t<\/span><\/div>","aioseo_breadcrumb_json":[{"label":"Inicio","link":"https:\/\/dudasytextos.com\/causasde"},{"label":"Conoce las causas","link":"https:\/\/dudasytextos.com\/causasde\/category\/conoce-las-causas\/"},{"label":"Causas de la guerra de bosnia","link":"https:\/\/dudasytextos.com\/causasde\/causas-de-la-guerra-de-bosnia\/"}],"_links":{"self":[{"href":"https:\/\/dudasytextos.com\/causasde\/wp-json\/wp\/v2\/posts\/160549","targetHints":{"allow":["GET"]}}],"collection":[{"href":"https:\/\/dudasytextos.com\/causasde\/wp-json\/wp\/v2\/posts"}],"about":[{"href":"https:\/\/dudasytextos.com\/causasde\/wp-json\/wp\/v2\/types\/post"}],"author":[{"embeddable":true,"href":"https:\/\/dudasytextos.com\/causasde\/wp-json\/wp\/v2\/users\/1"}],"replies":[{"embeddable":true,"href":"https:\/\/dudasytextos.com\/causasde\/wp-json\/wp\/v2\/comments?post=160549"}],"version-history":[{"count":1,"href":"https:\/\/dudasytextos.com\/causasde\/wp-json\/wp\/v2\/posts\/160549\/revisions"}],"predecessor-version":[{"id":168030,"href":"https:\/\/dudasytextos.com\/causasde\/wp-json\/wp\/v2\/posts\/160549\/revisions\/168030"}],"wp:attachment":[{"href":"https:\/\/dudasytextos.com\/causasde\/wp-json\/wp\/v2\/media?parent=160549"}],"wp:term":[{"taxonomy":"category","embeddable":true,"href":"https:\/\/dudasytextos.com\/causasde\/wp-json\/wp\/v2\/categories?post=160549"},{"taxonomy":"post_tag","embeddable":true,"href":"https:\/\/dudasytextos.com\/causasde\/wp-json\/wp\/v2\/tags?post=160549"}],"curies":[{"name":"wp","href":"https:\/\/api.w.org\/{rel}","templated":true}]}}