{"id":160571,"date":"2025-02-17T10:20:45","date_gmt":"2025-02-17T10:20:45","guid":{"rendered":"https:\/\/educacion.cc\/?p=160571"},"modified":"2025-03-12T15:04:24","modified_gmt":"2025-03-12T15:04:24","slug":"causas-de-la-guerra-de-espana-manuel-azana","status":"publish","type":"post","link":"https:\/\/dudasytextos.com\/causasde\/causas-de-la-guerra-de-espana-manuel-azana\/","title":{"rendered":"Causas de la guerra de espa\u00f1a manuel aza\u00f1a"},"content":{"rendered":"<div id=\"ez-toc-container\" class=\"ez-toc-v2_0_87 counter-hierarchy ez-toc-counter ez-toc-custom ez-toc-container-direction\">\n<div class=\"ez-toc-title-container\">\n<span class=\"ez-toc-title-toggle\"><\/span><\/div>\n<nav><ul class='ez-toc-list ez-toc-list-level-1 ' ><li class='ez-toc-page-1 ez-toc-heading-level-2'><a class=\"ez-toc-link ez-toc-heading-1\" href=\"https:\/\/dudasytextos.com\/causasde\/causas-de-la-guerra-de-espana-manuel-azana\/#Causas_de_la_guerra_de_Espana_de_Manuel_Azana\" >Causas de la guerra de Espa\u00f1a de Manuel Aza\u00f1a<\/a><\/li><li class='ez-toc-page-1 ez-toc-heading-level-2'><a class=\"ez-toc-link ez-toc-heading-2\" href=\"https:\/\/dudasytextos.com\/causasde\/causas-de-la-guerra-de-espana-manuel-azana\/#Curiosidades_y_hechos_interesantes\" >Curiosidades y hechos interesantes<\/a><\/li><li class='ez-toc-page-1 ez-toc-heading-level-2'><a class=\"ez-toc-link ez-toc-heading-3\" href=\"https:\/\/dudasytextos.com\/causasde\/causas-de-la-guerra-de-espana-manuel-azana\/#%C2%BFQue_causo_la_Guerra_de_Espana\" >\u00bfQu\u00e9 caus\u00f3 la Guerra de Espa\u00f1a?<\/a><ul class='ez-toc-list-level-3' ><li class='ez-toc-heading-level-3'><a class=\"ez-toc-link ez-toc-heading-4\" href=\"https:\/\/dudasytextos.com\/causasde\/causas-de-la-guerra-de-espana-manuel-azana\/#1_La_crisis_economica_y_social\" >1. La crisis econ\u00f3mica y social<\/a><\/li><li class='ez-toc-page-1 ez-toc-heading-level-3'><a class=\"ez-toc-link ez-toc-heading-5\" href=\"https:\/\/dudasytextos.com\/causasde\/causas-de-la-guerra-de-espana-manuel-azana\/#2_La_polarizacion_politica\" >2. La polarizaci\u00f3n pol\u00edtica<\/a><\/li><li class='ez-toc-page-1 ez-toc-heading-level-3'><a class=\"ez-toc-link ez-toc-heading-6\" href=\"https:\/\/dudasytextos.com\/causasde\/causas-de-la-guerra-de-espana-manuel-azana\/#3_La_tension_regional\" >3. La tensi\u00f3n regional<\/a><\/li><li class='ez-toc-page-1 ez-toc-heading-level-3'><a class=\"ez-toc-link ez-toc-heading-7\" href=\"https:\/\/dudasytextos.com\/causasde\/causas-de-la-guerra-de-espana-manuel-azana\/#4_La_influencia_extranjera\" >4. La influencia extranjera<\/a><\/li><\/ul><\/li><li class='ez-toc-page-1 ez-toc-heading-level-2'><a class=\"ez-toc-link ez-toc-heading-8\" href=\"https:\/\/dudasytextos.com\/causasde\/causas-de-la-guerra-de-espana-manuel-azana\/#%C2%BFQue_consecuencias_tuvo_la_Guerra_de_Espana\" >\u00bfQu\u00e9 consecuencias tuvo la Guerra de Espa\u00f1a?<\/a><\/li><li class='ez-toc-page-1 ez-toc-heading-level-2'><a class=\"ez-toc-link ez-toc-heading-9\" href=\"https:\/\/dudasytextos.com\/causasde\/causas-de-la-guerra-de-espana-manuel-azana\/#Preguntas_frecuentes\" >Preguntas frecuentes<\/a><ul class='ez-toc-list-level-3' ><li class='ez-toc-heading-level-3'><a class=\"ez-toc-link ez-toc-heading-10\" href=\"https:\/\/dudasytextos.com\/causasde\/causas-de-la-guerra-de-espana-manuel-azana\/#%C2%BFQuienes_fueron_los_principales_lideres_de_la_Guerra_Civil\" >\u00bfQui\u00e9nes fueron los principales l\u00edderes de la Guerra Civil?<\/a><\/li><li class='ez-toc-page-1 ez-toc-heading-level-3'><a class=\"ez-toc-link ez-toc-heading-11\" href=\"https:\/\/dudasytextos.com\/causasde\/causas-de-la-guerra-de-espana-manuel-azana\/#%C2%BFQue_papel_jugaron_los_intelectuales_en_la_Guerra_Civil\" >\u00bfQu\u00e9 papel jugaron los intelectuales en la Guerra Civil?<\/a><\/li><li class='ez-toc-page-1 ez-toc-heading-level-3'><a class=\"ez-toc-link ez-toc-heading-12\" href=\"https:\/\/dudasytextos.com\/causasde\/causas-de-la-guerra-de-espana-manuel-azana\/#%C2%BFQue_legado_dejo_la_Guerra_Civil_en_Espana\" >\u00bfQu\u00e9 legado dej\u00f3 la Guerra Civil en Espa\u00f1a?<\/a><\/li><\/ul><\/li><\/ul><\/nav><\/div>\n<h2><span class=\"ez-toc-section\" id=\"Causas_de_la_guerra_de_Espana_de_Manuel_Azana\"><\/span>Causas de la guerra de Espa\u00f1a de Manuel Aza\u00f1a<span class=\"ez-toc-section-end\"><\/span><\/h2>\n<section>\n<h2><span class=\"ez-toc-section\" id=\"Curiosidades_y_hechos_interesantes\"><\/span>Curiosidades y hechos interesantes<span class=\"ez-toc-section-end\"><\/span><\/h2>\n<ul>\n<li>La Guerra de Espa\u00f1a tuvo lugar entre 1936 y 1939.<\/li>\n<li>Manuel Aza\u00f1a, presidente de la Segunda Rep\u00fablica, fue una figura clave en este conflicto.<\/li>\n<li>La Guerra de Espa\u00f1a es considerada como uno de los principales eventos que precedieron a la Segunda Guerra Mundial.<\/li>\n<\/ul>\n<\/section>\n<section>\n<h2><span class=\"ez-toc-section\" id=\"%C2%BFQue_causo_la_Guerra_de_Espana\"><\/span>\u00bfQu\u00e9 caus\u00f3 la Guerra de Espa\u00f1a?<span class=\"ez-toc-section-end\"><\/span><\/h2>\n<p>La Guerra de Espa\u00f1a fue un conflicto complejo que tuvo lugar durante un momento pol\u00edtico muy tenso en el pa\u00eds. A continuaci\u00f3n, analizamos las principales causas que llevaron a este enfrentamiento b\u00e9lico:<\/p>\n<h3><span class=\"ez-toc-section\" id=\"1_La_crisis_economica_y_social\"><\/span>1. La crisis econ\u00f3mica y social<span class=\"ez-toc-section-end\"><\/span><\/h3>\n<p>La crisis econ\u00f3mica y social que afect\u00f3 a Espa\u00f1a durante la d\u00e9cada de 1930 fue uno de los factores clave que llevaron a la Guerra Civil. La situaci\u00f3n de pobreza y desesperaci\u00f3n en la que viv\u00edan muchas personas llev\u00f3 a movimientos sociales y pol\u00edticos que buscaban un cambio radical en las estructuras del pa\u00eds.<\/p>\n<h3><span class=\"ez-toc-section\" id=\"2_La_polarizacion_politica\"><\/span>2. La polarizaci\u00f3n pol\u00edtica<span class=\"ez-toc-section-end\"><\/span><\/h3>\n<p>La polarizaci\u00f3n pol\u00edtica que viv\u00eda Espa\u00f1a en aquel momento tambi\u00e9n fue un factor importante en la Guerra Civil. El pa\u00eds estaba dividido en dos bloques pol\u00edticos muy diferentes: por un lado, los republicanos y los socialistas, que buscaban una modernizaci\u00f3n del pa\u00eds y una mayor igualdad social; por otro lado, los conservadores y los mon\u00e1rquicos, que defend\u00edan la tradici\u00f3n y la unidad de Espa\u00f1a.<\/p>\n<h3><span class=\"ez-toc-section\" id=\"3_La_tension_regional\"><\/span>3. La tensi\u00f3n regional<span class=\"ez-toc-section-end\"><\/span><\/h3>\n<p>Adem\u00e1s de la polarizaci\u00f3n pol\u00edtica, la tensi\u00f3n regional tambi\u00e9n fue un factor clave en la Guerra Civil. Catalu\u00f1a, el Pa\u00eds Vasco y Galicia eran regiones que buscaban una mayor autonom\u00eda y una mayor protecci\u00f3n de sus lenguas y culturas. Estas demandas no eran bien vistas por el gobierno central y esto gener\u00f3 un clima de tensi\u00f3n que contribuy\u00f3 a la Guerra Civil.<\/p>\n<h3><span class=\"ez-toc-section\" id=\"4_La_influencia_extranjera\"><\/span>4. La influencia extranjera<span class=\"ez-toc-section-end\"><\/span><\/h3>\n<p>Por \u00faltimo, la influencia extranjera tambi\u00e9n tuvo un papel importante en la Guerra Civil. Tanto la Alemania Nazi como la Italia fascista apoyaron al bando franquista, mientras que la Uni\u00f3n Sovi\u00e9tica apoy\u00f3 al bando republicano. Esta influencia extranjera contribuy\u00f3 a la escalada del conflicto y a su prolongaci\u00f3n en el tiempo.<\/p>\n<\/section>\n<section>\n<h2><span class=\"ez-toc-section\" id=\"%C2%BFQue_consecuencias_tuvo_la_Guerra_de_Espana\"><\/span>\u00bfQu\u00e9 consecuencias tuvo la Guerra de Espa\u00f1a?<span class=\"ez-toc-section-end\"><\/span><\/h2>\n<p>La Guerra de Espa\u00f1a tuvo consecuencias muy graves para el pa\u00eds, entre las que destacan:<\/p>\n<ul>\n<li>La muerte de m\u00e1s de 500.000 personas.<\/li>\n<li>La instauraci\u00f3n de un r\u00e9gimen dictatorial en Espa\u00f1a que durar\u00eda hasta la muerte de Francisco Franco en 1975.<\/li>\n<li>El exilio de cientos de miles de personas que huyeron del pa\u00eds durante la Guerra Civil.<\/li>\n<\/ul>\n<p>Adem\u00e1s, la Guerra de Espa\u00f1a tuvo un impacto internacional muy significativo. El conflicto fue visto por muchos como una lucha entre el fascismo y la democracia y esto contribuy\u00f3 a la polarizaci\u00f3n pol\u00edtica en Europa y al inicio de la Segunda Guerra Mundial.<\/p>\n<\/section>\n<section>\n<h2><span class=\"ez-toc-section\" id=\"Preguntas_frecuentes\"><\/span>Preguntas frecuentes<span class=\"ez-toc-section-end\"><\/span><\/h2>\n<h3><span class=\"ez-toc-section\" id=\"%C2%BFQuienes_fueron_los_principales_lideres_de_la_Guerra_Civil\"><\/span>\u00bfQui\u00e9nes fueron los principales l\u00edderes de la Guerra Civil?<span class=\"ez-toc-section-end\"><\/span><\/h3>\n<p>En el bando republicano destacaron figuras como Manuel Aza\u00f1a, Largo Caballero o Indalecio Prieto. En el bando franquista, destacaron Franco, Queipo de Llano o Gonzalo Queipo de Llano.<\/p>\n<h3><span class=\"ez-toc-section\" id=\"%C2%BFQue_papel_jugaron_los_intelectuales_en_la_Guerra_Civil\"><\/span>\u00bfQu\u00e9 papel jugaron los intelectuales en la Guerra Civil?<span class=\"ez-toc-section-end\"><\/span><\/h3>\n<p>Los intelectuales tuvieron un papel muy importante en la Guerra Civil. Muchos escritores, artistas y pensadores se posicionaron a favor de uno u otro bando y contribuyeron a difundir sus ideas y a movilizar a la opini\u00f3n p\u00fablica.<\/p>\n<h3><span class=\"ez-toc-section\" id=\"%C2%BFQue_legado_dejo_la_Guerra_Civil_en_Espana\"><\/span>\u00bfQu\u00e9 legado dej\u00f3 la Guerra Civil en Espa\u00f1a?<span class=\"ez-toc-section-end\"><\/span><\/h3>\n<p>La Guerra Civil dej\u00f3 un legado muy complejo en Espa\u00f1a. Por un lado, gener\u00f3 una gran fractura social y pol\u00edtica que tard\u00f3 d\u00e9cadas en cicatrizar. Por otro lado, contribuy\u00f3 a la modernizaci\u00f3n del pa\u00eds y a la conquista de derechos y libertades que hoy en d\u00eda son fundamentales para nuestra sociedad.<\/p>\n<\/section>\n<footer>\n<p>Escrito por Ana Gonz\u00e1lez<\/p>\n<\/footer>\n","protected":false},"excerpt":{"rendered":"<p>Causas de la guerra de Espa\u00f1a de Manuel Aza\u00f1a Curiosidades y hechos interesantes La Guerra de Espa\u00f1a tuvo lugar entre 1936 y 1939. Manuel Aza\u00f1a, presidente de la Segunda Rep\u00fablica, fue una figura clave en este conflicto. La Guerra de Espa\u00f1a es considerada como uno de los principales eventos que precedieron a la Segunda Guerra &#8230; <a title=\"Causas de la guerra de espa\u00f1a manuel aza\u00f1a\" class=\"read-more\" href=\"https:\/\/dudasytextos.com\/causasde\/causas-de-la-guerra-de-espana-manuel-azana\/\" aria-label=\"M\u00e1s en Causas de la guerra de espa\u00f1a manuel aza\u00f1a\">Leer m\u00e1s<\/a><\/p>\n","protected":false},"author":1,"featured_media":0,"comment_status":"open","ping_status":"open","sticky":false,"template":"","format":"standard","meta":{"footnotes":""},"categories":[4,10],"tags":[],"class_list":["post-160571","post","type-post","status-publish","format-standard","hentry","category-conoce-las-causas","category-en-espana"],"aioseo_notices":[],"aioseo_head":"\n\t\t<!-- All in One SEO 5.0.1.1 - aioseo.com -->\n\t<meta name=\"description\" content=\"Causas de la guerra de Espa\u00f1a de Manuel Aza\u00f1a Curiosidades y hechos interesantes La Guerra de Espa\u00f1a tuvo lugar entre 1936 y 1939. Manuel Aza\u00f1a, presidente de la Segunda Rep\u00fablica, fue una figura clave en este conflicto. La Guerra de Espa\u00f1a es considerada como uno de los principales eventos que precedieron a la Segunda Guerra\" \/>\n\t<meta name=\"robots\" content=\"max-snippet:-1, max-image-preview:large, max-video-preview:-1\" \/>\n\t<meta name=\"author\" content=\"Ana Gonz\u00e1lez\"\/>\n\t<link rel=\"canonical\" href=\"https:\/\/dudasytextos.com\/causasde\/causas-de-la-guerra-de-espana-manuel-azana\/\" \/>\n\t<meta name=\"generator\" content=\"All in One SEO (AIOSEO) 5.0.1.1\" \/>\n\n\t\t<!-- Google tag (gtag.js) -->\n<script async src=\"https:\/\/www.googletagmanager.com\/gtag\/js?id=G-1RZBHH3Z7E\"><\/script>\n<script>\n  window.dataLayer = window.dataLayer || [];\n  function gtag(){dataLayer.push(arguments);}\n  gtag('js', new Date());\n\n  gtag('config', 'G-1RZBHH3Z7E');\n<\/script>\n<script async src=\"https:\/\/pagead2.googlesyndication.com\/pagead\/js\/adsbygoogle.js?client=ca-pub-3987500858204711\"\n     crossorigin=\"anonymous\"><\/script>\n\t\t<meta property=\"og:locale\" content=\"es_ES\" \/>\n\t\t<meta property=\"og:site_name\" content=\"Conoce las causas - Conoce las causas\" \/>\n\t\t<meta property=\"og:type\" content=\"article\" \/>\n\t\t<meta property=\"og:title\" content=\"Causas de la guerra de espa\u00f1a manuel aza\u00f1a (2026) Conoce las causas\" \/>\n\t\t<meta property=\"og:description\" content=\"Causas de la guerra de Espa\u00f1a de Manuel Aza\u00f1a Curiosidades y hechos interesantes La Guerra de Espa\u00f1a tuvo lugar entre 1936 y 1939. Manuel Aza\u00f1a, presidente de la Segunda Rep\u00fablica, fue una figura clave en este conflicto. La Guerra de Espa\u00f1a es considerada como uno de los principales eventos que precedieron a la Segunda Guerra\" \/>\n\t\t<meta property=\"og:url\" content=\"https:\/\/dudasytextos.com\/causasde\/causas-de-la-guerra-de-espana-manuel-azana\/\" \/>\n\t\t<meta property=\"article:published_time\" content=\"2025-02-17T10:20:45+00:00\" \/>\n\t\t<meta property=\"article:modified_time\" content=\"2025-03-12T15:04:24+00:00\" \/>\n\t\t<meta name=\"twitter:card\" content=\"summary_large_image\" \/>\n\t\t<meta name=\"twitter:title\" content=\"Causas de la guerra de espa\u00f1a manuel aza\u00f1a (2026) Conoce las causas\" \/>\n\t\t<meta name=\"twitter:description\" content=\"Causas de la guerra de Espa\u00f1a de Manuel Aza\u00f1a Curiosidades y hechos interesantes La Guerra de Espa\u00f1a tuvo lugar entre 1936 y 1939. Manuel Aza\u00f1a, presidente de la Segunda Rep\u00fablica, fue una figura clave en este conflicto. La Guerra de Espa\u00f1a es considerada como uno de los principales eventos que precedieron a la Segunda Guerra\" \/>\n\t\t<script type=\"application\/ld+json\" class=\"aioseo-schema\">\n\t\t\t{\"@context\":\"https:\\\/\\\/schema.org\",\"@graph\":[{\"@type\":\"BlogPosting\",\"@id\":\"https:\\\/\\\/dudasytextos.com\\\/causasde\\\/causas-de-la-guerra-de-espana-manuel-azana\\\/#blogposting\",\"name\":\"Causas de la guerra de espa\\u00f1a manuel aza\\u00f1a (2026) Conoce las causas\",\"headline\":\"Causas de la guerra de espa\\u00f1a manuel aza\\u00f1a\",\"author\":{\"@id\":\"https:\\\/\\\/dudasytextos.com\\\/causasde\\\/author\\\/admin44\\\/#author\"},\"publisher\":{\"@id\":\"https:\\\/\\\/dudasytextos.com\\\/causasde\\\/#organization\"},\"datePublished\":\"2025-02-17T10:20:45+00:00\",\"dateModified\":\"2025-03-12T15:04:24+00:00\",\"inLanguage\":\"es-ES\",\"mainEntityOfPage\":{\"@id\":\"https:\\\/\\\/dudasytextos.com\\\/causasde\\\/causas-de-la-guerra-de-espana-manuel-azana\\\/#webpage\"},\"isPartOf\":{\"@id\":\"https:\\\/\\\/dudasytextos.com\\\/causasde\\\/causas-de-la-guerra-de-espana-manuel-azana\\\/#webpage\"},\"articleSection\":\"Conoce las causas, En Espa\\u00f1a\"},{\"@type\":\"BreadcrumbList\",\"@id\":\"https:\\\/\\\/dudasytextos.com\\\/causasde\\\/causas-de-la-guerra-de-espana-manuel-azana\\\/#breadcrumblist\",\"itemListElement\":[{\"@type\":\"ListItem\",\"@id\":\"https:\\\/\\\/dudasytextos.com\\\/causasde#listItem\",\"position\":1,\"name\":\"Inicio\",\"item\":\"https:\\\/\\\/dudasytextos.com\\\/causasde\",\"nextItem\":{\"@type\":\"ListItem\",\"@id\":\"https:\\\/\\\/dudasytextos.com\\\/causasde\\\/category\\\/conoce-las-causas\\\/#listItem\",\"name\":\"Conoce las causas\"}},{\"@type\":\"ListItem\",\"@id\":\"https:\\\/\\\/dudasytextos.com\\\/causasde\\\/category\\\/conoce-las-causas\\\/#listItem\",\"position\":2,\"name\":\"Conoce las causas\",\"item\":\"https:\\\/\\\/dudasytextos.com\\\/causasde\\\/category\\\/conoce-las-causas\\\/\",\"nextItem\":{\"@type\":\"ListItem\",\"@id\":\"https:\\\/\\\/dudasytextos.com\\\/causasde\\\/causas-de-la-guerra-de-espana-manuel-azana\\\/#listItem\",\"name\":\"Causas de la guerra de espa\\u00f1a manuel aza\\u00f1a\"},\"previousItem\":{\"@type\":\"ListItem\",\"@id\":\"https:\\\/\\\/dudasytextos.com\\\/causasde#listItem\",\"name\":\"Inicio\"}},{\"@type\":\"ListItem\",\"@id\":\"https:\\\/\\\/dudasytextos.com\\\/causasde\\\/causas-de-la-guerra-de-espana-manuel-azana\\\/#listItem\",\"position\":3,\"name\":\"Causas de la guerra de espa\\u00f1a manuel aza\\u00f1a\",\"previousItem\":{\"@type\":\"ListItem\",\"@id\":\"https:\\\/\\\/dudasytextos.com\\\/causasde\\\/category\\\/conoce-las-causas\\\/#listItem\",\"name\":\"Conoce las causas\"}}]},{\"@type\":\"Organization\",\"@id\":\"https:\\\/\\\/dudasytextos.com\\\/causasde\\\/#organization\",\"name\":\"\\u00bfC\\u00f3mo funciona?\",\"description\":\"Conoce las causas\",\"url\":\"https:\\\/\\\/dudasytextos.com\\\/causasde\\\/\"},{\"@type\":\"Person\",\"@id\":\"https:\\\/\\\/dudasytextos.com\\\/causasde\\\/author\\\/admin44\\\/#author\",\"url\":\"https:\\\/\\\/dudasytextos.com\\\/causasde\\\/author\\\/admin44\\\/\",\"name\":\"Ana Gonz\\u00e1lez\"},{\"@type\":\"WebPage\",\"@id\":\"https:\\\/\\\/dudasytextos.com\\\/causasde\\\/causas-de-la-guerra-de-espana-manuel-azana\\\/#webpage\",\"url\":\"https:\\\/\\\/dudasytextos.com\\\/causasde\\\/causas-de-la-guerra-de-espana-manuel-azana\\\/\",\"name\":\"Causas de la guerra de espa\\u00f1a manuel aza\\u00f1a (2026) Conoce las causas\",\"description\":\"Causas de la guerra de Espa\\u00f1a de Manuel Aza\\u00f1a Curiosidades y hechos interesantes La Guerra de Espa\\u00f1a tuvo lugar entre 1936 y 1939. Manuel Aza\\u00f1a, presidente de la Segunda Rep\\u00fablica, fue una figura clave en este conflicto. La Guerra de Espa\\u00f1a es considerada como uno de los principales eventos que precedieron a la Segunda Guerra\",\"inLanguage\":\"es-ES\",\"isPartOf\":{\"@id\":\"https:\\\/\\\/dudasytextos.com\\\/causasde\\\/#website\"},\"breadcrumb\":{\"@id\":\"https:\\\/\\\/dudasytextos.com\\\/causasde\\\/causas-de-la-guerra-de-espana-manuel-azana\\\/#breadcrumblist\"},\"author\":{\"@id\":\"https:\\\/\\\/dudasytextos.com\\\/causasde\\\/author\\\/admin44\\\/#author\"},\"creator\":{\"@id\":\"https:\\\/\\\/dudasytextos.com\\\/causasde\\\/author\\\/admin44\\\/#author\"},\"datePublished\":\"2025-02-17T10:20:45+00:00\",\"dateModified\":\"2025-03-12T15:04:24+00:00\"},{\"@type\":\"WebSite\",\"@id\":\"https:\\\/\\\/dudasytextos.com\\\/causasde\\\/#website\",\"url\":\"https:\\\/\\\/dudasytextos.com\\\/causasde\\\/\",\"name\":\"\\u00bfC\\u00f3mo funciona?\",\"description\":\"Conoce las causas\",\"inLanguage\":\"es-ES\",\"publisher\":{\"@id\":\"https:\\\/\\\/dudasytextos.com\\\/causasde\\\/#organization\"}}]}\n\t\t<\/script>\n\t\t<!-- All in One SEO -->\n\n","aioseo_head_json":{"title":"Causas de la guerra de espa\u00f1a manuel aza\u00f1a (2026) Conoce las causas","description":"Causas de la guerra de Espa\u00f1a de Manuel Aza\u00f1a Curiosidades y hechos interesantes La Guerra de Espa\u00f1a tuvo lugar entre 1936 y 1939. Manuel Aza\u00f1a, presidente de la Segunda Rep\u00fablica, fue una figura clave en este conflicto. La Guerra de Espa\u00f1a es considerada como uno de los principales eventos que precedieron a la Segunda Guerra","canonical_url":"https:\/\/dudasytextos.com\/causasde\/causas-de-la-guerra-de-espana-manuel-azana\/","robots":"max-snippet:-1, max-image-preview:large, max-video-preview:-1","keywords":"","webmasterTools":{"miscellaneous":"&lt;!-- Google tag (gtag.js) --&gt;\n&lt;script async src=\"https:\/\/www.googletagmanager.com\/gtag\/js?id=G-1RZBHH3Z7E\"&gt;&lt;\/script&gt;\n&lt;script&gt;\n  window.dataLayer = window.dataLayer || [];\n  function gtag(){dataLayer.push(arguments);}\n  gtag('js', new Date());\n\n  gtag('config', 'G-1RZBHH3Z7E');\n&lt;\/script&gt;\n&lt;script async src=\"https:\/\/pagead2.googlesyndication.com\/pagead\/js\/adsbygoogle.js?client=ca-pub-3987500858204711\"\n     crossorigin=\"anonymous\"&gt;&lt;\/script&gt;"},"schema":{"@context":"https:\/\/schema.org","@graph":[{"@type":"BlogPosting","@id":"https:\/\/dudasytextos.com\/causasde\/causas-de-la-guerra-de-espana-manuel-azana\/#blogposting","name":"Causas de la guerra de espa\u00f1a manuel aza\u00f1a (2026) Conoce las causas","headline":"Causas de la guerra de espa\u00f1a manuel aza\u00f1a","author":{"@id":"https:\/\/dudasytextos.com\/causasde\/author\/admin44\/#author"},"publisher":{"@id":"https:\/\/dudasytextos.com\/causasde\/#organization"},"datePublished":"2025-02-17T10:20:45+00:00","dateModified":"2025-03-12T15:04:24+00:00","inLanguage":"es-ES","mainEntityOfPage":{"@id":"https:\/\/dudasytextos.com\/causasde\/causas-de-la-guerra-de-espana-manuel-azana\/#webpage"},"isPartOf":{"@id":"https:\/\/dudasytextos.com\/causasde\/causas-de-la-guerra-de-espana-manuel-azana\/#webpage"},"articleSection":"Conoce las causas, En Espa\u00f1a"},{"@type":"BreadcrumbList","@id":"https:\/\/dudasytextos.com\/causasde\/causas-de-la-guerra-de-espana-manuel-azana\/#breadcrumblist","itemListElement":[{"@type":"ListItem","@id":"https:\/\/dudasytextos.com\/causasde#listItem","position":1,"name":"Inicio","item":"https:\/\/dudasytextos.com\/causasde","nextItem":{"@type":"ListItem","@id":"https:\/\/dudasytextos.com\/causasde\/category\/conoce-las-causas\/#listItem","name":"Conoce las causas"}},{"@type":"ListItem","@id":"https:\/\/dudasytextos.com\/causasde\/category\/conoce-las-causas\/#listItem","position":2,"name":"Conoce las causas","item":"https:\/\/dudasytextos.com\/causasde\/category\/conoce-las-causas\/","nextItem":{"@type":"ListItem","@id":"https:\/\/dudasytextos.com\/causasde\/causas-de-la-guerra-de-espana-manuel-azana\/#listItem","name":"Causas de la guerra de espa\u00f1a manuel aza\u00f1a"},"previousItem":{"@type":"ListItem","@id":"https:\/\/dudasytextos.com\/causasde#listItem","name":"Inicio"}},{"@type":"ListItem","@id":"https:\/\/dudasytextos.com\/causasde\/causas-de-la-guerra-de-espana-manuel-azana\/#listItem","position":3,"name":"Causas de la guerra de espa\u00f1a manuel aza\u00f1a","previousItem":{"@type":"ListItem","@id":"https:\/\/dudasytextos.com\/causasde\/category\/conoce-las-causas\/#listItem","name":"Conoce las causas"}}]},{"@type":"Organization","@id":"https:\/\/dudasytextos.com\/causasde\/#organization","name":"\u00bfC\u00f3mo funciona?","description":"Conoce las causas","url":"https:\/\/dudasytextos.com\/causasde\/"},{"@type":"Person","@id":"https:\/\/dudasytextos.com\/causasde\/author\/admin44\/#author","url":"https:\/\/dudasytextos.com\/causasde\/author\/admin44\/","name":"Ana Gonz\u00e1lez"},{"@type":"WebPage","@id":"https:\/\/dudasytextos.com\/causasde\/causas-de-la-guerra-de-espana-manuel-azana\/#webpage","url":"https:\/\/dudasytextos.com\/causasde\/causas-de-la-guerra-de-espana-manuel-azana\/","name":"Causas de la guerra de espa\u00f1a manuel aza\u00f1a (2026) Conoce las causas","description":"Causas de la guerra de Espa\u00f1a de Manuel Aza\u00f1a Curiosidades y hechos interesantes La Guerra de Espa\u00f1a tuvo lugar entre 1936 y 1939. Manuel Aza\u00f1a, presidente de la Segunda Rep\u00fablica, fue una figura clave en este conflicto. La Guerra de Espa\u00f1a es considerada como uno de los principales eventos que precedieron a la Segunda Guerra","inLanguage":"es-ES","isPartOf":{"@id":"https:\/\/dudasytextos.com\/causasde\/#website"},"breadcrumb":{"@id":"https:\/\/dudasytextos.com\/causasde\/causas-de-la-guerra-de-espana-manuel-azana\/#breadcrumblist"},"author":{"@id":"https:\/\/dudasytextos.com\/causasde\/author\/admin44\/#author"},"creator":{"@id":"https:\/\/dudasytextos.com\/causasde\/author\/admin44\/#author"},"datePublished":"2025-02-17T10:20:45+00:00","dateModified":"2025-03-12T15:04:24+00:00"},{"@type":"WebSite","@id":"https:\/\/dudasytextos.com\/causasde\/#website","url":"https:\/\/dudasytextos.com\/causasde\/","name":"\u00bfC\u00f3mo funciona?","description":"Conoce las causas","inLanguage":"es-ES","publisher":{"@id":"https:\/\/dudasytextos.com\/causasde\/#organization"}}]},"og:locale":"es_ES","og:site_name":"Conoce las causas - Conoce las causas","og:type":"article","og:title":"Causas de la guerra de espa\u00f1a manuel aza\u00f1a (2026) Conoce las causas","og:description":"Causas de la guerra de Espa\u00f1a de Manuel Aza\u00f1a Curiosidades y hechos interesantes La Guerra de Espa\u00f1a tuvo lugar entre 1936 y 1939. Manuel Aza\u00f1a, presidente de la Segunda Rep\u00fablica, fue una figura clave en este conflicto. La Guerra de Espa\u00f1a es considerada como uno de los principales eventos que precedieron a la Segunda Guerra","og:url":"https:\/\/dudasytextos.com\/causasde\/causas-de-la-guerra-de-espana-manuel-azana\/","article:published_time":"2025-02-17T10:20:45+00:00","article:modified_time":"2025-03-12T15:04:24+00:00","twitter:card":"summary_large_image","twitter:title":"Causas de la guerra de espa\u00f1a manuel aza\u00f1a (2026) Conoce las causas","twitter:description":"Causas de la guerra de Espa\u00f1a de Manuel Aza\u00f1a Curiosidades y hechos interesantes La Guerra de Espa\u00f1a tuvo lugar entre 1936 y 1939. Manuel Aza\u00f1a, presidente de la Segunda Rep\u00fablica, fue una figura clave en este conflicto. La Guerra de Espa\u00f1a es considerada como uno de los principales eventos que precedieron a la Segunda Guerra"},"aioseo_meta_data":{"post_id":"160571","title":null,"description":null,"keywords":null,"keyphrases":null,"primary_term":null,"canonical_url":null,"og_title":null,"og_description":null,"og_object_type":"default","og_image_type":"default","og_image_url":null,"og_image_width":null,"og_image_height":null,"og_image_custom_url":null,"og_image_custom_fields":null,"og_video":null,"og_custom_url":null,"og_article_section":null,"og_article_tags":null,"twitter_use_og":false,"twitter_card":"default","twitter_image_type":"default","twitter_image_url":null,"twitter_image_custom_url":null,"twitter_image_custom_fields":null,"twitter_title":null,"twitter_description":null,"schema":{"blockGraphs":[],"customGraphs":[],"default":{"data":{"Article":[],"Course":[],"Dataset":[],"FAQPage":[],"Movie":[],"Person":[],"Product":[],"ProductReview":[],"Car":[],"Recipe":[],"Service":[],"SoftwareApplication":[],"WebPage":[]},"graphName":"","isEnabled":true},"graphs":[]},"schema_type":"default","schema_type_options":null,"pillar_content":false,"robots_default":true,"robots_noindex":false,"robots_noarchive":false,"robots_nosnippet":false,"robots_nofollow":false,"robots_noimageindex":false,"robots_noodp":false,"robots_notranslate":false,"robots_max_snippet":null,"robots_max_videopreview":null,"robots_max_imagepreview":"large","priority":null,"frequency":null,"local_seo":null,"breadcrumb_settings":null,"limit_modified_date":false,"ai":null,"created":"2023-05-13 04:40:37","updated":"2025-06-03 21:50:52","seo_analyzer_scan_date":null,"focus_keyword":null,"additional_keywords":null,"truseo_locale":null},"aioseo_breadcrumb":"<div class=\"aioseo-breadcrumbs\"><span class=\"aioseo-breadcrumb\">\n\t\t\t<a href=\"https:\/\/dudasytextos.com\/causasde\" title=\"Inicio\">Inicio<\/a>\n\t\t<\/span><span class=\"aioseo-breadcrumb-separator\">&raquo;<\/span><span class=\"aioseo-breadcrumb\">\n\t\t\t<a href=\"https:\/\/dudasytextos.com\/causasde\/category\/conoce-las-causas\/\" title=\"Conoce las causas\">Conoce las causas<\/a>\n\t\t<\/span><span class=\"aioseo-breadcrumb-separator\">&raquo;<\/span><span class=\"aioseo-breadcrumb\">\n\t\t\tCausas de la guerra de espa\u00f1a manuel aza\u00f1a\n\t\t<\/span><\/div>","aioseo_breadcrumb_json":[{"label":"Inicio","link":"https:\/\/dudasytextos.com\/causasde"},{"label":"Conoce las causas","link":"https:\/\/dudasytextos.com\/causasde\/category\/conoce-las-causas\/"},{"label":"Causas de la guerra de espa\u00f1a manuel aza\u00f1a","link":"https:\/\/dudasytextos.com\/causasde\/causas-de-la-guerra-de-espana-manuel-azana\/"}],"_links":{"self":[{"href":"https:\/\/dudasytextos.com\/causasde\/wp-json\/wp\/v2\/posts\/160571","targetHints":{"allow":["GET"]}}],"collection":[{"href":"https:\/\/dudasytextos.com\/causasde\/wp-json\/wp\/v2\/posts"}],"about":[{"href":"https:\/\/dudasytextos.com\/causasde\/wp-json\/wp\/v2\/types\/post"}],"author":[{"embeddable":true,"href":"https:\/\/dudasytextos.com\/causasde\/wp-json\/wp\/v2\/users\/1"}],"replies":[{"embeddable":true,"href":"https:\/\/dudasytextos.com\/causasde\/wp-json\/wp\/v2\/comments?post=160571"}],"version-history":[{"count":1,"href":"https:\/\/dudasytextos.com\/causasde\/wp-json\/wp\/v2\/posts\/160571\/revisions"}],"predecessor-version":[{"id":168008,"href":"https:\/\/dudasytextos.com\/causasde\/wp-json\/wp\/v2\/posts\/160571\/revisions\/168008"}],"wp:attachment":[{"href":"https:\/\/dudasytextos.com\/causasde\/wp-json\/wp\/v2\/media?parent=160571"}],"wp:term":[{"taxonomy":"category","embeddable":true,"href":"https:\/\/dudasytextos.com\/causasde\/wp-json\/wp\/v2\/categories?post=160571"},{"taxonomy":"post_tag","embeddable":true,"href":"https:\/\/dudasytextos.com\/causasde\/wp-json\/wp\/v2\/tags?post=160571"}],"curies":[{"name":"wp","href":"https:\/\/api.w.org\/{rel}","templated":true}]}}