{"id":160698,"date":"2025-03-08T05:53:44","date_gmt":"2025-03-08T05:53:44","guid":{"rendered":"https:\/\/educacion.cc\/?p=160698"},"modified":"2025-03-13T10:37:28","modified_gmt":"2025-03-13T10:37:28","slug":"causas-de-la-unificacion-alemana","status":"publish","type":"post","link":"https:\/\/dudasytextos.com\/causasde\/causas-de-la-unificacion-alemana\/","title":{"rendered":"Causas de la unificacion alemana"},"content":{"rendered":"<div id=\"ez-toc-container\" class=\"ez-toc-v2_0_87 counter-hierarchy ez-toc-counter ez-toc-custom ez-toc-container-direction\">\n<div class=\"ez-toc-title-container\">\n<span class=\"ez-toc-title-toggle\"><\/span><\/div>\n<nav><ul class='ez-toc-list ez-toc-list-level-1 ' ><li class='ez-toc-page-1 ez-toc-heading-level-2'><a class=\"ez-toc-link ez-toc-heading-1\" href=\"https:\/\/dudasytextos.com\/causasde\/causas-de-la-unificacion-alemana\/#Causas_de_la_unificacion_alemana\" >Causas de la unificaci\u00f3n alemana<\/a><\/li><li class='ez-toc-page-1 ez-toc-heading-level-2'><a class=\"ez-toc-link ez-toc-heading-2\" href=\"https:\/\/dudasytextos.com\/causasde\/causas-de-la-unificacion-alemana\/#Por_Ana_Gonzalez\" >Por Ana Gonz\u00e1lez<\/a><\/li><li class='ez-toc-page-1 ez-toc-heading-level-2'><a class=\"ez-toc-link ez-toc-heading-3\" href=\"https:\/\/dudasytextos.com\/causasde\/causas-de-la-unificacion-alemana\/#Curiosidades_y_hechos_interesantes\" >Curiosidades y hechos interesantes<\/a><\/li><li class='ez-toc-page-1 ez-toc-heading-level-2'><a class=\"ez-toc-link ez-toc-heading-4\" href=\"https:\/\/dudasytextos.com\/causasde\/causas-de-la-unificacion-alemana\/#Mi_experiencia_personal\" >Mi experiencia personal<\/a><\/li><li class='ez-toc-page-1 ez-toc-heading-level-2'><a class=\"ez-toc-link ez-toc-heading-5\" href=\"https:\/\/dudasytextos.com\/causasde\/causas-de-la-unificacion-alemana\/#Las_causas_de_la_unificacion_alemana\" >Las causas de la unificaci\u00f3n alemana<\/a><ul class='ez-toc-list-level-3' ><li class='ez-toc-heading-level-3'><a class=\"ez-toc-link ez-toc-heading-6\" href=\"https:\/\/dudasytextos.com\/causasde\/causas-de-la-unificacion-alemana\/#1_Tensiones_entre_las_distintas_regiones_alemanas\" >1. Tensiones entre las distintas regiones alemanas<\/a><\/li><li class='ez-toc-page-1 ez-toc-heading-level-3'><a class=\"ez-toc-link ez-toc-heading-7\" href=\"https:\/\/dudasytextos.com\/causasde\/causas-de-la-unificacion-alemana\/#2_Influencia_del_nacionalismo\" >2. Influencia del nacionalismo<\/a><\/li><li class='ez-toc-page-1 ez-toc-heading-level-3'><a class=\"ez-toc-link ez-toc-heading-8\" href=\"https:\/\/dudasytextos.com\/causasde\/causas-de-la-unificacion-alemana\/#3_Liderazgo_de_Otto_von_Bismarck\" >3. Liderazgo de Otto von Bismarck<\/a><\/li><li class='ez-toc-page-1 ez-toc-heading-level-3'><a class=\"ez-toc-link ez-toc-heading-9\" href=\"https:\/\/dudasytextos.com\/causasde\/causas-de-la-unificacion-alemana\/#4_Guerra_Franco-Prusiana\" >4. Guerra Franco-Prusiana<\/a><\/li><\/ul><\/li><li class='ez-toc-page-1 ez-toc-heading-level-2'><a class=\"ez-toc-link ez-toc-heading-10\" href=\"https:\/\/dudasytextos.com\/causasde\/causas-de-la-unificacion-alemana\/#Preguntas_frecuentes\" >Preguntas frecuentes<\/a><ul class='ez-toc-list-level-3' ><li class='ez-toc-heading-level-3'><a class=\"ez-toc-link ez-toc-heading-11\" href=\"https:\/\/dudasytextos.com\/causasde\/causas-de-la-unificacion-alemana\/#%C2%BFQue_fue_la_unificacion_alemana\" >\u00bfQu\u00e9 fue la unificaci\u00f3n alemana?<\/a><\/li><li class='ez-toc-page-1 ez-toc-heading-level-3'><a class=\"ez-toc-link ez-toc-heading-12\" href=\"https:\/\/dudasytextos.com\/causasde\/causas-de-la-unificacion-alemana\/#%C2%BFCuando_se_logro_la_unificacion_alemana\" >\u00bfCu\u00e1ndo se logr\u00f3 la unificaci\u00f3n alemana?<\/a><\/li><li class='ez-toc-page-1 ez-toc-heading-level-3'><a class=\"ez-toc-link ez-toc-heading-13\" href=\"https:\/\/dudasytextos.com\/causasde\/causas-de-la-unificacion-alemana\/#%C2%BFQuien_lidero_el_proceso_de_unificacion_alemana\" >\u00bfQui\u00e9n lider\u00f3 el proceso de unificaci\u00f3n alemana?<\/a><\/li><li class='ez-toc-page-1 ez-toc-heading-level-3'><a class=\"ez-toc-link ez-toc-heading-14\" href=\"https:\/\/dudasytextos.com\/causasde\/causas-de-la-unificacion-alemana\/#%C2%BFPor_que_fue_importante_la_unificacion_alemana\" >\u00bfPor qu\u00e9 fue importante la unificaci\u00f3n alemana?<\/a><\/li><\/ul><\/li><\/ul><\/nav><\/div>\n<h2><span class=\"ez-toc-section\" id=\"Causas_de_la_unificacion_alemana\"><\/span>Causas de la unificaci\u00f3n alemana<span class=\"ez-toc-section-end\"><\/span><\/h2>\n<h2><span class=\"ez-toc-section\" id=\"Por_Ana_Gonzalez\"><\/span>Por Ana Gonz\u00e1lez<span class=\"ez-toc-section-end\"><\/span><\/h2>\n<section>\n<h2><span class=\"ez-toc-section\" id=\"Curiosidades_y_hechos_interesantes\"><\/span>Curiosidades y hechos interesantes<span class=\"ez-toc-section-end\"><\/span><\/h2>\n<ul>\n<li>La unificaci\u00f3n alemana se logr\u00f3 en 1871, despu\u00e9s de d\u00e9cadas de conflictos y tensiones entre las distintas regiones alemanas.<\/li>\n<li>El proceso de unificaci\u00f3n fue liderado por el canciller alem\u00e1n Otto von Bismarck.<\/li>\n<li>La unificaci\u00f3n alemana fue un factor clave en el surgimiento de la Alemania moderna como potencia europea.<\/li>\n<\/ul>\n<\/section>\n<section>\n<h2><span class=\"ez-toc-section\" id=\"Mi_experiencia_personal\"><\/span>Mi experiencia personal<span class=\"ez-toc-section-end\"><\/span><\/h2>\n<p>Hace unos a\u00f1os, tuve la oportunidad de visitar Berl\u00edn y conocer m\u00e1s sobre la historia de la unificaci\u00f3n alemana. Fue emocionante ver c\u00f3mo la unificaci\u00f3n hab\u00eda transformado la ciudad y el pa\u00eds en general. Me di cuenta de que la unificaci\u00f3n no solo fue un proceso pol\u00edtico, sino tambi\u00e9n social y <a href=\"https:\/\/dudasytextos.com\/causasde\/causas-de-la-diversidad-cultural\/\">cultural<\/a>.<\/p>\n<p>Es impresionante c\u00f3mo una naci\u00f3n puede lograr la unificaci\u00f3n despu\u00e9s de siglos de divisiones y conflictos. La unificaci\u00f3n alemana es un ejemplo de c\u00f3mo la perseverancia, la diplomacia y el liderazgo pueden lograr grandes cambios hist\u00f3ricos.<\/p>\n<\/section>\n<section>\n<h2><span class=\"ez-toc-section\" id=\"Las_causas_de_la_unificacion_alemana\"><\/span>Las causas de la unificaci\u00f3n alemana<span class=\"ez-toc-section-end\"><\/span><\/h2>\n<p>La unificaci\u00f3n alemana fue un proceso complejo y multifac\u00e9tico que tuvo varias causas y factores que lo influyeron. A continuaci\u00f3n, se presentan algunas de las causas m\u00e1s importantes:<\/p>\n<h3><span class=\"ez-toc-section\" id=\"1_Tensiones_entre_las_distintas_regiones_alemanas\"><\/span>1. Tensiones entre las distintas regiones alemanas<span class=\"ez-toc-section-end\"><\/span><\/h3>\n<p>Antes de la unificaci\u00f3n alemana, el territorio alem\u00e1n estaba fragmentado en varios estados y regiones independientes. Estas regiones ten\u00edan diferentes culturas, lenguas y tradiciones, lo que generaba tensiones y conflictos entre ellas. La unificaci\u00f3n alemana fue una respuesta a estas tensiones y una forma de unir al pueblo alem\u00e1n bajo una sola naci\u00f3n y una sola cultura.<\/p>\n<h3><span class=\"ez-toc-section\" id=\"2_Influencia_del_nacionalismo\"><\/span>2. Influencia del nacionalismo<span class=\"ez-toc-section-end\"><\/span><\/h3>\n<p>El nacionalismo fue un factor clave en la unificaci\u00f3n alemana. Durante el siglo XIX, el nacionalismo se convirti\u00f3 en un movimiento pol\u00edtico y social que buscaba la unificaci\u00f3n de los pueblos que compart\u00edan una misma cultura y lengua. En Alemania, el nacionalismo se convirti\u00f3 en un movimiento poderoso que contribuy\u00f3 a la unificaci\u00f3n del pa\u00eds.<\/p>\n<h3><span class=\"ez-toc-section\" id=\"3_Liderazgo_de_Otto_von_Bismarck\"><\/span>3. Liderazgo de Otto von Bismarck<span class=\"ez-toc-section-end\"><\/span><\/h3>\n<p>El canciller alem\u00e1n Otto von Bismarck fue el l\u00edder clave en el proceso de unificaci\u00f3n alemana. Bismarck fue un pol\u00edtico astuto y h\u00e1bil que supo aprovechar las tensiones pol\u00edticas y militares de la \u00e9poca para unificar a los estados alemanes bajo el liderazgo de Prusia.<\/p>\n<h3><span class=\"ez-toc-section\" id=\"4_Guerra_Franco-Prusiana\"><\/span>4. Guerra Franco-Prusiana<span class=\"ez-toc-section-end\"><\/span><\/h3>\n<p>La guerra Franco-Prusiana de 1870-1871 fue un factor clave en la unificaci\u00f3n alemana. La victoria de Prusia sobre Francia en esta guerra permiti\u00f3 que Prusia se convirtiera en la l\u00edder indiscutible de los estados alemanes y que se lograra la unificaci\u00f3n del pa\u00eds.<\/p>\n<\/section>\n<section>\n<h2><span class=\"ez-toc-section\" id=\"Preguntas_frecuentes\"><\/span>Preguntas frecuentes<span class=\"ez-toc-section-end\"><\/span><\/h2>\n<h3><span class=\"ez-toc-section\" id=\"%C2%BFQue_fue_la_unificacion_alemana\"><\/span>\u00bfQu\u00e9 fue la unificaci\u00f3n alemana?<span class=\"ez-toc-section-end\"><\/span><\/h3>\n<p>La unificaci\u00f3n alemana fue el proceso mediante el cual los diferentes estados y regiones alemanes fueron unificados bajo un solo gobierno y una sola naci\u00f3n.<\/p>\n<h3><span class=\"ez-toc-section\" id=\"%C2%BFCuando_se_logro_la_unificacion_alemana\"><\/span>\u00bfCu\u00e1ndo se logr\u00f3 la unificaci\u00f3n alemana?<span class=\"ez-toc-section-end\"><\/span><\/h3>\n<p>La unificaci\u00f3n alemana se logr\u00f3 en 1871, despu\u00e9s de d\u00e9cadas de conflictos y tensiones entre las distintas regiones alemanas.<\/p>\n<h3><span class=\"ez-toc-section\" id=\"%C2%BFQuien_lidero_el_proceso_de_unificacion_alemana\"><\/span>\u00bfQui\u00e9n lider\u00f3 el proceso de unificaci\u00f3n alemana?<span class=\"ez-toc-section-end\"><\/span><\/h3>\n<p>El canciller alem\u00e1n Otto von Bismarck fue el l\u00edder clave en el proceso de unificaci\u00f3n alemana.<\/p>\n<h3><span class=\"ez-toc-section\" id=\"%C2%BFPor_que_fue_importante_la_unificacion_alemana\"><\/span>\u00bfPor qu\u00e9 fue importante la unificaci\u00f3n alemana?<span class=\"ez-toc-section-end\"><\/span><\/h3>\n<p>La unificaci\u00f3n alemana fue importante porque permiti\u00f3 que Alemania se convirtiera en una potencia europea y mundial. Tambi\u00e9n permiti\u00f3 la creaci\u00f3n de una sola naci\u00f3n y una sola cultura alemana.<\/p>\n<\/section>\n","protected":false},"excerpt":{"rendered":"<p>Causas de la unificaci\u00f3n alemana Por Ana Gonz\u00e1lez Curiosidades y hechos interesantes La unificaci\u00f3n alemana se logr\u00f3 en 1871, despu\u00e9s de d\u00e9cadas de conflictos y tensiones entre las distintas regiones alemanas. El proceso de unificaci\u00f3n fue liderado por el canciller alem\u00e1n Otto von Bismarck. La unificaci\u00f3n alemana fue un factor clave en el surgimiento de &#8230; <a title=\"Causas de la unificacion alemana\" class=\"read-more\" href=\"https:\/\/dudasytextos.com\/causasde\/causas-de-la-unificacion-alemana\/\" aria-label=\"M\u00e1s en Causas de la unificacion alemana\">Leer m\u00e1s<\/a><\/p>\n","protected":false},"author":1,"featured_media":0,"comment_status":"open","ping_status":"open","sticky":false,"template":"","format":"standard","meta":{"footnotes":""},"categories":[4],"tags":[],"class_list":["post-160698","post","type-post","status-publish","format-standard","hentry","category-conoce-las-causas"],"aioseo_notices":[],"aioseo_head":"\n\t\t<!-- All in One SEO 5.0.1.1 - aioseo.com -->\n\t<meta name=\"description\" content=\"Causas de la unificaci\u00f3n alemana Por Ana Gonz\u00e1lez Curiosidades y hechos interesantes La unificaci\u00f3n alemana se logr\u00f3 en 1871, despu\u00e9s de d\u00e9cadas de conflictos y tensiones entre las distintas regiones alemanas. El proceso de unificaci\u00f3n fue liderado por el canciller alem\u00e1n Otto von Bismarck. La unificaci\u00f3n alemana fue un factor clave en el surgimiento de\" \/>\n\t<meta name=\"robots\" content=\"max-snippet:-1, max-image-preview:large, max-video-preview:-1\" \/>\n\t<meta name=\"author\" content=\"Ana Gonz\u00e1lez\"\/>\n\t<link rel=\"canonical\" href=\"https:\/\/dudasytextos.com\/causasde\/causas-de-la-unificacion-alemana\/\" \/>\n\t<meta name=\"generator\" content=\"All in One SEO (AIOSEO) 5.0.1.1\" \/>\n\n\t\t<!-- Google tag (gtag.js) -->\n<script async src=\"https:\/\/www.googletagmanager.com\/gtag\/js?id=G-1RZBHH3Z7E\"><\/script>\n<script>\n  window.dataLayer = window.dataLayer || [];\n  function gtag(){dataLayer.push(arguments);}\n  gtag('js', new Date());\n\n  gtag('config', 'G-1RZBHH3Z7E');\n<\/script>\n<script async src=\"https:\/\/pagead2.googlesyndication.com\/pagead\/js\/adsbygoogle.js?client=ca-pub-3987500858204711\"\n     crossorigin=\"anonymous\"><\/script>\n\t\t<meta property=\"og:locale\" content=\"es_ES\" \/>\n\t\t<meta property=\"og:site_name\" content=\"Conoce las causas - Conoce las causas\" \/>\n\t\t<meta property=\"og:type\" content=\"article\" \/>\n\t\t<meta property=\"og:title\" content=\"Causas de la unificacion alemana (2026) Conoce las causas\" \/>\n\t\t<meta property=\"og:description\" content=\"Causas de la unificaci\u00f3n alemana Por Ana Gonz\u00e1lez Curiosidades y hechos interesantes La unificaci\u00f3n alemana se logr\u00f3 en 1871, despu\u00e9s de d\u00e9cadas de conflictos y tensiones entre las distintas regiones alemanas. El proceso de unificaci\u00f3n fue liderado por el canciller alem\u00e1n Otto von Bismarck. La unificaci\u00f3n alemana fue un factor clave en el surgimiento de\" \/>\n\t\t<meta property=\"og:url\" content=\"https:\/\/dudasytextos.com\/causasde\/causas-de-la-unificacion-alemana\/\" \/>\n\t\t<meta property=\"article:published_time\" content=\"2025-03-08T05:53:44+00:00\" \/>\n\t\t<meta property=\"article:modified_time\" content=\"2025-03-13T10:37:28+00:00\" \/>\n\t\t<meta name=\"twitter:card\" content=\"summary_large_image\" \/>\n\t\t<meta name=\"twitter:title\" content=\"Causas de la unificacion alemana (2026) Conoce las causas\" \/>\n\t\t<meta name=\"twitter:description\" content=\"Causas de la unificaci\u00f3n alemana Por Ana Gonz\u00e1lez Curiosidades y hechos interesantes La unificaci\u00f3n alemana se logr\u00f3 en 1871, despu\u00e9s de d\u00e9cadas de conflictos y tensiones entre las distintas regiones alemanas. El proceso de unificaci\u00f3n fue liderado por el canciller alem\u00e1n Otto von Bismarck. La unificaci\u00f3n alemana fue un factor clave en el surgimiento de\" \/>\n\t\t<script type=\"application\/ld+json\" class=\"aioseo-schema\">\n\t\t\t{\"@context\":\"https:\\\/\\\/schema.org\",\"@graph\":[{\"@type\":\"BlogPosting\",\"@id\":\"https:\\\/\\\/dudasytextos.com\\\/causasde\\\/causas-de-la-unificacion-alemana\\\/#blogposting\",\"name\":\"Causas de la unificacion alemana (2026) Conoce las causas\",\"headline\":\"Causas de la unificacion alemana\",\"author\":{\"@id\":\"https:\\\/\\\/dudasytextos.com\\\/causasde\\\/author\\\/admin44\\\/#author\"},\"publisher\":{\"@id\":\"https:\\\/\\\/dudasytextos.com\\\/causasde\\\/#organization\"},\"datePublished\":\"2025-03-08T05:53:44+00:00\",\"dateModified\":\"2025-03-13T10:37:28+00:00\",\"inLanguage\":\"es-ES\",\"mainEntityOfPage\":{\"@id\":\"https:\\\/\\\/dudasytextos.com\\\/causasde\\\/causas-de-la-unificacion-alemana\\\/#webpage\"},\"isPartOf\":{\"@id\":\"https:\\\/\\\/dudasytextos.com\\\/causasde\\\/causas-de-la-unificacion-alemana\\\/#webpage\"},\"articleSection\":\"Conoce las causas\"},{\"@type\":\"BreadcrumbList\",\"@id\":\"https:\\\/\\\/dudasytextos.com\\\/causasde\\\/causas-de-la-unificacion-alemana\\\/#breadcrumblist\",\"itemListElement\":[{\"@type\":\"ListItem\",\"@id\":\"https:\\\/\\\/dudasytextos.com\\\/causasde#listItem\",\"position\":1,\"name\":\"Inicio\",\"item\":\"https:\\\/\\\/dudasytextos.com\\\/causasde\",\"nextItem\":{\"@type\":\"ListItem\",\"@id\":\"https:\\\/\\\/dudasytextos.com\\\/causasde\\\/category\\\/conoce-las-causas\\\/#listItem\",\"name\":\"Conoce las causas\"}},{\"@type\":\"ListItem\",\"@id\":\"https:\\\/\\\/dudasytextos.com\\\/causasde\\\/category\\\/conoce-las-causas\\\/#listItem\",\"position\":2,\"name\":\"Conoce las causas\",\"item\":\"https:\\\/\\\/dudasytextos.com\\\/causasde\\\/category\\\/conoce-las-causas\\\/\",\"nextItem\":{\"@type\":\"ListItem\",\"@id\":\"https:\\\/\\\/dudasytextos.com\\\/causasde\\\/causas-de-la-unificacion-alemana\\\/#listItem\",\"name\":\"Causas de la unificacion alemana\"},\"previousItem\":{\"@type\":\"ListItem\",\"@id\":\"https:\\\/\\\/dudasytextos.com\\\/causasde#listItem\",\"name\":\"Inicio\"}},{\"@type\":\"ListItem\",\"@id\":\"https:\\\/\\\/dudasytextos.com\\\/causasde\\\/causas-de-la-unificacion-alemana\\\/#listItem\",\"position\":3,\"name\":\"Causas de la unificacion alemana\",\"previousItem\":{\"@type\":\"ListItem\",\"@id\":\"https:\\\/\\\/dudasytextos.com\\\/causasde\\\/category\\\/conoce-las-causas\\\/#listItem\",\"name\":\"Conoce las causas\"}}]},{\"@type\":\"Organization\",\"@id\":\"https:\\\/\\\/dudasytextos.com\\\/causasde\\\/#organization\",\"name\":\"\\u00bfC\\u00f3mo funciona?\",\"description\":\"Conoce las causas\",\"url\":\"https:\\\/\\\/dudasytextos.com\\\/causasde\\\/\"},{\"@type\":\"Person\",\"@id\":\"https:\\\/\\\/dudasytextos.com\\\/causasde\\\/author\\\/admin44\\\/#author\",\"url\":\"https:\\\/\\\/dudasytextos.com\\\/causasde\\\/author\\\/admin44\\\/\",\"name\":\"Ana Gonz\\u00e1lez\"},{\"@type\":\"WebPage\",\"@id\":\"https:\\\/\\\/dudasytextos.com\\\/causasde\\\/causas-de-la-unificacion-alemana\\\/#webpage\",\"url\":\"https:\\\/\\\/dudasytextos.com\\\/causasde\\\/causas-de-la-unificacion-alemana\\\/\",\"name\":\"Causas de la unificacion alemana (2026) Conoce las causas\",\"description\":\"Causas de la unificaci\\u00f3n alemana Por Ana Gonz\\u00e1lez Curiosidades y hechos interesantes La unificaci\\u00f3n alemana se logr\\u00f3 en 1871, despu\\u00e9s de d\\u00e9cadas de conflictos y tensiones entre las distintas regiones alemanas. El proceso de unificaci\\u00f3n fue liderado por el canciller alem\\u00e1n Otto von Bismarck. La unificaci\\u00f3n alemana fue un factor clave en el surgimiento de\",\"inLanguage\":\"es-ES\",\"isPartOf\":{\"@id\":\"https:\\\/\\\/dudasytextos.com\\\/causasde\\\/#website\"},\"breadcrumb\":{\"@id\":\"https:\\\/\\\/dudasytextos.com\\\/causasde\\\/causas-de-la-unificacion-alemana\\\/#breadcrumblist\"},\"author\":{\"@id\":\"https:\\\/\\\/dudasytextos.com\\\/causasde\\\/author\\\/admin44\\\/#author\"},\"creator\":{\"@id\":\"https:\\\/\\\/dudasytextos.com\\\/causasde\\\/author\\\/admin44\\\/#author\"},\"datePublished\":\"2025-03-08T05:53:44+00:00\",\"dateModified\":\"2025-03-13T10:37:28+00:00\"},{\"@type\":\"WebSite\",\"@id\":\"https:\\\/\\\/dudasytextos.com\\\/causasde\\\/#website\",\"url\":\"https:\\\/\\\/dudasytextos.com\\\/causasde\\\/\",\"name\":\"\\u00bfC\\u00f3mo funciona?\",\"description\":\"Conoce las causas\",\"inLanguage\":\"es-ES\",\"publisher\":{\"@id\":\"https:\\\/\\\/dudasytextos.com\\\/causasde\\\/#organization\"}}]}\n\t\t<\/script>\n\t\t<!-- All in One SEO -->\n\n","aioseo_head_json":{"title":"Causas de la unificacion alemana (2026) Conoce las causas","description":"Causas de la unificaci\u00f3n alemana Por Ana Gonz\u00e1lez Curiosidades y hechos interesantes La unificaci\u00f3n alemana se logr\u00f3 en 1871, despu\u00e9s de d\u00e9cadas de conflictos y tensiones entre las distintas regiones alemanas. El proceso de unificaci\u00f3n fue liderado por el canciller alem\u00e1n Otto von Bismarck. La unificaci\u00f3n alemana fue un factor clave en el surgimiento de","canonical_url":"https:\/\/dudasytextos.com\/causasde\/causas-de-la-unificacion-alemana\/","robots":"max-snippet:-1, max-image-preview:large, max-video-preview:-1","keywords":"","webmasterTools":{"miscellaneous":"&lt;!-- Google tag (gtag.js) --&gt;\n&lt;script async src=\"https:\/\/www.googletagmanager.com\/gtag\/js?id=G-1RZBHH3Z7E\"&gt;&lt;\/script&gt;\n&lt;script&gt;\n  window.dataLayer = window.dataLayer || [];\n  function gtag(){dataLayer.push(arguments);}\n  gtag('js', new Date());\n\n  gtag('config', 'G-1RZBHH3Z7E');\n&lt;\/script&gt;\n&lt;script async src=\"https:\/\/pagead2.googlesyndication.com\/pagead\/js\/adsbygoogle.js?client=ca-pub-3987500858204711\"\n     crossorigin=\"anonymous\"&gt;&lt;\/script&gt;"},"schema":{"@context":"https:\/\/schema.org","@graph":[{"@type":"BlogPosting","@id":"https:\/\/dudasytextos.com\/causasde\/causas-de-la-unificacion-alemana\/#blogposting","name":"Causas de la unificacion alemana (2026) Conoce las causas","headline":"Causas de la unificacion alemana","author":{"@id":"https:\/\/dudasytextos.com\/causasde\/author\/admin44\/#author"},"publisher":{"@id":"https:\/\/dudasytextos.com\/causasde\/#organization"},"datePublished":"2025-03-08T05:53:44+00:00","dateModified":"2025-03-13T10:37:28+00:00","inLanguage":"es-ES","mainEntityOfPage":{"@id":"https:\/\/dudasytextos.com\/causasde\/causas-de-la-unificacion-alemana\/#webpage"},"isPartOf":{"@id":"https:\/\/dudasytextos.com\/causasde\/causas-de-la-unificacion-alemana\/#webpage"},"articleSection":"Conoce las causas"},{"@type":"BreadcrumbList","@id":"https:\/\/dudasytextos.com\/causasde\/causas-de-la-unificacion-alemana\/#breadcrumblist","itemListElement":[{"@type":"ListItem","@id":"https:\/\/dudasytextos.com\/causasde#listItem","position":1,"name":"Inicio","item":"https:\/\/dudasytextos.com\/causasde","nextItem":{"@type":"ListItem","@id":"https:\/\/dudasytextos.com\/causasde\/category\/conoce-las-causas\/#listItem","name":"Conoce las causas"}},{"@type":"ListItem","@id":"https:\/\/dudasytextos.com\/causasde\/category\/conoce-las-causas\/#listItem","position":2,"name":"Conoce las causas","item":"https:\/\/dudasytextos.com\/causasde\/category\/conoce-las-causas\/","nextItem":{"@type":"ListItem","@id":"https:\/\/dudasytextos.com\/causasde\/causas-de-la-unificacion-alemana\/#listItem","name":"Causas de la unificacion alemana"},"previousItem":{"@type":"ListItem","@id":"https:\/\/dudasytextos.com\/causasde#listItem","name":"Inicio"}},{"@type":"ListItem","@id":"https:\/\/dudasytextos.com\/causasde\/causas-de-la-unificacion-alemana\/#listItem","position":3,"name":"Causas de la unificacion alemana","previousItem":{"@type":"ListItem","@id":"https:\/\/dudasytextos.com\/causasde\/category\/conoce-las-causas\/#listItem","name":"Conoce las causas"}}]},{"@type":"Organization","@id":"https:\/\/dudasytextos.com\/causasde\/#organization","name":"\u00bfC\u00f3mo funciona?","description":"Conoce las causas","url":"https:\/\/dudasytextos.com\/causasde\/"},{"@type":"Person","@id":"https:\/\/dudasytextos.com\/causasde\/author\/admin44\/#author","url":"https:\/\/dudasytextos.com\/causasde\/author\/admin44\/","name":"Ana Gonz\u00e1lez"},{"@type":"WebPage","@id":"https:\/\/dudasytextos.com\/causasde\/causas-de-la-unificacion-alemana\/#webpage","url":"https:\/\/dudasytextos.com\/causasde\/causas-de-la-unificacion-alemana\/","name":"Causas de la unificacion alemana (2026) Conoce las causas","description":"Causas de la unificaci\u00f3n alemana Por Ana Gonz\u00e1lez Curiosidades y hechos interesantes La unificaci\u00f3n alemana se logr\u00f3 en 1871, despu\u00e9s de d\u00e9cadas de conflictos y tensiones entre las distintas regiones alemanas. El proceso de unificaci\u00f3n fue liderado por el canciller alem\u00e1n Otto von Bismarck. La unificaci\u00f3n alemana fue un factor clave en el surgimiento de","inLanguage":"es-ES","isPartOf":{"@id":"https:\/\/dudasytextos.com\/causasde\/#website"},"breadcrumb":{"@id":"https:\/\/dudasytextos.com\/causasde\/causas-de-la-unificacion-alemana\/#breadcrumblist"},"author":{"@id":"https:\/\/dudasytextos.com\/causasde\/author\/admin44\/#author"},"creator":{"@id":"https:\/\/dudasytextos.com\/causasde\/author\/admin44\/#author"},"datePublished":"2025-03-08T05:53:44+00:00","dateModified":"2025-03-13T10:37:28+00:00"},{"@type":"WebSite","@id":"https:\/\/dudasytextos.com\/causasde\/#website","url":"https:\/\/dudasytextos.com\/causasde\/","name":"\u00bfC\u00f3mo funciona?","description":"Conoce las causas","inLanguage":"es-ES","publisher":{"@id":"https:\/\/dudasytextos.com\/causasde\/#organization"}}]},"og:locale":"es_ES","og:site_name":"Conoce las causas - Conoce las causas","og:type":"article","og:title":"Causas de la unificacion alemana (2026) Conoce las causas","og:description":"Causas de la unificaci\u00f3n alemana Por Ana Gonz\u00e1lez Curiosidades y hechos interesantes La unificaci\u00f3n alemana se logr\u00f3 en 1871, despu\u00e9s de d\u00e9cadas de conflictos y tensiones entre las distintas regiones alemanas. El proceso de unificaci\u00f3n fue liderado por el canciller alem\u00e1n Otto von Bismarck. La unificaci\u00f3n alemana fue un factor clave en el surgimiento de","og:url":"https:\/\/dudasytextos.com\/causasde\/causas-de-la-unificacion-alemana\/","article:published_time":"2025-03-08T05:53:44+00:00","article:modified_time":"2025-03-13T10:37:28+00:00","twitter:card":"summary_large_image","twitter:title":"Causas de la unificacion alemana (2026) Conoce las causas","twitter:description":"Causas de la unificaci\u00f3n alemana Por Ana Gonz\u00e1lez Curiosidades y hechos interesantes La unificaci\u00f3n alemana se logr\u00f3 en 1871, despu\u00e9s de d\u00e9cadas de conflictos y tensiones entre las distintas regiones alemanas. El proceso de unificaci\u00f3n fue liderado por el canciller alem\u00e1n Otto von Bismarck. La unificaci\u00f3n alemana fue un factor clave en el surgimiento de"},"aioseo_meta_data":{"post_id":"160698","title":null,"description":null,"keywords":null,"keyphrases":null,"primary_term":null,"canonical_url":null,"og_title":null,"og_description":null,"og_object_type":"default","og_image_type":"default","og_image_url":null,"og_image_width":null,"og_image_height":null,"og_image_custom_url":null,"og_image_custom_fields":null,"og_video":null,"og_custom_url":null,"og_article_section":null,"og_article_tags":null,"twitter_use_og":false,"twitter_card":"default","twitter_image_type":"default","twitter_image_url":null,"twitter_image_custom_url":null,"twitter_image_custom_fields":null,"twitter_title":null,"twitter_description":null,"schema":{"blockGraphs":[],"customGraphs":[],"default":{"data":{"Article":[],"Course":[],"Dataset":[],"FAQPage":[],"Movie":[],"Person":[],"Product":[],"ProductReview":[],"Car":[],"Recipe":[],"Service":[],"SoftwareApplication":[],"WebPage":[]},"graphName":"","isEnabled":true},"graphs":[]},"schema_type":"default","schema_type_options":null,"pillar_content":false,"robots_default":true,"robots_noindex":false,"robots_noarchive":false,"robots_nosnippet":false,"robots_nofollow":false,"robots_noimageindex":false,"robots_noodp":false,"robots_notranslate":false,"robots_max_snippet":null,"robots_max_videopreview":null,"robots_max_imagepreview":"large","priority":null,"frequency":null,"local_seo":null,"breadcrumb_settings":null,"limit_modified_date":false,"ai":null,"created":"2023-05-13 04:26:38","updated":"2025-06-04 12:29:40","seo_analyzer_scan_date":null,"focus_keyword":null,"additional_keywords":null,"truseo_locale":null},"aioseo_breadcrumb":"<div class=\"aioseo-breadcrumbs\"><span class=\"aioseo-breadcrumb\">\n\t\t\t<a href=\"https:\/\/dudasytextos.com\/causasde\" title=\"Inicio\">Inicio<\/a>\n\t\t<\/span><span class=\"aioseo-breadcrumb-separator\">&raquo;<\/span><span class=\"aioseo-breadcrumb\">\n\t\t\t<a href=\"https:\/\/dudasytextos.com\/causasde\/category\/conoce-las-causas\/\" title=\"Conoce las causas\">Conoce las causas<\/a>\n\t\t<\/span><span class=\"aioseo-breadcrumb-separator\">&raquo;<\/span><span class=\"aioseo-breadcrumb\">\n\t\t\tCausas de la unificacion alemana\n\t\t<\/span><\/div>","aioseo_breadcrumb_json":[{"label":"Inicio","link":"https:\/\/dudasytextos.com\/causasde"},{"label":"Conoce las causas","link":"https:\/\/dudasytextos.com\/causasde\/category\/conoce-las-causas\/"},{"label":"Causas de la unificacion alemana","link":"https:\/\/dudasytextos.com\/causasde\/causas-de-la-unificacion-alemana\/"}],"_links":{"self":[{"href":"https:\/\/dudasytextos.com\/causasde\/wp-json\/wp\/v2\/posts\/160698","targetHints":{"allow":["GET"]}}],"collection":[{"href":"https:\/\/dudasytextos.com\/causasde\/wp-json\/wp\/v2\/posts"}],"about":[{"href":"https:\/\/dudasytextos.com\/causasde\/wp-json\/wp\/v2\/types\/post"}],"author":[{"embeddable":true,"href":"https:\/\/dudasytextos.com\/causasde\/wp-json\/wp\/v2\/users\/1"}],"replies":[{"embeddable":true,"href":"https:\/\/dudasytextos.com\/causasde\/wp-json\/wp\/v2\/comments?post=160698"}],"version-history":[{"count":1,"href":"https:\/\/dudasytextos.com\/causasde\/wp-json\/wp\/v2\/posts\/160698\/revisions"}],"predecessor-version":[{"id":167881,"href":"https:\/\/dudasytextos.com\/causasde\/wp-json\/wp\/v2\/posts\/160698\/revisions\/167881"}],"wp:attachment":[{"href":"https:\/\/dudasytextos.com\/causasde\/wp-json\/wp\/v2\/media?parent=160698"}],"wp:term":[{"taxonomy":"category","embeddable":true,"href":"https:\/\/dudasytextos.com\/causasde\/wp-json\/wp\/v2\/categories?post=160698"},{"taxonomy":"post_tag","embeddable":true,"href":"https:\/\/dudasytextos.com\/causasde\/wp-json\/wp\/v2\/tags?post=160698"}],"curies":[{"name":"wp","href":"https:\/\/api.w.org\/{rel}","templated":true}]}}