{"id":160861,"date":"2025-03-06T07:48:12","date_gmt":"2025-03-06T07:48:12","guid":{"rendered":"https:\/\/educacion.cc\/?p=160861"},"modified":"2025-03-13T00:28:18","modified_gmt":"2025-03-13T00:28:18","slug":"causas-de-la-independencia-de-cataluna","status":"publish","type":"post","link":"https:\/\/dudasytextos.com\/causasde\/causas-de-la-independencia-de-cataluna\/","title":{"rendered":"Causas de la independencia de catalu\u00f1a"},"content":{"rendered":"<div id=\"ez-toc-container\" class=\"ez-toc-v2_0_87 counter-hierarchy ez-toc-counter ez-toc-custom ez-toc-container-direction\">\n<div class=\"ez-toc-title-container\">\n<span class=\"ez-toc-title-toggle\"><\/span><\/div>\n<nav><ul class='ez-toc-list ez-toc-list-level-1 ' ><li class='ez-toc-page-1 ez-toc-heading-level-2'><a class=\"ez-toc-link ez-toc-heading-1\" href=\"https:\/\/dudasytextos.com\/causasde\/causas-de-la-independencia-de-cataluna\/#Causas_de_la_independencia_de_Cataluna\" >Causas de la independencia de Catalu\u00f1a<\/a><\/li><li class='ez-toc-page-1 ez-toc-heading-level-2'><a class=\"ez-toc-link ez-toc-heading-2\" href=\"https:\/\/dudasytextos.com\/causasde\/causas-de-la-independencia-de-cataluna\/#Curiosidades_estadisticas_y_hechos_interesantes\" >Curiosidades, estad\u00edsticas y hechos interesantes<\/a><\/li><li class='ez-toc-page-1 ez-toc-heading-level-2'><a class=\"ez-toc-link ez-toc-heading-3\" href=\"https:\/\/dudasytextos.com\/causasde\/causas-de-la-independencia-de-cataluna\/#%C2%BFPor_que_se_ha_generado_la_demanda_de_independencia_en_Cataluna\" >\u00bfPor qu\u00e9 se ha generado la demanda de independencia en Catalu\u00f1a?<\/a><\/li><li class='ez-toc-page-1 ez-toc-heading-level-2'><a class=\"ez-toc-link ez-toc-heading-4\" href=\"https:\/\/dudasytextos.com\/causasde\/causas-de-la-independencia-de-cataluna\/#Mi_experiencia_personal\" >Mi experiencia personal<\/a><\/li><li class='ez-toc-page-1 ez-toc-heading-level-2'><a class=\"ez-toc-link ez-toc-heading-5\" href=\"https:\/\/dudasytextos.com\/causasde\/causas-de-la-independencia-de-cataluna\/#Preguntas_frecuentes\" >Preguntas frecuentes<\/a><\/li><\/ul><\/nav><\/div>\n<h2><span class=\"ez-toc-section\" id=\"Causas_de_la_independencia_de_Cataluna\"><\/span>Causas de la independencia de Catalu\u00f1a<span class=\"ez-toc-section-end\"><\/span><\/h2>\n<p>Por Ana Gonz\u00e1lez<\/p>\n<section>\n<h2><span class=\"ez-toc-section\" id=\"Curiosidades_estadisticas_y_hechos_interesantes\"><\/span>Curiosidades, estad\u00edsticas y hechos interesantes<span class=\"ez-toc-section-end\"><\/span><\/h2>\n<ul>\n<li>En 2017, el Parlamento de Catalu\u00f1a declar\u00f3 su independencia de Espa\u00f1a, lo que gener\u00f3 un gran conflicto pol\u00edtico y social.<\/li>\n<li>Seg\u00fan una encuesta realizada en 2021, el 44% de los catalanes est\u00e1 a favor de la independencia.<\/li>\n<li>El derecho a decidir ha sido una de las principales demandas de los catalanes en los \u00faltimos a\u00f1os, en referencia a un posible refer\u00e9ndum de autodeterminaci\u00f3n.<\/li>\n<li>La econom\u00eda catalana es una de las m\u00e1s fuertes de Espa\u00f1a, lo que ha generado debates sobre el impacto de una posible independencia en la econom\u00eda de la regi\u00f3n y del pa\u00eds.<\/li>\n<\/ul>\n<\/section>\n<section>\n<h2><span class=\"ez-toc-section\" id=\"%C2%BFPor_que_se_ha_generado_la_demanda_de_independencia_en_Cataluna\"><\/span>\u00bfPor qu\u00e9 se ha generado la demanda de independencia en Catalu\u00f1a?<span class=\"ez-toc-section-end\"><\/span><\/h2>\n<p>Desde hace d\u00e9cadas, la demanda de independencia en Catalu\u00f1a ha sido un tema recurrente en la pol\u00edtica y la sociedad de la regi\u00f3n. Las principales causas que han generado la demanda de independencia son:<\/p>\n<ul>\n<li><b>Identidad <a href=\"https:\/\/dudasytextos.com\/causasde\/causas-de-la-diversidad-cultural\/\">cultural<\/a>:<\/b> Los catalanes tienen una cultura y una lengua propias, lo que ha generado un sentimiento de identidad y pertenencia a una naci\u00f3n catalana.<\/li>\n<li><b>Historia y tradici\u00f3n:<\/b> Catalu\u00f1a ha sido una regi\u00f3n con una gran importancia hist\u00f3rica y cultural en Espa\u00f1a, y algunos catalanes consideran que han sido marginados y discriminados por el gobierno central.<\/li>\n<li><b>Descontento pol\u00edtico:<\/b> Algunos catalanes consideran que no se les ha dado el suficiente poder pol\u00edtico y que no se les ha permitido tomar decisiones importantes para su regi\u00f3n.<\/li>\n<li><b>Crisis econ\u00f3mica:<\/b> La crisis econ\u00f3mica de 2008 afect\u00f3 duramente a Espa\u00f1a y a Catalu\u00f1a, lo que gener\u00f3 un descontento social y pol\u00edtico que se ha traducido en una demanda de independencia.<\/li>\n<\/ul>\n<\/section>\n<section>\n<h2><span class=\"ez-toc-section\" id=\"Mi_experiencia_personal\"><\/span>Mi experiencia personal<span class=\"ez-toc-section-end\"><\/span><\/h2>\n<p>Yo soy catalana y he vivido de cerca todo el proceso independentista. He visto c\u00f3mo la sociedad catalana se ha dividido, c\u00f3mo se han generado tensiones pol\u00edticas y c\u00f3mo se ha producido un distanciamiento entre Catalu\u00f1a y el resto de Espa\u00f1a. Personalmente, creo que la independencia no es la soluci\u00f3n a los problemas de Catalu\u00f1a, pero entiendo y respeto el derecho de los catalanes a decidir su futuro.<\/p>\n<\/section>\n<section>\n<h2><span class=\"ez-toc-section\" id=\"Preguntas_frecuentes\"><\/span>Preguntas frecuentes<span class=\"ez-toc-section-end\"><\/span><\/h2>\n<dl>\n<dt>\u00bfEs legal la independencia de Catalu\u00f1a?<\/dt>\n<dd>No, la Constituci\u00f3n espa\u00f1ola no permite la secesi\u00f3n de una regi\u00f3n sin el apoyo del resto del pa\u00eds.<\/dd>\n<dt>\u00bfQu\u00e9 postura tienen los partidos pol\u00edticos respecto a la independencia de Catalu\u00f1a?<\/dt>\n<dd>Los partidos pol\u00edticos en Espa\u00f1a tienen posturas muy diversas respecto a la independencia de Catalu\u00f1a. Algunos partidos est\u00e1n a favor de un refer\u00e9ndum de autodeterminaci\u00f3n, mientras que otros defienden la unidad de Espa\u00f1a.<\/dd>\n<dt>\u00bfC\u00f3mo afectar\u00eda la independencia de Catalu\u00f1a a la econom\u00eda?<\/dt>\n<dd>La independencia de Catalu\u00f1a tendr\u00eda un impacto econ\u00f3mico importante, tanto en la regi\u00f3n como en el resto de Espa\u00f1a. Existen opiniones diversas sobre el tema, pero la mayor\u00eda de los expertos coinciden en que la independencia tendr\u00eda un impacto negativo en la econom\u00eda catalana y espa\u00f1ola.<\/dd>\n<dt>\u00bfCrees que Catalu\u00f1a conseguir\u00e1 la independencia?<\/dt>\n<dd>No lo s\u00e9. La independencia de Catalu\u00f1a es un tema muy complejo y pol\u00e9mico, y depende de muchos factores. Lo que s\u00ed creo es que es necesario un di\u00e1logo y una negociaci\u00f3n pol\u00edtica para encontrar una soluci\u00f3n a los problemas de Catalu\u00f1a.<\/dd>\n<\/dl>\n<\/section>\n<footer>\n<p>\u00a9 2023 Ana Gonz\u00e1lez<\/p>\n<\/footer>\n","protected":false},"excerpt":{"rendered":"<p>Causas de la independencia de Catalu\u00f1a Por Ana Gonz\u00e1lez Curiosidades, estad\u00edsticas y hechos interesantes En 2017, el Parlamento de Catalu\u00f1a declar\u00f3 su independencia de Espa\u00f1a, lo que gener\u00f3 un gran conflicto pol\u00edtico y social. Seg\u00fan una encuesta realizada en 2021, el 44% de los catalanes est\u00e1 a favor de la independencia. El derecho a decidir &#8230; <a title=\"Causas de la independencia de catalu\u00f1a\" class=\"read-more\" href=\"https:\/\/dudasytextos.com\/causasde\/causas-de-la-independencia-de-cataluna\/\" aria-label=\"M\u00e1s en Causas de la independencia de catalu\u00f1a\">Leer m\u00e1s<\/a><\/p>\n","protected":false},"author":1,"featured_media":0,"comment_status":"open","ping_status":"open","sticky":false,"template":"","format":"standard","meta":{"footnotes":""},"categories":[4],"tags":[],"class_list":["post-160861","post","type-post","status-publish","format-standard","hentry","category-conoce-las-causas"],"aioseo_notices":[],"aioseo_head":"\n\t\t<!-- All in One SEO 5.0.1.1 - aioseo.com -->\n\t<meta name=\"description\" content=\"Causas de la independencia de Catalu\u00f1a Por Ana Gonz\u00e1lez Curiosidades, estad\u00edsticas y hechos interesantes En 2017, el Parlamento de Catalu\u00f1a declar\u00f3 su independencia de Espa\u00f1a, lo que gener\u00f3 un gran conflicto pol\u00edtico y social. Seg\u00fan una encuesta realizada en 2021, el 44% de los catalanes est\u00e1 a favor de la independencia. El derecho a decidir\" \/>\n\t<meta name=\"robots\" content=\"max-snippet:-1, max-image-preview:large, max-video-preview:-1\" \/>\n\t<meta name=\"author\" content=\"Ana Gonz\u00e1lez\"\/>\n\t<link rel=\"canonical\" href=\"https:\/\/dudasytextos.com\/causasde\/causas-de-la-independencia-de-cataluna\/\" \/>\n\t<meta name=\"generator\" content=\"All in One SEO (AIOSEO) 5.0.1.1\" \/>\n\n\t\t<!-- Google tag (gtag.js) -->\n<script async src=\"https:\/\/www.googletagmanager.com\/gtag\/js?id=G-1RZBHH3Z7E\"><\/script>\n<script>\n  window.dataLayer = window.dataLayer || [];\n  function gtag(){dataLayer.push(arguments);}\n  gtag('js', new Date());\n\n  gtag('config', 'G-1RZBHH3Z7E');\n<\/script>\n<script async src=\"https:\/\/pagead2.googlesyndication.com\/pagead\/js\/adsbygoogle.js?client=ca-pub-3987500858204711\"\n     crossorigin=\"anonymous\"><\/script>\n\t\t<meta property=\"og:locale\" content=\"es_ES\" \/>\n\t\t<meta property=\"og:site_name\" content=\"Conoce las causas - Conoce las causas\" \/>\n\t\t<meta property=\"og:type\" content=\"article\" \/>\n\t\t<meta property=\"og:title\" content=\"Causas de la independencia de catalu\u00f1a (2026) Conoce las causas\" \/>\n\t\t<meta property=\"og:description\" content=\"Causas de la independencia de Catalu\u00f1a Por Ana Gonz\u00e1lez Curiosidades, estad\u00edsticas y hechos interesantes En 2017, el Parlamento de Catalu\u00f1a declar\u00f3 su independencia de Espa\u00f1a, lo que gener\u00f3 un gran conflicto pol\u00edtico y social. Seg\u00fan una encuesta realizada en 2021, el 44% de los catalanes est\u00e1 a favor de la independencia. El derecho a decidir\" \/>\n\t\t<meta property=\"og:url\" content=\"https:\/\/dudasytextos.com\/causasde\/causas-de-la-independencia-de-cataluna\/\" \/>\n\t\t<meta property=\"article:published_time\" content=\"2025-03-06T07:48:12+00:00\" \/>\n\t\t<meta property=\"article:modified_time\" content=\"2025-03-13T00:28:18+00:00\" \/>\n\t\t<meta name=\"twitter:card\" content=\"summary_large_image\" \/>\n\t\t<meta name=\"twitter:title\" content=\"Causas de la independencia de catalu\u00f1a (2026) Conoce las causas\" \/>\n\t\t<meta name=\"twitter:description\" content=\"Causas de la independencia de Catalu\u00f1a Por Ana Gonz\u00e1lez Curiosidades, estad\u00edsticas y hechos interesantes En 2017, el Parlamento de Catalu\u00f1a declar\u00f3 su independencia de Espa\u00f1a, lo que gener\u00f3 un gran conflicto pol\u00edtico y social. Seg\u00fan una encuesta realizada en 2021, el 44% de los catalanes est\u00e1 a favor de la independencia. El derecho a decidir\" \/>\n\t\t<script type=\"application\/ld+json\" class=\"aioseo-schema\">\n\t\t\t{\"@context\":\"https:\\\/\\\/schema.org\",\"@graph\":[{\"@type\":\"BlogPosting\",\"@id\":\"https:\\\/\\\/dudasytextos.com\\\/causasde\\\/causas-de-la-independencia-de-cataluna\\\/#blogposting\",\"name\":\"Causas de la independencia de catalu\\u00f1a (2026) Conoce las causas\",\"headline\":\"Causas de la independencia de catalu\\u00f1a\",\"author\":{\"@id\":\"https:\\\/\\\/dudasytextos.com\\\/causasde\\\/author\\\/admin44\\\/#author\"},\"publisher\":{\"@id\":\"https:\\\/\\\/dudasytextos.com\\\/causasde\\\/#organization\"},\"datePublished\":\"2025-03-06T07:48:12+00:00\",\"dateModified\":\"2025-03-13T00:28:18+00:00\",\"inLanguage\":\"es-ES\",\"mainEntityOfPage\":{\"@id\":\"https:\\\/\\\/dudasytextos.com\\\/causasde\\\/causas-de-la-independencia-de-cataluna\\\/#webpage\"},\"isPartOf\":{\"@id\":\"https:\\\/\\\/dudasytextos.com\\\/causasde\\\/causas-de-la-independencia-de-cataluna\\\/#webpage\"},\"articleSection\":\"Conoce las causas\"},{\"@type\":\"BreadcrumbList\",\"@id\":\"https:\\\/\\\/dudasytextos.com\\\/causasde\\\/causas-de-la-independencia-de-cataluna\\\/#breadcrumblist\",\"itemListElement\":[{\"@type\":\"ListItem\",\"@id\":\"https:\\\/\\\/dudasytextos.com\\\/causasde#listItem\",\"position\":1,\"name\":\"Inicio\",\"item\":\"https:\\\/\\\/dudasytextos.com\\\/causasde\",\"nextItem\":{\"@type\":\"ListItem\",\"@id\":\"https:\\\/\\\/dudasytextos.com\\\/causasde\\\/category\\\/conoce-las-causas\\\/#listItem\",\"name\":\"Conoce las causas\"}},{\"@type\":\"ListItem\",\"@id\":\"https:\\\/\\\/dudasytextos.com\\\/causasde\\\/category\\\/conoce-las-causas\\\/#listItem\",\"position\":2,\"name\":\"Conoce las causas\",\"item\":\"https:\\\/\\\/dudasytextos.com\\\/causasde\\\/category\\\/conoce-las-causas\\\/\",\"nextItem\":{\"@type\":\"ListItem\",\"@id\":\"https:\\\/\\\/dudasytextos.com\\\/causasde\\\/causas-de-la-independencia-de-cataluna\\\/#listItem\",\"name\":\"Causas de la independencia de catalu\\u00f1a\"},\"previousItem\":{\"@type\":\"ListItem\",\"@id\":\"https:\\\/\\\/dudasytextos.com\\\/causasde#listItem\",\"name\":\"Inicio\"}},{\"@type\":\"ListItem\",\"@id\":\"https:\\\/\\\/dudasytextos.com\\\/causasde\\\/causas-de-la-independencia-de-cataluna\\\/#listItem\",\"position\":3,\"name\":\"Causas de la independencia de catalu\\u00f1a\",\"previousItem\":{\"@type\":\"ListItem\",\"@id\":\"https:\\\/\\\/dudasytextos.com\\\/causasde\\\/category\\\/conoce-las-causas\\\/#listItem\",\"name\":\"Conoce las causas\"}}]},{\"@type\":\"Organization\",\"@id\":\"https:\\\/\\\/dudasytextos.com\\\/causasde\\\/#organization\",\"name\":\"\\u00bfC\\u00f3mo funciona?\",\"description\":\"Conoce las causas\",\"url\":\"https:\\\/\\\/dudasytextos.com\\\/causasde\\\/\"},{\"@type\":\"Person\",\"@id\":\"https:\\\/\\\/dudasytextos.com\\\/causasde\\\/author\\\/admin44\\\/#author\",\"url\":\"https:\\\/\\\/dudasytextos.com\\\/causasde\\\/author\\\/admin44\\\/\",\"name\":\"Ana Gonz\\u00e1lez\"},{\"@type\":\"WebPage\",\"@id\":\"https:\\\/\\\/dudasytextos.com\\\/causasde\\\/causas-de-la-independencia-de-cataluna\\\/#webpage\",\"url\":\"https:\\\/\\\/dudasytextos.com\\\/causasde\\\/causas-de-la-independencia-de-cataluna\\\/\",\"name\":\"Causas de la independencia de catalu\\u00f1a (2026) Conoce las causas\",\"description\":\"Causas de la independencia de Catalu\\u00f1a Por Ana Gonz\\u00e1lez Curiosidades, estad\\u00edsticas y hechos interesantes En 2017, el Parlamento de Catalu\\u00f1a declar\\u00f3 su independencia de Espa\\u00f1a, lo que gener\\u00f3 un gran conflicto pol\\u00edtico y social. Seg\\u00fan una encuesta realizada en 2021, el 44% de los catalanes est\\u00e1 a favor de la independencia. El derecho a decidir\",\"inLanguage\":\"es-ES\",\"isPartOf\":{\"@id\":\"https:\\\/\\\/dudasytextos.com\\\/causasde\\\/#website\"},\"breadcrumb\":{\"@id\":\"https:\\\/\\\/dudasytextos.com\\\/causasde\\\/causas-de-la-independencia-de-cataluna\\\/#breadcrumblist\"},\"author\":{\"@id\":\"https:\\\/\\\/dudasytextos.com\\\/causasde\\\/author\\\/admin44\\\/#author\"},\"creator\":{\"@id\":\"https:\\\/\\\/dudasytextos.com\\\/causasde\\\/author\\\/admin44\\\/#author\"},\"datePublished\":\"2025-03-06T07:48:12+00:00\",\"dateModified\":\"2025-03-13T00:28:18+00:00\"},{\"@type\":\"WebSite\",\"@id\":\"https:\\\/\\\/dudasytextos.com\\\/causasde\\\/#website\",\"url\":\"https:\\\/\\\/dudasytextos.com\\\/causasde\\\/\",\"name\":\"\\u00bfC\\u00f3mo funciona?\",\"description\":\"Conoce las causas\",\"inLanguage\":\"es-ES\",\"publisher\":{\"@id\":\"https:\\\/\\\/dudasytextos.com\\\/causasde\\\/#organization\"}}]}\n\t\t<\/script>\n\t\t<!-- All in One SEO -->\n\n","aioseo_head_json":{"title":"Causas de la independencia de catalu\u00f1a (2026) Conoce las causas","description":"Causas de la independencia de Catalu\u00f1a Por Ana Gonz\u00e1lez Curiosidades, estad\u00edsticas y hechos interesantes En 2017, el Parlamento de Catalu\u00f1a declar\u00f3 su independencia de Espa\u00f1a, lo que gener\u00f3 un gran conflicto pol\u00edtico y social. Seg\u00fan una encuesta realizada en 2021, el 44% de los catalanes est\u00e1 a favor de la independencia. El derecho a decidir","canonical_url":"https:\/\/dudasytextos.com\/causasde\/causas-de-la-independencia-de-cataluna\/","robots":"max-snippet:-1, max-image-preview:large, max-video-preview:-1","keywords":"","webmasterTools":{"miscellaneous":"&lt;!-- Google tag (gtag.js) --&gt;\n&lt;script async src=\"https:\/\/www.googletagmanager.com\/gtag\/js?id=G-1RZBHH3Z7E\"&gt;&lt;\/script&gt;\n&lt;script&gt;\n  window.dataLayer = window.dataLayer || [];\n  function gtag(){dataLayer.push(arguments);}\n  gtag('js', new Date());\n\n  gtag('config', 'G-1RZBHH3Z7E');\n&lt;\/script&gt;\n&lt;script async src=\"https:\/\/pagead2.googlesyndication.com\/pagead\/js\/adsbygoogle.js?client=ca-pub-3987500858204711\"\n     crossorigin=\"anonymous\"&gt;&lt;\/script&gt;"},"schema":{"@context":"https:\/\/schema.org","@graph":[{"@type":"BlogPosting","@id":"https:\/\/dudasytextos.com\/causasde\/causas-de-la-independencia-de-cataluna\/#blogposting","name":"Causas de la independencia de catalu\u00f1a (2026) Conoce las causas","headline":"Causas de la independencia de catalu\u00f1a","author":{"@id":"https:\/\/dudasytextos.com\/causasde\/author\/admin44\/#author"},"publisher":{"@id":"https:\/\/dudasytextos.com\/causasde\/#organization"},"datePublished":"2025-03-06T07:48:12+00:00","dateModified":"2025-03-13T00:28:18+00:00","inLanguage":"es-ES","mainEntityOfPage":{"@id":"https:\/\/dudasytextos.com\/causasde\/causas-de-la-independencia-de-cataluna\/#webpage"},"isPartOf":{"@id":"https:\/\/dudasytextos.com\/causasde\/causas-de-la-independencia-de-cataluna\/#webpage"},"articleSection":"Conoce las causas"},{"@type":"BreadcrumbList","@id":"https:\/\/dudasytextos.com\/causasde\/causas-de-la-independencia-de-cataluna\/#breadcrumblist","itemListElement":[{"@type":"ListItem","@id":"https:\/\/dudasytextos.com\/causasde#listItem","position":1,"name":"Inicio","item":"https:\/\/dudasytextos.com\/causasde","nextItem":{"@type":"ListItem","@id":"https:\/\/dudasytextos.com\/causasde\/category\/conoce-las-causas\/#listItem","name":"Conoce las causas"}},{"@type":"ListItem","@id":"https:\/\/dudasytextos.com\/causasde\/category\/conoce-las-causas\/#listItem","position":2,"name":"Conoce las causas","item":"https:\/\/dudasytextos.com\/causasde\/category\/conoce-las-causas\/","nextItem":{"@type":"ListItem","@id":"https:\/\/dudasytextos.com\/causasde\/causas-de-la-independencia-de-cataluna\/#listItem","name":"Causas de la independencia de catalu\u00f1a"},"previousItem":{"@type":"ListItem","@id":"https:\/\/dudasytextos.com\/causasde#listItem","name":"Inicio"}},{"@type":"ListItem","@id":"https:\/\/dudasytextos.com\/causasde\/causas-de-la-independencia-de-cataluna\/#listItem","position":3,"name":"Causas de la independencia de catalu\u00f1a","previousItem":{"@type":"ListItem","@id":"https:\/\/dudasytextos.com\/causasde\/category\/conoce-las-causas\/#listItem","name":"Conoce las causas"}}]},{"@type":"Organization","@id":"https:\/\/dudasytextos.com\/causasde\/#organization","name":"\u00bfC\u00f3mo funciona?","description":"Conoce las causas","url":"https:\/\/dudasytextos.com\/causasde\/"},{"@type":"Person","@id":"https:\/\/dudasytextos.com\/causasde\/author\/admin44\/#author","url":"https:\/\/dudasytextos.com\/causasde\/author\/admin44\/","name":"Ana Gonz\u00e1lez"},{"@type":"WebPage","@id":"https:\/\/dudasytextos.com\/causasde\/causas-de-la-independencia-de-cataluna\/#webpage","url":"https:\/\/dudasytextos.com\/causasde\/causas-de-la-independencia-de-cataluna\/","name":"Causas de la independencia de catalu\u00f1a (2026) Conoce las causas","description":"Causas de la independencia de Catalu\u00f1a Por Ana Gonz\u00e1lez Curiosidades, estad\u00edsticas y hechos interesantes En 2017, el Parlamento de Catalu\u00f1a declar\u00f3 su independencia de Espa\u00f1a, lo que gener\u00f3 un gran conflicto pol\u00edtico y social. Seg\u00fan una encuesta realizada en 2021, el 44% de los catalanes est\u00e1 a favor de la independencia. El derecho a decidir","inLanguage":"es-ES","isPartOf":{"@id":"https:\/\/dudasytextos.com\/causasde\/#website"},"breadcrumb":{"@id":"https:\/\/dudasytextos.com\/causasde\/causas-de-la-independencia-de-cataluna\/#breadcrumblist"},"author":{"@id":"https:\/\/dudasytextos.com\/causasde\/author\/admin44\/#author"},"creator":{"@id":"https:\/\/dudasytextos.com\/causasde\/author\/admin44\/#author"},"datePublished":"2025-03-06T07:48:12+00:00","dateModified":"2025-03-13T00:28:18+00:00"},{"@type":"WebSite","@id":"https:\/\/dudasytextos.com\/causasde\/#website","url":"https:\/\/dudasytextos.com\/causasde\/","name":"\u00bfC\u00f3mo funciona?","description":"Conoce las causas","inLanguage":"es-ES","publisher":{"@id":"https:\/\/dudasytextos.com\/causasde\/#organization"}}]},"og:locale":"es_ES","og:site_name":"Conoce las causas - Conoce las causas","og:type":"article","og:title":"Causas de la independencia de catalu\u00f1a (2026) Conoce las causas","og:description":"Causas de la independencia de Catalu\u00f1a Por Ana Gonz\u00e1lez Curiosidades, estad\u00edsticas y hechos interesantes En 2017, el Parlamento de Catalu\u00f1a declar\u00f3 su independencia de Espa\u00f1a, lo que gener\u00f3 un gran conflicto pol\u00edtico y social. Seg\u00fan una encuesta realizada en 2021, el 44% de los catalanes est\u00e1 a favor de la independencia. El derecho a decidir","og:url":"https:\/\/dudasytextos.com\/causasde\/causas-de-la-independencia-de-cataluna\/","article:published_time":"2025-03-06T07:48:12+00:00","article:modified_time":"2025-03-13T00:28:18+00:00","twitter:card":"summary_large_image","twitter:title":"Causas de la independencia de catalu\u00f1a (2026) Conoce las causas","twitter:description":"Causas de la independencia de Catalu\u00f1a Por Ana Gonz\u00e1lez Curiosidades, estad\u00edsticas y hechos interesantes En 2017, el Parlamento de Catalu\u00f1a declar\u00f3 su independencia de Espa\u00f1a, lo que gener\u00f3 un gran conflicto pol\u00edtico y social. Seg\u00fan una encuesta realizada en 2021, el 44% de los catalanes est\u00e1 a favor de la independencia. El derecho a decidir"},"aioseo_meta_data":{"post_id":"160861","title":null,"description":null,"keywords":null,"keyphrases":null,"primary_term":null,"canonical_url":null,"og_title":null,"og_description":null,"og_object_type":"default","og_image_type":"default","og_image_url":null,"og_image_width":null,"og_image_height":null,"og_image_custom_url":null,"og_image_custom_fields":null,"og_video":null,"og_custom_url":null,"og_article_section":null,"og_article_tags":null,"twitter_use_og":false,"twitter_card":"default","twitter_image_type":"default","twitter_image_url":null,"twitter_image_custom_url":null,"twitter_image_custom_fields":null,"twitter_title":null,"twitter_description":null,"schema":{"blockGraphs":[],"customGraphs":[],"default":{"data":{"Article":[],"Course":[],"Dataset":[],"FAQPage":[],"Movie":[],"Person":[],"Product":[],"ProductReview":[],"Car":[],"Recipe":[],"Service":[],"SoftwareApplication":[],"WebPage":[]},"graphName":"","isEnabled":true},"graphs":[]},"schema_type":"default","schema_type_options":null,"pillar_content":false,"robots_default":true,"robots_noindex":false,"robots_noarchive":false,"robots_nosnippet":false,"robots_nofollow":false,"robots_noimageindex":false,"robots_noodp":false,"robots_notranslate":false,"robots_max_snippet":null,"robots_max_videopreview":null,"robots_max_imagepreview":"large","priority":null,"frequency":null,"local_seo":null,"breadcrumb_settings":null,"limit_modified_date":false,"ai":null,"created":"2023-05-12 21:38:04","updated":"2025-06-04 11:12:14","seo_analyzer_scan_date":null,"focus_keyword":null,"additional_keywords":null,"truseo_locale":null},"aioseo_breadcrumb":"<div class=\"aioseo-breadcrumbs\"><span class=\"aioseo-breadcrumb\">\n\t\t\t<a href=\"https:\/\/dudasytextos.com\/causasde\" title=\"Inicio\">Inicio<\/a>\n\t\t<\/span><span class=\"aioseo-breadcrumb-separator\">&raquo;<\/span><span class=\"aioseo-breadcrumb\">\n\t\t\t<a href=\"https:\/\/dudasytextos.com\/causasde\/category\/conoce-las-causas\/\" title=\"Conoce las causas\">Conoce las causas<\/a>\n\t\t<\/span><span class=\"aioseo-breadcrumb-separator\">&raquo;<\/span><span class=\"aioseo-breadcrumb\">\n\t\t\tCausas de la independencia de catalu\u00f1a\n\t\t<\/span><\/div>","aioseo_breadcrumb_json":[{"label":"Inicio","link":"https:\/\/dudasytextos.com\/causasde"},{"label":"Conoce las causas","link":"https:\/\/dudasytextos.com\/causasde\/category\/conoce-las-causas\/"},{"label":"Causas de la independencia de catalu\u00f1a","link":"https:\/\/dudasytextos.com\/causasde\/causas-de-la-independencia-de-cataluna\/"}],"_links":{"self":[{"href":"https:\/\/dudasytextos.com\/causasde\/wp-json\/wp\/v2\/posts\/160861","targetHints":{"allow":["GET"]}}],"collection":[{"href":"https:\/\/dudasytextos.com\/causasde\/wp-json\/wp\/v2\/posts"}],"about":[{"href":"https:\/\/dudasytextos.com\/causasde\/wp-json\/wp\/v2\/types\/post"}],"author":[{"embeddable":true,"href":"https:\/\/dudasytextos.com\/causasde\/wp-json\/wp\/v2\/users\/1"}],"replies":[{"embeddable":true,"href":"https:\/\/dudasytextos.com\/causasde\/wp-json\/wp\/v2\/comments?post=160861"}],"version-history":[{"count":1,"href":"https:\/\/dudasytextos.com\/causasde\/wp-json\/wp\/v2\/posts\/160861\/revisions"}],"predecessor-version":[{"id":167718,"href":"https:\/\/dudasytextos.com\/causasde\/wp-json\/wp\/v2\/posts\/160861\/revisions\/167718"}],"wp:attachment":[{"href":"https:\/\/dudasytextos.com\/causasde\/wp-json\/wp\/v2\/media?parent=160861"}],"wp:term":[{"taxonomy":"category","embeddable":true,"href":"https:\/\/dudasytextos.com\/causasde\/wp-json\/wp\/v2\/categories?post=160861"},{"taxonomy":"post_tag","embeddable":true,"href":"https:\/\/dudasytextos.com\/causasde\/wp-json\/wp\/v2\/tags?post=160861"}],"curies":[{"name":"wp","href":"https:\/\/api.w.org\/{rel}","templated":true}]}}