{"id":161021,"date":"2025-02-19T03:41:44","date_gmt":"2025-02-19T03:41:44","guid":{"rendered":"https:\/\/educacion.cc\/?p=161021"},"modified":"2025-03-12T19:31:36","modified_gmt":"2025-03-12T19:31:36","slug":"causas-de-la-jaqueca-o-migrana","status":"publish","type":"post","link":"https:\/\/dudasytextos.com\/causasde\/causas-de-la-jaqueca-o-migrana\/","title":{"rendered":"Causas de la jaqueca o migra\u00f1a"},"content":{"rendered":"<div id=\"ez-toc-container\" class=\"ez-toc-v2_0_87 counter-hierarchy ez-toc-counter ez-toc-custom ez-toc-container-direction\">\n<div class=\"ez-toc-title-container\">\n<span class=\"ez-toc-title-toggle\"><\/span><\/div>\n<nav><ul class='ez-toc-list ez-toc-list-level-1 ' ><li class='ez-toc-page-1 ez-toc-heading-level-2'><a class=\"ez-toc-link ez-toc-heading-1\" href=\"https:\/\/dudasytextos.com\/causasde\/causas-de-la-jaqueca-o-migrana\/#Causas_de_la_jaqueca_o_migrana\" >Causas de la jaqueca o migra\u00f1a<\/a><\/li><li class='ez-toc-page-1 ez-toc-heading-level-2'><a class=\"ez-toc-link ez-toc-heading-2\" href=\"https:\/\/dudasytextos.com\/causasde\/causas-de-la-jaqueca-o-migrana\/#Curiosidades_e_informacion_interesante_sobre_la_migrana\" >Curiosidades e informaci\u00f3n interesante sobre la migra\u00f1a<\/a><\/li><li class='ez-toc-page-1 ez-toc-heading-level-2'><a class=\"ez-toc-link ez-toc-heading-3\" href=\"https:\/\/dudasytextos.com\/causasde\/causas-de-la-jaqueca-o-migrana\/#Mi_experiencia_personal_con_la_migrana\" >Mi experiencia personal con la migra\u00f1a<\/a><\/li><li class='ez-toc-page-1 ez-toc-heading-level-2'><a class=\"ez-toc-link ez-toc-heading-4\" href=\"https:\/\/dudasytextos.com\/causasde\/causas-de-la-jaqueca-o-migrana\/#Posibles_causas_de_la_migrana\" >Posibles causas de la migra\u00f1a<\/a><\/li><li class='ez-toc-page-1 ez-toc-heading-level-2'><a class=\"ez-toc-link ez-toc-heading-5\" href=\"https:\/\/dudasytextos.com\/causasde\/causas-de-la-jaqueca-o-migrana\/#%C2%BFComo_prevenir_la_migrana\" >\u00bfC\u00f3mo prevenir la migra\u00f1a?<\/a><\/li><li class='ez-toc-page-1 ez-toc-heading-level-2'><a class=\"ez-toc-link ez-toc-heading-6\" href=\"https:\/\/dudasytextos.com\/causasde\/causas-de-la-jaqueca-o-migrana\/#Preguntas_frecuentes_sobre_la_migrana\" >Preguntas frecuentes sobre la migra\u00f1a<\/a><ul class='ez-toc-list-level-3' ><li class='ez-toc-heading-level-3'><a class=\"ez-toc-link ez-toc-heading-7\" href=\"https:\/\/dudasytextos.com\/causasde\/causas-de-la-jaqueca-o-migrana\/#%C2%BFEs_la_migrana_hereditaria\" >\u00bfEs la migra\u00f1a hereditaria?<\/a><\/li><li class='ez-toc-page-1 ez-toc-heading-level-3'><a class=\"ez-toc-link ez-toc-heading-8\" href=\"https:\/\/dudasytextos.com\/causasde\/causas-de-la-jaqueca-o-migrana\/#%C2%BFPueden_las_mujeres_embarazadas_sufrir_migranas\" >\u00bfPueden las mujeres embarazadas sufrir migra\u00f1as?<\/a><\/li><li class='ez-toc-page-1 ez-toc-heading-level-3'><a class=\"ez-toc-link ez-toc-heading-9\" href=\"https:\/\/dudasytextos.com\/causasde\/causas-de-la-jaqueca-o-migrana\/#%C2%BFLa_cafeina_puede_desencadenar_una_migrana\" >\u00bfLa cafe\u00edna puede desencadenar una migra\u00f1a?<\/a><\/li><\/ul><\/li><\/ul><\/nav><\/div>\n<h2><span class=\"ez-toc-section\" id=\"Causas_de_la_jaqueca_o_migrana\"><\/span>Causas de la jaqueca o migra\u00f1a<span class=\"ez-toc-section-end\"><\/span><\/h2>\n<section>\n<h2><span class=\"ez-toc-section\" id=\"Curiosidades_e_informacion_interesante_sobre_la_migrana\"><\/span>Curiosidades e informaci\u00f3n interesante sobre la migra\u00f1a<span class=\"ez-toc-section-end\"><\/span><\/h2>\n<ul>\n<li>En Espa\u00f1a, se estima que alrededor del 12% de la poblaci\u00f3n sufre migra\u00f1as.<\/li>\n<li>No existe una causa \u00fanica para la migra\u00f1a, sino que puede estar relacionada con m\u00faltiples factores.<\/li>\n<li>La migra\u00f1a es m\u00e1s com\u00fan en mujeres que en hombres.<\/li>\n<li>Las migra\u00f1as pueden ser desencadenadas por ciertos alimentos, como el chocolate o el queso.<\/li>\n<li>La migra\u00f1a puede durar desde unas pocas horas hasta varios d\u00edas.<\/li>\n<\/ul>\n<\/section>\n<section>\n<h2><span class=\"ez-toc-section\" id=\"Mi_experiencia_personal_con_la_migrana\"><\/span>Mi experiencia personal con la migra\u00f1a<span class=\"ez-toc-section-end\"><\/span><\/h2>\n<p>Soy Ana Gonz\u00e1lez y he sufrido de migra\u00f1as durante gran parte de mi vida. Descubr\u00ed que mis migra\u00f1as eran causadas por el estr\u00e9s y la falta de sue\u00f1o. Hice algunos cambios en mi estilo de vida, como reducir mi carga de trabajo y hacer m\u00e1s ejercicio, y he notado una gran mejor\u00eda en mis s\u00edntomas.<\/p>\n<p>S\u00e9 que cada persona es diferente y que las causas de la migra\u00f1a pueden variar mucho de una persona a otra. Por eso, en este art\u00edculo voy a explorar algunas de las posibles causas de la migra\u00f1a y ofrecer algunos consejos sobre c\u00f3mo prevenirla y tratarla.<\/p>\n<\/section>\n<section>\n<h2><span class=\"ez-toc-section\" id=\"Posibles_causas_de_la_migrana\"><\/span>Posibles causas de la migra\u00f1a<span class=\"ez-toc-section-end\"><\/span><\/h2>\n<p>Aunque no existe una causa \u00fanica para la migra\u00f1a, se han identificado varios factores que pueden desencadenarla. Estos incluyen:<\/p>\n<ul>\n<li>Estr\u00e9s<\/li>\n<li>Falta de sue\u00f1o<\/li>\n<li>Cambios hormonales (como los que ocurren durante el ciclo menstrual)<\/li>\n<li>Ciertos alimentos y bebidas (como el chocolate, el queso, el vino tinto y la cafe\u00edna)<\/li>\n<li>Cambios en el clima o la presi\u00f3n atmosf\u00e9rica<\/li>\n<li>Luz brillante o parpadeante<\/li>\n<li>Ruido fuerte<\/li>\n<\/ul>\n<p>Es importante recordar que cada persona es diferente y que lo que desencadena una migra\u00f1a en una persona puede no tener el mismo efecto en otra. Por eso, es importante llevar un diario de migra\u00f1as para identificar posibles desencadenantes y evitarlos en el futuro.<\/p>\n<\/section>\n<section>\n<h2><span class=\"ez-toc-section\" id=\"%C2%BFComo_prevenir_la_migrana\"><\/span>\u00bfC\u00f3mo prevenir la migra\u00f1a?<span class=\"ez-toc-section-end\"><\/span><\/h2>\n<p>Si eres propenso a sufrir migra\u00f1as, hay algunas medidas que puedes tomar para reducir el riesgo de sufrirlas:<\/p>\n<ul>\n<li>Mant\u00e9n un horario regular de sue\u00f1o<\/li>\n<li>Evita el estr\u00e9s tanto como sea posible<\/li>\n<li>Lleva una dieta saludable y equilibrada<\/li>\n<li>Bebe suficiente agua<\/li>\n<li>Evita los alimentos y bebidas que puedan desencadenar una migra\u00f1a<\/li>\n<li>Usa gafas de sol para proteger tus ojos de la luz brillante<\/li>\n<\/ul>\n<p>Recuerda que cada persona es diferente y que lo que funciona para una persona puede no tener el mismo efecto en otra. Si est\u00e1s luchando con las migra\u00f1as, habla con tu m\u00e9dico de cabecera para encontrar el mejor plan de tratamiento para ti.<\/p>\n<\/section>\n<section>\n<h2><span class=\"ez-toc-section\" id=\"Preguntas_frecuentes_sobre_la_migrana\"><\/span>Preguntas frecuentes sobre la migra\u00f1a<span class=\"ez-toc-section-end\"><\/span><\/h2>\n<h3><span class=\"ez-toc-section\" id=\"%C2%BFEs_la_migrana_hereditaria\"><\/span>\u00bfEs la migra\u00f1a hereditaria?<span class=\"ez-toc-section-end\"><\/span><\/h3>\n<p>Hay evidencia que sugiere que la migra\u00f1a puede ser hereditaria. Si tienes un familiar cercano que sufre de migra\u00f1as, es m\u00e1s probable que tambi\u00e9n las sufras.<\/p>\n<h3><span class=\"ez-toc-section\" id=\"%C2%BFPueden_las_mujeres_embarazadas_sufrir_migranas\"><\/span>\u00bfPueden las mujeres embarazadas sufrir migra\u00f1as?<span class=\"ez-toc-section-end\"><\/span><\/h3>\n<p>S\u00ed, las migra\u00f1as pueden ocurrir durante el embarazo. Sin embargo, algunas mujeres informan que sus s\u00edntomas de migra\u00f1a mejoran durante el embarazo.<\/p>\n<h3><span class=\"ez-toc-section\" id=\"%C2%BFLa_cafeina_puede_desencadenar_una_migrana\"><\/span>\u00bfLa cafe\u00edna puede desencadenar una migra\u00f1a?<span class=\"ez-toc-section-end\"><\/span><\/h3>\n<p>S\u00ed, la cafe\u00edna es uno de los posibles desencadenantes de la migra\u00f1a. Sin embargo, algunas personas informan que la cafe\u00edna puede ayudar a aliviar los s\u00edntomas de la migra\u00f1a.<\/p>\n<\/section>\n<footer>\n<p>\u00a9 Ana Gonz\u00e1lez 2023<\/p>\n<\/footer>\n","protected":false},"excerpt":{"rendered":"<p>Causas de la jaqueca o migra\u00f1a Curiosidades e informaci\u00f3n interesante sobre la migra\u00f1a En Espa\u00f1a, se estima que alrededor del 12% de la poblaci\u00f3n sufre migra\u00f1as. No existe una causa \u00fanica para la migra\u00f1a, sino que puede estar relacionada con m\u00faltiples factores. La migra\u00f1a es m\u00e1s com\u00fan en mujeres que en hombres. Las migra\u00f1as pueden &#8230; <a title=\"Causas de la jaqueca o migra\u00f1a\" class=\"read-more\" href=\"https:\/\/dudasytextos.com\/causasde\/causas-de-la-jaqueca-o-migrana\/\" aria-label=\"M\u00e1s en Causas de la jaqueca o migra\u00f1a\">Leer m\u00e1s<\/a><\/p>\n","protected":false},"author":1,"featured_media":0,"comment_status":"open","ping_status":"open","sticky":false,"template":"","format":"standard","meta":{"footnotes":""},"categories":[4],"tags":[],"class_list":["post-161021","post","type-post","status-publish","format-standard","hentry","category-conoce-las-causas"],"aioseo_notices":[],"aioseo_head":"\n\t\t<!-- All in One SEO 5.0.1.1 - aioseo.com -->\n\t<meta name=\"description\" content=\"Causas de la jaqueca o migra\u00f1a Curiosidades e informaci\u00f3n interesante sobre la migra\u00f1a En Espa\u00f1a, se estima que alrededor del 12% de la poblaci\u00f3n sufre migra\u00f1as. No existe una causa \u00fanica para la migra\u00f1a, sino que puede estar relacionada con m\u00faltiples factores. La migra\u00f1a es m\u00e1s com\u00fan en mujeres que en hombres. Las migra\u00f1as pueden\" \/>\n\t<meta name=\"robots\" content=\"max-snippet:-1, max-image-preview:large, max-video-preview:-1\" \/>\n\t<meta name=\"author\" content=\"Ana Gonz\u00e1lez\"\/>\n\t<link rel=\"canonical\" href=\"https:\/\/dudasytextos.com\/causasde\/causas-de-la-jaqueca-o-migrana\/\" \/>\n\t<meta name=\"generator\" content=\"All in One SEO (AIOSEO) 5.0.1.1\" \/>\n\n\t\t<!-- Google tag (gtag.js) -->\n<script async src=\"https:\/\/www.googletagmanager.com\/gtag\/js?id=G-1RZBHH3Z7E\"><\/script>\n<script>\n  window.dataLayer = window.dataLayer || [];\n  function gtag(){dataLayer.push(arguments);}\n  gtag('js', new Date());\n\n  gtag('config', 'G-1RZBHH3Z7E');\n<\/script>\n<script async src=\"https:\/\/pagead2.googlesyndication.com\/pagead\/js\/adsbygoogle.js?client=ca-pub-3987500858204711\"\n     crossorigin=\"anonymous\"><\/script>\n\t\t<meta property=\"og:locale\" content=\"es_ES\" \/>\n\t\t<meta property=\"og:site_name\" content=\"Conoce las causas - Conoce las causas\" \/>\n\t\t<meta property=\"og:type\" content=\"article\" \/>\n\t\t<meta property=\"og:title\" content=\"Causas de la jaqueca o migra\u00f1a (2026) Conoce las causas\" \/>\n\t\t<meta property=\"og:description\" content=\"Causas de la jaqueca o migra\u00f1a Curiosidades e informaci\u00f3n interesante sobre la migra\u00f1a En Espa\u00f1a, se estima que alrededor del 12% de la poblaci\u00f3n sufre migra\u00f1as. No existe una causa \u00fanica para la migra\u00f1a, sino que puede estar relacionada con m\u00faltiples factores. La migra\u00f1a es m\u00e1s com\u00fan en mujeres que en hombres. Las migra\u00f1as pueden\" \/>\n\t\t<meta property=\"og:url\" content=\"https:\/\/dudasytextos.com\/causasde\/causas-de-la-jaqueca-o-migrana\/\" \/>\n\t\t<meta property=\"article:published_time\" content=\"2025-02-19T03:41:44+00:00\" \/>\n\t\t<meta property=\"article:modified_time\" content=\"2025-03-12T19:31:36+00:00\" \/>\n\t\t<meta name=\"twitter:card\" content=\"summary_large_image\" \/>\n\t\t<meta name=\"twitter:title\" content=\"Causas de la jaqueca o migra\u00f1a (2026) Conoce las causas\" \/>\n\t\t<meta name=\"twitter:description\" content=\"Causas de la jaqueca o migra\u00f1a Curiosidades e informaci\u00f3n interesante sobre la migra\u00f1a En Espa\u00f1a, se estima que alrededor del 12% de la poblaci\u00f3n sufre migra\u00f1as. No existe una causa \u00fanica para la migra\u00f1a, sino que puede estar relacionada con m\u00faltiples factores. La migra\u00f1a es m\u00e1s com\u00fan en mujeres que en hombres. Las migra\u00f1as pueden\" \/>\n\t\t<script type=\"application\/ld+json\" class=\"aioseo-schema\">\n\t\t\t{\"@context\":\"https:\\\/\\\/schema.org\",\"@graph\":[{\"@type\":\"BlogPosting\",\"@id\":\"https:\\\/\\\/dudasytextos.com\\\/causasde\\\/causas-de-la-jaqueca-o-migrana\\\/#blogposting\",\"name\":\"Causas de la jaqueca o migra\\u00f1a (2026) Conoce las causas\",\"headline\":\"Causas de la jaqueca o migra\\u00f1a\",\"author\":{\"@id\":\"https:\\\/\\\/dudasytextos.com\\\/causasde\\\/author\\\/admin44\\\/#author\"},\"publisher\":{\"@id\":\"https:\\\/\\\/dudasytextos.com\\\/causasde\\\/#organization\"},\"datePublished\":\"2025-02-19T03:41:44+00:00\",\"dateModified\":\"2025-03-12T19:31:36+00:00\",\"inLanguage\":\"es-ES\",\"mainEntityOfPage\":{\"@id\":\"https:\\\/\\\/dudasytextos.com\\\/causasde\\\/causas-de-la-jaqueca-o-migrana\\\/#webpage\"},\"isPartOf\":{\"@id\":\"https:\\\/\\\/dudasytextos.com\\\/causasde\\\/causas-de-la-jaqueca-o-migrana\\\/#webpage\"},\"articleSection\":\"Conoce las causas\"},{\"@type\":\"BreadcrumbList\",\"@id\":\"https:\\\/\\\/dudasytextos.com\\\/causasde\\\/causas-de-la-jaqueca-o-migrana\\\/#breadcrumblist\",\"itemListElement\":[{\"@type\":\"ListItem\",\"@id\":\"https:\\\/\\\/dudasytextos.com\\\/causasde#listItem\",\"position\":1,\"name\":\"Inicio\",\"item\":\"https:\\\/\\\/dudasytextos.com\\\/causasde\",\"nextItem\":{\"@type\":\"ListItem\",\"@id\":\"https:\\\/\\\/dudasytextos.com\\\/causasde\\\/category\\\/conoce-las-causas\\\/#listItem\",\"name\":\"Conoce las causas\"}},{\"@type\":\"ListItem\",\"@id\":\"https:\\\/\\\/dudasytextos.com\\\/causasde\\\/category\\\/conoce-las-causas\\\/#listItem\",\"position\":2,\"name\":\"Conoce las causas\",\"item\":\"https:\\\/\\\/dudasytextos.com\\\/causasde\\\/category\\\/conoce-las-causas\\\/\",\"nextItem\":{\"@type\":\"ListItem\",\"@id\":\"https:\\\/\\\/dudasytextos.com\\\/causasde\\\/causas-de-la-jaqueca-o-migrana\\\/#listItem\",\"name\":\"Causas de la jaqueca o migra\\u00f1a\"},\"previousItem\":{\"@type\":\"ListItem\",\"@id\":\"https:\\\/\\\/dudasytextos.com\\\/causasde#listItem\",\"name\":\"Inicio\"}},{\"@type\":\"ListItem\",\"@id\":\"https:\\\/\\\/dudasytextos.com\\\/causasde\\\/causas-de-la-jaqueca-o-migrana\\\/#listItem\",\"position\":3,\"name\":\"Causas de la jaqueca o migra\\u00f1a\",\"previousItem\":{\"@type\":\"ListItem\",\"@id\":\"https:\\\/\\\/dudasytextos.com\\\/causasde\\\/category\\\/conoce-las-causas\\\/#listItem\",\"name\":\"Conoce las causas\"}}]},{\"@type\":\"Organization\",\"@id\":\"https:\\\/\\\/dudasytextos.com\\\/causasde\\\/#organization\",\"name\":\"\\u00bfC\\u00f3mo funciona?\",\"description\":\"Conoce las causas\",\"url\":\"https:\\\/\\\/dudasytextos.com\\\/causasde\\\/\"},{\"@type\":\"Person\",\"@id\":\"https:\\\/\\\/dudasytextos.com\\\/causasde\\\/author\\\/admin44\\\/#author\",\"url\":\"https:\\\/\\\/dudasytextos.com\\\/causasde\\\/author\\\/admin44\\\/\",\"name\":\"Ana Gonz\\u00e1lez\"},{\"@type\":\"WebPage\",\"@id\":\"https:\\\/\\\/dudasytextos.com\\\/causasde\\\/causas-de-la-jaqueca-o-migrana\\\/#webpage\",\"url\":\"https:\\\/\\\/dudasytextos.com\\\/causasde\\\/causas-de-la-jaqueca-o-migrana\\\/\",\"name\":\"Causas de la jaqueca o migra\\u00f1a (2026) Conoce las causas\",\"description\":\"Causas de la jaqueca o migra\\u00f1a Curiosidades e informaci\\u00f3n interesante sobre la migra\\u00f1a En Espa\\u00f1a, se estima que alrededor del 12% de la poblaci\\u00f3n sufre migra\\u00f1as. No existe una causa \\u00fanica para la migra\\u00f1a, sino que puede estar relacionada con m\\u00faltiples factores. La migra\\u00f1a es m\\u00e1s com\\u00fan en mujeres que en hombres. Las migra\\u00f1as pueden\",\"inLanguage\":\"es-ES\",\"isPartOf\":{\"@id\":\"https:\\\/\\\/dudasytextos.com\\\/causasde\\\/#website\"},\"breadcrumb\":{\"@id\":\"https:\\\/\\\/dudasytextos.com\\\/causasde\\\/causas-de-la-jaqueca-o-migrana\\\/#breadcrumblist\"},\"author\":{\"@id\":\"https:\\\/\\\/dudasytextos.com\\\/causasde\\\/author\\\/admin44\\\/#author\"},\"creator\":{\"@id\":\"https:\\\/\\\/dudasytextos.com\\\/causasde\\\/author\\\/admin44\\\/#author\"},\"datePublished\":\"2025-02-19T03:41:44+00:00\",\"dateModified\":\"2025-03-12T19:31:36+00:00\"},{\"@type\":\"WebSite\",\"@id\":\"https:\\\/\\\/dudasytextos.com\\\/causasde\\\/#website\",\"url\":\"https:\\\/\\\/dudasytextos.com\\\/causasde\\\/\",\"name\":\"\\u00bfC\\u00f3mo funciona?\",\"description\":\"Conoce las causas\",\"inLanguage\":\"es-ES\",\"publisher\":{\"@id\":\"https:\\\/\\\/dudasytextos.com\\\/causasde\\\/#organization\"}}]}\n\t\t<\/script>\n\t\t<!-- All in One SEO -->\n\n","aioseo_head_json":{"title":"Causas de la jaqueca o migra\u00f1a (2026) Conoce las causas","description":"Causas de la jaqueca o migra\u00f1a Curiosidades e informaci\u00f3n interesante sobre la migra\u00f1a En Espa\u00f1a, se estima que alrededor del 12% de la poblaci\u00f3n sufre migra\u00f1as. No existe una causa \u00fanica para la migra\u00f1a, sino que puede estar relacionada con m\u00faltiples factores. La migra\u00f1a es m\u00e1s com\u00fan en mujeres que en hombres. Las migra\u00f1as pueden","canonical_url":"https:\/\/dudasytextos.com\/causasde\/causas-de-la-jaqueca-o-migrana\/","robots":"max-snippet:-1, max-image-preview:large, max-video-preview:-1","keywords":"","webmasterTools":{"miscellaneous":"&lt;!-- Google tag (gtag.js) --&gt;\n&lt;script async src=\"https:\/\/www.googletagmanager.com\/gtag\/js?id=G-1RZBHH3Z7E\"&gt;&lt;\/script&gt;\n&lt;script&gt;\n  window.dataLayer = window.dataLayer || [];\n  function gtag(){dataLayer.push(arguments);}\n  gtag('js', new Date());\n\n  gtag('config', 'G-1RZBHH3Z7E');\n&lt;\/script&gt;\n&lt;script async src=\"https:\/\/pagead2.googlesyndication.com\/pagead\/js\/adsbygoogle.js?client=ca-pub-3987500858204711\"\n     crossorigin=\"anonymous\"&gt;&lt;\/script&gt;"},"schema":{"@context":"https:\/\/schema.org","@graph":[{"@type":"BlogPosting","@id":"https:\/\/dudasytextos.com\/causasde\/causas-de-la-jaqueca-o-migrana\/#blogposting","name":"Causas de la jaqueca o migra\u00f1a (2026) Conoce las causas","headline":"Causas de la jaqueca o migra\u00f1a","author":{"@id":"https:\/\/dudasytextos.com\/causasde\/author\/admin44\/#author"},"publisher":{"@id":"https:\/\/dudasytextos.com\/causasde\/#organization"},"datePublished":"2025-02-19T03:41:44+00:00","dateModified":"2025-03-12T19:31:36+00:00","inLanguage":"es-ES","mainEntityOfPage":{"@id":"https:\/\/dudasytextos.com\/causasde\/causas-de-la-jaqueca-o-migrana\/#webpage"},"isPartOf":{"@id":"https:\/\/dudasytextos.com\/causasde\/causas-de-la-jaqueca-o-migrana\/#webpage"},"articleSection":"Conoce las causas"},{"@type":"BreadcrumbList","@id":"https:\/\/dudasytextos.com\/causasde\/causas-de-la-jaqueca-o-migrana\/#breadcrumblist","itemListElement":[{"@type":"ListItem","@id":"https:\/\/dudasytextos.com\/causasde#listItem","position":1,"name":"Inicio","item":"https:\/\/dudasytextos.com\/causasde","nextItem":{"@type":"ListItem","@id":"https:\/\/dudasytextos.com\/causasde\/category\/conoce-las-causas\/#listItem","name":"Conoce las causas"}},{"@type":"ListItem","@id":"https:\/\/dudasytextos.com\/causasde\/category\/conoce-las-causas\/#listItem","position":2,"name":"Conoce las causas","item":"https:\/\/dudasytextos.com\/causasde\/category\/conoce-las-causas\/","nextItem":{"@type":"ListItem","@id":"https:\/\/dudasytextos.com\/causasde\/causas-de-la-jaqueca-o-migrana\/#listItem","name":"Causas de la jaqueca o migra\u00f1a"},"previousItem":{"@type":"ListItem","@id":"https:\/\/dudasytextos.com\/causasde#listItem","name":"Inicio"}},{"@type":"ListItem","@id":"https:\/\/dudasytextos.com\/causasde\/causas-de-la-jaqueca-o-migrana\/#listItem","position":3,"name":"Causas de la jaqueca o migra\u00f1a","previousItem":{"@type":"ListItem","@id":"https:\/\/dudasytextos.com\/causasde\/category\/conoce-las-causas\/#listItem","name":"Conoce las causas"}}]},{"@type":"Organization","@id":"https:\/\/dudasytextos.com\/causasde\/#organization","name":"\u00bfC\u00f3mo funciona?","description":"Conoce las causas","url":"https:\/\/dudasytextos.com\/causasde\/"},{"@type":"Person","@id":"https:\/\/dudasytextos.com\/causasde\/author\/admin44\/#author","url":"https:\/\/dudasytextos.com\/causasde\/author\/admin44\/","name":"Ana Gonz\u00e1lez"},{"@type":"WebPage","@id":"https:\/\/dudasytextos.com\/causasde\/causas-de-la-jaqueca-o-migrana\/#webpage","url":"https:\/\/dudasytextos.com\/causasde\/causas-de-la-jaqueca-o-migrana\/","name":"Causas de la jaqueca o migra\u00f1a (2026) Conoce las causas","description":"Causas de la jaqueca o migra\u00f1a Curiosidades e informaci\u00f3n interesante sobre la migra\u00f1a En Espa\u00f1a, se estima que alrededor del 12% de la poblaci\u00f3n sufre migra\u00f1as. No existe una causa \u00fanica para la migra\u00f1a, sino que puede estar relacionada con m\u00faltiples factores. La migra\u00f1a es m\u00e1s com\u00fan en mujeres que en hombres. Las migra\u00f1as pueden","inLanguage":"es-ES","isPartOf":{"@id":"https:\/\/dudasytextos.com\/causasde\/#website"},"breadcrumb":{"@id":"https:\/\/dudasytextos.com\/causasde\/causas-de-la-jaqueca-o-migrana\/#breadcrumblist"},"author":{"@id":"https:\/\/dudasytextos.com\/causasde\/author\/admin44\/#author"},"creator":{"@id":"https:\/\/dudasytextos.com\/causasde\/author\/admin44\/#author"},"datePublished":"2025-02-19T03:41:44+00:00","dateModified":"2025-03-12T19:31:36+00:00"},{"@type":"WebSite","@id":"https:\/\/dudasytextos.com\/causasde\/#website","url":"https:\/\/dudasytextos.com\/causasde\/","name":"\u00bfC\u00f3mo funciona?","description":"Conoce las causas","inLanguage":"es-ES","publisher":{"@id":"https:\/\/dudasytextos.com\/causasde\/#organization"}}]},"og:locale":"es_ES","og:site_name":"Conoce las causas - Conoce las causas","og:type":"article","og:title":"Causas de la jaqueca o migra\u00f1a (2026) Conoce las causas","og:description":"Causas de la jaqueca o migra\u00f1a Curiosidades e informaci\u00f3n interesante sobre la migra\u00f1a En Espa\u00f1a, se estima que alrededor del 12% de la poblaci\u00f3n sufre migra\u00f1as. No existe una causa \u00fanica para la migra\u00f1a, sino que puede estar relacionada con m\u00faltiples factores. La migra\u00f1a es m\u00e1s com\u00fan en mujeres que en hombres. Las migra\u00f1as pueden","og:url":"https:\/\/dudasytextos.com\/causasde\/causas-de-la-jaqueca-o-migrana\/","article:published_time":"2025-02-19T03:41:44+00:00","article:modified_time":"2025-03-12T19:31:36+00:00","twitter:card":"summary_large_image","twitter:title":"Causas de la jaqueca o migra\u00f1a (2026) Conoce las causas","twitter:description":"Causas de la jaqueca o migra\u00f1a Curiosidades e informaci\u00f3n interesante sobre la migra\u00f1a En Espa\u00f1a, se estima que alrededor del 12% de la poblaci\u00f3n sufre migra\u00f1as. No existe una causa \u00fanica para la migra\u00f1a, sino que puede estar relacionada con m\u00faltiples factores. La migra\u00f1a es m\u00e1s com\u00fan en mujeres que en hombres. Las migra\u00f1as pueden"},"aioseo_meta_data":{"post_id":"161021","title":null,"description":null,"keywords":null,"keyphrases":null,"primary_term":null,"canonical_url":null,"og_title":null,"og_description":null,"og_object_type":"default","og_image_type":"default","og_image_url":null,"og_image_width":null,"og_image_height":null,"og_image_custom_url":null,"og_image_custom_fields":null,"og_video":null,"og_custom_url":null,"og_article_section":null,"og_article_tags":null,"twitter_use_og":false,"twitter_card":"default","twitter_image_type":"default","twitter_image_url":null,"twitter_image_custom_url":null,"twitter_image_custom_fields":null,"twitter_title":null,"twitter_description":null,"schema":{"blockGraphs":[],"customGraphs":[],"default":{"data":{"Article":[],"Course":[],"Dataset":[],"FAQPage":[],"Movie":[],"Person":[],"Product":[],"ProductReview":[],"Car":[],"Recipe":[],"Service":[],"SoftwareApplication":[],"WebPage":[]},"graphName":"","isEnabled":true},"graphs":[]},"schema_type":"default","schema_type_options":null,"pillar_content":false,"robots_default":true,"robots_noindex":false,"robots_noarchive":false,"robots_nosnippet":false,"robots_nofollow":false,"robots_noimageindex":false,"robots_noodp":false,"robots_notranslate":false,"robots_max_snippet":null,"robots_max_videopreview":null,"robots_max_imagepreview":"large","priority":null,"frequency":null,"local_seo":null,"breadcrumb_settings":null,"limit_modified_date":false,"ai":null,"created":"2023-05-12 20:49:52","updated":"2025-06-03 23:52:32","seo_analyzer_scan_date":null,"focus_keyword":null,"additional_keywords":null,"truseo_locale":null},"aioseo_breadcrumb":"<div class=\"aioseo-breadcrumbs\"><span class=\"aioseo-breadcrumb\">\n\t\t\t<a href=\"https:\/\/dudasytextos.com\/causasde\" title=\"Inicio\">Inicio<\/a>\n\t\t<\/span><span class=\"aioseo-breadcrumb-separator\">&raquo;<\/span><span class=\"aioseo-breadcrumb\">\n\t\t\t<a href=\"https:\/\/dudasytextos.com\/causasde\/category\/conoce-las-causas\/\" title=\"Conoce las causas\">Conoce las causas<\/a>\n\t\t<\/span><span class=\"aioseo-breadcrumb-separator\">&raquo;<\/span><span class=\"aioseo-breadcrumb\">\n\t\t\tCausas de la jaqueca o migra\u00f1a\n\t\t<\/span><\/div>","aioseo_breadcrumb_json":[{"label":"Inicio","link":"https:\/\/dudasytextos.com\/causasde"},{"label":"Conoce las causas","link":"https:\/\/dudasytextos.com\/causasde\/category\/conoce-las-causas\/"},{"label":"Causas de la jaqueca o migra\u00f1a","link":"https:\/\/dudasytextos.com\/causasde\/causas-de-la-jaqueca-o-migrana\/"}],"_links":{"self":[{"href":"https:\/\/dudasytextos.com\/causasde\/wp-json\/wp\/v2\/posts\/161021","targetHints":{"allow":["GET"]}}],"collection":[{"href":"https:\/\/dudasytextos.com\/causasde\/wp-json\/wp\/v2\/posts"}],"about":[{"href":"https:\/\/dudasytextos.com\/causasde\/wp-json\/wp\/v2\/types\/post"}],"author":[{"embeddable":true,"href":"https:\/\/dudasytextos.com\/causasde\/wp-json\/wp\/v2\/users\/1"}],"replies":[{"embeddable":true,"href":"https:\/\/dudasytextos.com\/causasde\/wp-json\/wp\/v2\/comments?post=161021"}],"version-history":[{"count":1,"href":"https:\/\/dudasytextos.com\/causasde\/wp-json\/wp\/v2\/posts\/161021\/revisions"}],"predecessor-version":[{"id":167558,"href":"https:\/\/dudasytextos.com\/causasde\/wp-json\/wp\/v2\/posts\/161021\/revisions\/167558"}],"wp:attachment":[{"href":"https:\/\/dudasytextos.com\/causasde\/wp-json\/wp\/v2\/media?parent=161021"}],"wp:term":[{"taxonomy":"category","embeddable":true,"href":"https:\/\/dudasytextos.com\/causasde\/wp-json\/wp\/v2\/categories?post=161021"},{"taxonomy":"post_tag","embeddable":true,"href":"https:\/\/dudasytextos.com\/causasde\/wp-json\/wp\/v2\/tags?post=161021"}],"curies":[{"name":"wp","href":"https:\/\/api.w.org\/{rel}","templated":true}]}}