{"id":161080,"date":"2025-02-26T01:55:09","date_gmt":"2025-02-26T01:55:09","guid":{"rendered":"https:\/\/educacion.cc\/?p=161080"},"modified":"2025-03-13T11:32:13","modified_gmt":"2025-03-13T11:32:13","slug":"caida-de-pelo-cejas-causas","status":"publish","type":"post","link":"https:\/\/dudasytextos.com\/causasde\/caida-de-pelo-cejas-causas\/","title":{"rendered":"Caida de pelo cejas causas"},"content":{"rendered":"<div id=\"ez-toc-container\" class=\"ez-toc-v2_0_87 counter-hierarchy ez-toc-counter ez-toc-custom ez-toc-container-direction\">\n<div class=\"ez-toc-title-container\">\n<span class=\"ez-toc-title-toggle\"><\/span><\/div>\n<nav><ul class='ez-toc-list ez-toc-list-level-1 ' ><li class='ez-toc-page-1 ez-toc-heading-level-2'><a class=\"ez-toc-link ez-toc-heading-1\" href=\"https:\/\/dudasytextos.com\/causasde\/caida-de-pelo-cejas-causas\/#Caida_de_pelo_cejas_causas\" >Caida de pelo cejas causas<\/a><\/li><li class='ez-toc-page-1 ez-toc-heading-level-2'><a class=\"ez-toc-link ez-toc-heading-2\" href=\"https:\/\/dudasytextos.com\/causasde\/caida-de-pelo-cejas-causas\/#Curiosidades_y_hechos_principales_sobre_la_caida_de_pelo_en_las_cejas\" >Curiosidades y hechos principales sobre la ca\u00edda de pelo en las cejas<\/a><\/li><li class='ez-toc-page-1 ez-toc-heading-level-2'><a class=\"ez-toc-link ez-toc-heading-3\" href=\"https:\/\/dudasytextos.com\/causasde\/caida-de-pelo-cejas-causas\/#%C2%BFPor_que_se_cae_el_pelo_de_las_cejas\" >\u00bfPor qu\u00e9 se cae el pelo de las cejas?<\/a><\/li><li class='ez-toc-page-1 ez-toc-heading-level-2'><a class=\"ez-toc-link ez-toc-heading-4\" href=\"https:\/\/dudasytextos.com\/causasde\/caida-de-pelo-cejas-causas\/#Experiencias_personales_y_consejos\" >Experiencias personales y consejos<\/a><\/li><li class='ez-toc-page-1 ez-toc-heading-level-2'><a class=\"ez-toc-link ez-toc-heading-5\" href=\"https:\/\/dudasytextos.com\/causasde\/caida-de-pelo-cejas-causas\/#%C2%BFQue_puedo_hacer_para_prevenir_la_caida_de_pelo_en_las_cejas\" >\u00bfQu\u00e9 puedo hacer para prevenir la ca\u00edda de pelo en las cejas?<\/a><\/li><li class='ez-toc-page-1 ez-toc-heading-level-2'><a class=\"ez-toc-link ez-toc-heading-6\" href=\"https:\/\/dudasytextos.com\/causasde\/caida-de-pelo-cejas-causas\/#Preguntas_frecuentes\" >Preguntas frecuentes<\/a><ul class='ez-toc-list-level-3' ><li class='ez-toc-heading-level-3'><a class=\"ez-toc-link ez-toc-heading-7\" href=\"https:\/\/dudasytextos.com\/causasde\/caida-de-pelo-cejas-causas\/#%C2%BFEs_normal_que_se_caiga_el_pelo_de_las_cejas\" >\u00bfEs normal que se caiga el pelo de las cejas?<\/a><\/li><li class='ez-toc-page-1 ez-toc-heading-level-3'><a class=\"ez-toc-link ez-toc-heading-8\" href=\"https:\/\/dudasytextos.com\/causasde\/caida-de-pelo-cejas-causas\/#%C2%BFPueden_las_cejas_volver_a_crecer_despues_de_una_perdida_significativa_de_cabello\" >\u00bfPueden las cejas volver a crecer despu\u00e9s de una p\u00e9rdida significativa de cabello?<\/a><\/li><li class='ez-toc-page-1 ez-toc-heading-level-3'><a class=\"ez-toc-link ez-toc-heading-9\" href=\"https:\/\/dudasytextos.com\/causasde\/caida-de-pelo-cejas-causas\/#%C2%BFHay_algun_tratamiento_para_la_perdida_de_cabello_en_las_cejas\" >\u00bfHay alg\u00fan tratamiento para la p\u00e9rdida de cabello en las cejas?<\/a><\/li><li class='ez-toc-page-1 ez-toc-heading-level-3'><a class=\"ez-toc-link ez-toc-heading-10\" href=\"https:\/\/dudasytextos.com\/causasde\/caida-de-pelo-cejas-causas\/#%C2%BFPueden_los_productos_para_el_cuidado_del_cabello_ayudar_a_prevenir_la_perdida_de_pelo_en_las_cejas\" >\u00bfPueden los productos para el cuidado del cabello ayudar a prevenir la p\u00e9rdida de pelo en las cejas?<\/a><\/li><\/ul><\/li><\/ul><\/nav><\/div>\n<h2><span class=\"ez-toc-section\" id=\"Caida_de_pelo_cejas_causas\"><\/span>Caida de pelo cejas causas<span class=\"ez-toc-section-end\"><\/span><\/h2>\n<p>\u00a1Hola a todos! Mi nombre es Ana Gonz\u00e1lez y hoy quiero hablarles de un tema que es muy com\u00fan, pero que a veces pasamos por alto: la ca\u00edda de pelo en las cejas. S\u00e9 que puede parecer un tema superficial, pero la verdad es que puede ser un indicador de problemas de salud m\u00e1s graves. Por eso, es importante prestarle atenci\u00f3n.<\/p>\n<h2><span class=\"ez-toc-section\" id=\"Curiosidades_y_hechos_principales_sobre_la_caida_de_pelo_en_las_cejas\"><\/span>Curiosidades y hechos principales sobre la ca\u00edda de pelo en las cejas<span class=\"ez-toc-section-end\"><\/span><\/h2>\n<ul>\n<li>La ceja es una parte importante de nuestro rostro, no s\u00f3lo por su funci\u00f3n est\u00e9tica sino tambi\u00e9n por su funci\u00f3n protectora, ya que ayuda a evitar que el sudor y la lluvia entren en los ojos.<\/li>\n<li>La p\u00e9rdida de pelo en las cejas es m\u00e1s com\u00fan de lo que crees y puede afectar tanto a hombres como a mujeres.<\/li>\n<li>La ca\u00edda de pelo en las cejas puede ser causada por varias razones, desde cambios hormonales hasta enfermedades autoinmunitarias.<\/li>\n<\/ul>\n<h2><span class=\"ez-toc-section\" id=\"%C2%BFPor_que_se_cae_el_pelo_de_las_cejas\"><\/span>\u00bfPor qu\u00e9 se cae el pelo de las cejas?<span class=\"ez-toc-section-end\"><\/span><\/h2>\n<p>Existen varias causas por las que se puede caer el pelo de las cejas. Aqu\u00ed te presento algunas de las m\u00e1s comunes:<\/p>\n<ul>\n<li><strong>Cambios hormonales:<\/strong> Los cambios hormonales pueden afectar la salud de nuestro cabello y tambi\u00e9n pueden hacer que el pelo de las cejas se caiga. Esto puede ocurrir durante el embarazo, la menopausia o como resultado de ciertos tratamientos m\u00e9dicos.<\/li>\n<li><strong>Sobrestiramiento:<\/strong> Si te depilas las cejas con demasiada frecuencia o si las depilas de manera incorrecta, puedes da\u00f1ar los fol\u00edculos pilosos y hacer que el pelo se caiga.<\/li>\n<li><strong>Enfermedades autoinmunitarias:<\/strong> Algunas enfermedades autoinmunitarias, como la alopecia areata, pueden causar la p\u00e9rdida de cabello en diferentes partes del cuerpo, incluyendo las cejas.<\/li>\n<li><strong>Cambios en la dieta:<\/strong> Una dieta pobre en nutrientes esenciales como las vitaminas y los minerales puede afectar la salud de nuestro cabello y hacer que se caiga.<\/li>\n<\/ul>\n<h2><span class=\"ez-toc-section\" id=\"Experiencias_personales_y_consejos\"><\/span>Experiencias personales y consejos<span class=\"ez-toc-section-end\"><\/span><\/h2>\n<p>Personalmente, he notado que cuando me estreso mucho, mi pelo tiende a caerse m\u00e1s de lo normal, incluyendo el pelo de las cejas. Por eso, trato de mantener mi nivel de estr\u00e9s bajo control y de hacer ejercicio regularmente para liberar tensiones. Adem\u00e1s, prefiero no depilarme las cejas con demasiada frecuencia y trato de hacerlo de manera suave y cuidadosa para no da\u00f1ar los fol\u00edculos pilosos.<\/p>\n<h2><span class=\"ez-toc-section\" id=\"%C2%BFQue_puedo_hacer_para_prevenir_la_caida_de_pelo_en_las_cejas\"><\/span>\u00bfQu\u00e9 puedo hacer para prevenir la ca\u00edda de pelo en las cejas?<span class=\"ez-toc-section-end\"><\/span><\/h2>\n<p>Si est\u00e1s preocupado por la ca\u00edda de pelo en tus cejas, aqu\u00ed te presento algunos consejos que pueden ayudarte a prevenir la p\u00e9rdida de cabello:<\/p>\n<ul>\n<li>Mant\u00e9n una dieta equilibrada y rica en nutrientes esenciales.<\/li>\n<li>Trata de controlar tu nivel de estr\u00e9s y de hacer ejercicio regularmente.<\/li>\n<li>Evita depilarte las cejas con demasiada frecuencia o de manera brusca.<\/li>\n<li>Si est\u00e1s experimentando una p\u00e9rdida de cabello significativa en las cejas u otras partes del cuerpo, consulta con un m\u00e9dico para descartar cualquier problema de salud subyacente.<\/li>\n<\/ul>\n<h2><span class=\"ez-toc-section\" id=\"Preguntas_frecuentes\"><\/span>Preguntas frecuentes<span class=\"ez-toc-section-end\"><\/span><\/h2>\n<h3><span class=\"ez-toc-section\" id=\"%C2%BFEs_normal_que_se_caiga_el_pelo_de_las_cejas\"><\/span>\u00bfEs normal que se caiga el pelo de las cejas?<span class=\"ez-toc-section-end\"><\/span><\/h3>\n<p>S\u00ed, es normal que se caiga un poco de pelo de las cejas de vez en cuando. Sin embargo, si notas una p\u00e9rdida significativa de cabello en las cejas o si se te cae el pelo en otras partes del cuerpo, es importante que consultes con un m\u00e9dico.<\/p>\n<h3><span class=\"ez-toc-section\" id=\"%C2%BFPueden_las_cejas_volver_a_crecer_despues_de_una_perdida_significativa_de_cabello\"><\/span>\u00bfPueden las cejas volver a crecer despu\u00e9s de una p\u00e9rdida significativa de cabello?<span class=\"ez-toc-section-end\"><\/span><\/h3>\n<p>S\u00ed, en la mayor\u00eda de los casos, el pelo de las cejas volver\u00e1 a crecer despu\u00e9s de una p\u00e9rdida significativa. Sin embargo, puede tomar tiempo y es posible que no crezca de manera uniforme.<\/p>\n<h3><span class=\"ez-toc-section\" id=\"%C2%BFHay_algun_tratamiento_para_la_perdida_de_cabello_en_las_cejas\"><\/span>\u00bfHay alg\u00fan tratamiento para la p\u00e9rdida de cabello en las cejas?<span class=\"ez-toc-section-end\"><\/span><\/h3>\n<p>Dependiendo de la causa subyacente de la p\u00e9rdida de cabello, puede haber tratamientos disponibles. Por ejemplo, si la p\u00e9rdida de cabello es causada por una enfermedad autoinmunitaria, el m\u00e9dico puede recetar medicamentos para ayudar a controlar los s\u00edntomas. Sin embargo, es importante que consultes con un m\u00e9dico antes de tomar cualquier medicaci\u00f3n o tratamiento.<\/p>\n<h3><span class=\"ez-toc-section\" id=\"%C2%BFPueden_los_productos_para_el_cuidado_del_cabello_ayudar_a_prevenir_la_perdida_de_pelo_en_las_cejas\"><\/span>\u00bfPueden los productos para el cuidado del cabello ayudar a prevenir la p\u00e9rdida de pelo en las cejas?<span class=\"ez-toc-section-end\"><\/span><\/h3>\n<p>No hay evidencia cient\u00edfica que indique que los productos para el cuidado del cabello puedan prevenir la p\u00e9rdida de pelo en las cejas. Sin embargo, mantener una dieta equilibrada y rica en nutrientes esenciales puede ayudar a mantener la salud de tu cabello y prevenir la ca\u00edda del pelo en las cejas y otras partes del cuerpo.<\/p>\n<p>\u00a1Espero que esta informaci\u00f3n te haya sido \u00fatil! Recuerda que si est\u00e1s preocupado por la p\u00e9rdida de cabello en las cejas, es importante que consultes con un m\u00e9dico para descartar cualquier problema de salud subyacente.<\/p>\n","protected":false},"excerpt":{"rendered":"<p>Caida de pelo cejas causas \u00a1Hola a todos! Mi nombre es Ana Gonz\u00e1lez y hoy quiero hablarles de un tema que es muy com\u00fan, pero que a veces pasamos por alto: la ca\u00edda de pelo en las cejas. S\u00e9 que puede parecer un tema superficial, pero la verdad es que puede ser un indicador de &#8230; <a title=\"Caida de pelo cejas causas\" class=\"read-more\" href=\"https:\/\/dudasytextos.com\/causasde\/caida-de-pelo-cejas-causas\/\" aria-label=\"M\u00e1s en Caida de pelo cejas causas\">Leer m\u00e1s<\/a><\/p>\n","protected":false},"author":1,"featured_media":0,"comment_status":"open","ping_status":"open","sticky":false,"template":"","format":"standard","meta":{"footnotes":""},"categories":[4],"tags":[],"class_list":["post-161080","post","type-post","status-publish","format-standard","hentry","category-conoce-las-causas"],"aioseo_notices":[],"aioseo_head":"\n\t\t<!-- All in One SEO 5.0.1.1 - aioseo.com -->\n\t<meta name=\"description\" content=\"Caida de pelo cejas causas \u00a1Hola a todos! Mi nombre es Ana Gonz\u00e1lez y hoy quiero hablarles de un tema que es muy com\u00fan, pero que a veces pasamos por alto: la ca\u00edda de pelo en las cejas. S\u00e9 que puede parecer un tema superficial, pero la verdad es que puede ser un indicador de\" \/>\n\t<meta name=\"robots\" content=\"max-snippet:-1, max-image-preview:large, max-video-preview:-1\" \/>\n\t<meta name=\"author\" content=\"Ana Gonz\u00e1lez\"\/>\n\t<link rel=\"canonical\" href=\"https:\/\/dudasytextos.com\/causasde\/caida-de-pelo-cejas-causas\/\" \/>\n\t<meta name=\"generator\" content=\"All in One SEO (AIOSEO) 5.0.1.1\" \/>\n\n\t\t<!-- Google tag (gtag.js) -->\n<script async src=\"https:\/\/www.googletagmanager.com\/gtag\/js?id=G-1RZBHH3Z7E\"><\/script>\n<script>\n  window.dataLayer = window.dataLayer || [];\n  function gtag(){dataLayer.push(arguments);}\n  gtag('js', new Date());\n\n  gtag('config', 'G-1RZBHH3Z7E');\n<\/script>\n<script async src=\"https:\/\/pagead2.googlesyndication.com\/pagead\/js\/adsbygoogle.js?client=ca-pub-3987500858204711\"\n     crossorigin=\"anonymous\"><\/script>\n\t\t<meta property=\"og:locale\" content=\"es_ES\" \/>\n\t\t<meta property=\"og:site_name\" content=\"Conoce las causas - Conoce las causas\" \/>\n\t\t<meta property=\"og:type\" content=\"article\" \/>\n\t\t<meta property=\"og:title\" content=\"Caida de pelo cejas causas (2026) Conoce las causas\" \/>\n\t\t<meta property=\"og:description\" content=\"Caida de pelo cejas causas \u00a1Hola a todos! Mi nombre es Ana Gonz\u00e1lez y hoy quiero hablarles de un tema que es muy com\u00fan, pero que a veces pasamos por alto: la ca\u00edda de pelo en las cejas. S\u00e9 que puede parecer un tema superficial, pero la verdad es que puede ser un indicador de\" \/>\n\t\t<meta property=\"og:url\" content=\"https:\/\/dudasytextos.com\/causasde\/caida-de-pelo-cejas-causas\/\" \/>\n\t\t<meta property=\"article:published_time\" content=\"2025-02-26T01:55:09+00:00\" \/>\n\t\t<meta property=\"article:modified_time\" content=\"2025-03-13T11:32:13+00:00\" \/>\n\t\t<meta name=\"twitter:card\" content=\"summary_large_image\" \/>\n\t\t<meta name=\"twitter:title\" content=\"Caida de pelo cejas causas (2026) Conoce las causas\" \/>\n\t\t<meta name=\"twitter:description\" content=\"Caida de pelo cejas causas \u00a1Hola a todos! Mi nombre es Ana Gonz\u00e1lez y hoy quiero hablarles de un tema que es muy com\u00fan, pero que a veces pasamos por alto: la ca\u00edda de pelo en las cejas. S\u00e9 que puede parecer un tema superficial, pero la verdad es que puede ser un indicador de\" \/>\n\t\t<script type=\"application\/ld+json\" class=\"aioseo-schema\">\n\t\t\t{\"@context\":\"https:\\\/\\\/schema.org\",\"@graph\":[{\"@type\":\"BlogPosting\",\"@id\":\"https:\\\/\\\/dudasytextos.com\\\/causasde\\\/caida-de-pelo-cejas-causas\\\/#blogposting\",\"name\":\"Caida de pelo cejas causas (2026) Conoce las causas\",\"headline\":\"Caida de pelo cejas causas\",\"author\":{\"@id\":\"https:\\\/\\\/dudasytextos.com\\\/causasde\\\/author\\\/admin44\\\/#author\"},\"publisher\":{\"@id\":\"https:\\\/\\\/dudasytextos.com\\\/causasde\\\/#organization\"},\"datePublished\":\"2025-02-26T01:55:09+00:00\",\"dateModified\":\"2025-03-13T11:32:13+00:00\",\"inLanguage\":\"es-ES\",\"mainEntityOfPage\":{\"@id\":\"https:\\\/\\\/dudasytextos.com\\\/causasde\\\/caida-de-pelo-cejas-causas\\\/#webpage\"},\"isPartOf\":{\"@id\":\"https:\\\/\\\/dudasytextos.com\\\/causasde\\\/caida-de-pelo-cejas-causas\\\/#webpage\"},\"articleSection\":\"Conoce las causas\"},{\"@type\":\"BreadcrumbList\",\"@id\":\"https:\\\/\\\/dudasytextos.com\\\/causasde\\\/caida-de-pelo-cejas-causas\\\/#breadcrumblist\",\"itemListElement\":[{\"@type\":\"ListItem\",\"@id\":\"https:\\\/\\\/dudasytextos.com\\\/causasde#listItem\",\"position\":1,\"name\":\"Inicio\",\"item\":\"https:\\\/\\\/dudasytextos.com\\\/causasde\",\"nextItem\":{\"@type\":\"ListItem\",\"@id\":\"https:\\\/\\\/dudasytextos.com\\\/causasde\\\/category\\\/conoce-las-causas\\\/#listItem\",\"name\":\"Conoce las causas\"}},{\"@type\":\"ListItem\",\"@id\":\"https:\\\/\\\/dudasytextos.com\\\/causasde\\\/category\\\/conoce-las-causas\\\/#listItem\",\"position\":2,\"name\":\"Conoce las causas\",\"item\":\"https:\\\/\\\/dudasytextos.com\\\/causasde\\\/category\\\/conoce-las-causas\\\/\",\"nextItem\":{\"@type\":\"ListItem\",\"@id\":\"https:\\\/\\\/dudasytextos.com\\\/causasde\\\/caida-de-pelo-cejas-causas\\\/#listItem\",\"name\":\"Caida de pelo cejas causas\"},\"previousItem\":{\"@type\":\"ListItem\",\"@id\":\"https:\\\/\\\/dudasytextos.com\\\/causasde#listItem\",\"name\":\"Inicio\"}},{\"@type\":\"ListItem\",\"@id\":\"https:\\\/\\\/dudasytextos.com\\\/causasde\\\/caida-de-pelo-cejas-causas\\\/#listItem\",\"position\":3,\"name\":\"Caida de pelo cejas causas\",\"previousItem\":{\"@type\":\"ListItem\",\"@id\":\"https:\\\/\\\/dudasytextos.com\\\/causasde\\\/category\\\/conoce-las-causas\\\/#listItem\",\"name\":\"Conoce las causas\"}}]},{\"@type\":\"Organization\",\"@id\":\"https:\\\/\\\/dudasytextos.com\\\/causasde\\\/#organization\",\"name\":\"\\u00bfC\\u00f3mo funciona?\",\"description\":\"Conoce las causas\",\"url\":\"https:\\\/\\\/dudasytextos.com\\\/causasde\\\/\"},{\"@type\":\"Person\",\"@id\":\"https:\\\/\\\/dudasytextos.com\\\/causasde\\\/author\\\/admin44\\\/#author\",\"url\":\"https:\\\/\\\/dudasytextos.com\\\/causasde\\\/author\\\/admin44\\\/\",\"name\":\"Ana Gonz\\u00e1lez\"},{\"@type\":\"WebPage\",\"@id\":\"https:\\\/\\\/dudasytextos.com\\\/causasde\\\/caida-de-pelo-cejas-causas\\\/#webpage\",\"url\":\"https:\\\/\\\/dudasytextos.com\\\/causasde\\\/caida-de-pelo-cejas-causas\\\/\",\"name\":\"Caida de pelo cejas causas (2026) Conoce las causas\",\"description\":\"Caida de pelo cejas causas \\u00a1Hola a todos! Mi nombre es Ana Gonz\\u00e1lez y hoy quiero hablarles de un tema que es muy com\\u00fan, pero que a veces pasamos por alto: la ca\\u00edda de pelo en las cejas. S\\u00e9 que puede parecer un tema superficial, pero la verdad es que puede ser un indicador de\",\"inLanguage\":\"es-ES\",\"isPartOf\":{\"@id\":\"https:\\\/\\\/dudasytextos.com\\\/causasde\\\/#website\"},\"breadcrumb\":{\"@id\":\"https:\\\/\\\/dudasytextos.com\\\/causasde\\\/caida-de-pelo-cejas-causas\\\/#breadcrumblist\"},\"author\":{\"@id\":\"https:\\\/\\\/dudasytextos.com\\\/causasde\\\/author\\\/admin44\\\/#author\"},\"creator\":{\"@id\":\"https:\\\/\\\/dudasytextos.com\\\/causasde\\\/author\\\/admin44\\\/#author\"},\"datePublished\":\"2025-02-26T01:55:09+00:00\",\"dateModified\":\"2025-03-13T11:32:13+00:00\"},{\"@type\":\"WebSite\",\"@id\":\"https:\\\/\\\/dudasytextos.com\\\/causasde\\\/#website\",\"url\":\"https:\\\/\\\/dudasytextos.com\\\/causasde\\\/\",\"name\":\"\\u00bfC\\u00f3mo funciona?\",\"description\":\"Conoce las causas\",\"inLanguage\":\"es-ES\",\"publisher\":{\"@id\":\"https:\\\/\\\/dudasytextos.com\\\/causasde\\\/#organization\"}}]}\n\t\t<\/script>\n\t\t<!-- All in One SEO -->\n\n","aioseo_head_json":{"title":"Caida de pelo cejas causas (2026) Conoce las causas","description":"Caida de pelo cejas causas \u00a1Hola a todos! Mi nombre es Ana Gonz\u00e1lez y hoy quiero hablarles de un tema que es muy com\u00fan, pero que a veces pasamos por alto: la ca\u00edda de pelo en las cejas. S\u00e9 que puede parecer un tema superficial, pero la verdad es que puede ser un indicador de","canonical_url":"https:\/\/dudasytextos.com\/causasde\/caida-de-pelo-cejas-causas\/","robots":"max-snippet:-1, max-image-preview:large, max-video-preview:-1","keywords":"","webmasterTools":{"miscellaneous":"&lt;!-- Google tag (gtag.js) --&gt;\n&lt;script async src=\"https:\/\/www.googletagmanager.com\/gtag\/js?id=G-1RZBHH3Z7E\"&gt;&lt;\/script&gt;\n&lt;script&gt;\n  window.dataLayer = window.dataLayer || [];\n  function gtag(){dataLayer.push(arguments);}\n  gtag('js', new Date());\n\n  gtag('config', 'G-1RZBHH3Z7E');\n&lt;\/script&gt;\n&lt;script async src=\"https:\/\/pagead2.googlesyndication.com\/pagead\/js\/adsbygoogle.js?client=ca-pub-3987500858204711\"\n     crossorigin=\"anonymous\"&gt;&lt;\/script&gt;"},"schema":{"@context":"https:\/\/schema.org","@graph":[{"@type":"BlogPosting","@id":"https:\/\/dudasytextos.com\/causasde\/caida-de-pelo-cejas-causas\/#blogposting","name":"Caida de pelo cejas causas (2026) Conoce las causas","headline":"Caida de pelo cejas causas","author":{"@id":"https:\/\/dudasytextos.com\/causasde\/author\/admin44\/#author"},"publisher":{"@id":"https:\/\/dudasytextos.com\/causasde\/#organization"},"datePublished":"2025-02-26T01:55:09+00:00","dateModified":"2025-03-13T11:32:13+00:00","inLanguage":"es-ES","mainEntityOfPage":{"@id":"https:\/\/dudasytextos.com\/causasde\/caida-de-pelo-cejas-causas\/#webpage"},"isPartOf":{"@id":"https:\/\/dudasytextos.com\/causasde\/caida-de-pelo-cejas-causas\/#webpage"},"articleSection":"Conoce las causas"},{"@type":"BreadcrumbList","@id":"https:\/\/dudasytextos.com\/causasde\/caida-de-pelo-cejas-causas\/#breadcrumblist","itemListElement":[{"@type":"ListItem","@id":"https:\/\/dudasytextos.com\/causasde#listItem","position":1,"name":"Inicio","item":"https:\/\/dudasytextos.com\/causasde","nextItem":{"@type":"ListItem","@id":"https:\/\/dudasytextos.com\/causasde\/category\/conoce-las-causas\/#listItem","name":"Conoce las causas"}},{"@type":"ListItem","@id":"https:\/\/dudasytextos.com\/causasde\/category\/conoce-las-causas\/#listItem","position":2,"name":"Conoce las causas","item":"https:\/\/dudasytextos.com\/causasde\/category\/conoce-las-causas\/","nextItem":{"@type":"ListItem","@id":"https:\/\/dudasytextos.com\/causasde\/caida-de-pelo-cejas-causas\/#listItem","name":"Caida de pelo cejas causas"},"previousItem":{"@type":"ListItem","@id":"https:\/\/dudasytextos.com\/causasde#listItem","name":"Inicio"}},{"@type":"ListItem","@id":"https:\/\/dudasytextos.com\/causasde\/caida-de-pelo-cejas-causas\/#listItem","position":3,"name":"Caida de pelo cejas causas","previousItem":{"@type":"ListItem","@id":"https:\/\/dudasytextos.com\/causasde\/category\/conoce-las-causas\/#listItem","name":"Conoce las causas"}}]},{"@type":"Organization","@id":"https:\/\/dudasytextos.com\/causasde\/#organization","name":"\u00bfC\u00f3mo funciona?","description":"Conoce las causas","url":"https:\/\/dudasytextos.com\/causasde\/"},{"@type":"Person","@id":"https:\/\/dudasytextos.com\/causasde\/author\/admin44\/#author","url":"https:\/\/dudasytextos.com\/causasde\/author\/admin44\/","name":"Ana Gonz\u00e1lez"},{"@type":"WebPage","@id":"https:\/\/dudasytextos.com\/causasde\/caida-de-pelo-cejas-causas\/#webpage","url":"https:\/\/dudasytextos.com\/causasde\/caida-de-pelo-cejas-causas\/","name":"Caida de pelo cejas causas (2026) Conoce las causas","description":"Caida de pelo cejas causas \u00a1Hola a todos! Mi nombre es Ana Gonz\u00e1lez y hoy quiero hablarles de un tema que es muy com\u00fan, pero que a veces pasamos por alto: la ca\u00edda de pelo en las cejas. S\u00e9 que puede parecer un tema superficial, pero la verdad es que puede ser un indicador de","inLanguage":"es-ES","isPartOf":{"@id":"https:\/\/dudasytextos.com\/causasde\/#website"},"breadcrumb":{"@id":"https:\/\/dudasytextos.com\/causasde\/caida-de-pelo-cejas-causas\/#breadcrumblist"},"author":{"@id":"https:\/\/dudasytextos.com\/causasde\/author\/admin44\/#author"},"creator":{"@id":"https:\/\/dudasytextos.com\/causasde\/author\/admin44\/#author"},"datePublished":"2025-02-26T01:55:09+00:00","dateModified":"2025-03-13T11:32:13+00:00"},{"@type":"WebSite","@id":"https:\/\/dudasytextos.com\/causasde\/#website","url":"https:\/\/dudasytextos.com\/causasde\/","name":"\u00bfC\u00f3mo funciona?","description":"Conoce las causas","inLanguage":"es-ES","publisher":{"@id":"https:\/\/dudasytextos.com\/causasde\/#organization"}}]},"og:locale":"es_ES","og:site_name":"Conoce las causas - Conoce las causas","og:type":"article","og:title":"Caida de pelo cejas causas (2026) Conoce las causas","og:description":"Caida de pelo cejas causas \u00a1Hola a todos! Mi nombre es Ana Gonz\u00e1lez y hoy quiero hablarles de un tema que es muy com\u00fan, pero que a veces pasamos por alto: la ca\u00edda de pelo en las cejas. S\u00e9 que puede parecer un tema superficial, pero la verdad es que puede ser un indicador de","og:url":"https:\/\/dudasytextos.com\/causasde\/caida-de-pelo-cejas-causas\/","article:published_time":"2025-02-26T01:55:09+00:00","article:modified_time":"2025-03-13T11:32:13+00:00","twitter:card":"summary_large_image","twitter:title":"Caida de pelo cejas causas (2026) Conoce las causas","twitter:description":"Caida de pelo cejas causas \u00a1Hola a todos! Mi nombre es Ana Gonz\u00e1lez y hoy quiero hablarles de un tema que es muy com\u00fan, pero que a veces pasamos por alto: la ca\u00edda de pelo en las cejas. S\u00e9 que puede parecer un tema superficial, pero la verdad es que puede ser un indicador de"},"aioseo_meta_data":{"post_id":"161080","title":null,"description":null,"keywords":null,"keyphrases":null,"primary_term":null,"canonical_url":null,"og_title":null,"og_description":null,"og_object_type":"default","og_image_type":"default","og_image_url":null,"og_image_width":null,"og_image_height":null,"og_image_custom_url":null,"og_image_custom_fields":null,"og_video":null,"og_custom_url":null,"og_article_section":null,"og_article_tags":null,"twitter_use_og":false,"twitter_card":"default","twitter_image_type":"default","twitter_image_url":null,"twitter_image_custom_url":null,"twitter_image_custom_fields":null,"twitter_title":null,"twitter_description":null,"schema":{"blockGraphs":[],"customGraphs":[],"default":{"data":{"Article":[],"Course":[],"Dataset":[],"FAQPage":[],"Movie":[],"Person":[],"Product":[],"ProductReview":[],"Car":[],"Recipe":[],"Service":[],"SoftwareApplication":[],"WebPage":[]},"graphName":"","isEnabled":true},"graphs":[]},"schema_type":"default","schema_type_options":null,"pillar_content":false,"robots_default":true,"robots_noindex":false,"robots_noarchive":false,"robots_nosnippet":false,"robots_nofollow":false,"robots_noimageindex":false,"robots_noodp":false,"robots_notranslate":false,"robots_max_snippet":null,"robots_max_videopreview":null,"robots_max_imagepreview":"large","priority":null,"frequency":null,"local_seo":null,"breadcrumb_settings":null,"limit_modified_date":false,"ai":null,"created":"2023-05-12 20:41:06","updated":"2025-06-04 03:24:14","seo_analyzer_scan_date":null,"focus_keyword":null,"additional_keywords":null,"truseo_locale":null},"aioseo_breadcrumb":"<div class=\"aioseo-breadcrumbs\"><span class=\"aioseo-breadcrumb\">\n\t\t\t<a href=\"https:\/\/dudasytextos.com\/causasde\" title=\"Inicio\">Inicio<\/a>\n\t\t<\/span><span class=\"aioseo-breadcrumb-separator\">&raquo;<\/span><span class=\"aioseo-breadcrumb\">\n\t\t\t<a href=\"https:\/\/dudasytextos.com\/causasde\/category\/conoce-las-causas\/\" title=\"Conoce las causas\">Conoce las causas<\/a>\n\t\t<\/span><span class=\"aioseo-breadcrumb-separator\">&raquo;<\/span><span class=\"aioseo-breadcrumb\">\n\t\t\tCaida de pelo cejas causas\n\t\t<\/span><\/div>","aioseo_breadcrumb_json":[{"label":"Inicio","link":"https:\/\/dudasytextos.com\/causasde"},{"label":"Conoce las causas","link":"https:\/\/dudasytextos.com\/causasde\/category\/conoce-las-causas\/"},{"label":"Caida de pelo cejas causas","link":"https:\/\/dudasytextos.com\/causasde\/caida-de-pelo-cejas-causas\/"}],"_links":{"self":[{"href":"https:\/\/dudasytextos.com\/causasde\/wp-json\/wp\/v2\/posts\/161080","targetHints":{"allow":["GET"]}}],"collection":[{"href":"https:\/\/dudasytextos.com\/causasde\/wp-json\/wp\/v2\/posts"}],"about":[{"href":"https:\/\/dudasytextos.com\/causasde\/wp-json\/wp\/v2\/types\/post"}],"author":[{"embeddable":true,"href":"https:\/\/dudasytextos.com\/causasde\/wp-json\/wp\/v2\/users\/1"}],"replies":[{"embeddable":true,"href":"https:\/\/dudasytextos.com\/causasde\/wp-json\/wp\/v2\/comments?post=161080"}],"version-history":[{"count":1,"href":"https:\/\/dudasytextos.com\/causasde\/wp-json\/wp\/v2\/posts\/161080\/revisions"}],"predecessor-version":[{"id":167499,"href":"https:\/\/dudasytextos.com\/causasde\/wp-json\/wp\/v2\/posts\/161080\/revisions\/167499"}],"wp:attachment":[{"href":"https:\/\/dudasytextos.com\/causasde\/wp-json\/wp\/v2\/media?parent=161080"}],"wp:term":[{"taxonomy":"category","embeddable":true,"href":"https:\/\/dudasytextos.com\/causasde\/wp-json\/wp\/v2\/categories?post=161080"},{"taxonomy":"post_tag","embeddable":true,"href":"https:\/\/dudasytextos.com\/causasde\/wp-json\/wp\/v2\/tags?post=161080"}],"curies":[{"name":"wp","href":"https:\/\/api.w.org\/{rel}","templated":true}]}}