{"id":161363,"date":"2025-02-28T08:33:03","date_gmt":"2025-02-28T08:33:03","guid":{"rendered":"https:\/\/educacion.cc\/?p=161363"},"modified":"2025-03-13T06:59:29","modified_gmt":"2025-03-13T06:59:29","slug":"zonas-de-granos-en-la-cara-y-causas","status":"publish","type":"post","link":"https:\/\/dudasytextos.com\/causasde\/zonas-de-granos-en-la-cara-y-causas\/","title":{"rendered":"Zonas de granos en la cara y causas"},"content":{"rendered":"<div id=\"ez-toc-container\" class=\"ez-toc-v2_0_87 counter-hierarchy ez-toc-counter ez-toc-custom ez-toc-container-direction\">\n<div class=\"ez-toc-title-container\">\n<span class=\"ez-toc-title-toggle\"><\/span><\/div>\n<nav><ul class='ez-toc-list ez-toc-list-level-1 ' ><li class='ez-toc-page-1 ez-toc-heading-level-2'><a class=\"ez-toc-link ez-toc-heading-1\" href=\"https:\/\/dudasytextos.com\/causasde\/zonas-de-granos-en-la-cara-y-causas\/#Zonas_de_granos_en_la_cara_y_causas\" >Zonas de granos en la cara y causas<\/a><\/li><li class='ez-toc-page-1 ez-toc-heading-level-2'><a class=\"ez-toc-link ez-toc-heading-2\" href=\"https:\/\/dudasytextos.com\/causasde\/zonas-de-granos-en-la-cara-y-causas\/#Curiosidades\" >Curiosidades<\/a><\/li><li class='ez-toc-page-1 ez-toc-heading-level-2'><a class=\"ez-toc-link ez-toc-heading-3\" href=\"https:\/\/dudasytextos.com\/causasde\/zonas-de-granos-en-la-cara-y-causas\/#Mi_experiencia\" >Mi experiencia<\/a><\/li><li class='ez-toc-page-1 ez-toc-heading-level-2'><a class=\"ez-toc-link ez-toc-heading-4\" href=\"https:\/\/dudasytextos.com\/causasde\/zonas-de-granos-en-la-cara-y-causas\/#Que_causa_los_granos_en_la_cara\" >Qu\u00e9 causa los granos en la cara<\/a><\/li><li class='ez-toc-page-1 ez-toc-heading-level-2'><a class=\"ez-toc-link ez-toc-heading-5\" href=\"https:\/\/dudasytextos.com\/causasde\/zonas-de-granos-en-la-cara-y-causas\/#Prevenir_y_tratar_los_granos_en_la_cara\" >Prevenir y tratar los granos en la cara<\/a><\/li><li class='ez-toc-page-1 ez-toc-heading-level-2'><a class=\"ez-toc-link ez-toc-heading-6\" href=\"https:\/\/dudasytextos.com\/causasde\/zonas-de-granos-en-la-cara-y-causas\/#Preguntas_frecuentes\" >Preguntas frecuentes<\/a><ul class='ez-toc-list-level-3' ><li class='ez-toc-heading-level-3'><a class=\"ez-toc-link ez-toc-heading-7\" href=\"https:\/\/dudasytextos.com\/causasde\/zonas-de-granos-en-la-cara-y-causas\/#%C2%BFEs_cierto_que_el_sol_puede_curar_el_acne\" >\u00bfEs cierto que el sol puede curar el acn\u00e9?<\/a><\/li><li class='ez-toc-page-1 ez-toc-heading-level-3'><a class=\"ez-toc-link ez-toc-heading-8\" href=\"https:\/\/dudasytextos.com\/causasde\/zonas-de-granos-en-la-cara-y-causas\/#%C2%BFLos_alimentos_grasos_causan_acne\" >\u00bfLos alimentos grasos causan acn\u00e9?<\/a><\/li><li class='ez-toc-page-1 ez-toc-heading-level-3'><a class=\"ez-toc-link ez-toc-heading-9\" href=\"https:\/\/dudasytextos.com\/causasde\/zonas-de-granos-en-la-cara-y-causas\/#%C2%BFDebo_exprimir_los_granos_en_mi_cara\" >\u00bfDebo exprimir los granos en mi cara?<\/a><\/li><\/ul><\/li><\/ul><\/nav><\/div>\n<h2><span class=\"ez-toc-section\" id=\"Zonas_de_granos_en_la_cara_y_causas\"><\/span>Zonas de granos en la cara y causas<span class=\"ez-toc-section-end\"><\/span><\/h2>\n<section>\n<h2><span class=\"ez-toc-section\" id=\"Curiosidades\"><\/span>Curiosidades<span class=\"ez-toc-section-end\"><\/span><\/h2>\n<ul>\n<li>El acn\u00e9 es una de las afecciones de la piel m\u00e1s comunes en todo el mundo.<\/li>\n<li>El acn\u00e9 afecta a personas de todas las edades, aunque es m\u00e1s com\u00fan en adolescentes y j\u00f3venes adultos.<\/li>\n<li>El acn\u00e9 puede aparecer en diferentes partes del cuerpo, incluyendo la cara, la espalda y el pecho.<\/li>\n<li>La mayor\u00eda de los casos de acn\u00e9 son causados por cambios hormonales y gen\u00e9ticos.<\/li>\n<\/ul>\n<\/section>\n<section>\n<h2><span class=\"ez-toc-section\" id=\"Mi_experiencia\"><\/span>Mi experiencia<span class=\"ez-toc-section-end\"><\/span><\/h2>\n<p>Desde mi adolescencia, he sufrido de acn\u00e9 en mi cara. He probado diferentes productos y remedios caseros, pero no ha sido f\u00e1cil controlarlo. A lo largo de los a\u00f1os, he aprendido algunas cosas sobre las zonas de granos en la cara y sus causas.<\/p>\n<p>Hice una investigaci\u00f3n profunda y me di cuenta de que el acn\u00e9 no es solo un problema superficial. Hay varias causas subyacentes que pueden estar contribuyendo a los granos en tu cara. En este art\u00edculo, te contar\u00e9 todo lo que aprend\u00ed y c\u00f3mo puedes prevenir y tratar el acn\u00e9.<\/p>\n<\/section>\n<section>\n<h2><span class=\"ez-toc-section\" id=\"Que_causa_los_granos_en_la_cara\"><\/span>Qu\u00e9 causa los granos en la cara<span class=\"ez-toc-section-end\"><\/span><\/h2>\n<p>Hay varias cosas que pueden estar causando granos en tu cara. Aqu\u00ed hay algunas de las causas m\u00e1s comunes:<\/p>\n<ul>\n<li><strong>Cambios hormonales:<\/strong> Durante la pubertad, el cuerpo produce m\u00e1s andr\u00f3genos, que son hormonas que estimulan las gl\u00e1ndulas seb\u00e1ceas en la piel. Esto puede causar un exceso de producci\u00f3n de aceite en la piel, lo que puede conducir al acn\u00e9.<\/li>\n<li><strong>Productos para el cuidado de la piel:<\/strong> Algunos productos para el cuidado de la piel pueden obstruir los poros y causar acn\u00e9. Aseg\u00farate de usar productos etiquetados como no comedog\u00e9nicos o libres de aceite.<\/li>\n<li><strong>Gen\u00e9tica:<\/strong> Si alguien en tu familia ha tenido acn\u00e9, tienes m\u00e1s probabilidades de desarrollarlo tambi\u00e9n.<\/li>\n<li><strong>Estr\u00e9s:<\/strong> El estr\u00e9s puede causar un aumento en la producci\u00f3n de hormonas, lo que puede provocar acn\u00e9.<\/li>\n<li><strong>Dietas poco saludables:<\/strong> Una dieta alta en grasas y alimentos procesados puede aumentar la producci\u00f3n de aceite en la piel y causar acn\u00e9.<\/li>\n<\/ul>\n<\/section>\n<section>\n<h2><span class=\"ez-toc-section\" id=\"Prevenir_y_tratar_los_granos_en_la_cara\"><\/span>Prevenir y tratar los granos en la cara<span class=\"ez-toc-section-end\"><\/span><\/h2>\n<p>Hay varias cosas que puedes hacer para prevenir y tratar el acn\u00e9 en tu cara:<\/p>\n<ul>\n<li><strong>Mant\u00e9n tu piel limpia:<\/strong> Lava tu cara dos veces al d\u00eda con un limpiador suave y agua tibia.<\/li>\n<li><strong>Usa productos para el cuidado de la piel adecuados:<\/strong> Busca productos etiquetados como no comedog\u00e9nicos o libres de aceite. Evita usar demasiados productos para el cuidado de la piel, ya que esto puede irritar tu piel y causar acn\u00e9.<\/li>\n<li><strong>Evita tocarte la cara:<\/strong> Tocar tu cara puede transferir bacterias y aceite a tu piel y provocar acn\u00e9.<\/li>\n<li><strong>Mant\u00e9n una dieta saludable:<\/strong> Come una dieta equilibrada y saludable con muchas frutas, verduras y prote\u00ednas magras.<\/li>\n<li><strong>Reduce el estr\u00e9s:<\/strong> Encuentra formas de reducir el estr\u00e9s en tu vida, como hacer ejercicio, meditar o practicar yoga.<\/li>\n<li><strong>Consulta a un dermat\u00f3logo:<\/strong> Si tu acn\u00e9 es grave o no mejora con los tratamientos en el hogar, es posible que debas consultar a un dermat\u00f3logo para obtener tratamiento m\u00e9dico.<\/li>\n<\/ul>\n<\/section>\n<section>\n<h2><span class=\"ez-toc-section\" id=\"Preguntas_frecuentes\"><\/span>Preguntas frecuentes<span class=\"ez-toc-section-end\"><\/span><\/h2>\n<h3><span class=\"ez-toc-section\" id=\"%C2%BFEs_cierto_que_el_sol_puede_curar_el_acne\"><\/span>\u00bfEs cierto que el sol puede curar el acn\u00e9?<span class=\"ez-toc-section-end\"><\/span><\/h3>\n<p>No, eso es un mito. Si bien el sol puede hacer que el acn\u00e9 parezca menos visible temporalmente, tambi\u00e9n puede empeorar el acn\u00e9 a largo plazo al irritar la piel y aumentar el riesgo de c\u00e1ncer de piel.<\/p>\n<h3><span class=\"ez-toc-section\" id=\"%C2%BFLos_alimentos_grasos_causan_acne\"><\/span>\u00bfLos alimentos grasos causan acn\u00e9?<span class=\"ez-toc-section-end\"><\/span><\/h3>\n<p>Hay evidencia que sugiere que una dieta alta en grasas y alimentos procesados puede aumentar la producci\u00f3n de aceite en la piel y provocar acn\u00e9. Sin embargo, no es tan simple como decir que todos los alimentos grasos causan acn\u00e9. Es importante comer una dieta equilibrada y saludable en general.<\/p>\n<h3><span class=\"ez-toc-section\" id=\"%C2%BFDebo_exprimir_los_granos_en_mi_cara\"><\/span>\u00bfDebo exprimir los granos en mi cara?<span class=\"ez-toc-section-end\"><\/span><\/h3>\n<p>No, nunca debes exprimir los granos en tu cara. Esto puede empeorar el acn\u00e9 al propagar bacterias y causar inflamaci\u00f3n y cicatrices.<\/p>\n<\/section>\n<footer>\n<p>\u00a9 2023 Ana Gonz\u00e1lez &#8211; Todos los derechos reservados.<\/p>\n<\/footer>\n","protected":false},"excerpt":{"rendered":"<p>Zonas de granos en la cara y causas Curiosidades El acn\u00e9 es una de las afecciones de la piel m\u00e1s comunes en todo el mundo. El acn\u00e9 afecta a personas de todas las edades, aunque es m\u00e1s com\u00fan en adolescentes y j\u00f3venes adultos. El acn\u00e9 puede aparecer en diferentes partes del cuerpo, incluyendo la cara, &#8230; <a title=\"Zonas de granos en la cara y causas\" class=\"read-more\" href=\"https:\/\/dudasytextos.com\/causasde\/zonas-de-granos-en-la-cara-y-causas\/\" aria-label=\"M\u00e1s en Zonas de granos en la cara y causas\">Leer m\u00e1s<\/a><\/p>\n","protected":false},"author":1,"featured_media":0,"comment_status":"open","ping_status":"open","sticky":false,"template":"","format":"standard","meta":{"footnotes":""},"categories":[4],"tags":[],"class_list":["post-161363","post","type-post","status-publish","format-standard","hentry","category-conoce-las-causas"],"aioseo_notices":[],"aioseo_head":"\n\t\t<!-- All in One SEO 5.0.1.1 - aioseo.com -->\n\t<meta name=\"description\" content=\"Zonas de granos en la cara y causas Curiosidades El acn\u00e9 es una de las afecciones de la piel m\u00e1s comunes en todo el mundo. El acn\u00e9 afecta a personas de todas las edades, aunque es m\u00e1s com\u00fan en adolescentes y j\u00f3venes adultos. El acn\u00e9 puede aparecer en diferentes partes del cuerpo, incluyendo la cara,\" \/>\n\t<meta name=\"robots\" content=\"max-snippet:-1, max-image-preview:large, max-video-preview:-1\" \/>\n\t<meta name=\"author\" content=\"Ana Gonz\u00e1lez\"\/>\n\t<link rel=\"canonical\" href=\"https:\/\/dudasytextos.com\/causasde\/zonas-de-granos-en-la-cara-y-causas\/\" \/>\n\t<meta name=\"generator\" content=\"All in One SEO (AIOSEO) 5.0.1.1\" \/>\n\n\t\t<!-- Google tag (gtag.js) -->\n<script async src=\"https:\/\/www.googletagmanager.com\/gtag\/js?id=G-1RZBHH3Z7E\"><\/script>\n<script>\n  window.dataLayer = window.dataLayer || [];\n  function gtag(){dataLayer.push(arguments);}\n  gtag('js', new Date());\n\n  gtag('config', 'G-1RZBHH3Z7E');\n<\/script>\n<script async src=\"https:\/\/pagead2.googlesyndication.com\/pagead\/js\/adsbygoogle.js?client=ca-pub-3987500858204711\"\n     crossorigin=\"anonymous\"><\/script>\n\t\t<meta property=\"og:locale\" content=\"es_ES\" \/>\n\t\t<meta property=\"og:site_name\" content=\"Conoce las causas - Conoce las causas\" \/>\n\t\t<meta property=\"og:type\" content=\"article\" \/>\n\t\t<meta property=\"og:title\" content=\"Zonas de granos en la cara y causas (2026) Conoce las causas\" \/>\n\t\t<meta property=\"og:description\" content=\"Zonas de granos en la cara y causas Curiosidades El acn\u00e9 es una de las afecciones de la piel m\u00e1s comunes en todo el mundo. El acn\u00e9 afecta a personas de todas las edades, aunque es m\u00e1s com\u00fan en adolescentes y j\u00f3venes adultos. El acn\u00e9 puede aparecer en diferentes partes del cuerpo, incluyendo la cara,\" \/>\n\t\t<meta property=\"og:url\" content=\"https:\/\/dudasytextos.com\/causasde\/zonas-de-granos-en-la-cara-y-causas\/\" \/>\n\t\t<meta property=\"article:published_time\" content=\"2025-02-28T08:33:03+00:00\" \/>\n\t\t<meta property=\"article:modified_time\" content=\"2025-03-13T06:59:29+00:00\" \/>\n\t\t<meta name=\"twitter:card\" content=\"summary_large_image\" \/>\n\t\t<meta name=\"twitter:title\" content=\"Zonas de granos en la cara y causas (2026) Conoce las causas\" \/>\n\t\t<meta name=\"twitter:description\" content=\"Zonas de granos en la cara y causas Curiosidades El acn\u00e9 es una de las afecciones de la piel m\u00e1s comunes en todo el mundo. El acn\u00e9 afecta a personas de todas las edades, aunque es m\u00e1s com\u00fan en adolescentes y j\u00f3venes adultos. El acn\u00e9 puede aparecer en diferentes partes del cuerpo, incluyendo la cara,\" \/>\n\t\t<script type=\"application\/ld+json\" class=\"aioseo-schema\">\n\t\t\t{\"@context\":\"https:\\\/\\\/schema.org\",\"@graph\":[{\"@type\":\"BlogPosting\",\"@id\":\"https:\\\/\\\/dudasytextos.com\\\/causasde\\\/zonas-de-granos-en-la-cara-y-causas\\\/#blogposting\",\"name\":\"Zonas de granos en la cara y causas (2026) Conoce las causas\",\"headline\":\"Zonas de granos en la cara y causas\",\"author\":{\"@id\":\"https:\\\/\\\/dudasytextos.com\\\/causasde\\\/author\\\/admin44\\\/#author\"},\"publisher\":{\"@id\":\"https:\\\/\\\/dudasytextos.com\\\/causasde\\\/#organization\"},\"datePublished\":\"2025-02-28T08:33:03+00:00\",\"dateModified\":\"2025-03-13T06:59:29+00:00\",\"inLanguage\":\"es-ES\",\"mainEntityOfPage\":{\"@id\":\"https:\\\/\\\/dudasytextos.com\\\/causasde\\\/zonas-de-granos-en-la-cara-y-causas\\\/#webpage\"},\"isPartOf\":{\"@id\":\"https:\\\/\\\/dudasytextos.com\\\/causasde\\\/zonas-de-granos-en-la-cara-y-causas\\\/#webpage\"},\"articleSection\":\"Conoce las causas\"},{\"@type\":\"BreadcrumbList\",\"@id\":\"https:\\\/\\\/dudasytextos.com\\\/causasde\\\/zonas-de-granos-en-la-cara-y-causas\\\/#breadcrumblist\",\"itemListElement\":[{\"@type\":\"ListItem\",\"@id\":\"https:\\\/\\\/dudasytextos.com\\\/causasde#listItem\",\"position\":1,\"name\":\"Inicio\",\"item\":\"https:\\\/\\\/dudasytextos.com\\\/causasde\",\"nextItem\":{\"@type\":\"ListItem\",\"@id\":\"https:\\\/\\\/dudasytextos.com\\\/causasde\\\/category\\\/conoce-las-causas\\\/#listItem\",\"name\":\"Conoce las causas\"}},{\"@type\":\"ListItem\",\"@id\":\"https:\\\/\\\/dudasytextos.com\\\/causasde\\\/category\\\/conoce-las-causas\\\/#listItem\",\"position\":2,\"name\":\"Conoce las causas\",\"item\":\"https:\\\/\\\/dudasytextos.com\\\/causasde\\\/category\\\/conoce-las-causas\\\/\",\"nextItem\":{\"@type\":\"ListItem\",\"@id\":\"https:\\\/\\\/dudasytextos.com\\\/causasde\\\/zonas-de-granos-en-la-cara-y-causas\\\/#listItem\",\"name\":\"Zonas de granos en la cara y causas\"},\"previousItem\":{\"@type\":\"ListItem\",\"@id\":\"https:\\\/\\\/dudasytextos.com\\\/causasde#listItem\",\"name\":\"Inicio\"}},{\"@type\":\"ListItem\",\"@id\":\"https:\\\/\\\/dudasytextos.com\\\/causasde\\\/zonas-de-granos-en-la-cara-y-causas\\\/#listItem\",\"position\":3,\"name\":\"Zonas de granos en la cara y causas\",\"previousItem\":{\"@type\":\"ListItem\",\"@id\":\"https:\\\/\\\/dudasytextos.com\\\/causasde\\\/category\\\/conoce-las-causas\\\/#listItem\",\"name\":\"Conoce las causas\"}}]},{\"@type\":\"Organization\",\"@id\":\"https:\\\/\\\/dudasytextos.com\\\/causasde\\\/#organization\",\"name\":\"\\u00bfC\\u00f3mo funciona?\",\"description\":\"Conoce las causas\",\"url\":\"https:\\\/\\\/dudasytextos.com\\\/causasde\\\/\"},{\"@type\":\"Person\",\"@id\":\"https:\\\/\\\/dudasytextos.com\\\/causasde\\\/author\\\/admin44\\\/#author\",\"url\":\"https:\\\/\\\/dudasytextos.com\\\/causasde\\\/author\\\/admin44\\\/\",\"name\":\"Ana Gonz\\u00e1lez\"},{\"@type\":\"WebPage\",\"@id\":\"https:\\\/\\\/dudasytextos.com\\\/causasde\\\/zonas-de-granos-en-la-cara-y-causas\\\/#webpage\",\"url\":\"https:\\\/\\\/dudasytextos.com\\\/causasde\\\/zonas-de-granos-en-la-cara-y-causas\\\/\",\"name\":\"Zonas de granos en la cara y causas (2026) Conoce las causas\",\"description\":\"Zonas de granos en la cara y causas Curiosidades El acn\\u00e9 es una de las afecciones de la piel m\\u00e1s comunes en todo el mundo. El acn\\u00e9 afecta a personas de todas las edades, aunque es m\\u00e1s com\\u00fan en adolescentes y j\\u00f3venes adultos. El acn\\u00e9 puede aparecer en diferentes partes del cuerpo, incluyendo la cara,\",\"inLanguage\":\"es-ES\",\"isPartOf\":{\"@id\":\"https:\\\/\\\/dudasytextos.com\\\/causasde\\\/#website\"},\"breadcrumb\":{\"@id\":\"https:\\\/\\\/dudasytextos.com\\\/causasde\\\/zonas-de-granos-en-la-cara-y-causas\\\/#breadcrumblist\"},\"author\":{\"@id\":\"https:\\\/\\\/dudasytextos.com\\\/causasde\\\/author\\\/admin44\\\/#author\"},\"creator\":{\"@id\":\"https:\\\/\\\/dudasytextos.com\\\/causasde\\\/author\\\/admin44\\\/#author\"},\"datePublished\":\"2025-02-28T08:33:03+00:00\",\"dateModified\":\"2025-03-13T06:59:29+00:00\"},{\"@type\":\"WebSite\",\"@id\":\"https:\\\/\\\/dudasytextos.com\\\/causasde\\\/#website\",\"url\":\"https:\\\/\\\/dudasytextos.com\\\/causasde\\\/\",\"name\":\"\\u00bfC\\u00f3mo funciona?\",\"description\":\"Conoce las causas\",\"inLanguage\":\"es-ES\",\"publisher\":{\"@id\":\"https:\\\/\\\/dudasytextos.com\\\/causasde\\\/#organization\"}}]}\n\t\t<\/script>\n\t\t<!-- All in One SEO -->\n\n","aioseo_head_json":{"title":"Zonas de granos en la cara y causas (2026) Conoce las causas","description":"Zonas de granos en la cara y causas Curiosidades El acn\u00e9 es una de las afecciones de la piel m\u00e1s comunes en todo el mundo. El acn\u00e9 afecta a personas de todas las edades, aunque es m\u00e1s com\u00fan en adolescentes y j\u00f3venes adultos. El acn\u00e9 puede aparecer en diferentes partes del cuerpo, incluyendo la cara,","canonical_url":"https:\/\/dudasytextos.com\/causasde\/zonas-de-granos-en-la-cara-y-causas\/","robots":"max-snippet:-1, max-image-preview:large, max-video-preview:-1","keywords":"","webmasterTools":{"miscellaneous":"&lt;!-- Google tag (gtag.js) --&gt;\n&lt;script async src=\"https:\/\/www.googletagmanager.com\/gtag\/js?id=G-1RZBHH3Z7E\"&gt;&lt;\/script&gt;\n&lt;script&gt;\n  window.dataLayer = window.dataLayer || [];\n  function gtag(){dataLayer.push(arguments);}\n  gtag('js', new Date());\n\n  gtag('config', 'G-1RZBHH3Z7E');\n&lt;\/script&gt;\n&lt;script async src=\"https:\/\/pagead2.googlesyndication.com\/pagead\/js\/adsbygoogle.js?client=ca-pub-3987500858204711\"\n     crossorigin=\"anonymous\"&gt;&lt;\/script&gt;"},"schema":{"@context":"https:\/\/schema.org","@graph":[{"@type":"BlogPosting","@id":"https:\/\/dudasytextos.com\/causasde\/zonas-de-granos-en-la-cara-y-causas\/#blogposting","name":"Zonas de granos en la cara y causas (2026) Conoce las causas","headline":"Zonas de granos en la cara y causas","author":{"@id":"https:\/\/dudasytextos.com\/causasde\/author\/admin44\/#author"},"publisher":{"@id":"https:\/\/dudasytextos.com\/causasde\/#organization"},"datePublished":"2025-02-28T08:33:03+00:00","dateModified":"2025-03-13T06:59:29+00:00","inLanguage":"es-ES","mainEntityOfPage":{"@id":"https:\/\/dudasytextos.com\/causasde\/zonas-de-granos-en-la-cara-y-causas\/#webpage"},"isPartOf":{"@id":"https:\/\/dudasytextos.com\/causasde\/zonas-de-granos-en-la-cara-y-causas\/#webpage"},"articleSection":"Conoce las causas"},{"@type":"BreadcrumbList","@id":"https:\/\/dudasytextos.com\/causasde\/zonas-de-granos-en-la-cara-y-causas\/#breadcrumblist","itemListElement":[{"@type":"ListItem","@id":"https:\/\/dudasytextos.com\/causasde#listItem","position":1,"name":"Inicio","item":"https:\/\/dudasytextos.com\/causasde","nextItem":{"@type":"ListItem","@id":"https:\/\/dudasytextos.com\/causasde\/category\/conoce-las-causas\/#listItem","name":"Conoce las causas"}},{"@type":"ListItem","@id":"https:\/\/dudasytextos.com\/causasde\/category\/conoce-las-causas\/#listItem","position":2,"name":"Conoce las causas","item":"https:\/\/dudasytextos.com\/causasde\/category\/conoce-las-causas\/","nextItem":{"@type":"ListItem","@id":"https:\/\/dudasytextos.com\/causasde\/zonas-de-granos-en-la-cara-y-causas\/#listItem","name":"Zonas de granos en la cara y causas"},"previousItem":{"@type":"ListItem","@id":"https:\/\/dudasytextos.com\/causasde#listItem","name":"Inicio"}},{"@type":"ListItem","@id":"https:\/\/dudasytextos.com\/causasde\/zonas-de-granos-en-la-cara-y-causas\/#listItem","position":3,"name":"Zonas de granos en la cara y causas","previousItem":{"@type":"ListItem","@id":"https:\/\/dudasytextos.com\/causasde\/category\/conoce-las-causas\/#listItem","name":"Conoce las causas"}}]},{"@type":"Organization","@id":"https:\/\/dudasytextos.com\/causasde\/#organization","name":"\u00bfC\u00f3mo funciona?","description":"Conoce las causas","url":"https:\/\/dudasytextos.com\/causasde\/"},{"@type":"Person","@id":"https:\/\/dudasytextos.com\/causasde\/author\/admin44\/#author","url":"https:\/\/dudasytextos.com\/causasde\/author\/admin44\/","name":"Ana Gonz\u00e1lez"},{"@type":"WebPage","@id":"https:\/\/dudasytextos.com\/causasde\/zonas-de-granos-en-la-cara-y-causas\/#webpage","url":"https:\/\/dudasytextos.com\/causasde\/zonas-de-granos-en-la-cara-y-causas\/","name":"Zonas de granos en la cara y causas (2026) Conoce las causas","description":"Zonas de granos en la cara y causas Curiosidades El acn\u00e9 es una de las afecciones de la piel m\u00e1s comunes en todo el mundo. El acn\u00e9 afecta a personas de todas las edades, aunque es m\u00e1s com\u00fan en adolescentes y j\u00f3venes adultos. El acn\u00e9 puede aparecer en diferentes partes del cuerpo, incluyendo la cara,","inLanguage":"es-ES","isPartOf":{"@id":"https:\/\/dudasytextos.com\/causasde\/#website"},"breadcrumb":{"@id":"https:\/\/dudasytextos.com\/causasde\/zonas-de-granos-en-la-cara-y-causas\/#breadcrumblist"},"author":{"@id":"https:\/\/dudasytextos.com\/causasde\/author\/admin44\/#author"},"creator":{"@id":"https:\/\/dudasytextos.com\/causasde\/author\/admin44\/#author"},"datePublished":"2025-02-28T08:33:03+00:00","dateModified":"2025-03-13T06:59:29+00:00"},{"@type":"WebSite","@id":"https:\/\/dudasytextos.com\/causasde\/#website","url":"https:\/\/dudasytextos.com\/causasde\/","name":"\u00bfC\u00f3mo funciona?","description":"Conoce las causas","inLanguage":"es-ES","publisher":{"@id":"https:\/\/dudasytextos.com\/causasde\/#organization"}}]},"og:locale":"es_ES","og:site_name":"Conoce las causas - Conoce las causas","og:type":"article","og:title":"Zonas de granos en la cara y causas (2026) Conoce las causas","og:description":"Zonas de granos en la cara y causas Curiosidades El acn\u00e9 es una de las afecciones de la piel m\u00e1s comunes en todo el mundo. El acn\u00e9 afecta a personas de todas las edades, aunque es m\u00e1s com\u00fan en adolescentes y j\u00f3venes adultos. El acn\u00e9 puede aparecer en diferentes partes del cuerpo, incluyendo la cara,","og:url":"https:\/\/dudasytextos.com\/causasde\/zonas-de-granos-en-la-cara-y-causas\/","article:published_time":"2025-02-28T08:33:03+00:00","article:modified_time":"2025-03-13T06:59:29+00:00","twitter:card":"summary_large_image","twitter:title":"Zonas de granos en la cara y causas (2026) Conoce las causas","twitter:description":"Zonas de granos en la cara y causas Curiosidades El acn\u00e9 es una de las afecciones de la piel m\u00e1s comunes en todo el mundo. El acn\u00e9 afecta a personas de todas las edades, aunque es m\u00e1s com\u00fan en adolescentes y j\u00f3venes adultos. El acn\u00e9 puede aparecer en diferentes partes del cuerpo, incluyendo la cara,"},"aioseo_meta_data":{"post_id":"161363","title":null,"description":null,"keywords":null,"keyphrases":null,"primary_term":null,"canonical_url":null,"og_title":null,"og_description":null,"og_object_type":"default","og_image_type":"default","og_image_url":null,"og_image_width":null,"og_image_height":null,"og_image_custom_url":null,"og_image_custom_fields":null,"og_video":null,"og_custom_url":null,"og_article_section":null,"og_article_tags":null,"twitter_use_og":false,"twitter_card":"default","twitter_image_type":"default","twitter_image_url":null,"twitter_image_custom_url":null,"twitter_image_custom_fields":null,"twitter_title":null,"twitter_description":null,"schema":{"blockGraphs":[],"customGraphs":[],"default":{"data":{"Article":[],"Course":[],"Dataset":[],"FAQPage":[],"Movie":[],"Person":[],"Product":[],"ProductReview":[],"Car":[],"Recipe":[],"Service":[],"SoftwareApplication":[],"WebPage":[]},"graphName":"","isEnabled":true},"graphs":[]},"schema_type":"default","schema_type_options":null,"pillar_content":false,"robots_default":true,"robots_noindex":false,"robots_noarchive":false,"robots_nosnippet":false,"robots_nofollow":false,"robots_noimageindex":false,"robots_noodp":false,"robots_notranslate":false,"robots_max_snippet":null,"robots_max_videopreview":null,"robots_max_imagepreview":"large","priority":null,"frequency":null,"local_seo":null,"breadcrumb_settings":null,"limit_modified_date":false,"ai":null,"created":"2023-05-12 19:42:03","updated":"2025-06-04 05:20:11","seo_analyzer_scan_date":null,"focus_keyword":null,"additional_keywords":null,"truseo_locale":null},"aioseo_breadcrumb":"<div class=\"aioseo-breadcrumbs\"><span class=\"aioseo-breadcrumb\">\n\t\t\t<a href=\"https:\/\/dudasytextos.com\/causasde\" title=\"Inicio\">Inicio<\/a>\n\t\t<\/span><span class=\"aioseo-breadcrumb-separator\">&raquo;<\/span><span class=\"aioseo-breadcrumb\">\n\t\t\t<a href=\"https:\/\/dudasytextos.com\/causasde\/category\/conoce-las-causas\/\" title=\"Conoce las causas\">Conoce las causas<\/a>\n\t\t<\/span><span class=\"aioseo-breadcrumb-separator\">&raquo;<\/span><span class=\"aioseo-breadcrumb\">\n\t\t\tZonas de granos en la cara y causas\n\t\t<\/span><\/div>","aioseo_breadcrumb_json":[{"label":"Inicio","link":"https:\/\/dudasytextos.com\/causasde"},{"label":"Conoce las causas","link":"https:\/\/dudasytextos.com\/causasde\/category\/conoce-las-causas\/"},{"label":"Zonas de granos en la cara y causas","link":"https:\/\/dudasytextos.com\/causasde\/zonas-de-granos-en-la-cara-y-causas\/"}],"_links":{"self":[{"href":"https:\/\/dudasytextos.com\/causasde\/wp-json\/wp\/v2\/posts\/161363","targetHints":{"allow":["GET"]}}],"collection":[{"href":"https:\/\/dudasytextos.com\/causasde\/wp-json\/wp\/v2\/posts"}],"about":[{"href":"https:\/\/dudasytextos.com\/causasde\/wp-json\/wp\/v2\/types\/post"}],"author":[{"embeddable":true,"href":"https:\/\/dudasytextos.com\/causasde\/wp-json\/wp\/v2\/users\/1"}],"replies":[{"embeddable":true,"href":"https:\/\/dudasytextos.com\/causasde\/wp-json\/wp\/v2\/comments?post=161363"}],"version-history":[{"count":1,"href":"https:\/\/dudasytextos.com\/causasde\/wp-json\/wp\/v2\/posts\/161363\/revisions"}],"predecessor-version":[{"id":167216,"href":"https:\/\/dudasytextos.com\/causasde\/wp-json\/wp\/v2\/posts\/161363\/revisions\/167216"}],"wp:attachment":[{"href":"https:\/\/dudasytextos.com\/causasde\/wp-json\/wp\/v2\/media?parent=161363"}],"wp:term":[{"taxonomy":"category","embeddable":true,"href":"https:\/\/dudasytextos.com\/causasde\/wp-json\/wp\/v2\/categories?post=161363"},{"taxonomy":"post_tag","embeddable":true,"href":"https:\/\/dudasytextos.com\/causasde\/wp-json\/wp\/v2\/tags?post=161363"}],"curies":[{"name":"wp","href":"https:\/\/api.w.org\/{rel}","templated":true}]}}