{"id":161528,"date":"2025-03-13T08:06:01","date_gmt":"2025-03-13T08:06:01","guid":{"rendered":"https:\/\/educacion.cc\/?p=161528"},"modified":"2025-03-13T09:01:12","modified_gmt":"2025-03-13T09:01:12","slug":"causas-de-la-pobreza-infantil-en-espana","status":"publish","type":"post","link":"https:\/\/dudasytextos.com\/causasde\/causas-de-la-pobreza-infantil-en-espana\/","title":{"rendered":"Causas de la pobreza infantil en espa\u00f1a"},"content":{"rendered":"<div id=\"ez-toc-container\" class=\"ez-toc-v2_0_87 counter-hierarchy ez-toc-counter ez-toc-custom ez-toc-container-direction\">\n<div class=\"ez-toc-title-container\">\n<span class=\"ez-toc-title-toggle\"><\/span><\/div>\n<nav><ul class='ez-toc-list ez-toc-list-level-1 ' ><li class='ez-toc-page-1 ez-toc-heading-level-2'><a class=\"ez-toc-link ez-toc-heading-1\" href=\"https:\/\/dudasytextos.com\/causasde\/causas-de-la-pobreza-infantil-en-espana\/#Mi_experiencia_personal_con_la_pobreza_infantil_en_Espana\" >Mi experiencia personal con la pobreza infantil en Espa\u00f1a<\/a><\/li><li class='ez-toc-page-1 ez-toc-heading-level-2'><a class=\"ez-toc-link ez-toc-heading-2\" href=\"https:\/\/dudasytextos.com\/causasde\/causas-de-la-pobreza-infantil-en-espana\/#Curiosidades_sobre_la_pobreza_infantil_en_Espana\" >Curiosidades sobre la pobreza infantil en Espa\u00f1a<\/a><\/li><li class='ez-toc-page-1 ez-toc-heading-level-2'><a class=\"ez-toc-link ez-toc-heading-3\" href=\"https:\/\/dudasytextos.com\/causasde\/causas-de-la-pobreza-infantil-en-espana\/#Causas_de_la_pobreza_infantil_en_Espana\" >Causas de la pobreza infantil en Espa\u00f1a<\/a><\/li><li class='ez-toc-page-1 ez-toc-heading-level-2'><a class=\"ez-toc-link ez-toc-heading-4\" href=\"https:\/\/dudasytextos.com\/causasde\/causas-de-la-pobreza-infantil-en-espana\/#Mi_experiencia_personal_con_la_pobreza_infantil\" >Mi experiencia personal con la pobreza infantil<\/a><\/li><li class='ez-toc-page-1 ez-toc-heading-level-2'><a class=\"ez-toc-link ez-toc-heading-5\" href=\"https:\/\/dudasytextos.com\/causasde\/causas-de-la-pobreza-infantil-en-espana\/#%C2%BFComo_podemos_abordar_la_pobreza_infantil_en_Espana\" >\u00bfC\u00f3mo podemos abordar la pobreza infantil en Espa\u00f1a?<\/a><\/li><li class='ez-toc-page-1 ez-toc-heading-level-2'><a class=\"ez-toc-link ez-toc-heading-6\" href=\"https:\/\/dudasytextos.com\/causasde\/causas-de-la-pobreza-infantil-en-espana\/#Preguntas_frecuentes_sobre_la_pobreza_infantil_en_Espana\" >Preguntas frecuentes sobre la pobreza infantil en Espa\u00f1a<\/a><ul class='ez-toc-list-level-3' ><li class='ez-toc-heading-level-3'><a class=\"ez-toc-link ez-toc-heading-7\" href=\"https:\/\/dudasytextos.com\/causasde\/causas-de-la-pobreza-infantil-en-espana\/#%C2%BFCual_es_el_impacto_de_la_pobreza_infantil_en_el_desarrollo_de_los_ninos\" >\u00bfCu\u00e1l es el impacto de la pobreza infantil en el desarrollo de los ni\u00f1os?<\/a><\/li><li class='ez-toc-page-1 ez-toc-heading-level-3'><a class=\"ez-toc-link ez-toc-heading-8\" href=\"https:\/\/dudasytextos.com\/causasde\/causas-de-la-pobreza-infantil-en-espana\/#%C2%BFPor_que_la_pobreza_infantil_es_un_problema_en_Espana\" >\u00bfPor qu\u00e9 la pobreza infantil es un problema en Espa\u00f1a?<\/a><\/li><li class='ez-toc-page-1 ez-toc-heading-level-3'><a class=\"ez-toc-link ez-toc-heading-9\" href=\"https:\/\/dudasytextos.com\/causasde\/causas-de-la-pobreza-infantil-en-espana\/#%C2%BFQue_pueden_hacer_las_personas_para_ayudar_a_abordar_la_pobreza_infantil_en_Espana\" >\u00bfQu\u00e9 pueden hacer las personas para ayudar a abordar la pobreza infantil en Espa\u00f1a?<\/a><\/li><\/ul><\/li><\/ul><\/nav><\/div>\n<h2><span class=\"ez-toc-section\" id=\"Mi_experiencia_personal_con_la_pobreza_infantil_en_Espana\"><\/span>Mi experiencia personal con la pobreza infantil en Espa\u00f1a<span class=\"ez-toc-section-end\"><\/span><\/h2>\n<p>Hola, mi nombre es Ana y quiero compartir mi experiencia personal con la pobreza infantil en Espa\u00f1a. Como madre soltera de dos ni\u00f1os peque\u00f1os, he tenido que enfrentar muchas dificultades econ\u00f3micas y sociales. A trav\u00e9s de mi experiencia, he aprendido mucho sobre las causas de la pobreza infantil en Espa\u00f1a y c\u00f3mo podemos abordar este problema de manera efectiva.<\/p>\n<section>\n<h2><span class=\"ez-toc-section\" id=\"Curiosidades_sobre_la_pobreza_infantil_en_Espana\"><\/span>Curiosidades sobre la pobreza infantil en Espa\u00f1a<span class=\"ez-toc-section-end\"><\/span><\/h2>\n<ul>\n<li>Uno de cada tres ni\u00f1os en Espa\u00f1a est\u00e1 en riesgo de pobreza o exclusi\u00f3n social.<\/li>\n<li>El nivel de pobreza infantil en Espa\u00f1a es el segundo m\u00e1s alto de la Uni\u00f3n Europea, solo por detr\u00e1s de Ruman\u00eda.<\/li>\n<li>La pobreza infantil tiene un impacto negativo en el desarrollo f\u00edsico, emocional y educativo de los ni\u00f1os.<\/li>\n<\/ul>\n<\/section>\n<section>\n<h2><span class=\"ez-toc-section\" id=\"Causas_de_la_pobreza_infantil_en_Espana\"><\/span>Causas de la pobreza infantil en Espa\u00f1a<span class=\"ez-toc-section-end\"><\/span><\/h2>\n<p>La pobreza infantil en Espa\u00f1a tiene m\u00faltiples causas, incluyendo:<\/p>\n<ul>\n<li><strong>Desempleo:<\/strong> El desempleo es una de las principales causas de la pobreza infantil en Espa\u00f1a. Muchas familias luchan para llegar a fin de mes debido a la falta de trabajo o a trabajos mal remunerados.<\/li>\n<li><strong>Bajos salarios:<\/strong> A pesar de tener trabajo, muchos padres y madres solteras ganan salarios bajos que no les permiten cubrir los gastos b\u00e1sicos de sus hijos.<\/li>\n<li><strong>Familias monoparentales:<\/strong> Las familias monoparentales, especialmente las encabezadas por mujeres, tienen un mayor riesgo de pobreza infantil debido a la falta de apoyo financiero y social.<\/li>\n<li><strong>Problemas de vivienda:<\/strong> La falta de vivienda adecuada y asequible es otro factor que contribuye a la pobreza infantil en Espa\u00f1a.<\/li>\n<li><strong>Pol\u00edticas gubernamentales inadecuadas:<\/strong> La falta de pol\u00edticas gubernamentales efectivas para abordar la pobreza infantil y la desigualdad econ\u00f3mica tambi\u00e9n contribuyen a este problema.<\/li>\n<\/ul>\n<\/section>\n<section>\n<h2><span class=\"ez-toc-section\" id=\"Mi_experiencia_personal_con_la_pobreza_infantil\"><\/span>Mi experiencia personal con la pobreza infantil<span class=\"ez-toc-section-end\"><\/span><\/h2>\n<p>Hace unos a\u00f1os, perd\u00ed mi trabajo y me encontr\u00e9 luchando para mantener a mis dos hijos peque\u00f1os. A pesar de mi b\u00fasqueda constante de empleo, no pude encontrar trabajo durante varios meses. Durante ese tiempo, tuve que recurrir a la ayuda de familiares y amigos para cubrir los gastos b\u00e1sicos de mis hijos, incluyendo la comida y la ropa. Fue una situaci\u00f3n muy dif\u00edcil y estresante, y me hizo darme cuenta de cu\u00e1ntas familias est\u00e1n luchando con la pobreza infantil en Espa\u00f1a.<\/p>\n<\/section>\n<section>\n<h2><span class=\"ez-toc-section\" id=\"%C2%BFComo_podemos_abordar_la_pobreza_infantil_en_Espana\"><\/span>\u00bfC\u00f3mo podemos abordar la pobreza infantil en Espa\u00f1a?<span class=\"ez-toc-section-end\"><\/span><\/h2>\n<p>Para abordar la pobreza infantil en Espa\u00f1a, necesitamos un enfoque integral que aborde las causas subyacentes del problema. Algunas de las posibles soluciones incluyen:<\/p>\n<ul>\n<li><strong>Mejoras en el mercado laboral:<\/strong> Es necesario crear empleos bien remunerados y estables que permitan a los padres y madres solteras cubrir los gastos b\u00e1sicos de sus hijos.<\/li>\n<li><strong>Pol\u00edticas de apoyo a las familias:<\/strong> Las pol\u00edticas gubernamentales pueden ayudar a las familias a superar la pobreza infantil a trav\u00e9s de programas de apoyo financiero y social, como la asistencia alimentaria y la vivienda asequible.<\/li>\n<li><strong>Educaci\u00f3n:<\/strong> La educaci\u00f3n es clave para romper el ciclo de pobreza. Es necesario invertir en programas educativos que permitan a los ni\u00f1os superar las barreras econ\u00f3micas y sociales.<\/li>\n<\/ul>\n<\/section>\n<section>\n<h2><span class=\"ez-toc-section\" id=\"Preguntas_frecuentes_sobre_la_pobreza_infantil_en_Espana\"><\/span>Preguntas frecuentes sobre la pobreza infantil en Espa\u00f1a<span class=\"ez-toc-section-end\"><\/span><\/h2>\n<h3><span class=\"ez-toc-section\" id=\"%C2%BFCual_es_el_impacto_de_la_pobreza_infantil_en_el_desarrollo_de_los_ninos\"><\/span>\u00bfCu\u00e1l es el impacto de la pobreza infantil en el desarrollo de los ni\u00f1os?<span class=\"ez-toc-section-end\"><\/span><\/h3>\n<p>La pobreza infantil puede tener un impacto negativo en el desarrollo f\u00edsico, emocional y educativo de los ni\u00f1os. Los ni\u00f1os que viven en la pobreza tienen un mayor riesgo de problemas de salud, retrasos en el desarrollo cognitivo y emocional, y un mayor riesgo de abandono escolar.<\/p>\n<h3><span class=\"ez-toc-section\" id=\"%C2%BFPor_que_la_pobreza_infantil_es_un_problema_en_Espana\"><\/span>\u00bfPor qu\u00e9 la pobreza infantil es un problema en Espa\u00f1a?<span class=\"ez-toc-section-end\"><\/span><\/h3>\n<p>La pobreza infantil es un problema en Espa\u00f1a debido al alto nivel de desempleo, bajos salarios, familias monoparentales y pol\u00edticas gubernamentales inadecuadas. Estos factores contribuyen a la desigualdad econ\u00f3mica y social que afecta a muchos ni\u00f1os y sus familias.<\/p>\n<h3><span class=\"ez-toc-section\" id=\"%C2%BFQue_pueden_hacer_las_personas_para_ayudar_a_abordar_la_pobreza_infantil_en_Espana\"><\/span>\u00bfQu\u00e9 pueden hacer las personas para ayudar a abordar la pobreza infantil en Espa\u00f1a?<span class=\"ez-toc-section-end\"><\/span><\/h3>\n<p>Las personas pueden ayudar a abordar la pobreza infantil en Espa\u00f1a a trav\u00e9s de la donaci\u00f3n de alimentos, ropa y juguetes a organizaciones ben\u00e9ficas locales. Tambi\u00e9n pueden apoyar pol\u00edticas gubernamentales que aborden las causas subyacentes de la pobreza infantil, como la creaci\u00f3n de empleos estables y bien remunerados y la implementaci\u00f3n de programas de apoyo social para las familias necesitadas.<\/p>\n<\/section>\n","protected":false},"excerpt":{"rendered":"<p>Mi experiencia personal con la pobreza infantil en Espa\u00f1a Hola, mi nombre es Ana y quiero compartir mi experiencia personal con la pobreza infantil en Espa\u00f1a. Como madre soltera de dos ni\u00f1os peque\u00f1os, he tenido que enfrentar muchas dificultades econ\u00f3micas y sociales. A trav\u00e9s de mi experiencia, he aprendido mucho sobre las causas de la &#8230; <a title=\"Causas de la pobreza infantil en espa\u00f1a\" class=\"read-more\" href=\"https:\/\/dudasytextos.com\/causasde\/causas-de-la-pobreza-infantil-en-espana\/\" aria-label=\"M\u00e1s en Causas de la pobreza infantil en espa\u00f1a\">Leer m\u00e1s<\/a><\/p>\n","protected":false},"author":1,"featured_media":0,"comment_status":"open","ping_status":"open","sticky":false,"template":"","format":"standard","meta":{"footnotes":""},"categories":[4,10],"tags":[],"class_list":["post-161528","post","type-post","status-publish","format-standard","hentry","category-conoce-las-causas","category-en-espana"],"aioseo_notices":[],"aioseo_head":"\n\t\t<!-- All in One SEO 5.0.1.1 - aioseo.com -->\n\t<meta name=\"description\" content=\"Mi experiencia personal con la pobreza infantil en Espa\u00f1a Hola, mi nombre es Ana y quiero compartir mi experiencia personal con la pobreza infantil en Espa\u00f1a. Como madre soltera de dos ni\u00f1os peque\u00f1os, he tenido que enfrentar muchas dificultades econ\u00f3micas y sociales. A trav\u00e9s de mi experiencia, he aprendido mucho sobre las causas de la\" \/>\n\t<meta name=\"robots\" content=\"max-snippet:-1, max-image-preview:large, max-video-preview:-1\" \/>\n\t<meta name=\"author\" content=\"Ana Gonz\u00e1lez\"\/>\n\t<link rel=\"canonical\" href=\"https:\/\/dudasytextos.com\/causasde\/causas-de-la-pobreza-infantil-en-espana\/\" \/>\n\t<meta name=\"generator\" content=\"All in One SEO (AIOSEO) 5.0.1.1\" \/>\n\n\t\t<!-- Google tag (gtag.js) -->\n<script async src=\"https:\/\/www.googletagmanager.com\/gtag\/js?id=G-1RZBHH3Z7E\"><\/script>\n<script>\n  window.dataLayer = window.dataLayer || [];\n  function gtag(){dataLayer.push(arguments);}\n  gtag('js', new Date());\n\n  gtag('config', 'G-1RZBHH3Z7E');\n<\/script>\n<script async src=\"https:\/\/pagead2.googlesyndication.com\/pagead\/js\/adsbygoogle.js?client=ca-pub-3987500858204711\"\n     crossorigin=\"anonymous\"><\/script>\n\t\t<meta property=\"og:locale\" content=\"es_ES\" \/>\n\t\t<meta property=\"og:site_name\" content=\"Conoce las causas - Conoce las causas\" \/>\n\t\t<meta property=\"og:type\" content=\"article\" \/>\n\t\t<meta property=\"og:title\" content=\"Causas de la pobreza infantil en espa\u00f1a (2026) Conoce las causas\" \/>\n\t\t<meta property=\"og:description\" content=\"Mi experiencia personal con la pobreza infantil en Espa\u00f1a Hola, mi nombre es Ana y quiero compartir mi experiencia personal con la pobreza infantil en Espa\u00f1a. Como madre soltera de dos ni\u00f1os peque\u00f1os, he tenido que enfrentar muchas dificultades econ\u00f3micas y sociales. A trav\u00e9s de mi experiencia, he aprendido mucho sobre las causas de la\" \/>\n\t\t<meta property=\"og:url\" content=\"https:\/\/dudasytextos.com\/causasde\/causas-de-la-pobreza-infantil-en-espana\/\" \/>\n\t\t<meta property=\"article:published_time\" content=\"2025-03-13T08:06:01+00:00\" \/>\n\t\t<meta property=\"article:modified_time\" content=\"2025-03-13T09:01:12+00:00\" \/>\n\t\t<meta name=\"twitter:card\" content=\"summary_large_image\" \/>\n\t\t<meta name=\"twitter:title\" content=\"Causas de la pobreza infantil en espa\u00f1a (2026) Conoce las causas\" \/>\n\t\t<meta name=\"twitter:description\" content=\"Mi experiencia personal con la pobreza infantil en Espa\u00f1a Hola, mi nombre es Ana y quiero compartir mi experiencia personal con la pobreza infantil en Espa\u00f1a. Como madre soltera de dos ni\u00f1os peque\u00f1os, he tenido que enfrentar muchas dificultades econ\u00f3micas y sociales. A trav\u00e9s de mi experiencia, he aprendido mucho sobre las causas de la\" \/>\n\t\t<script type=\"application\/ld+json\" class=\"aioseo-schema\">\n\t\t\t{\"@context\":\"https:\\\/\\\/schema.org\",\"@graph\":[{\"@type\":\"BlogPosting\",\"@id\":\"https:\\\/\\\/dudasytextos.com\\\/causasde\\\/causas-de-la-pobreza-infantil-en-espana\\\/#blogposting\",\"name\":\"Causas de la pobreza infantil en espa\\u00f1a (2026) Conoce las causas\",\"headline\":\"Causas de la pobreza infantil en espa\\u00f1a\",\"author\":{\"@id\":\"https:\\\/\\\/dudasytextos.com\\\/causasde\\\/author\\\/admin44\\\/#author\"},\"publisher\":{\"@id\":\"https:\\\/\\\/dudasytextos.com\\\/causasde\\\/#organization\"},\"datePublished\":\"2025-03-13T08:06:01+00:00\",\"dateModified\":\"2025-03-13T09:01:12+00:00\",\"inLanguage\":\"es-ES\",\"mainEntityOfPage\":{\"@id\":\"https:\\\/\\\/dudasytextos.com\\\/causasde\\\/causas-de-la-pobreza-infantil-en-espana\\\/#webpage\"},\"isPartOf\":{\"@id\":\"https:\\\/\\\/dudasytextos.com\\\/causasde\\\/causas-de-la-pobreza-infantil-en-espana\\\/#webpage\"},\"articleSection\":\"Conoce las causas, En Espa\\u00f1a\"},{\"@type\":\"BreadcrumbList\",\"@id\":\"https:\\\/\\\/dudasytextos.com\\\/causasde\\\/causas-de-la-pobreza-infantil-en-espana\\\/#breadcrumblist\",\"itemListElement\":[{\"@type\":\"ListItem\",\"@id\":\"https:\\\/\\\/dudasytextos.com\\\/causasde#listItem\",\"position\":1,\"name\":\"Inicio\",\"item\":\"https:\\\/\\\/dudasytextos.com\\\/causasde\",\"nextItem\":{\"@type\":\"ListItem\",\"@id\":\"https:\\\/\\\/dudasytextos.com\\\/causasde\\\/category\\\/conoce-las-causas\\\/#listItem\",\"name\":\"Conoce las causas\"}},{\"@type\":\"ListItem\",\"@id\":\"https:\\\/\\\/dudasytextos.com\\\/causasde\\\/category\\\/conoce-las-causas\\\/#listItem\",\"position\":2,\"name\":\"Conoce las causas\",\"item\":\"https:\\\/\\\/dudasytextos.com\\\/causasde\\\/category\\\/conoce-las-causas\\\/\",\"nextItem\":{\"@type\":\"ListItem\",\"@id\":\"https:\\\/\\\/dudasytextos.com\\\/causasde\\\/causas-de-la-pobreza-infantil-en-espana\\\/#listItem\",\"name\":\"Causas de la pobreza infantil en espa\\u00f1a\"},\"previousItem\":{\"@type\":\"ListItem\",\"@id\":\"https:\\\/\\\/dudasytextos.com\\\/causasde#listItem\",\"name\":\"Inicio\"}},{\"@type\":\"ListItem\",\"@id\":\"https:\\\/\\\/dudasytextos.com\\\/causasde\\\/causas-de-la-pobreza-infantil-en-espana\\\/#listItem\",\"position\":3,\"name\":\"Causas de la pobreza infantil en espa\\u00f1a\",\"previousItem\":{\"@type\":\"ListItem\",\"@id\":\"https:\\\/\\\/dudasytextos.com\\\/causasde\\\/category\\\/conoce-las-causas\\\/#listItem\",\"name\":\"Conoce las causas\"}}]},{\"@type\":\"Organization\",\"@id\":\"https:\\\/\\\/dudasytextos.com\\\/causasde\\\/#organization\",\"name\":\"\\u00bfC\\u00f3mo funciona?\",\"description\":\"Conoce las causas\",\"url\":\"https:\\\/\\\/dudasytextos.com\\\/causasde\\\/\"},{\"@type\":\"Person\",\"@id\":\"https:\\\/\\\/dudasytextos.com\\\/causasde\\\/author\\\/admin44\\\/#author\",\"url\":\"https:\\\/\\\/dudasytextos.com\\\/causasde\\\/author\\\/admin44\\\/\",\"name\":\"Ana Gonz\\u00e1lez\"},{\"@type\":\"WebPage\",\"@id\":\"https:\\\/\\\/dudasytextos.com\\\/causasde\\\/causas-de-la-pobreza-infantil-en-espana\\\/#webpage\",\"url\":\"https:\\\/\\\/dudasytextos.com\\\/causasde\\\/causas-de-la-pobreza-infantil-en-espana\\\/\",\"name\":\"Causas de la pobreza infantil en espa\\u00f1a (2026) Conoce las causas\",\"description\":\"Mi experiencia personal con la pobreza infantil en Espa\\u00f1a Hola, mi nombre es Ana y quiero compartir mi experiencia personal con la pobreza infantil en Espa\\u00f1a. Como madre soltera de dos ni\\u00f1os peque\\u00f1os, he tenido que enfrentar muchas dificultades econ\\u00f3micas y sociales. A trav\\u00e9s de mi experiencia, he aprendido mucho sobre las causas de la\",\"inLanguage\":\"es-ES\",\"isPartOf\":{\"@id\":\"https:\\\/\\\/dudasytextos.com\\\/causasde\\\/#website\"},\"breadcrumb\":{\"@id\":\"https:\\\/\\\/dudasytextos.com\\\/causasde\\\/causas-de-la-pobreza-infantil-en-espana\\\/#breadcrumblist\"},\"author\":{\"@id\":\"https:\\\/\\\/dudasytextos.com\\\/causasde\\\/author\\\/admin44\\\/#author\"},\"creator\":{\"@id\":\"https:\\\/\\\/dudasytextos.com\\\/causasde\\\/author\\\/admin44\\\/#author\"},\"datePublished\":\"2025-03-13T08:06:01+00:00\",\"dateModified\":\"2025-03-13T09:01:12+00:00\"},{\"@type\":\"WebSite\",\"@id\":\"https:\\\/\\\/dudasytextos.com\\\/causasde\\\/#website\",\"url\":\"https:\\\/\\\/dudasytextos.com\\\/causasde\\\/\",\"name\":\"\\u00bfC\\u00f3mo funciona?\",\"description\":\"Conoce las causas\",\"inLanguage\":\"es-ES\",\"publisher\":{\"@id\":\"https:\\\/\\\/dudasytextos.com\\\/causasde\\\/#organization\"}}]}\n\t\t<\/script>\n\t\t<!-- All in One SEO -->\n\n","aioseo_head_json":{"title":"Causas de la pobreza infantil en espa\u00f1a (2026) Conoce las causas","description":"Mi experiencia personal con la pobreza infantil en Espa\u00f1a Hola, mi nombre es Ana y quiero compartir mi experiencia personal con la pobreza infantil en Espa\u00f1a. Como madre soltera de dos ni\u00f1os peque\u00f1os, he tenido que enfrentar muchas dificultades econ\u00f3micas y sociales. A trav\u00e9s de mi experiencia, he aprendido mucho sobre las causas de la","canonical_url":"https:\/\/dudasytextos.com\/causasde\/causas-de-la-pobreza-infantil-en-espana\/","robots":"max-snippet:-1, max-image-preview:large, max-video-preview:-1","keywords":"","webmasterTools":{"miscellaneous":"&lt;!-- Google tag (gtag.js) --&gt;\n&lt;script async src=\"https:\/\/www.googletagmanager.com\/gtag\/js?id=G-1RZBHH3Z7E\"&gt;&lt;\/script&gt;\n&lt;script&gt;\n  window.dataLayer = window.dataLayer || [];\n  function gtag(){dataLayer.push(arguments);}\n  gtag('js', new Date());\n\n  gtag('config', 'G-1RZBHH3Z7E');\n&lt;\/script&gt;\n&lt;script async src=\"https:\/\/pagead2.googlesyndication.com\/pagead\/js\/adsbygoogle.js?client=ca-pub-3987500858204711\"\n     crossorigin=\"anonymous\"&gt;&lt;\/script&gt;"},"schema":{"@context":"https:\/\/schema.org","@graph":[{"@type":"BlogPosting","@id":"https:\/\/dudasytextos.com\/causasde\/causas-de-la-pobreza-infantil-en-espana\/#blogposting","name":"Causas de la pobreza infantil en espa\u00f1a (2026) Conoce las causas","headline":"Causas de la pobreza infantil en espa\u00f1a","author":{"@id":"https:\/\/dudasytextos.com\/causasde\/author\/admin44\/#author"},"publisher":{"@id":"https:\/\/dudasytextos.com\/causasde\/#organization"},"datePublished":"2025-03-13T08:06:01+00:00","dateModified":"2025-03-13T09:01:12+00:00","inLanguage":"es-ES","mainEntityOfPage":{"@id":"https:\/\/dudasytextos.com\/causasde\/causas-de-la-pobreza-infantil-en-espana\/#webpage"},"isPartOf":{"@id":"https:\/\/dudasytextos.com\/causasde\/causas-de-la-pobreza-infantil-en-espana\/#webpage"},"articleSection":"Conoce las causas, En Espa\u00f1a"},{"@type":"BreadcrumbList","@id":"https:\/\/dudasytextos.com\/causasde\/causas-de-la-pobreza-infantil-en-espana\/#breadcrumblist","itemListElement":[{"@type":"ListItem","@id":"https:\/\/dudasytextos.com\/causasde#listItem","position":1,"name":"Inicio","item":"https:\/\/dudasytextos.com\/causasde","nextItem":{"@type":"ListItem","@id":"https:\/\/dudasytextos.com\/causasde\/category\/conoce-las-causas\/#listItem","name":"Conoce las causas"}},{"@type":"ListItem","@id":"https:\/\/dudasytextos.com\/causasde\/category\/conoce-las-causas\/#listItem","position":2,"name":"Conoce las causas","item":"https:\/\/dudasytextos.com\/causasde\/category\/conoce-las-causas\/","nextItem":{"@type":"ListItem","@id":"https:\/\/dudasytextos.com\/causasde\/causas-de-la-pobreza-infantil-en-espana\/#listItem","name":"Causas de la pobreza infantil en espa\u00f1a"},"previousItem":{"@type":"ListItem","@id":"https:\/\/dudasytextos.com\/causasde#listItem","name":"Inicio"}},{"@type":"ListItem","@id":"https:\/\/dudasytextos.com\/causasde\/causas-de-la-pobreza-infantil-en-espana\/#listItem","position":3,"name":"Causas de la pobreza infantil en espa\u00f1a","previousItem":{"@type":"ListItem","@id":"https:\/\/dudasytextos.com\/causasde\/category\/conoce-las-causas\/#listItem","name":"Conoce las causas"}}]},{"@type":"Organization","@id":"https:\/\/dudasytextos.com\/causasde\/#organization","name":"\u00bfC\u00f3mo funciona?","description":"Conoce las causas","url":"https:\/\/dudasytextos.com\/causasde\/"},{"@type":"Person","@id":"https:\/\/dudasytextos.com\/causasde\/author\/admin44\/#author","url":"https:\/\/dudasytextos.com\/causasde\/author\/admin44\/","name":"Ana Gonz\u00e1lez"},{"@type":"WebPage","@id":"https:\/\/dudasytextos.com\/causasde\/causas-de-la-pobreza-infantil-en-espana\/#webpage","url":"https:\/\/dudasytextos.com\/causasde\/causas-de-la-pobreza-infantil-en-espana\/","name":"Causas de la pobreza infantil en espa\u00f1a (2026) Conoce las causas","description":"Mi experiencia personal con la pobreza infantil en Espa\u00f1a Hola, mi nombre es Ana y quiero compartir mi experiencia personal con la pobreza infantil en Espa\u00f1a. Como madre soltera de dos ni\u00f1os peque\u00f1os, he tenido que enfrentar muchas dificultades econ\u00f3micas y sociales. A trav\u00e9s de mi experiencia, he aprendido mucho sobre las causas de la","inLanguage":"es-ES","isPartOf":{"@id":"https:\/\/dudasytextos.com\/causasde\/#website"},"breadcrumb":{"@id":"https:\/\/dudasytextos.com\/causasde\/causas-de-la-pobreza-infantil-en-espana\/#breadcrumblist"},"author":{"@id":"https:\/\/dudasytextos.com\/causasde\/author\/admin44\/#author"},"creator":{"@id":"https:\/\/dudasytextos.com\/causasde\/author\/admin44\/#author"},"datePublished":"2025-03-13T08:06:01+00:00","dateModified":"2025-03-13T09:01:12+00:00"},{"@type":"WebSite","@id":"https:\/\/dudasytextos.com\/causasde\/#website","url":"https:\/\/dudasytextos.com\/causasde\/","name":"\u00bfC\u00f3mo funciona?","description":"Conoce las causas","inLanguage":"es-ES","publisher":{"@id":"https:\/\/dudasytextos.com\/causasde\/#organization"}}]},"og:locale":"es_ES","og:site_name":"Conoce las causas - Conoce las causas","og:type":"article","og:title":"Causas de la pobreza infantil en espa\u00f1a (2026) Conoce las causas","og:description":"Mi experiencia personal con la pobreza infantil en Espa\u00f1a Hola, mi nombre es Ana y quiero compartir mi experiencia personal con la pobreza infantil en Espa\u00f1a. Como madre soltera de dos ni\u00f1os peque\u00f1os, he tenido que enfrentar muchas dificultades econ\u00f3micas y sociales. A trav\u00e9s de mi experiencia, he aprendido mucho sobre las causas de la","og:url":"https:\/\/dudasytextos.com\/causasde\/causas-de-la-pobreza-infantil-en-espana\/","article:published_time":"2025-03-13T08:06:01+00:00","article:modified_time":"2025-03-13T09:01:12+00:00","twitter:card":"summary_large_image","twitter:title":"Causas de la pobreza infantil en espa\u00f1a (2026) Conoce las causas","twitter:description":"Mi experiencia personal con la pobreza infantil en Espa\u00f1a Hola, mi nombre es Ana y quiero compartir mi experiencia personal con la pobreza infantil en Espa\u00f1a. Como madre soltera de dos ni\u00f1os peque\u00f1os, he tenido que enfrentar muchas dificultades econ\u00f3micas y sociales. A trav\u00e9s de mi experiencia, he aprendido mucho sobre las causas de la"},"aioseo_meta_data":{"post_id":"161528","title":null,"description":null,"keywords":null,"keyphrases":null,"primary_term":null,"canonical_url":null,"og_title":null,"og_description":null,"og_object_type":"default","og_image_type":"default","og_image_url":null,"og_image_width":null,"og_image_height":null,"og_image_custom_url":null,"og_image_custom_fields":null,"og_video":null,"og_custom_url":null,"og_article_section":null,"og_article_tags":null,"twitter_use_og":false,"twitter_card":"default","twitter_image_type":"default","twitter_image_url":null,"twitter_image_custom_url":null,"twitter_image_custom_fields":null,"twitter_title":null,"twitter_description":null,"schema":{"blockGraphs":[],"customGraphs":[],"default":{"data":{"Article":[],"Course":[],"Dataset":[],"FAQPage":[],"Movie":[],"Person":[],"Product":[],"ProductReview":[],"Car":[],"Recipe":[],"Service":[],"SoftwareApplication":[],"WebPage":[]},"graphName":"","isEnabled":true},"graphs":[]},"schema_type":"default","schema_type_options":null,"pillar_content":false,"robots_default":true,"robots_noindex":false,"robots_noarchive":false,"robots_nosnippet":false,"robots_nofollow":false,"robots_noimageindex":false,"robots_noodp":false,"robots_notranslate":false,"robots_max_snippet":null,"robots_max_videopreview":null,"robots_max_imagepreview":"large","priority":null,"frequency":null,"local_seo":null,"breadcrumb_settings":null,"limit_modified_date":false,"ai":null,"created":"2023-05-12 19:16:44","updated":"2025-06-04 17:35:10","seo_analyzer_scan_date":null,"focus_keyword":null,"additional_keywords":null,"truseo_locale":null},"aioseo_breadcrumb":"<div class=\"aioseo-breadcrumbs\"><span class=\"aioseo-breadcrumb\">\n\t\t\t<a href=\"https:\/\/dudasytextos.com\/causasde\" title=\"Inicio\">Inicio<\/a>\n\t\t<\/span><span class=\"aioseo-breadcrumb-separator\">&raquo;<\/span><span class=\"aioseo-breadcrumb\">\n\t\t\t<a href=\"https:\/\/dudasytextos.com\/causasde\/category\/conoce-las-causas\/\" title=\"Conoce las causas\">Conoce las causas<\/a>\n\t\t<\/span><span class=\"aioseo-breadcrumb-separator\">&raquo;<\/span><span class=\"aioseo-breadcrumb\">\n\t\t\tCausas de la pobreza infantil en espa\u00f1a\n\t\t<\/span><\/div>","aioseo_breadcrumb_json":[{"label":"Inicio","link":"https:\/\/dudasytextos.com\/causasde"},{"label":"Conoce las causas","link":"https:\/\/dudasytextos.com\/causasde\/category\/conoce-las-causas\/"},{"label":"Causas de la pobreza infantil en espa\u00f1a","link":"https:\/\/dudasytextos.com\/causasde\/causas-de-la-pobreza-infantil-en-espana\/"}],"_links":{"self":[{"href":"https:\/\/dudasytextos.com\/causasde\/wp-json\/wp\/v2\/posts\/161528","targetHints":{"allow":["GET"]}}],"collection":[{"href":"https:\/\/dudasytextos.com\/causasde\/wp-json\/wp\/v2\/posts"}],"about":[{"href":"https:\/\/dudasytextos.com\/causasde\/wp-json\/wp\/v2\/types\/post"}],"author":[{"embeddable":true,"href":"https:\/\/dudasytextos.com\/causasde\/wp-json\/wp\/v2\/users\/1"}],"replies":[{"embeddable":true,"href":"https:\/\/dudasytextos.com\/causasde\/wp-json\/wp\/v2\/comments?post=161528"}],"version-history":[{"count":1,"href":"https:\/\/dudasytextos.com\/causasde\/wp-json\/wp\/v2\/posts\/161528\/revisions"}],"predecessor-version":[{"id":167051,"href":"https:\/\/dudasytextos.com\/causasde\/wp-json\/wp\/v2\/posts\/161528\/revisions\/167051"}],"wp:attachment":[{"href":"https:\/\/dudasytextos.com\/causasde\/wp-json\/wp\/v2\/media?parent=161528"}],"wp:term":[{"taxonomy":"category","embeddable":true,"href":"https:\/\/dudasytextos.com\/causasde\/wp-json\/wp\/v2\/categories?post=161528"},{"taxonomy":"post_tag","embeddable":true,"href":"https:\/\/dudasytextos.com\/causasde\/wp-json\/wp\/v2\/tags?post=161528"}],"curies":[{"name":"wp","href":"https:\/\/api.w.org\/{rel}","templated":true}]}}