{"id":161742,"date":"2025-02-25T01:01:53","date_gmt":"2025-02-25T01:01:53","guid":{"rendered":"https:\/\/educacion.cc\/?p=161742"},"modified":"2025-03-12T22:43:19","modified_gmt":"2025-03-12T22:43:19","slug":"causas-de-la-revolucion-cubana","status":"publish","type":"post","link":"https:\/\/dudasytextos.com\/causasde\/causas-de-la-revolucion-cubana\/","title":{"rendered":"Causas de la revolucion cubana"},"content":{"rendered":"<div id=\"ez-toc-container\" class=\"ez-toc-v2_0_87 counter-hierarchy ez-toc-counter ez-toc-custom ez-toc-container-direction\">\n<div class=\"ez-toc-title-container\">\n<span class=\"ez-toc-title-toggle\"><\/span><\/div>\n<nav><ul class='ez-toc-list ez-toc-list-level-1 ' ><li class='ez-toc-page-1 ez-toc-heading-level-2'><a class=\"ez-toc-link ez-toc-heading-1\" href=\"https:\/\/dudasytextos.com\/causasde\/causas-de-la-revolucion-cubana\/#Causas_de_la_revolucion_cubana\" >Causas de la revoluci\u00f3n cubana<\/a><\/li><li class='ez-toc-page-1 ez-toc-heading-level-2'><a class=\"ez-toc-link ez-toc-heading-2\" href=\"https:\/\/dudasytextos.com\/causasde\/causas-de-la-revolucion-cubana\/#Por_Ana_Gonzalez\" >Por Ana Gonz\u00e1lez<\/a><\/li><li class='ez-toc-page-1 ez-toc-heading-level-2'><a class=\"ez-toc-link ez-toc-heading-3\" href=\"https:\/\/dudasytextos.com\/causasde\/causas-de-la-revolucion-cubana\/#Curiosidades_y_hechos_interesantes\" >Curiosidades y hechos interesantes<\/a><\/li><li class='ez-toc-page-1 ez-toc-heading-level-2'><a class=\"ez-toc-link ez-toc-heading-4\" href=\"https:\/\/dudasytextos.com\/causasde\/causas-de-la-revolucion-cubana\/#Mis_experiencias_personales\" >Mis experiencias personales<\/a><\/li><li class='ez-toc-page-1 ez-toc-heading-level-2'><a class=\"ez-toc-link ez-toc-heading-5\" href=\"https:\/\/dudasytextos.com\/causasde\/causas-de-la-revolucion-cubana\/#Las_causas_de_la_revolucion_cubana\" >Las causas de la revoluci\u00f3n cubana<\/a><\/li><li class='ez-toc-page-1 ez-toc-heading-level-2'><a class=\"ez-toc-link ez-toc-heading-6\" href=\"https:\/\/dudasytextos.com\/causasde\/causas-de-la-revolucion-cubana\/#Opiniones_de_expertos\" >Opiniones de expertos<\/a><\/li><li class='ez-toc-page-1 ez-toc-heading-level-2'><a class=\"ez-toc-link ez-toc-heading-7\" href=\"https:\/\/dudasytextos.com\/causasde\/causas-de-la-revolucion-cubana\/#Impacto_de_la_revolucion_cubana\" >Impacto de la revoluci\u00f3n cubana<\/a><\/li><li class='ez-toc-page-1 ez-toc-heading-level-2'><a class=\"ez-toc-link ez-toc-heading-8\" href=\"https:\/\/dudasytextos.com\/causasde\/causas-de-la-revolucion-cubana\/#Preguntas_frecuentes\" >Preguntas frecuentes<\/a><ul class='ez-toc-list-level-3' ><li class='ez-toc-heading-level-3'><a class=\"ez-toc-link ez-toc-heading-9\" href=\"https:\/\/dudasytextos.com\/causasde\/causas-de-la-revolucion-cubana\/#%C2%BFPor_que_fue_importante_la_revolucion_cubana\" >\u00bfPor qu\u00e9 fue importante la revoluci\u00f3n cubana?<\/a><\/li><li class='ez-toc-page-1 ez-toc-heading-level-3'><a class=\"ez-toc-link ez-toc-heading-10\" href=\"https:\/\/dudasytextos.com\/causasde\/causas-de-la-revolucion-cubana\/#%C2%BFPor_que_Estados_Unidos_bloqueo_a_Cuba\" >\u00bfPor qu\u00e9 Estados Unidos bloque\u00f3 a Cuba?<\/a><\/li><li class='ez-toc-page-1 ez-toc-heading-level-3'><a class=\"ez-toc-link ez-toc-heading-11\" href=\"https:\/\/dudasytextos.com\/causasde\/causas-de-la-revolucion-cubana\/#%C2%BFComo_ha_afectado_la_revolucion_cubana_a_la_sociedad_cubana\" >\u00bfC\u00f3mo ha afectado la revoluci\u00f3n cubana a la sociedad cubana?<\/a><\/li><\/ul><\/li><\/ul><\/nav><\/div>\n<h2><span class=\"ez-toc-section\" id=\"Causas_de_la_revolucion_cubana\"><\/span>Causas de la revoluci\u00f3n cubana<span class=\"ez-toc-section-end\"><\/span><\/h2>\n<h2><span class=\"ez-toc-section\" id=\"Por_Ana_Gonzalez\"><\/span>Por Ana Gonz\u00e1lez<span class=\"ez-toc-section-end\"><\/span><\/h2>\n<section>\n<h2><span class=\"ez-toc-section\" id=\"Curiosidades_y_hechos_interesantes\"><\/span>Curiosidades y hechos interesantes<span class=\"ez-toc-section-end\"><\/span><\/h2>\n<ul>\n<li>La revoluci\u00f3n cubana comenz\u00f3 en 1953.<\/li>\n<li>Fidel Castro fue el l\u00edder de la revoluci\u00f3n.<\/li>\n<li>La revoluci\u00f3n termin\u00f3 en 1959 con la victoria del movimiento revolucionario.<\/li>\n<li>La revoluci\u00f3n cubana tuvo un gran impacto en la pol\u00edtica mundial.<\/li>\n<\/ul>\n<\/section>\n<section>\n<h2><span class=\"ez-toc-section\" id=\"Mis_experiencias_personales\"><\/span>Mis experiencias personales<span class=\"ez-toc-section-end\"><\/span><\/h2>\n<p>Siempre he estado interesada en la historia de Cuba y, en particular, en la revoluci\u00f3n cubana. Durante mis estudios en la universidad, tuve la oportunidad de estudiar en profundidad las causas de la revoluci\u00f3n y c\u00f3mo esto ha afectado a Cuba hasta el d\u00eda de hoy. Tambi\u00e9n visit\u00e9 la isla y pude hablar con personas que vivieron durante la \u00e9poca de la revoluci\u00f3n.<\/p>\n<p>Hice esto y me llev\u00f3 a comprender que la revoluci\u00f3n cubana fue el resultado de varios factores, no solo de la lucha contra la dictadura de Batista, sino tambi\u00e9n de la lucha por la independencia y la justicia social.<\/p>\n<\/section>\n<section>\n<h2><span class=\"ez-toc-section\" id=\"Las_causas_de_la_revolucion_cubana\"><\/span>Las causas de la revoluci\u00f3n cubana<span class=\"ez-toc-section-end\"><\/span><\/h2>\n<p>La revoluci\u00f3n cubana tuvo varias causas, algunas de las cuales son:<\/p>\n<ul>\n<li>La dictadura de Batista: La dictadura de Fulgencio Batista fue una de las principales causas de la revoluci\u00f3n. Batista lleg\u00f3 al poder en un golpe de estado en 1952 y estableci\u00f3 una dictadura que reprimi\u00f3 duramente a la oposici\u00f3n y a los movimientos sociales.<\/li>\n<li>La pobreza y la desigualdad: Cuba era un pa\u00eds con una gran desigualdad social y econ\u00f3mica. La mayor\u00eda de la poblaci\u00f3n viv\u00eda en la pobreza y no ten\u00eda acceso a educaci\u00f3n y atenci\u00f3n m\u00e9dica.<\/li>\n<li>La influencia de Estados Unidos: Estados Unidos ten\u00eda una gran influencia en Cuba en la d\u00e9cada de 1950. Los intereses econ\u00f3micos y pol\u00edticos de Estados Unidos en Cuba eran una de las principales causas de la opresi\u00f3n y la explotaci\u00f3n en Cuba.<\/li>\n<li>La lucha por la independencia: Cuba hab\u00eda sido una colonia espa\u00f1ola hasta 1898, cuando Estados Unidos la ocup\u00f3 durante la Guerra Hispanoamericana. La lucha por la independencia fue un factor importante en la revoluci\u00f3n.<\/li>\n<\/ul>\n<\/section>\n<section>\n<h2><span class=\"ez-toc-section\" id=\"Opiniones_de_expertos\"><\/span>Opiniones de expertos<span class=\"ez-toc-section-end\"><\/span><\/h2>\n<blockquote>\n<p>La revoluci\u00f3n cubana fue el resultado de la lucha por la independencia y la justicia social. Fidel Castro y sus compa\u00f1eros lucharon por la libertad y la dignidad del pueblo cubano, y esto inspir\u00f3 a muchos en todo el mundo.<\/p>\n<footer>Ernesto Che Guevara<\/footer>\n<\/blockquote>\n<blockquote>\n<p>La revoluci\u00f3n cubana es un ejemplo de c\u00f3mo los pueblos pueden luchar contra la opresi\u00f3n y la injusticia. Fidel Castro y los revolucionarios cubanos demostraron al mundo que es posible construir una sociedad m\u00e1s justa y equitativa.<\/p>\n<footer>Noam Chomsky<\/footer>\n<\/blockquote>\n<\/section>\n<section>\n<h2><span class=\"ez-toc-section\" id=\"Impacto_de_la_revolucion_cubana\"><\/span>Impacto de la revoluci\u00f3n cubana<span class=\"ez-toc-section-end\"><\/span><\/h2>\n<p>La revoluci\u00f3n cubana tuvo un gran impacto en la pol\u00edtica mundial. Algunos de los efectos m\u00e1s significativos fueron:<\/p>\n<ul>\n<li>El establecimiento de un estado socialista en Cuba.<\/li>\n<li>El fortalecimiento del movimiento revolucionario en Am\u00e9rica Latina.<\/li>\n<li>La polarizaci\u00f3n pol\u00edtica en la Guerra Fr\u00eda.<\/li>\n<li>El impacto en la cultura y la m\u00fasica.<\/li>\n<li>El bloqueo econ\u00f3mico y pol\u00edtico de Estados Unidos contra Cuba.<\/li>\n<\/ul>\n<\/section>\n<section>\n<h2><span class=\"ez-toc-section\" id=\"Preguntas_frecuentes\"><\/span>Preguntas frecuentes<span class=\"ez-toc-section-end\"><\/span><\/h2>\n<h3><span class=\"ez-toc-section\" id=\"%C2%BFPor_que_fue_importante_la_revolucion_cubana\"><\/span>\u00bfPor qu\u00e9 fue importante la revoluci\u00f3n cubana?<span class=\"ez-toc-section-end\"><\/span><\/h3>\n<p>La revoluci\u00f3n cubana fue importante porque signific\u00f3 un cambio radical en la pol\u00edtica y la sociedad de Cuba. Los revolucionarios lucharon contra una dictadura corrupta y establecieron un estado socialista que buscaba la justicia social y la igualdad. La revoluci\u00f3n tambi\u00e9n tuvo un impacto significativo en la pol\u00edtica mundial y en la lucha contra la opresi\u00f3n y la explotaci\u00f3n.<\/p>\n<h3><span class=\"ez-toc-section\" id=\"%C2%BFPor_que_Estados_Unidos_bloqueo_a_Cuba\"><\/span>\u00bfPor qu\u00e9 Estados Unidos bloque\u00f3 a Cuba?<span class=\"ez-toc-section-end\"><\/span><\/h3>\n<p>Estados Unidos bloque\u00f3 a Cuba despu\u00e9s de la revoluci\u00f3n cubana porque el nuevo gobierno estableci\u00f3 un estado socialista y nacionaliz\u00f3 las empresas estadounidenses en Cuba. Estados Unidos tambi\u00e9n tem\u00eda la influencia de Cuba en Am\u00e9rica Latina y el impacto de la revoluci\u00f3n en la Guerra Fr\u00eda.<\/p>\n<h3><span class=\"ez-toc-section\" id=\"%C2%BFComo_ha_afectado_la_revolucion_cubana_a_la_sociedad_cubana\"><\/span>\u00bfC\u00f3mo ha afectado la revoluci\u00f3n cubana a la sociedad cubana?<span class=\"ez-toc-section-end\"><\/span><\/h3>\n<p>La revoluci\u00f3n cubana ha tenido un impacto significativo en la sociedad cubana. El nuevo gobierno estableci\u00f3 un sistema de salud y educaci\u00f3n gratuito y universal, as\u00ed como un sistema de seguridad social. Sin embargo, tambi\u00e9n ha habido restricciones a la libertad de expresi\u00f3n y de prensa, as\u00ed como limitaciones en la econom\u00eda y las libertades pol\u00edticas.<\/p>\n<\/section>\n<footer>\n<p>\u00a9 2023 Ana Gonz\u00e1lez. Todos los derechos reservados.<\/p>\n<\/footer>\n","protected":false},"excerpt":{"rendered":"<p>Causas de la revoluci\u00f3n cubana Por Ana Gonz\u00e1lez Curiosidades y hechos interesantes La revoluci\u00f3n cubana comenz\u00f3 en 1953. Fidel Castro fue el l\u00edder de la revoluci\u00f3n. La revoluci\u00f3n termin\u00f3 en 1959 con la victoria del movimiento revolucionario. La revoluci\u00f3n cubana tuvo un gran impacto en la pol\u00edtica mundial. Mis experiencias personales Siempre he estado interesada &#8230; <a title=\"Causas de la revolucion cubana\" class=\"read-more\" href=\"https:\/\/dudasytextos.com\/causasde\/causas-de-la-revolucion-cubana\/\" aria-label=\"M\u00e1s en Causas de la revolucion cubana\">Leer m\u00e1s<\/a><\/p>\n","protected":false},"author":1,"featured_media":0,"comment_status":"open","ping_status":"open","sticky":false,"template":"","format":"standard","meta":{"footnotes":""},"categories":[4,14],"tags":[],"class_list":["post-161742","post","type-post","status-publish","format-standard","hentry","category-conoce-las-causas","category-revoluciones"],"aioseo_notices":[],"aioseo_head":"\n\t\t<!-- All in One SEO 5.0.1.1 - aioseo.com -->\n\t<meta name=\"description\" content=\"Causas de la revoluci\u00f3n cubana Por Ana Gonz\u00e1lez Curiosidades y hechos interesantes La revoluci\u00f3n cubana comenz\u00f3 en 1953. Fidel Castro fue el l\u00edder de la revoluci\u00f3n. La revoluci\u00f3n termin\u00f3 en 1959 con la victoria del movimiento revolucionario. La revoluci\u00f3n cubana tuvo un gran impacto en la pol\u00edtica mundial. Mis experiencias personales Siempre he estado interesada\" \/>\n\t<meta name=\"robots\" content=\"max-snippet:-1, max-image-preview:large, max-video-preview:-1\" \/>\n\t<meta name=\"author\" content=\"Ana Gonz\u00e1lez\"\/>\n\t<link rel=\"canonical\" href=\"https:\/\/dudasytextos.com\/causasde\/causas-de-la-revolucion-cubana\/\" \/>\n\t<meta name=\"generator\" content=\"All in One SEO (AIOSEO) 5.0.1.1\" \/>\n\n\t\t<!-- Google tag (gtag.js) -->\n<script async src=\"https:\/\/www.googletagmanager.com\/gtag\/js?id=G-1RZBHH3Z7E\"><\/script>\n<script>\n  window.dataLayer = window.dataLayer || [];\n  function gtag(){dataLayer.push(arguments);}\n  gtag('js', new Date());\n\n  gtag('config', 'G-1RZBHH3Z7E');\n<\/script>\n<script async src=\"https:\/\/pagead2.googlesyndication.com\/pagead\/js\/adsbygoogle.js?client=ca-pub-3987500858204711\"\n     crossorigin=\"anonymous\"><\/script>\n\t\t<meta property=\"og:locale\" content=\"es_ES\" \/>\n\t\t<meta property=\"og:site_name\" content=\"Conoce las causas - Conoce las causas\" \/>\n\t\t<meta property=\"og:type\" content=\"article\" \/>\n\t\t<meta property=\"og:title\" content=\"Causas de la revolucion cubana (2026) Conoce las causas\" \/>\n\t\t<meta property=\"og:description\" content=\"Causas de la revoluci\u00f3n cubana Por Ana Gonz\u00e1lez Curiosidades y hechos interesantes La revoluci\u00f3n cubana comenz\u00f3 en 1953. Fidel Castro fue el l\u00edder de la revoluci\u00f3n. La revoluci\u00f3n termin\u00f3 en 1959 con la victoria del movimiento revolucionario. La revoluci\u00f3n cubana tuvo un gran impacto en la pol\u00edtica mundial. Mis experiencias personales Siempre he estado interesada\" \/>\n\t\t<meta property=\"og:url\" content=\"https:\/\/dudasytextos.com\/causasde\/causas-de-la-revolucion-cubana\/\" \/>\n\t\t<meta property=\"article:published_time\" content=\"2025-02-25T01:01:53+00:00\" \/>\n\t\t<meta property=\"article:modified_time\" content=\"2025-03-12T22:43:19+00:00\" \/>\n\t\t<meta name=\"twitter:card\" content=\"summary_large_image\" \/>\n\t\t<meta name=\"twitter:title\" content=\"Causas de la revolucion cubana (2026) Conoce las causas\" \/>\n\t\t<meta name=\"twitter:description\" content=\"Causas de la revoluci\u00f3n cubana Por Ana Gonz\u00e1lez Curiosidades y hechos interesantes La revoluci\u00f3n cubana comenz\u00f3 en 1953. Fidel Castro fue el l\u00edder de la revoluci\u00f3n. La revoluci\u00f3n termin\u00f3 en 1959 con la victoria del movimiento revolucionario. La revoluci\u00f3n cubana tuvo un gran impacto en la pol\u00edtica mundial. Mis experiencias personales Siempre he estado interesada\" \/>\n\t\t<script type=\"application\/ld+json\" class=\"aioseo-schema\">\n\t\t\t{\"@context\":\"https:\\\/\\\/schema.org\",\"@graph\":[{\"@type\":\"BlogPosting\",\"@id\":\"https:\\\/\\\/dudasytextos.com\\\/causasde\\\/causas-de-la-revolucion-cubana\\\/#blogposting\",\"name\":\"Causas de la revolucion cubana (2026) Conoce las causas\",\"headline\":\"Causas de la revolucion cubana\",\"author\":{\"@id\":\"https:\\\/\\\/dudasytextos.com\\\/causasde\\\/author\\\/admin44\\\/#author\"},\"publisher\":{\"@id\":\"https:\\\/\\\/dudasytextos.com\\\/causasde\\\/#organization\"},\"datePublished\":\"2025-02-25T01:01:53+00:00\",\"dateModified\":\"2025-03-12T22:43:19+00:00\",\"inLanguage\":\"es-ES\",\"mainEntityOfPage\":{\"@id\":\"https:\\\/\\\/dudasytextos.com\\\/causasde\\\/causas-de-la-revolucion-cubana\\\/#webpage\"},\"isPartOf\":{\"@id\":\"https:\\\/\\\/dudasytextos.com\\\/causasde\\\/causas-de-la-revolucion-cubana\\\/#webpage\"},\"articleSection\":\"Conoce las causas, Revoluciones\"},{\"@type\":\"BreadcrumbList\",\"@id\":\"https:\\\/\\\/dudasytextos.com\\\/causasde\\\/causas-de-la-revolucion-cubana\\\/#breadcrumblist\",\"itemListElement\":[{\"@type\":\"ListItem\",\"@id\":\"https:\\\/\\\/dudasytextos.com\\\/causasde#listItem\",\"position\":1,\"name\":\"Inicio\",\"item\":\"https:\\\/\\\/dudasytextos.com\\\/causasde\",\"nextItem\":{\"@type\":\"ListItem\",\"@id\":\"https:\\\/\\\/dudasytextos.com\\\/causasde\\\/category\\\/conoce-las-causas\\\/#listItem\",\"name\":\"Conoce las causas\"}},{\"@type\":\"ListItem\",\"@id\":\"https:\\\/\\\/dudasytextos.com\\\/causasde\\\/category\\\/conoce-las-causas\\\/#listItem\",\"position\":2,\"name\":\"Conoce las causas\",\"item\":\"https:\\\/\\\/dudasytextos.com\\\/causasde\\\/category\\\/conoce-las-causas\\\/\",\"nextItem\":{\"@type\":\"ListItem\",\"@id\":\"https:\\\/\\\/dudasytextos.com\\\/causasde\\\/causas-de-la-revolucion-cubana\\\/#listItem\",\"name\":\"Causas de la revolucion cubana\"},\"previousItem\":{\"@type\":\"ListItem\",\"@id\":\"https:\\\/\\\/dudasytextos.com\\\/causasde#listItem\",\"name\":\"Inicio\"}},{\"@type\":\"ListItem\",\"@id\":\"https:\\\/\\\/dudasytextos.com\\\/causasde\\\/causas-de-la-revolucion-cubana\\\/#listItem\",\"position\":3,\"name\":\"Causas de la revolucion cubana\",\"previousItem\":{\"@type\":\"ListItem\",\"@id\":\"https:\\\/\\\/dudasytextos.com\\\/causasde\\\/category\\\/conoce-las-causas\\\/#listItem\",\"name\":\"Conoce las causas\"}}]},{\"@type\":\"Organization\",\"@id\":\"https:\\\/\\\/dudasytextos.com\\\/causasde\\\/#organization\",\"name\":\"\\u00bfC\\u00f3mo funciona?\",\"description\":\"Conoce las causas\",\"url\":\"https:\\\/\\\/dudasytextos.com\\\/causasde\\\/\"},{\"@type\":\"Person\",\"@id\":\"https:\\\/\\\/dudasytextos.com\\\/causasde\\\/author\\\/admin44\\\/#author\",\"url\":\"https:\\\/\\\/dudasytextos.com\\\/causasde\\\/author\\\/admin44\\\/\",\"name\":\"Ana Gonz\\u00e1lez\"},{\"@type\":\"WebPage\",\"@id\":\"https:\\\/\\\/dudasytextos.com\\\/causasde\\\/causas-de-la-revolucion-cubana\\\/#webpage\",\"url\":\"https:\\\/\\\/dudasytextos.com\\\/causasde\\\/causas-de-la-revolucion-cubana\\\/\",\"name\":\"Causas de la revolucion cubana (2026) Conoce las causas\",\"description\":\"Causas de la revoluci\\u00f3n cubana Por Ana Gonz\\u00e1lez Curiosidades y hechos interesantes La revoluci\\u00f3n cubana comenz\\u00f3 en 1953. Fidel Castro fue el l\\u00edder de la revoluci\\u00f3n. La revoluci\\u00f3n termin\\u00f3 en 1959 con la victoria del movimiento revolucionario. La revoluci\\u00f3n cubana tuvo un gran impacto en la pol\\u00edtica mundial. Mis experiencias personales Siempre he estado interesada\",\"inLanguage\":\"es-ES\",\"isPartOf\":{\"@id\":\"https:\\\/\\\/dudasytextos.com\\\/causasde\\\/#website\"},\"breadcrumb\":{\"@id\":\"https:\\\/\\\/dudasytextos.com\\\/causasde\\\/causas-de-la-revolucion-cubana\\\/#breadcrumblist\"},\"author\":{\"@id\":\"https:\\\/\\\/dudasytextos.com\\\/causasde\\\/author\\\/admin44\\\/#author\"},\"creator\":{\"@id\":\"https:\\\/\\\/dudasytextos.com\\\/causasde\\\/author\\\/admin44\\\/#author\"},\"datePublished\":\"2025-02-25T01:01:53+00:00\",\"dateModified\":\"2025-03-12T22:43:19+00:00\"},{\"@type\":\"WebSite\",\"@id\":\"https:\\\/\\\/dudasytextos.com\\\/causasde\\\/#website\",\"url\":\"https:\\\/\\\/dudasytextos.com\\\/causasde\\\/\",\"name\":\"\\u00bfC\\u00f3mo funciona?\",\"description\":\"Conoce las causas\",\"inLanguage\":\"es-ES\",\"publisher\":{\"@id\":\"https:\\\/\\\/dudasytextos.com\\\/causasde\\\/#organization\"}}]}\n\t\t<\/script>\n\t\t<!-- All in One SEO -->\n\n","aioseo_head_json":{"title":"Causas de la revolucion cubana (2026) Conoce las causas","description":"Causas de la revoluci\u00f3n cubana Por Ana Gonz\u00e1lez Curiosidades y hechos interesantes La revoluci\u00f3n cubana comenz\u00f3 en 1953. Fidel Castro fue el l\u00edder de la revoluci\u00f3n. La revoluci\u00f3n termin\u00f3 en 1959 con la victoria del movimiento revolucionario. La revoluci\u00f3n cubana tuvo un gran impacto en la pol\u00edtica mundial. Mis experiencias personales Siempre he estado interesada","canonical_url":"https:\/\/dudasytextos.com\/causasde\/causas-de-la-revolucion-cubana\/","robots":"max-snippet:-1, max-image-preview:large, max-video-preview:-1","keywords":"","webmasterTools":{"miscellaneous":"&lt;!-- Google tag (gtag.js) --&gt;\n&lt;script async src=\"https:\/\/www.googletagmanager.com\/gtag\/js?id=G-1RZBHH3Z7E\"&gt;&lt;\/script&gt;\n&lt;script&gt;\n  window.dataLayer = window.dataLayer || [];\n  function gtag(){dataLayer.push(arguments);}\n  gtag('js', new Date());\n\n  gtag('config', 'G-1RZBHH3Z7E');\n&lt;\/script&gt;\n&lt;script async src=\"https:\/\/pagead2.googlesyndication.com\/pagead\/js\/adsbygoogle.js?client=ca-pub-3987500858204711\"\n     crossorigin=\"anonymous\"&gt;&lt;\/script&gt;"},"schema":{"@context":"https:\/\/schema.org","@graph":[{"@type":"BlogPosting","@id":"https:\/\/dudasytextos.com\/causasde\/causas-de-la-revolucion-cubana\/#blogposting","name":"Causas de la revolucion cubana (2026) Conoce las causas","headline":"Causas de la revolucion cubana","author":{"@id":"https:\/\/dudasytextos.com\/causasde\/author\/admin44\/#author"},"publisher":{"@id":"https:\/\/dudasytextos.com\/causasde\/#organization"},"datePublished":"2025-02-25T01:01:53+00:00","dateModified":"2025-03-12T22:43:19+00:00","inLanguage":"es-ES","mainEntityOfPage":{"@id":"https:\/\/dudasytextos.com\/causasde\/causas-de-la-revolucion-cubana\/#webpage"},"isPartOf":{"@id":"https:\/\/dudasytextos.com\/causasde\/causas-de-la-revolucion-cubana\/#webpage"},"articleSection":"Conoce las causas, Revoluciones"},{"@type":"BreadcrumbList","@id":"https:\/\/dudasytextos.com\/causasde\/causas-de-la-revolucion-cubana\/#breadcrumblist","itemListElement":[{"@type":"ListItem","@id":"https:\/\/dudasytextos.com\/causasde#listItem","position":1,"name":"Inicio","item":"https:\/\/dudasytextos.com\/causasde","nextItem":{"@type":"ListItem","@id":"https:\/\/dudasytextos.com\/causasde\/category\/conoce-las-causas\/#listItem","name":"Conoce las causas"}},{"@type":"ListItem","@id":"https:\/\/dudasytextos.com\/causasde\/category\/conoce-las-causas\/#listItem","position":2,"name":"Conoce las causas","item":"https:\/\/dudasytextos.com\/causasde\/category\/conoce-las-causas\/","nextItem":{"@type":"ListItem","@id":"https:\/\/dudasytextos.com\/causasde\/causas-de-la-revolucion-cubana\/#listItem","name":"Causas de la revolucion cubana"},"previousItem":{"@type":"ListItem","@id":"https:\/\/dudasytextos.com\/causasde#listItem","name":"Inicio"}},{"@type":"ListItem","@id":"https:\/\/dudasytextos.com\/causasde\/causas-de-la-revolucion-cubana\/#listItem","position":3,"name":"Causas de la revolucion cubana","previousItem":{"@type":"ListItem","@id":"https:\/\/dudasytextos.com\/causasde\/category\/conoce-las-causas\/#listItem","name":"Conoce las causas"}}]},{"@type":"Organization","@id":"https:\/\/dudasytextos.com\/causasde\/#organization","name":"\u00bfC\u00f3mo funciona?","description":"Conoce las causas","url":"https:\/\/dudasytextos.com\/causasde\/"},{"@type":"Person","@id":"https:\/\/dudasytextos.com\/causasde\/author\/admin44\/#author","url":"https:\/\/dudasytextos.com\/causasde\/author\/admin44\/","name":"Ana Gonz\u00e1lez"},{"@type":"WebPage","@id":"https:\/\/dudasytextos.com\/causasde\/causas-de-la-revolucion-cubana\/#webpage","url":"https:\/\/dudasytextos.com\/causasde\/causas-de-la-revolucion-cubana\/","name":"Causas de la revolucion cubana (2026) Conoce las causas","description":"Causas de la revoluci\u00f3n cubana Por Ana Gonz\u00e1lez Curiosidades y hechos interesantes La revoluci\u00f3n cubana comenz\u00f3 en 1953. Fidel Castro fue el l\u00edder de la revoluci\u00f3n. La revoluci\u00f3n termin\u00f3 en 1959 con la victoria del movimiento revolucionario. La revoluci\u00f3n cubana tuvo un gran impacto en la pol\u00edtica mundial. Mis experiencias personales Siempre he estado interesada","inLanguage":"es-ES","isPartOf":{"@id":"https:\/\/dudasytextos.com\/causasde\/#website"},"breadcrumb":{"@id":"https:\/\/dudasytextos.com\/causasde\/causas-de-la-revolucion-cubana\/#breadcrumblist"},"author":{"@id":"https:\/\/dudasytextos.com\/causasde\/author\/admin44\/#author"},"creator":{"@id":"https:\/\/dudasytextos.com\/causasde\/author\/admin44\/#author"},"datePublished":"2025-02-25T01:01:53+00:00","dateModified":"2025-03-12T22:43:19+00:00"},{"@type":"WebSite","@id":"https:\/\/dudasytextos.com\/causasde\/#website","url":"https:\/\/dudasytextos.com\/causasde\/","name":"\u00bfC\u00f3mo funciona?","description":"Conoce las causas","inLanguage":"es-ES","publisher":{"@id":"https:\/\/dudasytextos.com\/causasde\/#organization"}}]},"og:locale":"es_ES","og:site_name":"Conoce las causas - Conoce las causas","og:type":"article","og:title":"Causas de la revolucion cubana (2026) Conoce las causas","og:description":"Causas de la revoluci\u00f3n cubana Por Ana Gonz\u00e1lez Curiosidades y hechos interesantes La revoluci\u00f3n cubana comenz\u00f3 en 1953. Fidel Castro fue el l\u00edder de la revoluci\u00f3n. La revoluci\u00f3n termin\u00f3 en 1959 con la victoria del movimiento revolucionario. La revoluci\u00f3n cubana tuvo un gran impacto en la pol\u00edtica mundial. Mis experiencias personales Siempre he estado interesada","og:url":"https:\/\/dudasytextos.com\/causasde\/causas-de-la-revolucion-cubana\/","article:published_time":"2025-02-25T01:01:53+00:00","article:modified_time":"2025-03-12T22:43:19+00:00","twitter:card":"summary_large_image","twitter:title":"Causas de la revolucion cubana (2026) Conoce las causas","twitter:description":"Causas de la revoluci\u00f3n cubana Por Ana Gonz\u00e1lez Curiosidades y hechos interesantes La revoluci\u00f3n cubana comenz\u00f3 en 1953. Fidel Castro fue el l\u00edder de la revoluci\u00f3n. La revoluci\u00f3n termin\u00f3 en 1959 con la victoria del movimiento revolucionario. La revoluci\u00f3n cubana tuvo un gran impacto en la pol\u00edtica mundial. Mis experiencias personales Siempre he estado interesada"},"aioseo_meta_data":{"post_id":"161742","title":null,"description":null,"keywords":null,"keyphrases":null,"primary_term":null,"canonical_url":null,"og_title":null,"og_description":null,"og_object_type":"default","og_image_type":"default","og_image_url":null,"og_image_width":null,"og_image_height":null,"og_image_custom_url":null,"og_image_custom_fields":null,"og_video":null,"og_custom_url":null,"og_article_section":null,"og_article_tags":null,"twitter_use_og":false,"twitter_card":"default","twitter_image_type":"default","twitter_image_url":null,"twitter_image_custom_url":null,"twitter_image_custom_fields":null,"twitter_title":null,"twitter_description":null,"schema":{"blockGraphs":[],"customGraphs":[],"default":{"data":{"Article":[],"Course":[],"Dataset":[],"FAQPage":[],"Movie":[],"Person":[],"Product":[],"ProductReview":[],"Car":[],"Recipe":[],"Service":[],"SoftwareApplication":[],"WebPage":[]},"graphName":"","isEnabled":true},"graphs":[]},"schema_type":"default","schema_type_options":null,"pillar_content":false,"robots_default":true,"robots_noindex":false,"robots_noarchive":false,"robots_nosnippet":false,"robots_nofollow":false,"robots_noimageindex":false,"robots_noodp":false,"robots_notranslate":false,"robots_max_snippet":null,"robots_max_videopreview":null,"robots_max_imagepreview":"large","priority":null,"frequency":null,"local_seo":null,"breadcrumb_settings":null,"limit_modified_date":false,"ai":null,"created":"2023-05-12 18:49:39","updated":"2025-06-04 02:58:37","seo_analyzer_scan_date":null,"focus_keyword":null,"additional_keywords":null,"truseo_locale":null},"aioseo_breadcrumb":"<div class=\"aioseo-breadcrumbs\"><span class=\"aioseo-breadcrumb\">\n\t\t\t<a href=\"https:\/\/dudasytextos.com\/causasde\" title=\"Inicio\">Inicio<\/a>\n\t\t<\/span><span class=\"aioseo-breadcrumb-separator\">&raquo;<\/span><span class=\"aioseo-breadcrumb\">\n\t\t\t<a href=\"https:\/\/dudasytextos.com\/causasde\/category\/conoce-las-causas\/\" title=\"Conoce las causas\">Conoce las causas<\/a>\n\t\t<\/span><span class=\"aioseo-breadcrumb-separator\">&raquo;<\/span><span class=\"aioseo-breadcrumb\">\n\t\t\tCausas de la revolucion cubana\n\t\t<\/span><\/div>","aioseo_breadcrumb_json":[{"label":"Inicio","link":"https:\/\/dudasytextos.com\/causasde"},{"label":"Conoce las causas","link":"https:\/\/dudasytextos.com\/causasde\/category\/conoce-las-causas\/"},{"label":"Causas de la revolucion cubana","link":"https:\/\/dudasytextos.com\/causasde\/causas-de-la-revolucion-cubana\/"}],"_links":{"self":[{"href":"https:\/\/dudasytextos.com\/causasde\/wp-json\/wp\/v2\/posts\/161742","targetHints":{"allow":["GET"]}}],"collection":[{"href":"https:\/\/dudasytextos.com\/causasde\/wp-json\/wp\/v2\/posts"}],"about":[{"href":"https:\/\/dudasytextos.com\/causasde\/wp-json\/wp\/v2\/types\/post"}],"author":[{"embeddable":true,"href":"https:\/\/dudasytextos.com\/causasde\/wp-json\/wp\/v2\/users\/1"}],"replies":[{"embeddable":true,"href":"https:\/\/dudasytextos.com\/causasde\/wp-json\/wp\/v2\/comments?post=161742"}],"version-history":[{"count":1,"href":"https:\/\/dudasytextos.com\/causasde\/wp-json\/wp\/v2\/posts\/161742\/revisions"}],"predecessor-version":[{"id":166837,"href":"https:\/\/dudasytextos.com\/causasde\/wp-json\/wp\/v2\/posts\/161742\/revisions\/166837"}],"wp:attachment":[{"href":"https:\/\/dudasytextos.com\/causasde\/wp-json\/wp\/v2\/media?parent=161742"}],"wp:term":[{"taxonomy":"category","embeddable":true,"href":"https:\/\/dudasytextos.com\/causasde\/wp-json\/wp\/v2\/categories?post=161742"},{"taxonomy":"post_tag","embeddable":true,"href":"https:\/\/dudasytextos.com\/causasde\/wp-json\/wp\/v2\/tags?post=161742"}],"curies":[{"name":"wp","href":"https:\/\/api.w.org\/{rel}","templated":true}]}}