{"id":161826,"date":"2025-02-18T18:25:49","date_gmt":"2025-02-18T18:25:49","guid":{"rendered":"https:\/\/educacion.cc\/?p=161826"},"modified":"2025-03-12T14:56:14","modified_gmt":"2025-03-12T14:56:14","slug":"causas-de-falta-de-aire-al-dormir","status":"publish","type":"post","link":"https:\/\/dudasytextos.com\/causasde\/causas-de-falta-de-aire-al-dormir\/","title":{"rendered":"Causas de falta de aire al dormir"},"content":{"rendered":"<div id=\"ez-toc-container\" class=\"ez-toc-v2_0_87 counter-hierarchy ez-toc-counter ez-toc-custom ez-toc-container-direction\">\n<div class=\"ez-toc-title-container\">\n<span class=\"ez-toc-title-toggle\"><\/span><\/div>\n<nav><ul class='ez-toc-list ez-toc-list-level-1 ' ><li class='ez-toc-page-1 ez-toc-heading-level-2'><a class=\"ez-toc-link ez-toc-heading-1\" href=\"https:\/\/dudasytextos.com\/causasde\/causas-de-falta-de-aire-al-dormir\/#Causas_de_falta_de_aire_al_dormir\" >Causas de falta de aire al dormir<\/a><\/li><li class='ez-toc-page-1 ez-toc-heading-level-2'><a class=\"ez-toc-link ez-toc-heading-2\" href=\"https:\/\/dudasytextos.com\/causasde\/causas-de-falta-de-aire-al-dormir\/#%C2%BFQue_es_la_apnea_del_sueno\" >\u00bfQu\u00e9 es la apnea del sue\u00f1o?<\/a><\/li><li class='ez-toc-page-1 ez-toc-heading-level-2'><a class=\"ez-toc-link ez-toc-heading-3\" href=\"https:\/\/dudasytextos.com\/causasde\/causas-de-falta-de-aire-al-dormir\/#%C2%BFCuales_son_las_causas_de_la_apnea_del_sueno\" >\u00bfCu\u00e1les son las causas de la apnea del sue\u00f1o?<\/a><\/li><li class='ez-toc-page-1 ez-toc-heading-level-2'><a class=\"ez-toc-link ez-toc-heading-4\" href=\"https:\/\/dudasytextos.com\/causasde\/causas-de-falta-de-aire-al-dormir\/#%C2%BFComo_puede_afectar_la_apnea_del_sueno_a_tu_salud\" >\u00bfC\u00f3mo puede afectar la apnea del sue\u00f1o a tu salud?<\/a><\/li><li class='ez-toc-page-1 ez-toc-heading-level-2'><a class=\"ez-toc-link ez-toc-heading-5\" href=\"https:\/\/dudasytextos.com\/causasde\/causas-de-falta-de-aire-al-dormir\/#%C2%BFComo_se_diagnostica_la_apnea_del_sueno\" >\u00bfC\u00f3mo se diagnostica la apnea del sue\u00f1o?<\/a><\/li><li class='ez-toc-page-1 ez-toc-heading-level-2'><a class=\"ez-toc-link ez-toc-heading-6\" href=\"https:\/\/dudasytextos.com\/causasde\/causas-de-falta-de-aire-al-dormir\/#%C2%BFComo_se_trata_la_apnea_del_sueno\" >\u00bfC\u00f3mo se trata la apnea del sue\u00f1o?<\/a><\/li><li class='ez-toc-page-1 ez-toc-heading-level-2'><a class=\"ez-toc-link ez-toc-heading-7\" href=\"https:\/\/dudasytextos.com\/causasde\/causas-de-falta-de-aire-al-dormir\/#Conclusiones\" >Conclusiones<\/a><\/li><li class='ez-toc-page-1 ez-toc-heading-level-2'><a class=\"ez-toc-link ez-toc-heading-8\" href=\"https:\/\/dudasytextos.com\/causasde\/causas-de-falta-de-aire-al-dormir\/#Preguntas_frecuentes\" >Preguntas frecuentes<\/a><ul class='ez-toc-list-level-3' ><li class='ez-toc-heading-level-3'><a class=\"ez-toc-link ez-toc-heading-9\" href=\"https:\/\/dudasytextos.com\/causasde\/causas-de-falta-de-aire-al-dormir\/#%C2%BFPuedo_prevenir_la_apnea_del_sueno\" >\u00bfPuedo prevenir la apnea del sue\u00f1o?<\/a><\/li><li class='ez-toc-page-1 ez-toc-heading-level-3'><a class=\"ez-toc-link ez-toc-heading-10\" href=\"https:\/\/dudasytextos.com\/causasde\/causas-de-falta-de-aire-al-dormir\/#%C2%BFPuedo_usar_un_dispositivo_CPAP_si_viajo\" >\u00bfPuedo usar un dispositivo CPAP si viajo?<\/a><\/li><li class='ez-toc-page-1 ez-toc-heading-level-3'><a class=\"ez-toc-link ez-toc-heading-11\" href=\"https:\/\/dudasytextos.com\/causasde\/causas-de-falta-de-aire-al-dormir\/#%C2%BFLa_apnea_del_sueno_afecta_mas_a_hombres_o_a_mujeres\" >\u00bfLa apnea del sue\u00f1o afecta m\u00e1s a hombres o a mujeres?<\/a><\/li><li class='ez-toc-page-1 ez-toc-heading-level-3'><a class=\"ez-toc-link ez-toc-heading-12\" href=\"https:\/\/dudasytextos.com\/causasde\/causas-de-falta-de-aire-al-dormir\/#%C2%BFPuedo_conducir_si_tengo_apnea_del_sueno\" >\u00bfPuedo conducir si tengo apnea del sue\u00f1o?<\/a><\/li><\/ul><\/li><\/ul><\/nav><\/div>\n<h2><span class=\"ez-toc-section\" id=\"Causas_de_falta_de_aire_al_dormir\"><\/span>Causas de falta de aire al dormir<span class=\"ez-toc-section-end\"><\/span><\/h2>\n<ul>\n<li>\u00bfTe despiertas con falta de aire por la noche?<\/li>\n<li>\u00bfTe cuesta respirar mientras duermes?<\/li>\n<li>\u00bfTe sientes cansado durante el d\u00eda?<\/li>\n<\/ul>\n<p>Si has respondido afirmativamente a alguna de estas preguntas, es posible que sufras de apnea del sue\u00f1o. Pero, \u00bfqu\u00e9 es la apnea del sue\u00f1o? \u00bfCu\u00e1les son sus causas? En este art\u00edculo, te lo explicamos todo.<\/p>\n<h2><span class=\"ez-toc-section\" id=\"%C2%BFQue_es_la_apnea_del_sueno\"><\/span>\u00bfQu\u00e9 es la apnea del sue\u00f1o?<span class=\"ez-toc-section-end\"><\/span><\/h2>\n<p>La apnea del sue\u00f1o es un trastorno que se caracteriza por interrupciones en la respiraci\u00f3n durante el sue\u00f1o. Estas interrupciones pueden durar desde unos pocos segundos hasta m\u00e1s de un minuto y pueden ocurrir varias veces por hora. La falta de ox\u00edgeno que se produce durante estas interrupciones puede tener graves consecuencias para la salud.<\/p>\n<h2><span class=\"ez-toc-section\" id=\"%C2%BFCuales_son_las_causas_de_la_apnea_del_sueno\"><\/span>\u00bfCu\u00e1les son las causas de la apnea del sue\u00f1o?<span class=\"ez-toc-section-end\"><\/span><\/h2>\n<p>La apnea del sue\u00f1o puede tener diversas causas, entre las que se incluyen:<\/p>\n<ul>\n<li>Sobrepeso y obesidad<\/li>\n<li>Estructura anat\u00f3mica de la cabeza y el cuello, como tener una mand\u00edbula m\u00e1s peque\u00f1a o una lengua grande<\/li>\n<li>Consumo de alcohol, tabaco o drogas<\/li>\n<li>Enfermedades como la hipertensi\u00f3n arterial, la diabetes o la enfermedad pulmonar obstructiva cr\u00f3nica (EPOC)<\/li>\n<li>Edad avanzada<\/li>\n<\/ul>\n<h2><span class=\"ez-toc-section\" id=\"%C2%BFComo_puede_afectar_la_apnea_del_sueno_a_tu_salud\"><\/span>\u00bfC\u00f3mo puede afectar la apnea del sue\u00f1o a tu salud?<span class=\"ez-toc-section-end\"><\/span><\/h2>\n<p>La apnea del sue\u00f1o puede tener graves consecuencias para la salud, como:<\/p>\n<ul>\n<li>Fatiga y somnolencia durante el d\u00eda<\/li>\n<li>Problemas de concentraci\u00f3n y memoria<\/li>\n<li>Problemas cardiovasculares, como hipertensi\u00f3n arterial, enfermedades card\u00edacas y accidentes cerebrovasculares<\/li>\n<li>Problemas metab\u00f3licos, como la resistencia a la insulina y la diabetes<\/li>\n<li>Problemas emocionales, como la depresi\u00f3n y la ansiedad<\/li>\n<\/ul>\n<p>Por eso, es importante tratar la apnea del sue\u00f1o lo antes posible.<\/p>\n<h2><span class=\"ez-toc-section\" id=\"%C2%BFComo_se_diagnostica_la_apnea_del_sueno\"><\/span>\u00bfC\u00f3mo se diagnostica la apnea del sue\u00f1o?<span class=\"ez-toc-section-end\"><\/span><\/h2>\n<p>La apnea del sue\u00f1o se diagnostica mediante una polisomnograf\u00eda, que es un estudio del sue\u00f1o que se realiza en un centro especializado. Durante la polisomnograf\u00eda, se monitorizan diversas funciones corporales, como la actividad cerebral, los movimientos oculares, la frecuencia card\u00edaca y la respiraci\u00f3n.<\/p>\n<h2><span class=\"ez-toc-section\" id=\"%C2%BFComo_se_trata_la_apnea_del_sueno\"><\/span>\u00bfC\u00f3mo se trata la apnea del sue\u00f1o?<span class=\"ez-toc-section-end\"><\/span><\/h2>\n<p>La apnea del sue\u00f1o se puede tratar de diversas formas, seg\u00fan su gravedad y sus causas. Algunas opciones de tratamiento son:<\/p>\n<ul>\n<li>Uso de un dispositivo de presi\u00f3n positiva continua en las v\u00edas respiratorias (CPAP), que mantiene las v\u00edas respiratorias abiertas durante el sue\u00f1o<\/li>\n<li>Cirug\u00eda para corregir la estructura anat\u00f3mica de las v\u00edas respiratorias<\/li>\n<li>Cambios en el estilo de vida, como perder peso, evitar el consumo de alcohol y tabaco y mejorar la higiene del sue\u00f1o<\/li>\n<\/ul>\n<h2><span class=\"ez-toc-section\" id=\"Conclusiones\"><\/span>Conclusiones<span class=\"ez-toc-section-end\"><\/span><\/h2>\n<p>La apnea del sue\u00f1o es un trastorno com\u00fan que puede tener graves consecuencias para la salud si no se trata a tiempo. Es importante conocer sus causas y s\u00edntomas para poder recibir un diagn\u00f3stico y un tratamiento adecuados.<\/p>\n<h2><span class=\"ez-toc-section\" id=\"Preguntas_frecuentes\"><\/span>Preguntas frecuentes<span class=\"ez-toc-section-end\"><\/span><\/h2>\n<h3><span class=\"ez-toc-section\" id=\"%C2%BFPuedo_prevenir_la_apnea_del_sueno\"><\/span>\u00bfPuedo prevenir la apnea del sue\u00f1o?<span class=\"ez-toc-section-end\"><\/span><\/h3>\n<p>Si bien no se puede prevenir completamente la apnea del sue\u00f1o, se pueden tomar medidas para reducir el riesgo de padecerla, como mantener un peso saludable, evitar el consumo de alcohol y tabaco y mejorar la higiene del sue\u00f1o.<\/p>\n<h3><span class=\"ez-toc-section\" id=\"%C2%BFPuedo_usar_un_dispositivo_CPAP_si_viajo\"><\/span>\u00bfPuedo usar un dispositivo CPAP si viajo?<span class=\"ez-toc-section-end\"><\/span><\/h3>\n<p>S\u00ed, existen dispositivos CPAP port\u00e1tiles que se pueden llevar en viajes. Consulta con tu m\u00e9dico para obtener m\u00e1s informaci\u00f3n.<\/p>\n<h3><span class=\"ez-toc-section\" id=\"%C2%BFLa_apnea_del_sueno_afecta_mas_a_hombres_o_a_mujeres\"><\/span>\u00bfLa apnea del sue\u00f1o afecta m\u00e1s a hombres o a mujeres?<span class=\"ez-toc-section-end\"><\/span><\/h3>\n<p>La apnea del sue\u00f1o afecta m\u00e1s a los hombres que a las mujeres, pero las mujeres tambi\u00e9n pueden padecerla.<\/p>\n<h3><span class=\"ez-toc-section\" id=\"%C2%BFPuedo_conducir_si_tengo_apnea_del_sueno\"><\/span>\u00bfPuedo conducir si tengo apnea del sue\u00f1o?<span class=\"ez-toc-section-end\"><\/span><\/h3>\n<p>Si no recibes tratamiento para la apnea del sue\u00f1o y tienes somnolencia durante el d\u00eda, es peligroso que conduzcas. Consulta con tu m\u00e9dico antes de conducir si padeces apnea del sue\u00f1o.<\/p>\n","protected":false},"excerpt":{"rendered":"<p>Causas de falta de aire al dormir \u00bfTe despiertas con falta de aire por la noche? \u00bfTe cuesta respirar mientras duermes? \u00bfTe sientes cansado durante el d\u00eda? Si has respondido afirmativamente a alguna de estas preguntas, es posible que sufras de apnea del sue\u00f1o. Pero, \u00bfqu\u00e9 es la apnea del sue\u00f1o? \u00bfCu\u00e1les son sus causas? &#8230; <a title=\"Causas de falta de aire al dormir\" class=\"read-more\" href=\"https:\/\/dudasytextos.com\/causasde\/causas-de-falta-de-aire-al-dormir\/\" aria-label=\"M\u00e1s en Causas de falta de aire al dormir\">Leer m\u00e1s<\/a><\/p>\n","protected":false},"author":1,"featured_media":0,"comment_status":"open","ping_status":"open","sticky":false,"template":"","format":"standard","meta":{"footnotes":""},"categories":[4],"tags":[],"class_list":["post-161826","post","type-post","status-publish","format-standard","hentry","category-conoce-las-causas"],"aioseo_notices":[],"aioseo_head":"\n\t\t<!-- All in One SEO 5.0.1.1 - aioseo.com -->\n\t<meta name=\"description\" content=\"Causas de falta de aire al dormir \u00bfTe despiertas con falta de aire por la noche? \u00bfTe cuesta respirar mientras duermes? \u00bfTe sientes cansado durante el d\u00eda? Si has respondido afirmativamente a alguna de estas preguntas, es posible que sufras de apnea del sue\u00f1o. Pero, \u00bfqu\u00e9 es la apnea del sue\u00f1o? \u00bfCu\u00e1les son sus causas?\" \/>\n\t<meta name=\"robots\" content=\"max-snippet:-1, max-image-preview:large, max-video-preview:-1\" \/>\n\t<meta name=\"author\" content=\"Ana Gonz\u00e1lez\"\/>\n\t<link rel=\"canonical\" href=\"https:\/\/dudasytextos.com\/causasde\/causas-de-falta-de-aire-al-dormir\/\" \/>\n\t<meta name=\"generator\" content=\"All in One SEO (AIOSEO) 5.0.1.1\" \/>\n\n\t\t<!-- Google tag (gtag.js) -->\n<script async src=\"https:\/\/www.googletagmanager.com\/gtag\/js?id=G-1RZBHH3Z7E\"><\/script>\n<script>\n  window.dataLayer = window.dataLayer || [];\n  function gtag(){dataLayer.push(arguments);}\n  gtag('js', new Date());\n\n  gtag('config', 'G-1RZBHH3Z7E');\n<\/script>\n<script async src=\"https:\/\/pagead2.googlesyndication.com\/pagead\/js\/adsbygoogle.js?client=ca-pub-3987500858204711\"\n     crossorigin=\"anonymous\"><\/script>\n\t\t<meta property=\"og:locale\" content=\"es_ES\" \/>\n\t\t<meta property=\"og:site_name\" content=\"Conoce las causas - Conoce las causas\" \/>\n\t\t<meta property=\"og:type\" content=\"article\" \/>\n\t\t<meta property=\"og:title\" content=\"Causas de falta de aire al dormir (2026) Conoce las causas\" \/>\n\t\t<meta property=\"og:description\" content=\"Causas de falta de aire al dormir \u00bfTe despiertas con falta de aire por la noche? \u00bfTe cuesta respirar mientras duermes? \u00bfTe sientes cansado durante el d\u00eda? Si has respondido afirmativamente a alguna de estas preguntas, es posible que sufras de apnea del sue\u00f1o. Pero, \u00bfqu\u00e9 es la apnea del sue\u00f1o? \u00bfCu\u00e1les son sus causas?\" \/>\n\t\t<meta property=\"og:url\" content=\"https:\/\/dudasytextos.com\/causasde\/causas-de-falta-de-aire-al-dormir\/\" \/>\n\t\t<meta property=\"article:published_time\" content=\"2025-02-18T18:25:49+00:00\" \/>\n\t\t<meta property=\"article:modified_time\" content=\"2025-03-12T14:56:14+00:00\" \/>\n\t\t<meta name=\"twitter:card\" content=\"summary_large_image\" \/>\n\t\t<meta name=\"twitter:title\" content=\"Causas de falta de aire al dormir (2026) Conoce las causas\" \/>\n\t\t<meta name=\"twitter:description\" content=\"Causas de falta de aire al dormir \u00bfTe despiertas con falta de aire por la noche? \u00bfTe cuesta respirar mientras duermes? \u00bfTe sientes cansado durante el d\u00eda? Si has respondido afirmativamente a alguna de estas preguntas, es posible que sufras de apnea del sue\u00f1o. Pero, \u00bfqu\u00e9 es la apnea del sue\u00f1o? \u00bfCu\u00e1les son sus causas?\" \/>\n\t\t<script type=\"application\/ld+json\" class=\"aioseo-schema\">\n\t\t\t{\"@context\":\"https:\\\/\\\/schema.org\",\"@graph\":[{\"@type\":\"BlogPosting\",\"@id\":\"https:\\\/\\\/dudasytextos.com\\\/causasde\\\/causas-de-falta-de-aire-al-dormir\\\/#blogposting\",\"name\":\"Causas de falta de aire al dormir (2026) Conoce las causas\",\"headline\":\"Causas de falta de aire al dormir\",\"author\":{\"@id\":\"https:\\\/\\\/dudasytextos.com\\\/causasde\\\/author\\\/admin44\\\/#author\"},\"publisher\":{\"@id\":\"https:\\\/\\\/dudasytextos.com\\\/causasde\\\/#organization\"},\"datePublished\":\"2025-02-18T18:25:49+00:00\",\"dateModified\":\"2025-03-12T14:56:14+00:00\",\"inLanguage\":\"es-ES\",\"mainEntityOfPage\":{\"@id\":\"https:\\\/\\\/dudasytextos.com\\\/causasde\\\/causas-de-falta-de-aire-al-dormir\\\/#webpage\"},\"isPartOf\":{\"@id\":\"https:\\\/\\\/dudasytextos.com\\\/causasde\\\/causas-de-falta-de-aire-al-dormir\\\/#webpage\"},\"articleSection\":\"Conoce las causas\"},{\"@type\":\"BreadcrumbList\",\"@id\":\"https:\\\/\\\/dudasytextos.com\\\/causasde\\\/causas-de-falta-de-aire-al-dormir\\\/#breadcrumblist\",\"itemListElement\":[{\"@type\":\"ListItem\",\"@id\":\"https:\\\/\\\/dudasytextos.com\\\/causasde#listItem\",\"position\":1,\"name\":\"Inicio\",\"item\":\"https:\\\/\\\/dudasytextos.com\\\/causasde\",\"nextItem\":{\"@type\":\"ListItem\",\"@id\":\"https:\\\/\\\/dudasytextos.com\\\/causasde\\\/category\\\/conoce-las-causas\\\/#listItem\",\"name\":\"Conoce las causas\"}},{\"@type\":\"ListItem\",\"@id\":\"https:\\\/\\\/dudasytextos.com\\\/causasde\\\/category\\\/conoce-las-causas\\\/#listItem\",\"position\":2,\"name\":\"Conoce las causas\",\"item\":\"https:\\\/\\\/dudasytextos.com\\\/causasde\\\/category\\\/conoce-las-causas\\\/\",\"nextItem\":{\"@type\":\"ListItem\",\"@id\":\"https:\\\/\\\/dudasytextos.com\\\/causasde\\\/causas-de-falta-de-aire-al-dormir\\\/#listItem\",\"name\":\"Causas de falta de aire al dormir\"},\"previousItem\":{\"@type\":\"ListItem\",\"@id\":\"https:\\\/\\\/dudasytextos.com\\\/causasde#listItem\",\"name\":\"Inicio\"}},{\"@type\":\"ListItem\",\"@id\":\"https:\\\/\\\/dudasytextos.com\\\/causasde\\\/causas-de-falta-de-aire-al-dormir\\\/#listItem\",\"position\":3,\"name\":\"Causas de falta de aire al dormir\",\"previousItem\":{\"@type\":\"ListItem\",\"@id\":\"https:\\\/\\\/dudasytextos.com\\\/causasde\\\/category\\\/conoce-las-causas\\\/#listItem\",\"name\":\"Conoce las causas\"}}]},{\"@type\":\"Organization\",\"@id\":\"https:\\\/\\\/dudasytextos.com\\\/causasde\\\/#organization\",\"name\":\"\\u00bfC\\u00f3mo funciona?\",\"description\":\"Conoce las causas\",\"url\":\"https:\\\/\\\/dudasytextos.com\\\/causasde\\\/\"},{\"@type\":\"Person\",\"@id\":\"https:\\\/\\\/dudasytextos.com\\\/causasde\\\/author\\\/admin44\\\/#author\",\"url\":\"https:\\\/\\\/dudasytextos.com\\\/causasde\\\/author\\\/admin44\\\/\",\"name\":\"Ana Gonz\\u00e1lez\"},{\"@type\":\"WebPage\",\"@id\":\"https:\\\/\\\/dudasytextos.com\\\/causasde\\\/causas-de-falta-de-aire-al-dormir\\\/#webpage\",\"url\":\"https:\\\/\\\/dudasytextos.com\\\/causasde\\\/causas-de-falta-de-aire-al-dormir\\\/\",\"name\":\"Causas de falta de aire al dormir (2026) Conoce las causas\",\"description\":\"Causas de falta de aire al dormir \\u00bfTe despiertas con falta de aire por la noche? \\u00bfTe cuesta respirar mientras duermes? \\u00bfTe sientes cansado durante el d\\u00eda? Si has respondido afirmativamente a alguna de estas preguntas, es posible que sufras de apnea del sue\\u00f1o. Pero, \\u00bfqu\\u00e9 es la apnea del sue\\u00f1o? \\u00bfCu\\u00e1les son sus causas?\",\"inLanguage\":\"es-ES\",\"isPartOf\":{\"@id\":\"https:\\\/\\\/dudasytextos.com\\\/causasde\\\/#website\"},\"breadcrumb\":{\"@id\":\"https:\\\/\\\/dudasytextos.com\\\/causasde\\\/causas-de-falta-de-aire-al-dormir\\\/#breadcrumblist\"},\"author\":{\"@id\":\"https:\\\/\\\/dudasytextos.com\\\/causasde\\\/author\\\/admin44\\\/#author\"},\"creator\":{\"@id\":\"https:\\\/\\\/dudasytextos.com\\\/causasde\\\/author\\\/admin44\\\/#author\"},\"datePublished\":\"2025-02-18T18:25:49+00:00\",\"dateModified\":\"2025-03-12T14:56:14+00:00\"},{\"@type\":\"WebSite\",\"@id\":\"https:\\\/\\\/dudasytextos.com\\\/causasde\\\/#website\",\"url\":\"https:\\\/\\\/dudasytextos.com\\\/causasde\\\/\",\"name\":\"\\u00bfC\\u00f3mo funciona?\",\"description\":\"Conoce las causas\",\"inLanguage\":\"es-ES\",\"publisher\":{\"@id\":\"https:\\\/\\\/dudasytextos.com\\\/causasde\\\/#organization\"}}]}\n\t\t<\/script>\n\t\t<!-- All in One SEO -->\n\n","aioseo_head_json":{"title":"Causas de falta de aire al dormir (2026) Conoce las causas","description":"Causas de falta de aire al dormir \u00bfTe despiertas con falta de aire por la noche? \u00bfTe cuesta respirar mientras duermes? \u00bfTe sientes cansado durante el d\u00eda? Si has respondido afirmativamente a alguna de estas preguntas, es posible que sufras de apnea del sue\u00f1o. Pero, \u00bfqu\u00e9 es la apnea del sue\u00f1o? \u00bfCu\u00e1les son sus causas?","canonical_url":"https:\/\/dudasytextos.com\/causasde\/causas-de-falta-de-aire-al-dormir\/","robots":"max-snippet:-1, max-image-preview:large, max-video-preview:-1","keywords":"","webmasterTools":{"miscellaneous":"&lt;!-- Google tag (gtag.js) --&gt;\n&lt;script async src=\"https:\/\/www.googletagmanager.com\/gtag\/js?id=G-1RZBHH3Z7E\"&gt;&lt;\/script&gt;\n&lt;script&gt;\n  window.dataLayer = window.dataLayer || [];\n  function gtag(){dataLayer.push(arguments);}\n  gtag('js', new Date());\n\n  gtag('config', 'G-1RZBHH3Z7E');\n&lt;\/script&gt;\n&lt;script async src=\"https:\/\/pagead2.googlesyndication.com\/pagead\/js\/adsbygoogle.js?client=ca-pub-3987500858204711\"\n     crossorigin=\"anonymous\"&gt;&lt;\/script&gt;"},"schema":{"@context":"https:\/\/schema.org","@graph":[{"@type":"BlogPosting","@id":"https:\/\/dudasytextos.com\/causasde\/causas-de-falta-de-aire-al-dormir\/#blogposting","name":"Causas de falta de aire al dormir (2026) Conoce las causas","headline":"Causas de falta de aire al dormir","author":{"@id":"https:\/\/dudasytextos.com\/causasde\/author\/admin44\/#author"},"publisher":{"@id":"https:\/\/dudasytextos.com\/causasde\/#organization"},"datePublished":"2025-02-18T18:25:49+00:00","dateModified":"2025-03-12T14:56:14+00:00","inLanguage":"es-ES","mainEntityOfPage":{"@id":"https:\/\/dudasytextos.com\/causasde\/causas-de-falta-de-aire-al-dormir\/#webpage"},"isPartOf":{"@id":"https:\/\/dudasytextos.com\/causasde\/causas-de-falta-de-aire-al-dormir\/#webpage"},"articleSection":"Conoce las causas"},{"@type":"BreadcrumbList","@id":"https:\/\/dudasytextos.com\/causasde\/causas-de-falta-de-aire-al-dormir\/#breadcrumblist","itemListElement":[{"@type":"ListItem","@id":"https:\/\/dudasytextos.com\/causasde#listItem","position":1,"name":"Inicio","item":"https:\/\/dudasytextos.com\/causasde","nextItem":{"@type":"ListItem","@id":"https:\/\/dudasytextos.com\/causasde\/category\/conoce-las-causas\/#listItem","name":"Conoce las causas"}},{"@type":"ListItem","@id":"https:\/\/dudasytextos.com\/causasde\/category\/conoce-las-causas\/#listItem","position":2,"name":"Conoce las causas","item":"https:\/\/dudasytextos.com\/causasde\/category\/conoce-las-causas\/","nextItem":{"@type":"ListItem","@id":"https:\/\/dudasytextos.com\/causasde\/causas-de-falta-de-aire-al-dormir\/#listItem","name":"Causas de falta de aire al dormir"},"previousItem":{"@type":"ListItem","@id":"https:\/\/dudasytextos.com\/causasde#listItem","name":"Inicio"}},{"@type":"ListItem","@id":"https:\/\/dudasytextos.com\/causasde\/causas-de-falta-de-aire-al-dormir\/#listItem","position":3,"name":"Causas de falta de aire al dormir","previousItem":{"@type":"ListItem","@id":"https:\/\/dudasytextos.com\/causasde\/category\/conoce-las-causas\/#listItem","name":"Conoce las causas"}}]},{"@type":"Organization","@id":"https:\/\/dudasytextos.com\/causasde\/#organization","name":"\u00bfC\u00f3mo funciona?","description":"Conoce las causas","url":"https:\/\/dudasytextos.com\/causasde\/"},{"@type":"Person","@id":"https:\/\/dudasytextos.com\/causasde\/author\/admin44\/#author","url":"https:\/\/dudasytextos.com\/causasde\/author\/admin44\/","name":"Ana Gonz\u00e1lez"},{"@type":"WebPage","@id":"https:\/\/dudasytextos.com\/causasde\/causas-de-falta-de-aire-al-dormir\/#webpage","url":"https:\/\/dudasytextos.com\/causasde\/causas-de-falta-de-aire-al-dormir\/","name":"Causas de falta de aire al dormir (2026) Conoce las causas","description":"Causas de falta de aire al dormir \u00bfTe despiertas con falta de aire por la noche? \u00bfTe cuesta respirar mientras duermes? \u00bfTe sientes cansado durante el d\u00eda? Si has respondido afirmativamente a alguna de estas preguntas, es posible que sufras de apnea del sue\u00f1o. Pero, \u00bfqu\u00e9 es la apnea del sue\u00f1o? \u00bfCu\u00e1les son sus causas?","inLanguage":"es-ES","isPartOf":{"@id":"https:\/\/dudasytextos.com\/causasde\/#website"},"breadcrumb":{"@id":"https:\/\/dudasytextos.com\/causasde\/causas-de-falta-de-aire-al-dormir\/#breadcrumblist"},"author":{"@id":"https:\/\/dudasytextos.com\/causasde\/author\/admin44\/#author"},"creator":{"@id":"https:\/\/dudasytextos.com\/causasde\/author\/admin44\/#author"},"datePublished":"2025-02-18T18:25:49+00:00","dateModified":"2025-03-12T14:56:14+00:00"},{"@type":"WebSite","@id":"https:\/\/dudasytextos.com\/causasde\/#website","url":"https:\/\/dudasytextos.com\/causasde\/","name":"\u00bfC\u00f3mo funciona?","description":"Conoce las causas","inLanguage":"es-ES","publisher":{"@id":"https:\/\/dudasytextos.com\/causasde\/#organization"}}]},"og:locale":"es_ES","og:site_name":"Conoce las causas - Conoce las causas","og:type":"article","og:title":"Causas de falta de aire al dormir (2026) Conoce las causas","og:description":"Causas de falta de aire al dormir \u00bfTe despiertas con falta de aire por la noche? \u00bfTe cuesta respirar mientras duermes? \u00bfTe sientes cansado durante el d\u00eda? Si has respondido afirmativamente a alguna de estas preguntas, es posible que sufras de apnea del sue\u00f1o. Pero, \u00bfqu\u00e9 es la apnea del sue\u00f1o? \u00bfCu\u00e1les son sus causas?","og:url":"https:\/\/dudasytextos.com\/causasde\/causas-de-falta-de-aire-al-dormir\/","article:published_time":"2025-02-18T18:25:49+00:00","article:modified_time":"2025-03-12T14:56:14+00:00","twitter:card":"summary_large_image","twitter:title":"Causas de falta de aire al dormir (2026) Conoce las causas","twitter:description":"Causas de falta de aire al dormir \u00bfTe despiertas con falta de aire por la noche? \u00bfTe cuesta respirar mientras duermes? \u00bfTe sientes cansado durante el d\u00eda? Si has respondido afirmativamente a alguna de estas preguntas, es posible que sufras de apnea del sue\u00f1o. Pero, \u00bfqu\u00e9 es la apnea del sue\u00f1o? \u00bfCu\u00e1les son sus causas?"},"aioseo_meta_data":{"post_id":"161826","title":null,"description":null,"keywords":null,"keyphrases":null,"primary_term":null,"canonical_url":null,"og_title":null,"og_description":null,"og_object_type":"default","og_image_type":"default","og_image_url":null,"og_image_width":null,"og_image_height":null,"og_image_custom_url":null,"og_image_custom_fields":null,"og_video":null,"og_custom_url":null,"og_article_section":null,"og_article_tags":null,"twitter_use_og":false,"twitter_card":"default","twitter_image_type":"default","twitter_image_url":null,"twitter_image_custom_url":null,"twitter_image_custom_fields":null,"twitter_title":null,"twitter_description":null,"schema":{"blockGraphs":[],"customGraphs":[],"default":{"data":{"Article":[],"Course":[],"Dataset":[],"FAQPage":[],"Movie":[],"Person":[],"Product":[],"ProductReview":[],"Car":[],"Recipe":[],"Service":[],"SoftwareApplication":[],"WebPage":[]},"graphName":"","isEnabled":true},"graphs":[]},"schema_type":"default","schema_type_options":null,"pillar_content":false,"robots_default":true,"robots_noindex":false,"robots_noarchive":false,"robots_nosnippet":false,"robots_nofollow":false,"robots_noimageindex":false,"robots_noodp":false,"robots_notranslate":false,"robots_max_snippet":null,"robots_max_videopreview":null,"robots_max_imagepreview":"large","priority":null,"frequency":null,"local_seo":null,"breadcrumb_settings":null,"limit_modified_date":false,"ai":null,"created":"2023-05-12 18:33:52","updated":"2025-06-03 23:09:19","seo_analyzer_scan_date":null,"focus_keyword":null,"additional_keywords":null,"truseo_locale":null},"aioseo_breadcrumb":"<div class=\"aioseo-breadcrumbs\"><span class=\"aioseo-breadcrumb\">\n\t\t\t<a href=\"https:\/\/dudasytextos.com\/causasde\" title=\"Inicio\">Inicio<\/a>\n\t\t<\/span><span class=\"aioseo-breadcrumb-separator\">&raquo;<\/span><span class=\"aioseo-breadcrumb\">\n\t\t\t<a href=\"https:\/\/dudasytextos.com\/causasde\/category\/conoce-las-causas\/\" title=\"Conoce las causas\">Conoce las causas<\/a>\n\t\t<\/span><span class=\"aioseo-breadcrumb-separator\">&raquo;<\/span><span class=\"aioseo-breadcrumb\">\n\t\t\tCausas de falta de aire al dormir\n\t\t<\/span><\/div>","aioseo_breadcrumb_json":[{"label":"Inicio","link":"https:\/\/dudasytextos.com\/causasde"},{"label":"Conoce las causas","link":"https:\/\/dudasytextos.com\/causasde\/category\/conoce-las-causas\/"},{"label":"Causas de falta de aire al dormir","link":"https:\/\/dudasytextos.com\/causasde\/causas-de-falta-de-aire-al-dormir\/"}],"_links":{"self":[{"href":"https:\/\/dudasytextos.com\/causasde\/wp-json\/wp\/v2\/posts\/161826","targetHints":{"allow":["GET"]}}],"collection":[{"href":"https:\/\/dudasytextos.com\/causasde\/wp-json\/wp\/v2\/posts"}],"about":[{"href":"https:\/\/dudasytextos.com\/causasde\/wp-json\/wp\/v2\/types\/post"}],"author":[{"embeddable":true,"href":"https:\/\/dudasytextos.com\/causasde\/wp-json\/wp\/v2\/users\/1"}],"replies":[{"embeddable":true,"href":"https:\/\/dudasytextos.com\/causasde\/wp-json\/wp\/v2\/comments?post=161826"}],"version-history":[{"count":1,"href":"https:\/\/dudasytextos.com\/causasde\/wp-json\/wp\/v2\/posts\/161826\/revisions"}],"predecessor-version":[{"id":166753,"href":"https:\/\/dudasytextos.com\/causasde\/wp-json\/wp\/v2\/posts\/161826\/revisions\/166753"}],"wp:attachment":[{"href":"https:\/\/dudasytextos.com\/causasde\/wp-json\/wp\/v2\/media?parent=161826"}],"wp:term":[{"taxonomy":"category","embeddable":true,"href":"https:\/\/dudasytextos.com\/causasde\/wp-json\/wp\/v2\/categories?post=161826"},{"taxonomy":"post_tag","embeddable":true,"href":"https:\/\/dudasytextos.com\/causasde\/wp-json\/wp\/v2\/tags?post=161826"}],"curies":[{"name":"wp","href":"https:\/\/api.w.org\/{rel}","templated":true}]}}