{"id":161931,"date":"2025-03-12T22:03:17","date_gmt":"2025-03-12T22:03:17","guid":{"rendered":"https:\/\/educacion.cc\/?p=161931"},"modified":"2025-03-13T02:32:55","modified_gmt":"2025-03-13T02:32:55","slug":"causas-de-la-sequia-en-espana","status":"publish","type":"post","link":"https:\/\/dudasytextos.com\/causasde\/causas-de-la-sequia-en-espana\/","title":{"rendered":"Causas de la sequia en espa\u00f1a"},"content":{"rendered":"<div id=\"ez-toc-container\" class=\"ez-toc-v2_0_87 counter-hierarchy ez-toc-counter ez-toc-custom ez-toc-container-direction\">\n<div class=\"ez-toc-title-container\">\n<span class=\"ez-toc-title-toggle\"><\/span><\/div>\n<nav><ul class='ez-toc-list ez-toc-list-level-1 ' ><li class='ez-toc-page-1 ez-toc-heading-level-2'><a class=\"ez-toc-link ez-toc-heading-1\" href=\"https:\/\/dudasytextos.com\/causasde\/causas-de-la-sequia-en-espana\/#Causas_de_la_sequia_en_Espana\" >Causas de la sequ\u00eda en Espa\u00f1a<\/a><\/li><li class='ez-toc-page-1 ez-toc-heading-level-2'><a class=\"ez-toc-link ez-toc-heading-2\" href=\"https:\/\/dudasytextos.com\/causasde\/causas-de-la-sequia-en-espana\/#Curiosidades_e_informacion_interesante\" >Curiosidades e informaci\u00f3n interesante<\/a><\/li><li class='ez-toc-page-1 ez-toc-heading-level-2'><a class=\"ez-toc-link ez-toc-heading-3\" href=\"https:\/\/dudasytextos.com\/causasde\/causas-de-la-sequia-en-espana\/#Factores_climaticos\" >Factores clim\u00e1ticos<\/a><\/li><li class='ez-toc-page-1 ez-toc-heading-level-2'><a class=\"ez-toc-link ez-toc-heading-4\" href=\"https:\/\/dudasytextos.com\/causasde\/causas-de-la-sequia-en-espana\/#Factores_humanos\" >Factores humanos<\/a><\/li><li class='ez-toc-page-1 ez-toc-heading-level-2'><a class=\"ez-toc-link ez-toc-heading-5\" href=\"https:\/\/dudasytextos.com\/causasde\/causas-de-la-sequia-en-espana\/#Consecuencias_de_la_sequia\" >Consecuencias de la sequ\u00eda<\/a><\/li><li class='ez-toc-page-1 ez-toc-heading-level-2'><a class=\"ez-toc-link ez-toc-heading-6\" href=\"https:\/\/dudasytextos.com\/causasde\/causas-de-la-sequia-en-espana\/#Mi_experiencia_personal\" >Mi experiencia personal<\/a><\/li><li class='ez-toc-page-1 ez-toc-heading-level-2'><a class=\"ez-toc-link ez-toc-heading-7\" href=\"https:\/\/dudasytextos.com\/causasde\/causas-de-la-sequia-en-espana\/#Preguntas_frecuentes\" >Preguntas frecuentes<\/a><ul class='ez-toc-list-level-3' ><li class='ez-toc-heading-level-3'><a class=\"ez-toc-link ez-toc-heading-8\" href=\"https:\/\/dudasytextos.com\/causasde\/causas-de-la-sequia-en-espana\/#%C2%BFQue_podemos_hacer_para_evitar_la_sequia\" >\u00bfQu\u00e9 podemos hacer para evitar la sequ\u00eda?<\/a><\/li><li class='ez-toc-page-1 ez-toc-heading-level-3'><a class=\"ez-toc-link ez-toc-heading-9\" href=\"https:\/\/dudasytextos.com\/causasde\/causas-de-la-sequia-en-espana\/#%C2%BFComo_afecta_la_sequia_a_la_economia\" >\u00bfC\u00f3mo afecta la sequ\u00eda a la econom\u00eda?<\/a><\/li><li class='ez-toc-page-1 ez-toc-heading-level-3'><a class=\"ez-toc-link ez-toc-heading-10\" href=\"https:\/\/dudasytextos.com\/causasde\/causas-de-la-sequia-en-espana\/#%C2%BFQue_podemos_hacer_para_combatir_el_cambio_climatico\" >\u00bfQu\u00e9 podemos hacer para combatir el cambio clim\u00e1tico?<\/a><\/li><\/ul><\/li><\/ul><\/nav><\/div>\n<h2><span class=\"ez-toc-section\" id=\"Causas_de_la_sequia_en_Espana\"><\/span>Causas de la sequ\u00eda en Espa\u00f1a<span class=\"ez-toc-section-end\"><\/span><\/h2>\n<p>Por Ana Gonz\u00e1lez<\/p>\n<section>\n<h2><span class=\"ez-toc-section\" id=\"Curiosidades_e_informacion_interesante\"><\/span>Curiosidades e informaci\u00f3n interesante<span class=\"ez-toc-section-end\"><\/span><\/h2>\n<ul>\n<li>En Espa\u00f1a, la sequ\u00eda es una amenaza recurrente que afecta a diferentes regiones del pa\u00eds.<\/li>\n<li>Seg\u00fan estudios, las causas de la sequ\u00eda en Espa\u00f1a se deben a factores clim\u00e1ticos y humanos.<\/li>\n<li>La sequ\u00eda puede tener graves consecuencias en la econom\u00eda, el medio ambiente y la sociedad.<\/li>\n<li>En los \u00faltimos a\u00f1os, la sequ\u00eda ha sido una de las principales preocupaciones de los espa\u00f1oles.<\/li>\n<\/ul>\n<\/section>\n<section>\n<h2><span class=\"ez-toc-section\" id=\"Factores_climaticos\"><\/span>Factores clim\u00e1ticos<span class=\"ez-toc-section-end\"><\/span><\/h2>\n<p>El clima es uno de los principales factores que influyen en la sequ\u00eda en Espa\u00f1a. En los \u00faltimos a\u00f1os, el cambio clim\u00e1tico ha agravado la situaci\u00f3n, aumentando la frecuencia e intensidad de las sequ\u00edas. Entre los factores clim\u00e1ticos destacan:<\/p>\n<ul>\n<li>La falta de lluvias. Espa\u00f1a es uno de los pa\u00edses m\u00e1s \u00e1ridos de Europa, con una media de precipitaciones inferiores a la media europea.<\/li>\n<li>Las altas temperaturas. El aumento de la temperatura media en Espa\u00f1a ha provocado la evaporaci\u00f3n de las reservas de agua.<\/li>\n<li>Las olas de calor. Las olas de calor son cada vez m\u00e1s frecuentes en Espa\u00f1a, lo que agrava la sequ\u00eda y aumenta el riesgo de incendios forestales.<\/li>\n<\/ul>\n<\/section>\n<section>\n<h2><span class=\"ez-toc-section\" id=\"Factores_humanos\"><\/span>Factores humanos<span class=\"ez-toc-section-end\"><\/span><\/h2>\n<p>Adem\u00e1s de los factores clim\u00e1ticos, la acci\u00f3n del ser humano tambi\u00e9n contribuye a la sequ\u00eda en Espa\u00f1a. Algunos de los factores humanos que influyen en la sequ\u00eda son:<\/p>\n<ul>\n<li>El uso excesivo de agua. En Espa\u00f1a, el consumo de agua por habitante es superior a la media europea, lo que provoca la disminuci\u00f3n de las reservas de agua.<\/li>\n<li>La agricultura intensiva. La agricultura es uno de los sectores que m\u00e1s agua consume en Espa\u00f1a, lo que provoca la sobreexplotaci\u00f3n de los acu\u00edferos y la disminuci\u00f3n de las reservas de agua.<\/li>\n<li>La urbanizaci\u00f3n. El crecimiento de las ciudades ha provocado la disminuci\u00f3n de las zonas verdes y el aumento de la superficie impermeable, lo que dificulta la recarga de los acu\u00edferos y aumenta la escasez de agua.<\/li>\n<\/ul>\n<\/section>\n<section>\n<h2><span class=\"ez-toc-section\" id=\"Consecuencias_de_la_sequia\"><\/span>Consecuencias de la sequ\u00eda<span class=\"ez-toc-section-end\"><\/span><\/h2>\n<p>La sequ\u00eda puede tener graves consecuencias en la econom\u00eda, el medio ambiente y la sociedad. Algunas de las consecuencias m\u00e1s destacadas son:<\/p>\n<ul>\n<li>La disminuci\u00f3n de la producci\u00f3n agr\u00edcola y ganadera.<\/li>\n<li>La disminuci\u00f3n de la calidad del agua.<\/li>\n<li>El aumento de los precios de los alimentos.<\/li>\n<li>La p\u00e9rdida de biodiversidad.<\/li>\n<li>El aumento de la desertificaci\u00f3n.<\/li>\n<li>La disminuci\u00f3n del turismo rural.<\/li>\n<li>El aumento del riesgo de incendios forestales.<\/li>\n<\/ul>\n<\/section>\n<section>\n<h2><span class=\"ez-toc-section\" id=\"Mi_experiencia_personal\"><\/span>Mi experiencia personal<span class=\"ez-toc-section-end\"><\/span><\/h2>\n<p>Como habitante de una zona afectada por la sequ\u00eda, he podido comprobar de primera mano las consecuencias de esta problem\u00e1tica. Hace unos a\u00f1os, mi familia y yo tuvimos que hacer frente a la escasez de agua, lo que nos oblig\u00f3 a cambiar nuestros h\u00e1bitos de consumo y a buscar alternativas para satisfacer nuestras necesidades b\u00e1sicas. Esta experiencia me hizo tomar conciencia de la importancia de preservar nuestros recursos h\u00eddricos y de adoptar medidas para evitar la sequ\u00eda.<\/p>\n<\/section>\n<section>\n<h2><span class=\"ez-toc-section\" id=\"Preguntas_frecuentes\"><\/span>Preguntas frecuentes<span class=\"ez-toc-section-end\"><\/span><\/h2>\n<h3><span class=\"ez-toc-section\" id=\"%C2%BFQue_podemos_hacer_para_evitar_la_sequia\"><\/span>\u00bfQu\u00e9 podemos hacer para evitar la sequ\u00eda?<span class=\"ez-toc-section-end\"><\/span><\/h3>\n<p>Para evitar la sequ\u00eda, es fundamental adoptar h\u00e1bitos de consumo responsable y reducir el uso de agua en nuestro d\u00eda a d\u00eda. Adem\u00e1s, es importante promover pr\u00e1cticas agr\u00edcolas sostenibles y fomentar la reutilizaci\u00f3n de aguas residuales.<\/p>\n<h3><span class=\"ez-toc-section\" id=\"%C2%BFComo_afecta_la_sequia_a_la_economia\"><\/span>\u00bfC\u00f3mo afecta la sequ\u00eda a la econom\u00eda?<span class=\"ez-toc-section-end\"><\/span><\/h3>\n<p>La sequ\u00eda puede tener graves consecuencias en la econom\u00eda, especialmente en el sector agr\u00edcola y ganadero. La disminuci\u00f3n de la producci\u00f3n y la p\u00e9rdida de cultivos pueden provocar el aumento de los precios de los alimentos y la disminuci\u00f3n de los ingresos de los agricultores.<\/p>\n<h3><span class=\"ez-toc-section\" id=\"%C2%BFQue_podemos_hacer_para_combatir_el_cambio_climatico\"><\/span>\u00bfQu\u00e9 podemos hacer para combatir el cambio clim\u00e1tico?<span class=\"ez-toc-section-end\"><\/span><\/h3>\n<p>Para combatir el cambio clim\u00e1tico, es fundamental reducir las emisiones de gases de efecto invernadero y promover pr\u00e1cticas sostenibles en todos los \u00e1mbitos de la sociedad. Adem\u00e1s, es importante fomentar la investigaci\u00f3n y el desarrollo de tecnolog\u00edas limpias y renovables.<\/p>\n<\/section>\n","protected":false},"excerpt":{"rendered":"<p>Causas de la sequ\u00eda en Espa\u00f1a Por Ana Gonz\u00e1lez Curiosidades e informaci\u00f3n interesante En Espa\u00f1a, la sequ\u00eda es una amenaza recurrente que afecta a diferentes regiones del pa\u00eds. Seg\u00fan estudios, las causas de la sequ\u00eda en Espa\u00f1a se deben a factores clim\u00e1ticos y humanos. La sequ\u00eda puede tener graves consecuencias en la econom\u00eda, el medio &#8230; <a title=\"Causas de la sequia en espa\u00f1a\" class=\"read-more\" href=\"https:\/\/dudasytextos.com\/causasde\/causas-de-la-sequia-en-espana\/\" aria-label=\"M\u00e1s en Causas de la sequia en espa\u00f1a\">Leer m\u00e1s<\/a><\/p>\n","protected":false},"author":1,"featured_media":0,"comment_status":"open","ping_status":"open","sticky":false,"template":"","format":"standard","meta":{"footnotes":""},"categories":[4,10],"tags":[],"class_list":["post-161931","post","type-post","status-publish","format-standard","hentry","category-conoce-las-causas","category-en-espana"],"aioseo_notices":[],"aioseo_head":"\n\t\t<!-- All in One SEO 5.0.1.1 - aioseo.com -->\n\t<meta name=\"description\" content=\"Causas de la sequ\u00eda en Espa\u00f1a Por Ana Gonz\u00e1lez Curiosidades e informaci\u00f3n interesante En Espa\u00f1a, la sequ\u00eda es una amenaza recurrente que afecta a diferentes regiones del pa\u00eds. Seg\u00fan estudios, las causas de la sequ\u00eda en Espa\u00f1a se deben a factores clim\u00e1ticos y humanos. La sequ\u00eda puede tener graves consecuencias en la econom\u00eda, el medio\" \/>\n\t<meta name=\"robots\" content=\"max-snippet:-1, max-image-preview:large, max-video-preview:-1\" \/>\n\t<meta name=\"author\" content=\"Ana Gonz\u00e1lez\"\/>\n\t<link rel=\"canonical\" href=\"https:\/\/dudasytextos.com\/causasde\/causas-de-la-sequia-en-espana\/\" \/>\n\t<meta name=\"generator\" content=\"All in One SEO (AIOSEO) 5.0.1.1\" \/>\n\n\t\t<!-- Google tag (gtag.js) -->\n<script async src=\"https:\/\/www.googletagmanager.com\/gtag\/js?id=G-1RZBHH3Z7E\"><\/script>\n<script>\n  window.dataLayer = window.dataLayer || [];\n  function gtag(){dataLayer.push(arguments);}\n  gtag('js', new Date());\n\n  gtag('config', 'G-1RZBHH3Z7E');\n<\/script>\n<script async src=\"https:\/\/pagead2.googlesyndication.com\/pagead\/js\/adsbygoogle.js?client=ca-pub-3987500858204711\"\n     crossorigin=\"anonymous\"><\/script>\n\t\t<meta property=\"og:locale\" content=\"es_ES\" \/>\n\t\t<meta property=\"og:site_name\" content=\"Conoce las causas - Conoce las causas\" \/>\n\t\t<meta property=\"og:type\" content=\"article\" \/>\n\t\t<meta property=\"og:title\" content=\"Causas de la sequia en espa\u00f1a (2026) Conoce las causas\" \/>\n\t\t<meta property=\"og:description\" content=\"Causas de la sequ\u00eda en Espa\u00f1a Por Ana Gonz\u00e1lez Curiosidades e informaci\u00f3n interesante En Espa\u00f1a, la sequ\u00eda es una amenaza recurrente que afecta a diferentes regiones del pa\u00eds. Seg\u00fan estudios, las causas de la sequ\u00eda en Espa\u00f1a se deben a factores clim\u00e1ticos y humanos. La sequ\u00eda puede tener graves consecuencias en la econom\u00eda, el medio\" \/>\n\t\t<meta property=\"og:url\" content=\"https:\/\/dudasytextos.com\/causasde\/causas-de-la-sequia-en-espana\/\" \/>\n\t\t<meta property=\"article:published_time\" content=\"2025-03-12T22:03:17+00:00\" \/>\n\t\t<meta property=\"article:modified_time\" content=\"2025-03-13T02:32:55+00:00\" \/>\n\t\t<meta name=\"twitter:card\" content=\"summary_large_image\" \/>\n\t\t<meta name=\"twitter:title\" content=\"Causas de la sequia en espa\u00f1a (2026) Conoce las causas\" \/>\n\t\t<meta name=\"twitter:description\" content=\"Causas de la sequ\u00eda en Espa\u00f1a Por Ana Gonz\u00e1lez Curiosidades e informaci\u00f3n interesante En Espa\u00f1a, la sequ\u00eda es una amenaza recurrente que afecta a diferentes regiones del pa\u00eds. Seg\u00fan estudios, las causas de la sequ\u00eda en Espa\u00f1a se deben a factores clim\u00e1ticos y humanos. La sequ\u00eda puede tener graves consecuencias en la econom\u00eda, el medio\" \/>\n\t\t<script type=\"application\/ld+json\" class=\"aioseo-schema\">\n\t\t\t{\"@context\":\"https:\\\/\\\/schema.org\",\"@graph\":[{\"@type\":\"BlogPosting\",\"@id\":\"https:\\\/\\\/dudasytextos.com\\\/causasde\\\/causas-de-la-sequia-en-espana\\\/#blogposting\",\"name\":\"Causas de la sequia en espa\\u00f1a (2026) Conoce las causas\",\"headline\":\"Causas de la sequia en espa\\u00f1a\",\"author\":{\"@id\":\"https:\\\/\\\/dudasytextos.com\\\/causasde\\\/author\\\/admin44\\\/#author\"},\"publisher\":{\"@id\":\"https:\\\/\\\/dudasytextos.com\\\/causasde\\\/#organization\"},\"datePublished\":\"2025-03-12T22:03:17+00:00\",\"dateModified\":\"2025-03-13T02:32:55+00:00\",\"inLanguage\":\"es-ES\",\"mainEntityOfPage\":{\"@id\":\"https:\\\/\\\/dudasytextos.com\\\/causasde\\\/causas-de-la-sequia-en-espana\\\/#webpage\"},\"isPartOf\":{\"@id\":\"https:\\\/\\\/dudasytextos.com\\\/causasde\\\/causas-de-la-sequia-en-espana\\\/#webpage\"},\"articleSection\":\"Conoce las causas, En Espa\\u00f1a\"},{\"@type\":\"BreadcrumbList\",\"@id\":\"https:\\\/\\\/dudasytextos.com\\\/causasde\\\/causas-de-la-sequia-en-espana\\\/#breadcrumblist\",\"itemListElement\":[{\"@type\":\"ListItem\",\"@id\":\"https:\\\/\\\/dudasytextos.com\\\/causasde#listItem\",\"position\":1,\"name\":\"Inicio\",\"item\":\"https:\\\/\\\/dudasytextos.com\\\/causasde\",\"nextItem\":{\"@type\":\"ListItem\",\"@id\":\"https:\\\/\\\/dudasytextos.com\\\/causasde\\\/category\\\/conoce-las-causas\\\/#listItem\",\"name\":\"Conoce las causas\"}},{\"@type\":\"ListItem\",\"@id\":\"https:\\\/\\\/dudasytextos.com\\\/causasde\\\/category\\\/conoce-las-causas\\\/#listItem\",\"position\":2,\"name\":\"Conoce las causas\",\"item\":\"https:\\\/\\\/dudasytextos.com\\\/causasde\\\/category\\\/conoce-las-causas\\\/\",\"nextItem\":{\"@type\":\"ListItem\",\"@id\":\"https:\\\/\\\/dudasytextos.com\\\/causasde\\\/causas-de-la-sequia-en-espana\\\/#listItem\",\"name\":\"Causas de la sequia en espa\\u00f1a\"},\"previousItem\":{\"@type\":\"ListItem\",\"@id\":\"https:\\\/\\\/dudasytextos.com\\\/causasde#listItem\",\"name\":\"Inicio\"}},{\"@type\":\"ListItem\",\"@id\":\"https:\\\/\\\/dudasytextos.com\\\/causasde\\\/causas-de-la-sequia-en-espana\\\/#listItem\",\"position\":3,\"name\":\"Causas de la sequia en espa\\u00f1a\",\"previousItem\":{\"@type\":\"ListItem\",\"@id\":\"https:\\\/\\\/dudasytextos.com\\\/causasde\\\/category\\\/conoce-las-causas\\\/#listItem\",\"name\":\"Conoce las causas\"}}]},{\"@type\":\"Organization\",\"@id\":\"https:\\\/\\\/dudasytextos.com\\\/causasde\\\/#organization\",\"name\":\"\\u00bfC\\u00f3mo funciona?\",\"description\":\"Conoce las causas\",\"url\":\"https:\\\/\\\/dudasytextos.com\\\/causasde\\\/\"},{\"@type\":\"Person\",\"@id\":\"https:\\\/\\\/dudasytextos.com\\\/causasde\\\/author\\\/admin44\\\/#author\",\"url\":\"https:\\\/\\\/dudasytextos.com\\\/causasde\\\/author\\\/admin44\\\/\",\"name\":\"Ana Gonz\\u00e1lez\"},{\"@type\":\"WebPage\",\"@id\":\"https:\\\/\\\/dudasytextos.com\\\/causasde\\\/causas-de-la-sequia-en-espana\\\/#webpage\",\"url\":\"https:\\\/\\\/dudasytextos.com\\\/causasde\\\/causas-de-la-sequia-en-espana\\\/\",\"name\":\"Causas de la sequia en espa\\u00f1a (2026) Conoce las causas\",\"description\":\"Causas de la sequ\\u00eda en Espa\\u00f1a Por Ana Gonz\\u00e1lez Curiosidades e informaci\\u00f3n interesante En Espa\\u00f1a, la sequ\\u00eda es una amenaza recurrente que afecta a diferentes regiones del pa\\u00eds. Seg\\u00fan estudios, las causas de la sequ\\u00eda en Espa\\u00f1a se deben a factores clim\\u00e1ticos y humanos. La sequ\\u00eda puede tener graves consecuencias en la econom\\u00eda, el medio\",\"inLanguage\":\"es-ES\",\"isPartOf\":{\"@id\":\"https:\\\/\\\/dudasytextos.com\\\/causasde\\\/#website\"},\"breadcrumb\":{\"@id\":\"https:\\\/\\\/dudasytextos.com\\\/causasde\\\/causas-de-la-sequia-en-espana\\\/#breadcrumblist\"},\"author\":{\"@id\":\"https:\\\/\\\/dudasytextos.com\\\/causasde\\\/author\\\/admin44\\\/#author\"},\"creator\":{\"@id\":\"https:\\\/\\\/dudasytextos.com\\\/causasde\\\/author\\\/admin44\\\/#author\"},\"datePublished\":\"2025-03-12T22:03:17+00:00\",\"dateModified\":\"2025-03-13T02:32:55+00:00\"},{\"@type\":\"WebSite\",\"@id\":\"https:\\\/\\\/dudasytextos.com\\\/causasde\\\/#website\",\"url\":\"https:\\\/\\\/dudasytextos.com\\\/causasde\\\/\",\"name\":\"\\u00bfC\\u00f3mo funciona?\",\"description\":\"Conoce las causas\",\"inLanguage\":\"es-ES\",\"publisher\":{\"@id\":\"https:\\\/\\\/dudasytextos.com\\\/causasde\\\/#organization\"}}]}\n\t\t<\/script>\n\t\t<!-- All in One SEO -->\n\n","aioseo_head_json":{"title":"Causas de la sequia en espa\u00f1a (2026) Conoce las causas","description":"Causas de la sequ\u00eda en Espa\u00f1a Por Ana Gonz\u00e1lez Curiosidades e informaci\u00f3n interesante En Espa\u00f1a, la sequ\u00eda es una amenaza recurrente que afecta a diferentes regiones del pa\u00eds. Seg\u00fan estudios, las causas de la sequ\u00eda en Espa\u00f1a se deben a factores clim\u00e1ticos y humanos. La sequ\u00eda puede tener graves consecuencias en la econom\u00eda, el medio","canonical_url":"https:\/\/dudasytextos.com\/causasde\/causas-de-la-sequia-en-espana\/","robots":"max-snippet:-1, max-image-preview:large, max-video-preview:-1","keywords":"","webmasterTools":{"miscellaneous":"&lt;!-- Google tag (gtag.js) --&gt;\n&lt;script async src=\"https:\/\/www.googletagmanager.com\/gtag\/js?id=G-1RZBHH3Z7E\"&gt;&lt;\/script&gt;\n&lt;script&gt;\n  window.dataLayer = window.dataLayer || [];\n  function gtag(){dataLayer.push(arguments);}\n  gtag('js', new Date());\n\n  gtag('config', 'G-1RZBHH3Z7E');\n&lt;\/script&gt;\n&lt;script async src=\"https:\/\/pagead2.googlesyndication.com\/pagead\/js\/adsbygoogle.js?client=ca-pub-3987500858204711\"\n     crossorigin=\"anonymous\"&gt;&lt;\/script&gt;"},"schema":{"@context":"https:\/\/schema.org","@graph":[{"@type":"BlogPosting","@id":"https:\/\/dudasytextos.com\/causasde\/causas-de-la-sequia-en-espana\/#blogposting","name":"Causas de la sequia en espa\u00f1a (2026) Conoce las causas","headline":"Causas de la sequia en espa\u00f1a","author":{"@id":"https:\/\/dudasytextos.com\/causasde\/author\/admin44\/#author"},"publisher":{"@id":"https:\/\/dudasytextos.com\/causasde\/#organization"},"datePublished":"2025-03-12T22:03:17+00:00","dateModified":"2025-03-13T02:32:55+00:00","inLanguage":"es-ES","mainEntityOfPage":{"@id":"https:\/\/dudasytextos.com\/causasde\/causas-de-la-sequia-en-espana\/#webpage"},"isPartOf":{"@id":"https:\/\/dudasytextos.com\/causasde\/causas-de-la-sequia-en-espana\/#webpage"},"articleSection":"Conoce las causas, En Espa\u00f1a"},{"@type":"BreadcrumbList","@id":"https:\/\/dudasytextos.com\/causasde\/causas-de-la-sequia-en-espana\/#breadcrumblist","itemListElement":[{"@type":"ListItem","@id":"https:\/\/dudasytextos.com\/causasde#listItem","position":1,"name":"Inicio","item":"https:\/\/dudasytextos.com\/causasde","nextItem":{"@type":"ListItem","@id":"https:\/\/dudasytextos.com\/causasde\/category\/conoce-las-causas\/#listItem","name":"Conoce las causas"}},{"@type":"ListItem","@id":"https:\/\/dudasytextos.com\/causasde\/category\/conoce-las-causas\/#listItem","position":2,"name":"Conoce las causas","item":"https:\/\/dudasytextos.com\/causasde\/category\/conoce-las-causas\/","nextItem":{"@type":"ListItem","@id":"https:\/\/dudasytextos.com\/causasde\/causas-de-la-sequia-en-espana\/#listItem","name":"Causas de la sequia en espa\u00f1a"},"previousItem":{"@type":"ListItem","@id":"https:\/\/dudasytextos.com\/causasde#listItem","name":"Inicio"}},{"@type":"ListItem","@id":"https:\/\/dudasytextos.com\/causasde\/causas-de-la-sequia-en-espana\/#listItem","position":3,"name":"Causas de la sequia en espa\u00f1a","previousItem":{"@type":"ListItem","@id":"https:\/\/dudasytextos.com\/causasde\/category\/conoce-las-causas\/#listItem","name":"Conoce las causas"}}]},{"@type":"Organization","@id":"https:\/\/dudasytextos.com\/causasde\/#organization","name":"\u00bfC\u00f3mo funciona?","description":"Conoce las causas","url":"https:\/\/dudasytextos.com\/causasde\/"},{"@type":"Person","@id":"https:\/\/dudasytextos.com\/causasde\/author\/admin44\/#author","url":"https:\/\/dudasytextos.com\/causasde\/author\/admin44\/","name":"Ana Gonz\u00e1lez"},{"@type":"WebPage","@id":"https:\/\/dudasytextos.com\/causasde\/causas-de-la-sequia-en-espana\/#webpage","url":"https:\/\/dudasytextos.com\/causasde\/causas-de-la-sequia-en-espana\/","name":"Causas de la sequia en espa\u00f1a (2026) Conoce las causas","description":"Causas de la sequ\u00eda en Espa\u00f1a Por Ana Gonz\u00e1lez Curiosidades e informaci\u00f3n interesante En Espa\u00f1a, la sequ\u00eda es una amenaza recurrente que afecta a diferentes regiones del pa\u00eds. Seg\u00fan estudios, las causas de la sequ\u00eda en Espa\u00f1a se deben a factores clim\u00e1ticos y humanos. La sequ\u00eda puede tener graves consecuencias en la econom\u00eda, el medio","inLanguage":"es-ES","isPartOf":{"@id":"https:\/\/dudasytextos.com\/causasde\/#website"},"breadcrumb":{"@id":"https:\/\/dudasytextos.com\/causasde\/causas-de-la-sequia-en-espana\/#breadcrumblist"},"author":{"@id":"https:\/\/dudasytextos.com\/causasde\/author\/admin44\/#author"},"creator":{"@id":"https:\/\/dudasytextos.com\/causasde\/author\/admin44\/#author"},"datePublished":"2025-03-12T22:03:17+00:00","dateModified":"2025-03-13T02:32:55+00:00"},{"@type":"WebSite","@id":"https:\/\/dudasytextos.com\/causasde\/#website","url":"https:\/\/dudasytextos.com\/causasde\/","name":"\u00bfC\u00f3mo funciona?","description":"Conoce las causas","inLanguage":"es-ES","publisher":{"@id":"https:\/\/dudasytextos.com\/causasde\/#organization"}}]},"og:locale":"es_ES","og:site_name":"Conoce las causas - Conoce las causas","og:type":"article","og:title":"Causas de la sequia en espa\u00f1a (2026) Conoce las causas","og:description":"Causas de la sequ\u00eda en Espa\u00f1a Por Ana Gonz\u00e1lez Curiosidades e informaci\u00f3n interesante En Espa\u00f1a, la sequ\u00eda es una amenaza recurrente que afecta a diferentes regiones del pa\u00eds. Seg\u00fan estudios, las causas de la sequ\u00eda en Espa\u00f1a se deben a factores clim\u00e1ticos y humanos. La sequ\u00eda puede tener graves consecuencias en la econom\u00eda, el medio","og:url":"https:\/\/dudasytextos.com\/causasde\/causas-de-la-sequia-en-espana\/","article:published_time":"2025-03-12T22:03:17+00:00","article:modified_time":"2025-03-13T02:32:55+00:00","twitter:card":"summary_large_image","twitter:title":"Causas de la sequia en espa\u00f1a (2026) Conoce las causas","twitter:description":"Causas de la sequ\u00eda en Espa\u00f1a Por Ana Gonz\u00e1lez Curiosidades e informaci\u00f3n interesante En Espa\u00f1a, la sequ\u00eda es una amenaza recurrente que afecta a diferentes regiones del pa\u00eds. Seg\u00fan estudios, las causas de la sequ\u00eda en Espa\u00f1a se deben a factores clim\u00e1ticos y humanos. La sequ\u00eda puede tener graves consecuencias en la econom\u00eda, el medio"},"aioseo_meta_data":{"post_id":"161931","title":null,"description":null,"keywords":null,"keyphrases":null,"primary_term":null,"canonical_url":null,"og_title":null,"og_description":null,"og_object_type":"default","og_image_type":"default","og_image_url":null,"og_image_width":null,"og_image_height":null,"og_image_custom_url":null,"og_image_custom_fields":null,"og_video":null,"og_custom_url":null,"og_article_section":null,"og_article_tags":null,"twitter_use_og":false,"twitter_card":"default","twitter_image_type":"default","twitter_image_url":null,"twitter_image_custom_url":null,"twitter_image_custom_fields":null,"twitter_title":null,"twitter_description":null,"schema":{"blockGraphs":[],"customGraphs":[],"default":{"data":{"Article":[],"Course":[],"Dataset":[],"FAQPage":[],"Movie":[],"Person":[],"Product":[],"ProductReview":[],"Car":[],"Recipe":[],"Service":[],"SoftwareApplication":[],"WebPage":[]},"graphName":"","isEnabled":true},"graphs":[]},"schema_type":"default","schema_type_options":null,"pillar_content":false,"robots_default":true,"robots_noindex":false,"robots_noarchive":false,"robots_nosnippet":false,"robots_nofollow":false,"robots_noimageindex":false,"robots_noodp":false,"robots_notranslate":false,"robots_max_snippet":null,"robots_max_videopreview":null,"robots_max_imagepreview":"large","priority":null,"frequency":null,"local_seo":null,"breadcrumb_settings":null,"limit_modified_date":false,"ai":null,"created":"2023-05-12 18:15:22","updated":"2025-06-04 17:00:07","seo_analyzer_scan_date":null,"focus_keyword":null,"additional_keywords":null,"truseo_locale":null},"aioseo_breadcrumb":"<div class=\"aioseo-breadcrumbs\"><span class=\"aioseo-breadcrumb\">\n\t\t\t<a href=\"https:\/\/dudasytextos.com\/causasde\" title=\"Inicio\">Inicio<\/a>\n\t\t<\/span><span class=\"aioseo-breadcrumb-separator\">&raquo;<\/span><span class=\"aioseo-breadcrumb\">\n\t\t\t<a href=\"https:\/\/dudasytextos.com\/causasde\/category\/conoce-las-causas\/\" title=\"Conoce las causas\">Conoce las causas<\/a>\n\t\t<\/span><span class=\"aioseo-breadcrumb-separator\">&raquo;<\/span><span class=\"aioseo-breadcrumb\">\n\t\t\tCausas de la sequia en espa\u00f1a\n\t\t<\/span><\/div>","aioseo_breadcrumb_json":[{"label":"Inicio","link":"https:\/\/dudasytextos.com\/causasde"},{"label":"Conoce las causas","link":"https:\/\/dudasytextos.com\/causasde\/category\/conoce-las-causas\/"},{"label":"Causas de la sequia en espa\u00f1a","link":"https:\/\/dudasytextos.com\/causasde\/causas-de-la-sequia-en-espana\/"}],"_links":{"self":[{"href":"https:\/\/dudasytextos.com\/causasde\/wp-json\/wp\/v2\/posts\/161931","targetHints":{"allow":["GET"]}}],"collection":[{"href":"https:\/\/dudasytextos.com\/causasde\/wp-json\/wp\/v2\/posts"}],"about":[{"href":"https:\/\/dudasytextos.com\/causasde\/wp-json\/wp\/v2\/types\/post"}],"author":[{"embeddable":true,"href":"https:\/\/dudasytextos.com\/causasde\/wp-json\/wp\/v2\/users\/1"}],"replies":[{"embeddable":true,"href":"https:\/\/dudasytextos.com\/causasde\/wp-json\/wp\/v2\/comments?post=161931"}],"version-history":[{"count":1,"href":"https:\/\/dudasytextos.com\/causasde\/wp-json\/wp\/v2\/posts\/161931\/revisions"}],"predecessor-version":[{"id":166648,"href":"https:\/\/dudasytextos.com\/causasde\/wp-json\/wp\/v2\/posts\/161931\/revisions\/166648"}],"wp:attachment":[{"href":"https:\/\/dudasytextos.com\/causasde\/wp-json\/wp\/v2\/media?parent=161931"}],"wp:term":[{"taxonomy":"category","embeddable":true,"href":"https:\/\/dudasytextos.com\/causasde\/wp-json\/wp\/v2\/categories?post=161931"},{"taxonomy":"post_tag","embeddable":true,"href":"https:\/\/dudasytextos.com\/causasde\/wp-json\/wp\/v2\/tags?post=161931"}],"curies":[{"name":"wp","href":"https:\/\/api.w.org\/{rel}","templated":true}]}}