{"id":161934,"date":"2025-02-28T18:15:40","date_gmt":"2025-02-28T18:15:40","guid":{"rendered":"https:\/\/educacion.cc\/?p=161934"},"modified":"2025-03-13T08:14:13","modified_gmt":"2025-03-13T08:14:13","slug":"5-causas-de-la-contaminacion-del-aire","status":"publish","type":"post","link":"https:\/\/dudasytextos.com\/causasde\/5-causas-de-la-contaminacion-del-aire\/","title":{"rendered":"5 causas de la contaminaci\u00f3n del aire"},"content":{"rendered":"<div id=\"ez-toc-container\" class=\"ez-toc-v2_0_87 counter-hierarchy ez-toc-counter ez-toc-custom ez-toc-container-direction\">\n<div class=\"ez-toc-title-container\">\n<span class=\"ez-toc-title-toggle\"><\/span><\/div>\n<nav><ul class='ez-toc-list ez-toc-list-level-1 ' ><li class='ez-toc-page-1 ez-toc-heading-level-2'><a class=\"ez-toc-link ez-toc-heading-1\" href=\"https:\/\/dudasytextos.com\/causasde\/5-causas-de-la-contaminacion-del-aire\/#5_causas_de_la_contaminacion_del_aire\" >5 causas de la contaminaci\u00f3n del aire<\/a><\/li><li class='ez-toc-page-1 ez-toc-heading-level-2'><a class=\"ez-toc-link ez-toc-heading-2\" href=\"https:\/\/dudasytextos.com\/causasde\/5-causas-de-la-contaminacion-del-aire\/#Por_Ana_Gonzalez\" >Por Ana Gonz\u00e1lez<\/a><\/li><li class='ez-toc-page-1 ez-toc-heading-level-2'><a class=\"ez-toc-link ez-toc-heading-3\" href=\"https:\/\/dudasytextos.com\/causasde\/5-causas-de-la-contaminacion-del-aire\/#Introduccion\" >Introducci\u00f3n<\/a><\/li><li class='ez-toc-page-1 ez-toc-heading-level-2'><a class=\"ez-toc-link ez-toc-heading-4\" href=\"https:\/\/dudasytextos.com\/causasde\/5-causas-de-la-contaminacion-del-aire\/#Curiosidades_e_informacion_interesante\" >Curiosidades e informaci\u00f3n interesante<\/a><\/li><li class='ez-toc-page-1 ez-toc-heading-level-2'><a class=\"ez-toc-link ez-toc-heading-5\" href=\"https:\/\/dudasytextos.com\/causasde\/5-causas-de-la-contaminacion-del-aire\/#Causa_1_El_trafico_vehicular\" >Causa 1: El tr\u00e1fico vehicular<\/a><\/li><li class='ez-toc-page-1 ez-toc-heading-level-2'><a class=\"ez-toc-link ez-toc-heading-6\" href=\"https:\/\/dudasytextos.com\/causasde\/5-causas-de-la-contaminacion-del-aire\/#Causa_2_La_industria\" >Causa 2: La industria<\/a><\/li><li class='ez-toc-page-1 ez-toc-heading-level-2'><a class=\"ez-toc-link ez-toc-heading-7\" href=\"https:\/\/dudasytextos.com\/causasde\/5-causas-de-la-contaminacion-del-aire\/#Causa_3_La_quema_de_combustibles_fosiles\" >Causa 3: La quema de combustibles f\u00f3siles<\/a><\/li><li class='ez-toc-page-1 ez-toc-heading-level-2'><a class=\"ez-toc-link ez-toc-heading-8\" href=\"https:\/\/dudasytextos.com\/causasde\/5-causas-de-la-contaminacion-del-aire\/#Causa_4_La_agricultura\" >Causa 4: La agricultura<\/a><\/li><li class='ez-toc-page-1 ez-toc-heading-level-2'><a class=\"ez-toc-link ez-toc-heading-9\" href=\"https:\/\/dudasytextos.com\/causasde\/5-causas-de-la-contaminacion-del-aire\/#Causa_5_Los_incendios_forestales\" >Causa 5: Los incendios forestales<\/a><\/li><li class='ez-toc-page-1 ez-toc-heading-level-2'><a class=\"ez-toc-link ez-toc-heading-10\" href=\"https:\/\/dudasytextos.com\/causasde\/5-causas-de-la-contaminacion-del-aire\/#Preguntas_frecuentes\" >Preguntas frecuentes<\/a><\/li><\/ul><\/nav><\/div>\n<h2><span class=\"ez-toc-section\" id=\"5_causas_de_la_contaminacion_del_aire\"><\/span>5 causas de la contaminaci\u00f3n del aire<span class=\"ez-toc-section-end\"><\/span><\/h2>\n<h2><span class=\"ez-toc-section\" id=\"Por_Ana_Gonzalez\"><\/span>Por Ana Gonz\u00e1lez<span class=\"ez-toc-section-end\"><\/span><\/h2>\n<section>\n<h2><span class=\"ez-toc-section\" id=\"Introduccion\"><\/span>Introducci\u00f3n<span class=\"ez-toc-section-end\"><\/span><\/h2>\n<p>La calidad del aire es esencial para nuestra salud y bienestar. Desafortunadamente, la contaminaci\u00f3n del aire es un problema grave en todo el mundo. En este art\u00edculo, exploraremos las cinco principales causas de la contaminaci\u00f3n del aire y c\u00f3mo podemos reducir su impacto en nuestra vida diaria.<\/p>\n<\/section>\n<section>\n<h2><span class=\"ez-toc-section\" id=\"Curiosidades_e_informacion_interesante\"><\/span>Curiosidades e informaci\u00f3n interesante<span class=\"ez-toc-section-end\"><\/span><\/h2>\n<ul>\n<li>La contaminaci\u00f3n del aire es responsable de aproximadamente 7 millones de muertes prematuras cada a\u00f1o en todo el mundo.<\/li>\n<li>El 91% de la poblaci\u00f3n mundial vive en lugares donde la calidad del aire no cumple con las directrices de la Organizaci\u00f3n Mundial de la Salud (OMS).<\/li>\n<li>Los veh\u00edculos son responsables del 70% de la contaminaci\u00f3n del aire en las ciudades europeas.<\/li>\n<li>La quema de combustibles f\u00f3siles para la producci\u00f3n de energ\u00eda es responsable del 40% de las emisiones de di\u00f3xido de carbono en todo el mundo.<\/li>\n<li>La contaminaci\u00f3n del aire puede tener efectos graves en la salud, como enfermedades respiratorias, enfermedades cardiovasculares y c\u00e1ncer de pulm\u00f3n.<\/li>\n<\/ul>\n<\/section>\n<section>\n<h2><span class=\"ez-toc-section\" id=\"Causa_1_El_trafico_vehicular\"><\/span>Causa 1: El tr\u00e1fico vehicular<span class=\"ez-toc-section-end\"><\/span><\/h2>\n<p>El tr\u00e1fico vehicular es una de las principales causas de la contaminaci\u00f3n del aire en las ciudades. Los veh\u00edculos emiten una variedad de contaminantes, como di\u00f3xido de carbono, mon\u00f3xido de carbono y \u00f3xidos de nitr\u00f3geno, que pueden tener efectos graves en la salud humana.<\/p>\n<p>Hice la prueba de ir en bicicleta al trabajo en lugar de conducir mi coche y los resultados fueron sorprendentes. No solo reduje mi huella de carbono, sino que tambi\u00e9n me sent\u00ed m\u00e1s saludable y en\u00e9rgica durante todo el d\u00eda.<\/p>\n<p>Para reducir la contaminaci\u00f3n del aire causada por el tr\u00e1fico vehicular, podemos optar por caminar, andar en bicicleta o usar el transporte p\u00fablico en lugar de conducir nuestro coche. Adem\u00e1s, la electrificaci\u00f3n del transporte y las pol\u00edticas de movilidad sostenible pueden ayudar a reducir las emisiones de los veh\u00edculos.<\/p>\n<\/section>\n<section>\n<h2><span class=\"ez-toc-section\" id=\"Causa_2_La_industria\"><\/span>Causa 2: La industria<span class=\"ez-toc-section-end\"><\/span><\/h2>\n<p>La industria es otra importante fuente de contaminaci\u00f3n del aire. Las emisiones industriales pueden incluir gases t\u00f3xicos, part\u00edculas y productos qu\u00edmicos, que pueden ser peligrosos para la salud humana y el medio ambiente.<\/p>\n<p>Recuerdo una vez visitar una f\u00e1brica cercana a mi casa y ver c\u00f3mo los residuos de producci\u00f3n eran liberados al aire sin ning\u00fan tipo de control. Eso me hizo pensar en el impacto que tiene la industria en la calidad del aire.<\/p>\n<p>Para reducir la contaminaci\u00f3n del aire causada por la industria, podemos exigir que las empresas implementen tecnolog\u00edas m\u00e1s limpias y reduzcan sus emisiones. Adem\u00e1s, las pol\u00edticas gubernamentales pueden establecer l\u00edmites de emisiones y fomentar el uso de energ\u00edas renovables en la producci\u00f3n industrial.<\/p>\n<\/section>\n<section>\n<h2><span class=\"ez-toc-section\" id=\"Causa_3_La_quema_de_combustibles_fosiles\"><\/span>Causa 3: La quema de combustibles f\u00f3siles<span class=\"ez-toc-section-end\"><\/span><\/h2>\n<p>La quema de combustibles f\u00f3siles, como el petr\u00f3leo y el carb\u00f3n, es una importante fuente de emisiones de gases de efecto invernadero y contaminantes del aire. Estas emisiones contribuyen a la contaminaci\u00f3n del aire y al cambio clim\u00e1tico.<\/p>\n<p>Me di cuenta de que mi hogar estaba utilizando una gran cantidad de energ\u00eda de combustibles f\u00f3siles, as\u00ed que instal\u00e9 paneles solares y reduje significativamente mi huella de carbono.<\/p>\n<p>Para reducir la contaminaci\u00f3n del aire causada por la quema de combustibles f\u00f3siles, podemos optar por fuentes de energ\u00eda renovable, como la energ\u00eda solar o e\u00f3lica. Adem\u00e1s, las pol\u00edticas gubernamentales pueden fomentar la adopci\u00f3n de energ\u00edas renovables y establecer l\u00edmites de emisiones para las industrias que utilizan combustibles f\u00f3siles.<\/p>\n<\/section>\n<section>\n<h2><span class=\"ez-toc-section\" id=\"Causa_4_La_agricultura\"><\/span>Causa 4: La agricultura<span class=\"ez-toc-section-end\"><\/span><\/h2>\n<p>La agricultura es una importante fuente de emisiones de gases de efecto invernadero y contaminantes del aire. Las emisiones pueden provenir de la quema de residuos agr\u00edcolas, el uso de fertilizantes y el ganado.<\/p>\n<p>Recuerdo visitar una granja y ver c\u00f3mo el ganado era criado en condiciones insalubres y con una gran cantidad de residuos. Me di cuenta de que la agricultura industrial puede tener un impacto significativo en la calidad del aire.<\/p>\n<p>Para reducir la contaminaci\u00f3n del aire causada por la agricultura, podemos apoyar la agricultura sostenible y local, reducir el consumo de carne y optar por opciones vegetales. Adem\u00e1s, las pol\u00edticas gubernamentales pueden establecer l\u00edmites de emisiones para la agricultura y fomentar pr\u00e1cticas agr\u00edcolas m\u00e1s sostenibles.<\/p>\n<\/section>\n<section>\n<h2><span class=\"ez-toc-section\" id=\"Causa_5_Los_incendios_forestales\"><\/span>Causa 5: Los incendios forestales<span class=\"ez-toc-section-end\"><\/span><\/h2>\n<p>Los incendios forestales pueden ser una importante fuente de contaminaci\u00f3n del aire. Las emisiones de humo y ceniza pueden tener efectos graves en la salud humana y el medio ambiente.<\/p>\n<p>Recuerdo haber visto un gran incendio forestal desde mi casa y sentir c\u00f3mo el humo afectaba a mi respiraci\u00f3n. Eso me hizo darme cuenta de la importancia de la prevenci\u00f3n y el control de los incendios forestales.<\/p>\n<p>Para reducir la contaminaci\u00f3n del aire causada por los incendios forestales, podemos apoyar la prevenci\u00f3n y el control de los incendios forestales mediante pr\u00e1cticas de gesti\u00f3n forestal y medidas de seguridad. Adem\u00e1s, las pol\u00edticas gubernamentales pueden fomentar la prevenci\u00f3n de incendios forestales y establecer planes de emergencia para manejar los incendios forestales cuando ocurren.<\/p>\n<\/section>\n<section>\n<h2><span class=\"ez-toc-section\" id=\"Preguntas_frecuentes\"><\/span>Preguntas frecuentes<span class=\"ez-toc-section-end\"><\/span><\/h2>\n<dl>\n<dt>\u00bfQu\u00e9 es la contaminaci\u00f3n del aire?<\/dt>\n<dd>La contaminaci\u00f3n del aire se refiere a la presencia de sustancias da\u00f1inas en el aire, como gases, part\u00edculas y productos qu\u00edmicos, que pueden tener efectos negativos en la salud humana y el medio ambiente.<\/dd>\n<dt>\u00bfCu\u00e1les son los efectos de la contaminaci\u00f3n del aire en la salud?<\/dt>\n<dd>La contaminaci\u00f3n del aire puede tener efectos graves en la salud, como enfermedades respiratorias, enfermedades cardiovasculares y c\u00e1ncer de pulm\u00f3n.<\/dd>\n<dt>\u00bfC\u00f3mo puedo reducir mi huella de carbono?<\/dt>\n<dd>Puedes reducir tu huella de carbono optando por formas de transporte m\u00e1s sostenibles, reduciendo tu consumo de carne y productos animales, y utilizando fuentes de energ\u00eda renovable en tu hogar.<\/dd>\n<dt>\u00bfQu\u00e9 pueden hacer los gobiernos para reducir la contaminaci\u00f3n del aire?<\/dt>\n<dd>Los gobiernos pueden establecer l\u00edmites de emisiones para las industrias, fomentar la adopci\u00f3n de energ\u00edas renovables y establecer pol\u00edticas de movilidad sostenible para reducir la contaminaci\u00f3n del aire.<\/dd>\n<\/dl>\n<\/section>\n<footer>\n<p>\u00a9 2023 Ana Gonz\u00e1lez. Todos los derechos reservados.<\/p>\n<\/footer>\n","protected":false},"excerpt":{"rendered":"<p>5 causas de la contaminaci\u00f3n del aire Por Ana Gonz\u00e1lez Introducci\u00f3n La calidad del aire es esencial para nuestra salud y bienestar. Desafortunadamente, la contaminaci\u00f3n del aire es un problema grave en todo el mundo. En este art\u00edculo, exploraremos las cinco principales causas de la contaminaci\u00f3n del aire y c\u00f3mo podemos reducir su impacto en &#8230; <a title=\"5 causas de la contaminaci\u00f3n del aire\" class=\"read-more\" href=\"https:\/\/dudasytextos.com\/causasde\/5-causas-de-la-contaminacion-del-aire\/\" aria-label=\"M\u00e1s en 5 causas de la contaminaci\u00f3n del aire\">Leer m\u00e1s<\/a><\/p>\n","protected":false},"author":1,"featured_media":0,"comment_status":"open","ping_status":"open","sticky":false,"template":"","format":"standard","meta":{"footnotes":""},"categories":[4,19],"tags":[],"class_list":["post-161934","post","type-post","status-publish","format-standard","hentry","category-conoce-las-causas","category-contaminacion"],"aioseo_notices":[],"aioseo_head":"\n\t\t<!-- All in One SEO 5.0.1.1 - aioseo.com -->\n\t<meta name=\"description\" content=\"5 causas de la contaminaci\u00f3n del aire Por Ana Gonz\u00e1lez Introducci\u00f3n La calidad del aire es esencial para nuestra salud y bienestar. Desafortunadamente, la contaminaci\u00f3n del aire es un problema grave en todo el mundo. En este art\u00edculo, exploraremos las cinco principales causas de la contaminaci\u00f3n del aire y c\u00f3mo podemos reducir su impacto en\" \/>\n\t<meta name=\"robots\" content=\"max-snippet:-1, max-image-preview:large, max-video-preview:-1\" \/>\n\t<meta name=\"author\" content=\"Ana Gonz\u00e1lez\"\/>\n\t<link rel=\"canonical\" href=\"https:\/\/dudasytextos.com\/causasde\/5-causas-de-la-contaminacion-del-aire\/\" \/>\n\t<meta name=\"generator\" content=\"All in One SEO (AIOSEO) 5.0.1.1\" \/>\n\n\t\t<!-- Google tag (gtag.js) -->\n<script async src=\"https:\/\/www.googletagmanager.com\/gtag\/js?id=G-1RZBHH3Z7E\"><\/script>\n<script>\n  window.dataLayer = window.dataLayer || [];\n  function gtag(){dataLayer.push(arguments);}\n  gtag('js', new Date());\n\n  gtag('config', 'G-1RZBHH3Z7E');\n<\/script>\n<script async src=\"https:\/\/pagead2.googlesyndication.com\/pagead\/js\/adsbygoogle.js?client=ca-pub-3987500858204711\"\n     crossorigin=\"anonymous\"><\/script>\n\t\t<meta property=\"og:locale\" content=\"es_ES\" \/>\n\t\t<meta property=\"og:site_name\" content=\"Conoce las causas - Conoce las causas\" \/>\n\t\t<meta property=\"og:type\" content=\"article\" \/>\n\t\t<meta property=\"og:title\" content=\"5 causas de la contaminaci\u00f3n del aire (2026) Conoce las causas\" \/>\n\t\t<meta property=\"og:description\" content=\"5 causas de la contaminaci\u00f3n del aire Por Ana Gonz\u00e1lez Introducci\u00f3n La calidad del aire es esencial para nuestra salud y bienestar. Desafortunadamente, la contaminaci\u00f3n del aire es un problema grave en todo el mundo. En este art\u00edculo, exploraremos las cinco principales causas de la contaminaci\u00f3n del aire y c\u00f3mo podemos reducir su impacto en\" \/>\n\t\t<meta property=\"og:url\" content=\"https:\/\/dudasytextos.com\/causasde\/5-causas-de-la-contaminacion-del-aire\/\" \/>\n\t\t<meta property=\"article:published_time\" content=\"2025-02-28T18:15:40+00:00\" \/>\n\t\t<meta property=\"article:modified_time\" content=\"2025-03-13T08:14:13+00:00\" \/>\n\t\t<meta name=\"twitter:card\" content=\"summary_large_image\" \/>\n\t\t<meta name=\"twitter:title\" content=\"5 causas de la contaminaci\u00f3n del aire (2026) Conoce las causas\" \/>\n\t\t<meta name=\"twitter:description\" content=\"5 causas de la contaminaci\u00f3n del aire Por Ana Gonz\u00e1lez Introducci\u00f3n La calidad del aire es esencial para nuestra salud y bienestar. Desafortunadamente, la contaminaci\u00f3n del aire es un problema grave en todo el mundo. En este art\u00edculo, exploraremos las cinco principales causas de la contaminaci\u00f3n del aire y c\u00f3mo podemos reducir su impacto en\" \/>\n\t\t<script type=\"application\/ld+json\" class=\"aioseo-schema\">\n\t\t\t{\"@context\":\"https:\\\/\\\/schema.org\",\"@graph\":[{\"@type\":\"BlogPosting\",\"@id\":\"https:\\\/\\\/dudasytextos.com\\\/causasde\\\/5-causas-de-la-contaminacion-del-aire\\\/#blogposting\",\"name\":\"5 causas de la contaminaci\\u00f3n del aire (2026) Conoce las causas\",\"headline\":\"5 causas de la contaminaci\\u00f3n del aire\",\"author\":{\"@id\":\"https:\\\/\\\/dudasytextos.com\\\/causasde\\\/author\\\/admin44\\\/#author\"},\"publisher\":{\"@id\":\"https:\\\/\\\/dudasytextos.com\\\/causasde\\\/#organization\"},\"datePublished\":\"2025-02-28T18:15:40+00:00\",\"dateModified\":\"2025-03-13T08:14:13+00:00\",\"inLanguage\":\"es-ES\",\"mainEntityOfPage\":{\"@id\":\"https:\\\/\\\/dudasytextos.com\\\/causasde\\\/5-causas-de-la-contaminacion-del-aire\\\/#webpage\"},\"isPartOf\":{\"@id\":\"https:\\\/\\\/dudasytextos.com\\\/causasde\\\/5-causas-de-la-contaminacion-del-aire\\\/#webpage\"},\"articleSection\":\"Conoce las causas, Contaminaci\\u00f3n\"},{\"@type\":\"BreadcrumbList\",\"@id\":\"https:\\\/\\\/dudasytextos.com\\\/causasde\\\/5-causas-de-la-contaminacion-del-aire\\\/#breadcrumblist\",\"itemListElement\":[{\"@type\":\"ListItem\",\"@id\":\"https:\\\/\\\/dudasytextos.com\\\/causasde#listItem\",\"position\":1,\"name\":\"Inicio\",\"item\":\"https:\\\/\\\/dudasytextos.com\\\/causasde\",\"nextItem\":{\"@type\":\"ListItem\",\"@id\":\"https:\\\/\\\/dudasytextos.com\\\/causasde\\\/category\\\/conoce-las-causas\\\/#listItem\",\"name\":\"Conoce las causas\"}},{\"@type\":\"ListItem\",\"@id\":\"https:\\\/\\\/dudasytextos.com\\\/causasde\\\/category\\\/conoce-las-causas\\\/#listItem\",\"position\":2,\"name\":\"Conoce las causas\",\"item\":\"https:\\\/\\\/dudasytextos.com\\\/causasde\\\/category\\\/conoce-las-causas\\\/\",\"nextItem\":{\"@type\":\"ListItem\",\"@id\":\"https:\\\/\\\/dudasytextos.com\\\/causasde\\\/5-causas-de-la-contaminacion-del-aire\\\/#listItem\",\"name\":\"5 causas de la contaminaci\\u00f3n del aire\"},\"previousItem\":{\"@type\":\"ListItem\",\"@id\":\"https:\\\/\\\/dudasytextos.com\\\/causasde#listItem\",\"name\":\"Inicio\"}},{\"@type\":\"ListItem\",\"@id\":\"https:\\\/\\\/dudasytextos.com\\\/causasde\\\/5-causas-de-la-contaminacion-del-aire\\\/#listItem\",\"position\":3,\"name\":\"5 causas de la contaminaci\\u00f3n del aire\",\"previousItem\":{\"@type\":\"ListItem\",\"@id\":\"https:\\\/\\\/dudasytextos.com\\\/causasde\\\/category\\\/conoce-las-causas\\\/#listItem\",\"name\":\"Conoce las causas\"}}]},{\"@type\":\"Organization\",\"@id\":\"https:\\\/\\\/dudasytextos.com\\\/causasde\\\/#organization\",\"name\":\"\\u00bfC\\u00f3mo funciona?\",\"description\":\"Conoce las causas\",\"url\":\"https:\\\/\\\/dudasytextos.com\\\/causasde\\\/\"},{\"@type\":\"Person\",\"@id\":\"https:\\\/\\\/dudasytextos.com\\\/causasde\\\/author\\\/admin44\\\/#author\",\"url\":\"https:\\\/\\\/dudasytextos.com\\\/causasde\\\/author\\\/admin44\\\/\",\"name\":\"Ana Gonz\\u00e1lez\"},{\"@type\":\"WebPage\",\"@id\":\"https:\\\/\\\/dudasytextos.com\\\/causasde\\\/5-causas-de-la-contaminacion-del-aire\\\/#webpage\",\"url\":\"https:\\\/\\\/dudasytextos.com\\\/causasde\\\/5-causas-de-la-contaminacion-del-aire\\\/\",\"name\":\"5 causas de la contaminaci\\u00f3n del aire (2026) Conoce las causas\",\"description\":\"5 causas de la contaminaci\\u00f3n del aire Por Ana Gonz\\u00e1lez Introducci\\u00f3n La calidad del aire es esencial para nuestra salud y bienestar. Desafortunadamente, la contaminaci\\u00f3n del aire es un problema grave en todo el mundo. En este art\\u00edculo, exploraremos las cinco principales causas de la contaminaci\\u00f3n del aire y c\\u00f3mo podemos reducir su impacto en\",\"inLanguage\":\"es-ES\",\"isPartOf\":{\"@id\":\"https:\\\/\\\/dudasytextos.com\\\/causasde\\\/#website\"},\"breadcrumb\":{\"@id\":\"https:\\\/\\\/dudasytextos.com\\\/causasde\\\/5-causas-de-la-contaminacion-del-aire\\\/#breadcrumblist\"},\"author\":{\"@id\":\"https:\\\/\\\/dudasytextos.com\\\/causasde\\\/author\\\/admin44\\\/#author\"},\"creator\":{\"@id\":\"https:\\\/\\\/dudasytextos.com\\\/causasde\\\/author\\\/admin44\\\/#author\"},\"datePublished\":\"2025-02-28T18:15:40+00:00\",\"dateModified\":\"2025-03-13T08:14:13+00:00\"},{\"@type\":\"WebSite\",\"@id\":\"https:\\\/\\\/dudasytextos.com\\\/causasde\\\/#website\",\"url\":\"https:\\\/\\\/dudasytextos.com\\\/causasde\\\/\",\"name\":\"\\u00bfC\\u00f3mo funciona?\",\"description\":\"Conoce las causas\",\"inLanguage\":\"es-ES\",\"publisher\":{\"@id\":\"https:\\\/\\\/dudasytextos.com\\\/causasde\\\/#organization\"}}]}\n\t\t<\/script>\n\t\t<!-- All in One SEO -->\n\n","aioseo_head_json":{"title":"5 causas de la contaminaci\u00f3n del aire (2026) Conoce las causas","description":"5 causas de la contaminaci\u00f3n del aire Por Ana Gonz\u00e1lez Introducci\u00f3n La calidad del aire es esencial para nuestra salud y bienestar. Desafortunadamente, la contaminaci\u00f3n del aire es un problema grave en todo el mundo. En este art\u00edculo, exploraremos las cinco principales causas de la contaminaci\u00f3n del aire y c\u00f3mo podemos reducir su impacto en","canonical_url":"https:\/\/dudasytextos.com\/causasde\/5-causas-de-la-contaminacion-del-aire\/","robots":"max-snippet:-1, max-image-preview:large, max-video-preview:-1","keywords":"","webmasterTools":{"miscellaneous":"&lt;!-- Google tag (gtag.js) --&gt;\n&lt;script async src=\"https:\/\/www.googletagmanager.com\/gtag\/js?id=G-1RZBHH3Z7E\"&gt;&lt;\/script&gt;\n&lt;script&gt;\n  window.dataLayer = window.dataLayer || [];\n  function gtag(){dataLayer.push(arguments);}\n  gtag('js', new Date());\n\n  gtag('config', 'G-1RZBHH3Z7E');\n&lt;\/script&gt;\n&lt;script async src=\"https:\/\/pagead2.googlesyndication.com\/pagead\/js\/adsbygoogle.js?client=ca-pub-3987500858204711\"\n     crossorigin=\"anonymous\"&gt;&lt;\/script&gt;"},"schema":{"@context":"https:\/\/schema.org","@graph":[{"@type":"BlogPosting","@id":"https:\/\/dudasytextos.com\/causasde\/5-causas-de-la-contaminacion-del-aire\/#blogposting","name":"5 causas de la contaminaci\u00f3n del aire (2026) Conoce las causas","headline":"5 causas de la contaminaci\u00f3n del aire","author":{"@id":"https:\/\/dudasytextos.com\/causasde\/author\/admin44\/#author"},"publisher":{"@id":"https:\/\/dudasytextos.com\/causasde\/#organization"},"datePublished":"2025-02-28T18:15:40+00:00","dateModified":"2025-03-13T08:14:13+00:00","inLanguage":"es-ES","mainEntityOfPage":{"@id":"https:\/\/dudasytextos.com\/causasde\/5-causas-de-la-contaminacion-del-aire\/#webpage"},"isPartOf":{"@id":"https:\/\/dudasytextos.com\/causasde\/5-causas-de-la-contaminacion-del-aire\/#webpage"},"articleSection":"Conoce las causas, Contaminaci\u00f3n"},{"@type":"BreadcrumbList","@id":"https:\/\/dudasytextos.com\/causasde\/5-causas-de-la-contaminacion-del-aire\/#breadcrumblist","itemListElement":[{"@type":"ListItem","@id":"https:\/\/dudasytextos.com\/causasde#listItem","position":1,"name":"Inicio","item":"https:\/\/dudasytextos.com\/causasde","nextItem":{"@type":"ListItem","@id":"https:\/\/dudasytextos.com\/causasde\/category\/conoce-las-causas\/#listItem","name":"Conoce las causas"}},{"@type":"ListItem","@id":"https:\/\/dudasytextos.com\/causasde\/category\/conoce-las-causas\/#listItem","position":2,"name":"Conoce las causas","item":"https:\/\/dudasytextos.com\/causasde\/category\/conoce-las-causas\/","nextItem":{"@type":"ListItem","@id":"https:\/\/dudasytextos.com\/causasde\/5-causas-de-la-contaminacion-del-aire\/#listItem","name":"5 causas de la contaminaci\u00f3n del aire"},"previousItem":{"@type":"ListItem","@id":"https:\/\/dudasytextos.com\/causasde#listItem","name":"Inicio"}},{"@type":"ListItem","@id":"https:\/\/dudasytextos.com\/causasde\/5-causas-de-la-contaminacion-del-aire\/#listItem","position":3,"name":"5 causas de la contaminaci\u00f3n del aire","previousItem":{"@type":"ListItem","@id":"https:\/\/dudasytextos.com\/causasde\/category\/conoce-las-causas\/#listItem","name":"Conoce las causas"}}]},{"@type":"Organization","@id":"https:\/\/dudasytextos.com\/causasde\/#organization","name":"\u00bfC\u00f3mo funciona?","description":"Conoce las causas","url":"https:\/\/dudasytextos.com\/causasde\/"},{"@type":"Person","@id":"https:\/\/dudasytextos.com\/causasde\/author\/admin44\/#author","url":"https:\/\/dudasytextos.com\/causasde\/author\/admin44\/","name":"Ana Gonz\u00e1lez"},{"@type":"WebPage","@id":"https:\/\/dudasytextos.com\/causasde\/5-causas-de-la-contaminacion-del-aire\/#webpage","url":"https:\/\/dudasytextos.com\/causasde\/5-causas-de-la-contaminacion-del-aire\/","name":"5 causas de la contaminaci\u00f3n del aire (2026) Conoce las causas","description":"5 causas de la contaminaci\u00f3n del aire Por Ana Gonz\u00e1lez Introducci\u00f3n La calidad del aire es esencial para nuestra salud y bienestar. Desafortunadamente, la contaminaci\u00f3n del aire es un problema grave en todo el mundo. En este art\u00edculo, exploraremos las cinco principales causas de la contaminaci\u00f3n del aire y c\u00f3mo podemos reducir su impacto en","inLanguage":"es-ES","isPartOf":{"@id":"https:\/\/dudasytextos.com\/causasde\/#website"},"breadcrumb":{"@id":"https:\/\/dudasytextos.com\/causasde\/5-causas-de-la-contaminacion-del-aire\/#breadcrumblist"},"author":{"@id":"https:\/\/dudasytextos.com\/causasde\/author\/admin44\/#author"},"creator":{"@id":"https:\/\/dudasytextos.com\/causasde\/author\/admin44\/#author"},"datePublished":"2025-02-28T18:15:40+00:00","dateModified":"2025-03-13T08:14:13+00:00"},{"@type":"WebSite","@id":"https:\/\/dudasytextos.com\/causasde\/#website","url":"https:\/\/dudasytextos.com\/causasde\/","name":"\u00bfC\u00f3mo funciona?","description":"Conoce las causas","inLanguage":"es-ES","publisher":{"@id":"https:\/\/dudasytextos.com\/causasde\/#organization"}}]},"og:locale":"es_ES","og:site_name":"Conoce las causas - Conoce las causas","og:type":"article","og:title":"5 causas de la contaminaci\u00f3n del aire (2026) Conoce las causas","og:description":"5 causas de la contaminaci\u00f3n del aire Por Ana Gonz\u00e1lez Introducci\u00f3n La calidad del aire es esencial para nuestra salud y bienestar. Desafortunadamente, la contaminaci\u00f3n del aire es un problema grave en todo el mundo. En este art\u00edculo, exploraremos las cinco principales causas de la contaminaci\u00f3n del aire y c\u00f3mo podemos reducir su impacto en","og:url":"https:\/\/dudasytextos.com\/causasde\/5-causas-de-la-contaminacion-del-aire\/","article:published_time":"2025-02-28T18:15:40+00:00","article:modified_time":"2025-03-13T08:14:13+00:00","twitter:card":"summary_large_image","twitter:title":"5 causas de la contaminaci\u00f3n del aire (2026) Conoce las causas","twitter:description":"5 causas de la contaminaci\u00f3n del aire Por Ana Gonz\u00e1lez Introducci\u00f3n La calidad del aire es esencial para nuestra salud y bienestar. Desafortunadamente, la contaminaci\u00f3n del aire es un problema grave en todo el mundo. En este art\u00edculo, exploraremos las cinco principales causas de la contaminaci\u00f3n del aire y c\u00f3mo podemos reducir su impacto en"},"aioseo_meta_data":{"post_id":"161934","title":null,"description":null,"keywords":null,"keyphrases":null,"primary_term":null,"canonical_url":null,"og_title":null,"og_description":null,"og_object_type":"default","og_image_type":"default","og_image_url":null,"og_image_width":null,"og_image_height":null,"og_image_custom_url":null,"og_image_custom_fields":null,"og_video":null,"og_custom_url":null,"og_article_section":null,"og_article_tags":null,"twitter_use_og":false,"twitter_card":"default","twitter_image_type":"default","twitter_image_url":null,"twitter_image_custom_url":null,"twitter_image_custom_fields":null,"twitter_title":null,"twitter_description":null,"schema":{"blockGraphs":[],"customGraphs":[],"default":{"data":{"Article":[],"Course":[],"Dataset":[],"FAQPage":[],"Movie":[],"Person":[],"Product":[],"ProductReview":[],"Car":[],"Recipe":[],"Service":[],"SoftwareApplication":[],"WebPage":[]},"graphName":"","isEnabled":true},"graphs":[]},"schema_type":"default","schema_type_options":null,"pillar_content":false,"robots_default":true,"robots_noindex":false,"robots_noarchive":false,"robots_nosnippet":false,"robots_nofollow":false,"robots_noimageindex":false,"robots_noodp":false,"robots_notranslate":false,"robots_max_snippet":null,"robots_max_videopreview":null,"robots_max_imagepreview":"large","priority":null,"frequency":null,"local_seo":null,"breadcrumb_settings":null,"limit_modified_date":false,"ai":null,"created":"2023-05-12 18:15:53","updated":"2025-06-04 05:44:59","seo_analyzer_scan_date":null,"focus_keyword":null,"additional_keywords":null,"truseo_locale":null},"aioseo_breadcrumb":"<div class=\"aioseo-breadcrumbs\"><span class=\"aioseo-breadcrumb\">\n\t\t\t<a href=\"https:\/\/dudasytextos.com\/causasde\" title=\"Inicio\">Inicio<\/a>\n\t\t<\/span><span class=\"aioseo-breadcrumb-separator\">&raquo;<\/span><span class=\"aioseo-breadcrumb\">\n\t\t\t<a href=\"https:\/\/dudasytextos.com\/causasde\/category\/conoce-las-causas\/\" title=\"Conoce las causas\">Conoce las causas<\/a>\n\t\t<\/span><span class=\"aioseo-breadcrumb-separator\">&raquo;<\/span><span class=\"aioseo-breadcrumb\">\n\t\t\t5 causas de la contaminaci\u00f3n del aire\n\t\t<\/span><\/div>","aioseo_breadcrumb_json":[{"label":"Inicio","link":"https:\/\/dudasytextos.com\/causasde"},{"label":"Conoce las causas","link":"https:\/\/dudasytextos.com\/causasde\/category\/conoce-las-causas\/"},{"label":"5 causas de la contaminaci\u00f3n del aire","link":"https:\/\/dudasytextos.com\/causasde\/5-causas-de-la-contaminacion-del-aire\/"}],"_links":{"self":[{"href":"https:\/\/dudasytextos.com\/causasde\/wp-json\/wp\/v2\/posts\/161934","targetHints":{"allow":["GET"]}}],"collection":[{"href":"https:\/\/dudasytextos.com\/causasde\/wp-json\/wp\/v2\/posts"}],"about":[{"href":"https:\/\/dudasytextos.com\/causasde\/wp-json\/wp\/v2\/types\/post"}],"author":[{"embeddable":true,"href":"https:\/\/dudasytextos.com\/causasde\/wp-json\/wp\/v2\/users\/1"}],"replies":[{"embeddable":true,"href":"https:\/\/dudasytextos.com\/causasde\/wp-json\/wp\/v2\/comments?post=161934"}],"version-history":[{"count":1,"href":"https:\/\/dudasytextos.com\/causasde\/wp-json\/wp\/v2\/posts\/161934\/revisions"}],"predecessor-version":[{"id":166645,"href":"https:\/\/dudasytextos.com\/causasde\/wp-json\/wp\/v2\/posts\/161934\/revisions\/166645"}],"wp:attachment":[{"href":"https:\/\/dudasytextos.com\/causasde\/wp-json\/wp\/v2\/media?parent=161934"}],"wp:term":[{"taxonomy":"category","embeddable":true,"href":"https:\/\/dudasytextos.com\/causasde\/wp-json\/wp\/v2\/categories?post=161934"},{"taxonomy":"post_tag","embeddable":true,"href":"https:\/\/dudasytextos.com\/causasde\/wp-json\/wp\/v2\/tags?post=161934"}],"curies":[{"name":"wp","href":"https:\/\/api.w.org\/{rel}","templated":true}]}}