{"id":162080,"date":"2025-02-25T08:18:21","date_gmt":"2025-02-25T08:18:21","guid":{"rendered":"https:\/\/educacion.cc\/?p=162080"},"modified":"2025-03-13T05:26:20","modified_gmt":"2025-03-13T05:26:20","slug":"causa-emocional-del-cancer-de-mama","status":"publish","type":"post","link":"https:\/\/dudasytextos.com\/causasde\/causa-emocional-del-cancer-de-mama\/","title":{"rendered":"Causa emocional del cancer de mama"},"content":{"rendered":"<div id=\"ez-toc-container\" class=\"ez-toc-v2_0_87 counter-hierarchy ez-toc-counter ez-toc-custom ez-toc-container-direction\">\n<div class=\"ez-toc-title-container\">\n<span class=\"ez-toc-title-toggle\"><\/span><\/div>\n<nav><ul class='ez-toc-list ez-toc-list-level-1 ' ><li class='ez-toc-page-1 ez-toc-heading-level-2'><a class=\"ez-toc-link ez-toc-heading-1\" href=\"https:\/\/dudasytextos.com\/causasde\/causa-emocional-del-cancer-de-mama\/#Causa_emocional_del_cancer_de_mama\" >Causa emocional del c\u00e1ncer de mama<\/a><\/li><li class='ez-toc-page-1 ez-toc-heading-level-2'><a class=\"ez-toc-link ez-toc-heading-2\" href=\"https:\/\/dudasytextos.com\/causasde\/causa-emocional-del-cancer-de-mama\/#Por_Ana_Gonzalez\" >Por Ana Gonz\u00e1lez<\/a><\/li><li class='ez-toc-page-1 ez-toc-heading-level-2'><a class=\"ez-toc-link ez-toc-heading-3\" href=\"https:\/\/dudasytextos.com\/causasde\/causa-emocional-del-cancer-de-mama\/#Curiosidades_e_informacion_interesante\" >Curiosidades e informaci\u00f3n interesante<\/a><\/li><li class='ez-toc-page-1 ez-toc-heading-level-2'><a class=\"ez-toc-link ez-toc-heading-4\" href=\"https:\/\/dudasytextos.com\/causasde\/causa-emocional-del-cancer-de-mama\/#Mi_experiencia_personal\" >Mi experiencia personal<\/a><\/li><li class='ez-toc-page-1 ez-toc-heading-level-2'><a class=\"ez-toc-link ez-toc-heading-5\" href=\"https:\/\/dudasytextos.com\/causasde\/causa-emocional-del-cancer-de-mama\/#Factores_emocionales_que_pueden_contribuir_al_cancer_de_mama\" >Factores emocionales que pueden contribuir al c\u00e1ncer de mama<\/a><\/li><li class='ez-toc-page-1 ez-toc-heading-level-2'><a class=\"ez-toc-link ez-toc-heading-6\" href=\"https:\/\/dudasytextos.com\/causasde\/causa-emocional-del-cancer-de-mama\/#Estudios_y_analisis_de_datos\" >Estudios y an\u00e1lisis de datos<\/a><\/li><li class='ez-toc-page-1 ez-toc-heading-level-2'><a class=\"ez-toc-link ez-toc-heading-7\" href=\"https:\/\/dudasytextos.com\/causasde\/causa-emocional-del-cancer-de-mama\/#Opiniones_y_anecdotas\" >Opiniones y an\u00e9cdotas<\/a><\/li><li class='ez-toc-page-1 ez-toc-heading-level-2'><a class=\"ez-toc-link ez-toc-heading-8\" href=\"https:\/\/dudasytextos.com\/causasde\/causa-emocional-del-cancer-de-mama\/#Preguntas_frecuentes\" >Preguntas frecuentes<\/a><ul class='ez-toc-list-level-3' ><li class='ez-toc-heading-level-3'><a class=\"ez-toc-link ez-toc-heading-9\" href=\"https:\/\/dudasytextos.com\/causasde\/causa-emocional-del-cancer-de-mama\/#%C2%BFEl_estres_causa_cancer_de_mama\" >\u00bfEl estr\u00e9s causa c\u00e1ncer de mama?<\/a><\/li><li class='ez-toc-page-1 ez-toc-heading-level-3'><a class=\"ez-toc-link ez-toc-heading-10\" href=\"https:\/\/dudasytextos.com\/causasde\/causa-emocional-del-cancer-de-mama\/#%C2%BFEl_cancer_de_mama_puede_ser_causado_por_un_trauma_emocional\" >\u00bfEl c\u00e1ncer de mama puede ser causado por un trauma emocional?<\/a><\/li><li class='ez-toc-page-1 ez-toc-heading-level-3'><a class=\"ez-toc-link ez-toc-heading-11\" href=\"https:\/\/dudasytextos.com\/causasde\/causa-emocional-del-cancer-de-mama\/#%C2%BFComo_puedo_prevenir_el_cancer_de_mama\" >\u00bfC\u00f3mo puedo prevenir el c\u00e1ncer de mama?<\/a><\/li><li class='ez-toc-page-1 ez-toc-heading-level-3'><a class=\"ez-toc-link ez-toc-heading-12\" href=\"https:\/\/dudasytextos.com\/causasde\/causa-emocional-del-cancer-de-mama\/#%C2%BFComo_puedo_cuidar_mi_salud_emocional_despues_del_diagnostico_de_cancer_de_mama\" >\u00bfC\u00f3mo puedo cuidar mi salud emocional despu\u00e9s del diagn\u00f3stico de c\u00e1ncer de mama?<\/a><\/li><\/ul><\/li><\/ul><\/nav><\/div>\n<h2><span class=\"ez-toc-section\" id=\"Causa_emocional_del_cancer_de_mama\"><\/span>Causa emocional del c\u00e1ncer de mama<span class=\"ez-toc-section-end\"><\/span><\/h2>\n<h2><span class=\"ez-toc-section\" id=\"Por_Ana_Gonzalez\"><\/span>Por Ana Gonz\u00e1lez<span class=\"ez-toc-section-end\"><\/span><\/h2>\n<section>\n<h2><span class=\"ez-toc-section\" id=\"Curiosidades_e_informacion_interesante\"><\/span>Curiosidades e informaci\u00f3n interesante<span class=\"ez-toc-section-end\"><\/span><\/h2>\n<ul>\n<li>El c\u00e1ncer de mama es el tumor m\u00e1s com\u00fan en las mujeres de todo el mundo.<\/li>\n<li>Se estima que una de cada ocho mujeres desarrollar\u00e1 c\u00e1ncer de mama a lo largo de su vida.<\/li>\n<li>El c\u00e1ncer de mama tambi\u00e9n puede afectar a los hombres, aunque es menos com\u00fan.<\/li>\n<li>Se cree que la causa exacta del c\u00e1ncer de mama es una combinaci\u00f3n de factores gen\u00e9ticos y ambientales.<\/li>\n<li>En los \u00faltimos a\u00f1os, se ha investigado cada vez m\u00e1s la relaci\u00f3n entre las emociones y el c\u00e1ncer de mama.<\/li>\n<\/ul>\n<\/section>\n<section>\n<h2><span class=\"ez-toc-section\" id=\"Mi_experiencia_personal\"><\/span>Mi experiencia personal<span class=\"ez-toc-section-end\"><\/span><\/h2>\n<p>Debo confesar que cuando me diagnosticaron c\u00e1ncer de mama, me sent\u00ed abrumada y confundida. Me pregunt\u00e9 una y otra vez c\u00f3mo hab\u00eda llegado a esa situaci\u00f3n y qu\u00e9 hab\u00eda hecho mal en mi vida. Fue entonces cuando empec\u00e9 a investigar sobre la posible causa emocional del c\u00e1ncer de mama.<\/p>\n<p>Despu\u00e9s de leer diferentes estudios y hablar con otros pacientes de c\u00e1ncer, descubr\u00ed que muchas mujeres que hab\u00edan pasado por lo mismo que yo tambi\u00e9n se hab\u00edan hecho las mismas preguntas. De hecho, muchas de ellas compart\u00edan experiencias emocionales similares, como el estr\u00e9s, la ansiedad y el trauma emocional.<\/p>\n<\/section>\n<section>\n<h2><span class=\"ez-toc-section\" id=\"Factores_emocionales_que_pueden_contribuir_al_cancer_de_mama\"><\/span>Factores emocionales que pueden contribuir al c\u00e1ncer de mama<span class=\"ez-toc-section-end\"><\/span><\/h2>\n<ul>\n<li>Estr\u00e9s emocional cr\u00f3nico: El estr\u00e9s prolongado puede debilitar el sistema inmunol\u00f3gico y aumentar la producci\u00f3n de radicales libres, lo que puede contribuir al crecimiento de c\u00e9lulas cancerosas.<\/li>\n<li>Trauma emocional: Las experiencias traum\u00e1ticas, como la p\u00e9rdida de un ser querido o un divorcio, pueden afectar la salud emocional y f\u00edsica de una persona.<\/li>\n<li>Depresi\u00f3n: La depresi\u00f3n puede debilitar el sistema inmunol\u00f3gico y aumentar la producci\u00f3n de cortisol, una hormona relacionada con el crecimiento de c\u00e9lulas cancerosas.<\/li>\n<li>Falta de apoyo social: La falta de apoyo emocional y social puede aumentar el estr\u00e9s y la ansiedad, lo que puede debilitar el sistema inmunol\u00f3gico y contribuir al crecimiento de c\u00e9lulas cancerosas.<\/li>\n<li>P\u00e9rdida de sentido de vida: La falta de un prop\u00f3sito o sentido de vida puede contribuir al estr\u00e9s emocional y aumentar el riesgo de enfermedades, incluido el c\u00e1ncer de mama.<\/li>\n<\/ul>\n<\/section>\n<section>\n<h2><span class=\"ez-toc-section\" id=\"Estudios_y_analisis_de_datos\"><\/span>Estudios y an\u00e1lisis de datos<span class=\"ez-toc-section-end\"><\/span><\/h2>\n<p>Un estudio realizado en 2014 por la Universidad de Texas encontr\u00f3 que las mujeres que hab\u00edan experimentado un trauma emocional significativo ten\u00edan un mayor riesgo de desarrollar c\u00e1ncer de mama. Adem\u00e1s, otro estudio publicado en la revista Cancer Research encontr\u00f3 que el estr\u00e9s cr\u00f3nico puede contribuir al crecimiento de c\u00e9lulas cancerosas.<\/p>\n<p>Estos estudios sugieren que hay una fuerte relaci\u00f3n entre las emociones y el c\u00e1ncer de mama, pero tambi\u00e9n es importante tener en cuenta que la causa exacta del c\u00e1ncer de mama sigue siendo desconocida y puede ser una combinaci\u00f3n de diferentes factores gen\u00e9ticos y ambientales.<\/p>\n<\/section>\n<section>\n<h2><span class=\"ez-toc-section\" id=\"Opiniones_y_anecdotas\"><\/span>Opiniones y an\u00e9cdotas<span class=\"ez-toc-section-end\"><\/span><\/h2>\n<p>He hablado con muchas mujeres que han pasado por el c\u00e1ncer de mama y he escuchado sus historias y experiencias emocionales. Muchas de ellas han mencionado que el estr\u00e9s y la ansiedad han sido un factor importante en su enfermedad. Algunas tambi\u00e9n han mencionado que el c\u00e1ncer de mama ha sido una oportunidad para hacer cambios positivos en sus vidas y encontrar un nuevo prop\u00f3sito y sentido de vida.<\/p>\n<p>Es importante recordar que cada persona es \u00fanica y puede tener diferentes factores emocionales que contribuyen a su c\u00e1ncer de mama. Sin embargo, es importante que las personas presten atenci\u00f3n a su salud emocional y busquen apoyo si lo necesitan.<\/p>\n<\/section>\n<section>\n<h2><span class=\"ez-toc-section\" id=\"Preguntas_frecuentes\"><\/span>Preguntas frecuentes<span class=\"ez-toc-section-end\"><\/span><\/h2>\n<h3><span class=\"ez-toc-section\" id=\"%C2%BFEl_estres_causa_cancer_de_mama\"><\/span>\u00bfEl estr\u00e9s causa c\u00e1ncer de mama?<span class=\"ez-toc-section-end\"><\/span><\/h3>\n<p>No hay evidencia concluyente de que el estr\u00e9s sea la \u00fanica causa del c\u00e1ncer de mama, pero algunos estudios sugieren que el estr\u00e9s cr\u00f3nico puede contribuir al crecimiento de c\u00e9lulas cancerosas.<\/p>\n<h3><span class=\"ez-toc-section\" id=\"%C2%BFEl_cancer_de_mama_puede_ser_causado_por_un_trauma_emocional\"><\/span>\u00bfEl c\u00e1ncer de mama puede ser causado por un trauma emocional?<span class=\"ez-toc-section-end\"><\/span><\/h3>\n<p>Algunos estudios sugieren que las mujeres que han experimentado un trauma emocional significativo tienen un mayor riesgo de desarrollar c\u00e1ncer de mama, pero la causa exacta del c\u00e1ncer de mama sigue siendo desconocida y puede ser una combinaci\u00f3n de diferentes factores gen\u00e9ticos y ambientales.<\/p>\n<h3><span class=\"ez-toc-section\" id=\"%C2%BFComo_puedo_prevenir_el_cancer_de_mama\"><\/span>\u00bfC\u00f3mo puedo prevenir el c\u00e1ncer de mama?<span class=\"ez-toc-section-end\"><\/span><\/h3>\n<p>No hay una forma garantizada de prevenir el c\u00e1ncer de mama, pero hay algunas cosas que puedes hacer para reducir el riesgo, como mantener un peso saludable, hacer ejercicio regularmente, evitar el consumo excesivo de alcohol y someterte a ex\u00e1menes regulares de detecci\u00f3n del c\u00e1ncer de mama.<\/p>\n<h3><span class=\"ez-toc-section\" id=\"%C2%BFComo_puedo_cuidar_mi_salud_emocional_despues_del_diagnostico_de_cancer_de_mama\"><\/span>\u00bfC\u00f3mo puedo cuidar mi salud emocional despu\u00e9s del diagn\u00f3stico de c\u00e1ncer de mama?<span class=\"ez-toc-section-end\"><\/span><\/h3>\n<p>Es importante que busques apoyo emocional y que cuides de tu salud mental despu\u00e9s del diagn\u00f3stico de c\u00e1ncer de mama. Puedes hablar con un terapeuta, un consejero o un grupo de apoyo para ayudarte a procesar tus emociones y encontrar formas de cuidarte a ti misma.<\/p>\n<\/section>\n","protected":false},"excerpt":{"rendered":"<p>Causa emocional del c\u00e1ncer de mama Por Ana Gonz\u00e1lez Curiosidades e informaci\u00f3n interesante El c\u00e1ncer de mama es el tumor m\u00e1s com\u00fan en las mujeres de todo el mundo. Se estima que una de cada ocho mujeres desarrollar\u00e1 c\u00e1ncer de mama a lo largo de su vida. El c\u00e1ncer de mama tambi\u00e9n puede afectar a &#8230; <a title=\"Causa emocional del cancer de mama\" class=\"read-more\" href=\"https:\/\/dudasytextos.com\/causasde\/causa-emocional-del-cancer-de-mama\/\" aria-label=\"M\u00e1s en Causa emocional del cancer de mama\">Leer m\u00e1s<\/a><\/p>\n","protected":false},"author":1,"featured_media":0,"comment_status":"open","ping_status":"open","sticky":false,"template":"","format":"standard","meta":{"footnotes":""},"categories":[15,4],"tags":[],"class_list":["post-162080","post","type-post","status-publish","format-standard","hentry","category-cancer","category-conoce-las-causas"],"aioseo_notices":[],"aioseo_head":"\n\t\t<!-- All in One SEO 5.0.1.1 - aioseo.com -->\n\t<meta name=\"description\" content=\"Causa emocional del c\u00e1ncer de mama Por Ana Gonz\u00e1lez Curiosidades e informaci\u00f3n interesante El c\u00e1ncer de mama es el tumor m\u00e1s com\u00fan en las mujeres de todo el mundo. Se estima que una de cada ocho mujeres desarrollar\u00e1 c\u00e1ncer de mama a lo largo de su vida. El c\u00e1ncer de mama tambi\u00e9n puede afectar a\" \/>\n\t<meta name=\"robots\" content=\"max-snippet:-1, max-image-preview:large, max-video-preview:-1\" \/>\n\t<meta name=\"author\" content=\"Ana Gonz\u00e1lez\"\/>\n\t<link rel=\"canonical\" href=\"https:\/\/dudasytextos.com\/causasde\/causa-emocional-del-cancer-de-mama\/\" \/>\n\t<meta name=\"generator\" content=\"All in One SEO (AIOSEO) 5.0.1.1\" \/>\n\n\t\t<!-- Google tag (gtag.js) -->\n<script async src=\"https:\/\/www.googletagmanager.com\/gtag\/js?id=G-1RZBHH3Z7E\"><\/script>\n<script>\n  window.dataLayer = window.dataLayer || [];\n  function gtag(){dataLayer.push(arguments);}\n  gtag('js', new Date());\n\n  gtag('config', 'G-1RZBHH3Z7E');\n<\/script>\n<script async src=\"https:\/\/pagead2.googlesyndication.com\/pagead\/js\/adsbygoogle.js?client=ca-pub-3987500858204711\"\n     crossorigin=\"anonymous\"><\/script>\n\t\t<meta property=\"og:locale\" content=\"es_ES\" \/>\n\t\t<meta property=\"og:site_name\" content=\"Conoce las causas - Conoce las causas\" \/>\n\t\t<meta property=\"og:type\" content=\"article\" \/>\n\t\t<meta property=\"og:title\" content=\"Causa emocional del cancer de mama (2026) Conoce las causas\" \/>\n\t\t<meta property=\"og:description\" content=\"Causa emocional del c\u00e1ncer de mama Por Ana Gonz\u00e1lez Curiosidades e informaci\u00f3n interesante El c\u00e1ncer de mama es el tumor m\u00e1s com\u00fan en las mujeres de todo el mundo. Se estima que una de cada ocho mujeres desarrollar\u00e1 c\u00e1ncer de mama a lo largo de su vida. El c\u00e1ncer de mama tambi\u00e9n puede afectar a\" \/>\n\t\t<meta property=\"og:url\" content=\"https:\/\/dudasytextos.com\/causasde\/causa-emocional-del-cancer-de-mama\/\" \/>\n\t\t<meta property=\"article:published_time\" content=\"2025-02-25T08:18:21+00:00\" \/>\n\t\t<meta property=\"article:modified_time\" content=\"2025-03-13T05:26:20+00:00\" \/>\n\t\t<meta name=\"twitter:card\" content=\"summary_large_image\" \/>\n\t\t<meta name=\"twitter:title\" content=\"Causa emocional del cancer de mama (2026) Conoce las causas\" \/>\n\t\t<meta name=\"twitter:description\" content=\"Causa emocional del c\u00e1ncer de mama Por Ana Gonz\u00e1lez Curiosidades e informaci\u00f3n interesante El c\u00e1ncer de mama es el tumor m\u00e1s com\u00fan en las mujeres de todo el mundo. Se estima que una de cada ocho mujeres desarrollar\u00e1 c\u00e1ncer de mama a lo largo de su vida. El c\u00e1ncer de mama tambi\u00e9n puede afectar a\" \/>\n\t\t<script type=\"application\/ld+json\" class=\"aioseo-schema\">\n\t\t\t{\"@context\":\"https:\\\/\\\/schema.org\",\"@graph\":[{\"@type\":\"BlogPosting\",\"@id\":\"https:\\\/\\\/dudasytextos.com\\\/causasde\\\/causa-emocional-del-cancer-de-mama\\\/#blogposting\",\"name\":\"Causa emocional del cancer de mama (2026) Conoce las causas\",\"headline\":\"Causa emocional del cancer de mama\",\"author\":{\"@id\":\"https:\\\/\\\/dudasytextos.com\\\/causasde\\\/author\\\/admin44\\\/#author\"},\"publisher\":{\"@id\":\"https:\\\/\\\/dudasytextos.com\\\/causasde\\\/#organization\"},\"datePublished\":\"2025-02-25T08:18:21+00:00\",\"dateModified\":\"2025-03-13T05:26:20+00:00\",\"inLanguage\":\"es-ES\",\"mainEntityOfPage\":{\"@id\":\"https:\\\/\\\/dudasytextos.com\\\/causasde\\\/causa-emocional-del-cancer-de-mama\\\/#webpage\"},\"isPartOf\":{\"@id\":\"https:\\\/\\\/dudasytextos.com\\\/causasde\\\/causa-emocional-del-cancer-de-mama\\\/#webpage\"},\"articleSection\":\"C\\u00e1ncer, Conoce las causas\"},{\"@type\":\"BreadcrumbList\",\"@id\":\"https:\\\/\\\/dudasytextos.com\\\/causasde\\\/causa-emocional-del-cancer-de-mama\\\/#breadcrumblist\",\"itemListElement\":[{\"@type\":\"ListItem\",\"@id\":\"https:\\\/\\\/dudasytextos.com\\\/causasde#listItem\",\"position\":1,\"name\":\"Inicio\",\"item\":\"https:\\\/\\\/dudasytextos.com\\\/causasde\",\"nextItem\":{\"@type\":\"ListItem\",\"@id\":\"https:\\\/\\\/dudasytextos.com\\\/causasde\\\/category\\\/conoce-las-causas\\\/#listItem\",\"name\":\"Conoce las causas\"}},{\"@type\":\"ListItem\",\"@id\":\"https:\\\/\\\/dudasytextos.com\\\/causasde\\\/category\\\/conoce-las-causas\\\/#listItem\",\"position\":2,\"name\":\"Conoce las causas\",\"item\":\"https:\\\/\\\/dudasytextos.com\\\/causasde\\\/category\\\/conoce-las-causas\\\/\",\"nextItem\":{\"@type\":\"ListItem\",\"@id\":\"https:\\\/\\\/dudasytextos.com\\\/causasde\\\/causa-emocional-del-cancer-de-mama\\\/#listItem\",\"name\":\"Causa emocional del cancer de mama\"},\"previousItem\":{\"@type\":\"ListItem\",\"@id\":\"https:\\\/\\\/dudasytextos.com\\\/causasde#listItem\",\"name\":\"Inicio\"}},{\"@type\":\"ListItem\",\"@id\":\"https:\\\/\\\/dudasytextos.com\\\/causasde\\\/causa-emocional-del-cancer-de-mama\\\/#listItem\",\"position\":3,\"name\":\"Causa emocional del cancer de mama\",\"previousItem\":{\"@type\":\"ListItem\",\"@id\":\"https:\\\/\\\/dudasytextos.com\\\/causasde\\\/category\\\/conoce-las-causas\\\/#listItem\",\"name\":\"Conoce las causas\"}}]},{\"@type\":\"Organization\",\"@id\":\"https:\\\/\\\/dudasytextos.com\\\/causasde\\\/#organization\",\"name\":\"\\u00bfC\\u00f3mo funciona?\",\"description\":\"Conoce las causas\",\"url\":\"https:\\\/\\\/dudasytextos.com\\\/causasde\\\/\"},{\"@type\":\"Person\",\"@id\":\"https:\\\/\\\/dudasytextos.com\\\/causasde\\\/author\\\/admin44\\\/#author\",\"url\":\"https:\\\/\\\/dudasytextos.com\\\/causasde\\\/author\\\/admin44\\\/\",\"name\":\"Ana Gonz\\u00e1lez\"},{\"@type\":\"WebPage\",\"@id\":\"https:\\\/\\\/dudasytextos.com\\\/causasde\\\/causa-emocional-del-cancer-de-mama\\\/#webpage\",\"url\":\"https:\\\/\\\/dudasytextos.com\\\/causasde\\\/causa-emocional-del-cancer-de-mama\\\/\",\"name\":\"Causa emocional del cancer de mama (2026) Conoce las causas\",\"description\":\"Causa emocional del c\\u00e1ncer de mama Por Ana Gonz\\u00e1lez Curiosidades e informaci\\u00f3n interesante El c\\u00e1ncer de mama es el tumor m\\u00e1s com\\u00fan en las mujeres de todo el mundo. Se estima que una de cada ocho mujeres desarrollar\\u00e1 c\\u00e1ncer de mama a lo largo de su vida. El c\\u00e1ncer de mama tambi\\u00e9n puede afectar a\",\"inLanguage\":\"es-ES\",\"isPartOf\":{\"@id\":\"https:\\\/\\\/dudasytextos.com\\\/causasde\\\/#website\"},\"breadcrumb\":{\"@id\":\"https:\\\/\\\/dudasytextos.com\\\/causasde\\\/causa-emocional-del-cancer-de-mama\\\/#breadcrumblist\"},\"author\":{\"@id\":\"https:\\\/\\\/dudasytextos.com\\\/causasde\\\/author\\\/admin44\\\/#author\"},\"creator\":{\"@id\":\"https:\\\/\\\/dudasytextos.com\\\/causasde\\\/author\\\/admin44\\\/#author\"},\"datePublished\":\"2025-02-25T08:18:21+00:00\",\"dateModified\":\"2025-03-13T05:26:20+00:00\"},{\"@type\":\"WebSite\",\"@id\":\"https:\\\/\\\/dudasytextos.com\\\/causasde\\\/#website\",\"url\":\"https:\\\/\\\/dudasytextos.com\\\/causasde\\\/\",\"name\":\"\\u00bfC\\u00f3mo funciona?\",\"description\":\"Conoce las causas\",\"inLanguage\":\"es-ES\",\"publisher\":{\"@id\":\"https:\\\/\\\/dudasytextos.com\\\/causasde\\\/#organization\"}}]}\n\t\t<\/script>\n\t\t<!-- All in One SEO -->\n\n","aioseo_head_json":{"title":"Causa emocional del cancer de mama (2026) Conoce las causas","description":"Causa emocional del c\u00e1ncer de mama Por Ana Gonz\u00e1lez Curiosidades e informaci\u00f3n interesante El c\u00e1ncer de mama es el tumor m\u00e1s com\u00fan en las mujeres de todo el mundo. Se estima que una de cada ocho mujeres desarrollar\u00e1 c\u00e1ncer de mama a lo largo de su vida. El c\u00e1ncer de mama tambi\u00e9n puede afectar a","canonical_url":"https:\/\/dudasytextos.com\/causasde\/causa-emocional-del-cancer-de-mama\/","robots":"max-snippet:-1, max-image-preview:large, max-video-preview:-1","keywords":"","webmasterTools":{"miscellaneous":"&lt;!-- Google tag (gtag.js) --&gt;\n&lt;script async src=\"https:\/\/www.googletagmanager.com\/gtag\/js?id=G-1RZBHH3Z7E\"&gt;&lt;\/script&gt;\n&lt;script&gt;\n  window.dataLayer = window.dataLayer || [];\n  function gtag(){dataLayer.push(arguments);}\n  gtag('js', new Date());\n\n  gtag('config', 'G-1RZBHH3Z7E');\n&lt;\/script&gt;\n&lt;script async src=\"https:\/\/pagead2.googlesyndication.com\/pagead\/js\/adsbygoogle.js?client=ca-pub-3987500858204711\"\n     crossorigin=\"anonymous\"&gt;&lt;\/script&gt;"},"schema":{"@context":"https:\/\/schema.org","@graph":[{"@type":"BlogPosting","@id":"https:\/\/dudasytextos.com\/causasde\/causa-emocional-del-cancer-de-mama\/#blogposting","name":"Causa emocional del cancer de mama (2026) Conoce las causas","headline":"Causa emocional del cancer de mama","author":{"@id":"https:\/\/dudasytextos.com\/causasde\/author\/admin44\/#author"},"publisher":{"@id":"https:\/\/dudasytextos.com\/causasde\/#organization"},"datePublished":"2025-02-25T08:18:21+00:00","dateModified":"2025-03-13T05:26:20+00:00","inLanguage":"es-ES","mainEntityOfPage":{"@id":"https:\/\/dudasytextos.com\/causasde\/causa-emocional-del-cancer-de-mama\/#webpage"},"isPartOf":{"@id":"https:\/\/dudasytextos.com\/causasde\/causa-emocional-del-cancer-de-mama\/#webpage"},"articleSection":"C\u00e1ncer, Conoce las causas"},{"@type":"BreadcrumbList","@id":"https:\/\/dudasytextos.com\/causasde\/causa-emocional-del-cancer-de-mama\/#breadcrumblist","itemListElement":[{"@type":"ListItem","@id":"https:\/\/dudasytextos.com\/causasde#listItem","position":1,"name":"Inicio","item":"https:\/\/dudasytextos.com\/causasde","nextItem":{"@type":"ListItem","@id":"https:\/\/dudasytextos.com\/causasde\/category\/conoce-las-causas\/#listItem","name":"Conoce las causas"}},{"@type":"ListItem","@id":"https:\/\/dudasytextos.com\/causasde\/category\/conoce-las-causas\/#listItem","position":2,"name":"Conoce las causas","item":"https:\/\/dudasytextos.com\/causasde\/category\/conoce-las-causas\/","nextItem":{"@type":"ListItem","@id":"https:\/\/dudasytextos.com\/causasde\/causa-emocional-del-cancer-de-mama\/#listItem","name":"Causa emocional del cancer de mama"},"previousItem":{"@type":"ListItem","@id":"https:\/\/dudasytextos.com\/causasde#listItem","name":"Inicio"}},{"@type":"ListItem","@id":"https:\/\/dudasytextos.com\/causasde\/causa-emocional-del-cancer-de-mama\/#listItem","position":3,"name":"Causa emocional del cancer de mama","previousItem":{"@type":"ListItem","@id":"https:\/\/dudasytextos.com\/causasde\/category\/conoce-las-causas\/#listItem","name":"Conoce las causas"}}]},{"@type":"Organization","@id":"https:\/\/dudasytextos.com\/causasde\/#organization","name":"\u00bfC\u00f3mo funciona?","description":"Conoce las causas","url":"https:\/\/dudasytextos.com\/causasde\/"},{"@type":"Person","@id":"https:\/\/dudasytextos.com\/causasde\/author\/admin44\/#author","url":"https:\/\/dudasytextos.com\/causasde\/author\/admin44\/","name":"Ana Gonz\u00e1lez"},{"@type":"WebPage","@id":"https:\/\/dudasytextos.com\/causasde\/causa-emocional-del-cancer-de-mama\/#webpage","url":"https:\/\/dudasytextos.com\/causasde\/causa-emocional-del-cancer-de-mama\/","name":"Causa emocional del cancer de mama (2026) Conoce las causas","description":"Causa emocional del c\u00e1ncer de mama Por Ana Gonz\u00e1lez Curiosidades e informaci\u00f3n interesante El c\u00e1ncer de mama es el tumor m\u00e1s com\u00fan en las mujeres de todo el mundo. Se estima que una de cada ocho mujeres desarrollar\u00e1 c\u00e1ncer de mama a lo largo de su vida. El c\u00e1ncer de mama tambi\u00e9n puede afectar a","inLanguage":"es-ES","isPartOf":{"@id":"https:\/\/dudasytextos.com\/causasde\/#website"},"breadcrumb":{"@id":"https:\/\/dudasytextos.com\/causasde\/causa-emocional-del-cancer-de-mama\/#breadcrumblist"},"author":{"@id":"https:\/\/dudasytextos.com\/causasde\/author\/admin44\/#author"},"creator":{"@id":"https:\/\/dudasytextos.com\/causasde\/author\/admin44\/#author"},"datePublished":"2025-02-25T08:18:21+00:00","dateModified":"2025-03-13T05:26:20+00:00"},{"@type":"WebSite","@id":"https:\/\/dudasytextos.com\/causasde\/#website","url":"https:\/\/dudasytextos.com\/causasde\/","name":"\u00bfC\u00f3mo funciona?","description":"Conoce las causas","inLanguage":"es-ES","publisher":{"@id":"https:\/\/dudasytextos.com\/causasde\/#organization"}}]},"og:locale":"es_ES","og:site_name":"Conoce las causas - Conoce las causas","og:type":"article","og:title":"Causa emocional del cancer de mama (2026) Conoce las causas","og:description":"Causa emocional del c\u00e1ncer de mama Por Ana Gonz\u00e1lez Curiosidades e informaci\u00f3n interesante El c\u00e1ncer de mama es el tumor m\u00e1s com\u00fan en las mujeres de todo el mundo. Se estima que una de cada ocho mujeres desarrollar\u00e1 c\u00e1ncer de mama a lo largo de su vida. El c\u00e1ncer de mama tambi\u00e9n puede afectar a","og:url":"https:\/\/dudasytextos.com\/causasde\/causa-emocional-del-cancer-de-mama\/","article:published_time":"2025-02-25T08:18:21+00:00","article:modified_time":"2025-03-13T05:26:20+00:00","twitter:card":"summary_large_image","twitter:title":"Causa emocional del cancer de mama (2026) Conoce las causas","twitter:description":"Causa emocional del c\u00e1ncer de mama Por Ana Gonz\u00e1lez Curiosidades e informaci\u00f3n interesante El c\u00e1ncer de mama es el tumor m\u00e1s com\u00fan en las mujeres de todo el mundo. Se estima que una de cada ocho mujeres desarrollar\u00e1 c\u00e1ncer de mama a lo largo de su vida. El c\u00e1ncer de mama tambi\u00e9n puede afectar a"},"aioseo_meta_data":{"post_id":"162080","title":null,"description":null,"keywords":null,"keyphrases":null,"primary_term":null,"canonical_url":null,"og_title":null,"og_description":null,"og_object_type":"default","og_image_type":"default","og_image_url":null,"og_image_width":null,"og_image_height":null,"og_image_custom_url":null,"og_image_custom_fields":null,"og_video":null,"og_custom_url":null,"og_article_section":null,"og_article_tags":null,"twitter_use_og":false,"twitter_card":"default","twitter_image_type":"default","twitter_image_url":null,"twitter_image_custom_url":null,"twitter_image_custom_fields":null,"twitter_title":null,"twitter_description":null,"schema":{"blockGraphs":[],"customGraphs":[],"default":{"data":{"Article":[],"Course":[],"Dataset":[],"FAQPage":[],"Movie":[],"Person":[],"Product":[],"ProductReview":[],"Car":[],"Recipe":[],"Service":[],"SoftwareApplication":[],"WebPage":[]},"graphName":"","isEnabled":true},"graphs":[]},"schema_type":"default","schema_type_options":null,"pillar_content":false,"robots_default":true,"robots_noindex":false,"robots_noarchive":false,"robots_nosnippet":false,"robots_nofollow":false,"robots_noimageindex":false,"robots_noodp":false,"robots_notranslate":false,"robots_max_snippet":null,"robots_max_videopreview":null,"robots_max_imagepreview":"large","priority":null,"frequency":null,"local_seo":null,"breadcrumb_settings":null,"limit_modified_date":false,"ai":null,"created":"2023-05-12 17:51:42","updated":"2025-06-04 03:05:25","seo_analyzer_scan_date":null,"focus_keyword":null,"additional_keywords":null,"truseo_locale":null},"aioseo_breadcrumb":"<div class=\"aioseo-breadcrumbs\"><span class=\"aioseo-breadcrumb\">\n\t\t\t<a href=\"https:\/\/dudasytextos.com\/causasde\" title=\"Inicio\">Inicio<\/a>\n\t\t<\/span><span class=\"aioseo-breadcrumb-separator\">&raquo;<\/span><span class=\"aioseo-breadcrumb\">\n\t\t\t<a href=\"https:\/\/dudasytextos.com\/causasde\/category\/conoce-las-causas\/\" title=\"Conoce las causas\">Conoce las causas<\/a>\n\t\t<\/span><span class=\"aioseo-breadcrumb-separator\">&raquo;<\/span><span class=\"aioseo-breadcrumb\">\n\t\t\tCausa emocional del cancer de mama\n\t\t<\/span><\/div>","aioseo_breadcrumb_json":[{"label":"Inicio","link":"https:\/\/dudasytextos.com\/causasde"},{"label":"Conoce las causas","link":"https:\/\/dudasytextos.com\/causasde\/category\/conoce-las-causas\/"},{"label":"Causa emocional del cancer de mama","link":"https:\/\/dudasytextos.com\/causasde\/causa-emocional-del-cancer-de-mama\/"}],"_links":{"self":[{"href":"https:\/\/dudasytextos.com\/causasde\/wp-json\/wp\/v2\/posts\/162080","targetHints":{"allow":["GET"]}}],"collection":[{"href":"https:\/\/dudasytextos.com\/causasde\/wp-json\/wp\/v2\/posts"}],"about":[{"href":"https:\/\/dudasytextos.com\/causasde\/wp-json\/wp\/v2\/types\/post"}],"author":[{"embeddable":true,"href":"https:\/\/dudasytextos.com\/causasde\/wp-json\/wp\/v2\/users\/1"}],"replies":[{"embeddable":true,"href":"https:\/\/dudasytextos.com\/causasde\/wp-json\/wp\/v2\/comments?post=162080"}],"version-history":[{"count":1,"href":"https:\/\/dudasytextos.com\/causasde\/wp-json\/wp\/v2\/posts\/162080\/revisions"}],"predecessor-version":[{"id":166499,"href":"https:\/\/dudasytextos.com\/causasde\/wp-json\/wp\/v2\/posts\/162080\/revisions\/166499"}],"wp:attachment":[{"href":"https:\/\/dudasytextos.com\/causasde\/wp-json\/wp\/v2\/media?parent=162080"}],"wp:term":[{"taxonomy":"category","embeddable":true,"href":"https:\/\/dudasytextos.com\/causasde\/wp-json\/wp\/v2\/categories?post=162080"},{"taxonomy":"post_tag","embeddable":true,"href":"https:\/\/dudasytextos.com\/causasde\/wp-json\/wp\/v2\/tags?post=162080"}],"curies":[{"name":"wp","href":"https:\/\/api.w.org\/{rel}","templated":true}]}}