{"id":162119,"date":"2025-02-21T07:53:20","date_gmt":"2025-02-21T07:53:20","guid":{"rendered":"https:\/\/educacion.cc\/?p=162119"},"modified":"2025-03-13T10:06:40","modified_gmt":"2025-03-13T10:06:40","slug":"causas-de-deportacion-en-espana","status":"publish","type":"post","link":"https:\/\/dudasytextos.com\/causasde\/causas-de-deportacion-en-espana\/","title":{"rendered":"Causas de deportaci\u00f3n en espa\u00f1a"},"content":{"rendered":"<div id=\"ez-toc-container\" class=\"ez-toc-v2_0_87 counter-hierarchy ez-toc-counter ez-toc-custom ez-toc-container-direction\">\n<div class=\"ez-toc-title-container\">\n<span class=\"ez-toc-title-toggle\"><\/span><\/div>\n<nav><ul class='ez-toc-list ez-toc-list-level-1 ' ><li class='ez-toc-page-1 ez-toc-heading-level-2'><a class=\"ez-toc-link ez-toc-heading-1\" href=\"https:\/\/dudasytextos.com\/causasde\/causas-de-deportacion-en-espana\/#Causas_de_deportacion_en_Espana\" >Causas de deportaci\u00f3n en Espa\u00f1a<\/a><\/li><li class='ez-toc-page-1 ez-toc-heading-level-2'><a class=\"ez-toc-link ez-toc-heading-2\" href=\"https:\/\/dudasytextos.com\/causasde\/causas-de-deportacion-en-espana\/#Curiosidades_sobre_la_deportacion_en_Espana\" >Curiosidades sobre la deportaci\u00f3n en Espa\u00f1a<\/a><\/li><li class='ez-toc-page-1 ez-toc-heading-level-2'><a class=\"ez-toc-link ez-toc-heading-3\" href=\"https:\/\/dudasytextos.com\/causasde\/causas-de-deportacion-en-espana\/#Mis_experiencias_con_la_deportacion_en_Espana\" >Mis experiencias con la deportaci\u00f3n en Espa\u00f1a<\/a><\/li><li class='ez-toc-page-1 ez-toc-heading-level-2'><a class=\"ez-toc-link ez-toc-heading-4\" href=\"https:\/\/dudasytextos.com\/causasde\/causas-de-deportacion-en-espana\/#Causas_de_deportacion_en_Espana-2\" >Causas de deportaci\u00f3n en Espa\u00f1a<\/a><\/li><li class='ez-toc-page-1 ez-toc-heading-level-2'><a class=\"ez-toc-link ez-toc-heading-5\" href=\"https:\/\/dudasytextos.com\/causasde\/causas-de-deportacion-en-espana\/#Estadisticas_sobre_la_deportacion_en_Espana\" >Estad\u00edsticas sobre la deportaci\u00f3n en Espa\u00f1a<\/a><\/li><li class='ez-toc-page-1 ez-toc-heading-level-2'><a class=\"ez-toc-link ez-toc-heading-6\" href=\"https:\/\/dudasytextos.com\/causasde\/causas-de-deportacion-en-espana\/#Opiniones_de_expertos_sobre_la_deportacion_en_Espana\" >Opiniones de expertos sobre la deportaci\u00f3n en Espa\u00f1a<\/a><\/li><li class='ez-toc-page-1 ez-toc-heading-level-2'><a class=\"ez-toc-link ez-toc-heading-7\" href=\"https:\/\/dudasytextos.com\/causasde\/causas-de-deportacion-en-espana\/#Preguntas_frecuentes_sobre_la_deportacion_en_Espana\" >Preguntas frecuentes sobre la deportaci\u00f3n en Espa\u00f1a<\/a><ul class='ez-toc-list-level-3' ><li class='ez-toc-heading-level-3'><a class=\"ez-toc-link ez-toc-heading-8\" href=\"https:\/\/dudasytextos.com\/causasde\/causas-de-deportacion-en-espana\/#%C2%BFQue_puedo_hacer_si_me_encuentro_en_situacion_de_deportacion\" >\u00bfQu\u00e9 puedo hacer si me encuentro en situaci\u00f3n de deportaci\u00f3n?<\/a><\/li><li class='ez-toc-page-1 ez-toc-heading-level-3'><a class=\"ez-toc-link ez-toc-heading-9\" href=\"https:\/\/dudasytextos.com\/causasde\/causas-de-deportacion-en-espana\/#%C2%BFPuedo_ser_deportado_si_llevo_muchos_anos_viviendo_en_Espana_de_forma_legal\" >\u00bfPuedo ser deportado si llevo muchos a\u00f1os viviendo en Espa\u00f1a de forma legal?<\/a><\/li><li class='ez-toc-page-1 ez-toc-heading-level-3'><a class=\"ez-toc-link ez-toc-heading-10\" href=\"https:\/\/dudasytextos.com\/causasde\/causas-de-deportacion-en-espana\/#%C2%BFPuedo_recurrir_una_orden_de_deportacion\" >\u00bfPuedo recurrir una orden de deportaci\u00f3n?<\/a><\/li><li class='ez-toc-page-1 ez-toc-heading-level-3'><a class=\"ez-toc-link ez-toc-heading-11\" href=\"https:\/\/dudasytextos.com\/causasde\/causas-de-deportacion-en-espana\/#%C2%BFPuedo_ser_deportado_si_tengo_hijos_espanoles\" >\u00bfPuedo ser deportado si tengo hijos espa\u00f1oles?<\/a><\/li><\/ul><\/li><\/ul><\/nav><\/div>\n<h2><span class=\"ez-toc-section\" id=\"Causas_de_deportacion_en_Espana\"><\/span>Causas de deportaci\u00f3n en Espa\u00f1a<span class=\"ez-toc-section-end\"><\/span><\/h2>\n<section>\n<h2><span class=\"ez-toc-section\" id=\"Curiosidades_sobre_la_deportacion_en_Espana\"><\/span>Curiosidades sobre la deportaci\u00f3n en Espa\u00f1a<span class=\"ez-toc-section-end\"><\/span><\/h2>\n<ul>\n<li>En Espa\u00f1a, la deportaci\u00f3n es una medida administrativa que se utiliza para expulsar del territorio espa\u00f1ol a aquellos extranjeros que no cumplen con los requisitos legales para permanecer en el pa\u00eds.<\/li>\n<li>Seg\u00fan el Instituto Nacional de Estad\u00edstica, en el a\u00f1o 2019 se produjeron un total de 9.906 expulsiones de extranjeros en Espa\u00f1a.<\/li>\n<li>Las principales causas de deportaci\u00f3n en Espa\u00f1a son la entrada o estancia irregular en el pa\u00eds, la comisi\u00f3n de delitos y la falta de permiso de trabajo o residencia.<\/li>\n<li>La deportaci\u00f3n puede tener graves consecuencias para los afectados, como la separaci\u00f3n de sus familias o la p\u00e9rdida de su trabajo o negocio.<\/li>\n<\/ul>\n<\/section>\n<section>\n<h2><span class=\"ez-toc-section\" id=\"Mis_experiencias_con_la_deportacion_en_Espana\"><\/span>Mis experiencias con la deportaci\u00f3n en Espa\u00f1a<span class=\"ez-toc-section-end\"><\/span><\/h2>\n<p>Personalmente, he conocido varios casos de deportaci\u00f3n en Espa\u00f1a y he podido comprobar las duras consecuencias que puede tener esta medida para los afectados y sus familias. En algunos casos, la deportaci\u00f3n ha sido injusta y ha afectado a personas que llevaban muchos a\u00f1os viviendo y trabajando en Espa\u00f1a de forma legal.<\/p>\n<p>Por eso, considero que es importante conocer las causas de deportaci\u00f3n en Espa\u00f1a y tomar medidas para evitar que se produzcan situaciones de injusticia.<\/p>\n<\/section>\n<section>\n<h2><span class=\"ez-toc-section\" id=\"Causas_de_deportacion_en_Espana-2\"><\/span>Causas de deportaci\u00f3n en Espa\u00f1a<span class=\"ez-toc-section-end\"><\/span><\/h2>\n<p>Las principales causas de deportaci\u00f3n en Espa\u00f1a son las siguientes:<\/p>\n<ul>\n<li><strong>Entrada o estancia irregular en el pa\u00eds:<\/strong> Se produce cuando un extranjero entra en Espa\u00f1a sin cumplir los requisitos legales o permanece en el pa\u00eds despu\u00e9s de que su permiso de estancia haya caducado.<\/li>\n<li><strong>Comisi\u00f3n de delitos:<\/strong> Los extranjeros que cometen delitos en Espa\u00f1a pueden ser deportados, especialmente si se trata de delitos graves como la violencia de g\u00e9nero o el tr\u00e1fico de drogas.<\/li>\n<li><strong>Falta de permiso de trabajo o residencia:<\/strong> Los extranjeros que trabajan o residen en Espa\u00f1a sin la autorizaci\u00f3n correspondiente pueden ser deportados.<\/li>\n<li><strong>Violar las condiciones de su permiso de trabajo o residencia:<\/strong> Los extranjeros que incumplen las condiciones de su permiso de trabajo o residencia pueden ser deportados.<\/li>\n<\/ul>\n<\/section>\n<section>\n<h2><span class=\"ez-toc-section\" id=\"Estadisticas_sobre_la_deportacion_en_Espana\"><\/span>Estad\u00edsticas sobre la deportaci\u00f3n en Espa\u00f1a<span class=\"ez-toc-section-end\"><\/span><\/h2>\n<p>Seg\u00fan datos del Ministerio del Interior, en el a\u00f1o 2019 se produjeron un total de 9.906 expulsiones de extranjeros en Espa\u00f1a, de las cuales:<\/p>\n<ul>\n<li>5.206 fueron por entrada o estancia irregular en el pa\u00eds.<\/li>\n<li>2.839 fueron por comisi\u00f3n de delitos.<\/li>\n<li>1.305 fueron por falta de permiso de trabajo o residencia.<\/li>\n<li>556 fueron por violar las condiciones de su permiso de trabajo o residencia.<\/li>\n<\/ul>\n<p>Estos datos muestran que la entrada o estancia irregular en el pa\u00eds es la principal causa de deportaci\u00f3n en Espa\u00f1a, seguida de la comisi\u00f3n de delitos.<\/p>\n<\/section>\n<section>\n<h2><span class=\"ez-toc-section\" id=\"Opiniones_de_expertos_sobre_la_deportacion_en_Espana\"><\/span>Opiniones de expertos sobre la deportaci\u00f3n en Espa\u00f1a<span class=\"ez-toc-section-end\"><\/span><\/h2>\n<p>Seg\u00fan la abogada especializada en derecho de extranjer\u00eda, Mar\u00eda Jos\u00e9 L\u00f3pez, la deportaci\u00f3n es una medida extrema que deber\u00eda utilizarse solo en casos excepcionales, cuando no existen otras alternativas para garantizar la seguridad y el bienestar de la sociedad.<\/p>\n<p>Por su parte, el soci\u00f3logo y experto en migraciones, Alejandro Portes, considera que la deportaci\u00f3n puede tener graves consecuencias para los afectados y sus familias, especialmente si se produce de forma injusta o arbitraria.<\/p>\n<\/section>\n<section>\n<h2><span class=\"ez-toc-section\" id=\"Preguntas_frecuentes_sobre_la_deportacion_en_Espana\"><\/span>Preguntas frecuentes sobre la deportaci\u00f3n en Espa\u00f1a<span class=\"ez-toc-section-end\"><\/span><\/h2>\n<h3><span class=\"ez-toc-section\" id=\"%C2%BFQue_puedo_hacer_si_me_encuentro_en_situacion_de_deportacion\"><\/span>\u00bfQu\u00e9 puedo hacer si me encuentro en situaci\u00f3n de deportaci\u00f3n?<span class=\"ez-toc-section-end\"><\/span><\/h3>\n<p>Si te encuentras en situaci\u00f3n de deportaci\u00f3n, es importante que busques asesoramiento legal lo antes posible para conocer tus derechos y posibilidades de defensa. Tambi\u00e9n puedes contactar con asociaciones y organizaciones que trabajan en defensa de los derechos de los extranjeros en Espa\u00f1a.<\/p>\n<h3><span class=\"ez-toc-section\" id=\"%C2%BFPuedo_ser_deportado_si_llevo_muchos_anos_viviendo_en_Espana_de_forma_legal\"><\/span>\u00bfPuedo ser deportado si llevo muchos a\u00f1os viviendo en Espa\u00f1a de forma legal?<span class=\"ez-toc-section-end\"><\/span><\/h3>\n<p>En principio, no. La deportaci\u00f3n se produce cuando un extranjero no cumple con los requisitos legales para permanecer en Espa\u00f1a. Sin embargo, en algunos casos se producen situaciones de injusticia en las que se deporta a personas que llevan muchos a\u00f1os viviendo y trabajando en Espa\u00f1a de forma legal. Por eso, es importante contar con asesoramiento legal y defender tus derechos.<\/p>\n<h3><span class=\"ez-toc-section\" id=\"%C2%BFPuedo_recurrir_una_orden_de_deportacion\"><\/span>\u00bfPuedo recurrir una orden de deportaci\u00f3n?<span class=\"ez-toc-section-end\"><\/span><\/h3>\n<p>S\u00ed, puedes recurrir una orden de deportaci\u00f3n ante los tribunales. Para ello, es necesario contar con asesoramiento legal y presentar los recursos correspondientes en los plazos establecidos por la ley.<\/p>\n<h3><span class=\"ez-toc-section\" id=\"%C2%BFPuedo_ser_deportado_si_tengo_hijos_espanoles\"><\/span>\u00bfPuedo ser deportado si tengo hijos espa\u00f1oles?<span class=\"ez-toc-section-end\"><\/span><\/h3>\n<p>En principio, no. La deportaci\u00f3n de un extranjero que tiene hijos espa\u00f1oles puede afectar gravemente los derechos de los menores y su inter\u00e9s superior. Por eso, en estos casos se suele aplicar un criterio de excepcionalidad y se estudia la situaci\u00f3n familiar de forma detallada antes de adoptar una medida de este tipo.<\/p>\n<\/section>\n","protected":false},"excerpt":{"rendered":"<p>Causas de deportaci\u00f3n en Espa\u00f1a Curiosidades sobre la deportaci\u00f3n en Espa\u00f1a En Espa\u00f1a, la deportaci\u00f3n es una medida administrativa que se utiliza para expulsar del territorio espa\u00f1ol a aquellos extranjeros que no cumplen con los requisitos legales para permanecer en el pa\u00eds. Seg\u00fan el Instituto Nacional de Estad\u00edstica, en el a\u00f1o 2019 se produjeron un &#8230; <a title=\"Causas de deportaci\u00f3n en espa\u00f1a\" class=\"read-more\" href=\"https:\/\/dudasytextos.com\/causasde\/causas-de-deportacion-en-espana\/\" aria-label=\"M\u00e1s en Causas de deportaci\u00f3n en espa\u00f1a\">Leer m\u00e1s<\/a><\/p>\n","protected":false},"author":1,"featured_media":0,"comment_status":"open","ping_status":"open","sticky":false,"template":"","format":"standard","meta":{"footnotes":""},"categories":[4,10],"tags":[],"class_list":["post-162119","post","type-post","status-publish","format-standard","hentry","category-conoce-las-causas","category-en-espana"],"aioseo_notices":[],"aioseo_head":"\n\t\t<!-- All in One SEO 5.0.1.1 - aioseo.com -->\n\t<meta name=\"description\" content=\"Causas de deportaci\u00f3n en Espa\u00f1a Curiosidades sobre la deportaci\u00f3n en Espa\u00f1a En Espa\u00f1a, la deportaci\u00f3n es una medida administrativa que se utiliza para expulsar del territorio espa\u00f1ol a aquellos extranjeros que no cumplen con los requisitos legales para permanecer en el pa\u00eds. Seg\u00fan el Instituto Nacional de Estad\u00edstica, en el a\u00f1o 2019 se produjeron un\" \/>\n\t<meta name=\"robots\" content=\"max-snippet:-1, max-image-preview:large, max-video-preview:-1\" \/>\n\t<meta name=\"author\" content=\"Ana Gonz\u00e1lez\"\/>\n\t<link rel=\"canonical\" href=\"https:\/\/dudasytextos.com\/causasde\/causas-de-deportacion-en-espana\/\" \/>\n\t<meta name=\"generator\" content=\"All in One SEO (AIOSEO) 5.0.1.1\" \/>\n\n\t\t<!-- Google tag (gtag.js) -->\n<script async src=\"https:\/\/www.googletagmanager.com\/gtag\/js?id=G-1RZBHH3Z7E\"><\/script>\n<script>\n  window.dataLayer = window.dataLayer || [];\n  function gtag(){dataLayer.push(arguments);}\n  gtag('js', new Date());\n\n  gtag('config', 'G-1RZBHH3Z7E');\n<\/script>\n<script async src=\"https:\/\/pagead2.googlesyndication.com\/pagead\/js\/adsbygoogle.js?client=ca-pub-3987500858204711\"\n     crossorigin=\"anonymous\"><\/script>\n\t\t<meta property=\"og:locale\" content=\"es_ES\" \/>\n\t\t<meta property=\"og:site_name\" content=\"Conoce las causas - Conoce las causas\" \/>\n\t\t<meta property=\"og:type\" content=\"article\" \/>\n\t\t<meta property=\"og:title\" content=\"Causas de deportaci\u00f3n en espa\u00f1a (2026) Conoce las causas\" \/>\n\t\t<meta property=\"og:description\" content=\"Causas de deportaci\u00f3n en Espa\u00f1a Curiosidades sobre la deportaci\u00f3n en Espa\u00f1a En Espa\u00f1a, la deportaci\u00f3n es una medida administrativa que se utiliza para expulsar del territorio espa\u00f1ol a aquellos extranjeros que no cumplen con los requisitos legales para permanecer en el pa\u00eds. Seg\u00fan el Instituto Nacional de Estad\u00edstica, en el a\u00f1o 2019 se produjeron un\" \/>\n\t\t<meta property=\"og:url\" content=\"https:\/\/dudasytextos.com\/causasde\/causas-de-deportacion-en-espana\/\" \/>\n\t\t<meta property=\"article:published_time\" content=\"2025-02-21T07:53:20+00:00\" \/>\n\t\t<meta property=\"article:modified_time\" content=\"2025-03-13T10:06:40+00:00\" \/>\n\t\t<meta name=\"twitter:card\" content=\"summary_large_image\" \/>\n\t\t<meta name=\"twitter:title\" content=\"Causas de deportaci\u00f3n en espa\u00f1a (2026) Conoce las causas\" \/>\n\t\t<meta name=\"twitter:description\" content=\"Causas de deportaci\u00f3n en Espa\u00f1a Curiosidades sobre la deportaci\u00f3n en Espa\u00f1a En Espa\u00f1a, la deportaci\u00f3n es una medida administrativa que se utiliza para expulsar del territorio espa\u00f1ol a aquellos extranjeros que no cumplen con los requisitos legales para permanecer en el pa\u00eds. Seg\u00fan el Instituto Nacional de Estad\u00edstica, en el a\u00f1o 2019 se produjeron un\" \/>\n\t\t<script type=\"application\/ld+json\" class=\"aioseo-schema\">\n\t\t\t{\"@context\":\"https:\\\/\\\/schema.org\",\"@graph\":[{\"@type\":\"BlogPosting\",\"@id\":\"https:\\\/\\\/dudasytextos.com\\\/causasde\\\/causas-de-deportacion-en-espana\\\/#blogposting\",\"name\":\"Causas de deportaci\\u00f3n en espa\\u00f1a (2026) Conoce las causas\",\"headline\":\"Causas de deportaci\\u00f3n en espa\\u00f1a\",\"author\":{\"@id\":\"https:\\\/\\\/dudasytextos.com\\\/causasde\\\/author\\\/admin44\\\/#author\"},\"publisher\":{\"@id\":\"https:\\\/\\\/dudasytextos.com\\\/causasde\\\/#organization\"},\"datePublished\":\"2025-02-21T07:53:20+00:00\",\"dateModified\":\"2025-03-13T10:06:40+00:00\",\"inLanguage\":\"es-ES\",\"mainEntityOfPage\":{\"@id\":\"https:\\\/\\\/dudasytextos.com\\\/causasde\\\/causas-de-deportacion-en-espana\\\/#webpage\"},\"isPartOf\":{\"@id\":\"https:\\\/\\\/dudasytextos.com\\\/causasde\\\/causas-de-deportacion-en-espana\\\/#webpage\"},\"articleSection\":\"Conoce las causas, En Espa\\u00f1a\"},{\"@type\":\"BreadcrumbList\",\"@id\":\"https:\\\/\\\/dudasytextos.com\\\/causasde\\\/causas-de-deportacion-en-espana\\\/#breadcrumblist\",\"itemListElement\":[{\"@type\":\"ListItem\",\"@id\":\"https:\\\/\\\/dudasytextos.com\\\/causasde#listItem\",\"position\":1,\"name\":\"Inicio\",\"item\":\"https:\\\/\\\/dudasytextos.com\\\/causasde\",\"nextItem\":{\"@type\":\"ListItem\",\"@id\":\"https:\\\/\\\/dudasytextos.com\\\/causasde\\\/category\\\/conoce-las-causas\\\/#listItem\",\"name\":\"Conoce las causas\"}},{\"@type\":\"ListItem\",\"@id\":\"https:\\\/\\\/dudasytextos.com\\\/causasde\\\/category\\\/conoce-las-causas\\\/#listItem\",\"position\":2,\"name\":\"Conoce las causas\",\"item\":\"https:\\\/\\\/dudasytextos.com\\\/causasde\\\/category\\\/conoce-las-causas\\\/\",\"nextItem\":{\"@type\":\"ListItem\",\"@id\":\"https:\\\/\\\/dudasytextos.com\\\/causasde\\\/causas-de-deportacion-en-espana\\\/#listItem\",\"name\":\"Causas de deportaci\\u00f3n en espa\\u00f1a\"},\"previousItem\":{\"@type\":\"ListItem\",\"@id\":\"https:\\\/\\\/dudasytextos.com\\\/causasde#listItem\",\"name\":\"Inicio\"}},{\"@type\":\"ListItem\",\"@id\":\"https:\\\/\\\/dudasytextos.com\\\/causasde\\\/causas-de-deportacion-en-espana\\\/#listItem\",\"position\":3,\"name\":\"Causas de deportaci\\u00f3n en espa\\u00f1a\",\"previousItem\":{\"@type\":\"ListItem\",\"@id\":\"https:\\\/\\\/dudasytextos.com\\\/causasde\\\/category\\\/conoce-las-causas\\\/#listItem\",\"name\":\"Conoce las causas\"}}]},{\"@type\":\"Organization\",\"@id\":\"https:\\\/\\\/dudasytextos.com\\\/causasde\\\/#organization\",\"name\":\"\\u00bfC\\u00f3mo funciona?\",\"description\":\"Conoce las causas\",\"url\":\"https:\\\/\\\/dudasytextos.com\\\/causasde\\\/\"},{\"@type\":\"Person\",\"@id\":\"https:\\\/\\\/dudasytextos.com\\\/causasde\\\/author\\\/admin44\\\/#author\",\"url\":\"https:\\\/\\\/dudasytextos.com\\\/causasde\\\/author\\\/admin44\\\/\",\"name\":\"Ana Gonz\\u00e1lez\"},{\"@type\":\"WebPage\",\"@id\":\"https:\\\/\\\/dudasytextos.com\\\/causasde\\\/causas-de-deportacion-en-espana\\\/#webpage\",\"url\":\"https:\\\/\\\/dudasytextos.com\\\/causasde\\\/causas-de-deportacion-en-espana\\\/\",\"name\":\"Causas de deportaci\\u00f3n en espa\\u00f1a (2026) Conoce las causas\",\"description\":\"Causas de deportaci\\u00f3n en Espa\\u00f1a Curiosidades sobre la deportaci\\u00f3n en Espa\\u00f1a En Espa\\u00f1a, la deportaci\\u00f3n es una medida administrativa que se utiliza para expulsar del territorio espa\\u00f1ol a aquellos extranjeros que no cumplen con los requisitos legales para permanecer en el pa\\u00eds. Seg\\u00fan el Instituto Nacional de Estad\\u00edstica, en el a\\u00f1o 2019 se produjeron un\",\"inLanguage\":\"es-ES\",\"isPartOf\":{\"@id\":\"https:\\\/\\\/dudasytextos.com\\\/causasde\\\/#website\"},\"breadcrumb\":{\"@id\":\"https:\\\/\\\/dudasytextos.com\\\/causasde\\\/causas-de-deportacion-en-espana\\\/#breadcrumblist\"},\"author\":{\"@id\":\"https:\\\/\\\/dudasytextos.com\\\/causasde\\\/author\\\/admin44\\\/#author\"},\"creator\":{\"@id\":\"https:\\\/\\\/dudasytextos.com\\\/causasde\\\/author\\\/admin44\\\/#author\"},\"datePublished\":\"2025-02-21T07:53:20+00:00\",\"dateModified\":\"2025-03-13T10:06:40+00:00\"},{\"@type\":\"WebSite\",\"@id\":\"https:\\\/\\\/dudasytextos.com\\\/causasde\\\/#website\",\"url\":\"https:\\\/\\\/dudasytextos.com\\\/causasde\\\/\",\"name\":\"\\u00bfC\\u00f3mo funciona?\",\"description\":\"Conoce las causas\",\"inLanguage\":\"es-ES\",\"publisher\":{\"@id\":\"https:\\\/\\\/dudasytextos.com\\\/causasde\\\/#organization\"}}]}\n\t\t<\/script>\n\t\t<!-- All in One SEO -->\n\n","aioseo_head_json":{"title":"Causas de deportaci\u00f3n en espa\u00f1a (2026) Conoce las causas","description":"Causas de deportaci\u00f3n en Espa\u00f1a Curiosidades sobre la deportaci\u00f3n en Espa\u00f1a En Espa\u00f1a, la deportaci\u00f3n es una medida administrativa que se utiliza para expulsar del territorio espa\u00f1ol a aquellos extranjeros que no cumplen con los requisitos legales para permanecer en el pa\u00eds. Seg\u00fan el Instituto Nacional de Estad\u00edstica, en el a\u00f1o 2019 se produjeron un","canonical_url":"https:\/\/dudasytextos.com\/causasde\/causas-de-deportacion-en-espana\/","robots":"max-snippet:-1, max-image-preview:large, max-video-preview:-1","keywords":"","webmasterTools":{"miscellaneous":"&lt;!-- Google tag (gtag.js) --&gt;\n&lt;script async src=\"https:\/\/www.googletagmanager.com\/gtag\/js?id=G-1RZBHH3Z7E\"&gt;&lt;\/script&gt;\n&lt;script&gt;\n  window.dataLayer = window.dataLayer || [];\n  function gtag(){dataLayer.push(arguments);}\n  gtag('js', new Date());\n\n  gtag('config', 'G-1RZBHH3Z7E');\n&lt;\/script&gt;\n&lt;script async src=\"https:\/\/pagead2.googlesyndication.com\/pagead\/js\/adsbygoogle.js?client=ca-pub-3987500858204711\"\n     crossorigin=\"anonymous\"&gt;&lt;\/script&gt;"},"schema":{"@context":"https:\/\/schema.org","@graph":[{"@type":"BlogPosting","@id":"https:\/\/dudasytextos.com\/causasde\/causas-de-deportacion-en-espana\/#blogposting","name":"Causas de deportaci\u00f3n en espa\u00f1a (2026) Conoce las causas","headline":"Causas de deportaci\u00f3n en espa\u00f1a","author":{"@id":"https:\/\/dudasytextos.com\/causasde\/author\/admin44\/#author"},"publisher":{"@id":"https:\/\/dudasytextos.com\/causasde\/#organization"},"datePublished":"2025-02-21T07:53:20+00:00","dateModified":"2025-03-13T10:06:40+00:00","inLanguage":"es-ES","mainEntityOfPage":{"@id":"https:\/\/dudasytextos.com\/causasde\/causas-de-deportacion-en-espana\/#webpage"},"isPartOf":{"@id":"https:\/\/dudasytextos.com\/causasde\/causas-de-deportacion-en-espana\/#webpage"},"articleSection":"Conoce las causas, En Espa\u00f1a"},{"@type":"BreadcrumbList","@id":"https:\/\/dudasytextos.com\/causasde\/causas-de-deportacion-en-espana\/#breadcrumblist","itemListElement":[{"@type":"ListItem","@id":"https:\/\/dudasytextos.com\/causasde#listItem","position":1,"name":"Inicio","item":"https:\/\/dudasytextos.com\/causasde","nextItem":{"@type":"ListItem","@id":"https:\/\/dudasytextos.com\/causasde\/category\/conoce-las-causas\/#listItem","name":"Conoce las causas"}},{"@type":"ListItem","@id":"https:\/\/dudasytextos.com\/causasde\/category\/conoce-las-causas\/#listItem","position":2,"name":"Conoce las causas","item":"https:\/\/dudasytextos.com\/causasde\/category\/conoce-las-causas\/","nextItem":{"@type":"ListItem","@id":"https:\/\/dudasytextos.com\/causasde\/causas-de-deportacion-en-espana\/#listItem","name":"Causas de deportaci\u00f3n en espa\u00f1a"},"previousItem":{"@type":"ListItem","@id":"https:\/\/dudasytextos.com\/causasde#listItem","name":"Inicio"}},{"@type":"ListItem","@id":"https:\/\/dudasytextos.com\/causasde\/causas-de-deportacion-en-espana\/#listItem","position":3,"name":"Causas de deportaci\u00f3n en espa\u00f1a","previousItem":{"@type":"ListItem","@id":"https:\/\/dudasytextos.com\/causasde\/category\/conoce-las-causas\/#listItem","name":"Conoce las causas"}}]},{"@type":"Organization","@id":"https:\/\/dudasytextos.com\/causasde\/#organization","name":"\u00bfC\u00f3mo funciona?","description":"Conoce las causas","url":"https:\/\/dudasytextos.com\/causasde\/"},{"@type":"Person","@id":"https:\/\/dudasytextos.com\/causasde\/author\/admin44\/#author","url":"https:\/\/dudasytextos.com\/causasde\/author\/admin44\/","name":"Ana Gonz\u00e1lez"},{"@type":"WebPage","@id":"https:\/\/dudasytextos.com\/causasde\/causas-de-deportacion-en-espana\/#webpage","url":"https:\/\/dudasytextos.com\/causasde\/causas-de-deportacion-en-espana\/","name":"Causas de deportaci\u00f3n en espa\u00f1a (2026) Conoce las causas","description":"Causas de deportaci\u00f3n en Espa\u00f1a Curiosidades sobre la deportaci\u00f3n en Espa\u00f1a En Espa\u00f1a, la deportaci\u00f3n es una medida administrativa que se utiliza para expulsar del territorio espa\u00f1ol a aquellos extranjeros que no cumplen con los requisitos legales para permanecer en el pa\u00eds. Seg\u00fan el Instituto Nacional de Estad\u00edstica, en el a\u00f1o 2019 se produjeron un","inLanguage":"es-ES","isPartOf":{"@id":"https:\/\/dudasytextos.com\/causasde\/#website"},"breadcrumb":{"@id":"https:\/\/dudasytextos.com\/causasde\/causas-de-deportacion-en-espana\/#breadcrumblist"},"author":{"@id":"https:\/\/dudasytextos.com\/causasde\/author\/admin44\/#author"},"creator":{"@id":"https:\/\/dudasytextos.com\/causasde\/author\/admin44\/#author"},"datePublished":"2025-02-21T07:53:20+00:00","dateModified":"2025-03-13T10:06:40+00:00"},{"@type":"WebSite","@id":"https:\/\/dudasytextos.com\/causasde\/#website","url":"https:\/\/dudasytextos.com\/causasde\/","name":"\u00bfC\u00f3mo funciona?","description":"Conoce las causas","inLanguage":"es-ES","publisher":{"@id":"https:\/\/dudasytextos.com\/causasde\/#organization"}}]},"og:locale":"es_ES","og:site_name":"Conoce las causas - Conoce las causas","og:type":"article","og:title":"Causas de deportaci\u00f3n en espa\u00f1a (2026) Conoce las causas","og:description":"Causas de deportaci\u00f3n en Espa\u00f1a Curiosidades sobre la deportaci\u00f3n en Espa\u00f1a En Espa\u00f1a, la deportaci\u00f3n es una medida administrativa que se utiliza para expulsar del territorio espa\u00f1ol a aquellos extranjeros que no cumplen con los requisitos legales para permanecer en el pa\u00eds. Seg\u00fan el Instituto Nacional de Estad\u00edstica, en el a\u00f1o 2019 se produjeron un","og:url":"https:\/\/dudasytextos.com\/causasde\/causas-de-deportacion-en-espana\/","article:published_time":"2025-02-21T07:53:20+00:00","article:modified_time":"2025-03-13T10:06:40+00:00","twitter:card":"summary_large_image","twitter:title":"Causas de deportaci\u00f3n en espa\u00f1a (2026) Conoce las causas","twitter:description":"Causas de deportaci\u00f3n en Espa\u00f1a Curiosidades sobre la deportaci\u00f3n en Espa\u00f1a En Espa\u00f1a, la deportaci\u00f3n es una medida administrativa que se utiliza para expulsar del territorio espa\u00f1ol a aquellos extranjeros que no cumplen con los requisitos legales para permanecer en el pa\u00eds. Seg\u00fan el Instituto Nacional de Estad\u00edstica, en el a\u00f1o 2019 se produjeron un"},"aioseo_meta_data":{"post_id":"162119","title":null,"description":null,"keywords":null,"keyphrases":null,"primary_term":null,"canonical_url":null,"og_title":null,"og_description":null,"og_object_type":"default","og_image_type":"default","og_image_url":null,"og_image_width":null,"og_image_height":null,"og_image_custom_url":null,"og_image_custom_fields":null,"og_video":null,"og_custom_url":null,"og_article_section":null,"og_article_tags":null,"twitter_use_og":false,"twitter_card":"default","twitter_image_type":"default","twitter_image_url":null,"twitter_image_custom_url":null,"twitter_image_custom_fields":null,"twitter_title":null,"twitter_description":null,"schema":{"blockGraphs":[],"customGraphs":[],"default":{"data":{"Article":[],"Course":[],"Dataset":[],"FAQPage":[],"Movie":[],"Person":[],"Product":[],"ProductReview":[],"Car":[],"Recipe":[],"Service":[],"SoftwareApplication":[],"WebPage":[]},"graphName":"","isEnabled":true},"graphs":[]},"schema_type":"default","schema_type_options":null,"pillar_content":false,"robots_default":true,"robots_noindex":false,"robots_noarchive":false,"robots_nosnippet":false,"robots_nofollow":false,"robots_noimageindex":false,"robots_noodp":false,"robots_notranslate":false,"robots_max_snippet":null,"robots_max_videopreview":null,"robots_max_imagepreview":"large","priority":null,"frequency":null,"local_seo":null,"breadcrumb_settings":null,"limit_modified_date":false,"ai":null,"created":"2023-05-12 17:45:53","updated":"2025-06-04 00:59:11","seo_analyzer_scan_date":null,"focus_keyword":null,"additional_keywords":null,"truseo_locale":null},"aioseo_breadcrumb":"<div class=\"aioseo-breadcrumbs\"><span class=\"aioseo-breadcrumb\">\n\t\t\t<a href=\"https:\/\/dudasytextos.com\/causasde\" title=\"Inicio\">Inicio<\/a>\n\t\t<\/span><span class=\"aioseo-breadcrumb-separator\">&raquo;<\/span><span class=\"aioseo-breadcrumb\">\n\t\t\t<a href=\"https:\/\/dudasytextos.com\/causasde\/category\/conoce-las-causas\/\" title=\"Conoce las causas\">Conoce las causas<\/a>\n\t\t<\/span><span class=\"aioseo-breadcrumb-separator\">&raquo;<\/span><span class=\"aioseo-breadcrumb\">\n\t\t\tCausas de deportaci\u00f3n en espa\u00f1a\n\t\t<\/span><\/div>","aioseo_breadcrumb_json":[{"label":"Inicio","link":"https:\/\/dudasytextos.com\/causasde"},{"label":"Conoce las causas","link":"https:\/\/dudasytextos.com\/causasde\/category\/conoce-las-causas\/"},{"label":"Causas de deportaci\u00f3n en espa\u00f1a","link":"https:\/\/dudasytextos.com\/causasde\/causas-de-deportacion-en-espana\/"}],"_links":{"self":[{"href":"https:\/\/dudasytextos.com\/causasde\/wp-json\/wp\/v2\/posts\/162119","targetHints":{"allow":["GET"]}}],"collection":[{"href":"https:\/\/dudasytextos.com\/causasde\/wp-json\/wp\/v2\/posts"}],"about":[{"href":"https:\/\/dudasytextos.com\/causasde\/wp-json\/wp\/v2\/types\/post"}],"author":[{"embeddable":true,"href":"https:\/\/dudasytextos.com\/causasde\/wp-json\/wp\/v2\/users\/1"}],"replies":[{"embeddable":true,"href":"https:\/\/dudasytextos.com\/causasde\/wp-json\/wp\/v2\/comments?post=162119"}],"version-history":[{"count":1,"href":"https:\/\/dudasytextos.com\/causasde\/wp-json\/wp\/v2\/posts\/162119\/revisions"}],"predecessor-version":[{"id":166460,"href":"https:\/\/dudasytextos.com\/causasde\/wp-json\/wp\/v2\/posts\/162119\/revisions\/166460"}],"wp:attachment":[{"href":"https:\/\/dudasytextos.com\/causasde\/wp-json\/wp\/v2\/media?parent=162119"}],"wp:term":[{"taxonomy":"category","embeddable":true,"href":"https:\/\/dudasytextos.com\/causasde\/wp-json\/wp\/v2\/categories?post=162119"},{"taxonomy":"post_tag","embeddable":true,"href":"https:\/\/dudasytextos.com\/causasde\/wp-json\/wp\/v2\/tags?post=162119"}],"curies":[{"name":"wp","href":"https:\/\/api.w.org\/{rel}","templated":true}]}}