{"id":162180,"date":"2025-03-11T21:47:43","date_gmt":"2025-03-11T21:47:43","guid":{"rendered":"https:\/\/educacion.cc\/?p=162180"},"modified":"2025-03-13T07:14:20","modified_gmt":"2025-03-13T07:14:20","slug":"causa-de-la-muerte-de-selena","status":"publish","type":"post","link":"https:\/\/dudasytextos.com\/causasde\/causa-de-la-muerte-de-selena\/","title":{"rendered":"Causa de la muerte de selena"},"content":{"rendered":"<div id=\"ez-toc-container\" class=\"ez-toc-v2_0_87 counter-hierarchy ez-toc-counter ez-toc-custom ez-toc-container-direction\">\n<div class=\"ez-toc-title-container\">\n<span class=\"ez-toc-title-toggle\"><\/span><\/div>\n<nav><ul class='ez-toc-list ez-toc-list-level-1 ' ><li class='ez-toc-page-1 ez-toc-heading-level-2'><a class=\"ez-toc-link ez-toc-heading-1\" href=\"https:\/\/dudasytextos.com\/causasde\/causa-de-la-muerte-de-selena\/#Causa_de_la_muerte_de_Selena\" >Causa de la muerte de Selena<\/a><\/li><li class='ez-toc-page-1 ez-toc-heading-level-2'><a class=\"ez-toc-link ez-toc-heading-2\" href=\"https:\/\/dudasytextos.com\/causasde\/causa-de-la-muerte-de-selena\/#Cosas_que_probablemente_no_sabias_sobre_Selena\" >Cosas que probablemente no sab\u00edas sobre Selena<\/a><\/li><li class='ez-toc-page-1 ez-toc-heading-level-2'><a class=\"ez-toc-link ez-toc-heading-3\" href=\"https:\/\/dudasytextos.com\/causasde\/causa-de-la-muerte-de-selena\/#La_tragica_muerte_de_Selena\" >La tr\u00e1gica muerte de Selena<\/a><\/li><li class='ez-toc-page-1 ez-toc-heading-level-2'><a class=\"ez-toc-link ez-toc-heading-4\" href=\"https:\/\/dudasytextos.com\/causasde\/causa-de-la-muerte-de-selena\/#%C2%BFCual_fue_la_causa_de_la_muerte_de_Selena\" >\u00bfCu\u00e1l fue la causa de la muerte de Selena?<\/a><\/li><li class='ez-toc-page-1 ez-toc-heading-level-2'><a class=\"ez-toc-link ez-toc-heading-5\" href=\"https:\/\/dudasytextos.com\/causasde\/causa-de-la-muerte-de-selena\/#Mi_experiencia_con_la_musica_de_Selena\" >Mi experiencia con la m\u00fasica de Selena<\/a><\/li><li class='ez-toc-page-1 ez-toc-heading-level-2'><a class=\"ez-toc-link ez-toc-heading-6\" href=\"https:\/\/dudasytextos.com\/causasde\/causa-de-la-muerte-de-selena\/#Preguntas_frecuentes_sobre_la_muerte_de_Selena\" >Preguntas frecuentes sobre la muerte de Selena<\/a><ul class='ez-toc-list-level-3' ><li class='ez-toc-heading-level-3'><a class=\"ez-toc-link ez-toc-heading-7\" href=\"https:\/\/dudasytextos.com\/causasde\/causa-de-la-muerte-de-selena\/#%C2%BFPor_que_fue_asesinada_Selena\" >\u00bfPor qu\u00e9 fue asesinada Selena?<\/a><\/li><li class='ez-toc-page-1 ez-toc-heading-level-3'><a class=\"ez-toc-link ez-toc-heading-8\" href=\"https:\/\/dudasytextos.com\/causasde\/causa-de-la-muerte-de-selena\/#%C2%BFCual_fue_la_causa_de_la_muerte_de_Selena-2\" >\u00bfCu\u00e1l fue la causa de la muerte de Selena?<\/a><\/li><li class='ez-toc-page-1 ez-toc-heading-level-3'><a class=\"ez-toc-link ez-toc-heading-9\" href=\"https:\/\/dudasytextos.com\/causasde\/causa-de-la-muerte-de-selena\/#%C2%BFQue_edad_tenia_Selena_cuando_murio\" >\u00bfQu\u00e9 edad ten\u00eda Selena cuando muri\u00f3?<\/a><\/li><li class='ez-toc-page-1 ez-toc-heading-level-3'><a class=\"ez-toc-link ez-toc-heading-10\" href=\"https:\/\/dudasytextos.com\/causasde\/causa-de-la-muerte-de-selena\/#%C2%BFQue_paso_con_Yolanda_Saldivar_despues_de_asesinar_a_Selena\" >\u00bfQu\u00e9 pas\u00f3 con Yolanda Sald\u00edvar despu\u00e9s de asesinar a Selena?<\/a><\/li><\/ul><\/li><\/ul><\/nav><\/div>\n<h2><span class=\"ez-toc-section\" id=\"Causa_de_la_muerte_de_Selena\"><\/span>Causa de la muerte de Selena<span class=\"ez-toc-section-end\"><\/span><\/h2>\n<section>\n<h2><span class=\"ez-toc-section\" id=\"Cosas_que_probablemente_no_sabias_sobre_Selena\"><\/span>Cosas que probablemente no sab\u00edas sobre Selena<span class=\"ez-toc-section-end\"><\/span><\/h2>\n<ul>\n<li>Selena Quintanilla fue una cantante estadounidense de origen latinoamericano.<\/li>\n<li>Naci\u00f3 en Lake Jackson, Texas, el 16 de abril de 1971.<\/li>\n<li>Su padre, Abraham Quintanilla, fue quien la introdujo en la m\u00fasica desde muy joven.<\/li>\n<li>Se convirti\u00f3 en una de las artistas latinas m\u00e1s populares de la d\u00e9cada de 1990.<\/li>\n<li>Recibi\u00f3 el apodo de La Reina del Tex-Mex.<\/li>\n<\/ul>\n<\/section>\n<section>\n<h2><span class=\"ez-toc-section\" id=\"La_tragica_muerte_de_Selena\"><\/span>La tr\u00e1gica muerte de Selena<span class=\"ez-toc-section-end\"><\/span><\/h2>\n<p>El 31 de marzo de 1995, Selena fue asesinada a tiros por Yolanda Sald\u00edvar, quien hab\u00eda sido la presidenta de su club de fans. El incidente ocurri\u00f3 en un motel Days Inn en Corpus Christi, Texas.<\/p>\n<p>Tras ser herida, Selena fue trasladada de urgencia al hospital, donde fue declarada muerta a los 23 a\u00f1os.<\/p>\n<p>La noticia de su muerte conmocion\u00f3 a miles de fans en todo el mundo y su legado musical sigue siendo recordado y celebrado hoy en d\u00eda.<\/p>\n<\/section>\n<section>\n<h2><span class=\"ez-toc-section\" id=\"%C2%BFCual_fue_la_causa_de_la_muerte_de_Selena\"><\/span>\u00bfCu\u00e1l fue la causa de la muerte de Selena?<span class=\"ez-toc-section-end\"><\/span><\/h2>\n<p>La causa de la muerte de Selena fue un disparo en la espalda que le caus\u00f3 una gran p\u00e9rdida de sangre y la llev\u00f3 a la muerte.<\/p>\n<p>El asesinato de Selena fue resultado de una discusi\u00f3n entre ella y Sald\u00edvar, quien hab\u00eda sido despedida como presidenta de su club de fans debido a irregularidades financieras.<\/p>\n<p>Sald\u00edvar se enfrent\u00f3 a Selena en el motel y le dispar\u00f3 antes de intentar huir. Fue capturada y condenada a cadena perpetua por el asesinato de Selena.<\/p>\n<\/section>\n<section>\n<h2><span class=\"ez-toc-section\" id=\"Mi_experiencia_con_la_musica_de_Selena\"><\/span>Mi experiencia con la m\u00fasica de Selena<span class=\"ez-toc-section-end\"><\/span><\/h2>\n<p>Recuerdo haber escuchado la m\u00fasica de Selena cuando era ni\u00f1a y siempre me gust\u00f3 su estilo y su voz \u00fanica. Fue una gran p\u00e9rdida para el mundo de la m\u00fasica cuando fue asesinada y siempre ser\u00e1 recordada como una de las artistas m\u00e1s talentosas de su generaci\u00f3n.<\/p>\n<\/section>\n<section>\n<h2><span class=\"ez-toc-section\" id=\"Preguntas_frecuentes_sobre_la_muerte_de_Selena\"><\/span>Preguntas frecuentes sobre la muerte de Selena<span class=\"ez-toc-section-end\"><\/span><\/h2>\n<h3><span class=\"ez-toc-section\" id=\"%C2%BFPor_que_fue_asesinada_Selena\"><\/span>\u00bfPor qu\u00e9 fue asesinada Selena?<span class=\"ez-toc-section-end\"><\/span><\/h3>\n<p>Selena fue asesinada por Yolanda Sald\u00edvar, quien hab\u00eda sido la presidenta de su club de fans. La raz\u00f3n del asesinato fue una discusi\u00f3n entre ellas debido a irregularidades financieras.<\/p>\n<h3><span class=\"ez-toc-section\" id=\"%C2%BFCual_fue_la_causa_de_la_muerte_de_Selena-2\"><\/span>\u00bfCu\u00e1l fue la causa de la muerte de Selena?<span class=\"ez-toc-section-end\"><\/span><\/h3>\n<p>Selena muri\u00f3 a causa de un disparo en la espalda que le caus\u00f3 una gran p\u00e9rdida de sangre.<\/p>\n<h3><span class=\"ez-toc-section\" id=\"%C2%BFQue_edad_tenia_Selena_cuando_murio\"><\/span>\u00bfQu\u00e9 edad ten\u00eda Selena cuando muri\u00f3?<span class=\"ez-toc-section-end\"><\/span><\/h3>\n<p>Selena ten\u00eda 23 a\u00f1os cuando fue asesinada.<\/p>\n<h3><span class=\"ez-toc-section\" id=\"%C2%BFQue_paso_con_Yolanda_Saldivar_despues_de_asesinar_a_Selena\"><\/span>\u00bfQu\u00e9 pas\u00f3 con Yolanda Sald\u00edvar despu\u00e9s de asesinar a Selena?<span class=\"ez-toc-section-end\"><\/span><\/h3>\n<p>Sald\u00edvar fue capturada y condenada a cadena perpetua por el asesinato de Selena.<\/p>\n<\/section>\n","protected":false},"excerpt":{"rendered":"<p>Causa de la muerte de Selena Cosas que probablemente no sab\u00edas sobre Selena Selena Quintanilla fue una cantante estadounidense de origen latinoamericano. Naci\u00f3 en Lake Jackson, Texas, el 16 de abril de 1971. Su padre, Abraham Quintanilla, fue quien la introdujo en la m\u00fasica desde muy joven. Se convirti\u00f3 en una de las artistas latinas &#8230; <a title=\"Causa de la muerte de selena\" class=\"read-more\" href=\"https:\/\/dudasytextos.com\/causasde\/causa-de-la-muerte-de-selena\/\" aria-label=\"M\u00e1s en Causa de la muerte de selena\">Leer m\u00e1s<\/a><\/p>\n","protected":false},"author":1,"featured_media":0,"comment_status":"open","ping_status":"open","sticky":false,"template":"","format":"standard","meta":{"footnotes":""},"categories":[4],"tags":[],"class_list":["post-162180","post","type-post","status-publish","format-standard","hentry","category-conoce-las-causas"],"aioseo_notices":[],"aioseo_head":"\n\t\t<!-- All in One SEO 5.0.1.1 - aioseo.com -->\n\t<meta name=\"description\" content=\"Causa de la muerte de Selena Cosas que probablemente no sab\u00edas sobre Selena Selena Quintanilla fue una cantante estadounidense de origen latinoamericano. Naci\u00f3 en Lake Jackson, Texas, el 16 de abril de 1971. Su padre, Abraham Quintanilla, fue quien la introdujo en la m\u00fasica desde muy joven. Se convirti\u00f3 en una de las artistas latinas\" \/>\n\t<meta name=\"robots\" content=\"max-snippet:-1, max-image-preview:large, max-video-preview:-1\" \/>\n\t<meta name=\"author\" content=\"Ana Gonz\u00e1lez\"\/>\n\t<link rel=\"canonical\" href=\"https:\/\/dudasytextos.com\/causasde\/causa-de-la-muerte-de-selena\/\" \/>\n\t<meta name=\"generator\" content=\"All in One SEO (AIOSEO) 5.0.1.1\" \/>\n\n\t\t<!-- Google tag (gtag.js) -->\n<script async src=\"https:\/\/www.googletagmanager.com\/gtag\/js?id=G-1RZBHH3Z7E\"><\/script>\n<script>\n  window.dataLayer = window.dataLayer || [];\n  function gtag(){dataLayer.push(arguments);}\n  gtag('js', new Date());\n\n  gtag('config', 'G-1RZBHH3Z7E');\n<\/script>\n<script async src=\"https:\/\/pagead2.googlesyndication.com\/pagead\/js\/adsbygoogle.js?client=ca-pub-3987500858204711\"\n     crossorigin=\"anonymous\"><\/script>\n\t\t<meta property=\"og:locale\" content=\"es_ES\" \/>\n\t\t<meta property=\"og:site_name\" content=\"Conoce las causas - Conoce las causas\" \/>\n\t\t<meta property=\"og:type\" content=\"article\" \/>\n\t\t<meta property=\"og:title\" content=\"Causa de la muerte de selena (2026) Conoce las causas\" \/>\n\t\t<meta property=\"og:description\" content=\"Causa de la muerte de Selena Cosas que probablemente no sab\u00edas sobre Selena Selena Quintanilla fue una cantante estadounidense de origen latinoamericano. Naci\u00f3 en Lake Jackson, Texas, el 16 de abril de 1971. Su padre, Abraham Quintanilla, fue quien la introdujo en la m\u00fasica desde muy joven. Se convirti\u00f3 en una de las artistas latinas\" \/>\n\t\t<meta property=\"og:url\" content=\"https:\/\/dudasytextos.com\/causasde\/causa-de-la-muerte-de-selena\/\" \/>\n\t\t<meta property=\"article:published_time\" content=\"2025-03-11T21:47:43+00:00\" \/>\n\t\t<meta property=\"article:modified_time\" content=\"2025-03-13T07:14:20+00:00\" \/>\n\t\t<meta name=\"twitter:card\" content=\"summary_large_image\" \/>\n\t\t<meta name=\"twitter:title\" content=\"Causa de la muerte de selena (2026) Conoce las causas\" \/>\n\t\t<meta name=\"twitter:description\" content=\"Causa de la muerte de Selena Cosas que probablemente no sab\u00edas sobre Selena Selena Quintanilla fue una cantante estadounidense de origen latinoamericano. Naci\u00f3 en Lake Jackson, Texas, el 16 de abril de 1971. Su padre, Abraham Quintanilla, fue quien la introdujo en la m\u00fasica desde muy joven. Se convirti\u00f3 en una de las artistas latinas\" \/>\n\t\t<script type=\"application\/ld+json\" class=\"aioseo-schema\">\n\t\t\t{\"@context\":\"https:\\\/\\\/schema.org\",\"@graph\":[{\"@type\":\"BlogPosting\",\"@id\":\"https:\\\/\\\/dudasytextos.com\\\/causasde\\\/causa-de-la-muerte-de-selena\\\/#blogposting\",\"name\":\"Causa de la muerte de selena (2026) Conoce las causas\",\"headline\":\"Causa de la muerte de selena\",\"author\":{\"@id\":\"https:\\\/\\\/dudasytextos.com\\\/causasde\\\/author\\\/admin44\\\/#author\"},\"publisher\":{\"@id\":\"https:\\\/\\\/dudasytextos.com\\\/causasde\\\/#organization\"},\"datePublished\":\"2025-03-11T21:47:43+00:00\",\"dateModified\":\"2025-03-13T07:14:20+00:00\",\"inLanguage\":\"es-ES\",\"mainEntityOfPage\":{\"@id\":\"https:\\\/\\\/dudasytextos.com\\\/causasde\\\/causa-de-la-muerte-de-selena\\\/#webpage\"},\"isPartOf\":{\"@id\":\"https:\\\/\\\/dudasytextos.com\\\/causasde\\\/causa-de-la-muerte-de-selena\\\/#webpage\"},\"articleSection\":\"Conoce las causas\"},{\"@type\":\"BreadcrumbList\",\"@id\":\"https:\\\/\\\/dudasytextos.com\\\/causasde\\\/causa-de-la-muerte-de-selena\\\/#breadcrumblist\",\"itemListElement\":[{\"@type\":\"ListItem\",\"@id\":\"https:\\\/\\\/dudasytextos.com\\\/causasde#listItem\",\"position\":1,\"name\":\"Inicio\",\"item\":\"https:\\\/\\\/dudasytextos.com\\\/causasde\",\"nextItem\":{\"@type\":\"ListItem\",\"@id\":\"https:\\\/\\\/dudasytextos.com\\\/causasde\\\/category\\\/conoce-las-causas\\\/#listItem\",\"name\":\"Conoce las causas\"}},{\"@type\":\"ListItem\",\"@id\":\"https:\\\/\\\/dudasytextos.com\\\/causasde\\\/category\\\/conoce-las-causas\\\/#listItem\",\"position\":2,\"name\":\"Conoce las causas\",\"item\":\"https:\\\/\\\/dudasytextos.com\\\/causasde\\\/category\\\/conoce-las-causas\\\/\",\"nextItem\":{\"@type\":\"ListItem\",\"@id\":\"https:\\\/\\\/dudasytextos.com\\\/causasde\\\/causa-de-la-muerte-de-selena\\\/#listItem\",\"name\":\"Causa de la muerte de selena\"},\"previousItem\":{\"@type\":\"ListItem\",\"@id\":\"https:\\\/\\\/dudasytextos.com\\\/causasde#listItem\",\"name\":\"Inicio\"}},{\"@type\":\"ListItem\",\"@id\":\"https:\\\/\\\/dudasytextos.com\\\/causasde\\\/causa-de-la-muerte-de-selena\\\/#listItem\",\"position\":3,\"name\":\"Causa de la muerte de selena\",\"previousItem\":{\"@type\":\"ListItem\",\"@id\":\"https:\\\/\\\/dudasytextos.com\\\/causasde\\\/category\\\/conoce-las-causas\\\/#listItem\",\"name\":\"Conoce las causas\"}}]},{\"@type\":\"Organization\",\"@id\":\"https:\\\/\\\/dudasytextos.com\\\/causasde\\\/#organization\",\"name\":\"\\u00bfC\\u00f3mo funciona?\",\"description\":\"Conoce las causas\",\"url\":\"https:\\\/\\\/dudasytextos.com\\\/causasde\\\/\"},{\"@type\":\"Person\",\"@id\":\"https:\\\/\\\/dudasytextos.com\\\/causasde\\\/author\\\/admin44\\\/#author\",\"url\":\"https:\\\/\\\/dudasytextos.com\\\/causasde\\\/author\\\/admin44\\\/\",\"name\":\"Ana Gonz\\u00e1lez\"},{\"@type\":\"WebPage\",\"@id\":\"https:\\\/\\\/dudasytextos.com\\\/causasde\\\/causa-de-la-muerte-de-selena\\\/#webpage\",\"url\":\"https:\\\/\\\/dudasytextos.com\\\/causasde\\\/causa-de-la-muerte-de-selena\\\/\",\"name\":\"Causa de la muerte de selena (2026) Conoce las causas\",\"description\":\"Causa de la muerte de Selena Cosas que probablemente no sab\\u00edas sobre Selena Selena Quintanilla fue una cantante estadounidense de origen latinoamericano. Naci\\u00f3 en Lake Jackson, Texas, el 16 de abril de 1971. Su padre, Abraham Quintanilla, fue quien la introdujo en la m\\u00fasica desde muy joven. Se convirti\\u00f3 en una de las artistas latinas\",\"inLanguage\":\"es-ES\",\"isPartOf\":{\"@id\":\"https:\\\/\\\/dudasytextos.com\\\/causasde\\\/#website\"},\"breadcrumb\":{\"@id\":\"https:\\\/\\\/dudasytextos.com\\\/causasde\\\/causa-de-la-muerte-de-selena\\\/#breadcrumblist\"},\"author\":{\"@id\":\"https:\\\/\\\/dudasytextos.com\\\/causasde\\\/author\\\/admin44\\\/#author\"},\"creator\":{\"@id\":\"https:\\\/\\\/dudasytextos.com\\\/causasde\\\/author\\\/admin44\\\/#author\"},\"datePublished\":\"2025-03-11T21:47:43+00:00\",\"dateModified\":\"2025-03-13T07:14:20+00:00\"},{\"@type\":\"WebSite\",\"@id\":\"https:\\\/\\\/dudasytextos.com\\\/causasde\\\/#website\",\"url\":\"https:\\\/\\\/dudasytextos.com\\\/causasde\\\/\",\"name\":\"\\u00bfC\\u00f3mo funciona?\",\"description\":\"Conoce las causas\",\"inLanguage\":\"es-ES\",\"publisher\":{\"@id\":\"https:\\\/\\\/dudasytextos.com\\\/causasde\\\/#organization\"}}]}\n\t\t<\/script>\n\t\t<!-- All in One SEO -->\n\n","aioseo_head_json":{"title":"Causa de la muerte de selena (2026) Conoce las causas","description":"Causa de la muerte de Selena Cosas que probablemente no sab\u00edas sobre Selena Selena Quintanilla fue una cantante estadounidense de origen latinoamericano. Naci\u00f3 en Lake Jackson, Texas, el 16 de abril de 1971. Su padre, Abraham Quintanilla, fue quien la introdujo en la m\u00fasica desde muy joven. Se convirti\u00f3 en una de las artistas latinas","canonical_url":"https:\/\/dudasytextos.com\/causasde\/causa-de-la-muerte-de-selena\/","robots":"max-snippet:-1, max-image-preview:large, max-video-preview:-1","keywords":"","webmasterTools":{"miscellaneous":"&lt;!-- Google tag (gtag.js) --&gt;\n&lt;script async src=\"https:\/\/www.googletagmanager.com\/gtag\/js?id=G-1RZBHH3Z7E\"&gt;&lt;\/script&gt;\n&lt;script&gt;\n  window.dataLayer = window.dataLayer || [];\n  function gtag(){dataLayer.push(arguments);}\n  gtag('js', new Date());\n\n  gtag('config', 'G-1RZBHH3Z7E');\n&lt;\/script&gt;\n&lt;script async src=\"https:\/\/pagead2.googlesyndication.com\/pagead\/js\/adsbygoogle.js?client=ca-pub-3987500858204711\"\n     crossorigin=\"anonymous\"&gt;&lt;\/script&gt;"},"schema":{"@context":"https:\/\/schema.org","@graph":[{"@type":"BlogPosting","@id":"https:\/\/dudasytextos.com\/causasde\/causa-de-la-muerte-de-selena\/#blogposting","name":"Causa de la muerte de selena (2026) Conoce las causas","headline":"Causa de la muerte de selena","author":{"@id":"https:\/\/dudasytextos.com\/causasde\/author\/admin44\/#author"},"publisher":{"@id":"https:\/\/dudasytextos.com\/causasde\/#organization"},"datePublished":"2025-03-11T21:47:43+00:00","dateModified":"2025-03-13T07:14:20+00:00","inLanguage":"es-ES","mainEntityOfPage":{"@id":"https:\/\/dudasytextos.com\/causasde\/causa-de-la-muerte-de-selena\/#webpage"},"isPartOf":{"@id":"https:\/\/dudasytextos.com\/causasde\/causa-de-la-muerte-de-selena\/#webpage"},"articleSection":"Conoce las causas"},{"@type":"BreadcrumbList","@id":"https:\/\/dudasytextos.com\/causasde\/causa-de-la-muerte-de-selena\/#breadcrumblist","itemListElement":[{"@type":"ListItem","@id":"https:\/\/dudasytextos.com\/causasde#listItem","position":1,"name":"Inicio","item":"https:\/\/dudasytextos.com\/causasde","nextItem":{"@type":"ListItem","@id":"https:\/\/dudasytextos.com\/causasde\/category\/conoce-las-causas\/#listItem","name":"Conoce las causas"}},{"@type":"ListItem","@id":"https:\/\/dudasytextos.com\/causasde\/category\/conoce-las-causas\/#listItem","position":2,"name":"Conoce las causas","item":"https:\/\/dudasytextos.com\/causasde\/category\/conoce-las-causas\/","nextItem":{"@type":"ListItem","@id":"https:\/\/dudasytextos.com\/causasde\/causa-de-la-muerte-de-selena\/#listItem","name":"Causa de la muerte de selena"},"previousItem":{"@type":"ListItem","@id":"https:\/\/dudasytextos.com\/causasde#listItem","name":"Inicio"}},{"@type":"ListItem","@id":"https:\/\/dudasytextos.com\/causasde\/causa-de-la-muerte-de-selena\/#listItem","position":3,"name":"Causa de la muerte de selena","previousItem":{"@type":"ListItem","@id":"https:\/\/dudasytextos.com\/causasde\/category\/conoce-las-causas\/#listItem","name":"Conoce las causas"}}]},{"@type":"Organization","@id":"https:\/\/dudasytextos.com\/causasde\/#organization","name":"\u00bfC\u00f3mo funciona?","description":"Conoce las causas","url":"https:\/\/dudasytextos.com\/causasde\/"},{"@type":"Person","@id":"https:\/\/dudasytextos.com\/causasde\/author\/admin44\/#author","url":"https:\/\/dudasytextos.com\/causasde\/author\/admin44\/","name":"Ana Gonz\u00e1lez"},{"@type":"WebPage","@id":"https:\/\/dudasytextos.com\/causasde\/causa-de-la-muerte-de-selena\/#webpage","url":"https:\/\/dudasytextos.com\/causasde\/causa-de-la-muerte-de-selena\/","name":"Causa de la muerte de selena (2026) Conoce las causas","description":"Causa de la muerte de Selena Cosas que probablemente no sab\u00edas sobre Selena Selena Quintanilla fue una cantante estadounidense de origen latinoamericano. Naci\u00f3 en Lake Jackson, Texas, el 16 de abril de 1971. Su padre, Abraham Quintanilla, fue quien la introdujo en la m\u00fasica desde muy joven. Se convirti\u00f3 en una de las artistas latinas","inLanguage":"es-ES","isPartOf":{"@id":"https:\/\/dudasytextos.com\/causasde\/#website"},"breadcrumb":{"@id":"https:\/\/dudasytextos.com\/causasde\/causa-de-la-muerte-de-selena\/#breadcrumblist"},"author":{"@id":"https:\/\/dudasytextos.com\/causasde\/author\/admin44\/#author"},"creator":{"@id":"https:\/\/dudasytextos.com\/causasde\/author\/admin44\/#author"},"datePublished":"2025-03-11T21:47:43+00:00","dateModified":"2025-03-13T07:14:20+00:00"},{"@type":"WebSite","@id":"https:\/\/dudasytextos.com\/causasde\/#website","url":"https:\/\/dudasytextos.com\/causasde\/","name":"\u00bfC\u00f3mo funciona?","description":"Conoce las causas","inLanguage":"es-ES","publisher":{"@id":"https:\/\/dudasytextos.com\/causasde\/#organization"}}]},"og:locale":"es_ES","og:site_name":"Conoce las causas - Conoce las causas","og:type":"article","og:title":"Causa de la muerte de selena (2026) Conoce las causas","og:description":"Causa de la muerte de Selena Cosas que probablemente no sab\u00edas sobre Selena Selena Quintanilla fue una cantante estadounidense de origen latinoamericano. Naci\u00f3 en Lake Jackson, Texas, el 16 de abril de 1971. Su padre, Abraham Quintanilla, fue quien la introdujo en la m\u00fasica desde muy joven. Se convirti\u00f3 en una de las artistas latinas","og:url":"https:\/\/dudasytextos.com\/causasde\/causa-de-la-muerte-de-selena\/","article:published_time":"2025-03-11T21:47:43+00:00","article:modified_time":"2025-03-13T07:14:20+00:00","twitter:card":"summary_large_image","twitter:title":"Causa de la muerte de selena (2026) Conoce las causas","twitter:description":"Causa de la muerte de Selena Cosas que probablemente no sab\u00edas sobre Selena Selena Quintanilla fue una cantante estadounidense de origen latinoamericano. Naci\u00f3 en Lake Jackson, Texas, el 16 de abril de 1971. Su padre, Abraham Quintanilla, fue quien la introdujo en la m\u00fasica desde muy joven. Se convirti\u00f3 en una de las artistas latinas"},"aioseo_meta_data":{"post_id":"162180","title":null,"description":null,"keywords":null,"keyphrases":null,"primary_term":null,"canonical_url":null,"og_title":null,"og_description":null,"og_object_type":"default","og_image_type":"default","og_image_url":null,"og_image_width":null,"og_image_height":null,"og_image_custom_url":null,"og_image_custom_fields":null,"og_video":null,"og_custom_url":null,"og_article_section":null,"og_article_tags":null,"twitter_use_og":false,"twitter_card":"default","twitter_image_type":"default","twitter_image_url":null,"twitter_image_custom_url":null,"twitter_image_custom_fields":null,"twitter_title":null,"twitter_description":null,"schema":{"blockGraphs":[],"customGraphs":[],"default":{"data":{"Article":[],"Course":[],"Dataset":[],"FAQPage":[],"Movie":[],"Person":[],"Product":[],"ProductReview":[],"Car":[],"Recipe":[],"Service":[],"SoftwareApplication":[],"WebPage":[]},"graphName":"","isEnabled":true},"graphs":[]},"schema_type":"default","schema_type_options":null,"pillar_content":false,"robots_default":true,"robots_noindex":false,"robots_noarchive":false,"robots_nosnippet":false,"robots_nofollow":false,"robots_noimageindex":false,"robots_noodp":false,"robots_notranslate":false,"robots_max_snippet":null,"robots_max_videopreview":null,"robots_max_imagepreview":"large","priority":null,"frequency":null,"local_seo":null,"breadcrumb_settings":null,"limit_modified_date":false,"ai":null,"created":"2023-05-12 17:38:10","updated":"2025-06-04 15:44:05","seo_analyzer_scan_date":null,"focus_keyword":null,"additional_keywords":null,"truseo_locale":null},"aioseo_breadcrumb":"<div class=\"aioseo-breadcrumbs\"><span class=\"aioseo-breadcrumb\">\n\t\t\t<a href=\"https:\/\/dudasytextos.com\/causasde\" title=\"Inicio\">Inicio<\/a>\n\t\t<\/span><span class=\"aioseo-breadcrumb-separator\">&raquo;<\/span><span class=\"aioseo-breadcrumb\">\n\t\t\t<a href=\"https:\/\/dudasytextos.com\/causasde\/category\/conoce-las-causas\/\" title=\"Conoce las causas\">Conoce las causas<\/a>\n\t\t<\/span><span class=\"aioseo-breadcrumb-separator\">&raquo;<\/span><span class=\"aioseo-breadcrumb\">\n\t\t\tCausa de la muerte de selena\n\t\t<\/span><\/div>","aioseo_breadcrumb_json":[{"label":"Inicio","link":"https:\/\/dudasytextos.com\/causasde"},{"label":"Conoce las causas","link":"https:\/\/dudasytextos.com\/causasde\/category\/conoce-las-causas\/"},{"label":"Causa de la muerte de selena","link":"https:\/\/dudasytextos.com\/causasde\/causa-de-la-muerte-de-selena\/"}],"_links":{"self":[{"href":"https:\/\/dudasytextos.com\/causasde\/wp-json\/wp\/v2\/posts\/162180","targetHints":{"allow":["GET"]}}],"collection":[{"href":"https:\/\/dudasytextos.com\/causasde\/wp-json\/wp\/v2\/posts"}],"about":[{"href":"https:\/\/dudasytextos.com\/causasde\/wp-json\/wp\/v2\/types\/post"}],"author":[{"embeddable":true,"href":"https:\/\/dudasytextos.com\/causasde\/wp-json\/wp\/v2\/users\/1"}],"replies":[{"embeddable":true,"href":"https:\/\/dudasytextos.com\/causasde\/wp-json\/wp\/v2\/comments?post=162180"}],"version-history":[{"count":1,"href":"https:\/\/dudasytextos.com\/causasde\/wp-json\/wp\/v2\/posts\/162180\/revisions"}],"predecessor-version":[{"id":166399,"href":"https:\/\/dudasytextos.com\/causasde\/wp-json\/wp\/v2\/posts\/162180\/revisions\/166399"}],"wp:attachment":[{"href":"https:\/\/dudasytextos.com\/causasde\/wp-json\/wp\/v2\/media?parent=162180"}],"wp:term":[{"taxonomy":"category","embeddable":true,"href":"https:\/\/dudasytextos.com\/causasde\/wp-json\/wp\/v2\/categories?post=162180"},{"taxonomy":"post_tag","embeddable":true,"href":"https:\/\/dudasytextos.com\/causasde\/wp-json\/wp\/v2\/tags?post=162180"}],"curies":[{"name":"wp","href":"https:\/\/api.w.org\/{rel}","templated":true}]}}