{"id":162381,"date":"2025-02-21T17:39:57","date_gmt":"2025-02-21T17:39:57","guid":{"rendered":"https:\/\/educacion.cc\/?p=162381"},"modified":"2025-03-13T02:56:05","modified_gmt":"2025-03-13T02:56:05","slug":"causas-de-la-segunda-republica","status":"publish","type":"post","link":"https:\/\/dudasytextos.com\/causasde\/causas-de-la-segunda-republica\/","title":{"rendered":"Causas de la segunda rep\u00fablica"},"content":{"rendered":"<div id=\"ez-toc-container\" class=\"ez-toc-v2_0_87 counter-hierarchy ez-toc-counter ez-toc-custom ez-toc-container-direction\">\n<div class=\"ez-toc-title-container\">\n<span class=\"ez-toc-title-toggle\"><\/span><\/div>\n<nav><ul class='ez-toc-list ez-toc-list-level-1 ' ><li class='ez-toc-page-1 ez-toc-heading-level-2'><a class=\"ez-toc-link ez-toc-heading-1\" href=\"https:\/\/dudasytextos.com\/causasde\/causas-de-la-segunda-republica\/#Causas_de_la_Segunda_Republica_en_Espana\" >Causas de la Segunda Rep\u00fablica en Espa\u00f1a<\/a><\/li><li class='ez-toc-page-1 ez-toc-heading-level-2'><a class=\"ez-toc-link ez-toc-heading-2\" href=\"https:\/\/dudasytextos.com\/causasde\/causas-de-la-segunda-republica\/#%C2%BFQue_fue_la_Segunda_Republica_en_Espana\" >\u00bfQu\u00e9 fue la Segunda Rep\u00fablica en Espa\u00f1a?<\/a><\/li><li class='ez-toc-page-1 ez-toc-heading-level-2'><a class=\"ez-toc-link ez-toc-heading-3\" href=\"https:\/\/dudasytextos.com\/causasde\/causas-de-la-segunda-republica\/#Principales_causas_de_la_Segunda_Republica\" >Principales causas de la Segunda Rep\u00fablica<\/a><\/li><li class='ez-toc-page-1 ez-toc-heading-level-2'><a class=\"ez-toc-link ez-toc-heading-4\" href=\"https:\/\/dudasytextos.com\/causasde\/causas-de-la-segunda-republica\/#Impacto_de_la_Segunda_Republica_en_Espana\" >Impacto de la Segunda Rep\u00fablica en Espa\u00f1a<\/a><\/li><li class='ez-toc-page-1 ez-toc-heading-level-2'><a class=\"ez-toc-link ez-toc-heading-5\" href=\"https:\/\/dudasytextos.com\/causasde\/causas-de-la-segunda-republica\/#Mi_experiencia_personal\" >Mi experiencia personal<\/a><\/li><li class='ez-toc-page-1 ez-toc-heading-level-2'><a class=\"ez-toc-link ez-toc-heading-6\" href=\"https:\/\/dudasytextos.com\/causasde\/causas-de-la-segunda-republica\/#Preguntas_frecuentes\" >Preguntas frecuentes<\/a><ul class='ez-toc-list-level-3' ><li class='ez-toc-heading-level-3'><a class=\"ez-toc-link ez-toc-heading-7\" href=\"https:\/\/dudasytextos.com\/causasde\/causas-de-la-segunda-republica\/#%C2%BFQue_fue_la_Segunda_Republica_en_Espana-2\" >\u00bfQu\u00e9 fue la Segunda Rep\u00fablica en Espa\u00f1a?<\/a><\/li><li class='ez-toc-page-1 ez-toc-heading-level-3'><a class=\"ez-toc-link ez-toc-heading-8\" href=\"https:\/\/dudasytextos.com\/causasde\/causas-de-la-segunda-republica\/#%C2%BFCuales_fueron_las_causas_de_la_Segunda_Republica_en_Espana\" >\u00bfCu\u00e1les fueron las causas de la Segunda Rep\u00fablica en Espa\u00f1a?<\/a><\/li><li class='ez-toc-page-1 ez-toc-heading-level-3'><a class=\"ez-toc-link ez-toc-heading-9\" href=\"https:\/\/dudasytextos.com\/causasde\/causas-de-la-segunda-republica\/#%C2%BFCual_fue_el_impacto_de_la_Segunda_Republica_en_Espana\" >\u00bfCu\u00e1l fue el impacto de la Segunda Rep\u00fablica en Espa\u00f1a?<\/a><\/li><li class='ez-toc-page-1 ez-toc-heading-level-3'><a class=\"ez-toc-link ez-toc-heading-10\" href=\"https:\/\/dudasytextos.com\/causasde\/causas-de-la-segunda-republica\/#%C2%BFQue_desafios_hubo_durante_la_Segunda_Republica_en_Espana\" >\u00bfQu\u00e9 desaf\u00edos hubo durante la Segunda Rep\u00fablica en Espa\u00f1a?<\/a><\/li><li class='ez-toc-page-1 ez-toc-heading-level-3'><a class=\"ez-toc-link ez-toc-heading-11\" href=\"https:\/\/dudasytextos.com\/causasde\/causas-de-la-segunda-republica\/#%C2%BFPor_que_es_importante_estudiar_la_Segunda_Republica_en_Espana\" >\u00bfPor qu\u00e9 es importante estudiar la Segunda Rep\u00fablica en Espa\u00f1a?<\/a><\/li><\/ul><\/li><\/ul><\/nav><\/div>\n<h2><span class=\"ez-toc-section\" id=\"Causas_de_la_Segunda_Republica_en_Espana\"><\/span>Causas de la Segunda Rep\u00fablica en Espa\u00f1a<span class=\"ez-toc-section-end\"><\/span><\/h2>\n<p>La Segunda Rep\u00fablica en Espa\u00f1a fue un periodo clave en la historia del pa\u00eds. Durante esta \u00e9poca se produjeron importantes cambios pol\u00edticos, sociales y culturales que marcaron el rumbo de Espa\u00f1a en el siglo XX. En este art\u00edculo, exploraremos las causas de la Segunda Rep\u00fablica y su impacto en la historia del pa\u00eds.<\/p>\n<h2><span class=\"ez-toc-section\" id=\"%C2%BFQue_fue_la_Segunda_Republica_en_Espana\"><\/span>\u00bfQu\u00e9 fue la Segunda Rep\u00fablica en Espa\u00f1a?<span class=\"ez-toc-section-end\"><\/span><\/h2>\n<p>La Segunda Rep\u00fablica fue un periodo de la historia de Espa\u00f1a que tuvo lugar entre 1931 y 1939. Durante este tiempo, Espa\u00f1a experiment\u00f3 importantes cambios pol\u00edticos, sociales y culturales, incluyendo la aprobaci\u00f3n de una nueva Constituci\u00f3n, la creaci\u00f3n de partidos pol\u00edticos y la lucha por los derechos de las mujeres y las minor\u00edas.<\/p>\n<h2><span class=\"ez-toc-section\" id=\"Principales_causas_de_la_Segunda_Republica\"><\/span>Principales causas de la Segunda Rep\u00fablica<span class=\"ez-toc-section-end\"><\/span><\/h2>\n<ul>\n<li><strong>Crisis econ\u00f3mica:<\/strong> Espa\u00f1a se encontraba en una situaci\u00f3n econ\u00f3mica dif\u00edcil tras la Primera Guerra Mundial y la Gran Depresi\u00f3n. La crisis econ\u00f3mica afect\u00f3 a la clase trabajadora y cre\u00f3 un descontento generalizado.<\/li>\n<li><strong>Crisis pol\u00edtica:<\/strong> Durante el reinado de Alfonso XIII, Espa\u00f1a experiment\u00f3 una serie de crisis pol\u00edticas que debilitaron la monarqu\u00eda y crearon un clima de inestabilidad pol\u00edtica.<\/li>\n<li><strong>Desigualdad social:<\/strong> La sociedad espa\u00f1ola estaba dividida en clases sociales muy diferentes, lo que cre\u00f3 tensiones y conflictos en el pa\u00eds.<\/li>\n<li><strong>La cuesti\u00f3n religiosa:<\/strong> La Iglesia Cat\u00f3lica ten\u00eda un gran poder en la sociedad espa\u00f1ola y se opon\u00eda a la modernizaci\u00f3n del pa\u00eds. Esto cre\u00f3 tensiones entre la Iglesia y los sectores m\u00e1s progresistas de la sociedad.<\/li>\n<li><strong>La cuesti\u00f3n territorial:<\/strong> Espa\u00f1a era un pa\u00eds con m\u00faltiples regiones y lenguas, lo que creaba tensiones entre los diferentes grupos \u00e9tnicos y culturales.<\/li>\n<\/ul>\n<h2><span class=\"ez-toc-section\" id=\"Impacto_de_la_Segunda_Republica_en_Espana\"><\/span>Impacto de la Segunda Rep\u00fablica en Espa\u00f1a<span class=\"ez-toc-section-end\"><\/span><\/h2>\n<p>La Segunda Rep\u00fablica tuvo un impacto profundo en la historia de Espa\u00f1a. Durante este periodo se produjeron importantes cambios pol\u00edticos, sociales y culturales que marcaron el rumbo del pa\u00eds en el siglo XX.<\/p>\n<p>Entre los principales logros de la Segunda Rep\u00fablica se encuentran:<\/p>\n<ul>\n<li>La aprobaci\u00f3n de una nueva Constituci\u00f3n que establec\u00eda una democracia parlamentaria.<\/li>\n<li>La creaci\u00f3n de partidos pol\u00edticos y sindicatos.<\/li>\n<li>La lucha por los derechos de las mujeres y las minor\u00edas.<\/li>\n<li>La modernizaci\u00f3n de la educaci\u00f3n y la cultura.<\/li>\n<\/ul>\n<p>Sin embargo, tambi\u00e9n hubo importantes desaf\u00edos y conflictos durante este periodo, como la Guerra Civil Espa\u00f1ola y la llegada al poder del r\u00e9gimen franquista.<\/p>\n<h2><span class=\"ez-toc-section\" id=\"Mi_experiencia_personal\"><\/span>Mi experiencia personal<span class=\"ez-toc-section-end\"><\/span><\/h2>\n<p>Como estudiante de historia, siempre me ha interesado la Segunda Rep\u00fablica en Espa\u00f1a. Creo que este periodo fue clave para entender la historia del pa\u00eds y su lucha por la democracia y los derechos civiles.<\/p>\n<p>Personalmente, me ha gustado estudiar los diferentes movimientos pol\u00edticos y sociales que surgieron durante la Segunda Rep\u00fablica, as\u00ed como las personalidades que lideraron estos movimientos. Tambi\u00e9n me ha impresionado la valent\u00eda y la determinaci\u00f3n de las mujeres y las minor\u00edas para luchar por sus derechos en un momento en el que la sociedad espa\u00f1ola era muy conservadora.<\/p>\n<h2><span class=\"ez-toc-section\" id=\"Preguntas_frecuentes\"><\/span>Preguntas frecuentes<span class=\"ez-toc-section-end\"><\/span><\/h2>\n<h3><span class=\"ez-toc-section\" id=\"%C2%BFQue_fue_la_Segunda_Republica_en_Espana-2\"><\/span>\u00bfQu\u00e9 fue la Segunda Rep\u00fablica en Espa\u00f1a?<span class=\"ez-toc-section-end\"><\/span><\/h3>\n<p>La Segunda Rep\u00fablica fue un periodo de la historia de Espa\u00f1a que tuvo lugar entre 1931 y 1939. Durante este tiempo, Espa\u00f1a experiment\u00f3 importantes cambios pol\u00edticos, sociales y culturales, incluyendo la aprobaci\u00f3n de una nueva Constituci\u00f3n, la creaci\u00f3n de partidos pol\u00edticos y la lucha por los derechos de las mujeres y las minor\u00edas.<\/p>\n<h3><span class=\"ez-toc-section\" id=\"%C2%BFCuales_fueron_las_causas_de_la_Segunda_Republica_en_Espana\"><\/span>\u00bfCu\u00e1les fueron las causas de la Segunda Rep\u00fablica en Espa\u00f1a?<span class=\"ez-toc-section-end\"><\/span><\/h3>\n<p>Las principales causas de la Segunda Rep\u00fablica en Espa\u00f1a fueron la crisis econ\u00f3mica, la crisis pol\u00edtica, la desigualdad social, la cuesti\u00f3n religiosa y la cuesti\u00f3n territorial.<\/p>\n<h3><span class=\"ez-toc-section\" id=\"%C2%BFCual_fue_el_impacto_de_la_Segunda_Republica_en_Espana\"><\/span>\u00bfCu\u00e1l fue el impacto de la Segunda Rep\u00fablica en Espa\u00f1a?<span class=\"ez-toc-section-end\"><\/span><\/h3>\n<p>La Segunda Rep\u00fablica tuvo un impacto profundo en la historia de Espa\u00f1a. Durante este periodo se produjeron importantes cambios pol\u00edticos, sociales y culturales que marcaron el rumbo del pa\u00eds en el siglo XX. Entre los principales logros de la Segunda Rep\u00fablica se encuentran la aprobaci\u00f3n de una nueva Constituci\u00f3n, la creaci\u00f3n de partidos pol\u00edticos y sindicatos, la lucha por los derechos de las mujeres y las minor\u00edas y la modernizaci\u00f3n de la educaci\u00f3n y la cultura.<\/p>\n<h3><span class=\"ez-toc-section\" id=\"%C2%BFQue_desafios_hubo_durante_la_Segunda_Republica_en_Espana\"><\/span>\u00bfQu\u00e9 desaf\u00edos hubo durante la Segunda Rep\u00fablica en Espa\u00f1a?<span class=\"ez-toc-section-end\"><\/span><\/h3>\n<p>Durante la Segunda Rep\u00fablica en Espa\u00f1a hubo importantes desaf\u00edos y conflictos, como la Guerra Civil Espa\u00f1ola y la llegada al poder del r\u00e9gimen franquista.<\/p>\n<h3><span class=\"ez-toc-section\" id=\"%C2%BFPor_que_es_importante_estudiar_la_Segunda_Republica_en_Espana\"><\/span>\u00bfPor qu\u00e9 es importante estudiar la Segunda Rep\u00fablica en Espa\u00f1a?<span class=\"ez-toc-section-end\"><\/span><\/h3>\n<p>Estudiar la Segunda Rep\u00fablica en Espa\u00f1a es importante porque nos permite entender la historia del pa\u00eds y su lucha por la democracia y los derechos civiles. Adem\u00e1s, nos ayuda a comprender los movimientos pol\u00edticos y sociales que surgieron durante este periodo y las personalidades que lideraron estos movimientos.<\/p>\n","protected":false},"excerpt":{"rendered":"<p>Causas de la Segunda Rep\u00fablica en Espa\u00f1a La Segunda Rep\u00fablica en Espa\u00f1a fue un periodo clave en la historia del pa\u00eds. Durante esta \u00e9poca se produjeron importantes cambios pol\u00edticos, sociales y culturales que marcaron el rumbo de Espa\u00f1a en el siglo XX. En este art\u00edculo, exploraremos las causas de la Segunda Rep\u00fablica y su impacto &#8230; <a title=\"Causas de la segunda rep\u00fablica\" class=\"read-more\" href=\"https:\/\/dudasytextos.com\/causasde\/causas-de-la-segunda-republica\/\" aria-label=\"M\u00e1s en Causas de la segunda rep\u00fablica\">Leer m\u00e1s<\/a><\/p>\n","protected":false},"author":1,"featured_media":0,"comment_status":"open","ping_status":"open","sticky":false,"template":"","format":"standard","meta":{"footnotes":""},"categories":[4],"tags":[],"class_list":["post-162381","post","type-post","status-publish","format-standard","hentry","category-conoce-las-causas"],"aioseo_notices":[],"aioseo_head":"\n\t\t<!-- All in One SEO 5.0.1.1 - aioseo.com -->\n\t<meta name=\"description\" content=\"Causas de la Segunda Rep\u00fablica en Espa\u00f1a La Segunda Rep\u00fablica en Espa\u00f1a fue un periodo clave en la historia del pa\u00eds. Durante esta \u00e9poca se produjeron importantes cambios pol\u00edticos, sociales y culturales que marcaron el rumbo de Espa\u00f1a en el siglo XX. En este art\u00edculo, exploraremos las causas de la Segunda Rep\u00fablica y su impacto\" \/>\n\t<meta name=\"robots\" content=\"max-snippet:-1, max-image-preview:large, max-video-preview:-1\" \/>\n\t<meta name=\"author\" content=\"Ana Gonz\u00e1lez\"\/>\n\t<link rel=\"canonical\" href=\"https:\/\/dudasytextos.com\/causasde\/causas-de-la-segunda-republica\/\" \/>\n\t<meta name=\"generator\" content=\"All in One SEO (AIOSEO) 5.0.1.1\" \/>\n\n\t\t<!-- Google tag (gtag.js) -->\n<script async src=\"https:\/\/www.googletagmanager.com\/gtag\/js?id=G-1RZBHH3Z7E\"><\/script>\n<script>\n  window.dataLayer = window.dataLayer || [];\n  function gtag(){dataLayer.push(arguments);}\n  gtag('js', new Date());\n\n  gtag('config', 'G-1RZBHH3Z7E');\n<\/script>\n<script async src=\"https:\/\/pagead2.googlesyndication.com\/pagead\/js\/adsbygoogle.js?client=ca-pub-3987500858204711\"\n     crossorigin=\"anonymous\"><\/script>\n\t\t<meta property=\"og:locale\" content=\"es_ES\" \/>\n\t\t<meta property=\"og:site_name\" content=\"Conoce las causas - Conoce las causas\" \/>\n\t\t<meta property=\"og:type\" content=\"article\" \/>\n\t\t<meta property=\"og:title\" content=\"Causas de la segunda rep\u00fablica (2026) Conoce las causas\" \/>\n\t\t<meta property=\"og:description\" content=\"Causas de la Segunda Rep\u00fablica en Espa\u00f1a La Segunda Rep\u00fablica en Espa\u00f1a fue un periodo clave en la historia del pa\u00eds. Durante esta \u00e9poca se produjeron importantes cambios pol\u00edticos, sociales y culturales que marcaron el rumbo de Espa\u00f1a en el siglo XX. En este art\u00edculo, exploraremos las causas de la Segunda Rep\u00fablica y su impacto\" \/>\n\t\t<meta property=\"og:url\" content=\"https:\/\/dudasytextos.com\/causasde\/causas-de-la-segunda-republica\/\" \/>\n\t\t<meta property=\"article:published_time\" content=\"2025-02-21T17:39:57+00:00\" \/>\n\t\t<meta property=\"article:modified_time\" content=\"2025-03-13T02:56:05+00:00\" \/>\n\t\t<meta name=\"twitter:card\" content=\"summary_large_image\" \/>\n\t\t<meta name=\"twitter:title\" content=\"Causas de la segunda rep\u00fablica (2026) Conoce las causas\" \/>\n\t\t<meta name=\"twitter:description\" content=\"Causas de la Segunda Rep\u00fablica en Espa\u00f1a La Segunda Rep\u00fablica en Espa\u00f1a fue un periodo clave en la historia del pa\u00eds. Durante esta \u00e9poca se produjeron importantes cambios pol\u00edticos, sociales y culturales que marcaron el rumbo de Espa\u00f1a en el siglo XX. En este art\u00edculo, exploraremos las causas de la Segunda Rep\u00fablica y su impacto\" \/>\n\t\t<script type=\"application\/ld+json\" class=\"aioseo-schema\">\n\t\t\t{\"@context\":\"https:\\\/\\\/schema.org\",\"@graph\":[{\"@type\":\"BlogPosting\",\"@id\":\"https:\\\/\\\/dudasytextos.com\\\/causasde\\\/causas-de-la-segunda-republica\\\/#blogposting\",\"name\":\"Causas de la segunda rep\\u00fablica (2026) Conoce las causas\",\"headline\":\"Causas de la segunda rep\\u00fablica\",\"author\":{\"@id\":\"https:\\\/\\\/dudasytextos.com\\\/causasde\\\/author\\\/admin44\\\/#author\"},\"publisher\":{\"@id\":\"https:\\\/\\\/dudasytextos.com\\\/causasde\\\/#organization\"},\"datePublished\":\"2025-02-21T17:39:57+00:00\",\"dateModified\":\"2025-03-13T02:56:05+00:00\",\"inLanguage\":\"es-ES\",\"mainEntityOfPage\":{\"@id\":\"https:\\\/\\\/dudasytextos.com\\\/causasde\\\/causas-de-la-segunda-republica\\\/#webpage\"},\"isPartOf\":{\"@id\":\"https:\\\/\\\/dudasytextos.com\\\/causasde\\\/causas-de-la-segunda-republica\\\/#webpage\"},\"articleSection\":\"Conoce las causas\"},{\"@type\":\"BreadcrumbList\",\"@id\":\"https:\\\/\\\/dudasytextos.com\\\/causasde\\\/causas-de-la-segunda-republica\\\/#breadcrumblist\",\"itemListElement\":[{\"@type\":\"ListItem\",\"@id\":\"https:\\\/\\\/dudasytextos.com\\\/causasde#listItem\",\"position\":1,\"name\":\"Inicio\",\"item\":\"https:\\\/\\\/dudasytextos.com\\\/causasde\",\"nextItem\":{\"@type\":\"ListItem\",\"@id\":\"https:\\\/\\\/dudasytextos.com\\\/causasde\\\/category\\\/conoce-las-causas\\\/#listItem\",\"name\":\"Conoce las causas\"}},{\"@type\":\"ListItem\",\"@id\":\"https:\\\/\\\/dudasytextos.com\\\/causasde\\\/category\\\/conoce-las-causas\\\/#listItem\",\"position\":2,\"name\":\"Conoce las causas\",\"item\":\"https:\\\/\\\/dudasytextos.com\\\/causasde\\\/category\\\/conoce-las-causas\\\/\",\"nextItem\":{\"@type\":\"ListItem\",\"@id\":\"https:\\\/\\\/dudasytextos.com\\\/causasde\\\/causas-de-la-segunda-republica\\\/#listItem\",\"name\":\"Causas de la segunda rep\\u00fablica\"},\"previousItem\":{\"@type\":\"ListItem\",\"@id\":\"https:\\\/\\\/dudasytextos.com\\\/causasde#listItem\",\"name\":\"Inicio\"}},{\"@type\":\"ListItem\",\"@id\":\"https:\\\/\\\/dudasytextos.com\\\/causasde\\\/causas-de-la-segunda-republica\\\/#listItem\",\"position\":3,\"name\":\"Causas de la segunda rep\\u00fablica\",\"previousItem\":{\"@type\":\"ListItem\",\"@id\":\"https:\\\/\\\/dudasytextos.com\\\/causasde\\\/category\\\/conoce-las-causas\\\/#listItem\",\"name\":\"Conoce las causas\"}}]},{\"@type\":\"Organization\",\"@id\":\"https:\\\/\\\/dudasytextos.com\\\/causasde\\\/#organization\",\"name\":\"\\u00bfC\\u00f3mo funciona?\",\"description\":\"Conoce las causas\",\"url\":\"https:\\\/\\\/dudasytextos.com\\\/causasde\\\/\"},{\"@type\":\"Person\",\"@id\":\"https:\\\/\\\/dudasytextos.com\\\/causasde\\\/author\\\/admin44\\\/#author\",\"url\":\"https:\\\/\\\/dudasytextos.com\\\/causasde\\\/author\\\/admin44\\\/\",\"name\":\"Ana Gonz\\u00e1lez\"},{\"@type\":\"WebPage\",\"@id\":\"https:\\\/\\\/dudasytextos.com\\\/causasde\\\/causas-de-la-segunda-republica\\\/#webpage\",\"url\":\"https:\\\/\\\/dudasytextos.com\\\/causasde\\\/causas-de-la-segunda-republica\\\/\",\"name\":\"Causas de la segunda rep\\u00fablica (2026) Conoce las causas\",\"description\":\"Causas de la Segunda Rep\\u00fablica en Espa\\u00f1a La Segunda Rep\\u00fablica en Espa\\u00f1a fue un periodo clave en la historia del pa\\u00eds. Durante esta \\u00e9poca se produjeron importantes cambios pol\\u00edticos, sociales y culturales que marcaron el rumbo de Espa\\u00f1a en el siglo XX. En este art\\u00edculo, exploraremos las causas de la Segunda Rep\\u00fablica y su impacto\",\"inLanguage\":\"es-ES\",\"isPartOf\":{\"@id\":\"https:\\\/\\\/dudasytextos.com\\\/causasde\\\/#website\"},\"breadcrumb\":{\"@id\":\"https:\\\/\\\/dudasytextos.com\\\/causasde\\\/causas-de-la-segunda-republica\\\/#breadcrumblist\"},\"author\":{\"@id\":\"https:\\\/\\\/dudasytextos.com\\\/causasde\\\/author\\\/admin44\\\/#author\"},\"creator\":{\"@id\":\"https:\\\/\\\/dudasytextos.com\\\/causasde\\\/author\\\/admin44\\\/#author\"},\"datePublished\":\"2025-02-21T17:39:57+00:00\",\"dateModified\":\"2025-03-13T02:56:05+00:00\"},{\"@type\":\"WebSite\",\"@id\":\"https:\\\/\\\/dudasytextos.com\\\/causasde\\\/#website\",\"url\":\"https:\\\/\\\/dudasytextos.com\\\/causasde\\\/\",\"name\":\"\\u00bfC\\u00f3mo funciona?\",\"description\":\"Conoce las causas\",\"inLanguage\":\"es-ES\",\"publisher\":{\"@id\":\"https:\\\/\\\/dudasytextos.com\\\/causasde\\\/#organization\"}}]}\n\t\t<\/script>\n\t\t<!-- All in One SEO -->\n\n","aioseo_head_json":{"title":"Causas de la segunda rep\u00fablica (2026) Conoce las causas","description":"Causas de la Segunda Rep\u00fablica en Espa\u00f1a La Segunda Rep\u00fablica en Espa\u00f1a fue un periodo clave en la historia del pa\u00eds. Durante esta \u00e9poca se produjeron importantes cambios pol\u00edticos, sociales y culturales que marcaron el rumbo de Espa\u00f1a en el siglo XX. En este art\u00edculo, exploraremos las causas de la Segunda Rep\u00fablica y su impacto","canonical_url":"https:\/\/dudasytextos.com\/causasde\/causas-de-la-segunda-republica\/","robots":"max-snippet:-1, max-image-preview:large, max-video-preview:-1","keywords":"","webmasterTools":{"miscellaneous":"&lt;!-- Google tag (gtag.js) --&gt;\n&lt;script async src=\"https:\/\/www.googletagmanager.com\/gtag\/js?id=G-1RZBHH3Z7E\"&gt;&lt;\/script&gt;\n&lt;script&gt;\n  window.dataLayer = window.dataLayer || [];\n  function gtag(){dataLayer.push(arguments);}\n  gtag('js', new Date());\n\n  gtag('config', 'G-1RZBHH3Z7E');\n&lt;\/script&gt;\n&lt;script async src=\"https:\/\/pagead2.googlesyndication.com\/pagead\/js\/adsbygoogle.js?client=ca-pub-3987500858204711\"\n     crossorigin=\"anonymous\"&gt;&lt;\/script&gt;"},"schema":{"@context":"https:\/\/schema.org","@graph":[{"@type":"BlogPosting","@id":"https:\/\/dudasytextos.com\/causasde\/causas-de-la-segunda-republica\/#blogposting","name":"Causas de la segunda rep\u00fablica (2026) Conoce las causas","headline":"Causas de la segunda rep\u00fablica","author":{"@id":"https:\/\/dudasytextos.com\/causasde\/author\/admin44\/#author"},"publisher":{"@id":"https:\/\/dudasytextos.com\/causasde\/#organization"},"datePublished":"2025-02-21T17:39:57+00:00","dateModified":"2025-03-13T02:56:05+00:00","inLanguage":"es-ES","mainEntityOfPage":{"@id":"https:\/\/dudasytextos.com\/causasde\/causas-de-la-segunda-republica\/#webpage"},"isPartOf":{"@id":"https:\/\/dudasytextos.com\/causasde\/causas-de-la-segunda-republica\/#webpage"},"articleSection":"Conoce las causas"},{"@type":"BreadcrumbList","@id":"https:\/\/dudasytextos.com\/causasde\/causas-de-la-segunda-republica\/#breadcrumblist","itemListElement":[{"@type":"ListItem","@id":"https:\/\/dudasytextos.com\/causasde#listItem","position":1,"name":"Inicio","item":"https:\/\/dudasytextos.com\/causasde","nextItem":{"@type":"ListItem","@id":"https:\/\/dudasytextos.com\/causasde\/category\/conoce-las-causas\/#listItem","name":"Conoce las causas"}},{"@type":"ListItem","@id":"https:\/\/dudasytextos.com\/causasde\/category\/conoce-las-causas\/#listItem","position":2,"name":"Conoce las causas","item":"https:\/\/dudasytextos.com\/causasde\/category\/conoce-las-causas\/","nextItem":{"@type":"ListItem","@id":"https:\/\/dudasytextos.com\/causasde\/causas-de-la-segunda-republica\/#listItem","name":"Causas de la segunda rep\u00fablica"},"previousItem":{"@type":"ListItem","@id":"https:\/\/dudasytextos.com\/causasde#listItem","name":"Inicio"}},{"@type":"ListItem","@id":"https:\/\/dudasytextos.com\/causasde\/causas-de-la-segunda-republica\/#listItem","position":3,"name":"Causas de la segunda rep\u00fablica","previousItem":{"@type":"ListItem","@id":"https:\/\/dudasytextos.com\/causasde\/category\/conoce-las-causas\/#listItem","name":"Conoce las causas"}}]},{"@type":"Organization","@id":"https:\/\/dudasytextos.com\/causasde\/#organization","name":"\u00bfC\u00f3mo funciona?","description":"Conoce las causas","url":"https:\/\/dudasytextos.com\/causasde\/"},{"@type":"Person","@id":"https:\/\/dudasytextos.com\/causasde\/author\/admin44\/#author","url":"https:\/\/dudasytextos.com\/causasde\/author\/admin44\/","name":"Ana Gonz\u00e1lez"},{"@type":"WebPage","@id":"https:\/\/dudasytextos.com\/causasde\/causas-de-la-segunda-republica\/#webpage","url":"https:\/\/dudasytextos.com\/causasde\/causas-de-la-segunda-republica\/","name":"Causas de la segunda rep\u00fablica (2026) Conoce las causas","description":"Causas de la Segunda Rep\u00fablica en Espa\u00f1a La Segunda Rep\u00fablica en Espa\u00f1a fue un periodo clave en la historia del pa\u00eds. Durante esta \u00e9poca se produjeron importantes cambios pol\u00edticos, sociales y culturales que marcaron el rumbo de Espa\u00f1a en el siglo XX. En este art\u00edculo, exploraremos las causas de la Segunda Rep\u00fablica y su impacto","inLanguage":"es-ES","isPartOf":{"@id":"https:\/\/dudasytextos.com\/causasde\/#website"},"breadcrumb":{"@id":"https:\/\/dudasytextos.com\/causasde\/causas-de-la-segunda-republica\/#breadcrumblist"},"author":{"@id":"https:\/\/dudasytextos.com\/causasde\/author\/admin44\/#author"},"creator":{"@id":"https:\/\/dudasytextos.com\/causasde\/author\/admin44\/#author"},"datePublished":"2025-02-21T17:39:57+00:00","dateModified":"2025-03-13T02:56:05+00:00"},{"@type":"WebSite","@id":"https:\/\/dudasytextos.com\/causasde\/#website","url":"https:\/\/dudasytextos.com\/causasde\/","name":"\u00bfC\u00f3mo funciona?","description":"Conoce las causas","inLanguage":"es-ES","publisher":{"@id":"https:\/\/dudasytextos.com\/causasde\/#organization"}}]},"og:locale":"es_ES","og:site_name":"Conoce las causas - Conoce las causas","og:type":"article","og:title":"Causas de la segunda rep\u00fablica (2026) Conoce las causas","og:description":"Causas de la Segunda Rep\u00fablica en Espa\u00f1a La Segunda Rep\u00fablica en Espa\u00f1a fue un periodo clave en la historia del pa\u00eds. Durante esta \u00e9poca se produjeron importantes cambios pol\u00edticos, sociales y culturales que marcaron el rumbo de Espa\u00f1a en el siglo XX. En este art\u00edculo, exploraremos las causas de la Segunda Rep\u00fablica y su impacto","og:url":"https:\/\/dudasytextos.com\/causasde\/causas-de-la-segunda-republica\/","article:published_time":"2025-02-21T17:39:57+00:00","article:modified_time":"2025-03-13T02:56:05+00:00","twitter:card":"summary_large_image","twitter:title":"Causas de la segunda rep\u00fablica (2026) Conoce las causas","twitter:description":"Causas de la Segunda Rep\u00fablica en Espa\u00f1a La Segunda Rep\u00fablica en Espa\u00f1a fue un periodo clave en la historia del pa\u00eds. Durante esta \u00e9poca se produjeron importantes cambios pol\u00edticos, sociales y culturales que marcaron el rumbo de Espa\u00f1a en el siglo XX. En este art\u00edculo, exploraremos las causas de la Segunda Rep\u00fablica y su impacto"},"aioseo_meta_data":{"post_id":"162381","title":null,"description":null,"keywords":null,"keyphrases":null,"primary_term":null,"canonical_url":null,"og_title":null,"og_description":null,"og_object_type":"default","og_image_type":"default","og_image_url":null,"og_image_width":null,"og_image_height":null,"og_image_custom_url":null,"og_image_custom_fields":null,"og_video":null,"og_custom_url":null,"og_article_section":null,"og_article_tags":null,"twitter_use_og":false,"twitter_card":"default","twitter_image_type":"default","twitter_image_url":null,"twitter_image_custom_url":null,"twitter_image_custom_fields":null,"twitter_title":null,"twitter_description":null,"schema":{"blockGraphs":[],"customGraphs":[],"default":{"data":{"Article":[],"Course":[],"Dataset":[],"FAQPage":[],"Movie":[],"Person":[],"Product":[],"ProductReview":[],"Car":[],"Recipe":[],"Service":[],"SoftwareApplication":[],"WebPage":[]},"graphName":"","isEnabled":true},"graphs":[]},"schema_type":"default","schema_type_options":null,"pillar_content":false,"robots_default":true,"robots_noindex":false,"robots_noarchive":false,"robots_nosnippet":false,"robots_nofollow":false,"robots_noimageindex":false,"robots_noodp":false,"robots_notranslate":false,"robots_max_snippet":null,"robots_max_videopreview":null,"robots_max_imagepreview":"large","priority":null,"frequency":null,"local_seo":null,"breadcrumb_settings":null,"limit_modified_date":false,"ai":null,"created":"2023-05-12 17:06:47","updated":"2025-06-04 01:16:23","seo_analyzer_scan_date":null,"focus_keyword":null,"additional_keywords":null,"truseo_locale":null},"aioseo_breadcrumb":"<div class=\"aioseo-breadcrumbs\"><span class=\"aioseo-breadcrumb\">\n\t\t\t<a href=\"https:\/\/dudasytextos.com\/causasde\" title=\"Inicio\">Inicio<\/a>\n\t\t<\/span><span class=\"aioseo-breadcrumb-separator\">&raquo;<\/span><span class=\"aioseo-breadcrumb\">\n\t\t\t<a href=\"https:\/\/dudasytextos.com\/causasde\/category\/conoce-las-causas\/\" title=\"Conoce las causas\">Conoce las causas<\/a>\n\t\t<\/span><span class=\"aioseo-breadcrumb-separator\">&raquo;<\/span><span class=\"aioseo-breadcrumb\">\n\t\t\tCausas de la segunda rep\u00fablica\n\t\t<\/span><\/div>","aioseo_breadcrumb_json":[{"label":"Inicio","link":"https:\/\/dudasytextos.com\/causasde"},{"label":"Conoce las causas","link":"https:\/\/dudasytextos.com\/causasde\/category\/conoce-las-causas\/"},{"label":"Causas de la segunda rep\u00fablica","link":"https:\/\/dudasytextos.com\/causasde\/causas-de-la-segunda-republica\/"}],"_links":{"self":[{"href":"https:\/\/dudasytextos.com\/causasde\/wp-json\/wp\/v2\/posts\/162381","targetHints":{"allow":["GET"]}}],"collection":[{"href":"https:\/\/dudasytextos.com\/causasde\/wp-json\/wp\/v2\/posts"}],"about":[{"href":"https:\/\/dudasytextos.com\/causasde\/wp-json\/wp\/v2\/types\/post"}],"author":[{"embeddable":true,"href":"https:\/\/dudasytextos.com\/causasde\/wp-json\/wp\/v2\/users\/1"}],"replies":[{"embeddable":true,"href":"https:\/\/dudasytextos.com\/causasde\/wp-json\/wp\/v2\/comments?post=162381"}],"version-history":[{"count":1,"href":"https:\/\/dudasytextos.com\/causasde\/wp-json\/wp\/v2\/posts\/162381\/revisions"}],"predecessor-version":[{"id":166198,"href":"https:\/\/dudasytextos.com\/causasde\/wp-json\/wp\/v2\/posts\/162381\/revisions\/166198"}],"wp:attachment":[{"href":"https:\/\/dudasytextos.com\/causasde\/wp-json\/wp\/v2\/media?parent=162381"}],"wp:term":[{"taxonomy":"category","embeddable":true,"href":"https:\/\/dudasytextos.com\/causasde\/wp-json\/wp\/v2\/categories?post=162381"},{"taxonomy":"post_tag","embeddable":true,"href":"https:\/\/dudasytextos.com\/causasde\/wp-json\/wp\/v2\/tags?post=162381"}],"curies":[{"name":"wp","href":"https:\/\/api.w.org\/{rel}","templated":true}]}}