{"id":162551,"date":"2025-02-21T01:13:06","date_gmt":"2025-02-21T01:13:06","guid":{"rendered":"https:\/\/educacion.cc\/?p=162551"},"modified":"2025-03-12T15:02:26","modified_gmt":"2025-03-12T15:02:26","slug":"causas-principales-de-la-revolucion-francesa","status":"publish","type":"post","link":"https:\/\/dudasytextos.com\/causasde\/causas-principales-de-la-revolucion-francesa\/","title":{"rendered":"Causas principales de la revoluci\u00f3n francesa"},"content":{"rendered":"<div id=\"ez-toc-container\" class=\"ez-toc-v2_0_87 counter-hierarchy ez-toc-counter ez-toc-custom ez-toc-container-direction\">\n<div class=\"ez-toc-title-container\">\n<span class=\"ez-toc-title-toggle\"><\/span><\/div>\n<nav><ul class='ez-toc-list ez-toc-list-level-1 ' ><li class='ez-toc-page-1 ez-toc-heading-level-2'><a class=\"ez-toc-link ez-toc-heading-1\" href=\"https:\/\/dudasytextos.com\/causasde\/causas-principales-de-la-revolucion-francesa\/#Causas_principales_de_la_revolucion_francesa\" >Causas principales de la revoluci\u00f3n francesa<\/a><\/li><li class='ez-toc-page-1 ez-toc-heading-level-2'><a class=\"ez-toc-link ez-toc-heading-2\" href=\"https:\/\/dudasytextos.com\/causasde\/causas-principales-de-la-revolucion-francesa\/#Curiosidades_y_hechos_interesantes\" >Curiosidades y hechos interesantes<\/a><\/li><li class='ez-toc-page-1 ez-toc-heading-level-2'><a class=\"ez-toc-link ez-toc-heading-3\" href=\"https:\/\/dudasytextos.com\/causasde\/causas-principales-de-la-revolucion-francesa\/#Motivos_de_la_Revolucion_Francesa\" >Motivos de la Revoluci\u00f3n Francesa<\/a><\/li><li class='ez-toc-page-1 ez-toc-heading-level-2'><a class=\"ez-toc-link ez-toc-heading-4\" href=\"https:\/\/dudasytextos.com\/causasde\/causas-principales-de-la-revolucion-francesa\/#Experiencias_personales\" >Experiencias personales<\/a><\/li><li class='ez-toc-page-1 ez-toc-heading-level-2'><a class=\"ez-toc-link ez-toc-heading-5\" href=\"https:\/\/dudasytextos.com\/causasde\/causas-principales-de-la-revolucion-francesa\/#Opiniones_de_expertos\" >Opiniones de expertos<\/a><\/li><li class='ez-toc-page-1 ez-toc-heading-level-2'><a class=\"ez-toc-link ez-toc-heading-6\" href=\"https:\/\/dudasytextos.com\/causasde\/causas-principales-de-la-revolucion-francesa\/#Preguntas_frecuentes\" >Preguntas frecuentes<\/a><ul class='ez-toc-list-level-3' ><li class='ez-toc-heading-level-3'><a class=\"ez-toc-link ez-toc-heading-7\" href=\"https:\/\/dudasytextos.com\/causasde\/causas-principales-de-la-revolucion-francesa\/#%C2%BFPor_que_la_Revolucion_Francesa_fue_importante\" >\u00bfPor qu\u00e9 la Revoluci\u00f3n Francesa fue importante?<\/a><\/li><li class='ez-toc-page-1 ez-toc-heading-level-3'><a class=\"ez-toc-link ez-toc-heading-8\" href=\"https:\/\/dudasytextos.com\/causasde\/causas-principales-de-la-revolucion-francesa\/#%C2%BFCuanto_tiempo_duro_la_Revolucion_Francesa\" >\u00bfCu\u00e1nto tiempo dur\u00f3 la Revoluci\u00f3n Francesa?<\/a><\/li><li class='ez-toc-page-1 ez-toc-heading-level-3'><a class=\"ez-toc-link ez-toc-heading-9\" href=\"https:\/\/dudasytextos.com\/causasde\/causas-principales-de-la-revolucion-francesa\/#%C2%BFQue_factores_contribuyeron_al_estallido_de_la_Revolucion_Francesa\" >\u00bfQu\u00e9 factores contribuyeron al estallido de la Revoluci\u00f3n Francesa?<\/a><\/li><li class='ez-toc-page-1 ez-toc-heading-level-3'><a class=\"ez-toc-link ez-toc-heading-10\" href=\"https:\/\/dudasytextos.com\/causasde\/causas-principales-de-la-revolucion-francesa\/#%C2%BFQue_impacto_tuvo_la_Revolucion_Francesa_en_la_sociedad_francesa\" >\u00bfQu\u00e9 impacto tuvo la Revoluci\u00f3n Francesa en la sociedad francesa?<\/a><\/li><\/ul><\/li><\/ul><\/nav><\/div>\n<h2><span class=\"ez-toc-section\" id=\"Causas_principales_de_la_revolucion_francesa\"><\/span>Causas principales de la revoluci\u00f3n francesa<span class=\"ez-toc-section-end\"><\/span><\/h2>\n<section>\n<h2><span class=\"ez-toc-section\" id=\"Curiosidades_y_hechos_interesantes\"><\/span>Curiosidades y hechos interesantes<span class=\"ez-toc-section-end\"><\/span><\/h2>\n<ul>\n<li>La Revoluci\u00f3n Francesa comenz\u00f3 en 1789 y dur\u00f3 hasta 1799.<\/li>\n<li>Francia estaba gobernada por una monarqu\u00eda absoluta antes de la Revoluci\u00f3n.<\/li>\n<li>La Revoluci\u00f3n Francesa fue una de las revoluciones m\u00e1s importantes en la historia de Europa.<\/li>\n<li>La Revoluci\u00f3n Francesa tuvo un impacto significativo en la historia pol\u00edtica, social y <a href=\"https:\/\/dudasytextos.com\/causasde\/causas-de-la-diversidad-cultural\/\">cultural<\/a> de Francia y del mundo.<\/li>\n<\/ul>\n<\/section>\n<section>\n<h2><span class=\"ez-toc-section\" id=\"Motivos_de_la_Revolucion_Francesa\"><\/span>Motivos de la Revoluci\u00f3n Francesa<span class=\"ez-toc-section-end\"><\/span><\/h2>\n<p>La Revoluci\u00f3n Francesa tuvo varios factores subyacentes que contribuyeron a su estallido en 1789. Algunas de las causas principales incluyen:<\/p>\n<ul>\n<li><strong>Desigualdad social:<\/strong> La sociedad francesa estaba dividida en tres estamentos: el clero, la nobleza y el tercer estado. El tercer estado, que inclu\u00eda a la mayor\u00eda de la poblaci\u00f3n, estaba excluido de la toma de decisiones pol\u00edticas y econ\u00f3micas.<\/li>\n<li><strong>Descontento econ\u00f3mico:<\/strong> La econom\u00eda francesa estaba en crisis debido a la mala gesti\u00f3n financiera del gobierno y a los altos impuestos que afectaban principalmente a la clase obrera y campesina.<\/li>\n<li><strong>Influencia de la Ilustraci\u00f3n:<\/strong> La Ilustraci\u00f3n fue un movimiento intelectual que promov\u00eda la raz\u00f3n, la libertad y la igualdad. Sus ideas influyeron en los intelectuales y pensadores franceses de la \u00e9poca, quienes comenzaron a cuestionar la legitimidad del r\u00e9gimen mon\u00e1rquico y la desigualdad social.<\/li>\n<li><strong>Descontento pol\u00edtico:<\/strong> La monarqu\u00eda absoluta de Francia hab\u00eda perdido gran parte de su legitimidad ante los ojos del pueblo debido a la corrupci\u00f3n y la ineficacia del gobierno.<\/li>\n<\/ul>\n<\/section>\n<section>\n<h2><span class=\"ez-toc-section\" id=\"Experiencias_personales\"><\/span>Experiencias personales<span class=\"ez-toc-section-end\"><\/span><\/h2>\n<p>La Revoluci\u00f3n Francesa ha sido un tema que siempre me ha interesado, especialmente por su impacto en la historia mundial. Cuando estudi\u00e9 sobre este tema en la universidad, me di cuenta de la complejidad y profundidad de la Revoluci\u00f3n y c\u00f3mo sus efectos a\u00fan est\u00e1n presentes en la sociedad actual.<\/p>\n<p>Me sorprendi\u00f3 descubrir que la Revoluci\u00f3n Francesa no fue solo una lucha por la libertad y la igualdad, sino tambi\u00e9n una \u00e9poca de gran violencia y conflicto. Esta revoluci\u00f3n cambi\u00f3 para siempre la forma en que la gente piensa sobre la pol\u00edtica, la justicia y la igualdad.<\/p>\n<\/section>\n<section>\n<h2><span class=\"ez-toc-section\" id=\"Opiniones_de_expertos\"><\/span>Opiniones de expertos<span class=\"ez-toc-section-end\"><\/span><\/h2>\n<blockquote>\n<p>La Revoluci\u00f3n Francesa fue un evento hist\u00f3rico que marc\u00f3 el comienzo de una nueva era en la historia pol\u00edtica, social y cultural de Europa. Su impacto se puede sentir a\u00fan hoy en d\u00eda.<\/p>\n<footer>&#8211; Jean-Pierre Rioux, historiador franc\u00e9s<\/footer>\n<\/blockquote>\n<\/section>\n<section>\n<h2><span class=\"ez-toc-section\" id=\"Preguntas_frecuentes\"><\/span>Preguntas frecuentes<span class=\"ez-toc-section-end\"><\/span><\/h2>\n<h3><span class=\"ez-toc-section\" id=\"%C2%BFPor_que_la_Revolucion_Francesa_fue_importante\"><\/span>\u00bfPor qu\u00e9 la Revoluci\u00f3n Francesa fue importante?<span class=\"ez-toc-section-end\"><\/span><\/h3>\n<p>La Revoluci\u00f3n Francesa fue importante porque cambi\u00f3 la forma en que la gente piensa sobre la pol\u00edtica, la justicia y la igualdad. Tambi\u00e9n tuvo un impacto significativo en la historia pol\u00edtica, social y cultural de Francia y del mundo.<\/p>\n<h3><span class=\"ez-toc-section\" id=\"%C2%BFCuanto_tiempo_duro_la_Revolucion_Francesa\"><\/span>\u00bfCu\u00e1nto tiempo dur\u00f3 la Revoluci\u00f3n Francesa?<span class=\"ez-toc-section-end\"><\/span><\/h3>\n<p>La Revoluci\u00f3n Francesa comenz\u00f3 en 1789 y dur\u00f3 hasta 1799.<\/p>\n<h3><span class=\"ez-toc-section\" id=\"%C2%BFQue_factores_contribuyeron_al_estallido_de_la_Revolucion_Francesa\"><\/span>\u00bfQu\u00e9 factores contribuyeron al estallido de la Revoluci\u00f3n Francesa?<span class=\"ez-toc-section-end\"><\/span><\/h3>\n<p>La Revoluci\u00f3n Francesa tuvo varios factores subyacentes que contribuyeron a su estallido en 1789. Algunas de las causas principales incluyen la desigualdad social, el descontento econ\u00f3mico, la influencia de la Ilustraci\u00f3n y el descontento pol\u00edtico.<\/p>\n<h3><span class=\"ez-toc-section\" id=\"%C2%BFQue_impacto_tuvo_la_Revolucion_Francesa_en_la_sociedad_francesa\"><\/span>\u00bfQu\u00e9 impacto tuvo la Revoluci\u00f3n Francesa en la sociedad francesa?<span class=\"ez-toc-section-end\"><\/span><\/h3>\n<p>La Revoluci\u00f3n Francesa tuvo un impacto significativo en la sociedad francesa, ya que cambi\u00f3 la forma en que la gente piensa sobre la pol\u00edtica, la justicia y la igualdad. Tambi\u00e9n tuvo un impacto en la historia pol\u00edtica, social y cultural de Francia y del mundo.<\/p>\n<\/section>\n<footer>\n<p>Escrito por Ana Gonz\u00e1lez<\/p>\n<\/footer>\n","protected":false},"excerpt":{"rendered":"<p>Causas principales de la revoluci\u00f3n francesa Curiosidades y hechos interesantes La Revoluci\u00f3n Francesa comenz\u00f3 en 1789 y dur\u00f3 hasta 1799. Francia estaba gobernada por una monarqu\u00eda absoluta antes de la Revoluci\u00f3n. La Revoluci\u00f3n Francesa fue una de las revoluciones m\u00e1s importantes en la historia de Europa. La Revoluci\u00f3n Francesa tuvo un impacto significativo en la &#8230; <a title=\"Causas principales de la revoluci\u00f3n francesa\" class=\"read-more\" href=\"https:\/\/dudasytextos.com\/causasde\/causas-principales-de-la-revolucion-francesa\/\" aria-label=\"M\u00e1s en Causas principales de la revoluci\u00f3n francesa\">Leer m\u00e1s<\/a><\/p>\n","protected":false},"author":1,"featured_media":0,"comment_status":"open","ping_status":"open","sticky":false,"template":"","format":"standard","meta":{"footnotes":""},"categories":[4,14],"tags":[],"class_list":["post-162551","post","type-post","status-publish","format-standard","hentry","category-conoce-las-causas","category-revoluciones"],"aioseo_notices":[],"aioseo_head":"\n\t\t<!-- All in One SEO 5.0.1.1 - aioseo.com -->\n\t<meta name=\"description\" content=\"Causas principales de la revoluci\u00f3n francesa Curiosidades y hechos interesantes La Revoluci\u00f3n Francesa comenz\u00f3 en 1789 y dur\u00f3 hasta 1799. Francia estaba gobernada por una monarqu\u00eda absoluta antes de la Revoluci\u00f3n. La Revoluci\u00f3n Francesa fue una de las revoluciones m\u00e1s importantes en la historia de Europa. La Revoluci\u00f3n Francesa tuvo un impacto significativo en la\" \/>\n\t<meta name=\"robots\" content=\"max-snippet:-1, max-image-preview:large, max-video-preview:-1\" \/>\n\t<meta name=\"author\" content=\"Ana Gonz\u00e1lez\"\/>\n\t<link rel=\"canonical\" href=\"https:\/\/dudasytextos.com\/causasde\/causas-principales-de-la-revolucion-francesa\/\" \/>\n\t<meta name=\"generator\" content=\"All in One SEO (AIOSEO) 5.0.1.1\" \/>\n\n\t\t<!-- Google tag (gtag.js) -->\n<script async src=\"https:\/\/www.googletagmanager.com\/gtag\/js?id=G-1RZBHH3Z7E\"><\/script>\n<script>\n  window.dataLayer = window.dataLayer || [];\n  function gtag(){dataLayer.push(arguments);}\n  gtag('js', new Date());\n\n  gtag('config', 'G-1RZBHH3Z7E');\n<\/script>\n<script async src=\"https:\/\/pagead2.googlesyndication.com\/pagead\/js\/adsbygoogle.js?client=ca-pub-3987500858204711\"\n     crossorigin=\"anonymous\"><\/script>\n\t\t<meta property=\"og:locale\" content=\"es_ES\" \/>\n\t\t<meta property=\"og:site_name\" content=\"Conoce las causas - Conoce las causas\" \/>\n\t\t<meta property=\"og:type\" content=\"article\" \/>\n\t\t<meta property=\"og:title\" content=\"Causas principales de la revoluci\u00f3n francesa (2026) Conoce las causas\" \/>\n\t\t<meta property=\"og:description\" content=\"Causas principales de la revoluci\u00f3n francesa Curiosidades y hechos interesantes La Revoluci\u00f3n Francesa comenz\u00f3 en 1789 y dur\u00f3 hasta 1799. Francia estaba gobernada por una monarqu\u00eda absoluta antes de la Revoluci\u00f3n. La Revoluci\u00f3n Francesa fue una de las revoluciones m\u00e1s importantes en la historia de Europa. La Revoluci\u00f3n Francesa tuvo un impacto significativo en la\" \/>\n\t\t<meta property=\"og:url\" content=\"https:\/\/dudasytextos.com\/causasde\/causas-principales-de-la-revolucion-francesa\/\" \/>\n\t\t<meta property=\"article:published_time\" content=\"2025-02-21T01:13:06+00:00\" \/>\n\t\t<meta property=\"article:modified_time\" content=\"2025-03-12T15:02:26+00:00\" \/>\n\t\t<meta name=\"twitter:card\" content=\"summary_large_image\" \/>\n\t\t<meta name=\"twitter:title\" content=\"Causas principales de la revoluci\u00f3n francesa (2026) Conoce las causas\" \/>\n\t\t<meta name=\"twitter:description\" content=\"Causas principales de la revoluci\u00f3n francesa Curiosidades y hechos interesantes La Revoluci\u00f3n Francesa comenz\u00f3 en 1789 y dur\u00f3 hasta 1799. Francia estaba gobernada por una monarqu\u00eda absoluta antes de la Revoluci\u00f3n. La Revoluci\u00f3n Francesa fue una de las revoluciones m\u00e1s importantes en la historia de Europa. La Revoluci\u00f3n Francesa tuvo un impacto significativo en la\" \/>\n\t\t<script type=\"application\/ld+json\" class=\"aioseo-schema\">\n\t\t\t{\"@context\":\"https:\\\/\\\/schema.org\",\"@graph\":[{\"@type\":\"BlogPosting\",\"@id\":\"https:\\\/\\\/dudasytextos.com\\\/causasde\\\/causas-principales-de-la-revolucion-francesa\\\/#blogposting\",\"name\":\"Causas principales de la revoluci\\u00f3n francesa (2026) Conoce las causas\",\"headline\":\"Causas principales de la revoluci\\u00f3n francesa\",\"author\":{\"@id\":\"https:\\\/\\\/dudasytextos.com\\\/causasde\\\/author\\\/admin44\\\/#author\"},\"publisher\":{\"@id\":\"https:\\\/\\\/dudasytextos.com\\\/causasde\\\/#organization\"},\"datePublished\":\"2025-02-21T01:13:06+00:00\",\"dateModified\":\"2025-03-12T15:02:26+00:00\",\"inLanguage\":\"es-ES\",\"mainEntityOfPage\":{\"@id\":\"https:\\\/\\\/dudasytextos.com\\\/causasde\\\/causas-principales-de-la-revolucion-francesa\\\/#webpage\"},\"isPartOf\":{\"@id\":\"https:\\\/\\\/dudasytextos.com\\\/causasde\\\/causas-principales-de-la-revolucion-francesa\\\/#webpage\"},\"articleSection\":\"Conoce las causas, Revoluciones\"},{\"@type\":\"BreadcrumbList\",\"@id\":\"https:\\\/\\\/dudasytextos.com\\\/causasde\\\/causas-principales-de-la-revolucion-francesa\\\/#breadcrumblist\",\"itemListElement\":[{\"@type\":\"ListItem\",\"@id\":\"https:\\\/\\\/dudasytextos.com\\\/causasde#listItem\",\"position\":1,\"name\":\"Inicio\",\"item\":\"https:\\\/\\\/dudasytextos.com\\\/causasde\",\"nextItem\":{\"@type\":\"ListItem\",\"@id\":\"https:\\\/\\\/dudasytextos.com\\\/causasde\\\/category\\\/conoce-las-causas\\\/#listItem\",\"name\":\"Conoce las causas\"}},{\"@type\":\"ListItem\",\"@id\":\"https:\\\/\\\/dudasytextos.com\\\/causasde\\\/category\\\/conoce-las-causas\\\/#listItem\",\"position\":2,\"name\":\"Conoce las causas\",\"item\":\"https:\\\/\\\/dudasytextos.com\\\/causasde\\\/category\\\/conoce-las-causas\\\/\",\"nextItem\":{\"@type\":\"ListItem\",\"@id\":\"https:\\\/\\\/dudasytextos.com\\\/causasde\\\/causas-principales-de-la-revolucion-francesa\\\/#listItem\",\"name\":\"Causas principales de la revoluci\\u00f3n francesa\"},\"previousItem\":{\"@type\":\"ListItem\",\"@id\":\"https:\\\/\\\/dudasytextos.com\\\/causasde#listItem\",\"name\":\"Inicio\"}},{\"@type\":\"ListItem\",\"@id\":\"https:\\\/\\\/dudasytextos.com\\\/causasde\\\/causas-principales-de-la-revolucion-francesa\\\/#listItem\",\"position\":3,\"name\":\"Causas principales de la revoluci\\u00f3n francesa\",\"previousItem\":{\"@type\":\"ListItem\",\"@id\":\"https:\\\/\\\/dudasytextos.com\\\/causasde\\\/category\\\/conoce-las-causas\\\/#listItem\",\"name\":\"Conoce las causas\"}}]},{\"@type\":\"Organization\",\"@id\":\"https:\\\/\\\/dudasytextos.com\\\/causasde\\\/#organization\",\"name\":\"\\u00bfC\\u00f3mo funciona?\",\"description\":\"Conoce las causas\",\"url\":\"https:\\\/\\\/dudasytextos.com\\\/causasde\\\/\"},{\"@type\":\"Person\",\"@id\":\"https:\\\/\\\/dudasytextos.com\\\/causasde\\\/author\\\/admin44\\\/#author\",\"url\":\"https:\\\/\\\/dudasytextos.com\\\/causasde\\\/author\\\/admin44\\\/\",\"name\":\"Ana Gonz\\u00e1lez\"},{\"@type\":\"WebPage\",\"@id\":\"https:\\\/\\\/dudasytextos.com\\\/causasde\\\/causas-principales-de-la-revolucion-francesa\\\/#webpage\",\"url\":\"https:\\\/\\\/dudasytextos.com\\\/causasde\\\/causas-principales-de-la-revolucion-francesa\\\/\",\"name\":\"Causas principales de la revoluci\\u00f3n francesa (2026) Conoce las causas\",\"description\":\"Causas principales de la revoluci\\u00f3n francesa Curiosidades y hechos interesantes La Revoluci\\u00f3n Francesa comenz\\u00f3 en 1789 y dur\\u00f3 hasta 1799. Francia estaba gobernada por una monarqu\\u00eda absoluta antes de la Revoluci\\u00f3n. La Revoluci\\u00f3n Francesa fue una de las revoluciones m\\u00e1s importantes en la historia de Europa. La Revoluci\\u00f3n Francesa tuvo un impacto significativo en la\",\"inLanguage\":\"es-ES\",\"isPartOf\":{\"@id\":\"https:\\\/\\\/dudasytextos.com\\\/causasde\\\/#website\"},\"breadcrumb\":{\"@id\":\"https:\\\/\\\/dudasytextos.com\\\/causasde\\\/causas-principales-de-la-revolucion-francesa\\\/#breadcrumblist\"},\"author\":{\"@id\":\"https:\\\/\\\/dudasytextos.com\\\/causasde\\\/author\\\/admin44\\\/#author\"},\"creator\":{\"@id\":\"https:\\\/\\\/dudasytextos.com\\\/causasde\\\/author\\\/admin44\\\/#author\"},\"datePublished\":\"2025-02-21T01:13:06+00:00\",\"dateModified\":\"2025-03-12T15:02:26+00:00\"},{\"@type\":\"WebSite\",\"@id\":\"https:\\\/\\\/dudasytextos.com\\\/causasde\\\/#website\",\"url\":\"https:\\\/\\\/dudasytextos.com\\\/causasde\\\/\",\"name\":\"\\u00bfC\\u00f3mo funciona?\",\"description\":\"Conoce las causas\",\"inLanguage\":\"es-ES\",\"publisher\":{\"@id\":\"https:\\\/\\\/dudasytextos.com\\\/causasde\\\/#organization\"}}]}\n\t\t<\/script>\n\t\t<!-- All in One SEO -->\n\n","aioseo_head_json":{"title":"Causas principales de la revoluci\u00f3n francesa (2026) Conoce las causas","description":"Causas principales de la revoluci\u00f3n francesa Curiosidades y hechos interesantes La Revoluci\u00f3n Francesa comenz\u00f3 en 1789 y dur\u00f3 hasta 1799. Francia estaba gobernada por una monarqu\u00eda absoluta antes de la Revoluci\u00f3n. La Revoluci\u00f3n Francesa fue una de las revoluciones m\u00e1s importantes en la historia de Europa. La Revoluci\u00f3n Francesa tuvo un impacto significativo en la","canonical_url":"https:\/\/dudasytextos.com\/causasde\/causas-principales-de-la-revolucion-francesa\/","robots":"max-snippet:-1, max-image-preview:large, max-video-preview:-1","keywords":"","webmasterTools":{"miscellaneous":"&lt;!-- Google tag (gtag.js) --&gt;\n&lt;script async src=\"https:\/\/www.googletagmanager.com\/gtag\/js?id=G-1RZBHH3Z7E\"&gt;&lt;\/script&gt;\n&lt;script&gt;\n  window.dataLayer = window.dataLayer || [];\n  function gtag(){dataLayer.push(arguments);}\n  gtag('js', new Date());\n\n  gtag('config', 'G-1RZBHH3Z7E');\n&lt;\/script&gt;\n&lt;script async src=\"https:\/\/pagead2.googlesyndication.com\/pagead\/js\/adsbygoogle.js?client=ca-pub-3987500858204711\"\n     crossorigin=\"anonymous\"&gt;&lt;\/script&gt;"},"schema":{"@context":"https:\/\/schema.org","@graph":[{"@type":"BlogPosting","@id":"https:\/\/dudasytextos.com\/causasde\/causas-principales-de-la-revolucion-francesa\/#blogposting","name":"Causas principales de la revoluci\u00f3n francesa (2026) Conoce las causas","headline":"Causas principales de la revoluci\u00f3n francesa","author":{"@id":"https:\/\/dudasytextos.com\/causasde\/author\/admin44\/#author"},"publisher":{"@id":"https:\/\/dudasytextos.com\/causasde\/#organization"},"datePublished":"2025-02-21T01:13:06+00:00","dateModified":"2025-03-12T15:02:26+00:00","inLanguage":"es-ES","mainEntityOfPage":{"@id":"https:\/\/dudasytextos.com\/causasde\/causas-principales-de-la-revolucion-francesa\/#webpage"},"isPartOf":{"@id":"https:\/\/dudasytextos.com\/causasde\/causas-principales-de-la-revolucion-francesa\/#webpage"},"articleSection":"Conoce las causas, Revoluciones"},{"@type":"BreadcrumbList","@id":"https:\/\/dudasytextos.com\/causasde\/causas-principales-de-la-revolucion-francesa\/#breadcrumblist","itemListElement":[{"@type":"ListItem","@id":"https:\/\/dudasytextos.com\/causasde#listItem","position":1,"name":"Inicio","item":"https:\/\/dudasytextos.com\/causasde","nextItem":{"@type":"ListItem","@id":"https:\/\/dudasytextos.com\/causasde\/category\/conoce-las-causas\/#listItem","name":"Conoce las causas"}},{"@type":"ListItem","@id":"https:\/\/dudasytextos.com\/causasde\/category\/conoce-las-causas\/#listItem","position":2,"name":"Conoce las causas","item":"https:\/\/dudasytextos.com\/causasde\/category\/conoce-las-causas\/","nextItem":{"@type":"ListItem","@id":"https:\/\/dudasytextos.com\/causasde\/causas-principales-de-la-revolucion-francesa\/#listItem","name":"Causas principales de la revoluci\u00f3n francesa"},"previousItem":{"@type":"ListItem","@id":"https:\/\/dudasytextos.com\/causasde#listItem","name":"Inicio"}},{"@type":"ListItem","@id":"https:\/\/dudasytextos.com\/causasde\/causas-principales-de-la-revolucion-francesa\/#listItem","position":3,"name":"Causas principales de la revoluci\u00f3n francesa","previousItem":{"@type":"ListItem","@id":"https:\/\/dudasytextos.com\/causasde\/category\/conoce-las-causas\/#listItem","name":"Conoce las causas"}}]},{"@type":"Organization","@id":"https:\/\/dudasytextos.com\/causasde\/#organization","name":"\u00bfC\u00f3mo funciona?","description":"Conoce las causas","url":"https:\/\/dudasytextos.com\/causasde\/"},{"@type":"Person","@id":"https:\/\/dudasytextos.com\/causasde\/author\/admin44\/#author","url":"https:\/\/dudasytextos.com\/causasde\/author\/admin44\/","name":"Ana Gonz\u00e1lez"},{"@type":"WebPage","@id":"https:\/\/dudasytextos.com\/causasde\/causas-principales-de-la-revolucion-francesa\/#webpage","url":"https:\/\/dudasytextos.com\/causasde\/causas-principales-de-la-revolucion-francesa\/","name":"Causas principales de la revoluci\u00f3n francesa (2026) Conoce las causas","description":"Causas principales de la revoluci\u00f3n francesa Curiosidades y hechos interesantes La Revoluci\u00f3n Francesa comenz\u00f3 en 1789 y dur\u00f3 hasta 1799. Francia estaba gobernada por una monarqu\u00eda absoluta antes de la Revoluci\u00f3n. La Revoluci\u00f3n Francesa fue una de las revoluciones m\u00e1s importantes en la historia de Europa. La Revoluci\u00f3n Francesa tuvo un impacto significativo en la","inLanguage":"es-ES","isPartOf":{"@id":"https:\/\/dudasytextos.com\/causasde\/#website"},"breadcrumb":{"@id":"https:\/\/dudasytextos.com\/causasde\/causas-principales-de-la-revolucion-francesa\/#breadcrumblist"},"author":{"@id":"https:\/\/dudasytextos.com\/causasde\/author\/admin44\/#author"},"creator":{"@id":"https:\/\/dudasytextos.com\/causasde\/author\/admin44\/#author"},"datePublished":"2025-02-21T01:13:06+00:00","dateModified":"2025-03-12T15:02:26+00:00"},{"@type":"WebSite","@id":"https:\/\/dudasytextos.com\/causasde\/#website","url":"https:\/\/dudasytextos.com\/causasde\/","name":"\u00bfC\u00f3mo funciona?","description":"Conoce las causas","inLanguage":"es-ES","publisher":{"@id":"https:\/\/dudasytextos.com\/causasde\/#organization"}}]},"og:locale":"es_ES","og:site_name":"Conoce las causas - Conoce las causas","og:type":"article","og:title":"Causas principales de la revoluci\u00f3n francesa (2026) Conoce las causas","og:description":"Causas principales de la revoluci\u00f3n francesa Curiosidades y hechos interesantes La Revoluci\u00f3n Francesa comenz\u00f3 en 1789 y dur\u00f3 hasta 1799. Francia estaba gobernada por una monarqu\u00eda absoluta antes de la Revoluci\u00f3n. La Revoluci\u00f3n Francesa fue una de las revoluciones m\u00e1s importantes en la historia de Europa. La Revoluci\u00f3n Francesa tuvo un impacto significativo en la","og:url":"https:\/\/dudasytextos.com\/causasde\/causas-principales-de-la-revolucion-francesa\/","article:published_time":"2025-02-21T01:13:06+00:00","article:modified_time":"2025-03-12T15:02:26+00:00","twitter:card":"summary_large_image","twitter:title":"Causas principales de la revoluci\u00f3n francesa (2026) Conoce las causas","twitter:description":"Causas principales de la revoluci\u00f3n francesa Curiosidades y hechos interesantes La Revoluci\u00f3n Francesa comenz\u00f3 en 1789 y dur\u00f3 hasta 1799. Francia estaba gobernada por una monarqu\u00eda absoluta antes de la Revoluci\u00f3n. La Revoluci\u00f3n Francesa fue una de las revoluciones m\u00e1s importantes en la historia de Europa. La Revoluci\u00f3n Francesa tuvo un impacto significativo en la"},"aioseo_meta_data":{"post_id":"162551","title":null,"description":null,"keywords":null,"keyphrases":null,"primary_term":null,"canonical_url":null,"og_title":null,"og_description":null,"og_object_type":"default","og_image_type":"default","og_image_url":null,"og_image_width":null,"og_image_height":null,"og_image_custom_url":null,"og_image_custom_fields":null,"og_video":null,"og_custom_url":null,"og_article_section":null,"og_article_tags":null,"twitter_use_og":false,"twitter_card":"default","twitter_image_type":"default","twitter_image_url":null,"twitter_image_custom_url":null,"twitter_image_custom_fields":null,"twitter_title":null,"twitter_description":null,"schema":{"blockGraphs":[],"customGraphs":[],"default":{"data":{"Article":[],"Course":[],"Dataset":[],"FAQPage":[],"Movie":[],"Person":[],"Product":[],"ProductReview":[],"Car":[],"Recipe":[],"Service":[],"SoftwareApplication":[],"WebPage":[]},"graphName":"","isEnabled":true},"graphs":[]},"schema_type":"default","schema_type_options":null,"pillar_content":false,"robots_default":true,"robots_noindex":false,"robots_noarchive":false,"robots_nosnippet":false,"robots_nofollow":false,"robots_noimageindex":false,"robots_noodp":false,"robots_notranslate":false,"robots_max_snippet":null,"robots_max_videopreview":null,"robots_max_imagepreview":"large","priority":null,"frequency":null,"local_seo":null,"breadcrumb_settings":null,"limit_modified_date":false,"ai":null,"created":"2023-05-12 16:36:48","updated":"2025-06-04 00:52:56","seo_analyzer_scan_date":null,"focus_keyword":null,"additional_keywords":null,"truseo_locale":null},"aioseo_breadcrumb":"<div class=\"aioseo-breadcrumbs\"><span class=\"aioseo-breadcrumb\">\n\t\t\t<a href=\"https:\/\/dudasytextos.com\/causasde\" title=\"Inicio\">Inicio<\/a>\n\t\t<\/span><span class=\"aioseo-breadcrumb-separator\">&raquo;<\/span><span class=\"aioseo-breadcrumb\">\n\t\t\t<a href=\"https:\/\/dudasytextos.com\/causasde\/category\/conoce-las-causas\/\" title=\"Conoce las causas\">Conoce las causas<\/a>\n\t\t<\/span><span class=\"aioseo-breadcrumb-separator\">&raquo;<\/span><span class=\"aioseo-breadcrumb\">\n\t\t\tCausas principales de la revoluci\u00f3n francesa\n\t\t<\/span><\/div>","aioseo_breadcrumb_json":[{"label":"Inicio","link":"https:\/\/dudasytextos.com\/causasde"},{"label":"Conoce las causas","link":"https:\/\/dudasytextos.com\/causasde\/category\/conoce-las-causas\/"},{"label":"Causas principales de la revoluci\u00f3n francesa","link":"https:\/\/dudasytextos.com\/causasde\/causas-principales-de-la-revolucion-francesa\/"}],"_links":{"self":[{"href":"https:\/\/dudasytextos.com\/causasde\/wp-json\/wp\/v2\/posts\/162551","targetHints":{"allow":["GET"]}}],"collection":[{"href":"https:\/\/dudasytextos.com\/causasde\/wp-json\/wp\/v2\/posts"}],"about":[{"href":"https:\/\/dudasytextos.com\/causasde\/wp-json\/wp\/v2\/types\/post"}],"author":[{"embeddable":true,"href":"https:\/\/dudasytextos.com\/causasde\/wp-json\/wp\/v2\/users\/1"}],"replies":[{"embeddable":true,"href":"https:\/\/dudasytextos.com\/causasde\/wp-json\/wp\/v2\/comments?post=162551"}],"version-history":[{"count":1,"href":"https:\/\/dudasytextos.com\/causasde\/wp-json\/wp\/v2\/posts\/162551\/revisions"}],"predecessor-version":[{"id":166028,"href":"https:\/\/dudasytextos.com\/causasde\/wp-json\/wp\/v2\/posts\/162551\/revisions\/166028"}],"wp:attachment":[{"href":"https:\/\/dudasytextos.com\/causasde\/wp-json\/wp\/v2\/media?parent=162551"}],"wp:term":[{"taxonomy":"category","embeddable":true,"href":"https:\/\/dudasytextos.com\/causasde\/wp-json\/wp\/v2\/categories?post=162551"},{"taxonomy":"post_tag","embeddable":true,"href":"https:\/\/dudasytextos.com\/causasde\/wp-json\/wp\/v2\/tags?post=162551"}],"curies":[{"name":"wp","href":"https:\/\/api.w.org\/{rel}","templated":true}]}}