{"id":162617,"date":"2025-03-04T22:09:52","date_gmt":"2025-03-04T22:09:52","guid":{"rendered":"https:\/\/educacion.cc\/?p=162617"},"modified":"2025-03-13T03:12:36","modified_gmt":"2025-03-13T03:12:36","slug":"causa-de-muerte-de-van-gogh","status":"publish","type":"post","link":"https:\/\/dudasytextos.com\/causasde\/causa-de-muerte-de-van-gogh\/","title":{"rendered":"Causa de muerte de van gogh"},"content":{"rendered":"<div id=\"ez-toc-container\" class=\"ez-toc-v2_0_87 counter-hierarchy ez-toc-counter ez-toc-custom ez-toc-container-direction\">\n<div class=\"ez-toc-title-container\">\n<span class=\"ez-toc-title-toggle\"><\/span><\/div>\n<nav><ul class='ez-toc-list ez-toc-list-level-1 ' ><li class='ez-toc-page-1 ez-toc-heading-level-2'><a class=\"ez-toc-link ez-toc-heading-1\" href=\"https:\/\/dudasytextos.com\/causasde\/causa-de-muerte-de-van-gogh\/#Causa_de_muerte_de_Van_Gogh\" >Causa de muerte de Van Gogh<\/a><\/li><li class='ez-toc-page-1 ez-toc-heading-level-2'><a class=\"ez-toc-link ez-toc-heading-2\" href=\"https:\/\/dudasytextos.com\/causasde\/causa-de-muerte-de-van-gogh\/#Curiosidades_sobre_la_muerte_de_Van_Gogh\" >Curiosidades sobre la muerte de Van Gogh<\/a><\/li><li class='ez-toc-page-1 ez-toc-heading-level-2'><a class=\"ez-toc-link ez-toc-heading-3\" href=\"https:\/\/dudasytextos.com\/causasde\/causa-de-muerte-de-van-gogh\/#Mi_experiencia_personal\" >Mi experiencia personal<\/a><\/li><li class='ez-toc-page-1 ez-toc-heading-level-2'><a class=\"ez-toc-link ez-toc-heading-4\" href=\"https:\/\/dudasytextos.com\/causasde\/causa-de-muerte-de-van-gogh\/#%C2%BFComo_murio_Van_Gogh\" >\u00bfC\u00f3mo muri\u00f3 Van Gogh?<\/a><\/li><li class='ez-toc-page-1 ez-toc-heading-level-2'><a class=\"ez-toc-link ez-toc-heading-5\" href=\"https:\/\/dudasytextos.com\/causasde\/causa-de-muerte-de-van-gogh\/#Factores_que_contribuyeron_a_la_muerte_de_Van_Gogh\" >Factores que contribuyeron a la muerte de Van Gogh<\/a><\/li><li class='ez-toc-page-1 ez-toc-heading-level-2'><a class=\"ez-toc-link ez-toc-heading-6\" href=\"https:\/\/dudasytextos.com\/causasde\/causa-de-muerte-de-van-gogh\/#Preguntas_frecuentes\" >Preguntas frecuentes<\/a><ul class='ez-toc-list-level-3' ><li class='ez-toc-heading-level-3'><a class=\"ez-toc-link ez-toc-heading-7\" href=\"https:\/\/dudasytextos.com\/causasde\/causa-de-muerte-de-van-gogh\/#%C2%BFPor_que_se_dice_que_Van_Gogh_se_corto_la_oreja\" >\u00bfPor qu\u00e9 se dice que Van Gogh se cort\u00f3 la oreja?<\/a><\/li><li class='ez-toc-page-1 ez-toc-heading-level-3'><a class=\"ez-toc-link ez-toc-heading-8\" href=\"https:\/\/dudasytextos.com\/causasde\/causa-de-muerte-de-van-gogh\/#%C2%BFQue_tan_exitoso_fue_Van_Gogh_en_vida\" >\u00bfQu\u00e9 tan exitoso fue Van Gogh en vida?<\/a><\/li><li class='ez-toc-page-1 ez-toc-heading-level-3'><a class=\"ez-toc-link ez-toc-heading-9\" href=\"https:\/\/dudasytextos.com\/causasde\/causa-de-muerte-de-van-gogh\/#%C2%BFQue_lecciones_podemos_aprender_de_la_vida_de_Van_Gogh\" >\u00bfQu\u00e9 lecciones podemos aprender de la vida de Van Gogh?<\/a><\/li><\/ul><\/li><\/ul><\/nav><\/div>\n<h2><span class=\"ez-toc-section\" id=\"Causa_de_muerte_de_Van_Gogh\"><\/span>Causa de muerte de Van Gogh<span class=\"ez-toc-section-end\"><\/span><\/h2>\n<section>\n<h2><span class=\"ez-toc-section\" id=\"Curiosidades_sobre_la_muerte_de_Van_Gogh\"><\/span>Curiosidades sobre la muerte de Van Gogh<span class=\"ez-toc-section-end\"><\/span><\/h2>\n<ul>\n<li>Van Gogh solo vendi\u00f3 un cuadro en vida.<\/li>\n<li>La causa de su muerte ha sido objeto de debate durante d\u00e9cadas.<\/li>\n<li>Se dice que Van Gogh cort\u00f3 su propia oreja, pero esto ha sido puesto en duda.<\/li>\n<li>El famoso artista neerland\u00e9s muri\u00f3 a los 37 a\u00f1os.<\/li>\n<\/ul>\n<\/section>\n<section>\n<h2><span class=\"ez-toc-section\" id=\"Mi_experiencia_personal\"><\/span>Mi experiencia personal<span class=\"ez-toc-section-end\"><\/span><\/h2>\n<p>Hace unos a\u00f1os visit\u00e9 el Museo Van Gogh en \u00c1msterdam y qued\u00e9 fascinada con su obra. Sin embargo, siempre me ha intrigado la causa de su muerte y he le\u00eddo mucho al respecto.<\/p>\n<p>Descubr\u00ed que la versi\u00f3n oficial es que Van Gogh se dispar\u00f3 en el pecho y muri\u00f3 dos d\u00edas despu\u00e9s. Aunque algunos argumentan que fue asesinado, la mayor\u00eda de los historiadores y expertos en arte est\u00e1n de acuerdo en que se trat\u00f3 de un suicidio.<\/p>\n<p>Personalmente, creo que la depresi\u00f3n y la inestabilidad mental de Van Gogh lo llevaron a tomar esta tr\u00e1gica decisi\u00f3n. Es una verdadera p\u00e9rdida para el mundo del arte, pero su legado sigue siendo muy importante.<\/p>\n<\/section>\n<section>\n<h2><span class=\"ez-toc-section\" id=\"%C2%BFComo_murio_Van_Gogh\"><\/span>\u00bfC\u00f3mo muri\u00f3 Van Gogh?<span class=\"ez-toc-section-end\"><\/span><\/h2>\n<p>Como mencionamos anteriormente, la causa oficial de la muerte de Van Gogh es un disparo en el pecho que se autoinfligi\u00f3 con una pistola en un campo de trigo cerca de Auvers-sur-Oise, Francia. Fue llevado a una posada cercana donde muri\u00f3 dos d\u00edas despu\u00e9s debido a las heridas.<\/p>\n<p>Esta versi\u00f3n de los hechos se basa en cartas y testimonios de testigos presenciales, incluido el m\u00e9dico que lo atendi\u00f3 en su lecho de muerte. Sin embargo, hay algunas teor\u00edas alternativas sobre lo que realmente sucedi\u00f3.<\/p>\n<p>Por ejemplo, algunos creen que Van Gogh fue asesinado por un joven llamado Rene Secretan, quien supuestamente le dispar\u00f3 accidentalmente mientras cazaban p\u00e1jaros. Sin embargo, no hay pruebas s\u00f3lidas que respalden esta teor\u00eda.<\/p>\n<p>Otra teor\u00eda es que Van Gogh fue asesinado por un grupo de j\u00f3venes que lo acosaban constantemente en Auvers-sur-Oise. Sin embargo, esta teor\u00eda tambi\u00e9n carece de pruebas.<\/p>\n<p>En resumen, aunque hay algunas teor\u00edas interesantes, la mayor\u00eda de los expertos est\u00e1n de acuerdo en que la causa de la muerte de Van Gogh fue un suicidio.<\/p>\n<\/section>\n<section>\n<h2><span class=\"ez-toc-section\" id=\"Factores_que_contribuyeron_a_la_muerte_de_Van_Gogh\"><\/span>Factores que contribuyeron a la muerte de Van Gogh<span class=\"ez-toc-section-end\"><\/span><\/h2>\n<p>La vida de Van Gogh estuvo marcada por la pobreza, la soledad y la enfermedad mental. Aunque era un artista talentoso, nunca recibi\u00f3 el reconocimiento que merec\u00eda en vida y luch\u00f3 constantemente con la depresi\u00f3n y la ansiedad.<\/p>\n<p>Adem\u00e1s, Van Gogh abus\u00f3 del alcohol y la absenta, lo que probablemente agrav\u00f3 su condici\u00f3n mental. Tambi\u00e9n sufri\u00f3 de epilepsia y trastornos del sue\u00f1o, lo que lo hizo sentir cada vez m\u00e1s aislado y desesperado.<\/p>\n<p>En general, la muerte de Van Gogh fue el resultado de una combinaci\u00f3n de factores, incluida su salud mental precaria, su estilo de vida poco saludable y la falta de apoyo y reconocimiento en el mundo del arte.<\/p>\n<\/section>\n<section>\n<h2><span class=\"ez-toc-section\" id=\"Preguntas_frecuentes\"><\/span>Preguntas frecuentes<span class=\"ez-toc-section-end\"><\/span><\/h2>\n<h3><span class=\"ez-toc-section\" id=\"%C2%BFPor_que_se_dice_que_Van_Gogh_se_corto_la_oreja\"><\/span>\u00bfPor qu\u00e9 se dice que Van Gogh se cort\u00f3 la oreja?<span class=\"ez-toc-section-end\"><\/span><\/h3>\n<p>Se dice que Van Gogh se cort\u00f3 la oreja en un ataque de locura despu\u00e9s de discutir con su amigo y colega Paul Gauguin. Sin embargo, algunos historiadores creen que Gauguin tambi\u00e9n pudo haberlo hecho. No sabemos con certeza qui\u00e9n cort\u00f3 la oreja, pero se sabe que Van Gogh se la entreg\u00f3 a una prostituta despu\u00e9s del incidente.<\/p>\n<h3><span class=\"ez-toc-section\" id=\"%C2%BFQue_tan_exitoso_fue_Van_Gogh_en_vida\"><\/span>\u00bfQu\u00e9 tan exitoso fue Van Gogh en vida?<span class=\"ez-toc-section-end\"><\/span><\/h3>\n<p>Van Gogh solo vendi\u00f3 un cuadro en vida y tuvo dificultades para encontrar trabajo como artista. Sin embargo, su obra ha sido muy valorada despu\u00e9s de su muerte y se considera una de las m\u00e1s influyentes del siglo XIX.<\/p>\n<h3><span class=\"ez-toc-section\" id=\"%C2%BFQue_lecciones_podemos_aprender_de_la_vida_de_Van_Gogh\"><\/span>\u00bfQu\u00e9 lecciones podemos aprender de la vida de Van Gogh?<span class=\"ez-toc-section-end\"><\/span><\/h3>\n<p>La vida de Van Gogh es un ejemplo de c\u00f3mo el talento y la creatividad pueden coexistir con la enfermedad mental y la pobreza. Tambi\u00e9n nos recuerda la importancia de apoyar y reconocer a los artistas y creativos en nuestra sociedad.<\/p>\n<\/section>\n","protected":false},"excerpt":{"rendered":"<p>Causa de muerte de Van Gogh Curiosidades sobre la muerte de Van Gogh Van Gogh solo vendi\u00f3 un cuadro en vida. La causa de su muerte ha sido objeto de debate durante d\u00e9cadas. Se dice que Van Gogh cort\u00f3 su propia oreja, pero esto ha sido puesto en duda. El famoso artista neerland\u00e9s muri\u00f3 a &#8230; <a title=\"Causa de muerte de van gogh\" class=\"read-more\" href=\"https:\/\/dudasytextos.com\/causasde\/causa-de-muerte-de-van-gogh\/\" aria-label=\"M\u00e1s en Causa de muerte de van gogh\">Leer m\u00e1s<\/a><\/p>\n","protected":false},"author":1,"featured_media":0,"comment_status":"open","ping_status":"open","sticky":false,"template":"","format":"standard","meta":{"footnotes":""},"categories":[4],"tags":[],"class_list":["post-162617","post","type-post","status-publish","format-standard","hentry","category-conoce-las-causas"],"aioseo_notices":[],"aioseo_head":"\n\t\t<!-- All in One SEO 5.0.1.1 - aioseo.com -->\n\t<meta name=\"description\" content=\"Causa de muerte de Van Gogh Curiosidades sobre la muerte de Van Gogh Van Gogh solo vendi\u00f3 un cuadro en vida. La causa de su muerte ha sido objeto de debate durante d\u00e9cadas. Se dice que Van Gogh cort\u00f3 su propia oreja, pero esto ha sido puesto en duda. El famoso artista neerland\u00e9s muri\u00f3 a\" \/>\n\t<meta name=\"robots\" content=\"max-snippet:-1, max-image-preview:large, max-video-preview:-1\" \/>\n\t<meta name=\"author\" content=\"Ana Gonz\u00e1lez\"\/>\n\t<link rel=\"canonical\" href=\"https:\/\/dudasytextos.com\/causasde\/causa-de-muerte-de-van-gogh\/\" \/>\n\t<meta name=\"generator\" content=\"All in One SEO (AIOSEO) 5.0.1.1\" \/>\n\n\t\t<!-- Google tag (gtag.js) -->\n<script async src=\"https:\/\/www.googletagmanager.com\/gtag\/js?id=G-1RZBHH3Z7E\"><\/script>\n<script>\n  window.dataLayer = window.dataLayer || [];\n  function gtag(){dataLayer.push(arguments);}\n  gtag('js', new Date());\n\n  gtag('config', 'G-1RZBHH3Z7E');\n<\/script>\n<script async src=\"https:\/\/pagead2.googlesyndication.com\/pagead\/js\/adsbygoogle.js?client=ca-pub-3987500858204711\"\n     crossorigin=\"anonymous\"><\/script>\n\t\t<meta property=\"og:locale\" content=\"es_ES\" \/>\n\t\t<meta property=\"og:site_name\" content=\"Conoce las causas - Conoce las causas\" \/>\n\t\t<meta property=\"og:type\" content=\"article\" \/>\n\t\t<meta property=\"og:title\" content=\"Causa de muerte de van gogh (2026) Conoce las causas\" \/>\n\t\t<meta property=\"og:description\" content=\"Causa de muerte de Van Gogh Curiosidades sobre la muerte de Van Gogh Van Gogh solo vendi\u00f3 un cuadro en vida. La causa de su muerte ha sido objeto de debate durante d\u00e9cadas. Se dice que Van Gogh cort\u00f3 su propia oreja, pero esto ha sido puesto en duda. El famoso artista neerland\u00e9s muri\u00f3 a\" \/>\n\t\t<meta property=\"og:url\" content=\"https:\/\/dudasytextos.com\/causasde\/causa-de-muerte-de-van-gogh\/\" \/>\n\t\t<meta property=\"article:published_time\" content=\"2025-03-04T22:09:52+00:00\" \/>\n\t\t<meta property=\"article:modified_time\" content=\"2025-03-13T03:12:36+00:00\" \/>\n\t\t<meta name=\"twitter:card\" content=\"summary_large_image\" \/>\n\t\t<meta name=\"twitter:title\" content=\"Causa de muerte de van gogh (2026) Conoce las causas\" \/>\n\t\t<meta name=\"twitter:description\" content=\"Causa de muerte de Van Gogh Curiosidades sobre la muerte de Van Gogh Van Gogh solo vendi\u00f3 un cuadro en vida. La causa de su muerte ha sido objeto de debate durante d\u00e9cadas. Se dice que Van Gogh cort\u00f3 su propia oreja, pero esto ha sido puesto en duda. El famoso artista neerland\u00e9s muri\u00f3 a\" \/>\n\t\t<script type=\"application\/ld+json\" class=\"aioseo-schema\">\n\t\t\t{\"@context\":\"https:\\\/\\\/schema.org\",\"@graph\":[{\"@type\":\"BlogPosting\",\"@id\":\"https:\\\/\\\/dudasytextos.com\\\/causasde\\\/causa-de-muerte-de-van-gogh\\\/#blogposting\",\"name\":\"Causa de muerte de van gogh (2026) Conoce las causas\",\"headline\":\"Causa de muerte de van gogh\",\"author\":{\"@id\":\"https:\\\/\\\/dudasytextos.com\\\/causasde\\\/author\\\/admin44\\\/#author\"},\"publisher\":{\"@id\":\"https:\\\/\\\/dudasytextos.com\\\/causasde\\\/#organization\"},\"datePublished\":\"2025-03-04T22:09:52+00:00\",\"dateModified\":\"2025-03-13T03:12:36+00:00\",\"inLanguage\":\"es-ES\",\"mainEntityOfPage\":{\"@id\":\"https:\\\/\\\/dudasytextos.com\\\/causasde\\\/causa-de-muerte-de-van-gogh\\\/#webpage\"},\"isPartOf\":{\"@id\":\"https:\\\/\\\/dudasytextos.com\\\/causasde\\\/causa-de-muerte-de-van-gogh\\\/#webpage\"},\"articleSection\":\"Conoce las causas\"},{\"@type\":\"BreadcrumbList\",\"@id\":\"https:\\\/\\\/dudasytextos.com\\\/causasde\\\/causa-de-muerte-de-van-gogh\\\/#breadcrumblist\",\"itemListElement\":[{\"@type\":\"ListItem\",\"@id\":\"https:\\\/\\\/dudasytextos.com\\\/causasde#listItem\",\"position\":1,\"name\":\"Inicio\",\"item\":\"https:\\\/\\\/dudasytextos.com\\\/causasde\",\"nextItem\":{\"@type\":\"ListItem\",\"@id\":\"https:\\\/\\\/dudasytextos.com\\\/causasde\\\/category\\\/conoce-las-causas\\\/#listItem\",\"name\":\"Conoce las causas\"}},{\"@type\":\"ListItem\",\"@id\":\"https:\\\/\\\/dudasytextos.com\\\/causasde\\\/category\\\/conoce-las-causas\\\/#listItem\",\"position\":2,\"name\":\"Conoce las causas\",\"item\":\"https:\\\/\\\/dudasytextos.com\\\/causasde\\\/category\\\/conoce-las-causas\\\/\",\"nextItem\":{\"@type\":\"ListItem\",\"@id\":\"https:\\\/\\\/dudasytextos.com\\\/causasde\\\/causa-de-muerte-de-van-gogh\\\/#listItem\",\"name\":\"Causa de muerte de van gogh\"},\"previousItem\":{\"@type\":\"ListItem\",\"@id\":\"https:\\\/\\\/dudasytextos.com\\\/causasde#listItem\",\"name\":\"Inicio\"}},{\"@type\":\"ListItem\",\"@id\":\"https:\\\/\\\/dudasytextos.com\\\/causasde\\\/causa-de-muerte-de-van-gogh\\\/#listItem\",\"position\":3,\"name\":\"Causa de muerte de van gogh\",\"previousItem\":{\"@type\":\"ListItem\",\"@id\":\"https:\\\/\\\/dudasytextos.com\\\/causasde\\\/category\\\/conoce-las-causas\\\/#listItem\",\"name\":\"Conoce las causas\"}}]},{\"@type\":\"Organization\",\"@id\":\"https:\\\/\\\/dudasytextos.com\\\/causasde\\\/#organization\",\"name\":\"\\u00bfC\\u00f3mo funciona?\",\"description\":\"Conoce las causas\",\"url\":\"https:\\\/\\\/dudasytextos.com\\\/causasde\\\/\"},{\"@type\":\"Person\",\"@id\":\"https:\\\/\\\/dudasytextos.com\\\/causasde\\\/author\\\/admin44\\\/#author\",\"url\":\"https:\\\/\\\/dudasytextos.com\\\/causasde\\\/author\\\/admin44\\\/\",\"name\":\"Ana Gonz\\u00e1lez\"},{\"@type\":\"WebPage\",\"@id\":\"https:\\\/\\\/dudasytextos.com\\\/causasde\\\/causa-de-muerte-de-van-gogh\\\/#webpage\",\"url\":\"https:\\\/\\\/dudasytextos.com\\\/causasde\\\/causa-de-muerte-de-van-gogh\\\/\",\"name\":\"Causa de muerte de van gogh (2026) Conoce las causas\",\"description\":\"Causa de muerte de Van Gogh Curiosidades sobre la muerte de Van Gogh Van Gogh solo vendi\\u00f3 un cuadro en vida. La causa de su muerte ha sido objeto de debate durante d\\u00e9cadas. Se dice que Van Gogh cort\\u00f3 su propia oreja, pero esto ha sido puesto en duda. El famoso artista neerland\\u00e9s muri\\u00f3 a\",\"inLanguage\":\"es-ES\",\"isPartOf\":{\"@id\":\"https:\\\/\\\/dudasytextos.com\\\/causasde\\\/#website\"},\"breadcrumb\":{\"@id\":\"https:\\\/\\\/dudasytextos.com\\\/causasde\\\/causa-de-muerte-de-van-gogh\\\/#breadcrumblist\"},\"author\":{\"@id\":\"https:\\\/\\\/dudasytextos.com\\\/causasde\\\/author\\\/admin44\\\/#author\"},\"creator\":{\"@id\":\"https:\\\/\\\/dudasytextos.com\\\/causasde\\\/author\\\/admin44\\\/#author\"},\"datePublished\":\"2025-03-04T22:09:52+00:00\",\"dateModified\":\"2025-03-13T03:12:36+00:00\"},{\"@type\":\"WebSite\",\"@id\":\"https:\\\/\\\/dudasytextos.com\\\/causasde\\\/#website\",\"url\":\"https:\\\/\\\/dudasytextos.com\\\/causasde\\\/\",\"name\":\"\\u00bfC\\u00f3mo funciona?\",\"description\":\"Conoce las causas\",\"inLanguage\":\"es-ES\",\"publisher\":{\"@id\":\"https:\\\/\\\/dudasytextos.com\\\/causasde\\\/#organization\"}}]}\n\t\t<\/script>\n\t\t<!-- All in One SEO -->\n\n","aioseo_head_json":{"title":"Causa de muerte de van gogh (2026) Conoce las causas","description":"Causa de muerte de Van Gogh Curiosidades sobre la muerte de Van Gogh Van Gogh solo vendi\u00f3 un cuadro en vida. La causa de su muerte ha sido objeto de debate durante d\u00e9cadas. Se dice que Van Gogh cort\u00f3 su propia oreja, pero esto ha sido puesto en duda. El famoso artista neerland\u00e9s muri\u00f3 a","canonical_url":"https:\/\/dudasytextos.com\/causasde\/causa-de-muerte-de-van-gogh\/","robots":"max-snippet:-1, max-image-preview:large, max-video-preview:-1","keywords":"","webmasterTools":{"miscellaneous":"&lt;!-- Google tag (gtag.js) --&gt;\n&lt;script async src=\"https:\/\/www.googletagmanager.com\/gtag\/js?id=G-1RZBHH3Z7E\"&gt;&lt;\/script&gt;\n&lt;script&gt;\n  window.dataLayer = window.dataLayer || [];\n  function gtag(){dataLayer.push(arguments);}\n  gtag('js', new Date());\n\n  gtag('config', 'G-1RZBHH3Z7E');\n&lt;\/script&gt;\n&lt;script async src=\"https:\/\/pagead2.googlesyndication.com\/pagead\/js\/adsbygoogle.js?client=ca-pub-3987500858204711\"\n     crossorigin=\"anonymous\"&gt;&lt;\/script&gt;"},"schema":{"@context":"https:\/\/schema.org","@graph":[{"@type":"BlogPosting","@id":"https:\/\/dudasytextos.com\/causasde\/causa-de-muerte-de-van-gogh\/#blogposting","name":"Causa de muerte de van gogh (2026) Conoce las causas","headline":"Causa de muerte de van gogh","author":{"@id":"https:\/\/dudasytextos.com\/causasde\/author\/admin44\/#author"},"publisher":{"@id":"https:\/\/dudasytextos.com\/causasde\/#organization"},"datePublished":"2025-03-04T22:09:52+00:00","dateModified":"2025-03-13T03:12:36+00:00","inLanguage":"es-ES","mainEntityOfPage":{"@id":"https:\/\/dudasytextos.com\/causasde\/causa-de-muerte-de-van-gogh\/#webpage"},"isPartOf":{"@id":"https:\/\/dudasytextos.com\/causasde\/causa-de-muerte-de-van-gogh\/#webpage"},"articleSection":"Conoce las causas"},{"@type":"BreadcrumbList","@id":"https:\/\/dudasytextos.com\/causasde\/causa-de-muerte-de-van-gogh\/#breadcrumblist","itemListElement":[{"@type":"ListItem","@id":"https:\/\/dudasytextos.com\/causasde#listItem","position":1,"name":"Inicio","item":"https:\/\/dudasytextos.com\/causasde","nextItem":{"@type":"ListItem","@id":"https:\/\/dudasytextos.com\/causasde\/category\/conoce-las-causas\/#listItem","name":"Conoce las causas"}},{"@type":"ListItem","@id":"https:\/\/dudasytextos.com\/causasde\/category\/conoce-las-causas\/#listItem","position":2,"name":"Conoce las causas","item":"https:\/\/dudasytextos.com\/causasde\/category\/conoce-las-causas\/","nextItem":{"@type":"ListItem","@id":"https:\/\/dudasytextos.com\/causasde\/causa-de-muerte-de-van-gogh\/#listItem","name":"Causa de muerte de van gogh"},"previousItem":{"@type":"ListItem","@id":"https:\/\/dudasytextos.com\/causasde#listItem","name":"Inicio"}},{"@type":"ListItem","@id":"https:\/\/dudasytextos.com\/causasde\/causa-de-muerte-de-van-gogh\/#listItem","position":3,"name":"Causa de muerte de van gogh","previousItem":{"@type":"ListItem","@id":"https:\/\/dudasytextos.com\/causasde\/category\/conoce-las-causas\/#listItem","name":"Conoce las causas"}}]},{"@type":"Organization","@id":"https:\/\/dudasytextos.com\/causasde\/#organization","name":"\u00bfC\u00f3mo funciona?","description":"Conoce las causas","url":"https:\/\/dudasytextos.com\/causasde\/"},{"@type":"Person","@id":"https:\/\/dudasytextos.com\/causasde\/author\/admin44\/#author","url":"https:\/\/dudasytextos.com\/causasde\/author\/admin44\/","name":"Ana Gonz\u00e1lez"},{"@type":"WebPage","@id":"https:\/\/dudasytextos.com\/causasde\/causa-de-muerte-de-van-gogh\/#webpage","url":"https:\/\/dudasytextos.com\/causasde\/causa-de-muerte-de-van-gogh\/","name":"Causa de muerte de van gogh (2026) Conoce las causas","description":"Causa de muerte de Van Gogh Curiosidades sobre la muerte de Van Gogh Van Gogh solo vendi\u00f3 un cuadro en vida. La causa de su muerte ha sido objeto de debate durante d\u00e9cadas. Se dice que Van Gogh cort\u00f3 su propia oreja, pero esto ha sido puesto en duda. El famoso artista neerland\u00e9s muri\u00f3 a","inLanguage":"es-ES","isPartOf":{"@id":"https:\/\/dudasytextos.com\/causasde\/#website"},"breadcrumb":{"@id":"https:\/\/dudasytextos.com\/causasde\/causa-de-muerte-de-van-gogh\/#breadcrumblist"},"author":{"@id":"https:\/\/dudasytextos.com\/causasde\/author\/admin44\/#author"},"creator":{"@id":"https:\/\/dudasytextos.com\/causasde\/author\/admin44\/#author"},"datePublished":"2025-03-04T22:09:52+00:00","dateModified":"2025-03-13T03:12:36+00:00"},{"@type":"WebSite","@id":"https:\/\/dudasytextos.com\/causasde\/#website","url":"https:\/\/dudasytextos.com\/causasde\/","name":"\u00bfC\u00f3mo funciona?","description":"Conoce las causas","inLanguage":"es-ES","publisher":{"@id":"https:\/\/dudasytextos.com\/causasde\/#organization"}}]},"og:locale":"es_ES","og:site_name":"Conoce las causas - Conoce las causas","og:type":"article","og:title":"Causa de muerte de van gogh (2026) Conoce las causas","og:description":"Causa de muerte de Van Gogh Curiosidades sobre la muerte de Van Gogh Van Gogh solo vendi\u00f3 un cuadro en vida. La causa de su muerte ha sido objeto de debate durante d\u00e9cadas. Se dice que Van Gogh cort\u00f3 su propia oreja, pero esto ha sido puesto en duda. El famoso artista neerland\u00e9s muri\u00f3 a","og:url":"https:\/\/dudasytextos.com\/causasde\/causa-de-muerte-de-van-gogh\/","article:published_time":"2025-03-04T22:09:52+00:00","article:modified_time":"2025-03-13T03:12:36+00:00","twitter:card":"summary_large_image","twitter:title":"Causa de muerte de van gogh (2026) Conoce las causas","twitter:description":"Causa de muerte de Van Gogh Curiosidades sobre la muerte de Van Gogh Van Gogh solo vendi\u00f3 un cuadro en vida. La causa de su muerte ha sido objeto de debate durante d\u00e9cadas. Se dice que Van Gogh cort\u00f3 su propia oreja, pero esto ha sido puesto en duda. El famoso artista neerland\u00e9s muri\u00f3 a"},"aioseo_meta_data":{"post_id":"162617","title":null,"description":null,"keywords":null,"keyphrases":null,"primary_term":null,"canonical_url":null,"og_title":null,"og_description":null,"og_object_type":"default","og_image_type":"default","og_image_url":null,"og_image_width":null,"og_image_height":null,"og_image_custom_url":null,"og_image_custom_fields":null,"og_video":null,"og_custom_url":null,"og_article_section":null,"og_article_tags":null,"twitter_use_og":false,"twitter_card":"default","twitter_image_type":"default","twitter_image_url":null,"twitter_image_custom_url":null,"twitter_image_custom_fields":null,"twitter_title":null,"twitter_description":null,"schema":{"blockGraphs":[],"customGraphs":[],"default":{"data":{"Article":[],"Course":[],"Dataset":[],"FAQPage":[],"Movie":[],"Person":[],"Product":[],"ProductReview":[],"Car":[],"Recipe":[],"Service":[],"SoftwareApplication":[],"WebPage":[]},"graphName":"","isEnabled":true},"graphs":[]},"schema_type":"default","schema_type_options":null,"pillar_content":false,"robots_default":true,"robots_noindex":false,"robots_noarchive":false,"robots_nosnippet":false,"robots_nofollow":false,"robots_noimageindex":false,"robots_noodp":false,"robots_notranslate":false,"robots_max_snippet":null,"robots_max_videopreview":null,"robots_max_imagepreview":"large","priority":null,"frequency":null,"local_seo":null,"breadcrumb_settings":null,"limit_modified_date":false,"ai":null,"created":"2023-05-12 16:30:13","updated":"2025-06-04 09:45:39","seo_analyzer_scan_date":null,"focus_keyword":null,"additional_keywords":null,"truseo_locale":null},"aioseo_breadcrumb":"<div class=\"aioseo-breadcrumbs\"><span class=\"aioseo-breadcrumb\">\n\t\t\t<a href=\"https:\/\/dudasytextos.com\/causasde\" title=\"Inicio\">Inicio<\/a>\n\t\t<\/span><span class=\"aioseo-breadcrumb-separator\">&raquo;<\/span><span class=\"aioseo-breadcrumb\">\n\t\t\t<a href=\"https:\/\/dudasytextos.com\/causasde\/category\/conoce-las-causas\/\" title=\"Conoce las causas\">Conoce las causas<\/a>\n\t\t<\/span><span class=\"aioseo-breadcrumb-separator\">&raquo;<\/span><span class=\"aioseo-breadcrumb\">\n\t\t\tCausa de muerte de van gogh\n\t\t<\/span><\/div>","aioseo_breadcrumb_json":[{"label":"Inicio","link":"https:\/\/dudasytextos.com\/causasde"},{"label":"Conoce las causas","link":"https:\/\/dudasytextos.com\/causasde\/category\/conoce-las-causas\/"},{"label":"Causa de muerte de van gogh","link":"https:\/\/dudasytextos.com\/causasde\/causa-de-muerte-de-van-gogh\/"}],"_links":{"self":[{"href":"https:\/\/dudasytextos.com\/causasde\/wp-json\/wp\/v2\/posts\/162617","targetHints":{"allow":["GET"]}}],"collection":[{"href":"https:\/\/dudasytextos.com\/causasde\/wp-json\/wp\/v2\/posts"}],"about":[{"href":"https:\/\/dudasytextos.com\/causasde\/wp-json\/wp\/v2\/types\/post"}],"author":[{"embeddable":true,"href":"https:\/\/dudasytextos.com\/causasde\/wp-json\/wp\/v2\/users\/1"}],"replies":[{"embeddable":true,"href":"https:\/\/dudasytextos.com\/causasde\/wp-json\/wp\/v2\/comments?post=162617"}],"version-history":[{"count":1,"href":"https:\/\/dudasytextos.com\/causasde\/wp-json\/wp\/v2\/posts\/162617\/revisions"}],"predecessor-version":[{"id":165961,"href":"https:\/\/dudasytextos.com\/causasde\/wp-json\/wp\/v2\/posts\/162617\/revisions\/165961"}],"wp:attachment":[{"href":"https:\/\/dudasytextos.com\/causasde\/wp-json\/wp\/v2\/media?parent=162617"}],"wp:term":[{"taxonomy":"category","embeddable":true,"href":"https:\/\/dudasytextos.com\/causasde\/wp-json\/wp\/v2\/categories?post=162617"},{"taxonomy":"post_tag","embeddable":true,"href":"https:\/\/dudasytextos.com\/causasde\/wp-json\/wp\/v2\/tags?post=162617"}],"curies":[{"name":"wp","href":"https:\/\/api.w.org\/{rel}","templated":true}]}}