{"id":162803,"date":"2025-02-16T08:10:05","date_gmt":"2025-02-16T08:10:05","guid":{"rendered":"https:\/\/educacion.cc\/?p=162803"},"modified":"2025-03-12T16:48:37","modified_gmt":"2025-03-12T16:48:37","slug":"la-ansiedad-y-depresion-causan-perdida-de-memoria","status":"publish","type":"post","link":"https:\/\/dudasytextos.com\/causasde\/la-ansiedad-y-depresion-causan-perdida-de-memoria\/","title":{"rendered":"La ansiedad y depresi\u00f3n causan p\u00e9rdida de memoria"},"content":{"rendered":"<div id=\"ez-toc-container\" class=\"ez-toc-v2_0_87 counter-hierarchy ez-toc-counter ez-toc-custom ez-toc-container-direction\">\n<div class=\"ez-toc-title-container\">\n<span class=\"ez-toc-title-toggle\"><\/span><\/div>\n<nav><ul class='ez-toc-list ez-toc-list-level-1 ' ><li class='ez-toc-page-1 ez-toc-heading-level-2'><a class=\"ez-toc-link ez-toc-heading-1\" href=\"https:\/\/dudasytextos.com\/causasde\/la-ansiedad-y-depresion-causan-perdida-de-memoria\/#La_ansiedad_y_depresion_causan_perdida_de_memoria\" >La ansiedad y depresi\u00f3n causan p\u00e9rdida de memoria<\/a><\/li><li class='ez-toc-page-1 ez-toc-heading-level-2'><a class=\"ez-toc-link ez-toc-heading-2\" href=\"https:\/\/dudasytextos.com\/causasde\/la-ansiedad-y-depresion-causan-perdida-de-memoria\/#Por_Ana_Gonzalez\" >Por Ana Gonz\u00e1lez<\/a><\/li><li class='ez-toc-page-1 ez-toc-heading-level-2'><a class=\"ez-toc-link ez-toc-heading-3\" href=\"https:\/\/dudasytextos.com\/causasde\/la-ansiedad-y-depresion-causan-perdida-de-memoria\/#Curiosidades_estadisticas_y_hechos_principales\" >Curiosidades, estad\u00edsticas y hechos principales<\/a><\/li><li class='ez-toc-page-1 ez-toc-heading-level-2'><a class=\"ez-toc-link ez-toc-heading-4\" href=\"https:\/\/dudasytextos.com\/causasde\/la-ansiedad-y-depresion-causan-perdida-de-memoria\/#Mi_experiencia_personal\" >Mi experiencia personal<\/a><\/li><li class='ez-toc-page-1 ez-toc-heading-level-2'><a class=\"ez-toc-link ez-toc-heading-5\" href=\"https:\/\/dudasytextos.com\/causasde\/la-ansiedad-y-depresion-causan-perdida-de-memoria\/#%C2%BFComo_afectan_la_ansiedad_y_depresion_a_la_memoria\" >\u00bfC\u00f3mo afectan la ansiedad y depresi\u00f3n a la memoria?<\/a><\/li><li class='ez-toc-page-1 ez-toc-heading-level-2'><a class=\"ez-toc-link ez-toc-heading-6\" href=\"https:\/\/dudasytextos.com\/causasde\/la-ansiedad-y-depresion-causan-perdida-de-memoria\/#%C2%BFComo_se_pueden_tratar_los_problemas_de_memoria_causados_por_la_ansiedad_y_depresion\" >\u00bfC\u00f3mo se pueden tratar los problemas de memoria causados por la ansiedad y depresi\u00f3n?<\/a><\/li><li class='ez-toc-page-1 ez-toc-heading-level-2'><a class=\"ez-toc-link ez-toc-heading-7\" href=\"https:\/\/dudasytextos.com\/causasde\/la-ansiedad-y-depresion-causan-perdida-de-memoria\/#Preguntas_frecuentes\" >Preguntas frecuentes<\/a><ul class='ez-toc-list-level-3' ><li class='ez-toc-heading-level-3'><a class=\"ez-toc-link ez-toc-heading-8\" href=\"https:\/\/dudasytextos.com\/causasde\/la-ansiedad-y-depresion-causan-perdida-de-memoria\/#%C2%BFLa_ansiedad_y_depresion_siempre_causan_problemas_de_memoria\" >\u00bfLa ansiedad y depresi\u00f3n siempre causan problemas de memoria?<\/a><\/li><li class='ez-toc-page-1 ez-toc-heading-level-3'><a class=\"ez-toc-link ez-toc-heading-9\" href=\"https:\/\/dudasytextos.com\/causasde\/la-ansiedad-y-depresion-causan-perdida-de-memoria\/#%C2%BFPueden_los_problemas_de_memoria_causados_por_la_ansiedad_y_depresion_ser_permanentes\" >\u00bfPueden los problemas de memoria causados por la ansiedad y depresi\u00f3n ser permanentes?<\/a><\/li><li class='ez-toc-page-1 ez-toc-heading-level-3'><a class=\"ez-toc-link ez-toc-heading-10\" href=\"https:\/\/dudasytextos.com\/causasde\/la-ansiedad-y-depresion-causan-perdida-de-memoria\/#%C2%BFQue_puedo_hacer_si_creo_que_estoy_experimentando_problemas_de_memoria_debido_a_la_ansiedad_y_depresion\" >\u00bfQu\u00e9 puedo hacer si creo que estoy experimentando problemas de memoria debido a la ansiedad y depresi\u00f3n?<\/a><\/li><\/ul><\/li><\/ul><\/nav><\/div>\n<h2><span class=\"ez-toc-section\" id=\"La_ansiedad_y_depresion_causan_perdida_de_memoria\"><\/span>La ansiedad y depresi\u00f3n causan p\u00e9rdida de memoria<span class=\"ez-toc-section-end\"><\/span><\/h2>\n<h2><span class=\"ez-toc-section\" id=\"Por_Ana_Gonzalez\"><\/span>Por Ana Gonz\u00e1lez<span class=\"ez-toc-section-end\"><\/span><\/h2>\n<section>\n<h2><span class=\"ez-toc-section\" id=\"Curiosidades_estadisticas_y_hechos_principales\"><\/span>Curiosidades, estad\u00edsticas y hechos principales<span class=\"ez-toc-section-end\"><\/span><\/h2>\n<ul>\n<li>La ansiedad y depresi\u00f3n son trastornos mentales muy comunes en Espa\u00f1a.<\/li>\n<li>La p\u00e9rdida de memoria es uno de los s\u00edntomas que pueden causar estos trastornos.<\/li>\n<li>Seg\u00fan un estudio de la Universidad de Valencia, el 60% de las personas con depresi\u00f3n tienen dificultades para concentrarse y recordar cosas.<\/li>\n<li>La ansiedad y depresi\u00f3n pueden afectar a personas de todas las edades, g\u00e9neros y clases sociales.<\/li>\n<li>Es importante buscar ayuda profesional si se experimentan s\u00edntomas de ansiedad o depresi\u00f3n.<\/li>\n<\/ul>\n<\/section>\n<section>\n<h2><span class=\"ez-toc-section\" id=\"Mi_experiencia_personal\"><\/span>Mi experiencia personal<span class=\"ez-toc-section-end\"><\/span><\/h2>\n<p>Hace unos a\u00f1os, comenc\u00e9 a experimentar s\u00edntomas de ansiedad y depresi\u00f3n. Me sent\u00eda cansada todo el tiempo, ten\u00eda dificultades para concentrarme en mi trabajo y para recordar cosas cotidianas. Me costaba mucho dormir y me despertaba agotada. Empec\u00e9 a preocuparme por mi salud mental y decid\u00ed buscar ayuda profesional.<\/p>\n<p>Despu\u00e9s de algunas sesiones con un psic\u00f3logo, empec\u00e9 a sentirme mejor. Aprend\u00ed t\u00e9cnicas de relajaci\u00f3n y meditaci\u00f3n que me ayudaron a controlar mi ansiedad. Tambi\u00e9n comenc\u00e9 un tratamiento con medicaci\u00f3n que mejor\u00f3 mi estado de \u00e1nimo y mi capacidad para concentrarme y recordar cosas.<\/p>\n<p>Hoy en d\u00eda, puedo decir que estoy mucho mejor. A\u00fan tengo momentos dif\u00edciles, pero he aprendido a manejarlos con herramientas que me han ense\u00f1ado los profesionales que me ayudaron. S\u00e9 que la ansiedad y depresi\u00f3n pueden ser debilitantes, pero tambi\u00e9n s\u00e9 que hay ayuda disponible y que se puede superar.<\/p>\n<\/section>\n<section>\n<h2><span class=\"ez-toc-section\" id=\"%C2%BFComo_afectan_la_ansiedad_y_depresion_a_la_memoria\"><\/span>\u00bfC\u00f3mo afectan la ansiedad y depresi\u00f3n a la memoria?<span class=\"ez-toc-section-end\"><\/span><\/h2>\n<p>La ansiedad y depresi\u00f3n pueden afectar la memoria de diferentes maneras. En primer lugar, estos trastornos pueden causar problemas de concentraci\u00f3n, lo que hace que sea m\u00e1s dif\u00edcil retener informaci\u00f3n. Tambi\u00e9n pueden afectar la memoria a largo plazo, especialmente cuando se experimenta un episodio de depresi\u00f3n grave.<\/p>\n<p>Adem\u00e1s, la ansiedad y depresi\u00f3n pueden tener un efecto negativo en el hipocampo, la parte del cerebro responsable de la formaci\u00f3n de nuevos recuerdos y la recuperaci\u00f3n de recuerdos antiguos. Esto puede resultar en dificultades para recordar cosas cotidianas como nombres, fechas y lugares.<\/p>\n<p>Por \u00faltimo, la ansiedad y depresi\u00f3n pueden afectar la memoria autobiogr\u00e1fica, que es la capacidad de recordar eventos significativos de la propia vida. Esto puede ser especialmente dif\u00edcil para quienes sufren de depresi\u00f3n, ya que puede hacer que sea dif\u00edcil recordar momentos felices o positivos.<\/p>\n<\/section>\n<section>\n<h2><span class=\"ez-toc-section\" id=\"%C2%BFComo_se_pueden_tratar_los_problemas_de_memoria_causados_por_la_ansiedad_y_depresion\"><\/span>\u00bfC\u00f3mo se pueden tratar los problemas de memoria causados por la ansiedad y depresi\u00f3n?<span class=\"ez-toc-section-end\"><\/span><\/h2>\n<p>El tratamiento de los problemas de memoria causados por la ansiedad y depresi\u00f3n depende de la causa subyacente de los trastornos mentales. Si la ansiedad o depresi\u00f3n son causadas por factores externos, como el estr\u00e9s laboral o problemas de relaci\u00f3n, es posible que el tratamiento se centre en la resoluci\u00f3n de estos problemas.<\/p>\n<p>Si la ansiedad o depresi\u00f3n son causadas por factores biol\u00f3gicos, como un desequilibrio qu\u00edmico en el cerebro, el tratamiento puede incluir medicamentos antidepresivos o ansiol\u00edticos. Tambi\u00e9n puede ser \u00fatil la terapia cognitivo-conductual, que ayuda a las personas a identificar y cambiar patrones de pensamiento negativos que pueden estar contribuyendo a sus problemas de ansiedad o depresi\u00f3n.<\/p>\n<p>Adem\u00e1s, hay algunos cambios en el estilo de vida que pueden ayudar a mejorar la memoria y reducir los s\u00edntomas de ansiedad y depresi\u00f3n. Estos incluyen la pr\u00e1ctica regular de ejercicio, una dieta saludable y equilibrada, la meditaci\u00f3n y la relajaci\u00f3n, y el cuidado de la higiene del sue\u00f1o.<\/p>\n<\/section>\n<section>\n<h2><span class=\"ez-toc-section\" id=\"Preguntas_frecuentes\"><\/span>Preguntas frecuentes<span class=\"ez-toc-section-end\"><\/span><\/h2>\n<h3><span class=\"ez-toc-section\" id=\"%C2%BFLa_ansiedad_y_depresion_siempre_causan_problemas_de_memoria\"><\/span>\u00bfLa ansiedad y depresi\u00f3n siempre causan problemas de memoria?<span class=\"ez-toc-section-end\"><\/span><\/h3>\n<p>No necesariamente. La ansiedad y depresi\u00f3n afectan a cada persona de manera diferente, y no todas las personas experimentan problemas de memoria.<\/p>\n<h3><span class=\"ez-toc-section\" id=\"%C2%BFPueden_los_problemas_de_memoria_causados_por_la_ansiedad_y_depresion_ser_permanentes\"><\/span>\u00bfPueden los problemas de memoria causados por la ansiedad y depresi\u00f3n ser permanentes?<span class=\"ez-toc-section-end\"><\/span><\/h3>\n<p>No necesariamente. Si se busca ayuda profesional y se trata la causa subyacente de los problemas de memoria, es posible recuperar la memoria y reducir los s\u00edntomas de ansiedad y depresi\u00f3n.<\/p>\n<h3><span class=\"ez-toc-section\" id=\"%C2%BFQue_puedo_hacer_si_creo_que_estoy_experimentando_problemas_de_memoria_debido_a_la_ansiedad_y_depresion\"><\/span>\u00bfQu\u00e9 puedo hacer si creo que estoy experimentando problemas de memoria debido a la ansiedad y depresi\u00f3n?<span class=\"ez-toc-section-end\"><\/span><\/h3>\n<p>Lo primero que debes hacer es buscar ayuda profesional. Un psic\u00f3logo o psiquiatra puede ayudarte a identificar la causa subyacente de tus problemas de memoria y proporcionarte un tratamiento adecuado.<\/p>\n<\/section>\n<footer>\n<p>Copyright \u00a9 Ana Gonz\u00e1lez<\/p>\n<\/footer>\n","protected":false},"excerpt":{"rendered":"<p>La ansiedad y depresi\u00f3n causan p\u00e9rdida de memoria Por Ana Gonz\u00e1lez Curiosidades, estad\u00edsticas y hechos principales La ansiedad y depresi\u00f3n son trastornos mentales muy comunes en Espa\u00f1a. La p\u00e9rdida de memoria es uno de los s\u00edntomas que pueden causar estos trastornos. Seg\u00fan un estudio de la Universidad de Valencia, el 60% de las personas con &#8230; <a title=\"La ansiedad y depresi\u00f3n causan p\u00e9rdida de memoria\" class=\"read-more\" href=\"https:\/\/dudasytextos.com\/causasde\/la-ansiedad-y-depresion-causan-perdida-de-memoria\/\" aria-label=\"M\u00e1s en La ansiedad y depresi\u00f3n causan p\u00e9rdida de memoria\">Leer m\u00e1s<\/a><\/p>\n","protected":false},"author":1,"featured_media":0,"comment_status":"open","ping_status":"open","sticky":false,"template":"","format":"standard","meta":{"footnotes":""},"categories":[4],"tags":[],"class_list":["post-162803","post","type-post","status-publish","format-standard","hentry","category-conoce-las-causas"],"aioseo_notices":[],"aioseo_head":"\n\t\t<!-- All in One SEO 5.0.1.1 - aioseo.com -->\n\t<meta name=\"description\" content=\"La ansiedad y depresi\u00f3n causan p\u00e9rdida de memoria Por Ana Gonz\u00e1lez Curiosidades, estad\u00edsticas y hechos principales La ansiedad y depresi\u00f3n son trastornos mentales muy comunes en Espa\u00f1a. La p\u00e9rdida de memoria es uno de los s\u00edntomas que pueden causar estos trastornos. Seg\u00fan un estudio de la Universidad de Valencia, el 60% de las personas con\" \/>\n\t<meta name=\"robots\" content=\"max-snippet:-1, max-image-preview:large, max-video-preview:-1\" \/>\n\t<meta name=\"author\" content=\"Ana Gonz\u00e1lez\"\/>\n\t<link rel=\"canonical\" href=\"https:\/\/dudasytextos.com\/causasde\/la-ansiedad-y-depresion-causan-perdida-de-memoria\/\" \/>\n\t<meta name=\"generator\" content=\"All in One SEO (AIOSEO) 5.0.1.1\" \/>\n\n\t\t<!-- Google tag (gtag.js) -->\n<script async src=\"https:\/\/www.googletagmanager.com\/gtag\/js?id=G-1RZBHH3Z7E\"><\/script>\n<script>\n  window.dataLayer = window.dataLayer || [];\n  function gtag(){dataLayer.push(arguments);}\n  gtag('js', new Date());\n\n  gtag('config', 'G-1RZBHH3Z7E');\n<\/script>\n<script async src=\"https:\/\/pagead2.googlesyndication.com\/pagead\/js\/adsbygoogle.js?client=ca-pub-3987500858204711\"\n     crossorigin=\"anonymous\"><\/script>\n\t\t<meta property=\"og:locale\" content=\"es_ES\" \/>\n\t\t<meta property=\"og:site_name\" content=\"Conoce las causas - Conoce las causas\" \/>\n\t\t<meta property=\"og:type\" content=\"article\" \/>\n\t\t<meta property=\"og:title\" content=\"La ansiedad y depresi\u00f3n causan p\u00e9rdida de memoria (2026) Conoce las causas\" \/>\n\t\t<meta property=\"og:description\" content=\"La ansiedad y depresi\u00f3n causan p\u00e9rdida de memoria Por Ana Gonz\u00e1lez Curiosidades, estad\u00edsticas y hechos principales La ansiedad y depresi\u00f3n son trastornos mentales muy comunes en Espa\u00f1a. La p\u00e9rdida de memoria es uno de los s\u00edntomas que pueden causar estos trastornos. Seg\u00fan un estudio de la Universidad de Valencia, el 60% de las personas con\" \/>\n\t\t<meta property=\"og:url\" content=\"https:\/\/dudasytextos.com\/causasde\/la-ansiedad-y-depresion-causan-perdida-de-memoria\/\" \/>\n\t\t<meta property=\"article:published_time\" content=\"2025-02-16T08:10:05+00:00\" \/>\n\t\t<meta property=\"article:modified_time\" content=\"2025-03-12T16:48:37+00:00\" \/>\n\t\t<meta name=\"twitter:card\" content=\"summary_large_image\" \/>\n\t\t<meta name=\"twitter:title\" content=\"La ansiedad y depresi\u00f3n causan p\u00e9rdida de memoria (2026) Conoce las causas\" \/>\n\t\t<meta name=\"twitter:description\" content=\"La ansiedad y depresi\u00f3n causan p\u00e9rdida de memoria Por Ana Gonz\u00e1lez Curiosidades, estad\u00edsticas y hechos principales La ansiedad y depresi\u00f3n son trastornos mentales muy comunes en Espa\u00f1a. La p\u00e9rdida de memoria es uno de los s\u00edntomas que pueden causar estos trastornos. Seg\u00fan un estudio de la Universidad de Valencia, el 60% de las personas con\" \/>\n\t\t<script type=\"application\/ld+json\" class=\"aioseo-schema\">\n\t\t\t{\"@context\":\"https:\\\/\\\/schema.org\",\"@graph\":[{\"@type\":\"BlogPosting\",\"@id\":\"https:\\\/\\\/dudasytextos.com\\\/causasde\\\/la-ansiedad-y-depresion-causan-perdida-de-memoria\\\/#blogposting\",\"name\":\"La ansiedad y depresi\\u00f3n causan p\\u00e9rdida de memoria (2026) Conoce las causas\",\"headline\":\"La ansiedad y depresi\\u00f3n causan p\\u00e9rdida de memoria\",\"author\":{\"@id\":\"https:\\\/\\\/dudasytextos.com\\\/causasde\\\/author\\\/admin44\\\/#author\"},\"publisher\":{\"@id\":\"https:\\\/\\\/dudasytextos.com\\\/causasde\\\/#organization\"},\"datePublished\":\"2025-02-16T08:10:05+00:00\",\"dateModified\":\"2025-03-12T16:48:37+00:00\",\"inLanguage\":\"es-ES\",\"mainEntityOfPage\":{\"@id\":\"https:\\\/\\\/dudasytextos.com\\\/causasde\\\/la-ansiedad-y-depresion-causan-perdida-de-memoria\\\/#webpage\"},\"isPartOf\":{\"@id\":\"https:\\\/\\\/dudasytextos.com\\\/causasde\\\/la-ansiedad-y-depresion-causan-perdida-de-memoria\\\/#webpage\"},\"articleSection\":\"Conoce las causas\"},{\"@type\":\"BreadcrumbList\",\"@id\":\"https:\\\/\\\/dudasytextos.com\\\/causasde\\\/la-ansiedad-y-depresion-causan-perdida-de-memoria\\\/#breadcrumblist\",\"itemListElement\":[{\"@type\":\"ListItem\",\"@id\":\"https:\\\/\\\/dudasytextos.com\\\/causasde#listItem\",\"position\":1,\"name\":\"Inicio\",\"item\":\"https:\\\/\\\/dudasytextos.com\\\/causasde\",\"nextItem\":{\"@type\":\"ListItem\",\"@id\":\"https:\\\/\\\/dudasytextos.com\\\/causasde\\\/category\\\/conoce-las-causas\\\/#listItem\",\"name\":\"Conoce las causas\"}},{\"@type\":\"ListItem\",\"@id\":\"https:\\\/\\\/dudasytextos.com\\\/causasde\\\/category\\\/conoce-las-causas\\\/#listItem\",\"position\":2,\"name\":\"Conoce las causas\",\"item\":\"https:\\\/\\\/dudasytextos.com\\\/causasde\\\/category\\\/conoce-las-causas\\\/\",\"nextItem\":{\"@type\":\"ListItem\",\"@id\":\"https:\\\/\\\/dudasytextos.com\\\/causasde\\\/la-ansiedad-y-depresion-causan-perdida-de-memoria\\\/#listItem\",\"name\":\"La ansiedad y depresi\\u00f3n causan p\\u00e9rdida de memoria\"},\"previousItem\":{\"@type\":\"ListItem\",\"@id\":\"https:\\\/\\\/dudasytextos.com\\\/causasde#listItem\",\"name\":\"Inicio\"}},{\"@type\":\"ListItem\",\"@id\":\"https:\\\/\\\/dudasytextos.com\\\/causasde\\\/la-ansiedad-y-depresion-causan-perdida-de-memoria\\\/#listItem\",\"position\":3,\"name\":\"La ansiedad y depresi\\u00f3n causan p\\u00e9rdida de memoria\",\"previousItem\":{\"@type\":\"ListItem\",\"@id\":\"https:\\\/\\\/dudasytextos.com\\\/causasde\\\/category\\\/conoce-las-causas\\\/#listItem\",\"name\":\"Conoce las causas\"}}]},{\"@type\":\"Organization\",\"@id\":\"https:\\\/\\\/dudasytextos.com\\\/causasde\\\/#organization\",\"name\":\"\\u00bfC\\u00f3mo funciona?\",\"description\":\"Conoce las causas\",\"url\":\"https:\\\/\\\/dudasytextos.com\\\/causasde\\\/\"},{\"@type\":\"Person\",\"@id\":\"https:\\\/\\\/dudasytextos.com\\\/causasde\\\/author\\\/admin44\\\/#author\",\"url\":\"https:\\\/\\\/dudasytextos.com\\\/causasde\\\/author\\\/admin44\\\/\",\"name\":\"Ana Gonz\\u00e1lez\"},{\"@type\":\"WebPage\",\"@id\":\"https:\\\/\\\/dudasytextos.com\\\/causasde\\\/la-ansiedad-y-depresion-causan-perdida-de-memoria\\\/#webpage\",\"url\":\"https:\\\/\\\/dudasytextos.com\\\/causasde\\\/la-ansiedad-y-depresion-causan-perdida-de-memoria\\\/\",\"name\":\"La ansiedad y depresi\\u00f3n causan p\\u00e9rdida de memoria (2026) Conoce las causas\",\"description\":\"La ansiedad y depresi\\u00f3n causan p\\u00e9rdida de memoria Por Ana Gonz\\u00e1lez Curiosidades, estad\\u00edsticas y hechos principales La ansiedad y depresi\\u00f3n son trastornos mentales muy comunes en Espa\\u00f1a. La p\\u00e9rdida de memoria es uno de los s\\u00edntomas que pueden causar estos trastornos. Seg\\u00fan un estudio de la Universidad de Valencia, el 60% de las personas con\",\"inLanguage\":\"es-ES\",\"isPartOf\":{\"@id\":\"https:\\\/\\\/dudasytextos.com\\\/causasde\\\/#website\"},\"breadcrumb\":{\"@id\":\"https:\\\/\\\/dudasytextos.com\\\/causasde\\\/la-ansiedad-y-depresion-causan-perdida-de-memoria\\\/#breadcrumblist\"},\"author\":{\"@id\":\"https:\\\/\\\/dudasytextos.com\\\/causasde\\\/author\\\/admin44\\\/#author\"},\"creator\":{\"@id\":\"https:\\\/\\\/dudasytextos.com\\\/causasde\\\/author\\\/admin44\\\/#author\"},\"datePublished\":\"2025-02-16T08:10:05+00:00\",\"dateModified\":\"2025-03-12T16:48:37+00:00\"},{\"@type\":\"WebSite\",\"@id\":\"https:\\\/\\\/dudasytextos.com\\\/causasde\\\/#website\",\"url\":\"https:\\\/\\\/dudasytextos.com\\\/causasde\\\/\",\"name\":\"\\u00bfC\\u00f3mo funciona?\",\"description\":\"Conoce las causas\",\"inLanguage\":\"es-ES\",\"publisher\":{\"@id\":\"https:\\\/\\\/dudasytextos.com\\\/causasde\\\/#organization\"}}]}\n\t\t<\/script>\n\t\t<!-- All in One SEO -->\n\n","aioseo_head_json":{"title":"La ansiedad y depresi\u00f3n causan p\u00e9rdida de memoria (2026) Conoce las causas","description":"La ansiedad y depresi\u00f3n causan p\u00e9rdida de memoria Por Ana Gonz\u00e1lez Curiosidades, estad\u00edsticas y hechos principales La ansiedad y depresi\u00f3n son trastornos mentales muy comunes en Espa\u00f1a. La p\u00e9rdida de memoria es uno de los s\u00edntomas que pueden causar estos trastornos. Seg\u00fan un estudio de la Universidad de Valencia, el 60% de las personas con","canonical_url":"https:\/\/dudasytextos.com\/causasde\/la-ansiedad-y-depresion-causan-perdida-de-memoria\/","robots":"max-snippet:-1, max-image-preview:large, max-video-preview:-1","keywords":"","webmasterTools":{"miscellaneous":"&lt;!-- Google tag (gtag.js) --&gt;\n&lt;script async src=\"https:\/\/www.googletagmanager.com\/gtag\/js?id=G-1RZBHH3Z7E\"&gt;&lt;\/script&gt;\n&lt;script&gt;\n  window.dataLayer = window.dataLayer || [];\n  function gtag(){dataLayer.push(arguments);}\n  gtag('js', new Date());\n\n  gtag('config', 'G-1RZBHH3Z7E');\n&lt;\/script&gt;\n&lt;script async src=\"https:\/\/pagead2.googlesyndication.com\/pagead\/js\/adsbygoogle.js?client=ca-pub-3987500858204711\"\n     crossorigin=\"anonymous\"&gt;&lt;\/script&gt;"},"schema":{"@context":"https:\/\/schema.org","@graph":[{"@type":"BlogPosting","@id":"https:\/\/dudasytextos.com\/causasde\/la-ansiedad-y-depresion-causan-perdida-de-memoria\/#blogposting","name":"La ansiedad y depresi\u00f3n causan p\u00e9rdida de memoria (2026) Conoce las causas","headline":"La ansiedad y depresi\u00f3n causan p\u00e9rdida de memoria","author":{"@id":"https:\/\/dudasytextos.com\/causasde\/author\/admin44\/#author"},"publisher":{"@id":"https:\/\/dudasytextos.com\/causasde\/#organization"},"datePublished":"2025-02-16T08:10:05+00:00","dateModified":"2025-03-12T16:48:37+00:00","inLanguage":"es-ES","mainEntityOfPage":{"@id":"https:\/\/dudasytextos.com\/causasde\/la-ansiedad-y-depresion-causan-perdida-de-memoria\/#webpage"},"isPartOf":{"@id":"https:\/\/dudasytextos.com\/causasde\/la-ansiedad-y-depresion-causan-perdida-de-memoria\/#webpage"},"articleSection":"Conoce las causas"},{"@type":"BreadcrumbList","@id":"https:\/\/dudasytextos.com\/causasde\/la-ansiedad-y-depresion-causan-perdida-de-memoria\/#breadcrumblist","itemListElement":[{"@type":"ListItem","@id":"https:\/\/dudasytextos.com\/causasde#listItem","position":1,"name":"Inicio","item":"https:\/\/dudasytextos.com\/causasde","nextItem":{"@type":"ListItem","@id":"https:\/\/dudasytextos.com\/causasde\/category\/conoce-las-causas\/#listItem","name":"Conoce las causas"}},{"@type":"ListItem","@id":"https:\/\/dudasytextos.com\/causasde\/category\/conoce-las-causas\/#listItem","position":2,"name":"Conoce las causas","item":"https:\/\/dudasytextos.com\/causasde\/category\/conoce-las-causas\/","nextItem":{"@type":"ListItem","@id":"https:\/\/dudasytextos.com\/causasde\/la-ansiedad-y-depresion-causan-perdida-de-memoria\/#listItem","name":"La ansiedad y depresi\u00f3n causan p\u00e9rdida de memoria"},"previousItem":{"@type":"ListItem","@id":"https:\/\/dudasytextos.com\/causasde#listItem","name":"Inicio"}},{"@type":"ListItem","@id":"https:\/\/dudasytextos.com\/causasde\/la-ansiedad-y-depresion-causan-perdida-de-memoria\/#listItem","position":3,"name":"La ansiedad y depresi\u00f3n causan p\u00e9rdida de memoria","previousItem":{"@type":"ListItem","@id":"https:\/\/dudasytextos.com\/causasde\/category\/conoce-las-causas\/#listItem","name":"Conoce las causas"}}]},{"@type":"Organization","@id":"https:\/\/dudasytextos.com\/causasde\/#organization","name":"\u00bfC\u00f3mo funciona?","description":"Conoce las causas","url":"https:\/\/dudasytextos.com\/causasde\/"},{"@type":"Person","@id":"https:\/\/dudasytextos.com\/causasde\/author\/admin44\/#author","url":"https:\/\/dudasytextos.com\/causasde\/author\/admin44\/","name":"Ana Gonz\u00e1lez"},{"@type":"WebPage","@id":"https:\/\/dudasytextos.com\/causasde\/la-ansiedad-y-depresion-causan-perdida-de-memoria\/#webpage","url":"https:\/\/dudasytextos.com\/causasde\/la-ansiedad-y-depresion-causan-perdida-de-memoria\/","name":"La ansiedad y depresi\u00f3n causan p\u00e9rdida de memoria (2026) Conoce las causas","description":"La ansiedad y depresi\u00f3n causan p\u00e9rdida de memoria Por Ana Gonz\u00e1lez Curiosidades, estad\u00edsticas y hechos principales La ansiedad y depresi\u00f3n son trastornos mentales muy comunes en Espa\u00f1a. La p\u00e9rdida de memoria es uno de los s\u00edntomas que pueden causar estos trastornos. Seg\u00fan un estudio de la Universidad de Valencia, el 60% de las personas con","inLanguage":"es-ES","isPartOf":{"@id":"https:\/\/dudasytextos.com\/causasde\/#website"},"breadcrumb":{"@id":"https:\/\/dudasytextos.com\/causasde\/la-ansiedad-y-depresion-causan-perdida-de-memoria\/#breadcrumblist"},"author":{"@id":"https:\/\/dudasytextos.com\/causasde\/author\/admin44\/#author"},"creator":{"@id":"https:\/\/dudasytextos.com\/causasde\/author\/admin44\/#author"},"datePublished":"2025-02-16T08:10:05+00:00","dateModified":"2025-03-12T16:48:37+00:00"},{"@type":"WebSite","@id":"https:\/\/dudasytextos.com\/causasde\/#website","url":"https:\/\/dudasytextos.com\/causasde\/","name":"\u00bfC\u00f3mo funciona?","description":"Conoce las causas","inLanguage":"es-ES","publisher":{"@id":"https:\/\/dudasytextos.com\/causasde\/#organization"}}]},"og:locale":"es_ES","og:site_name":"Conoce las causas - Conoce las causas","og:type":"article","og:title":"La ansiedad y depresi\u00f3n causan p\u00e9rdida de memoria (2026) Conoce las causas","og:description":"La ansiedad y depresi\u00f3n causan p\u00e9rdida de memoria Por Ana Gonz\u00e1lez Curiosidades, estad\u00edsticas y hechos principales La ansiedad y depresi\u00f3n son trastornos mentales muy comunes en Espa\u00f1a. La p\u00e9rdida de memoria es uno de los s\u00edntomas que pueden causar estos trastornos. Seg\u00fan un estudio de la Universidad de Valencia, el 60% de las personas con","og:url":"https:\/\/dudasytextos.com\/causasde\/la-ansiedad-y-depresion-causan-perdida-de-memoria\/","article:published_time":"2025-02-16T08:10:05+00:00","article:modified_time":"2025-03-12T16:48:37+00:00","twitter:card":"summary_large_image","twitter:title":"La ansiedad y depresi\u00f3n causan p\u00e9rdida de memoria (2026) Conoce las causas","twitter:description":"La ansiedad y depresi\u00f3n causan p\u00e9rdida de memoria Por Ana Gonz\u00e1lez Curiosidades, estad\u00edsticas y hechos principales La ansiedad y depresi\u00f3n son trastornos mentales muy comunes en Espa\u00f1a. La p\u00e9rdida de memoria es uno de los s\u00edntomas que pueden causar estos trastornos. Seg\u00fan un estudio de la Universidad de Valencia, el 60% de las personas con"},"aioseo_meta_data":{"post_id":"162803","title":null,"description":null,"keywords":null,"keyphrases":null,"primary_term":null,"canonical_url":null,"og_title":null,"og_description":null,"og_object_type":"default","og_image_type":"default","og_image_url":null,"og_image_width":null,"og_image_height":null,"og_image_custom_url":null,"og_image_custom_fields":null,"og_video":null,"og_custom_url":null,"og_article_section":null,"og_article_tags":null,"twitter_use_og":false,"twitter_card":"default","twitter_image_type":"default","twitter_image_url":null,"twitter_image_custom_url":null,"twitter_image_custom_fields":null,"twitter_title":null,"twitter_description":null,"schema":{"blockGraphs":[],"customGraphs":[],"default":{"data":{"Article":[],"Course":[],"Dataset":[],"FAQPage":[],"Movie":[],"Person":[],"Product":[],"ProductReview":[],"Car":[],"Recipe":[],"Service":[],"SoftwareApplication":[],"WebPage":[]},"graphName":"","isEnabled":true},"graphs":[]},"schema_type":"default","schema_type_options":null,"pillar_content":false,"robots_default":true,"robots_noindex":false,"robots_noarchive":false,"robots_nosnippet":false,"robots_nofollow":false,"robots_noimageindex":false,"robots_noodp":false,"robots_notranslate":false,"robots_max_snippet":null,"robots_max_videopreview":null,"robots_max_imagepreview":"large","priority":null,"frequency":null,"local_seo":null,"breadcrumb_settings":null,"limit_modified_date":false,"ai":null,"created":"2023-05-12 16:07:42","updated":"2025-06-03 20:43:00","seo_analyzer_scan_date":null,"focus_keyword":null,"additional_keywords":null,"truseo_locale":null},"aioseo_breadcrumb":"<div class=\"aioseo-breadcrumbs\"><span class=\"aioseo-breadcrumb\">\n\t\t\t<a href=\"https:\/\/dudasytextos.com\/causasde\" title=\"Inicio\">Inicio<\/a>\n\t\t<\/span><span class=\"aioseo-breadcrumb-separator\">&raquo;<\/span><span class=\"aioseo-breadcrumb\">\n\t\t\t<a href=\"https:\/\/dudasytextos.com\/causasde\/category\/conoce-las-causas\/\" title=\"Conoce las causas\">Conoce las causas<\/a>\n\t\t<\/span><span class=\"aioseo-breadcrumb-separator\">&raquo;<\/span><span class=\"aioseo-breadcrumb\">\n\t\t\tLa ansiedad y depresi\u00f3n causan p\u00e9rdida de memoria\n\t\t<\/span><\/div>","aioseo_breadcrumb_json":[{"label":"Inicio","link":"https:\/\/dudasytextos.com\/causasde"},{"label":"Conoce las causas","link":"https:\/\/dudasytextos.com\/causasde\/category\/conoce-las-causas\/"},{"label":"La ansiedad y depresi\u00f3n causan p\u00e9rdida de memoria","link":"https:\/\/dudasytextos.com\/causasde\/la-ansiedad-y-depresion-causan-perdida-de-memoria\/"}],"_links":{"self":[{"href":"https:\/\/dudasytextos.com\/causasde\/wp-json\/wp\/v2\/posts\/162803","targetHints":{"allow":["GET"]}}],"collection":[{"href":"https:\/\/dudasytextos.com\/causasde\/wp-json\/wp\/v2\/posts"}],"about":[{"href":"https:\/\/dudasytextos.com\/causasde\/wp-json\/wp\/v2\/types\/post"}],"author":[{"embeddable":true,"href":"https:\/\/dudasytextos.com\/causasde\/wp-json\/wp\/v2\/users\/1"}],"replies":[{"embeddable":true,"href":"https:\/\/dudasytextos.com\/causasde\/wp-json\/wp\/v2\/comments?post=162803"}],"version-history":[{"count":1,"href":"https:\/\/dudasytextos.com\/causasde\/wp-json\/wp\/v2\/posts\/162803\/revisions"}],"predecessor-version":[{"id":165776,"href":"https:\/\/dudasytextos.com\/causasde\/wp-json\/wp\/v2\/posts\/162803\/revisions\/165776"}],"wp:attachment":[{"href":"https:\/\/dudasytextos.com\/causasde\/wp-json\/wp\/v2\/media?parent=162803"}],"wp:term":[{"taxonomy":"category","embeddable":true,"href":"https:\/\/dudasytextos.com\/causasde\/wp-json\/wp\/v2\/categories?post=162803"},{"taxonomy":"post_tag","embeddable":true,"href":"https:\/\/dudasytextos.com\/causasde\/wp-json\/wp\/v2\/tags?post=162803"}],"curies":[{"name":"wp","href":"https:\/\/api.w.org\/{rel}","templated":true}]}}