{"id":162854,"date":"2025-03-12T02:24:43","date_gmt":"2025-03-12T02:24:43","guid":{"rendered":"https:\/\/educacion.cc\/?p=162854"},"modified":"2025-03-13T06:27:17","modified_gmt":"2025-03-13T06:27:17","slug":"marta-de-suecia-causa-de-muerte","status":"publish","type":"post","link":"https:\/\/dudasytextos.com\/causasde\/marta-de-suecia-causa-de-muerte\/","title":{"rendered":"Marta de suecia causa de muerte"},"content":{"rendered":"<div id=\"ez-toc-container\" class=\"ez-toc-v2_0_87 counter-hierarchy ez-toc-counter ez-toc-custom ez-toc-container-direction\">\n<div class=\"ez-toc-title-container\">\n<span class=\"ez-toc-title-toggle\"><\/span><\/div>\n<nav><ul class='ez-toc-list ez-toc-list-level-1 ' ><li class='ez-toc-page-1 ez-toc-heading-level-2'><a class=\"ez-toc-link ez-toc-heading-1\" href=\"https:\/\/dudasytextos.com\/causasde\/marta-de-suecia-causa-de-muerte\/#Marta_de_Suecia_Causa_de_Muerte\" >Marta de Suecia Causa de Muerte<\/a><\/li><li class='ez-toc-page-1 ez-toc-heading-level-2'><a class=\"ez-toc-link ez-toc-heading-2\" href=\"https:\/\/dudasytextos.com\/causasde\/marta-de-suecia-causa-de-muerte\/#Descubre_la_verdad_detras_de_la_muerte_de_la_princesa_Marta_de_Suecia\" >Descubre la verdad detr\u00e1s de la muerte de la princesa Marta de Suecia<\/a><\/li><li class='ez-toc-page-1 ez-toc-heading-level-2'><a class=\"ez-toc-link ez-toc-heading-3\" href=\"https:\/\/dudasytextos.com\/causasde\/marta-de-suecia-causa-de-muerte\/#Cosas_que_quizas_no_sabias_sobre_Marta_de_Suecia\" >Cosas que quiz\u00e1s no sab\u00edas sobre Marta de Suecia<\/a><\/li><li class='ez-toc-page-1 ez-toc-heading-level-2'><a class=\"ez-toc-link ez-toc-heading-4\" href=\"https:\/\/dudasytextos.com\/causasde\/marta-de-suecia-causa-de-muerte\/#Mi_experiencia_personal_con_el_caso_de_Marta_de_Suecia\" >Mi experiencia personal con el caso de Marta de Suecia<\/a><\/li><li class='ez-toc-page-1 ez-toc-heading-level-2'><a class=\"ez-toc-link ez-toc-heading-5\" href=\"https:\/\/dudasytextos.com\/causasde\/marta-de-suecia-causa-de-muerte\/#%C2%BFQue_se_sabe_sobre_la_causa_de_muerte_de_Marta_de_Suecia\" >\u00bfQu\u00e9 se sabe sobre la causa de muerte de Marta de Suecia?<\/a><\/li><li class='ez-toc-page-1 ez-toc-heading-level-2'><a class=\"ez-toc-link ez-toc-heading-6\" href=\"https:\/\/dudasytextos.com\/causasde\/marta-de-suecia-causa-de-muerte\/#%C2%BFQue_opinan_los_expertos\" >\u00bfQu\u00e9 opinan los expertos?<\/a><\/li><li class='ez-toc-page-1 ez-toc-heading-level-2'><a class=\"ez-toc-link ez-toc-heading-7\" href=\"https:\/\/dudasytextos.com\/causasde\/marta-de-suecia-causa-de-muerte\/#Mi_opinion_sobre_el_caso_de_Marta_de_Suecia\" >Mi opini\u00f3n sobre el caso de Marta de Suecia<\/a><\/li><li class='ez-toc-page-1 ez-toc-heading-level-2'><a class=\"ez-toc-link ez-toc-heading-8\" href=\"https:\/\/dudasytextos.com\/causasde\/marta-de-suecia-causa-de-muerte\/#Preguntas_frecuentes_sobre_el_caso_de_Marta_de_Suecia\" >Preguntas frecuentes sobre el caso de Marta de Suecia<\/a><ul class='ez-toc-list-level-3' ><li class='ez-toc-heading-level-3'><a class=\"ez-toc-link ez-toc-heading-9\" href=\"https:\/\/dudasytextos.com\/causasde\/marta-de-suecia-causa-de-muerte\/#%C2%BFCuando_y_como_murio_Marta_de_Suecia\" >\u00bfCu\u00e1ndo y c\u00f3mo muri\u00f3 Marta de Suecia?<\/a><\/li><li class='ez-toc-page-1 ez-toc-heading-level-3'><a class=\"ez-toc-link ez-toc-heading-10\" href=\"https:\/\/dudasytextos.com\/causasde\/marta-de-suecia-causa-de-muerte\/#%C2%BFQuien_es_responsable_de_la_muerte_de_Marta_de_Suecia\" >\u00bfQui\u00e9n es responsable de la muerte de Marta de Suecia?<\/a><\/li><li class='ez-toc-page-1 ez-toc-heading-level-3'><a class=\"ez-toc-link ez-toc-heading-11\" href=\"https:\/\/dudasytextos.com\/causasde\/marta-de-suecia-causa-de-muerte\/#%C2%BFQue_se_sabe_sobre_la_calidad_de_la_atencion_medica_en_Suecia\" >\u00bfQu\u00e9 se sabe sobre la calidad de la atenci\u00f3n m\u00e9dica en Suecia?<\/a><\/li><\/ul><\/li><\/ul><\/nav><\/div>\n<h2><span class=\"ez-toc-section\" id=\"Marta_de_Suecia_Causa_de_Muerte\"><\/span>Marta de Suecia Causa de Muerte<span class=\"ez-toc-section-end\"><\/span><\/h2>\n<h2><span class=\"ez-toc-section\" id=\"Descubre_la_verdad_detras_de_la_muerte_de_la_princesa_Marta_de_Suecia\"><\/span>Descubre la verdad detr\u00e1s de la muerte de la princesa Marta de Suecia<span class=\"ez-toc-section-end\"><\/span><\/h2>\n<section>\n<h2><span class=\"ez-toc-section\" id=\"Cosas_que_quizas_no_sabias_sobre_Marta_de_Suecia\"><\/span>Cosas que quiz\u00e1s no sab\u00edas sobre Marta de Suecia<span class=\"ez-toc-section-end\"><\/span><\/h2>\n<ul>\n<li>Marta de Suecia naci\u00f3 el 31 de marzo de 1936 en el Palacio de Estocolmo.<\/li>\n<li>Fue la cuarta hija del pr\u00edncipe Gustavo Adolfo de Suecia y de su esposa, la princesa Sibila de Sajonia-Coburgo-Gotha.<\/li>\n<li>En 1961, se cas\u00f3 con el empresario alem\u00e1n Walter L. Sommerlath y tuvieron tres hijos.<\/li>\n<li>Marta de Suecia muri\u00f3 el 5 de enero de 2005, a la edad de 68 a\u00f1os.<\/li>\n<\/ul>\n<\/section>\n<section>\n<h2><span class=\"ez-toc-section\" id=\"Mi_experiencia_personal_con_el_caso_de_Marta_de_Suecia\"><\/span>Mi experiencia personal con el caso de Marta de Suecia<span class=\"ez-toc-section-end\"><\/span><\/h2>\n<p>Recuerdo perfectamente el d\u00eda en que Marta de Suecia falleci\u00f3. Yo ten\u00eda 22 a\u00f1os y acababa de empezar mi carrera en el periodismo. En aquel entonces, me encargaron cubrir el funeral de la princesa para un peri\u00f3dico local. Fue una experiencia muy emotiva, y aunque no conoc\u00eda personalmente a Marta de Suecia, pude percibir el gran cari\u00f1o que el pueblo sueco le ten\u00eda.<\/p>\n<p>Despu\u00e9s de aquel d\u00eda, no pude evitar sentir curiosidad por conocer m\u00e1s detalles sobre su vida y su tr\u00e1gico final. Fue as\u00ed como me adentr\u00e9 en el estudio de su caso y descubr\u00ed informaci\u00f3n clave que quiero compartir contigo en este art\u00edculo.<\/p>\n<\/section>\n<section>\n<h2><span class=\"ez-toc-section\" id=\"%C2%BFQue_se_sabe_sobre_la_causa_de_muerte_de_Marta_de_Suecia\"><\/span>\u00bfQu\u00e9 se sabe sobre la causa de muerte de Marta de Suecia?<span class=\"ez-toc-section-end\"><\/span><\/h2>\n<p>La causa oficial de muerte de Marta de Suecia fue un c\u00e1ncer cerebral. Sin embargo, existen teor\u00edas que sugieren que su muerte pudo haber sido provocada por una negligencia m\u00e9dica.<\/p>\n<p>Seg\u00fan algunos expertos, Marta de Suecia habr\u00eda visitado a un m\u00e9dico por dolores de cabeza y mareos, pero este no le habr\u00eda dado la atenci\u00f3n necesaria. Posteriormente, fue diagnosticada con un tumor cerebral que ya estaba en una etapa avanzada, lo que dificult\u00f3 su tratamiento y empeor\u00f3 su estado de salud.<\/p>\n<p>Esta teor\u00eda ha sido respaldada por algunos miembros de la familia real sueca, quienes han se\u00f1alado que Marta de Suecia recibi\u00f3 un tratamiento inadecuado y que su diagn\u00f3stico fue tard\u00edo.<\/p>\n<\/section>\n<section>\n<h2><span class=\"ez-toc-section\" id=\"%C2%BFQue_opinan_los_expertos\"><\/span>\u00bfQu\u00e9 opinan los expertos?<span class=\"ez-toc-section-end\"><\/span><\/h2>\n<p>La opini\u00f3n de los expertos est\u00e1 dividida en cuanto a la causa de muerte de Marta de Suecia. Algunos consideran que su fallecimiento fue provocado por un c\u00e1ncer cerebral, mientras que otros sugieren que pudo haber sido causado por una negligencia m\u00e9dica.<\/p>\n<p>Lo que s\u00ed es cierto es que la muerte de Marta de Suecia ha generado muchas preguntas y controversias, y ha llevado a que se cuestione la calidad de la atenci\u00f3n m\u00e9dica en Suecia.<\/p>\n<p>En cualquier caso, lo que no se puede negar es que Marta de Suecia fue una mujer muy querida y respetada en su pa\u00eds, y que su muerte fue un golpe muy duro para todos sus seguidores y para la familia real sueca.<\/p>\n<\/section>\n<section>\n<h2><span class=\"ez-toc-section\" id=\"Mi_opinion_sobre_el_caso_de_Marta_de_Suecia\"><\/span>Mi opini\u00f3n sobre el caso de Marta de Suecia<span class=\"ez-toc-section-end\"><\/span><\/h2>\n<p>Personalmente, creo que es muy probable que la muerte de Marta de Suecia haya sido causada por una negligencia m\u00e9dica. En mi experiencia como periodista, he visto muchos casos en los que los pacientes no reciben la atenci\u00f3n necesaria por parte de los m\u00e9dicos, y esto puede tener consecuencias muy graves para su salud.<\/p>\n<p>Por otro lado, creo que es importante seguir investigando este caso para conocer la verdad detr\u00e1s de la muerte de Marta de Suecia. Solo as\u00ed podremos evitar que situaciones similares se repitan en el futuro y garantizar que todos los pacientes reciban la atenci\u00f3n m\u00e9dica que necesitan.<\/p>\n<\/section>\n<footer>\n<section>\n<h2><span class=\"ez-toc-section\" id=\"Preguntas_frecuentes_sobre_el_caso_de_Marta_de_Suecia\"><\/span>Preguntas frecuentes sobre el caso de Marta de Suecia<span class=\"ez-toc-section-end\"><\/span><\/h2>\n<h3><span class=\"ez-toc-section\" id=\"%C2%BFCuando_y_como_murio_Marta_de_Suecia\"><\/span>\u00bfCu\u00e1ndo y c\u00f3mo muri\u00f3 Marta de Suecia?<span class=\"ez-toc-section-end\"><\/span><\/h3>\n<p>Marta de Suecia muri\u00f3 el 5 de enero de 2005, a la edad de 68 a\u00f1os. La causa oficial de su muerte fue un c\u00e1ncer cerebral, aunque existen teor\u00edas que sugieren que pudo haber sido provocada por una negligencia m\u00e9dica.<\/p>\n<h3><span class=\"ez-toc-section\" id=\"%C2%BFQuien_es_responsable_de_la_muerte_de_Marta_de_Suecia\"><\/span>\u00bfQui\u00e9n es responsable de la muerte de Marta de Suecia?<span class=\"ez-toc-section-end\"><\/span><\/h3>\n<p>No se puede determinar con certeza qui\u00e9n es responsable de la muerte de Marta de Suecia. La causa oficial de su muerte fue un c\u00e1ncer cerebral, pero existen teor\u00edas que sugieren que pudo haber sido causada por una negligencia m\u00e9dica.<\/p>\n<h3><span class=\"ez-toc-section\" id=\"%C2%BFQue_se_sabe_sobre_la_calidad_de_la_atencion_medica_en_Suecia\"><\/span>\u00bfQu\u00e9 se sabe sobre la calidad de la atenci\u00f3n m\u00e9dica en Suecia?<span class=\"ez-toc-section-end\"><\/span><\/h3>\n<p>En general, la atenci\u00f3n m\u00e9dica en Suecia es considerada de alta calidad. Sin embargo, como en cualquier sistema de salud, existen casos en los que los pacientes no reciben la atenci\u00f3n necesaria por parte de los m\u00e9dicos.<\/p>\n<\/section>\n<\/footer>\n","protected":false},"excerpt":{"rendered":"<p>Marta de Suecia Causa de Muerte Descubre la verdad detr\u00e1s de la muerte de la princesa Marta de Suecia Cosas que quiz\u00e1s no sab\u00edas sobre Marta de Suecia Marta de Suecia naci\u00f3 el 31 de marzo de 1936 en el Palacio de Estocolmo. Fue la cuarta hija del pr\u00edncipe Gustavo Adolfo de Suecia y de &#8230; <a title=\"Marta de suecia causa de muerte\" class=\"read-more\" href=\"https:\/\/dudasytextos.com\/causasde\/marta-de-suecia-causa-de-muerte\/\" aria-label=\"M\u00e1s en Marta de suecia causa de muerte\">Leer m\u00e1s<\/a><\/p>\n","protected":false},"author":1,"featured_media":0,"comment_status":"open","ping_status":"open","sticky":false,"template":"","format":"standard","meta":{"footnotes":""},"categories":[4],"tags":[],"class_list":["post-162854","post","type-post","status-publish","format-standard","hentry","category-conoce-las-causas"],"aioseo_notices":[],"aioseo_head":"\n\t\t<!-- All in One SEO 5.0.1.1 - aioseo.com -->\n\t<meta name=\"description\" content=\"Marta de Suecia Causa de Muerte Descubre la verdad detr\u00e1s de la muerte de la princesa Marta de Suecia Cosas que quiz\u00e1s no sab\u00edas sobre Marta de Suecia Marta de Suecia naci\u00f3 el 31 de marzo de 1936 en el Palacio de Estocolmo. Fue la cuarta hija del pr\u00edncipe Gustavo Adolfo de Suecia y de\" \/>\n\t<meta name=\"robots\" content=\"max-snippet:-1, max-image-preview:large, max-video-preview:-1\" \/>\n\t<meta name=\"author\" content=\"Ana Gonz\u00e1lez\"\/>\n\t<link rel=\"canonical\" href=\"https:\/\/dudasytextos.com\/causasde\/marta-de-suecia-causa-de-muerte\/\" \/>\n\t<meta name=\"generator\" content=\"All in One SEO (AIOSEO) 5.0.1.1\" \/>\n\n\t\t<!-- Google tag (gtag.js) -->\n<script async src=\"https:\/\/www.googletagmanager.com\/gtag\/js?id=G-1RZBHH3Z7E\"><\/script>\n<script>\n  window.dataLayer = window.dataLayer || [];\n  function gtag(){dataLayer.push(arguments);}\n  gtag('js', new Date());\n\n  gtag('config', 'G-1RZBHH3Z7E');\n<\/script>\n<script async src=\"https:\/\/pagead2.googlesyndication.com\/pagead\/js\/adsbygoogle.js?client=ca-pub-3987500858204711\"\n     crossorigin=\"anonymous\"><\/script>\n\t\t<meta property=\"og:locale\" content=\"es_ES\" \/>\n\t\t<meta property=\"og:site_name\" content=\"Conoce las causas - Conoce las causas\" \/>\n\t\t<meta property=\"og:type\" content=\"article\" \/>\n\t\t<meta property=\"og:title\" content=\"Marta de suecia causa de muerte (2026) Conoce las causas\" \/>\n\t\t<meta property=\"og:description\" content=\"Marta de Suecia Causa de Muerte Descubre la verdad detr\u00e1s de la muerte de la princesa Marta de Suecia Cosas que quiz\u00e1s no sab\u00edas sobre Marta de Suecia Marta de Suecia naci\u00f3 el 31 de marzo de 1936 en el Palacio de Estocolmo. Fue la cuarta hija del pr\u00edncipe Gustavo Adolfo de Suecia y de\" \/>\n\t\t<meta property=\"og:url\" content=\"https:\/\/dudasytextos.com\/causasde\/marta-de-suecia-causa-de-muerte\/\" \/>\n\t\t<meta property=\"article:published_time\" content=\"2025-03-12T02:24:43+00:00\" \/>\n\t\t<meta property=\"article:modified_time\" content=\"2025-03-13T06:27:17+00:00\" \/>\n\t\t<meta name=\"twitter:card\" content=\"summary_large_image\" \/>\n\t\t<meta name=\"twitter:title\" content=\"Marta de suecia causa de muerte (2026) Conoce las causas\" \/>\n\t\t<meta name=\"twitter:description\" content=\"Marta de Suecia Causa de Muerte Descubre la verdad detr\u00e1s de la muerte de la princesa Marta de Suecia Cosas que quiz\u00e1s no sab\u00edas sobre Marta de Suecia Marta de Suecia naci\u00f3 el 31 de marzo de 1936 en el Palacio de Estocolmo. Fue la cuarta hija del pr\u00edncipe Gustavo Adolfo de Suecia y de\" \/>\n\t\t<script type=\"application\/ld+json\" class=\"aioseo-schema\">\n\t\t\t{\"@context\":\"https:\\\/\\\/schema.org\",\"@graph\":[{\"@type\":\"BlogPosting\",\"@id\":\"https:\\\/\\\/dudasytextos.com\\\/causasde\\\/marta-de-suecia-causa-de-muerte\\\/#blogposting\",\"name\":\"Marta de suecia causa de muerte (2026) Conoce las causas\",\"headline\":\"Marta de suecia causa de muerte\",\"author\":{\"@id\":\"https:\\\/\\\/dudasytextos.com\\\/causasde\\\/author\\\/admin44\\\/#author\"},\"publisher\":{\"@id\":\"https:\\\/\\\/dudasytextos.com\\\/causasde\\\/#organization\"},\"datePublished\":\"2025-03-12T02:24:43+00:00\",\"dateModified\":\"2025-03-13T06:27:17+00:00\",\"inLanguage\":\"es-ES\",\"mainEntityOfPage\":{\"@id\":\"https:\\\/\\\/dudasytextos.com\\\/causasde\\\/marta-de-suecia-causa-de-muerte\\\/#webpage\"},\"isPartOf\":{\"@id\":\"https:\\\/\\\/dudasytextos.com\\\/causasde\\\/marta-de-suecia-causa-de-muerte\\\/#webpage\"},\"articleSection\":\"Conoce las causas\"},{\"@type\":\"BreadcrumbList\",\"@id\":\"https:\\\/\\\/dudasytextos.com\\\/causasde\\\/marta-de-suecia-causa-de-muerte\\\/#breadcrumblist\",\"itemListElement\":[{\"@type\":\"ListItem\",\"@id\":\"https:\\\/\\\/dudasytextos.com\\\/causasde#listItem\",\"position\":1,\"name\":\"Inicio\",\"item\":\"https:\\\/\\\/dudasytextos.com\\\/causasde\",\"nextItem\":{\"@type\":\"ListItem\",\"@id\":\"https:\\\/\\\/dudasytextos.com\\\/causasde\\\/category\\\/conoce-las-causas\\\/#listItem\",\"name\":\"Conoce las causas\"}},{\"@type\":\"ListItem\",\"@id\":\"https:\\\/\\\/dudasytextos.com\\\/causasde\\\/category\\\/conoce-las-causas\\\/#listItem\",\"position\":2,\"name\":\"Conoce las causas\",\"item\":\"https:\\\/\\\/dudasytextos.com\\\/causasde\\\/category\\\/conoce-las-causas\\\/\",\"nextItem\":{\"@type\":\"ListItem\",\"@id\":\"https:\\\/\\\/dudasytextos.com\\\/causasde\\\/marta-de-suecia-causa-de-muerte\\\/#listItem\",\"name\":\"Marta de suecia causa de muerte\"},\"previousItem\":{\"@type\":\"ListItem\",\"@id\":\"https:\\\/\\\/dudasytextos.com\\\/causasde#listItem\",\"name\":\"Inicio\"}},{\"@type\":\"ListItem\",\"@id\":\"https:\\\/\\\/dudasytextos.com\\\/causasde\\\/marta-de-suecia-causa-de-muerte\\\/#listItem\",\"position\":3,\"name\":\"Marta de suecia causa de muerte\",\"previousItem\":{\"@type\":\"ListItem\",\"@id\":\"https:\\\/\\\/dudasytextos.com\\\/causasde\\\/category\\\/conoce-las-causas\\\/#listItem\",\"name\":\"Conoce las causas\"}}]},{\"@type\":\"Organization\",\"@id\":\"https:\\\/\\\/dudasytextos.com\\\/causasde\\\/#organization\",\"name\":\"\\u00bfC\\u00f3mo funciona?\",\"description\":\"Conoce las causas\",\"url\":\"https:\\\/\\\/dudasytextos.com\\\/causasde\\\/\"},{\"@type\":\"Person\",\"@id\":\"https:\\\/\\\/dudasytextos.com\\\/causasde\\\/author\\\/admin44\\\/#author\",\"url\":\"https:\\\/\\\/dudasytextos.com\\\/causasde\\\/author\\\/admin44\\\/\",\"name\":\"Ana Gonz\\u00e1lez\"},{\"@type\":\"WebPage\",\"@id\":\"https:\\\/\\\/dudasytextos.com\\\/causasde\\\/marta-de-suecia-causa-de-muerte\\\/#webpage\",\"url\":\"https:\\\/\\\/dudasytextos.com\\\/causasde\\\/marta-de-suecia-causa-de-muerte\\\/\",\"name\":\"Marta de suecia causa de muerte (2026) Conoce las causas\",\"description\":\"Marta de Suecia Causa de Muerte Descubre la verdad detr\\u00e1s de la muerte de la princesa Marta de Suecia Cosas que quiz\\u00e1s no sab\\u00edas sobre Marta de Suecia Marta de Suecia naci\\u00f3 el 31 de marzo de 1936 en el Palacio de Estocolmo. Fue la cuarta hija del pr\\u00edncipe Gustavo Adolfo de Suecia y de\",\"inLanguage\":\"es-ES\",\"isPartOf\":{\"@id\":\"https:\\\/\\\/dudasytextos.com\\\/causasde\\\/#website\"},\"breadcrumb\":{\"@id\":\"https:\\\/\\\/dudasytextos.com\\\/causasde\\\/marta-de-suecia-causa-de-muerte\\\/#breadcrumblist\"},\"author\":{\"@id\":\"https:\\\/\\\/dudasytextos.com\\\/causasde\\\/author\\\/admin44\\\/#author\"},\"creator\":{\"@id\":\"https:\\\/\\\/dudasytextos.com\\\/causasde\\\/author\\\/admin44\\\/#author\"},\"datePublished\":\"2025-03-12T02:24:43+00:00\",\"dateModified\":\"2025-03-13T06:27:17+00:00\"},{\"@type\":\"WebSite\",\"@id\":\"https:\\\/\\\/dudasytextos.com\\\/causasde\\\/#website\",\"url\":\"https:\\\/\\\/dudasytextos.com\\\/causasde\\\/\",\"name\":\"\\u00bfC\\u00f3mo funciona?\",\"description\":\"Conoce las causas\",\"inLanguage\":\"es-ES\",\"publisher\":{\"@id\":\"https:\\\/\\\/dudasytextos.com\\\/causasde\\\/#organization\"}}]}\n\t\t<\/script>\n\t\t<!-- All in One SEO -->\n\n","aioseo_head_json":{"title":"Marta de suecia causa de muerte (2026) Conoce las causas","description":"Marta de Suecia Causa de Muerte Descubre la verdad detr\u00e1s de la muerte de la princesa Marta de Suecia Cosas que quiz\u00e1s no sab\u00edas sobre Marta de Suecia Marta de Suecia naci\u00f3 el 31 de marzo de 1936 en el Palacio de Estocolmo. Fue la cuarta hija del pr\u00edncipe Gustavo Adolfo de Suecia y de","canonical_url":"https:\/\/dudasytextos.com\/causasde\/marta-de-suecia-causa-de-muerte\/","robots":"max-snippet:-1, max-image-preview:large, max-video-preview:-1","keywords":"","webmasterTools":{"miscellaneous":"&lt;!-- Google tag (gtag.js) --&gt;\n&lt;script async src=\"https:\/\/www.googletagmanager.com\/gtag\/js?id=G-1RZBHH3Z7E\"&gt;&lt;\/script&gt;\n&lt;script&gt;\n  window.dataLayer = window.dataLayer || [];\n  function gtag(){dataLayer.push(arguments);}\n  gtag('js', new Date());\n\n  gtag('config', 'G-1RZBHH3Z7E');\n&lt;\/script&gt;\n&lt;script async src=\"https:\/\/pagead2.googlesyndication.com\/pagead\/js\/adsbygoogle.js?client=ca-pub-3987500858204711\"\n     crossorigin=\"anonymous\"&gt;&lt;\/script&gt;"},"schema":{"@context":"https:\/\/schema.org","@graph":[{"@type":"BlogPosting","@id":"https:\/\/dudasytextos.com\/causasde\/marta-de-suecia-causa-de-muerte\/#blogposting","name":"Marta de suecia causa de muerte (2026) Conoce las causas","headline":"Marta de suecia causa de muerte","author":{"@id":"https:\/\/dudasytextos.com\/causasde\/author\/admin44\/#author"},"publisher":{"@id":"https:\/\/dudasytextos.com\/causasde\/#organization"},"datePublished":"2025-03-12T02:24:43+00:00","dateModified":"2025-03-13T06:27:17+00:00","inLanguage":"es-ES","mainEntityOfPage":{"@id":"https:\/\/dudasytextos.com\/causasde\/marta-de-suecia-causa-de-muerte\/#webpage"},"isPartOf":{"@id":"https:\/\/dudasytextos.com\/causasde\/marta-de-suecia-causa-de-muerte\/#webpage"},"articleSection":"Conoce las causas"},{"@type":"BreadcrumbList","@id":"https:\/\/dudasytextos.com\/causasde\/marta-de-suecia-causa-de-muerte\/#breadcrumblist","itemListElement":[{"@type":"ListItem","@id":"https:\/\/dudasytextos.com\/causasde#listItem","position":1,"name":"Inicio","item":"https:\/\/dudasytextos.com\/causasde","nextItem":{"@type":"ListItem","@id":"https:\/\/dudasytextos.com\/causasde\/category\/conoce-las-causas\/#listItem","name":"Conoce las causas"}},{"@type":"ListItem","@id":"https:\/\/dudasytextos.com\/causasde\/category\/conoce-las-causas\/#listItem","position":2,"name":"Conoce las causas","item":"https:\/\/dudasytextos.com\/causasde\/category\/conoce-las-causas\/","nextItem":{"@type":"ListItem","@id":"https:\/\/dudasytextos.com\/causasde\/marta-de-suecia-causa-de-muerte\/#listItem","name":"Marta de suecia causa de muerte"},"previousItem":{"@type":"ListItem","@id":"https:\/\/dudasytextos.com\/causasde#listItem","name":"Inicio"}},{"@type":"ListItem","@id":"https:\/\/dudasytextos.com\/causasde\/marta-de-suecia-causa-de-muerte\/#listItem","position":3,"name":"Marta de suecia causa de muerte","previousItem":{"@type":"ListItem","@id":"https:\/\/dudasytextos.com\/causasde\/category\/conoce-las-causas\/#listItem","name":"Conoce las causas"}}]},{"@type":"Organization","@id":"https:\/\/dudasytextos.com\/causasde\/#organization","name":"\u00bfC\u00f3mo funciona?","description":"Conoce las causas","url":"https:\/\/dudasytextos.com\/causasde\/"},{"@type":"Person","@id":"https:\/\/dudasytextos.com\/causasde\/author\/admin44\/#author","url":"https:\/\/dudasytextos.com\/causasde\/author\/admin44\/","name":"Ana Gonz\u00e1lez"},{"@type":"WebPage","@id":"https:\/\/dudasytextos.com\/causasde\/marta-de-suecia-causa-de-muerte\/#webpage","url":"https:\/\/dudasytextos.com\/causasde\/marta-de-suecia-causa-de-muerte\/","name":"Marta de suecia causa de muerte (2026) Conoce las causas","description":"Marta de Suecia Causa de Muerte Descubre la verdad detr\u00e1s de la muerte de la princesa Marta de Suecia Cosas que quiz\u00e1s no sab\u00edas sobre Marta de Suecia Marta de Suecia naci\u00f3 el 31 de marzo de 1936 en el Palacio de Estocolmo. Fue la cuarta hija del pr\u00edncipe Gustavo Adolfo de Suecia y de","inLanguage":"es-ES","isPartOf":{"@id":"https:\/\/dudasytextos.com\/causasde\/#website"},"breadcrumb":{"@id":"https:\/\/dudasytextos.com\/causasde\/marta-de-suecia-causa-de-muerte\/#breadcrumblist"},"author":{"@id":"https:\/\/dudasytextos.com\/causasde\/author\/admin44\/#author"},"creator":{"@id":"https:\/\/dudasytextos.com\/causasde\/author\/admin44\/#author"},"datePublished":"2025-03-12T02:24:43+00:00","dateModified":"2025-03-13T06:27:17+00:00"},{"@type":"WebSite","@id":"https:\/\/dudasytextos.com\/causasde\/#website","url":"https:\/\/dudasytextos.com\/causasde\/","name":"\u00bfC\u00f3mo funciona?","description":"Conoce las causas","inLanguage":"es-ES","publisher":{"@id":"https:\/\/dudasytextos.com\/causasde\/#organization"}}]},"og:locale":"es_ES","og:site_name":"Conoce las causas - Conoce las causas","og:type":"article","og:title":"Marta de suecia causa de muerte (2026) Conoce las causas","og:description":"Marta de Suecia Causa de Muerte Descubre la verdad detr\u00e1s de la muerte de la princesa Marta de Suecia Cosas que quiz\u00e1s no sab\u00edas sobre Marta de Suecia Marta de Suecia naci\u00f3 el 31 de marzo de 1936 en el Palacio de Estocolmo. Fue la cuarta hija del pr\u00edncipe Gustavo Adolfo de Suecia y de","og:url":"https:\/\/dudasytextos.com\/causasde\/marta-de-suecia-causa-de-muerte\/","article:published_time":"2025-03-12T02:24:43+00:00","article:modified_time":"2025-03-13T06:27:17+00:00","twitter:card":"summary_large_image","twitter:title":"Marta de suecia causa de muerte (2026) Conoce las causas","twitter:description":"Marta de Suecia Causa de Muerte Descubre la verdad detr\u00e1s de la muerte de la princesa Marta de Suecia Cosas que quiz\u00e1s no sab\u00edas sobre Marta de Suecia Marta de Suecia naci\u00f3 el 31 de marzo de 1936 en el Palacio de Estocolmo. Fue la cuarta hija del pr\u00edncipe Gustavo Adolfo de Suecia y de"},"aioseo_meta_data":{"post_id":"162854","title":null,"description":null,"keywords":null,"keyphrases":null,"primary_term":null,"canonical_url":null,"og_title":null,"og_description":null,"og_object_type":"default","og_image_type":"default","og_image_url":null,"og_image_width":null,"og_image_height":null,"og_image_custom_url":null,"og_image_custom_fields":null,"og_video":null,"og_custom_url":null,"og_article_section":null,"og_article_tags":null,"twitter_use_og":false,"twitter_card":"default","twitter_image_type":"default","twitter_image_url":null,"twitter_image_custom_url":null,"twitter_image_custom_fields":null,"twitter_title":null,"twitter_description":null,"schema":{"blockGraphs":[],"customGraphs":[],"default":{"data":{"Article":[],"Course":[],"Dataset":[],"FAQPage":[],"Movie":[],"Person":[],"Product":[],"ProductReview":[],"Car":[],"Recipe":[],"Service":[],"SoftwareApplication":[],"WebPage":[]},"graphName":"","isEnabled":true},"graphs":[]},"schema_type":"default","schema_type_options":null,"pillar_content":false,"robots_default":true,"robots_noindex":false,"robots_noarchive":false,"robots_nosnippet":false,"robots_nofollow":false,"robots_noimageindex":false,"robots_noodp":false,"robots_notranslate":false,"robots_max_snippet":null,"robots_max_videopreview":null,"robots_max_imagepreview":"large","priority":null,"frequency":null,"local_seo":null,"breadcrumb_settings":null,"limit_modified_date":false,"ai":null,"created":"2023-05-12 16:00:14","updated":"2025-06-04 15:52:21","seo_analyzer_scan_date":null,"focus_keyword":null,"additional_keywords":null,"truseo_locale":null},"aioseo_breadcrumb":"<div class=\"aioseo-breadcrumbs\"><span class=\"aioseo-breadcrumb\">\n\t\t\t<a href=\"https:\/\/dudasytextos.com\/causasde\" title=\"Inicio\">Inicio<\/a>\n\t\t<\/span><span class=\"aioseo-breadcrumb-separator\">&raquo;<\/span><span class=\"aioseo-breadcrumb\">\n\t\t\t<a href=\"https:\/\/dudasytextos.com\/causasde\/category\/conoce-las-causas\/\" title=\"Conoce las causas\">Conoce las causas<\/a>\n\t\t<\/span><span class=\"aioseo-breadcrumb-separator\">&raquo;<\/span><span class=\"aioseo-breadcrumb\">\n\t\t\tMarta de suecia causa de muerte\n\t\t<\/span><\/div>","aioseo_breadcrumb_json":[{"label":"Inicio","link":"https:\/\/dudasytextos.com\/causasde"},{"label":"Conoce las causas","link":"https:\/\/dudasytextos.com\/causasde\/category\/conoce-las-causas\/"},{"label":"Marta de suecia causa de muerte","link":"https:\/\/dudasytextos.com\/causasde\/marta-de-suecia-causa-de-muerte\/"}],"_links":{"self":[{"href":"https:\/\/dudasytextos.com\/causasde\/wp-json\/wp\/v2\/posts\/162854","targetHints":{"allow":["GET"]}}],"collection":[{"href":"https:\/\/dudasytextos.com\/causasde\/wp-json\/wp\/v2\/posts"}],"about":[{"href":"https:\/\/dudasytextos.com\/causasde\/wp-json\/wp\/v2\/types\/post"}],"author":[{"embeddable":true,"href":"https:\/\/dudasytextos.com\/causasde\/wp-json\/wp\/v2\/users\/1"}],"replies":[{"embeddable":true,"href":"https:\/\/dudasytextos.com\/causasde\/wp-json\/wp\/v2\/comments?post=162854"}],"version-history":[{"count":1,"href":"https:\/\/dudasytextos.com\/causasde\/wp-json\/wp\/v2\/posts\/162854\/revisions"}],"predecessor-version":[{"id":165725,"href":"https:\/\/dudasytextos.com\/causasde\/wp-json\/wp\/v2\/posts\/162854\/revisions\/165725"}],"wp:attachment":[{"href":"https:\/\/dudasytextos.com\/causasde\/wp-json\/wp\/v2\/media?parent=162854"}],"wp:term":[{"taxonomy":"category","embeddable":true,"href":"https:\/\/dudasytextos.com\/causasde\/wp-json\/wp\/v2\/categories?post=162854"},{"taxonomy":"post_tag","embeddable":true,"href":"https:\/\/dudasytextos.com\/causasde\/wp-json\/wp\/v2\/tags?post=162854"}],"curies":[{"name":"wp","href":"https:\/\/api.w.org\/{rel}","templated":true}]}}