{"id":162873,"date":"2025-03-02T09:50:27","date_gmt":"2025-03-02T09:50:27","guid":{"rendered":"https:\/\/educacion.cc\/?p=162873"},"modified":"2025-03-13T04:46:55","modified_gmt":"2025-03-13T04:46:55","slug":"papa-juan-pablo-i-causa-de-muerte","status":"publish","type":"post","link":"https:\/\/dudasytextos.com\/causasde\/papa-juan-pablo-i-causa-de-muerte\/","title":{"rendered":"Papa juan pablo I causa de muerte"},"content":{"rendered":"<div id=\"ez-toc-container\" class=\"ez-toc-v2_0_87 counter-hierarchy ez-toc-counter ez-toc-custom ez-toc-container-direction\">\n<div class=\"ez-toc-title-container\">\n<span class=\"ez-toc-title-toggle\"><\/span><\/div>\n<nav><ul class='ez-toc-list ez-toc-list-level-1 ' ><li class='ez-toc-page-1 ez-toc-heading-level-2'><a class=\"ez-toc-link ez-toc-heading-1\" href=\"https:\/\/dudasytextos.com\/causasde\/papa-juan-pablo-i-causa-de-muerte\/#La_causa_de_muerte_de_Papa_Juan_Pablo_I\" >La causa de muerte de Papa Juan Pablo I<\/a><\/li><li class='ez-toc-page-1 ez-toc-heading-level-2'><a class=\"ez-toc-link ez-toc-heading-2\" href=\"https:\/\/dudasytextos.com\/causasde\/papa-juan-pablo-i-causa-de-muerte\/#Curiosidades_sobre_Papa_Juan_Pablo_I\" >Curiosidades sobre Papa Juan Pablo I<\/a><\/li><li class='ez-toc-page-1 ez-toc-heading-level-2'><a class=\"ez-toc-link ez-toc-heading-3\" href=\"https:\/\/dudasytextos.com\/causasde\/papa-juan-pablo-i-causa-de-muerte\/#La_teoria_oficial_sobre_la_causa_de_muerte_de_Papa_Juan_Pablo_I\" >La teor\u00eda oficial sobre la causa de muerte de Papa Juan Pablo I<\/a><\/li><li class='ez-toc-page-1 ez-toc-heading-level-2'><a class=\"ez-toc-link ez-toc-heading-4\" href=\"https:\/\/dudasytextos.com\/causasde\/papa-juan-pablo-i-causa-de-muerte\/#Teorias_conspirativas_sobre_la_muerte_de_Papa_Juan_Pablo_I\" >Teor\u00edas conspirativas sobre la muerte de Papa Juan Pablo I<\/a><\/li><li class='ez-toc-page-1 ez-toc-heading-level-2'><a class=\"ez-toc-link ez-toc-heading-5\" href=\"https:\/\/dudasytextos.com\/causasde\/papa-juan-pablo-i-causa-de-muerte\/#Estudios_y_analisis_de_la_muerte_de_Papa_Juan_Pablo_I\" >Estudios y an\u00e1lisis de la muerte de Papa Juan Pablo I<\/a><\/li><li class='ez-toc-page-1 ez-toc-heading-level-2'><a class=\"ez-toc-link ez-toc-heading-6\" href=\"https:\/\/dudasytextos.com\/causasde\/papa-juan-pablo-i-causa-de-muerte\/#Mi_opinion_personal_sobre_la_causa_de_muerte_de_Papa_Juan_Pablo_I\" >Mi opini\u00f3n personal sobre la causa de muerte de Papa Juan Pablo I<\/a><\/li><li class='ez-toc-page-1 ez-toc-heading-level-2'><a class=\"ez-toc-link ez-toc-heading-7\" href=\"https:\/\/dudasytextos.com\/causasde\/papa-juan-pablo-i-causa-de-muerte\/#Preguntas_frecuentes_sobre_la_muerte_de_Papa_Juan_Pablo_I\" >Preguntas frecuentes sobre la muerte de Papa Juan Pablo I<\/a><ul class='ez-toc-list-level-3' ><li class='ez-toc-heading-level-3'><a class=\"ez-toc-link ez-toc-heading-8\" href=\"https:\/\/dudasytextos.com\/causasde\/papa-juan-pablo-i-causa-de-muerte\/#%C2%BFCuanto_tiempo_duro_el_papado_de_Papa_Juan_Pablo_I\" >\u00bfCu\u00e1nto tiempo dur\u00f3 el papado de Papa Juan Pablo I?<\/a><\/li><li class='ez-toc-page-1 ez-toc-heading-level-3'><a class=\"ez-toc-link ez-toc-heading-9\" href=\"https:\/\/dudasytextos.com\/causasde\/papa-juan-pablo-i-causa-de-muerte\/#%C2%BFCual_fue_la_causa_oficial_de_la_muerte_de_Papa_Juan_Pablo_I\" >\u00bfCu\u00e1l fue la causa oficial de la muerte de Papa Juan Pablo I?<\/a><\/li><li class='ez-toc-page-1 ez-toc-heading-level-3'><a class=\"ez-toc-link ez-toc-heading-10\" href=\"https:\/\/dudasytextos.com\/causasde\/papa-juan-pablo-i-causa-de-muerte\/#%C2%BFPor_que_se_cree_que_el_Papa_fue_asesinado\" >\u00bfPor qu\u00e9 se cree que el Papa fue asesinado?<\/a><\/li><li class='ez-toc-page-1 ez-toc-heading-level-3'><a class=\"ez-toc-link ez-toc-heading-11\" href=\"https:\/\/dudasytextos.com\/causasde\/papa-juan-pablo-i-causa-de-muerte\/#%C2%BFCual_es_la_teoria_mas_creible_sobre_la_muerte_de_Papa_Juan_Pablo_I\" >\u00bfCu\u00e1l es la teor\u00eda m\u00e1s cre\u00edble sobre la muerte de Papa Juan Pablo I?<\/a><\/li><li class='ez-toc-page-1 ez-toc-heading-level-3'><a class=\"ez-toc-link ez-toc-heading-12\" href=\"https:\/\/dudasytextos.com\/causasde\/papa-juan-pablo-i-causa-de-muerte\/#%C2%BFPor_que_la_muerte_de_Papa_Juan_Pablo_I_sigue_siendo_un_tema_de_debate_y_controversia\" >\u00bfPor qu\u00e9 la muerte de Papa Juan Pablo I sigue siendo un tema de debate y controversia?<\/a><\/li><li class='ez-toc-page-1 ez-toc-heading-level-3'><a class=\"ez-toc-link ez-toc-heading-13\" href=\"https:\/\/dudasytextos.com\/causasde\/papa-juan-pablo-i-causa-de-muerte\/#%C2%BFHa_habido_algun_otro_Papa_que_haya_muerto_en_circunstancias_misteriosas\" >\u00bfHa habido alg\u00fan otro Papa que haya muerto en circunstancias misteriosas?<\/a><\/li><\/ul><\/li><\/ul><\/nav><\/div>\n<h2><span class=\"ez-toc-section\" id=\"La_causa_de_muerte_de_Papa_Juan_Pablo_I\"><\/span>La causa de muerte de Papa Juan Pablo I<span class=\"ez-toc-section-end\"><\/span><\/h2>\n<p>\u00a1Hola a todos! Soy Ana Gonz\u00e1lez y en este art\u00edculo vamos a hablar sobre la misteriosa muerte del Papa Juan Pablo I. \u00bfEst\u00e1is listos para adentraros en este intrigante tema?<\/p>\n<h2><span class=\"ez-toc-section\" id=\"Curiosidades_sobre_Papa_Juan_Pablo_I\"><\/span>Curiosidades sobre Papa Juan Pablo I<span class=\"ez-toc-section-end\"><\/span><\/h2>\n<ul>\n<li>Papa Juan Pablo I fue elegido como Papa en 1978, pero su papado dur\u00f3 solo 33 d\u00edas.<\/li>\n<li>Es conocido como el Papa sonrisa por su carisma y buen humor.<\/li>\n<li>Fue el primer Papa en usar dos nombres en lugar de uno.<\/li>\n<li>Es el Papa que ha tenido el papado m\u00e1s corto del siglo XX.<\/li>\n<\/ul>\n<h2><span class=\"ez-toc-section\" id=\"La_teoria_oficial_sobre_la_causa_de_muerte_de_Papa_Juan_Pablo_I\"><\/span>La teor\u00eda oficial sobre la causa de muerte de Papa Juan Pablo I<span class=\"ez-toc-section-end\"><\/span><\/h2>\n<p>Seg\u00fan los informes oficiales, Papa Juan Pablo I muri\u00f3 de un ataque al coraz\u00f3n en la noche del 28 de septiembre de 1978. Sin embargo, esta versi\u00f3n ha sido cuestionada por muchos, incluyendo a algunos miembros de la Iglesia Cat\u00f3lica.<\/p>\n<h2><span class=\"ez-toc-section\" id=\"Teorias_conspirativas_sobre_la_muerte_de_Papa_Juan_Pablo_I\"><\/span>Teor\u00edas conspirativas sobre la muerte de Papa Juan Pablo I<span class=\"ez-toc-section-end\"><\/span><\/h2>\n<p>Una de las teor\u00edas m\u00e1s populares es que el Papa fue asesinado debido a su intento de reformar el Banco del Vaticano y eliminar la corrupci\u00f3n financiera. Se dice que algunos miembros de la Iglesia Cat\u00f3lica, as\u00ed como poderosas figuras pol\u00edticas y empresariales, se opusieron a estas reformas y conspiraron para matar al Papa.<\/p>\n<p>Otra teor\u00eda sugiere que el Papa fue asesinado por la mafia debido a sus esfuerzos para acabar con el crimen organizado en Italia.<\/p>\n<h2><span class=\"ez-toc-section\" id=\"Estudios_y_analisis_de_la_muerte_de_Papa_Juan_Pablo_I\"><\/span>Estudios y an\u00e1lisis de la muerte de Papa Juan Pablo I<span class=\"ez-toc-section-end\"><\/span><\/h2>\n<p>En 2006, la revista brit\u00e1nica The Lancet public\u00f3 un estudio que afirmaba que el Papa hab\u00eda muerto de un ataque al coraz\u00f3n. Sin embargo, muchos creen que este estudio fue influenciado por la Iglesia Cat\u00f3lica y no refleja la verdad.<\/p>\n<p>En 2017, un grupo de investigadores italianos llev\u00f3 a cabo una autopsia virtual del cuerpo del Papa y concluy\u00f3 que hab\u00eda sido envenenado con cianuro. Sin embargo, esta teor\u00eda no ha sido aceptada por la Iglesia Cat\u00f3lica y sigue siendo objeto de controversia.<\/p>\n<h2><span class=\"ez-toc-section\" id=\"Mi_opinion_personal_sobre_la_causa_de_muerte_de_Papa_Juan_Pablo_I\"><\/span>Mi opini\u00f3n personal sobre la causa de muerte de Papa Juan Pablo I<span class=\"ez-toc-section-end\"><\/span><\/h2>\n<p>Aunque no tengo pruebas concretas, creo que la teor\u00eda de que el Papa fue asesinado debido a sus intentos de reformar el Banco del Vaticano es bastante plausible. La corrupci\u00f3n financiera ha sido un problema en la Iglesia Cat\u00f3lica durante siglos, y no ser\u00eda sorprendente que algunos miembros de la Iglesia y otras figuras poderosas se opusieran a estos cambios y estuvieran dispuestos a hacer cualquier cosa para evitarlos.<\/p>\n<h2><span class=\"ez-toc-section\" id=\"Preguntas_frecuentes_sobre_la_muerte_de_Papa_Juan_Pablo_I\"><\/span>Preguntas frecuentes sobre la muerte de Papa Juan Pablo I<span class=\"ez-toc-section-end\"><\/span><\/h2>\n<h3><span class=\"ez-toc-section\" id=\"%C2%BFCuanto_tiempo_duro_el_papado_de_Papa_Juan_Pablo_I\"><\/span>\u00bfCu\u00e1nto tiempo dur\u00f3 el papado de Papa Juan Pablo I?<span class=\"ez-toc-section-end\"><\/span><\/h3>\n<p>Su papado dur\u00f3 solo 33 d\u00edas.<\/p>\n<h3><span class=\"ez-toc-section\" id=\"%C2%BFCual_fue_la_causa_oficial_de_la_muerte_de_Papa_Juan_Pablo_I\"><\/span>\u00bfCu\u00e1l fue la causa oficial de la muerte de Papa Juan Pablo I?<span class=\"ez-toc-section-end\"><\/span><\/h3>\n<p>La causa oficial de la muerte fue un ataque al coraz\u00f3n.<\/p>\n<h3><span class=\"ez-toc-section\" id=\"%C2%BFPor_que_se_cree_que_el_Papa_fue_asesinado\"><\/span>\u00bfPor qu\u00e9 se cree que el Papa fue asesinado?<span class=\"ez-toc-section-end\"><\/span><\/h3>\n<p>Se cree que el Papa fue asesinado debido a sus intentos de reformar el Banco del Vaticano y eliminar la corrupci\u00f3n financiera, as\u00ed como por sus esfuerzos para acabar con la mafia en Italia.<\/p>\n<h3><span class=\"ez-toc-section\" id=\"%C2%BFCual_es_la_teoria_mas_creible_sobre_la_muerte_de_Papa_Juan_Pablo_I\"><\/span>\u00bfCu\u00e1l es la teor\u00eda m\u00e1s cre\u00edble sobre la muerte de Papa Juan Pablo I?<span class=\"ez-toc-section-end\"><\/span><\/h3>\n<p>Esta es una pregunta dif\u00edcil de responder, ya que no hay pruebas concretas que respalden ninguna de las teor\u00edas. Sin embargo, personalmente creo que la teor\u00eda de que el Papa fue asesinado debido a sus intentos de reformar el Banco del Vaticano es bastante plausible.<\/p>\n<h3><span class=\"ez-toc-section\" id=\"%C2%BFPor_que_la_muerte_de_Papa_Juan_Pablo_I_sigue_siendo_un_tema_de_debate_y_controversia\"><\/span>\u00bfPor qu\u00e9 la muerte de Papa Juan Pablo I sigue siendo un tema de debate y controversia?<span class=\"ez-toc-section-end\"><\/span><\/h3>\n<p>La muerte de Papa Juan Pablo I sigue siendo un tema de debate y controversia porque no hay una explicaci\u00f3n clara y concisa de lo que realmente sucedi\u00f3. Adem\u00e1s, algunas teor\u00edas conspirativas son muy convincentes y no se han podido descartar por completo.<\/p>\n<h3><span class=\"ez-toc-section\" id=\"%C2%BFHa_habido_algun_otro_Papa_que_haya_muerto_en_circunstancias_misteriosas\"><\/span>\u00bfHa habido alg\u00fan otro Papa que haya muerto en circunstancias misteriosas?<span class=\"ez-toc-section-end\"><\/span><\/h3>\n<p>S\u00ed, el Papa Juan Pablo II tambi\u00e9n muri\u00f3 en circunstancias misteriosas. Aunque la causa oficial de su muerte fue una insuficiencia card\u00edaca, algunos creen que fue asesinado debido a sus esfuerzos por acabar con la corrupci\u00f3n financiera en el Vaticano.<\/p>\n<p>Espero que hay\u00e1is disfrutado leyendo este art\u00edculo tanto como yo disfrut\u00e9 escribi\u00e9ndolo. No olvid\u00e9is compartir vuestra opini\u00f3n en los comentarios y seguir explorando el mundo del misterio y la conspiraci\u00f3n.<\/p>\n","protected":false},"excerpt":{"rendered":"<p>La causa de muerte de Papa Juan Pablo I \u00a1Hola a todos! Soy Ana Gonz\u00e1lez y en este art\u00edculo vamos a hablar sobre la misteriosa muerte del Papa Juan Pablo I. \u00bfEst\u00e1is listos para adentraros en este intrigante tema? Curiosidades sobre Papa Juan Pablo I Papa Juan Pablo I fue elegido como Papa en 1978, &#8230; <a title=\"Papa juan pablo I causa de muerte\" class=\"read-more\" href=\"https:\/\/dudasytextos.com\/causasde\/papa-juan-pablo-i-causa-de-muerte\/\" aria-label=\"M\u00e1s en Papa juan pablo I causa de muerte\">Leer m\u00e1s<\/a><\/p>\n","protected":false},"author":1,"featured_media":0,"comment_status":"open","ping_status":"open","sticky":false,"template":"","format":"standard","meta":{"footnotes":""},"categories":[4],"tags":[],"class_list":["post-162873","post","type-post","status-publish","format-standard","hentry","category-conoce-las-causas"],"aioseo_notices":[],"aioseo_head":"\n\t\t<!-- All in One SEO 5.0.1.1 - aioseo.com -->\n\t<meta name=\"description\" content=\"La causa de muerte de Papa Juan Pablo I \u00a1Hola a todos! Soy Ana Gonz\u00e1lez y en este art\u00edculo vamos a hablar sobre la misteriosa muerte del Papa Juan Pablo I. \u00bfEst\u00e1is listos para adentraros en este intrigante tema? Curiosidades sobre Papa Juan Pablo I Papa Juan Pablo I fue elegido como Papa en 1978,\" \/>\n\t<meta name=\"robots\" content=\"max-snippet:-1, max-image-preview:large, max-video-preview:-1\" \/>\n\t<meta name=\"author\" content=\"Ana Gonz\u00e1lez\"\/>\n\t<link rel=\"canonical\" href=\"https:\/\/dudasytextos.com\/causasde\/papa-juan-pablo-i-causa-de-muerte\/\" \/>\n\t<meta name=\"generator\" content=\"All in One SEO (AIOSEO) 5.0.1.1\" \/>\n\n\t\t<!-- Google tag (gtag.js) -->\n<script async src=\"https:\/\/www.googletagmanager.com\/gtag\/js?id=G-1RZBHH3Z7E\"><\/script>\n<script>\n  window.dataLayer = window.dataLayer || [];\n  function gtag(){dataLayer.push(arguments);}\n  gtag('js', new Date());\n\n  gtag('config', 'G-1RZBHH3Z7E');\n<\/script>\n<script async src=\"https:\/\/pagead2.googlesyndication.com\/pagead\/js\/adsbygoogle.js?client=ca-pub-3987500858204711\"\n     crossorigin=\"anonymous\"><\/script>\n\t\t<meta property=\"og:locale\" content=\"es_ES\" \/>\n\t\t<meta property=\"og:site_name\" content=\"Conoce las causas - Conoce las causas\" \/>\n\t\t<meta property=\"og:type\" content=\"article\" \/>\n\t\t<meta property=\"og:title\" content=\"Papa juan pablo I causa de muerte (2026) Conoce las causas\" \/>\n\t\t<meta property=\"og:description\" content=\"La causa de muerte de Papa Juan Pablo I \u00a1Hola a todos! Soy Ana Gonz\u00e1lez y en este art\u00edculo vamos a hablar sobre la misteriosa muerte del Papa Juan Pablo I. \u00bfEst\u00e1is listos para adentraros en este intrigante tema? Curiosidades sobre Papa Juan Pablo I Papa Juan Pablo I fue elegido como Papa en 1978,\" \/>\n\t\t<meta property=\"og:url\" content=\"https:\/\/dudasytextos.com\/causasde\/papa-juan-pablo-i-causa-de-muerte\/\" \/>\n\t\t<meta property=\"article:published_time\" content=\"2025-03-02T09:50:27+00:00\" \/>\n\t\t<meta property=\"article:modified_time\" content=\"2025-03-13T04:46:55+00:00\" \/>\n\t\t<meta name=\"twitter:card\" content=\"summary_large_image\" \/>\n\t\t<meta name=\"twitter:title\" content=\"Papa juan pablo I causa de muerte (2026) Conoce las causas\" \/>\n\t\t<meta name=\"twitter:description\" content=\"La causa de muerte de Papa Juan Pablo I \u00a1Hola a todos! Soy Ana Gonz\u00e1lez y en este art\u00edculo vamos a hablar sobre la misteriosa muerte del Papa Juan Pablo I. \u00bfEst\u00e1is listos para adentraros en este intrigante tema? Curiosidades sobre Papa Juan Pablo I Papa Juan Pablo I fue elegido como Papa en 1978,\" \/>\n\t\t<script type=\"application\/ld+json\" class=\"aioseo-schema\">\n\t\t\t{\"@context\":\"https:\\\/\\\/schema.org\",\"@graph\":[{\"@type\":\"BlogPosting\",\"@id\":\"https:\\\/\\\/dudasytextos.com\\\/causasde\\\/papa-juan-pablo-i-causa-de-muerte\\\/#blogposting\",\"name\":\"Papa juan pablo I causa de muerte (2026) Conoce las causas\",\"headline\":\"Papa juan pablo I causa de muerte\",\"author\":{\"@id\":\"https:\\\/\\\/dudasytextos.com\\\/causasde\\\/author\\\/admin44\\\/#author\"},\"publisher\":{\"@id\":\"https:\\\/\\\/dudasytextos.com\\\/causasde\\\/#organization\"},\"datePublished\":\"2025-03-02T09:50:27+00:00\",\"dateModified\":\"2025-03-13T04:46:55+00:00\",\"inLanguage\":\"es-ES\",\"mainEntityOfPage\":{\"@id\":\"https:\\\/\\\/dudasytextos.com\\\/causasde\\\/papa-juan-pablo-i-causa-de-muerte\\\/#webpage\"},\"isPartOf\":{\"@id\":\"https:\\\/\\\/dudasytextos.com\\\/causasde\\\/papa-juan-pablo-i-causa-de-muerte\\\/#webpage\"},\"articleSection\":\"Conoce las causas\"},{\"@type\":\"BreadcrumbList\",\"@id\":\"https:\\\/\\\/dudasytextos.com\\\/causasde\\\/papa-juan-pablo-i-causa-de-muerte\\\/#breadcrumblist\",\"itemListElement\":[{\"@type\":\"ListItem\",\"@id\":\"https:\\\/\\\/dudasytextos.com\\\/causasde#listItem\",\"position\":1,\"name\":\"Inicio\",\"item\":\"https:\\\/\\\/dudasytextos.com\\\/causasde\",\"nextItem\":{\"@type\":\"ListItem\",\"@id\":\"https:\\\/\\\/dudasytextos.com\\\/causasde\\\/category\\\/conoce-las-causas\\\/#listItem\",\"name\":\"Conoce las causas\"}},{\"@type\":\"ListItem\",\"@id\":\"https:\\\/\\\/dudasytextos.com\\\/causasde\\\/category\\\/conoce-las-causas\\\/#listItem\",\"position\":2,\"name\":\"Conoce las causas\",\"item\":\"https:\\\/\\\/dudasytextos.com\\\/causasde\\\/category\\\/conoce-las-causas\\\/\",\"nextItem\":{\"@type\":\"ListItem\",\"@id\":\"https:\\\/\\\/dudasytextos.com\\\/causasde\\\/papa-juan-pablo-i-causa-de-muerte\\\/#listItem\",\"name\":\"Papa juan pablo I causa de muerte\"},\"previousItem\":{\"@type\":\"ListItem\",\"@id\":\"https:\\\/\\\/dudasytextos.com\\\/causasde#listItem\",\"name\":\"Inicio\"}},{\"@type\":\"ListItem\",\"@id\":\"https:\\\/\\\/dudasytextos.com\\\/causasde\\\/papa-juan-pablo-i-causa-de-muerte\\\/#listItem\",\"position\":3,\"name\":\"Papa juan pablo I causa de muerte\",\"previousItem\":{\"@type\":\"ListItem\",\"@id\":\"https:\\\/\\\/dudasytextos.com\\\/causasde\\\/category\\\/conoce-las-causas\\\/#listItem\",\"name\":\"Conoce las causas\"}}]},{\"@type\":\"Organization\",\"@id\":\"https:\\\/\\\/dudasytextos.com\\\/causasde\\\/#organization\",\"name\":\"\\u00bfC\\u00f3mo funciona?\",\"description\":\"Conoce las causas\",\"url\":\"https:\\\/\\\/dudasytextos.com\\\/causasde\\\/\"},{\"@type\":\"Person\",\"@id\":\"https:\\\/\\\/dudasytextos.com\\\/causasde\\\/author\\\/admin44\\\/#author\",\"url\":\"https:\\\/\\\/dudasytextos.com\\\/causasde\\\/author\\\/admin44\\\/\",\"name\":\"Ana Gonz\\u00e1lez\"},{\"@type\":\"WebPage\",\"@id\":\"https:\\\/\\\/dudasytextos.com\\\/causasde\\\/papa-juan-pablo-i-causa-de-muerte\\\/#webpage\",\"url\":\"https:\\\/\\\/dudasytextos.com\\\/causasde\\\/papa-juan-pablo-i-causa-de-muerte\\\/\",\"name\":\"Papa juan pablo I causa de muerte (2026) Conoce las causas\",\"description\":\"La causa de muerte de Papa Juan Pablo I \\u00a1Hola a todos! Soy Ana Gonz\\u00e1lez y en este art\\u00edculo vamos a hablar sobre la misteriosa muerte del Papa Juan Pablo I. \\u00bfEst\\u00e1is listos para adentraros en este intrigante tema? Curiosidades sobre Papa Juan Pablo I Papa Juan Pablo I fue elegido como Papa en 1978,\",\"inLanguage\":\"es-ES\",\"isPartOf\":{\"@id\":\"https:\\\/\\\/dudasytextos.com\\\/causasde\\\/#website\"},\"breadcrumb\":{\"@id\":\"https:\\\/\\\/dudasytextos.com\\\/causasde\\\/papa-juan-pablo-i-causa-de-muerte\\\/#breadcrumblist\"},\"author\":{\"@id\":\"https:\\\/\\\/dudasytextos.com\\\/causasde\\\/author\\\/admin44\\\/#author\"},\"creator\":{\"@id\":\"https:\\\/\\\/dudasytextos.com\\\/causasde\\\/author\\\/admin44\\\/#author\"},\"datePublished\":\"2025-03-02T09:50:27+00:00\",\"dateModified\":\"2025-03-13T04:46:55+00:00\"},{\"@type\":\"WebSite\",\"@id\":\"https:\\\/\\\/dudasytextos.com\\\/causasde\\\/#website\",\"url\":\"https:\\\/\\\/dudasytextos.com\\\/causasde\\\/\",\"name\":\"\\u00bfC\\u00f3mo funciona?\",\"description\":\"Conoce las causas\",\"inLanguage\":\"es-ES\",\"publisher\":{\"@id\":\"https:\\\/\\\/dudasytextos.com\\\/causasde\\\/#organization\"}}]}\n\t\t<\/script>\n\t\t<!-- All in One SEO -->\n\n","aioseo_head_json":{"title":"Papa juan pablo I causa de muerte (2026) Conoce las causas","description":"La causa de muerte de Papa Juan Pablo I \u00a1Hola a todos! Soy Ana Gonz\u00e1lez y en este art\u00edculo vamos a hablar sobre la misteriosa muerte del Papa Juan Pablo I. \u00bfEst\u00e1is listos para adentraros en este intrigante tema? Curiosidades sobre Papa Juan Pablo I Papa Juan Pablo I fue elegido como Papa en 1978,","canonical_url":"https:\/\/dudasytextos.com\/causasde\/papa-juan-pablo-i-causa-de-muerte\/","robots":"max-snippet:-1, max-image-preview:large, max-video-preview:-1","keywords":"","webmasterTools":{"miscellaneous":"&lt;!-- Google tag (gtag.js) --&gt;\n&lt;script async src=\"https:\/\/www.googletagmanager.com\/gtag\/js?id=G-1RZBHH3Z7E\"&gt;&lt;\/script&gt;\n&lt;script&gt;\n  window.dataLayer = window.dataLayer || [];\n  function gtag(){dataLayer.push(arguments);}\n  gtag('js', new Date());\n\n  gtag('config', 'G-1RZBHH3Z7E');\n&lt;\/script&gt;\n&lt;script async src=\"https:\/\/pagead2.googlesyndication.com\/pagead\/js\/adsbygoogle.js?client=ca-pub-3987500858204711\"\n     crossorigin=\"anonymous\"&gt;&lt;\/script&gt;"},"schema":{"@context":"https:\/\/schema.org","@graph":[{"@type":"BlogPosting","@id":"https:\/\/dudasytextos.com\/causasde\/papa-juan-pablo-i-causa-de-muerte\/#blogposting","name":"Papa juan pablo I causa de muerte (2026) Conoce las causas","headline":"Papa juan pablo I causa de muerte","author":{"@id":"https:\/\/dudasytextos.com\/causasde\/author\/admin44\/#author"},"publisher":{"@id":"https:\/\/dudasytextos.com\/causasde\/#organization"},"datePublished":"2025-03-02T09:50:27+00:00","dateModified":"2025-03-13T04:46:55+00:00","inLanguage":"es-ES","mainEntityOfPage":{"@id":"https:\/\/dudasytextos.com\/causasde\/papa-juan-pablo-i-causa-de-muerte\/#webpage"},"isPartOf":{"@id":"https:\/\/dudasytextos.com\/causasde\/papa-juan-pablo-i-causa-de-muerte\/#webpage"},"articleSection":"Conoce las causas"},{"@type":"BreadcrumbList","@id":"https:\/\/dudasytextos.com\/causasde\/papa-juan-pablo-i-causa-de-muerte\/#breadcrumblist","itemListElement":[{"@type":"ListItem","@id":"https:\/\/dudasytextos.com\/causasde#listItem","position":1,"name":"Inicio","item":"https:\/\/dudasytextos.com\/causasde","nextItem":{"@type":"ListItem","@id":"https:\/\/dudasytextos.com\/causasde\/category\/conoce-las-causas\/#listItem","name":"Conoce las causas"}},{"@type":"ListItem","@id":"https:\/\/dudasytextos.com\/causasde\/category\/conoce-las-causas\/#listItem","position":2,"name":"Conoce las causas","item":"https:\/\/dudasytextos.com\/causasde\/category\/conoce-las-causas\/","nextItem":{"@type":"ListItem","@id":"https:\/\/dudasytextos.com\/causasde\/papa-juan-pablo-i-causa-de-muerte\/#listItem","name":"Papa juan pablo I causa de muerte"},"previousItem":{"@type":"ListItem","@id":"https:\/\/dudasytextos.com\/causasde#listItem","name":"Inicio"}},{"@type":"ListItem","@id":"https:\/\/dudasytextos.com\/causasde\/papa-juan-pablo-i-causa-de-muerte\/#listItem","position":3,"name":"Papa juan pablo I causa de muerte","previousItem":{"@type":"ListItem","@id":"https:\/\/dudasytextos.com\/causasde\/category\/conoce-las-causas\/#listItem","name":"Conoce las causas"}}]},{"@type":"Organization","@id":"https:\/\/dudasytextos.com\/causasde\/#organization","name":"\u00bfC\u00f3mo funciona?","description":"Conoce las causas","url":"https:\/\/dudasytextos.com\/causasde\/"},{"@type":"Person","@id":"https:\/\/dudasytextos.com\/causasde\/author\/admin44\/#author","url":"https:\/\/dudasytextos.com\/causasde\/author\/admin44\/","name":"Ana Gonz\u00e1lez"},{"@type":"WebPage","@id":"https:\/\/dudasytextos.com\/causasde\/papa-juan-pablo-i-causa-de-muerte\/#webpage","url":"https:\/\/dudasytextos.com\/causasde\/papa-juan-pablo-i-causa-de-muerte\/","name":"Papa juan pablo I causa de muerte (2026) Conoce las causas","description":"La causa de muerte de Papa Juan Pablo I \u00a1Hola a todos! Soy Ana Gonz\u00e1lez y en este art\u00edculo vamos a hablar sobre la misteriosa muerte del Papa Juan Pablo I. \u00bfEst\u00e1is listos para adentraros en este intrigante tema? Curiosidades sobre Papa Juan Pablo I Papa Juan Pablo I fue elegido como Papa en 1978,","inLanguage":"es-ES","isPartOf":{"@id":"https:\/\/dudasytextos.com\/causasde\/#website"},"breadcrumb":{"@id":"https:\/\/dudasytextos.com\/causasde\/papa-juan-pablo-i-causa-de-muerte\/#breadcrumblist"},"author":{"@id":"https:\/\/dudasytextos.com\/causasde\/author\/admin44\/#author"},"creator":{"@id":"https:\/\/dudasytextos.com\/causasde\/author\/admin44\/#author"},"datePublished":"2025-03-02T09:50:27+00:00","dateModified":"2025-03-13T04:46:55+00:00"},{"@type":"WebSite","@id":"https:\/\/dudasytextos.com\/causasde\/#website","url":"https:\/\/dudasytextos.com\/causasde\/","name":"\u00bfC\u00f3mo funciona?","description":"Conoce las causas","inLanguage":"es-ES","publisher":{"@id":"https:\/\/dudasytextos.com\/causasde\/#organization"}}]},"og:locale":"es_ES","og:site_name":"Conoce las causas - Conoce las causas","og:type":"article","og:title":"Papa juan pablo I causa de muerte (2026) Conoce las causas","og:description":"La causa de muerte de Papa Juan Pablo I \u00a1Hola a todos! Soy Ana Gonz\u00e1lez y en este art\u00edculo vamos a hablar sobre la misteriosa muerte del Papa Juan Pablo I. \u00bfEst\u00e1is listos para adentraros en este intrigante tema? Curiosidades sobre Papa Juan Pablo I Papa Juan Pablo I fue elegido como Papa en 1978,","og:url":"https:\/\/dudasytextos.com\/causasde\/papa-juan-pablo-i-causa-de-muerte\/","article:published_time":"2025-03-02T09:50:27+00:00","article:modified_time":"2025-03-13T04:46:55+00:00","twitter:card":"summary_large_image","twitter:title":"Papa juan pablo I causa de muerte (2026) Conoce las causas","twitter:description":"La causa de muerte de Papa Juan Pablo I \u00a1Hola a todos! Soy Ana Gonz\u00e1lez y en este art\u00edculo vamos a hablar sobre la misteriosa muerte del Papa Juan Pablo I. \u00bfEst\u00e1is listos para adentraros en este intrigante tema? Curiosidades sobre Papa Juan Pablo I Papa Juan Pablo I fue elegido como Papa en 1978,"},"aioseo_meta_data":{"post_id":"162873","title":null,"description":null,"keywords":null,"keyphrases":null,"primary_term":null,"canonical_url":null,"og_title":null,"og_description":null,"og_object_type":"default","og_image_type":"default","og_image_url":null,"og_image_width":null,"og_image_height":null,"og_image_custom_url":null,"og_image_custom_fields":null,"og_video":null,"og_custom_url":null,"og_article_section":null,"og_article_tags":null,"twitter_use_og":false,"twitter_card":"default","twitter_image_type":"default","twitter_image_url":null,"twitter_image_custom_url":null,"twitter_image_custom_fields":null,"twitter_title":null,"twitter_description":null,"schema":{"blockGraphs":[],"customGraphs":[],"default":{"data":{"Article":[],"Course":[],"Dataset":[],"FAQPage":[],"Movie":[],"Person":[],"Product":[],"ProductReview":[],"Car":[],"Recipe":[],"Service":[],"SoftwareApplication":[],"WebPage":[]},"graphName":"","isEnabled":true},"graphs":[]},"schema_type":"default","schema_type_options":null,"pillar_content":false,"robots_default":true,"robots_noindex":false,"robots_noarchive":false,"robots_nosnippet":false,"robots_nofollow":false,"robots_noimageindex":false,"robots_noodp":false,"robots_notranslate":false,"robots_max_snippet":null,"robots_max_videopreview":null,"robots_max_imagepreview":"large","priority":null,"frequency":null,"local_seo":null,"breadcrumb_settings":null,"limit_modified_date":false,"ai":null,"created":"2023-05-12 15:59:01","updated":"2025-06-04 06:46:28","seo_analyzer_scan_date":null,"focus_keyword":null,"additional_keywords":null,"truseo_locale":null},"aioseo_breadcrumb":"<div class=\"aioseo-breadcrumbs\"><span class=\"aioseo-breadcrumb\">\n\t\t\t<a href=\"https:\/\/dudasytextos.com\/causasde\" title=\"Inicio\">Inicio<\/a>\n\t\t<\/span><span class=\"aioseo-breadcrumb-separator\">&raquo;<\/span><span class=\"aioseo-breadcrumb\">\n\t\t\t<a href=\"https:\/\/dudasytextos.com\/causasde\/category\/conoce-las-causas\/\" title=\"Conoce las causas\">Conoce las causas<\/a>\n\t\t<\/span><span class=\"aioseo-breadcrumb-separator\">&raquo;<\/span><span class=\"aioseo-breadcrumb\">\n\t\t\tPapa juan pablo I causa de muerte\n\t\t<\/span><\/div>","aioseo_breadcrumb_json":[{"label":"Inicio","link":"https:\/\/dudasytextos.com\/causasde"},{"label":"Conoce las causas","link":"https:\/\/dudasytextos.com\/causasde\/category\/conoce-las-causas\/"},{"label":"Papa juan pablo I causa de muerte","link":"https:\/\/dudasytextos.com\/causasde\/papa-juan-pablo-i-causa-de-muerte\/"}],"_links":{"self":[{"href":"https:\/\/dudasytextos.com\/causasde\/wp-json\/wp\/v2\/posts\/162873","targetHints":{"allow":["GET"]}}],"collection":[{"href":"https:\/\/dudasytextos.com\/causasde\/wp-json\/wp\/v2\/posts"}],"about":[{"href":"https:\/\/dudasytextos.com\/causasde\/wp-json\/wp\/v2\/types\/post"}],"author":[{"embeddable":true,"href":"https:\/\/dudasytextos.com\/causasde\/wp-json\/wp\/v2\/users\/1"}],"replies":[{"embeddable":true,"href":"https:\/\/dudasytextos.com\/causasde\/wp-json\/wp\/v2\/comments?post=162873"}],"version-history":[{"count":1,"href":"https:\/\/dudasytextos.com\/causasde\/wp-json\/wp\/v2\/posts\/162873\/revisions"}],"predecessor-version":[{"id":165706,"href":"https:\/\/dudasytextos.com\/causasde\/wp-json\/wp\/v2\/posts\/162873\/revisions\/165706"}],"wp:attachment":[{"href":"https:\/\/dudasytextos.com\/causasde\/wp-json\/wp\/v2\/media?parent=162873"}],"wp:term":[{"taxonomy":"category","embeddable":true,"href":"https:\/\/dudasytextos.com\/causasde\/wp-json\/wp\/v2\/categories?post=162873"},{"taxonomy":"post_tag","embeddable":true,"href":"https:\/\/dudasytextos.com\/causasde\/wp-json\/wp\/v2\/tags?post=162873"}],"curies":[{"name":"wp","href":"https:\/\/api.w.org\/{rel}","templated":true}]}}