{"id":163077,"date":"2025-03-03T12:41:17","date_gmt":"2025-03-03T12:41:17","guid":{"rendered":"https:\/\/educacion.cc\/?p=163077"},"modified":"2025-03-12T18:51:14","modified_gmt":"2025-03-12T18:51:14","slug":"causa-mas-frecuente-de-demencia","status":"publish","type":"post","link":"https:\/\/dudasytextos.com\/causasde\/causa-mas-frecuente-de-demencia\/","title":{"rendered":"Causa mas frecuente de demencia"},"content":{"rendered":"<div id=\"ez-toc-container\" class=\"ez-toc-v2_0_87 counter-hierarchy ez-toc-counter ez-toc-custom ez-toc-container-direction\">\n<div class=\"ez-toc-title-container\">\n<span class=\"ez-toc-title-toggle\"><\/span><\/div>\n<nav><ul class='ez-toc-list ez-toc-list-level-1 ' ><li class='ez-toc-page-1 ez-toc-heading-level-2'><a class=\"ez-toc-link ez-toc-heading-1\" href=\"https:\/\/dudasytextos.com\/causasde\/causa-mas-frecuente-de-demencia\/#Causa_mas_frecuente_de_demencia\" >Causa m\u00e1s frecuente de demencia<\/a><\/li><li class='ez-toc-page-1 ez-toc-heading-level-2'><a class=\"ez-toc-link ez-toc-heading-2\" href=\"https:\/\/dudasytextos.com\/causasde\/causa-mas-frecuente-de-demencia\/#Por_Ana_Gonzalez\" >Por Ana Gonz\u00e1lez<\/a><\/li><li class='ez-toc-page-1 ez-toc-heading-level-2'><a class=\"ez-toc-link ez-toc-heading-3\" href=\"https:\/\/dudasytextos.com\/causasde\/causa-mas-frecuente-de-demencia\/#Curiosidades_y_datos_interesantes\" >Curiosidades y datos interesantes<\/a><\/li><li class='ez-toc-page-1 ez-toc-heading-level-2'><a class=\"ez-toc-link ez-toc-heading-4\" href=\"https:\/\/dudasytextos.com\/causasde\/causa-mas-frecuente-de-demencia\/#Mi_experiencia_con_la_enfermedad_de_Alzheimer\" >Mi experiencia con la enfermedad de Alzheimer<\/a><\/li><li class='ez-toc-page-1 ez-toc-heading-level-2'><a class=\"ez-toc-link ez-toc-heading-5\" href=\"https:\/\/dudasytextos.com\/causasde\/causa-mas-frecuente-de-demencia\/#%C2%BFQue_es_la_enfermedad_de_Alzheimer\" >\u00bfQu\u00e9 es la enfermedad de Alzheimer?<\/a><\/li><li class='ez-toc-page-1 ez-toc-heading-level-2'><a class=\"ez-toc-link ez-toc-heading-6\" href=\"https:\/\/dudasytextos.com\/causasde\/causa-mas-frecuente-de-demencia\/#%C2%BFComo_se_diagnostica_la_enfermedad_de_Alzheimer\" >\u00bfC\u00f3mo se diagnostica la enfermedad de Alzheimer?<\/a><\/li><li class='ez-toc-page-1 ez-toc-heading-level-2'><a class=\"ez-toc-link ez-toc-heading-7\" href=\"https:\/\/dudasytextos.com\/causasde\/causa-mas-frecuente-de-demencia\/#Tratamientos_para_la_enfermedad_de_Alzheimer\" >Tratamientos para la enfermedad de Alzheimer<\/a><\/li><li class='ez-toc-page-1 ez-toc-heading-level-2'><a class=\"ez-toc-link ez-toc-heading-8\" href=\"https:\/\/dudasytextos.com\/causasde\/causa-mas-frecuente-de-demencia\/#Preguntas_frecuentes\" >Preguntas frecuentes<\/a><ul class='ez-toc-list-level-3' ><li class='ez-toc-heading-level-3'><a class=\"ez-toc-link ez-toc-heading-9\" href=\"https:\/\/dudasytextos.com\/causasde\/causa-mas-frecuente-de-demencia\/#%C2%BFLa_enfermedad_de_Alzheimer_es_hereditaria\" >\u00bfLa enfermedad de Alzheimer es hereditaria?<\/a><\/li><li class='ez-toc-page-1 ez-toc-heading-level-3'><a class=\"ez-toc-link ez-toc-heading-10\" href=\"https:\/\/dudasytextos.com\/causasde\/causa-mas-frecuente-de-demencia\/#%C2%BFQue_puedo_hacer_para_prevenir_la_enfermedad_de_Alzheimer\" >\u00bfQu\u00e9 puedo hacer para prevenir la enfermedad de Alzheimer?<\/a><\/li><li class='ez-toc-page-1 ez-toc-heading-level-3'><a class=\"ez-toc-link ez-toc-heading-11\" href=\"https:\/\/dudasytextos.com\/causasde\/causa-mas-frecuente-de-demencia\/#%C2%BFEs_cierto_que_el_aluminio_puede_causar_Alzheimer\" >\u00bfEs cierto que el aluminio puede causar Alzheimer?<\/a><\/li><li class='ez-toc-page-1 ez-toc-heading-level-3'><a class=\"ez-toc-link ez-toc-heading-12\" href=\"https:\/\/dudasytextos.com\/causasde\/causa-mas-frecuente-de-demencia\/#%C2%BFComo_puedo_ayudar_a_alguien_con_enfermedad_de_Alzheimer\" >\u00bfC\u00f3mo puedo ayudar a alguien con enfermedad de Alzheimer?<\/a><\/li><\/ul><\/li><\/ul><\/nav><\/div>\n<h2><span class=\"ez-toc-section\" id=\"Causa_mas_frecuente_de_demencia\"><\/span>Causa m\u00e1s frecuente de demencia<span class=\"ez-toc-section-end\"><\/span><\/h2>\n<h2><span class=\"ez-toc-section\" id=\"Por_Ana_Gonzalez\"><\/span>Por Ana Gonz\u00e1lez<span class=\"ez-toc-section-end\"><\/span><\/h2>\n<section>\n<h2><span class=\"ez-toc-section\" id=\"Curiosidades_y_datos_interesantes\"><\/span>Curiosidades y datos interesantes<span class=\"ez-toc-section-end\"><\/span><\/h2>\n<ul>\n<li>La demencia es una enfermedad cada vez m\u00e1s com\u00fan, con 47 millones de personas afectadas en todo el mundo.<\/li>\n<li>En Espa\u00f1a, se estima que hay alrededor de 800.000 personas que padecen alg\u00fan tipo de demencia.<\/li>\n<li>La causa m\u00e1s frecuente de demencia es la enfermedad de Alzheimer, que representa entre el 60% y el 80% de los casos.<\/li>\n<li>La demencia afecta principalmente a personas mayores de 65 a\u00f1os, aunque tambi\u00e9n puede afectar a personas m\u00e1s j\u00f3venes.<\/li>\n<li>La demencia no solo afecta a la memoria, sino tambi\u00e9n al pensamiento, el lenguaje, la atenci\u00f3n y la capacidad para realizar actividades diarias.<\/li>\n<\/ul>\n<\/section>\n<section>\n<h2><span class=\"ez-toc-section\" id=\"Mi_experiencia_con_la_enfermedad_de_Alzheimer\"><\/span>Mi experiencia con la enfermedad de Alzheimer<span class=\"ez-toc-section-end\"><\/span><\/h2>\n<p>En mi familia, hemos experimentado de cerca los efectos de la enfermedad de Alzheimer. Mi abuela comenz\u00f3 a mostrar signos de demencia cuando ten\u00eda unos 75 a\u00f1os. Al principio, fueron peque\u00f1as cosas, como olvidar d\u00f3nde hab\u00eda dejado las llaves o tener dificultades para recordar el nombre de alguien. Pero con el tiempo, los s\u00edntomas empeoraron y comenz\u00f3 a tener dificultades para realizar tareas cotidianas, como vestirse o cocinar.<\/p>\n<p>La enfermedad de Alzheimer no solo afect\u00f3 a mi abuela, sino tambi\u00e9n a toda la familia. Fue dif\u00edcil ver c\u00f3mo su personalidad cambi\u00f3 y c\u00f3mo perdi\u00f3 su independencia. Pero tambi\u00e9n aprendimos a apreciar los peque\u00f1os momentos de felicidad y a disfrutar de su compa\u00f1\u00eda, incluso cuando ya no pod\u00eda recordar qui\u00e9nes \u00e9ramos.<\/p>\n<\/section>\n<section>\n<h2><span class=\"ez-toc-section\" id=\"%C2%BFQue_es_la_enfermedad_de_Alzheimer\"><\/span>\u00bfQu\u00e9 es la enfermedad de Alzheimer?<span class=\"ez-toc-section-end\"><\/span><\/h2>\n<p>La enfermedad de Alzheimer es un trastorno neurodegenerativo que afecta principalmente a personas mayores. Se caracteriza por la p\u00e9rdida progresiva de las funciones cognitivas, como la memoria, el pensamiento, la atenci\u00f3n y el lenguaje. Tambi\u00e9n puede afectar a la capacidad de realizar actividades diarias, como vestirse o cocinar.<\/p>\n<p>La causa exacta de la enfermedad de Alzheimer no se conoce, pero se cree que est\u00e1 relacionada con factores gen\u00e9ticos y ambientales. Los s\u00edntomas suelen aparecer lentamente y empeoran con el tiempo. Actualmente, no existe cura para la enfermedad de Alzheimer, pero hay tratamientos que pueden ayudar a retrasar los s\u00edntomas y mejorar la calidad de vida.<\/p>\n<\/section>\n<section>\n<h2><span class=\"ez-toc-section\" id=\"%C2%BFComo_se_diagnostica_la_enfermedad_de_Alzheimer\"><\/span>\u00bfC\u00f3mo se diagnostica la enfermedad de Alzheimer?<span class=\"ez-toc-section-end\"><\/span><\/h2>\n<p>El diagn\u00f3stico de la enfermedad de Alzheimer se basa en una evaluaci\u00f3n m\u00e9dica completa, que incluye una evaluaci\u00f3n neurol\u00f3gica y pruebas de imagen, como tomograf\u00edas por emisi\u00f3n de positrones (PET) o resonancias magn\u00e9ticas (MRI).<\/p>\n<p>Tambi\u00e9n se pueden realizar pruebas cognitivas para evaluar la memoria, la atenci\u00f3n y otras funciones cognitivas. Estas pruebas pueden incluir preguntas, ejercicios de memoria y pruebas de habilidades visuales y espaciales.<\/p>\n<p>Es importante que el diagn\u00f3stico se realice lo antes posible, ya que los tratamientos son m\u00e1s efectivos en las etapas tempranas de la enfermedad.<\/p>\n<\/section>\n<section>\n<h2><span class=\"ez-toc-section\" id=\"Tratamientos_para_la_enfermedad_de_Alzheimer\"><\/span>Tratamientos para la enfermedad de Alzheimer<span class=\"ez-toc-section-end\"><\/span><\/h2>\n<p>Actualmente, no existe cura para la enfermedad de Alzheimer, pero hay tratamientos que pueden ayudar a retrasar los s\u00edntomas y mejorar la calidad de vida.<\/p>\n<p>Los tratamientos incluyen medicamentos que pueden ayudar a mejorar la memoria y la funci\u00f3n cognitiva, as\u00ed como terapias no farmacol\u00f3gicas, como la terapia cognitivo-conductual, la terapia ocupacional y la terapia de estimulaci\u00f3n.<\/p>\n<p>Tambi\u00e9n es importante que las personas con enfermedad de Alzheimer reciban apoyo emocional y social, ya que la enfermedad puede ser muy dif\u00edcil tanto para ellos como para sus cuidadores.<\/p>\n<\/section>\n<section>\n<h2><span class=\"ez-toc-section\" id=\"Preguntas_frecuentes\"><\/span>Preguntas frecuentes<span class=\"ez-toc-section-end\"><\/span><\/h2>\n<h3><span class=\"ez-toc-section\" id=\"%C2%BFLa_enfermedad_de_Alzheimer_es_hereditaria\"><\/span>\u00bfLa enfermedad de Alzheimer es hereditaria?<span class=\"ez-toc-section-end\"><\/span><\/h3>\n<p>Si bien la enfermedad de Alzheimer puede tener un componente gen\u00e9tico, no es necesariamente hereditaria. Tener un familiar con Alzheimer no significa necesariamente que uno tambi\u00e9n desarrollar\u00e1 la enfermedad.<\/p>\n<h3><span class=\"ez-toc-section\" id=\"%C2%BFQue_puedo_hacer_para_prevenir_la_enfermedad_de_Alzheimer\"><\/span>\u00bfQu\u00e9 puedo hacer para prevenir la enfermedad de Alzheimer?<span class=\"ez-toc-section-end\"><\/span><\/h3>\n<p>Aunque no hay una forma segura de prevenir la enfermedad de Alzheimer, hay algunas cosas que se pueden hacer para reducir el riesgo de desarrollarla. Estas incluyen llevar una dieta saludable, hacer ejercicio regularmente, mantener una vida social activa y estimular el cerebro con actividades como la lectura o la escritura.<\/p>\n<h3><span class=\"ez-toc-section\" id=\"%C2%BFEs_cierto_que_el_aluminio_puede_causar_Alzheimer\"><\/span>\u00bfEs cierto que el aluminio puede causar Alzheimer?<span class=\"ez-toc-section-end\"><\/span><\/h3>\n<p>No hay evidencia concluyente de que el aluminio cause Alzheimer. Si bien el aluminio se ha encontrado en el cerebro de algunas personas con Alzheimer, se cree que esto puede ser una consecuencia de la enfermedad, no la causa.<\/p>\n<h3><span class=\"ez-toc-section\" id=\"%C2%BFComo_puedo_ayudar_a_alguien_con_enfermedad_de_Alzheimer\"><\/span>\u00bfC\u00f3mo puedo ayudar a alguien con enfermedad de Alzheimer?<span class=\"ez-toc-section-end\"><\/span><\/h3>\n<p>Si conoces a alguien con enfermedad de Alzheimer, es importante que les brindes apoyo emocional y social. Esto puede incluir pasar tiempo con ellos, escucharlos y ayudarlos con tareas cotidianas. Tambi\u00e9n es importante que busques apoyo para ti mismo, ya que cuidar a alguien con Alzheimer puede ser muy desafiante.<\/p>\n<\/section>\n","protected":false},"excerpt":{"rendered":"<p>Causa m\u00e1s frecuente de demencia Por Ana Gonz\u00e1lez Curiosidades y datos interesantes La demencia es una enfermedad cada vez m\u00e1s com\u00fan, con 47 millones de personas afectadas en todo el mundo. En Espa\u00f1a, se estima que hay alrededor de 800.000 personas que padecen alg\u00fan tipo de demencia. La causa m\u00e1s frecuente de demencia es la &#8230; <a title=\"Causa mas frecuente de demencia\" class=\"read-more\" href=\"https:\/\/dudasytextos.com\/causasde\/causa-mas-frecuente-de-demencia\/\" aria-label=\"M\u00e1s en Causa mas frecuente de demencia\">Leer m\u00e1s<\/a><\/p>\n","protected":false},"author":1,"featured_media":0,"comment_status":"open","ping_status":"open","sticky":false,"template":"","format":"standard","meta":{"footnotes":""},"categories":[4],"tags":[],"class_list":["post-163077","post","type-post","status-publish","format-standard","hentry","category-conoce-las-causas"],"aioseo_notices":[],"aioseo_head":"\n\t\t<!-- All in One SEO 5.0.1.1 - aioseo.com -->\n\t<meta name=\"description\" content=\"Causa m\u00e1s frecuente de demencia Por Ana Gonz\u00e1lez Curiosidades y datos interesantes La demencia es una enfermedad cada vez m\u00e1s com\u00fan, con 47 millones de personas afectadas en todo el mundo. En Espa\u00f1a, se estima que hay alrededor de 800.000 personas que padecen alg\u00fan tipo de demencia. La causa m\u00e1s frecuente de demencia es la\" \/>\n\t<meta name=\"robots\" content=\"max-snippet:-1, max-image-preview:large, max-video-preview:-1\" \/>\n\t<meta name=\"author\" content=\"Ana Gonz\u00e1lez\"\/>\n\t<link rel=\"canonical\" href=\"https:\/\/dudasytextos.com\/causasde\/causa-mas-frecuente-de-demencia\/\" \/>\n\t<meta name=\"generator\" content=\"All in One SEO (AIOSEO) 5.0.1.1\" \/>\n\n\t\t<!-- Google tag (gtag.js) -->\n<script async src=\"https:\/\/www.googletagmanager.com\/gtag\/js?id=G-1RZBHH3Z7E\"><\/script>\n<script>\n  window.dataLayer = window.dataLayer || [];\n  function gtag(){dataLayer.push(arguments);}\n  gtag('js', new Date());\n\n  gtag('config', 'G-1RZBHH3Z7E');\n<\/script>\n<script async src=\"https:\/\/pagead2.googlesyndication.com\/pagead\/js\/adsbygoogle.js?client=ca-pub-3987500858204711\"\n     crossorigin=\"anonymous\"><\/script>\n\t\t<meta property=\"og:locale\" content=\"es_ES\" \/>\n\t\t<meta property=\"og:site_name\" content=\"Conoce las causas - Conoce las causas\" \/>\n\t\t<meta property=\"og:type\" content=\"article\" \/>\n\t\t<meta property=\"og:title\" content=\"Causa mas frecuente de demencia (2026) Conoce las causas\" \/>\n\t\t<meta property=\"og:description\" content=\"Causa m\u00e1s frecuente de demencia Por Ana Gonz\u00e1lez Curiosidades y datos interesantes La demencia es una enfermedad cada vez m\u00e1s com\u00fan, con 47 millones de personas afectadas en todo el mundo. En Espa\u00f1a, se estima que hay alrededor de 800.000 personas que padecen alg\u00fan tipo de demencia. La causa m\u00e1s frecuente de demencia es la\" \/>\n\t\t<meta property=\"og:url\" content=\"https:\/\/dudasytextos.com\/causasde\/causa-mas-frecuente-de-demencia\/\" \/>\n\t\t<meta property=\"article:published_time\" content=\"2025-03-03T12:41:17+00:00\" \/>\n\t\t<meta property=\"article:modified_time\" content=\"2025-03-12T18:51:14+00:00\" \/>\n\t\t<meta name=\"twitter:card\" content=\"summary_large_image\" \/>\n\t\t<meta name=\"twitter:title\" content=\"Causa mas frecuente de demencia (2026) Conoce las causas\" \/>\n\t\t<meta name=\"twitter:description\" content=\"Causa m\u00e1s frecuente de demencia Por Ana Gonz\u00e1lez Curiosidades y datos interesantes La demencia es una enfermedad cada vez m\u00e1s com\u00fan, con 47 millones de personas afectadas en todo el mundo. En Espa\u00f1a, se estima que hay alrededor de 800.000 personas que padecen alg\u00fan tipo de demencia. La causa m\u00e1s frecuente de demencia es la\" \/>\n\t\t<script type=\"application\/ld+json\" class=\"aioseo-schema\">\n\t\t\t{\"@context\":\"https:\\\/\\\/schema.org\",\"@graph\":[{\"@type\":\"BlogPosting\",\"@id\":\"https:\\\/\\\/dudasytextos.com\\\/causasde\\\/causa-mas-frecuente-de-demencia\\\/#blogposting\",\"name\":\"Causa mas frecuente de demencia (2026) Conoce las causas\",\"headline\":\"Causa mas frecuente de demencia\",\"author\":{\"@id\":\"https:\\\/\\\/dudasytextos.com\\\/causasde\\\/author\\\/admin44\\\/#author\"},\"publisher\":{\"@id\":\"https:\\\/\\\/dudasytextos.com\\\/causasde\\\/#organization\"},\"datePublished\":\"2025-03-03T12:41:17+00:00\",\"dateModified\":\"2025-03-12T18:51:14+00:00\",\"inLanguage\":\"es-ES\",\"mainEntityOfPage\":{\"@id\":\"https:\\\/\\\/dudasytextos.com\\\/causasde\\\/causa-mas-frecuente-de-demencia\\\/#webpage\"},\"isPartOf\":{\"@id\":\"https:\\\/\\\/dudasytextos.com\\\/causasde\\\/causa-mas-frecuente-de-demencia\\\/#webpage\"},\"articleSection\":\"Conoce las causas\"},{\"@type\":\"BreadcrumbList\",\"@id\":\"https:\\\/\\\/dudasytextos.com\\\/causasde\\\/causa-mas-frecuente-de-demencia\\\/#breadcrumblist\",\"itemListElement\":[{\"@type\":\"ListItem\",\"@id\":\"https:\\\/\\\/dudasytextos.com\\\/causasde#listItem\",\"position\":1,\"name\":\"Inicio\",\"item\":\"https:\\\/\\\/dudasytextos.com\\\/causasde\",\"nextItem\":{\"@type\":\"ListItem\",\"@id\":\"https:\\\/\\\/dudasytextos.com\\\/causasde\\\/category\\\/conoce-las-causas\\\/#listItem\",\"name\":\"Conoce las causas\"}},{\"@type\":\"ListItem\",\"@id\":\"https:\\\/\\\/dudasytextos.com\\\/causasde\\\/category\\\/conoce-las-causas\\\/#listItem\",\"position\":2,\"name\":\"Conoce las causas\",\"item\":\"https:\\\/\\\/dudasytextos.com\\\/causasde\\\/category\\\/conoce-las-causas\\\/\",\"nextItem\":{\"@type\":\"ListItem\",\"@id\":\"https:\\\/\\\/dudasytextos.com\\\/causasde\\\/causa-mas-frecuente-de-demencia\\\/#listItem\",\"name\":\"Causa mas frecuente de demencia\"},\"previousItem\":{\"@type\":\"ListItem\",\"@id\":\"https:\\\/\\\/dudasytextos.com\\\/causasde#listItem\",\"name\":\"Inicio\"}},{\"@type\":\"ListItem\",\"@id\":\"https:\\\/\\\/dudasytextos.com\\\/causasde\\\/causa-mas-frecuente-de-demencia\\\/#listItem\",\"position\":3,\"name\":\"Causa mas frecuente de demencia\",\"previousItem\":{\"@type\":\"ListItem\",\"@id\":\"https:\\\/\\\/dudasytextos.com\\\/causasde\\\/category\\\/conoce-las-causas\\\/#listItem\",\"name\":\"Conoce las causas\"}}]},{\"@type\":\"Organization\",\"@id\":\"https:\\\/\\\/dudasytextos.com\\\/causasde\\\/#organization\",\"name\":\"\\u00bfC\\u00f3mo funciona?\",\"description\":\"Conoce las causas\",\"url\":\"https:\\\/\\\/dudasytextos.com\\\/causasde\\\/\"},{\"@type\":\"Person\",\"@id\":\"https:\\\/\\\/dudasytextos.com\\\/causasde\\\/author\\\/admin44\\\/#author\",\"url\":\"https:\\\/\\\/dudasytextos.com\\\/causasde\\\/author\\\/admin44\\\/\",\"name\":\"Ana Gonz\\u00e1lez\"},{\"@type\":\"WebPage\",\"@id\":\"https:\\\/\\\/dudasytextos.com\\\/causasde\\\/causa-mas-frecuente-de-demencia\\\/#webpage\",\"url\":\"https:\\\/\\\/dudasytextos.com\\\/causasde\\\/causa-mas-frecuente-de-demencia\\\/\",\"name\":\"Causa mas frecuente de demencia (2026) Conoce las causas\",\"description\":\"Causa m\\u00e1s frecuente de demencia Por Ana Gonz\\u00e1lez Curiosidades y datos interesantes La demencia es una enfermedad cada vez m\\u00e1s com\\u00fan, con 47 millones de personas afectadas en todo el mundo. En Espa\\u00f1a, se estima que hay alrededor de 800.000 personas que padecen alg\\u00fan tipo de demencia. La causa m\\u00e1s frecuente de demencia es la\",\"inLanguage\":\"es-ES\",\"isPartOf\":{\"@id\":\"https:\\\/\\\/dudasytextos.com\\\/causasde\\\/#website\"},\"breadcrumb\":{\"@id\":\"https:\\\/\\\/dudasytextos.com\\\/causasde\\\/causa-mas-frecuente-de-demencia\\\/#breadcrumblist\"},\"author\":{\"@id\":\"https:\\\/\\\/dudasytextos.com\\\/causasde\\\/author\\\/admin44\\\/#author\"},\"creator\":{\"@id\":\"https:\\\/\\\/dudasytextos.com\\\/causasde\\\/author\\\/admin44\\\/#author\"},\"datePublished\":\"2025-03-03T12:41:17+00:00\",\"dateModified\":\"2025-03-12T18:51:14+00:00\"},{\"@type\":\"WebSite\",\"@id\":\"https:\\\/\\\/dudasytextos.com\\\/causasde\\\/#website\",\"url\":\"https:\\\/\\\/dudasytextos.com\\\/causasde\\\/\",\"name\":\"\\u00bfC\\u00f3mo funciona?\",\"description\":\"Conoce las causas\",\"inLanguage\":\"es-ES\",\"publisher\":{\"@id\":\"https:\\\/\\\/dudasytextos.com\\\/causasde\\\/#organization\"}}]}\n\t\t<\/script>\n\t\t<!-- All in One SEO -->\n\n","aioseo_head_json":{"title":"Causa mas frecuente de demencia (2026) Conoce las causas","description":"Causa m\u00e1s frecuente de demencia Por Ana Gonz\u00e1lez Curiosidades y datos interesantes La demencia es una enfermedad cada vez m\u00e1s com\u00fan, con 47 millones de personas afectadas en todo el mundo. En Espa\u00f1a, se estima que hay alrededor de 800.000 personas que padecen alg\u00fan tipo de demencia. La causa m\u00e1s frecuente de demencia es la","canonical_url":"https:\/\/dudasytextos.com\/causasde\/causa-mas-frecuente-de-demencia\/","robots":"max-snippet:-1, max-image-preview:large, max-video-preview:-1","keywords":"","webmasterTools":{"miscellaneous":"&lt;!-- Google tag (gtag.js) --&gt;\n&lt;script async src=\"https:\/\/www.googletagmanager.com\/gtag\/js?id=G-1RZBHH3Z7E\"&gt;&lt;\/script&gt;\n&lt;script&gt;\n  window.dataLayer = window.dataLayer || [];\n  function gtag(){dataLayer.push(arguments);}\n  gtag('js', new Date());\n\n  gtag('config', 'G-1RZBHH3Z7E');\n&lt;\/script&gt;\n&lt;script async src=\"https:\/\/pagead2.googlesyndication.com\/pagead\/js\/adsbygoogle.js?client=ca-pub-3987500858204711\"\n     crossorigin=\"anonymous\"&gt;&lt;\/script&gt;"},"schema":{"@context":"https:\/\/schema.org","@graph":[{"@type":"BlogPosting","@id":"https:\/\/dudasytextos.com\/causasde\/causa-mas-frecuente-de-demencia\/#blogposting","name":"Causa mas frecuente de demencia (2026) Conoce las causas","headline":"Causa mas frecuente de demencia","author":{"@id":"https:\/\/dudasytextos.com\/causasde\/author\/admin44\/#author"},"publisher":{"@id":"https:\/\/dudasytextos.com\/causasde\/#organization"},"datePublished":"2025-03-03T12:41:17+00:00","dateModified":"2025-03-12T18:51:14+00:00","inLanguage":"es-ES","mainEntityOfPage":{"@id":"https:\/\/dudasytextos.com\/causasde\/causa-mas-frecuente-de-demencia\/#webpage"},"isPartOf":{"@id":"https:\/\/dudasytextos.com\/causasde\/causa-mas-frecuente-de-demencia\/#webpage"},"articleSection":"Conoce las causas"},{"@type":"BreadcrumbList","@id":"https:\/\/dudasytextos.com\/causasde\/causa-mas-frecuente-de-demencia\/#breadcrumblist","itemListElement":[{"@type":"ListItem","@id":"https:\/\/dudasytextos.com\/causasde#listItem","position":1,"name":"Inicio","item":"https:\/\/dudasytextos.com\/causasde","nextItem":{"@type":"ListItem","@id":"https:\/\/dudasytextos.com\/causasde\/category\/conoce-las-causas\/#listItem","name":"Conoce las causas"}},{"@type":"ListItem","@id":"https:\/\/dudasytextos.com\/causasde\/category\/conoce-las-causas\/#listItem","position":2,"name":"Conoce las causas","item":"https:\/\/dudasytextos.com\/causasde\/category\/conoce-las-causas\/","nextItem":{"@type":"ListItem","@id":"https:\/\/dudasytextos.com\/causasde\/causa-mas-frecuente-de-demencia\/#listItem","name":"Causa mas frecuente de demencia"},"previousItem":{"@type":"ListItem","@id":"https:\/\/dudasytextos.com\/causasde#listItem","name":"Inicio"}},{"@type":"ListItem","@id":"https:\/\/dudasytextos.com\/causasde\/causa-mas-frecuente-de-demencia\/#listItem","position":3,"name":"Causa mas frecuente de demencia","previousItem":{"@type":"ListItem","@id":"https:\/\/dudasytextos.com\/causasde\/category\/conoce-las-causas\/#listItem","name":"Conoce las causas"}}]},{"@type":"Organization","@id":"https:\/\/dudasytextos.com\/causasde\/#organization","name":"\u00bfC\u00f3mo funciona?","description":"Conoce las causas","url":"https:\/\/dudasytextos.com\/causasde\/"},{"@type":"Person","@id":"https:\/\/dudasytextos.com\/causasde\/author\/admin44\/#author","url":"https:\/\/dudasytextos.com\/causasde\/author\/admin44\/","name":"Ana Gonz\u00e1lez"},{"@type":"WebPage","@id":"https:\/\/dudasytextos.com\/causasde\/causa-mas-frecuente-de-demencia\/#webpage","url":"https:\/\/dudasytextos.com\/causasde\/causa-mas-frecuente-de-demencia\/","name":"Causa mas frecuente de demencia (2026) Conoce las causas","description":"Causa m\u00e1s frecuente de demencia Por Ana Gonz\u00e1lez Curiosidades y datos interesantes La demencia es una enfermedad cada vez m\u00e1s com\u00fan, con 47 millones de personas afectadas en todo el mundo. En Espa\u00f1a, se estima que hay alrededor de 800.000 personas que padecen alg\u00fan tipo de demencia. La causa m\u00e1s frecuente de demencia es la","inLanguage":"es-ES","isPartOf":{"@id":"https:\/\/dudasytextos.com\/causasde\/#website"},"breadcrumb":{"@id":"https:\/\/dudasytextos.com\/causasde\/causa-mas-frecuente-de-demencia\/#breadcrumblist"},"author":{"@id":"https:\/\/dudasytextos.com\/causasde\/author\/admin44\/#author"},"creator":{"@id":"https:\/\/dudasytextos.com\/causasde\/author\/admin44\/#author"},"datePublished":"2025-03-03T12:41:17+00:00","dateModified":"2025-03-12T18:51:14+00:00"},{"@type":"WebSite","@id":"https:\/\/dudasytextos.com\/causasde\/#website","url":"https:\/\/dudasytextos.com\/causasde\/","name":"\u00bfC\u00f3mo funciona?","description":"Conoce las causas","inLanguage":"es-ES","publisher":{"@id":"https:\/\/dudasytextos.com\/causasde\/#organization"}}]},"og:locale":"es_ES","og:site_name":"Conoce las causas - Conoce las causas","og:type":"article","og:title":"Causa mas frecuente de demencia (2026) Conoce las causas","og:description":"Causa m\u00e1s frecuente de demencia Por Ana Gonz\u00e1lez Curiosidades y datos interesantes La demencia es una enfermedad cada vez m\u00e1s com\u00fan, con 47 millones de personas afectadas en todo el mundo. En Espa\u00f1a, se estima que hay alrededor de 800.000 personas que padecen alg\u00fan tipo de demencia. La causa m\u00e1s frecuente de demencia es la","og:url":"https:\/\/dudasytextos.com\/causasde\/causa-mas-frecuente-de-demencia\/","article:published_time":"2025-03-03T12:41:17+00:00","article:modified_time":"2025-03-12T18:51:14+00:00","twitter:card":"summary_large_image","twitter:title":"Causa mas frecuente de demencia (2026) Conoce las causas","twitter:description":"Causa m\u00e1s frecuente de demencia Por Ana Gonz\u00e1lez Curiosidades y datos interesantes La demencia es una enfermedad cada vez m\u00e1s com\u00fan, con 47 millones de personas afectadas en todo el mundo. En Espa\u00f1a, se estima que hay alrededor de 800.000 personas que padecen alg\u00fan tipo de demencia. La causa m\u00e1s frecuente de demencia es la"},"aioseo_meta_data":{"post_id":"163077","title":null,"description":null,"keywords":null,"keyphrases":null,"primary_term":null,"canonical_url":null,"og_title":null,"og_description":null,"og_object_type":"default","og_image_type":"default","og_image_url":null,"og_image_width":null,"og_image_height":null,"og_image_custom_url":null,"og_image_custom_fields":null,"og_video":null,"og_custom_url":null,"og_article_section":null,"og_article_tags":null,"twitter_use_og":false,"twitter_card":"default","twitter_image_type":"default","twitter_image_url":null,"twitter_image_custom_url":null,"twitter_image_custom_fields":null,"twitter_title":null,"twitter_description":null,"schema":{"blockGraphs":[],"customGraphs":[],"default":{"data":{"Article":[],"Course":[],"Dataset":[],"FAQPage":[],"Movie":[],"Person":[],"Product":[],"ProductReview":[],"Car":[],"Recipe":[],"Service":[],"SoftwareApplication":[],"WebPage":[]},"graphName":"","isEnabled":true},"graphs":[]},"schema_type":"default","schema_type_options":null,"pillar_content":false,"robots_default":true,"robots_noindex":false,"robots_noarchive":false,"robots_nosnippet":false,"robots_nofollow":false,"robots_noimageindex":false,"robots_noodp":false,"robots_notranslate":false,"robots_max_snippet":null,"robots_max_videopreview":null,"robots_max_imagepreview":"large","priority":null,"frequency":null,"local_seo":null,"breadcrumb_settings":null,"limit_modified_date":false,"ai":null,"created":"2023-05-12 15:20:29","updated":"2025-06-04 07:39:08","seo_analyzer_scan_date":null,"focus_keyword":null,"additional_keywords":null,"truseo_locale":null},"aioseo_breadcrumb":"<div class=\"aioseo-breadcrumbs\"><span class=\"aioseo-breadcrumb\">\n\t\t\t<a href=\"https:\/\/dudasytextos.com\/causasde\" title=\"Inicio\">Inicio<\/a>\n\t\t<\/span><span class=\"aioseo-breadcrumb-separator\">&raquo;<\/span><span class=\"aioseo-breadcrumb\">\n\t\t\t<a href=\"https:\/\/dudasytextos.com\/causasde\/category\/conoce-las-causas\/\" title=\"Conoce las causas\">Conoce las causas<\/a>\n\t\t<\/span><span class=\"aioseo-breadcrumb-separator\">&raquo;<\/span><span class=\"aioseo-breadcrumb\">\n\t\t\tCausa mas frecuente de demencia\n\t\t<\/span><\/div>","aioseo_breadcrumb_json":[{"label":"Inicio","link":"https:\/\/dudasytextos.com\/causasde"},{"label":"Conoce las causas","link":"https:\/\/dudasytextos.com\/causasde\/category\/conoce-las-causas\/"},{"label":"Causa mas frecuente de demencia","link":"https:\/\/dudasytextos.com\/causasde\/causa-mas-frecuente-de-demencia\/"}],"_links":{"self":[{"href":"https:\/\/dudasytextos.com\/causasde\/wp-json\/wp\/v2\/posts\/163077","targetHints":{"allow":["GET"]}}],"collection":[{"href":"https:\/\/dudasytextos.com\/causasde\/wp-json\/wp\/v2\/posts"}],"about":[{"href":"https:\/\/dudasytextos.com\/causasde\/wp-json\/wp\/v2\/types\/post"}],"author":[{"embeddable":true,"href":"https:\/\/dudasytextos.com\/causasde\/wp-json\/wp\/v2\/users\/1"}],"replies":[{"embeddable":true,"href":"https:\/\/dudasytextos.com\/causasde\/wp-json\/wp\/v2\/comments?post=163077"}],"version-history":[{"count":1,"href":"https:\/\/dudasytextos.com\/causasde\/wp-json\/wp\/v2\/posts\/163077\/revisions"}],"predecessor-version":[{"id":165502,"href":"https:\/\/dudasytextos.com\/causasde\/wp-json\/wp\/v2\/posts\/163077\/revisions\/165502"}],"wp:attachment":[{"href":"https:\/\/dudasytextos.com\/causasde\/wp-json\/wp\/v2\/media?parent=163077"}],"wp:term":[{"taxonomy":"category","embeddable":true,"href":"https:\/\/dudasytextos.com\/causasde\/wp-json\/wp\/v2\/categories?post=163077"},{"taxonomy":"post_tag","embeddable":true,"href":"https:\/\/dudasytextos.com\/causasde\/wp-json\/wp\/v2\/tags?post=163077"}],"curies":[{"name":"wp","href":"https:\/\/api.w.org\/{rel}","templated":true}]}}