{"id":163229,"date":"2025-02-18T15:32:30","date_gmt":"2025-02-18T15:32:30","guid":{"rendered":"https:\/\/educacion.cc\/?p=163229"},"modified":"2025-03-12T15:03:09","modified_gmt":"2025-03-12T15:03:09","slug":"causa-de-la-muerte-de-isabel-la-catolica","status":"publish","type":"post","link":"https:\/\/dudasytextos.com\/causasde\/causa-de-la-muerte-de-isabel-la-catolica\/","title":{"rendered":"Causa de la muerte de isabel la cat\u00f3lica"},"content":{"rendered":"<div id=\"ez-toc-container\" class=\"ez-toc-v2_0_87 counter-hierarchy ez-toc-counter ez-toc-custom ez-toc-container-direction\">\n<div class=\"ez-toc-title-container\">\n<span class=\"ez-toc-title-toggle\"><\/span><\/div>\n<nav><ul class='ez-toc-list ez-toc-list-level-1 ' ><li class='ez-toc-page-1 ez-toc-heading-level-2'><a class=\"ez-toc-link ez-toc-heading-1\" href=\"https:\/\/dudasytextos.com\/causasde\/causa-de-la-muerte-de-isabel-la-catolica\/#Causa_de_la_muerte_de_Isabel_la_Catolica\" >Causa de la muerte de Isabel la Cat\u00f3lica<\/a><\/li><li class='ez-toc-page-1 ez-toc-heading-level-2'><a class=\"ez-toc-link ez-toc-heading-2\" href=\"https:\/\/dudasytextos.com\/causasde\/causa-de-la-muerte-de-isabel-la-catolica\/#Curiosidades_sobre_la_muerte_de_Isabel_la_Catolica\" >Curiosidades sobre la muerte de Isabel la Cat\u00f3lica<\/a><\/li><li class='ez-toc-page-1 ez-toc-heading-level-2'><a class=\"ez-toc-link ez-toc-heading-3\" href=\"https:\/\/dudasytextos.com\/causasde\/causa-de-la-muerte-de-isabel-la-catolica\/#%C2%BFCual_fue_la_causa_de_la_muerte_de_Isabel_la_Catolica\" >\u00bfCu\u00e1l fue la causa de la muerte de Isabel la Cat\u00f3lica?<\/a><ul class='ez-toc-list-level-3' ><li class='ez-toc-heading-level-3'><a class=\"ez-toc-link ez-toc-heading-4\" href=\"https:\/\/dudasytextos.com\/causasde\/causa-de-la-muerte-de-isabel-la-catolica\/#Teoria_1_Cancer\" >Teor\u00eda 1: C\u00e1ncer<\/a><\/li><li class='ez-toc-page-1 ez-toc-heading-level-3'><a class=\"ez-toc-link ez-toc-heading-5\" href=\"https:\/\/dudasytextos.com\/causasde\/causa-de-la-muerte-de-isabel-la-catolica\/#Teoria_2_Enfermedad_cronica\" >Teor\u00eda 2: Enfermedad cr\u00f3nica<\/a><\/li><li class='ez-toc-page-1 ez-toc-heading-level-3'><a class=\"ez-toc-link ez-toc-heading-6\" href=\"https:\/\/dudasytextos.com\/causasde\/causa-de-la-muerte-de-isabel-la-catolica\/#Teoria_3_Muerte_natural\" >Teor\u00eda 3: Muerte natural<\/a><\/li><\/ul><\/li><li class='ez-toc-page-1 ez-toc-heading-level-2'><a class=\"ez-toc-link ez-toc-heading-7\" href=\"https:\/\/dudasytextos.com\/causasde\/causa-de-la-muerte-de-isabel-la-catolica\/#Experiencia_personal\" >Experiencia personal<\/a><\/li><li class='ez-toc-page-1 ez-toc-heading-level-2'><a class=\"ez-toc-link ez-toc-heading-8\" href=\"https:\/\/dudasytextos.com\/causasde\/causa-de-la-muerte-de-isabel-la-catolica\/#Preguntas_frecuentes\" >Preguntas frecuentes<\/a><ul class='ez-toc-list-level-3' ><li class='ez-toc-heading-level-3'><a class=\"ez-toc-link ez-toc-heading-9\" href=\"https:\/\/dudasytextos.com\/causasde\/causa-de-la-muerte-de-isabel-la-catolica\/#%C2%BFCuando_murio_Isabel_la_Catolica\" >\u00bfCu\u00e1ndo muri\u00f3 Isabel la Cat\u00f3lica?<\/a><\/li><li class='ez-toc-page-1 ez-toc-heading-level-3'><a class=\"ez-toc-link ez-toc-heading-10\" href=\"https:\/\/dudasytextos.com\/causasde\/causa-de-la-muerte-de-isabel-la-catolica\/#%C2%BFCual_fue_la_causa_exacta_de_su_muerte\" >\u00bfCu\u00e1l fue la causa exacta de su muerte?<\/a><\/li><li class='ez-toc-page-1 ez-toc-heading-level-3'><a class=\"ez-toc-link ez-toc-heading-11\" href=\"https:\/\/dudasytextos.com\/causasde\/causa-de-la-muerte-de-isabel-la-catolica\/#%C2%BFCual_fue_el_legado_de_Isabel_la_Catolica\" >\u00bfCu\u00e1l fue el legado de Isabel la Cat\u00f3lica?<\/a><\/li><li class='ez-toc-page-1 ez-toc-heading-level-3'><a class=\"ez-toc-link ez-toc-heading-12\" href=\"https:\/\/dudasytextos.com\/causasde\/causa-de-la-muerte-de-isabel-la-catolica\/#%C2%BFPor_que_es_importante_la_muerte_de_Isabel_la_Catolica\" >\u00bfPor qu\u00e9 es importante la muerte de Isabel la Cat\u00f3lica?<\/a><\/li><\/ul><\/li><\/ul><\/nav><\/div>\n<h2><span class=\"ez-toc-section\" id=\"Causa_de_la_muerte_de_Isabel_la_Catolica\"><\/span>Causa de la muerte de Isabel la Cat\u00f3lica<span class=\"ez-toc-section-end\"><\/span><\/h2>\n<section>\n<h2><span class=\"ez-toc-section\" id=\"Curiosidades_sobre_la_muerte_de_Isabel_la_Catolica\"><\/span>Curiosidades sobre la muerte de Isabel la Cat\u00f3lica<span class=\"ez-toc-section-end\"><\/span><\/h2>\n<ul>\n<li>Isabel la Cat\u00f3lica muri\u00f3 el 26 de noviembre de 1504 a los 53 a\u00f1os.<\/li>\n<li>La causa de su muerte ha sido objeto de debate durante siglos.<\/li>\n<li>Se cree que Isabel la Cat\u00f3lica padec\u00eda de una enfermedad cr\u00f3nica que afectaba su salud.<\/li>\n<li>Su esposo, Fernando de Arag\u00f3n, tambi\u00e9n muri\u00f3 el mismo a\u00f1o.<\/li>\n<li>La muerte de Isabel la Cat\u00f3lica marc\u00f3 el fin de una era y el comienzo de otra en la historia de Espa\u00f1a.<\/li>\n<\/ul>\n<\/section>\n<section>\n<h2><span class=\"ez-toc-section\" id=\"%C2%BFCual_fue_la_causa_de_la_muerte_de_Isabel_la_Catolica\"><\/span>\u00bfCu\u00e1l fue la causa de la muerte de Isabel la Cat\u00f3lica?<span class=\"ez-toc-section-end\"><\/span><\/h2>\n<p>La causa exacta de la muerte de Isabel la Cat\u00f3lica sigue siendo un misterio. Sin embargo, hay varias teor\u00edas al respecto.<\/p>\n<h3><span class=\"ez-toc-section\" id=\"Teoria_1_Cancer\"><\/span>Teor\u00eda 1: C\u00e1ncer<span class=\"ez-toc-section-end\"><\/span><\/h3>\n<p>Algunos m\u00e9dicos han especulado que Isabel la Cat\u00f3lica pudo haber muerto de c\u00e1ncer, ya que padec\u00eda de un tumor en la mama izquierda. Sin embargo, esta teor\u00eda no est\u00e1 respaldada por pruebas concluyentes.<\/p>\n<h3><span class=\"ez-toc-section\" id=\"Teoria_2_Enfermedad_cronica\"><\/span>Teor\u00eda 2: Enfermedad cr\u00f3nica<span class=\"ez-toc-section-end\"><\/span><\/h3>\n<p>Tambi\u00e9n se cree que Isabel la Cat\u00f3lica padec\u00eda de una enfermedad cr\u00f3nica, como la gota o la artritis reumatoide, que afectaba su salud. Esta teor\u00eda es m\u00e1s plausible, ya que Isabel la Cat\u00f3lica sufri\u00f3 de dolores cr\u00f3nicos en las piernas y los brazos durante a\u00f1os.<\/p>\n<h3><span class=\"ez-toc-section\" id=\"Teoria_3_Muerte_natural\"><\/span>Teor\u00eda 3: Muerte natural<span class=\"ez-toc-section-end\"><\/span><\/h3>\n<p>Por \u00faltimo, algunos historiadores creen que Isabel la Cat\u00f3lica muri\u00f3 de causas naturales, debido a su avanzada edad y sufrimiento constante.<\/p>\n<p>En resumen, aunque no se sabe con certeza cu\u00e1l fue la causa exacta de la muerte de Isabel la Cat\u00f3lica, se cree que fue el resultado de una enfermedad cr\u00f3nica que afect\u00f3 su salud durante a\u00f1os.<\/p>\n<\/section>\n<section>\n<h2><span class=\"ez-toc-section\" id=\"Experiencia_personal\"><\/span>Experiencia personal<span class=\"ez-toc-section-end\"><\/span><\/h2>\n<p>Personalmente, he le\u00eddo mucho sobre la vida y muerte de Isabel la Cat\u00f3lica, ya que siempre me ha interesado la historia de Espa\u00f1a. Creo que su muerte fue un momento triste y significativo en la historia de nuestro pa\u00eds, ya que marc\u00f3 el final de una \u00e9poca de grandes cambios y descubrimientos.<\/p>\n<p>Hice una visita guiada por el Alc\u00e1zar de Segovia, donde Isabel la Cat\u00f3lica vivi\u00f3 durante varios a\u00f1os, y pude sentir la importancia hist\u00f3rica de su legado. Aprend\u00ed mucho sobre su vida y logros, as\u00ed como sobre su muerte y el impacto que tuvo en Espa\u00f1a y en el mundo.<\/p>\n<p>En resumen, creo que la muerte de Isabel la Cat\u00f3lica fue un momento clave en la historia de Espa\u00f1a y una oportunidad para reflexionar sobre su legado y su impacto en nuestra cultura y sociedad.<\/p>\n<\/section>\n<section>\n<h2><span class=\"ez-toc-section\" id=\"Preguntas_frecuentes\"><\/span>Preguntas frecuentes<span class=\"ez-toc-section-end\"><\/span><\/h2>\n<h3><span class=\"ez-toc-section\" id=\"%C2%BFCuando_murio_Isabel_la_Catolica\"><\/span>\u00bfCu\u00e1ndo muri\u00f3 Isabel la Cat\u00f3lica?<span class=\"ez-toc-section-end\"><\/span><\/h3>\n<p>Isabel la Cat\u00f3lica muri\u00f3 el 26 de noviembre de 1504.<\/p>\n<h3><span class=\"ez-toc-section\" id=\"%C2%BFCual_fue_la_causa_exacta_de_su_muerte\"><\/span>\u00bfCu\u00e1l fue la causa exacta de su muerte?<span class=\"ez-toc-section-end\"><\/span><\/h3>\n<p>No se sabe con certeza cu\u00e1l fue la causa exacta de la muerte de Isabel la Cat\u00f3lica, pero se cree que fue el resultado de una enfermedad cr\u00f3nica que afect\u00f3 su salud durante a\u00f1os.<\/p>\n<h3><span class=\"ez-toc-section\" id=\"%C2%BFCual_fue_el_legado_de_Isabel_la_Catolica\"><\/span>\u00bfCu\u00e1l fue el legado de Isabel la Cat\u00f3lica?<span class=\"ez-toc-section-end\"><\/span><\/h3>\n<p>Isabel la Cat\u00f3lica fue una de las reinas m\u00e1s importantes de Espa\u00f1a y su legado incluye la unificaci\u00f3n de Espa\u00f1a, la expansi\u00f3n del imperio espa\u00f1ol en Am\u00e9rica y el apoyo a la exploraci\u00f3n y el descubrimiento.<\/p>\n<h3><span class=\"ez-toc-section\" id=\"%C2%BFPor_que_es_importante_la_muerte_de_Isabel_la_Catolica\"><\/span>\u00bfPor qu\u00e9 es importante la muerte de Isabel la Cat\u00f3lica?<span class=\"ez-toc-section-end\"><\/span><\/h3>\n<p>La muerte de Isabel la Cat\u00f3lica marc\u00f3 el fin de una era y el comienzo de otra en la historia de Espa\u00f1a. Su legado sigue siendo importante para nuestra cultura y sociedad, y su vida y obra siguen siendo objeto de estudio y reflexi\u00f3n.<\/p>\n<\/section>\n","protected":false},"excerpt":{"rendered":"<p>Causa de la muerte de Isabel la Cat\u00f3lica Curiosidades sobre la muerte de Isabel la Cat\u00f3lica Isabel la Cat\u00f3lica muri\u00f3 el 26 de noviembre de 1504 a los 53 a\u00f1os. La causa de su muerte ha sido objeto de debate durante siglos. Se cree que Isabel la Cat\u00f3lica padec\u00eda de una enfermedad cr\u00f3nica que afectaba &#8230; <a title=\"Causa de la muerte de isabel la cat\u00f3lica\" class=\"read-more\" href=\"https:\/\/dudasytextos.com\/causasde\/causa-de-la-muerte-de-isabel-la-catolica\/\" aria-label=\"M\u00e1s en Causa de la muerte de isabel la cat\u00f3lica\">Leer m\u00e1s<\/a><\/p>\n","protected":false},"author":1,"featured_media":0,"comment_status":"open","ping_status":"open","sticky":false,"template":"","format":"standard","meta":{"footnotes":""},"categories":[4],"tags":[],"class_list":["post-163229","post","type-post","status-publish","format-standard","hentry","category-conoce-las-causas"],"aioseo_notices":[],"aioseo_head":"\n\t\t<!-- All in One SEO 5.0.1.1 - aioseo.com -->\n\t<meta name=\"description\" content=\"Causa de la muerte de Isabel la Cat\u00f3lica Curiosidades sobre la muerte de Isabel la Cat\u00f3lica Isabel la Cat\u00f3lica muri\u00f3 el 26 de noviembre de 1504 a los 53 a\u00f1os. La causa de su muerte ha sido objeto de debate durante siglos. Se cree que Isabel la Cat\u00f3lica padec\u00eda de una enfermedad cr\u00f3nica que afectaba\" \/>\n\t<meta name=\"robots\" content=\"max-snippet:-1, max-image-preview:large, max-video-preview:-1\" \/>\n\t<meta name=\"author\" content=\"Ana Gonz\u00e1lez\"\/>\n\t<link rel=\"canonical\" href=\"https:\/\/dudasytextos.com\/causasde\/causa-de-la-muerte-de-isabel-la-catolica\/\" \/>\n\t<meta name=\"generator\" content=\"All in One SEO (AIOSEO) 5.0.1.1\" \/>\n\n\t\t<!-- Google tag (gtag.js) -->\n<script async src=\"https:\/\/www.googletagmanager.com\/gtag\/js?id=G-1RZBHH3Z7E\"><\/script>\n<script>\n  window.dataLayer = window.dataLayer || [];\n  function gtag(){dataLayer.push(arguments);}\n  gtag('js', new Date());\n\n  gtag('config', 'G-1RZBHH3Z7E');\n<\/script>\n<script async src=\"https:\/\/pagead2.googlesyndication.com\/pagead\/js\/adsbygoogle.js?client=ca-pub-3987500858204711\"\n     crossorigin=\"anonymous\"><\/script>\n\t\t<meta property=\"og:locale\" content=\"es_ES\" \/>\n\t\t<meta property=\"og:site_name\" content=\"Conoce las causas - Conoce las causas\" \/>\n\t\t<meta property=\"og:type\" content=\"article\" \/>\n\t\t<meta property=\"og:title\" content=\"Causa de la muerte de isabel la cat\u00f3lica (2026) Conoce las causas\" \/>\n\t\t<meta property=\"og:description\" content=\"Causa de la muerte de Isabel la Cat\u00f3lica Curiosidades sobre la muerte de Isabel la Cat\u00f3lica Isabel la Cat\u00f3lica muri\u00f3 el 26 de noviembre de 1504 a los 53 a\u00f1os. La causa de su muerte ha sido objeto de debate durante siglos. Se cree que Isabel la Cat\u00f3lica padec\u00eda de una enfermedad cr\u00f3nica que afectaba\" \/>\n\t\t<meta property=\"og:url\" content=\"https:\/\/dudasytextos.com\/causasde\/causa-de-la-muerte-de-isabel-la-catolica\/\" \/>\n\t\t<meta property=\"article:published_time\" content=\"2025-02-18T15:32:30+00:00\" \/>\n\t\t<meta property=\"article:modified_time\" content=\"2025-03-12T15:03:09+00:00\" \/>\n\t\t<meta name=\"twitter:card\" content=\"summary_large_image\" \/>\n\t\t<meta name=\"twitter:title\" content=\"Causa de la muerte de isabel la cat\u00f3lica (2026) Conoce las causas\" \/>\n\t\t<meta name=\"twitter:description\" content=\"Causa de la muerte de Isabel la Cat\u00f3lica Curiosidades sobre la muerte de Isabel la Cat\u00f3lica Isabel la Cat\u00f3lica muri\u00f3 el 26 de noviembre de 1504 a los 53 a\u00f1os. La causa de su muerte ha sido objeto de debate durante siglos. Se cree que Isabel la Cat\u00f3lica padec\u00eda de una enfermedad cr\u00f3nica que afectaba\" \/>\n\t\t<script type=\"application\/ld+json\" class=\"aioseo-schema\">\n\t\t\t{\"@context\":\"https:\\\/\\\/schema.org\",\"@graph\":[{\"@type\":\"BlogPosting\",\"@id\":\"https:\\\/\\\/dudasytextos.com\\\/causasde\\\/causa-de-la-muerte-de-isabel-la-catolica\\\/#blogposting\",\"name\":\"Causa de la muerte de isabel la cat\\u00f3lica (2026) Conoce las causas\",\"headline\":\"Causa de la muerte de isabel la cat\\u00f3lica\",\"author\":{\"@id\":\"https:\\\/\\\/dudasytextos.com\\\/causasde\\\/author\\\/admin44\\\/#author\"},\"publisher\":{\"@id\":\"https:\\\/\\\/dudasytextos.com\\\/causasde\\\/#organization\"},\"datePublished\":\"2025-02-18T15:32:30+00:00\",\"dateModified\":\"2025-03-12T15:03:09+00:00\",\"inLanguage\":\"es-ES\",\"mainEntityOfPage\":{\"@id\":\"https:\\\/\\\/dudasytextos.com\\\/causasde\\\/causa-de-la-muerte-de-isabel-la-catolica\\\/#webpage\"},\"isPartOf\":{\"@id\":\"https:\\\/\\\/dudasytextos.com\\\/causasde\\\/causa-de-la-muerte-de-isabel-la-catolica\\\/#webpage\"},\"articleSection\":\"Conoce las causas\"},{\"@type\":\"BreadcrumbList\",\"@id\":\"https:\\\/\\\/dudasytextos.com\\\/causasde\\\/causa-de-la-muerte-de-isabel-la-catolica\\\/#breadcrumblist\",\"itemListElement\":[{\"@type\":\"ListItem\",\"@id\":\"https:\\\/\\\/dudasytextos.com\\\/causasde#listItem\",\"position\":1,\"name\":\"Inicio\",\"item\":\"https:\\\/\\\/dudasytextos.com\\\/causasde\",\"nextItem\":{\"@type\":\"ListItem\",\"@id\":\"https:\\\/\\\/dudasytextos.com\\\/causasde\\\/category\\\/conoce-las-causas\\\/#listItem\",\"name\":\"Conoce las causas\"}},{\"@type\":\"ListItem\",\"@id\":\"https:\\\/\\\/dudasytextos.com\\\/causasde\\\/category\\\/conoce-las-causas\\\/#listItem\",\"position\":2,\"name\":\"Conoce las causas\",\"item\":\"https:\\\/\\\/dudasytextos.com\\\/causasde\\\/category\\\/conoce-las-causas\\\/\",\"nextItem\":{\"@type\":\"ListItem\",\"@id\":\"https:\\\/\\\/dudasytextos.com\\\/causasde\\\/causa-de-la-muerte-de-isabel-la-catolica\\\/#listItem\",\"name\":\"Causa de la muerte de isabel la cat\\u00f3lica\"},\"previousItem\":{\"@type\":\"ListItem\",\"@id\":\"https:\\\/\\\/dudasytextos.com\\\/causasde#listItem\",\"name\":\"Inicio\"}},{\"@type\":\"ListItem\",\"@id\":\"https:\\\/\\\/dudasytextos.com\\\/causasde\\\/causa-de-la-muerte-de-isabel-la-catolica\\\/#listItem\",\"position\":3,\"name\":\"Causa de la muerte de isabel la cat\\u00f3lica\",\"previousItem\":{\"@type\":\"ListItem\",\"@id\":\"https:\\\/\\\/dudasytextos.com\\\/causasde\\\/category\\\/conoce-las-causas\\\/#listItem\",\"name\":\"Conoce las causas\"}}]},{\"@type\":\"Organization\",\"@id\":\"https:\\\/\\\/dudasytextos.com\\\/causasde\\\/#organization\",\"name\":\"\\u00bfC\\u00f3mo funciona?\",\"description\":\"Conoce las causas\",\"url\":\"https:\\\/\\\/dudasytextos.com\\\/causasde\\\/\"},{\"@type\":\"Person\",\"@id\":\"https:\\\/\\\/dudasytextos.com\\\/causasde\\\/author\\\/admin44\\\/#author\",\"url\":\"https:\\\/\\\/dudasytextos.com\\\/causasde\\\/author\\\/admin44\\\/\",\"name\":\"Ana Gonz\\u00e1lez\"},{\"@type\":\"WebPage\",\"@id\":\"https:\\\/\\\/dudasytextos.com\\\/causasde\\\/causa-de-la-muerte-de-isabel-la-catolica\\\/#webpage\",\"url\":\"https:\\\/\\\/dudasytextos.com\\\/causasde\\\/causa-de-la-muerte-de-isabel-la-catolica\\\/\",\"name\":\"Causa de la muerte de isabel la cat\\u00f3lica (2026) Conoce las causas\",\"description\":\"Causa de la muerte de Isabel la Cat\\u00f3lica Curiosidades sobre la muerte de Isabel la Cat\\u00f3lica Isabel la Cat\\u00f3lica muri\\u00f3 el 26 de noviembre de 1504 a los 53 a\\u00f1os. La causa de su muerte ha sido objeto de debate durante siglos. Se cree que Isabel la Cat\\u00f3lica padec\\u00eda de una enfermedad cr\\u00f3nica que afectaba\",\"inLanguage\":\"es-ES\",\"isPartOf\":{\"@id\":\"https:\\\/\\\/dudasytextos.com\\\/causasde\\\/#website\"},\"breadcrumb\":{\"@id\":\"https:\\\/\\\/dudasytextos.com\\\/causasde\\\/causa-de-la-muerte-de-isabel-la-catolica\\\/#breadcrumblist\"},\"author\":{\"@id\":\"https:\\\/\\\/dudasytextos.com\\\/causasde\\\/author\\\/admin44\\\/#author\"},\"creator\":{\"@id\":\"https:\\\/\\\/dudasytextos.com\\\/causasde\\\/author\\\/admin44\\\/#author\"},\"datePublished\":\"2025-02-18T15:32:30+00:00\",\"dateModified\":\"2025-03-12T15:03:09+00:00\"},{\"@type\":\"WebSite\",\"@id\":\"https:\\\/\\\/dudasytextos.com\\\/causasde\\\/#website\",\"url\":\"https:\\\/\\\/dudasytextos.com\\\/causasde\\\/\",\"name\":\"\\u00bfC\\u00f3mo funciona?\",\"description\":\"Conoce las causas\",\"inLanguage\":\"es-ES\",\"publisher\":{\"@id\":\"https:\\\/\\\/dudasytextos.com\\\/causasde\\\/#organization\"}}]}\n\t\t<\/script>\n\t\t<!-- All in One SEO -->\n\n","aioseo_head_json":{"title":"Causa de la muerte de isabel la cat\u00f3lica (2026) Conoce las causas","description":"Causa de la muerte de Isabel la Cat\u00f3lica Curiosidades sobre la muerte de Isabel la Cat\u00f3lica Isabel la Cat\u00f3lica muri\u00f3 el 26 de noviembre de 1504 a los 53 a\u00f1os. La causa de su muerte ha sido objeto de debate durante siglos. Se cree que Isabel la Cat\u00f3lica padec\u00eda de una enfermedad cr\u00f3nica que afectaba","canonical_url":"https:\/\/dudasytextos.com\/causasde\/causa-de-la-muerte-de-isabel-la-catolica\/","robots":"max-snippet:-1, max-image-preview:large, max-video-preview:-1","keywords":"","webmasterTools":{"miscellaneous":"&lt;!-- Google tag (gtag.js) --&gt;\n&lt;script async src=\"https:\/\/www.googletagmanager.com\/gtag\/js?id=G-1RZBHH3Z7E\"&gt;&lt;\/script&gt;\n&lt;script&gt;\n  window.dataLayer = window.dataLayer || [];\n  function gtag(){dataLayer.push(arguments);}\n  gtag('js', new Date());\n\n  gtag('config', 'G-1RZBHH3Z7E');\n&lt;\/script&gt;\n&lt;script async src=\"https:\/\/pagead2.googlesyndication.com\/pagead\/js\/adsbygoogle.js?client=ca-pub-3987500858204711\"\n     crossorigin=\"anonymous\"&gt;&lt;\/script&gt;"},"schema":{"@context":"https:\/\/schema.org","@graph":[{"@type":"BlogPosting","@id":"https:\/\/dudasytextos.com\/causasde\/causa-de-la-muerte-de-isabel-la-catolica\/#blogposting","name":"Causa de la muerte de isabel la cat\u00f3lica (2026) Conoce las causas","headline":"Causa de la muerte de isabel la cat\u00f3lica","author":{"@id":"https:\/\/dudasytextos.com\/causasde\/author\/admin44\/#author"},"publisher":{"@id":"https:\/\/dudasytextos.com\/causasde\/#organization"},"datePublished":"2025-02-18T15:32:30+00:00","dateModified":"2025-03-12T15:03:09+00:00","inLanguage":"es-ES","mainEntityOfPage":{"@id":"https:\/\/dudasytextos.com\/causasde\/causa-de-la-muerte-de-isabel-la-catolica\/#webpage"},"isPartOf":{"@id":"https:\/\/dudasytextos.com\/causasde\/causa-de-la-muerte-de-isabel-la-catolica\/#webpage"},"articleSection":"Conoce las causas"},{"@type":"BreadcrumbList","@id":"https:\/\/dudasytextos.com\/causasde\/causa-de-la-muerte-de-isabel-la-catolica\/#breadcrumblist","itemListElement":[{"@type":"ListItem","@id":"https:\/\/dudasytextos.com\/causasde#listItem","position":1,"name":"Inicio","item":"https:\/\/dudasytextos.com\/causasde","nextItem":{"@type":"ListItem","@id":"https:\/\/dudasytextos.com\/causasde\/category\/conoce-las-causas\/#listItem","name":"Conoce las causas"}},{"@type":"ListItem","@id":"https:\/\/dudasytextos.com\/causasde\/category\/conoce-las-causas\/#listItem","position":2,"name":"Conoce las causas","item":"https:\/\/dudasytextos.com\/causasde\/category\/conoce-las-causas\/","nextItem":{"@type":"ListItem","@id":"https:\/\/dudasytextos.com\/causasde\/causa-de-la-muerte-de-isabel-la-catolica\/#listItem","name":"Causa de la muerte de isabel la cat\u00f3lica"},"previousItem":{"@type":"ListItem","@id":"https:\/\/dudasytextos.com\/causasde#listItem","name":"Inicio"}},{"@type":"ListItem","@id":"https:\/\/dudasytextos.com\/causasde\/causa-de-la-muerte-de-isabel-la-catolica\/#listItem","position":3,"name":"Causa de la muerte de isabel la cat\u00f3lica","previousItem":{"@type":"ListItem","@id":"https:\/\/dudasytextos.com\/causasde\/category\/conoce-las-causas\/#listItem","name":"Conoce las causas"}}]},{"@type":"Organization","@id":"https:\/\/dudasytextos.com\/causasde\/#organization","name":"\u00bfC\u00f3mo funciona?","description":"Conoce las causas","url":"https:\/\/dudasytextos.com\/causasde\/"},{"@type":"Person","@id":"https:\/\/dudasytextos.com\/causasde\/author\/admin44\/#author","url":"https:\/\/dudasytextos.com\/causasde\/author\/admin44\/","name":"Ana Gonz\u00e1lez"},{"@type":"WebPage","@id":"https:\/\/dudasytextos.com\/causasde\/causa-de-la-muerte-de-isabel-la-catolica\/#webpage","url":"https:\/\/dudasytextos.com\/causasde\/causa-de-la-muerte-de-isabel-la-catolica\/","name":"Causa de la muerte de isabel la cat\u00f3lica (2026) Conoce las causas","description":"Causa de la muerte de Isabel la Cat\u00f3lica Curiosidades sobre la muerte de Isabel la Cat\u00f3lica Isabel la Cat\u00f3lica muri\u00f3 el 26 de noviembre de 1504 a los 53 a\u00f1os. La causa de su muerte ha sido objeto de debate durante siglos. Se cree que Isabel la Cat\u00f3lica padec\u00eda de una enfermedad cr\u00f3nica que afectaba","inLanguage":"es-ES","isPartOf":{"@id":"https:\/\/dudasytextos.com\/causasde\/#website"},"breadcrumb":{"@id":"https:\/\/dudasytextos.com\/causasde\/causa-de-la-muerte-de-isabel-la-catolica\/#breadcrumblist"},"author":{"@id":"https:\/\/dudasytextos.com\/causasde\/author\/admin44\/#author"},"creator":{"@id":"https:\/\/dudasytextos.com\/causasde\/author\/admin44\/#author"},"datePublished":"2025-02-18T15:32:30+00:00","dateModified":"2025-03-12T15:03:09+00:00"},{"@type":"WebSite","@id":"https:\/\/dudasytextos.com\/causasde\/#website","url":"https:\/\/dudasytextos.com\/causasde\/","name":"\u00bfC\u00f3mo funciona?","description":"Conoce las causas","inLanguage":"es-ES","publisher":{"@id":"https:\/\/dudasytextos.com\/causasde\/#organization"}}]},"og:locale":"es_ES","og:site_name":"Conoce las causas - Conoce las causas","og:type":"article","og:title":"Causa de la muerte de isabel la cat\u00f3lica (2026) Conoce las causas","og:description":"Causa de la muerte de Isabel la Cat\u00f3lica Curiosidades sobre la muerte de Isabel la Cat\u00f3lica Isabel la Cat\u00f3lica muri\u00f3 el 26 de noviembre de 1504 a los 53 a\u00f1os. La causa de su muerte ha sido objeto de debate durante siglos. Se cree que Isabel la Cat\u00f3lica padec\u00eda de una enfermedad cr\u00f3nica que afectaba","og:url":"https:\/\/dudasytextos.com\/causasde\/causa-de-la-muerte-de-isabel-la-catolica\/","article:published_time":"2025-02-18T15:32:30+00:00","article:modified_time":"2025-03-12T15:03:09+00:00","twitter:card":"summary_large_image","twitter:title":"Causa de la muerte de isabel la cat\u00f3lica (2026) Conoce las causas","twitter:description":"Causa de la muerte de Isabel la Cat\u00f3lica Curiosidades sobre la muerte de Isabel la Cat\u00f3lica Isabel la Cat\u00f3lica muri\u00f3 el 26 de noviembre de 1504 a los 53 a\u00f1os. La causa de su muerte ha sido objeto de debate durante siglos. Se cree que Isabel la Cat\u00f3lica padec\u00eda de una enfermedad cr\u00f3nica que afectaba"},"aioseo_meta_data":{"post_id":"163229","title":null,"description":null,"keywords":null,"keyphrases":null,"primary_term":null,"canonical_url":null,"og_title":null,"og_description":null,"og_object_type":"default","og_image_type":"default","og_image_url":null,"og_image_width":null,"og_image_height":null,"og_image_custom_url":null,"og_image_custom_fields":null,"og_video":null,"og_custom_url":null,"og_article_section":null,"og_article_tags":null,"twitter_use_og":false,"twitter_card":"default","twitter_image_type":"default","twitter_image_url":null,"twitter_image_custom_url":null,"twitter_image_custom_fields":null,"twitter_title":null,"twitter_description":null,"schema":{"blockGraphs":[],"customGraphs":[],"default":{"data":{"Article":[],"Course":[],"Dataset":[],"FAQPage":[],"Movie":[],"Person":[],"Product":[],"ProductReview":[],"Car":[],"Recipe":[],"Service":[],"SoftwareApplication":[],"WebPage":[]},"graphName":"","isEnabled":true},"graphs":[]},"schema_type":"default","schema_type_options":null,"pillar_content":false,"robots_default":true,"robots_noindex":false,"robots_noarchive":false,"robots_nosnippet":false,"robots_nofollow":false,"robots_noimageindex":false,"robots_noodp":false,"robots_notranslate":false,"robots_max_snippet":null,"robots_max_videopreview":null,"robots_max_imagepreview":"large","priority":null,"frequency":null,"local_seo":null,"breadcrumb_settings":null,"limit_modified_date":false,"ai":null,"created":"2023-05-12 14:47:57","updated":"2025-06-03 23:04:05","seo_analyzer_scan_date":null,"focus_keyword":null,"additional_keywords":null,"truseo_locale":null},"aioseo_breadcrumb":"<div class=\"aioseo-breadcrumbs\"><span class=\"aioseo-breadcrumb\">\n\t\t\t<a href=\"https:\/\/dudasytextos.com\/causasde\" title=\"Inicio\">Inicio<\/a>\n\t\t<\/span><span class=\"aioseo-breadcrumb-separator\">&raquo;<\/span><span class=\"aioseo-breadcrumb\">\n\t\t\t<a href=\"https:\/\/dudasytextos.com\/causasde\/category\/conoce-las-causas\/\" title=\"Conoce las causas\">Conoce las causas<\/a>\n\t\t<\/span><span class=\"aioseo-breadcrumb-separator\">&raquo;<\/span><span class=\"aioseo-breadcrumb\">\n\t\t\tCausa de la muerte de isabel la cat\u00f3lica\n\t\t<\/span><\/div>","aioseo_breadcrumb_json":[{"label":"Inicio","link":"https:\/\/dudasytextos.com\/causasde"},{"label":"Conoce las causas","link":"https:\/\/dudasytextos.com\/causasde\/category\/conoce-las-causas\/"},{"label":"Causa de la muerte de isabel la cat\u00f3lica","link":"https:\/\/dudasytextos.com\/causasde\/causa-de-la-muerte-de-isabel-la-catolica\/"}],"_links":{"self":[{"href":"https:\/\/dudasytextos.com\/causasde\/wp-json\/wp\/v2\/posts\/163229","targetHints":{"allow":["GET"]}}],"collection":[{"href":"https:\/\/dudasytextos.com\/causasde\/wp-json\/wp\/v2\/posts"}],"about":[{"href":"https:\/\/dudasytextos.com\/causasde\/wp-json\/wp\/v2\/types\/post"}],"author":[{"embeddable":true,"href":"https:\/\/dudasytextos.com\/causasde\/wp-json\/wp\/v2\/users\/1"}],"replies":[{"embeddable":true,"href":"https:\/\/dudasytextos.com\/causasde\/wp-json\/wp\/v2\/comments?post=163229"}],"version-history":[{"count":1,"href":"https:\/\/dudasytextos.com\/causasde\/wp-json\/wp\/v2\/posts\/163229\/revisions"}],"predecessor-version":[{"id":165350,"href":"https:\/\/dudasytextos.com\/causasde\/wp-json\/wp\/v2\/posts\/163229\/revisions\/165350"}],"wp:attachment":[{"href":"https:\/\/dudasytextos.com\/causasde\/wp-json\/wp\/v2\/media?parent=163229"}],"wp:term":[{"taxonomy":"category","embeddable":true,"href":"https:\/\/dudasytextos.com\/causasde\/wp-json\/wp\/v2\/categories?post=163229"},{"taxonomy":"post_tag","embeddable":true,"href":"https:\/\/dudasytextos.com\/causasde\/wp-json\/wp\/v2\/tags?post=163229"}],"curies":[{"name":"wp","href":"https:\/\/api.w.org\/{rel}","templated":true}]}}