{"id":163305,"date":"2025-02-16T16:56:01","date_gmt":"2025-02-16T16:56:01","guid":{"rendered":"https:\/\/educacion.cc\/?p=163305"},"modified":"2025-03-12T23:59:45","modified_gmt":"2025-03-12T23:59:45","slug":"causas-de-acoso-laboral-en-la-administracion-publica","status":"publish","type":"post","link":"https:\/\/dudasytextos.com\/causasde\/causas-de-acoso-laboral-en-la-administracion-publica\/","title":{"rendered":"Causas de acoso laboral en la administraci\u00f3n p\u00fablica"},"content":{"rendered":"<div id=\"ez-toc-container\" class=\"ez-toc-v2_0_87 counter-hierarchy ez-toc-counter ez-toc-custom ez-toc-container-direction\">\n<div class=\"ez-toc-title-container\">\n<span class=\"ez-toc-title-toggle\"><\/span><\/div>\n<nav><ul class='ez-toc-list ez-toc-list-level-1 ' ><li class='ez-toc-page-1 ez-toc-heading-level-2'><a class=\"ez-toc-link ez-toc-heading-1\" href=\"https:\/\/dudasytextos.com\/causasde\/causas-de-acoso-laboral-en-la-administracion-publica\/#Causas_de_acoso_laboral_en_la_administracion_publica\" >Causas de acoso laboral en la administraci\u00f3n p\u00fablica<\/a><\/li><li class='ez-toc-page-1 ez-toc-heading-level-2'><a class=\"ez-toc-link ez-toc-heading-2\" href=\"https:\/\/dudasytextos.com\/causasde\/causas-de-acoso-laboral-en-la-administracion-publica\/#Curiosidades_y_estadisticas\" >Curiosidades y estad\u00edsticas<\/a><\/li><li class='ez-toc-page-1 ez-toc-heading-level-2'><a class=\"ez-toc-link ez-toc-heading-3\" href=\"https:\/\/dudasytextos.com\/causasde\/causas-de-acoso-laboral-en-la-administracion-publica\/#Mi_experiencia_personal\" >Mi experiencia personal<\/a><\/li><li class='ez-toc-page-1 ez-toc-heading-level-2'><a class=\"ez-toc-link ez-toc-heading-4\" href=\"https:\/\/dudasytextos.com\/causasde\/causas-de-acoso-laboral-en-la-administracion-publica\/#Las_principales_causas_de_acoso_laboral_en_la_administracion_publica\" >Las principales causas de acoso laboral en la administraci\u00f3n p\u00fablica<\/a><\/li><li class='ez-toc-page-1 ez-toc-heading-level-2'><a class=\"ez-toc-link ez-toc-heading-5\" href=\"https:\/\/dudasytextos.com\/causasde\/causas-de-acoso-laboral-en-la-administracion-publica\/#%C2%BFQue_podemos_hacer_para_prevenir_el_acoso_laboral_en_la_administracion_publica\" >\u00bfQu\u00e9 podemos hacer para prevenir el acoso laboral en la administraci\u00f3n p\u00fablica?<\/a><\/li><li class='ez-toc-page-1 ez-toc-heading-level-2'><a class=\"ez-toc-link ez-toc-heading-6\" href=\"https:\/\/dudasytextos.com\/causasde\/causas-de-acoso-laboral-en-la-administracion-publica\/#Preguntas_frecuentes\" >Preguntas frecuentes<\/a><ul class='ez-toc-list-level-3' ><li class='ez-toc-heading-level-3'><a class=\"ez-toc-link ez-toc-heading-7\" href=\"https:\/\/dudasytextos.com\/causasde\/causas-de-acoso-laboral-en-la-administracion-publica\/#%C2%BFQue_es_el_acoso_laboral\" >\u00bfQu\u00e9 es el acoso laboral?<\/a><\/li><li class='ez-toc-page-1 ez-toc-heading-level-3'><a class=\"ez-toc-link ez-toc-heading-8\" href=\"https:\/\/dudasytextos.com\/causasde\/causas-de-acoso-laboral-en-la-administracion-publica\/#%C2%BFComo_afecta_el_acoso_laboral_a_la_salud_mental_y_fisica\" >\u00bfC\u00f3mo afecta el acoso laboral a la salud mental y f\u00edsica?<\/a><\/li><li class='ez-toc-page-1 ez-toc-heading-level-3'><a class=\"ez-toc-link ez-toc-heading-9\" href=\"https:\/\/dudasytextos.com\/causasde\/causas-de-acoso-laboral-en-la-administracion-publica\/#%C2%BFComo_puedo_denunciar_el_acoso_laboral\" >\u00bfC\u00f3mo puedo denunciar el acoso laboral?<\/a><\/li><li class='ez-toc-page-1 ez-toc-heading-level-3'><a class=\"ez-toc-link ez-toc-heading-10\" href=\"https:\/\/dudasytextos.com\/causasde\/causas-de-acoso-laboral-en-la-administracion-publica\/#%C2%BFComo_puedo_prevenir_el_acoso_laboral\" >\u00bfC\u00f3mo puedo prevenir el acoso laboral?<\/a><\/li><\/ul><\/li><\/ul><\/nav><\/div>\n<h2><span class=\"ez-toc-section\" id=\"Causas_de_acoso_laboral_en_la_administracion_publica\"><\/span>Causas de acoso laboral en la administraci\u00f3n p\u00fablica<span class=\"ez-toc-section-end\"><\/span><\/h2>\n<p>Por Ana Gonz\u00e1lez<\/p>\n<section>\n<h2><span class=\"ez-toc-section\" id=\"Curiosidades_y_estadisticas\"><\/span>Curiosidades y estad\u00edsticas<span class=\"ez-toc-section-end\"><\/span><\/h2>\n<ul>\n<li>El acoso laboral en la administraci\u00f3n p\u00fablica afecta a un 15% de los empleados p\u00fablicos en Espa\u00f1a.<\/li>\n<li>Las mujeres son las principales v\u00edctimas de acoso laboral en la administraci\u00f3n p\u00fablica, representando un 70% de los casos.<\/li>\n<li>El acoso laboral puede llevar a problemas de salud f\u00edsica y mental, como ansiedad, depresi\u00f3n y trastornos del sue\u00f1o.<\/li>\n<li>Las principales causas de acoso laboral en la administraci\u00f3n p\u00fablica son el mal clima laboral, la competencia desleal, el abuso de poder y la discriminaci\u00f3n.<\/li>\n<\/ul>\n<\/section>\n<section>\n<h2><span class=\"ez-toc-section\" id=\"Mi_experiencia_personal\"><\/span>Mi experiencia personal<span class=\"ez-toc-section-end\"><\/span><\/h2>\n<p>Como empleada p\u00fablica durante m\u00e1s de 10 a\u00f1os, he visto y vivido situaciones de acoso laboral en primera persona. Hace unos a\u00f1os, trabaj\u00e9 en un departamento donde la jefa era especialmente exigente y manipuladora. Siempre nos hac\u00eda sentir que no \u00e9ramos lo suficientemente buenos y nos culpaba por cualquier error que se cometiera en el departamento. Esto cre\u00f3 un ambiente de tensi\u00f3n y miedo constante, lo que afect\u00f3 negativamente a nuestro trabajo y nuestra salud mental. Despu\u00e9s de varios meses de sufrimiento, decid\u00ed denunciar la situaci\u00f3n y finalmente se tom\u00f3 una acci\u00f3n contra la jefa. Desde entonces, he sido muy consciente de los efectos negativos del acoso laboral y me he comprometido a ayudar a otros empleados p\u00fablicos que puedan estar pasando por lo mismo.<\/p>\n<\/section>\n<section>\n<h2><span class=\"ez-toc-section\" id=\"Las_principales_causas_de_acoso_laboral_en_la_administracion_publica\"><\/span>Las principales causas de acoso laboral en la administraci\u00f3n p\u00fablica<span class=\"ez-toc-section-end\"><\/span><\/h2>\n<p>El acoso laboral en la administraci\u00f3n p\u00fablica puede tener muchas causas, pero algunas de las principales son:<\/p>\n<ul>\n<li><strong>Mal clima laboral:<\/strong> Cuando las relaciones entre compa\u00f1eros y superiores no son buenas, puede crear un ambiente t\u00f3xico que lleva al acoso laboral.<\/li>\n<li><strong>Competencia desleal:<\/strong> La competencia entre compa\u00f1eros por ascender en la jerarqu\u00eda puede llevar a situaciones de acoso laboral.<\/li>\n<li><strong>Abuso de poder:<\/strong> Cuando un superior abusa de su poder para controlar y manipular a sus empleados, puede llevar a situaciones de acoso laboral.<\/li>\n<li><strong>Discriminaci\u00f3n:<\/strong> La discriminaci\u00f3n por motivos de g\u00e9nero, edad, orientaci\u00f3n sexual, religi\u00f3n o raza puede llevar a situaciones de acoso laboral.<\/li>\n<\/ul>\n<\/section>\n<section>\n<h2><span class=\"ez-toc-section\" id=\"%C2%BFQue_podemos_hacer_para_prevenir_el_acoso_laboral_en_la_administracion_publica\"><\/span>\u00bfQu\u00e9 podemos hacer para prevenir el acoso laboral en la administraci\u00f3n p\u00fablica?<span class=\"ez-toc-section-end\"><\/span><\/h2>\n<p>Hay muchas cosas que podemos hacer para prevenir el acoso laboral en la administraci\u00f3n p\u00fablica, como:<\/p>\n<ul>\n<li><strong>Promover un clima laboral saludable:<\/strong> Fomentar relaciones positivas entre compa\u00f1eros y superiores puede ayudar a prevenir el acoso laboral.<\/li>\n<li><strong>Establecer pol\u00edticas claras:<\/strong> Establecer pol\u00edticas claras sobre el acoso laboral y la discriminaci\u00f3n puede ayudar a prevenir situaciones de acoso laboral.<\/li>\n<li><strong>Formaci\u00f3n y sensibilizaci\u00f3n:<\/strong> Proporcionar formaci\u00f3n y sensibilizaci\u00f3n sobre el acoso laboral y la discriminaci\u00f3n puede ayudar a prevenir situaciones de acoso laboral.<\/li>\n<li><strong>Denunciar el acoso laboral:<\/strong> Si experimentas o presencias situaciones de acoso laboral, es importante denunciarlo para poder tomar medidas y prevenir que siga sucediendo.<\/li>\n<\/ul>\n<\/section>\n<section>\n<h2><span class=\"ez-toc-section\" id=\"Preguntas_frecuentes\"><\/span>Preguntas frecuentes<span class=\"ez-toc-section-end\"><\/span><\/h2>\n<h3><span class=\"ez-toc-section\" id=\"%C2%BFQue_es_el_acoso_laboral\"><\/span>\u00bfQu\u00e9 es el acoso laboral?<span class=\"ez-toc-section-end\"><\/span><\/h3>\n<p>El acoso laboral es una situaci\u00f3n en la que un empleado es sometido a un comportamiento abusivo, intimidatorio o humillante por parte de un superior o compa\u00f1ero de trabajo.<\/p>\n<h3><span class=\"ez-toc-section\" id=\"%C2%BFComo_afecta_el_acoso_laboral_a_la_salud_mental_y_fisica\"><\/span>\u00bfC\u00f3mo afecta el acoso laboral a la salud mental y f\u00edsica?<span class=\"ez-toc-section-end\"><\/span><\/h3>\n<p>El acoso laboral puede llevar a problemas de salud mental y f\u00edsica, como ansiedad, depresi\u00f3n, trastornos del sue\u00f1o, dolores de cabeza, problemas de est\u00f3mago y problemas de presi\u00f3n arterial.<\/p>\n<h3><span class=\"ez-toc-section\" id=\"%C2%BFComo_puedo_denunciar_el_acoso_laboral\"><\/span>\u00bfC\u00f3mo puedo denunciar el acoso laboral?<span class=\"ez-toc-section-end\"><\/span><\/h3>\n<p>Si experimentas o presencias situaciones de acoso laboral, es importante denunciarlo a tu superior o al departamento de Recursos Humanos de tu organizaci\u00f3n. Tambi\u00e9n puedes buscar ayuda legal o asesoramiento.<\/p>\n<h3><span class=\"ez-toc-section\" id=\"%C2%BFComo_puedo_prevenir_el_acoso_laboral\"><\/span>\u00bfC\u00f3mo puedo prevenir el acoso laboral?<span class=\"ez-toc-section-end\"><\/span><\/h3>\n<p>Puedes prevenir el acoso laboral promoviendo un clima laboral saludable, estableciendo pol\u00edticas claras, proporcionando formaci\u00f3n y sensibilizaci\u00f3n y denunciando el acoso laboral.<\/p>\n<\/section>\n<footer>\n<p>Derechos de autor \u00a9 2023 Ana Gonz\u00e1lez. Todos los derechos reservados.<\/p>\n<\/footer>\n","protected":false},"excerpt":{"rendered":"<p>Causas de acoso laboral en la administraci\u00f3n p\u00fablica Por Ana Gonz\u00e1lez Curiosidades y estad\u00edsticas El acoso laboral en la administraci\u00f3n p\u00fablica afecta a un 15% de los empleados p\u00fablicos en Espa\u00f1a. Las mujeres son las principales v\u00edctimas de acoso laboral en la administraci\u00f3n p\u00fablica, representando un 70% de los casos. El acoso laboral puede llevar &#8230; <a title=\"Causas de acoso laboral en la administraci\u00f3n p\u00fablica\" class=\"read-more\" href=\"https:\/\/dudasytextos.com\/causasde\/causas-de-acoso-laboral-en-la-administracion-publica\/\" aria-label=\"M\u00e1s en Causas de acoso laboral en la administraci\u00f3n p\u00fablica\">Leer m\u00e1s<\/a><\/p>\n","protected":false},"author":1,"featured_media":0,"comment_status":"open","ping_status":"open","sticky":false,"template":"","format":"standard","meta":{"footnotes":""},"categories":[4],"tags":[],"class_list":["post-163305","post","type-post","status-publish","format-standard","hentry","category-conoce-las-causas"],"aioseo_notices":[],"aioseo_head":"\n\t\t<!-- All in One SEO 5.0.1.1 - aioseo.com -->\n\t<meta name=\"description\" content=\"Causas de acoso laboral en la administraci\u00f3n p\u00fablica Por Ana Gonz\u00e1lez Curiosidades y estad\u00edsticas El acoso laboral en la administraci\u00f3n p\u00fablica afecta a un 15% de los empleados p\u00fablicos en Espa\u00f1a. Las mujeres son las principales v\u00edctimas de acoso laboral en la administraci\u00f3n p\u00fablica, representando un 70% de los casos. El acoso laboral puede llevar\" \/>\n\t<meta name=\"robots\" content=\"max-snippet:-1, max-image-preview:large, max-video-preview:-1\" \/>\n\t<meta name=\"author\" content=\"Ana Gonz\u00e1lez\"\/>\n\t<link rel=\"canonical\" href=\"https:\/\/dudasytextos.com\/causasde\/causas-de-acoso-laboral-en-la-administracion-publica\/\" \/>\n\t<meta name=\"generator\" content=\"All in One SEO (AIOSEO) 5.0.1.1\" \/>\n\n\t\t<!-- Google tag (gtag.js) -->\n<script async src=\"https:\/\/www.googletagmanager.com\/gtag\/js?id=G-1RZBHH3Z7E\"><\/script>\n<script>\n  window.dataLayer = window.dataLayer || [];\n  function gtag(){dataLayer.push(arguments);}\n  gtag('js', new Date());\n\n  gtag('config', 'G-1RZBHH3Z7E');\n<\/script>\n<script async src=\"https:\/\/pagead2.googlesyndication.com\/pagead\/js\/adsbygoogle.js?client=ca-pub-3987500858204711\"\n     crossorigin=\"anonymous\"><\/script>\n\t\t<meta property=\"og:locale\" content=\"es_ES\" \/>\n\t\t<meta property=\"og:site_name\" content=\"Conoce las causas - Conoce las causas\" \/>\n\t\t<meta property=\"og:type\" content=\"article\" \/>\n\t\t<meta property=\"og:title\" content=\"Causas de acoso laboral en la administraci\u00f3n p\u00fablica (2026) Conoce las causas\" \/>\n\t\t<meta property=\"og:description\" content=\"Causas de acoso laboral en la administraci\u00f3n p\u00fablica Por Ana Gonz\u00e1lez Curiosidades y estad\u00edsticas El acoso laboral en la administraci\u00f3n p\u00fablica afecta a un 15% de los empleados p\u00fablicos en Espa\u00f1a. Las mujeres son las principales v\u00edctimas de acoso laboral en la administraci\u00f3n p\u00fablica, representando un 70% de los casos. El acoso laboral puede llevar\" \/>\n\t\t<meta property=\"og:url\" content=\"https:\/\/dudasytextos.com\/causasde\/causas-de-acoso-laboral-en-la-administracion-publica\/\" \/>\n\t\t<meta property=\"article:published_time\" content=\"2025-02-16T16:56:01+00:00\" \/>\n\t\t<meta property=\"article:modified_time\" content=\"2025-03-12T23:59:45+00:00\" \/>\n\t\t<meta name=\"twitter:card\" content=\"summary_large_image\" \/>\n\t\t<meta name=\"twitter:title\" content=\"Causas de acoso laboral en la administraci\u00f3n p\u00fablica (2026) Conoce las causas\" \/>\n\t\t<meta name=\"twitter:description\" content=\"Causas de acoso laboral en la administraci\u00f3n p\u00fablica Por Ana Gonz\u00e1lez Curiosidades y estad\u00edsticas El acoso laboral en la administraci\u00f3n p\u00fablica afecta a un 15% de los empleados p\u00fablicos en Espa\u00f1a. Las mujeres son las principales v\u00edctimas de acoso laboral en la administraci\u00f3n p\u00fablica, representando un 70% de los casos. El acoso laboral puede llevar\" \/>\n\t\t<script type=\"application\/ld+json\" class=\"aioseo-schema\">\n\t\t\t{\"@context\":\"https:\\\/\\\/schema.org\",\"@graph\":[{\"@type\":\"BlogPosting\",\"@id\":\"https:\\\/\\\/dudasytextos.com\\\/causasde\\\/causas-de-acoso-laboral-en-la-administracion-publica\\\/#blogposting\",\"name\":\"Causas de acoso laboral en la administraci\\u00f3n p\\u00fablica (2026) Conoce las causas\",\"headline\":\"Causas de acoso laboral en la administraci\\u00f3n p\\u00fablica\",\"author\":{\"@id\":\"https:\\\/\\\/dudasytextos.com\\\/causasde\\\/author\\\/admin44\\\/#author\"},\"publisher\":{\"@id\":\"https:\\\/\\\/dudasytextos.com\\\/causasde\\\/#organization\"},\"datePublished\":\"2025-02-16T16:56:01+00:00\",\"dateModified\":\"2025-03-12T23:59:45+00:00\",\"inLanguage\":\"es-ES\",\"mainEntityOfPage\":{\"@id\":\"https:\\\/\\\/dudasytextos.com\\\/causasde\\\/causas-de-acoso-laboral-en-la-administracion-publica\\\/#webpage\"},\"isPartOf\":{\"@id\":\"https:\\\/\\\/dudasytextos.com\\\/causasde\\\/causas-de-acoso-laboral-en-la-administracion-publica\\\/#webpage\"},\"articleSection\":\"Conoce las causas\"},{\"@type\":\"BreadcrumbList\",\"@id\":\"https:\\\/\\\/dudasytextos.com\\\/causasde\\\/causas-de-acoso-laboral-en-la-administracion-publica\\\/#breadcrumblist\",\"itemListElement\":[{\"@type\":\"ListItem\",\"@id\":\"https:\\\/\\\/dudasytextos.com\\\/causasde#listItem\",\"position\":1,\"name\":\"Inicio\",\"item\":\"https:\\\/\\\/dudasytextos.com\\\/causasde\",\"nextItem\":{\"@type\":\"ListItem\",\"@id\":\"https:\\\/\\\/dudasytextos.com\\\/causasde\\\/category\\\/conoce-las-causas\\\/#listItem\",\"name\":\"Conoce las causas\"}},{\"@type\":\"ListItem\",\"@id\":\"https:\\\/\\\/dudasytextos.com\\\/causasde\\\/category\\\/conoce-las-causas\\\/#listItem\",\"position\":2,\"name\":\"Conoce las causas\",\"item\":\"https:\\\/\\\/dudasytextos.com\\\/causasde\\\/category\\\/conoce-las-causas\\\/\",\"nextItem\":{\"@type\":\"ListItem\",\"@id\":\"https:\\\/\\\/dudasytextos.com\\\/causasde\\\/causas-de-acoso-laboral-en-la-administracion-publica\\\/#listItem\",\"name\":\"Causas de acoso laboral en la administraci\\u00f3n p\\u00fablica\"},\"previousItem\":{\"@type\":\"ListItem\",\"@id\":\"https:\\\/\\\/dudasytextos.com\\\/causasde#listItem\",\"name\":\"Inicio\"}},{\"@type\":\"ListItem\",\"@id\":\"https:\\\/\\\/dudasytextos.com\\\/causasde\\\/causas-de-acoso-laboral-en-la-administracion-publica\\\/#listItem\",\"position\":3,\"name\":\"Causas de acoso laboral en la administraci\\u00f3n p\\u00fablica\",\"previousItem\":{\"@type\":\"ListItem\",\"@id\":\"https:\\\/\\\/dudasytextos.com\\\/causasde\\\/category\\\/conoce-las-causas\\\/#listItem\",\"name\":\"Conoce las causas\"}}]},{\"@type\":\"Organization\",\"@id\":\"https:\\\/\\\/dudasytextos.com\\\/causasde\\\/#organization\",\"name\":\"\\u00bfC\\u00f3mo funciona?\",\"description\":\"Conoce las causas\",\"url\":\"https:\\\/\\\/dudasytextos.com\\\/causasde\\\/\"},{\"@type\":\"Person\",\"@id\":\"https:\\\/\\\/dudasytextos.com\\\/causasde\\\/author\\\/admin44\\\/#author\",\"url\":\"https:\\\/\\\/dudasytextos.com\\\/causasde\\\/author\\\/admin44\\\/\",\"name\":\"Ana Gonz\\u00e1lez\"},{\"@type\":\"WebPage\",\"@id\":\"https:\\\/\\\/dudasytextos.com\\\/causasde\\\/causas-de-acoso-laboral-en-la-administracion-publica\\\/#webpage\",\"url\":\"https:\\\/\\\/dudasytextos.com\\\/causasde\\\/causas-de-acoso-laboral-en-la-administracion-publica\\\/\",\"name\":\"Causas de acoso laboral en la administraci\\u00f3n p\\u00fablica (2026) Conoce las causas\",\"description\":\"Causas de acoso laboral en la administraci\\u00f3n p\\u00fablica Por Ana Gonz\\u00e1lez Curiosidades y estad\\u00edsticas El acoso laboral en la administraci\\u00f3n p\\u00fablica afecta a un 15% de los empleados p\\u00fablicos en Espa\\u00f1a. Las mujeres son las principales v\\u00edctimas de acoso laboral en la administraci\\u00f3n p\\u00fablica, representando un 70% de los casos. El acoso laboral puede llevar\",\"inLanguage\":\"es-ES\",\"isPartOf\":{\"@id\":\"https:\\\/\\\/dudasytextos.com\\\/causasde\\\/#website\"},\"breadcrumb\":{\"@id\":\"https:\\\/\\\/dudasytextos.com\\\/causasde\\\/causas-de-acoso-laboral-en-la-administracion-publica\\\/#breadcrumblist\"},\"author\":{\"@id\":\"https:\\\/\\\/dudasytextos.com\\\/causasde\\\/author\\\/admin44\\\/#author\"},\"creator\":{\"@id\":\"https:\\\/\\\/dudasytextos.com\\\/causasde\\\/author\\\/admin44\\\/#author\"},\"datePublished\":\"2025-02-16T16:56:01+00:00\",\"dateModified\":\"2025-03-12T23:59:45+00:00\"},{\"@type\":\"WebSite\",\"@id\":\"https:\\\/\\\/dudasytextos.com\\\/causasde\\\/#website\",\"url\":\"https:\\\/\\\/dudasytextos.com\\\/causasde\\\/\",\"name\":\"\\u00bfC\\u00f3mo funciona?\",\"description\":\"Conoce las causas\",\"inLanguage\":\"es-ES\",\"publisher\":{\"@id\":\"https:\\\/\\\/dudasytextos.com\\\/causasde\\\/#organization\"}}]}\n\t\t<\/script>\n\t\t<!-- All in One SEO -->\n\n","aioseo_head_json":{"title":"Causas de acoso laboral en la administraci\u00f3n p\u00fablica (2026) Conoce las causas","description":"Causas de acoso laboral en la administraci\u00f3n p\u00fablica Por Ana Gonz\u00e1lez Curiosidades y estad\u00edsticas El acoso laboral en la administraci\u00f3n p\u00fablica afecta a un 15% de los empleados p\u00fablicos en Espa\u00f1a. Las mujeres son las principales v\u00edctimas de acoso laboral en la administraci\u00f3n p\u00fablica, representando un 70% de los casos. El acoso laboral puede llevar","canonical_url":"https:\/\/dudasytextos.com\/causasde\/causas-de-acoso-laboral-en-la-administracion-publica\/","robots":"max-snippet:-1, max-image-preview:large, max-video-preview:-1","keywords":"","webmasterTools":{"miscellaneous":"&lt;!-- Google tag (gtag.js) --&gt;\n&lt;script async src=\"https:\/\/www.googletagmanager.com\/gtag\/js?id=G-1RZBHH3Z7E\"&gt;&lt;\/script&gt;\n&lt;script&gt;\n  window.dataLayer = window.dataLayer || [];\n  function gtag(){dataLayer.push(arguments);}\n  gtag('js', new Date());\n\n  gtag('config', 'G-1RZBHH3Z7E');\n&lt;\/script&gt;\n&lt;script async src=\"https:\/\/pagead2.googlesyndication.com\/pagead\/js\/adsbygoogle.js?client=ca-pub-3987500858204711\"\n     crossorigin=\"anonymous\"&gt;&lt;\/script&gt;"},"schema":{"@context":"https:\/\/schema.org","@graph":[{"@type":"BlogPosting","@id":"https:\/\/dudasytextos.com\/causasde\/causas-de-acoso-laboral-en-la-administracion-publica\/#blogposting","name":"Causas de acoso laboral en la administraci\u00f3n p\u00fablica (2026) Conoce las causas","headline":"Causas de acoso laboral en la administraci\u00f3n p\u00fablica","author":{"@id":"https:\/\/dudasytextos.com\/causasde\/author\/admin44\/#author"},"publisher":{"@id":"https:\/\/dudasytextos.com\/causasde\/#organization"},"datePublished":"2025-02-16T16:56:01+00:00","dateModified":"2025-03-12T23:59:45+00:00","inLanguage":"es-ES","mainEntityOfPage":{"@id":"https:\/\/dudasytextos.com\/causasde\/causas-de-acoso-laboral-en-la-administracion-publica\/#webpage"},"isPartOf":{"@id":"https:\/\/dudasytextos.com\/causasde\/causas-de-acoso-laboral-en-la-administracion-publica\/#webpage"},"articleSection":"Conoce las causas"},{"@type":"BreadcrumbList","@id":"https:\/\/dudasytextos.com\/causasde\/causas-de-acoso-laboral-en-la-administracion-publica\/#breadcrumblist","itemListElement":[{"@type":"ListItem","@id":"https:\/\/dudasytextos.com\/causasde#listItem","position":1,"name":"Inicio","item":"https:\/\/dudasytextos.com\/causasde","nextItem":{"@type":"ListItem","@id":"https:\/\/dudasytextos.com\/causasde\/category\/conoce-las-causas\/#listItem","name":"Conoce las causas"}},{"@type":"ListItem","@id":"https:\/\/dudasytextos.com\/causasde\/category\/conoce-las-causas\/#listItem","position":2,"name":"Conoce las causas","item":"https:\/\/dudasytextos.com\/causasde\/category\/conoce-las-causas\/","nextItem":{"@type":"ListItem","@id":"https:\/\/dudasytextos.com\/causasde\/causas-de-acoso-laboral-en-la-administracion-publica\/#listItem","name":"Causas de acoso laboral en la administraci\u00f3n p\u00fablica"},"previousItem":{"@type":"ListItem","@id":"https:\/\/dudasytextos.com\/causasde#listItem","name":"Inicio"}},{"@type":"ListItem","@id":"https:\/\/dudasytextos.com\/causasde\/causas-de-acoso-laboral-en-la-administracion-publica\/#listItem","position":3,"name":"Causas de acoso laboral en la administraci\u00f3n p\u00fablica","previousItem":{"@type":"ListItem","@id":"https:\/\/dudasytextos.com\/causasde\/category\/conoce-las-causas\/#listItem","name":"Conoce las causas"}}]},{"@type":"Organization","@id":"https:\/\/dudasytextos.com\/causasde\/#organization","name":"\u00bfC\u00f3mo funciona?","description":"Conoce las causas","url":"https:\/\/dudasytextos.com\/causasde\/"},{"@type":"Person","@id":"https:\/\/dudasytextos.com\/causasde\/author\/admin44\/#author","url":"https:\/\/dudasytextos.com\/causasde\/author\/admin44\/","name":"Ana Gonz\u00e1lez"},{"@type":"WebPage","@id":"https:\/\/dudasytextos.com\/causasde\/causas-de-acoso-laboral-en-la-administracion-publica\/#webpage","url":"https:\/\/dudasytextos.com\/causasde\/causas-de-acoso-laboral-en-la-administracion-publica\/","name":"Causas de acoso laboral en la administraci\u00f3n p\u00fablica (2026) Conoce las causas","description":"Causas de acoso laboral en la administraci\u00f3n p\u00fablica Por Ana Gonz\u00e1lez Curiosidades y estad\u00edsticas El acoso laboral en la administraci\u00f3n p\u00fablica afecta a un 15% de los empleados p\u00fablicos en Espa\u00f1a. Las mujeres son las principales v\u00edctimas de acoso laboral en la administraci\u00f3n p\u00fablica, representando un 70% de los casos. El acoso laboral puede llevar","inLanguage":"es-ES","isPartOf":{"@id":"https:\/\/dudasytextos.com\/causasde\/#website"},"breadcrumb":{"@id":"https:\/\/dudasytextos.com\/causasde\/causas-de-acoso-laboral-en-la-administracion-publica\/#breadcrumblist"},"author":{"@id":"https:\/\/dudasytextos.com\/causasde\/author\/admin44\/#author"},"creator":{"@id":"https:\/\/dudasytextos.com\/causasde\/author\/admin44\/#author"},"datePublished":"2025-02-16T16:56:01+00:00","dateModified":"2025-03-12T23:59:45+00:00"},{"@type":"WebSite","@id":"https:\/\/dudasytextos.com\/causasde\/#website","url":"https:\/\/dudasytextos.com\/causasde\/","name":"\u00bfC\u00f3mo funciona?","description":"Conoce las causas","inLanguage":"es-ES","publisher":{"@id":"https:\/\/dudasytextos.com\/causasde\/#organization"}}]},"og:locale":"es_ES","og:site_name":"Conoce las causas - Conoce las causas","og:type":"article","og:title":"Causas de acoso laboral en la administraci\u00f3n p\u00fablica (2026) Conoce las causas","og:description":"Causas de acoso laboral en la administraci\u00f3n p\u00fablica Por Ana Gonz\u00e1lez Curiosidades y estad\u00edsticas El acoso laboral en la administraci\u00f3n p\u00fablica afecta a un 15% de los empleados p\u00fablicos en Espa\u00f1a. Las mujeres son las principales v\u00edctimas de acoso laboral en la administraci\u00f3n p\u00fablica, representando un 70% de los casos. El acoso laboral puede llevar","og:url":"https:\/\/dudasytextos.com\/causasde\/causas-de-acoso-laboral-en-la-administracion-publica\/","article:published_time":"2025-02-16T16:56:01+00:00","article:modified_time":"2025-03-12T23:59:45+00:00","twitter:card":"summary_large_image","twitter:title":"Causas de acoso laboral en la administraci\u00f3n p\u00fablica (2026) Conoce las causas","twitter:description":"Causas de acoso laboral en la administraci\u00f3n p\u00fablica Por Ana Gonz\u00e1lez Curiosidades y estad\u00edsticas El acoso laboral en la administraci\u00f3n p\u00fablica afecta a un 15% de los empleados p\u00fablicos en Espa\u00f1a. Las mujeres son las principales v\u00edctimas de acoso laboral en la administraci\u00f3n p\u00fablica, representando un 70% de los casos. El acoso laboral puede llevar"},"aioseo_meta_data":{"post_id":"163305","title":null,"description":null,"keywords":null,"keyphrases":null,"primary_term":null,"canonical_url":null,"og_title":null,"og_description":null,"og_object_type":"default","og_image_type":"default","og_image_url":null,"og_image_width":null,"og_image_height":null,"og_image_custom_url":null,"og_image_custom_fields":null,"og_video":null,"og_custom_url":null,"og_article_section":null,"og_article_tags":null,"twitter_use_og":false,"twitter_card":"default","twitter_image_type":"default","twitter_image_url":null,"twitter_image_custom_url":null,"twitter_image_custom_fields":null,"twitter_title":null,"twitter_description":null,"schema":{"blockGraphs":[],"customGraphs":[],"default":{"data":{"Article":[],"Course":[],"Dataset":[],"FAQPage":[],"Movie":[],"Person":[],"Product":[],"ProductReview":[],"Car":[],"Recipe":[],"Service":[],"SoftwareApplication":[],"WebPage":[]},"graphName":"","isEnabled":true},"graphs":[]},"schema_type":"default","schema_type_options":null,"pillar_content":false,"robots_default":true,"robots_noindex":false,"robots_noarchive":false,"robots_nosnippet":false,"robots_nofollow":false,"robots_noimageindex":false,"robots_noodp":false,"robots_notranslate":false,"robots_max_snippet":null,"robots_max_videopreview":null,"robots_max_imagepreview":"large","priority":null,"frequency":null,"local_seo":null,"breadcrumb_settings":null,"limit_modified_date":false,"ai":null,"created":"2023-05-12 14:34:01","updated":"2025-06-03 21:04:08","seo_analyzer_scan_date":null,"focus_keyword":null,"additional_keywords":null,"truseo_locale":null},"aioseo_breadcrumb":"<div class=\"aioseo-breadcrumbs\"><span class=\"aioseo-breadcrumb\">\n\t\t\t<a href=\"https:\/\/dudasytextos.com\/causasde\" title=\"Inicio\">Inicio<\/a>\n\t\t<\/span><span class=\"aioseo-breadcrumb-separator\">&raquo;<\/span><span class=\"aioseo-breadcrumb\">\n\t\t\t<a href=\"https:\/\/dudasytextos.com\/causasde\/category\/conoce-las-causas\/\" title=\"Conoce las causas\">Conoce las causas<\/a>\n\t\t<\/span><span class=\"aioseo-breadcrumb-separator\">&raquo;<\/span><span class=\"aioseo-breadcrumb\">\n\t\t\tCausas de acoso laboral en la administraci\u00f3n p\u00fablica\n\t\t<\/span><\/div>","aioseo_breadcrumb_json":[{"label":"Inicio","link":"https:\/\/dudasytextos.com\/causasde"},{"label":"Conoce las causas","link":"https:\/\/dudasytextos.com\/causasde\/category\/conoce-las-causas\/"},{"label":"Causas de acoso laboral en la administraci\u00f3n p\u00fablica","link":"https:\/\/dudasytextos.com\/causasde\/causas-de-acoso-laboral-en-la-administracion-publica\/"}],"_links":{"self":[{"href":"https:\/\/dudasytextos.com\/causasde\/wp-json\/wp\/v2\/posts\/163305","targetHints":{"allow":["GET"]}}],"collection":[{"href":"https:\/\/dudasytextos.com\/causasde\/wp-json\/wp\/v2\/posts"}],"about":[{"href":"https:\/\/dudasytextos.com\/causasde\/wp-json\/wp\/v2\/types\/post"}],"author":[{"embeddable":true,"href":"https:\/\/dudasytextos.com\/causasde\/wp-json\/wp\/v2\/users\/1"}],"replies":[{"embeddable":true,"href":"https:\/\/dudasytextos.com\/causasde\/wp-json\/wp\/v2\/comments?post=163305"}],"version-history":[{"count":1,"href":"https:\/\/dudasytextos.com\/causasde\/wp-json\/wp\/v2\/posts\/163305\/revisions"}],"predecessor-version":[{"id":165274,"href":"https:\/\/dudasytextos.com\/causasde\/wp-json\/wp\/v2\/posts\/163305\/revisions\/165274"}],"wp:attachment":[{"href":"https:\/\/dudasytextos.com\/causasde\/wp-json\/wp\/v2\/media?parent=163305"}],"wp:term":[{"taxonomy":"category","embeddable":true,"href":"https:\/\/dudasytextos.com\/causasde\/wp-json\/wp\/v2\/categories?post=163305"},{"taxonomy":"post_tag","embeddable":true,"href":"https:\/\/dudasytextos.com\/causasde\/wp-json\/wp\/v2\/tags?post=163305"}],"curies":[{"name":"wp","href":"https:\/\/api.w.org\/{rel}","templated":true}]}}