{"id":163431,"date":"2025-03-12T08:06:54","date_gmt":"2025-03-12T08:06:54","guid":{"rendered":"https:\/\/educacion.cc\/?p=163431"},"modified":"2025-03-12T20:32:19","modified_gmt":"2025-03-12T20:32:19","slug":"causas-de-la-descamacion-del-cuero-cabelludo","status":"publish","type":"post","link":"https:\/\/dudasytextos.com\/causasde\/causas-de-la-descamacion-del-cuero-cabelludo\/","title":{"rendered":"Causas de la descamaci\u00f3n del cuero cabelludo"},"content":{"rendered":"<div id=\"ez-toc-container\" class=\"ez-toc-v2_0_87 counter-hierarchy ez-toc-counter ez-toc-custom ez-toc-container-direction\">\n<div class=\"ez-toc-title-container\">\n<span class=\"ez-toc-title-toggle\"><\/span><\/div>\n<nav><ul class='ez-toc-list ez-toc-list-level-1 ' ><li class='ez-toc-page-1 ez-toc-heading-level-2'><a class=\"ez-toc-link ez-toc-heading-1\" href=\"https:\/\/dudasytextos.com\/causasde\/causas-de-la-descamacion-del-cuero-cabelludo\/#Causas_de_la_descamacion_del_cuero_cabelludo\" >Causas de la descamaci\u00f3n del cuero cabelludo<\/a><\/li><li class='ez-toc-page-1 ez-toc-heading-level-2'><a class=\"ez-toc-link ez-toc-heading-2\" href=\"https:\/\/dudasytextos.com\/causasde\/causas-de-la-descamacion-del-cuero-cabelludo\/#Curiosidades_y_estadisticas\" >Curiosidades y estad\u00edsticas<\/a><\/li><li class='ez-toc-page-1 ez-toc-heading-level-2'><a class=\"ez-toc-link ez-toc-heading-3\" href=\"https:\/\/dudasytextos.com\/causasde\/causas-de-la-descamacion-del-cuero-cabelludo\/#Causas_de_la_descamacion_del_cuero_cabelludo-2\" >Causas de la descamaci\u00f3n del cuero cabelludo<\/a><ul class='ez-toc-list-level-3' ><li class='ez-toc-heading-level-3'><a class=\"ez-toc-link ez-toc-heading-4\" href=\"https:\/\/dudasytextos.com\/causasde\/causas-de-la-descamacion-del-cuero-cabelludo\/#Dermatitis_seborreica\" >Dermatitis seborreica<\/a><\/li><li class='ez-toc-page-1 ez-toc-heading-level-3'><a class=\"ez-toc-link ez-toc-heading-5\" href=\"https:\/\/dudasytextos.com\/causasde\/causas-de-la-descamacion-del-cuero-cabelludo\/#Hongos\" >Hongos<\/a><\/li><li class='ez-toc-page-1 ez-toc-heading-level-3'><a class=\"ez-toc-link ez-toc-heading-6\" href=\"https:\/\/dudasytextos.com\/causasde\/causas-de-la-descamacion-del-cuero-cabelludo\/#Psoriasis\" >Psoriasis<\/a><\/li><\/ul><\/li><li class='ez-toc-page-1 ez-toc-heading-level-2'><a class=\"ez-toc-link ez-toc-heading-7\" href=\"https:\/\/dudasytextos.com\/causasde\/causas-de-la-descamacion-del-cuero-cabelludo\/#Prevencion_de_la_descamacion_del_cuero_cabelludo\" >Prevenci\u00f3n de la descamaci\u00f3n del cuero cabelludo<\/a><\/li><li class='ez-toc-page-1 ez-toc-heading-level-2'><a class=\"ez-toc-link ez-toc-heading-8\" href=\"https:\/\/dudasytextos.com\/causasde\/causas-de-la-descamacion-del-cuero-cabelludo\/#Preguntas_frecuentes\" >Preguntas frecuentes<\/a><ul class='ez-toc-list-level-3' ><li class='ez-toc-heading-level-3'><a class=\"ez-toc-link ez-toc-heading-9\" href=\"https:\/\/dudasytextos.com\/causasde\/causas-de-la-descamacion-del-cuero-cabelludo\/#%C2%BFLa_descamacion_del_cuero_cabelludo_es_contagiosa\" >\u00bfLa descamaci\u00f3n del cuero cabelludo es contagiosa?<\/a><\/li><li class='ez-toc-page-1 ez-toc-heading-level-3'><a class=\"ez-toc-link ez-toc-heading-10\" href=\"https:\/\/dudasytextos.com\/causasde\/causas-de-la-descamacion-del-cuero-cabelludo\/#%C2%BFPuedo_prevenir_la_descamacion_del_cuero_cabelludo_con_productos_naturales\" >\u00bfPuedo prevenir la descamaci\u00f3n del cuero cabelludo con productos naturales?<\/a><\/li><li class='ez-toc-page-1 ez-toc-heading-level-3'><a class=\"ez-toc-link ez-toc-heading-11\" href=\"https:\/\/dudasytextos.com\/causasde\/causas-de-la-descamacion-del-cuero-cabelludo\/#%C2%BFCuando_debo_consultar_a_un_dermatologo_por_la_descamacion_del_cuero_cabelludo\" >\u00bfCu\u00e1ndo debo consultar a un dermat\u00f3logo por la descamaci\u00f3n del cuero cabelludo?<\/a><\/li><\/ul><\/li><\/ul><\/nav><\/div>\n<h2><span class=\"ez-toc-section\" id=\"Causas_de_la_descamacion_del_cuero_cabelludo\"><\/span>Causas de la descamaci\u00f3n del cuero cabelludo<span class=\"ez-toc-section-end\"><\/span><\/h2>\n<p>Si te preocupa la descamaci\u00f3n de tu cuero cabelludo, no est\u00e1s solo. Muchas personas sufren este problema, pero no siempre saben qu\u00e9 lo causa. En este art\u00edculo, te explicar\u00e9 las principales causas de la descamaci\u00f3n del cuero cabelludo y c\u00f3mo prevenirla.<\/p>\n<section>\n<h2><span class=\"ez-toc-section\" id=\"Curiosidades_y_estadisticas\"><\/span>Curiosidades y estad\u00edsticas<span class=\"ez-toc-section-end\"><\/span><\/h2>\n<ul>\n<li>La descamaci\u00f3n del cuero cabelludo afecta a hombres y mujeres por igual.<\/li>\n<li>El estr\u00e9s y la mala alimentaci\u00f3n pueden ser factores que contribuyen a la descamaci\u00f3n del cuero cabelludo.<\/li>\n<li>La dermatitis seborreica es una de las principales causas de la descamaci\u00f3n del cuero cabelludo.<\/li>\n<li>El uso excesivo de productos para el cabello y el agua caliente pueden empeorar la descamaci\u00f3n.<\/li>\n<\/ul>\n<\/section>\n<section>\n<h2><span class=\"ez-toc-section\" id=\"Causas_de_la_descamacion_del_cuero_cabelludo-2\"><\/span>Causas de la descamaci\u00f3n del cuero cabelludo<span class=\"ez-toc-section-end\"><\/span><\/h2>\n<p>Existen varias causas que pueden provocar la descamaci\u00f3n del cuero cabelludo. Algunas de las m\u00e1s comunes son:<\/p>\n<h3><span class=\"ez-toc-section\" id=\"Dermatitis_seborreica\"><\/span>Dermatitis seborreica<span class=\"ez-toc-section-end\"><\/span><\/h3>\n<p>La dermatitis seborreica es una afecci\u00f3n inflamatoria cr\u00f3nica de la piel que puede afectar el cuero cabelludo. Se caracteriza por la descamaci\u00f3n y el enrojecimiento de la piel, y puede causar picaz\u00f3n y ardor. Esta afecci\u00f3n es m\u00e1s com\u00fan en hombres que en mujeres y puede empeorar con el estr\u00e9s, la mala alimentaci\u00f3n y el clima fr\u00edo.<\/p>\n<h3><span class=\"ez-toc-section\" id=\"Hongos\"><\/span>Hongos<span class=\"ez-toc-section-end\"><\/span><\/h3>\n<p>Los hongos tambi\u00e9n pueden ser una causa de la descamaci\u00f3n del cuero cabelludo. Algunos tipos de hongos como el <strong>Malassezia<\/strong> pueden crecer en el cuero cabelludo y causar una afecci\u00f3n conocida como <strong>pityriasis versicolor<\/strong>. Esta afecci\u00f3n se caracteriza por la aparici\u00f3n de manchas en la piel y la descamaci\u00f3n del cuero cabelludo.<\/p>\n<h3><span class=\"ez-toc-section\" id=\"Psoriasis\"><\/span>Psoriasis<span class=\"ez-toc-section-end\"><\/span><\/h3>\n<p>La psoriasis es una afecci\u00f3n autoinmune que puede afectar el cuero cabelludo. Esta afecci\u00f3n se caracteriza por la formaci\u00f3n de placas de piel roja y escamosa que pueden causar picaz\u00f3n y dolor. La psoriasis puede ser hereditaria y empeorar con el estr\u00e9s y la mala alimentaci\u00f3n.<\/p>\n<\/section>\n<section>\n<h2><span class=\"ez-toc-section\" id=\"Prevencion_de_la_descamacion_del_cuero_cabelludo\"><\/span>Prevenci\u00f3n de la descamaci\u00f3n del cuero cabelludo<span class=\"ez-toc-section-end\"><\/span><\/h2>\n<p>Si sufres de descamaci\u00f3n del cuero cabelludo, hay varias medidas que puedes tomar para prevenir su aparici\u00f3n:<\/p>\n<ul>\n<li>Lava tu cabello con champ\u00fas suaves y evita los productos que contienen ingredientes irritantes como el lauril sulfato de sodio.<\/li>\n<li>Masajea suavemente el cuero cabelludo mientras te lavas el pelo para estimular la circulaci\u00f3n sangu\u00ednea y eliminar las c\u00e9lulas muertas.<\/li>\n<li>Evita el agua caliente y los secadores de pelo a alta temperatura, ya que pueden empeorar la descamaci\u00f3n.<\/li>\n<li>Aseg\u00farate de tener una dieta equilibrada y saludable, rica en vitaminas y minerales.<\/li>\n<li>Reduce el estr\u00e9s practicando t\u00e9cnicas de relajaci\u00f3n como el yoga o la meditaci\u00f3n.<\/li>\n<\/ul>\n<\/section>\n<section>\n<h2><span class=\"ez-toc-section\" id=\"Preguntas_frecuentes\"><\/span>Preguntas frecuentes<span class=\"ez-toc-section-end\"><\/span><\/h2>\n<h3><span class=\"ez-toc-section\" id=\"%C2%BFLa_descamacion_del_cuero_cabelludo_es_contagiosa\"><\/span>\u00bfLa descamaci\u00f3n del cuero cabelludo es contagiosa?<span class=\"ez-toc-section-end\"><\/span><\/h3>\n<p>No, la descamaci\u00f3n del cuero cabelludo no es contagiosa. Sin embargo, algunas afecciones como la dermatitis seborreica pueden ser hereditarias.<\/p>\n<h3><span class=\"ez-toc-section\" id=\"%C2%BFPuedo_prevenir_la_descamacion_del_cuero_cabelludo_con_productos_naturales\"><\/span>\u00bfPuedo prevenir la descamaci\u00f3n del cuero cabelludo con productos naturales?<span class=\"ez-toc-section-end\"><\/span><\/h3>\n<p>Algunos productos naturales como el aceite de coco o el vinagre de manzana pueden ayudar a prevenir la descamaci\u00f3n del cuero cabelludo. Sin embargo, es importante consultar con un dermat\u00f3logo antes de probar cualquier remedio casero.<\/p>\n<h3><span class=\"ez-toc-section\" id=\"%C2%BFCuando_debo_consultar_a_un_dermatologo_por_la_descamacion_del_cuero_cabelludo\"><\/span>\u00bfCu\u00e1ndo debo consultar a un dermat\u00f3logo por la descamaci\u00f3n del cuero cabelludo?<span class=\"ez-toc-section-end\"><\/span><\/h3>\n<p>Debes consultar a un dermat\u00f3logo si la descamaci\u00f3n del cuero cabelludo persiste despu\u00e9s de haber probado diferentes medidas preventivas, si se extiende a otras partes del cuerpo o si causa dolor o inflamaci\u00f3n.<\/p>\n<\/section>\n<footer>\n<p>Espero que este art\u00edculo te haya sido \u00fatil para entender las causas de la descamaci\u00f3n del cuero cabelludo y c\u00f3mo prevenirla. Recuerda que la descamaci\u00f3n del cuero cabelludo es un problema com\u00fan y tratable, as\u00ed que no dudes en consultar a un dermat\u00f3logo si necesitas ayuda.<\/p>\n<p>\u00a1Cu\u00eddate y sigue disfrutando de un cabello sano y hermoso!<\/p>\n<\/footer>\n","protected":false},"excerpt":{"rendered":"<p>Causas de la descamaci\u00f3n del cuero cabelludo Si te preocupa la descamaci\u00f3n de tu cuero cabelludo, no est\u00e1s solo. Muchas personas sufren este problema, pero no siempre saben qu\u00e9 lo causa. En este art\u00edculo, te explicar\u00e9 las principales causas de la descamaci\u00f3n del cuero cabelludo y c\u00f3mo prevenirla. Curiosidades y estad\u00edsticas La descamaci\u00f3n del cuero &#8230; <a title=\"Causas de la descamaci\u00f3n del cuero cabelludo\" class=\"read-more\" href=\"https:\/\/dudasytextos.com\/causasde\/causas-de-la-descamacion-del-cuero-cabelludo\/\" aria-label=\"M\u00e1s en Causas de la descamaci\u00f3n del cuero cabelludo\">Leer m\u00e1s<\/a><\/p>\n","protected":false},"author":1,"featured_media":0,"comment_status":"open","ping_status":"open","sticky":false,"template":"","format":"standard","meta":{"footnotes":""},"categories":[4],"tags":[],"class_list":["post-163431","post","type-post","status-publish","format-standard","hentry","category-conoce-las-causas"],"aioseo_notices":[],"aioseo_head":"\n\t\t<!-- All in One SEO 5.0.1.1 - aioseo.com -->\n\t<meta name=\"description\" content=\"Causas de la descamaci\u00f3n del cuero cabelludo Si te preocupa la descamaci\u00f3n de tu cuero cabelludo, no est\u00e1s solo. Muchas personas sufren este problema, pero no siempre saben qu\u00e9 lo causa. En este art\u00edculo, te explicar\u00e9 las principales causas de la descamaci\u00f3n del cuero cabelludo y c\u00f3mo prevenirla. Curiosidades y estad\u00edsticas La descamaci\u00f3n del cuero\" \/>\n\t<meta name=\"robots\" content=\"max-snippet:-1, max-image-preview:large, max-video-preview:-1\" \/>\n\t<meta name=\"author\" content=\"Ana Gonz\u00e1lez\"\/>\n\t<link rel=\"canonical\" href=\"https:\/\/dudasytextos.com\/causasde\/causas-de-la-descamacion-del-cuero-cabelludo\/\" \/>\n\t<meta name=\"generator\" content=\"All in One SEO (AIOSEO) 5.0.1.1\" \/>\n\n\t\t<!-- Google tag (gtag.js) -->\n<script async src=\"https:\/\/www.googletagmanager.com\/gtag\/js?id=G-1RZBHH3Z7E\"><\/script>\n<script>\n  window.dataLayer = window.dataLayer || [];\n  function gtag(){dataLayer.push(arguments);}\n  gtag('js', new Date());\n\n  gtag('config', 'G-1RZBHH3Z7E');\n<\/script>\n<script async src=\"https:\/\/pagead2.googlesyndication.com\/pagead\/js\/adsbygoogle.js?client=ca-pub-3987500858204711\"\n     crossorigin=\"anonymous\"><\/script>\n\t\t<meta property=\"og:locale\" content=\"es_ES\" \/>\n\t\t<meta property=\"og:site_name\" content=\"Conoce las causas - Conoce las causas\" \/>\n\t\t<meta property=\"og:type\" content=\"article\" \/>\n\t\t<meta property=\"og:title\" content=\"Causas de la descamaci\u00f3n del cuero cabelludo (2026) Conoce las causas\" \/>\n\t\t<meta property=\"og:description\" content=\"Causas de la descamaci\u00f3n del cuero cabelludo Si te preocupa la descamaci\u00f3n de tu cuero cabelludo, no est\u00e1s solo. Muchas personas sufren este problema, pero no siempre saben qu\u00e9 lo causa. En este art\u00edculo, te explicar\u00e9 las principales causas de la descamaci\u00f3n del cuero cabelludo y c\u00f3mo prevenirla. Curiosidades y estad\u00edsticas La descamaci\u00f3n del cuero\" \/>\n\t\t<meta property=\"og:url\" content=\"https:\/\/dudasytextos.com\/causasde\/causas-de-la-descamacion-del-cuero-cabelludo\/\" \/>\n\t\t<meta property=\"article:published_time\" content=\"2025-03-12T08:06:54+00:00\" \/>\n\t\t<meta property=\"article:modified_time\" content=\"2025-03-12T20:32:19+00:00\" \/>\n\t\t<meta name=\"twitter:card\" content=\"summary_large_image\" \/>\n\t\t<meta name=\"twitter:title\" content=\"Causas de la descamaci\u00f3n del cuero cabelludo (2026) Conoce las causas\" \/>\n\t\t<meta name=\"twitter:description\" content=\"Causas de la descamaci\u00f3n del cuero cabelludo Si te preocupa la descamaci\u00f3n de tu cuero cabelludo, no est\u00e1s solo. Muchas personas sufren este problema, pero no siempre saben qu\u00e9 lo causa. En este art\u00edculo, te explicar\u00e9 las principales causas de la descamaci\u00f3n del cuero cabelludo y c\u00f3mo prevenirla. Curiosidades y estad\u00edsticas La descamaci\u00f3n del cuero\" \/>\n\t\t<script type=\"application\/ld+json\" class=\"aioseo-schema\">\n\t\t\t{\"@context\":\"https:\\\/\\\/schema.org\",\"@graph\":[{\"@type\":\"BlogPosting\",\"@id\":\"https:\\\/\\\/dudasytextos.com\\\/causasde\\\/causas-de-la-descamacion-del-cuero-cabelludo\\\/#blogposting\",\"name\":\"Causas de la descamaci\\u00f3n del cuero cabelludo (2026) Conoce las causas\",\"headline\":\"Causas de la descamaci\\u00f3n del cuero cabelludo\",\"author\":{\"@id\":\"https:\\\/\\\/dudasytextos.com\\\/causasde\\\/author\\\/admin44\\\/#author\"},\"publisher\":{\"@id\":\"https:\\\/\\\/dudasytextos.com\\\/causasde\\\/#organization\"},\"datePublished\":\"2025-03-12T08:06:54+00:00\",\"dateModified\":\"2025-03-12T20:32:19+00:00\",\"inLanguage\":\"es-ES\",\"mainEntityOfPage\":{\"@id\":\"https:\\\/\\\/dudasytextos.com\\\/causasde\\\/causas-de-la-descamacion-del-cuero-cabelludo\\\/#webpage\"},\"isPartOf\":{\"@id\":\"https:\\\/\\\/dudasytextos.com\\\/causasde\\\/causas-de-la-descamacion-del-cuero-cabelludo\\\/#webpage\"},\"articleSection\":\"Conoce las causas\"},{\"@type\":\"BreadcrumbList\",\"@id\":\"https:\\\/\\\/dudasytextos.com\\\/causasde\\\/causas-de-la-descamacion-del-cuero-cabelludo\\\/#breadcrumblist\",\"itemListElement\":[{\"@type\":\"ListItem\",\"@id\":\"https:\\\/\\\/dudasytextos.com\\\/causasde#listItem\",\"position\":1,\"name\":\"Inicio\",\"item\":\"https:\\\/\\\/dudasytextos.com\\\/causasde\",\"nextItem\":{\"@type\":\"ListItem\",\"@id\":\"https:\\\/\\\/dudasytextos.com\\\/causasde\\\/category\\\/conoce-las-causas\\\/#listItem\",\"name\":\"Conoce las causas\"}},{\"@type\":\"ListItem\",\"@id\":\"https:\\\/\\\/dudasytextos.com\\\/causasde\\\/category\\\/conoce-las-causas\\\/#listItem\",\"position\":2,\"name\":\"Conoce las causas\",\"item\":\"https:\\\/\\\/dudasytextos.com\\\/causasde\\\/category\\\/conoce-las-causas\\\/\",\"nextItem\":{\"@type\":\"ListItem\",\"@id\":\"https:\\\/\\\/dudasytextos.com\\\/causasde\\\/causas-de-la-descamacion-del-cuero-cabelludo\\\/#listItem\",\"name\":\"Causas de la descamaci\\u00f3n del cuero cabelludo\"},\"previousItem\":{\"@type\":\"ListItem\",\"@id\":\"https:\\\/\\\/dudasytextos.com\\\/causasde#listItem\",\"name\":\"Inicio\"}},{\"@type\":\"ListItem\",\"@id\":\"https:\\\/\\\/dudasytextos.com\\\/causasde\\\/causas-de-la-descamacion-del-cuero-cabelludo\\\/#listItem\",\"position\":3,\"name\":\"Causas de la descamaci\\u00f3n del cuero cabelludo\",\"previousItem\":{\"@type\":\"ListItem\",\"@id\":\"https:\\\/\\\/dudasytextos.com\\\/causasde\\\/category\\\/conoce-las-causas\\\/#listItem\",\"name\":\"Conoce las causas\"}}]},{\"@type\":\"Organization\",\"@id\":\"https:\\\/\\\/dudasytextos.com\\\/causasde\\\/#organization\",\"name\":\"\\u00bfC\\u00f3mo funciona?\",\"description\":\"Conoce las causas\",\"url\":\"https:\\\/\\\/dudasytextos.com\\\/causasde\\\/\"},{\"@type\":\"Person\",\"@id\":\"https:\\\/\\\/dudasytextos.com\\\/causasde\\\/author\\\/admin44\\\/#author\",\"url\":\"https:\\\/\\\/dudasytextos.com\\\/causasde\\\/author\\\/admin44\\\/\",\"name\":\"Ana Gonz\\u00e1lez\"},{\"@type\":\"WebPage\",\"@id\":\"https:\\\/\\\/dudasytextos.com\\\/causasde\\\/causas-de-la-descamacion-del-cuero-cabelludo\\\/#webpage\",\"url\":\"https:\\\/\\\/dudasytextos.com\\\/causasde\\\/causas-de-la-descamacion-del-cuero-cabelludo\\\/\",\"name\":\"Causas de la descamaci\\u00f3n del cuero cabelludo (2026) Conoce las causas\",\"description\":\"Causas de la descamaci\\u00f3n del cuero cabelludo Si te preocupa la descamaci\\u00f3n de tu cuero cabelludo, no est\\u00e1s solo. Muchas personas sufren este problema, pero no siempre saben qu\\u00e9 lo causa. En este art\\u00edculo, te explicar\\u00e9 las principales causas de la descamaci\\u00f3n del cuero cabelludo y c\\u00f3mo prevenirla. Curiosidades y estad\\u00edsticas La descamaci\\u00f3n del cuero\",\"inLanguage\":\"es-ES\",\"isPartOf\":{\"@id\":\"https:\\\/\\\/dudasytextos.com\\\/causasde\\\/#website\"},\"breadcrumb\":{\"@id\":\"https:\\\/\\\/dudasytextos.com\\\/causasde\\\/causas-de-la-descamacion-del-cuero-cabelludo\\\/#breadcrumblist\"},\"author\":{\"@id\":\"https:\\\/\\\/dudasytextos.com\\\/causasde\\\/author\\\/admin44\\\/#author\"},\"creator\":{\"@id\":\"https:\\\/\\\/dudasytextos.com\\\/causasde\\\/author\\\/admin44\\\/#author\"},\"datePublished\":\"2025-03-12T08:06:54+00:00\",\"dateModified\":\"2025-03-12T20:32:19+00:00\"},{\"@type\":\"WebSite\",\"@id\":\"https:\\\/\\\/dudasytextos.com\\\/causasde\\\/#website\",\"url\":\"https:\\\/\\\/dudasytextos.com\\\/causasde\\\/\",\"name\":\"\\u00bfC\\u00f3mo funciona?\",\"description\":\"Conoce las causas\",\"inLanguage\":\"es-ES\",\"publisher\":{\"@id\":\"https:\\\/\\\/dudasytextos.com\\\/causasde\\\/#organization\"}}]}\n\t\t<\/script>\n\t\t<!-- All in One SEO -->\n\n","aioseo_head_json":{"title":"Causas de la descamaci\u00f3n del cuero cabelludo (2026) Conoce las causas","description":"Causas de la descamaci\u00f3n del cuero cabelludo Si te preocupa la descamaci\u00f3n de tu cuero cabelludo, no est\u00e1s solo. Muchas personas sufren este problema, pero no siempre saben qu\u00e9 lo causa. En este art\u00edculo, te explicar\u00e9 las principales causas de la descamaci\u00f3n del cuero cabelludo y c\u00f3mo prevenirla. Curiosidades y estad\u00edsticas La descamaci\u00f3n del cuero","canonical_url":"https:\/\/dudasytextos.com\/causasde\/causas-de-la-descamacion-del-cuero-cabelludo\/","robots":"max-snippet:-1, max-image-preview:large, max-video-preview:-1","keywords":"","webmasterTools":{"miscellaneous":"&lt;!-- Google tag (gtag.js) --&gt;\n&lt;script async src=\"https:\/\/www.googletagmanager.com\/gtag\/js?id=G-1RZBHH3Z7E\"&gt;&lt;\/script&gt;\n&lt;script&gt;\n  window.dataLayer = window.dataLayer || [];\n  function gtag(){dataLayer.push(arguments);}\n  gtag('js', new Date());\n\n  gtag('config', 'G-1RZBHH3Z7E');\n&lt;\/script&gt;\n&lt;script async src=\"https:\/\/pagead2.googlesyndication.com\/pagead\/js\/adsbygoogle.js?client=ca-pub-3987500858204711\"\n     crossorigin=\"anonymous\"&gt;&lt;\/script&gt;"},"schema":{"@context":"https:\/\/schema.org","@graph":[{"@type":"BlogPosting","@id":"https:\/\/dudasytextos.com\/causasde\/causas-de-la-descamacion-del-cuero-cabelludo\/#blogposting","name":"Causas de la descamaci\u00f3n del cuero cabelludo (2026) Conoce las causas","headline":"Causas de la descamaci\u00f3n del cuero cabelludo","author":{"@id":"https:\/\/dudasytextos.com\/causasde\/author\/admin44\/#author"},"publisher":{"@id":"https:\/\/dudasytextos.com\/causasde\/#organization"},"datePublished":"2025-03-12T08:06:54+00:00","dateModified":"2025-03-12T20:32:19+00:00","inLanguage":"es-ES","mainEntityOfPage":{"@id":"https:\/\/dudasytextos.com\/causasde\/causas-de-la-descamacion-del-cuero-cabelludo\/#webpage"},"isPartOf":{"@id":"https:\/\/dudasytextos.com\/causasde\/causas-de-la-descamacion-del-cuero-cabelludo\/#webpage"},"articleSection":"Conoce las causas"},{"@type":"BreadcrumbList","@id":"https:\/\/dudasytextos.com\/causasde\/causas-de-la-descamacion-del-cuero-cabelludo\/#breadcrumblist","itemListElement":[{"@type":"ListItem","@id":"https:\/\/dudasytextos.com\/causasde#listItem","position":1,"name":"Inicio","item":"https:\/\/dudasytextos.com\/causasde","nextItem":{"@type":"ListItem","@id":"https:\/\/dudasytextos.com\/causasde\/category\/conoce-las-causas\/#listItem","name":"Conoce las causas"}},{"@type":"ListItem","@id":"https:\/\/dudasytextos.com\/causasde\/category\/conoce-las-causas\/#listItem","position":2,"name":"Conoce las causas","item":"https:\/\/dudasytextos.com\/causasde\/category\/conoce-las-causas\/","nextItem":{"@type":"ListItem","@id":"https:\/\/dudasytextos.com\/causasde\/causas-de-la-descamacion-del-cuero-cabelludo\/#listItem","name":"Causas de la descamaci\u00f3n del cuero cabelludo"},"previousItem":{"@type":"ListItem","@id":"https:\/\/dudasytextos.com\/causasde#listItem","name":"Inicio"}},{"@type":"ListItem","@id":"https:\/\/dudasytextos.com\/causasde\/causas-de-la-descamacion-del-cuero-cabelludo\/#listItem","position":3,"name":"Causas de la descamaci\u00f3n del cuero cabelludo","previousItem":{"@type":"ListItem","@id":"https:\/\/dudasytextos.com\/causasde\/category\/conoce-las-causas\/#listItem","name":"Conoce las causas"}}]},{"@type":"Organization","@id":"https:\/\/dudasytextos.com\/causasde\/#organization","name":"\u00bfC\u00f3mo funciona?","description":"Conoce las causas","url":"https:\/\/dudasytextos.com\/causasde\/"},{"@type":"Person","@id":"https:\/\/dudasytextos.com\/causasde\/author\/admin44\/#author","url":"https:\/\/dudasytextos.com\/causasde\/author\/admin44\/","name":"Ana Gonz\u00e1lez"},{"@type":"WebPage","@id":"https:\/\/dudasytextos.com\/causasde\/causas-de-la-descamacion-del-cuero-cabelludo\/#webpage","url":"https:\/\/dudasytextos.com\/causasde\/causas-de-la-descamacion-del-cuero-cabelludo\/","name":"Causas de la descamaci\u00f3n del cuero cabelludo (2026) Conoce las causas","description":"Causas de la descamaci\u00f3n del cuero cabelludo Si te preocupa la descamaci\u00f3n de tu cuero cabelludo, no est\u00e1s solo. Muchas personas sufren este problema, pero no siempre saben qu\u00e9 lo causa. En este art\u00edculo, te explicar\u00e9 las principales causas de la descamaci\u00f3n del cuero cabelludo y c\u00f3mo prevenirla. Curiosidades y estad\u00edsticas La descamaci\u00f3n del cuero","inLanguage":"es-ES","isPartOf":{"@id":"https:\/\/dudasytextos.com\/causasde\/#website"},"breadcrumb":{"@id":"https:\/\/dudasytextos.com\/causasde\/causas-de-la-descamacion-del-cuero-cabelludo\/#breadcrumblist"},"author":{"@id":"https:\/\/dudasytextos.com\/causasde\/author\/admin44\/#author"},"creator":{"@id":"https:\/\/dudasytextos.com\/causasde\/author\/admin44\/#author"},"datePublished":"2025-03-12T08:06:54+00:00","dateModified":"2025-03-12T20:32:19+00:00"},{"@type":"WebSite","@id":"https:\/\/dudasytextos.com\/causasde\/#website","url":"https:\/\/dudasytextos.com\/causasde\/","name":"\u00bfC\u00f3mo funciona?","description":"Conoce las causas","inLanguage":"es-ES","publisher":{"@id":"https:\/\/dudasytextos.com\/causasde\/#organization"}}]},"og:locale":"es_ES","og:site_name":"Conoce las causas - Conoce las causas","og:type":"article","og:title":"Causas de la descamaci\u00f3n del cuero cabelludo (2026) Conoce las causas","og:description":"Causas de la descamaci\u00f3n del cuero cabelludo Si te preocupa la descamaci\u00f3n de tu cuero cabelludo, no est\u00e1s solo. Muchas personas sufren este problema, pero no siempre saben qu\u00e9 lo causa. En este art\u00edculo, te explicar\u00e9 las principales causas de la descamaci\u00f3n del cuero cabelludo y c\u00f3mo prevenirla. Curiosidades y estad\u00edsticas La descamaci\u00f3n del cuero","og:url":"https:\/\/dudasytextos.com\/causasde\/causas-de-la-descamacion-del-cuero-cabelludo\/","article:published_time":"2025-03-12T08:06:54+00:00","article:modified_time":"2025-03-12T20:32:19+00:00","twitter:card":"summary_large_image","twitter:title":"Causas de la descamaci\u00f3n del cuero cabelludo (2026) Conoce las causas","twitter:description":"Causas de la descamaci\u00f3n del cuero cabelludo Si te preocupa la descamaci\u00f3n de tu cuero cabelludo, no est\u00e1s solo. Muchas personas sufren este problema, pero no siempre saben qu\u00e9 lo causa. En este art\u00edculo, te explicar\u00e9 las principales causas de la descamaci\u00f3n del cuero cabelludo y c\u00f3mo prevenirla. Curiosidades y estad\u00edsticas La descamaci\u00f3n del cuero"},"aioseo_meta_data":{"post_id":"163431","title":null,"description":null,"keywords":null,"keyphrases":null,"primary_term":null,"canonical_url":null,"og_title":null,"og_description":null,"og_object_type":"default","og_image_type":"default","og_image_url":null,"og_image_width":null,"og_image_height":null,"og_image_custom_url":null,"og_image_custom_fields":null,"og_video":null,"og_custom_url":null,"og_article_section":null,"og_article_tags":null,"twitter_use_og":false,"twitter_card":"default","twitter_image_type":"default","twitter_image_url":null,"twitter_image_custom_url":null,"twitter_image_custom_fields":null,"twitter_title":null,"twitter_description":null,"schema":{"blockGraphs":[],"customGraphs":[],"default":{"data":{"Article":[],"Course":[],"Dataset":[],"FAQPage":[],"Movie":[],"Person":[],"Product":[],"ProductReview":[],"Car":[],"Recipe":[],"Service":[],"SoftwareApplication":[],"WebPage":[]},"graphName":"","isEnabled":true},"graphs":[]},"schema_type":"default","schema_type_options":null,"pillar_content":false,"robots_default":true,"robots_noindex":false,"robots_noarchive":false,"robots_nosnippet":false,"robots_nofollow":false,"robots_noimageindex":false,"robots_noodp":false,"robots_notranslate":false,"robots_max_snippet":null,"robots_max_videopreview":null,"robots_max_imagepreview":"large","priority":null,"frequency":null,"local_seo":null,"breadcrumb_settings":null,"limit_modified_date":false,"ai":null,"created":"2023-05-12 14:02:48","updated":"2025-06-04 16:22:08","seo_analyzer_scan_date":null,"focus_keyword":null,"additional_keywords":null,"truseo_locale":null},"aioseo_breadcrumb":"<div class=\"aioseo-breadcrumbs\"><span class=\"aioseo-breadcrumb\">\n\t\t\t<a href=\"https:\/\/dudasytextos.com\/causasde\" title=\"Inicio\">Inicio<\/a>\n\t\t<\/span><span class=\"aioseo-breadcrumb-separator\">&raquo;<\/span><span class=\"aioseo-breadcrumb\">\n\t\t\t<a href=\"https:\/\/dudasytextos.com\/causasde\/category\/conoce-las-causas\/\" title=\"Conoce las causas\">Conoce las causas<\/a>\n\t\t<\/span><span class=\"aioseo-breadcrumb-separator\">&raquo;<\/span><span class=\"aioseo-breadcrumb\">\n\t\t\tCausas de la descamaci\u00f3n del cuero cabelludo\n\t\t<\/span><\/div>","aioseo_breadcrumb_json":[{"label":"Inicio","link":"https:\/\/dudasytextos.com\/causasde"},{"label":"Conoce las causas","link":"https:\/\/dudasytextos.com\/causasde\/category\/conoce-las-causas\/"},{"label":"Causas de la descamaci\u00f3n del cuero cabelludo","link":"https:\/\/dudasytextos.com\/causasde\/causas-de-la-descamacion-del-cuero-cabelludo\/"}],"_links":{"self":[{"href":"https:\/\/dudasytextos.com\/causasde\/wp-json\/wp\/v2\/posts\/163431","targetHints":{"allow":["GET"]}}],"collection":[{"href":"https:\/\/dudasytextos.com\/causasde\/wp-json\/wp\/v2\/posts"}],"about":[{"href":"https:\/\/dudasytextos.com\/causasde\/wp-json\/wp\/v2\/types\/post"}],"author":[{"embeddable":true,"href":"https:\/\/dudasytextos.com\/causasde\/wp-json\/wp\/v2\/users\/1"}],"replies":[{"embeddable":true,"href":"https:\/\/dudasytextos.com\/causasde\/wp-json\/wp\/v2\/comments?post=163431"}],"version-history":[{"count":1,"href":"https:\/\/dudasytextos.com\/causasde\/wp-json\/wp\/v2\/posts\/163431\/revisions"}],"predecessor-version":[{"id":165147,"href":"https:\/\/dudasytextos.com\/causasde\/wp-json\/wp\/v2\/posts\/163431\/revisions\/165147"}],"wp:attachment":[{"href":"https:\/\/dudasytextos.com\/causasde\/wp-json\/wp\/v2\/media?parent=163431"}],"wp:term":[{"taxonomy":"category","embeddable":true,"href":"https:\/\/dudasytextos.com\/causasde\/wp-json\/wp\/v2\/categories?post=163431"},{"taxonomy":"post_tag","embeddable":true,"href":"https:\/\/dudasytextos.com\/causasde\/wp-json\/wp\/v2\/tags?post=163431"}],"curies":[{"name":"wp","href":"https:\/\/api.w.org\/{rel}","templated":true}]}}