{"id":163820,"date":"2025-03-03T00:41:10","date_gmt":"2025-03-03T00:41:10","guid":{"rendered":"https:\/\/educacion.cc\/?p=163820"},"modified":"2025-03-12T17:11:48","modified_gmt":"2025-03-12T17:11:48","slug":"cuales-son-las-causas-de-vertigo","status":"publish","type":"post","link":"https:\/\/dudasytextos.com\/causasde\/cuales-son-las-causas-de-vertigo\/","title":{"rendered":"Cuales son las causas de vertigo"},"content":{"rendered":"<div id=\"ez-toc-container\" class=\"ez-toc-v2_0_87 counter-hierarchy ez-toc-counter ez-toc-custom ez-toc-container-direction\">\n<div class=\"ez-toc-title-container\">\n<span class=\"ez-toc-title-toggle\"><\/span><\/div>\n<nav><ul class='ez-toc-list ez-toc-list-level-1 ' ><li class='ez-toc-page-1 ez-toc-heading-level-2'><a class=\"ez-toc-link ez-toc-heading-1\" href=\"https:\/\/dudasytextos.com\/causasde\/cuales-son-las-causas-de-vertigo\/#Causas_del_vertigo\" >Causas del v\u00e9rtigo<\/a><\/li><li class='ez-toc-page-1 ez-toc-heading-level-2'><a class=\"ez-toc-link ez-toc-heading-2\" href=\"https:\/\/dudasytextos.com\/causasde\/cuales-son-las-causas-de-vertigo\/#Cosas_que_debes_saber_sobre_el_vertigo\" >Cosas que debes saber sobre el v\u00e9rtigo<\/a><\/li><li class='ez-toc-page-1 ez-toc-heading-level-2'><a class=\"ez-toc-link ez-toc-heading-3\" href=\"https:\/\/dudasytextos.com\/causasde\/cuales-son-las-causas-de-vertigo\/#Mis_experiencias_personales_con_el_vertigo\" >Mis experiencias personales con el v\u00e9rtigo<\/a><\/li><li class='ez-toc-page-1 ez-toc-heading-level-2'><a class=\"ez-toc-link ez-toc-heading-4\" href=\"https:\/\/dudasytextos.com\/causasde\/cuales-son-las-causas-de-vertigo\/#Causas_comunes_del_vertigo\" >Causas comunes del v\u00e9rtigo<\/a><ul class='ez-toc-list-level-3' ><li class='ez-toc-heading-level-3'><a class=\"ez-toc-link ez-toc-heading-5\" href=\"https:\/\/dudasytextos.com\/causasde\/cuales-son-las-causas-de-vertigo\/#Problemas_de_oido_interno\" >Problemas de o\u00eddo interno<\/a><\/li><li class='ez-toc-page-1 ez-toc-heading-level-3'><a class=\"ez-toc-link ez-toc-heading-6\" href=\"https:\/\/dudasytextos.com\/causasde\/cuales-son-las-causas-de-vertigo\/#Migranas\" >Migra\u00f1as<\/a><\/li><li class='ez-toc-page-1 ez-toc-heading-level-3'><a class=\"ez-toc-link ez-toc-heading-7\" href=\"https:\/\/dudasytextos.com\/causasde\/cuales-son-las-causas-de-vertigo\/#Trastornos_emocionales\" >Trastornos emocionales<\/a><\/li><\/ul><\/li><li class='ez-toc-page-1 ez-toc-heading-level-2'><a class=\"ez-toc-link ez-toc-heading-8\" href=\"https:\/\/dudasytextos.com\/causasde\/cuales-son-las-causas-de-vertigo\/#Tratamiento_y_prevencion_del_vertigo\" >Tratamiento y prevenci\u00f3n del v\u00e9rtigo<\/a><\/li><li class='ez-toc-page-1 ez-toc-heading-level-2'><a class=\"ez-toc-link ez-toc-heading-9\" href=\"https:\/\/dudasytextos.com\/causasde\/cuales-son-las-causas-de-vertigo\/#Preguntas_frecuentes_sobre_el_vertigo\" >Preguntas frecuentes sobre el v\u00e9rtigo<\/a><ul class='ez-toc-list-level-3' ><li class='ez-toc-heading-level-3'><a class=\"ez-toc-link ez-toc-heading-10\" href=\"https:\/\/dudasytextos.com\/causasde\/cuales-son-las-causas-de-vertigo\/#%C2%BFEl_vertigo_es_peligroso\" >\u00bfEl v\u00e9rtigo es peligroso?<\/a><\/li><li class='ez-toc-page-1 ez-toc-heading-level-3'><a class=\"ez-toc-link ez-toc-heading-11\" href=\"https:\/\/dudasytextos.com\/causasde\/cuales-son-las-causas-de-vertigo\/#%C2%BFPuede_el_vertigo_ser_un_sintoma_de_algo_mas_grave\" >\u00bfPuede el v\u00e9rtigo ser un s\u00edntoma de algo m\u00e1s grave?<\/a><\/li><li class='ez-toc-page-1 ez-toc-heading-level-3'><a class=\"ez-toc-link ez-toc-heading-12\" href=\"https:\/\/dudasytextos.com\/causasde\/cuales-son-las-causas-de-vertigo\/#%C2%BFHay_alguna_forma_de_prevenir_el_vertigo\" >\u00bfHay alguna forma de prevenir el v\u00e9rtigo?<\/a><\/li><\/ul><\/li><\/ul><\/nav><\/div>\n<h2><span class=\"ez-toc-section\" id=\"Causas_del_vertigo\"><\/span>Causas del v\u00e9rtigo<span class=\"ez-toc-section-end\"><\/span><\/h2>\n<section>\n<h2><span class=\"ez-toc-section\" id=\"Cosas_que_debes_saber_sobre_el_vertigo\"><\/span>Cosas que debes saber sobre el v\u00e9rtigo<span class=\"ez-toc-section-end\"><\/span><\/h2>\n<ul>\n<li>El v\u00e9rtigo es una sensaci\u00f3n de mareo y desequilibrio que puede ser muy inc\u00f3moda.<\/li>\n<li>Es m\u00e1s com\u00fan de lo que crees, afectando a alrededor del 20% de la poblaci\u00f3n en alg\u00fan momento de sus vidas.<\/li>\n<li>Puede ser causado por una variedad de factores, desde problemas de o\u00eddo interno hasta trastornos emocionales.<\/li>\n<li>El v\u00e9rtigo puede ser tratado y manejado de manera efectiva, pero es importante buscar atenci\u00f3n m\u00e9dica si los s\u00edntomas persisten.<\/li>\n<\/ul>\n<\/section>\n<section>\n<h2><span class=\"ez-toc-section\" id=\"Mis_experiencias_personales_con_el_vertigo\"><\/span>Mis experiencias personales con el v\u00e9rtigo<span class=\"ez-toc-section-end\"><\/span><\/h2>\n<p>Como alguien que ha sufrido de v\u00e9rtigo en el pasado, s\u00e9 lo inc\u00f3modo que puede ser. Recuerdo una vez que estaba en un viaje de monta\u00f1a rusa y de repente empec\u00e9 a sentirme mareada y desequilibrada. Me tom\u00f3 un tiempo recuperarme, y desde entonces he estado m\u00e1s consciente de los factores que pueden desencadenar el v\u00e9rtigo en m\u00ed.<\/p>\n<p>Hice algunas investigaciones y habl\u00e9 con expertos para aprender m\u00e1s sobre las diferentes causas del v\u00e9rtigo, y aqu\u00ed est\u00e1n mis hallazgos:<\/p>\n<\/section>\n<section>\n<h2><span class=\"ez-toc-section\" id=\"Causas_comunes_del_vertigo\"><\/span>Causas comunes del v\u00e9rtigo<span class=\"ez-toc-section-end\"><\/span><\/h2>\n<h3><span class=\"ez-toc-section\" id=\"Problemas_de_oido_interno\"><\/span>Problemas de o\u00eddo interno<span class=\"ez-toc-section-end\"><\/span><\/h3>\n<p>El o\u00eddo interno es responsable de mantener nuestro equilibrio, por lo que cualquier problema con \u00e9l puede provocar v\u00e9rtigo. La enfermedad de Meniere, que causa una acumulaci\u00f3n de l\u00edquido en el o\u00eddo interno, es una causa com\u00fan de v\u00e9rtigo.<\/p>\n<h3><span class=\"ez-toc-section\" id=\"Migranas\"><\/span>Migra\u00f1as<span class=\"ez-toc-section-end\"><\/span><\/h3>\n<p>Las migra\u00f1as pueden causar una variedad de s\u00edntomas, incluido el v\u00e9rtigo. Las personas que experimentan v\u00e9rtigo como parte de sus migra\u00f1as pueden notar que los s\u00edntomas empeoran durante los ataques de migra\u00f1a.<\/p>\n<h3><span class=\"ez-toc-section\" id=\"Trastornos_emocionales\"><\/span>Trastornos emocionales<span class=\"ez-toc-section-end\"><\/span><\/h3>\n<p>La ansiedad y el estr\u00e9s pueden causar una variedad de s\u00edntomas f\u00edsicos, incluido el v\u00e9rtigo. Las personas que experimentan v\u00e9rtigo debido a trastornos emocionales pueden notar que los s\u00edntomas empeoran en situaciones estresantes o ansiosas.<\/p>\n<\/section>\n<section>\n<h2><span class=\"ez-toc-section\" id=\"Tratamiento_y_prevencion_del_vertigo\"><\/span>Tratamiento y prevenci\u00f3n del v\u00e9rtigo<span class=\"ez-toc-section-end\"><\/span><\/h2>\n<p>Si experimentas v\u00e9rtigo, es importante buscar atenci\u00f3n m\u00e9dica para determinar la causa subyacente. Dependiendo de la causa, el tratamiento puede variar desde medicamentos hasta terapia f\u00edsica o psicol\u00f3gica.<\/p>\n<p>En general, algunas medidas que puedes tomar para prevenir el v\u00e9rtigo incluyen:<\/p>\n<ul>\n<li>Mantener una buena higiene del o\u00eddo<\/li>\n<li>Reducir el estr\u00e9s y la ansiedad<\/li>\n<li>Evitar cambios bruscos de posici\u00f3n<\/li>\n<li>Limitar el consumo de alcohol y cafe\u00edna<\/li>\n<\/ul>\n<\/section>\n<section>\n<h2><span class=\"ez-toc-section\" id=\"Preguntas_frecuentes_sobre_el_vertigo\"><\/span>Preguntas frecuentes sobre el v\u00e9rtigo<span class=\"ez-toc-section-end\"><\/span><\/h2>\n<h3><span class=\"ez-toc-section\" id=\"%C2%BFEl_vertigo_es_peligroso\"><\/span>\u00bfEl v\u00e9rtigo es peligroso?<span class=\"ez-toc-section-end\"><\/span><\/h3>\n<p>El v\u00e9rtigo en s\u00ed mismo no es peligroso, pero puede aumentar el riesgo de ca\u00eddas y otros accidentes si no se trata.<\/p>\n<h3><span class=\"ez-toc-section\" id=\"%C2%BFPuede_el_vertigo_ser_un_sintoma_de_algo_mas_grave\"><\/span>\u00bfPuede el v\u00e9rtigo ser un s\u00edntoma de algo m\u00e1s grave?<span class=\"ez-toc-section-end\"><\/span><\/h3>\n<p>S\u00ed, en algunos casos el v\u00e9rtigo puede ser un s\u00edntoma de problemas de salud m\u00e1s graves, como un tumor cerebral o un accidente cerebrovascular. Si experimentas v\u00e9rtigo junto con otros s\u00edntomas preocupantes, es importante buscar atenci\u00f3n m\u00e9dica de inmediato.<\/p>\n<h3><span class=\"ez-toc-section\" id=\"%C2%BFHay_alguna_forma_de_prevenir_el_vertigo\"><\/span>\u00bfHay alguna forma de prevenir el v\u00e9rtigo?<span class=\"ez-toc-section-end\"><\/span><\/h3>\n<p>Si bien no hay una forma garantizada de prevenir el v\u00e9rtigo, mantener una buena higiene del o\u00eddo, controlar el estr\u00e9s y la ansiedad, y evitar cambios bruscos de posici\u00f3n pueden ayudar a reducir el riesgo de experimentar v\u00e9rtigo.<\/p>\n<\/section>\n<footer>\n<p>Por Ana Gonz\u00e1lez<\/p>\n<\/footer>\n","protected":false},"excerpt":{"rendered":"<p>Causas del v\u00e9rtigo Cosas que debes saber sobre el v\u00e9rtigo El v\u00e9rtigo es una sensaci\u00f3n de mareo y desequilibrio que puede ser muy inc\u00f3moda. Es m\u00e1s com\u00fan de lo que crees, afectando a alrededor del 20% de la poblaci\u00f3n en alg\u00fan momento de sus vidas. Puede ser causado por una variedad de factores, desde problemas &#8230; <a title=\"Cuales son las causas de vertigo\" class=\"read-more\" href=\"https:\/\/dudasytextos.com\/causasde\/cuales-son-las-causas-de-vertigo\/\" aria-label=\"M\u00e1s en Cuales son las causas de vertigo\">Leer m\u00e1s<\/a><\/p>\n","protected":false},"author":1,"featured_media":0,"comment_status":"open","ping_status":"open","sticky":false,"template":"","format":"standard","meta":{"footnotes":""},"categories":[4],"tags":[],"class_list":["post-163820","post","type-post","status-publish","format-standard","hentry","category-conoce-las-causas"],"aioseo_notices":[],"aioseo_head":"\n\t\t<!-- All in One SEO 5.0.1.1 - aioseo.com -->\n\t<meta name=\"description\" content=\"Causas del v\u00e9rtigo Cosas que debes saber sobre el v\u00e9rtigo El v\u00e9rtigo es una sensaci\u00f3n de mareo y desequilibrio que puede ser muy inc\u00f3moda. Es m\u00e1s com\u00fan de lo que crees, afectando a alrededor del 20% de la poblaci\u00f3n en alg\u00fan momento de sus vidas. Puede ser causado por una variedad de factores, desde problemas\" \/>\n\t<meta name=\"robots\" content=\"max-snippet:-1, max-image-preview:large, max-video-preview:-1\" \/>\n\t<meta name=\"author\" content=\"Ana Gonz\u00e1lez\"\/>\n\t<link rel=\"canonical\" href=\"https:\/\/dudasytextos.com\/causasde\/cuales-son-las-causas-de-vertigo\/\" \/>\n\t<meta name=\"generator\" content=\"All in One SEO (AIOSEO) 5.0.1.1\" \/>\n\n\t\t<!-- Google tag (gtag.js) -->\n<script async src=\"https:\/\/www.googletagmanager.com\/gtag\/js?id=G-1RZBHH3Z7E\"><\/script>\n<script>\n  window.dataLayer = window.dataLayer || [];\n  function gtag(){dataLayer.push(arguments);}\n  gtag('js', new Date());\n\n  gtag('config', 'G-1RZBHH3Z7E');\n<\/script>\n<script async src=\"https:\/\/pagead2.googlesyndication.com\/pagead\/js\/adsbygoogle.js?client=ca-pub-3987500858204711\"\n     crossorigin=\"anonymous\"><\/script>\n\t\t<meta property=\"og:locale\" content=\"es_ES\" \/>\n\t\t<meta property=\"og:site_name\" content=\"Conoce las causas - Conoce las causas\" \/>\n\t\t<meta property=\"og:type\" content=\"article\" \/>\n\t\t<meta property=\"og:title\" content=\"Cuales son las causas de vertigo (2026) Conoce las causas\" \/>\n\t\t<meta property=\"og:description\" content=\"Causas del v\u00e9rtigo Cosas que debes saber sobre el v\u00e9rtigo El v\u00e9rtigo es una sensaci\u00f3n de mareo y desequilibrio que puede ser muy inc\u00f3moda. Es m\u00e1s com\u00fan de lo que crees, afectando a alrededor del 20% de la poblaci\u00f3n en alg\u00fan momento de sus vidas. Puede ser causado por una variedad de factores, desde problemas\" \/>\n\t\t<meta property=\"og:url\" content=\"https:\/\/dudasytextos.com\/causasde\/cuales-son-las-causas-de-vertigo\/\" \/>\n\t\t<meta property=\"article:published_time\" content=\"2025-03-03T00:41:10+00:00\" \/>\n\t\t<meta property=\"article:modified_time\" content=\"2025-03-12T17:11:48+00:00\" \/>\n\t\t<meta name=\"twitter:card\" content=\"summary_large_image\" \/>\n\t\t<meta name=\"twitter:title\" content=\"Cuales son las causas de vertigo (2026) Conoce las causas\" \/>\n\t\t<meta name=\"twitter:description\" content=\"Causas del v\u00e9rtigo Cosas que debes saber sobre el v\u00e9rtigo El v\u00e9rtigo es una sensaci\u00f3n de mareo y desequilibrio que puede ser muy inc\u00f3moda. Es m\u00e1s com\u00fan de lo que crees, afectando a alrededor del 20% de la poblaci\u00f3n en alg\u00fan momento de sus vidas. Puede ser causado por una variedad de factores, desde problemas\" \/>\n\t\t<script type=\"application\/ld+json\" class=\"aioseo-schema\">\n\t\t\t{\"@context\":\"https:\\\/\\\/schema.org\",\"@graph\":[{\"@type\":\"BlogPosting\",\"@id\":\"https:\\\/\\\/dudasytextos.com\\\/causasde\\\/cuales-son-las-causas-de-vertigo\\\/#blogposting\",\"name\":\"Cuales son las causas de vertigo (2026) Conoce las causas\",\"headline\":\"Cuales son las causas de vertigo\",\"author\":{\"@id\":\"https:\\\/\\\/dudasytextos.com\\\/causasde\\\/author\\\/admin44\\\/#author\"},\"publisher\":{\"@id\":\"https:\\\/\\\/dudasytextos.com\\\/causasde\\\/#organization\"},\"datePublished\":\"2025-03-03T00:41:10+00:00\",\"dateModified\":\"2025-03-12T17:11:48+00:00\",\"inLanguage\":\"es-ES\",\"mainEntityOfPage\":{\"@id\":\"https:\\\/\\\/dudasytextos.com\\\/causasde\\\/cuales-son-las-causas-de-vertigo\\\/#webpage\"},\"isPartOf\":{\"@id\":\"https:\\\/\\\/dudasytextos.com\\\/causasde\\\/cuales-son-las-causas-de-vertigo\\\/#webpage\"},\"articleSection\":\"Conoce las causas\"},{\"@type\":\"BreadcrumbList\",\"@id\":\"https:\\\/\\\/dudasytextos.com\\\/causasde\\\/cuales-son-las-causas-de-vertigo\\\/#breadcrumblist\",\"itemListElement\":[{\"@type\":\"ListItem\",\"@id\":\"https:\\\/\\\/dudasytextos.com\\\/causasde#listItem\",\"position\":1,\"name\":\"Inicio\",\"item\":\"https:\\\/\\\/dudasytextos.com\\\/causasde\",\"nextItem\":{\"@type\":\"ListItem\",\"@id\":\"https:\\\/\\\/dudasytextos.com\\\/causasde\\\/category\\\/conoce-las-causas\\\/#listItem\",\"name\":\"Conoce las causas\"}},{\"@type\":\"ListItem\",\"@id\":\"https:\\\/\\\/dudasytextos.com\\\/causasde\\\/category\\\/conoce-las-causas\\\/#listItem\",\"position\":2,\"name\":\"Conoce las causas\",\"item\":\"https:\\\/\\\/dudasytextos.com\\\/causasde\\\/category\\\/conoce-las-causas\\\/\",\"nextItem\":{\"@type\":\"ListItem\",\"@id\":\"https:\\\/\\\/dudasytextos.com\\\/causasde\\\/cuales-son-las-causas-de-vertigo\\\/#listItem\",\"name\":\"Cuales son las causas de vertigo\"},\"previousItem\":{\"@type\":\"ListItem\",\"@id\":\"https:\\\/\\\/dudasytextos.com\\\/causasde#listItem\",\"name\":\"Inicio\"}},{\"@type\":\"ListItem\",\"@id\":\"https:\\\/\\\/dudasytextos.com\\\/causasde\\\/cuales-son-las-causas-de-vertigo\\\/#listItem\",\"position\":3,\"name\":\"Cuales son las causas de vertigo\",\"previousItem\":{\"@type\":\"ListItem\",\"@id\":\"https:\\\/\\\/dudasytextos.com\\\/causasde\\\/category\\\/conoce-las-causas\\\/#listItem\",\"name\":\"Conoce las causas\"}}]},{\"@type\":\"Organization\",\"@id\":\"https:\\\/\\\/dudasytextos.com\\\/causasde\\\/#organization\",\"name\":\"\\u00bfC\\u00f3mo funciona?\",\"description\":\"Conoce las causas\",\"url\":\"https:\\\/\\\/dudasytextos.com\\\/causasde\\\/\"},{\"@type\":\"Person\",\"@id\":\"https:\\\/\\\/dudasytextos.com\\\/causasde\\\/author\\\/admin44\\\/#author\",\"url\":\"https:\\\/\\\/dudasytextos.com\\\/causasde\\\/author\\\/admin44\\\/\",\"name\":\"Ana Gonz\\u00e1lez\"},{\"@type\":\"WebPage\",\"@id\":\"https:\\\/\\\/dudasytextos.com\\\/causasde\\\/cuales-son-las-causas-de-vertigo\\\/#webpage\",\"url\":\"https:\\\/\\\/dudasytextos.com\\\/causasde\\\/cuales-son-las-causas-de-vertigo\\\/\",\"name\":\"Cuales son las causas de vertigo (2026) Conoce las causas\",\"description\":\"Causas del v\\u00e9rtigo Cosas que debes saber sobre el v\\u00e9rtigo El v\\u00e9rtigo es una sensaci\\u00f3n de mareo y desequilibrio que puede ser muy inc\\u00f3moda. Es m\\u00e1s com\\u00fan de lo que crees, afectando a alrededor del 20% de la poblaci\\u00f3n en alg\\u00fan momento de sus vidas. Puede ser causado por una variedad de factores, desde problemas\",\"inLanguage\":\"es-ES\",\"isPartOf\":{\"@id\":\"https:\\\/\\\/dudasytextos.com\\\/causasde\\\/#website\"},\"breadcrumb\":{\"@id\":\"https:\\\/\\\/dudasytextos.com\\\/causasde\\\/cuales-son-las-causas-de-vertigo\\\/#breadcrumblist\"},\"author\":{\"@id\":\"https:\\\/\\\/dudasytextos.com\\\/causasde\\\/author\\\/admin44\\\/#author\"},\"creator\":{\"@id\":\"https:\\\/\\\/dudasytextos.com\\\/causasde\\\/author\\\/admin44\\\/#author\"},\"datePublished\":\"2025-03-03T00:41:10+00:00\",\"dateModified\":\"2025-03-12T17:11:48+00:00\"},{\"@type\":\"WebSite\",\"@id\":\"https:\\\/\\\/dudasytextos.com\\\/causasde\\\/#website\",\"url\":\"https:\\\/\\\/dudasytextos.com\\\/causasde\\\/\",\"name\":\"\\u00bfC\\u00f3mo funciona?\",\"description\":\"Conoce las causas\",\"inLanguage\":\"es-ES\",\"publisher\":{\"@id\":\"https:\\\/\\\/dudasytextos.com\\\/causasde\\\/#organization\"}}]}\n\t\t<\/script>\n\t\t<!-- All in One SEO -->\n\n","aioseo_head_json":{"title":"Cuales son las causas de vertigo (2026) Conoce las causas","description":"Causas del v\u00e9rtigo Cosas que debes saber sobre el v\u00e9rtigo El v\u00e9rtigo es una sensaci\u00f3n de mareo y desequilibrio que puede ser muy inc\u00f3moda. Es m\u00e1s com\u00fan de lo que crees, afectando a alrededor del 20% de la poblaci\u00f3n en alg\u00fan momento de sus vidas. Puede ser causado por una variedad de factores, desde problemas","canonical_url":"https:\/\/dudasytextos.com\/causasde\/cuales-son-las-causas-de-vertigo\/","robots":"max-snippet:-1, max-image-preview:large, max-video-preview:-1","keywords":"","webmasterTools":{"miscellaneous":"&lt;!-- Google tag (gtag.js) --&gt;\n&lt;script async src=\"https:\/\/www.googletagmanager.com\/gtag\/js?id=G-1RZBHH3Z7E\"&gt;&lt;\/script&gt;\n&lt;script&gt;\n  window.dataLayer = window.dataLayer || [];\n  function gtag(){dataLayer.push(arguments);}\n  gtag('js', new Date());\n\n  gtag('config', 'G-1RZBHH3Z7E');\n&lt;\/script&gt;\n&lt;script async src=\"https:\/\/pagead2.googlesyndication.com\/pagead\/js\/adsbygoogle.js?client=ca-pub-3987500858204711\"\n     crossorigin=\"anonymous\"&gt;&lt;\/script&gt;"},"schema":{"@context":"https:\/\/schema.org","@graph":[{"@type":"BlogPosting","@id":"https:\/\/dudasytextos.com\/causasde\/cuales-son-las-causas-de-vertigo\/#blogposting","name":"Cuales son las causas de vertigo (2026) Conoce las causas","headline":"Cuales son las causas de vertigo","author":{"@id":"https:\/\/dudasytextos.com\/causasde\/author\/admin44\/#author"},"publisher":{"@id":"https:\/\/dudasytextos.com\/causasde\/#organization"},"datePublished":"2025-03-03T00:41:10+00:00","dateModified":"2025-03-12T17:11:48+00:00","inLanguage":"es-ES","mainEntityOfPage":{"@id":"https:\/\/dudasytextos.com\/causasde\/cuales-son-las-causas-de-vertigo\/#webpage"},"isPartOf":{"@id":"https:\/\/dudasytextos.com\/causasde\/cuales-son-las-causas-de-vertigo\/#webpage"},"articleSection":"Conoce las causas"},{"@type":"BreadcrumbList","@id":"https:\/\/dudasytextos.com\/causasde\/cuales-son-las-causas-de-vertigo\/#breadcrumblist","itemListElement":[{"@type":"ListItem","@id":"https:\/\/dudasytextos.com\/causasde#listItem","position":1,"name":"Inicio","item":"https:\/\/dudasytextos.com\/causasde","nextItem":{"@type":"ListItem","@id":"https:\/\/dudasytextos.com\/causasde\/category\/conoce-las-causas\/#listItem","name":"Conoce las causas"}},{"@type":"ListItem","@id":"https:\/\/dudasytextos.com\/causasde\/category\/conoce-las-causas\/#listItem","position":2,"name":"Conoce las causas","item":"https:\/\/dudasytextos.com\/causasde\/category\/conoce-las-causas\/","nextItem":{"@type":"ListItem","@id":"https:\/\/dudasytextos.com\/causasde\/cuales-son-las-causas-de-vertigo\/#listItem","name":"Cuales son las causas de vertigo"},"previousItem":{"@type":"ListItem","@id":"https:\/\/dudasytextos.com\/causasde#listItem","name":"Inicio"}},{"@type":"ListItem","@id":"https:\/\/dudasytextos.com\/causasde\/cuales-son-las-causas-de-vertigo\/#listItem","position":3,"name":"Cuales son las causas de vertigo","previousItem":{"@type":"ListItem","@id":"https:\/\/dudasytextos.com\/causasde\/category\/conoce-las-causas\/#listItem","name":"Conoce las causas"}}]},{"@type":"Organization","@id":"https:\/\/dudasytextos.com\/causasde\/#organization","name":"\u00bfC\u00f3mo funciona?","description":"Conoce las causas","url":"https:\/\/dudasytextos.com\/causasde\/"},{"@type":"Person","@id":"https:\/\/dudasytextos.com\/causasde\/author\/admin44\/#author","url":"https:\/\/dudasytextos.com\/causasde\/author\/admin44\/","name":"Ana Gonz\u00e1lez"},{"@type":"WebPage","@id":"https:\/\/dudasytextos.com\/causasde\/cuales-son-las-causas-de-vertigo\/#webpage","url":"https:\/\/dudasytextos.com\/causasde\/cuales-son-las-causas-de-vertigo\/","name":"Cuales son las causas de vertigo (2026) Conoce las causas","description":"Causas del v\u00e9rtigo Cosas que debes saber sobre el v\u00e9rtigo El v\u00e9rtigo es una sensaci\u00f3n de mareo y desequilibrio que puede ser muy inc\u00f3moda. Es m\u00e1s com\u00fan de lo que crees, afectando a alrededor del 20% de la poblaci\u00f3n en alg\u00fan momento de sus vidas. Puede ser causado por una variedad de factores, desde problemas","inLanguage":"es-ES","isPartOf":{"@id":"https:\/\/dudasytextos.com\/causasde\/#website"},"breadcrumb":{"@id":"https:\/\/dudasytextos.com\/causasde\/cuales-son-las-causas-de-vertigo\/#breadcrumblist"},"author":{"@id":"https:\/\/dudasytextos.com\/causasde\/author\/admin44\/#author"},"creator":{"@id":"https:\/\/dudasytextos.com\/causasde\/author\/admin44\/#author"},"datePublished":"2025-03-03T00:41:10+00:00","dateModified":"2025-03-12T17:11:48+00:00"},{"@type":"WebSite","@id":"https:\/\/dudasytextos.com\/causasde\/#website","url":"https:\/\/dudasytextos.com\/causasde\/","name":"\u00bfC\u00f3mo funciona?","description":"Conoce las causas","inLanguage":"es-ES","publisher":{"@id":"https:\/\/dudasytextos.com\/causasde\/#organization"}}]},"og:locale":"es_ES","og:site_name":"Conoce las causas - Conoce las causas","og:type":"article","og:title":"Cuales son las causas de vertigo (2026) Conoce las causas","og:description":"Causas del v\u00e9rtigo Cosas que debes saber sobre el v\u00e9rtigo El v\u00e9rtigo es una sensaci\u00f3n de mareo y desequilibrio que puede ser muy inc\u00f3moda. Es m\u00e1s com\u00fan de lo que crees, afectando a alrededor del 20% de la poblaci\u00f3n en alg\u00fan momento de sus vidas. Puede ser causado por una variedad de factores, desde problemas","og:url":"https:\/\/dudasytextos.com\/causasde\/cuales-son-las-causas-de-vertigo\/","article:published_time":"2025-03-03T00:41:10+00:00","article:modified_time":"2025-03-12T17:11:48+00:00","twitter:card":"summary_large_image","twitter:title":"Cuales son las causas de vertigo (2026) Conoce las causas","twitter:description":"Causas del v\u00e9rtigo Cosas que debes saber sobre el v\u00e9rtigo El v\u00e9rtigo es una sensaci\u00f3n de mareo y desequilibrio que puede ser muy inc\u00f3moda. Es m\u00e1s com\u00fan de lo que crees, afectando a alrededor del 20% de la poblaci\u00f3n en alg\u00fan momento de sus vidas. Puede ser causado por una variedad de factores, desde problemas"},"aioseo_meta_data":{"post_id":"163820","title":null,"description":null,"keywords":null,"keyphrases":null,"primary_term":null,"canonical_url":null,"og_title":null,"og_description":null,"og_object_type":"default","og_image_type":"default","og_image_url":null,"og_image_width":null,"og_image_height":null,"og_image_custom_url":null,"og_image_custom_fields":null,"og_video":null,"og_custom_url":null,"og_article_section":null,"og_article_tags":null,"twitter_use_og":false,"twitter_card":"default","twitter_image_type":"default","twitter_image_url":null,"twitter_image_custom_url":null,"twitter_image_custom_fields":null,"twitter_title":null,"twitter_description":null,"schema":{"blockGraphs":[],"customGraphs":[],"default":{"data":{"Article":[],"Course":[],"Dataset":[],"FAQPage":[],"Movie":[],"Person":[],"Product":[],"ProductReview":[],"Car":[],"Recipe":[],"Service":[],"SoftwareApplication":[],"WebPage":[]},"graphName":"","isEnabled":true},"graphs":[]},"schema_type":"default","schema_type_options":null,"pillar_content":false,"robots_default":true,"robots_noindex":false,"robots_noarchive":false,"robots_nosnippet":false,"robots_nofollow":false,"robots_noimageindex":false,"robots_noodp":false,"robots_notranslate":false,"robots_max_snippet":null,"robots_max_videopreview":null,"robots_max_imagepreview":"large","priority":null,"frequency":null,"local_seo":null,"breadcrumb_settings":null,"limit_modified_date":false,"ai":null,"created":"2023-05-12 11:54:10","updated":"2025-06-04 07:13:23","seo_analyzer_scan_date":null,"focus_keyword":null,"additional_keywords":null,"truseo_locale":null},"aioseo_breadcrumb":"<div class=\"aioseo-breadcrumbs\"><span class=\"aioseo-breadcrumb\">\n\t\t\t<a href=\"https:\/\/dudasytextos.com\/causasde\" title=\"Inicio\">Inicio<\/a>\n\t\t<\/span><span class=\"aioseo-breadcrumb-separator\">&raquo;<\/span><span class=\"aioseo-breadcrumb\">\n\t\t\t<a href=\"https:\/\/dudasytextos.com\/causasde\/category\/conoce-las-causas\/\" title=\"Conoce las causas\">Conoce las causas<\/a>\n\t\t<\/span><span class=\"aioseo-breadcrumb-separator\">&raquo;<\/span><span class=\"aioseo-breadcrumb\">\n\t\t\tCuales son las causas de vertigo\n\t\t<\/span><\/div>","aioseo_breadcrumb_json":[{"label":"Inicio","link":"https:\/\/dudasytextos.com\/causasde"},{"label":"Conoce las causas","link":"https:\/\/dudasytextos.com\/causasde\/category\/conoce-las-causas\/"},{"label":"Cuales son las causas de vertigo","link":"https:\/\/dudasytextos.com\/causasde\/cuales-son-las-causas-de-vertigo\/"}],"_links":{"self":[{"href":"https:\/\/dudasytextos.com\/causasde\/wp-json\/wp\/v2\/posts\/163820","targetHints":{"allow":["GET"]}}],"collection":[{"href":"https:\/\/dudasytextos.com\/causasde\/wp-json\/wp\/v2\/posts"}],"about":[{"href":"https:\/\/dudasytextos.com\/causasde\/wp-json\/wp\/v2\/types\/post"}],"author":[{"embeddable":true,"href":"https:\/\/dudasytextos.com\/causasde\/wp-json\/wp\/v2\/users\/1"}],"replies":[{"embeddable":true,"href":"https:\/\/dudasytextos.com\/causasde\/wp-json\/wp\/v2\/comments?post=163820"}],"version-history":[{"count":1,"href":"https:\/\/dudasytextos.com\/causasde\/wp-json\/wp\/v2\/posts\/163820\/revisions"}],"predecessor-version":[{"id":164759,"href":"https:\/\/dudasytextos.com\/causasde\/wp-json\/wp\/v2\/posts\/163820\/revisions\/164759"}],"wp:attachment":[{"href":"https:\/\/dudasytextos.com\/causasde\/wp-json\/wp\/v2\/media?parent=163820"}],"wp:term":[{"taxonomy":"category","embeddable":true,"href":"https:\/\/dudasytextos.com\/causasde\/wp-json\/wp\/v2\/categories?post=163820"},{"taxonomy":"post_tag","embeddable":true,"href":"https:\/\/dudasytextos.com\/causasde\/wp-json\/wp\/v2\/tags?post=163820"}],"curies":[{"name":"wp","href":"https:\/\/api.w.org\/{rel}","templated":true}]}}