{"id":163864,"date":"2025-03-07T18:14:04","date_gmt":"2025-03-07T18:14:04","guid":{"rendered":"https:\/\/educacion.cc\/?p=163864"},"modified":"2025-03-13T07:38:06","modified_gmt":"2025-03-13T07:38:06","slug":"dolor-de-espalda-causado-por-el-frio","status":"publish","type":"post","link":"https:\/\/dudasytextos.com\/causasde\/dolor-de-espalda-causado-por-el-frio\/","title":{"rendered":"Dolor de espalda causado por el frio"},"content":{"rendered":"<div id=\"ez-toc-container\" class=\"ez-toc-v2_0_87 counter-hierarchy ez-toc-counter ez-toc-custom ez-toc-container-direction\">\n<div class=\"ez-toc-title-container\">\n<span class=\"ez-toc-title-toggle\"><\/span><\/div>\n<nav><ul class='ez-toc-list ez-toc-list-level-1 ' ><li class='ez-toc-page-1 ez-toc-heading-level-2'><a class=\"ez-toc-link ez-toc-heading-1\" href=\"https:\/\/dudasytextos.com\/causasde\/dolor-de-espalda-causado-por-el-frio\/#Dolor_de_espalda_causado_por_el_frio\" >Dolor de espalda causado por el frio<\/a><\/li><li class='ez-toc-page-1 ez-toc-heading-level-2'><a class=\"ez-toc-link ez-toc-heading-2\" href=\"https:\/\/dudasytextos.com\/causasde\/dolor-de-espalda-causado-por-el-frio\/#Curiosidades_sobre_el_dolor_de_espalda_causado_por_el_frio\" >Curiosidades sobre el dolor de espalda causado por el frio<\/a><\/li><li class='ez-toc-page-1 ez-toc-heading-level-2'><a class=\"ez-toc-link ez-toc-heading-3\" href=\"https:\/\/dudasytextos.com\/causasde\/dolor-de-espalda-causado-por-el-frio\/#Mi_experiencia_personal_con_el_dolor_de_espalda_y_el_frio\" >Mi experiencia personal con el dolor de espalda y el frio<\/a><\/li><li class='ez-toc-page-1 ez-toc-heading-level-2'><a class=\"ez-toc-link ez-toc-heading-4\" href=\"https:\/\/dudasytextos.com\/causasde\/dolor-de-espalda-causado-por-el-frio\/#Estudios_y_analisis_de_datos_sobre_el_dolor_de_espalda_y_el_frio\" >Estudios y an\u00e1lisis de datos sobre el dolor de espalda y el frio<\/a><\/li><li class='ez-toc-page-1 ez-toc-heading-level-2'><a class=\"ez-toc-link ez-toc-heading-5\" href=\"https:\/\/dudasytextos.com\/causasde\/dolor-de-espalda-causado-por-el-frio\/#Consejos_para_prevenir_el_dolor_de_espalda_causado_por_el_frio\" >Consejos para prevenir el dolor de espalda causado por el frio<\/a><\/li><li class='ez-toc-page-1 ez-toc-heading-level-2'><a class=\"ez-toc-link ez-toc-heading-6\" href=\"https:\/\/dudasytextos.com\/causasde\/dolor-de-espalda-causado-por-el-frio\/#Preguntas_frecuentes_sobre_el_dolor_de_espalda_causado_por_el_frio\" >Preguntas frecuentes sobre el dolor de espalda causado por el frio<\/a><ul class='ez-toc-list-level-3' ><li class='ez-toc-heading-level-3'><a class=\"ez-toc-link ez-toc-heading-7\" href=\"https:\/\/dudasytextos.com\/causasde\/dolor-de-espalda-causado-por-el-frio\/#%C2%BFEs_el_dolor_de_espalda_causado_por_el_frio_un_problema_comun\" >\u00bfEs el dolor de espalda causado por el frio un problema com\u00fan?<\/a><\/li><li class='ez-toc-page-1 ez-toc-heading-level-3'><a class=\"ez-toc-link ez-toc-heading-8\" href=\"https:\/\/dudasytextos.com\/causasde\/dolor-de-espalda-causado-por-el-frio\/#%C2%BFQue_puedo_hacer_para_prevenir_el_dolor_de_espalda_causado_por_el_frio\" >\u00bfQu\u00e9 puedo hacer para prevenir el dolor de espalda causado por el frio?<\/a><\/li><li class='ez-toc-page-1 ez-toc-heading-level-3'><a class=\"ez-toc-link ez-toc-heading-9\" href=\"https:\/\/dudasytextos.com\/causasde\/dolor-de-espalda-causado-por-el-frio\/#%C2%BFQue_puedo_hacer_si_ya_tengo_dolor_de_espalda_causado_por_el_frio\" >\u00bfQu\u00e9 puedo hacer si ya tengo dolor de espalda causado por el frio?<\/a><\/li><\/ul><\/li><\/ul><\/nav><\/div>\n<h2><span class=\"ez-toc-section\" id=\"Dolor_de_espalda_causado_por_el_frio\"><\/span>Dolor de espalda causado por el frio<span class=\"ez-toc-section-end\"><\/span><\/h2>\n<p>Escrito por Ana Gonz\u00e1lez<\/p>\n<section>\n<h2><span class=\"ez-toc-section\" id=\"Curiosidades_sobre_el_dolor_de_espalda_causado_por_el_frio\"><\/span>Curiosidades sobre el dolor de espalda causado por el frio<span class=\"ez-toc-section-end\"><\/span><\/h2>\n<ul>\n<li>El frio puede causar espasmos musculares, lo que puede conducir a dolor de espalda.<\/li>\n<li>El dolor de espalda debido al frio es m\u00e1s com\u00fan en invierno, pero tambi\u00e9n puede ocurrir en climas fr\u00edos durante todo el a\u00f1o.<\/li>\n<li>El dolor de espalda relacionado con el frio puede ser m\u00e1s com\u00fan en personas con problemas de circulaci\u00f3n sangu\u00ednea.<\/li>\n<\/ul>\n<\/section>\n<section>\n<h2><span class=\"ez-toc-section\" id=\"Mi_experiencia_personal_con_el_dolor_de_espalda_y_el_frio\"><\/span>Mi experiencia personal con el dolor de espalda y el frio<span class=\"ez-toc-section-end\"><\/span><\/h2>\n<p>Como alguien que vive en una zona con inviernos fr\u00edos, s\u00e9 lo dif\u00edcil que puede ser lidiar con el dolor de espalda causado por el frio. Personalmente, he experimentado dolor de espalda en los meses m\u00e1s fr\u00edos del a\u00f1o y he encontrado algunas formas de aliviar el dolor y prevenir su aparici\u00f3n.<\/p>\n<p>Hice esto y me llev\u00f3 a&#8230;<\/p>\n<ul>\n<li>Hacer ejercicio regularmente: Mantenerse activo puede ayudar a prevenir el dolor de espalda causado por el frio ya que el movimiento ayuda a mantener la circulaci\u00f3n sangu\u00ednea y la flexibilidad muscular.<\/li>\n<li>Usar ropa adecuada: Asegurarse de usar ropa adecuada para el clima fr\u00edo, como capas y ropa t\u00e9rmica, puede ayudar a mantener el cuerpo caliente y prevenir la tensi\u00f3n muscular.<\/li>\n<li>Usar almohadillas t\u00e9rmicas: Usar almohadillas t\u00e9rmicas en la espalda puede ayudar a aliviar el dolor y la tensi\u00f3n muscular.<\/li>\n<\/ul>\n<p>Prefiero&#8230;<\/p>\n<p>Personalmente, prefiero mantenerme activa y hacer ejercicio regularmente para prevenir el dolor de espalda causado por el frio. Tambi\u00e9n encuentro \u00fatil usar almohadillas t\u00e9rmicas y ropa adecuada para mantenerme caliente.<\/p>\n<\/section>\n<section>\n<h2><span class=\"ez-toc-section\" id=\"Estudios_y_analisis_de_datos_sobre_el_dolor_de_espalda_y_el_frio\"><\/span>Estudios y an\u00e1lisis de datos sobre el dolor de espalda y el frio<span class=\"ez-toc-section-end\"><\/span><\/h2>\n<p>Un estudio publicado en la revista European Spine Journal encontr\u00f3 que el dolor de espalda relacionado con el frio es m\u00e1s com\u00fan en personas con problemas de circulaci\u00f3n sangu\u00ednea. El estudio tambi\u00e9n destac\u00f3 la importancia de mantenerse activo y usar ropa adecuada para prevenir el dolor de espalda causado por el frio.<\/p>\n<\/section>\n<section>\n<h2><span class=\"ez-toc-section\" id=\"Consejos_para_prevenir_el_dolor_de_espalda_causado_por_el_frio\"><\/span>Consejos para prevenir el dolor de espalda causado por el frio<span class=\"ez-toc-section-end\"><\/span><\/h2>\n<p>Adem\u00e1s de las experiencias personales y los estudios mencionados anteriormente, hay algunas cosas que puedes hacer para prevenir el dolor de espalda causado por el frio:<\/p>\n<ul>\n<li>Mantenerse activo: Hacer ejercicio regularmente puede ayudar a mantener la circulaci\u00f3n sangu\u00ednea y la flexibilidad muscular.<\/li>\n<li>Usar ropa adecuada: Asegurarse de usar ropa adecuada para el clima fr\u00edo, como capas y ropa t\u00e9rmica.<\/li>\n<li>Usar almohadillas t\u00e9rmicas: Usar almohadillas t\u00e9rmicas en la espalda puede ayudar a aliviar el dolor y la tensi\u00f3n muscular.<\/li>\n<li>Estirar regularmente: Hacer estiramientos suaves de la espalda y los m\u00fasculos antes de hacer ejercicio o despu\u00e9s de estar sentado durante mucho tiempo puede ayudar a prevenir el dolor de espalda causado por el frio.<\/li>\n<\/ul>\n<\/section>\n<section>\n<h2><span class=\"ez-toc-section\" id=\"Preguntas_frecuentes_sobre_el_dolor_de_espalda_causado_por_el_frio\"><\/span>Preguntas frecuentes sobre el dolor de espalda causado por el frio<span class=\"ez-toc-section-end\"><\/span><\/h2>\n<ul>\n<li>\n<h3><span class=\"ez-toc-section\" id=\"%C2%BFEs_el_dolor_de_espalda_causado_por_el_frio_un_problema_comun\"><\/span>\u00bfEs el dolor de espalda causado por el frio un problema com\u00fan?<span class=\"ez-toc-section-end\"><\/span><\/h3>\n<p>S\u00ed, el dolor de espalda causado por el frio es un problema com\u00fan, especialmente en invierno.<\/p>\n<\/li>\n<li>\n<h3><span class=\"ez-toc-section\" id=\"%C2%BFQue_puedo_hacer_para_prevenir_el_dolor_de_espalda_causado_por_el_frio\"><\/span>\u00bfQu\u00e9 puedo hacer para prevenir el dolor de espalda causado por el frio?<span class=\"ez-toc-section-end\"><\/span><\/h3>\n<p>Algunas cosas que puedes hacer para prevenir el dolor de espalda causado por el frio incluyen mantenerse activo, usar ropa adecuada, usar almohadillas t\u00e9rmicas y estirar regularmente.<\/p>\n<\/li>\n<li>\n<h3><span class=\"ez-toc-section\" id=\"%C2%BFQue_puedo_hacer_si_ya_tengo_dolor_de_espalda_causado_por_el_frio\"><\/span>\u00bfQu\u00e9 puedo hacer si ya tengo dolor de espalda causado por el frio?<span class=\"ez-toc-section-end\"><\/span><\/h3>\n<p>Si ya tienes dolor de espalda causado por el frio, puedes intentar usar almohadillas t\u00e9rmicas, tomar analg\u00e9sicos de venta libre o hacer ejercicios suaves para aliviar el dolor.<\/p>\n<\/li>\n<\/ul>\n<\/section>\n","protected":false},"excerpt":{"rendered":"<p>Dolor de espalda causado por el frio Escrito por Ana Gonz\u00e1lez Curiosidades sobre el dolor de espalda causado por el frio El frio puede causar espasmos musculares, lo que puede conducir a dolor de espalda. El dolor de espalda debido al frio es m\u00e1s com\u00fan en invierno, pero tambi\u00e9n puede ocurrir en climas fr\u00edos durante &#8230; <a title=\"Dolor de espalda causado por el frio\" class=\"read-more\" href=\"https:\/\/dudasytextos.com\/causasde\/dolor-de-espalda-causado-por-el-frio\/\" aria-label=\"M\u00e1s en Dolor de espalda causado por el frio\">Leer m\u00e1s<\/a><\/p>\n","protected":false},"author":1,"featured_media":0,"comment_status":"open","ping_status":"open","sticky":false,"template":"","format":"standard","meta":{"footnotes":""},"categories":[4],"tags":[],"class_list":["post-163864","post","type-post","status-publish","format-standard","hentry","category-conoce-las-causas"],"aioseo_notices":[],"aioseo_head":"\n\t\t<!-- All in One SEO 5.0.1.1 - aioseo.com -->\n\t<meta name=\"description\" content=\"Dolor de espalda causado por el frio Escrito por Ana Gonz\u00e1lez Curiosidades sobre el dolor de espalda causado por el frio El frio puede causar espasmos musculares, lo que puede conducir a dolor de espalda. El dolor de espalda debido al frio es m\u00e1s com\u00fan en invierno, pero tambi\u00e9n puede ocurrir en climas fr\u00edos durante\" \/>\n\t<meta name=\"robots\" content=\"max-snippet:-1, max-image-preview:large, max-video-preview:-1\" \/>\n\t<meta name=\"author\" content=\"Ana Gonz\u00e1lez\"\/>\n\t<link rel=\"canonical\" href=\"https:\/\/dudasytextos.com\/causasde\/dolor-de-espalda-causado-por-el-frio\/\" \/>\n\t<meta name=\"generator\" content=\"All in One SEO (AIOSEO) 5.0.1.1\" \/>\n\n\t\t<!-- Google tag (gtag.js) -->\n<script async src=\"https:\/\/www.googletagmanager.com\/gtag\/js?id=G-1RZBHH3Z7E\"><\/script>\n<script>\n  window.dataLayer = window.dataLayer || [];\n  function gtag(){dataLayer.push(arguments);}\n  gtag('js', new Date());\n\n  gtag('config', 'G-1RZBHH3Z7E');\n<\/script>\n<script async src=\"https:\/\/pagead2.googlesyndication.com\/pagead\/js\/adsbygoogle.js?client=ca-pub-3987500858204711\"\n     crossorigin=\"anonymous\"><\/script>\n\t\t<meta property=\"og:locale\" content=\"es_ES\" \/>\n\t\t<meta property=\"og:site_name\" content=\"Conoce las causas - Conoce las causas\" \/>\n\t\t<meta property=\"og:type\" content=\"article\" \/>\n\t\t<meta property=\"og:title\" content=\"Dolor de espalda causado por el frio (2026) Conoce las causas\" \/>\n\t\t<meta property=\"og:description\" content=\"Dolor de espalda causado por el frio Escrito por Ana Gonz\u00e1lez Curiosidades sobre el dolor de espalda causado por el frio El frio puede causar espasmos musculares, lo que puede conducir a dolor de espalda. El dolor de espalda debido al frio es m\u00e1s com\u00fan en invierno, pero tambi\u00e9n puede ocurrir en climas fr\u00edos durante\" \/>\n\t\t<meta property=\"og:url\" content=\"https:\/\/dudasytextos.com\/causasde\/dolor-de-espalda-causado-por-el-frio\/\" \/>\n\t\t<meta property=\"article:published_time\" content=\"2025-03-07T18:14:04+00:00\" \/>\n\t\t<meta property=\"article:modified_time\" content=\"2025-03-13T07:38:06+00:00\" \/>\n\t\t<meta name=\"twitter:card\" content=\"summary_large_image\" \/>\n\t\t<meta name=\"twitter:title\" content=\"Dolor de espalda causado por el frio (2026) Conoce las causas\" \/>\n\t\t<meta name=\"twitter:description\" content=\"Dolor de espalda causado por el frio Escrito por Ana Gonz\u00e1lez Curiosidades sobre el dolor de espalda causado por el frio El frio puede causar espasmos musculares, lo que puede conducir a dolor de espalda. El dolor de espalda debido al frio es m\u00e1s com\u00fan en invierno, pero tambi\u00e9n puede ocurrir en climas fr\u00edos durante\" \/>\n\t\t<script type=\"application\/ld+json\" class=\"aioseo-schema\">\n\t\t\t{\"@context\":\"https:\\\/\\\/schema.org\",\"@graph\":[{\"@type\":\"BlogPosting\",\"@id\":\"https:\\\/\\\/dudasytextos.com\\\/causasde\\\/dolor-de-espalda-causado-por-el-frio\\\/#blogposting\",\"name\":\"Dolor de espalda causado por el frio (2026) Conoce las causas\",\"headline\":\"Dolor de espalda causado por el frio\",\"author\":{\"@id\":\"https:\\\/\\\/dudasytextos.com\\\/causasde\\\/author\\\/admin44\\\/#author\"},\"publisher\":{\"@id\":\"https:\\\/\\\/dudasytextos.com\\\/causasde\\\/#organization\"},\"datePublished\":\"2025-03-07T18:14:04+00:00\",\"dateModified\":\"2025-03-13T07:38:06+00:00\",\"inLanguage\":\"es-ES\",\"mainEntityOfPage\":{\"@id\":\"https:\\\/\\\/dudasytextos.com\\\/causasde\\\/dolor-de-espalda-causado-por-el-frio\\\/#webpage\"},\"isPartOf\":{\"@id\":\"https:\\\/\\\/dudasytextos.com\\\/causasde\\\/dolor-de-espalda-causado-por-el-frio\\\/#webpage\"},\"articleSection\":\"Conoce las causas\"},{\"@type\":\"BreadcrumbList\",\"@id\":\"https:\\\/\\\/dudasytextos.com\\\/causasde\\\/dolor-de-espalda-causado-por-el-frio\\\/#breadcrumblist\",\"itemListElement\":[{\"@type\":\"ListItem\",\"@id\":\"https:\\\/\\\/dudasytextos.com\\\/causasde#listItem\",\"position\":1,\"name\":\"Inicio\",\"item\":\"https:\\\/\\\/dudasytextos.com\\\/causasde\",\"nextItem\":{\"@type\":\"ListItem\",\"@id\":\"https:\\\/\\\/dudasytextos.com\\\/causasde\\\/category\\\/conoce-las-causas\\\/#listItem\",\"name\":\"Conoce las causas\"}},{\"@type\":\"ListItem\",\"@id\":\"https:\\\/\\\/dudasytextos.com\\\/causasde\\\/category\\\/conoce-las-causas\\\/#listItem\",\"position\":2,\"name\":\"Conoce las causas\",\"item\":\"https:\\\/\\\/dudasytextos.com\\\/causasde\\\/category\\\/conoce-las-causas\\\/\",\"nextItem\":{\"@type\":\"ListItem\",\"@id\":\"https:\\\/\\\/dudasytextos.com\\\/causasde\\\/dolor-de-espalda-causado-por-el-frio\\\/#listItem\",\"name\":\"Dolor de espalda causado por el frio\"},\"previousItem\":{\"@type\":\"ListItem\",\"@id\":\"https:\\\/\\\/dudasytextos.com\\\/causasde#listItem\",\"name\":\"Inicio\"}},{\"@type\":\"ListItem\",\"@id\":\"https:\\\/\\\/dudasytextos.com\\\/causasde\\\/dolor-de-espalda-causado-por-el-frio\\\/#listItem\",\"position\":3,\"name\":\"Dolor de espalda causado por el frio\",\"previousItem\":{\"@type\":\"ListItem\",\"@id\":\"https:\\\/\\\/dudasytextos.com\\\/causasde\\\/category\\\/conoce-las-causas\\\/#listItem\",\"name\":\"Conoce las causas\"}}]},{\"@type\":\"Organization\",\"@id\":\"https:\\\/\\\/dudasytextos.com\\\/causasde\\\/#organization\",\"name\":\"\\u00bfC\\u00f3mo funciona?\",\"description\":\"Conoce las causas\",\"url\":\"https:\\\/\\\/dudasytextos.com\\\/causasde\\\/\"},{\"@type\":\"Person\",\"@id\":\"https:\\\/\\\/dudasytextos.com\\\/causasde\\\/author\\\/admin44\\\/#author\",\"url\":\"https:\\\/\\\/dudasytextos.com\\\/causasde\\\/author\\\/admin44\\\/\",\"name\":\"Ana Gonz\\u00e1lez\"},{\"@type\":\"WebPage\",\"@id\":\"https:\\\/\\\/dudasytextos.com\\\/causasde\\\/dolor-de-espalda-causado-por-el-frio\\\/#webpage\",\"url\":\"https:\\\/\\\/dudasytextos.com\\\/causasde\\\/dolor-de-espalda-causado-por-el-frio\\\/\",\"name\":\"Dolor de espalda causado por el frio (2026) Conoce las causas\",\"description\":\"Dolor de espalda causado por el frio Escrito por Ana Gonz\\u00e1lez Curiosidades sobre el dolor de espalda causado por el frio El frio puede causar espasmos musculares, lo que puede conducir a dolor de espalda. El dolor de espalda debido al frio es m\\u00e1s com\\u00fan en invierno, pero tambi\\u00e9n puede ocurrir en climas fr\\u00edos durante\",\"inLanguage\":\"es-ES\",\"isPartOf\":{\"@id\":\"https:\\\/\\\/dudasytextos.com\\\/causasde\\\/#website\"},\"breadcrumb\":{\"@id\":\"https:\\\/\\\/dudasytextos.com\\\/causasde\\\/dolor-de-espalda-causado-por-el-frio\\\/#breadcrumblist\"},\"author\":{\"@id\":\"https:\\\/\\\/dudasytextos.com\\\/causasde\\\/author\\\/admin44\\\/#author\"},\"creator\":{\"@id\":\"https:\\\/\\\/dudasytextos.com\\\/causasde\\\/author\\\/admin44\\\/#author\"},\"datePublished\":\"2025-03-07T18:14:04+00:00\",\"dateModified\":\"2025-03-13T07:38:06+00:00\"},{\"@type\":\"WebSite\",\"@id\":\"https:\\\/\\\/dudasytextos.com\\\/causasde\\\/#website\",\"url\":\"https:\\\/\\\/dudasytextos.com\\\/causasde\\\/\",\"name\":\"\\u00bfC\\u00f3mo funciona?\",\"description\":\"Conoce las causas\",\"inLanguage\":\"es-ES\",\"publisher\":{\"@id\":\"https:\\\/\\\/dudasytextos.com\\\/causasde\\\/#organization\"}}]}\n\t\t<\/script>\n\t\t<!-- All in One SEO -->\n\n","aioseo_head_json":{"title":"Dolor de espalda causado por el frio (2026) Conoce las causas","description":"Dolor de espalda causado por el frio Escrito por Ana Gonz\u00e1lez Curiosidades sobre el dolor de espalda causado por el frio El frio puede causar espasmos musculares, lo que puede conducir a dolor de espalda. El dolor de espalda debido al frio es m\u00e1s com\u00fan en invierno, pero tambi\u00e9n puede ocurrir en climas fr\u00edos durante","canonical_url":"https:\/\/dudasytextos.com\/causasde\/dolor-de-espalda-causado-por-el-frio\/","robots":"max-snippet:-1, max-image-preview:large, max-video-preview:-1","keywords":"","webmasterTools":{"miscellaneous":"&lt;!-- Google tag (gtag.js) --&gt;\n&lt;script async src=\"https:\/\/www.googletagmanager.com\/gtag\/js?id=G-1RZBHH3Z7E\"&gt;&lt;\/script&gt;\n&lt;script&gt;\n  window.dataLayer = window.dataLayer || [];\n  function gtag(){dataLayer.push(arguments);}\n  gtag('js', new Date());\n\n  gtag('config', 'G-1RZBHH3Z7E');\n&lt;\/script&gt;\n&lt;script async src=\"https:\/\/pagead2.googlesyndication.com\/pagead\/js\/adsbygoogle.js?client=ca-pub-3987500858204711\"\n     crossorigin=\"anonymous\"&gt;&lt;\/script&gt;"},"schema":{"@context":"https:\/\/schema.org","@graph":[{"@type":"BlogPosting","@id":"https:\/\/dudasytextos.com\/causasde\/dolor-de-espalda-causado-por-el-frio\/#blogposting","name":"Dolor de espalda causado por el frio (2026) Conoce las causas","headline":"Dolor de espalda causado por el frio","author":{"@id":"https:\/\/dudasytextos.com\/causasde\/author\/admin44\/#author"},"publisher":{"@id":"https:\/\/dudasytextos.com\/causasde\/#organization"},"datePublished":"2025-03-07T18:14:04+00:00","dateModified":"2025-03-13T07:38:06+00:00","inLanguage":"es-ES","mainEntityOfPage":{"@id":"https:\/\/dudasytextos.com\/causasde\/dolor-de-espalda-causado-por-el-frio\/#webpage"},"isPartOf":{"@id":"https:\/\/dudasytextos.com\/causasde\/dolor-de-espalda-causado-por-el-frio\/#webpage"},"articleSection":"Conoce las causas"},{"@type":"BreadcrumbList","@id":"https:\/\/dudasytextos.com\/causasde\/dolor-de-espalda-causado-por-el-frio\/#breadcrumblist","itemListElement":[{"@type":"ListItem","@id":"https:\/\/dudasytextos.com\/causasde#listItem","position":1,"name":"Inicio","item":"https:\/\/dudasytextos.com\/causasde","nextItem":{"@type":"ListItem","@id":"https:\/\/dudasytextos.com\/causasde\/category\/conoce-las-causas\/#listItem","name":"Conoce las causas"}},{"@type":"ListItem","@id":"https:\/\/dudasytextos.com\/causasde\/category\/conoce-las-causas\/#listItem","position":2,"name":"Conoce las causas","item":"https:\/\/dudasytextos.com\/causasde\/category\/conoce-las-causas\/","nextItem":{"@type":"ListItem","@id":"https:\/\/dudasytextos.com\/causasde\/dolor-de-espalda-causado-por-el-frio\/#listItem","name":"Dolor de espalda causado por el frio"},"previousItem":{"@type":"ListItem","@id":"https:\/\/dudasytextos.com\/causasde#listItem","name":"Inicio"}},{"@type":"ListItem","@id":"https:\/\/dudasytextos.com\/causasde\/dolor-de-espalda-causado-por-el-frio\/#listItem","position":3,"name":"Dolor de espalda causado por el frio","previousItem":{"@type":"ListItem","@id":"https:\/\/dudasytextos.com\/causasde\/category\/conoce-las-causas\/#listItem","name":"Conoce las causas"}}]},{"@type":"Organization","@id":"https:\/\/dudasytextos.com\/causasde\/#organization","name":"\u00bfC\u00f3mo funciona?","description":"Conoce las causas","url":"https:\/\/dudasytextos.com\/causasde\/"},{"@type":"Person","@id":"https:\/\/dudasytextos.com\/causasde\/author\/admin44\/#author","url":"https:\/\/dudasytextos.com\/causasde\/author\/admin44\/","name":"Ana Gonz\u00e1lez"},{"@type":"WebPage","@id":"https:\/\/dudasytextos.com\/causasde\/dolor-de-espalda-causado-por-el-frio\/#webpage","url":"https:\/\/dudasytextos.com\/causasde\/dolor-de-espalda-causado-por-el-frio\/","name":"Dolor de espalda causado por el frio (2026) Conoce las causas","description":"Dolor de espalda causado por el frio Escrito por Ana Gonz\u00e1lez Curiosidades sobre el dolor de espalda causado por el frio El frio puede causar espasmos musculares, lo que puede conducir a dolor de espalda. El dolor de espalda debido al frio es m\u00e1s com\u00fan en invierno, pero tambi\u00e9n puede ocurrir en climas fr\u00edos durante","inLanguage":"es-ES","isPartOf":{"@id":"https:\/\/dudasytextos.com\/causasde\/#website"},"breadcrumb":{"@id":"https:\/\/dudasytextos.com\/causasde\/dolor-de-espalda-causado-por-el-frio\/#breadcrumblist"},"author":{"@id":"https:\/\/dudasytextos.com\/causasde\/author\/admin44\/#author"},"creator":{"@id":"https:\/\/dudasytextos.com\/causasde\/author\/admin44\/#author"},"datePublished":"2025-03-07T18:14:04+00:00","dateModified":"2025-03-13T07:38:06+00:00"},{"@type":"WebSite","@id":"https:\/\/dudasytextos.com\/causasde\/#website","url":"https:\/\/dudasytextos.com\/causasde\/","name":"\u00bfC\u00f3mo funciona?","description":"Conoce las causas","inLanguage":"es-ES","publisher":{"@id":"https:\/\/dudasytextos.com\/causasde\/#organization"}}]},"og:locale":"es_ES","og:site_name":"Conoce las causas - Conoce las causas","og:type":"article","og:title":"Dolor de espalda causado por el frio (2026) Conoce las causas","og:description":"Dolor de espalda causado por el frio Escrito por Ana Gonz\u00e1lez Curiosidades sobre el dolor de espalda causado por el frio El frio puede causar espasmos musculares, lo que puede conducir a dolor de espalda. El dolor de espalda debido al frio es m\u00e1s com\u00fan en invierno, pero tambi\u00e9n puede ocurrir en climas fr\u00edos durante","og:url":"https:\/\/dudasytextos.com\/causasde\/dolor-de-espalda-causado-por-el-frio\/","article:published_time":"2025-03-07T18:14:04+00:00","article:modified_time":"2025-03-13T07:38:06+00:00","twitter:card":"summary_large_image","twitter:title":"Dolor de espalda causado por el frio (2026) Conoce las causas","twitter:description":"Dolor de espalda causado por el frio Escrito por Ana Gonz\u00e1lez Curiosidades sobre el dolor de espalda causado por el frio El frio puede causar espasmos musculares, lo que puede conducir a dolor de espalda. El dolor de espalda debido al frio es m\u00e1s com\u00fan en invierno, pero tambi\u00e9n puede ocurrir en climas fr\u00edos durante"},"aioseo_meta_data":{"post_id":"163864","title":null,"description":null,"keywords":null,"keyphrases":null,"primary_term":null,"canonical_url":null,"og_title":null,"og_description":null,"og_object_type":"default","og_image_type":"default","og_image_url":null,"og_image_width":null,"og_image_height":null,"og_image_custom_url":null,"og_image_custom_fields":null,"og_video":null,"og_custom_url":null,"og_article_section":null,"og_article_tags":null,"twitter_use_og":false,"twitter_card":"default","twitter_image_type":"default","twitter_image_url":null,"twitter_image_custom_url":null,"twitter_image_custom_fields":null,"twitter_title":null,"twitter_description":null,"schema":{"blockGraphs":[],"customGraphs":[],"default":{"data":{"Article":[],"Course":[],"Dataset":[],"FAQPage":[],"Movie":[],"Person":[],"Product":[],"ProductReview":[],"Car":[],"Recipe":[],"Service":[],"SoftwareApplication":[],"WebPage":[]},"graphName":"","isEnabled":true},"graphs":[]},"schema_type":"default","schema_type_options":null,"pillar_content":false,"robots_default":true,"robots_noindex":false,"robots_noarchive":false,"robots_nosnippet":false,"robots_nofollow":false,"robots_noimageindex":false,"robots_noodp":false,"robots_notranslate":false,"robots_max_snippet":null,"robots_max_videopreview":null,"robots_max_imagepreview":"large","priority":null,"frequency":null,"local_seo":null,"breadcrumb_settings":null,"limit_modified_date":false,"ai":null,"created":"2023-05-12 11:48:08","updated":"2025-06-04 12:01:19","seo_analyzer_scan_date":null,"focus_keyword":null,"additional_keywords":null,"truseo_locale":null},"aioseo_breadcrumb":"<div class=\"aioseo-breadcrumbs\"><span class=\"aioseo-breadcrumb\">\n\t\t\t<a href=\"https:\/\/dudasytextos.com\/causasde\" title=\"Inicio\">Inicio<\/a>\n\t\t<\/span><span class=\"aioseo-breadcrumb-separator\">&raquo;<\/span><span class=\"aioseo-breadcrumb\">\n\t\t\t<a href=\"https:\/\/dudasytextos.com\/causasde\/category\/conoce-las-causas\/\" title=\"Conoce las causas\">Conoce las causas<\/a>\n\t\t<\/span><span class=\"aioseo-breadcrumb-separator\">&raquo;<\/span><span class=\"aioseo-breadcrumb\">\n\t\t\tDolor de espalda causado por el frio\n\t\t<\/span><\/div>","aioseo_breadcrumb_json":[{"label":"Inicio","link":"https:\/\/dudasytextos.com\/causasde"},{"label":"Conoce las causas","link":"https:\/\/dudasytextos.com\/causasde\/category\/conoce-las-causas\/"},{"label":"Dolor de espalda causado por el frio","link":"https:\/\/dudasytextos.com\/causasde\/dolor-de-espalda-causado-por-el-frio\/"}],"_links":{"self":[{"href":"https:\/\/dudasytextos.com\/causasde\/wp-json\/wp\/v2\/posts\/163864","targetHints":{"allow":["GET"]}}],"collection":[{"href":"https:\/\/dudasytextos.com\/causasde\/wp-json\/wp\/v2\/posts"}],"about":[{"href":"https:\/\/dudasytextos.com\/causasde\/wp-json\/wp\/v2\/types\/post"}],"author":[{"embeddable":true,"href":"https:\/\/dudasytextos.com\/causasde\/wp-json\/wp\/v2\/users\/1"}],"replies":[{"embeddable":true,"href":"https:\/\/dudasytextos.com\/causasde\/wp-json\/wp\/v2\/comments?post=163864"}],"version-history":[{"count":1,"href":"https:\/\/dudasytextos.com\/causasde\/wp-json\/wp\/v2\/posts\/163864\/revisions"}],"predecessor-version":[{"id":164715,"href":"https:\/\/dudasytextos.com\/causasde\/wp-json\/wp\/v2\/posts\/163864\/revisions\/164715"}],"wp:attachment":[{"href":"https:\/\/dudasytextos.com\/causasde\/wp-json\/wp\/v2\/media?parent=163864"}],"wp:term":[{"taxonomy":"category","embeddable":true,"href":"https:\/\/dudasytextos.com\/causasde\/wp-json\/wp\/v2\/categories?post=163864"},{"taxonomy":"post_tag","embeddable":true,"href":"https:\/\/dudasytextos.com\/causasde\/wp-json\/wp\/v2\/tags?post=163864"}],"curies":[{"name":"wp","href":"https:\/\/api.w.org\/{rel}","templated":true}]}}