{"id":164014,"date":"2025-02-18T01:33:37","date_gmt":"2025-02-18T01:33:37","guid":{"rendered":"https:\/\/educacion.cc\/?p=164014"},"modified":"2025-03-12T15:51:12","modified_gmt":"2025-03-12T15:51:12","slug":"causas-de-baja-laboral-en-espana","status":"publish","type":"post","link":"https:\/\/dudasytextos.com\/causasde\/causas-de-baja-laboral-en-espana\/","title":{"rendered":"Causas de baja laboral en espa\u00f1a"},"content":{"rendered":"<div id=\"ez-toc-container\" class=\"ez-toc-v2_0_87 counter-hierarchy ez-toc-counter ez-toc-custom ez-toc-container-direction\">\n<div class=\"ez-toc-title-container\">\n<span class=\"ez-toc-title-toggle\"><\/span><\/div>\n<nav><ul class='ez-toc-list ez-toc-list-level-1 ' ><li class='ez-toc-page-1 ez-toc-heading-level-2'><a class=\"ez-toc-link ez-toc-heading-1\" href=\"https:\/\/dudasytextos.com\/causasde\/causas-de-baja-laboral-en-espana\/#Causas_de_baja_laboral_en_Espana\" >Causas de baja laboral en Espa\u00f1a<\/a><\/li><li class='ez-toc-page-1 ez-toc-heading-level-2'><a class=\"ez-toc-link ez-toc-heading-2\" href=\"https:\/\/dudasytextos.com\/causasde\/causas-de-baja-laboral-en-espana\/#Por_Ana_Gonzalez\" >Por Ana Gonz\u00e1lez<\/a><\/li><li class='ez-toc-page-1 ez-toc-heading-level-2'><a class=\"ez-toc-link ez-toc-heading-3\" href=\"https:\/\/dudasytextos.com\/causasde\/causas-de-baja-laboral-en-espana\/#Curiosidades_y_estadisticas\" >Curiosidades y estad\u00edsticas<\/a><\/li><li class='ez-toc-page-1 ez-toc-heading-level-2'><a class=\"ez-toc-link ez-toc-heading-4\" href=\"https:\/\/dudasytextos.com\/causasde\/causas-de-baja-laboral-en-espana\/#Mis_experiencias_en_primera_persona\" >Mis experiencias en primera persona<\/a><\/li><li class='ez-toc-page-1 ez-toc-heading-level-2'><a class=\"ez-toc-link ez-toc-heading-5\" href=\"https:\/\/dudasytextos.com\/causasde\/causas-de-baja-laboral-en-espana\/#Opiniones_y_analisis_de_datos\" >Opiniones y an\u00e1lisis de datos<\/a><\/li><li class='ez-toc-page-1 ez-toc-heading-level-2'><a class=\"ez-toc-link ez-toc-heading-6\" href=\"https:\/\/dudasytextos.com\/causasde\/causas-de-baja-laboral-en-espana\/#Preguntas_frecuentes\" >Preguntas frecuentes<\/a><ul class='ez-toc-list-level-3' ><li class='ez-toc-heading-level-3'><a class=\"ez-toc-link ez-toc-heading-7\" href=\"https:\/\/dudasytextos.com\/causasde\/causas-de-baja-laboral-en-espana\/#%C2%BFQue_puedo_hacer_para_prevenir_las_enfermedades_profesionales\" >\u00bfQu\u00e9 puedo hacer para prevenir las enfermedades profesionales?<\/a><\/li><li class='ez-toc-page-1 ez-toc-heading-level-3'><a class=\"ez-toc-link ez-toc-heading-8\" href=\"https:\/\/dudasytextos.com\/causasde\/causas-de-baja-laboral-en-espana\/#%C2%BFComo_puedo_mejorar_el_clima_laboral_en_mi_empresa\" >\u00bfC\u00f3mo puedo mejorar el clima laboral en mi empresa?<\/a><\/li><li class='ez-toc-page-1 ez-toc-heading-level-3'><a class=\"ez-toc-link ez-toc-heading-9\" href=\"https:\/\/dudasytextos.com\/causasde\/causas-de-baja-laboral-en-espana\/#%C2%BFQue_puedo_hacer_si_me_siento_sobrecargado_en_mi_trabajo\" >\u00bfQu\u00e9 puedo hacer si me siento sobrecargado en mi trabajo?<\/a><\/li><\/ul><\/li><\/ul><\/nav><\/div>\n<h2><span class=\"ez-toc-section\" id=\"Causas_de_baja_laboral_en_Espana\"><\/span>Causas de baja laboral en Espa\u00f1a<span class=\"ez-toc-section-end\"><\/span><\/h2>\n<h2><span class=\"ez-toc-section\" id=\"Por_Ana_Gonzalez\"><\/span>Por Ana Gonz\u00e1lez<span class=\"ez-toc-section-end\"><\/span><\/h2>\n<section>\n<h2><span class=\"ez-toc-section\" id=\"Curiosidades_y_estadisticas\"><\/span>Curiosidades y estad\u00edsticas<span class=\"ez-toc-section-end\"><\/span><\/h2>\n<ul>\n<li>En Espa\u00f1a, el n\u00famero de bajas laborales se ha incrementado en los \u00faltimos a\u00f1os debido a diversos factores.<\/li>\n<li>Seg\u00fan un estudio realizado por el Ministerio de Trabajo, las causas m\u00e1s frecuentes de baja laboral son las enfermedades comunes, seguidas de las enfermedades profesionales y los accidentes laborales.<\/li>\n<li>En el sector de la construcci\u00f3n, las lesiones musculoesquel\u00e9ticas son la principal causa de baja laboral.<\/li>\n<li>En el sector sanitario, las enfermedades infecciosas son la principal causa de baja laboral.<\/li>\n<li>El absentismo laboral supone un coste anual de m\u00e1s de 50.000 millones de euros para las empresas espa\u00f1olas.<\/li>\n<\/ul>\n<\/section>\n<section>\n<h2><span class=\"ez-toc-section\" id=\"Mis_experiencias_en_primera_persona\"><\/span>Mis experiencias en primera persona<span class=\"ez-toc-section-end\"><\/span><\/h2>\n<p>Como trabajadora en el sector de la hosteler\u00eda, he sufrido en primera persona diversas causas de baja laboral. Una de las m\u00e1s frecuentes es la gastroenteritis, que suele afectar a muchos compa\u00f1eros de trabajo y que nos obliga a faltar varios d\u00edas al trabajo. Tambi\u00e9n he sufrido lesiones musculares debido a la carga y descarga de peso en el trabajo.<\/p>\n<p>Por otro lado, he trabajado en una empresa en la que el absentismo laboral era muy elevado debido a la falta de motivaci\u00f3n y al mal ambiente laboral. Esto repercut\u00eda negativamente en la productividad y en el clima laboral de la empresa.<\/p>\n<\/section>\n<section>\n<h2><span class=\"ez-toc-section\" id=\"Opiniones_y_analisis_de_datos\"><\/span>Opiniones y an\u00e1lisis de datos<span class=\"ez-toc-section-end\"><\/span><\/h2>\n<p>Las causas de baja laboral en Espa\u00f1a son diversas y est\u00e1n relacionadas con factores tanto individuales como empresariales. Es importante que las empresas tomen medidas para prevenir las enfermedades profesionales y los accidentes laborales, as\u00ed como para mejorar el clima laboral y la motivaci\u00f3n de los trabajadores. Adem\u00e1s, es fundamental que se promueva un estilo de vida saludable entre los trabajadores, fomentando la actividad f\u00edsica y la alimentaci\u00f3n saludable.<\/p>\n<p>Por otro lado, es importante destacar que el absentismo laboral no siempre est\u00e1 relacionado con la falta de compromiso del trabajador. En muchos casos, puede ser consecuencia de un mal ambiente laboral o de una sobrecarga de trabajo que afecta a la salud de los trabajadores.<\/p>\n<p>Es necesario que las empresas tomen medidas para reducir el absentismo laboral, como por ejemplo, mejorar el clima laboral, fomentar la flexibilidad horaria, ofrecer incentivos a los trabajadores, etc.<\/p>\n<\/section>\n<section>\n<h2><span class=\"ez-toc-section\" id=\"Preguntas_frecuentes\"><\/span>Preguntas frecuentes<span class=\"ez-toc-section-end\"><\/span><\/h2>\n<h3><span class=\"ez-toc-section\" id=\"%C2%BFQue_puedo_hacer_para_prevenir_las_enfermedades_profesionales\"><\/span>\u00bfQu\u00e9 puedo hacer para prevenir las enfermedades profesionales?<span class=\"ez-toc-section-end\"><\/span><\/h3>\n<p>Es importante que sigas las medidas de prevenci\u00f3n establecidas por tu empresa, como por ejemplo, el uso de equipos de protecci\u00f3n individual. Adem\u00e1s, es importante que adoptes un estilo de vida saludable, con una alimentaci\u00f3n equilibrada y la pr\u00e1ctica regular de actividad f\u00edsica.<\/p>\n<h3><span class=\"ez-toc-section\" id=\"%C2%BFComo_puedo_mejorar_el_clima_laboral_en_mi_empresa\"><\/span>\u00bfC\u00f3mo puedo mejorar el clima laboral en mi empresa?<span class=\"ez-toc-section-end\"><\/span><\/h3>\n<p>Es importante fomentar el di\u00e1logo y la comunicaci\u00f3n entre los trabajadores, promover un ambiente de respeto y confianza, y ofrecer incentivos que motiven a los trabajadores.<\/p>\n<h3><span class=\"ez-toc-section\" id=\"%C2%BFQue_puedo_hacer_si_me_siento_sobrecargado_en_mi_trabajo\"><\/span>\u00bfQu\u00e9 puedo hacer si me siento sobrecargado en mi trabajo?<span class=\"ez-toc-section-end\"><\/span><\/h3>\n<p>Es importante hablar con tu superior y expresar tus preocupaciones. En muchas ocasiones, se pueden establecer medidas para reducir la carga de trabajo o para mejorar la organizaci\u00f3n del mismo.<\/p>\n<\/section>\n<footer>\n<p>\u00a9 Ana Gonz\u00e1lez &#8211; Todos los derechos reservados<\/p>\n<\/footer>\n","protected":false},"excerpt":{"rendered":"<p>Causas de baja laboral en Espa\u00f1a Por Ana Gonz\u00e1lez Curiosidades y estad\u00edsticas En Espa\u00f1a, el n\u00famero de bajas laborales se ha incrementado en los \u00faltimos a\u00f1os debido a diversos factores. Seg\u00fan un estudio realizado por el Ministerio de Trabajo, las causas m\u00e1s frecuentes de baja laboral son las enfermedades comunes, seguidas de las enfermedades profesionales &#8230; <a title=\"Causas de baja laboral en espa\u00f1a\" class=\"read-more\" href=\"https:\/\/dudasytextos.com\/causasde\/causas-de-baja-laboral-en-espana\/\" aria-label=\"M\u00e1s en Causas de baja laboral en espa\u00f1a\">Leer m\u00e1s<\/a><\/p>\n","protected":false},"author":1,"featured_media":0,"comment_status":"open","ping_status":"open","sticky":false,"template":"","format":"standard","meta":{"footnotes":""},"categories":[4,10],"tags":[],"class_list":["post-164014","post","type-post","status-publish","format-standard","hentry","category-conoce-las-causas","category-en-espana"],"aioseo_notices":[],"aioseo_head":"\n\t\t<!-- All in One SEO 5.0.1.1 - aioseo.com -->\n\t<meta name=\"description\" content=\"Causas de baja laboral en Espa\u00f1a Por Ana Gonz\u00e1lez Curiosidades y estad\u00edsticas En Espa\u00f1a, el n\u00famero de bajas laborales se ha incrementado en los \u00faltimos a\u00f1os debido a diversos factores. Seg\u00fan un estudio realizado por el Ministerio de Trabajo, las causas m\u00e1s frecuentes de baja laboral son las enfermedades comunes, seguidas de las enfermedades profesionales\" \/>\n\t<meta name=\"robots\" content=\"max-snippet:-1, max-image-preview:large, max-video-preview:-1\" \/>\n\t<meta name=\"author\" content=\"Ana Gonz\u00e1lez\"\/>\n\t<link rel=\"canonical\" href=\"https:\/\/dudasytextos.com\/causasde\/causas-de-baja-laboral-en-espana\/\" \/>\n\t<meta name=\"generator\" content=\"All in One SEO (AIOSEO) 5.0.1.1\" \/>\n\n\t\t<!-- Google tag (gtag.js) -->\n<script async src=\"https:\/\/www.googletagmanager.com\/gtag\/js?id=G-1RZBHH3Z7E\"><\/script>\n<script>\n  window.dataLayer = window.dataLayer || [];\n  function gtag(){dataLayer.push(arguments);}\n  gtag('js', new Date());\n\n  gtag('config', 'G-1RZBHH3Z7E');\n<\/script>\n<script async src=\"https:\/\/pagead2.googlesyndication.com\/pagead\/js\/adsbygoogle.js?client=ca-pub-3987500858204711\"\n     crossorigin=\"anonymous\"><\/script>\n\t\t<meta property=\"og:locale\" content=\"es_ES\" \/>\n\t\t<meta property=\"og:site_name\" content=\"Conoce las causas - Conoce las causas\" \/>\n\t\t<meta property=\"og:type\" content=\"article\" \/>\n\t\t<meta property=\"og:title\" content=\"Causas de baja laboral en espa\u00f1a (2026) Conoce las causas\" \/>\n\t\t<meta property=\"og:description\" content=\"Causas de baja laboral en Espa\u00f1a Por Ana Gonz\u00e1lez Curiosidades y estad\u00edsticas En Espa\u00f1a, el n\u00famero de bajas laborales se ha incrementado en los \u00faltimos a\u00f1os debido a diversos factores. Seg\u00fan un estudio realizado por el Ministerio de Trabajo, las causas m\u00e1s frecuentes de baja laboral son las enfermedades comunes, seguidas de las enfermedades profesionales\" \/>\n\t\t<meta property=\"og:url\" content=\"https:\/\/dudasytextos.com\/causasde\/causas-de-baja-laboral-en-espana\/\" \/>\n\t\t<meta property=\"article:published_time\" content=\"2025-02-18T01:33:37+00:00\" \/>\n\t\t<meta property=\"article:modified_time\" content=\"2025-03-12T15:51:12+00:00\" \/>\n\t\t<meta name=\"twitter:card\" content=\"summary_large_image\" \/>\n\t\t<meta name=\"twitter:title\" content=\"Causas de baja laboral en espa\u00f1a (2026) Conoce las causas\" \/>\n\t\t<meta name=\"twitter:description\" content=\"Causas de baja laboral en Espa\u00f1a Por Ana Gonz\u00e1lez Curiosidades y estad\u00edsticas En Espa\u00f1a, el n\u00famero de bajas laborales se ha incrementado en los \u00faltimos a\u00f1os debido a diversos factores. Seg\u00fan un estudio realizado por el Ministerio de Trabajo, las causas m\u00e1s frecuentes de baja laboral son las enfermedades comunes, seguidas de las enfermedades profesionales\" \/>\n\t\t<script type=\"application\/ld+json\" class=\"aioseo-schema\">\n\t\t\t{\"@context\":\"https:\\\/\\\/schema.org\",\"@graph\":[{\"@type\":\"BlogPosting\",\"@id\":\"https:\\\/\\\/dudasytextos.com\\\/causasde\\\/causas-de-baja-laboral-en-espana\\\/#blogposting\",\"name\":\"Causas de baja laboral en espa\\u00f1a (2026) Conoce las causas\",\"headline\":\"Causas de baja laboral en espa\\u00f1a\",\"author\":{\"@id\":\"https:\\\/\\\/dudasytextos.com\\\/causasde\\\/author\\\/admin44\\\/#author\"},\"publisher\":{\"@id\":\"https:\\\/\\\/dudasytextos.com\\\/causasde\\\/#organization\"},\"datePublished\":\"2025-02-18T01:33:37+00:00\",\"dateModified\":\"2025-03-12T15:51:12+00:00\",\"inLanguage\":\"es-ES\",\"mainEntityOfPage\":{\"@id\":\"https:\\\/\\\/dudasytextos.com\\\/causasde\\\/causas-de-baja-laboral-en-espana\\\/#webpage\"},\"isPartOf\":{\"@id\":\"https:\\\/\\\/dudasytextos.com\\\/causasde\\\/causas-de-baja-laboral-en-espana\\\/#webpage\"},\"articleSection\":\"Conoce las causas, En Espa\\u00f1a\"},{\"@type\":\"BreadcrumbList\",\"@id\":\"https:\\\/\\\/dudasytextos.com\\\/causasde\\\/causas-de-baja-laboral-en-espana\\\/#breadcrumblist\",\"itemListElement\":[{\"@type\":\"ListItem\",\"@id\":\"https:\\\/\\\/dudasytextos.com\\\/causasde#listItem\",\"position\":1,\"name\":\"Inicio\",\"item\":\"https:\\\/\\\/dudasytextos.com\\\/causasde\",\"nextItem\":{\"@type\":\"ListItem\",\"@id\":\"https:\\\/\\\/dudasytextos.com\\\/causasde\\\/category\\\/conoce-las-causas\\\/#listItem\",\"name\":\"Conoce las causas\"}},{\"@type\":\"ListItem\",\"@id\":\"https:\\\/\\\/dudasytextos.com\\\/causasde\\\/category\\\/conoce-las-causas\\\/#listItem\",\"position\":2,\"name\":\"Conoce las causas\",\"item\":\"https:\\\/\\\/dudasytextos.com\\\/causasde\\\/category\\\/conoce-las-causas\\\/\",\"nextItem\":{\"@type\":\"ListItem\",\"@id\":\"https:\\\/\\\/dudasytextos.com\\\/causasde\\\/causas-de-baja-laboral-en-espana\\\/#listItem\",\"name\":\"Causas de baja laboral en espa\\u00f1a\"},\"previousItem\":{\"@type\":\"ListItem\",\"@id\":\"https:\\\/\\\/dudasytextos.com\\\/causasde#listItem\",\"name\":\"Inicio\"}},{\"@type\":\"ListItem\",\"@id\":\"https:\\\/\\\/dudasytextos.com\\\/causasde\\\/causas-de-baja-laboral-en-espana\\\/#listItem\",\"position\":3,\"name\":\"Causas de baja laboral en espa\\u00f1a\",\"previousItem\":{\"@type\":\"ListItem\",\"@id\":\"https:\\\/\\\/dudasytextos.com\\\/causasde\\\/category\\\/conoce-las-causas\\\/#listItem\",\"name\":\"Conoce las causas\"}}]},{\"@type\":\"Organization\",\"@id\":\"https:\\\/\\\/dudasytextos.com\\\/causasde\\\/#organization\",\"name\":\"\\u00bfC\\u00f3mo funciona?\",\"description\":\"Conoce las causas\",\"url\":\"https:\\\/\\\/dudasytextos.com\\\/causasde\\\/\"},{\"@type\":\"Person\",\"@id\":\"https:\\\/\\\/dudasytextos.com\\\/causasde\\\/author\\\/admin44\\\/#author\",\"url\":\"https:\\\/\\\/dudasytextos.com\\\/causasde\\\/author\\\/admin44\\\/\",\"name\":\"Ana Gonz\\u00e1lez\"},{\"@type\":\"WebPage\",\"@id\":\"https:\\\/\\\/dudasytextos.com\\\/causasde\\\/causas-de-baja-laboral-en-espana\\\/#webpage\",\"url\":\"https:\\\/\\\/dudasytextos.com\\\/causasde\\\/causas-de-baja-laboral-en-espana\\\/\",\"name\":\"Causas de baja laboral en espa\\u00f1a (2026) Conoce las causas\",\"description\":\"Causas de baja laboral en Espa\\u00f1a Por Ana Gonz\\u00e1lez Curiosidades y estad\\u00edsticas En Espa\\u00f1a, el n\\u00famero de bajas laborales se ha incrementado en los \\u00faltimos a\\u00f1os debido a diversos factores. Seg\\u00fan un estudio realizado por el Ministerio de Trabajo, las causas m\\u00e1s frecuentes de baja laboral son las enfermedades comunes, seguidas de las enfermedades profesionales\",\"inLanguage\":\"es-ES\",\"isPartOf\":{\"@id\":\"https:\\\/\\\/dudasytextos.com\\\/causasde\\\/#website\"},\"breadcrumb\":{\"@id\":\"https:\\\/\\\/dudasytextos.com\\\/causasde\\\/causas-de-baja-laboral-en-espana\\\/#breadcrumblist\"},\"author\":{\"@id\":\"https:\\\/\\\/dudasytextos.com\\\/causasde\\\/author\\\/admin44\\\/#author\"},\"creator\":{\"@id\":\"https:\\\/\\\/dudasytextos.com\\\/causasde\\\/author\\\/admin44\\\/#author\"},\"datePublished\":\"2025-02-18T01:33:37+00:00\",\"dateModified\":\"2025-03-12T15:51:12+00:00\"},{\"@type\":\"WebSite\",\"@id\":\"https:\\\/\\\/dudasytextos.com\\\/causasde\\\/#website\",\"url\":\"https:\\\/\\\/dudasytextos.com\\\/causasde\\\/\",\"name\":\"\\u00bfC\\u00f3mo funciona?\",\"description\":\"Conoce las causas\",\"inLanguage\":\"es-ES\",\"publisher\":{\"@id\":\"https:\\\/\\\/dudasytextos.com\\\/causasde\\\/#organization\"}}]}\n\t\t<\/script>\n\t\t<!-- All in One SEO -->\n\n","aioseo_head_json":{"title":"Causas de baja laboral en espa\u00f1a (2026) Conoce las causas","description":"Causas de baja laboral en Espa\u00f1a Por Ana Gonz\u00e1lez Curiosidades y estad\u00edsticas En Espa\u00f1a, el n\u00famero de bajas laborales se ha incrementado en los \u00faltimos a\u00f1os debido a diversos factores. Seg\u00fan un estudio realizado por el Ministerio de Trabajo, las causas m\u00e1s frecuentes de baja laboral son las enfermedades comunes, seguidas de las enfermedades profesionales","canonical_url":"https:\/\/dudasytextos.com\/causasde\/causas-de-baja-laboral-en-espana\/","robots":"max-snippet:-1, max-image-preview:large, max-video-preview:-1","keywords":"","webmasterTools":{"miscellaneous":"&lt;!-- Google tag (gtag.js) --&gt;\n&lt;script async src=\"https:\/\/www.googletagmanager.com\/gtag\/js?id=G-1RZBHH3Z7E\"&gt;&lt;\/script&gt;\n&lt;script&gt;\n  window.dataLayer = window.dataLayer || [];\n  function gtag(){dataLayer.push(arguments);}\n  gtag('js', new Date());\n\n  gtag('config', 'G-1RZBHH3Z7E');\n&lt;\/script&gt;\n&lt;script async src=\"https:\/\/pagead2.googlesyndication.com\/pagead\/js\/adsbygoogle.js?client=ca-pub-3987500858204711\"\n     crossorigin=\"anonymous\"&gt;&lt;\/script&gt;"},"schema":{"@context":"https:\/\/schema.org","@graph":[{"@type":"BlogPosting","@id":"https:\/\/dudasytextos.com\/causasde\/causas-de-baja-laboral-en-espana\/#blogposting","name":"Causas de baja laboral en espa\u00f1a (2026) Conoce las causas","headline":"Causas de baja laboral en espa\u00f1a","author":{"@id":"https:\/\/dudasytextos.com\/causasde\/author\/admin44\/#author"},"publisher":{"@id":"https:\/\/dudasytextos.com\/causasde\/#organization"},"datePublished":"2025-02-18T01:33:37+00:00","dateModified":"2025-03-12T15:51:12+00:00","inLanguage":"es-ES","mainEntityOfPage":{"@id":"https:\/\/dudasytextos.com\/causasde\/causas-de-baja-laboral-en-espana\/#webpage"},"isPartOf":{"@id":"https:\/\/dudasytextos.com\/causasde\/causas-de-baja-laboral-en-espana\/#webpage"},"articleSection":"Conoce las causas, En Espa\u00f1a"},{"@type":"BreadcrumbList","@id":"https:\/\/dudasytextos.com\/causasde\/causas-de-baja-laboral-en-espana\/#breadcrumblist","itemListElement":[{"@type":"ListItem","@id":"https:\/\/dudasytextos.com\/causasde#listItem","position":1,"name":"Inicio","item":"https:\/\/dudasytextos.com\/causasde","nextItem":{"@type":"ListItem","@id":"https:\/\/dudasytextos.com\/causasde\/category\/conoce-las-causas\/#listItem","name":"Conoce las causas"}},{"@type":"ListItem","@id":"https:\/\/dudasytextos.com\/causasde\/category\/conoce-las-causas\/#listItem","position":2,"name":"Conoce las causas","item":"https:\/\/dudasytextos.com\/causasde\/category\/conoce-las-causas\/","nextItem":{"@type":"ListItem","@id":"https:\/\/dudasytextos.com\/causasde\/causas-de-baja-laboral-en-espana\/#listItem","name":"Causas de baja laboral en espa\u00f1a"},"previousItem":{"@type":"ListItem","@id":"https:\/\/dudasytextos.com\/causasde#listItem","name":"Inicio"}},{"@type":"ListItem","@id":"https:\/\/dudasytextos.com\/causasde\/causas-de-baja-laboral-en-espana\/#listItem","position":3,"name":"Causas de baja laboral en espa\u00f1a","previousItem":{"@type":"ListItem","@id":"https:\/\/dudasytextos.com\/causasde\/category\/conoce-las-causas\/#listItem","name":"Conoce las causas"}}]},{"@type":"Organization","@id":"https:\/\/dudasytextos.com\/causasde\/#organization","name":"\u00bfC\u00f3mo funciona?","description":"Conoce las causas","url":"https:\/\/dudasytextos.com\/causasde\/"},{"@type":"Person","@id":"https:\/\/dudasytextos.com\/causasde\/author\/admin44\/#author","url":"https:\/\/dudasytextos.com\/causasde\/author\/admin44\/","name":"Ana Gonz\u00e1lez"},{"@type":"WebPage","@id":"https:\/\/dudasytextos.com\/causasde\/causas-de-baja-laboral-en-espana\/#webpage","url":"https:\/\/dudasytextos.com\/causasde\/causas-de-baja-laboral-en-espana\/","name":"Causas de baja laboral en espa\u00f1a (2026) Conoce las causas","description":"Causas de baja laboral en Espa\u00f1a Por Ana Gonz\u00e1lez Curiosidades y estad\u00edsticas En Espa\u00f1a, el n\u00famero de bajas laborales se ha incrementado en los \u00faltimos a\u00f1os debido a diversos factores. Seg\u00fan un estudio realizado por el Ministerio de Trabajo, las causas m\u00e1s frecuentes de baja laboral son las enfermedades comunes, seguidas de las enfermedades profesionales","inLanguage":"es-ES","isPartOf":{"@id":"https:\/\/dudasytextos.com\/causasde\/#website"},"breadcrumb":{"@id":"https:\/\/dudasytextos.com\/causasde\/causas-de-baja-laboral-en-espana\/#breadcrumblist"},"author":{"@id":"https:\/\/dudasytextos.com\/causasde\/author\/admin44\/#author"},"creator":{"@id":"https:\/\/dudasytextos.com\/causasde\/author\/admin44\/#author"},"datePublished":"2025-02-18T01:33:37+00:00","dateModified":"2025-03-12T15:51:12+00:00"},{"@type":"WebSite","@id":"https:\/\/dudasytextos.com\/causasde\/#website","url":"https:\/\/dudasytextos.com\/causasde\/","name":"\u00bfC\u00f3mo funciona?","description":"Conoce las causas","inLanguage":"es-ES","publisher":{"@id":"https:\/\/dudasytextos.com\/causasde\/#organization"}}]},"og:locale":"es_ES","og:site_name":"Conoce las causas - Conoce las causas","og:type":"article","og:title":"Causas de baja laboral en espa\u00f1a (2026) Conoce las causas","og:description":"Causas de baja laboral en Espa\u00f1a Por Ana Gonz\u00e1lez Curiosidades y estad\u00edsticas En Espa\u00f1a, el n\u00famero de bajas laborales se ha incrementado en los \u00faltimos a\u00f1os debido a diversos factores. Seg\u00fan un estudio realizado por el Ministerio de Trabajo, las causas m\u00e1s frecuentes de baja laboral son las enfermedades comunes, seguidas de las enfermedades profesionales","og:url":"https:\/\/dudasytextos.com\/causasde\/causas-de-baja-laboral-en-espana\/","article:published_time":"2025-02-18T01:33:37+00:00","article:modified_time":"2025-03-12T15:51:12+00:00","twitter:card":"summary_large_image","twitter:title":"Causas de baja laboral en espa\u00f1a (2026) Conoce las causas","twitter:description":"Causas de baja laboral en Espa\u00f1a Por Ana Gonz\u00e1lez Curiosidades y estad\u00edsticas En Espa\u00f1a, el n\u00famero de bajas laborales se ha incrementado en los \u00faltimos a\u00f1os debido a diversos factores. Seg\u00fan un estudio realizado por el Ministerio de Trabajo, las causas m\u00e1s frecuentes de baja laboral son las enfermedades comunes, seguidas de las enfermedades profesionales"},"aioseo_meta_data":{"post_id":"164014","title":null,"description":null,"keywords":null,"keyphrases":null,"primary_term":null,"canonical_url":null,"og_title":null,"og_description":null,"og_object_type":"default","og_image_type":"default","og_image_url":null,"og_image_width":null,"og_image_height":null,"og_image_custom_url":null,"og_image_custom_fields":null,"og_video":null,"og_custom_url":null,"og_article_section":null,"og_article_tags":null,"twitter_use_og":false,"twitter_card":"default","twitter_image_type":"default","twitter_image_url":null,"twitter_image_custom_url":null,"twitter_image_custom_fields":null,"twitter_title":null,"twitter_description":null,"schema":{"blockGraphs":[],"customGraphs":[],"default":{"data":{"Article":[],"Course":[],"Dataset":[],"FAQPage":[],"Movie":[],"Person":[],"Product":[],"ProductReview":[],"Car":[],"Recipe":[],"Service":[],"SoftwareApplication":[],"WebPage":[]},"graphName":"","isEnabled":true},"graphs":[]},"schema_type":"default","schema_type_options":null,"pillar_content":false,"robots_default":true,"robots_noindex":false,"robots_noarchive":false,"robots_nosnippet":false,"robots_nofollow":false,"robots_noimageindex":false,"robots_noodp":false,"robots_notranslate":false,"robots_max_snippet":null,"robots_max_videopreview":null,"robots_max_imagepreview":"large","priority":null,"frequency":null,"local_seo":null,"breadcrumb_settings":null,"limit_modified_date":false,"ai":null,"created":"2023-05-12 11:27:43","updated":"2025-06-03 22:26:23","seo_analyzer_scan_date":null,"focus_keyword":null,"additional_keywords":null,"truseo_locale":null},"aioseo_breadcrumb":"<div class=\"aioseo-breadcrumbs\"><span class=\"aioseo-breadcrumb\">\n\t\t\t<a href=\"https:\/\/dudasytextos.com\/causasde\" title=\"Inicio\">Inicio<\/a>\n\t\t<\/span><span class=\"aioseo-breadcrumb-separator\">&raquo;<\/span><span class=\"aioseo-breadcrumb\">\n\t\t\t<a href=\"https:\/\/dudasytextos.com\/causasde\/category\/conoce-las-causas\/\" title=\"Conoce las causas\">Conoce las causas<\/a>\n\t\t<\/span><span class=\"aioseo-breadcrumb-separator\">&raquo;<\/span><span class=\"aioseo-breadcrumb\">\n\t\t\tCausas de baja laboral en espa\u00f1a\n\t\t<\/span><\/div>","aioseo_breadcrumb_json":[{"label":"Inicio","link":"https:\/\/dudasytextos.com\/causasde"},{"label":"Conoce las causas","link":"https:\/\/dudasytextos.com\/causasde\/category\/conoce-las-causas\/"},{"label":"Causas de baja laboral en espa\u00f1a","link":"https:\/\/dudasytextos.com\/causasde\/causas-de-baja-laboral-en-espana\/"}],"_links":{"self":[{"href":"https:\/\/dudasytextos.com\/causasde\/wp-json\/wp\/v2\/posts\/164014","targetHints":{"allow":["GET"]}}],"collection":[{"href":"https:\/\/dudasytextos.com\/causasde\/wp-json\/wp\/v2\/posts"}],"about":[{"href":"https:\/\/dudasytextos.com\/causasde\/wp-json\/wp\/v2\/types\/post"}],"author":[{"embeddable":true,"href":"https:\/\/dudasytextos.com\/causasde\/wp-json\/wp\/v2\/users\/1"}],"replies":[{"embeddable":true,"href":"https:\/\/dudasytextos.com\/causasde\/wp-json\/wp\/v2\/comments?post=164014"}],"version-history":[{"count":1,"href":"https:\/\/dudasytextos.com\/causasde\/wp-json\/wp\/v2\/posts\/164014\/revisions"}],"predecessor-version":[{"id":164566,"href":"https:\/\/dudasytextos.com\/causasde\/wp-json\/wp\/v2\/posts\/164014\/revisions\/164566"}],"wp:attachment":[{"href":"https:\/\/dudasytextos.com\/causasde\/wp-json\/wp\/v2\/media?parent=164014"}],"wp:term":[{"taxonomy":"category","embeddable":true,"href":"https:\/\/dudasytextos.com\/causasde\/wp-json\/wp\/v2\/categories?post=164014"},{"taxonomy":"post_tag","embeddable":true,"href":"https:\/\/dudasytextos.com\/causasde\/wp-json\/wp\/v2\/tags?post=164014"}],"curies":[{"name":"wp","href":"https:\/\/api.w.org\/{rel}","templated":true}]}}