{"id":134837,"date":"2025-03-10T06:06:33","date_gmt":"2025-03-10T06:06:33","guid":{"rendered":"https:\/\/educacion.cc\/?p=134837"},"modified":"2025-03-12T16:59:02","modified_gmt":"2025-03-12T16:59:02","slug":"como-saber-a-que-grupo-profesional-pertenezco","status":"publish","type":"post","link":"https:\/\/dudasytextos.com\/como-saber\/como-saber-a-que-grupo-profesional-pertenezco\/","title":{"rendered":"C\u00f3mo saber a que grupo profesional pertenezco"},"content":{"rendered":"<div id=\"ez-toc-container\" class=\"ez-toc-v2_0_87 counter-hierarchy ez-toc-counter ez-toc-custom ez-toc-container-direction\">\n<div class=\"ez-toc-title-container\">\n<span class=\"ez-toc-title-toggle\"><\/span><\/div>\n<nav><ul class='ez-toc-list ez-toc-list-level-1 ' ><li class='ez-toc-page-1 ez-toc-heading-level-2'><a class=\"ez-toc-link ez-toc-heading-1\" href=\"https:\/\/dudasytextos.com\/como-saber\/como-saber-a-que-grupo-profesional-pertenezco\/#%C2%BFComo_saber_a_que_grupo_profesional_pertenezco\" >\u00bfC\u00f3mo saber a qu\u00e9 grupo profesional pertenezco?<\/a><\/li><li class='ez-toc-page-1 ez-toc-heading-level-2'><a class=\"ez-toc-link ez-toc-heading-2\" href=\"https:\/\/dudasytextos.com\/como-saber\/como-saber-a-que-grupo-profesional-pertenezco\/#Curiosidades_y_datos_interesantes\" >Curiosidades y datos interesantes<\/a><\/li><li class='ez-toc-page-1 ez-toc-heading-level-2'><a class=\"ez-toc-link ez-toc-heading-3\" href=\"https:\/\/dudasytextos.com\/como-saber\/como-saber-a-que-grupo-profesional-pertenezco\/#%C2%BFQue_es_un_grupo_profesional\" >\u00bfQu\u00e9 es un grupo profesional?<\/a><\/li><li class='ez-toc-page-1 ez-toc-heading-level-2'><a class=\"ez-toc-link ez-toc-heading-4\" href=\"https:\/\/dudasytextos.com\/como-saber\/como-saber-a-que-grupo-profesional-pertenezco\/#%C2%BFComo_saber_a_que_grupo_profesional_pertenezco-2\" >\u00bfC\u00f3mo saber a qu\u00e9 grupo profesional pertenezco?<\/a><\/li><li class='ez-toc-page-1 ez-toc-heading-level-2'><a class=\"ez-toc-link ez-toc-heading-5\" href=\"https:\/\/dudasytextos.com\/como-saber\/como-saber-a-que-grupo-profesional-pertenezco\/#Experiencias_personales\" >Experiencias personales<\/a><\/li><li class='ez-toc-page-1 ez-toc-heading-level-2'><a class=\"ez-toc-link ez-toc-heading-6\" href=\"https:\/\/dudasytextos.com\/como-saber\/como-saber-a-que-grupo-profesional-pertenezco\/#Preguntas_frecuentes\" >Preguntas frecuentes<\/a><\/li><\/ul><\/nav><\/div>\n<h2><span class=\"ez-toc-section\" id=\"%C2%BFComo_saber_a_que_grupo_profesional_pertenezco\"><\/span>\u00bfC\u00f3mo saber a qu\u00e9 grupo profesional pertenezco?<span class=\"ez-toc-section-end\"><\/span><\/h2>\n<section>\n<h2><span class=\"ez-toc-section\" id=\"Curiosidades_y_datos_interesantes\"><\/span>Curiosidades y datos interesantes<span class=\"ez-toc-section-end\"><\/span><\/h2>\n<ul>\n<li>En Espa\u00f1a existen m\u00e1s de 20 grupos profesionales diferentes.<\/li>\n<li>La pertenencia a un grupo profesional puede afectar a la cotizaci\u00f3n a la Seguridad Social, el salario y la carrera profesional.<\/li>\n<li>La Orden Ministerial ESS\/214\/2018 establece los grupos profesionales en Espa\u00f1a.<\/li>\n<\/ul>\n<\/section>\n<section>\n<h2><span class=\"ez-toc-section\" id=\"%C2%BFQue_es_un_grupo_profesional\"><\/span>\u00bfQu\u00e9 es un grupo profesional?<span class=\"ez-toc-section-end\"><\/span><\/h2>\n<p>Un grupo profesional es una categor\u00eda laboral que agrupa a empleados con tareas y conocimientos similares. La pertenencia a un grupo profesional se basa en el convenio colectivo de la empresa o la actividad laboral que se realiza. <\/p>\n<p>El grupo profesional determina la categor\u00eda laboral y las funciones que se pueden realizar. Adem\u00e1s, tambi\u00e9n puede influir en aspectos como el salario, la cotizaci\u00f3n a la Seguridad Social o la carrera profesional dentro de la empresa.<\/p>\n<\/section>\n<section>\n<h2><span class=\"ez-toc-section\" id=\"%C2%BFComo_saber_a_que_grupo_profesional_pertenezco-2\"><\/span>\u00bfC\u00f3mo saber a qu\u00e9 grupo profesional pertenezco?<span class=\"ez-toc-section-end\"><\/span><\/h2>\n<p>Para saber a qu\u00e9 grupo profesional perteneces, debes consultar el convenio colectivo de tu empresa o actividad laboral. En este documento se indican las categor\u00edas laborales y las funciones correspondientes a cada grupo profesional.<\/p>\n<p>Si no tienes acceso al convenio colectivo o no est\u00e1s seguro de a qu\u00e9 grupo perteneces, puedes consultar con tu departamento de recursos humanos o el sindicato correspondiente.<\/p>\n<p>Es importante conocer a qu\u00e9 grupo profesional perteneces, ya que puede afectar a aspectos como el salario, la cotizaci\u00f3n a la Seguridad Social o la promoci\u00f3n dentro de la empresa.<\/p>\n<\/section>\n<section>\n<h2><span class=\"ez-toc-section\" id=\"Experiencias_personales\"><\/span>Experiencias personales<span class=\"ez-toc-section-end\"><\/span><\/h2>\n<p>Cuando empec\u00e9 a trabajar en una empresa, no ten\u00eda claro a qu\u00e9 grupo profesional pertenec\u00eda. Consult\u00e9 el convenio colectivo y habl\u00e9 con mi departamento de recursos humanos para aclarar mis dudas. Gracias a ello, pude conocer mis funciones y responsabilidades dentro de la empresa y planificar mi carrera profesional.<\/p>\n<p>Adem\u00e1s, al cambiar de empresa, tuve que volver a consultar el convenio colectivo para saber a qu\u00e9 grupo profesional pertenec\u00eda en mi nuevo puesto. Aunque puede parecer un tr\u00e1mite tedioso, es importante conocer esta informaci\u00f3n para tener una visi\u00f3n completa de nuestro trabajo y nuestras posibilidades de crecimiento.<\/p>\n<\/section>\n<section>\n<h2><span class=\"ez-toc-section\" id=\"Preguntas_frecuentes\"><\/span>Preguntas frecuentes<span class=\"ez-toc-section-end\"><\/span><\/h2>\n<dl>\n<dt>\u00bfPuedo cambiar de grupo profesional?<\/dt>\n<dd>Depende del convenio colectivo de tu empresa o actividad laboral. En algunos casos, es posible cambiar de grupo profesional mediante la formaci\u00f3n o la experiencia en nuevas tareas. En otros casos, se requiere una negociaci\u00f3n con la empresa y el sindicato correspondiente.<\/dd>\n<dt>\u00bfQu\u00e9 diferencia hay entre los distintos grupos profesionales?<\/dt>\n<dd>Cada grupo profesional se define por las tareas y conocimientos necesarios para realizar un trabajo concreto. Por ejemplo, el grupo profesional de administrativo incluye a empleados que realizan tareas administrativas, mientras que el grupo profesional de t\u00e9cnico incluye a empleados que realizan tareas t\u00e9cnicas o especializadas.<\/dd>\n<dt>\u00bfQu\u00e9 beneficios puedo obtener al pertenecer a un grupo profesional?<\/dt>\n<dd>La pertenencia a un grupo profesional puede influir en aspectos como el salario, la cotizaci\u00f3n a la Seguridad Social o la promoci\u00f3n dentro de la empresa. Adem\u00e1s, tambi\u00e9n puede proporcionar una mayor estabilidad laboral y reconocimiento de las habilidades y conocimientos necesarios para realizar un trabajo concreto.<\/dd>\n<\/dl>\n<\/section>\n","protected":false},"excerpt":{"rendered":"<p>\u00bfC\u00f3mo saber a qu\u00e9 grupo profesional pertenezco? Curiosidades y datos interesantes En Espa\u00f1a existen m\u00e1s de 20 grupos profesionales diferentes. La pertenencia a un grupo profesional puede afectar a la cotizaci\u00f3n a la Seguridad Social, el salario y la carrera profesional. La Orden Ministerial ESS\/214\/2018 establece los grupos profesionales en Espa\u00f1a. \u00bfQu\u00e9 es un grupo &#8230; <a title=\"C\u00f3mo saber a que grupo profesional pertenezco\" class=\"read-more\" href=\"https:\/\/dudasytextos.com\/como-saber\/como-saber-a-que-grupo-profesional-pertenezco\/\" aria-label=\"M\u00e1s en C\u00f3mo saber a que grupo profesional pertenezco\">Leer m\u00e1s<\/a><\/p>\n","protected":false},"author":1,"featured_media":0,"comment_status":"open","ping_status":"open","sticky":false,"template":"","format":"standard","meta":{"footnotes":""},"categories":[3],"tags":[],"class_list":["post-134837","post","type-post","status-publish","format-standard","hentry","category-como-saber"],"aioseo_notices":[],"aioseo_head":"\n\t\t<!-- All in One SEO 5.0.1.1 - aioseo.com -->\n\t<meta name=\"description\" content=\"\u00bfC\u00f3mo saber a qu\u00e9 grupo profesional pertenezco? Curiosidades y datos interesantes En Espa\u00f1a existen m\u00e1s de 20 grupos profesionales diferentes. La pertenencia a un grupo profesional puede afectar a la cotizaci\u00f3n a la Seguridad Social, el salario y la carrera profesional. La Orden Ministerial ESS\/214\/2018 establece los grupos profesionales en Espa\u00f1a. \u00bfQu\u00e9 es un grupo\" \/>\n\t<meta name=\"robots\" content=\"max-snippet:-1, max-image-preview:large, max-video-preview:-1\" \/>\n\t<meta name=\"author\" content=\"Ana Gonz\u00e1lez\"\/>\n\t<link rel=\"canonical\" href=\"https:\/\/dudasytextos.com\/como-saber\/como-saber-a-que-grupo-profesional-pertenezco\/\" \/>\n\t<meta name=\"generator\" content=\"All in One SEO (AIOSEO) 5.0.1.1\" \/>\n\n\t\t<!-- Google tag (gtag.js) -->\n<script async src=\"https:\/\/www.googletagmanager.com\/gtag\/js?id=G-70CBWDK9PY\"><\/script>\n<script>\n  window.dataLayer = window.dataLayer || [];\n  function gtag(){dataLayer.push(arguments);}\n  gtag('js', new Date());\n\n  gtag('config', 'G-70CBWDK9PY');\n<\/script>\n<script async src=\"https:\/\/pagead2.googlesyndication.com\/pagead\/js\/adsbygoogle.js?client=ca-pub-3987500858204711\"\n     crossorigin=\"anonymous\"><\/script>\n\t\t<meta property=\"og:locale\" content=\"es_ES\" \/>\n\t\t<meta property=\"og:site_name\" content=\"\u00bfC\u00f3mo Saberlo? - \u00bfC\u00f3mo Saberlo?\" \/>\n\t\t<meta property=\"og:type\" content=\"article\" \/>\n\t\t<meta property=\"og:title\" content=\"C\u00f3mo saber a que grupo profesional pertenezco (2026) \u00bfC\u00f3mo Saberlo?\" \/>\n\t\t<meta property=\"og:description\" content=\"\u00bfC\u00f3mo saber a qu\u00e9 grupo profesional pertenezco? Curiosidades y datos interesantes En Espa\u00f1a existen m\u00e1s de 20 grupos profesionales diferentes. La pertenencia a un grupo profesional puede afectar a la cotizaci\u00f3n a la Seguridad Social, el salario y la carrera profesional. La Orden Ministerial ESS\/214\/2018 establece los grupos profesionales en Espa\u00f1a. \u00bfQu\u00e9 es un grupo\" \/>\n\t\t<meta property=\"og:url\" content=\"https:\/\/dudasytextos.com\/como-saber\/como-saber-a-que-grupo-profesional-pertenezco\/\" \/>\n\t\t<meta property=\"article:published_time\" content=\"2025-03-10T06:06:33+00:00\" \/>\n\t\t<meta property=\"article:modified_time\" content=\"2025-03-12T16:59:02+00:00\" \/>\n\t\t<meta name=\"twitter:card\" content=\"summary_large_image\" \/>\n\t\t<meta name=\"twitter:title\" content=\"C\u00f3mo saber a que grupo profesional pertenezco (2026) \u00bfC\u00f3mo Saberlo?\" \/>\n\t\t<meta name=\"twitter:description\" content=\"\u00bfC\u00f3mo saber a qu\u00e9 grupo profesional pertenezco? Curiosidades y datos interesantes En Espa\u00f1a existen m\u00e1s de 20 grupos profesionales diferentes. La pertenencia a un grupo profesional puede afectar a la cotizaci\u00f3n a la Seguridad Social, el salario y la carrera profesional. La Orden Ministerial ESS\/214\/2018 establece los grupos profesionales en Espa\u00f1a. \u00bfQu\u00e9 es un grupo\" \/>\n\t\t<script type=\"application\/ld+json\" class=\"aioseo-schema\">\n\t\t\t{\"@context\":\"https:\\\/\\\/schema.org\",\"@graph\":[{\"@type\":\"BlogPosting\",\"@id\":\"https:\\\/\\\/dudasytextos.com\\\/como-saber\\\/como-saber-a-que-grupo-profesional-pertenezco\\\/#blogposting\",\"name\":\"C\\u00f3mo saber a que grupo profesional pertenezco (2026) \\u00bfC\\u00f3mo Saberlo?\",\"headline\":\"C\\u00f3mo saber a que grupo profesional pertenezco\",\"author\":{\"@id\":\"https:\\\/\\\/dudasytextos.com\\\/como-saber\\\/author\\\/admin23\\\/#author\"},\"publisher\":{\"@id\":\"https:\\\/\\\/dudasytextos.com\\\/como-saber\\\/#organization\"},\"datePublished\":\"2025-03-10T06:06:33+00:00\",\"dateModified\":\"2025-03-12T16:59:02+00:00\",\"inLanguage\":\"es-ES\",\"mainEntityOfPage\":{\"@id\":\"https:\\\/\\\/dudasytextos.com\\\/como-saber\\\/como-saber-a-que-grupo-profesional-pertenezco\\\/#webpage\"},\"isPartOf\":{\"@id\":\"https:\\\/\\\/dudasytextos.com\\\/como-saber\\\/como-saber-a-que-grupo-profesional-pertenezco\\\/#webpage\"},\"articleSection\":\"\\u00bfC\\u00f3mo saber?\"},{\"@type\":\"BreadcrumbList\",\"@id\":\"https:\\\/\\\/dudasytextos.com\\\/como-saber\\\/como-saber-a-que-grupo-profesional-pertenezco\\\/#breadcrumblist\",\"itemListElement\":[{\"@type\":\"ListItem\",\"@id\":\"https:\\\/\\\/dudasytextos.com\\\/como-saber#listItem\",\"position\":1,\"name\":\"Home\",\"item\":\"https:\\\/\\\/dudasytextos.com\\\/como-saber\",\"nextItem\":{\"@type\":\"ListItem\",\"@id\":\"https:\\\/\\\/dudasytextos.com\\\/como-saber\\\/category\\\/como-saber\\\/#listItem\",\"name\":\"\\u00bfC\\u00f3mo saber?\"}},{\"@type\":\"ListItem\",\"@id\":\"https:\\\/\\\/dudasytextos.com\\\/como-saber\\\/category\\\/como-saber\\\/#listItem\",\"position\":2,\"name\":\"\\u00bfC\\u00f3mo saber?\",\"item\":\"https:\\\/\\\/dudasytextos.com\\\/como-saber\\\/category\\\/como-saber\\\/\",\"nextItem\":{\"@type\":\"ListItem\",\"@id\":\"https:\\\/\\\/dudasytextos.com\\\/como-saber\\\/como-saber-a-que-grupo-profesional-pertenezco\\\/#listItem\",\"name\":\"C\\u00f3mo saber a que grupo profesional pertenezco\"},\"previousItem\":{\"@type\":\"ListItem\",\"@id\":\"https:\\\/\\\/dudasytextos.com\\\/como-saber#listItem\",\"name\":\"Home\"}},{\"@type\":\"ListItem\",\"@id\":\"https:\\\/\\\/dudasytextos.com\\\/como-saber\\\/como-saber-a-que-grupo-profesional-pertenezco\\\/#listItem\",\"position\":3,\"name\":\"C\\u00f3mo saber a que grupo profesional pertenezco\",\"previousItem\":{\"@type\":\"ListItem\",\"@id\":\"https:\\\/\\\/dudasytextos.com\\\/como-saber\\\/category\\\/como-saber\\\/#listItem\",\"name\":\"\\u00bfC\\u00f3mo saber?\"}}]},{\"@type\":\"Organization\",\"@id\":\"https:\\\/\\\/dudasytextos.com\\\/como-saber\\\/#organization\",\"name\":\"Recipes\",\"description\":\"\\u00bfC\\u00f3mo Saberlo?\",\"url\":\"https:\\\/\\\/dudasytextos.com\\\/como-saber\\\/\"},{\"@type\":\"Person\",\"@id\":\"https:\\\/\\\/dudasytextos.com\\\/como-saber\\\/author\\\/admin23\\\/#author\",\"url\":\"https:\\\/\\\/dudasytextos.com\\\/como-saber\\\/author\\\/admin23\\\/\",\"name\":\"Ana Gonz\\u00e1lez\"},{\"@type\":\"WebPage\",\"@id\":\"https:\\\/\\\/dudasytextos.com\\\/como-saber\\\/como-saber-a-que-grupo-profesional-pertenezco\\\/#webpage\",\"url\":\"https:\\\/\\\/dudasytextos.com\\\/como-saber\\\/como-saber-a-que-grupo-profesional-pertenezco\\\/\",\"name\":\"C\\u00f3mo saber a que grupo profesional pertenezco (2026) \\u00bfC\\u00f3mo Saberlo?\",\"description\":\"\\u00bfC\\u00f3mo saber a qu\\u00e9 grupo profesional pertenezco? Curiosidades y datos interesantes En Espa\\u00f1a existen m\\u00e1s de 20 grupos profesionales diferentes. La pertenencia a un grupo profesional puede afectar a la cotizaci\\u00f3n a la Seguridad Social, el salario y la carrera profesional. La Orden Ministerial ESS\\\/214\\\/2018 establece los grupos profesionales en Espa\\u00f1a. \\u00bfQu\\u00e9 es un grupo\",\"inLanguage\":\"es-ES\",\"isPartOf\":{\"@id\":\"https:\\\/\\\/dudasytextos.com\\\/como-saber\\\/#website\"},\"breadcrumb\":{\"@id\":\"https:\\\/\\\/dudasytextos.com\\\/como-saber\\\/como-saber-a-que-grupo-profesional-pertenezco\\\/#breadcrumblist\"},\"author\":{\"@id\":\"https:\\\/\\\/dudasytextos.com\\\/como-saber\\\/author\\\/admin23\\\/#author\"},\"creator\":{\"@id\":\"https:\\\/\\\/dudasytextos.com\\\/como-saber\\\/author\\\/admin23\\\/#author\"},\"datePublished\":\"2025-03-10T06:06:33+00:00\",\"dateModified\":\"2025-03-12T16:59:02+00:00\"},{\"@type\":\"WebSite\",\"@id\":\"https:\\\/\\\/dudasytextos.com\\\/como-saber\\\/#website\",\"url\":\"https:\\\/\\\/dudasytextos.com\\\/como-saber\\\/\",\"name\":\"Recipes\",\"description\":\"\\u00bfC\\u00f3mo Saberlo?\",\"inLanguage\":\"es-ES\",\"publisher\":{\"@id\":\"https:\\\/\\\/dudasytextos.com\\\/como-saber\\\/#organization\"}}]}\n\t\t<\/script>\n\t\t<!-- All in One SEO -->\n\n","aioseo_head_json":{"title":"C\u00f3mo saber a que grupo profesional pertenezco (2026) \u00bfC\u00f3mo Saberlo?","description":"\u00bfC\u00f3mo saber a qu\u00e9 grupo profesional pertenezco? Curiosidades y datos interesantes En Espa\u00f1a existen m\u00e1s de 20 grupos profesionales diferentes. La pertenencia a un grupo profesional puede afectar a la cotizaci\u00f3n a la Seguridad Social, el salario y la carrera profesional. La Orden Ministerial ESS\/214\/2018 establece los grupos profesionales en Espa\u00f1a. \u00bfQu\u00e9 es un grupo","canonical_url":"https:\/\/dudasytextos.com\/como-saber\/como-saber-a-que-grupo-profesional-pertenezco\/","robots":"max-snippet:-1, max-image-preview:large, max-video-preview:-1","keywords":"","webmasterTools":{"miscellaneous":"&lt;!-- Google tag (gtag.js) --&gt;\n&lt;script async src=\"https:\/\/www.googletagmanager.com\/gtag\/js?id=G-70CBWDK9PY\"&gt;&lt;\/script&gt;\n&lt;script&gt;\n  window.dataLayer = window.dataLayer || [];\n  function gtag(){dataLayer.push(arguments);}\n  gtag('js', new Date());\n\n  gtag('config', 'G-70CBWDK9PY');\n&lt;\/script&gt;\n&lt;script async src=\"https:\/\/pagead2.googlesyndication.com\/pagead\/js\/adsbygoogle.js?client=ca-pub-3987500858204711\"\n     crossorigin=\"anonymous\"&gt;&lt;\/script&gt;"},"schema":{"@context":"https:\/\/schema.org","@graph":[{"@type":"BlogPosting","@id":"https:\/\/dudasytextos.com\/como-saber\/como-saber-a-que-grupo-profesional-pertenezco\/#blogposting","name":"C\u00f3mo saber a que grupo profesional pertenezco (2026) \u00bfC\u00f3mo Saberlo?","headline":"C\u00f3mo saber a que grupo profesional pertenezco","author":{"@id":"https:\/\/dudasytextos.com\/como-saber\/author\/admin23\/#author"},"publisher":{"@id":"https:\/\/dudasytextos.com\/como-saber\/#organization"},"datePublished":"2025-03-10T06:06:33+00:00","dateModified":"2025-03-12T16:59:02+00:00","inLanguage":"es-ES","mainEntityOfPage":{"@id":"https:\/\/dudasytextos.com\/como-saber\/como-saber-a-que-grupo-profesional-pertenezco\/#webpage"},"isPartOf":{"@id":"https:\/\/dudasytextos.com\/como-saber\/como-saber-a-que-grupo-profesional-pertenezco\/#webpage"},"articleSection":"\u00bfC\u00f3mo saber?"},{"@type":"BreadcrumbList","@id":"https:\/\/dudasytextos.com\/como-saber\/como-saber-a-que-grupo-profesional-pertenezco\/#breadcrumblist","itemListElement":[{"@type":"ListItem","@id":"https:\/\/dudasytextos.com\/como-saber#listItem","position":1,"name":"Home","item":"https:\/\/dudasytextos.com\/como-saber","nextItem":{"@type":"ListItem","@id":"https:\/\/dudasytextos.com\/como-saber\/category\/como-saber\/#listItem","name":"\u00bfC\u00f3mo saber?"}},{"@type":"ListItem","@id":"https:\/\/dudasytextos.com\/como-saber\/category\/como-saber\/#listItem","position":2,"name":"\u00bfC\u00f3mo saber?","item":"https:\/\/dudasytextos.com\/como-saber\/category\/como-saber\/","nextItem":{"@type":"ListItem","@id":"https:\/\/dudasytextos.com\/como-saber\/como-saber-a-que-grupo-profesional-pertenezco\/#listItem","name":"C\u00f3mo saber a que grupo profesional pertenezco"},"previousItem":{"@type":"ListItem","@id":"https:\/\/dudasytextos.com\/como-saber#listItem","name":"Home"}},{"@type":"ListItem","@id":"https:\/\/dudasytextos.com\/como-saber\/como-saber-a-que-grupo-profesional-pertenezco\/#listItem","position":3,"name":"C\u00f3mo saber a que grupo profesional pertenezco","previousItem":{"@type":"ListItem","@id":"https:\/\/dudasytextos.com\/como-saber\/category\/como-saber\/#listItem","name":"\u00bfC\u00f3mo saber?"}}]},{"@type":"Organization","@id":"https:\/\/dudasytextos.com\/como-saber\/#organization","name":"Recipes","description":"\u00bfC\u00f3mo Saberlo?","url":"https:\/\/dudasytextos.com\/como-saber\/"},{"@type":"Person","@id":"https:\/\/dudasytextos.com\/como-saber\/author\/admin23\/#author","url":"https:\/\/dudasytextos.com\/como-saber\/author\/admin23\/","name":"Ana Gonz\u00e1lez"},{"@type":"WebPage","@id":"https:\/\/dudasytextos.com\/como-saber\/como-saber-a-que-grupo-profesional-pertenezco\/#webpage","url":"https:\/\/dudasytextos.com\/como-saber\/como-saber-a-que-grupo-profesional-pertenezco\/","name":"C\u00f3mo saber a que grupo profesional pertenezco (2026) \u00bfC\u00f3mo Saberlo?","description":"\u00bfC\u00f3mo saber a qu\u00e9 grupo profesional pertenezco? Curiosidades y datos interesantes En Espa\u00f1a existen m\u00e1s de 20 grupos profesionales diferentes. La pertenencia a un grupo profesional puede afectar a la cotizaci\u00f3n a la Seguridad Social, el salario y la carrera profesional. La Orden Ministerial ESS\/214\/2018 establece los grupos profesionales en Espa\u00f1a. \u00bfQu\u00e9 es un grupo","inLanguage":"es-ES","isPartOf":{"@id":"https:\/\/dudasytextos.com\/como-saber\/#website"},"breadcrumb":{"@id":"https:\/\/dudasytextos.com\/como-saber\/como-saber-a-que-grupo-profesional-pertenezco\/#breadcrumblist"},"author":{"@id":"https:\/\/dudasytextos.com\/como-saber\/author\/admin23\/#author"},"creator":{"@id":"https:\/\/dudasytextos.com\/como-saber\/author\/admin23\/#author"},"datePublished":"2025-03-10T06:06:33+00:00","dateModified":"2025-03-12T16:59:02+00:00"},{"@type":"WebSite","@id":"https:\/\/dudasytextos.com\/como-saber\/#website","url":"https:\/\/dudasytextos.com\/como-saber\/","name":"Recipes","description":"\u00bfC\u00f3mo Saberlo?","inLanguage":"es-ES","publisher":{"@id":"https:\/\/dudasytextos.com\/como-saber\/#organization"}}]},"og:locale":"es_ES","og:site_name":"\u00bfC\u00f3mo Saberlo? - \u00bfC\u00f3mo Saberlo?","og:type":"article","og:title":"C\u00f3mo saber a que grupo profesional pertenezco (2026) \u00bfC\u00f3mo Saberlo?","og:description":"\u00bfC\u00f3mo saber a qu\u00e9 grupo profesional pertenezco? Curiosidades y datos interesantes En Espa\u00f1a existen m\u00e1s de 20 grupos profesionales diferentes. La pertenencia a un grupo profesional puede afectar a la cotizaci\u00f3n a la Seguridad Social, el salario y la carrera profesional. La Orden Ministerial ESS\/214\/2018 establece los grupos profesionales en Espa\u00f1a. \u00bfQu\u00e9 es un grupo","og:url":"https:\/\/dudasytextos.com\/como-saber\/como-saber-a-que-grupo-profesional-pertenezco\/","article:published_time":"2025-03-10T06:06:33+00:00","article:modified_time":"2025-03-12T16:59:02+00:00","twitter:card":"summary_large_image","twitter:title":"C\u00f3mo saber a que grupo profesional pertenezco (2026) \u00bfC\u00f3mo Saberlo?","twitter:description":"\u00bfC\u00f3mo saber a qu\u00e9 grupo profesional pertenezco? Curiosidades y datos interesantes En Espa\u00f1a existen m\u00e1s de 20 grupos profesionales diferentes. La pertenencia a un grupo profesional puede afectar a la cotizaci\u00f3n a la Seguridad Social, el salario y la carrera profesional. La Orden Ministerial ESS\/214\/2018 establece los grupos profesionales en Espa\u00f1a. \u00bfQu\u00e9 es un grupo"},"aioseo_meta_data":{"post_id":"134837","title":null,"description":null,"keywords":null,"keyphrases":null,"primary_term":null,"canonical_url":null,"og_title":null,"og_description":null,"og_object_type":"default","og_image_type":"default","og_image_url":null,"og_image_width":null,"og_image_height":null,"og_image_custom_url":null,"og_image_custom_fields":null,"og_video":null,"og_custom_url":null,"og_article_section":null,"og_article_tags":null,"twitter_use_og":false,"twitter_card":"default","twitter_image_type":"default","twitter_image_url":null,"twitter_image_custom_url":null,"twitter_image_custom_fields":null,"twitter_title":null,"twitter_description":null,"schema":{"blockGraphs":[],"customGraphs":[],"default":{"data":{"Article":[],"Course":[],"Dataset":[],"FAQPage":[],"Movie":[],"Person":[],"Product":[],"ProductReview":[],"Car":[],"Recipe":[],"Service":[],"SoftwareApplication":[],"WebPage":[]},"graphName":"","isEnabled":true},"graphs":[]},"schema_type":"default","schema_type_options":null,"pillar_content":false,"robots_default":true,"robots_noindex":false,"robots_noarchive":false,"robots_nosnippet":false,"robots_nofollow":false,"robots_noimageindex":false,"robots_noodp":false,"robots_notranslate":false,"robots_max_snippet":null,"robots_max_videopreview":null,"robots_max_imagepreview":"large","priority":null,"frequency":null,"local_seo":null,"breadcrumb_settings":null,"limit_modified_date":false,"ai":null,"created":"2023-05-01 17:07:06","updated":"2025-06-04 15:41:24","seo_analyzer_scan_date":null,"focus_keyword":null,"additional_keywords":null,"truseo_locale":null},"aioseo_breadcrumb":"<div class=\"aioseo-breadcrumbs\"><span class=\"aioseo-breadcrumb\">\n\t\t\t<a href=\"https:\/\/dudasytextos.com\/como-saber\" title=\"Home\">Home<\/a>\n\t\t<\/span><span class=\"aioseo-breadcrumb-separator\">&raquo;<\/span><span class=\"aioseo-breadcrumb\">\n\t\t\t<a href=\"https:\/\/dudasytextos.com\/como-saber\/category\/como-saber\/\" title=\"\u00bfC\u00f3mo saber?\">\u00bfC\u00f3mo saber?<\/a>\n\t\t<\/span><span class=\"aioseo-breadcrumb-separator\">&raquo;<\/span><span class=\"aioseo-breadcrumb\">\n\t\t\tC\u00f3mo saber a que grupo profesional pertenezco\n\t\t<\/span><\/div>","aioseo_breadcrumb_json":[{"label":"Home","link":"https:\/\/dudasytextos.com\/como-saber"},{"label":"\u00bfC\u00f3mo saber?","link":"https:\/\/dudasytextos.com\/como-saber\/category\/como-saber\/"},{"label":"C\u00f3mo saber a que grupo profesional pertenezco","link":"https:\/\/dudasytextos.com\/como-saber\/como-saber-a-que-grupo-profesional-pertenezco\/"}],"_links":{"self":[{"href":"https:\/\/dudasytextos.com\/como-saber\/wp-json\/wp\/v2\/posts\/134837","targetHints":{"allow":["GET"]}}],"collection":[{"href":"https:\/\/dudasytextos.com\/como-saber\/wp-json\/wp\/v2\/posts"}],"about":[{"href":"https:\/\/dudasytextos.com\/como-saber\/wp-json\/wp\/v2\/types\/post"}],"author":[{"embeddable":true,"href":"https:\/\/dudasytextos.com\/como-saber\/wp-json\/wp\/v2\/users\/1"}],"replies":[{"embeddable":true,"href":"https:\/\/dudasytextos.com\/como-saber\/wp-json\/wp\/v2\/comments?post=134837"}],"version-history":[{"count":1,"href":"https:\/\/dudasytextos.com\/como-saber\/wp-json\/wp\/v2\/posts\/134837\/revisions"}],"predecessor-version":[{"id":141164,"href":"https:\/\/dudasytextos.com\/como-saber\/wp-json\/wp\/v2\/posts\/134837\/revisions\/141164"}],"wp:attachment":[{"href":"https:\/\/dudasytextos.com\/como-saber\/wp-json\/wp\/v2\/media?parent=134837"}],"wp:term":[{"taxonomy":"category","embeddable":true,"href":"https:\/\/dudasytextos.com\/como-saber\/wp-json\/wp\/v2\/categories?post=134837"},{"taxonomy":"post_tag","embeddable":true,"href":"https:\/\/dudasytextos.com\/como-saber\/wp-json\/wp\/v2\/tags?post=134837"}],"curies":[{"name":"wp","href":"https:\/\/api.w.org\/{rel}","templated":true}]}}