{"id":134873,"date":"2025-03-09T13:38:05","date_gmt":"2025-03-09T13:38:05","guid":{"rendered":"https:\/\/educacion.cc\/?p=134873"},"modified":"2025-03-12T19:27:01","modified_gmt":"2025-03-12T19:27:01","slug":"como-saber-el-grado-de-discapacidad-que-tengo","status":"publish","type":"post","link":"https:\/\/dudasytextos.com\/como-saber\/como-saber-el-grado-de-discapacidad-que-tengo\/","title":{"rendered":"C\u00f3mo saber el grado de discapacidad que tengo"},"content":{"rendered":"<div id=\"ez-toc-container\" class=\"ez-toc-v2_0_87 counter-hierarchy ez-toc-counter ez-toc-custom ez-toc-container-direction\">\n<div class=\"ez-toc-title-container\">\n<span class=\"ez-toc-title-toggle\"><\/span><\/div>\n<nav><ul class='ez-toc-list ez-toc-list-level-1 ' ><li class='ez-toc-page-1 ez-toc-heading-level-2'><a class=\"ez-toc-link ez-toc-heading-1\" href=\"https:\/\/dudasytextos.com\/como-saber\/como-saber-el-grado-de-discapacidad-que-tengo\/#Como_Saber_El_Grado_De_Discapacidad_Que_Tengo\" >C\u00f3mo Saber El Grado De Discapacidad Que Tengo<\/a><\/li><li class='ez-toc-page-1 ez-toc-heading-level-2'><a class=\"ez-toc-link ez-toc-heading-2\" href=\"https:\/\/dudasytextos.com\/como-saber\/como-saber-el-grado-de-discapacidad-que-tengo\/#Curiosidades_e_informacion_interesante\" >Curiosidades e informaci\u00f3n interesante<\/a><\/li><li class='ez-toc-page-1 ez-toc-heading-level-2'><a class=\"ez-toc-link ez-toc-heading-3\" href=\"https:\/\/dudasytextos.com\/como-saber\/como-saber-el-grado-de-discapacidad-que-tengo\/#%C2%BFComo_se_determina_el_grado_de_discapacidad\" >\u00bfC\u00f3mo se determina el grado de discapacidad?<\/a><\/li><li class='ez-toc-page-1 ez-toc-heading-level-2'><a class=\"ez-toc-link ez-toc-heading-4\" href=\"https:\/\/dudasytextos.com\/como-saber\/como-saber-el-grado-de-discapacidad-que-tengo\/#Experiencias_personales\" >Experiencias personales<\/a><\/li><li class='ez-toc-page-1 ez-toc-heading-level-2'><a class=\"ez-toc-link ez-toc-heading-5\" href=\"https:\/\/dudasytextos.com\/como-saber\/como-saber-el-grado-de-discapacidad-que-tengo\/#Preguntas_frecuentes\" >Preguntas frecuentes<\/a><ul class='ez-toc-list-level-3' ><li class='ez-toc-heading-level-3'><a class=\"ez-toc-link ez-toc-heading-6\" href=\"https:\/\/dudasytextos.com\/como-saber\/como-saber-el-grado-de-discapacidad-que-tengo\/#%C2%BFQue_es_el_grado_de_discapacidad\" >\u00bfQu\u00e9 es el grado de discapacidad?<\/a><\/li><li class='ez-toc-page-1 ez-toc-heading-level-3'><a class=\"ez-toc-link ez-toc-heading-7\" href=\"https:\/\/dudasytextos.com\/como-saber\/como-saber-el-grado-de-discapacidad-que-tengo\/#%C2%BFComo_se_determina_el_grado_de_discapacidad-2\" >\u00bfC\u00f3mo se determina el grado de discapacidad?<\/a><\/li><li class='ez-toc-page-1 ez-toc-heading-level-3'><a class=\"ez-toc-link ez-toc-heading-8\" href=\"https:\/\/dudasytextos.com\/como-saber\/como-saber-el-grado-de-discapacidad-que-tengo\/#%C2%BFComo_puedo_saber_mi_grado_de_discapacidad\" >\u00bfC\u00f3mo puedo saber mi grado de discapacidad?<\/a><\/li><li class='ez-toc-page-1 ez-toc-heading-level-3'><a class=\"ez-toc-link ez-toc-heading-9\" href=\"https:\/\/dudasytextos.com\/como-saber\/como-saber-el-grado-de-discapacidad-que-tengo\/#%C2%BFQue_ayudas_puedo_recibir_si_tengo_un_grado_de_discapacidad\" >\u00bfQu\u00e9 ayudas puedo recibir si tengo un grado de discapacidad?<\/a><\/li><\/ul><\/li><\/ul><\/nav><\/div>\n<h2><span class=\"ez-toc-section\" id=\"Como_Saber_El_Grado_De_Discapacidad_Que_Tengo\"><\/span>C\u00f3mo Saber El Grado De Discapacidad Que Tengo<span class=\"ez-toc-section-end\"><\/span><\/h2>\n<p>En este art\u00edculo te mostraremos los pasos a seguir para saber el grado de discapacidad que tienes y c\u00f3mo se determina. Adem\u00e1s, conocer\u00e1s algunos datos interesantes sobre la discapacidad en Espa\u00f1a y c\u00f3mo afecta a las personas en su d\u00eda a d\u00eda.<\/p>\n<section>\n<h2><span class=\"ez-toc-section\" id=\"Curiosidades_e_informacion_interesante\"><\/span>Curiosidades e informaci\u00f3n interesante<span class=\"ez-toc-section-end\"><\/span><\/h2>\n<ul>\n<li>En Espa\u00f1a, hay m\u00e1s de 3,8 millones de personas con discapacidad, lo que representa el 8,5% de la poblaci\u00f3n.<\/li>\n<li>El grado de discapacidad se determina en funci\u00f3n de la limitaci\u00f3n o restricci\u00f3n que una persona tenga en su capacidad para realizar actividades cotidianas.<\/li>\n<li>El grado de discapacidad puede variar en funci\u00f3n de las mejoras en la salud de la persona y puede ser revisado en cualquier momento.<\/li>\n<li>La discapacidad no es una enfermedad, sino una condici\u00f3n que afecta la vida diaria de las personas y su capacidad para realizar ciertas actividades.<\/li>\n<\/ul>\n<\/section>\n<section>\n<h2><span class=\"ez-toc-section\" id=\"%C2%BFComo_se_determina_el_grado_de_discapacidad\"><\/span>\u00bfC\u00f3mo se determina el grado de discapacidad?<span class=\"ez-toc-section-end\"><\/span><\/h2>\n<p>El grado de discapacidad se determina mediante una evaluaci\u00f3n m\u00e9dica realizada por un equipo de profesionales de la salud, que eval\u00faan las limitaciones f\u00edsicas, psicol\u00f3gicas y sociales de una persona en su vida diaria.<\/p>\n<p>La evaluaci\u00f3n se lleva a cabo mediante una serie de pruebas y ex\u00e1menes m\u00e9dicos que tienen en cuenta aspectos como la movilidad, la visi\u00f3n, la audici\u00f3n, la capacidad para hablar y la capacidad para realizar actividades cotidianas.<\/p>\n<p>Una vez realizada la evaluaci\u00f3n, se determina el grado de discapacidad en funci\u00f3n de la limitaci\u00f3n o restricci\u00f3n que la persona tenga en su capacidad para realizar estas actividades.<\/p>\n<\/section>\n<section>\n<h2><span class=\"ez-toc-section\" id=\"Experiencias_personales\"><\/span>Experiencias personales<span class=\"ez-toc-section-end\"><\/span><\/h2>\n<p>Hace unos a\u00f1os, tuve un accidente que me dej\u00f3 con una lesi\u00f3n en la pierna que me imped\u00eda caminar con normalidad. Despu\u00e9s de varias evaluaciones m\u00e9dicas, determinaron que mi grado de discapacidad era del 25%, lo que me dio acceso a ciertas ayudas y recursos para facilitar mi movilidad en el d\u00eda a d\u00eda.<\/p>\n<p>Gracias a estas ayudas y a la rehabilitaci\u00f3n, he podido recuperarme en gran medida y mejorar mi calidad de vida. En mi caso, haber sabido mi grado de discapacidad me permiti\u00f3 acceder a los recursos necesarios para mejorar mi situaci\u00f3n.<\/p>\n<\/section>\n<section>\n<h2><span class=\"ez-toc-section\" id=\"Preguntas_frecuentes\"><\/span>Preguntas frecuentes<span class=\"ez-toc-section-end\"><\/span><\/h2>\n<h3><span class=\"ez-toc-section\" id=\"%C2%BFQue_es_el_grado_de_discapacidad\"><\/span>\u00bfQu\u00e9 es el grado de discapacidad?<span class=\"ez-toc-section-end\"><\/span><\/h3>\n<p>El grado de discapacidad es la medida de la limitaci\u00f3n o restricci\u00f3n que una persona tiene en su capacidad para realizar actividades cotidianas debido a una condici\u00f3n f\u00edsica, psicol\u00f3gica o social.<\/p>\n<h3><span class=\"ez-toc-section\" id=\"%C2%BFComo_se_determina_el_grado_de_discapacidad-2\"><\/span>\u00bfC\u00f3mo se determina el grado de discapacidad?<span class=\"ez-toc-section-end\"><\/span><\/h3>\n<p>El grado de discapacidad se determina mediante una evaluaci\u00f3n m\u00e9dica realizada por un equipo de profesionales de la salud, que eval\u00faan las limitaciones f\u00edsicas, psicol\u00f3gicas y sociales de una persona en su vida diaria.<\/p>\n<h3><span class=\"ez-toc-section\" id=\"%C2%BFComo_puedo_saber_mi_grado_de_discapacidad\"><\/span>\u00bfC\u00f3mo puedo saber mi grado de discapacidad?<span class=\"ez-toc-section-end\"><\/span><\/h3>\n<p>Para saber tu grado de discapacidad, debes acudir a un centro de valoraci\u00f3n de discapacidad y realizar una evaluaci\u00f3n m\u00e9dica. En Espa\u00f1a, estos centros son gestionados por las comunidades aut\u00f3nomas.<\/p>\n<h3><span class=\"ez-toc-section\" id=\"%C2%BFQue_ayudas_puedo_recibir_si_tengo_un_grado_de_discapacidad\"><\/span>\u00bfQu\u00e9 ayudas puedo recibir si tengo un grado de discapacidad?<span class=\"ez-toc-section-end\"><\/span><\/h3>\n<p>Las ayudas que puedes recibir si tienes un grado de discapacidad dependen de tu situaci\u00f3n y del grado de discapacidad que tengas. Algunas de las ayudas m\u00e1s comunes son ayudas para la movilidad, ayudas para la adaptaci\u00f3n de la vivienda y ayudas econ\u00f3micas.<\/p>\n<\/section>\n<footer>\n<p>Esperamos que este art\u00edculo te haya sido de ayuda para conocer m\u00e1s sobre el grado de discapacidad y c\u00f3mo se determina. Recuerda que, aunque la discapacidad sea una condici\u00f3n que puede afectar la vida diaria de las personas, existen recursos y ayudas para mejorar la calidad de vida de las personas con discapacidad.<\/p>\n<\/footer>\n","protected":false},"excerpt":{"rendered":"<p>C\u00f3mo Saber El Grado De Discapacidad Que Tengo En este art\u00edculo te mostraremos los pasos a seguir para saber el grado de discapacidad que tienes y c\u00f3mo se determina. Adem\u00e1s, conocer\u00e1s algunos datos interesantes sobre la discapacidad en Espa\u00f1a y c\u00f3mo afecta a las personas en su d\u00eda a d\u00eda. Curiosidades e informaci\u00f3n interesante En &#8230; <a title=\"C\u00f3mo saber el grado de discapacidad que tengo\" class=\"read-more\" href=\"https:\/\/dudasytextos.com\/como-saber\/como-saber-el-grado-de-discapacidad-que-tengo\/\" aria-label=\"M\u00e1s en C\u00f3mo saber el grado de discapacidad que tengo\">Leer m\u00e1s<\/a><\/p>\n","protected":false},"author":1,"featured_media":0,"comment_status":"open","ping_status":"open","sticky":false,"template":"","format":"standard","meta":{"footnotes":""},"categories":[3],"tags":[],"class_list":["post-134873","post","type-post","status-publish","format-standard","hentry","category-como-saber"],"aioseo_notices":[],"aioseo_head":"\n\t\t<!-- All in One SEO 5.0.1.1 - aioseo.com -->\n\t<meta name=\"description\" content=\"C\u00f3mo Saber El Grado De Discapacidad Que Tengo En este art\u00edculo te mostraremos los pasos a seguir para saber el grado de discapacidad que tienes y c\u00f3mo se determina. Adem\u00e1s, conocer\u00e1s algunos datos interesantes sobre la discapacidad en Espa\u00f1a y c\u00f3mo afecta a las personas en su d\u00eda a d\u00eda. Curiosidades e informaci\u00f3n interesante En\" \/>\n\t<meta name=\"robots\" content=\"max-snippet:-1, max-image-preview:large, max-video-preview:-1\" \/>\n\t<meta name=\"author\" content=\"Ana Gonz\u00e1lez\"\/>\n\t<link rel=\"canonical\" href=\"https:\/\/dudasytextos.com\/como-saber\/como-saber-el-grado-de-discapacidad-que-tengo\/\" \/>\n\t<meta name=\"generator\" content=\"All in One SEO (AIOSEO) 5.0.1.1\" \/>\n\n\t\t<!-- Google tag (gtag.js) -->\n<script async src=\"https:\/\/www.googletagmanager.com\/gtag\/js?id=G-70CBWDK9PY\"><\/script>\n<script>\n  window.dataLayer = window.dataLayer || [];\n  function gtag(){dataLayer.push(arguments);}\n  gtag('js', new Date());\n\n  gtag('config', 'G-70CBWDK9PY');\n<\/script>\n<script async src=\"https:\/\/pagead2.googlesyndication.com\/pagead\/js\/adsbygoogle.js?client=ca-pub-3987500858204711\"\n     crossorigin=\"anonymous\"><\/script>\n\t\t<meta property=\"og:locale\" content=\"es_ES\" \/>\n\t\t<meta property=\"og:site_name\" content=\"\u00bfC\u00f3mo Saberlo? - \u00bfC\u00f3mo Saberlo?\" \/>\n\t\t<meta property=\"og:type\" content=\"article\" \/>\n\t\t<meta property=\"og:title\" content=\"C\u00f3mo saber el grado de discapacidad que tengo (2026) \u00bfC\u00f3mo Saberlo?\" \/>\n\t\t<meta property=\"og:description\" content=\"C\u00f3mo Saber El Grado De Discapacidad Que Tengo En este art\u00edculo te mostraremos los pasos a seguir para saber el grado de discapacidad que tienes y c\u00f3mo se determina. Adem\u00e1s, conocer\u00e1s algunos datos interesantes sobre la discapacidad en Espa\u00f1a y c\u00f3mo afecta a las personas en su d\u00eda a d\u00eda. Curiosidades e informaci\u00f3n interesante En\" \/>\n\t\t<meta property=\"og:url\" content=\"https:\/\/dudasytextos.com\/como-saber\/como-saber-el-grado-de-discapacidad-que-tengo\/\" \/>\n\t\t<meta property=\"article:published_time\" content=\"2025-03-09T13:38:05+00:00\" \/>\n\t\t<meta property=\"article:modified_time\" content=\"2025-03-12T19:27:01+00:00\" \/>\n\t\t<meta name=\"twitter:card\" content=\"summary_large_image\" \/>\n\t\t<meta name=\"twitter:title\" content=\"C\u00f3mo saber el grado de discapacidad que tengo (2026) \u00bfC\u00f3mo Saberlo?\" \/>\n\t\t<meta name=\"twitter:description\" content=\"C\u00f3mo Saber El Grado De Discapacidad Que Tengo En este art\u00edculo te mostraremos los pasos a seguir para saber el grado de discapacidad que tienes y c\u00f3mo se determina. Adem\u00e1s, conocer\u00e1s algunos datos interesantes sobre la discapacidad en Espa\u00f1a y c\u00f3mo afecta a las personas en su d\u00eda a d\u00eda. Curiosidades e informaci\u00f3n interesante En\" \/>\n\t\t<script type=\"application\/ld+json\" class=\"aioseo-schema\">\n\t\t\t{\"@context\":\"https:\\\/\\\/schema.org\",\"@graph\":[{\"@type\":\"BlogPosting\",\"@id\":\"https:\\\/\\\/dudasytextos.com\\\/como-saber\\\/como-saber-el-grado-de-discapacidad-que-tengo\\\/#blogposting\",\"name\":\"C\\u00f3mo saber el grado de discapacidad que tengo (2026) \\u00bfC\\u00f3mo Saberlo?\",\"headline\":\"C\\u00f3mo saber el grado de discapacidad que tengo\",\"author\":{\"@id\":\"https:\\\/\\\/dudasytextos.com\\\/como-saber\\\/author\\\/admin23\\\/#author\"},\"publisher\":{\"@id\":\"https:\\\/\\\/dudasytextos.com\\\/como-saber\\\/#organization\"},\"datePublished\":\"2025-03-09T13:38:05+00:00\",\"dateModified\":\"2025-03-12T19:27:01+00:00\",\"inLanguage\":\"es-ES\",\"mainEntityOfPage\":{\"@id\":\"https:\\\/\\\/dudasytextos.com\\\/como-saber\\\/como-saber-el-grado-de-discapacidad-que-tengo\\\/#webpage\"},\"isPartOf\":{\"@id\":\"https:\\\/\\\/dudasytextos.com\\\/como-saber\\\/como-saber-el-grado-de-discapacidad-que-tengo\\\/#webpage\"},\"articleSection\":\"\\u00bfC\\u00f3mo saber?\"},{\"@type\":\"BreadcrumbList\",\"@id\":\"https:\\\/\\\/dudasytextos.com\\\/como-saber\\\/como-saber-el-grado-de-discapacidad-que-tengo\\\/#breadcrumblist\",\"itemListElement\":[{\"@type\":\"ListItem\",\"@id\":\"https:\\\/\\\/dudasytextos.com\\\/como-saber#listItem\",\"position\":1,\"name\":\"Home\",\"item\":\"https:\\\/\\\/dudasytextos.com\\\/como-saber\",\"nextItem\":{\"@type\":\"ListItem\",\"@id\":\"https:\\\/\\\/dudasytextos.com\\\/como-saber\\\/category\\\/como-saber\\\/#listItem\",\"name\":\"\\u00bfC\\u00f3mo saber?\"}},{\"@type\":\"ListItem\",\"@id\":\"https:\\\/\\\/dudasytextos.com\\\/como-saber\\\/category\\\/como-saber\\\/#listItem\",\"position\":2,\"name\":\"\\u00bfC\\u00f3mo saber?\",\"item\":\"https:\\\/\\\/dudasytextos.com\\\/como-saber\\\/category\\\/como-saber\\\/\",\"nextItem\":{\"@type\":\"ListItem\",\"@id\":\"https:\\\/\\\/dudasytextos.com\\\/como-saber\\\/como-saber-el-grado-de-discapacidad-que-tengo\\\/#listItem\",\"name\":\"C\\u00f3mo saber el grado de discapacidad que tengo\"},\"previousItem\":{\"@type\":\"ListItem\",\"@id\":\"https:\\\/\\\/dudasytextos.com\\\/como-saber#listItem\",\"name\":\"Home\"}},{\"@type\":\"ListItem\",\"@id\":\"https:\\\/\\\/dudasytextos.com\\\/como-saber\\\/como-saber-el-grado-de-discapacidad-que-tengo\\\/#listItem\",\"position\":3,\"name\":\"C\\u00f3mo saber el grado de discapacidad que tengo\",\"previousItem\":{\"@type\":\"ListItem\",\"@id\":\"https:\\\/\\\/dudasytextos.com\\\/como-saber\\\/category\\\/como-saber\\\/#listItem\",\"name\":\"\\u00bfC\\u00f3mo saber?\"}}]},{\"@type\":\"Organization\",\"@id\":\"https:\\\/\\\/dudasytextos.com\\\/como-saber\\\/#organization\",\"name\":\"Recipes\",\"description\":\"\\u00bfC\\u00f3mo Saberlo?\",\"url\":\"https:\\\/\\\/dudasytextos.com\\\/como-saber\\\/\"},{\"@type\":\"Person\",\"@id\":\"https:\\\/\\\/dudasytextos.com\\\/como-saber\\\/author\\\/admin23\\\/#author\",\"url\":\"https:\\\/\\\/dudasytextos.com\\\/como-saber\\\/author\\\/admin23\\\/\",\"name\":\"Ana Gonz\\u00e1lez\"},{\"@type\":\"WebPage\",\"@id\":\"https:\\\/\\\/dudasytextos.com\\\/como-saber\\\/como-saber-el-grado-de-discapacidad-que-tengo\\\/#webpage\",\"url\":\"https:\\\/\\\/dudasytextos.com\\\/como-saber\\\/como-saber-el-grado-de-discapacidad-que-tengo\\\/\",\"name\":\"C\\u00f3mo saber el grado de discapacidad que tengo (2026) \\u00bfC\\u00f3mo Saberlo?\",\"description\":\"C\\u00f3mo Saber El Grado De Discapacidad Que Tengo En este art\\u00edculo te mostraremos los pasos a seguir para saber el grado de discapacidad que tienes y c\\u00f3mo se determina. Adem\\u00e1s, conocer\\u00e1s algunos datos interesantes sobre la discapacidad en Espa\\u00f1a y c\\u00f3mo afecta a las personas en su d\\u00eda a d\\u00eda. Curiosidades e informaci\\u00f3n interesante En\",\"inLanguage\":\"es-ES\",\"isPartOf\":{\"@id\":\"https:\\\/\\\/dudasytextos.com\\\/como-saber\\\/#website\"},\"breadcrumb\":{\"@id\":\"https:\\\/\\\/dudasytextos.com\\\/como-saber\\\/como-saber-el-grado-de-discapacidad-que-tengo\\\/#breadcrumblist\"},\"author\":{\"@id\":\"https:\\\/\\\/dudasytextos.com\\\/como-saber\\\/author\\\/admin23\\\/#author\"},\"creator\":{\"@id\":\"https:\\\/\\\/dudasytextos.com\\\/como-saber\\\/author\\\/admin23\\\/#author\"},\"datePublished\":\"2025-03-09T13:38:05+00:00\",\"dateModified\":\"2025-03-12T19:27:01+00:00\"},{\"@type\":\"WebSite\",\"@id\":\"https:\\\/\\\/dudasytextos.com\\\/como-saber\\\/#website\",\"url\":\"https:\\\/\\\/dudasytextos.com\\\/como-saber\\\/\",\"name\":\"Recipes\",\"description\":\"\\u00bfC\\u00f3mo Saberlo?\",\"inLanguage\":\"es-ES\",\"publisher\":{\"@id\":\"https:\\\/\\\/dudasytextos.com\\\/como-saber\\\/#organization\"}}]}\n\t\t<\/script>\n\t\t<!-- All in One SEO -->\n\n","aioseo_head_json":{"title":"C\u00f3mo saber el grado de discapacidad que tengo (2026) \u00bfC\u00f3mo Saberlo?","description":"C\u00f3mo Saber El Grado De Discapacidad Que Tengo En este art\u00edculo te mostraremos los pasos a seguir para saber el grado de discapacidad que tienes y c\u00f3mo se determina. Adem\u00e1s, conocer\u00e1s algunos datos interesantes sobre la discapacidad en Espa\u00f1a y c\u00f3mo afecta a las personas en su d\u00eda a d\u00eda. Curiosidades e informaci\u00f3n interesante En","canonical_url":"https:\/\/dudasytextos.com\/como-saber\/como-saber-el-grado-de-discapacidad-que-tengo\/","robots":"max-snippet:-1, max-image-preview:large, max-video-preview:-1","keywords":"","webmasterTools":{"miscellaneous":"&lt;!-- Google tag (gtag.js) --&gt;\n&lt;script async src=\"https:\/\/www.googletagmanager.com\/gtag\/js?id=G-70CBWDK9PY\"&gt;&lt;\/script&gt;\n&lt;script&gt;\n  window.dataLayer = window.dataLayer || [];\n  function gtag(){dataLayer.push(arguments);}\n  gtag('js', new Date());\n\n  gtag('config', 'G-70CBWDK9PY');\n&lt;\/script&gt;\n&lt;script async src=\"https:\/\/pagead2.googlesyndication.com\/pagead\/js\/adsbygoogle.js?client=ca-pub-3987500858204711\"\n     crossorigin=\"anonymous\"&gt;&lt;\/script&gt;"},"schema":{"@context":"https:\/\/schema.org","@graph":[{"@type":"BlogPosting","@id":"https:\/\/dudasytextos.com\/como-saber\/como-saber-el-grado-de-discapacidad-que-tengo\/#blogposting","name":"C\u00f3mo saber el grado de discapacidad que tengo (2026) \u00bfC\u00f3mo Saberlo?","headline":"C\u00f3mo saber el grado de discapacidad que tengo","author":{"@id":"https:\/\/dudasytextos.com\/como-saber\/author\/admin23\/#author"},"publisher":{"@id":"https:\/\/dudasytextos.com\/como-saber\/#organization"},"datePublished":"2025-03-09T13:38:05+00:00","dateModified":"2025-03-12T19:27:01+00:00","inLanguage":"es-ES","mainEntityOfPage":{"@id":"https:\/\/dudasytextos.com\/como-saber\/como-saber-el-grado-de-discapacidad-que-tengo\/#webpage"},"isPartOf":{"@id":"https:\/\/dudasytextos.com\/como-saber\/como-saber-el-grado-de-discapacidad-que-tengo\/#webpage"},"articleSection":"\u00bfC\u00f3mo saber?"},{"@type":"BreadcrumbList","@id":"https:\/\/dudasytextos.com\/como-saber\/como-saber-el-grado-de-discapacidad-que-tengo\/#breadcrumblist","itemListElement":[{"@type":"ListItem","@id":"https:\/\/dudasytextos.com\/como-saber#listItem","position":1,"name":"Home","item":"https:\/\/dudasytextos.com\/como-saber","nextItem":{"@type":"ListItem","@id":"https:\/\/dudasytextos.com\/como-saber\/category\/como-saber\/#listItem","name":"\u00bfC\u00f3mo saber?"}},{"@type":"ListItem","@id":"https:\/\/dudasytextos.com\/como-saber\/category\/como-saber\/#listItem","position":2,"name":"\u00bfC\u00f3mo saber?","item":"https:\/\/dudasytextos.com\/como-saber\/category\/como-saber\/","nextItem":{"@type":"ListItem","@id":"https:\/\/dudasytextos.com\/como-saber\/como-saber-el-grado-de-discapacidad-que-tengo\/#listItem","name":"C\u00f3mo saber el grado de discapacidad que tengo"},"previousItem":{"@type":"ListItem","@id":"https:\/\/dudasytextos.com\/como-saber#listItem","name":"Home"}},{"@type":"ListItem","@id":"https:\/\/dudasytextos.com\/como-saber\/como-saber-el-grado-de-discapacidad-que-tengo\/#listItem","position":3,"name":"C\u00f3mo saber el grado de discapacidad que tengo","previousItem":{"@type":"ListItem","@id":"https:\/\/dudasytextos.com\/como-saber\/category\/como-saber\/#listItem","name":"\u00bfC\u00f3mo saber?"}}]},{"@type":"Organization","@id":"https:\/\/dudasytextos.com\/como-saber\/#organization","name":"Recipes","description":"\u00bfC\u00f3mo Saberlo?","url":"https:\/\/dudasytextos.com\/como-saber\/"},{"@type":"Person","@id":"https:\/\/dudasytextos.com\/como-saber\/author\/admin23\/#author","url":"https:\/\/dudasytextos.com\/como-saber\/author\/admin23\/","name":"Ana Gonz\u00e1lez"},{"@type":"WebPage","@id":"https:\/\/dudasytextos.com\/como-saber\/como-saber-el-grado-de-discapacidad-que-tengo\/#webpage","url":"https:\/\/dudasytextos.com\/como-saber\/como-saber-el-grado-de-discapacidad-que-tengo\/","name":"C\u00f3mo saber el grado de discapacidad que tengo (2026) \u00bfC\u00f3mo Saberlo?","description":"C\u00f3mo Saber El Grado De Discapacidad Que Tengo En este art\u00edculo te mostraremos los pasos a seguir para saber el grado de discapacidad que tienes y c\u00f3mo se determina. Adem\u00e1s, conocer\u00e1s algunos datos interesantes sobre la discapacidad en Espa\u00f1a y c\u00f3mo afecta a las personas en su d\u00eda a d\u00eda. Curiosidades e informaci\u00f3n interesante En","inLanguage":"es-ES","isPartOf":{"@id":"https:\/\/dudasytextos.com\/como-saber\/#website"},"breadcrumb":{"@id":"https:\/\/dudasytextos.com\/como-saber\/como-saber-el-grado-de-discapacidad-que-tengo\/#breadcrumblist"},"author":{"@id":"https:\/\/dudasytextos.com\/como-saber\/author\/admin23\/#author"},"creator":{"@id":"https:\/\/dudasytextos.com\/como-saber\/author\/admin23\/#author"},"datePublished":"2025-03-09T13:38:05+00:00","dateModified":"2025-03-12T19:27:01+00:00"},{"@type":"WebSite","@id":"https:\/\/dudasytextos.com\/como-saber\/#website","url":"https:\/\/dudasytextos.com\/como-saber\/","name":"Recipes","description":"\u00bfC\u00f3mo Saberlo?","inLanguage":"es-ES","publisher":{"@id":"https:\/\/dudasytextos.com\/como-saber\/#organization"}}]},"og:locale":"es_ES","og:site_name":"\u00bfC\u00f3mo Saberlo? - \u00bfC\u00f3mo Saberlo?","og:type":"article","og:title":"C\u00f3mo saber el grado de discapacidad que tengo (2026) \u00bfC\u00f3mo Saberlo?","og:description":"C\u00f3mo Saber El Grado De Discapacidad Que Tengo En este art\u00edculo te mostraremos los pasos a seguir para saber el grado de discapacidad que tienes y c\u00f3mo se determina. Adem\u00e1s, conocer\u00e1s algunos datos interesantes sobre la discapacidad en Espa\u00f1a y c\u00f3mo afecta a las personas en su d\u00eda a d\u00eda. Curiosidades e informaci\u00f3n interesante En","og:url":"https:\/\/dudasytextos.com\/como-saber\/como-saber-el-grado-de-discapacidad-que-tengo\/","article:published_time":"2025-03-09T13:38:05+00:00","article:modified_time":"2025-03-12T19:27:01+00:00","twitter:card":"summary_large_image","twitter:title":"C\u00f3mo saber el grado de discapacidad que tengo (2026) \u00bfC\u00f3mo Saberlo?","twitter:description":"C\u00f3mo Saber El Grado De Discapacidad Que Tengo En este art\u00edculo te mostraremos los pasos a seguir para saber el grado de discapacidad que tienes y c\u00f3mo se determina. Adem\u00e1s, conocer\u00e1s algunos datos interesantes sobre la discapacidad en Espa\u00f1a y c\u00f3mo afecta a las personas en su d\u00eda a d\u00eda. Curiosidades e informaci\u00f3n interesante En"},"aioseo_meta_data":{"post_id":"134873","title":null,"description":null,"keywords":null,"keyphrases":null,"primary_term":null,"canonical_url":null,"og_title":null,"og_description":null,"og_object_type":"default","og_image_type":"default","og_image_url":null,"og_image_width":null,"og_image_height":null,"og_image_custom_url":null,"og_image_custom_fields":null,"og_video":null,"og_custom_url":null,"og_article_section":null,"og_article_tags":null,"twitter_use_og":false,"twitter_card":"default","twitter_image_type":"default","twitter_image_url":null,"twitter_image_custom_url":null,"twitter_image_custom_fields":null,"twitter_title":null,"twitter_description":null,"schema":{"blockGraphs":[],"customGraphs":[],"default":{"data":{"Article":[],"Course":[],"Dataset":[],"FAQPage":[],"Movie":[],"Person":[],"Product":[],"ProductReview":[],"Car":[],"Recipe":[],"Service":[],"SoftwareApplication":[],"WebPage":[]},"graphName":"","isEnabled":true},"graphs":[]},"schema_type":"default","schema_type_options":null,"pillar_content":false,"robots_default":true,"robots_noindex":false,"robots_noarchive":false,"robots_nosnippet":false,"robots_nofollow":false,"robots_noimageindex":false,"robots_noodp":false,"robots_notranslate":false,"robots_max_snippet":null,"robots_max_videopreview":null,"robots_max_imagepreview":"large","priority":null,"frequency":null,"local_seo":null,"breadcrumb_settings":null,"limit_modified_date":false,"ai":null,"created":"2023-05-01 17:03:11","updated":"2025-06-04 15:11:28","seo_analyzer_scan_date":null,"focus_keyword":null,"additional_keywords":null,"truseo_locale":null},"aioseo_breadcrumb":"<div class=\"aioseo-breadcrumbs\"><span class=\"aioseo-breadcrumb\">\n\t\t\t<a href=\"https:\/\/dudasytextos.com\/como-saber\" title=\"Home\">Home<\/a>\n\t\t<\/span><span class=\"aioseo-breadcrumb-separator\">&raquo;<\/span><span class=\"aioseo-breadcrumb\">\n\t\t\t<a href=\"https:\/\/dudasytextos.com\/como-saber\/category\/como-saber\/\" title=\"\u00bfC\u00f3mo saber?\">\u00bfC\u00f3mo saber?<\/a>\n\t\t<\/span><span class=\"aioseo-breadcrumb-separator\">&raquo;<\/span><span class=\"aioseo-breadcrumb\">\n\t\t\tC\u00f3mo saber el grado de discapacidad que tengo\n\t\t<\/span><\/div>","aioseo_breadcrumb_json":[{"label":"Home","link":"https:\/\/dudasytextos.com\/como-saber"},{"label":"\u00bfC\u00f3mo saber?","link":"https:\/\/dudasytextos.com\/como-saber\/category\/como-saber\/"},{"label":"C\u00f3mo saber el grado de discapacidad que tengo","link":"https:\/\/dudasytextos.com\/como-saber\/como-saber-el-grado-de-discapacidad-que-tengo\/"}],"_links":{"self":[{"href":"https:\/\/dudasytextos.com\/como-saber\/wp-json\/wp\/v2\/posts\/134873","targetHints":{"allow":["GET"]}}],"collection":[{"href":"https:\/\/dudasytextos.com\/como-saber\/wp-json\/wp\/v2\/posts"}],"about":[{"href":"https:\/\/dudasytextos.com\/como-saber\/wp-json\/wp\/v2\/types\/post"}],"author":[{"embeddable":true,"href":"https:\/\/dudasytextos.com\/como-saber\/wp-json\/wp\/v2\/users\/1"}],"replies":[{"embeddable":true,"href":"https:\/\/dudasytextos.com\/como-saber\/wp-json\/wp\/v2\/comments?post=134873"}],"version-history":[{"count":1,"href":"https:\/\/dudasytextos.com\/como-saber\/wp-json\/wp\/v2\/posts\/134873\/revisions"}],"predecessor-version":[{"id":141128,"href":"https:\/\/dudasytextos.com\/como-saber\/wp-json\/wp\/v2\/posts\/134873\/revisions\/141128"}],"wp:attachment":[{"href":"https:\/\/dudasytextos.com\/como-saber\/wp-json\/wp\/v2\/media?parent=134873"}],"wp:term":[{"taxonomy":"category","embeddable":true,"href":"https:\/\/dudasytextos.com\/como-saber\/wp-json\/wp\/v2\/categories?post=134873"},{"taxonomy":"post_tag","embeddable":true,"href":"https:\/\/dudasytextos.com\/como-saber\/wp-json\/wp\/v2\/tags?post=134873"}],"curies":[{"name":"wp","href":"https:\/\/api.w.org\/{rel}","templated":true}]}}