{"id":134893,"date":"2025-02-27T04:46:23","date_gmt":"2025-02-27T04:46:23","guid":{"rendered":"https:\/\/educacion.cc\/?p=134893"},"modified":"2025-03-13T02:51:01","modified_gmt":"2025-03-13T02:51:01","slug":"como-saber-cuanto-me-queda-de-paro","status":"publish","type":"post","link":"https:\/\/dudasytextos.com\/como-saber\/como-saber-cuanto-me-queda-de-paro\/","title":{"rendered":"C\u00f3mo saber cuanto me queda de paro"},"content":{"rendered":"<div id=\"ez-toc-container\" class=\"ez-toc-v2_0_87 counter-hierarchy ez-toc-counter ez-toc-custom ez-toc-container-direction\">\n<div class=\"ez-toc-title-container\">\n<span class=\"ez-toc-title-toggle\"><\/span><\/div>\n<nav><ul class='ez-toc-list ez-toc-list-level-1 ' ><li class='ez-toc-page-1 ez-toc-heading-level-2'><a class=\"ez-toc-link ez-toc-heading-1\" href=\"https:\/\/dudasytextos.com\/como-saber\/como-saber-cuanto-me-queda-de-paro\/#Como_Saber_Cuanto_Me_Queda_De_Paro_%E2%80%93_Guia_Completa\" >C\u00f3mo Saber Cu\u00e1nto Me Queda De Paro &#8211; Gu\u00eda Completa<\/a><\/li><li class='ez-toc-page-1 ez-toc-heading-level-2'><a class=\"ez-toc-link ez-toc-heading-2\" href=\"https:\/\/dudasytextos.com\/como-saber\/como-saber-cuanto-me-queda-de-paro\/#Curiosidades_e_informacion_interesante\" >Curiosidades e informaci\u00f3n interesante<\/a><\/li><li class='ez-toc-page-1 ez-toc-heading-level-2'><a class=\"ez-toc-link ez-toc-heading-3\" href=\"https:\/\/dudasytextos.com\/como-saber\/como-saber-cuanto-me-queda-de-paro\/#%C2%BFComo_saber_cuanto_me_queda_de_paro\" >\u00bfC\u00f3mo saber cu\u00e1nto me queda de paro?<\/a><\/li><li class='ez-toc-page-1 ez-toc-heading-level-2'><a class=\"ez-toc-link ez-toc-heading-4\" href=\"https:\/\/dudasytextos.com\/como-saber\/como-saber-cuanto-me-queda-de-paro\/#Mi_experiencia_personal\" >Mi experiencia personal<\/a><\/li><li class='ez-toc-page-1 ez-toc-heading-level-2'><a class=\"ez-toc-link ez-toc-heading-5\" href=\"https:\/\/dudasytextos.com\/como-saber\/como-saber-cuanto-me-queda-de-paro\/#Preguntas_frecuentes\" >Preguntas frecuentes<\/a><ul class='ez-toc-list-level-3' ><li class='ez-toc-heading-level-3'><a class=\"ez-toc-link ez-toc-heading-6\" href=\"https:\/\/dudasytextos.com\/como-saber\/como-saber-cuanto-me-queda-de-paro\/#%C2%BFCuanto_tiempo_puedo_cobrar_el_paro\" >\u00bfCu\u00e1nto tiempo puedo cobrar el paro?<\/a><\/li><li class='ez-toc-page-1 ez-toc-heading-level-3'><a class=\"ez-toc-link ez-toc-heading-7\" href=\"https:\/\/dudasytextos.com\/como-saber\/como-saber-cuanto-me-queda-de-paro\/#%C2%BFComo_se_calcula_la_prestacion_por_desempleo\" >\u00bfC\u00f3mo se calcula la prestaci\u00f3n por desempleo?<\/a><\/li><li class='ez-toc-page-1 ez-toc-heading-level-3'><a class=\"ez-toc-link ez-toc-heading-8\" href=\"https:\/\/dudasytextos.com\/como-saber\/como-saber-cuanto-me-queda-de-paro\/#%C2%BFPuedo_solicitar_la_prestacion_por_desempleo_si_he_trabajado_en_el_extranjero\" >\u00bfPuedo solicitar la prestaci\u00f3n por desempleo si he trabajado en el extranjero?<\/a><\/li><\/ul><\/li><\/ul><\/nav><\/div>\n<h2><span class=\"ez-toc-section\" id=\"Como_Saber_Cuanto_Me_Queda_De_Paro_%E2%80%93_Guia_Completa\"><\/span>C\u00f3mo Saber Cu\u00e1nto Me Queda De Paro &#8211; Gu\u00eda Completa<span class=\"ez-toc-section-end\"><\/span><\/h2>\n<section>\n<h2><span class=\"ez-toc-section\" id=\"Curiosidades_e_informacion_interesante\"><\/span>Curiosidades e informaci\u00f3n interesante<span class=\"ez-toc-section-end\"><\/span><\/h2>\n<ul>\n<li>El paro es una prestaci\u00f3n econ\u00f3mica que ayuda a las personas que han perdido su empleo a subsistir hasta que encuentren otro trabajo.<\/li>\n<li>En Espa\u00f1a, la duraci\u00f3n de la prestaci\u00f3n por desempleo depende del tiempo que hayas cotizado a la Seguridad Social.<\/li>\n<li>Para saber cu\u00e1nto te queda de paro, es necesario conocer algunos conceptos b\u00e1sicos como la base reguladora y el periodo de carencia.<\/li>\n<li>Existen varias formas de solicitar la informaci\u00f3n sobre tu prestaci\u00f3n por desempleo, tanto de forma presencial como online.<\/li>\n<\/ul>\n<\/section>\n<section>\n<h2><span class=\"ez-toc-section\" id=\"%C2%BFComo_saber_cuanto_me_queda_de_paro\"><\/span>\u00bfC\u00f3mo saber cu\u00e1nto me queda de paro?<span class=\"ez-toc-section-end\"><\/span><\/h2>\n<p>La forma m\u00e1s sencilla de saber cu\u00e1nto te queda de paro es a trav\u00e9s de la p\u00e1gina web del Servicio P\u00fablico de Empleo Estatal (SEPE). Para ello, debes seguir los siguientes pasos:<\/p>\n<ol>\n<li>Accede a la sede electr\u00f3nica del SEPE<\/li>\n<li>Introduce tus datos personales y de acceso<\/li>\n<li>Busca la secci\u00f3n Prestaciones y subsidios y haz clic en Consulta de prestaciones<\/li>\n<li>Una vez dentro, podr\u00e1s ver toda la informaci\u00f3n relativa a tu prestaci\u00f3n por desempleo, incluyendo el tiempo que te queda de paro.<\/li>\n<\/ol>\n<p>Si prefieres hacer la consulta de forma presencial, puedes acudir a cualquier oficina del SEPE con tu DNI y solicitar la informaci\u00f3n al personal encargado.<\/p>\n<p>En cualquier caso, es importante que tengas a mano tu n\u00famero de afiliaci\u00f3n a la Seguridad Social y los datos de tu \u00faltima n\u00f3mina para facilitar el proceso.<\/p>\n<\/section>\n<section>\n<h2><span class=\"ez-toc-section\" id=\"Mi_experiencia_personal\"><\/span>Mi experiencia personal<span class=\"ez-toc-section-end\"><\/span><\/h2>\n<p>Cuando me qued\u00e9 sin trabajo, lo primero que hice fue buscar informaci\u00f3n sobre c\u00f3mo saber cu\u00e1nto me quedaba de paro. Despu\u00e9s de investigar un poco, decid\u00ed hacer la consulta a trav\u00e9s de la p\u00e1gina web del SEPE y la verdad es que el proceso fue muy sencillo y r\u00e1pido.<\/p>\n<p>En menos de cinco minutos pude saber cu\u00e1nto tiempo me quedaba de paro y planificar mi econom\u00eda en consecuencia. Aunque tambi\u00e9n es cierto que me sent\u00ed un poco triste al ver que mi prestaci\u00f3n por desempleo ten\u00eda fecha de caducidad.<\/p>\n<p>En cualquier caso, estoy muy agradecida por contar con esta ayuda econ\u00f3mica mientras busco un nuevo empleo.<\/p>\n<\/section>\n<section>\n<h2><span class=\"ez-toc-section\" id=\"Preguntas_frecuentes\"><\/span>Preguntas frecuentes<span class=\"ez-toc-section-end\"><\/span><\/h2>\n<h3><span class=\"ez-toc-section\" id=\"%C2%BFCuanto_tiempo_puedo_cobrar_el_paro\"><\/span>\u00bfCu\u00e1nto tiempo puedo cobrar el paro?<span class=\"ez-toc-section-end\"><\/span><\/h3>\n<p>Depende del tiempo que hayas cotizado a la Seguridad Social. En general, se puede cobrar el paro durante un m\u00e1ximo de 24 meses si has cotizado m\u00e1s de 360 d\u00edas, y durante un m\u00e1ximo de 12 meses si has cotizado entre 180 y 359 d\u00edas.<\/p>\n<h3><span class=\"ez-toc-section\" id=\"%C2%BFComo_se_calcula_la_prestacion_por_desempleo\"><\/span>\u00bfC\u00f3mo se calcula la prestaci\u00f3n por desempleo?<span class=\"ez-toc-section-end\"><\/span><\/h3>\n<p>La prestaci\u00f3n por desempleo se calcula en funci\u00f3n de la base reguladora, que es el promedio de las bases de cotizaci\u00f3n de los \u00faltimos 180 d\u00edas trabajados. El importe de la prestaci\u00f3n depender\u00e1 de la duraci\u00f3n del periodo de carencia y del tiempo cotizado a la Seguridad Social.<\/p>\n<h3><span class=\"ez-toc-section\" id=\"%C2%BFPuedo_solicitar_la_prestacion_por_desempleo_si_he_trabajado_en_el_extranjero\"><\/span>\u00bfPuedo solicitar la prestaci\u00f3n por desempleo si he trabajado en el extranjero?<span class=\"ez-toc-section-end\"><\/span><\/h3>\n<p>S\u00ed, siempre y cuando hayas cotizado a la Seguridad Social en Espa\u00f1a durante un periodo m\u00ednimo de 360 d\u00edas en los \u00faltimos seis a\u00f1os. En ese caso, puedes solicitar la prestaci\u00f3n por desempleo a trav\u00e9s de la oficina del SEPE correspondiente a tu lugar de residencia.<\/p>\n<\/section>\n<footer>\n<p>\u00a9 2023 Ana Gonz\u00e1lez<\/p>\n<\/footer>\n","protected":false},"excerpt":{"rendered":"<p>C\u00f3mo Saber Cu\u00e1nto Me Queda De Paro &#8211; Gu\u00eda Completa Curiosidades e informaci\u00f3n interesante El paro es una prestaci\u00f3n econ\u00f3mica que ayuda a las personas que han perdido su empleo a subsistir hasta que encuentren otro trabajo. En Espa\u00f1a, la duraci\u00f3n de la prestaci\u00f3n por desempleo depende del tiempo que hayas cotizado a la Seguridad &#8230; <a title=\"C\u00f3mo saber cuanto me queda de paro\" class=\"read-more\" href=\"https:\/\/dudasytextos.com\/como-saber\/como-saber-cuanto-me-queda-de-paro\/\" aria-label=\"M\u00e1s en C\u00f3mo saber cuanto me queda de paro\">Leer m\u00e1s<\/a><\/p>\n","protected":false},"author":1,"featured_media":0,"comment_status":"open","ping_status":"open","sticky":false,"template":"","format":"standard","meta":{"footnotes":""},"categories":[10,3],"tags":[],"class_list":["post-134893","post","type-post","status-publish","format-standard","hentry","category-paro","category-como-saber"],"aioseo_notices":[],"aioseo_head":"\n\t\t<!-- All in One SEO 5.0.1.1 - aioseo.com -->\n\t<meta name=\"description\" content=\"C\u00f3mo Saber Cu\u00e1nto Me Queda De Paro - Gu\u00eda Completa Curiosidades e informaci\u00f3n interesante El paro es una prestaci\u00f3n econ\u00f3mica que ayuda a las personas que han perdido su empleo a subsistir hasta que encuentren otro trabajo. En Espa\u00f1a, la duraci\u00f3n de la prestaci\u00f3n por desempleo depende del tiempo que hayas cotizado a la Seguridad\" \/>\n\t<meta name=\"robots\" content=\"max-snippet:-1, max-image-preview:large, max-video-preview:-1\" \/>\n\t<meta name=\"author\" content=\"Ana Gonz\u00e1lez\"\/>\n\t<link rel=\"canonical\" href=\"https:\/\/dudasytextos.com\/como-saber\/como-saber-cuanto-me-queda-de-paro\/\" \/>\n\t<meta name=\"generator\" content=\"All in One SEO (AIOSEO) 5.0.1.1\" \/>\n\n\t\t<!-- Google tag (gtag.js) -->\n<script async src=\"https:\/\/www.googletagmanager.com\/gtag\/js?id=G-70CBWDK9PY\"><\/script>\n<script>\n  window.dataLayer = window.dataLayer || [];\n  function gtag(){dataLayer.push(arguments);}\n  gtag('js', new Date());\n\n  gtag('config', 'G-70CBWDK9PY');\n<\/script>\n<script async src=\"https:\/\/pagead2.googlesyndication.com\/pagead\/js\/adsbygoogle.js?client=ca-pub-3987500858204711\"\n     crossorigin=\"anonymous\"><\/script>\n\t\t<meta property=\"og:locale\" content=\"es_ES\" \/>\n\t\t<meta property=\"og:site_name\" content=\"\u00bfC\u00f3mo Saberlo? - \u00bfC\u00f3mo Saberlo?\" \/>\n\t\t<meta property=\"og:type\" content=\"article\" \/>\n\t\t<meta property=\"og:title\" content=\"C\u00f3mo saber cuanto me queda de paro (2026) \u00bfC\u00f3mo Saberlo?\" \/>\n\t\t<meta property=\"og:description\" content=\"C\u00f3mo Saber Cu\u00e1nto Me Queda De Paro - Gu\u00eda Completa Curiosidades e informaci\u00f3n interesante El paro es una prestaci\u00f3n econ\u00f3mica que ayuda a las personas que han perdido su empleo a subsistir hasta que encuentren otro trabajo. En Espa\u00f1a, la duraci\u00f3n de la prestaci\u00f3n por desempleo depende del tiempo que hayas cotizado a la Seguridad\" \/>\n\t\t<meta property=\"og:url\" content=\"https:\/\/dudasytextos.com\/como-saber\/como-saber-cuanto-me-queda-de-paro\/\" \/>\n\t\t<meta property=\"article:published_time\" content=\"2025-02-27T04:46:23+00:00\" \/>\n\t\t<meta property=\"article:modified_time\" content=\"2025-03-13T02:51:01+00:00\" \/>\n\t\t<meta name=\"twitter:card\" content=\"summary_large_image\" \/>\n\t\t<meta name=\"twitter:title\" content=\"C\u00f3mo saber cuanto me queda de paro (2026) \u00bfC\u00f3mo Saberlo?\" \/>\n\t\t<meta name=\"twitter:description\" content=\"C\u00f3mo Saber Cu\u00e1nto Me Queda De Paro - Gu\u00eda Completa Curiosidades e informaci\u00f3n interesante El paro es una prestaci\u00f3n econ\u00f3mica que ayuda a las personas que han perdido su empleo a subsistir hasta que encuentren otro trabajo. En Espa\u00f1a, la duraci\u00f3n de la prestaci\u00f3n por desempleo depende del tiempo que hayas cotizado a la Seguridad\" \/>\n\t\t<script type=\"application\/ld+json\" class=\"aioseo-schema\">\n\t\t\t{\"@context\":\"https:\\\/\\\/schema.org\",\"@graph\":[{\"@type\":\"BlogPosting\",\"@id\":\"https:\\\/\\\/dudasytextos.com\\\/como-saber\\\/como-saber-cuanto-me-queda-de-paro\\\/#blogposting\",\"name\":\"C\\u00f3mo saber cuanto me queda de paro (2026) \\u00bfC\\u00f3mo Saberlo?\",\"headline\":\"C\\u00f3mo saber cuanto me queda de paro\",\"author\":{\"@id\":\"https:\\\/\\\/dudasytextos.com\\\/como-saber\\\/author\\\/admin23\\\/#author\"},\"publisher\":{\"@id\":\"https:\\\/\\\/dudasytextos.com\\\/como-saber\\\/#organization\"},\"datePublished\":\"2025-02-27T04:46:23+00:00\",\"dateModified\":\"2025-03-13T02:51:01+00:00\",\"inLanguage\":\"es-ES\",\"mainEntityOfPage\":{\"@id\":\"https:\\\/\\\/dudasytextos.com\\\/como-saber\\\/como-saber-cuanto-me-queda-de-paro\\\/#webpage\"},\"isPartOf\":{\"@id\":\"https:\\\/\\\/dudasytextos.com\\\/como-saber\\\/como-saber-cuanto-me-queda-de-paro\\\/#webpage\"},\"articleSection\":\"Paro, \\u00bfC\\u00f3mo saber?\"},{\"@type\":\"BreadcrumbList\",\"@id\":\"https:\\\/\\\/dudasytextos.com\\\/como-saber\\\/como-saber-cuanto-me-queda-de-paro\\\/#breadcrumblist\",\"itemListElement\":[{\"@type\":\"ListItem\",\"@id\":\"https:\\\/\\\/dudasytextos.com\\\/como-saber#listItem\",\"position\":1,\"name\":\"Home\",\"item\":\"https:\\\/\\\/dudasytextos.com\\\/como-saber\",\"nextItem\":{\"@type\":\"ListItem\",\"@id\":\"https:\\\/\\\/dudasytextos.com\\\/como-saber\\\/category\\\/como-saber\\\/#listItem\",\"name\":\"\\u00bfC\\u00f3mo saber?\"}},{\"@type\":\"ListItem\",\"@id\":\"https:\\\/\\\/dudasytextos.com\\\/como-saber\\\/category\\\/como-saber\\\/#listItem\",\"position\":2,\"name\":\"\\u00bfC\\u00f3mo saber?\",\"item\":\"https:\\\/\\\/dudasytextos.com\\\/como-saber\\\/category\\\/como-saber\\\/\",\"nextItem\":{\"@type\":\"ListItem\",\"@id\":\"https:\\\/\\\/dudasytextos.com\\\/como-saber\\\/como-saber-cuanto-me-queda-de-paro\\\/#listItem\",\"name\":\"C\\u00f3mo saber cuanto me queda de paro\"},\"previousItem\":{\"@type\":\"ListItem\",\"@id\":\"https:\\\/\\\/dudasytextos.com\\\/como-saber#listItem\",\"name\":\"Home\"}},{\"@type\":\"ListItem\",\"@id\":\"https:\\\/\\\/dudasytextos.com\\\/como-saber\\\/como-saber-cuanto-me-queda-de-paro\\\/#listItem\",\"position\":3,\"name\":\"C\\u00f3mo saber cuanto me queda de paro\",\"previousItem\":{\"@type\":\"ListItem\",\"@id\":\"https:\\\/\\\/dudasytextos.com\\\/como-saber\\\/category\\\/como-saber\\\/#listItem\",\"name\":\"\\u00bfC\\u00f3mo saber?\"}}]},{\"@type\":\"Organization\",\"@id\":\"https:\\\/\\\/dudasytextos.com\\\/como-saber\\\/#organization\",\"name\":\"Recipes\",\"description\":\"\\u00bfC\\u00f3mo Saberlo?\",\"url\":\"https:\\\/\\\/dudasytextos.com\\\/como-saber\\\/\"},{\"@type\":\"Person\",\"@id\":\"https:\\\/\\\/dudasytextos.com\\\/como-saber\\\/author\\\/admin23\\\/#author\",\"url\":\"https:\\\/\\\/dudasytextos.com\\\/como-saber\\\/author\\\/admin23\\\/\",\"name\":\"Ana Gonz\\u00e1lez\"},{\"@type\":\"WebPage\",\"@id\":\"https:\\\/\\\/dudasytextos.com\\\/como-saber\\\/como-saber-cuanto-me-queda-de-paro\\\/#webpage\",\"url\":\"https:\\\/\\\/dudasytextos.com\\\/como-saber\\\/como-saber-cuanto-me-queda-de-paro\\\/\",\"name\":\"C\\u00f3mo saber cuanto me queda de paro (2026) \\u00bfC\\u00f3mo Saberlo?\",\"description\":\"C\\u00f3mo Saber Cu\\u00e1nto Me Queda De Paro - Gu\\u00eda Completa Curiosidades e informaci\\u00f3n interesante El paro es una prestaci\\u00f3n econ\\u00f3mica que ayuda a las personas que han perdido su empleo a subsistir hasta que encuentren otro trabajo. En Espa\\u00f1a, la duraci\\u00f3n de la prestaci\\u00f3n por desempleo depende del tiempo que hayas cotizado a la Seguridad\",\"inLanguage\":\"es-ES\",\"isPartOf\":{\"@id\":\"https:\\\/\\\/dudasytextos.com\\\/como-saber\\\/#website\"},\"breadcrumb\":{\"@id\":\"https:\\\/\\\/dudasytextos.com\\\/como-saber\\\/como-saber-cuanto-me-queda-de-paro\\\/#breadcrumblist\"},\"author\":{\"@id\":\"https:\\\/\\\/dudasytextos.com\\\/como-saber\\\/author\\\/admin23\\\/#author\"},\"creator\":{\"@id\":\"https:\\\/\\\/dudasytextos.com\\\/como-saber\\\/author\\\/admin23\\\/#author\"},\"datePublished\":\"2025-02-27T04:46:23+00:00\",\"dateModified\":\"2025-03-13T02:51:01+00:00\"},{\"@type\":\"WebSite\",\"@id\":\"https:\\\/\\\/dudasytextos.com\\\/como-saber\\\/#website\",\"url\":\"https:\\\/\\\/dudasytextos.com\\\/como-saber\\\/\",\"name\":\"Recipes\",\"description\":\"\\u00bfC\\u00f3mo Saberlo?\",\"inLanguage\":\"es-ES\",\"publisher\":{\"@id\":\"https:\\\/\\\/dudasytextos.com\\\/como-saber\\\/#organization\"}}]}\n\t\t<\/script>\n\t\t<!-- All in One SEO -->\n\n","aioseo_head_json":{"title":"C\u00f3mo saber cuanto me queda de paro (2026) \u00bfC\u00f3mo Saberlo?","description":"C\u00f3mo Saber Cu\u00e1nto Me Queda De Paro - Gu\u00eda Completa Curiosidades e informaci\u00f3n interesante El paro es una prestaci\u00f3n econ\u00f3mica que ayuda a las personas que han perdido su empleo a subsistir hasta que encuentren otro trabajo. En Espa\u00f1a, la duraci\u00f3n de la prestaci\u00f3n por desempleo depende del tiempo que hayas cotizado a la Seguridad","canonical_url":"https:\/\/dudasytextos.com\/como-saber\/como-saber-cuanto-me-queda-de-paro\/","robots":"max-snippet:-1, max-image-preview:large, max-video-preview:-1","keywords":"","webmasterTools":{"miscellaneous":"&lt;!-- Google tag (gtag.js) --&gt;\n&lt;script async src=\"https:\/\/www.googletagmanager.com\/gtag\/js?id=G-70CBWDK9PY\"&gt;&lt;\/script&gt;\n&lt;script&gt;\n  window.dataLayer = window.dataLayer || [];\n  function gtag(){dataLayer.push(arguments);}\n  gtag('js', new Date());\n\n  gtag('config', 'G-70CBWDK9PY');\n&lt;\/script&gt;\n&lt;script async src=\"https:\/\/pagead2.googlesyndication.com\/pagead\/js\/adsbygoogle.js?client=ca-pub-3987500858204711\"\n     crossorigin=\"anonymous\"&gt;&lt;\/script&gt;"},"schema":{"@context":"https:\/\/schema.org","@graph":[{"@type":"BlogPosting","@id":"https:\/\/dudasytextos.com\/como-saber\/como-saber-cuanto-me-queda-de-paro\/#blogposting","name":"C\u00f3mo saber cuanto me queda de paro (2026) \u00bfC\u00f3mo Saberlo?","headline":"C\u00f3mo saber cuanto me queda de paro","author":{"@id":"https:\/\/dudasytextos.com\/como-saber\/author\/admin23\/#author"},"publisher":{"@id":"https:\/\/dudasytextos.com\/como-saber\/#organization"},"datePublished":"2025-02-27T04:46:23+00:00","dateModified":"2025-03-13T02:51:01+00:00","inLanguage":"es-ES","mainEntityOfPage":{"@id":"https:\/\/dudasytextos.com\/como-saber\/como-saber-cuanto-me-queda-de-paro\/#webpage"},"isPartOf":{"@id":"https:\/\/dudasytextos.com\/como-saber\/como-saber-cuanto-me-queda-de-paro\/#webpage"},"articleSection":"Paro, \u00bfC\u00f3mo saber?"},{"@type":"BreadcrumbList","@id":"https:\/\/dudasytextos.com\/como-saber\/como-saber-cuanto-me-queda-de-paro\/#breadcrumblist","itemListElement":[{"@type":"ListItem","@id":"https:\/\/dudasytextos.com\/como-saber#listItem","position":1,"name":"Home","item":"https:\/\/dudasytextos.com\/como-saber","nextItem":{"@type":"ListItem","@id":"https:\/\/dudasytextos.com\/como-saber\/category\/como-saber\/#listItem","name":"\u00bfC\u00f3mo saber?"}},{"@type":"ListItem","@id":"https:\/\/dudasytextos.com\/como-saber\/category\/como-saber\/#listItem","position":2,"name":"\u00bfC\u00f3mo saber?","item":"https:\/\/dudasytextos.com\/como-saber\/category\/como-saber\/","nextItem":{"@type":"ListItem","@id":"https:\/\/dudasytextos.com\/como-saber\/como-saber-cuanto-me-queda-de-paro\/#listItem","name":"C\u00f3mo saber cuanto me queda de paro"},"previousItem":{"@type":"ListItem","@id":"https:\/\/dudasytextos.com\/como-saber#listItem","name":"Home"}},{"@type":"ListItem","@id":"https:\/\/dudasytextos.com\/como-saber\/como-saber-cuanto-me-queda-de-paro\/#listItem","position":3,"name":"C\u00f3mo saber cuanto me queda de paro","previousItem":{"@type":"ListItem","@id":"https:\/\/dudasytextos.com\/como-saber\/category\/como-saber\/#listItem","name":"\u00bfC\u00f3mo saber?"}}]},{"@type":"Organization","@id":"https:\/\/dudasytextos.com\/como-saber\/#organization","name":"Recipes","description":"\u00bfC\u00f3mo Saberlo?","url":"https:\/\/dudasytextos.com\/como-saber\/"},{"@type":"Person","@id":"https:\/\/dudasytextos.com\/como-saber\/author\/admin23\/#author","url":"https:\/\/dudasytextos.com\/como-saber\/author\/admin23\/","name":"Ana Gonz\u00e1lez"},{"@type":"WebPage","@id":"https:\/\/dudasytextos.com\/como-saber\/como-saber-cuanto-me-queda-de-paro\/#webpage","url":"https:\/\/dudasytextos.com\/como-saber\/como-saber-cuanto-me-queda-de-paro\/","name":"C\u00f3mo saber cuanto me queda de paro (2026) \u00bfC\u00f3mo Saberlo?","description":"C\u00f3mo Saber Cu\u00e1nto Me Queda De Paro - Gu\u00eda Completa Curiosidades e informaci\u00f3n interesante El paro es una prestaci\u00f3n econ\u00f3mica que ayuda a las personas que han perdido su empleo a subsistir hasta que encuentren otro trabajo. En Espa\u00f1a, la duraci\u00f3n de la prestaci\u00f3n por desempleo depende del tiempo que hayas cotizado a la Seguridad","inLanguage":"es-ES","isPartOf":{"@id":"https:\/\/dudasytextos.com\/como-saber\/#website"},"breadcrumb":{"@id":"https:\/\/dudasytextos.com\/como-saber\/como-saber-cuanto-me-queda-de-paro\/#breadcrumblist"},"author":{"@id":"https:\/\/dudasytextos.com\/como-saber\/author\/admin23\/#author"},"creator":{"@id":"https:\/\/dudasytextos.com\/como-saber\/author\/admin23\/#author"},"datePublished":"2025-02-27T04:46:23+00:00","dateModified":"2025-03-13T02:51:01+00:00"},{"@type":"WebSite","@id":"https:\/\/dudasytextos.com\/como-saber\/#website","url":"https:\/\/dudasytextos.com\/como-saber\/","name":"Recipes","description":"\u00bfC\u00f3mo Saberlo?","inLanguage":"es-ES","publisher":{"@id":"https:\/\/dudasytextos.com\/como-saber\/#organization"}}]},"og:locale":"es_ES","og:site_name":"\u00bfC\u00f3mo Saberlo? - \u00bfC\u00f3mo Saberlo?","og:type":"article","og:title":"C\u00f3mo saber cuanto me queda de paro (2026) \u00bfC\u00f3mo Saberlo?","og:description":"C\u00f3mo Saber Cu\u00e1nto Me Queda De Paro - Gu\u00eda Completa Curiosidades e informaci\u00f3n interesante El paro es una prestaci\u00f3n econ\u00f3mica que ayuda a las personas que han perdido su empleo a subsistir hasta que encuentren otro trabajo. En Espa\u00f1a, la duraci\u00f3n de la prestaci\u00f3n por desempleo depende del tiempo que hayas cotizado a la Seguridad","og:url":"https:\/\/dudasytextos.com\/como-saber\/como-saber-cuanto-me-queda-de-paro\/","article:published_time":"2025-02-27T04:46:23+00:00","article:modified_time":"2025-03-13T02:51:01+00:00","twitter:card":"summary_large_image","twitter:title":"C\u00f3mo saber cuanto me queda de paro (2026) \u00bfC\u00f3mo Saberlo?","twitter:description":"C\u00f3mo Saber Cu\u00e1nto Me Queda De Paro - Gu\u00eda Completa Curiosidades e informaci\u00f3n interesante El paro es una prestaci\u00f3n econ\u00f3mica que ayuda a las personas que han perdido su empleo a subsistir hasta que encuentren otro trabajo. En Espa\u00f1a, la duraci\u00f3n de la prestaci\u00f3n por desempleo depende del tiempo que hayas cotizado a la Seguridad"},"aioseo_meta_data":{"post_id":"134893","title":null,"description":null,"keywords":null,"keyphrases":null,"primary_term":null,"canonical_url":null,"og_title":null,"og_description":null,"og_object_type":"default","og_image_type":"default","og_image_url":null,"og_image_width":null,"og_image_height":null,"og_image_custom_url":null,"og_image_custom_fields":null,"og_video":null,"og_custom_url":null,"og_article_section":null,"og_article_tags":null,"twitter_use_og":false,"twitter_card":"default","twitter_image_type":"default","twitter_image_url":null,"twitter_image_custom_url":null,"twitter_image_custom_fields":null,"twitter_title":null,"twitter_description":null,"schema":{"blockGraphs":[],"customGraphs":[],"default":{"data":{"Article":[],"Course":[],"Dataset":[],"FAQPage":[],"Movie":[],"Person":[],"Product":[],"ProductReview":[],"Car":[],"Recipe":[],"Service":[],"SoftwareApplication":[],"WebPage":[]},"graphName":"","isEnabled":true},"graphs":[]},"schema_type":"default","schema_type_options":null,"pillar_content":false,"robots_default":true,"robots_noindex":false,"robots_noarchive":false,"robots_nosnippet":false,"robots_nofollow":false,"robots_noimageindex":false,"robots_noodp":false,"robots_notranslate":false,"robots_max_snippet":null,"robots_max_videopreview":null,"robots_max_imagepreview":"large","priority":null,"frequency":null,"local_seo":null,"breadcrumb_settings":null,"limit_modified_date":false,"ai":null,"created":"2023-05-01 17:03:11","updated":"2025-06-04 07:16:56","seo_analyzer_scan_date":null,"focus_keyword":null,"additional_keywords":null,"truseo_locale":null},"aioseo_breadcrumb":"<div class=\"aioseo-breadcrumbs\"><span class=\"aioseo-breadcrumb\">\n\t\t\t<a href=\"https:\/\/dudasytextos.com\/como-saber\" title=\"Home\">Home<\/a>\n\t\t<\/span><span class=\"aioseo-breadcrumb-separator\">&raquo;<\/span><span class=\"aioseo-breadcrumb\">\n\t\t\t<a href=\"https:\/\/dudasytextos.com\/como-saber\/category\/como-saber\/\" title=\"\u00bfC\u00f3mo saber?\">\u00bfC\u00f3mo saber?<\/a>\n\t\t<\/span><span class=\"aioseo-breadcrumb-separator\">&raquo;<\/span><span class=\"aioseo-breadcrumb\">\n\t\t\tC\u00f3mo saber cuanto me queda de paro\n\t\t<\/span><\/div>","aioseo_breadcrumb_json":[{"label":"Home","link":"https:\/\/dudasytextos.com\/como-saber"},{"label":"\u00bfC\u00f3mo saber?","link":"https:\/\/dudasytextos.com\/como-saber\/category\/como-saber\/"},{"label":"C\u00f3mo saber cuanto me queda de paro","link":"https:\/\/dudasytextos.com\/como-saber\/como-saber-cuanto-me-queda-de-paro\/"}],"_links":{"self":[{"href":"https:\/\/dudasytextos.com\/como-saber\/wp-json\/wp\/v2\/posts\/134893","targetHints":{"allow":["GET"]}}],"collection":[{"href":"https:\/\/dudasytextos.com\/como-saber\/wp-json\/wp\/v2\/posts"}],"about":[{"href":"https:\/\/dudasytextos.com\/como-saber\/wp-json\/wp\/v2\/types\/post"}],"author":[{"embeddable":true,"href":"https:\/\/dudasytextos.com\/como-saber\/wp-json\/wp\/v2\/users\/1"}],"replies":[{"embeddable":true,"href":"https:\/\/dudasytextos.com\/como-saber\/wp-json\/wp\/v2\/comments?post=134893"}],"version-history":[{"count":1,"href":"https:\/\/dudasytextos.com\/como-saber\/wp-json\/wp\/v2\/posts\/134893\/revisions"}],"predecessor-version":[{"id":141108,"href":"https:\/\/dudasytextos.com\/como-saber\/wp-json\/wp\/v2\/posts\/134893\/revisions\/141108"}],"wp:attachment":[{"href":"https:\/\/dudasytextos.com\/como-saber\/wp-json\/wp\/v2\/media?parent=134893"}],"wp:term":[{"taxonomy":"category","embeddable":true,"href":"https:\/\/dudasytextos.com\/como-saber\/wp-json\/wp\/v2\/categories?post=134893"},{"taxonomy":"post_tag","embeddable":true,"href":"https:\/\/dudasytextos.com\/como-saber\/wp-json\/wp\/v2\/tags?post=134893"}],"curies":[{"name":"wp","href":"https:\/\/api.w.org\/{rel}","templated":true}]}}