{"id":134939,"date":"2025-03-06T12:09:16","date_gmt":"2025-03-06T12:09:16","guid":{"rendered":"https:\/\/educacion.cc\/?p=134939"},"modified":"2025-03-12T17:33:24","modified_gmt":"2025-03-12T17:33:24","slug":"como-saber-si-me-corresponde-subida-del-salario-minimo","status":"publish","type":"post","link":"https:\/\/dudasytextos.com\/como-saber\/como-saber-si-me-corresponde-subida-del-salario-minimo\/","title":{"rendered":"C\u00f3mo saber si me corresponde subida del salario m\u00ednimo"},"content":{"rendered":"<div id=\"ez-toc-container\" class=\"ez-toc-v2_0_87 counter-hierarchy ez-toc-counter ez-toc-custom ez-toc-container-direction\">\n<div class=\"ez-toc-title-container\">\n<span class=\"ez-toc-title-toggle\"><\/span><\/div>\n<nav><ul class='ez-toc-list ez-toc-list-level-1 ' ><li class='ez-toc-page-1 ez-toc-heading-level-2'><a class=\"ez-toc-link ez-toc-heading-1\" href=\"https:\/\/dudasytextos.com\/como-saber\/como-saber-si-me-corresponde-subida-del-salario-minimo\/#%C2%BFComo_saber_si_me_corresponde_subida_del_salario_minimo\" >\u00bfC\u00f3mo saber si me corresponde subida del salario m\u00ednimo?<\/a><\/li><li class='ez-toc-page-1 ez-toc-heading-level-2'><a class=\"ez-toc-link ez-toc-heading-2\" href=\"https:\/\/dudasytextos.com\/como-saber\/como-saber-si-me-corresponde-subida-del-salario-minimo\/#Curiosidades_sobre_la_subida_del_salario_minimo_en_Espana\" >Curiosidades sobre la subida del salario m\u00ednimo en Espa\u00f1a<\/a><\/li><li class='ez-toc-page-1 ez-toc-heading-level-2'><a class=\"ez-toc-link ez-toc-heading-3\" href=\"https:\/\/dudasytextos.com\/como-saber\/como-saber-si-me-corresponde-subida-del-salario-minimo\/#Criterios_para_saber_si_te_corresponde_la_subida_del_salario_minimo\" >Criterios para saber si te corresponde la subida del salario m\u00ednimo<\/a><\/li><li class='ez-toc-page-1 ez-toc-heading-level-2'><a class=\"ez-toc-link ez-toc-heading-4\" href=\"https:\/\/dudasytextos.com\/como-saber\/como-saber-si-me-corresponde-subida-del-salario-minimo\/#%C2%BFComo_puedo_saber_si_me_corresponde_la_subida_del_salario_minimo\" >\u00bfC\u00f3mo puedo saber si me corresponde la subida del salario m\u00ednimo?<\/a><\/li><li class='ez-toc-page-1 ez-toc-heading-level-2'><a class=\"ez-toc-link ez-toc-heading-5\" href=\"https:\/\/dudasytextos.com\/como-saber\/como-saber-si-me-corresponde-subida-del-salario-minimo\/#Preguntas_frecuentes_sobre_la_subida_del_salario_minimo\" >Preguntas frecuentes sobre la subida del salario m\u00ednimo<\/a><ul class='ez-toc-list-level-3' ><li class='ez-toc-heading-level-3'><a class=\"ez-toc-link ez-toc-heading-6\" href=\"https:\/\/dudasytextos.com\/como-saber\/como-saber-si-me-corresponde-subida-del-salario-minimo\/#%C2%BFComo_se_calcula_el_salario_minimo_interprofesional\" >\u00bfC\u00f3mo se calcula el salario m\u00ednimo interprofesional?<\/a><\/li><li class='ez-toc-page-1 ez-toc-heading-level-3'><a class=\"ez-toc-link ez-toc-heading-7\" href=\"https:\/\/dudasytextos.com\/como-saber\/como-saber-si-me-corresponde-subida-del-salario-minimo\/#%C2%BFCual_es_el_salario_minimo_para_los_trabajadores_a_tiempo_parcial\" >\u00bfCu\u00e1l es el salario m\u00ednimo para los trabajadores a tiempo parcial?<\/a><\/li><li class='ez-toc-page-1 ez-toc-heading-level-3'><a class=\"ez-toc-link ez-toc-heading-8\" href=\"https:\/\/dudasytextos.com\/como-saber\/como-saber-si-me-corresponde-subida-del-salario-minimo\/#%C2%BFQue_pasa_si_mi_empresa_no_me_aplica_la_subida_del_salario_minimo\" >\u00bfQu\u00e9 pasa si mi empresa no me aplica la subida del salario m\u00ednimo?<\/a><\/li><li class='ez-toc-page-1 ez-toc-heading-level-3'><a class=\"ez-toc-link ez-toc-heading-9\" href=\"https:\/\/dudasytextos.com\/como-saber\/como-saber-si-me-corresponde-subida-del-salario-minimo\/#%C2%BFPuedo_negociar_mi_salario_con_mi_empresa\" >\u00bfPuedo negociar mi salario con mi empresa?<\/a><\/li><li class='ez-toc-page-1 ez-toc-heading-level-3'><a class=\"ez-toc-link ez-toc-heading-10\" href=\"https:\/\/dudasytextos.com\/como-saber\/como-saber-si-me-corresponde-subida-del-salario-minimo\/#%C2%BFQue_puedo_hacer_si_considero_que_mi_salario_no_es_justo\" >\u00bfQu\u00e9 puedo hacer si considero que mi salario no es justo?<\/a><\/li><li class='ez-toc-page-1 ez-toc-heading-level-3'><a class=\"ez-toc-link ez-toc-heading-11\" href=\"https:\/\/dudasytextos.com\/como-saber\/como-saber-si-me-corresponde-subida-del-salario-minimo\/#%C2%BFComo_puedo_mejorar_mi_salario\" >\u00bfC\u00f3mo puedo mejorar mi salario?<\/a><\/li><\/ul><\/li><\/ul><\/nav><\/div>\n<h2><span class=\"ez-toc-section\" id=\"%C2%BFComo_saber_si_me_corresponde_subida_del_salario_minimo\"><\/span>\u00bfC\u00f3mo saber si me corresponde subida del salario m\u00ednimo?<span class=\"ez-toc-section-end\"><\/span><\/h2>\n<p>Si eres trabajador o trabajadora en Espa\u00f1a, seguro que te has preguntado alguna vez si te corresponde la subida del salario m\u00ednimo. En este art\u00edculo te explicamos todo lo que necesitas saber.<\/p>\n<section>\n<h2><span class=\"ez-toc-section\" id=\"Curiosidades_sobre_la_subida_del_salario_minimo_en_Espana\"><\/span>Curiosidades sobre la subida del salario m\u00ednimo en Espa\u00f1a<span class=\"ez-toc-section-end\"><\/span><\/h2>\n<ul>\n<li>El salario m\u00ednimo interprofesional (SMI) en Espa\u00f1a se establece anualmente mediante un Real Decreto.<\/li>\n<li>En 2020, el SMI se ha fijado en 950 euros mensuales, lo que supone un aumento del 5,5% respecto al <a href=\"https:\/\/dudasytextos.com\/como-saber\/como-saber-el-siglo-segun-el-ano\/\">a\u00f1o<\/a> anterior.<\/li>\n<li>Este aumento ha sido el m\u00e1s elevado en los \u00faltimos a\u00f1os, y ha sido objeto de pol\u00e9mica entre partidos pol\u00edticos y agentes sociales.<\/li>\n<\/ul>\n<p>La subida del salario m\u00ednimo es una medida que afecta a millones de trabajadores y trabajadoras en Espa\u00f1a. Si eres uno de ellos, seguramente te interese saber si te corresponde o no la subida. A continuaci\u00f3n, te explicamos algunos criterios para averiguarlo.<\/p>\n<h2><span class=\"ez-toc-section\" id=\"Criterios_para_saber_si_te_corresponde_la_subida_del_salario_minimo\"><\/span>Criterios para saber si te corresponde la subida del salario m\u00ednimo<span class=\"ez-toc-section-end\"><\/span><\/h2>\n<p>El salario m\u00ednimo interprofesional se establece en funci\u00f3n de la jornada laboral y el tipo de contrato. Por tanto, para saber si te corresponde la subida, debes tener en cuenta los siguientes criterios:<\/p>\n<ul>\n<li><strong>Jornada laboral:<\/strong> si trabajas a tiempo completo, es decir, 40 horas semanales, te corresponde el salario m\u00ednimo \u00edntegro. Si trabajas a tiempo parcial, el salario se abonar\u00e1 de forma proporcional al tiempo trabajado.<\/li>\n<li><strong>Tipo de contrato:<\/strong> el salario m\u00ednimo var\u00eda seg\u00fan el tipo de contrato. En general, si tienes un contrato indefinido, te corresponde el salario m\u00ednimo completo. Si tienes un contrato temporal, el salario se ajustar\u00e1 en proporci\u00f3n al tiempo trabajado.<\/li>\n<li><strong>Edad:<\/strong> si eres menor de 18 a\u00f1os, te corresponde un salario m\u00ednimo inferior al establecido para el resto de trabajadores. Si eres mayor de 18 a\u00f1os pero menor de 21, el salario m\u00ednimo tambi\u00e9n es inferior al general.<\/li>\n<li><strong>Discapacidad:<\/strong> si tienes una discapacidad reconocida, te corresponde un salario m\u00ednimo superior al general.<\/li>\n<\/ul>\n<p>Estos son los criterios m\u00e1s relevantes para saber si te corresponde la subida del salario m\u00ednimo. Si cumples alguno de ellos, es probable que te beneficies de la subida. Pero no te preocupes si no est\u00e1s seguro, m\u00e1s adelante te explicamos c\u00f3mo puedes comprobarlo.<\/p>\n<h2><span class=\"ez-toc-section\" id=\"%C2%BFComo_puedo_saber_si_me_corresponde_la_subida_del_salario_minimo\"><\/span>\u00bfC\u00f3mo puedo saber si me corresponde la subida del salario m\u00ednimo?<span class=\"ez-toc-section-end\"><\/span><\/h2>\n<p>Existen diferentes formas de comprobar si te corresponde la subida del salario m\u00ednimo. A continuaci\u00f3n, te explicamos algunas de ellas:<\/p>\n<ul>\n<li><strong>Consultar con tu empresa:<\/strong> lo m\u00e1s sencillo es preguntar a tu empresa si se ha aplicado la subida y c\u00f3mo te afecta. Tu empresa debe informarte de cualquier cambio en tu salario.<\/li>\n<li><strong>Consultar con tu sindicato:<\/strong> si est\u00e1s afiliado a un sindicato, puedes consultar con ellos si te corresponde la subida y c\u00f3mo reclamarla si no se ha aplicado.<\/li>\n<li><strong>Consultar con el Servicio P\u00fablico de Empleo Estatal (SEPE):<\/strong> el SEPE dispone de informaci\u00f3n sobre el salario m\u00ednimo y los criterios para su aplicaci\u00f3n. Puedes consultarlo en su p\u00e1gina web o acudir a una oficina.<\/li>\n<\/ul>\n<p>Estas son algunas de las formas de comprobar si te corresponde la subida del salario m\u00ednimo. Si no est\u00e1s seguro, no dudes en preguntar a los expertos.<\/p>\n<h2><span class=\"ez-toc-section\" id=\"Preguntas_frecuentes_sobre_la_subida_del_salario_minimo\"><\/span>Preguntas frecuentes sobre la subida del salario m\u00ednimo<span class=\"ez-toc-section-end\"><\/span><\/h2>\n<p>A continuaci\u00f3n, respondemos a algunas de las preguntas m\u00e1s frecuentes sobre la subida del salario m\u00ednimo en Espa\u00f1a:<\/p>\n<h3><span class=\"ez-toc-section\" id=\"%C2%BFComo_se_calcula_el_salario_minimo_interprofesional\"><\/span>\u00bfC\u00f3mo se calcula el salario m\u00ednimo interprofesional?<span class=\"ez-toc-section-end\"><\/span><\/h3>\n<p>El salario m\u00ednimo interprofesional se establece anualmente mediante un Real Decreto. Se tiene en cuenta la inflaci\u00f3n, el IPC y otros criterios econ\u00f3micos y sociales.<\/p>\n<h3><span class=\"ez-toc-section\" id=\"%C2%BFCual_es_el_salario_minimo_para_los_trabajadores_a_tiempo_parcial\"><\/span>\u00bfCu\u00e1l es el salario m\u00ednimo para los trabajadores a tiempo parcial?<span class=\"ez-toc-section-end\"><\/span><\/h3>\n<p>El salario m\u00ednimo para los trabajadores a tiempo parcial se calcula en proporci\u00f3n al tiempo trabajado. Por ejemplo, si trabajas 20 horas semanales, tu salario ser\u00e1 la mitad del salario m\u00ednimo \u00edntegro.<\/p>\n<h3><span class=\"ez-toc-section\" id=\"%C2%BFQue_pasa_si_mi_empresa_no_me_aplica_la_subida_del_salario_minimo\"><\/span>\u00bfQu\u00e9 pasa si mi empresa no me aplica la subida del salario m\u00ednimo?<span class=\"ez-toc-section-end\"><\/span><\/h3>\n<p>Si tu empresa no te aplica la subida del salario m\u00ednimo y te corresponde, puedes reclamarla. Lo m\u00e1s recomendable es hacerlo a trav\u00e9s de un sindicato o del Servicio de Mediaci\u00f3n, Arbitraje y Conciliaci\u00f3n (SMAC).<\/p>\n<h3><span class=\"ez-toc-section\" id=\"%C2%BFPuedo_negociar_mi_salario_con_mi_empresa\"><\/span>\u00bfPuedo negociar mi salario con mi empresa?<span class=\"ez-toc-section-end\"><\/span><\/h3>\n<p>S\u00ed, puedes negociar tu salario con tu empresa. Lo m\u00e1s recomendable es hacerlo en el marco de un convenio colectivo o con el apoyo de un sindicato.<\/p>\n<h3><span class=\"ez-toc-section\" id=\"%C2%BFQue_puedo_hacer_si_considero_que_mi_salario_no_es_justo\"><\/span>\u00bfQu\u00e9 puedo hacer si considero que mi salario no es justo?<span class=\"ez-toc-section-end\"><\/span><\/h3>\n<p>Si consideras que tu salario no es justo, puedes reclamarlo a trav\u00e9s de un sindicato o del SMAC. Tambi\u00e9n puedes buscar asesoramiento legal.<\/p>\n<h3><span class=\"ez-toc-section\" id=\"%C2%BFComo_puedo_mejorar_mi_salario\"><\/span>\u00bfC\u00f3mo puedo mejorar mi salario?<span class=\"ez-toc-section-end\"><\/span><\/h3>\n<p>Para mejorar tu salario, puedes formarte y adquirir nuevas habilidades que te hagan m\u00e1s valioso para tu empresa. Tambi\u00e9n puedes buscar empleo en otras empresas que ofrezcan mejores condiciones salariales.<\/p>\n<\/section>\n<footer>\n<p>Esperamos que este art\u00edculo te haya sido \u00fatil. Recuerda que si tienes dudas o necesitas m\u00e1s informaci\u00f3n, puedes consultar con los expertos.<\/p>\n<\/footer>\n","protected":false},"excerpt":{"rendered":"<p>\u00bfC\u00f3mo saber si me corresponde subida del salario m\u00ednimo? Si eres trabajador o trabajadora en Espa\u00f1a, seguro que te has preguntado alguna vez si te corresponde la subida del salario m\u00ednimo. En este art\u00edculo te explicamos todo lo que necesitas saber. Curiosidades sobre la subida del salario m\u00ednimo en Espa\u00f1a El salario m\u00ednimo interprofesional (SMI) &#8230; <a title=\"C\u00f3mo saber si me corresponde subida del salario m\u00ednimo\" class=\"read-more\" href=\"https:\/\/dudasytextos.com\/como-saber\/como-saber-si-me-corresponde-subida-del-salario-minimo\/\" aria-label=\"M\u00e1s en C\u00f3mo saber si me corresponde subida del salario m\u00ednimo\">Leer m\u00e1s<\/a><\/p>\n","protected":false},"author":1,"featured_media":0,"comment_status":"open","ping_status":"open","sticky":false,"template":"","format":"standard","meta":{"footnotes":""},"categories":[3],"tags":[],"class_list":["post-134939","post","type-post","status-publish","format-standard","hentry","category-como-saber"],"aioseo_notices":[],"aioseo_head":"\n\t\t<!-- All in One SEO 5.0.1.1 - aioseo.com -->\n\t<meta name=\"description\" content=\"\u00bfC\u00f3mo saber si me corresponde subida del salario m\u00ednimo? Si eres trabajador o trabajadora en Espa\u00f1a, seguro que te has preguntado alguna vez si te corresponde la subida del salario m\u00ednimo. En este art\u00edculo te explicamos todo lo que necesitas saber. Curiosidades sobre la subida del salario m\u00ednimo en Espa\u00f1a El salario m\u00ednimo interprofesional (SMI)\" \/>\n\t<meta name=\"robots\" content=\"max-snippet:-1, max-image-preview:large, max-video-preview:-1\" \/>\n\t<meta name=\"author\" content=\"Ana Gonz\u00e1lez\"\/>\n\t<link rel=\"canonical\" href=\"https:\/\/dudasytextos.com\/como-saber\/como-saber-si-me-corresponde-subida-del-salario-minimo\/\" \/>\n\t<meta name=\"generator\" content=\"All in One SEO (AIOSEO) 5.0.1.1\" \/>\n\n\t\t<!-- Google tag (gtag.js) -->\n<script async src=\"https:\/\/www.googletagmanager.com\/gtag\/js?id=G-70CBWDK9PY\"><\/script>\n<script>\n  window.dataLayer = window.dataLayer || [];\n  function gtag(){dataLayer.push(arguments);}\n  gtag('js', new Date());\n\n  gtag('config', 'G-70CBWDK9PY');\n<\/script>\n<script async src=\"https:\/\/pagead2.googlesyndication.com\/pagead\/js\/adsbygoogle.js?client=ca-pub-3987500858204711\"\n     crossorigin=\"anonymous\"><\/script>\n\t\t<meta property=\"og:locale\" content=\"es_ES\" \/>\n\t\t<meta property=\"og:site_name\" content=\"\u00bfC\u00f3mo Saberlo? - \u00bfC\u00f3mo Saberlo?\" \/>\n\t\t<meta property=\"og:type\" content=\"article\" \/>\n\t\t<meta property=\"og:title\" content=\"C\u00f3mo saber si me corresponde subida del salario m\u00ednimo (2026) \u00bfC\u00f3mo Saberlo?\" \/>\n\t\t<meta property=\"og:description\" content=\"\u00bfC\u00f3mo saber si me corresponde subida del salario m\u00ednimo? Si eres trabajador o trabajadora en Espa\u00f1a, seguro que te has preguntado alguna vez si te corresponde la subida del salario m\u00ednimo. En este art\u00edculo te explicamos todo lo que necesitas saber. Curiosidades sobre la subida del salario m\u00ednimo en Espa\u00f1a El salario m\u00ednimo interprofesional (SMI)\" \/>\n\t\t<meta property=\"og:url\" content=\"https:\/\/dudasytextos.com\/como-saber\/como-saber-si-me-corresponde-subida-del-salario-minimo\/\" \/>\n\t\t<meta property=\"article:published_time\" content=\"2025-03-06T12:09:16+00:00\" \/>\n\t\t<meta property=\"article:modified_time\" content=\"2025-03-12T17:33:24+00:00\" \/>\n\t\t<meta name=\"twitter:card\" content=\"summary_large_image\" \/>\n\t\t<meta name=\"twitter:title\" content=\"C\u00f3mo saber si me corresponde subida del salario m\u00ednimo (2026) \u00bfC\u00f3mo Saberlo?\" \/>\n\t\t<meta name=\"twitter:description\" content=\"\u00bfC\u00f3mo saber si me corresponde subida del salario m\u00ednimo? Si eres trabajador o trabajadora en Espa\u00f1a, seguro que te has preguntado alguna vez si te corresponde la subida del salario m\u00ednimo. En este art\u00edculo te explicamos todo lo que necesitas saber. Curiosidades sobre la subida del salario m\u00ednimo en Espa\u00f1a El salario m\u00ednimo interprofesional (SMI)\" \/>\n\t\t<script type=\"application\/ld+json\" class=\"aioseo-schema\">\n\t\t\t{\"@context\":\"https:\\\/\\\/schema.org\",\"@graph\":[{\"@type\":\"BlogPosting\",\"@id\":\"https:\\\/\\\/dudasytextos.com\\\/como-saber\\\/como-saber-si-me-corresponde-subida-del-salario-minimo\\\/#blogposting\",\"name\":\"C\\u00f3mo saber si me corresponde subida del salario m\\u00ednimo (2026) \\u00bfC\\u00f3mo Saberlo?\",\"headline\":\"C\\u00f3mo saber si me corresponde subida del salario m\\u00ednimo\",\"author\":{\"@id\":\"https:\\\/\\\/dudasytextos.com\\\/como-saber\\\/author\\\/admin23\\\/#author\"},\"publisher\":{\"@id\":\"https:\\\/\\\/dudasytextos.com\\\/como-saber\\\/#organization\"},\"datePublished\":\"2025-03-06T12:09:16+00:00\",\"dateModified\":\"2025-03-12T17:33:24+00:00\",\"inLanguage\":\"es-ES\",\"mainEntityOfPage\":{\"@id\":\"https:\\\/\\\/dudasytextos.com\\\/como-saber\\\/como-saber-si-me-corresponde-subida-del-salario-minimo\\\/#webpage\"},\"isPartOf\":{\"@id\":\"https:\\\/\\\/dudasytextos.com\\\/como-saber\\\/como-saber-si-me-corresponde-subida-del-salario-minimo\\\/#webpage\"},\"articleSection\":\"\\u00bfC\\u00f3mo saber?\"},{\"@type\":\"BreadcrumbList\",\"@id\":\"https:\\\/\\\/dudasytextos.com\\\/como-saber\\\/como-saber-si-me-corresponde-subida-del-salario-minimo\\\/#breadcrumblist\",\"itemListElement\":[{\"@type\":\"ListItem\",\"@id\":\"https:\\\/\\\/dudasytextos.com\\\/como-saber#listItem\",\"position\":1,\"name\":\"Home\",\"item\":\"https:\\\/\\\/dudasytextos.com\\\/como-saber\",\"nextItem\":{\"@type\":\"ListItem\",\"@id\":\"https:\\\/\\\/dudasytextos.com\\\/como-saber\\\/category\\\/como-saber\\\/#listItem\",\"name\":\"\\u00bfC\\u00f3mo saber?\"}},{\"@type\":\"ListItem\",\"@id\":\"https:\\\/\\\/dudasytextos.com\\\/como-saber\\\/category\\\/como-saber\\\/#listItem\",\"position\":2,\"name\":\"\\u00bfC\\u00f3mo saber?\",\"item\":\"https:\\\/\\\/dudasytextos.com\\\/como-saber\\\/category\\\/como-saber\\\/\",\"nextItem\":{\"@type\":\"ListItem\",\"@id\":\"https:\\\/\\\/dudasytextos.com\\\/como-saber\\\/como-saber-si-me-corresponde-subida-del-salario-minimo\\\/#listItem\",\"name\":\"C\\u00f3mo saber si me corresponde subida del salario m\\u00ednimo\"},\"previousItem\":{\"@type\":\"ListItem\",\"@id\":\"https:\\\/\\\/dudasytextos.com\\\/como-saber#listItem\",\"name\":\"Home\"}},{\"@type\":\"ListItem\",\"@id\":\"https:\\\/\\\/dudasytextos.com\\\/como-saber\\\/como-saber-si-me-corresponde-subida-del-salario-minimo\\\/#listItem\",\"position\":3,\"name\":\"C\\u00f3mo saber si me corresponde subida del salario m\\u00ednimo\",\"previousItem\":{\"@type\":\"ListItem\",\"@id\":\"https:\\\/\\\/dudasytextos.com\\\/como-saber\\\/category\\\/como-saber\\\/#listItem\",\"name\":\"\\u00bfC\\u00f3mo saber?\"}}]},{\"@type\":\"Organization\",\"@id\":\"https:\\\/\\\/dudasytextos.com\\\/como-saber\\\/#organization\",\"name\":\"Recipes\",\"description\":\"\\u00bfC\\u00f3mo Saberlo?\",\"url\":\"https:\\\/\\\/dudasytextos.com\\\/como-saber\\\/\"},{\"@type\":\"Person\",\"@id\":\"https:\\\/\\\/dudasytextos.com\\\/como-saber\\\/author\\\/admin23\\\/#author\",\"url\":\"https:\\\/\\\/dudasytextos.com\\\/como-saber\\\/author\\\/admin23\\\/\",\"name\":\"Ana Gonz\\u00e1lez\"},{\"@type\":\"WebPage\",\"@id\":\"https:\\\/\\\/dudasytextos.com\\\/como-saber\\\/como-saber-si-me-corresponde-subida-del-salario-minimo\\\/#webpage\",\"url\":\"https:\\\/\\\/dudasytextos.com\\\/como-saber\\\/como-saber-si-me-corresponde-subida-del-salario-minimo\\\/\",\"name\":\"C\\u00f3mo saber si me corresponde subida del salario m\\u00ednimo (2026) \\u00bfC\\u00f3mo Saberlo?\",\"description\":\"\\u00bfC\\u00f3mo saber si me corresponde subida del salario m\\u00ednimo? Si eres trabajador o trabajadora en Espa\\u00f1a, seguro que te has preguntado alguna vez si te corresponde la subida del salario m\\u00ednimo. En este art\\u00edculo te explicamos todo lo que necesitas saber. Curiosidades sobre la subida del salario m\\u00ednimo en Espa\\u00f1a El salario m\\u00ednimo interprofesional (SMI)\",\"inLanguage\":\"es-ES\",\"isPartOf\":{\"@id\":\"https:\\\/\\\/dudasytextos.com\\\/como-saber\\\/#website\"},\"breadcrumb\":{\"@id\":\"https:\\\/\\\/dudasytextos.com\\\/como-saber\\\/como-saber-si-me-corresponde-subida-del-salario-minimo\\\/#breadcrumblist\"},\"author\":{\"@id\":\"https:\\\/\\\/dudasytextos.com\\\/como-saber\\\/author\\\/admin23\\\/#author\"},\"creator\":{\"@id\":\"https:\\\/\\\/dudasytextos.com\\\/como-saber\\\/author\\\/admin23\\\/#author\"},\"datePublished\":\"2025-03-06T12:09:16+00:00\",\"dateModified\":\"2025-03-12T17:33:24+00:00\"},{\"@type\":\"WebSite\",\"@id\":\"https:\\\/\\\/dudasytextos.com\\\/como-saber\\\/#website\",\"url\":\"https:\\\/\\\/dudasytextos.com\\\/como-saber\\\/\",\"name\":\"Recipes\",\"description\":\"\\u00bfC\\u00f3mo Saberlo?\",\"inLanguage\":\"es-ES\",\"publisher\":{\"@id\":\"https:\\\/\\\/dudasytextos.com\\\/como-saber\\\/#organization\"}}]}\n\t\t<\/script>\n\t\t<!-- All in One SEO -->\n\n","aioseo_head_json":{"title":"C\u00f3mo saber si me corresponde subida del salario m\u00ednimo (2026) \u00bfC\u00f3mo Saberlo?","description":"\u00bfC\u00f3mo saber si me corresponde subida del salario m\u00ednimo? Si eres trabajador o trabajadora en Espa\u00f1a, seguro que te has preguntado alguna vez si te corresponde la subida del salario m\u00ednimo. En este art\u00edculo te explicamos todo lo que necesitas saber. Curiosidades sobre la subida del salario m\u00ednimo en Espa\u00f1a El salario m\u00ednimo interprofesional (SMI)","canonical_url":"https:\/\/dudasytextos.com\/como-saber\/como-saber-si-me-corresponde-subida-del-salario-minimo\/","robots":"max-snippet:-1, max-image-preview:large, max-video-preview:-1","keywords":"","webmasterTools":{"miscellaneous":"&lt;!-- Google tag (gtag.js) --&gt;\n&lt;script async src=\"https:\/\/www.googletagmanager.com\/gtag\/js?id=G-70CBWDK9PY\"&gt;&lt;\/script&gt;\n&lt;script&gt;\n  window.dataLayer = window.dataLayer || [];\n  function gtag(){dataLayer.push(arguments);}\n  gtag('js', new Date());\n\n  gtag('config', 'G-70CBWDK9PY');\n&lt;\/script&gt;\n&lt;script async src=\"https:\/\/pagead2.googlesyndication.com\/pagead\/js\/adsbygoogle.js?client=ca-pub-3987500858204711\"\n     crossorigin=\"anonymous\"&gt;&lt;\/script&gt;"},"schema":{"@context":"https:\/\/schema.org","@graph":[{"@type":"BlogPosting","@id":"https:\/\/dudasytextos.com\/como-saber\/como-saber-si-me-corresponde-subida-del-salario-minimo\/#blogposting","name":"C\u00f3mo saber si me corresponde subida del salario m\u00ednimo (2026) \u00bfC\u00f3mo Saberlo?","headline":"C\u00f3mo saber si me corresponde subida del salario m\u00ednimo","author":{"@id":"https:\/\/dudasytextos.com\/como-saber\/author\/admin23\/#author"},"publisher":{"@id":"https:\/\/dudasytextos.com\/como-saber\/#organization"},"datePublished":"2025-03-06T12:09:16+00:00","dateModified":"2025-03-12T17:33:24+00:00","inLanguage":"es-ES","mainEntityOfPage":{"@id":"https:\/\/dudasytextos.com\/como-saber\/como-saber-si-me-corresponde-subida-del-salario-minimo\/#webpage"},"isPartOf":{"@id":"https:\/\/dudasytextos.com\/como-saber\/como-saber-si-me-corresponde-subida-del-salario-minimo\/#webpage"},"articleSection":"\u00bfC\u00f3mo saber?"},{"@type":"BreadcrumbList","@id":"https:\/\/dudasytextos.com\/como-saber\/como-saber-si-me-corresponde-subida-del-salario-minimo\/#breadcrumblist","itemListElement":[{"@type":"ListItem","@id":"https:\/\/dudasytextos.com\/como-saber#listItem","position":1,"name":"Home","item":"https:\/\/dudasytextos.com\/como-saber","nextItem":{"@type":"ListItem","@id":"https:\/\/dudasytextos.com\/como-saber\/category\/como-saber\/#listItem","name":"\u00bfC\u00f3mo saber?"}},{"@type":"ListItem","@id":"https:\/\/dudasytextos.com\/como-saber\/category\/como-saber\/#listItem","position":2,"name":"\u00bfC\u00f3mo saber?","item":"https:\/\/dudasytextos.com\/como-saber\/category\/como-saber\/","nextItem":{"@type":"ListItem","@id":"https:\/\/dudasytextos.com\/como-saber\/como-saber-si-me-corresponde-subida-del-salario-minimo\/#listItem","name":"C\u00f3mo saber si me corresponde subida del salario m\u00ednimo"},"previousItem":{"@type":"ListItem","@id":"https:\/\/dudasytextos.com\/como-saber#listItem","name":"Home"}},{"@type":"ListItem","@id":"https:\/\/dudasytextos.com\/como-saber\/como-saber-si-me-corresponde-subida-del-salario-minimo\/#listItem","position":3,"name":"C\u00f3mo saber si me corresponde subida del salario m\u00ednimo","previousItem":{"@type":"ListItem","@id":"https:\/\/dudasytextos.com\/como-saber\/category\/como-saber\/#listItem","name":"\u00bfC\u00f3mo saber?"}}]},{"@type":"Organization","@id":"https:\/\/dudasytextos.com\/como-saber\/#organization","name":"Recipes","description":"\u00bfC\u00f3mo Saberlo?","url":"https:\/\/dudasytextos.com\/como-saber\/"},{"@type":"Person","@id":"https:\/\/dudasytextos.com\/como-saber\/author\/admin23\/#author","url":"https:\/\/dudasytextos.com\/como-saber\/author\/admin23\/","name":"Ana Gonz\u00e1lez"},{"@type":"WebPage","@id":"https:\/\/dudasytextos.com\/como-saber\/como-saber-si-me-corresponde-subida-del-salario-minimo\/#webpage","url":"https:\/\/dudasytextos.com\/como-saber\/como-saber-si-me-corresponde-subida-del-salario-minimo\/","name":"C\u00f3mo saber si me corresponde subida del salario m\u00ednimo (2026) \u00bfC\u00f3mo Saberlo?","description":"\u00bfC\u00f3mo saber si me corresponde subida del salario m\u00ednimo? Si eres trabajador o trabajadora en Espa\u00f1a, seguro que te has preguntado alguna vez si te corresponde la subida del salario m\u00ednimo. En este art\u00edculo te explicamos todo lo que necesitas saber. Curiosidades sobre la subida del salario m\u00ednimo en Espa\u00f1a El salario m\u00ednimo interprofesional (SMI)","inLanguage":"es-ES","isPartOf":{"@id":"https:\/\/dudasytextos.com\/como-saber\/#website"},"breadcrumb":{"@id":"https:\/\/dudasytextos.com\/como-saber\/como-saber-si-me-corresponde-subida-del-salario-minimo\/#breadcrumblist"},"author":{"@id":"https:\/\/dudasytextos.com\/como-saber\/author\/admin23\/#author"},"creator":{"@id":"https:\/\/dudasytextos.com\/como-saber\/author\/admin23\/#author"},"datePublished":"2025-03-06T12:09:16+00:00","dateModified":"2025-03-12T17:33:24+00:00"},{"@type":"WebSite","@id":"https:\/\/dudasytextos.com\/como-saber\/#website","url":"https:\/\/dudasytextos.com\/como-saber\/","name":"Recipes","description":"\u00bfC\u00f3mo Saberlo?","inLanguage":"es-ES","publisher":{"@id":"https:\/\/dudasytextos.com\/como-saber\/#organization"}}]},"og:locale":"es_ES","og:site_name":"\u00bfC\u00f3mo Saberlo? - \u00bfC\u00f3mo Saberlo?","og:type":"article","og:title":"C\u00f3mo saber si me corresponde subida del salario m\u00ednimo (2026) \u00bfC\u00f3mo Saberlo?","og:description":"\u00bfC\u00f3mo saber si me corresponde subida del salario m\u00ednimo? Si eres trabajador o trabajadora en Espa\u00f1a, seguro que te has preguntado alguna vez si te corresponde la subida del salario m\u00ednimo. En este art\u00edculo te explicamos todo lo que necesitas saber. Curiosidades sobre la subida del salario m\u00ednimo en Espa\u00f1a El salario m\u00ednimo interprofesional (SMI)","og:url":"https:\/\/dudasytextos.com\/como-saber\/como-saber-si-me-corresponde-subida-del-salario-minimo\/","article:published_time":"2025-03-06T12:09:16+00:00","article:modified_time":"2025-03-12T17:33:24+00:00","twitter:card":"summary_large_image","twitter:title":"C\u00f3mo saber si me corresponde subida del salario m\u00ednimo (2026) \u00bfC\u00f3mo Saberlo?","twitter:description":"\u00bfC\u00f3mo saber si me corresponde subida del salario m\u00ednimo? Si eres trabajador o trabajadora en Espa\u00f1a, seguro que te has preguntado alguna vez si te corresponde la subida del salario m\u00ednimo. En este art\u00edculo te explicamos todo lo que necesitas saber. Curiosidades sobre la subida del salario m\u00ednimo en Espa\u00f1a El salario m\u00ednimo interprofesional (SMI)"},"aioseo_meta_data":{"post_id":"134939","title":null,"description":null,"keywords":null,"keyphrases":null,"primary_term":null,"canonical_url":null,"og_title":null,"og_description":null,"og_object_type":"default","og_image_type":"default","og_image_url":null,"og_image_width":null,"og_image_height":null,"og_image_custom_url":null,"og_image_custom_fields":null,"og_video":null,"og_custom_url":null,"og_article_section":null,"og_article_tags":null,"twitter_use_og":false,"twitter_card":"default","twitter_image_type":"default","twitter_image_url":null,"twitter_image_custom_url":null,"twitter_image_custom_fields":null,"twitter_title":null,"twitter_description":null,"schema":{"blockGraphs":[],"customGraphs":[],"default":{"data":{"Article":[],"Course":[],"Dataset":[],"FAQPage":[],"Movie":[],"Person":[],"Product":[],"ProductReview":[],"Car":[],"Recipe":[],"Service":[],"SoftwareApplication":[],"WebPage":[]},"graphName":"","isEnabled":true},"graphs":[]},"schema_type":"default","schema_type_options":null,"pillar_content":false,"robots_default":true,"robots_noindex":false,"robots_noarchive":false,"robots_nosnippet":false,"robots_nofollow":false,"robots_noimageindex":false,"robots_noodp":false,"robots_notranslate":false,"robots_max_snippet":null,"robots_max_videopreview":null,"robots_max_imagepreview":"large","priority":null,"frequency":null,"local_seo":null,"breadcrumb_settings":null,"limit_modified_date":false,"ai":null,"created":"2023-05-01 16:57:21","updated":"2025-06-04 12:58:23","seo_analyzer_scan_date":null,"focus_keyword":null,"additional_keywords":null,"truseo_locale":null},"aioseo_breadcrumb":"<div class=\"aioseo-breadcrumbs\"><span class=\"aioseo-breadcrumb\">\n\t\t\t<a href=\"https:\/\/dudasytextos.com\/como-saber\" title=\"Home\">Home<\/a>\n\t\t<\/span><span class=\"aioseo-breadcrumb-separator\">&raquo;<\/span><span class=\"aioseo-breadcrumb\">\n\t\t\t<a href=\"https:\/\/dudasytextos.com\/como-saber\/category\/como-saber\/\" title=\"\u00bfC\u00f3mo saber?\">\u00bfC\u00f3mo saber?<\/a>\n\t\t<\/span><span class=\"aioseo-breadcrumb-separator\">&raquo;<\/span><span class=\"aioseo-breadcrumb\">\n\t\t\tC\u00f3mo saber si me corresponde subida del salario m\u00ednimo\n\t\t<\/span><\/div>","aioseo_breadcrumb_json":[{"label":"Home","link":"https:\/\/dudasytextos.com\/como-saber"},{"label":"\u00bfC\u00f3mo saber?","link":"https:\/\/dudasytextos.com\/como-saber\/category\/como-saber\/"},{"label":"C\u00f3mo saber si me corresponde subida del salario m\u00ednimo","link":"https:\/\/dudasytextos.com\/como-saber\/como-saber-si-me-corresponde-subida-del-salario-minimo\/"}],"_links":{"self":[{"href":"https:\/\/dudasytextos.com\/como-saber\/wp-json\/wp\/v2\/posts\/134939","targetHints":{"allow":["GET"]}}],"collection":[{"href":"https:\/\/dudasytextos.com\/como-saber\/wp-json\/wp\/v2\/posts"}],"about":[{"href":"https:\/\/dudasytextos.com\/como-saber\/wp-json\/wp\/v2\/types\/post"}],"author":[{"embeddable":true,"href":"https:\/\/dudasytextos.com\/como-saber\/wp-json\/wp\/v2\/users\/1"}],"replies":[{"embeddable":true,"href":"https:\/\/dudasytextos.com\/como-saber\/wp-json\/wp\/v2\/comments?post=134939"}],"version-history":[{"count":1,"href":"https:\/\/dudasytextos.com\/como-saber\/wp-json\/wp\/v2\/posts\/134939\/revisions"}],"predecessor-version":[{"id":141062,"href":"https:\/\/dudasytextos.com\/como-saber\/wp-json\/wp\/v2\/posts\/134939\/revisions\/141062"}],"wp:attachment":[{"href":"https:\/\/dudasytextos.com\/como-saber\/wp-json\/wp\/v2\/media?parent=134939"}],"wp:term":[{"taxonomy":"category","embeddable":true,"href":"https:\/\/dudasytextos.com\/como-saber\/wp-json\/wp\/v2\/categories?post=134939"},{"taxonomy":"post_tag","embeddable":true,"href":"https:\/\/dudasytextos.com\/como-saber\/wp-json\/wp\/v2\/tags?post=134939"}],"curies":[{"name":"wp","href":"https:\/\/api.w.org\/{rel}","templated":true}]}}