{"id":136046,"date":"2025-03-06T23:29:19","date_gmt":"2025-03-06T23:29:19","guid":{"rendered":"https:\/\/educacion.cc\/?p=136046"},"modified":"2025-03-13T11:20:34","modified_gmt":"2025-03-13T11:20:34","slug":"como-saber-si-me-voy-a-quedar-calvo","status":"publish","type":"post","link":"https:\/\/dudasytextos.com\/como-saber\/como-saber-si-me-voy-a-quedar-calvo\/","title":{"rendered":"C\u00f3mo saber si me voy a quedar calvo"},"content":{"rendered":"<div id=\"ez-toc-container\" class=\"ez-toc-v2_0_87 counter-hierarchy ez-toc-counter ez-toc-custom ez-toc-container-direction\">\n<div class=\"ez-toc-title-container\">\n<span class=\"ez-toc-title-toggle\"><\/span><\/div>\n<nav><ul class='ez-toc-list ez-toc-list-level-1 ' ><li class='ez-toc-page-1 ez-toc-heading-level-2'><a class=\"ez-toc-link ez-toc-heading-1\" href=\"https:\/\/dudasytextos.com\/como-saber\/como-saber-si-me-voy-a-quedar-calvo\/#%C2%BFComo_Saber_Si_Me_Voy_A_Quedar_Calvo_%E2%80%93_Guia_Completa\" >\u00bfC\u00f3mo Saber Si Me Voy A Quedar Calvo? &#8211; Gu\u00eda Completa<\/a><\/li><li class='ez-toc-page-1 ez-toc-heading-level-2'><a class=\"ez-toc-link ez-toc-heading-2\" href=\"https:\/\/dudasytextos.com\/como-saber\/como-saber-si-me-voy-a-quedar-calvo\/#Curiosidades_e_informacion_interesante\" >Curiosidades e informaci\u00f3n interesante<\/a><\/li><li class='ez-toc-page-1 ez-toc-heading-level-2'><a class=\"ez-toc-link ez-toc-heading-3\" href=\"https:\/\/dudasytextos.com\/como-saber\/como-saber-si-me-voy-a-quedar-calvo\/#Mi_experiencia_personal\" >Mi experiencia personal<\/a><\/li><li class='ez-toc-page-1 ez-toc-heading-level-2'><a class=\"ez-toc-link ez-toc-heading-4\" href=\"https:\/\/dudasytextos.com\/como-saber\/como-saber-si-me-voy-a-quedar-calvo\/#Como_saber_si_te_estas_quedando_calvo\" >C\u00f3mo saber si te est\u00e1s quedando calvo<\/a><\/li><li class='ez-toc-page-1 ez-toc-heading-level-2'><a class=\"ez-toc-link ez-toc-heading-5\" href=\"https:\/\/dudasytextos.com\/como-saber\/como-saber-si-me-voy-a-quedar-calvo\/#Metodos_para_evitar_la_calvicie\" >M\u00e9todos para evitar la calvicie<\/a><\/li><li class='ez-toc-page-1 ez-toc-heading-level-2'><a class=\"ez-toc-link ez-toc-heading-6\" href=\"https:\/\/dudasytextos.com\/como-saber\/como-saber-si-me-voy-a-quedar-calvo\/#Preguntas_frecuentes\" >Preguntas frecuentes<\/a><ul class='ez-toc-list-level-3' ><li class='ez-toc-heading-level-3'><a class=\"ez-toc-link ez-toc-heading-7\" href=\"https:\/\/dudasytextos.com\/como-saber\/como-saber-si-me-voy-a-quedar-calvo\/#%C2%BFLa_calvicie_afecta_solo_a_los_hombres\" >\u00bfLa calvicie afecta solo a los hombres?<\/a><\/li><li class='ez-toc-page-1 ez-toc-heading-level-3'><a class=\"ez-toc-link ez-toc-heading-8\" href=\"https:\/\/dudasytextos.com\/como-saber\/como-saber-si-me-voy-a-quedar-calvo\/#%C2%BFEs_hereditaria_la_calvicie\" >\u00bfEs hereditaria la calvicie?<\/a><\/li><li class='ez-toc-page-1 ez-toc-heading-level-3'><a class=\"ez-toc-link ez-toc-heading-9\" href=\"https:\/\/dudasytextos.com\/como-saber\/como-saber-si-me-voy-a-quedar-calvo\/#%C2%BFPuedo_evitar_la_calvicie_si_tengo_predisposicion_genetica\" >\u00bfPuedo evitar la calvicie si tengo predisposici\u00f3n gen\u00e9tica?<\/a><\/li><\/ul><\/li><\/ul><\/nav><\/div>\n<h2><span class=\"ez-toc-section\" id=\"%C2%BFComo_Saber_Si_Me_Voy_A_Quedar_Calvo_%E2%80%93_Guia_Completa\"><\/span>\u00bfC\u00f3mo Saber Si Me Voy A Quedar Calvo? &#8211; Gu\u00eda Completa<span class=\"ez-toc-section-end\"><\/span><\/h2>\n<section>\n<h2><span class=\"ez-toc-section\" id=\"Curiosidades_e_informacion_interesante\"><\/span>Curiosidades e informaci\u00f3n interesante<span class=\"ez-toc-section-end\"><\/span><\/h2>\n<ul>\n<li>La calvicie afecta a m\u00e1s del 50% de los hombres mayores de 50 a\u00f1os.<\/li>\n<li>Los hombres tienen un patr\u00f3n de calvicie diferente al de las mujeres.<\/li>\n<li>La mayor\u00eda de las veces, la calvicie es hereditaria.<\/li>\n<li>El estr\u00e9s y la mala alimentaci\u00f3n tambi\u00e9n pueden contribuir a la p\u00e9rdida de cabello.<\/li>\n<\/ul>\n<\/section>\n<section>\n<h2><span class=\"ez-toc-section\" id=\"Mi_experiencia_personal\"><\/span>Mi experiencia personal<span class=\"ez-toc-section-end\"><\/span><\/h2>\n<p>Desde hace unos a\u00f1os not\u00e9 que mi cabello estaba adelgazando y ca\u00eda con m\u00e1s frecuencia. Me preocup\u00e9 y decid\u00ed investigar sobre el tema para saber si me estaba quedando calvo.<\/p>\n<p>Despu\u00e9s de leer varios art\u00edculos y hablar con mi dermat\u00f3logo, descubr\u00ed algunos m\u00e9todos para saber si estaba perdiendo cabello y c\u00f3mo evitarlo.<\/p>\n<\/section>\n<section>\n<h2><span class=\"ez-toc-section\" id=\"Como_saber_si_te_estas_quedando_calvo\"><\/span>C\u00f3mo saber si te est\u00e1s quedando calvo<span class=\"ez-toc-section-end\"><\/span><\/h2>\n<p>Hay varios signos que pueden indicar que est\u00e1s perdiendo cabello:<\/p>\n<ul>\n<li>Notas que tu cabello se est\u00e1 adelgazando<\/li>\n<li>Encuentras m\u00e1s cabello de lo normal en el cepillo o en la ducha<\/li>\n<li>Tienes entradas en la l\u00ednea del cabello<\/li>\n<li>Tienes una coronilla calva en la parte superior de la cabeza<\/li>\n<\/ul>\n<p>Si notas alguno de estos signos, es importante que consultes con un dermat\u00f3logo para determinar la causa exacta de la p\u00e9rdida de cabello y recibir el tratamiento adecuado.<\/p>\n<\/section>\n<section>\n<h2><span class=\"ez-toc-section\" id=\"Metodos_para_evitar_la_calvicie\"><\/span>M\u00e9todos para evitar la calvicie<span class=\"ez-toc-section-end\"><\/span><\/h2>\n<p>Existen varios m\u00e9todos para evitar la calvicie:<\/p>\n<ul>\n<li>Usar productos para el cabello que contengan minoxidil o finasterida<\/li>\n<li>Cambiar tu dieta para incluir m\u00e1s alimentos ricos en hierro y prote\u00ednas<\/li>\n<li>Reducir el estr\u00e9s y la ansiedad con ejercicios de relajaci\u00f3n<\/li>\n<li>Usar gorras o sombreros para proteger tu cabello de los rayos UV<\/li>\n<\/ul>\n<p>Es importante recordar que cada caso es diferente y que lo mejor es consultar con un dermat\u00f3logo para recibir el tratamiento adecuado.<\/p>\n<\/section>\n<section>\n<h2><span class=\"ez-toc-section\" id=\"Preguntas_frecuentes\"><\/span>Preguntas frecuentes<span class=\"ez-toc-section-end\"><\/span><\/h2>\n<h3><span class=\"ez-toc-section\" id=\"%C2%BFLa_calvicie_afecta_solo_a_los_hombres\"><\/span>\u00bfLa calvicie afecta solo a los hombres?<span class=\"ez-toc-section-end\"><\/span><\/h3>\n<p>No, aunque es m\u00e1s com\u00fan en los hombres, las mujeres tambi\u00e9n pueden experimentar p\u00e9rdida de cabello debido a causas como el embarazo, la menopausia o ciertos medicamentos.<\/p>\n<h3><span class=\"ez-toc-section\" id=\"%C2%BFEs_hereditaria_la_calvicie\"><\/span>\u00bfEs hereditaria la calvicie?<span class=\"ez-toc-section-end\"><\/span><\/h3>\n<p>S\u00ed, en la mayor\u00eda de los casos la calvicie es hereditaria y se transmite a trav\u00e9s de los genes.<\/p>\n<h3><span class=\"ez-toc-section\" id=\"%C2%BFPuedo_evitar_la_calvicie_si_tengo_predisposicion_genetica\"><\/span>\u00bfPuedo evitar la calvicie si tengo predisposici\u00f3n gen\u00e9tica?<span class=\"ez-toc-section-end\"><\/span><\/h3>\n<p>No es posible evitar completamente la calvicie si tienes predisposici\u00f3n gen\u00e9tica, pero puedes retrasar el proceso y mantener tu cabello m\u00e1s saludable con los m\u00e9todos mencionados anteriormente.<\/p>\n<\/section>\n","protected":false},"excerpt":{"rendered":"<p>\u00bfC\u00f3mo Saber Si Me Voy A Quedar Calvo? &#8211; Gu\u00eda Completa Curiosidades e informaci\u00f3n interesante La calvicie afecta a m\u00e1s del 50% de los hombres mayores de 50 a\u00f1os. Los hombres tienen un patr\u00f3n de calvicie diferente al de las mujeres. La mayor\u00eda de las veces, la calvicie es hereditaria. El estr\u00e9s y la mala &#8230; <a title=\"C\u00f3mo saber si me voy a quedar calvo\" class=\"read-more\" href=\"https:\/\/dudasytextos.com\/como-saber\/como-saber-si-me-voy-a-quedar-calvo\/\" aria-label=\"M\u00e1s en C\u00f3mo saber si me voy a quedar calvo\">Leer m\u00e1s<\/a><\/p>\n","protected":false},"author":1,"featured_media":0,"comment_status":"open","ping_status":"open","sticky":false,"template":"","format":"standard","meta":{"footnotes":""},"categories":[3],"tags":[],"class_list":["post-136046","post","type-post","status-publish","format-standard","hentry","category-como-saber"],"aioseo_notices":[],"aioseo_head":"\n\t\t<!-- All in One SEO 5.0.1.1 - aioseo.com -->\n\t<meta name=\"description\" content=\"\u00bfC\u00f3mo Saber Si Me Voy A Quedar Calvo? - Gu\u00eda Completa Curiosidades e informaci\u00f3n interesante La calvicie afecta a m\u00e1s del 50% de los hombres mayores de 50 a\u00f1os. Los hombres tienen un patr\u00f3n de calvicie diferente al de las mujeres. La mayor\u00eda de las veces, la calvicie es hereditaria. El estr\u00e9s y la mala\" \/>\n\t<meta name=\"robots\" content=\"max-snippet:-1, max-image-preview:large, max-video-preview:-1\" \/>\n\t<meta name=\"author\" content=\"Ana Gonz\u00e1lez\"\/>\n\t<link rel=\"canonical\" href=\"https:\/\/dudasytextos.com\/como-saber\/como-saber-si-me-voy-a-quedar-calvo\/\" \/>\n\t<meta name=\"generator\" content=\"All in One SEO (AIOSEO) 5.0.1.1\" \/>\n\n\t\t<!-- Google tag (gtag.js) -->\n<script async src=\"https:\/\/www.googletagmanager.com\/gtag\/js?id=G-70CBWDK9PY\"><\/script>\n<script>\n  window.dataLayer = window.dataLayer || [];\n  function gtag(){dataLayer.push(arguments);}\n  gtag('js', new Date());\n\n  gtag('config', 'G-70CBWDK9PY');\n<\/script>\n<script async src=\"https:\/\/pagead2.googlesyndication.com\/pagead\/js\/adsbygoogle.js?client=ca-pub-3987500858204711\"\n     crossorigin=\"anonymous\"><\/script>\n\t\t<meta property=\"og:locale\" content=\"es_ES\" \/>\n\t\t<meta property=\"og:site_name\" content=\"\u00bfC\u00f3mo Saberlo? - \u00bfC\u00f3mo Saberlo?\" \/>\n\t\t<meta property=\"og:type\" content=\"article\" \/>\n\t\t<meta property=\"og:title\" content=\"C\u00f3mo saber si me voy a quedar calvo (2026) \u00bfC\u00f3mo Saberlo?\" \/>\n\t\t<meta property=\"og:description\" content=\"\u00bfC\u00f3mo Saber Si Me Voy A Quedar Calvo? - Gu\u00eda Completa Curiosidades e informaci\u00f3n interesante La calvicie afecta a m\u00e1s del 50% de los hombres mayores de 50 a\u00f1os. Los hombres tienen un patr\u00f3n de calvicie diferente al de las mujeres. La mayor\u00eda de las veces, la calvicie es hereditaria. El estr\u00e9s y la mala\" \/>\n\t\t<meta property=\"og:url\" content=\"https:\/\/dudasytextos.com\/como-saber\/como-saber-si-me-voy-a-quedar-calvo\/\" \/>\n\t\t<meta property=\"article:published_time\" content=\"2025-03-06T23:29:19+00:00\" \/>\n\t\t<meta property=\"article:modified_time\" content=\"2025-03-13T11:20:34+00:00\" \/>\n\t\t<meta name=\"twitter:card\" content=\"summary_large_image\" \/>\n\t\t<meta name=\"twitter:title\" content=\"C\u00f3mo saber si me voy a quedar calvo (2026) \u00bfC\u00f3mo Saberlo?\" \/>\n\t\t<meta name=\"twitter:description\" content=\"\u00bfC\u00f3mo Saber Si Me Voy A Quedar Calvo? - Gu\u00eda Completa Curiosidades e informaci\u00f3n interesante La calvicie afecta a m\u00e1s del 50% de los hombres mayores de 50 a\u00f1os. Los hombres tienen un patr\u00f3n de calvicie diferente al de las mujeres. La mayor\u00eda de las veces, la calvicie es hereditaria. El estr\u00e9s y la mala\" \/>\n\t\t<script type=\"application\/ld+json\" class=\"aioseo-schema\">\n\t\t\t{\"@context\":\"https:\\\/\\\/schema.org\",\"@graph\":[{\"@type\":\"BlogPosting\",\"@id\":\"https:\\\/\\\/dudasytextos.com\\\/como-saber\\\/como-saber-si-me-voy-a-quedar-calvo\\\/#blogposting\",\"name\":\"C\\u00f3mo saber si me voy a quedar calvo (2026) \\u00bfC\\u00f3mo Saberlo?\",\"headline\":\"C\\u00f3mo saber si me voy a quedar calvo\",\"author\":{\"@id\":\"https:\\\/\\\/dudasytextos.com\\\/como-saber\\\/author\\\/admin23\\\/#author\"},\"publisher\":{\"@id\":\"https:\\\/\\\/dudasytextos.com\\\/como-saber\\\/#organization\"},\"datePublished\":\"2025-03-06T23:29:19+00:00\",\"dateModified\":\"2025-03-13T11:20:34+00:00\",\"inLanguage\":\"es-ES\",\"mainEntityOfPage\":{\"@id\":\"https:\\\/\\\/dudasytextos.com\\\/como-saber\\\/como-saber-si-me-voy-a-quedar-calvo\\\/#webpage\"},\"isPartOf\":{\"@id\":\"https:\\\/\\\/dudasytextos.com\\\/como-saber\\\/como-saber-si-me-voy-a-quedar-calvo\\\/#webpage\"},\"articleSection\":\"\\u00bfC\\u00f3mo saber?\"},{\"@type\":\"BreadcrumbList\",\"@id\":\"https:\\\/\\\/dudasytextos.com\\\/como-saber\\\/como-saber-si-me-voy-a-quedar-calvo\\\/#breadcrumblist\",\"itemListElement\":[{\"@type\":\"ListItem\",\"@id\":\"https:\\\/\\\/dudasytextos.com\\\/como-saber#listItem\",\"position\":1,\"name\":\"Home\",\"item\":\"https:\\\/\\\/dudasytextos.com\\\/como-saber\",\"nextItem\":{\"@type\":\"ListItem\",\"@id\":\"https:\\\/\\\/dudasytextos.com\\\/como-saber\\\/category\\\/como-saber\\\/#listItem\",\"name\":\"\\u00bfC\\u00f3mo saber?\"}},{\"@type\":\"ListItem\",\"@id\":\"https:\\\/\\\/dudasytextos.com\\\/como-saber\\\/category\\\/como-saber\\\/#listItem\",\"position\":2,\"name\":\"\\u00bfC\\u00f3mo saber?\",\"item\":\"https:\\\/\\\/dudasytextos.com\\\/como-saber\\\/category\\\/como-saber\\\/\",\"nextItem\":{\"@type\":\"ListItem\",\"@id\":\"https:\\\/\\\/dudasytextos.com\\\/como-saber\\\/como-saber-si-me-voy-a-quedar-calvo\\\/#listItem\",\"name\":\"C\\u00f3mo saber si me voy a quedar calvo\"},\"previousItem\":{\"@type\":\"ListItem\",\"@id\":\"https:\\\/\\\/dudasytextos.com\\\/como-saber#listItem\",\"name\":\"Home\"}},{\"@type\":\"ListItem\",\"@id\":\"https:\\\/\\\/dudasytextos.com\\\/como-saber\\\/como-saber-si-me-voy-a-quedar-calvo\\\/#listItem\",\"position\":3,\"name\":\"C\\u00f3mo saber si me voy a quedar calvo\",\"previousItem\":{\"@type\":\"ListItem\",\"@id\":\"https:\\\/\\\/dudasytextos.com\\\/como-saber\\\/category\\\/como-saber\\\/#listItem\",\"name\":\"\\u00bfC\\u00f3mo saber?\"}}]},{\"@type\":\"Organization\",\"@id\":\"https:\\\/\\\/dudasytextos.com\\\/como-saber\\\/#organization\",\"name\":\"Recipes\",\"description\":\"\\u00bfC\\u00f3mo Saberlo?\",\"url\":\"https:\\\/\\\/dudasytextos.com\\\/como-saber\\\/\"},{\"@type\":\"Person\",\"@id\":\"https:\\\/\\\/dudasytextos.com\\\/como-saber\\\/author\\\/admin23\\\/#author\",\"url\":\"https:\\\/\\\/dudasytextos.com\\\/como-saber\\\/author\\\/admin23\\\/\",\"name\":\"Ana Gonz\\u00e1lez\"},{\"@type\":\"WebPage\",\"@id\":\"https:\\\/\\\/dudasytextos.com\\\/como-saber\\\/como-saber-si-me-voy-a-quedar-calvo\\\/#webpage\",\"url\":\"https:\\\/\\\/dudasytextos.com\\\/como-saber\\\/como-saber-si-me-voy-a-quedar-calvo\\\/\",\"name\":\"C\\u00f3mo saber si me voy a quedar calvo (2026) \\u00bfC\\u00f3mo Saberlo?\",\"description\":\"\\u00bfC\\u00f3mo Saber Si Me Voy A Quedar Calvo? - Gu\\u00eda Completa Curiosidades e informaci\\u00f3n interesante La calvicie afecta a m\\u00e1s del 50% de los hombres mayores de 50 a\\u00f1os. Los hombres tienen un patr\\u00f3n de calvicie diferente al de las mujeres. La mayor\\u00eda de las veces, la calvicie es hereditaria. El estr\\u00e9s y la mala\",\"inLanguage\":\"es-ES\",\"isPartOf\":{\"@id\":\"https:\\\/\\\/dudasytextos.com\\\/como-saber\\\/#website\"},\"breadcrumb\":{\"@id\":\"https:\\\/\\\/dudasytextos.com\\\/como-saber\\\/como-saber-si-me-voy-a-quedar-calvo\\\/#breadcrumblist\"},\"author\":{\"@id\":\"https:\\\/\\\/dudasytextos.com\\\/como-saber\\\/author\\\/admin23\\\/#author\"},\"creator\":{\"@id\":\"https:\\\/\\\/dudasytextos.com\\\/como-saber\\\/author\\\/admin23\\\/#author\"},\"datePublished\":\"2025-03-06T23:29:19+00:00\",\"dateModified\":\"2025-03-13T11:20:34+00:00\"},{\"@type\":\"WebSite\",\"@id\":\"https:\\\/\\\/dudasytextos.com\\\/como-saber\\\/#website\",\"url\":\"https:\\\/\\\/dudasytextos.com\\\/como-saber\\\/\",\"name\":\"Recipes\",\"description\":\"\\u00bfC\\u00f3mo Saberlo?\",\"inLanguage\":\"es-ES\",\"publisher\":{\"@id\":\"https:\\\/\\\/dudasytextos.com\\\/como-saber\\\/#organization\"}}]}\n\t\t<\/script>\n\t\t<!-- All in One SEO -->\n\n","aioseo_head_json":{"title":"C\u00f3mo saber si me voy a quedar calvo (2026) \u00bfC\u00f3mo Saberlo?","description":"\u00bfC\u00f3mo Saber Si Me Voy A Quedar Calvo? - Gu\u00eda Completa Curiosidades e informaci\u00f3n interesante La calvicie afecta a m\u00e1s del 50% de los hombres mayores de 50 a\u00f1os. Los hombres tienen un patr\u00f3n de calvicie diferente al de las mujeres. La mayor\u00eda de las veces, la calvicie es hereditaria. El estr\u00e9s y la mala","canonical_url":"https:\/\/dudasytextos.com\/como-saber\/como-saber-si-me-voy-a-quedar-calvo\/","robots":"max-snippet:-1, max-image-preview:large, max-video-preview:-1","keywords":"","webmasterTools":{"miscellaneous":"&lt;!-- Google tag (gtag.js) --&gt;\n&lt;script async src=\"https:\/\/www.googletagmanager.com\/gtag\/js?id=G-70CBWDK9PY\"&gt;&lt;\/script&gt;\n&lt;script&gt;\n  window.dataLayer = window.dataLayer || [];\n  function gtag(){dataLayer.push(arguments);}\n  gtag('js', new Date());\n\n  gtag('config', 'G-70CBWDK9PY');\n&lt;\/script&gt;\n&lt;script async src=\"https:\/\/pagead2.googlesyndication.com\/pagead\/js\/adsbygoogle.js?client=ca-pub-3987500858204711\"\n     crossorigin=\"anonymous\"&gt;&lt;\/script&gt;"},"schema":{"@context":"https:\/\/schema.org","@graph":[{"@type":"BlogPosting","@id":"https:\/\/dudasytextos.com\/como-saber\/como-saber-si-me-voy-a-quedar-calvo\/#blogposting","name":"C\u00f3mo saber si me voy a quedar calvo (2026) \u00bfC\u00f3mo Saberlo?","headline":"C\u00f3mo saber si me voy a quedar calvo","author":{"@id":"https:\/\/dudasytextos.com\/como-saber\/author\/admin23\/#author"},"publisher":{"@id":"https:\/\/dudasytextos.com\/como-saber\/#organization"},"datePublished":"2025-03-06T23:29:19+00:00","dateModified":"2025-03-13T11:20:34+00:00","inLanguage":"es-ES","mainEntityOfPage":{"@id":"https:\/\/dudasytextos.com\/como-saber\/como-saber-si-me-voy-a-quedar-calvo\/#webpage"},"isPartOf":{"@id":"https:\/\/dudasytextos.com\/como-saber\/como-saber-si-me-voy-a-quedar-calvo\/#webpage"},"articleSection":"\u00bfC\u00f3mo saber?"},{"@type":"BreadcrumbList","@id":"https:\/\/dudasytextos.com\/como-saber\/como-saber-si-me-voy-a-quedar-calvo\/#breadcrumblist","itemListElement":[{"@type":"ListItem","@id":"https:\/\/dudasytextos.com\/como-saber#listItem","position":1,"name":"Home","item":"https:\/\/dudasytextos.com\/como-saber","nextItem":{"@type":"ListItem","@id":"https:\/\/dudasytextos.com\/como-saber\/category\/como-saber\/#listItem","name":"\u00bfC\u00f3mo saber?"}},{"@type":"ListItem","@id":"https:\/\/dudasytextos.com\/como-saber\/category\/como-saber\/#listItem","position":2,"name":"\u00bfC\u00f3mo saber?","item":"https:\/\/dudasytextos.com\/como-saber\/category\/como-saber\/","nextItem":{"@type":"ListItem","@id":"https:\/\/dudasytextos.com\/como-saber\/como-saber-si-me-voy-a-quedar-calvo\/#listItem","name":"C\u00f3mo saber si me voy a quedar calvo"},"previousItem":{"@type":"ListItem","@id":"https:\/\/dudasytextos.com\/como-saber#listItem","name":"Home"}},{"@type":"ListItem","@id":"https:\/\/dudasytextos.com\/como-saber\/como-saber-si-me-voy-a-quedar-calvo\/#listItem","position":3,"name":"C\u00f3mo saber si me voy a quedar calvo","previousItem":{"@type":"ListItem","@id":"https:\/\/dudasytextos.com\/como-saber\/category\/como-saber\/#listItem","name":"\u00bfC\u00f3mo saber?"}}]},{"@type":"Organization","@id":"https:\/\/dudasytextos.com\/como-saber\/#organization","name":"Recipes","description":"\u00bfC\u00f3mo Saberlo?","url":"https:\/\/dudasytextos.com\/como-saber\/"},{"@type":"Person","@id":"https:\/\/dudasytextos.com\/como-saber\/author\/admin23\/#author","url":"https:\/\/dudasytextos.com\/como-saber\/author\/admin23\/","name":"Ana Gonz\u00e1lez"},{"@type":"WebPage","@id":"https:\/\/dudasytextos.com\/como-saber\/como-saber-si-me-voy-a-quedar-calvo\/#webpage","url":"https:\/\/dudasytextos.com\/como-saber\/como-saber-si-me-voy-a-quedar-calvo\/","name":"C\u00f3mo saber si me voy a quedar calvo (2026) \u00bfC\u00f3mo Saberlo?","description":"\u00bfC\u00f3mo Saber Si Me Voy A Quedar Calvo? - Gu\u00eda Completa Curiosidades e informaci\u00f3n interesante La calvicie afecta a m\u00e1s del 50% de los hombres mayores de 50 a\u00f1os. Los hombres tienen un patr\u00f3n de calvicie diferente al de las mujeres. La mayor\u00eda de las veces, la calvicie es hereditaria. El estr\u00e9s y la mala","inLanguage":"es-ES","isPartOf":{"@id":"https:\/\/dudasytextos.com\/como-saber\/#website"},"breadcrumb":{"@id":"https:\/\/dudasytextos.com\/como-saber\/como-saber-si-me-voy-a-quedar-calvo\/#breadcrumblist"},"author":{"@id":"https:\/\/dudasytextos.com\/como-saber\/author\/admin23\/#author"},"creator":{"@id":"https:\/\/dudasytextos.com\/como-saber\/author\/admin23\/#author"},"datePublished":"2025-03-06T23:29:19+00:00","dateModified":"2025-03-13T11:20:34+00:00"},{"@type":"WebSite","@id":"https:\/\/dudasytextos.com\/como-saber\/#website","url":"https:\/\/dudasytextos.com\/como-saber\/","name":"Recipes","description":"\u00bfC\u00f3mo Saberlo?","inLanguage":"es-ES","publisher":{"@id":"https:\/\/dudasytextos.com\/como-saber\/#organization"}}]},"og:locale":"es_ES","og:site_name":"\u00bfC\u00f3mo Saberlo? - \u00bfC\u00f3mo Saberlo?","og:type":"article","og:title":"C\u00f3mo saber si me voy a quedar calvo (2026) \u00bfC\u00f3mo Saberlo?","og:description":"\u00bfC\u00f3mo Saber Si Me Voy A Quedar Calvo? - Gu\u00eda Completa Curiosidades e informaci\u00f3n interesante La calvicie afecta a m\u00e1s del 50% de los hombres mayores de 50 a\u00f1os. Los hombres tienen un patr\u00f3n de calvicie diferente al de las mujeres. La mayor\u00eda de las veces, la calvicie es hereditaria. El estr\u00e9s y la mala","og:url":"https:\/\/dudasytextos.com\/como-saber\/como-saber-si-me-voy-a-quedar-calvo\/","article:published_time":"2025-03-06T23:29:19+00:00","article:modified_time":"2025-03-13T11:20:34+00:00","twitter:card":"summary_large_image","twitter:title":"C\u00f3mo saber si me voy a quedar calvo (2026) \u00bfC\u00f3mo Saberlo?","twitter:description":"\u00bfC\u00f3mo Saber Si Me Voy A Quedar Calvo? - Gu\u00eda Completa Curiosidades e informaci\u00f3n interesante La calvicie afecta a m\u00e1s del 50% de los hombres mayores de 50 a\u00f1os. Los hombres tienen un patr\u00f3n de calvicie diferente al de las mujeres. La mayor\u00eda de las veces, la calvicie es hereditaria. El estr\u00e9s y la mala"},"aioseo_meta_data":{"post_id":"136046","title":null,"description":null,"keywords":null,"keyphrases":null,"primary_term":null,"canonical_url":null,"og_title":null,"og_description":null,"og_object_type":"default","og_image_type":"default","og_image_url":null,"og_image_width":null,"og_image_height":null,"og_image_custom_url":null,"og_image_custom_fields":null,"og_video":null,"og_custom_url":null,"og_article_section":null,"og_article_tags":null,"twitter_use_og":false,"twitter_card":"default","twitter_image_type":"default","twitter_image_url":null,"twitter_image_custom_url":null,"twitter_image_custom_fields":null,"twitter_title":null,"twitter_description":null,"schema":{"blockGraphs":[],"customGraphs":[],"default":{"data":{"Article":[],"Course":[],"Dataset":[],"FAQPage":[],"Movie":[],"Person":[],"Product":[],"ProductReview":[],"Car":[],"Recipe":[],"Service":[],"SoftwareApplication":[],"WebPage":[]},"graphName":"","isEnabled":true},"graphs":[]},"schema_type":"default","schema_type_options":null,"pillar_content":false,"robots_default":true,"robots_noindex":false,"robots_noarchive":false,"robots_nosnippet":false,"robots_nofollow":false,"robots_noimageindex":false,"robots_noodp":false,"robots_notranslate":false,"robots_max_snippet":null,"robots_max_videopreview":null,"robots_max_imagepreview":"large","priority":null,"frequency":null,"local_seo":null,"breadcrumb_settings":null,"limit_modified_date":false,"ai":null,"created":"2023-05-01 03:56:51","updated":"2025-06-04 13:19:34","seo_analyzer_scan_date":null,"focus_keyword":null,"additional_keywords":null,"truseo_locale":null},"aioseo_breadcrumb":"<div class=\"aioseo-breadcrumbs\"><span class=\"aioseo-breadcrumb\">\n\t\t\t<a href=\"https:\/\/dudasytextos.com\/como-saber\" title=\"Home\">Home<\/a>\n\t\t<\/span><span class=\"aioseo-breadcrumb-separator\">&raquo;<\/span><span class=\"aioseo-breadcrumb\">\n\t\t\t<a href=\"https:\/\/dudasytextos.com\/como-saber\/category\/como-saber\/\" title=\"\u00bfC\u00f3mo saber?\">\u00bfC\u00f3mo saber?<\/a>\n\t\t<\/span><span class=\"aioseo-breadcrumb-separator\">&raquo;<\/span><span class=\"aioseo-breadcrumb\">\n\t\t\tC\u00f3mo saber si me voy a quedar calvo\n\t\t<\/span><\/div>","aioseo_breadcrumb_json":[{"label":"Home","link":"https:\/\/dudasytextos.com\/como-saber"},{"label":"\u00bfC\u00f3mo saber?","link":"https:\/\/dudasytextos.com\/como-saber\/category\/como-saber\/"},{"label":"C\u00f3mo saber si me voy a quedar calvo","link":"https:\/\/dudasytextos.com\/como-saber\/como-saber-si-me-voy-a-quedar-calvo\/"}],"_links":{"self":[{"href":"https:\/\/dudasytextos.com\/como-saber\/wp-json\/wp\/v2\/posts\/136046","targetHints":{"allow":["GET"]}}],"collection":[{"href":"https:\/\/dudasytextos.com\/como-saber\/wp-json\/wp\/v2\/posts"}],"about":[{"href":"https:\/\/dudasytextos.com\/como-saber\/wp-json\/wp\/v2\/types\/post"}],"author":[{"embeddable":true,"href":"https:\/\/dudasytextos.com\/como-saber\/wp-json\/wp\/v2\/users\/1"}],"replies":[{"embeddable":true,"href":"https:\/\/dudasytextos.com\/como-saber\/wp-json\/wp\/v2\/comments?post=136046"}],"version-history":[{"count":1,"href":"https:\/\/dudasytextos.com\/como-saber\/wp-json\/wp\/v2\/posts\/136046\/revisions"}],"predecessor-version":[{"id":139955,"href":"https:\/\/dudasytextos.com\/como-saber\/wp-json\/wp\/v2\/posts\/136046\/revisions\/139955"}],"wp:attachment":[{"href":"https:\/\/dudasytextos.com\/como-saber\/wp-json\/wp\/v2\/media?parent=136046"}],"wp:term":[{"taxonomy":"category","embeddable":true,"href":"https:\/\/dudasytextos.com\/como-saber\/wp-json\/wp\/v2\/categories?post=136046"},{"taxonomy":"post_tag","embeddable":true,"href":"https:\/\/dudasytextos.com\/como-saber\/wp-json\/wp\/v2\/tags?post=136046"}],"curies":[{"name":"wp","href":"https:\/\/api.w.org\/{rel}","templated":true}]}}