{"id":136449,"date":"2025-03-02T16:10:08","date_gmt":"2025-03-02T16:10:08","guid":{"rendered":"https:\/\/educacion.cc\/?p=136449"},"modified":"2025-03-12T22:33:29","modified_gmt":"2025-03-12T22:33:29","slug":"como-saber-si-tengo-asma-o-bronquitis","status":"publish","type":"post","link":"https:\/\/dudasytextos.com\/como-saber\/como-saber-si-tengo-asma-o-bronquitis\/","title":{"rendered":"C\u00f3mo saber si tengo asma o bronquitis"},"content":{"rendered":"<div id=\"ez-toc-container\" class=\"ez-toc-v2_0_87 counter-hierarchy ez-toc-counter ez-toc-custom ez-toc-container-direction\">\n<div class=\"ez-toc-title-container\">\n<span class=\"ez-toc-title-toggle\"><\/span><\/div>\n<nav><ul class='ez-toc-list ez-toc-list-level-1 ' ><li class='ez-toc-page-1 ez-toc-heading-level-2'><a class=\"ez-toc-link ez-toc-heading-1\" href=\"https:\/\/dudasytextos.com\/como-saber\/como-saber-si-tengo-asma-o-bronquitis\/#%C2%BFComo_Saber_Si_Tengo_Asma_O_Bronquitis\" >\u00bfC\u00f3mo Saber Si Tengo Asma O Bronquitis?<\/a><\/li><li class='ez-toc-page-1 ez-toc-heading-level-2'><a class=\"ez-toc-link ez-toc-heading-2\" href=\"https:\/\/dudasytextos.com\/como-saber\/como-saber-si-tengo-asma-o-bronquitis\/#Curiosidades_sobre_el_asma_y_la_bronquitis\" >Curiosidades sobre el asma y la bronquitis<\/a><\/li><li class='ez-toc-page-1 ez-toc-heading-level-2'><a class=\"ez-toc-link ez-toc-heading-3\" href=\"https:\/\/dudasytextos.com\/como-saber\/como-saber-si-tengo-asma-o-bronquitis\/#%C2%BFQue_es_el_asma\" >\u00bfQu\u00e9 es el asma?<\/a><\/li><li class='ez-toc-page-1 ez-toc-heading-level-2'><a class=\"ez-toc-link ez-toc-heading-4\" href=\"https:\/\/dudasytextos.com\/como-saber\/como-saber-si-tengo-asma-o-bronquitis\/#%C2%BFQue_es_la_bronquitis\" >\u00bfQu\u00e9 es la bronquitis?<\/a><\/li><li class='ez-toc-page-1 ez-toc-heading-level-2'><a class=\"ez-toc-link ez-toc-heading-5\" href=\"https:\/\/dudasytextos.com\/como-saber\/como-saber-si-tengo-asma-o-bronquitis\/#%C2%BFComo_saber_si_tengo_asma_o_bronquitis\" >\u00bfC\u00f3mo saber si tengo asma o bronquitis?<\/a><\/li><li class='ez-toc-page-1 ez-toc-heading-level-2'><a class=\"ez-toc-link ez-toc-heading-6\" href=\"https:\/\/dudasytextos.com\/como-saber\/como-saber-si-tengo-asma-o-bronquitis\/#Tratamiento_para_el_asma_y_la_bronquitis\" >Tratamiento para el asma y la bronquitis<\/a><\/li><li class='ez-toc-page-1 ez-toc-heading-level-2'><a class=\"ez-toc-link ez-toc-heading-7\" href=\"https:\/\/dudasytextos.com\/como-saber\/como-saber-si-tengo-asma-o-bronquitis\/#Conclusion\" >Conclusi\u00f3n<\/a><\/li><li class='ez-toc-page-1 ez-toc-heading-level-2'><a class=\"ez-toc-link ez-toc-heading-8\" href=\"https:\/\/dudasytextos.com\/como-saber\/como-saber-si-tengo-asma-o-bronquitis\/#Preguntas_frecuentes\" >Preguntas frecuentes<\/a><ul class='ez-toc-list-level-3' ><li class='ez-toc-heading-level-3'><a class=\"ez-toc-link ez-toc-heading-9\" href=\"https:\/\/dudasytextos.com\/como-saber\/como-saber-si-tengo-asma-o-bronquitis\/#%C2%BFQue_desencadena_el_asma\" >\u00bfQu\u00e9 desencadena el asma?<\/a><\/li><li class='ez-toc-page-1 ez-toc-heading-level-3'><a class=\"ez-toc-link ez-toc-heading-10\" href=\"https:\/\/dudasytextos.com\/como-saber\/como-saber-si-tengo-asma-o-bronquitis\/#%C2%BFEl_asma_es_curable\" >\u00bfEl asma es curable?<\/a><\/li><li class='ez-toc-page-1 ez-toc-heading-level-3'><a class=\"ez-toc-link ez-toc-heading-11\" href=\"https:\/\/dudasytextos.com\/como-saber\/como-saber-si-tengo-asma-o-bronquitis\/#%C2%BFQue_es_la_EPOC\" >\u00bfQu\u00e9 es la EPOC?<\/a><\/li><li class='ez-toc-page-1 ez-toc-heading-level-3'><a class=\"ez-toc-link ez-toc-heading-12\" href=\"https:\/\/dudasytextos.com\/como-saber\/como-saber-si-tengo-asma-o-bronquitis\/#%C2%BFQue_causa_la_bronquitis_cronica\" >\u00bfQu\u00e9 causa la bronquitis cr\u00f3nica?<\/a><\/li><li class='ez-toc-page-1 ez-toc-heading-level-3'><a class=\"ez-toc-link ez-toc-heading-13\" href=\"https:\/\/dudasytextos.com\/como-saber\/como-saber-si-tengo-asma-o-bronquitis\/#%C2%BFCuanto_tiempo_dura_la_bronquitis_aguda\" >\u00bfCu\u00e1nto tiempo dura la bronquitis aguda?<\/a><\/li><li class='ez-toc-page-1 ez-toc-heading-level-3'><a class=\"ez-toc-link ez-toc-heading-14\" href=\"https:\/\/dudasytextos.com\/como-saber\/como-saber-si-tengo-asma-o-bronquitis\/#%C2%BFCuanto_tiempo_dura_la_bronquitis_cronica\" >\u00bfCu\u00e1nto tiempo dura la bronquitis cr\u00f3nica?<\/a><\/li><\/ul><\/li><\/ul><\/nav><\/div>\n<h2><span class=\"ez-toc-section\" id=\"%C2%BFComo_Saber_Si_Tengo_Asma_O_Bronquitis\"><\/span>\u00bfC\u00f3mo Saber Si Tengo Asma O Bronquitis?<span class=\"ez-toc-section-end\"><\/span><\/h2>\n<section>\n<h2><span class=\"ez-toc-section\" id=\"Curiosidades_sobre_el_asma_y_la_bronquitis\"><\/span>Curiosidades sobre el asma y la bronquitis<span class=\"ez-toc-section-end\"><\/span><\/h2>\n<ul>\n<li>El asma y la bronquitis son enfermedades respiratorias comunes en todo el mundo.<\/li>\n<li>Se estima que m\u00e1s de 300 millones de personas en todo el mundo sufren de asma.<\/li>\n<li>La bronquitis aguda es una inflamaci\u00f3n de los bronquios que dura menos de tres semanas.<\/li>\n<li>La bronquitis cr\u00f3nica es una enfermedad pulmonar obstructiva cr\u00f3nica (EPOC) que dura m\u00e1s de tres meses y se presenta en dos a\u00f1os consecutivos.<\/li>\n<\/ul>\n<\/section>\n<section>\n<h2><span class=\"ez-toc-section\" id=\"%C2%BFQue_es_el_asma\"><\/span>\u00bfQu\u00e9 es el asma?<span class=\"ez-toc-section-end\"><\/span><\/h2>\n<p>El asma es una enfermedad respiratoria cr\u00f3nica que afecta a los bronquios, las v\u00edas respiratorias que llevan el aire hacia y desde los pulmones. Las personas con asma tienen v\u00edas respiratorias inflamadas y sensibles que reaccionan a ciertos desencadenantes, como el polen, el pelo de animales, el humo y el ejercicio.<\/p>\n<p>A menudo, las personas con asma experimentan s\u00edntomas como tos, sibilancias, opresi\u00f3n en el pecho y falta de aliento.<\/p>\n<\/section>\n<section>\n<h2><span class=\"ez-toc-section\" id=\"%C2%BFQue_es_la_bronquitis\"><\/span>\u00bfQu\u00e9 es la bronquitis?<span class=\"ez-toc-section-end\"><\/span><\/h2>\n<p>La bronquitis es una inflamaci\u00f3n de los bronquios, las v\u00edas respiratorias que llevan el aire hacia los pulmones. La bronquitis puede ser aguda o cr\u00f3nica.<\/p>\n<p>La bronquitis aguda es una inflamaci\u00f3n de los bronquios que dura menos de tres semanas. Los s\u00edntomas incluyen tos, producci\u00f3n de esputo y fatiga.<\/p>\n<p>La bronquitis cr\u00f3nica es una enfermedad pulmonar obstructiva cr\u00f3nica (EPOC) que dura m\u00e1s de tres meses y se presenta en dos a\u00f1os consecutivos. Los s\u00edntomas incluyen tos cr\u00f3nica, producci\u00f3n de esputo y dificultad para respirar.<\/p>\n<\/section>\n<section>\n<h2><span class=\"ez-toc-section\" id=\"%C2%BFComo_saber_si_tengo_asma_o_bronquitis\"><\/span>\u00bfC\u00f3mo saber si tengo asma o bronquitis?<span class=\"ez-toc-section-end\"><\/span><\/h2>\n<p>Si experimenta s\u00edntomas como tos, sibilancias, opresi\u00f3n en el pecho y falta de aliento, es posible que tenga asma. Un m\u00e9dico puede diagnosticar el asma a trav\u00e9s de pruebas de funci\u00f3n pulmonar y pruebas de alergia.<\/p>\n<p>Si tiene tos, producci\u00f3n de esputo y fatiga, es posible que tenga bronquitis aguda. Un m\u00e9dico puede diagnosticar la bronquitis aguda a trav\u00e9s de una evaluaci\u00f3n de los s\u00edntomas y un examen f\u00edsico.<\/p>\n<p>Si tiene tos cr\u00f3nica, producci\u00f3n de esputo y dificultad para respirar, es posible que tenga bronquitis cr\u00f3nica. Un m\u00e9dico puede diagnosticar la bronquitis cr\u00f3nica a trav\u00e9s de pruebas de funci\u00f3n pulmonar y pruebas de imagen.<\/p>\n<\/section>\n<section>\n<h2><span class=\"ez-toc-section\" id=\"Tratamiento_para_el_asma_y_la_bronquitis\"><\/span>Tratamiento para el asma y la bronquitis<span class=\"ez-toc-section-end\"><\/span><\/h2>\n<p>El tratamiento para el asma y la bronquitis var\u00eda seg\u00fan el tipo y la gravedad de la enfermedad. Los tratamientos comunes incluyen medicamentos para reducir la inflamaci\u00f3n y abrir las v\u00edas respiratorias, como los broncodilatadores y los corticosteroides. Tambi\u00e9n puede ser \u00fatil evitar los desencadenantes del asma y la bronquitis, como el humo y los al\u00e9rgenos.<\/p>\n<p>En casos graves, puede ser necesario hospitalizar al paciente o administrar ox\u00edgeno.<\/p>\n<\/section>\n<section>\n<h2><span class=\"ez-toc-section\" id=\"Conclusion\"><\/span>Conclusi\u00f3n<span class=\"ez-toc-section-end\"><\/span><\/h2>\n<p>Si experimenta s\u00edntomas como tos, sibilancias, opresi\u00f3n en el pecho y falta de aliento, es posible que tenga asma o bronquitis. Es importante buscar atenci\u00f3n m\u00e9dica para recibir un diagn\u00f3stico preciso y un tratamiento adecuado. Con el tratamiento adecuado, muchas personas pueden controlar su asma o bronquitis y llevar una vida activa y saludable.<\/p>\n<\/section>\n<section>\n<h2><span class=\"ez-toc-section\" id=\"Preguntas_frecuentes\"><\/span>Preguntas frecuentes<span class=\"ez-toc-section-end\"><\/span><\/h2>\n<h3><span class=\"ez-toc-section\" id=\"%C2%BFQue_desencadena_el_asma\"><\/span>\u00bfQu\u00e9 desencadena el asma?<span class=\"ez-toc-section-end\"><\/span><\/h3>\n<p>El asma puede ser desencadenado por una variedad de factores, incluyendo al\u00e9rgenos (como el polen, el pelo de animales y la caspa), irritantes (como el humo, la contaminaci\u00f3n del aire y los productos qu\u00edmicos), infecciones respiratorias (como el resfriado com\u00fan) y el ejercicio.<\/p>\n<h3><span class=\"ez-toc-section\" id=\"%C2%BFEl_asma_es_curable\"><\/span>\u00bfEl asma es curable?<span class=\"ez-toc-section-end\"><\/span><\/h3>\n<p>No hay cura para el asma, pero con el tratamiento adecuado, muchas personas pueden controlar sus s\u00edntomas y llevar una vida activa y saludable.<\/p>\n<h3><span class=\"ez-toc-section\" id=\"%C2%BFQue_es_la_EPOC\"><\/span>\u00bfQu\u00e9 es la EPOC?<span class=\"ez-toc-section-end\"><\/span><\/h3>\n<p>La EPOC, o enfermedad pulmonar obstructiva cr\u00f3nica, es una enfermedad pulmonar cr\u00f3nica en la que los bronquios se estrechan y los sacos de aire en los pulmones se da\u00f1an. Los s\u00edntomas incluyen tos cr\u00f3nica, producci\u00f3n de esputo y dificultad para respirar.<\/p>\n<h3><span class=\"ez-toc-section\" id=\"%C2%BFQue_causa_la_bronquitis_cronica\"><\/span>\u00bfQu\u00e9 causa la bronquitis cr\u00f3nica?<span class=\"ez-toc-section-end\"><\/span><\/h3>\n<p>La bronquitis cr\u00f3nica es causada en gran medida por el tabaquismo y la exposici\u00f3n a la contaminaci\u00f3n del aire.<\/p>\n<h3><span class=\"ez-toc-section\" id=\"%C2%BFCuanto_tiempo_dura_la_bronquitis_aguda\"><\/span>\u00bfCu\u00e1nto tiempo dura la bronquitis aguda?<span class=\"ez-toc-section-end\"><\/span><\/h3>\n<p>La bronquitis aguda dura generalmente menos de tres semanas.<\/p>\n<h3><span class=\"ez-toc-section\" id=\"%C2%BFCuanto_tiempo_dura_la_bronquitis_cronica\"><\/span>\u00bfCu\u00e1nto tiempo dura la bronquitis cr\u00f3nica?<span class=\"ez-toc-section-end\"><\/span><\/h3>\n<p>La bronquitis cr\u00f3nica dura m\u00e1s de tres meses y se presenta en dos a\u00f1os consecutivos.<\/p>\n<\/section>\n","protected":false},"excerpt":{"rendered":"<p>\u00bfC\u00f3mo Saber Si Tengo Asma O Bronquitis? Curiosidades sobre el asma y la bronquitis El asma y la bronquitis son enfermedades respiratorias comunes en todo el mundo. Se estima que m\u00e1s de 300 millones de personas en todo el mundo sufren de asma. La bronquitis aguda es una inflamaci\u00f3n de los bronquios que dura menos &#8230; <a title=\"C\u00f3mo saber si tengo asma o bronquitis\" class=\"read-more\" href=\"https:\/\/dudasytextos.com\/como-saber\/como-saber-si-tengo-asma-o-bronquitis\/\" aria-label=\"M\u00e1s en C\u00f3mo saber si tengo asma o bronquitis\">Leer m\u00e1s<\/a><\/p>\n","protected":false},"author":1,"featured_media":0,"comment_status":"open","ping_status":"open","sticky":false,"template":"","format":"standard","meta":{"footnotes":""},"categories":[3],"tags":[],"class_list":["post-136449","post","type-post","status-publish","format-standard","hentry","category-como-saber"],"aioseo_notices":[],"aioseo_head":"\n\t\t<!-- All in One SEO 5.0.1.1 - aioseo.com -->\n\t<meta name=\"description\" content=\"\u00bfC\u00f3mo Saber Si Tengo Asma O Bronquitis? Curiosidades sobre el asma y la bronquitis El asma y la bronquitis son enfermedades respiratorias comunes en todo el mundo. Se estima que m\u00e1s de 300 millones de personas en todo el mundo sufren de asma. La bronquitis aguda es una inflamaci\u00f3n de los bronquios que dura menos\" \/>\n\t<meta name=\"robots\" content=\"max-snippet:-1, max-image-preview:large, max-video-preview:-1\" \/>\n\t<meta name=\"author\" content=\"Ana Gonz\u00e1lez\"\/>\n\t<link rel=\"canonical\" href=\"https:\/\/dudasytextos.com\/como-saber\/como-saber-si-tengo-asma-o-bronquitis\/\" \/>\n\t<meta name=\"generator\" content=\"All in One SEO (AIOSEO) 5.0.1.1\" \/>\n\n\t\t<!-- Google tag (gtag.js) -->\n<script async src=\"https:\/\/www.googletagmanager.com\/gtag\/js?id=G-70CBWDK9PY\"><\/script>\n<script>\n  window.dataLayer = window.dataLayer || [];\n  function gtag(){dataLayer.push(arguments);}\n  gtag('js', new Date());\n\n  gtag('config', 'G-70CBWDK9PY');\n<\/script>\n<script async src=\"https:\/\/pagead2.googlesyndication.com\/pagead\/js\/adsbygoogle.js?client=ca-pub-3987500858204711\"\n     crossorigin=\"anonymous\"><\/script>\n\t\t<meta property=\"og:locale\" content=\"es_ES\" \/>\n\t\t<meta property=\"og:site_name\" content=\"\u00bfC\u00f3mo Saberlo? - \u00bfC\u00f3mo Saberlo?\" \/>\n\t\t<meta property=\"og:type\" content=\"article\" \/>\n\t\t<meta property=\"og:title\" content=\"C\u00f3mo saber si tengo asma o bronquitis (2026) \u00bfC\u00f3mo Saberlo?\" \/>\n\t\t<meta property=\"og:description\" content=\"\u00bfC\u00f3mo Saber Si Tengo Asma O Bronquitis? Curiosidades sobre el asma y la bronquitis El asma y la bronquitis son enfermedades respiratorias comunes en todo el mundo. Se estima que m\u00e1s de 300 millones de personas en todo el mundo sufren de asma. La bronquitis aguda es una inflamaci\u00f3n de los bronquios que dura menos\" \/>\n\t\t<meta property=\"og:url\" content=\"https:\/\/dudasytextos.com\/como-saber\/como-saber-si-tengo-asma-o-bronquitis\/\" \/>\n\t\t<meta property=\"article:published_time\" content=\"2025-03-02T16:10:08+00:00\" \/>\n\t\t<meta property=\"article:modified_time\" content=\"2025-03-12T22:33:29+00:00\" \/>\n\t\t<meta name=\"twitter:card\" content=\"summary_large_image\" \/>\n\t\t<meta name=\"twitter:title\" content=\"C\u00f3mo saber si tengo asma o bronquitis (2026) \u00bfC\u00f3mo Saberlo?\" \/>\n\t\t<meta name=\"twitter:description\" content=\"\u00bfC\u00f3mo Saber Si Tengo Asma O Bronquitis? Curiosidades sobre el asma y la bronquitis El asma y la bronquitis son enfermedades respiratorias comunes en todo el mundo. Se estima que m\u00e1s de 300 millones de personas en todo el mundo sufren de asma. La bronquitis aguda es una inflamaci\u00f3n de los bronquios que dura menos\" \/>\n\t\t<script type=\"application\/ld+json\" class=\"aioseo-schema\">\n\t\t\t{\"@context\":\"https:\\\/\\\/schema.org\",\"@graph\":[{\"@type\":\"BlogPosting\",\"@id\":\"https:\\\/\\\/dudasytextos.com\\\/como-saber\\\/como-saber-si-tengo-asma-o-bronquitis\\\/#blogposting\",\"name\":\"C\\u00f3mo saber si tengo asma o bronquitis (2026) \\u00bfC\\u00f3mo Saberlo?\",\"headline\":\"C\\u00f3mo saber si tengo asma o bronquitis\",\"author\":{\"@id\":\"https:\\\/\\\/dudasytextos.com\\\/como-saber\\\/author\\\/admin23\\\/#author\"},\"publisher\":{\"@id\":\"https:\\\/\\\/dudasytextos.com\\\/como-saber\\\/#organization\"},\"datePublished\":\"2025-03-02T16:10:08+00:00\",\"dateModified\":\"2025-03-12T22:33:29+00:00\",\"inLanguage\":\"es-ES\",\"mainEntityOfPage\":{\"@id\":\"https:\\\/\\\/dudasytextos.com\\\/como-saber\\\/como-saber-si-tengo-asma-o-bronquitis\\\/#webpage\"},\"isPartOf\":{\"@id\":\"https:\\\/\\\/dudasytextos.com\\\/como-saber\\\/como-saber-si-tengo-asma-o-bronquitis\\\/#webpage\"},\"articleSection\":\"\\u00bfC\\u00f3mo saber?\"},{\"@type\":\"BreadcrumbList\",\"@id\":\"https:\\\/\\\/dudasytextos.com\\\/como-saber\\\/como-saber-si-tengo-asma-o-bronquitis\\\/#breadcrumblist\",\"itemListElement\":[{\"@type\":\"ListItem\",\"@id\":\"https:\\\/\\\/dudasytextos.com\\\/como-saber#listItem\",\"position\":1,\"name\":\"Home\",\"item\":\"https:\\\/\\\/dudasytextos.com\\\/como-saber\",\"nextItem\":{\"@type\":\"ListItem\",\"@id\":\"https:\\\/\\\/dudasytextos.com\\\/como-saber\\\/category\\\/como-saber\\\/#listItem\",\"name\":\"\\u00bfC\\u00f3mo saber?\"}},{\"@type\":\"ListItem\",\"@id\":\"https:\\\/\\\/dudasytextos.com\\\/como-saber\\\/category\\\/como-saber\\\/#listItem\",\"position\":2,\"name\":\"\\u00bfC\\u00f3mo saber?\",\"item\":\"https:\\\/\\\/dudasytextos.com\\\/como-saber\\\/category\\\/como-saber\\\/\",\"nextItem\":{\"@type\":\"ListItem\",\"@id\":\"https:\\\/\\\/dudasytextos.com\\\/como-saber\\\/como-saber-si-tengo-asma-o-bronquitis\\\/#listItem\",\"name\":\"C\\u00f3mo saber si tengo asma o bronquitis\"},\"previousItem\":{\"@type\":\"ListItem\",\"@id\":\"https:\\\/\\\/dudasytextos.com\\\/como-saber#listItem\",\"name\":\"Home\"}},{\"@type\":\"ListItem\",\"@id\":\"https:\\\/\\\/dudasytextos.com\\\/como-saber\\\/como-saber-si-tengo-asma-o-bronquitis\\\/#listItem\",\"position\":3,\"name\":\"C\\u00f3mo saber si tengo asma o bronquitis\",\"previousItem\":{\"@type\":\"ListItem\",\"@id\":\"https:\\\/\\\/dudasytextos.com\\\/como-saber\\\/category\\\/como-saber\\\/#listItem\",\"name\":\"\\u00bfC\\u00f3mo saber?\"}}]},{\"@type\":\"Organization\",\"@id\":\"https:\\\/\\\/dudasytextos.com\\\/como-saber\\\/#organization\",\"name\":\"Recipes\",\"description\":\"\\u00bfC\\u00f3mo Saberlo?\",\"url\":\"https:\\\/\\\/dudasytextos.com\\\/como-saber\\\/\"},{\"@type\":\"Person\",\"@id\":\"https:\\\/\\\/dudasytextos.com\\\/como-saber\\\/author\\\/admin23\\\/#author\",\"url\":\"https:\\\/\\\/dudasytextos.com\\\/como-saber\\\/author\\\/admin23\\\/\",\"name\":\"Ana Gonz\\u00e1lez\"},{\"@type\":\"WebPage\",\"@id\":\"https:\\\/\\\/dudasytextos.com\\\/como-saber\\\/como-saber-si-tengo-asma-o-bronquitis\\\/#webpage\",\"url\":\"https:\\\/\\\/dudasytextos.com\\\/como-saber\\\/como-saber-si-tengo-asma-o-bronquitis\\\/\",\"name\":\"C\\u00f3mo saber si tengo asma o bronquitis (2026) \\u00bfC\\u00f3mo Saberlo?\",\"description\":\"\\u00bfC\\u00f3mo Saber Si Tengo Asma O Bronquitis? Curiosidades sobre el asma y la bronquitis El asma y la bronquitis son enfermedades respiratorias comunes en todo el mundo. Se estima que m\\u00e1s de 300 millones de personas en todo el mundo sufren de asma. La bronquitis aguda es una inflamaci\\u00f3n de los bronquios que dura menos\",\"inLanguage\":\"es-ES\",\"isPartOf\":{\"@id\":\"https:\\\/\\\/dudasytextos.com\\\/como-saber\\\/#website\"},\"breadcrumb\":{\"@id\":\"https:\\\/\\\/dudasytextos.com\\\/como-saber\\\/como-saber-si-tengo-asma-o-bronquitis\\\/#breadcrumblist\"},\"author\":{\"@id\":\"https:\\\/\\\/dudasytextos.com\\\/como-saber\\\/author\\\/admin23\\\/#author\"},\"creator\":{\"@id\":\"https:\\\/\\\/dudasytextos.com\\\/como-saber\\\/author\\\/admin23\\\/#author\"},\"datePublished\":\"2025-03-02T16:10:08+00:00\",\"dateModified\":\"2025-03-12T22:33:29+00:00\"},{\"@type\":\"WebSite\",\"@id\":\"https:\\\/\\\/dudasytextos.com\\\/como-saber\\\/#website\",\"url\":\"https:\\\/\\\/dudasytextos.com\\\/como-saber\\\/\",\"name\":\"Recipes\",\"description\":\"\\u00bfC\\u00f3mo Saberlo?\",\"inLanguage\":\"es-ES\",\"publisher\":{\"@id\":\"https:\\\/\\\/dudasytextos.com\\\/como-saber\\\/#organization\"}}]}\n\t\t<\/script>\n\t\t<!-- All in One SEO -->\n\n","aioseo_head_json":{"title":"C\u00f3mo saber si tengo asma o bronquitis (2026) \u00bfC\u00f3mo Saberlo?","description":"\u00bfC\u00f3mo Saber Si Tengo Asma O Bronquitis? Curiosidades sobre el asma y la bronquitis El asma y la bronquitis son enfermedades respiratorias comunes en todo el mundo. Se estima que m\u00e1s de 300 millones de personas en todo el mundo sufren de asma. La bronquitis aguda es una inflamaci\u00f3n de los bronquios que dura menos","canonical_url":"https:\/\/dudasytextos.com\/como-saber\/como-saber-si-tengo-asma-o-bronquitis\/","robots":"max-snippet:-1, max-image-preview:large, max-video-preview:-1","keywords":"","webmasterTools":{"miscellaneous":"&lt;!-- Google tag (gtag.js) --&gt;\n&lt;script async src=\"https:\/\/www.googletagmanager.com\/gtag\/js?id=G-70CBWDK9PY\"&gt;&lt;\/script&gt;\n&lt;script&gt;\n  window.dataLayer = window.dataLayer || [];\n  function gtag(){dataLayer.push(arguments);}\n  gtag('js', new Date());\n\n  gtag('config', 'G-70CBWDK9PY');\n&lt;\/script&gt;\n&lt;script async src=\"https:\/\/pagead2.googlesyndication.com\/pagead\/js\/adsbygoogle.js?client=ca-pub-3987500858204711\"\n     crossorigin=\"anonymous\"&gt;&lt;\/script&gt;"},"schema":{"@context":"https:\/\/schema.org","@graph":[{"@type":"BlogPosting","@id":"https:\/\/dudasytextos.com\/como-saber\/como-saber-si-tengo-asma-o-bronquitis\/#blogposting","name":"C\u00f3mo saber si tengo asma o bronquitis (2026) \u00bfC\u00f3mo Saberlo?","headline":"C\u00f3mo saber si tengo asma o bronquitis","author":{"@id":"https:\/\/dudasytextos.com\/como-saber\/author\/admin23\/#author"},"publisher":{"@id":"https:\/\/dudasytextos.com\/como-saber\/#organization"},"datePublished":"2025-03-02T16:10:08+00:00","dateModified":"2025-03-12T22:33:29+00:00","inLanguage":"es-ES","mainEntityOfPage":{"@id":"https:\/\/dudasytextos.com\/como-saber\/como-saber-si-tengo-asma-o-bronquitis\/#webpage"},"isPartOf":{"@id":"https:\/\/dudasytextos.com\/como-saber\/como-saber-si-tengo-asma-o-bronquitis\/#webpage"},"articleSection":"\u00bfC\u00f3mo saber?"},{"@type":"BreadcrumbList","@id":"https:\/\/dudasytextos.com\/como-saber\/como-saber-si-tengo-asma-o-bronquitis\/#breadcrumblist","itemListElement":[{"@type":"ListItem","@id":"https:\/\/dudasytextos.com\/como-saber#listItem","position":1,"name":"Home","item":"https:\/\/dudasytextos.com\/como-saber","nextItem":{"@type":"ListItem","@id":"https:\/\/dudasytextos.com\/como-saber\/category\/como-saber\/#listItem","name":"\u00bfC\u00f3mo saber?"}},{"@type":"ListItem","@id":"https:\/\/dudasytextos.com\/como-saber\/category\/como-saber\/#listItem","position":2,"name":"\u00bfC\u00f3mo saber?","item":"https:\/\/dudasytextos.com\/como-saber\/category\/como-saber\/","nextItem":{"@type":"ListItem","@id":"https:\/\/dudasytextos.com\/como-saber\/como-saber-si-tengo-asma-o-bronquitis\/#listItem","name":"C\u00f3mo saber si tengo asma o bronquitis"},"previousItem":{"@type":"ListItem","@id":"https:\/\/dudasytextos.com\/como-saber#listItem","name":"Home"}},{"@type":"ListItem","@id":"https:\/\/dudasytextos.com\/como-saber\/como-saber-si-tengo-asma-o-bronquitis\/#listItem","position":3,"name":"C\u00f3mo saber si tengo asma o bronquitis","previousItem":{"@type":"ListItem","@id":"https:\/\/dudasytextos.com\/como-saber\/category\/como-saber\/#listItem","name":"\u00bfC\u00f3mo saber?"}}]},{"@type":"Organization","@id":"https:\/\/dudasytextos.com\/como-saber\/#organization","name":"Recipes","description":"\u00bfC\u00f3mo Saberlo?","url":"https:\/\/dudasytextos.com\/como-saber\/"},{"@type":"Person","@id":"https:\/\/dudasytextos.com\/como-saber\/author\/admin23\/#author","url":"https:\/\/dudasytextos.com\/como-saber\/author\/admin23\/","name":"Ana Gonz\u00e1lez"},{"@type":"WebPage","@id":"https:\/\/dudasytextos.com\/como-saber\/como-saber-si-tengo-asma-o-bronquitis\/#webpage","url":"https:\/\/dudasytextos.com\/como-saber\/como-saber-si-tengo-asma-o-bronquitis\/","name":"C\u00f3mo saber si tengo asma o bronquitis (2026) \u00bfC\u00f3mo Saberlo?","description":"\u00bfC\u00f3mo Saber Si Tengo Asma O Bronquitis? Curiosidades sobre el asma y la bronquitis El asma y la bronquitis son enfermedades respiratorias comunes en todo el mundo. Se estima que m\u00e1s de 300 millones de personas en todo el mundo sufren de asma. La bronquitis aguda es una inflamaci\u00f3n de los bronquios que dura menos","inLanguage":"es-ES","isPartOf":{"@id":"https:\/\/dudasytextos.com\/como-saber\/#website"},"breadcrumb":{"@id":"https:\/\/dudasytextos.com\/como-saber\/como-saber-si-tengo-asma-o-bronquitis\/#breadcrumblist"},"author":{"@id":"https:\/\/dudasytextos.com\/como-saber\/author\/admin23\/#author"},"creator":{"@id":"https:\/\/dudasytextos.com\/como-saber\/author\/admin23\/#author"},"datePublished":"2025-03-02T16:10:08+00:00","dateModified":"2025-03-12T22:33:29+00:00"},{"@type":"WebSite","@id":"https:\/\/dudasytextos.com\/como-saber\/#website","url":"https:\/\/dudasytextos.com\/como-saber\/","name":"Recipes","description":"\u00bfC\u00f3mo Saberlo?","inLanguage":"es-ES","publisher":{"@id":"https:\/\/dudasytextos.com\/como-saber\/#organization"}}]},"og:locale":"es_ES","og:site_name":"\u00bfC\u00f3mo Saberlo? - \u00bfC\u00f3mo Saberlo?","og:type":"article","og:title":"C\u00f3mo saber si tengo asma o bronquitis (2026) \u00bfC\u00f3mo Saberlo?","og:description":"\u00bfC\u00f3mo Saber Si Tengo Asma O Bronquitis? Curiosidades sobre el asma y la bronquitis El asma y la bronquitis son enfermedades respiratorias comunes en todo el mundo. Se estima que m\u00e1s de 300 millones de personas en todo el mundo sufren de asma. La bronquitis aguda es una inflamaci\u00f3n de los bronquios que dura menos","og:url":"https:\/\/dudasytextos.com\/como-saber\/como-saber-si-tengo-asma-o-bronquitis\/","article:published_time":"2025-03-02T16:10:08+00:00","article:modified_time":"2025-03-12T22:33:29+00:00","twitter:card":"summary_large_image","twitter:title":"C\u00f3mo saber si tengo asma o bronquitis (2026) \u00bfC\u00f3mo Saberlo?","twitter:description":"\u00bfC\u00f3mo Saber Si Tengo Asma O Bronquitis? Curiosidades sobre el asma y la bronquitis El asma y la bronquitis son enfermedades respiratorias comunes en todo el mundo. Se estima que m\u00e1s de 300 millones de personas en todo el mundo sufren de asma. La bronquitis aguda es una inflamaci\u00f3n de los bronquios que dura menos"},"aioseo_meta_data":{"post_id":"136449","title":null,"description":null,"keywords":null,"keyphrases":null,"primary_term":null,"canonical_url":null,"og_title":null,"og_description":null,"og_object_type":"default","og_image_type":"default","og_image_url":null,"og_image_width":null,"og_image_height":null,"og_image_custom_url":null,"og_image_custom_fields":null,"og_video":null,"og_custom_url":null,"og_article_section":null,"og_article_tags":null,"twitter_use_og":false,"twitter_card":"default","twitter_image_type":"default","twitter_image_url":null,"twitter_image_custom_url":null,"twitter_image_custom_fields":null,"twitter_title":null,"twitter_description":null,"schema":{"blockGraphs":[],"customGraphs":[],"default":{"data":{"Article":[],"Course":[],"Dataset":[],"FAQPage":[],"Movie":[],"Person":[],"Product":[],"ProductReview":[],"Car":[],"Recipe":[],"Service":[],"SoftwareApplication":[],"WebPage":[]},"graphName":"","isEnabled":true},"graphs":[]},"schema_type":"default","schema_type_options":null,"pillar_content":false,"robots_default":true,"robots_noindex":false,"robots_noarchive":false,"robots_nosnippet":false,"robots_nofollow":false,"robots_noimageindex":false,"robots_noodp":false,"robots_notranslate":false,"robots_max_snippet":null,"robots_max_videopreview":null,"robots_max_imagepreview":"large","priority":null,"frequency":null,"local_seo":null,"breadcrumb_settings":null,"limit_modified_date":false,"ai":null,"created":"2023-05-01 02:36:26","updated":"2025-06-04 10:26:59","seo_analyzer_scan_date":null,"focus_keyword":null,"additional_keywords":null,"truseo_locale":null},"aioseo_breadcrumb":"<div class=\"aioseo-breadcrumbs\"><span class=\"aioseo-breadcrumb\">\n\t\t\t<a href=\"https:\/\/dudasytextos.com\/como-saber\" title=\"Home\">Home<\/a>\n\t\t<\/span><span class=\"aioseo-breadcrumb-separator\">&raquo;<\/span><span class=\"aioseo-breadcrumb\">\n\t\t\t<a href=\"https:\/\/dudasytextos.com\/como-saber\/category\/como-saber\/\" title=\"\u00bfC\u00f3mo saber?\">\u00bfC\u00f3mo saber?<\/a>\n\t\t<\/span><span class=\"aioseo-breadcrumb-separator\">&raquo;<\/span><span class=\"aioseo-breadcrumb\">\n\t\t\tC\u00f3mo saber si tengo asma o bronquitis\n\t\t<\/span><\/div>","aioseo_breadcrumb_json":[{"label":"Home","link":"https:\/\/dudasytextos.com\/como-saber"},{"label":"\u00bfC\u00f3mo saber?","link":"https:\/\/dudasytextos.com\/como-saber\/category\/como-saber\/"},{"label":"C\u00f3mo saber si tengo asma o bronquitis","link":"https:\/\/dudasytextos.com\/como-saber\/como-saber-si-tengo-asma-o-bronquitis\/"}],"_links":{"self":[{"href":"https:\/\/dudasytextos.com\/como-saber\/wp-json\/wp\/v2\/posts\/136449","targetHints":{"allow":["GET"]}}],"collection":[{"href":"https:\/\/dudasytextos.com\/como-saber\/wp-json\/wp\/v2\/posts"}],"about":[{"href":"https:\/\/dudasytextos.com\/como-saber\/wp-json\/wp\/v2\/types\/post"}],"author":[{"embeddable":true,"href":"https:\/\/dudasytextos.com\/como-saber\/wp-json\/wp\/v2\/users\/1"}],"replies":[{"embeddable":true,"href":"https:\/\/dudasytextos.com\/como-saber\/wp-json\/wp\/v2\/comments?post=136449"}],"version-history":[{"count":1,"href":"https:\/\/dudasytextos.com\/como-saber\/wp-json\/wp\/v2\/posts\/136449\/revisions"}],"predecessor-version":[{"id":139552,"href":"https:\/\/dudasytextos.com\/como-saber\/wp-json\/wp\/v2\/posts\/136449\/revisions\/139552"}],"wp:attachment":[{"href":"https:\/\/dudasytextos.com\/como-saber\/wp-json\/wp\/v2\/media?parent=136449"}],"wp:term":[{"taxonomy":"category","embeddable":true,"href":"https:\/\/dudasytextos.com\/como-saber\/wp-json\/wp\/v2\/categories?post=136449"},{"taxonomy":"post_tag","embeddable":true,"href":"https:\/\/dudasytextos.com\/como-saber\/wp-json\/wp\/v2\/tags?post=136449"}],"curies":[{"name":"wp","href":"https:\/\/api.w.org\/{rel}","templated":true}]}}