{"id":136650,"date":"2025-02-22T22:58:15","date_gmt":"2025-02-22T22:58:15","guid":{"rendered":"https:\/\/educacion.cc\/?p=136650"},"modified":"2025-03-12T18:07:55","modified_gmt":"2025-03-12T18:07:55","slug":"como-saber-cuando-se-me-acaba-el-paro","status":"publish","type":"post","link":"https:\/\/dudasytextos.com\/como-saber\/como-saber-cuando-se-me-acaba-el-paro\/","title":{"rendered":"C\u00f3mo saber cuando se me acaba el paro"},"content":{"rendered":"<div id=\"ez-toc-container\" class=\"ez-toc-v2_0_87 counter-hierarchy ez-toc-counter ez-toc-custom ez-toc-container-direction\">\n<div class=\"ez-toc-title-container\">\n<span class=\"ez-toc-title-toggle\"><\/span><\/div>\n<nav><ul class='ez-toc-list ez-toc-list-level-1 ' ><li class='ez-toc-page-1 ez-toc-heading-level-2'><a class=\"ez-toc-link ez-toc-heading-1\" href=\"https:\/\/dudasytextos.com\/como-saber\/como-saber-cuando-se-me-acaba-el-paro\/#%C2%BFComo_saber_cuando_se_me_acaba_el_paro\" >\u00bfC\u00f3mo saber cuando se me acaba el paro?<\/a><\/li><li class='ez-toc-page-1 ez-toc-heading-level-2'><a class=\"ez-toc-link ez-toc-heading-2\" href=\"https:\/\/dudasytextos.com\/como-saber\/como-saber-cuando-se-me-acaba-el-paro\/#Curiosidades_y_datos_interesantes\" >Curiosidades y datos interesantes<\/a><\/li><li class='ez-toc-page-1 ez-toc-heading-level-2'><a class=\"ez-toc-link ez-toc-heading-3\" href=\"https:\/\/dudasytextos.com\/como-saber\/como-saber-cuando-se-me-acaba-el-paro\/#%C2%BFComo_saber_cuando_se_te_acaba_el_paro\" >\u00bfC\u00f3mo saber cu\u00e1ndo se te acaba el paro?<\/a><\/li><li class='ez-toc-page-1 ez-toc-heading-level-2'><a class=\"ez-toc-link ez-toc-heading-4\" href=\"https:\/\/dudasytextos.com\/como-saber\/como-saber-cuando-se-me-acaba-el-paro\/#Mi_experiencia_personal\" >Mi experiencia personal<\/a><\/li><li class='ez-toc-page-1 ez-toc-heading-level-2'><a class=\"ez-toc-link ez-toc-heading-5\" href=\"https:\/\/dudasytextos.com\/como-saber\/como-saber-cuando-se-me-acaba-el-paro\/#Preguntas_frecuentes\" >Preguntas frecuentes<\/a><ul class='ez-toc-list-level-3' ><li class='ez-toc-heading-level-3'><a class=\"ez-toc-link ez-toc-heading-6\" href=\"https:\/\/dudasytextos.com\/como-saber\/como-saber-cuando-se-me-acaba-el-paro\/#%C2%BFPuedo_solicitar_una_prorroga_del_paro\" >\u00bfPuedo solicitar una pr\u00f3rroga del paro?<\/a><\/li><li class='ez-toc-page-1 ez-toc-heading-level-3'><a class=\"ez-toc-link ez-toc-heading-7\" href=\"https:\/\/dudasytextos.com\/como-saber\/como-saber-cuando-se-me-acaba-el-paro\/#%C2%BFQue_pasa_si_se_me_acaba_el_paro_y_no_encuentro_trabajo\" >\u00bfQu\u00e9 pasa si se me acaba el paro y no encuentro trabajo?<\/a><\/li><li class='ez-toc-page-1 ez-toc-heading-level-3'><a class=\"ez-toc-link ez-toc-heading-8\" href=\"https:\/\/dudasytextos.com\/como-saber\/como-saber-cuando-se-me-acaba-el-paro\/#%C2%BFPuedo_trabajar_mientras_cobro_el_paro\" >\u00bfPuedo trabajar mientras cobro el paro?<\/a><\/li><li class='ez-toc-page-1 ez-toc-heading-level-3'><a class=\"ez-toc-link ez-toc-heading-9\" href=\"https:\/\/dudasytextos.com\/como-saber\/como-saber-cuando-se-me-acaba-el-paro\/#%C2%BFCuanto_tiempo_tengo_que_haber_trabajado_para_tener_derecho_a_cobrar_el_paro\" >\u00bfCu\u00e1nto tiempo tengo que haber trabajado para tener derecho a cobrar el paro?<\/a><\/li><\/ul><\/li><\/ul><\/nav><\/div>\n<h2><span class=\"ez-toc-section\" id=\"%C2%BFComo_saber_cuando_se_me_acaba_el_paro\"><\/span>\u00bfC\u00f3mo saber cuando se me acaba el paro?<span class=\"ez-toc-section-end\"><\/span><\/h2>\n<p>Hola, soy Ana Gonz\u00e1lez y en este art\u00edculo te explicar\u00e9 c\u00f3mo saber cu\u00e1ndo se te acaba el paro en Espa\u00f1a. Si eres una de las muchas personas que dependen del subsidio por desempleo, es importante que conozcas los plazos y formas de comprobar cu\u00e1ndo se te termina el paro para poder planificar tu futuro laboral.<\/p>\n<h2><span class=\"ez-toc-section\" id=\"Curiosidades_y_datos_interesantes\"><\/span>Curiosidades y datos interesantes<span class=\"ez-toc-section-end\"><\/span><\/h2>\n<ul>\n<li>En Espa\u00f1a, el paro es una de las principales preocupaciones de la poblaci\u00f3n.<\/li>\n<li>Seg\u00fan el INE, la tasa de desempleo en Espa\u00f1a en 2021 es del 15,26%.<\/li>\n<li>El plazo m\u00e1ximo para cobrar el paro en Espa\u00f1a es de 24 meses.<\/li>\n<li>En 2020, el SEPE (Servicio P\u00fablico de Empleo Estatal) registr\u00f3 m\u00e1s de 3 millones de personas en situaci\u00f3n de desempleo en Espa\u00f1a.<\/li>\n<\/ul>\n<h2><span class=\"ez-toc-section\" id=\"%C2%BFComo_saber_cuando_se_te_acaba_el_paro\"><\/span>\u00bfC\u00f3mo saber cu\u00e1ndo se te acaba el paro?<span class=\"ez-toc-section-end\"><\/span><\/h2>\n<p>Existen varias formas de saber cu\u00e1ndo se te termina el paro en Espa\u00f1a:<\/p>\n<ul>\n<li>Consultar tu tarjeta de demandante de empleo: en ella aparece la fecha en que se te acaba el paro.<\/li>\n<li>Acceder a tu cuenta en la web del SEPE: en la secci\u00f3n Mi demanda de empleo puedes comprobar cu\u00e1ntos d\u00edas de paro te quedan.<\/li>\n<li>Llamar al tel\u00e9fono de informaci\u00f3n del SEPE: el 901 11 99 99.<\/li>\n<li>Acudir personalmente a una oficina del SEPE: all\u00ed te informar\u00e1n de todos los detalles de tu situaci\u00f3n laboral.<\/li>\n<\/ul>\n<h2><span class=\"ez-toc-section\" id=\"Mi_experiencia_personal\"><\/span>Mi experiencia personal<span class=\"ez-toc-section-end\"><\/span><\/h2>\n<p>Cuando se me acab\u00f3 el paro, me encontr\u00e9 en una situaci\u00f3n complicada. No sab\u00eda qu\u00e9 hacer ni c\u00f3mo buscar trabajo, as\u00ed que decid\u00ed formarme en un \u00e1rea con alta demanda laboral. Hice un curso de programaci\u00f3n y gracias a ello, encontr\u00e9 trabajo en una empresa de tecnolog\u00eda. Mi consejo es que aproveches el tiempo que te queda de paro para formarte y mejorar tus habilidades.<\/p>\n<h2><span class=\"ez-toc-section\" id=\"Preguntas_frecuentes\"><\/span>Preguntas frecuentes<span class=\"ez-toc-section-end\"><\/span><\/h2>\n<h3><span class=\"ez-toc-section\" id=\"%C2%BFPuedo_solicitar_una_prorroga_del_paro\"><\/span>\u00bfPuedo solicitar una pr\u00f3rroga del paro?<span class=\"ez-toc-section-end\"><\/span><\/h3>\n<p>S\u00ed, en algunos casos puedes solicitar una pr\u00f3rroga del paro, por ejemplo, si est\u00e1s realizando un curso de formaci\u00f3n o si est\u00e1s enfermo. Para ello, debes acudir a una oficina del SEPE y presentar la documentaci\u00f3n necesaria.<\/p>\n<h3><span class=\"ez-toc-section\" id=\"%C2%BFQue_pasa_si_se_me_acaba_el_paro_y_no_encuentro_trabajo\"><\/span>\u00bfQu\u00e9 pasa si se me acaba el paro y no encuentro trabajo?<span class=\"ez-toc-section-end\"><\/span><\/h3>\n<p>Si se te acaba el paro y no encuentras trabajo, puedes solicitar la ayuda econ\u00f3mica del Plan Prepara. Esta ayuda te permitir\u00e1 recibir una ayuda econ\u00f3mica durante un m\u00e1ximo de 6 meses mientras buscas trabajo.<\/p>\n<h3><span class=\"ez-toc-section\" id=\"%C2%BFPuedo_trabajar_mientras_cobro_el_paro\"><\/span>\u00bfPuedo trabajar mientras cobro el paro?<span class=\"ez-toc-section-end\"><\/span><\/h3>\n<p>S\u00ed, puedes trabajar mientras cobras el paro, pero debes informar al SEPE de tu situaci\u00f3n laboral y cumplir ciertos requisitos. Si no lo haces, podr\u00edas perder el derecho a cobrar el paro.<\/p>\n<h3><span class=\"ez-toc-section\" id=\"%C2%BFCuanto_tiempo_tengo_que_haber_trabajado_para_tener_derecho_a_cobrar_el_paro\"><\/span>\u00bfCu\u00e1nto tiempo tengo que haber trabajado para tener derecho a cobrar el paro?<span class=\"ez-toc-section-end\"><\/span><\/h3>\n<p>Para tener derecho a cobrar el paro, debes haber trabajado al menos 360 d\u00edas en los \u00faltimos 6 a\u00f1os. Si no cumples este requisito, puedes optar a otras ayudas sociales.<\/p>\n<footer>\n<p>Espero que este art\u00edculo te haya sido \u00fatil. Recuerda que conocer tus derechos y obligaciones como trabajador es fundamental para enfrentar la situaci\u00f3n de desempleo de forma efectiva.<\/p>\n<\/footer>\n","protected":false},"excerpt":{"rendered":"<p>\u00bfC\u00f3mo saber cuando se me acaba el paro? Hola, soy Ana Gonz\u00e1lez y en este art\u00edculo te explicar\u00e9 c\u00f3mo saber cu\u00e1ndo se te acaba el paro en Espa\u00f1a. Si eres una de las muchas personas que dependen del subsidio por desempleo, es importante que conozcas los plazos y formas de comprobar cu\u00e1ndo se te termina &#8230; <a title=\"C\u00f3mo saber cuando se me acaba el paro\" class=\"read-more\" href=\"https:\/\/dudasytextos.com\/como-saber\/como-saber-cuando-se-me-acaba-el-paro\/\" aria-label=\"M\u00e1s en C\u00f3mo saber cuando se me acaba el paro\">Leer m\u00e1s<\/a><\/p>\n","protected":false},"author":1,"featured_media":0,"comment_status":"open","ping_status":"open","sticky":false,"template":"","format":"standard","meta":{"footnotes":""},"categories":[10,3],"tags":[],"class_list":["post-136650","post","type-post","status-publish","format-standard","hentry","category-paro","category-como-saber"],"aioseo_notices":[],"aioseo_head":"\n\t\t<!-- All in One SEO 5.0.1.1 - aioseo.com -->\n\t<meta name=\"description\" content=\"\u00bfC\u00f3mo saber cuando se me acaba el paro? Hola, soy Ana Gonz\u00e1lez y en este art\u00edculo te explicar\u00e9 c\u00f3mo saber cu\u00e1ndo se te acaba el paro en Espa\u00f1a. Si eres una de las muchas personas que dependen del subsidio por desempleo, es importante que conozcas los plazos y formas de comprobar cu\u00e1ndo se te termina\" \/>\n\t<meta name=\"robots\" content=\"max-snippet:-1, max-image-preview:large, max-video-preview:-1\" \/>\n\t<meta name=\"author\" content=\"Ana Gonz\u00e1lez\"\/>\n\t<link rel=\"canonical\" href=\"https:\/\/dudasytextos.com\/como-saber\/como-saber-cuando-se-me-acaba-el-paro\/\" \/>\n\t<meta name=\"generator\" content=\"All in One SEO (AIOSEO) 5.0.1.1\" \/>\n\n\t\t<!-- Google tag (gtag.js) -->\n<script async src=\"https:\/\/www.googletagmanager.com\/gtag\/js?id=G-70CBWDK9PY\"><\/script>\n<script>\n  window.dataLayer = window.dataLayer || [];\n  function gtag(){dataLayer.push(arguments);}\n  gtag('js', new Date());\n\n  gtag('config', 'G-70CBWDK9PY');\n<\/script>\n<script async src=\"https:\/\/pagead2.googlesyndication.com\/pagead\/js\/adsbygoogle.js?client=ca-pub-3987500858204711\"\n     crossorigin=\"anonymous\"><\/script>\n\t\t<meta property=\"og:locale\" content=\"es_ES\" \/>\n\t\t<meta property=\"og:site_name\" content=\"\u00bfC\u00f3mo Saberlo? - \u00bfC\u00f3mo Saberlo?\" \/>\n\t\t<meta property=\"og:type\" content=\"article\" \/>\n\t\t<meta property=\"og:title\" content=\"C\u00f3mo saber cuando se me acaba el paro (2026) \u00bfC\u00f3mo Saberlo?\" \/>\n\t\t<meta property=\"og:description\" content=\"\u00bfC\u00f3mo saber cuando se me acaba el paro? Hola, soy Ana Gonz\u00e1lez y en este art\u00edculo te explicar\u00e9 c\u00f3mo saber cu\u00e1ndo se te acaba el paro en Espa\u00f1a. Si eres una de las muchas personas que dependen del subsidio por desempleo, es importante que conozcas los plazos y formas de comprobar cu\u00e1ndo se te termina\" \/>\n\t\t<meta property=\"og:url\" content=\"https:\/\/dudasytextos.com\/como-saber\/como-saber-cuando-se-me-acaba-el-paro\/\" \/>\n\t\t<meta property=\"article:published_time\" content=\"2025-02-22T22:58:15+00:00\" \/>\n\t\t<meta property=\"article:modified_time\" content=\"2025-03-12T18:07:55+00:00\" \/>\n\t\t<meta name=\"twitter:card\" content=\"summary_large_image\" \/>\n\t\t<meta name=\"twitter:title\" content=\"C\u00f3mo saber cuando se me acaba el paro (2026) \u00bfC\u00f3mo Saberlo?\" \/>\n\t\t<meta name=\"twitter:description\" content=\"\u00bfC\u00f3mo saber cuando se me acaba el paro? Hola, soy Ana Gonz\u00e1lez y en este art\u00edculo te explicar\u00e9 c\u00f3mo saber cu\u00e1ndo se te acaba el paro en Espa\u00f1a. Si eres una de las muchas personas que dependen del subsidio por desempleo, es importante que conozcas los plazos y formas de comprobar cu\u00e1ndo se te termina\" \/>\n\t\t<script type=\"application\/ld+json\" class=\"aioseo-schema\">\n\t\t\t{\"@context\":\"https:\\\/\\\/schema.org\",\"@graph\":[{\"@type\":\"BlogPosting\",\"@id\":\"https:\\\/\\\/dudasytextos.com\\\/como-saber\\\/como-saber-cuando-se-me-acaba-el-paro\\\/#blogposting\",\"name\":\"C\\u00f3mo saber cuando se me acaba el paro (2026) \\u00bfC\\u00f3mo Saberlo?\",\"headline\":\"C\\u00f3mo saber cuando se me acaba el paro\",\"author\":{\"@id\":\"https:\\\/\\\/dudasytextos.com\\\/como-saber\\\/author\\\/admin23\\\/#author\"},\"publisher\":{\"@id\":\"https:\\\/\\\/dudasytextos.com\\\/como-saber\\\/#organization\"},\"datePublished\":\"2025-02-22T22:58:15+00:00\",\"dateModified\":\"2025-03-12T18:07:55+00:00\",\"inLanguage\":\"es-ES\",\"mainEntityOfPage\":{\"@id\":\"https:\\\/\\\/dudasytextos.com\\\/como-saber\\\/como-saber-cuando-se-me-acaba-el-paro\\\/#webpage\"},\"isPartOf\":{\"@id\":\"https:\\\/\\\/dudasytextos.com\\\/como-saber\\\/como-saber-cuando-se-me-acaba-el-paro\\\/#webpage\"},\"articleSection\":\"Paro, \\u00bfC\\u00f3mo saber?\"},{\"@type\":\"BreadcrumbList\",\"@id\":\"https:\\\/\\\/dudasytextos.com\\\/como-saber\\\/como-saber-cuando-se-me-acaba-el-paro\\\/#breadcrumblist\",\"itemListElement\":[{\"@type\":\"ListItem\",\"@id\":\"https:\\\/\\\/dudasytextos.com\\\/como-saber#listItem\",\"position\":1,\"name\":\"Home\",\"item\":\"https:\\\/\\\/dudasytextos.com\\\/como-saber\",\"nextItem\":{\"@type\":\"ListItem\",\"@id\":\"https:\\\/\\\/dudasytextos.com\\\/como-saber\\\/category\\\/como-saber\\\/#listItem\",\"name\":\"\\u00bfC\\u00f3mo saber?\"}},{\"@type\":\"ListItem\",\"@id\":\"https:\\\/\\\/dudasytextos.com\\\/como-saber\\\/category\\\/como-saber\\\/#listItem\",\"position\":2,\"name\":\"\\u00bfC\\u00f3mo saber?\",\"item\":\"https:\\\/\\\/dudasytextos.com\\\/como-saber\\\/category\\\/como-saber\\\/\",\"nextItem\":{\"@type\":\"ListItem\",\"@id\":\"https:\\\/\\\/dudasytextos.com\\\/como-saber\\\/como-saber-cuando-se-me-acaba-el-paro\\\/#listItem\",\"name\":\"C\\u00f3mo saber cuando se me acaba el paro\"},\"previousItem\":{\"@type\":\"ListItem\",\"@id\":\"https:\\\/\\\/dudasytextos.com\\\/como-saber#listItem\",\"name\":\"Home\"}},{\"@type\":\"ListItem\",\"@id\":\"https:\\\/\\\/dudasytextos.com\\\/como-saber\\\/como-saber-cuando-se-me-acaba-el-paro\\\/#listItem\",\"position\":3,\"name\":\"C\\u00f3mo saber cuando se me acaba el paro\",\"previousItem\":{\"@type\":\"ListItem\",\"@id\":\"https:\\\/\\\/dudasytextos.com\\\/como-saber\\\/category\\\/como-saber\\\/#listItem\",\"name\":\"\\u00bfC\\u00f3mo saber?\"}}]},{\"@type\":\"Organization\",\"@id\":\"https:\\\/\\\/dudasytextos.com\\\/como-saber\\\/#organization\",\"name\":\"Recipes\",\"description\":\"\\u00bfC\\u00f3mo Saberlo?\",\"url\":\"https:\\\/\\\/dudasytextos.com\\\/como-saber\\\/\"},{\"@type\":\"Person\",\"@id\":\"https:\\\/\\\/dudasytextos.com\\\/como-saber\\\/author\\\/admin23\\\/#author\",\"url\":\"https:\\\/\\\/dudasytextos.com\\\/como-saber\\\/author\\\/admin23\\\/\",\"name\":\"Ana Gonz\\u00e1lez\"},{\"@type\":\"WebPage\",\"@id\":\"https:\\\/\\\/dudasytextos.com\\\/como-saber\\\/como-saber-cuando-se-me-acaba-el-paro\\\/#webpage\",\"url\":\"https:\\\/\\\/dudasytextos.com\\\/como-saber\\\/como-saber-cuando-se-me-acaba-el-paro\\\/\",\"name\":\"C\\u00f3mo saber cuando se me acaba el paro (2026) \\u00bfC\\u00f3mo Saberlo?\",\"description\":\"\\u00bfC\\u00f3mo saber cuando se me acaba el paro? Hola, soy Ana Gonz\\u00e1lez y en este art\\u00edculo te explicar\\u00e9 c\\u00f3mo saber cu\\u00e1ndo se te acaba el paro en Espa\\u00f1a. Si eres una de las muchas personas que dependen del subsidio por desempleo, es importante que conozcas los plazos y formas de comprobar cu\\u00e1ndo se te termina\",\"inLanguage\":\"es-ES\",\"isPartOf\":{\"@id\":\"https:\\\/\\\/dudasytextos.com\\\/como-saber\\\/#website\"},\"breadcrumb\":{\"@id\":\"https:\\\/\\\/dudasytextos.com\\\/como-saber\\\/como-saber-cuando-se-me-acaba-el-paro\\\/#breadcrumblist\"},\"author\":{\"@id\":\"https:\\\/\\\/dudasytextos.com\\\/como-saber\\\/author\\\/admin23\\\/#author\"},\"creator\":{\"@id\":\"https:\\\/\\\/dudasytextos.com\\\/como-saber\\\/author\\\/admin23\\\/#author\"},\"datePublished\":\"2025-02-22T22:58:15+00:00\",\"dateModified\":\"2025-03-12T18:07:55+00:00\"},{\"@type\":\"WebSite\",\"@id\":\"https:\\\/\\\/dudasytextos.com\\\/como-saber\\\/#website\",\"url\":\"https:\\\/\\\/dudasytextos.com\\\/como-saber\\\/\",\"name\":\"Recipes\",\"description\":\"\\u00bfC\\u00f3mo Saberlo?\",\"inLanguage\":\"es-ES\",\"publisher\":{\"@id\":\"https:\\\/\\\/dudasytextos.com\\\/como-saber\\\/#organization\"}}]}\n\t\t<\/script>\n\t\t<!-- All in One SEO -->\n\n","aioseo_head_json":{"title":"C\u00f3mo saber cuando se me acaba el paro (2026) \u00bfC\u00f3mo Saberlo?","description":"\u00bfC\u00f3mo saber cuando se me acaba el paro? Hola, soy Ana Gonz\u00e1lez y en este art\u00edculo te explicar\u00e9 c\u00f3mo saber cu\u00e1ndo se te acaba el paro en Espa\u00f1a. Si eres una de las muchas personas que dependen del subsidio por desempleo, es importante que conozcas los plazos y formas de comprobar cu\u00e1ndo se te termina","canonical_url":"https:\/\/dudasytextos.com\/como-saber\/como-saber-cuando-se-me-acaba-el-paro\/","robots":"max-snippet:-1, max-image-preview:large, max-video-preview:-1","keywords":"","webmasterTools":{"miscellaneous":"&lt;!-- Google tag (gtag.js) --&gt;\n&lt;script async src=\"https:\/\/www.googletagmanager.com\/gtag\/js?id=G-70CBWDK9PY\"&gt;&lt;\/script&gt;\n&lt;script&gt;\n  window.dataLayer = window.dataLayer || [];\n  function gtag(){dataLayer.push(arguments);}\n  gtag('js', new Date());\n\n  gtag('config', 'G-70CBWDK9PY');\n&lt;\/script&gt;\n&lt;script async src=\"https:\/\/pagead2.googlesyndication.com\/pagead\/js\/adsbygoogle.js?client=ca-pub-3987500858204711\"\n     crossorigin=\"anonymous\"&gt;&lt;\/script&gt;"},"schema":{"@context":"https:\/\/schema.org","@graph":[{"@type":"BlogPosting","@id":"https:\/\/dudasytextos.com\/como-saber\/como-saber-cuando-se-me-acaba-el-paro\/#blogposting","name":"C\u00f3mo saber cuando se me acaba el paro (2026) \u00bfC\u00f3mo Saberlo?","headline":"C\u00f3mo saber cuando se me acaba el paro","author":{"@id":"https:\/\/dudasytextos.com\/como-saber\/author\/admin23\/#author"},"publisher":{"@id":"https:\/\/dudasytextos.com\/como-saber\/#organization"},"datePublished":"2025-02-22T22:58:15+00:00","dateModified":"2025-03-12T18:07:55+00:00","inLanguage":"es-ES","mainEntityOfPage":{"@id":"https:\/\/dudasytextos.com\/como-saber\/como-saber-cuando-se-me-acaba-el-paro\/#webpage"},"isPartOf":{"@id":"https:\/\/dudasytextos.com\/como-saber\/como-saber-cuando-se-me-acaba-el-paro\/#webpage"},"articleSection":"Paro, \u00bfC\u00f3mo saber?"},{"@type":"BreadcrumbList","@id":"https:\/\/dudasytextos.com\/como-saber\/como-saber-cuando-se-me-acaba-el-paro\/#breadcrumblist","itemListElement":[{"@type":"ListItem","@id":"https:\/\/dudasytextos.com\/como-saber#listItem","position":1,"name":"Home","item":"https:\/\/dudasytextos.com\/como-saber","nextItem":{"@type":"ListItem","@id":"https:\/\/dudasytextos.com\/como-saber\/category\/como-saber\/#listItem","name":"\u00bfC\u00f3mo saber?"}},{"@type":"ListItem","@id":"https:\/\/dudasytextos.com\/como-saber\/category\/como-saber\/#listItem","position":2,"name":"\u00bfC\u00f3mo saber?","item":"https:\/\/dudasytextos.com\/como-saber\/category\/como-saber\/","nextItem":{"@type":"ListItem","@id":"https:\/\/dudasytextos.com\/como-saber\/como-saber-cuando-se-me-acaba-el-paro\/#listItem","name":"C\u00f3mo saber cuando se me acaba el paro"},"previousItem":{"@type":"ListItem","@id":"https:\/\/dudasytextos.com\/como-saber#listItem","name":"Home"}},{"@type":"ListItem","@id":"https:\/\/dudasytextos.com\/como-saber\/como-saber-cuando-se-me-acaba-el-paro\/#listItem","position":3,"name":"C\u00f3mo saber cuando se me acaba el paro","previousItem":{"@type":"ListItem","@id":"https:\/\/dudasytextos.com\/como-saber\/category\/como-saber\/#listItem","name":"\u00bfC\u00f3mo saber?"}}]},{"@type":"Organization","@id":"https:\/\/dudasytextos.com\/como-saber\/#organization","name":"Recipes","description":"\u00bfC\u00f3mo Saberlo?","url":"https:\/\/dudasytextos.com\/como-saber\/"},{"@type":"Person","@id":"https:\/\/dudasytextos.com\/como-saber\/author\/admin23\/#author","url":"https:\/\/dudasytextos.com\/como-saber\/author\/admin23\/","name":"Ana Gonz\u00e1lez"},{"@type":"WebPage","@id":"https:\/\/dudasytextos.com\/como-saber\/como-saber-cuando-se-me-acaba-el-paro\/#webpage","url":"https:\/\/dudasytextos.com\/como-saber\/como-saber-cuando-se-me-acaba-el-paro\/","name":"C\u00f3mo saber cuando se me acaba el paro (2026) \u00bfC\u00f3mo Saberlo?","description":"\u00bfC\u00f3mo saber cuando se me acaba el paro? Hola, soy Ana Gonz\u00e1lez y en este art\u00edculo te explicar\u00e9 c\u00f3mo saber cu\u00e1ndo se te acaba el paro en Espa\u00f1a. Si eres una de las muchas personas que dependen del subsidio por desempleo, es importante que conozcas los plazos y formas de comprobar cu\u00e1ndo se te termina","inLanguage":"es-ES","isPartOf":{"@id":"https:\/\/dudasytextos.com\/como-saber\/#website"},"breadcrumb":{"@id":"https:\/\/dudasytextos.com\/como-saber\/como-saber-cuando-se-me-acaba-el-paro\/#breadcrumblist"},"author":{"@id":"https:\/\/dudasytextos.com\/como-saber\/author\/admin23\/#author"},"creator":{"@id":"https:\/\/dudasytextos.com\/como-saber\/author\/admin23\/#author"},"datePublished":"2025-02-22T22:58:15+00:00","dateModified":"2025-03-12T18:07:55+00:00"},{"@type":"WebSite","@id":"https:\/\/dudasytextos.com\/como-saber\/#website","url":"https:\/\/dudasytextos.com\/como-saber\/","name":"Recipes","description":"\u00bfC\u00f3mo Saberlo?","inLanguage":"es-ES","publisher":{"@id":"https:\/\/dudasytextos.com\/como-saber\/#organization"}}]},"og:locale":"es_ES","og:site_name":"\u00bfC\u00f3mo Saberlo? - \u00bfC\u00f3mo Saberlo?","og:type":"article","og:title":"C\u00f3mo saber cuando se me acaba el paro (2026) \u00bfC\u00f3mo Saberlo?","og:description":"\u00bfC\u00f3mo saber cuando se me acaba el paro? Hola, soy Ana Gonz\u00e1lez y en este art\u00edculo te explicar\u00e9 c\u00f3mo saber cu\u00e1ndo se te acaba el paro en Espa\u00f1a. Si eres una de las muchas personas que dependen del subsidio por desempleo, es importante que conozcas los plazos y formas de comprobar cu\u00e1ndo se te termina","og:url":"https:\/\/dudasytextos.com\/como-saber\/como-saber-cuando-se-me-acaba-el-paro\/","article:published_time":"2025-02-22T22:58:15+00:00","article:modified_time":"2025-03-12T18:07:55+00:00","twitter:card":"summary_large_image","twitter:title":"C\u00f3mo saber cuando se me acaba el paro (2026) \u00bfC\u00f3mo Saberlo?","twitter:description":"\u00bfC\u00f3mo saber cuando se me acaba el paro? Hola, soy Ana Gonz\u00e1lez y en este art\u00edculo te explicar\u00e9 c\u00f3mo saber cu\u00e1ndo se te acaba el paro en Espa\u00f1a. Si eres una de las muchas personas que dependen del subsidio por desempleo, es importante que conozcas los plazos y formas de comprobar cu\u00e1ndo se te termina"},"aioseo_meta_data":{"post_id":"136650","title":null,"description":null,"keywords":null,"keyphrases":null,"primary_term":null,"canonical_url":null,"og_title":null,"og_description":null,"og_object_type":"default","og_image_type":"default","og_image_url":null,"og_image_width":null,"og_image_height":null,"og_image_custom_url":null,"og_image_custom_fields":null,"og_video":null,"og_custom_url":null,"og_article_section":null,"og_article_tags":null,"twitter_use_og":false,"twitter_card":"default","twitter_image_type":"default","twitter_image_url":null,"twitter_image_custom_url":null,"twitter_image_custom_fields":null,"twitter_title":null,"twitter_description":null,"schema":{"blockGraphs":[],"customGraphs":[],"default":{"data":{"Article":[],"Course":[],"Dataset":[],"FAQPage":[],"Movie":[],"Person":[],"Product":[],"ProductReview":[],"Car":[],"Recipe":[],"Service":[],"SoftwareApplication":[],"WebPage":[]},"graphName":"","isEnabled":true},"graphs":[]},"schema_type":"default","schema_type_options":null,"pillar_content":false,"robots_default":true,"robots_noindex":false,"robots_noarchive":false,"robots_nosnippet":false,"robots_nofollow":false,"robots_noimageindex":false,"robots_noodp":false,"robots_notranslate":false,"robots_max_snippet":null,"robots_max_videopreview":null,"robots_max_imagepreview":"large","priority":null,"frequency":null,"local_seo":null,"breadcrumb_settings":null,"limit_modified_date":false,"ai":null,"created":"2023-05-01 02:00:16","updated":"2025-06-04 04:45:51","seo_analyzer_scan_date":null,"focus_keyword":null,"additional_keywords":null,"truseo_locale":null},"aioseo_breadcrumb":"<div class=\"aioseo-breadcrumbs\"><span class=\"aioseo-breadcrumb\">\n\t\t\t<a href=\"https:\/\/dudasytextos.com\/como-saber\" title=\"Home\">Home<\/a>\n\t\t<\/span><span class=\"aioseo-breadcrumb-separator\">&raquo;<\/span><span class=\"aioseo-breadcrumb\">\n\t\t\t<a href=\"https:\/\/dudasytextos.com\/como-saber\/category\/como-saber\/\" title=\"\u00bfC\u00f3mo saber?\">\u00bfC\u00f3mo saber?<\/a>\n\t\t<\/span><span class=\"aioseo-breadcrumb-separator\">&raquo;<\/span><span class=\"aioseo-breadcrumb\">\n\t\t\tC\u00f3mo saber cuando se me acaba el paro\n\t\t<\/span><\/div>","aioseo_breadcrumb_json":[{"label":"Home","link":"https:\/\/dudasytextos.com\/como-saber"},{"label":"\u00bfC\u00f3mo saber?","link":"https:\/\/dudasytextos.com\/como-saber\/category\/como-saber\/"},{"label":"C\u00f3mo saber cuando se me acaba el paro","link":"https:\/\/dudasytextos.com\/como-saber\/como-saber-cuando-se-me-acaba-el-paro\/"}],"_links":{"self":[{"href":"https:\/\/dudasytextos.com\/como-saber\/wp-json\/wp\/v2\/posts\/136650","targetHints":{"allow":["GET"]}}],"collection":[{"href":"https:\/\/dudasytextos.com\/como-saber\/wp-json\/wp\/v2\/posts"}],"about":[{"href":"https:\/\/dudasytextos.com\/como-saber\/wp-json\/wp\/v2\/types\/post"}],"author":[{"embeddable":true,"href":"https:\/\/dudasytextos.com\/como-saber\/wp-json\/wp\/v2\/users\/1"}],"replies":[{"embeddable":true,"href":"https:\/\/dudasytextos.com\/como-saber\/wp-json\/wp\/v2\/comments?post=136650"}],"version-history":[{"count":1,"href":"https:\/\/dudasytextos.com\/como-saber\/wp-json\/wp\/v2\/posts\/136650\/revisions"}],"predecessor-version":[{"id":139351,"href":"https:\/\/dudasytextos.com\/como-saber\/wp-json\/wp\/v2\/posts\/136650\/revisions\/139351"}],"wp:attachment":[{"href":"https:\/\/dudasytextos.com\/como-saber\/wp-json\/wp\/v2\/media?parent=136650"}],"wp:term":[{"taxonomy":"category","embeddable":true,"href":"https:\/\/dudasytextos.com\/como-saber\/wp-json\/wp\/v2\/categories?post=136650"},{"taxonomy":"post_tag","embeddable":true,"href":"https:\/\/dudasytextos.com\/como-saber\/wp-json\/wp\/v2\/tags?post=136650"}],"curies":[{"name":"wp","href":"https:\/\/api.w.org\/{rel}","templated":true}]}}