{"id":137065,"date":"2025-02-16T04:45:12","date_gmt":"2025-02-16T04:45:12","guid":{"rendered":"https:\/\/educacion.cc\/?p=137065"},"modified":"2025-03-13T10:16:14","modified_gmt":"2025-03-13T10:16:14","slug":"como-saber-cuanto-me-corresponde-de-paro","status":"publish","type":"post","link":"https:\/\/dudasytextos.com\/como-saber\/como-saber-cuanto-me-corresponde-de-paro\/","title":{"rendered":"C\u00f3mo saber cuanto me corresponde de paro"},"content":{"rendered":"<div id=\"ez-toc-container\" class=\"ez-toc-v2_0_87 counter-hierarchy ez-toc-counter ez-toc-custom ez-toc-container-direction\">\n<div class=\"ez-toc-title-container\">\n<span class=\"ez-toc-title-toggle\"><\/span><\/div>\n<nav><ul class='ez-toc-list ez-toc-list-level-1 ' ><li class='ez-toc-page-1 ez-toc-heading-level-2'><a class=\"ez-toc-link ez-toc-heading-1\" href=\"https:\/\/dudasytextos.com\/como-saber\/como-saber-cuanto-me-corresponde-de-paro\/#Como_saber_cuanto_me_corresponde_de_paro_%E2%80%93_Guia_completa\" >C\u00f3mo saber cu\u00e1nto me corresponde de paro &#8211; Gu\u00eda completa<\/a><\/li><li class='ez-toc-page-1 ez-toc-heading-level-2'><a class=\"ez-toc-link ez-toc-heading-2\" href=\"https:\/\/dudasytextos.com\/como-saber\/como-saber-cuanto-me-corresponde-de-paro\/#Curiosidades_sobre_el_paro_en_Espana\" >Curiosidades sobre el paro en Espa\u00f1a<\/a><\/li><li class='ez-toc-page-1 ez-toc-heading-level-2'><a class=\"ez-toc-link ez-toc-heading-3\" href=\"https:\/\/dudasytextos.com\/como-saber\/como-saber-cuanto-me-corresponde-de-paro\/#Como_calcular_el_paro_que_te_corresponde\" >C\u00f3mo calcular el paro que te corresponde<\/a><\/li><li class='ez-toc-page-1 ez-toc-heading-level-2'><a class=\"ez-toc-link ez-toc-heading-4\" href=\"https:\/\/dudasytextos.com\/como-saber\/como-saber-cuanto-me-corresponde-de-paro\/#Mi_experiencia_personal\" >Mi experiencia personal<\/a><\/li><li class='ez-toc-page-1 ez-toc-heading-level-2'><a class=\"ez-toc-link ez-toc-heading-5\" href=\"https:\/\/dudasytextos.com\/como-saber\/como-saber-cuanto-me-corresponde-de-paro\/#Preguntas_frecuentes\" >Preguntas frecuentes<\/a><ul class='ez-toc-list-level-3' ><li class='ez-toc-heading-level-3'><a class=\"ez-toc-link ez-toc-heading-6\" href=\"https:\/\/dudasytextos.com\/como-saber\/como-saber-cuanto-me-corresponde-de-paro\/#%C2%BFCuanto_tiempo_puedo_cobrar_el_paro\" >\u00bfCu\u00e1nto tiempo puedo cobrar el paro?<\/a><\/li><li class='ez-toc-page-1 ez-toc-heading-level-3'><a class=\"ez-toc-link ez-toc-heading-7\" href=\"https:\/\/dudasytextos.com\/como-saber\/como-saber-cuanto-me-corresponde-de-paro\/#%C2%BFQue_requisitos_debo_cumplir_para_solicitar_la_prestacion_por_desempleo\" >\u00bfQu\u00e9 requisitos debo cumplir para solicitar la prestaci\u00f3n por desempleo?<\/a><\/li><li class='ez-toc-page-1 ez-toc-heading-level-3'><a class=\"ez-toc-link ez-toc-heading-8\" href=\"https:\/\/dudasytextos.com\/como-saber\/como-saber-cuanto-me-corresponde-de-paro\/#%C2%BFPuedo_solicitar_el_paro_si_he_trabajado_en_el_extranjero\" >\u00bfPuedo solicitar el paro si he trabajado en el extranjero?<\/a><\/li><li class='ez-toc-page-1 ez-toc-heading-level-3'><a class=\"ez-toc-link ez-toc-heading-9\" href=\"https:\/\/dudasytextos.com\/como-saber\/como-saber-cuanto-me-corresponde-de-paro\/#%C2%BFComo_puedo_solicitar_la_prestacion_por_desempleo\" >\u00bfC\u00f3mo puedo solicitar la prestaci\u00f3n por desempleo?<\/a><\/li><\/ul><\/li><\/ul><\/nav><\/div>\n<h2><span class=\"ez-toc-section\" id=\"Como_saber_cuanto_me_corresponde_de_paro_%E2%80%93_Guia_completa\"><\/span>C\u00f3mo saber cu\u00e1nto me corresponde de paro &#8211; Gu\u00eda completa<span class=\"ez-toc-section-end\"><\/span><\/h2>\n<section>\n<h2><span class=\"ez-toc-section\" id=\"Curiosidades_sobre_el_paro_en_Espana\"><\/span>Curiosidades sobre el paro en Espa\u00f1a<span class=\"ez-toc-section-end\"><\/span><\/h2>\n<ul>\n<li>En Espa\u00f1a, el paro es una prestaci\u00f3n econ\u00f3mica que se otorga a los trabajadores que han perdido su empleo de forma involuntaria.<\/li>\n<li>Seg\u00fan el INE, la tasa de desempleo en Espa\u00f1a en el primer trimestre de 2021 fue del 16,74%.<\/li>\n<li>El Servicio P\u00fablico de Empleo Estatal (SEPE) es el organismo encargado de gestionar las prestaciones por desempleo en Espa\u00f1a.<\/li>\n<\/ul>\n<\/section>\n<section>\n<h2><span class=\"ez-toc-section\" id=\"Como_calcular_el_paro_que_te_corresponde\"><\/span>C\u00f3mo calcular el paro que te corresponde<span class=\"ez-toc-section-end\"><\/span><\/h2>\n<p>Si te encuentras en situaci\u00f3n de desempleo y quieres saber cu\u00e1nto te corresponde de paro, debes tener en cuenta lo siguiente:<\/p>\n<ul>\n<li>Para poder solicitar la prestaci\u00f3n por desempleo, es necesario haber cotizado al menos 360 d\u00edas en los \u00faltimos seis a\u00f1os.<\/li>\n<li>El importe de la prestaci\u00f3n por desempleo depender\u00e1 de las cotizaciones que hayas realizado durante tu vida laboral.<\/li>\n<li>Puedes calcular f\u00e1cilmente cu\u00e1nto te corresponde de paro utilizando la calculadora de prestaciones del SEPE. Para ello, necesitar\u00e1s tu n\u00famero de afiliaci\u00f3n a la Seguridad Social y el periodo de cotizaci\u00f3n.<\/li>\n<\/ul>\n<p>Es importante que tengas en cuenta que la prestaci\u00f3n por desempleo tiene un l\u00edmite m\u00e1ximo y m\u00ednimo. El l\u00edmite m\u00e1ximo es de 1.098,09 euros al mes, mientras que el l\u00edmite m\u00ednimo es de 501,98 euros al mes.<\/p>\n<\/section>\n<section>\n<h2><span class=\"ez-toc-section\" id=\"Mi_experiencia_personal\"><\/span>Mi experiencia personal<span class=\"ez-toc-section-end\"><\/span><\/h2>\n<p>Hace unos a\u00f1os perd\u00ed mi trabajo y tuve que solicitar la prestaci\u00f3n por desempleo. Al principio, me sent\u00eda muy perdida y no sab\u00eda c\u00f3mo calcular cu\u00e1nto me correspond\u00eda de paro. Sin embargo, despu\u00e9s de investigar un poco y utilizar la calculadora de prestaciones del SEPE, pude averiguar cu\u00e1l era el importe al que ten\u00eda derecho. Esto me permiti\u00f3 planificar mi econom\u00eda y buscar nuevos empleos con m\u00e1s tranquilidad.<\/p>\n<p>En mi caso, prefer\u00ed solicitar la prestaci\u00f3n por desempleo en un pago \u00fanico, ya que me permit\u00eda disponer de todo el dinero de una sola vez y buscar un nuevo trabajo sin preocupaciones econ\u00f3micas durante unos meses. Sin embargo, cada persona tiene sus propias necesidades y preferencias, por lo que es importante que valores qu\u00e9 opci\u00f3n se adapta mejor a tu situaci\u00f3n.<\/p>\n<\/section>\n<section>\n<h2><span class=\"ez-toc-section\" id=\"Preguntas_frecuentes\"><\/span>Preguntas frecuentes<span class=\"ez-toc-section-end\"><\/span><\/h2>\n<h3><span class=\"ez-toc-section\" id=\"%C2%BFCuanto_tiempo_puedo_cobrar_el_paro\"><\/span>\u00bfCu\u00e1nto tiempo puedo cobrar el paro?<span class=\"ez-toc-section-end\"><\/span><\/h3>\n<p>El tiempo durante el cual puedes cobrar la prestaci\u00f3n por desempleo depender\u00e1 de las cotizaciones que hayas realizado. Por norma general, el tiempo m\u00e1ximo de cobro es de 24 meses, pero puede variar en funci\u00f3n de tu situaci\u00f3n laboral.<\/p>\n<h3><span class=\"ez-toc-section\" id=\"%C2%BFQue_requisitos_debo_cumplir_para_solicitar_la_prestacion_por_desempleo\"><\/span>\u00bfQu\u00e9 requisitos debo cumplir para solicitar la prestaci\u00f3n por desempleo?<span class=\"ez-toc-section-end\"><\/span><\/h3>\n<p>Para poder solicitar la prestaci\u00f3n por desempleo, es necesario haber cotizado al menos 360 d\u00edas en los \u00faltimos seis a\u00f1os y haber perdido el empleo de forma involuntaria.<\/p>\n<h3><span class=\"ez-toc-section\" id=\"%C2%BFPuedo_solicitar_el_paro_si_he_trabajado_en_el_extranjero\"><\/span>\u00bfPuedo solicitar el paro si he trabajado en el extranjero?<span class=\"ez-toc-section-end\"><\/span><\/h3>\n<p>S\u00ed, siempre y cuando hayas cotizado en Espa\u00f1a durante al menos 360 d\u00edas en los \u00faltimos seis a\u00f1os.<\/p>\n<h3><span class=\"ez-toc-section\" id=\"%C2%BFComo_puedo_solicitar_la_prestacion_por_desempleo\"><\/span>\u00bfC\u00f3mo puedo solicitar la prestaci\u00f3n por desempleo?<span class=\"ez-toc-section-end\"><\/span><\/h3>\n<p>Puedes solicitar la prestaci\u00f3n por desempleo a trav\u00e9s de la sede electr\u00f3nica del SEPE o de forma presencial en una oficina del SEPE. Deber\u00e1s presentar el modelo oficial de solicitud, tu DNI y el certificado de empresa en el que conste la fecha de finalizaci\u00f3n de tu contrato.<\/p>\n<\/section>\n","protected":false},"excerpt":{"rendered":"<p>C\u00f3mo saber cu\u00e1nto me corresponde de paro &#8211; Gu\u00eda completa Curiosidades sobre el paro en Espa\u00f1a En Espa\u00f1a, el paro es una prestaci\u00f3n econ\u00f3mica que se otorga a los trabajadores que han perdido su empleo de forma involuntaria. Seg\u00fan el INE, la tasa de desempleo en Espa\u00f1a en el primer trimestre de 2021 fue del &#8230; <a title=\"C\u00f3mo saber cuanto me corresponde de paro\" class=\"read-more\" href=\"https:\/\/dudasytextos.com\/como-saber\/como-saber-cuanto-me-corresponde-de-paro\/\" aria-label=\"M\u00e1s en C\u00f3mo saber cuanto me corresponde de paro\">Leer m\u00e1s<\/a><\/p>\n","protected":false},"author":1,"featured_media":0,"comment_status":"open","ping_status":"open","sticky":false,"template":"","format":"standard","meta":{"footnotes":""},"categories":[10,3],"tags":[],"class_list":["post-137065","post","type-post","status-publish","format-standard","hentry","category-paro","category-como-saber"],"aioseo_notices":[],"aioseo_head":"\n\t\t<!-- All in One SEO 5.0.1.1 - aioseo.com -->\n\t<meta name=\"description\" content=\"C\u00f3mo saber cu\u00e1nto me corresponde de paro - Gu\u00eda completa Curiosidades sobre el paro en Espa\u00f1a En Espa\u00f1a, el paro es una prestaci\u00f3n econ\u00f3mica que se otorga a los trabajadores que han perdido su empleo de forma involuntaria. Seg\u00fan el INE, la tasa de desempleo en Espa\u00f1a en el primer trimestre de 2021 fue del\" \/>\n\t<meta name=\"robots\" content=\"max-snippet:-1, max-image-preview:large, max-video-preview:-1\" \/>\n\t<meta name=\"author\" content=\"Ana Gonz\u00e1lez\"\/>\n\t<link rel=\"canonical\" href=\"https:\/\/dudasytextos.com\/como-saber\/como-saber-cuanto-me-corresponde-de-paro\/\" \/>\n\t<meta name=\"generator\" content=\"All in One SEO (AIOSEO) 5.0.1.1\" \/>\n\n\t\t<!-- Google tag (gtag.js) -->\n<script async src=\"https:\/\/www.googletagmanager.com\/gtag\/js?id=G-70CBWDK9PY\"><\/script>\n<script>\n  window.dataLayer = window.dataLayer || [];\n  function gtag(){dataLayer.push(arguments);}\n  gtag('js', new Date());\n\n  gtag('config', 'G-70CBWDK9PY');\n<\/script>\n<script async src=\"https:\/\/pagead2.googlesyndication.com\/pagead\/js\/adsbygoogle.js?client=ca-pub-3987500858204711\"\n     crossorigin=\"anonymous\"><\/script>\n\t\t<meta property=\"og:locale\" content=\"es_ES\" \/>\n\t\t<meta property=\"og:site_name\" content=\"\u00bfC\u00f3mo Saberlo? - \u00bfC\u00f3mo Saberlo?\" \/>\n\t\t<meta property=\"og:type\" content=\"article\" \/>\n\t\t<meta property=\"og:title\" content=\"C\u00f3mo saber cuanto me corresponde de paro (2026) \u00bfC\u00f3mo Saberlo?\" \/>\n\t\t<meta property=\"og:description\" content=\"C\u00f3mo saber cu\u00e1nto me corresponde de paro - Gu\u00eda completa Curiosidades sobre el paro en Espa\u00f1a En Espa\u00f1a, el paro es una prestaci\u00f3n econ\u00f3mica que se otorga a los trabajadores que han perdido su empleo de forma involuntaria. Seg\u00fan el INE, la tasa de desempleo en Espa\u00f1a en el primer trimestre de 2021 fue del\" \/>\n\t\t<meta property=\"og:url\" content=\"https:\/\/dudasytextos.com\/como-saber\/como-saber-cuanto-me-corresponde-de-paro\/\" \/>\n\t\t<meta property=\"article:published_time\" content=\"2025-02-16T04:45:12+00:00\" \/>\n\t\t<meta property=\"article:modified_time\" content=\"2025-03-13T10:16:14+00:00\" \/>\n\t\t<meta name=\"twitter:card\" content=\"summary_large_image\" \/>\n\t\t<meta name=\"twitter:title\" content=\"C\u00f3mo saber cuanto me corresponde de paro (2026) \u00bfC\u00f3mo Saberlo?\" \/>\n\t\t<meta name=\"twitter:description\" content=\"C\u00f3mo saber cu\u00e1nto me corresponde de paro - Gu\u00eda completa Curiosidades sobre el paro en Espa\u00f1a En Espa\u00f1a, el paro es una prestaci\u00f3n econ\u00f3mica que se otorga a los trabajadores que han perdido su empleo de forma involuntaria. Seg\u00fan el INE, la tasa de desempleo en Espa\u00f1a en el primer trimestre de 2021 fue del\" \/>\n\t\t<script type=\"application\/ld+json\" class=\"aioseo-schema\">\n\t\t\t{\"@context\":\"https:\\\/\\\/schema.org\",\"@graph\":[{\"@type\":\"BlogPosting\",\"@id\":\"https:\\\/\\\/dudasytextos.com\\\/como-saber\\\/como-saber-cuanto-me-corresponde-de-paro\\\/#blogposting\",\"name\":\"C\\u00f3mo saber cuanto me corresponde de paro (2026) \\u00bfC\\u00f3mo Saberlo?\",\"headline\":\"C\\u00f3mo saber cuanto me corresponde de paro\",\"author\":{\"@id\":\"https:\\\/\\\/dudasytextos.com\\\/como-saber\\\/author\\\/admin23\\\/#author\"},\"publisher\":{\"@id\":\"https:\\\/\\\/dudasytextos.com\\\/como-saber\\\/#organization\"},\"datePublished\":\"2025-02-16T04:45:12+00:00\",\"dateModified\":\"2025-03-13T10:16:14+00:00\",\"inLanguage\":\"es-ES\",\"mainEntityOfPage\":{\"@id\":\"https:\\\/\\\/dudasytextos.com\\\/como-saber\\\/como-saber-cuanto-me-corresponde-de-paro\\\/#webpage\"},\"isPartOf\":{\"@id\":\"https:\\\/\\\/dudasytextos.com\\\/como-saber\\\/como-saber-cuanto-me-corresponde-de-paro\\\/#webpage\"},\"articleSection\":\"Paro, \\u00bfC\\u00f3mo saber?\"},{\"@type\":\"BreadcrumbList\",\"@id\":\"https:\\\/\\\/dudasytextos.com\\\/como-saber\\\/como-saber-cuanto-me-corresponde-de-paro\\\/#breadcrumblist\",\"itemListElement\":[{\"@type\":\"ListItem\",\"@id\":\"https:\\\/\\\/dudasytextos.com\\\/como-saber#listItem\",\"position\":1,\"name\":\"Home\",\"item\":\"https:\\\/\\\/dudasytextos.com\\\/como-saber\",\"nextItem\":{\"@type\":\"ListItem\",\"@id\":\"https:\\\/\\\/dudasytextos.com\\\/como-saber\\\/category\\\/como-saber\\\/#listItem\",\"name\":\"\\u00bfC\\u00f3mo saber?\"}},{\"@type\":\"ListItem\",\"@id\":\"https:\\\/\\\/dudasytextos.com\\\/como-saber\\\/category\\\/como-saber\\\/#listItem\",\"position\":2,\"name\":\"\\u00bfC\\u00f3mo saber?\",\"item\":\"https:\\\/\\\/dudasytextos.com\\\/como-saber\\\/category\\\/como-saber\\\/\",\"nextItem\":{\"@type\":\"ListItem\",\"@id\":\"https:\\\/\\\/dudasytextos.com\\\/como-saber\\\/como-saber-cuanto-me-corresponde-de-paro\\\/#listItem\",\"name\":\"C\\u00f3mo saber cuanto me corresponde de paro\"},\"previousItem\":{\"@type\":\"ListItem\",\"@id\":\"https:\\\/\\\/dudasytextos.com\\\/como-saber#listItem\",\"name\":\"Home\"}},{\"@type\":\"ListItem\",\"@id\":\"https:\\\/\\\/dudasytextos.com\\\/como-saber\\\/como-saber-cuanto-me-corresponde-de-paro\\\/#listItem\",\"position\":3,\"name\":\"C\\u00f3mo saber cuanto me corresponde de paro\",\"previousItem\":{\"@type\":\"ListItem\",\"@id\":\"https:\\\/\\\/dudasytextos.com\\\/como-saber\\\/category\\\/como-saber\\\/#listItem\",\"name\":\"\\u00bfC\\u00f3mo saber?\"}}]},{\"@type\":\"Organization\",\"@id\":\"https:\\\/\\\/dudasytextos.com\\\/como-saber\\\/#organization\",\"name\":\"Recipes\",\"description\":\"\\u00bfC\\u00f3mo Saberlo?\",\"url\":\"https:\\\/\\\/dudasytextos.com\\\/como-saber\\\/\"},{\"@type\":\"Person\",\"@id\":\"https:\\\/\\\/dudasytextos.com\\\/como-saber\\\/author\\\/admin23\\\/#author\",\"url\":\"https:\\\/\\\/dudasytextos.com\\\/como-saber\\\/author\\\/admin23\\\/\",\"name\":\"Ana Gonz\\u00e1lez\"},{\"@type\":\"WebPage\",\"@id\":\"https:\\\/\\\/dudasytextos.com\\\/como-saber\\\/como-saber-cuanto-me-corresponde-de-paro\\\/#webpage\",\"url\":\"https:\\\/\\\/dudasytextos.com\\\/como-saber\\\/como-saber-cuanto-me-corresponde-de-paro\\\/\",\"name\":\"C\\u00f3mo saber cuanto me corresponde de paro (2026) \\u00bfC\\u00f3mo Saberlo?\",\"description\":\"C\\u00f3mo saber cu\\u00e1nto me corresponde de paro - Gu\\u00eda completa Curiosidades sobre el paro en Espa\\u00f1a En Espa\\u00f1a, el paro es una prestaci\\u00f3n econ\\u00f3mica que se otorga a los trabajadores que han perdido su empleo de forma involuntaria. Seg\\u00fan el INE, la tasa de desempleo en Espa\\u00f1a en el primer trimestre de 2021 fue del\",\"inLanguage\":\"es-ES\",\"isPartOf\":{\"@id\":\"https:\\\/\\\/dudasytextos.com\\\/como-saber\\\/#website\"},\"breadcrumb\":{\"@id\":\"https:\\\/\\\/dudasytextos.com\\\/como-saber\\\/como-saber-cuanto-me-corresponde-de-paro\\\/#breadcrumblist\"},\"author\":{\"@id\":\"https:\\\/\\\/dudasytextos.com\\\/como-saber\\\/author\\\/admin23\\\/#author\"},\"creator\":{\"@id\":\"https:\\\/\\\/dudasytextos.com\\\/como-saber\\\/author\\\/admin23\\\/#author\"},\"datePublished\":\"2025-02-16T04:45:12+00:00\",\"dateModified\":\"2025-03-13T10:16:14+00:00\"},{\"@type\":\"WebSite\",\"@id\":\"https:\\\/\\\/dudasytextos.com\\\/como-saber\\\/#website\",\"url\":\"https:\\\/\\\/dudasytextos.com\\\/como-saber\\\/\",\"name\":\"Recipes\",\"description\":\"\\u00bfC\\u00f3mo Saberlo?\",\"inLanguage\":\"es-ES\",\"publisher\":{\"@id\":\"https:\\\/\\\/dudasytextos.com\\\/como-saber\\\/#organization\"}}]}\n\t\t<\/script>\n\t\t<!-- All in One SEO -->\n\n","aioseo_head_json":{"title":"C\u00f3mo saber cuanto me corresponde de paro (2026) \u00bfC\u00f3mo Saberlo?","description":"C\u00f3mo saber cu\u00e1nto me corresponde de paro - Gu\u00eda completa Curiosidades sobre el paro en Espa\u00f1a En Espa\u00f1a, el paro es una prestaci\u00f3n econ\u00f3mica que se otorga a los trabajadores que han perdido su empleo de forma involuntaria. Seg\u00fan el INE, la tasa de desempleo en Espa\u00f1a en el primer trimestre de 2021 fue del","canonical_url":"https:\/\/dudasytextos.com\/como-saber\/como-saber-cuanto-me-corresponde-de-paro\/","robots":"max-snippet:-1, max-image-preview:large, max-video-preview:-1","keywords":"","webmasterTools":{"miscellaneous":"&lt;!-- Google tag (gtag.js) --&gt;\n&lt;script async src=\"https:\/\/www.googletagmanager.com\/gtag\/js?id=G-70CBWDK9PY\"&gt;&lt;\/script&gt;\n&lt;script&gt;\n  window.dataLayer = window.dataLayer || [];\n  function gtag(){dataLayer.push(arguments);}\n  gtag('js', new Date());\n\n  gtag('config', 'G-70CBWDK9PY');\n&lt;\/script&gt;\n&lt;script async src=\"https:\/\/pagead2.googlesyndication.com\/pagead\/js\/adsbygoogle.js?client=ca-pub-3987500858204711\"\n     crossorigin=\"anonymous\"&gt;&lt;\/script&gt;"},"schema":{"@context":"https:\/\/schema.org","@graph":[{"@type":"BlogPosting","@id":"https:\/\/dudasytextos.com\/como-saber\/como-saber-cuanto-me-corresponde-de-paro\/#blogposting","name":"C\u00f3mo saber cuanto me corresponde de paro (2026) \u00bfC\u00f3mo Saberlo?","headline":"C\u00f3mo saber cuanto me corresponde de paro","author":{"@id":"https:\/\/dudasytextos.com\/como-saber\/author\/admin23\/#author"},"publisher":{"@id":"https:\/\/dudasytextos.com\/como-saber\/#organization"},"datePublished":"2025-02-16T04:45:12+00:00","dateModified":"2025-03-13T10:16:14+00:00","inLanguage":"es-ES","mainEntityOfPage":{"@id":"https:\/\/dudasytextos.com\/como-saber\/como-saber-cuanto-me-corresponde-de-paro\/#webpage"},"isPartOf":{"@id":"https:\/\/dudasytextos.com\/como-saber\/como-saber-cuanto-me-corresponde-de-paro\/#webpage"},"articleSection":"Paro, \u00bfC\u00f3mo saber?"},{"@type":"BreadcrumbList","@id":"https:\/\/dudasytextos.com\/como-saber\/como-saber-cuanto-me-corresponde-de-paro\/#breadcrumblist","itemListElement":[{"@type":"ListItem","@id":"https:\/\/dudasytextos.com\/como-saber#listItem","position":1,"name":"Home","item":"https:\/\/dudasytextos.com\/como-saber","nextItem":{"@type":"ListItem","@id":"https:\/\/dudasytextos.com\/como-saber\/category\/como-saber\/#listItem","name":"\u00bfC\u00f3mo saber?"}},{"@type":"ListItem","@id":"https:\/\/dudasytextos.com\/como-saber\/category\/como-saber\/#listItem","position":2,"name":"\u00bfC\u00f3mo saber?","item":"https:\/\/dudasytextos.com\/como-saber\/category\/como-saber\/","nextItem":{"@type":"ListItem","@id":"https:\/\/dudasytextos.com\/como-saber\/como-saber-cuanto-me-corresponde-de-paro\/#listItem","name":"C\u00f3mo saber cuanto me corresponde de paro"},"previousItem":{"@type":"ListItem","@id":"https:\/\/dudasytextos.com\/como-saber#listItem","name":"Home"}},{"@type":"ListItem","@id":"https:\/\/dudasytextos.com\/como-saber\/como-saber-cuanto-me-corresponde-de-paro\/#listItem","position":3,"name":"C\u00f3mo saber cuanto me corresponde de paro","previousItem":{"@type":"ListItem","@id":"https:\/\/dudasytextos.com\/como-saber\/category\/como-saber\/#listItem","name":"\u00bfC\u00f3mo saber?"}}]},{"@type":"Organization","@id":"https:\/\/dudasytextos.com\/como-saber\/#organization","name":"Recipes","description":"\u00bfC\u00f3mo Saberlo?","url":"https:\/\/dudasytextos.com\/como-saber\/"},{"@type":"Person","@id":"https:\/\/dudasytextos.com\/como-saber\/author\/admin23\/#author","url":"https:\/\/dudasytextos.com\/como-saber\/author\/admin23\/","name":"Ana Gonz\u00e1lez"},{"@type":"WebPage","@id":"https:\/\/dudasytextos.com\/como-saber\/como-saber-cuanto-me-corresponde-de-paro\/#webpage","url":"https:\/\/dudasytextos.com\/como-saber\/como-saber-cuanto-me-corresponde-de-paro\/","name":"C\u00f3mo saber cuanto me corresponde de paro (2026) \u00bfC\u00f3mo Saberlo?","description":"C\u00f3mo saber cu\u00e1nto me corresponde de paro - Gu\u00eda completa Curiosidades sobre el paro en Espa\u00f1a En Espa\u00f1a, el paro es una prestaci\u00f3n econ\u00f3mica que se otorga a los trabajadores que han perdido su empleo de forma involuntaria. Seg\u00fan el INE, la tasa de desempleo en Espa\u00f1a en el primer trimestre de 2021 fue del","inLanguage":"es-ES","isPartOf":{"@id":"https:\/\/dudasytextos.com\/como-saber\/#website"},"breadcrumb":{"@id":"https:\/\/dudasytextos.com\/como-saber\/como-saber-cuanto-me-corresponde-de-paro\/#breadcrumblist"},"author":{"@id":"https:\/\/dudasytextos.com\/como-saber\/author\/admin23\/#author"},"creator":{"@id":"https:\/\/dudasytextos.com\/como-saber\/author\/admin23\/#author"},"datePublished":"2025-02-16T04:45:12+00:00","dateModified":"2025-03-13T10:16:14+00:00"},{"@type":"WebSite","@id":"https:\/\/dudasytextos.com\/como-saber\/#website","url":"https:\/\/dudasytextos.com\/como-saber\/","name":"Recipes","description":"\u00bfC\u00f3mo Saberlo?","inLanguage":"es-ES","publisher":{"@id":"https:\/\/dudasytextos.com\/como-saber\/#organization"}}]},"og:locale":"es_ES","og:site_name":"\u00bfC\u00f3mo Saberlo? - \u00bfC\u00f3mo Saberlo?","og:type":"article","og:title":"C\u00f3mo saber cuanto me corresponde de paro (2026) \u00bfC\u00f3mo Saberlo?","og:description":"C\u00f3mo saber cu\u00e1nto me corresponde de paro - Gu\u00eda completa Curiosidades sobre el paro en Espa\u00f1a En Espa\u00f1a, el paro es una prestaci\u00f3n econ\u00f3mica que se otorga a los trabajadores que han perdido su empleo de forma involuntaria. Seg\u00fan el INE, la tasa de desempleo en Espa\u00f1a en el primer trimestre de 2021 fue del","og:url":"https:\/\/dudasytextos.com\/como-saber\/como-saber-cuanto-me-corresponde-de-paro\/","article:published_time":"2025-02-16T04:45:12+00:00","article:modified_time":"2025-03-13T10:16:14+00:00","twitter:card":"summary_large_image","twitter:title":"C\u00f3mo saber cuanto me corresponde de paro (2026) \u00bfC\u00f3mo Saberlo?","twitter:description":"C\u00f3mo saber cu\u00e1nto me corresponde de paro - Gu\u00eda completa Curiosidades sobre el paro en Espa\u00f1a En Espa\u00f1a, el paro es una prestaci\u00f3n econ\u00f3mica que se otorga a los trabajadores que han perdido su empleo de forma involuntaria. Seg\u00fan el INE, la tasa de desempleo en Espa\u00f1a en el primer trimestre de 2021 fue del"},"aioseo_meta_data":{"post_id":"137065","title":null,"description":null,"keywords":null,"keyphrases":null,"primary_term":null,"canonical_url":null,"og_title":null,"og_description":null,"og_object_type":"default","og_image_type":"default","og_image_url":null,"og_image_width":null,"og_image_height":null,"og_image_custom_url":null,"og_image_custom_fields":null,"og_video":null,"og_custom_url":null,"og_article_section":null,"og_article_tags":null,"twitter_use_og":false,"twitter_card":"default","twitter_image_type":"default","twitter_image_url":null,"twitter_image_custom_url":null,"twitter_image_custom_fields":null,"twitter_title":null,"twitter_description":null,"schema":{"blockGraphs":[],"customGraphs":[],"default":{"data":{"Article":[],"Course":[],"Dataset":[],"FAQPage":[],"Movie":[],"Person":[],"Product":[],"ProductReview":[],"Car":[],"Recipe":[],"Service":[],"SoftwareApplication":[],"WebPage":[]},"graphName":"","isEnabled":true},"graphs":[]},"schema_type":"default","schema_type_options":null,"pillar_content":false,"robots_default":true,"robots_noindex":false,"robots_noarchive":false,"robots_nosnippet":false,"robots_nofollow":false,"robots_noimageindex":false,"robots_noodp":false,"robots_notranslate":false,"robots_max_snippet":null,"robots_max_videopreview":null,"robots_max_imagepreview":"large","priority":null,"frequency":null,"local_seo":null,"breadcrumb_settings":null,"limit_modified_date":false,"ai":null,"created":"2023-05-01 00:37:51","updated":"2025-06-04 01:00:20","seo_analyzer_scan_date":null,"focus_keyword":null,"additional_keywords":null,"truseo_locale":null},"aioseo_breadcrumb":"<div class=\"aioseo-breadcrumbs\"><span class=\"aioseo-breadcrumb\">\n\t\t\t<a href=\"https:\/\/dudasytextos.com\/como-saber\" title=\"Home\">Home<\/a>\n\t\t<\/span><span class=\"aioseo-breadcrumb-separator\">&raquo;<\/span><span class=\"aioseo-breadcrumb\">\n\t\t\t<a href=\"https:\/\/dudasytextos.com\/como-saber\/category\/como-saber\/\" title=\"\u00bfC\u00f3mo saber?\">\u00bfC\u00f3mo saber?<\/a>\n\t\t<\/span><span class=\"aioseo-breadcrumb-separator\">&raquo;<\/span><span class=\"aioseo-breadcrumb\">\n\t\t\tC\u00f3mo saber cuanto me corresponde de paro\n\t\t<\/span><\/div>","aioseo_breadcrumb_json":[{"label":"Home","link":"https:\/\/dudasytextos.com\/como-saber"},{"label":"\u00bfC\u00f3mo saber?","link":"https:\/\/dudasytextos.com\/como-saber\/category\/como-saber\/"},{"label":"C\u00f3mo saber cuanto me corresponde de paro","link":"https:\/\/dudasytextos.com\/como-saber\/como-saber-cuanto-me-corresponde-de-paro\/"}],"_links":{"self":[{"href":"https:\/\/dudasytextos.com\/como-saber\/wp-json\/wp\/v2\/posts\/137065","targetHints":{"allow":["GET"]}}],"collection":[{"href":"https:\/\/dudasytextos.com\/como-saber\/wp-json\/wp\/v2\/posts"}],"about":[{"href":"https:\/\/dudasytextos.com\/como-saber\/wp-json\/wp\/v2\/types\/post"}],"author":[{"embeddable":true,"href":"https:\/\/dudasytextos.com\/como-saber\/wp-json\/wp\/v2\/users\/1"}],"replies":[{"embeddable":true,"href":"https:\/\/dudasytextos.com\/como-saber\/wp-json\/wp\/v2\/comments?post=137065"}],"version-history":[{"count":1,"href":"https:\/\/dudasytextos.com\/como-saber\/wp-json\/wp\/v2\/posts\/137065\/revisions"}],"predecessor-version":[{"id":138936,"href":"https:\/\/dudasytextos.com\/como-saber\/wp-json\/wp\/v2\/posts\/137065\/revisions\/138936"}],"wp:attachment":[{"href":"https:\/\/dudasytextos.com\/como-saber\/wp-json\/wp\/v2\/media?parent=137065"}],"wp:term":[{"taxonomy":"category","embeddable":true,"href":"https:\/\/dudasytextos.com\/como-saber\/wp-json\/wp\/v2\/categories?post=137065"},{"taxonomy":"post_tag","embeddable":true,"href":"https:\/\/dudasytextos.com\/como-saber\/wp-json\/wp\/v2\/tags?post=137065"}],"curies":[{"name":"wp","href":"https:\/\/api.w.org\/{rel}","templated":true}]}}