{"id":137418,"date":"2025-03-07T01:07:36","date_gmt":"2025-03-07T01:07:36","guid":{"rendered":"https:\/\/educacion.cc\/?p=137418"},"modified":"2025-03-13T07:25:29","modified_gmt":"2025-03-13T07:25:29","slug":"como-saber-si-un-bebe-tiene-frio","status":"publish","type":"post","link":"https:\/\/dudasytextos.com\/como-saber\/como-saber-si-un-bebe-tiene-frio\/","title":{"rendered":"C\u00f3mo saber si un bebe tiene frio"},"content":{"rendered":"<div id=\"ez-toc-container\" class=\"ez-toc-v2_0_87 counter-hierarchy ez-toc-counter ez-toc-custom ez-toc-container-direction\">\n<div class=\"ez-toc-title-container\">\n<span class=\"ez-toc-title-toggle\"><\/span><\/div>\n<nav><ul class='ez-toc-list ez-toc-list-level-1 ' ><li class='ez-toc-page-1 ez-toc-heading-level-2'><a class=\"ez-toc-link ez-toc-heading-1\" href=\"https:\/\/dudasytextos.com\/como-saber\/como-saber-si-un-bebe-tiene-frio\/#Como_Saber_Si_Un_Bebe_Tiene_Frio_%E2%80%93_Consejos_Utiles\" >C\u00f3mo Saber Si Un Beb\u00e9 Tiene Fr\u00edo &#8211; Consejos \u00datiles<\/a><\/li><li class='ez-toc-page-1 ez-toc-heading-level-2'><a class=\"ez-toc-link ez-toc-heading-2\" href=\"https:\/\/dudasytextos.com\/como-saber\/como-saber-si-un-bebe-tiene-frio\/#Curiosidades_e_Informacion_Interesante\" >Curiosidades e Informaci\u00f3n Interesante<\/a><\/li><li class='ez-toc-page-1 ez-toc-heading-level-2'><a class=\"ez-toc-link ez-toc-heading-3\" href=\"https:\/\/dudasytextos.com\/como-saber\/como-saber-si-un-bebe-tiene-frio\/#Mi_Experiencia_Personal\" >Mi Experiencia Personal<\/a><\/li><li class='ez-toc-page-1 ez-toc-heading-level-2'><a class=\"ez-toc-link ez-toc-heading-4\" href=\"https:\/\/dudasytextos.com\/como-saber\/como-saber-si-un-bebe-tiene-frio\/#Consejos_Utiles\" >Consejos \u00datiles<\/a><\/li><li class='ez-toc-page-1 ez-toc-heading-level-2'><a class=\"ez-toc-link ez-toc-heading-5\" href=\"https:\/\/dudasytextos.com\/como-saber\/como-saber-si-un-bebe-tiene-frio\/#Citas_de_Expertos\" >Citas de Expertos<\/a><\/li><li class='ez-toc-page-1 ez-toc-heading-level-2'><a class=\"ez-toc-link ez-toc-heading-6\" href=\"https:\/\/dudasytextos.com\/como-saber\/como-saber-si-un-bebe-tiene-frio\/#Preguntas_Frecuentes\" >Preguntas Frecuentes<\/a><ul class='ez-toc-list-level-3' ><li class='ez-toc-heading-level-3'><a class=\"ez-toc-link ez-toc-heading-7\" href=\"https:\/\/dudasytextos.com\/como-saber\/como-saber-si-un-bebe-tiene-frio\/#%C2%BFPuedo_usar_una_manta_electrica_para_mantener_al_bebe_caliente\" >\u00bfPuedo usar una manta el\u00e9ctrica para mantener al beb\u00e9 caliente?<\/a><\/li><li class='ez-toc-page-1 ez-toc-heading-level-3'><a class=\"ez-toc-link ez-toc-heading-8\" href=\"https:\/\/dudasytextos.com\/como-saber\/como-saber-si-un-bebe-tiene-frio\/#%C2%BFEs_necesario_usar_un_gorro_en_el_bebe\" >\u00bfEs necesario usar un gorro en el beb\u00e9?<\/a><\/li><li class='ez-toc-page-1 ez-toc-heading-level-3'><a class=\"ez-toc-link ez-toc-heading-9\" href=\"https:\/\/dudasytextos.com\/como-saber\/como-saber-si-un-bebe-tiene-frio\/#%C2%BFQue_debo_hacer_si_mi_bebe_tiene_frio\" >\u00bfQu\u00e9 debo hacer si mi beb\u00e9 tiene fr\u00edo?<\/a><\/li><\/ul><\/li><\/ul><\/nav><\/div>\n<h2><span class=\"ez-toc-section\" id=\"Como_Saber_Si_Un_Bebe_Tiene_Frio_%E2%80%93_Consejos_Utiles\"><\/span>C\u00f3mo Saber Si Un Beb\u00e9 Tiene Fr\u00edo &#8211; Consejos \u00datiles<span class=\"ez-toc-section-end\"><\/span><\/h2>\n<section>\n<h2><span class=\"ez-toc-section\" id=\"Curiosidades_e_Informacion_Interesante\"><\/span>Curiosidades e Informaci\u00f3n Interesante<span class=\"ez-toc-section-end\"><\/span><\/h2>\n<ul>\n<li>Los beb\u00e9s pierden calor m\u00e1s r\u00e1pido que los adultos.<\/li>\n<li>Los beb\u00e9s no pueden regular su temperatura corporal de manera eficiente hasta que tienen alrededor de 6 meses de edad.<\/li>\n<li>Un beb\u00e9 que tiene fr\u00edo puede estar inquieto, llorar m\u00e1s de lo habitual y tener la piel fr\u00eda al tacto.<\/li>\n<li>Es importante mantener al beb\u00e9 caliente y c\u00f3modo, pero no es necesario exagerar con la cantidad de ropa que se le pone.<\/li>\n<\/ul>\n<\/section>\n<section>\n<h2><span class=\"ez-toc-section\" id=\"Mi_Experiencia_Personal\"><\/span>Mi Experiencia Personal<span class=\"ez-toc-section-end\"><\/span><\/h2>\n<p>Como madre primeriza, siempre me preocupaba si mi beb\u00e9 ten\u00eda fr\u00edo o calor. Al principio, sol\u00eda ponerle muchas capas de ropa y mantas, pero pronto me di cuenta de que estaba exagerando. Mi beb\u00e9 estaba inc\u00f3modo y no pod\u00eda moverse con facilidad. Aprend\u00ed que es importante encontrar un equilibrio entre mantener al beb\u00e9 caliente y permitirle moverse con comodidad.<\/p>\n<\/section>\n<section>\n<h2><span class=\"ez-toc-section\" id=\"Consejos_Utiles\"><\/span>Consejos \u00datiles<span class=\"ez-toc-section-end\"><\/span><\/h2>\n<p>Para saber si tu beb\u00e9 tiene fr\u00edo, debes prestar atenci\u00f3n a las siguientes se\u00f1ales:<\/p>\n<ul>\n<li>La piel del beb\u00e9 est\u00e1 fr\u00eda al tacto.<\/li>\n<li>El beb\u00e9 est\u00e1 inquieto y no puede dormir bien.<\/li>\n<li>El beb\u00e9 llora m\u00e1s de lo habitual.<\/li>\n<li>El beb\u00e9 tiene manos y pies fr\u00edos.<\/li>\n<\/ul>\n<p>Si notas alguna de estas se\u00f1ales, es importante que ajustes la cantidad de ropa que le est\u00e1s poniendo al beb\u00e9. No es necesario que lo abrigues en exceso, ya que esto puede hacer que sude y se sienta inc\u00f3modo. En cambio, es mejor usar capas de ropa finas y c\u00f3modas que se puedan quitar f\u00e1cilmente si el beb\u00e9 se siente demasiado caliente.<\/p>\n<p>Tambi\u00e9n es importante asegurarse de que la habitaci\u00f3n en la que est\u00e1 el beb\u00e9 no est\u00e9 demasiado fr\u00eda. La temperatura ideal para un beb\u00e9 es de alrededor de 20-22 grados Celsius.<\/p>\n<\/section>\n<section>\n<h2><span class=\"ez-toc-section\" id=\"Citas_de_Expertos\"><\/span>Citas de Expertos<span class=\"ez-toc-section-end\"><\/span><\/h2>\n<blockquote>\n<p>Es importante que los padres presten atenci\u00f3n a las se\u00f1ales de que su beb\u00e9 est\u00e1 sintiendo fr\u00edo. Mantener al beb\u00e9 caliente y c\u00f3modo es esencial para su bienestar.<\/p>\n<footer>Dr. Javier P\u00e9rez, Pediatra<\/footer>\n<\/blockquote>\n<\/section>\n<section>\n<h2><span class=\"ez-toc-section\" id=\"Preguntas_Frecuentes\"><\/span>Preguntas Frecuentes<span class=\"ez-toc-section-end\"><\/span><\/h2>\n<h3><span class=\"ez-toc-section\" id=\"%C2%BFPuedo_usar_una_manta_electrica_para_mantener_al_bebe_caliente\"><\/span>\u00bfPuedo usar una manta el\u00e9ctrica para mantener al beb\u00e9 caliente?<span class=\"ez-toc-section-end\"><\/span><\/h3>\n<p>No se recomienda el uso de mantas el\u00e9ctricas para beb\u00e9s, ya que pueden ser peligrosas y causar quemaduras. Es mejor usar capas de ropa finas y c\u00f3modas que se puedan quitar f\u00e1cilmente si el beb\u00e9 se siente demasiado caliente.<\/p>\n<h3><span class=\"ez-toc-section\" id=\"%C2%BFEs_necesario_usar_un_gorro_en_el_bebe\"><\/span>\u00bfEs necesario usar un gorro en el beb\u00e9?<span class=\"ez-toc-section-end\"><\/span><\/h3>\n<p>Depende de la temperatura ambiente. Si hace fr\u00edo, es recomendable que el beb\u00e9 use un gorro para mantener la cabeza y las orejas calientes. Sin embargo, si la temperatura es c\u00e1lida, no es necesario usar un gorro.<\/p>\n<h3><span class=\"ez-toc-section\" id=\"%C2%BFQue_debo_hacer_si_mi_bebe_tiene_frio\"><\/span>\u00bfQu\u00e9 debo hacer si mi beb\u00e9 tiene fr\u00edo?<span class=\"ez-toc-section-end\"><\/span><\/h3>\n<p>Si notas que tu beb\u00e9 tiene fr\u00edo, ajusta la cantidad de ropa que le est\u00e1s poniendo y aseg\u00farate de que la habitaci\u00f3n est\u00e9 a una temperatura adecuada. Tambi\u00e9n puedes abrazar al beb\u00e9 para mantenerlo caliente y c\u00f3modo.<\/p>\n<\/section>\n<footer>\n<p>Esperamos que estos consejos te hayan sido \u00fatiles. Recuerda siempre prestar atenci\u00f3n a las se\u00f1ales de que tu beb\u00e9 est\u00e1 sintiendo fr\u00edo y ajustar la cantidad de ropa que le est\u00e1s poniendo en consecuencia.<\/p>\n<\/footer>\n","protected":false},"excerpt":{"rendered":"<p>C\u00f3mo Saber Si Un Beb\u00e9 Tiene Fr\u00edo &#8211; Consejos \u00datiles Curiosidades e Informaci\u00f3n Interesante Los beb\u00e9s pierden calor m\u00e1s r\u00e1pido que los adultos. Los beb\u00e9s no pueden regular su temperatura corporal de manera eficiente hasta que tienen alrededor de 6 meses de edad. Un beb\u00e9 que tiene fr\u00edo puede estar inquieto, llorar m\u00e1s de lo &#8230; <a title=\"C\u00f3mo saber si un bebe tiene frio\" class=\"read-more\" href=\"https:\/\/dudasytextos.com\/como-saber\/como-saber-si-un-bebe-tiene-frio\/\" aria-label=\"M\u00e1s en C\u00f3mo saber si un bebe tiene frio\">Leer m\u00e1s<\/a><\/p>\n","protected":false},"author":1,"featured_media":0,"comment_status":"open","ping_status":"open","sticky":false,"template":"","format":"standard","meta":{"footnotes":""},"categories":[3],"tags":[],"class_list":["post-137418","post","type-post","status-publish","format-standard","hentry","category-como-saber"],"aioseo_notices":[],"aioseo_head":"\n\t\t<!-- All in One SEO 5.0.1.1 - aioseo.com -->\n\t<meta name=\"description\" content=\"C\u00f3mo Saber Si Un Beb\u00e9 Tiene Fr\u00edo - Consejos \u00datiles Curiosidades e Informaci\u00f3n Interesante Los beb\u00e9s pierden calor m\u00e1s r\u00e1pido que los adultos. Los beb\u00e9s no pueden regular su temperatura corporal de manera eficiente hasta que tienen alrededor de 6 meses de edad. Un beb\u00e9 que tiene fr\u00edo puede estar inquieto, llorar m\u00e1s de lo\" \/>\n\t<meta name=\"robots\" content=\"max-snippet:-1, max-image-preview:large, max-video-preview:-1\" \/>\n\t<meta name=\"author\" content=\"Ana Gonz\u00e1lez\"\/>\n\t<link rel=\"canonical\" href=\"https:\/\/dudasytextos.com\/como-saber\/como-saber-si-un-bebe-tiene-frio\/\" \/>\n\t<meta name=\"generator\" content=\"All in One SEO (AIOSEO) 5.0.1.1\" \/>\n\n\t\t<!-- Google tag (gtag.js) -->\n<script async src=\"https:\/\/www.googletagmanager.com\/gtag\/js?id=G-70CBWDK9PY\"><\/script>\n<script>\n  window.dataLayer = window.dataLayer || [];\n  function gtag(){dataLayer.push(arguments);}\n  gtag('js', new Date());\n\n  gtag('config', 'G-70CBWDK9PY');\n<\/script>\n<script async src=\"https:\/\/pagead2.googlesyndication.com\/pagead\/js\/adsbygoogle.js?client=ca-pub-3987500858204711\"\n     crossorigin=\"anonymous\"><\/script>\n\t\t<meta property=\"og:locale\" content=\"es_ES\" \/>\n\t\t<meta property=\"og:site_name\" content=\"\u00bfC\u00f3mo Saberlo? - \u00bfC\u00f3mo Saberlo?\" \/>\n\t\t<meta property=\"og:type\" content=\"article\" \/>\n\t\t<meta property=\"og:title\" content=\"C\u00f3mo saber si un bebe tiene frio (2026) \u00bfC\u00f3mo Saberlo?\" \/>\n\t\t<meta property=\"og:description\" content=\"C\u00f3mo Saber Si Un Beb\u00e9 Tiene Fr\u00edo - Consejos \u00datiles Curiosidades e Informaci\u00f3n Interesante Los beb\u00e9s pierden calor m\u00e1s r\u00e1pido que los adultos. Los beb\u00e9s no pueden regular su temperatura corporal de manera eficiente hasta que tienen alrededor de 6 meses de edad. Un beb\u00e9 que tiene fr\u00edo puede estar inquieto, llorar m\u00e1s de lo\" \/>\n\t\t<meta property=\"og:url\" content=\"https:\/\/dudasytextos.com\/como-saber\/como-saber-si-un-bebe-tiene-frio\/\" \/>\n\t\t<meta property=\"article:published_time\" content=\"2025-03-07T01:07:36+00:00\" \/>\n\t\t<meta property=\"article:modified_time\" content=\"2025-03-13T07:25:29+00:00\" \/>\n\t\t<meta name=\"twitter:card\" content=\"summary_large_image\" \/>\n\t\t<meta name=\"twitter:title\" content=\"C\u00f3mo saber si un bebe tiene frio (2026) \u00bfC\u00f3mo Saberlo?\" \/>\n\t\t<meta name=\"twitter:description\" content=\"C\u00f3mo Saber Si Un Beb\u00e9 Tiene Fr\u00edo - Consejos \u00datiles Curiosidades e Informaci\u00f3n Interesante Los beb\u00e9s pierden calor m\u00e1s r\u00e1pido que los adultos. Los beb\u00e9s no pueden regular su temperatura corporal de manera eficiente hasta que tienen alrededor de 6 meses de edad. Un beb\u00e9 que tiene fr\u00edo puede estar inquieto, llorar m\u00e1s de lo\" \/>\n\t\t<script type=\"application\/ld+json\" class=\"aioseo-schema\">\n\t\t\t{\"@context\":\"https:\\\/\\\/schema.org\",\"@graph\":[{\"@type\":\"BlogPosting\",\"@id\":\"https:\\\/\\\/dudasytextos.com\\\/como-saber\\\/como-saber-si-un-bebe-tiene-frio\\\/#blogposting\",\"name\":\"C\\u00f3mo saber si un bebe tiene frio (2026) \\u00bfC\\u00f3mo Saberlo?\",\"headline\":\"C\\u00f3mo saber si un bebe tiene frio\",\"author\":{\"@id\":\"https:\\\/\\\/dudasytextos.com\\\/como-saber\\\/author\\\/admin23\\\/#author\"},\"publisher\":{\"@id\":\"https:\\\/\\\/dudasytextos.com\\\/como-saber\\\/#organization\"},\"datePublished\":\"2025-03-07T01:07:36+00:00\",\"dateModified\":\"2025-03-13T07:25:29+00:00\",\"inLanguage\":\"es-ES\",\"mainEntityOfPage\":{\"@id\":\"https:\\\/\\\/dudasytextos.com\\\/como-saber\\\/como-saber-si-un-bebe-tiene-frio\\\/#webpage\"},\"isPartOf\":{\"@id\":\"https:\\\/\\\/dudasytextos.com\\\/como-saber\\\/como-saber-si-un-bebe-tiene-frio\\\/#webpage\"},\"articleSection\":\"\\u00bfC\\u00f3mo saber?\"},{\"@type\":\"BreadcrumbList\",\"@id\":\"https:\\\/\\\/dudasytextos.com\\\/como-saber\\\/como-saber-si-un-bebe-tiene-frio\\\/#breadcrumblist\",\"itemListElement\":[{\"@type\":\"ListItem\",\"@id\":\"https:\\\/\\\/dudasytextos.com\\\/como-saber#listItem\",\"position\":1,\"name\":\"Home\",\"item\":\"https:\\\/\\\/dudasytextos.com\\\/como-saber\",\"nextItem\":{\"@type\":\"ListItem\",\"@id\":\"https:\\\/\\\/dudasytextos.com\\\/como-saber\\\/category\\\/como-saber\\\/#listItem\",\"name\":\"\\u00bfC\\u00f3mo saber?\"}},{\"@type\":\"ListItem\",\"@id\":\"https:\\\/\\\/dudasytextos.com\\\/como-saber\\\/category\\\/como-saber\\\/#listItem\",\"position\":2,\"name\":\"\\u00bfC\\u00f3mo saber?\",\"item\":\"https:\\\/\\\/dudasytextos.com\\\/como-saber\\\/category\\\/como-saber\\\/\",\"nextItem\":{\"@type\":\"ListItem\",\"@id\":\"https:\\\/\\\/dudasytextos.com\\\/como-saber\\\/como-saber-si-un-bebe-tiene-frio\\\/#listItem\",\"name\":\"C\\u00f3mo saber si un bebe tiene frio\"},\"previousItem\":{\"@type\":\"ListItem\",\"@id\":\"https:\\\/\\\/dudasytextos.com\\\/como-saber#listItem\",\"name\":\"Home\"}},{\"@type\":\"ListItem\",\"@id\":\"https:\\\/\\\/dudasytextos.com\\\/como-saber\\\/como-saber-si-un-bebe-tiene-frio\\\/#listItem\",\"position\":3,\"name\":\"C\\u00f3mo saber si un bebe tiene frio\",\"previousItem\":{\"@type\":\"ListItem\",\"@id\":\"https:\\\/\\\/dudasytextos.com\\\/como-saber\\\/category\\\/como-saber\\\/#listItem\",\"name\":\"\\u00bfC\\u00f3mo saber?\"}}]},{\"@type\":\"Organization\",\"@id\":\"https:\\\/\\\/dudasytextos.com\\\/como-saber\\\/#organization\",\"name\":\"Recipes\",\"description\":\"\\u00bfC\\u00f3mo Saberlo?\",\"url\":\"https:\\\/\\\/dudasytextos.com\\\/como-saber\\\/\"},{\"@type\":\"Person\",\"@id\":\"https:\\\/\\\/dudasytextos.com\\\/como-saber\\\/author\\\/admin23\\\/#author\",\"url\":\"https:\\\/\\\/dudasytextos.com\\\/como-saber\\\/author\\\/admin23\\\/\",\"name\":\"Ana Gonz\\u00e1lez\"},{\"@type\":\"WebPage\",\"@id\":\"https:\\\/\\\/dudasytextos.com\\\/como-saber\\\/como-saber-si-un-bebe-tiene-frio\\\/#webpage\",\"url\":\"https:\\\/\\\/dudasytextos.com\\\/como-saber\\\/como-saber-si-un-bebe-tiene-frio\\\/\",\"name\":\"C\\u00f3mo saber si un bebe tiene frio (2026) \\u00bfC\\u00f3mo Saberlo?\",\"description\":\"C\\u00f3mo Saber Si Un Beb\\u00e9 Tiene Fr\\u00edo - Consejos \\u00datiles Curiosidades e Informaci\\u00f3n Interesante Los beb\\u00e9s pierden calor m\\u00e1s r\\u00e1pido que los adultos. Los beb\\u00e9s no pueden regular su temperatura corporal de manera eficiente hasta que tienen alrededor de 6 meses de edad. Un beb\\u00e9 que tiene fr\\u00edo puede estar inquieto, llorar m\\u00e1s de lo\",\"inLanguage\":\"es-ES\",\"isPartOf\":{\"@id\":\"https:\\\/\\\/dudasytextos.com\\\/como-saber\\\/#website\"},\"breadcrumb\":{\"@id\":\"https:\\\/\\\/dudasytextos.com\\\/como-saber\\\/como-saber-si-un-bebe-tiene-frio\\\/#breadcrumblist\"},\"author\":{\"@id\":\"https:\\\/\\\/dudasytextos.com\\\/como-saber\\\/author\\\/admin23\\\/#author\"},\"creator\":{\"@id\":\"https:\\\/\\\/dudasytextos.com\\\/como-saber\\\/author\\\/admin23\\\/#author\"},\"datePublished\":\"2025-03-07T01:07:36+00:00\",\"dateModified\":\"2025-03-13T07:25:29+00:00\"},{\"@type\":\"WebSite\",\"@id\":\"https:\\\/\\\/dudasytextos.com\\\/como-saber\\\/#website\",\"url\":\"https:\\\/\\\/dudasytextos.com\\\/como-saber\\\/\",\"name\":\"Recipes\",\"description\":\"\\u00bfC\\u00f3mo Saberlo?\",\"inLanguage\":\"es-ES\",\"publisher\":{\"@id\":\"https:\\\/\\\/dudasytextos.com\\\/como-saber\\\/#organization\"}}]}\n\t\t<\/script>\n\t\t<!-- All in One SEO -->\n\n","aioseo_head_json":{"title":"C\u00f3mo saber si un bebe tiene frio (2026) \u00bfC\u00f3mo Saberlo?","description":"C\u00f3mo Saber Si Un Beb\u00e9 Tiene Fr\u00edo - Consejos \u00datiles Curiosidades e Informaci\u00f3n Interesante Los beb\u00e9s pierden calor m\u00e1s r\u00e1pido que los adultos. Los beb\u00e9s no pueden regular su temperatura corporal de manera eficiente hasta que tienen alrededor de 6 meses de edad. Un beb\u00e9 que tiene fr\u00edo puede estar inquieto, llorar m\u00e1s de lo","canonical_url":"https:\/\/dudasytextos.com\/como-saber\/como-saber-si-un-bebe-tiene-frio\/","robots":"max-snippet:-1, max-image-preview:large, max-video-preview:-1","keywords":"","webmasterTools":{"miscellaneous":"&lt;!-- Google tag (gtag.js) --&gt;\n&lt;script async src=\"https:\/\/www.googletagmanager.com\/gtag\/js?id=G-70CBWDK9PY\"&gt;&lt;\/script&gt;\n&lt;script&gt;\n  window.dataLayer = window.dataLayer || [];\n  function gtag(){dataLayer.push(arguments);}\n  gtag('js', new Date());\n\n  gtag('config', 'G-70CBWDK9PY');\n&lt;\/script&gt;\n&lt;script async src=\"https:\/\/pagead2.googlesyndication.com\/pagead\/js\/adsbygoogle.js?client=ca-pub-3987500858204711\"\n     crossorigin=\"anonymous\"&gt;&lt;\/script&gt;"},"schema":{"@context":"https:\/\/schema.org","@graph":[{"@type":"BlogPosting","@id":"https:\/\/dudasytextos.com\/como-saber\/como-saber-si-un-bebe-tiene-frio\/#blogposting","name":"C\u00f3mo saber si un bebe tiene frio (2026) \u00bfC\u00f3mo Saberlo?","headline":"C\u00f3mo saber si un bebe tiene frio","author":{"@id":"https:\/\/dudasytextos.com\/como-saber\/author\/admin23\/#author"},"publisher":{"@id":"https:\/\/dudasytextos.com\/como-saber\/#organization"},"datePublished":"2025-03-07T01:07:36+00:00","dateModified":"2025-03-13T07:25:29+00:00","inLanguage":"es-ES","mainEntityOfPage":{"@id":"https:\/\/dudasytextos.com\/como-saber\/como-saber-si-un-bebe-tiene-frio\/#webpage"},"isPartOf":{"@id":"https:\/\/dudasytextos.com\/como-saber\/como-saber-si-un-bebe-tiene-frio\/#webpage"},"articleSection":"\u00bfC\u00f3mo saber?"},{"@type":"BreadcrumbList","@id":"https:\/\/dudasytextos.com\/como-saber\/como-saber-si-un-bebe-tiene-frio\/#breadcrumblist","itemListElement":[{"@type":"ListItem","@id":"https:\/\/dudasytextos.com\/como-saber#listItem","position":1,"name":"Home","item":"https:\/\/dudasytextos.com\/como-saber","nextItem":{"@type":"ListItem","@id":"https:\/\/dudasytextos.com\/como-saber\/category\/como-saber\/#listItem","name":"\u00bfC\u00f3mo saber?"}},{"@type":"ListItem","@id":"https:\/\/dudasytextos.com\/como-saber\/category\/como-saber\/#listItem","position":2,"name":"\u00bfC\u00f3mo saber?","item":"https:\/\/dudasytextos.com\/como-saber\/category\/como-saber\/","nextItem":{"@type":"ListItem","@id":"https:\/\/dudasytextos.com\/como-saber\/como-saber-si-un-bebe-tiene-frio\/#listItem","name":"C\u00f3mo saber si un bebe tiene frio"},"previousItem":{"@type":"ListItem","@id":"https:\/\/dudasytextos.com\/como-saber#listItem","name":"Home"}},{"@type":"ListItem","@id":"https:\/\/dudasytextos.com\/como-saber\/como-saber-si-un-bebe-tiene-frio\/#listItem","position":3,"name":"C\u00f3mo saber si un bebe tiene frio","previousItem":{"@type":"ListItem","@id":"https:\/\/dudasytextos.com\/como-saber\/category\/como-saber\/#listItem","name":"\u00bfC\u00f3mo saber?"}}]},{"@type":"Organization","@id":"https:\/\/dudasytextos.com\/como-saber\/#organization","name":"Recipes","description":"\u00bfC\u00f3mo Saberlo?","url":"https:\/\/dudasytextos.com\/como-saber\/"},{"@type":"Person","@id":"https:\/\/dudasytextos.com\/como-saber\/author\/admin23\/#author","url":"https:\/\/dudasytextos.com\/como-saber\/author\/admin23\/","name":"Ana Gonz\u00e1lez"},{"@type":"WebPage","@id":"https:\/\/dudasytextos.com\/como-saber\/como-saber-si-un-bebe-tiene-frio\/#webpage","url":"https:\/\/dudasytextos.com\/como-saber\/como-saber-si-un-bebe-tiene-frio\/","name":"C\u00f3mo saber si un bebe tiene frio (2026) \u00bfC\u00f3mo Saberlo?","description":"C\u00f3mo Saber Si Un Beb\u00e9 Tiene Fr\u00edo - Consejos \u00datiles Curiosidades e Informaci\u00f3n Interesante Los beb\u00e9s pierden calor m\u00e1s r\u00e1pido que los adultos. Los beb\u00e9s no pueden regular su temperatura corporal de manera eficiente hasta que tienen alrededor de 6 meses de edad. Un beb\u00e9 que tiene fr\u00edo puede estar inquieto, llorar m\u00e1s de lo","inLanguage":"es-ES","isPartOf":{"@id":"https:\/\/dudasytextos.com\/como-saber\/#website"},"breadcrumb":{"@id":"https:\/\/dudasytextos.com\/como-saber\/como-saber-si-un-bebe-tiene-frio\/#breadcrumblist"},"author":{"@id":"https:\/\/dudasytextos.com\/como-saber\/author\/admin23\/#author"},"creator":{"@id":"https:\/\/dudasytextos.com\/como-saber\/author\/admin23\/#author"},"datePublished":"2025-03-07T01:07:36+00:00","dateModified":"2025-03-13T07:25:29+00:00"},{"@type":"WebSite","@id":"https:\/\/dudasytextos.com\/como-saber\/#website","url":"https:\/\/dudasytextos.com\/como-saber\/","name":"Recipes","description":"\u00bfC\u00f3mo Saberlo?","inLanguage":"es-ES","publisher":{"@id":"https:\/\/dudasytextos.com\/como-saber\/#organization"}}]},"og:locale":"es_ES","og:site_name":"\u00bfC\u00f3mo Saberlo? - \u00bfC\u00f3mo Saberlo?","og:type":"article","og:title":"C\u00f3mo saber si un bebe tiene frio (2026) \u00bfC\u00f3mo Saberlo?","og:description":"C\u00f3mo Saber Si Un Beb\u00e9 Tiene Fr\u00edo - Consejos \u00datiles Curiosidades e Informaci\u00f3n Interesante Los beb\u00e9s pierden calor m\u00e1s r\u00e1pido que los adultos. Los beb\u00e9s no pueden regular su temperatura corporal de manera eficiente hasta que tienen alrededor de 6 meses de edad. Un beb\u00e9 que tiene fr\u00edo puede estar inquieto, llorar m\u00e1s de lo","og:url":"https:\/\/dudasytextos.com\/como-saber\/como-saber-si-un-bebe-tiene-frio\/","article:published_time":"2025-03-07T01:07:36+00:00","article:modified_time":"2025-03-13T07:25:29+00:00","twitter:card":"summary_large_image","twitter:title":"C\u00f3mo saber si un bebe tiene frio (2026) \u00bfC\u00f3mo Saberlo?","twitter:description":"C\u00f3mo Saber Si Un Beb\u00e9 Tiene Fr\u00edo - Consejos \u00datiles Curiosidades e Informaci\u00f3n Interesante Los beb\u00e9s pierden calor m\u00e1s r\u00e1pido que los adultos. Los beb\u00e9s no pueden regular su temperatura corporal de manera eficiente hasta que tienen alrededor de 6 meses de edad. Un beb\u00e9 que tiene fr\u00edo puede estar inquieto, llorar m\u00e1s de lo"},"aioseo_meta_data":{"post_id":"137418","title":null,"description":null,"keywords":null,"keyphrases":null,"primary_term":null,"canonical_url":null,"og_title":null,"og_description":null,"og_object_type":"default","og_image_type":"default","og_image_url":null,"og_image_width":null,"og_image_height":null,"og_image_custom_url":null,"og_image_custom_fields":null,"og_video":null,"og_custom_url":null,"og_article_section":null,"og_article_tags":null,"twitter_use_og":false,"twitter_card":"default","twitter_image_type":"default","twitter_image_url":null,"twitter_image_custom_url":null,"twitter_image_custom_fields":null,"twitter_title":null,"twitter_description":null,"schema":{"blockGraphs":[],"customGraphs":[],"default":{"data":{"Article":[],"Course":[],"Dataset":[],"FAQPage":[],"Movie":[],"Person":[],"Product":[],"ProductReview":[],"Car":[],"Recipe":[],"Service":[],"SoftwareApplication":[],"WebPage":[]},"graphName":"","isEnabled":true},"graphs":[]},"schema_type":"default","schema_type_options":null,"pillar_content":false,"robots_default":true,"robots_noindex":false,"robots_noarchive":false,"robots_nosnippet":false,"robots_nofollow":false,"robots_noimageindex":false,"robots_noodp":false,"robots_notranslate":false,"robots_max_snippet":null,"robots_max_videopreview":null,"robots_max_imagepreview":"large","priority":null,"frequency":null,"local_seo":null,"breadcrumb_settings":null,"limit_modified_date":false,"ai":null,"created":"2023-04-30 23:27:30","updated":"2025-06-04 13:24:59","seo_analyzer_scan_date":null,"focus_keyword":null,"additional_keywords":null,"truseo_locale":null},"aioseo_breadcrumb":"<div class=\"aioseo-breadcrumbs\"><span class=\"aioseo-breadcrumb\">\n\t\t\t<a href=\"https:\/\/dudasytextos.com\/como-saber\" title=\"Home\">Home<\/a>\n\t\t<\/span><span class=\"aioseo-breadcrumb-separator\">&raquo;<\/span><span class=\"aioseo-breadcrumb\">\n\t\t\t<a href=\"https:\/\/dudasytextos.com\/como-saber\/category\/como-saber\/\" title=\"\u00bfC\u00f3mo saber?\">\u00bfC\u00f3mo saber?<\/a>\n\t\t<\/span><span class=\"aioseo-breadcrumb-separator\">&raquo;<\/span><span class=\"aioseo-breadcrumb\">\n\t\t\tC\u00f3mo saber si un bebe tiene frio\n\t\t<\/span><\/div>","aioseo_breadcrumb_json":[{"label":"Home","link":"https:\/\/dudasytextos.com\/como-saber"},{"label":"\u00bfC\u00f3mo saber?","link":"https:\/\/dudasytextos.com\/como-saber\/category\/como-saber\/"},{"label":"C\u00f3mo saber si un bebe tiene frio","link":"https:\/\/dudasytextos.com\/como-saber\/como-saber-si-un-bebe-tiene-frio\/"}],"_links":{"self":[{"href":"https:\/\/dudasytextos.com\/como-saber\/wp-json\/wp\/v2\/posts\/137418","targetHints":{"allow":["GET"]}}],"collection":[{"href":"https:\/\/dudasytextos.com\/como-saber\/wp-json\/wp\/v2\/posts"}],"about":[{"href":"https:\/\/dudasytextos.com\/como-saber\/wp-json\/wp\/v2\/types\/post"}],"author":[{"embeddable":true,"href":"https:\/\/dudasytextos.com\/como-saber\/wp-json\/wp\/v2\/users\/1"}],"replies":[{"embeddable":true,"href":"https:\/\/dudasytextos.com\/como-saber\/wp-json\/wp\/v2\/comments?post=137418"}],"version-history":[{"count":1,"href":"https:\/\/dudasytextos.com\/como-saber\/wp-json\/wp\/v2\/posts\/137418\/revisions"}],"predecessor-version":[{"id":138583,"href":"https:\/\/dudasytextos.com\/como-saber\/wp-json\/wp\/v2\/posts\/137418\/revisions\/138583"}],"wp:attachment":[{"href":"https:\/\/dudasytextos.com\/como-saber\/wp-json\/wp\/v2\/media?parent=137418"}],"wp:term":[{"taxonomy":"category","embeddable":true,"href":"https:\/\/dudasytextos.com\/como-saber\/wp-json\/wp\/v2\/categories?post=137418"},{"taxonomy":"post_tag","embeddable":true,"href":"https:\/\/dudasytextos.com\/como-saber\/wp-json\/wp\/v2\/tags?post=137418"}],"curies":[{"name":"wp","href":"https:\/\/api.w.org\/{rel}","templated":true}]}}