{"id":137478,"date":"2025-03-10T16:04:25","date_gmt":"2025-03-10T16:04:25","guid":{"rendered":"https:\/\/educacion.cc\/?p=137478"},"modified":"2025-03-12T23:59:08","modified_gmt":"2025-03-12T23:59:08","slug":"como-saber-si-es-remolino-o-calvicie","status":"publish","type":"post","link":"https:\/\/dudasytextos.com\/como-saber\/como-saber-si-es-remolino-o-calvicie\/","title":{"rendered":"C\u00f3mo saber si es remolino o calvicie"},"content":{"rendered":"<div id=\"ez-toc-container\" class=\"ez-toc-v2_0_87 counter-hierarchy ez-toc-counter ez-toc-custom ez-toc-container-direction\">\n<div class=\"ez-toc-title-container\">\n<span class=\"ez-toc-title-toggle\"><\/span><\/div>\n<nav><ul class='ez-toc-list ez-toc-list-level-1 ' ><li class='ez-toc-page-1 ez-toc-heading-level-2'><a class=\"ez-toc-link ez-toc-heading-1\" href=\"https:\/\/dudasytextos.com\/como-saber\/como-saber-si-es-remolino-o-calvicie\/#Como_saber_si_es_remolino_o_calvicie\" >C\u00f3mo saber si es remolino o calvicie<\/a><\/li><li class='ez-toc-page-1 ez-toc-heading-level-2'><a class=\"ez-toc-link ez-toc-heading-2\" href=\"https:\/\/dudasytextos.com\/como-saber\/como-saber-si-es-remolino-o-calvicie\/#Curiosidades_y_hechos_principales\" >Curiosidades y hechos principales<\/a><\/li><li class='ez-toc-page-1 ez-toc-heading-level-2'><a class=\"ez-toc-link ez-toc-heading-3\" href=\"https:\/\/dudasytextos.com\/como-saber\/como-saber-si-es-remolino-o-calvicie\/#Mi_experiencia_personal\" >Mi experiencia personal<\/a><\/li><li class='ez-toc-page-1 ez-toc-heading-level-2'><a class=\"ez-toc-link ez-toc-heading-4\" href=\"https:\/\/dudasytextos.com\/como-saber\/como-saber-si-es-remolino-o-calvicie\/#%C2%BFComo_saber_si_es_remolino_o_calvicie\" >\u00bfC\u00f3mo saber si es remolino o calvicie?<\/a><\/li><li class='ez-toc-page-1 ez-toc-heading-level-2'><a class=\"ez-toc-link ez-toc-heading-5\" href=\"https:\/\/dudasytextos.com\/como-saber\/como-saber-si-es-remolino-o-calvicie\/#Tipos_de_calvicie\" >Tipos de calvicie<\/a><ul class='ez-toc-list-level-3' ><li class='ez-toc-heading-level-3'><a class=\"ez-toc-link ez-toc-heading-6\" href=\"https:\/\/dudasytextos.com\/como-saber\/como-saber-si-es-remolino-o-calvicie\/#Alopecia_androgenetica\" >Alopecia androgen\u00e9tica<\/a><\/li><li class='ez-toc-page-1 ez-toc-heading-level-3'><a class=\"ez-toc-link ez-toc-heading-7\" href=\"https:\/\/dudasytextos.com\/como-saber\/como-saber-si-es-remolino-o-calvicie\/#Alopecia_areata\" >Alopecia areata<\/a><\/li><li class='ez-toc-page-1 ez-toc-heading-level-3'><a class=\"ez-toc-link ez-toc-heading-8\" href=\"https:\/\/dudasytextos.com\/como-saber\/como-saber-si-es-remolino-o-calvicie\/#Alopecia_por_traccion\" >Alopecia por tracci\u00f3n<\/a><\/li><\/ul><\/li><li class='ez-toc-page-1 ez-toc-heading-level-2'><a class=\"ez-toc-link ez-toc-heading-9\" href=\"https:\/\/dudasytextos.com\/como-saber\/como-saber-si-es-remolino-o-calvicie\/#Preguntas_frecuentes\" >Preguntas frecuentes<\/a><ul class='ez-toc-list-level-3' ><li class='ez-toc-heading-level-3'><a class=\"ez-toc-link ez-toc-heading-10\" href=\"https:\/\/dudasytextos.com\/como-saber\/como-saber-si-es-remolino-o-calvicie\/#%C2%BFEl_uso_de_gorras_o_sombreros_puede_causar_calvicie\" >\u00bfEl uso de gorras o sombreros puede causar calvicie?<\/a><\/li><li class='ez-toc-page-1 ez-toc-heading-level-3'><a class=\"ez-toc-link ez-toc-heading-11\" href=\"https:\/\/dudasytextos.com\/como-saber\/como-saber-si-es-remolino-o-calvicie\/#%C2%BFLa_calvicie_es_hereditaria\" >\u00bfLa calvicie es hereditaria?<\/a><\/li><li class='ez-toc-page-1 ez-toc-heading-level-3'><a class=\"ez-toc-link ez-toc-heading-12\" href=\"https:\/\/dudasytextos.com\/como-saber\/como-saber-si-es-remolino-o-calvicie\/#%C2%BFExisten_tratamientos_para_la_calvicie\" >\u00bfExisten tratamientos para la calvicie?<\/a><\/li><li class='ez-toc-page-1 ez-toc-heading-level-3'><a class=\"ez-toc-link ez-toc-heading-13\" href=\"https:\/\/dudasytextos.com\/como-saber\/como-saber-si-es-remolino-o-calvicie\/#%C2%BFLa_calvicie_afecta_solo_a_los_hombres\" >\u00bfLa calvicie afecta solo a los hombres?<\/a><\/li><li class='ez-toc-page-1 ez-toc-heading-level-3'><a class=\"ez-toc-link ez-toc-heading-14\" href=\"https:\/\/dudasytextos.com\/como-saber\/como-saber-si-es-remolino-o-calvicie\/#%C2%BFPuedo_prevenir_la_calvicie\" >\u00bfPuedo prevenir la calvicie?<\/a><\/li><\/ul><\/li><\/ul><\/nav><\/div>\n<h2><span class=\"ez-toc-section\" id=\"Como_saber_si_es_remolino_o_calvicie\"><\/span>C\u00f3mo saber si es remolino o calvicie<span class=\"ez-toc-section-end\"><\/span><\/h2>\n<p>\u00bfTe has preguntado alguna vez si el remolino que tienes en la cabeza es normal o es una se\u00f1al de calvicie? Pues no te preocupes, en este art\u00edculo te explicaremos todo lo que necesitas saber sobre el remolino y la calvicie.<\/p>\n<h2><span class=\"ez-toc-section\" id=\"Curiosidades_y_hechos_principales\"><\/span>Curiosidades y hechos principales<span class=\"ez-toc-section-end\"><\/span><\/h2>\n<ul>\n<li>El remolino es una zona del cabello que crece en una direcci\u00f3n diferente al resto del cabello.<\/li>\n<li>El remolino es una caracter\u00edstica com\u00fan en la mayor\u00eda de las personas.<\/li>\n<li>La calvicie es una p\u00e9rdida anormal del cabello en el cuero cabelludo.<\/li>\n<li>La calvicie afecta tanto a hombres como mujeres.<\/li>\n<li>Existen diferentes tipos de calvicie, como la alopecia androgen\u00e9tica, la alopecia areata y la alopecia por tracci\u00f3n.<\/li>\n<\/ul>\n<h2><span class=\"ez-toc-section\" id=\"Mi_experiencia_personal\"><\/span>Mi experiencia personal<span class=\"ez-toc-section-end\"><\/span><\/h2>\n<p>Cuando era adolescente, me di cuenta de que ten\u00eda un remolino en la parte superior de mi cabeza. Al principio, no le di mucha importancia, pero con el tiempo empec\u00e9 a notar que la zona del remolino estaba cada vez m\u00e1s despoblada.<\/p>\n<p>Despu\u00e9s de buscar informaci\u00f3n en internet, descubr\u00ed que podr\u00eda ser un signo de calvicie. As\u00ed que decid\u00ed acudir a un especialista para que me hiciera un diagn\u00f3stico. Afortunadamente, en mi caso se trataba solo de un remolino y no de calvicie.<\/p>\n<h2><span class=\"ez-toc-section\" id=\"%C2%BFComo_saber_si_es_remolino_o_calvicie\"><\/span>\u00bfC\u00f3mo saber si es remolino o calvicie?<span class=\"ez-toc-section-end\"><\/span><\/h2>\n<p>Si tienes dudas sobre si tu remolino es normal o es una se\u00f1al de calvicie, te recomendamos que acudas a un especialista. Un dermat\u00f3logo o un tric\u00f3logo pueden hacer un diagn\u00f3stico preciso.<\/p>\n<p>Adem\u00e1s, puedes fijarte en algunos s\u00edntomas que pueden indicar que se trata de calvicie:<\/p>\n<ul>\n<li>P\u00e9rdida excesiva de cabello.<\/li>\n<li>Aparici\u00f3n de parches sin cabello en el cuero cabelludo.<\/li>\n<li>Fin del cabello en forma de V en la frente.<\/li>\n<li>Cabello cada vez m\u00e1s fino y d\u00e9bil.<\/li>\n<\/ul>\n<h2><span class=\"ez-toc-section\" id=\"Tipos_de_calvicie\"><\/span>Tipos de calvicie<span class=\"ez-toc-section-end\"><\/span><\/h2>\n<p>Como mencionamos anteriormente, existen diferentes tipos de calvicie. A continuaci\u00f3n, te explicamos los m\u00e1s comunes:<\/p>\n<h3><span class=\"ez-toc-section\" id=\"Alopecia_androgenetica\"><\/span>Alopecia androgen\u00e9tica<span class=\"ez-toc-section-end\"><\/span><\/h3>\n<p>Es la forma m\u00e1s com\u00fan de calvicie en hombres y mujeres. Se produce por una combinaci\u00f3n de factores hormonales y gen\u00e9ticos. Los s\u00edntomas incluyen una l\u00ednea de cabello cada vez m\u00e1s retrocedida y una disminuci\u00f3n en la densidad del cabello en la parte superior del cuero cabelludo.<\/p>\n<h3><span class=\"ez-toc-section\" id=\"Alopecia_areata\"><\/span>Alopecia areata<span class=\"ez-toc-section-end\"><\/span><\/h3>\n<p>Es una enfermedad autoinmunitaria que afecta a hombres y mujeres de todas las edades. Se caracteriza por la aparici\u00f3n repentina de parches sin cabello en el cuero cabelludo. En algunos casos, puede afectar tambi\u00e9n a las u\u00f1as.<\/p>\n<h3><span class=\"ez-toc-section\" id=\"Alopecia_por_traccion\"><\/span>Alopecia por tracci\u00f3n<span class=\"ez-toc-section-end\"><\/span><\/h3>\n<p>Es la p\u00e9rdida de cabello causada por la tensi\u00f3n constante en el cabello. Es com\u00fan en personas que llevan peinados apretados, como trenzas o coletas. Los s\u00edntomas incluyen la aparici\u00f3n de zonas sin cabello en la parte frontal y lateral del cuero cabelludo.<\/p>\n<h2><span class=\"ez-toc-section\" id=\"Preguntas_frecuentes\"><\/span>Preguntas frecuentes<span class=\"ez-toc-section-end\"><\/span><\/h2>\n<h3><span class=\"ez-toc-section\" id=\"%C2%BFEl_uso_de_gorras_o_sombreros_puede_causar_calvicie\"><\/span>\u00bfEl uso de gorras o sombreros puede causar calvicie?<span class=\"ez-toc-section-end\"><\/span><\/h3>\n<p>No necesariamente. El uso de gorras o sombreros no causa calvicie. Sin embargo, si se usan con frecuencia y de forma muy ajustada, pueden causar una tracci\u00f3n en el cabello que puede provocar alopecia por tracci\u00f3n.<\/p>\n<h3><span class=\"ez-toc-section\" id=\"%C2%BFLa_calvicie_es_hereditaria\"><\/span>\u00bfLa calvicie es hereditaria?<span class=\"ez-toc-section-end\"><\/span><\/h3>\n<p>S\u00ed, la calvicie puede ser hereditaria. La alopecia androgen\u00e9tica, por ejemplo, es causada por una combinaci\u00f3n de factores hormonales y gen\u00e9ticos.<\/p>\n<h3><span class=\"ez-toc-section\" id=\"%C2%BFExisten_tratamientos_para_la_calvicie\"><\/span>\u00bfExisten tratamientos para la calvicie?<span class=\"ez-toc-section-end\"><\/span><\/h3>\n<p>S\u00ed, existen diferentes tratamientos para la calvicie, como medicamentos, terapia con l\u00e1ser, trasplante de cabello y pelucas. Sin embargo, es importante que consultes con un especialista para que te recomiende el tratamiento m\u00e1s adecuado para tu caso.<\/p>\n<h3><span class=\"ez-toc-section\" id=\"%C2%BFLa_calvicie_afecta_solo_a_los_hombres\"><\/span>\u00bfLa calvicie afecta solo a los hombres?<span class=\"ez-toc-section-end\"><\/span><\/h3>\n<p>No, la calvicie tambi\u00e9n afecta a las mujeres. De hecho, se estima que el 40% de las mujeres experimentan alg\u00fan tipo de p\u00e9rdida de cabello a lo largo de su vida.<\/p>\n<h3><span class=\"ez-toc-section\" id=\"%C2%BFPuedo_prevenir_la_calvicie\"><\/span>\u00bfPuedo prevenir la calvicie?<span class=\"ez-toc-section-end\"><\/span><\/h3>\n<p>En algunos casos, la calvicie puede prevenirse con cambios en el estilo de vida, como una dieta equilibrada, ejercicio regular y el uso de productos para el cabello que fortalecen y estimulan el crecimiento del cabello. Sin embargo, si la calvicie es causada por factores hormonales o gen\u00e9ticos, puede ser m\u00e1s dif\u00edcil de prevenir.<\/p>\n","protected":false},"excerpt":{"rendered":"<p>C\u00f3mo saber si es remolino o calvicie \u00bfTe has preguntado alguna vez si el remolino que tienes en la cabeza es normal o es una se\u00f1al de calvicie? Pues no te preocupes, en este art\u00edculo te explicaremos todo lo que necesitas saber sobre el remolino y la calvicie. Curiosidades y hechos principales El remolino es &#8230; <a title=\"C\u00f3mo saber si es remolino o calvicie\" class=\"read-more\" href=\"https:\/\/dudasytextos.com\/como-saber\/como-saber-si-es-remolino-o-calvicie\/\" aria-label=\"M\u00e1s en C\u00f3mo saber si es remolino o calvicie\">Leer m\u00e1s<\/a><\/p>\n","protected":false},"author":1,"featured_media":0,"comment_status":"open","ping_status":"open","sticky":false,"template":"","format":"standard","meta":{"footnotes":""},"categories":[3],"tags":[],"class_list":["post-137478","post","type-post","status-publish","format-standard","hentry","category-como-saber"],"aioseo_notices":[],"aioseo_head":"\n\t\t<!-- All in One SEO 5.0.1.1 - aioseo.com -->\n\t<meta name=\"description\" content=\"C\u00f3mo saber si es remolino o calvicie \u00bfTe has preguntado alguna vez si el remolino que tienes en la cabeza es normal o es una se\u00f1al de calvicie? Pues no te preocupes, en este art\u00edculo te explicaremos todo lo que necesitas saber sobre el remolino y la calvicie. Curiosidades y hechos principales El remolino es\" \/>\n\t<meta name=\"robots\" content=\"max-snippet:-1, max-image-preview:large, max-video-preview:-1\" \/>\n\t<meta name=\"author\" content=\"Ana Gonz\u00e1lez\"\/>\n\t<link rel=\"canonical\" href=\"https:\/\/dudasytextos.com\/como-saber\/como-saber-si-es-remolino-o-calvicie\/\" \/>\n\t<meta name=\"generator\" content=\"All in One SEO (AIOSEO) 5.0.1.1\" \/>\n\n\t\t<!-- Google tag (gtag.js) -->\n<script async src=\"https:\/\/www.googletagmanager.com\/gtag\/js?id=G-70CBWDK9PY\"><\/script>\n<script>\n  window.dataLayer = window.dataLayer || [];\n  function gtag(){dataLayer.push(arguments);}\n  gtag('js', new Date());\n\n  gtag('config', 'G-70CBWDK9PY');\n<\/script>\n<script async src=\"https:\/\/pagead2.googlesyndication.com\/pagead\/js\/adsbygoogle.js?client=ca-pub-3987500858204711\"\n     crossorigin=\"anonymous\"><\/script>\n\t\t<meta property=\"og:locale\" content=\"es_ES\" \/>\n\t\t<meta property=\"og:site_name\" content=\"\u00bfC\u00f3mo Saberlo? - \u00bfC\u00f3mo Saberlo?\" \/>\n\t\t<meta property=\"og:type\" content=\"article\" \/>\n\t\t<meta property=\"og:title\" content=\"C\u00f3mo saber si es remolino o calvicie (2026) \u00bfC\u00f3mo Saberlo?\" \/>\n\t\t<meta property=\"og:description\" content=\"C\u00f3mo saber si es remolino o calvicie \u00bfTe has preguntado alguna vez si el remolino que tienes en la cabeza es normal o es una se\u00f1al de calvicie? Pues no te preocupes, en este art\u00edculo te explicaremos todo lo que necesitas saber sobre el remolino y la calvicie. Curiosidades y hechos principales El remolino es\" \/>\n\t\t<meta property=\"og:url\" content=\"https:\/\/dudasytextos.com\/como-saber\/como-saber-si-es-remolino-o-calvicie\/\" \/>\n\t\t<meta property=\"article:published_time\" content=\"2025-03-10T16:04:25+00:00\" \/>\n\t\t<meta property=\"article:modified_time\" content=\"2025-03-12T23:59:08+00:00\" \/>\n\t\t<meta name=\"twitter:card\" content=\"summary_large_image\" \/>\n\t\t<meta name=\"twitter:title\" content=\"C\u00f3mo saber si es remolino o calvicie (2026) \u00bfC\u00f3mo Saberlo?\" \/>\n\t\t<meta name=\"twitter:description\" content=\"C\u00f3mo saber si es remolino o calvicie \u00bfTe has preguntado alguna vez si el remolino que tienes en la cabeza es normal o es una se\u00f1al de calvicie? Pues no te preocupes, en este art\u00edculo te explicaremos todo lo que necesitas saber sobre el remolino y la calvicie. Curiosidades y hechos principales El remolino es\" \/>\n\t\t<script type=\"application\/ld+json\" class=\"aioseo-schema\">\n\t\t\t{\"@context\":\"https:\\\/\\\/schema.org\",\"@graph\":[{\"@type\":\"BlogPosting\",\"@id\":\"https:\\\/\\\/dudasytextos.com\\\/como-saber\\\/como-saber-si-es-remolino-o-calvicie\\\/#blogposting\",\"name\":\"C\\u00f3mo saber si es remolino o calvicie (2026) \\u00bfC\\u00f3mo Saberlo?\",\"headline\":\"C\\u00f3mo saber si es remolino o calvicie\",\"author\":{\"@id\":\"https:\\\/\\\/dudasytextos.com\\\/como-saber\\\/author\\\/admin23\\\/#author\"},\"publisher\":{\"@id\":\"https:\\\/\\\/dudasytextos.com\\\/como-saber\\\/#organization\"},\"datePublished\":\"2025-03-10T16:04:25+00:00\",\"dateModified\":\"2025-03-12T23:59:08+00:00\",\"inLanguage\":\"es-ES\",\"mainEntityOfPage\":{\"@id\":\"https:\\\/\\\/dudasytextos.com\\\/como-saber\\\/como-saber-si-es-remolino-o-calvicie\\\/#webpage\"},\"isPartOf\":{\"@id\":\"https:\\\/\\\/dudasytextos.com\\\/como-saber\\\/como-saber-si-es-remolino-o-calvicie\\\/#webpage\"},\"articleSection\":\"\\u00bfC\\u00f3mo saber?\"},{\"@type\":\"BreadcrumbList\",\"@id\":\"https:\\\/\\\/dudasytextos.com\\\/como-saber\\\/como-saber-si-es-remolino-o-calvicie\\\/#breadcrumblist\",\"itemListElement\":[{\"@type\":\"ListItem\",\"@id\":\"https:\\\/\\\/dudasytextos.com\\\/como-saber#listItem\",\"position\":1,\"name\":\"Home\",\"item\":\"https:\\\/\\\/dudasytextos.com\\\/como-saber\",\"nextItem\":{\"@type\":\"ListItem\",\"@id\":\"https:\\\/\\\/dudasytextos.com\\\/como-saber\\\/category\\\/como-saber\\\/#listItem\",\"name\":\"\\u00bfC\\u00f3mo saber?\"}},{\"@type\":\"ListItem\",\"@id\":\"https:\\\/\\\/dudasytextos.com\\\/como-saber\\\/category\\\/como-saber\\\/#listItem\",\"position\":2,\"name\":\"\\u00bfC\\u00f3mo saber?\",\"item\":\"https:\\\/\\\/dudasytextos.com\\\/como-saber\\\/category\\\/como-saber\\\/\",\"nextItem\":{\"@type\":\"ListItem\",\"@id\":\"https:\\\/\\\/dudasytextos.com\\\/como-saber\\\/como-saber-si-es-remolino-o-calvicie\\\/#listItem\",\"name\":\"C\\u00f3mo saber si es remolino o calvicie\"},\"previousItem\":{\"@type\":\"ListItem\",\"@id\":\"https:\\\/\\\/dudasytextos.com\\\/como-saber#listItem\",\"name\":\"Home\"}},{\"@type\":\"ListItem\",\"@id\":\"https:\\\/\\\/dudasytextos.com\\\/como-saber\\\/como-saber-si-es-remolino-o-calvicie\\\/#listItem\",\"position\":3,\"name\":\"C\\u00f3mo saber si es remolino o calvicie\",\"previousItem\":{\"@type\":\"ListItem\",\"@id\":\"https:\\\/\\\/dudasytextos.com\\\/como-saber\\\/category\\\/como-saber\\\/#listItem\",\"name\":\"\\u00bfC\\u00f3mo saber?\"}}]},{\"@type\":\"Organization\",\"@id\":\"https:\\\/\\\/dudasytextos.com\\\/como-saber\\\/#organization\",\"name\":\"Recipes\",\"description\":\"\\u00bfC\\u00f3mo Saberlo?\",\"url\":\"https:\\\/\\\/dudasytextos.com\\\/como-saber\\\/\"},{\"@type\":\"Person\",\"@id\":\"https:\\\/\\\/dudasytextos.com\\\/como-saber\\\/author\\\/admin23\\\/#author\",\"url\":\"https:\\\/\\\/dudasytextos.com\\\/como-saber\\\/author\\\/admin23\\\/\",\"name\":\"Ana Gonz\\u00e1lez\"},{\"@type\":\"WebPage\",\"@id\":\"https:\\\/\\\/dudasytextos.com\\\/como-saber\\\/como-saber-si-es-remolino-o-calvicie\\\/#webpage\",\"url\":\"https:\\\/\\\/dudasytextos.com\\\/como-saber\\\/como-saber-si-es-remolino-o-calvicie\\\/\",\"name\":\"C\\u00f3mo saber si es remolino o calvicie (2026) \\u00bfC\\u00f3mo Saberlo?\",\"description\":\"C\\u00f3mo saber si es remolino o calvicie \\u00bfTe has preguntado alguna vez si el remolino que tienes en la cabeza es normal o es una se\\u00f1al de calvicie? Pues no te preocupes, en este art\\u00edculo te explicaremos todo lo que necesitas saber sobre el remolino y la calvicie. Curiosidades y hechos principales El remolino es\",\"inLanguage\":\"es-ES\",\"isPartOf\":{\"@id\":\"https:\\\/\\\/dudasytextos.com\\\/como-saber\\\/#website\"},\"breadcrumb\":{\"@id\":\"https:\\\/\\\/dudasytextos.com\\\/como-saber\\\/como-saber-si-es-remolino-o-calvicie\\\/#breadcrumblist\"},\"author\":{\"@id\":\"https:\\\/\\\/dudasytextos.com\\\/como-saber\\\/author\\\/admin23\\\/#author\"},\"creator\":{\"@id\":\"https:\\\/\\\/dudasytextos.com\\\/como-saber\\\/author\\\/admin23\\\/#author\"},\"datePublished\":\"2025-03-10T16:04:25+00:00\",\"dateModified\":\"2025-03-12T23:59:08+00:00\"},{\"@type\":\"WebSite\",\"@id\":\"https:\\\/\\\/dudasytextos.com\\\/como-saber\\\/#website\",\"url\":\"https:\\\/\\\/dudasytextos.com\\\/como-saber\\\/\",\"name\":\"Recipes\",\"description\":\"\\u00bfC\\u00f3mo Saberlo?\",\"inLanguage\":\"es-ES\",\"publisher\":{\"@id\":\"https:\\\/\\\/dudasytextos.com\\\/como-saber\\\/#organization\"}}]}\n\t\t<\/script>\n\t\t<!-- All in One SEO -->\n\n","aioseo_head_json":{"title":"C\u00f3mo saber si es remolino o calvicie (2026) \u00bfC\u00f3mo Saberlo?","description":"C\u00f3mo saber si es remolino o calvicie \u00bfTe has preguntado alguna vez si el remolino que tienes en la cabeza es normal o es una se\u00f1al de calvicie? Pues no te preocupes, en este art\u00edculo te explicaremos todo lo que necesitas saber sobre el remolino y la calvicie. Curiosidades y hechos principales El remolino es","canonical_url":"https:\/\/dudasytextos.com\/como-saber\/como-saber-si-es-remolino-o-calvicie\/","robots":"max-snippet:-1, max-image-preview:large, max-video-preview:-1","keywords":"","webmasterTools":{"miscellaneous":"&lt;!-- Google tag (gtag.js) --&gt;\n&lt;script async src=\"https:\/\/www.googletagmanager.com\/gtag\/js?id=G-70CBWDK9PY\"&gt;&lt;\/script&gt;\n&lt;script&gt;\n  window.dataLayer = window.dataLayer || [];\n  function gtag(){dataLayer.push(arguments);}\n  gtag('js', new Date());\n\n  gtag('config', 'G-70CBWDK9PY');\n&lt;\/script&gt;\n&lt;script async src=\"https:\/\/pagead2.googlesyndication.com\/pagead\/js\/adsbygoogle.js?client=ca-pub-3987500858204711\"\n     crossorigin=\"anonymous\"&gt;&lt;\/script&gt;"},"schema":{"@context":"https:\/\/schema.org","@graph":[{"@type":"BlogPosting","@id":"https:\/\/dudasytextos.com\/como-saber\/como-saber-si-es-remolino-o-calvicie\/#blogposting","name":"C\u00f3mo saber si es remolino o calvicie (2026) \u00bfC\u00f3mo Saberlo?","headline":"C\u00f3mo saber si es remolino o calvicie","author":{"@id":"https:\/\/dudasytextos.com\/como-saber\/author\/admin23\/#author"},"publisher":{"@id":"https:\/\/dudasytextos.com\/como-saber\/#organization"},"datePublished":"2025-03-10T16:04:25+00:00","dateModified":"2025-03-12T23:59:08+00:00","inLanguage":"es-ES","mainEntityOfPage":{"@id":"https:\/\/dudasytextos.com\/como-saber\/como-saber-si-es-remolino-o-calvicie\/#webpage"},"isPartOf":{"@id":"https:\/\/dudasytextos.com\/como-saber\/como-saber-si-es-remolino-o-calvicie\/#webpage"},"articleSection":"\u00bfC\u00f3mo saber?"},{"@type":"BreadcrumbList","@id":"https:\/\/dudasytextos.com\/como-saber\/como-saber-si-es-remolino-o-calvicie\/#breadcrumblist","itemListElement":[{"@type":"ListItem","@id":"https:\/\/dudasytextos.com\/como-saber#listItem","position":1,"name":"Home","item":"https:\/\/dudasytextos.com\/como-saber","nextItem":{"@type":"ListItem","@id":"https:\/\/dudasytextos.com\/como-saber\/category\/como-saber\/#listItem","name":"\u00bfC\u00f3mo saber?"}},{"@type":"ListItem","@id":"https:\/\/dudasytextos.com\/como-saber\/category\/como-saber\/#listItem","position":2,"name":"\u00bfC\u00f3mo saber?","item":"https:\/\/dudasytextos.com\/como-saber\/category\/como-saber\/","nextItem":{"@type":"ListItem","@id":"https:\/\/dudasytextos.com\/como-saber\/como-saber-si-es-remolino-o-calvicie\/#listItem","name":"C\u00f3mo saber si es remolino o calvicie"},"previousItem":{"@type":"ListItem","@id":"https:\/\/dudasytextos.com\/como-saber#listItem","name":"Home"}},{"@type":"ListItem","@id":"https:\/\/dudasytextos.com\/como-saber\/como-saber-si-es-remolino-o-calvicie\/#listItem","position":3,"name":"C\u00f3mo saber si es remolino o calvicie","previousItem":{"@type":"ListItem","@id":"https:\/\/dudasytextos.com\/como-saber\/category\/como-saber\/#listItem","name":"\u00bfC\u00f3mo saber?"}}]},{"@type":"Organization","@id":"https:\/\/dudasytextos.com\/como-saber\/#organization","name":"Recipes","description":"\u00bfC\u00f3mo Saberlo?","url":"https:\/\/dudasytextos.com\/como-saber\/"},{"@type":"Person","@id":"https:\/\/dudasytextos.com\/como-saber\/author\/admin23\/#author","url":"https:\/\/dudasytextos.com\/como-saber\/author\/admin23\/","name":"Ana Gonz\u00e1lez"},{"@type":"WebPage","@id":"https:\/\/dudasytextos.com\/como-saber\/como-saber-si-es-remolino-o-calvicie\/#webpage","url":"https:\/\/dudasytextos.com\/como-saber\/como-saber-si-es-remolino-o-calvicie\/","name":"C\u00f3mo saber si es remolino o calvicie (2026) \u00bfC\u00f3mo Saberlo?","description":"C\u00f3mo saber si es remolino o calvicie \u00bfTe has preguntado alguna vez si el remolino que tienes en la cabeza es normal o es una se\u00f1al de calvicie? Pues no te preocupes, en este art\u00edculo te explicaremos todo lo que necesitas saber sobre el remolino y la calvicie. Curiosidades y hechos principales El remolino es","inLanguage":"es-ES","isPartOf":{"@id":"https:\/\/dudasytextos.com\/como-saber\/#website"},"breadcrumb":{"@id":"https:\/\/dudasytextos.com\/como-saber\/como-saber-si-es-remolino-o-calvicie\/#breadcrumblist"},"author":{"@id":"https:\/\/dudasytextos.com\/como-saber\/author\/admin23\/#author"},"creator":{"@id":"https:\/\/dudasytextos.com\/como-saber\/author\/admin23\/#author"},"datePublished":"2025-03-10T16:04:25+00:00","dateModified":"2025-03-12T23:59:08+00:00"},{"@type":"WebSite","@id":"https:\/\/dudasytextos.com\/como-saber\/#website","url":"https:\/\/dudasytextos.com\/como-saber\/","name":"Recipes","description":"\u00bfC\u00f3mo Saberlo?","inLanguage":"es-ES","publisher":{"@id":"https:\/\/dudasytextos.com\/como-saber\/#organization"}}]},"og:locale":"es_ES","og:site_name":"\u00bfC\u00f3mo Saberlo? - \u00bfC\u00f3mo Saberlo?","og:type":"article","og:title":"C\u00f3mo saber si es remolino o calvicie (2026) \u00bfC\u00f3mo Saberlo?","og:description":"C\u00f3mo saber si es remolino o calvicie \u00bfTe has preguntado alguna vez si el remolino que tienes en la cabeza es normal o es una se\u00f1al de calvicie? Pues no te preocupes, en este art\u00edculo te explicaremos todo lo que necesitas saber sobre el remolino y la calvicie. Curiosidades y hechos principales El remolino es","og:url":"https:\/\/dudasytextos.com\/como-saber\/como-saber-si-es-remolino-o-calvicie\/","article:published_time":"2025-03-10T16:04:25+00:00","article:modified_time":"2025-03-12T23:59:08+00:00","twitter:card":"summary_large_image","twitter:title":"C\u00f3mo saber si es remolino o calvicie (2026) \u00bfC\u00f3mo Saberlo?","twitter:description":"C\u00f3mo saber si es remolino o calvicie \u00bfTe has preguntado alguna vez si el remolino que tienes en la cabeza es normal o es una se\u00f1al de calvicie? Pues no te preocupes, en este art\u00edculo te explicaremos todo lo que necesitas saber sobre el remolino y la calvicie. Curiosidades y hechos principales El remolino es"},"aioseo_meta_data":{"post_id":"137478","title":null,"description":null,"keywords":null,"keyphrases":null,"primary_term":null,"canonical_url":null,"og_title":null,"og_description":null,"og_object_type":"default","og_image_type":"default","og_image_url":null,"og_image_width":null,"og_image_height":null,"og_image_custom_url":null,"og_image_custom_fields":null,"og_video":null,"og_custom_url":null,"og_article_section":null,"og_article_tags":null,"twitter_use_og":false,"twitter_card":"default","twitter_image_type":"default","twitter_image_url":null,"twitter_image_custom_url":null,"twitter_image_custom_fields":null,"twitter_title":null,"twitter_description":null,"schema":{"blockGraphs":[],"customGraphs":[],"default":{"data":{"Article":[],"Course":[],"Dataset":[],"FAQPage":[],"Movie":[],"Person":[],"Product":[],"ProductReview":[],"Car":[],"Recipe":[],"Service":[],"SoftwareApplication":[],"WebPage":[]},"graphName":"","isEnabled":true},"graphs":[]},"schema_type":"default","schema_type_options":null,"pillar_content":false,"robots_default":true,"robots_noindex":false,"robots_noarchive":false,"robots_nosnippet":false,"robots_nofollow":false,"robots_noimageindex":false,"robots_noodp":false,"robots_notranslate":false,"robots_max_snippet":null,"robots_max_videopreview":null,"robots_max_imagepreview":"large","priority":null,"frequency":null,"local_seo":null,"breadcrumb_settings":null,"limit_modified_date":false,"ai":null,"created":"2023-04-30 23:13:26","updated":"2025-06-04 16:02:29","seo_analyzer_scan_date":null,"focus_keyword":null,"additional_keywords":null,"truseo_locale":null},"aioseo_breadcrumb":"<div class=\"aioseo-breadcrumbs\"><span class=\"aioseo-breadcrumb\">\n\t\t\t<a href=\"https:\/\/dudasytextos.com\/como-saber\" title=\"Home\">Home<\/a>\n\t\t<\/span><span class=\"aioseo-breadcrumb-separator\">&raquo;<\/span><span class=\"aioseo-breadcrumb\">\n\t\t\t<a href=\"https:\/\/dudasytextos.com\/como-saber\/category\/como-saber\/\" title=\"\u00bfC\u00f3mo saber?\">\u00bfC\u00f3mo saber?<\/a>\n\t\t<\/span><span class=\"aioseo-breadcrumb-separator\">&raquo;<\/span><span class=\"aioseo-breadcrumb\">\n\t\t\tC\u00f3mo saber si es remolino o calvicie\n\t\t<\/span><\/div>","aioseo_breadcrumb_json":[{"label":"Home","link":"https:\/\/dudasytextos.com\/como-saber"},{"label":"\u00bfC\u00f3mo saber?","link":"https:\/\/dudasytextos.com\/como-saber\/category\/como-saber\/"},{"label":"C\u00f3mo saber si es remolino o calvicie","link":"https:\/\/dudasytextos.com\/como-saber\/como-saber-si-es-remolino-o-calvicie\/"}],"_links":{"self":[{"href":"https:\/\/dudasytextos.com\/como-saber\/wp-json\/wp\/v2\/posts\/137478","targetHints":{"allow":["GET"]}}],"collection":[{"href":"https:\/\/dudasytextos.com\/como-saber\/wp-json\/wp\/v2\/posts"}],"about":[{"href":"https:\/\/dudasytextos.com\/como-saber\/wp-json\/wp\/v2\/types\/post"}],"author":[{"embeddable":true,"href":"https:\/\/dudasytextos.com\/como-saber\/wp-json\/wp\/v2\/users\/1"}],"replies":[{"embeddable":true,"href":"https:\/\/dudasytextos.com\/como-saber\/wp-json\/wp\/v2\/comments?post=137478"}],"version-history":[{"count":1,"href":"https:\/\/dudasytextos.com\/como-saber\/wp-json\/wp\/v2\/posts\/137478\/revisions"}],"predecessor-version":[{"id":138523,"href":"https:\/\/dudasytextos.com\/como-saber\/wp-json\/wp\/v2\/posts\/137478\/revisions\/138523"}],"wp:attachment":[{"href":"https:\/\/dudasytextos.com\/como-saber\/wp-json\/wp\/v2\/media?parent=137478"}],"wp:term":[{"taxonomy":"category","embeddable":true,"href":"https:\/\/dudasytextos.com\/como-saber\/wp-json\/wp\/v2\/categories?post=137478"},{"taxonomy":"post_tag","embeddable":true,"href":"https:\/\/dudasytextos.com\/como-saber\/wp-json\/wp\/v2\/tags?post=137478"}],"curies":[{"name":"wp","href":"https:\/\/api.w.org\/{rel}","templated":true}]}}