{"id":137804,"date":"2025-03-03T17:26:42","date_gmt":"2025-03-03T17:26:42","guid":{"rendered":"https:\/\/educacion.cc\/?p=137804"},"modified":"2025-03-13T05:39:47","modified_gmt":"2025-03-13T05:39:47","slug":"como-saber-el-paro-que-tengo-acumulado","status":"publish","type":"post","link":"https:\/\/dudasytextos.com\/como-saber\/como-saber-el-paro-que-tengo-acumulado\/","title":{"rendered":"C\u00f3mo saber el paro que tengo acumulado"},"content":{"rendered":"<div id=\"ez-toc-container\" class=\"ez-toc-v2_0_87 counter-hierarchy ez-toc-counter ez-toc-custom ez-toc-container-direction\">\n<div class=\"ez-toc-title-container\">\n<span class=\"ez-toc-title-toggle\"><\/span><\/div>\n<nav><ul class='ez-toc-list ez-toc-list-level-1 ' ><li class='ez-toc-page-1 ez-toc-heading-level-2'><a class=\"ez-toc-link ez-toc-heading-1\" href=\"https:\/\/dudasytextos.com\/como-saber\/como-saber-el-paro-que-tengo-acumulado\/#Como_saber_el_paro_que_tengo_acumulado\" >C\u00f3mo saber el paro que tengo acumulado<\/a><\/li><li class='ez-toc-page-1 ez-toc-heading-level-2'><a class=\"ez-toc-link ez-toc-heading-2\" href=\"https:\/\/dudasytextos.com\/como-saber\/como-saber-el-paro-que-tengo-acumulado\/#Cosas_que_debes_saber_sobre_el_paro_acumulado\" >Cosas que debes saber sobre el paro acumulado<\/a><\/li><li class='ez-toc-page-1 ez-toc-heading-level-2'><a class=\"ez-toc-link ez-toc-heading-3\" href=\"https:\/\/dudasytextos.com\/como-saber\/como-saber-el-paro-que-tengo-acumulado\/#Como_consultar_el_paro_acumulado_en_el_SEPE\" >C\u00f3mo consultar el paro acumulado en el SEPE<\/a><\/li><li class='ez-toc-page-1 ez-toc-heading-level-2'><a class=\"ez-toc-link ez-toc-heading-4\" href=\"https:\/\/dudasytextos.com\/como-saber\/como-saber-el-paro-que-tengo-acumulado\/#Mi_experiencia_personal\" >Mi experiencia personal<\/a><\/li><li class='ez-toc-page-1 ez-toc-heading-level-2'><a class=\"ez-toc-link ez-toc-heading-5\" href=\"https:\/\/dudasytextos.com\/como-saber\/como-saber-el-paro-que-tengo-acumulado\/#Preguntas_frecuentes\" >Preguntas frecuentes<\/a><\/li><\/ul><\/nav><\/div>\n<h2><span class=\"ez-toc-section\" id=\"Como_saber_el_paro_que_tengo_acumulado\"><\/span>C\u00f3mo saber el paro que tengo acumulado<span class=\"ez-toc-section-end\"><\/span><\/h2>\n<p>Esta es una cuesti\u00f3n que preocupa a muchas personas en Espa\u00f1a. Ya sea porque han perdido su trabajo o porque quieren estar preparados en caso de que esto suceda, conocer el paro acumulado es una informaci\u00f3n importante para cualquier trabajador.<\/p>\n<section>\n<h2><span class=\"ez-toc-section\" id=\"Cosas_que_debes_saber_sobre_el_paro_acumulado\"><\/span>Cosas que debes saber sobre el paro acumulado<span class=\"ez-toc-section-end\"><\/span><\/h2>\n<ul>\n<li>El paro acumulado es el dinero que has cotizado a la Seguridad Social y que te corresponde como prestaci\u00f3n por desempleo en caso de perder tu trabajo.<\/li>\n<li>Para saber cu\u00e1nto paro tienes acumulado, debes acceder a la p\u00e1gina web del Servicio P\u00fablico de Empleo Estatal (SEPE) y consultar tu historial de prestaciones.<\/li>\n<li>Es importante que compruebes con regularidad cu\u00e1nto paro tienes acumulado, ya que este importe puede variar en funci\u00f3n de las cotizaciones que realices.<\/li>\n<li>Si tienes derecho a una prestaci\u00f3n por desempleo, podr\u00e1s solicitarla en el momento en que te quedes sin trabajo. La duraci\u00f3n y la cantidad de la prestaci\u00f3n depender\u00e1n de tu historial de cotizaciones.<\/li>\n<\/ul>\n<\/section>\n<section>\n<h2><span class=\"ez-toc-section\" id=\"Como_consultar_el_paro_acumulado_en_el_SEPE\"><\/span>C\u00f3mo consultar el paro acumulado en el SEPE<span class=\"ez-toc-section-end\"><\/span><\/h2>\n<p>Para acceder a tu historial de prestaciones en el SEPE y consultar el paro acumulado, debes seguir los siguientes pasos:<\/p>\n<ul>\n<li>Accede a la p\u00e1gina web del SEPE (<a href=https:\/\/sede.sepe.gob.es>https:\/\/sede.sepe.gob.es<\/a>) y haz clic en Personas en el men\u00fa principal.<\/li>\n<li>Selecciona la opci\u00f3n Consultas y despu\u00e9s Prestaciones y subsidios.<\/li>\n<li>Introduce tu DNI o NIE y tu fecha de nacimiento, y haz clic en Aceptar.<\/li>\n<li>En la siguiente pantalla, haz clic en Consulta de prestaciones con certificado digital o Consulta de prestaciones sin certificado digital, seg\u00fan el m\u00e9todo que prefieras para identificarte.<\/li>\n<li>Una vez dentro, podr\u00e1s ver tu historial de prestaciones y el importe de tu paro acumulado.<\/li>\n<\/ul>\n<\/section>\n<section>\n<h2><span class=\"ez-toc-section\" id=\"Mi_experiencia_personal\"><\/span>Mi experiencia personal<span class=\"ez-toc-section-end\"><\/span><\/h2>\n<p>Perd\u00ed mi trabajo hace unos meses y, aunque ten\u00eda una idea aproximada de cu\u00e1nto paro ten\u00eda acumulado, decid\u00ed consultar mi historial de prestaciones en el SEPE para estar seguro.<\/p>\n<p>El proceso fue bastante sencillo y en menos de cinco minutos pude comprobar cu\u00e1nto paro ten\u00eda acumulado y cu\u00e1nto tiempo me correspond\u00eda de prestaci\u00f3n. Esto me dio la tranquilidad de saber que ten\u00eda un colch\u00f3n econ\u00f3mico para afrontar mi situaci\u00f3n de desempleo.<\/p>\n<\/section>\n<section>\n<h2><span class=\"ez-toc-section\" id=\"Preguntas_frecuentes\"><\/span>Preguntas frecuentes<span class=\"ez-toc-section-end\"><\/span><\/h2>\n<dl>\n<dt>\u00bfPuedo consultar el paro acumulado en persona?<\/dt>\n<dd>No, actualmente la \u00fanica forma de consultar el paro acumulado es a trav\u00e9s de la p\u00e1gina web del SEPE.<\/dd>\n<dt>\u00bfCu\u00e1nto tiempo tarda en actualizarse el paro acumulado?<\/dt>\n<dd>El paro acumulado se actualiza mensualmente, por lo que es recomendable consultar tu historial de prestaciones con regularidad para estar al tanto de cualquier cambio.<\/dd>\n<dt>\u00bfPuedo solicitar la prestaci\u00f3n por desempleo si no tengo suficiente paro acumulado?<\/dt>\n<dd>No, para poder solicitar la prestaci\u00f3n por desempleo es necesario tener acumulado un m\u00ednimo de 360 d\u00edas cotizados en los \u00faltimos seis a\u00f1os.<\/dd>\n<\/dl>\n<\/section>\n","protected":false},"excerpt":{"rendered":"<p>C\u00f3mo saber el paro que tengo acumulado Esta es una cuesti\u00f3n que preocupa a muchas personas en Espa\u00f1a. Ya sea porque han perdido su trabajo o porque quieren estar preparados en caso de que esto suceda, conocer el paro acumulado es una informaci\u00f3n importante para cualquier trabajador. Cosas que debes saber sobre el paro acumulado &#8230; <a title=\"C\u00f3mo saber el paro que tengo acumulado\" class=\"read-more\" href=\"https:\/\/dudasytextos.com\/como-saber\/como-saber-el-paro-que-tengo-acumulado\/\" aria-label=\"M\u00e1s en C\u00f3mo saber el paro que tengo acumulado\">Leer m\u00e1s<\/a><\/p>\n","protected":false},"author":1,"featured_media":0,"comment_status":"open","ping_status":"open","sticky":false,"template":"","format":"standard","meta":{"footnotes":""},"categories":[10,3],"tags":[],"class_list":["post-137804","post","type-post","status-publish","format-standard","hentry","category-paro","category-como-saber"],"aioseo_notices":[],"aioseo_head":"\n\t\t<!-- All in One SEO 5.0.1.1 - aioseo.com -->\n\t<meta name=\"description\" content=\"C\u00f3mo saber el paro que tengo acumulado Esta es una cuesti\u00f3n que preocupa a muchas personas en Espa\u00f1a. Ya sea porque han perdido su trabajo o porque quieren estar preparados en caso de que esto suceda, conocer el paro acumulado es una informaci\u00f3n importante para cualquier trabajador. Cosas que debes saber sobre el paro acumulado\" \/>\n\t<meta name=\"robots\" content=\"max-snippet:-1, max-image-preview:large, max-video-preview:-1\" \/>\n\t<meta name=\"author\" content=\"Ana Gonz\u00e1lez\"\/>\n\t<link rel=\"canonical\" href=\"https:\/\/dudasytextos.com\/como-saber\/como-saber-el-paro-que-tengo-acumulado\/\" \/>\n\t<meta name=\"generator\" content=\"All in One SEO (AIOSEO) 5.0.1.1\" \/>\n\n\t\t<!-- Google tag (gtag.js) -->\n<script async src=\"https:\/\/www.googletagmanager.com\/gtag\/js?id=G-70CBWDK9PY\"><\/script>\n<script>\n  window.dataLayer = window.dataLayer || [];\n  function gtag(){dataLayer.push(arguments);}\n  gtag('js', new Date());\n\n  gtag('config', 'G-70CBWDK9PY');\n<\/script>\n<script async src=\"https:\/\/pagead2.googlesyndication.com\/pagead\/js\/adsbygoogle.js?client=ca-pub-3987500858204711\"\n     crossorigin=\"anonymous\"><\/script>\n\t\t<meta property=\"og:locale\" content=\"es_ES\" \/>\n\t\t<meta property=\"og:site_name\" content=\"\u00bfC\u00f3mo Saberlo? - \u00bfC\u00f3mo Saberlo?\" \/>\n\t\t<meta property=\"og:type\" content=\"article\" \/>\n\t\t<meta property=\"og:title\" content=\"C\u00f3mo saber el paro que tengo acumulado (2026) \u00bfC\u00f3mo Saberlo?\" \/>\n\t\t<meta property=\"og:description\" content=\"C\u00f3mo saber el paro que tengo acumulado Esta es una cuesti\u00f3n que preocupa a muchas personas en Espa\u00f1a. Ya sea porque han perdido su trabajo o porque quieren estar preparados en caso de que esto suceda, conocer el paro acumulado es una informaci\u00f3n importante para cualquier trabajador. Cosas que debes saber sobre el paro acumulado\" \/>\n\t\t<meta property=\"og:url\" content=\"https:\/\/dudasytextos.com\/como-saber\/como-saber-el-paro-que-tengo-acumulado\/\" \/>\n\t\t<meta property=\"article:published_time\" content=\"2025-03-03T17:26:42+00:00\" \/>\n\t\t<meta property=\"article:modified_time\" content=\"2025-03-13T05:39:47+00:00\" \/>\n\t\t<meta name=\"twitter:card\" content=\"summary_large_image\" \/>\n\t\t<meta name=\"twitter:title\" content=\"C\u00f3mo saber el paro que tengo acumulado (2026) \u00bfC\u00f3mo Saberlo?\" \/>\n\t\t<meta name=\"twitter:description\" content=\"C\u00f3mo saber el paro que tengo acumulado Esta es una cuesti\u00f3n que preocupa a muchas personas en Espa\u00f1a. Ya sea porque han perdido su trabajo o porque quieren estar preparados en caso de que esto suceda, conocer el paro acumulado es una informaci\u00f3n importante para cualquier trabajador. Cosas que debes saber sobre el paro acumulado\" \/>\n\t\t<script type=\"application\/ld+json\" class=\"aioseo-schema\">\n\t\t\t{\"@context\":\"https:\\\/\\\/schema.org\",\"@graph\":[{\"@type\":\"BlogPosting\",\"@id\":\"https:\\\/\\\/dudasytextos.com\\\/como-saber\\\/como-saber-el-paro-que-tengo-acumulado\\\/#blogposting\",\"name\":\"C\\u00f3mo saber el paro que tengo acumulado (2026) \\u00bfC\\u00f3mo Saberlo?\",\"headline\":\"C\\u00f3mo saber el paro que tengo acumulado\",\"author\":{\"@id\":\"https:\\\/\\\/dudasytextos.com\\\/como-saber\\\/author\\\/admin23\\\/#author\"},\"publisher\":{\"@id\":\"https:\\\/\\\/dudasytextos.com\\\/como-saber\\\/#organization\"},\"datePublished\":\"2025-03-03T17:26:42+00:00\",\"dateModified\":\"2025-03-13T05:39:47+00:00\",\"inLanguage\":\"es-ES\",\"mainEntityOfPage\":{\"@id\":\"https:\\\/\\\/dudasytextos.com\\\/como-saber\\\/como-saber-el-paro-que-tengo-acumulado\\\/#webpage\"},\"isPartOf\":{\"@id\":\"https:\\\/\\\/dudasytextos.com\\\/como-saber\\\/como-saber-el-paro-que-tengo-acumulado\\\/#webpage\"},\"articleSection\":\"Paro, \\u00bfC\\u00f3mo saber?\"},{\"@type\":\"BreadcrumbList\",\"@id\":\"https:\\\/\\\/dudasytextos.com\\\/como-saber\\\/como-saber-el-paro-que-tengo-acumulado\\\/#breadcrumblist\",\"itemListElement\":[{\"@type\":\"ListItem\",\"@id\":\"https:\\\/\\\/dudasytextos.com\\\/como-saber#listItem\",\"position\":1,\"name\":\"Home\",\"item\":\"https:\\\/\\\/dudasytextos.com\\\/como-saber\",\"nextItem\":{\"@type\":\"ListItem\",\"@id\":\"https:\\\/\\\/dudasytextos.com\\\/como-saber\\\/category\\\/como-saber\\\/#listItem\",\"name\":\"\\u00bfC\\u00f3mo saber?\"}},{\"@type\":\"ListItem\",\"@id\":\"https:\\\/\\\/dudasytextos.com\\\/como-saber\\\/category\\\/como-saber\\\/#listItem\",\"position\":2,\"name\":\"\\u00bfC\\u00f3mo saber?\",\"item\":\"https:\\\/\\\/dudasytextos.com\\\/como-saber\\\/category\\\/como-saber\\\/\",\"nextItem\":{\"@type\":\"ListItem\",\"@id\":\"https:\\\/\\\/dudasytextos.com\\\/como-saber\\\/como-saber-el-paro-que-tengo-acumulado\\\/#listItem\",\"name\":\"C\\u00f3mo saber el paro que tengo acumulado\"},\"previousItem\":{\"@type\":\"ListItem\",\"@id\":\"https:\\\/\\\/dudasytextos.com\\\/como-saber#listItem\",\"name\":\"Home\"}},{\"@type\":\"ListItem\",\"@id\":\"https:\\\/\\\/dudasytextos.com\\\/como-saber\\\/como-saber-el-paro-que-tengo-acumulado\\\/#listItem\",\"position\":3,\"name\":\"C\\u00f3mo saber el paro que tengo acumulado\",\"previousItem\":{\"@type\":\"ListItem\",\"@id\":\"https:\\\/\\\/dudasytextos.com\\\/como-saber\\\/category\\\/como-saber\\\/#listItem\",\"name\":\"\\u00bfC\\u00f3mo saber?\"}}]},{\"@type\":\"Organization\",\"@id\":\"https:\\\/\\\/dudasytextos.com\\\/como-saber\\\/#organization\",\"name\":\"Recipes\",\"description\":\"\\u00bfC\\u00f3mo Saberlo?\",\"url\":\"https:\\\/\\\/dudasytextos.com\\\/como-saber\\\/\"},{\"@type\":\"Person\",\"@id\":\"https:\\\/\\\/dudasytextos.com\\\/como-saber\\\/author\\\/admin23\\\/#author\",\"url\":\"https:\\\/\\\/dudasytextos.com\\\/como-saber\\\/author\\\/admin23\\\/\",\"name\":\"Ana Gonz\\u00e1lez\"},{\"@type\":\"WebPage\",\"@id\":\"https:\\\/\\\/dudasytextos.com\\\/como-saber\\\/como-saber-el-paro-que-tengo-acumulado\\\/#webpage\",\"url\":\"https:\\\/\\\/dudasytextos.com\\\/como-saber\\\/como-saber-el-paro-que-tengo-acumulado\\\/\",\"name\":\"C\\u00f3mo saber el paro que tengo acumulado (2026) \\u00bfC\\u00f3mo Saberlo?\",\"description\":\"C\\u00f3mo saber el paro que tengo acumulado Esta es una cuesti\\u00f3n que preocupa a muchas personas en Espa\\u00f1a. Ya sea porque han perdido su trabajo o porque quieren estar preparados en caso de que esto suceda, conocer el paro acumulado es una informaci\\u00f3n importante para cualquier trabajador. Cosas que debes saber sobre el paro acumulado\",\"inLanguage\":\"es-ES\",\"isPartOf\":{\"@id\":\"https:\\\/\\\/dudasytextos.com\\\/como-saber\\\/#website\"},\"breadcrumb\":{\"@id\":\"https:\\\/\\\/dudasytextos.com\\\/como-saber\\\/como-saber-el-paro-que-tengo-acumulado\\\/#breadcrumblist\"},\"author\":{\"@id\":\"https:\\\/\\\/dudasytextos.com\\\/como-saber\\\/author\\\/admin23\\\/#author\"},\"creator\":{\"@id\":\"https:\\\/\\\/dudasytextos.com\\\/como-saber\\\/author\\\/admin23\\\/#author\"},\"datePublished\":\"2025-03-03T17:26:42+00:00\",\"dateModified\":\"2025-03-13T05:39:47+00:00\"},{\"@type\":\"WebSite\",\"@id\":\"https:\\\/\\\/dudasytextos.com\\\/como-saber\\\/#website\",\"url\":\"https:\\\/\\\/dudasytextos.com\\\/como-saber\\\/\",\"name\":\"Recipes\",\"description\":\"\\u00bfC\\u00f3mo Saberlo?\",\"inLanguage\":\"es-ES\",\"publisher\":{\"@id\":\"https:\\\/\\\/dudasytextos.com\\\/como-saber\\\/#organization\"}}]}\n\t\t<\/script>\n\t\t<!-- All in One SEO -->\n\n","aioseo_head_json":{"title":"C\u00f3mo saber el paro que tengo acumulado (2026) \u00bfC\u00f3mo Saberlo?","description":"C\u00f3mo saber el paro que tengo acumulado Esta es una cuesti\u00f3n que preocupa a muchas personas en Espa\u00f1a. Ya sea porque han perdido su trabajo o porque quieren estar preparados en caso de que esto suceda, conocer el paro acumulado es una informaci\u00f3n importante para cualquier trabajador. Cosas que debes saber sobre el paro acumulado","canonical_url":"https:\/\/dudasytextos.com\/como-saber\/como-saber-el-paro-que-tengo-acumulado\/","robots":"max-snippet:-1, max-image-preview:large, max-video-preview:-1","keywords":"","webmasterTools":{"miscellaneous":"&lt;!-- Google tag (gtag.js) --&gt;\n&lt;script async src=\"https:\/\/www.googletagmanager.com\/gtag\/js?id=G-70CBWDK9PY\"&gt;&lt;\/script&gt;\n&lt;script&gt;\n  window.dataLayer = window.dataLayer || [];\n  function gtag(){dataLayer.push(arguments);}\n  gtag('js', new Date());\n\n  gtag('config', 'G-70CBWDK9PY');\n&lt;\/script&gt;\n&lt;script async src=\"https:\/\/pagead2.googlesyndication.com\/pagead\/js\/adsbygoogle.js?client=ca-pub-3987500858204711\"\n     crossorigin=\"anonymous\"&gt;&lt;\/script&gt;"},"schema":{"@context":"https:\/\/schema.org","@graph":[{"@type":"BlogPosting","@id":"https:\/\/dudasytextos.com\/como-saber\/como-saber-el-paro-que-tengo-acumulado\/#blogposting","name":"C\u00f3mo saber el paro que tengo acumulado (2026) \u00bfC\u00f3mo Saberlo?","headline":"C\u00f3mo saber el paro que tengo acumulado","author":{"@id":"https:\/\/dudasytextos.com\/como-saber\/author\/admin23\/#author"},"publisher":{"@id":"https:\/\/dudasytextos.com\/como-saber\/#organization"},"datePublished":"2025-03-03T17:26:42+00:00","dateModified":"2025-03-13T05:39:47+00:00","inLanguage":"es-ES","mainEntityOfPage":{"@id":"https:\/\/dudasytextos.com\/como-saber\/como-saber-el-paro-que-tengo-acumulado\/#webpage"},"isPartOf":{"@id":"https:\/\/dudasytextos.com\/como-saber\/como-saber-el-paro-que-tengo-acumulado\/#webpage"},"articleSection":"Paro, \u00bfC\u00f3mo saber?"},{"@type":"BreadcrumbList","@id":"https:\/\/dudasytextos.com\/como-saber\/como-saber-el-paro-que-tengo-acumulado\/#breadcrumblist","itemListElement":[{"@type":"ListItem","@id":"https:\/\/dudasytextos.com\/como-saber#listItem","position":1,"name":"Home","item":"https:\/\/dudasytextos.com\/como-saber","nextItem":{"@type":"ListItem","@id":"https:\/\/dudasytextos.com\/como-saber\/category\/como-saber\/#listItem","name":"\u00bfC\u00f3mo saber?"}},{"@type":"ListItem","@id":"https:\/\/dudasytextos.com\/como-saber\/category\/como-saber\/#listItem","position":2,"name":"\u00bfC\u00f3mo saber?","item":"https:\/\/dudasytextos.com\/como-saber\/category\/como-saber\/","nextItem":{"@type":"ListItem","@id":"https:\/\/dudasytextos.com\/como-saber\/como-saber-el-paro-que-tengo-acumulado\/#listItem","name":"C\u00f3mo saber el paro que tengo acumulado"},"previousItem":{"@type":"ListItem","@id":"https:\/\/dudasytextos.com\/como-saber#listItem","name":"Home"}},{"@type":"ListItem","@id":"https:\/\/dudasytextos.com\/como-saber\/como-saber-el-paro-que-tengo-acumulado\/#listItem","position":3,"name":"C\u00f3mo saber el paro que tengo acumulado","previousItem":{"@type":"ListItem","@id":"https:\/\/dudasytextos.com\/como-saber\/category\/como-saber\/#listItem","name":"\u00bfC\u00f3mo saber?"}}]},{"@type":"Organization","@id":"https:\/\/dudasytextos.com\/como-saber\/#organization","name":"Recipes","description":"\u00bfC\u00f3mo Saberlo?","url":"https:\/\/dudasytextos.com\/como-saber\/"},{"@type":"Person","@id":"https:\/\/dudasytextos.com\/como-saber\/author\/admin23\/#author","url":"https:\/\/dudasytextos.com\/como-saber\/author\/admin23\/","name":"Ana Gonz\u00e1lez"},{"@type":"WebPage","@id":"https:\/\/dudasytextos.com\/como-saber\/como-saber-el-paro-que-tengo-acumulado\/#webpage","url":"https:\/\/dudasytextos.com\/como-saber\/como-saber-el-paro-que-tengo-acumulado\/","name":"C\u00f3mo saber el paro que tengo acumulado (2026) \u00bfC\u00f3mo Saberlo?","description":"C\u00f3mo saber el paro que tengo acumulado Esta es una cuesti\u00f3n que preocupa a muchas personas en Espa\u00f1a. Ya sea porque han perdido su trabajo o porque quieren estar preparados en caso de que esto suceda, conocer el paro acumulado es una informaci\u00f3n importante para cualquier trabajador. Cosas que debes saber sobre el paro acumulado","inLanguage":"es-ES","isPartOf":{"@id":"https:\/\/dudasytextos.com\/como-saber\/#website"},"breadcrumb":{"@id":"https:\/\/dudasytextos.com\/como-saber\/como-saber-el-paro-que-tengo-acumulado\/#breadcrumblist"},"author":{"@id":"https:\/\/dudasytextos.com\/como-saber\/author\/admin23\/#author"},"creator":{"@id":"https:\/\/dudasytextos.com\/como-saber\/author\/admin23\/#author"},"datePublished":"2025-03-03T17:26:42+00:00","dateModified":"2025-03-13T05:39:47+00:00"},{"@type":"WebSite","@id":"https:\/\/dudasytextos.com\/como-saber\/#website","url":"https:\/\/dudasytextos.com\/como-saber\/","name":"Recipes","description":"\u00bfC\u00f3mo Saberlo?","inLanguage":"es-ES","publisher":{"@id":"https:\/\/dudasytextos.com\/como-saber\/#organization"}}]},"og:locale":"es_ES","og:site_name":"\u00bfC\u00f3mo Saberlo? - \u00bfC\u00f3mo Saberlo?","og:type":"article","og:title":"C\u00f3mo saber el paro que tengo acumulado (2026) \u00bfC\u00f3mo Saberlo?","og:description":"C\u00f3mo saber el paro que tengo acumulado Esta es una cuesti\u00f3n que preocupa a muchas personas en Espa\u00f1a. Ya sea porque han perdido su trabajo o porque quieren estar preparados en caso de que esto suceda, conocer el paro acumulado es una informaci\u00f3n importante para cualquier trabajador. Cosas que debes saber sobre el paro acumulado","og:url":"https:\/\/dudasytextos.com\/como-saber\/como-saber-el-paro-que-tengo-acumulado\/","article:published_time":"2025-03-03T17:26:42+00:00","article:modified_time":"2025-03-13T05:39:47+00:00","twitter:card":"summary_large_image","twitter:title":"C\u00f3mo saber el paro que tengo acumulado (2026) \u00bfC\u00f3mo Saberlo?","twitter:description":"C\u00f3mo saber el paro que tengo acumulado Esta es una cuesti\u00f3n que preocupa a muchas personas en Espa\u00f1a. Ya sea porque han perdido su trabajo o porque quieren estar preparados en caso de que esto suceda, conocer el paro acumulado es una informaci\u00f3n importante para cualquier trabajador. Cosas que debes saber sobre el paro acumulado"},"aioseo_meta_data":{"post_id":"137804","title":null,"description":null,"keywords":null,"keyphrases":null,"primary_term":null,"canonical_url":null,"og_title":null,"og_description":null,"og_object_type":"default","og_image_type":"default","og_image_url":null,"og_image_width":null,"og_image_height":null,"og_image_custom_url":null,"og_image_custom_fields":null,"og_video":null,"og_custom_url":null,"og_article_section":null,"og_article_tags":null,"twitter_use_og":false,"twitter_card":"default","twitter_image_type":"default","twitter_image_url":null,"twitter_image_custom_url":null,"twitter_image_custom_fields":null,"twitter_title":null,"twitter_description":null,"schema":{"blockGraphs":[],"customGraphs":[],"default":{"data":{"Article":[],"Course":[],"Dataset":[],"FAQPage":[],"Movie":[],"Person":[],"Product":[],"ProductReview":[],"Car":[],"Recipe":[],"Service":[],"SoftwareApplication":[],"WebPage":[]},"graphName":"","isEnabled":true},"graphs":[]},"schema_type":"default","schema_type_options":null,"pillar_content":false,"robots_default":true,"robots_noindex":false,"robots_noarchive":false,"robots_nosnippet":false,"robots_nofollow":false,"robots_noimageindex":false,"robots_noodp":false,"robots_notranslate":false,"robots_max_snippet":null,"robots_max_videopreview":null,"robots_max_imagepreview":"large","priority":null,"frequency":null,"local_seo":null,"breadcrumb_settings":null,"limit_modified_date":false,"ai":null,"created":"2023-04-30 21:47:18","updated":"2025-06-04 10:52:33","seo_analyzer_scan_date":null,"focus_keyword":null,"additional_keywords":null,"truseo_locale":null},"aioseo_breadcrumb":"<div class=\"aioseo-breadcrumbs\"><span class=\"aioseo-breadcrumb\">\n\t\t\t<a href=\"https:\/\/dudasytextos.com\/como-saber\" title=\"Home\">Home<\/a>\n\t\t<\/span><span class=\"aioseo-breadcrumb-separator\">&raquo;<\/span><span class=\"aioseo-breadcrumb\">\n\t\t\t<a href=\"https:\/\/dudasytextos.com\/como-saber\/category\/como-saber\/\" title=\"\u00bfC\u00f3mo saber?\">\u00bfC\u00f3mo saber?<\/a>\n\t\t<\/span><span class=\"aioseo-breadcrumb-separator\">&raquo;<\/span><span class=\"aioseo-breadcrumb\">\n\t\t\tC\u00f3mo saber el paro que tengo acumulado\n\t\t<\/span><\/div>","aioseo_breadcrumb_json":[{"label":"Home","link":"https:\/\/dudasytextos.com\/como-saber"},{"label":"\u00bfC\u00f3mo saber?","link":"https:\/\/dudasytextos.com\/como-saber\/category\/como-saber\/"},{"label":"C\u00f3mo saber el paro que tengo acumulado","link":"https:\/\/dudasytextos.com\/como-saber\/como-saber-el-paro-que-tengo-acumulado\/"}],"_links":{"self":[{"href":"https:\/\/dudasytextos.com\/como-saber\/wp-json\/wp\/v2\/posts\/137804","targetHints":{"allow":["GET"]}}],"collection":[{"href":"https:\/\/dudasytextos.com\/como-saber\/wp-json\/wp\/v2\/posts"}],"about":[{"href":"https:\/\/dudasytextos.com\/como-saber\/wp-json\/wp\/v2\/types\/post"}],"author":[{"embeddable":true,"href":"https:\/\/dudasytextos.com\/como-saber\/wp-json\/wp\/v2\/users\/1"}],"replies":[{"embeddable":true,"href":"https:\/\/dudasytextos.com\/como-saber\/wp-json\/wp\/v2\/comments?post=137804"}],"version-history":[{"count":1,"href":"https:\/\/dudasytextos.com\/como-saber\/wp-json\/wp\/v2\/posts\/137804\/revisions"}],"predecessor-version":[{"id":138197,"href":"https:\/\/dudasytextos.com\/como-saber\/wp-json\/wp\/v2\/posts\/137804\/revisions\/138197"}],"wp:attachment":[{"href":"https:\/\/dudasytextos.com\/como-saber\/wp-json\/wp\/v2\/media?parent=137804"}],"wp:term":[{"taxonomy":"category","embeddable":true,"href":"https:\/\/dudasytextos.com\/como-saber\/wp-json\/wp\/v2\/categories?post=137804"},{"taxonomy":"post_tag","embeddable":true,"href":"https:\/\/dudasytextos.com\/como-saber\/wp-json\/wp\/v2\/tags?post=137804"}],"curies":[{"name":"wp","href":"https:\/\/api.w.org\/{rel}","templated":true}]}}