{"id":138337,"date":"2025-02-17T15:48:31","date_gmt":"2025-02-17T15:48:31","guid":{"rendered":"https:\/\/educacion.cc\/?p=138337"},"modified":"2025-03-13T00:09:17","modified_gmt":"2025-03-13T00:09:17","slug":"como-prevenir-la-enfermedad-de-alzheimer","status":"publish","type":"post","link":"https:\/\/dudasytextos.com\/comoevitar\/como-prevenir-la-enfermedad-de-alzheimer\/","title":{"rendered":"C\u00f3mo prevenir la enfermedad de alzheimer"},"content":{"rendered":"<div id=\"ez-toc-container\" class=\"ez-toc-v2_0_87 counter-hierarchy ez-toc-counter ez-toc-custom ez-toc-container-direction\">\n<div class=\"ez-toc-title-container\">\n<span class=\"ez-toc-title-toggle\"><\/span><\/div>\n<nav><ul class='ez-toc-list ez-toc-list-level-1 ' ><li class='ez-toc-page-1 ez-toc-heading-level-2'><a class=\"ez-toc-link ez-toc-heading-1\" href=\"https:\/\/dudasytextos.com\/comoevitar\/como-prevenir-la-enfermedad-de-alzheimer\/#Como_Prevenir_La_Enfermedad_De_Alzheimer\" >C\u00f3mo Prevenir La Enfermedad De Alzheimer<\/a><\/li><li class='ez-toc-page-1 ez-toc-heading-level-2'><a class=\"ez-toc-link ez-toc-heading-2\" href=\"https:\/\/dudasytextos.com\/comoevitar\/como-prevenir-la-enfermedad-de-alzheimer\/#Curiosidades_e_Informacion_Interesante\" >Curiosidades e Informaci\u00f3n Interesante<\/a><\/li><li class='ez-toc-page-1 ez-toc-heading-level-2'><a class=\"ez-toc-link ez-toc-heading-3\" href=\"https:\/\/dudasytextos.com\/comoevitar\/como-prevenir-la-enfermedad-de-alzheimer\/#Mi_Experiencia_Personal\" >Mi Experiencia Personal<\/a><\/li><li class='ez-toc-page-1 ez-toc-heading-level-2'><a class=\"ez-toc-link ez-toc-heading-4\" href=\"https:\/\/dudasytextos.com\/comoevitar\/como-prevenir-la-enfermedad-de-alzheimer\/#%C2%BFQue_es_la_enfermedad_de_Alzheimer\" >\u00bfQu\u00e9 es la enfermedad de Alzheimer?<\/a><\/li><li class='ez-toc-page-1 ez-toc-heading-level-2'><a class=\"ez-toc-link ez-toc-heading-5\" href=\"https:\/\/dudasytextos.com\/comoevitar\/como-prevenir-la-enfermedad-de-alzheimer\/#%C2%BFComo_prevenir_la_enfermedad_de_Alzheimer\" >\u00bfC\u00f3mo prevenir la enfermedad de Alzheimer?<\/a><\/li><li class='ez-toc-page-1 ez-toc-heading-level-2'><a class=\"ez-toc-link ez-toc-heading-6\" href=\"https:\/\/dudasytextos.com\/comoevitar\/como-prevenir-la-enfermedad-de-alzheimer\/#Preguntas_Frecuentes\" >Preguntas Frecuentes<\/a><ul class='ez-toc-list-level-3' ><li class='ez-toc-heading-level-3'><a class=\"ez-toc-link ez-toc-heading-7\" href=\"https:\/\/dudasytextos.com\/comoevitar\/como-prevenir-la-enfermedad-de-alzheimer\/#%C2%BFLa_enfermedad_de_Alzheimer_es_hereditaria\" >\u00bfLa enfermedad de Alzheimer es hereditaria?<\/a><\/li><li class='ez-toc-page-1 ez-toc-heading-level-3'><a class=\"ez-toc-link ez-toc-heading-8\" href=\"https:\/\/dudasytextos.com\/comoevitar\/como-prevenir-la-enfermedad-de-alzheimer\/#%C2%BFLa_enfermedad_de_Alzheimer_solo_afecta_a_las_personas_mayores\" >\u00bfLa enfermedad de Alzheimer solo afecta a las personas mayores?<\/a><\/li><li class='ez-toc-page-1 ez-toc-heading-level-3'><a class=\"ez-toc-link ez-toc-heading-9\" href=\"https:\/\/dudasytextos.com\/comoevitar\/como-prevenir-la-enfermedad-de-alzheimer\/#%C2%BFLa_enfermedad_de_Alzheimer_es_curable\" >\u00bfLa enfermedad de Alzheimer es curable?<\/a><\/li><\/ul><\/li><\/ul><\/nav><\/div>\n<h2><span class=\"ez-toc-section\" id=\"Como_Prevenir_La_Enfermedad_De_Alzheimer\"><\/span>C\u00f3mo Prevenir La Enfermedad De Alzheimer<span class=\"ez-toc-section-end\"><\/span><\/h2>\n<section>\n<h2><span class=\"ez-toc-section\" id=\"Curiosidades_e_Informacion_Interesante\"><\/span>Curiosidades e Informaci\u00f3n Interesante<span class=\"ez-toc-section-end\"><\/span><\/h2>\n<ul>\n<li>La enfermedad de Alzheimer es la causa m\u00e1s com\u00fan de demencia en personas mayores de 65 a\u00f1os<\/li>\n<li>Se estima que m\u00e1s de 47 millones de personas en todo el mundo sufren de esta enfermedad<\/li>\n<li>Hay algunos factores de riesgo que aumentan la posibilidad de desarrollar la enfermedad, como la edad avanzada, antecedentes familiares y el g\u00e9nero femenino<\/li>\n<li>No existe cura para la enfermedad de Alzheimer, pero hay medidas que podemos tomar para reducir el riesgo de desarrollarla<\/li>\n<\/ul>\n<\/section>\n<section>\n<h2><span class=\"ez-toc-section\" id=\"Mi_Experiencia_Personal\"><\/span>Mi Experiencia Personal<span class=\"ez-toc-section-end\"><\/span><\/h2>\n<p>Recientemente, mi abuela fue diagnosticada con la enfermedad de Alzheimer y ha sido un desaf\u00edo para toda la familia. Hice una investigaci\u00f3n exhaustiva sobre c\u00f3mo prevenir esta enfermedad y encontr\u00e9 informaci\u00f3n \u00fatil que quiero compartir contigo.<\/p>\n<\/section>\n<section>\n<h2><span class=\"ez-toc-section\" id=\"%C2%BFQue_es_la_enfermedad_de_Alzheimer\"><\/span>\u00bfQu\u00e9 es la enfermedad de Alzheimer?<span class=\"ez-toc-section-end\"><\/span><\/h2>\n<p>La enfermedad de Alzheimer es una enfermedad neurodegenerativa que afecta la memoria, el pensamiento y el comportamiento. A medida que la enfermedad avanza, las c\u00e9lulas nerviosas del cerebro mueren y las conexiones entre ellas se pierden. Esto resulta en una disminuci\u00f3n gradual de la capacidad cognitiva y el deterioro de la funci\u00f3n cerebral.<\/p>\n<\/section>\n<section>\n<h2><span class=\"ez-toc-section\" id=\"%C2%BFComo_prevenir_la_enfermedad_de_Alzheimer\"><\/span>\u00bfC\u00f3mo prevenir la enfermedad de Alzheimer?<span class=\"ez-toc-section-end\"><\/span><\/h2>\n<p>Hay varias medidas que podemos tomar para reducir el riesgo de desarrollar la enfermedad de Alzheimer. Aqu\u00ed hay algunas que he encontrado \u00fatiles:<\/p>\n<ul>\n<li><strong>Mantener una dieta saludable:<\/strong> se ha demostrado que una dieta rica en frutas, verduras, pescado y nueces puede reducir el riesgo de desarrollar la enfermedad de Alzheimer.<\/li>\n<li><strong>Ejercicio regular:<\/strong> el ejercicio regular puede ayudar a mejorar la funci\u00f3n cerebral y reducir el riesgo de enfermedades relacionadas con la edad, como la enfermedad de Alzheimer.<\/li>\n<li><strong>Mantenerse mentalmente activo:<\/strong> desafiar el cerebro con actividades como la lectura, los juegos de mesa y los rompecabezas puede ayudar a mantener la funci\u00f3n cerebral y retrasar el inicio de la enfermedad de Alzheimer.<\/li>\n<li><strong>Dormir lo suficiente:<\/strong> el sue\u00f1o es importante para la salud cerebral y la falta de sue\u00f1o puede aumentar el riesgo de desarrollar la enfermedad de Alzheimer.<\/li>\n<li><strong>Controlar la presi\u00f3n arterial y el colesterol:<\/strong> mantener la presi\u00f3n arterial y el colesterol bajo control es importante para la salud del cerebro y puede reducir el riesgo de enfermedades relacionadas con la edad, como la enfermedad de Alzheimer.<\/li>\n<\/ul>\n<p>Estas son solo algunas medidas que podemos tomar para reducir el riesgo de desarrollar la enfermedad de Alzheimer. Consulta a tu m\u00e9dico para obtener m\u00e1s informaci\u00f3n sobre c\u00f3mo prevenir la enfermedad.<\/p>\n<\/section>\n<section>\n<h2><span class=\"ez-toc-section\" id=\"Preguntas_Frecuentes\"><\/span>Preguntas Frecuentes<span class=\"ez-toc-section-end\"><\/span><\/h2>\n<h3><span class=\"ez-toc-section\" id=\"%C2%BFLa_enfermedad_de_Alzheimer_es_hereditaria\"><\/span>\u00bfLa enfermedad de Alzheimer es hereditaria?<span class=\"ez-toc-section-end\"><\/span><\/h3>\n<p>Si bien la enfermedad de Alzheimer puede tener un componente gen\u00e9tico, no es necesariamente hereditaria. Tener un padre o un hermano con la enfermedad aumenta el riesgo de desarrollarla, pero no garantiza que la desarrollar\u00e1.<\/p>\n<h3><span class=\"ez-toc-section\" id=\"%C2%BFLa_enfermedad_de_Alzheimer_solo_afecta_a_las_personas_mayores\"><\/span>\u00bfLa enfermedad de Alzheimer solo afecta a las personas mayores?<span class=\"ez-toc-section-end\"><\/span><\/h3>\n<p>Si bien la enfermedad de Alzheimer es m\u00e1s com\u00fan en personas mayores de 65 a\u00f1os, tambi\u00e9n puede afectar a personas m\u00e1s j\u00f3venes. Se estima que alrededor del 5% de las personas con la enfermedad de Alzheimer tienen menos de 65 a\u00f1os.<\/p>\n<h3><span class=\"ez-toc-section\" id=\"%C2%BFLa_enfermedad_de_Alzheimer_es_curable\"><\/span>\u00bfLa enfermedad de Alzheimer es curable?<span class=\"ez-toc-section-end\"><\/span><\/h3>\n<p>Actualmente, no existe cura para la enfermedad de Alzheimer. Sin embargo, hay tratamientos disponibles que pueden ayudar a retrasar el inicio de los s\u00edntomas y mejorar la calidad de vida de las personas con la enfermedad.<\/p>\n<\/section>\n","protected":false},"excerpt":{"rendered":"<p>C\u00f3mo Prevenir La Enfermedad De Alzheimer Curiosidades e Informaci\u00f3n Interesante La enfermedad de Alzheimer es la causa m\u00e1s com\u00fan de demencia en personas mayores de 65 a\u00f1os Se estima que m\u00e1s de 47 millones de personas en todo el mundo sufren de esta enfermedad Hay algunos factores de riesgo que aumentan la posibilidad de desarrollar &#8230; <a title=\"C\u00f3mo prevenir la enfermedad de alzheimer\" class=\"read-more\" href=\"https:\/\/dudasytextos.com\/comoevitar\/como-prevenir-la-enfermedad-de-alzheimer\/\" aria-label=\"M\u00e1s en C\u00f3mo prevenir la enfermedad de alzheimer\">Leer m\u00e1s<\/a><\/p>\n","protected":false},"author":1,"featured_media":0,"comment_status":"open","ping_status":"open","sticky":false,"template":"","format":"standard","meta":{"footnotes":""},"categories":[3],"tags":[],"class_list":["post-138337","post","type-post","status-publish","format-standard","hentry","category-como-evitar"],"aioseo_notices":[],"aioseo_head":"\n\t\t<!-- All in One SEO 5.0.1.1 - aioseo.com -->\n\t<meta name=\"description\" content=\"C\u00f3mo Prevenir La Enfermedad De Alzheimer Curiosidades e Informaci\u00f3n Interesante La enfermedad de Alzheimer es la causa m\u00e1s com\u00fan de demencia en personas mayores de 65 a\u00f1os Se estima que m\u00e1s de 47 millones de personas en todo el mundo sufren de esta enfermedad Hay algunos factores de riesgo que aumentan la posibilidad de desarrollar\" \/>\n\t<meta name=\"robots\" content=\"max-snippet:-1, max-image-preview:large, max-video-preview:-1\" \/>\n\t<meta name=\"author\" content=\"Ana Gonz\u00e1lez\"\/>\n\t<link rel=\"canonical\" href=\"https:\/\/dudasytextos.com\/comoevitar\/como-prevenir-la-enfermedad-de-alzheimer\/\" \/>\n\t<meta name=\"generator\" content=\"All in One SEO (AIOSEO) 5.0.1.1\" \/>\n\n\t\t<!-- Google tag (gtag.js) -->\n<script async src=\"https:\/\/www.googletagmanager.com\/gtag\/js?id=G-Q57WFBLC0Y\"><\/script>\n<script>\n  window.dataLayer = window.dataLayer || [];\n  function gtag(){dataLayer.push(arguments);}\n  gtag('js', new Date());\n\n  gtag('config', 'G-Q57WFBLC0Y');\n<\/script>\n<script async src=\"https:\/\/pagead2.googlesyndication.com\/pagead\/js\/adsbygoogle.js?client=ca-pub-3987500858204711\"\n     crossorigin=\"anonymous\"><\/script>\n\t\t<meta property=\"og:locale\" content=\"es_ES\" \/>\n\t\t<meta property=\"og:site_name\" content=\"\u00bfC\u00f3mo Evitarlo? - \u00bfC\u00f3mo Evitarlo?\" \/>\n\t\t<meta property=\"og:type\" content=\"article\" \/>\n\t\t<meta property=\"og:title\" content=\"C\u00f3mo prevenir la enfermedad de alzheimer (2026) \u00bfC\u00f3mo Evitarlo?\" \/>\n\t\t<meta property=\"og:description\" content=\"C\u00f3mo Prevenir La Enfermedad De Alzheimer Curiosidades e Informaci\u00f3n Interesante La enfermedad de Alzheimer es la causa m\u00e1s com\u00fan de demencia en personas mayores de 65 a\u00f1os Se estima que m\u00e1s de 47 millones de personas en todo el mundo sufren de esta enfermedad Hay algunos factores de riesgo que aumentan la posibilidad de desarrollar\" \/>\n\t\t<meta property=\"og:url\" content=\"https:\/\/dudasytextos.com\/comoevitar\/como-prevenir-la-enfermedad-de-alzheimer\/\" \/>\n\t\t<meta property=\"article:published_time\" content=\"2025-02-17T15:48:31+00:00\" \/>\n\t\t<meta property=\"article:modified_time\" content=\"2025-03-13T00:09:17+00:00\" \/>\n\t\t<meta name=\"twitter:card\" content=\"summary_large_image\" \/>\n\t\t<meta name=\"twitter:title\" content=\"C\u00f3mo prevenir la enfermedad de alzheimer (2026) \u00bfC\u00f3mo Evitarlo?\" \/>\n\t\t<meta name=\"twitter:description\" content=\"C\u00f3mo Prevenir La Enfermedad De Alzheimer Curiosidades e Informaci\u00f3n Interesante La enfermedad de Alzheimer es la causa m\u00e1s com\u00fan de demencia en personas mayores de 65 a\u00f1os Se estima que m\u00e1s de 47 millones de personas en todo el mundo sufren de esta enfermedad Hay algunos factores de riesgo que aumentan la posibilidad de desarrollar\" \/>\n\t\t<script type=\"application\/ld+json\" class=\"aioseo-schema\">\n\t\t\t{\"@context\":\"https:\\\/\\\/schema.org\",\"@graph\":[{\"@type\":\"BlogPosting\",\"@id\":\"https:\\\/\\\/dudasytextos.com\\\/comoevitar\\\/como-prevenir-la-enfermedad-de-alzheimer\\\/#blogposting\",\"name\":\"C\\u00f3mo prevenir la enfermedad de alzheimer (2026) \\u00bfC\\u00f3mo Evitarlo?\",\"headline\":\"C\\u00f3mo prevenir la enfermedad de alzheimer\",\"author\":{\"@id\":\"https:\\\/\\\/dudasytextos.com\\\/comoevitar\\\/author\\\/admin23\\\/#author\"},\"publisher\":{\"@id\":\"https:\\\/\\\/dudasytextos.com\\\/comoevitar\\\/#organization\"},\"datePublished\":\"2025-02-17T15:48:31+00:00\",\"dateModified\":\"2025-03-13T00:09:17+00:00\",\"inLanguage\":\"es-ES\",\"mainEntityOfPage\":{\"@id\":\"https:\\\/\\\/dudasytextos.com\\\/comoevitar\\\/como-prevenir-la-enfermedad-de-alzheimer\\\/#webpage\"},\"isPartOf\":{\"@id\":\"https:\\\/\\\/dudasytextos.com\\\/comoevitar\\\/como-prevenir-la-enfermedad-de-alzheimer\\\/#webpage\"},\"articleSection\":\"\\u00bfC\\u00f3mo evitar?\"},{\"@type\":\"BreadcrumbList\",\"@id\":\"https:\\\/\\\/dudasytextos.com\\\/comoevitar\\\/como-prevenir-la-enfermedad-de-alzheimer\\\/#breadcrumblist\",\"itemListElement\":[{\"@type\":\"ListItem\",\"@id\":\"https:\\\/\\\/dudasytextos.com\\\/comoevitar#listItem\",\"position\":1,\"name\":\"Home\",\"item\":\"https:\\\/\\\/dudasytextos.com\\\/comoevitar\",\"nextItem\":{\"@type\":\"ListItem\",\"@id\":\"https:\\\/\\\/dudasytextos.com\\\/comoevitar\\\/category\\\/como-evitar\\\/#listItem\",\"name\":\"\\u00bfC\\u00f3mo evitar?\"}},{\"@type\":\"ListItem\",\"@id\":\"https:\\\/\\\/dudasytextos.com\\\/comoevitar\\\/category\\\/como-evitar\\\/#listItem\",\"position\":2,\"name\":\"\\u00bfC\\u00f3mo evitar?\",\"item\":\"https:\\\/\\\/dudasytextos.com\\\/comoevitar\\\/category\\\/como-evitar\\\/\",\"nextItem\":{\"@type\":\"ListItem\",\"@id\":\"https:\\\/\\\/dudasytextos.com\\\/comoevitar\\\/como-prevenir-la-enfermedad-de-alzheimer\\\/#listItem\",\"name\":\"C\\u00f3mo prevenir la enfermedad de alzheimer\"},\"previousItem\":{\"@type\":\"ListItem\",\"@id\":\"https:\\\/\\\/dudasytextos.com\\\/comoevitar#listItem\",\"name\":\"Home\"}},{\"@type\":\"ListItem\",\"@id\":\"https:\\\/\\\/dudasytextos.com\\\/comoevitar\\\/como-prevenir-la-enfermedad-de-alzheimer\\\/#listItem\",\"position\":3,\"name\":\"C\\u00f3mo prevenir la enfermedad de alzheimer\",\"previousItem\":{\"@type\":\"ListItem\",\"@id\":\"https:\\\/\\\/dudasytextos.com\\\/comoevitar\\\/category\\\/como-evitar\\\/#listItem\",\"name\":\"\\u00bfC\\u00f3mo evitar?\"}}]},{\"@type\":\"Organization\",\"@id\":\"https:\\\/\\\/dudasytextos.com\\\/comoevitar\\\/#organization\",\"name\":\"Recipes\",\"description\":\"\\u00bfC\\u00f3mo Evitarlo?\",\"url\":\"https:\\\/\\\/dudasytextos.com\\\/comoevitar\\\/\"},{\"@type\":\"Person\",\"@id\":\"https:\\\/\\\/dudasytextos.com\\\/comoevitar\\\/author\\\/admin23\\\/#author\",\"url\":\"https:\\\/\\\/dudasytextos.com\\\/comoevitar\\\/author\\\/admin23\\\/\",\"name\":\"Ana Gonz\\u00e1lez\"},{\"@type\":\"WebPage\",\"@id\":\"https:\\\/\\\/dudasytextos.com\\\/comoevitar\\\/como-prevenir-la-enfermedad-de-alzheimer\\\/#webpage\",\"url\":\"https:\\\/\\\/dudasytextos.com\\\/comoevitar\\\/como-prevenir-la-enfermedad-de-alzheimer\\\/\",\"name\":\"C\\u00f3mo prevenir la enfermedad de alzheimer (2026) \\u00bfC\\u00f3mo Evitarlo?\",\"description\":\"C\\u00f3mo Prevenir La Enfermedad De Alzheimer Curiosidades e Informaci\\u00f3n Interesante La enfermedad de Alzheimer es la causa m\\u00e1s com\\u00fan de demencia en personas mayores de 65 a\\u00f1os Se estima que m\\u00e1s de 47 millones de personas en todo el mundo sufren de esta enfermedad Hay algunos factores de riesgo que aumentan la posibilidad de desarrollar\",\"inLanguage\":\"es-ES\",\"isPartOf\":{\"@id\":\"https:\\\/\\\/dudasytextos.com\\\/comoevitar\\\/#website\"},\"breadcrumb\":{\"@id\":\"https:\\\/\\\/dudasytextos.com\\\/comoevitar\\\/como-prevenir-la-enfermedad-de-alzheimer\\\/#breadcrumblist\"},\"author\":{\"@id\":\"https:\\\/\\\/dudasytextos.com\\\/comoevitar\\\/author\\\/admin23\\\/#author\"},\"creator\":{\"@id\":\"https:\\\/\\\/dudasytextos.com\\\/comoevitar\\\/author\\\/admin23\\\/#author\"},\"datePublished\":\"2025-02-17T15:48:31+00:00\",\"dateModified\":\"2025-03-13T00:09:17+00:00\"},{\"@type\":\"WebSite\",\"@id\":\"https:\\\/\\\/dudasytextos.com\\\/comoevitar\\\/#website\",\"url\":\"https:\\\/\\\/dudasytextos.com\\\/comoevitar\\\/\",\"name\":\"Recipes\",\"description\":\"\\u00bfC\\u00f3mo Evitarlo?\",\"inLanguage\":\"es-ES\",\"publisher\":{\"@id\":\"https:\\\/\\\/dudasytextos.com\\\/comoevitar\\\/#organization\"}}]}\n\t\t<\/script>\n\t\t<!-- All in One SEO -->\n\n","aioseo_head_json":{"title":"C\u00f3mo prevenir la enfermedad de alzheimer (2026) \u00bfC\u00f3mo Evitarlo?","description":"C\u00f3mo Prevenir La Enfermedad De Alzheimer Curiosidades e Informaci\u00f3n Interesante La enfermedad de Alzheimer es la causa m\u00e1s com\u00fan de demencia en personas mayores de 65 a\u00f1os Se estima que m\u00e1s de 47 millones de personas en todo el mundo sufren de esta enfermedad Hay algunos factores de riesgo que aumentan la posibilidad de desarrollar","canonical_url":"https:\/\/dudasytextos.com\/comoevitar\/como-prevenir-la-enfermedad-de-alzheimer\/","robots":"max-snippet:-1, max-image-preview:large, max-video-preview:-1","keywords":"","webmasterTools":{"miscellaneous":"&lt;!-- Google tag (gtag.js) --&gt;\n&lt;script async src=\"https:\/\/www.googletagmanager.com\/gtag\/js?id=G-Q57WFBLC0Y\"&gt;&lt;\/script&gt;\n&lt;script&gt;\n  window.dataLayer = window.dataLayer || [];\n  function gtag(){dataLayer.push(arguments);}\n  gtag('js', new Date());\n\n  gtag('config', 'G-Q57WFBLC0Y');\n&lt;\/script&gt;\n&lt;script async src=\"https:\/\/pagead2.googlesyndication.com\/pagead\/js\/adsbygoogle.js?client=ca-pub-3987500858204711\"\n     crossorigin=\"anonymous\"&gt;&lt;\/script&gt;"},"schema":{"@context":"https:\/\/schema.org","@graph":[{"@type":"BlogPosting","@id":"https:\/\/dudasytextos.com\/comoevitar\/como-prevenir-la-enfermedad-de-alzheimer\/#blogposting","name":"C\u00f3mo prevenir la enfermedad de alzheimer (2026) \u00bfC\u00f3mo Evitarlo?","headline":"C\u00f3mo prevenir la enfermedad de alzheimer","author":{"@id":"https:\/\/dudasytextos.com\/comoevitar\/author\/admin23\/#author"},"publisher":{"@id":"https:\/\/dudasytextos.com\/comoevitar\/#organization"},"datePublished":"2025-02-17T15:48:31+00:00","dateModified":"2025-03-13T00:09:17+00:00","inLanguage":"es-ES","mainEntityOfPage":{"@id":"https:\/\/dudasytextos.com\/comoevitar\/como-prevenir-la-enfermedad-de-alzheimer\/#webpage"},"isPartOf":{"@id":"https:\/\/dudasytextos.com\/comoevitar\/como-prevenir-la-enfermedad-de-alzheimer\/#webpage"},"articleSection":"\u00bfC\u00f3mo evitar?"},{"@type":"BreadcrumbList","@id":"https:\/\/dudasytextos.com\/comoevitar\/como-prevenir-la-enfermedad-de-alzheimer\/#breadcrumblist","itemListElement":[{"@type":"ListItem","@id":"https:\/\/dudasytextos.com\/comoevitar#listItem","position":1,"name":"Home","item":"https:\/\/dudasytextos.com\/comoevitar","nextItem":{"@type":"ListItem","@id":"https:\/\/dudasytextos.com\/comoevitar\/category\/como-evitar\/#listItem","name":"\u00bfC\u00f3mo evitar?"}},{"@type":"ListItem","@id":"https:\/\/dudasytextos.com\/comoevitar\/category\/como-evitar\/#listItem","position":2,"name":"\u00bfC\u00f3mo evitar?","item":"https:\/\/dudasytextos.com\/comoevitar\/category\/como-evitar\/","nextItem":{"@type":"ListItem","@id":"https:\/\/dudasytextos.com\/comoevitar\/como-prevenir-la-enfermedad-de-alzheimer\/#listItem","name":"C\u00f3mo prevenir la enfermedad de alzheimer"},"previousItem":{"@type":"ListItem","@id":"https:\/\/dudasytextos.com\/comoevitar#listItem","name":"Home"}},{"@type":"ListItem","@id":"https:\/\/dudasytextos.com\/comoevitar\/como-prevenir-la-enfermedad-de-alzheimer\/#listItem","position":3,"name":"C\u00f3mo prevenir la enfermedad de alzheimer","previousItem":{"@type":"ListItem","@id":"https:\/\/dudasytextos.com\/comoevitar\/category\/como-evitar\/#listItem","name":"\u00bfC\u00f3mo evitar?"}}]},{"@type":"Organization","@id":"https:\/\/dudasytextos.com\/comoevitar\/#organization","name":"Recipes","description":"\u00bfC\u00f3mo Evitarlo?","url":"https:\/\/dudasytextos.com\/comoevitar\/"},{"@type":"Person","@id":"https:\/\/dudasytextos.com\/comoevitar\/author\/admin23\/#author","url":"https:\/\/dudasytextos.com\/comoevitar\/author\/admin23\/","name":"Ana Gonz\u00e1lez"},{"@type":"WebPage","@id":"https:\/\/dudasytextos.com\/comoevitar\/como-prevenir-la-enfermedad-de-alzheimer\/#webpage","url":"https:\/\/dudasytextos.com\/comoevitar\/como-prevenir-la-enfermedad-de-alzheimer\/","name":"C\u00f3mo prevenir la enfermedad de alzheimer (2026) \u00bfC\u00f3mo Evitarlo?","description":"C\u00f3mo Prevenir La Enfermedad De Alzheimer Curiosidades e Informaci\u00f3n Interesante La enfermedad de Alzheimer es la causa m\u00e1s com\u00fan de demencia en personas mayores de 65 a\u00f1os Se estima que m\u00e1s de 47 millones de personas en todo el mundo sufren de esta enfermedad Hay algunos factores de riesgo que aumentan la posibilidad de desarrollar","inLanguage":"es-ES","isPartOf":{"@id":"https:\/\/dudasytextos.com\/comoevitar\/#website"},"breadcrumb":{"@id":"https:\/\/dudasytextos.com\/comoevitar\/como-prevenir-la-enfermedad-de-alzheimer\/#breadcrumblist"},"author":{"@id":"https:\/\/dudasytextos.com\/comoevitar\/author\/admin23\/#author"},"creator":{"@id":"https:\/\/dudasytextos.com\/comoevitar\/author\/admin23\/#author"},"datePublished":"2025-02-17T15:48:31+00:00","dateModified":"2025-03-13T00:09:17+00:00"},{"@type":"WebSite","@id":"https:\/\/dudasytextos.com\/comoevitar\/#website","url":"https:\/\/dudasytextos.com\/comoevitar\/","name":"Recipes","description":"\u00bfC\u00f3mo Evitarlo?","inLanguage":"es-ES","publisher":{"@id":"https:\/\/dudasytextos.com\/comoevitar\/#organization"}}]},"og:locale":"es_ES","og:site_name":"\u00bfC\u00f3mo Evitarlo? - \u00bfC\u00f3mo Evitarlo?","og:type":"article","og:title":"C\u00f3mo prevenir la enfermedad de alzheimer (2026) \u00bfC\u00f3mo Evitarlo?","og:description":"C\u00f3mo Prevenir La Enfermedad De Alzheimer Curiosidades e Informaci\u00f3n Interesante La enfermedad de Alzheimer es la causa m\u00e1s com\u00fan de demencia en personas mayores de 65 a\u00f1os Se estima que m\u00e1s de 47 millones de personas en todo el mundo sufren de esta enfermedad Hay algunos factores de riesgo que aumentan la posibilidad de desarrollar","og:url":"https:\/\/dudasytextos.com\/comoevitar\/como-prevenir-la-enfermedad-de-alzheimer\/","article:published_time":"2025-02-17T15:48:31+00:00","article:modified_time":"2025-03-13T00:09:17+00:00","twitter:card":"summary_large_image","twitter:title":"C\u00f3mo prevenir la enfermedad de alzheimer (2026) \u00bfC\u00f3mo Evitarlo?","twitter:description":"C\u00f3mo Prevenir La Enfermedad De Alzheimer Curiosidades e Informaci\u00f3n Interesante La enfermedad de Alzheimer es la causa m\u00e1s com\u00fan de demencia en personas mayores de 65 a\u00f1os Se estima que m\u00e1s de 47 millones de personas en todo el mundo sufren de esta enfermedad Hay algunos factores de riesgo que aumentan la posibilidad de desarrollar"},"aioseo_meta_data":{"post_id":"138337","title":null,"description":null,"keywords":null,"keyphrases":null,"primary_term":null,"canonical_url":null,"og_title":null,"og_description":null,"og_object_type":"default","og_image_type":"default","og_image_url":null,"og_image_width":null,"og_image_height":null,"og_image_custom_url":null,"og_image_custom_fields":null,"og_video":null,"og_custom_url":null,"og_article_section":null,"og_article_tags":null,"twitter_use_og":false,"twitter_card":"default","twitter_image_type":"default","twitter_image_url":null,"twitter_image_custom_url":null,"twitter_image_custom_fields":null,"twitter_title":null,"twitter_description":null,"schema":{"blockGraphs":[],"customGraphs":[],"default":{"data":{"Article":[],"Course":[],"Dataset":[],"FAQPage":[],"Movie":[],"Person":[],"Product":[],"ProductReview":[],"Car":[],"Recipe":[],"Service":[],"SoftwareApplication":[],"WebPage":[]},"graphName":"","isEnabled":true},"graphs":[]},"schema_type":"default","schema_type_options":null,"pillar_content":false,"robots_default":true,"robots_noindex":false,"robots_noarchive":false,"robots_nosnippet":false,"robots_nofollow":false,"robots_noimageindex":false,"robots_noodp":false,"robots_notranslate":false,"robots_max_snippet":null,"robots_max_videopreview":null,"robots_max_imagepreview":"large","priority":null,"frequency":null,"local_seo":null,"breadcrumb_settings":null,"limit_modified_date":false,"ai":null,"created":"2023-05-05 02:23:01","updated":"2025-06-04 02:03:12","seo_analyzer_scan_date":null,"focus_keyword":null,"additional_keywords":null,"truseo_locale":null},"aioseo_breadcrumb":"<div class=\"aioseo-breadcrumbs\"><span class=\"aioseo-breadcrumb\">\n\t\t\t<a href=\"https:\/\/dudasytextos.com\/comoevitar\" title=\"Home\">Home<\/a>\n\t\t<\/span><span class=\"aioseo-breadcrumb-separator\">&raquo;<\/span><span class=\"aioseo-breadcrumb\">\n\t\t\t<a href=\"https:\/\/dudasytextos.com\/comoevitar\/category\/como-evitar\/\" title=\"\u00bfC\u00f3mo evitar?\">\u00bfC\u00f3mo evitar?<\/a>\n\t\t<\/span><span class=\"aioseo-breadcrumb-separator\">&raquo;<\/span><span class=\"aioseo-breadcrumb\">\n\t\t\tC\u00f3mo prevenir la enfermedad de alzheimer\n\t\t<\/span><\/div>","aioseo_breadcrumb_json":[{"label":"Home","link":"https:\/\/dudasytextos.com\/comoevitar"},{"label":"\u00bfC\u00f3mo evitar?","link":"https:\/\/dudasytextos.com\/comoevitar\/category\/como-evitar\/"},{"label":"C\u00f3mo prevenir la enfermedad de alzheimer","link":"https:\/\/dudasytextos.com\/comoevitar\/como-prevenir-la-enfermedad-de-alzheimer\/"}],"_links":{"self":[{"href":"https:\/\/dudasytextos.com\/comoevitar\/wp-json\/wp\/v2\/posts\/138337","targetHints":{"allow":["GET"]}}],"collection":[{"href":"https:\/\/dudasytextos.com\/comoevitar\/wp-json\/wp\/v2\/posts"}],"about":[{"href":"https:\/\/dudasytextos.com\/comoevitar\/wp-json\/wp\/v2\/types\/post"}],"author":[{"embeddable":true,"href":"https:\/\/dudasytextos.com\/comoevitar\/wp-json\/wp\/v2\/users\/1"}],"replies":[{"embeddable":true,"href":"https:\/\/dudasytextos.com\/comoevitar\/wp-json\/wp\/v2\/comments?post=138337"}],"version-history":[{"count":1,"href":"https:\/\/dudasytextos.com\/comoevitar\/wp-json\/wp\/v2\/posts\/138337\/revisions"}],"predecessor-version":[{"id":144407,"href":"https:\/\/dudasytextos.com\/comoevitar\/wp-json\/wp\/v2\/posts\/138337\/revisions\/144407"}],"wp:attachment":[{"href":"https:\/\/dudasytextos.com\/comoevitar\/wp-json\/wp\/v2\/media?parent=138337"}],"wp:term":[{"taxonomy":"category","embeddable":true,"href":"https:\/\/dudasytextos.com\/comoevitar\/wp-json\/wp\/v2\/categories?post=138337"},{"taxonomy":"post_tag","embeddable":true,"href":"https:\/\/dudasytextos.com\/comoevitar\/wp-json\/wp\/v2\/tags?post=138337"}],"curies":[{"name":"wp","href":"https:\/\/api.w.org\/{rel}","templated":true}]}}