{"id":140545,"date":"2025-03-05T04:54:06","date_gmt":"2025-03-05T04:54:06","guid":{"rendered":"https:\/\/educacion.cc\/?p=140545"},"modified":"2025-03-12T13:21:36","modified_gmt":"2025-03-12T13:21:36","slug":"como-evitar-la-tos-por-el-aire-acondicionado","status":"publish","type":"post","link":"https:\/\/dudasytextos.com\/comoevitar\/como-evitar-la-tos-por-el-aire-acondicionado\/","title":{"rendered":"C\u00f3mo evitar la tos por el aire acondicionado"},"content":{"rendered":"<div id=\"ez-toc-container\" class=\"ez-toc-v2_0_87 counter-hierarchy ez-toc-counter ez-toc-custom ez-toc-container-direction\">\n<div class=\"ez-toc-title-container\">\n<span class=\"ez-toc-title-toggle\"><\/span><\/div>\n<nav><ul class='ez-toc-list ez-toc-list-level-1 ' ><li class='ez-toc-page-1 ez-toc-heading-level-2'><a class=\"ez-toc-link ez-toc-heading-1\" href=\"https:\/\/dudasytextos.com\/comoevitar\/como-evitar-la-tos-por-el-aire-acondicionado\/#Como_evitar_la_tos_por_el_aire_acondicionado\" >C\u00f3mo evitar la tos por el aire acondicionado<\/a><\/li><li class='ez-toc-page-1 ez-toc-heading-level-2'><a class=\"ez-toc-link ez-toc-heading-2\" href=\"https:\/\/dudasytextos.com\/comoevitar\/como-evitar-la-tos-por-el-aire-acondicionado\/#Curiosidades_y_estadisticas\" >Curiosidades y estad\u00edsticas<\/a><\/li><li class='ez-toc-page-1 ez-toc-heading-level-2'><a class=\"ez-toc-link ez-toc-heading-3\" href=\"https:\/\/dudasytextos.com\/comoevitar\/como-evitar-la-tos-por-el-aire-acondicionado\/#Mi_experiencia_personal\" >Mi experiencia personal<\/a><\/li><li class='ez-toc-page-1 ez-toc-heading-level-2'><a class=\"ez-toc-link ez-toc-heading-4\" href=\"https:\/\/dudasytextos.com\/comoevitar\/como-evitar-la-tos-por-el-aire-acondicionado\/#Consejos_y_recomendaciones\" >Consejos y recomendaciones<\/a><\/li><li class='ez-toc-page-1 ez-toc-heading-level-2'><a class=\"ez-toc-link ez-toc-heading-5\" href=\"https:\/\/dudasytextos.com\/comoevitar\/como-evitar-la-tos-por-el-aire-acondicionado\/#Opiniones_de_expertos\" >Opiniones de expertos<\/a><\/li><li class='ez-toc-page-1 ez-toc-heading-level-2'><a class=\"ez-toc-link ez-toc-heading-6\" href=\"https:\/\/dudasytextos.com\/comoevitar\/como-evitar-la-tos-por-el-aire-acondicionado\/#Preguntas_frecuentes\" >Preguntas frecuentes<\/a><ul class='ez-toc-list-level-3' ><li class='ez-toc-heading-level-3'><a class=\"ez-toc-link ez-toc-heading-7\" href=\"https:\/\/dudasytextos.com\/comoevitar\/como-evitar-la-tos-por-el-aire-acondicionado\/#%C2%BFPuedo_enfermarme_por_el_aire_acondicionado\" >\u00bfPuedo enfermarme por el aire acondicionado?<\/a><\/li><li class='ez-toc-page-1 ez-toc-heading-level-3'><a class=\"ez-toc-link ez-toc-heading-8\" href=\"https:\/\/dudasytextos.com\/comoevitar\/como-evitar-la-tos-por-el-aire-acondicionado\/#%C2%BFPuedo_usar_el_aire_acondicionado_si_tengo_asma\" >\u00bfPuedo usar el aire acondicionado si tengo asma?<\/a><\/li><li class='ez-toc-page-1 ez-toc-heading-level-3'><a class=\"ez-toc-link ez-toc-heading-9\" href=\"https:\/\/dudasytextos.com\/comoevitar\/como-evitar-la-tos-por-el-aire-acondicionado\/#%C2%BFComo_puedo_saber_si_el_filtro_del_aire_acondicionado_esta_sucio\" >\u00bfC\u00f3mo puedo saber si el filtro del aire acondicionado est\u00e1 sucio?<\/a><\/li><\/ul><\/li><\/ul><\/nav><\/div>\n<h2><span class=\"ez-toc-section\" id=\"Como_evitar_la_tos_por_el_aire_acondicionado\"><\/span>C\u00f3mo evitar la tos por el aire acondicionado<span class=\"ez-toc-section-end\"><\/span><\/h2>\n<section>\n<h2><span class=\"ez-toc-section\" id=\"Curiosidades_y_estadisticas\"><\/span>Curiosidades y estad\u00edsticas<span class=\"ez-toc-section-end\"><\/span><\/h2>\n<ul>\n<li>El aire acondicionado puede ser causa de irritaci\u00f3n en garganta y pulmones.<\/li>\n<li>El aire acondicionado puede resecar las mucosas y provocar tos seca.<\/li>\n<li>Seg\u00fan una encuesta, el 60% de las personas que usan aire acondicionado sufre tos y otros problemas respiratorios.<\/li>\n<li>La Organizaci\u00f3n Mundial de la Salud recomienda mantener la temperatura entre 24 y 26 grados para evitar problemas de salud.<\/li>\n<\/ul>\n<\/section>\n<section>\n<h2><span class=\"ez-toc-section\" id=\"Mi_experiencia_personal\"><\/span>Mi experiencia personal<span class=\"ez-toc-section-end\"><\/span><\/h2>\n<p>Yo sol\u00eda tener tos seca cada vez que usaba el aire acondicionado en mi oficina. Prob\u00e9 varias soluciones, como beber m\u00e1s agua, usar un humidificador o poner una toalla h\u00fameda en mi cuello, pero nada funcion\u00f3. Finalmente, decid\u00ed hablar con el personal de mantenimiento y descubr\u00ed que el filtro del aire acondicionado no se hab\u00eda limpiado en meses. Despu\u00e9s de que lo limpiaron, mi tos desapareci\u00f3 por completo.<\/p>\n<\/section>\n<section>\n<h2><span class=\"ez-toc-section\" id=\"Consejos_y_recomendaciones\"><\/span>Consejos y recomendaciones<span class=\"ez-toc-section-end\"><\/span><\/h2>\n<p>Si quieres evitar la tos por el aire acondicionado, sigue estos consejos:<\/p>\n<ul>\n<li>Limpia regularmente el filtro del aire acondicionado.<\/li>\n<li>Mant\u00e9n la temperatura entre 24 y 26 grados.<\/li>\n<li>No apuntes el aire directamente a tu cuerpo.<\/li>\n<li>Bebe suficiente agua para mantener las mucosas hidratadas.<\/li>\n<li>Usa un humidificador para a\u00f1adir humedad al aire.<\/li>\n<\/ul>\n<p>Recuerda que estos consejos no solo te ayudar\u00e1n a evitar la tos, sino que tambi\u00e9n mejorar\u00e1n la calidad del aire que respiras.<\/p>\n<\/section>\n<section>\n<h2><span class=\"ez-toc-section\" id=\"Opiniones_de_expertos\"><\/span>Opiniones de expertos<span class=\"ez-toc-section-end\"><\/span><\/h2>\n<blockquote>\n<p>La tos por el aire acondicionado es un problema com\u00fan, pero f\u00e1cilmente evitable si se toman las medidas adecuadas. Mantener el filtro limpio y la temperatura correcta son las claves para una buena salud respiratoria.<\/p>\n<footer>Dr. Juan P\u00e9rez, neum\u00f3logo<\/footer>\n<\/blockquote>\n<\/section>\n<section>\n<h2><span class=\"ez-toc-section\" id=\"Preguntas_frecuentes\"><\/span>Preguntas frecuentes<span class=\"ez-toc-section-end\"><\/span><\/h2>\n<h3><span class=\"ez-toc-section\" id=\"%C2%BFPuedo_enfermarme_por_el_aire_acondicionado\"><\/span>\u00bfPuedo enfermarme por el aire acondicionado?<span class=\"ez-toc-section-end\"><\/span><\/h3>\n<p>S\u00ed, el aire acondicionado puede irritar las mucosas de la garganta y los pulmones, lo que puede provocar tos, dolor de garganta, ronquera y otros problemas respiratorios. Por eso es importante mantener el filtro limpio y la temperatura adecuada.<\/p>\n<h3><span class=\"ez-toc-section\" id=\"%C2%BFPuedo_usar_el_aire_acondicionado_si_tengo_asma\"><\/span>\u00bfPuedo usar el aire acondicionado si tengo asma?<span class=\"ez-toc-section-end\"><\/span><\/h3>\n<p>Depende del caso. En general, las personas con asma pueden usar el aire acondicionado sin problemas si mantienen el filtro limpio y la temperatura adecuada. Sin embargo, algunas personas pueden ser sensibles al aire fr\u00edo y necesitar ajustar la temperatura o evitar el uso del aire acondicionado por completo.<\/p>\n<h3><span class=\"ez-toc-section\" id=\"%C2%BFComo_puedo_saber_si_el_filtro_del_aire_acondicionado_esta_sucio\"><\/span>\u00bfC\u00f3mo puedo saber si el filtro del aire acondicionado est\u00e1 sucio?<span class=\"ez-toc-section-end\"><\/span><\/h3>\n<p>Si notas que el aire sale con menos fuerza de lo normal, o si hay polvo acumulado en la rejilla del aire acondicionado, es probable que el filtro est\u00e9 sucio y necesite limpieza.<\/p>\n<\/section>\n<footer>\n<p>\u00a9 2023 Ana Gonz\u00e1lez. Todos los derechos reservados.<\/p>\n<\/footer>\n","protected":false},"excerpt":{"rendered":"<p>C\u00f3mo evitar la tos por el aire acondicionado Curiosidades y estad\u00edsticas El aire acondicionado puede ser causa de irritaci\u00f3n en garganta y pulmones. El aire acondicionado puede resecar las mucosas y provocar tos seca. Seg\u00fan una encuesta, el 60% de las personas que usan aire acondicionado sufre tos y otros problemas respiratorios. La Organizaci\u00f3n Mundial &#8230; <a title=\"C\u00f3mo evitar la tos por el aire acondicionado\" class=\"read-more\" href=\"https:\/\/dudasytextos.com\/comoevitar\/como-evitar-la-tos-por-el-aire-acondicionado\/\" aria-label=\"M\u00e1s en C\u00f3mo evitar la tos por el aire acondicionado\">Leer m\u00e1s<\/a><\/p>\n","protected":false},"author":1,"featured_media":0,"comment_status":"open","ping_status":"open","sticky":false,"template":"","format":"standard","meta":{"footnotes":""},"categories":[3],"tags":[],"class_list":["post-140545","post","type-post","status-publish","format-standard","hentry","category-como-evitar"],"aioseo_notices":[],"aioseo_head":"\n\t\t<!-- All in One SEO 5.0.1.1 - aioseo.com -->\n\t<meta name=\"description\" content=\"C\u00f3mo evitar la tos por el aire acondicionado Curiosidades y estad\u00edsticas El aire acondicionado puede ser causa de irritaci\u00f3n en garganta y pulmones. El aire acondicionado puede resecar las mucosas y provocar tos seca. Seg\u00fan una encuesta, el 60% de las personas que usan aire acondicionado sufre tos y otros problemas respiratorios. La Organizaci\u00f3n Mundial\" \/>\n\t<meta name=\"robots\" content=\"max-snippet:-1, max-image-preview:large, max-video-preview:-1\" \/>\n\t<meta name=\"author\" content=\"Ana Gonz\u00e1lez\"\/>\n\t<link rel=\"canonical\" href=\"https:\/\/dudasytextos.com\/comoevitar\/como-evitar-la-tos-por-el-aire-acondicionado\/\" \/>\n\t<meta name=\"generator\" content=\"All in One SEO (AIOSEO) 5.0.1.1\" \/>\n\n\t\t<!-- Google tag (gtag.js) -->\n<script async src=\"https:\/\/www.googletagmanager.com\/gtag\/js?id=G-Q57WFBLC0Y\"><\/script>\n<script>\n  window.dataLayer = window.dataLayer || [];\n  function gtag(){dataLayer.push(arguments);}\n  gtag('js', new Date());\n\n  gtag('config', 'G-Q57WFBLC0Y');\n<\/script>\n<script async src=\"https:\/\/pagead2.googlesyndication.com\/pagead\/js\/adsbygoogle.js?client=ca-pub-3987500858204711\"\n     crossorigin=\"anonymous\"><\/script>\n\t\t<meta property=\"og:locale\" content=\"es_ES\" \/>\n\t\t<meta property=\"og:site_name\" content=\"\u00bfC\u00f3mo Evitarlo? - \u00bfC\u00f3mo Evitarlo?\" \/>\n\t\t<meta property=\"og:type\" content=\"article\" \/>\n\t\t<meta property=\"og:title\" content=\"C\u00f3mo evitar la tos por el aire acondicionado (2026) \u00bfC\u00f3mo Evitarlo?\" \/>\n\t\t<meta property=\"og:description\" content=\"C\u00f3mo evitar la tos por el aire acondicionado Curiosidades y estad\u00edsticas El aire acondicionado puede ser causa de irritaci\u00f3n en garganta y pulmones. El aire acondicionado puede resecar las mucosas y provocar tos seca. Seg\u00fan una encuesta, el 60% de las personas que usan aire acondicionado sufre tos y otros problemas respiratorios. La Organizaci\u00f3n Mundial\" \/>\n\t\t<meta property=\"og:url\" content=\"https:\/\/dudasytextos.com\/comoevitar\/como-evitar-la-tos-por-el-aire-acondicionado\/\" \/>\n\t\t<meta property=\"article:published_time\" content=\"2025-03-05T04:54:06+00:00\" \/>\n\t\t<meta property=\"article:modified_time\" content=\"2025-03-12T13:21:36+00:00\" \/>\n\t\t<meta name=\"twitter:card\" content=\"summary_large_image\" \/>\n\t\t<meta name=\"twitter:title\" content=\"C\u00f3mo evitar la tos por el aire acondicionado (2026) \u00bfC\u00f3mo Evitarlo?\" \/>\n\t\t<meta name=\"twitter:description\" content=\"C\u00f3mo evitar la tos por el aire acondicionado Curiosidades y estad\u00edsticas El aire acondicionado puede ser causa de irritaci\u00f3n en garganta y pulmones. El aire acondicionado puede resecar las mucosas y provocar tos seca. Seg\u00fan una encuesta, el 60% de las personas que usan aire acondicionado sufre tos y otros problemas respiratorios. La Organizaci\u00f3n Mundial\" \/>\n\t\t<script type=\"application\/ld+json\" class=\"aioseo-schema\">\n\t\t\t{\"@context\":\"https:\\\/\\\/schema.org\",\"@graph\":[{\"@type\":\"BlogPosting\",\"@id\":\"https:\\\/\\\/dudasytextos.com\\\/comoevitar\\\/como-evitar-la-tos-por-el-aire-acondicionado\\\/#blogposting\",\"name\":\"C\\u00f3mo evitar la tos por el aire acondicionado (2026) \\u00bfC\\u00f3mo Evitarlo?\",\"headline\":\"C\\u00f3mo evitar la tos por el aire acondicionado\",\"author\":{\"@id\":\"https:\\\/\\\/dudasytextos.com\\\/comoevitar\\\/author\\\/admin23\\\/#author\"},\"publisher\":{\"@id\":\"https:\\\/\\\/dudasytextos.com\\\/comoevitar\\\/#organization\"},\"datePublished\":\"2025-03-05T04:54:06+00:00\",\"dateModified\":\"2025-03-12T13:21:36+00:00\",\"inLanguage\":\"es-ES\",\"mainEntityOfPage\":{\"@id\":\"https:\\\/\\\/dudasytextos.com\\\/comoevitar\\\/como-evitar-la-tos-por-el-aire-acondicionado\\\/#webpage\"},\"isPartOf\":{\"@id\":\"https:\\\/\\\/dudasytextos.com\\\/comoevitar\\\/como-evitar-la-tos-por-el-aire-acondicionado\\\/#webpage\"},\"articleSection\":\"\\u00bfC\\u00f3mo evitar?\"},{\"@type\":\"BreadcrumbList\",\"@id\":\"https:\\\/\\\/dudasytextos.com\\\/comoevitar\\\/como-evitar-la-tos-por-el-aire-acondicionado\\\/#breadcrumblist\",\"itemListElement\":[{\"@type\":\"ListItem\",\"@id\":\"https:\\\/\\\/dudasytextos.com\\\/comoevitar#listItem\",\"position\":1,\"name\":\"Home\",\"item\":\"https:\\\/\\\/dudasytextos.com\\\/comoevitar\",\"nextItem\":{\"@type\":\"ListItem\",\"@id\":\"https:\\\/\\\/dudasytextos.com\\\/comoevitar\\\/category\\\/como-evitar\\\/#listItem\",\"name\":\"\\u00bfC\\u00f3mo evitar?\"}},{\"@type\":\"ListItem\",\"@id\":\"https:\\\/\\\/dudasytextos.com\\\/comoevitar\\\/category\\\/como-evitar\\\/#listItem\",\"position\":2,\"name\":\"\\u00bfC\\u00f3mo evitar?\",\"item\":\"https:\\\/\\\/dudasytextos.com\\\/comoevitar\\\/category\\\/como-evitar\\\/\",\"nextItem\":{\"@type\":\"ListItem\",\"@id\":\"https:\\\/\\\/dudasytextos.com\\\/comoevitar\\\/como-evitar-la-tos-por-el-aire-acondicionado\\\/#listItem\",\"name\":\"C\\u00f3mo evitar la tos por el aire acondicionado\"},\"previousItem\":{\"@type\":\"ListItem\",\"@id\":\"https:\\\/\\\/dudasytextos.com\\\/comoevitar#listItem\",\"name\":\"Home\"}},{\"@type\":\"ListItem\",\"@id\":\"https:\\\/\\\/dudasytextos.com\\\/comoevitar\\\/como-evitar-la-tos-por-el-aire-acondicionado\\\/#listItem\",\"position\":3,\"name\":\"C\\u00f3mo evitar la tos por el aire acondicionado\",\"previousItem\":{\"@type\":\"ListItem\",\"@id\":\"https:\\\/\\\/dudasytextos.com\\\/comoevitar\\\/category\\\/como-evitar\\\/#listItem\",\"name\":\"\\u00bfC\\u00f3mo evitar?\"}}]},{\"@type\":\"Organization\",\"@id\":\"https:\\\/\\\/dudasytextos.com\\\/comoevitar\\\/#organization\",\"name\":\"Recipes\",\"description\":\"\\u00bfC\\u00f3mo Evitarlo?\",\"url\":\"https:\\\/\\\/dudasytextos.com\\\/comoevitar\\\/\"},{\"@type\":\"Person\",\"@id\":\"https:\\\/\\\/dudasytextos.com\\\/comoevitar\\\/author\\\/admin23\\\/#author\",\"url\":\"https:\\\/\\\/dudasytextos.com\\\/comoevitar\\\/author\\\/admin23\\\/\",\"name\":\"Ana Gonz\\u00e1lez\"},{\"@type\":\"WebPage\",\"@id\":\"https:\\\/\\\/dudasytextos.com\\\/comoevitar\\\/como-evitar-la-tos-por-el-aire-acondicionado\\\/#webpage\",\"url\":\"https:\\\/\\\/dudasytextos.com\\\/comoevitar\\\/como-evitar-la-tos-por-el-aire-acondicionado\\\/\",\"name\":\"C\\u00f3mo evitar la tos por el aire acondicionado (2026) \\u00bfC\\u00f3mo Evitarlo?\",\"description\":\"C\\u00f3mo evitar la tos por el aire acondicionado Curiosidades y estad\\u00edsticas El aire acondicionado puede ser causa de irritaci\\u00f3n en garganta y pulmones. El aire acondicionado puede resecar las mucosas y provocar tos seca. Seg\\u00fan una encuesta, el 60% de las personas que usan aire acondicionado sufre tos y otros problemas respiratorios. La Organizaci\\u00f3n Mundial\",\"inLanguage\":\"es-ES\",\"isPartOf\":{\"@id\":\"https:\\\/\\\/dudasytextos.com\\\/comoevitar\\\/#website\"},\"breadcrumb\":{\"@id\":\"https:\\\/\\\/dudasytextos.com\\\/comoevitar\\\/como-evitar-la-tos-por-el-aire-acondicionado\\\/#breadcrumblist\"},\"author\":{\"@id\":\"https:\\\/\\\/dudasytextos.com\\\/comoevitar\\\/author\\\/admin23\\\/#author\"},\"creator\":{\"@id\":\"https:\\\/\\\/dudasytextos.com\\\/comoevitar\\\/author\\\/admin23\\\/#author\"},\"datePublished\":\"2025-03-05T04:54:06+00:00\",\"dateModified\":\"2025-03-12T13:21:36+00:00\"},{\"@type\":\"WebSite\",\"@id\":\"https:\\\/\\\/dudasytextos.com\\\/comoevitar\\\/#website\",\"url\":\"https:\\\/\\\/dudasytextos.com\\\/comoevitar\\\/\",\"name\":\"Recipes\",\"description\":\"\\u00bfC\\u00f3mo Evitarlo?\",\"inLanguage\":\"es-ES\",\"publisher\":{\"@id\":\"https:\\\/\\\/dudasytextos.com\\\/comoevitar\\\/#organization\"}}]}\n\t\t<\/script>\n\t\t<!-- All in One SEO -->\n\n","aioseo_head_json":{"title":"C\u00f3mo evitar la tos por el aire acondicionado (2026) \u00bfC\u00f3mo Evitarlo?","description":"C\u00f3mo evitar la tos por el aire acondicionado Curiosidades y estad\u00edsticas El aire acondicionado puede ser causa de irritaci\u00f3n en garganta y pulmones. El aire acondicionado puede resecar las mucosas y provocar tos seca. Seg\u00fan una encuesta, el 60% de las personas que usan aire acondicionado sufre tos y otros problemas respiratorios. La Organizaci\u00f3n Mundial","canonical_url":"https:\/\/dudasytextos.com\/comoevitar\/como-evitar-la-tos-por-el-aire-acondicionado\/","robots":"max-snippet:-1, max-image-preview:large, max-video-preview:-1","keywords":"","webmasterTools":{"miscellaneous":"&lt;!-- Google tag (gtag.js) --&gt;\n&lt;script async src=\"https:\/\/www.googletagmanager.com\/gtag\/js?id=G-Q57WFBLC0Y\"&gt;&lt;\/script&gt;\n&lt;script&gt;\n  window.dataLayer = window.dataLayer || [];\n  function gtag(){dataLayer.push(arguments);}\n  gtag('js', new Date());\n\n  gtag('config', 'G-Q57WFBLC0Y');\n&lt;\/script&gt;\n&lt;script async src=\"https:\/\/pagead2.googlesyndication.com\/pagead\/js\/adsbygoogle.js?client=ca-pub-3987500858204711\"\n     crossorigin=\"anonymous\"&gt;&lt;\/script&gt;"},"schema":{"@context":"https:\/\/schema.org","@graph":[{"@type":"BlogPosting","@id":"https:\/\/dudasytextos.com\/comoevitar\/como-evitar-la-tos-por-el-aire-acondicionado\/#blogposting","name":"C\u00f3mo evitar la tos por el aire acondicionado (2026) \u00bfC\u00f3mo Evitarlo?","headline":"C\u00f3mo evitar la tos por el aire acondicionado","author":{"@id":"https:\/\/dudasytextos.com\/comoevitar\/author\/admin23\/#author"},"publisher":{"@id":"https:\/\/dudasytextos.com\/comoevitar\/#organization"},"datePublished":"2025-03-05T04:54:06+00:00","dateModified":"2025-03-12T13:21:36+00:00","inLanguage":"es-ES","mainEntityOfPage":{"@id":"https:\/\/dudasytextos.com\/comoevitar\/como-evitar-la-tos-por-el-aire-acondicionado\/#webpage"},"isPartOf":{"@id":"https:\/\/dudasytextos.com\/comoevitar\/como-evitar-la-tos-por-el-aire-acondicionado\/#webpage"},"articleSection":"\u00bfC\u00f3mo evitar?"},{"@type":"BreadcrumbList","@id":"https:\/\/dudasytextos.com\/comoevitar\/como-evitar-la-tos-por-el-aire-acondicionado\/#breadcrumblist","itemListElement":[{"@type":"ListItem","@id":"https:\/\/dudasytextos.com\/comoevitar#listItem","position":1,"name":"Home","item":"https:\/\/dudasytextos.com\/comoevitar","nextItem":{"@type":"ListItem","@id":"https:\/\/dudasytextos.com\/comoevitar\/category\/como-evitar\/#listItem","name":"\u00bfC\u00f3mo evitar?"}},{"@type":"ListItem","@id":"https:\/\/dudasytextos.com\/comoevitar\/category\/como-evitar\/#listItem","position":2,"name":"\u00bfC\u00f3mo evitar?","item":"https:\/\/dudasytextos.com\/comoevitar\/category\/como-evitar\/","nextItem":{"@type":"ListItem","@id":"https:\/\/dudasytextos.com\/comoevitar\/como-evitar-la-tos-por-el-aire-acondicionado\/#listItem","name":"C\u00f3mo evitar la tos por el aire acondicionado"},"previousItem":{"@type":"ListItem","@id":"https:\/\/dudasytextos.com\/comoevitar#listItem","name":"Home"}},{"@type":"ListItem","@id":"https:\/\/dudasytextos.com\/comoevitar\/como-evitar-la-tos-por-el-aire-acondicionado\/#listItem","position":3,"name":"C\u00f3mo evitar la tos por el aire acondicionado","previousItem":{"@type":"ListItem","@id":"https:\/\/dudasytextos.com\/comoevitar\/category\/como-evitar\/#listItem","name":"\u00bfC\u00f3mo evitar?"}}]},{"@type":"Organization","@id":"https:\/\/dudasytextos.com\/comoevitar\/#organization","name":"Recipes","description":"\u00bfC\u00f3mo Evitarlo?","url":"https:\/\/dudasytextos.com\/comoevitar\/"},{"@type":"Person","@id":"https:\/\/dudasytextos.com\/comoevitar\/author\/admin23\/#author","url":"https:\/\/dudasytextos.com\/comoevitar\/author\/admin23\/","name":"Ana Gonz\u00e1lez"},{"@type":"WebPage","@id":"https:\/\/dudasytextos.com\/comoevitar\/como-evitar-la-tos-por-el-aire-acondicionado\/#webpage","url":"https:\/\/dudasytextos.com\/comoevitar\/como-evitar-la-tos-por-el-aire-acondicionado\/","name":"C\u00f3mo evitar la tos por el aire acondicionado (2026) \u00bfC\u00f3mo Evitarlo?","description":"C\u00f3mo evitar la tos por el aire acondicionado Curiosidades y estad\u00edsticas El aire acondicionado puede ser causa de irritaci\u00f3n en garganta y pulmones. El aire acondicionado puede resecar las mucosas y provocar tos seca. Seg\u00fan una encuesta, el 60% de las personas que usan aire acondicionado sufre tos y otros problemas respiratorios. La Organizaci\u00f3n Mundial","inLanguage":"es-ES","isPartOf":{"@id":"https:\/\/dudasytextos.com\/comoevitar\/#website"},"breadcrumb":{"@id":"https:\/\/dudasytextos.com\/comoevitar\/como-evitar-la-tos-por-el-aire-acondicionado\/#breadcrumblist"},"author":{"@id":"https:\/\/dudasytextos.com\/comoevitar\/author\/admin23\/#author"},"creator":{"@id":"https:\/\/dudasytextos.com\/comoevitar\/author\/admin23\/#author"},"datePublished":"2025-03-05T04:54:06+00:00","dateModified":"2025-03-12T13:21:36+00:00"},{"@type":"WebSite","@id":"https:\/\/dudasytextos.com\/comoevitar\/#website","url":"https:\/\/dudasytextos.com\/comoevitar\/","name":"Recipes","description":"\u00bfC\u00f3mo Evitarlo?","inLanguage":"es-ES","publisher":{"@id":"https:\/\/dudasytextos.com\/comoevitar\/#organization"}}]},"og:locale":"es_ES","og:site_name":"\u00bfC\u00f3mo Evitarlo? - \u00bfC\u00f3mo Evitarlo?","og:type":"article","og:title":"C\u00f3mo evitar la tos por el aire acondicionado (2026) \u00bfC\u00f3mo Evitarlo?","og:description":"C\u00f3mo evitar la tos por el aire acondicionado Curiosidades y estad\u00edsticas El aire acondicionado puede ser causa de irritaci\u00f3n en garganta y pulmones. El aire acondicionado puede resecar las mucosas y provocar tos seca. Seg\u00fan una encuesta, el 60% de las personas que usan aire acondicionado sufre tos y otros problemas respiratorios. La Organizaci\u00f3n Mundial","og:url":"https:\/\/dudasytextos.com\/comoevitar\/como-evitar-la-tos-por-el-aire-acondicionado\/","article:published_time":"2025-03-05T04:54:06+00:00","article:modified_time":"2025-03-12T13:21:36+00:00","twitter:card":"summary_large_image","twitter:title":"C\u00f3mo evitar la tos por el aire acondicionado (2026) \u00bfC\u00f3mo Evitarlo?","twitter:description":"C\u00f3mo evitar la tos por el aire acondicionado Curiosidades y estad\u00edsticas El aire acondicionado puede ser causa de irritaci\u00f3n en garganta y pulmones. El aire acondicionado puede resecar las mucosas y provocar tos seca. Seg\u00fan una encuesta, el 60% de las personas que usan aire acondicionado sufre tos y otros problemas respiratorios. La Organizaci\u00f3n Mundial"},"aioseo_meta_data":{"post_id":"140545","title":null,"description":null,"keywords":null,"keyphrases":null,"primary_term":null,"canonical_url":null,"og_title":null,"og_description":null,"og_object_type":"default","og_image_type":"default","og_image_url":null,"og_image_width":null,"og_image_height":null,"og_image_custom_url":null,"og_image_custom_fields":null,"og_video":null,"og_custom_url":null,"og_article_section":null,"og_article_tags":null,"twitter_use_og":false,"twitter_card":"default","twitter_image_type":"default","twitter_image_url":null,"twitter_image_custom_url":null,"twitter_image_custom_fields":null,"twitter_title":null,"twitter_description":null,"schema":{"blockGraphs":[],"customGraphs":[],"default":{"data":{"Article":[],"Course":[],"Dataset":[],"FAQPage":[],"Movie":[],"Person":[],"Product":[],"ProductReview":[],"Car":[],"Recipe":[],"Service":[],"SoftwareApplication":[],"WebPage":[]},"graphName":"","isEnabled":true},"graphs":[]},"schema_type":"default","schema_type_options":null,"pillar_content":false,"robots_default":true,"robots_noindex":false,"robots_noarchive":false,"robots_nosnippet":false,"robots_nofollow":false,"robots_noimageindex":false,"robots_noodp":false,"robots_notranslate":false,"robots_max_snippet":null,"robots_max_videopreview":null,"robots_max_imagepreview":"large","priority":null,"frequency":null,"local_seo":null,"breadcrumb_settings":null,"limit_modified_date":false,"ai":null,"created":"2023-05-03 23:45:23","updated":"2025-06-04 14:32:57","seo_analyzer_scan_date":null,"focus_keyword":null,"additional_keywords":null,"truseo_locale":null},"aioseo_breadcrumb":"<div class=\"aioseo-breadcrumbs\"><span class=\"aioseo-breadcrumb\">\n\t\t\t<a href=\"https:\/\/dudasytextos.com\/comoevitar\" title=\"Home\">Home<\/a>\n\t\t<\/span><span class=\"aioseo-breadcrumb-separator\">&raquo;<\/span><span class=\"aioseo-breadcrumb\">\n\t\t\t<a href=\"https:\/\/dudasytextos.com\/comoevitar\/category\/como-evitar\/\" title=\"\u00bfC\u00f3mo evitar?\">\u00bfC\u00f3mo evitar?<\/a>\n\t\t<\/span><span class=\"aioseo-breadcrumb-separator\">&raquo;<\/span><span class=\"aioseo-breadcrumb\">\n\t\t\tC\u00f3mo evitar la tos por el aire acondicionado\n\t\t<\/span><\/div>","aioseo_breadcrumb_json":[{"label":"Home","link":"https:\/\/dudasytextos.com\/comoevitar"},{"label":"\u00bfC\u00f3mo evitar?","link":"https:\/\/dudasytextos.com\/comoevitar\/category\/como-evitar\/"},{"label":"C\u00f3mo evitar la tos por el aire acondicionado","link":"https:\/\/dudasytextos.com\/comoevitar\/como-evitar-la-tos-por-el-aire-acondicionado\/"}],"_links":{"self":[{"href":"https:\/\/dudasytextos.com\/comoevitar\/wp-json\/wp\/v2\/posts\/140545","targetHints":{"allow":["GET"]}}],"collection":[{"href":"https:\/\/dudasytextos.com\/comoevitar\/wp-json\/wp\/v2\/posts"}],"about":[{"href":"https:\/\/dudasytextos.com\/comoevitar\/wp-json\/wp\/v2\/types\/post"}],"author":[{"embeddable":true,"href":"https:\/\/dudasytextos.com\/comoevitar\/wp-json\/wp\/v2\/users\/1"}],"replies":[{"embeddable":true,"href":"https:\/\/dudasytextos.com\/comoevitar\/wp-json\/wp\/v2\/comments?post=140545"}],"version-history":[{"count":1,"href":"https:\/\/dudasytextos.com\/comoevitar\/wp-json\/wp\/v2\/posts\/140545\/revisions"}],"predecessor-version":[{"id":142200,"href":"https:\/\/dudasytextos.com\/comoevitar\/wp-json\/wp\/v2\/posts\/140545\/revisions\/142200"}],"wp:attachment":[{"href":"https:\/\/dudasytextos.com\/comoevitar\/wp-json\/wp\/v2\/media?parent=140545"}],"wp:term":[{"taxonomy":"category","embeddable":true,"href":"https:\/\/dudasytextos.com\/comoevitar\/wp-json\/wp\/v2\/categories?post=140545"},{"taxonomy":"post_tag","embeddable":true,"href":"https:\/\/dudasytextos.com\/comoevitar\/wp-json\/wp\/v2\/tags?post=140545"}],"curies":[{"name":"wp","href":"https:\/\/api.w.org\/{rel}","templated":true}]}}