{"id":140590,"date":"2025-02-16T17:59:20","date_gmt":"2025-02-16T17:59:20","guid":{"rendered":"https:\/\/educacion.cc\/?p=140590"},"modified":"2025-03-13T07:49:28","modified_gmt":"2025-03-13T07:49:28","slug":"como-prevenir-la-displasia-de-cadera-en-bebes","status":"publish","type":"post","link":"https:\/\/dudasytextos.com\/comoevitar\/como-prevenir-la-displasia-de-cadera-en-bebes\/","title":{"rendered":"C\u00f3mo prevenir la displasia de cadera en bebes"},"content":{"rendered":"<div id=\"ez-toc-container\" class=\"ez-toc-v2_0_87 counter-hierarchy ez-toc-counter ez-toc-custom ez-toc-container-direction\">\n<div class=\"ez-toc-title-container\">\n<span class=\"ez-toc-title-toggle\"><\/span><\/div>\n<nav><ul class='ez-toc-list ez-toc-list-level-1 ' ><li class='ez-toc-page-1 ez-toc-heading-level-2'><a class=\"ez-toc-link ez-toc-heading-1\" href=\"https:\/\/dudasytextos.com\/comoevitar\/como-prevenir-la-displasia-de-cadera-en-bebes\/#Como_Prevenir_la_Displasia_de_Cadera_en_Bebes\" >C\u00f3mo Prevenir la Displasia de Cadera en Beb\u00e9s<\/a><\/li><li class='ez-toc-page-1 ez-toc-heading-level-2'><a class=\"ez-toc-link ez-toc-heading-2\" href=\"https:\/\/dudasytextos.com\/comoevitar\/como-prevenir-la-displasia-de-cadera-en-bebes\/#Curiosidades_sobre_la_displasia_de_cadera_en_bebes\" >Curiosidades sobre la displasia de cadera en beb\u00e9s<\/a><\/li><li class='ez-toc-page-1 ez-toc-heading-level-2'><a class=\"ez-toc-link ez-toc-heading-3\" href=\"https:\/\/dudasytextos.com\/comoevitar\/como-prevenir-la-displasia-de-cadera-en-bebes\/#%C2%BFQue_es_la_displasia_de_cadera\" >\u00bfQu\u00e9 es la displasia de cadera?<\/a><\/li><li class='ez-toc-page-1 ez-toc-heading-level-2'><a class=\"ez-toc-link ez-toc-heading-4\" href=\"https:\/\/dudasytextos.com\/comoevitar\/como-prevenir-la-displasia-de-cadera-en-bebes\/#%C2%BFComo_puedo_prevenir_la_displasia_de_cadera_en_mi_bebe\" >\u00bfC\u00f3mo puedo prevenir la displasia de cadera en mi beb\u00e9?<\/a><\/li><li class='ez-toc-page-1 ez-toc-heading-level-2'><a class=\"ez-toc-link ez-toc-heading-5\" href=\"https:\/\/dudasytextos.com\/comoevitar\/como-prevenir-la-displasia-de-cadera-en-bebes\/#Experiencia_personal\" >Experiencia personal<\/a><\/li><li class='ez-toc-page-1 ez-toc-heading-level-2'><a class=\"ez-toc-link ez-toc-heading-6\" href=\"https:\/\/dudasytextos.com\/comoevitar\/como-prevenir-la-displasia-de-cadera-en-bebes\/#Preguntas_frecuentes\" >Preguntas frecuentes<\/a><ul class='ez-toc-list-level-3' ><li class='ez-toc-heading-level-3'><a class=\"ez-toc-link ez-toc-heading-7\" href=\"https:\/\/dudasytextos.com\/comoevitar\/como-prevenir-la-displasia-de-cadera-en-bebes\/#%C2%BFCuales_son_los_sintomas_de_la_displasia_de_cadera_en_bebes\" >\u00bfCu\u00e1les son los s\u00edntomas de la displasia de cadera en beb\u00e9s?<\/a><\/li><li class='ez-toc-page-1 ez-toc-heading-level-3'><a class=\"ez-toc-link ez-toc-heading-8\" href=\"https:\/\/dudasytextos.com\/comoevitar\/como-prevenir-la-displasia-de-cadera-en-bebes\/#%C2%BFComo_se_diagnostica_la_displasia_de_cadera_en_bebes\" >\u00bfC\u00f3mo se diagnostica la displasia de cadera en beb\u00e9s?<\/a><\/li><li class='ez-toc-page-1 ez-toc-heading-level-3'><a class=\"ez-toc-link ez-toc-heading-9\" href=\"https:\/\/dudasytextos.com\/comoevitar\/como-prevenir-la-displasia-de-cadera-en-bebes\/#%C2%BFQue_tratamientos_estan_disponibles_para_la_displasia_de_cadera_en_bebes\" >\u00bfQu\u00e9 tratamientos est\u00e1n disponibles para la displasia de cadera en beb\u00e9s?<\/a><\/li><\/ul><\/li><\/ul><\/nav><\/div>\n<h2><span class=\"ez-toc-section\" id=\"Como_Prevenir_la_Displasia_de_Cadera_en_Bebes\"><\/span>C\u00f3mo Prevenir la Displasia de Cadera en Beb\u00e9s<span class=\"ez-toc-section-end\"><\/span><\/h2>\n<p>\u00a1Hola a todos! Soy Ana Gonz\u00e1lez y en este art\u00edculo hablar\u00e9 sobre la displasia de cadera en beb\u00e9s y c\u00f3mo prevenirla. Como madre de dos ni\u00f1os, s\u00e9 lo importante que es mantener a nuestros peque\u00f1os sanos y felices. \u00a1As\u00ed que empecemos!<\/p>\n<section>\n<h2><span class=\"ez-toc-section\" id=\"Curiosidades_sobre_la_displasia_de_cadera_en_bebes\"><\/span>Curiosidades sobre la displasia de cadera en beb\u00e9s<span class=\"ez-toc-section-end\"><\/span><\/h2>\n<ul>\n<li>La displasia de cadera es una enfermedad que puede afectar a beb\u00e9s y ni\u00f1os peque\u00f1os<\/li>\n<li>Esta enfermedad es m\u00e1s com\u00fan en ni\u00f1as que en ni\u00f1os<\/li>\n<li>La detecci\u00f3n temprana es clave para tratar la enfermedad de manera efectiva<\/li>\n<li>La prevalencia de la displasia de cadera es del 1-2% en beb\u00e9s reci\u00e9n nacidos<\/li>\n<li>El tratamiento temprano puede prevenir la necesidad de una cirug\u00eda m\u00e1s adelante en la vida<\/li>\n<\/ul>\n<\/section>\n<section>\n<h2><span class=\"ez-toc-section\" id=\"%C2%BFQue_es_la_displasia_de_cadera\"><\/span>\u00bfQu\u00e9 es la displasia de cadera?<span class=\"ez-toc-section-end\"><\/span><\/h2>\n<p>La displasia de cadera es una enfermedad en la que la cadera del beb\u00e9 no se desarrolla correctamente. Esto puede provocar una mala alineaci\u00f3n de la cadera y problemas en el futuro. La enfermedad ocurre cuando la cabeza del f\u00e9mur no se ajusta adecuadamente en la cavidad de la cadera. Los beb\u00e9s con esta enfermedad pueden tener problemas para caminar, dolor y limitaciones en la movilidad.<\/p>\n<\/section>\n<section>\n<h2><span class=\"ez-toc-section\" id=\"%C2%BFComo_puedo_prevenir_la_displasia_de_cadera_en_mi_bebe\"><\/span>\u00bfC\u00f3mo puedo prevenir la displasia de cadera en mi beb\u00e9?<span class=\"ez-toc-section-end\"><\/span><\/h2>\n<p>Hay varias cosas que puedes hacer para prevenir la displasia de cadera en tu beb\u00e9:<\/p>\n<ul>\n<li>Realiza ex\u00e1menes regulares de cadera en tu beb\u00e9<\/li>\n<li>Mant\u00e9n a tu beb\u00e9 en una posici\u00f3n adecuada mientras duerme<\/li>\n<li>No uses porta beb\u00e9s que presionen las piernas de tu beb\u00e9 juntas<\/li>\n<li>Evita los asientos para beb\u00e9s que mantengan las piernas de tu beb\u00e9 juntas<\/li>\n<li>Fomenta el movimiento y la actividad f\u00edsica en tu beb\u00e9<\/li>\n<\/ul>\n<p>Recuerda, la detecci\u00f3n temprana es clave para tratar la enfermedad de manera efectiva. Si sospechas que tu beb\u00e9 tiene displasia de cadera, consulta con tu pediatra de inmediato.<\/p>\n<\/section>\n<section>\n<h2><span class=\"ez-toc-section\" id=\"Experiencia_personal\"><\/span>Experiencia personal<span class=\"ez-toc-section-end\"><\/span><\/h2>\n<p>Con mi primer hijo, no estaba al tanto de la displasia de cadera y no hice los ex\u00e1menes regulares necesarios. Cuando mi hijo ten\u00eda 6 meses, not\u00e9 que no estaba moviendo sus piernas como deber\u00eda. Fue entonces cuando me di cuenta de que ten\u00eda displasia de cadera y tuvo que usar un arn\u00e9s para ayudar en su tratamiento. Afortunadamente, pudimos tratar la enfermedad de manera efectiva y mi hijo no tuvo que someterse a una cirug\u00eda. Con mi segundo hijo, hice los ex\u00e1menes regulares desde el principio y no hemos tenido problemas con la displasia de cadera.<\/p>\n<p>De mi experiencia personal, aprend\u00ed la importancia de hacer los ex\u00e1menes regulares de cadera y estar al tanto de los s\u00edntomas de la enfermedad.<\/p>\n<\/section>\n<section>\n<h2><span class=\"ez-toc-section\" id=\"Preguntas_frecuentes\"><\/span>Preguntas frecuentes<span class=\"ez-toc-section-end\"><\/span><\/h2>\n<h3><span class=\"ez-toc-section\" id=\"%C2%BFCuales_son_los_sintomas_de_la_displasia_de_cadera_en_bebes\"><\/span>\u00bfCu\u00e1les son los s\u00edntomas de la displasia de cadera en beb\u00e9s?<span class=\"ez-toc-section-end\"><\/span><\/h3>\n<p>Los s\u00edntomas de la displasia de cadera en beb\u00e9s pueden incluir:<\/p>\n<ul>\n<li>Limitaciones en la movilidad<\/li>\n<li>Problemas para caminar<\/li>\n<li>Dolor<\/li>\n<li>Una pierna m\u00e1s corta que la otra<\/li>\n<li>Una cadera que parece m\u00e1s grande o m\u00e1s peque\u00f1a que la otra<\/li>\n<\/ul>\n<h3><span class=\"ez-toc-section\" id=\"%C2%BFComo_se_diagnostica_la_displasia_de_cadera_en_bebes\"><\/span>\u00bfC\u00f3mo se diagnostica la displasia de cadera en beb\u00e9s?<span class=\"ez-toc-section-end\"><\/span><\/h3>\n<p>La displasia de cadera se diagnostica mediante ex\u00e1menes regulares de cadera. El pediatra realizar\u00e1 un examen f\u00edsico y puede ordenar una ecograf\u00eda o radiograf\u00eda para confirmar el diagn\u00f3stico.<\/p>\n<h3><span class=\"ez-toc-section\" id=\"%C2%BFQue_tratamientos_estan_disponibles_para_la_displasia_de_cadera_en_bebes\"><\/span>\u00bfQu\u00e9 tratamientos est\u00e1n disponibles para la displasia de cadera en beb\u00e9s?<span class=\"ez-toc-section-end\"><\/span><\/h3>\n<p>El tratamiento depende de la gravedad de la enfermedad. En casos leves, puede ser suficiente fomentar la actividad f\u00edsica y el movimiento. En casos m\u00e1s graves, se puede requerir el uso de un arn\u00e9s o una cirug\u00eda. Es importante mantener una comunicaci\u00f3n abierta con tu pediatra para determinar el mejor plan de tratamiento para tu beb\u00e9.<\/p>\n<\/section>\n<footer>\n<p>Espero que este art\u00edculo haya sido \u00fatil para ti. Recuerda, la detecci\u00f3n temprana es clave para tratar la displasia de cadera de manera efectiva. \u00a1Mant\u00e9n a tu beb\u00e9 activo y saludable!<\/p>\n<\/footer>\n","protected":false},"excerpt":{"rendered":"<p>C\u00f3mo Prevenir la Displasia de Cadera en Beb\u00e9s \u00a1Hola a todos! Soy Ana Gonz\u00e1lez y en este art\u00edculo hablar\u00e9 sobre la displasia de cadera en beb\u00e9s y c\u00f3mo prevenirla. Como madre de dos ni\u00f1os, s\u00e9 lo importante que es mantener a nuestros peque\u00f1os sanos y felices. \u00a1As\u00ed que empecemos! Curiosidades sobre la displasia de cadera &#8230; <a title=\"C\u00f3mo prevenir la displasia de cadera en bebes\" class=\"read-more\" href=\"https:\/\/dudasytextos.com\/comoevitar\/como-prevenir-la-displasia-de-cadera-en-bebes\/\" aria-label=\"M\u00e1s en C\u00f3mo prevenir la displasia de cadera en bebes\">Leer m\u00e1s<\/a><\/p>\n","protected":false},"author":1,"featured_media":0,"comment_status":"open","ping_status":"open","sticky":false,"template":"","format":"standard","meta":{"footnotes":""},"categories":[3],"tags":[],"class_list":["post-140590","post","type-post","status-publish","format-standard","hentry","category-como-evitar"],"aioseo_notices":[],"aioseo_head":"\n\t\t<!-- All in One SEO 5.0.1.1 - aioseo.com -->\n\t<meta name=\"description\" content=\"C\u00f3mo Prevenir la Displasia de Cadera en Beb\u00e9s \u00a1Hola a todos! Soy Ana Gonz\u00e1lez y en este art\u00edculo hablar\u00e9 sobre la displasia de cadera en beb\u00e9s y c\u00f3mo prevenirla. Como madre de dos ni\u00f1os, s\u00e9 lo importante que es mantener a nuestros peque\u00f1os sanos y felices. \u00a1As\u00ed que empecemos! Curiosidades sobre la displasia de cadera\" \/>\n\t<meta name=\"robots\" content=\"max-snippet:-1, max-image-preview:large, max-video-preview:-1\" \/>\n\t<meta name=\"author\" content=\"Ana Gonz\u00e1lez\"\/>\n\t<link rel=\"canonical\" href=\"https:\/\/dudasytextos.com\/comoevitar\/como-prevenir-la-displasia-de-cadera-en-bebes\/\" \/>\n\t<meta name=\"generator\" content=\"All in One SEO (AIOSEO) 5.0.1.1\" \/>\n\n\t\t<!-- Google tag (gtag.js) -->\n<script async src=\"https:\/\/www.googletagmanager.com\/gtag\/js?id=G-Q57WFBLC0Y\"><\/script>\n<script>\n  window.dataLayer = window.dataLayer || [];\n  function gtag(){dataLayer.push(arguments);}\n  gtag('js', new Date());\n\n  gtag('config', 'G-Q57WFBLC0Y');\n<\/script>\n<script async src=\"https:\/\/pagead2.googlesyndication.com\/pagead\/js\/adsbygoogle.js?client=ca-pub-3987500858204711\"\n     crossorigin=\"anonymous\"><\/script>\n\t\t<meta property=\"og:locale\" content=\"es_ES\" \/>\n\t\t<meta property=\"og:site_name\" content=\"\u00bfC\u00f3mo Evitarlo? - \u00bfC\u00f3mo Evitarlo?\" \/>\n\t\t<meta property=\"og:type\" content=\"article\" \/>\n\t\t<meta property=\"og:title\" content=\"C\u00f3mo prevenir la displasia de cadera en bebes (2026) \u00bfC\u00f3mo Evitarlo?\" \/>\n\t\t<meta property=\"og:description\" content=\"C\u00f3mo Prevenir la Displasia de Cadera en Beb\u00e9s \u00a1Hola a todos! Soy Ana Gonz\u00e1lez y en este art\u00edculo hablar\u00e9 sobre la displasia de cadera en beb\u00e9s y c\u00f3mo prevenirla. Como madre de dos ni\u00f1os, s\u00e9 lo importante que es mantener a nuestros peque\u00f1os sanos y felices. \u00a1As\u00ed que empecemos! Curiosidades sobre la displasia de cadera\" \/>\n\t\t<meta property=\"og:url\" content=\"https:\/\/dudasytextos.com\/comoevitar\/como-prevenir-la-displasia-de-cadera-en-bebes\/\" \/>\n\t\t<meta property=\"article:published_time\" content=\"2025-02-16T17:59:20+00:00\" \/>\n\t\t<meta property=\"article:modified_time\" content=\"2025-03-13T07:49:28+00:00\" \/>\n\t\t<meta name=\"twitter:card\" content=\"summary_large_image\" \/>\n\t\t<meta name=\"twitter:title\" content=\"C\u00f3mo prevenir la displasia de cadera en bebes (2026) \u00bfC\u00f3mo Evitarlo?\" \/>\n\t\t<meta name=\"twitter:description\" content=\"C\u00f3mo Prevenir la Displasia de Cadera en Beb\u00e9s \u00a1Hola a todos! Soy Ana Gonz\u00e1lez y en este art\u00edculo hablar\u00e9 sobre la displasia de cadera en beb\u00e9s y c\u00f3mo prevenirla. Como madre de dos ni\u00f1os, s\u00e9 lo importante que es mantener a nuestros peque\u00f1os sanos y felices. \u00a1As\u00ed que empecemos! Curiosidades sobre la displasia de cadera\" \/>\n\t\t<script type=\"application\/ld+json\" class=\"aioseo-schema\">\n\t\t\t{\"@context\":\"https:\\\/\\\/schema.org\",\"@graph\":[{\"@type\":\"BlogPosting\",\"@id\":\"https:\\\/\\\/dudasytextos.com\\\/comoevitar\\\/como-prevenir-la-displasia-de-cadera-en-bebes\\\/#blogposting\",\"name\":\"C\\u00f3mo prevenir la displasia de cadera en bebes (2026) \\u00bfC\\u00f3mo Evitarlo?\",\"headline\":\"C\\u00f3mo prevenir la displasia de cadera en bebes\",\"author\":{\"@id\":\"https:\\\/\\\/dudasytextos.com\\\/comoevitar\\\/author\\\/admin23\\\/#author\"},\"publisher\":{\"@id\":\"https:\\\/\\\/dudasytextos.com\\\/comoevitar\\\/#organization\"},\"datePublished\":\"2025-02-16T17:59:20+00:00\",\"dateModified\":\"2025-03-13T07:49:28+00:00\",\"inLanguage\":\"es-ES\",\"mainEntityOfPage\":{\"@id\":\"https:\\\/\\\/dudasytextos.com\\\/comoevitar\\\/como-prevenir-la-displasia-de-cadera-en-bebes\\\/#webpage\"},\"isPartOf\":{\"@id\":\"https:\\\/\\\/dudasytextos.com\\\/comoevitar\\\/como-prevenir-la-displasia-de-cadera-en-bebes\\\/#webpage\"},\"articleSection\":\"\\u00bfC\\u00f3mo evitar?\"},{\"@type\":\"BreadcrumbList\",\"@id\":\"https:\\\/\\\/dudasytextos.com\\\/comoevitar\\\/como-prevenir-la-displasia-de-cadera-en-bebes\\\/#breadcrumblist\",\"itemListElement\":[{\"@type\":\"ListItem\",\"@id\":\"https:\\\/\\\/dudasytextos.com\\\/comoevitar#listItem\",\"position\":1,\"name\":\"Home\",\"item\":\"https:\\\/\\\/dudasytextos.com\\\/comoevitar\",\"nextItem\":{\"@type\":\"ListItem\",\"@id\":\"https:\\\/\\\/dudasytextos.com\\\/comoevitar\\\/category\\\/como-evitar\\\/#listItem\",\"name\":\"\\u00bfC\\u00f3mo evitar?\"}},{\"@type\":\"ListItem\",\"@id\":\"https:\\\/\\\/dudasytextos.com\\\/comoevitar\\\/category\\\/como-evitar\\\/#listItem\",\"position\":2,\"name\":\"\\u00bfC\\u00f3mo evitar?\",\"item\":\"https:\\\/\\\/dudasytextos.com\\\/comoevitar\\\/category\\\/como-evitar\\\/\",\"nextItem\":{\"@type\":\"ListItem\",\"@id\":\"https:\\\/\\\/dudasytextos.com\\\/comoevitar\\\/como-prevenir-la-displasia-de-cadera-en-bebes\\\/#listItem\",\"name\":\"C\\u00f3mo prevenir la displasia de cadera en bebes\"},\"previousItem\":{\"@type\":\"ListItem\",\"@id\":\"https:\\\/\\\/dudasytextos.com\\\/comoevitar#listItem\",\"name\":\"Home\"}},{\"@type\":\"ListItem\",\"@id\":\"https:\\\/\\\/dudasytextos.com\\\/comoevitar\\\/como-prevenir-la-displasia-de-cadera-en-bebes\\\/#listItem\",\"position\":3,\"name\":\"C\\u00f3mo prevenir la displasia de cadera en bebes\",\"previousItem\":{\"@type\":\"ListItem\",\"@id\":\"https:\\\/\\\/dudasytextos.com\\\/comoevitar\\\/category\\\/como-evitar\\\/#listItem\",\"name\":\"\\u00bfC\\u00f3mo evitar?\"}}]},{\"@type\":\"Organization\",\"@id\":\"https:\\\/\\\/dudasytextos.com\\\/comoevitar\\\/#organization\",\"name\":\"Recipes\",\"description\":\"\\u00bfC\\u00f3mo Evitarlo?\",\"url\":\"https:\\\/\\\/dudasytextos.com\\\/comoevitar\\\/\"},{\"@type\":\"Person\",\"@id\":\"https:\\\/\\\/dudasytextos.com\\\/comoevitar\\\/author\\\/admin23\\\/#author\",\"url\":\"https:\\\/\\\/dudasytextos.com\\\/comoevitar\\\/author\\\/admin23\\\/\",\"name\":\"Ana Gonz\\u00e1lez\"},{\"@type\":\"WebPage\",\"@id\":\"https:\\\/\\\/dudasytextos.com\\\/comoevitar\\\/como-prevenir-la-displasia-de-cadera-en-bebes\\\/#webpage\",\"url\":\"https:\\\/\\\/dudasytextos.com\\\/comoevitar\\\/como-prevenir-la-displasia-de-cadera-en-bebes\\\/\",\"name\":\"C\\u00f3mo prevenir la displasia de cadera en bebes (2026) \\u00bfC\\u00f3mo Evitarlo?\",\"description\":\"C\\u00f3mo Prevenir la Displasia de Cadera en Beb\\u00e9s \\u00a1Hola a todos! Soy Ana Gonz\\u00e1lez y en este art\\u00edculo hablar\\u00e9 sobre la displasia de cadera en beb\\u00e9s y c\\u00f3mo prevenirla. Como madre de dos ni\\u00f1os, s\\u00e9 lo importante que es mantener a nuestros peque\\u00f1os sanos y felices. \\u00a1As\\u00ed que empecemos! Curiosidades sobre la displasia de cadera\",\"inLanguage\":\"es-ES\",\"isPartOf\":{\"@id\":\"https:\\\/\\\/dudasytextos.com\\\/comoevitar\\\/#website\"},\"breadcrumb\":{\"@id\":\"https:\\\/\\\/dudasytextos.com\\\/comoevitar\\\/como-prevenir-la-displasia-de-cadera-en-bebes\\\/#breadcrumblist\"},\"author\":{\"@id\":\"https:\\\/\\\/dudasytextos.com\\\/comoevitar\\\/author\\\/admin23\\\/#author\"},\"creator\":{\"@id\":\"https:\\\/\\\/dudasytextos.com\\\/comoevitar\\\/author\\\/admin23\\\/#author\"},\"datePublished\":\"2025-02-16T17:59:20+00:00\",\"dateModified\":\"2025-03-13T07:49:28+00:00\"},{\"@type\":\"WebSite\",\"@id\":\"https:\\\/\\\/dudasytextos.com\\\/comoevitar\\\/#website\",\"url\":\"https:\\\/\\\/dudasytextos.com\\\/comoevitar\\\/\",\"name\":\"Recipes\",\"description\":\"\\u00bfC\\u00f3mo Evitarlo?\",\"inLanguage\":\"es-ES\",\"publisher\":{\"@id\":\"https:\\\/\\\/dudasytextos.com\\\/comoevitar\\\/#organization\"}}]}\n\t\t<\/script>\n\t\t<!-- All in One SEO -->\n\n","aioseo_head_json":{"title":"C\u00f3mo prevenir la displasia de cadera en bebes (2026) \u00bfC\u00f3mo Evitarlo?","description":"C\u00f3mo Prevenir la Displasia de Cadera en Beb\u00e9s \u00a1Hola a todos! Soy Ana Gonz\u00e1lez y en este art\u00edculo hablar\u00e9 sobre la displasia de cadera en beb\u00e9s y c\u00f3mo prevenirla. Como madre de dos ni\u00f1os, s\u00e9 lo importante que es mantener a nuestros peque\u00f1os sanos y felices. \u00a1As\u00ed que empecemos! Curiosidades sobre la displasia de cadera","canonical_url":"https:\/\/dudasytextos.com\/comoevitar\/como-prevenir-la-displasia-de-cadera-en-bebes\/","robots":"max-snippet:-1, max-image-preview:large, max-video-preview:-1","keywords":"","webmasterTools":{"miscellaneous":"&lt;!-- Google tag (gtag.js) --&gt;\n&lt;script async src=\"https:\/\/www.googletagmanager.com\/gtag\/js?id=G-Q57WFBLC0Y\"&gt;&lt;\/script&gt;\n&lt;script&gt;\n  window.dataLayer = window.dataLayer || [];\n  function gtag(){dataLayer.push(arguments);}\n  gtag('js', new Date());\n\n  gtag('config', 'G-Q57WFBLC0Y');\n&lt;\/script&gt;\n&lt;script async src=\"https:\/\/pagead2.googlesyndication.com\/pagead\/js\/adsbygoogle.js?client=ca-pub-3987500858204711\"\n     crossorigin=\"anonymous\"&gt;&lt;\/script&gt;"},"schema":{"@context":"https:\/\/schema.org","@graph":[{"@type":"BlogPosting","@id":"https:\/\/dudasytextos.com\/comoevitar\/como-prevenir-la-displasia-de-cadera-en-bebes\/#blogposting","name":"C\u00f3mo prevenir la displasia de cadera en bebes (2026) \u00bfC\u00f3mo Evitarlo?","headline":"C\u00f3mo prevenir la displasia de cadera en bebes","author":{"@id":"https:\/\/dudasytextos.com\/comoevitar\/author\/admin23\/#author"},"publisher":{"@id":"https:\/\/dudasytextos.com\/comoevitar\/#organization"},"datePublished":"2025-02-16T17:59:20+00:00","dateModified":"2025-03-13T07:49:28+00:00","inLanguage":"es-ES","mainEntityOfPage":{"@id":"https:\/\/dudasytextos.com\/comoevitar\/como-prevenir-la-displasia-de-cadera-en-bebes\/#webpage"},"isPartOf":{"@id":"https:\/\/dudasytextos.com\/comoevitar\/como-prevenir-la-displasia-de-cadera-en-bebes\/#webpage"},"articleSection":"\u00bfC\u00f3mo evitar?"},{"@type":"BreadcrumbList","@id":"https:\/\/dudasytextos.com\/comoevitar\/como-prevenir-la-displasia-de-cadera-en-bebes\/#breadcrumblist","itemListElement":[{"@type":"ListItem","@id":"https:\/\/dudasytextos.com\/comoevitar#listItem","position":1,"name":"Home","item":"https:\/\/dudasytextos.com\/comoevitar","nextItem":{"@type":"ListItem","@id":"https:\/\/dudasytextos.com\/comoevitar\/category\/como-evitar\/#listItem","name":"\u00bfC\u00f3mo evitar?"}},{"@type":"ListItem","@id":"https:\/\/dudasytextos.com\/comoevitar\/category\/como-evitar\/#listItem","position":2,"name":"\u00bfC\u00f3mo evitar?","item":"https:\/\/dudasytextos.com\/comoevitar\/category\/como-evitar\/","nextItem":{"@type":"ListItem","@id":"https:\/\/dudasytextos.com\/comoevitar\/como-prevenir-la-displasia-de-cadera-en-bebes\/#listItem","name":"C\u00f3mo prevenir la displasia de cadera en bebes"},"previousItem":{"@type":"ListItem","@id":"https:\/\/dudasytextos.com\/comoevitar#listItem","name":"Home"}},{"@type":"ListItem","@id":"https:\/\/dudasytextos.com\/comoevitar\/como-prevenir-la-displasia-de-cadera-en-bebes\/#listItem","position":3,"name":"C\u00f3mo prevenir la displasia de cadera en bebes","previousItem":{"@type":"ListItem","@id":"https:\/\/dudasytextos.com\/comoevitar\/category\/como-evitar\/#listItem","name":"\u00bfC\u00f3mo evitar?"}}]},{"@type":"Organization","@id":"https:\/\/dudasytextos.com\/comoevitar\/#organization","name":"Recipes","description":"\u00bfC\u00f3mo Evitarlo?","url":"https:\/\/dudasytextos.com\/comoevitar\/"},{"@type":"Person","@id":"https:\/\/dudasytextos.com\/comoevitar\/author\/admin23\/#author","url":"https:\/\/dudasytextos.com\/comoevitar\/author\/admin23\/","name":"Ana Gonz\u00e1lez"},{"@type":"WebPage","@id":"https:\/\/dudasytextos.com\/comoevitar\/como-prevenir-la-displasia-de-cadera-en-bebes\/#webpage","url":"https:\/\/dudasytextos.com\/comoevitar\/como-prevenir-la-displasia-de-cadera-en-bebes\/","name":"C\u00f3mo prevenir la displasia de cadera en bebes (2026) \u00bfC\u00f3mo Evitarlo?","description":"C\u00f3mo Prevenir la Displasia de Cadera en Beb\u00e9s \u00a1Hola a todos! Soy Ana Gonz\u00e1lez y en este art\u00edculo hablar\u00e9 sobre la displasia de cadera en beb\u00e9s y c\u00f3mo prevenirla. Como madre de dos ni\u00f1os, s\u00e9 lo importante que es mantener a nuestros peque\u00f1os sanos y felices. \u00a1As\u00ed que empecemos! Curiosidades sobre la displasia de cadera","inLanguage":"es-ES","isPartOf":{"@id":"https:\/\/dudasytextos.com\/comoevitar\/#website"},"breadcrumb":{"@id":"https:\/\/dudasytextos.com\/comoevitar\/como-prevenir-la-displasia-de-cadera-en-bebes\/#breadcrumblist"},"author":{"@id":"https:\/\/dudasytextos.com\/comoevitar\/author\/admin23\/#author"},"creator":{"@id":"https:\/\/dudasytextos.com\/comoevitar\/author\/admin23\/#author"},"datePublished":"2025-02-16T17:59:20+00:00","dateModified":"2025-03-13T07:49:28+00:00"},{"@type":"WebSite","@id":"https:\/\/dudasytextos.com\/comoevitar\/#website","url":"https:\/\/dudasytextos.com\/comoevitar\/","name":"Recipes","description":"\u00bfC\u00f3mo Evitarlo?","inLanguage":"es-ES","publisher":{"@id":"https:\/\/dudasytextos.com\/comoevitar\/#organization"}}]},"og:locale":"es_ES","og:site_name":"\u00bfC\u00f3mo Evitarlo? - \u00bfC\u00f3mo Evitarlo?","og:type":"article","og:title":"C\u00f3mo prevenir la displasia de cadera en bebes (2026) \u00bfC\u00f3mo Evitarlo?","og:description":"C\u00f3mo Prevenir la Displasia de Cadera en Beb\u00e9s \u00a1Hola a todos! Soy Ana Gonz\u00e1lez y en este art\u00edculo hablar\u00e9 sobre la displasia de cadera en beb\u00e9s y c\u00f3mo prevenirla. Como madre de dos ni\u00f1os, s\u00e9 lo importante que es mantener a nuestros peque\u00f1os sanos y felices. \u00a1As\u00ed que empecemos! Curiosidades sobre la displasia de cadera","og:url":"https:\/\/dudasytextos.com\/comoevitar\/como-prevenir-la-displasia-de-cadera-en-bebes\/","article:published_time":"2025-02-16T17:59:20+00:00","article:modified_time":"2025-03-13T07:49:28+00:00","twitter:card":"summary_large_image","twitter:title":"C\u00f3mo prevenir la displasia de cadera en bebes (2026) \u00bfC\u00f3mo Evitarlo?","twitter:description":"C\u00f3mo Prevenir la Displasia de Cadera en Beb\u00e9s \u00a1Hola a todos! Soy Ana Gonz\u00e1lez y en este art\u00edculo hablar\u00e9 sobre la displasia de cadera en beb\u00e9s y c\u00f3mo prevenirla. Como madre de dos ni\u00f1os, s\u00e9 lo importante que es mantener a nuestros peque\u00f1os sanos y felices. \u00a1As\u00ed que empecemos! Curiosidades sobre la displasia de cadera"},"aioseo_meta_data":{"post_id":"140590","title":null,"description":null,"keywords":null,"keyphrases":null,"primary_term":null,"canonical_url":null,"og_title":null,"og_description":null,"og_object_type":"default","og_image_type":"default","og_image_url":null,"og_image_width":null,"og_image_height":null,"og_image_custom_url":null,"og_image_custom_fields":null,"og_video":null,"og_custom_url":null,"og_article_section":null,"og_article_tags":null,"twitter_use_og":false,"twitter_card":"default","twitter_image_type":"default","twitter_image_url":null,"twitter_image_custom_url":null,"twitter_image_custom_fields":null,"twitter_title":null,"twitter_description":null,"schema":{"blockGraphs":[],"customGraphs":[],"default":{"data":{"Article":[],"Course":[],"Dataset":[],"FAQPage":[],"Movie":[],"Person":[],"Product":[],"ProductReview":[],"Car":[],"Recipe":[],"Service":[],"SoftwareApplication":[],"WebPage":[]},"graphName":"","isEnabled":true},"graphs":[]},"schema_type":"default","schema_type_options":null,"pillar_content":false,"robots_default":true,"robots_noindex":false,"robots_noarchive":false,"robots_nosnippet":false,"robots_nofollow":false,"robots_noimageindex":false,"robots_noodp":false,"robots_notranslate":false,"robots_max_snippet":null,"robots_max_videopreview":null,"robots_max_imagepreview":"large","priority":null,"frequency":null,"local_seo":null,"breadcrumb_settings":null,"limit_modified_date":false,"ai":null,"created":"2023-05-03 23:35:18","updated":"2025-06-04 01:36:40","seo_analyzer_scan_date":null,"focus_keyword":null,"additional_keywords":null,"truseo_locale":null},"aioseo_breadcrumb":"<div class=\"aioseo-breadcrumbs\"><span class=\"aioseo-breadcrumb\">\n\t\t\t<a href=\"https:\/\/dudasytextos.com\/comoevitar\" title=\"Home\">Home<\/a>\n\t\t<\/span><span class=\"aioseo-breadcrumb-separator\">&raquo;<\/span><span class=\"aioseo-breadcrumb\">\n\t\t\t<a href=\"https:\/\/dudasytextos.com\/comoevitar\/category\/como-evitar\/\" title=\"\u00bfC\u00f3mo evitar?\">\u00bfC\u00f3mo evitar?<\/a>\n\t\t<\/span><span class=\"aioseo-breadcrumb-separator\">&raquo;<\/span><span class=\"aioseo-breadcrumb\">\n\t\t\tC\u00f3mo prevenir la displasia de cadera en bebes\n\t\t<\/span><\/div>","aioseo_breadcrumb_json":[{"label":"Home","link":"https:\/\/dudasytextos.com\/comoevitar"},{"label":"\u00bfC\u00f3mo evitar?","link":"https:\/\/dudasytextos.com\/comoevitar\/category\/como-evitar\/"},{"label":"C\u00f3mo prevenir la displasia de cadera en bebes","link":"https:\/\/dudasytextos.com\/comoevitar\/como-prevenir-la-displasia-de-cadera-en-bebes\/"}],"_links":{"self":[{"href":"https:\/\/dudasytextos.com\/comoevitar\/wp-json\/wp\/v2\/posts\/140590","targetHints":{"allow":["GET"]}}],"collection":[{"href":"https:\/\/dudasytextos.com\/comoevitar\/wp-json\/wp\/v2\/posts"}],"about":[{"href":"https:\/\/dudasytextos.com\/comoevitar\/wp-json\/wp\/v2\/types\/post"}],"author":[{"embeddable":true,"href":"https:\/\/dudasytextos.com\/comoevitar\/wp-json\/wp\/v2\/users\/1"}],"replies":[{"embeddable":true,"href":"https:\/\/dudasytextos.com\/comoevitar\/wp-json\/wp\/v2\/comments?post=140590"}],"version-history":[{"count":1,"href":"https:\/\/dudasytextos.com\/comoevitar\/wp-json\/wp\/v2\/posts\/140590\/revisions"}],"predecessor-version":[{"id":142155,"href":"https:\/\/dudasytextos.com\/comoevitar\/wp-json\/wp\/v2\/posts\/140590\/revisions\/142155"}],"wp:attachment":[{"href":"https:\/\/dudasytextos.com\/comoevitar\/wp-json\/wp\/v2\/media?parent=140590"}],"wp:term":[{"taxonomy":"category","embeddable":true,"href":"https:\/\/dudasytextos.com\/comoevitar\/wp-json\/wp\/v2\/categories?post=140590"},{"taxonomy":"post_tag","embeddable":true,"href":"https:\/\/dudasytextos.com\/comoevitar\/wp-json\/wp\/v2\/tags?post=140590"}],"curies":[{"name":"wp","href":"https:\/\/api.w.org\/{rel}","templated":true}]}}