{"id":101917,"date":"2025-03-11T04:00:43","date_gmt":"2025-03-11T04:00:43","guid":{"rendered":"https:\/\/educacion.cc\/en\/?p=101917"},"modified":"2025-03-12T20:47:43","modified_gmt":"2025-03-12T20:47:43","slug":"calles-de-callar-como-se-escribe","status":"publish","type":"post","link":"https:\/\/dudasytextos.com\/comoseescribebien\/calles-de-callar-como-se-escribe\/","title":{"rendered":"Calles de callar como se escribe"},"content":{"rendered":"<div id=\"ez-toc-container\" class=\"ez-toc-v2_0_87 counter-hierarchy ez-toc-counter ez-toc-custom ez-toc-container-direction\">\n<div class=\"ez-toc-title-container\">\n<span class=\"ez-toc-title-toggle\"><\/span><\/div>\n<nav><ul class='ez-toc-list ez-toc-list-level-1 ' ><li class='ez-toc-page-1 ez-toc-heading-level-2'><a class=\"ez-toc-link ez-toc-heading-1\" href=\"https:\/\/dudasytextos.com\/comoseescribebien\/calles-de-callar-como-se-escribe\/#Calles_de_callar_como_se_escribe\" >Calles de callar como se escribe<\/a><\/li><li class='ez-toc-page-1 ez-toc-heading-level-2'><a class=\"ez-toc-link ez-toc-heading-2\" href=\"https:\/\/dudasytextos.com\/comoseescribebien\/calles-de-callar-como-se-escribe\/#Cosas_interesantes_sobre_calles_de_callar\" >Cosas interesantes sobre calles de callar<\/a><\/li><li class='ez-toc-page-1 ez-toc-heading-level-2'><a class=\"ez-toc-link ez-toc-heading-3\" href=\"https:\/\/dudasytextos.com\/comoseescribebien\/calles-de-callar-como-se-escribe\/#Mi_experiencia_personal\" >Mi experiencia personal<\/a><\/li><li class='ez-toc-page-1 ez-toc-heading-level-2'><a class=\"ez-toc-link ez-toc-heading-4\" href=\"https:\/\/dudasytextos.com\/comoseescribebien\/calles-de-callar-como-se-escribe\/#%C2%BFCalles_de_callar_o_calles_sin_salida\" >\u00bfCalles de callar o calles sin salida?<\/a><\/li><li class='ez-toc-page-1 ez-toc-heading-level-2'><a class=\"ez-toc-link ez-toc-heading-5\" href=\"https:\/\/dudasytextos.com\/comoseescribebien\/calles-de-callar-como-se-escribe\/#Conclusion\" >Conclusi\u00f3n<\/a><\/li><li class='ez-toc-page-1 ez-toc-heading-level-2'><a class=\"ez-toc-link ez-toc-heading-6\" href=\"https:\/\/dudasytextos.com\/comoseescribebien\/calles-de-callar-como-se-escribe\/#Preguntas_frecuentes\" >Preguntas frecuentes<\/a><ul class='ez-toc-list-level-3' ><li class='ez-toc-heading-level-3'><a class=\"ez-toc-link ez-toc-heading-7\" href=\"https:\/\/dudasytextos.com\/comoseescribebien\/calles-de-callar-como-se-escribe\/#%C2%BFQue_significa_la_expresion_calles_de_callar\" >\u00bfQu\u00e9 significa la expresi\u00f3n calles de callar?<\/a><\/li><li class='ez-toc-page-1 ez-toc-heading-level-3'><a class=\"ez-toc-link ez-toc-heading-8\" href=\"https:\/\/dudasytextos.com\/comoseescribebien\/calles-de-callar-como-se-escribe\/#%C2%BFPor_que_se_llama_calles_de_callar\" >\u00bfPor qu\u00e9 se llama calles de callar?<\/a><\/li><li class='ez-toc-page-1 ez-toc-heading-level-3'><a class=\"ez-toc-link ez-toc-heading-9\" href=\"https:\/\/dudasytextos.com\/comoseescribebien\/calles-de-callar-como-se-escribe\/#%C2%BFEs_correcto_utilizar_la_expresion_calles_de_callar\" >\u00bfEs correcto utilizar la expresi\u00f3n calles de callar?<\/a><\/li><\/ul><\/li><\/ul><\/nav><\/div>\n<h2><span class=\"ez-toc-section\" id=\"Calles_de_callar_como_se_escribe\"><\/span>Calles de callar como se escribe<span class=\"ez-toc-section-end\"><\/span><\/h2>\n<p>\u00a1Hola a todos! Soy Ana Gonz\u00e1lez y hoy les hablar\u00e9 de algo que me ha pasado varias veces y seguramente tambi\u00e9n a muchos de ustedes: escribir calles de callar \u00bfC\u00f3mo se <a href=\"https:\/\/dudasytextos.com\/comoseescribebien\/como-se-escribe-de-parte-o-departe\/\">escribe<\/a> realmente? \u00a1Vamos a averiguarlo!<\/p>\n<h2><span class=\"ez-toc-section\" id=\"Cosas_interesantes_sobre_calles_de_callar\"><\/span>Cosas interesantes sobre calles de callar<span class=\"ez-toc-section-end\"><\/span><\/h2>\n<ul>\n<li>Es una expresi\u00f3n popular en Espa\u00f1a que se refiere a las calles estrechas y sin salida.<\/li>\n<li>La expresi\u00f3n calles de callar se origin\u00f3 en la \u00e9poca de la Inquisici\u00f3n, cuando se utilizaban estas calles para ocultar y proteger a los perseguidos.<\/li>\n<li>La Real Academia Espa\u00f1ola no reconoce la expresi\u00f3n calles de callar como correcta, pero s\u00ed acepta calles sin salida o calles ciegas.<\/li>\n<\/ul>\n<h2><span class=\"ez-toc-section\" id=\"Mi_experiencia_personal\"><\/span>Mi experiencia personal<span class=\"ez-toc-section-end\"><\/span><\/h2>\n<p>Recuerdo la primera vez que escrib\u00ed calles de callar en un trabajo de la universidad y mi profesor me lo corrigi\u00f3 a calles sin salida. Me pareci\u00f3 extra\u00f1o porque siempre hab\u00eda escuchado la expresi\u00f3n calles de callar en mi familia y amigos. Decid\u00ed investigar un poco m\u00e1s y descubr\u00ed que ambas expresiones son utilizadas, pero que calles sin salida es considerada como la forma m\u00e1s correcta.<\/p>\n<h2><span class=\"ez-toc-section\" id=\"%C2%BFCalles_de_callar_o_calles_sin_salida\"><\/span>\u00bfCalles de callar o calles sin salida?<span class=\"ez-toc-section-end\"><\/span><\/h2>\n<p>La verdad es que ambas expresiones son utilizadas en diferentes partes de Espa\u00f1a, pero calles sin salida es considerada como la m\u00e1s correcta y aceptada por la Real Academia Espa\u00f1ola. Es importante tener en cuenta que el idioma espa\u00f1ol es muy rico y variado, por lo que es normal encontrar diferentes expresiones y formas de decir las cosas en diferentes regiones.<\/p>\n<h2><span class=\"ez-toc-section\" id=\"Conclusion\"><\/span>Conclusi\u00f3n<span class=\"ez-toc-section-end\"><\/span><\/h2>\n<p>En conclusi\u00f3n, la expresi\u00f3n calles de callar es popular en Espa\u00f1a y es entendida por la mayor\u00eda de las personas, pero calles sin salida es la forma m\u00e1s correcta y aceptada por la Real Academia Espa\u00f1ola. En cualquier caso, es importante recordar que el idioma espa\u00f1ol es muy rico y variado, y cada regi\u00f3n tiene sus propias expresiones y formas de decir las cosas.<\/p>\n<h2><span class=\"ez-toc-section\" id=\"Preguntas_frecuentes\"><\/span>Preguntas frecuentes<span class=\"ez-toc-section-end\"><\/span><\/h2>\n<h3><span class=\"ez-toc-section\" id=\"%C2%BFQue_significa_la_expresion_calles_de_callar\"><\/span>\u00bfQu\u00e9 significa la expresi\u00f3n calles de callar?<span class=\"ez-toc-section-end\"><\/span><\/h3>\n<p>La expresi\u00f3n calles de callar se refiere a las calles estrechas y sin salida.<\/p>\n<h3><span class=\"ez-toc-section\" id=\"%C2%BFPor_que_se_llama_calles_de_callar\"><\/span>\u00bfPor qu\u00e9 se llama calles de callar?<span class=\"ez-toc-section-end\"><\/span><\/h3>\n<p>La expresi\u00f3n calles de callar se origin\u00f3 en la \u00e9poca de la Inquisici\u00f3n, cuando se utilizaban estas calles para ocultar y proteger a los perseguidos.<\/p>\n<h3><span class=\"ez-toc-section\" id=\"%C2%BFEs_correcto_utilizar_la_expresion_calles_de_callar\"><\/span>\u00bfEs correcto utilizar la expresi\u00f3n calles de callar?<span class=\"ez-toc-section-end\"><\/span><\/h3>\n<p>La Real Academia Espa\u00f1ola no reconoce la expresi\u00f3n calles de callar como correcta, pero s\u00ed acepta calles sin salida o calles ciegas.<\/p>\n","protected":false},"excerpt":{"rendered":"<p>Calles de callar como se escribe \u00a1Hola a todos! Soy Ana Gonz\u00e1lez y hoy les hablar\u00e9 de algo que me ha pasado varias veces y seguramente tambi\u00e9n a muchos de ustedes: escribir calles de callar \u00bfC\u00f3mo se escribe realmente? \u00a1Vamos a averiguarlo! Cosas interesantes sobre calles de callar Es una expresi\u00f3n popular en Espa\u00f1a que &#8230; <a title=\"Calles de callar como se escribe\" class=\"read-more\" href=\"https:\/\/dudasytextos.com\/comoseescribebien\/calles-de-callar-como-se-escribe\/\" aria-label=\"M\u00e1s en Calles de callar como se escribe\">Leer m\u00e1s<\/a><\/p>\n","protected":false},"author":1,"featured_media":0,"comment_status":"open","ping_status":"open","sticky":false,"template":"","format":"standard","meta":{"footnotes":""},"categories":[4],"tags":[],"class_list":["post-101917","post","type-post","status-publish","format-standard","hentry","category-como-se-escribe"],"aioseo_notices":[],"aioseo_head":"\n\t\t<!-- All in One SEO 5.0.1.1 - aioseo.com -->\n\t<meta name=\"description\" content=\"Calles de callar como se escribe \u00a1Hola a todos! Soy Ana Gonz\u00e1lez y hoy les hablar\u00e9 de algo que me ha pasado varias veces y seguramente tambi\u00e9n a muchos de ustedes: escribir calles de callar \u00bfC\u00f3mo se escribe realmente? \u00a1Vamos a averiguarlo! Cosas interesantes sobre calles de callar Es una expresi\u00f3n popular en Espa\u00f1a que\" \/>\n\t<meta name=\"robots\" content=\"max-snippet:-1, max-image-preview:large, max-video-preview:-1\" \/>\n\t<meta name=\"author\" content=\"Ana Gonz\u00e1lez\"\/>\n\t<link rel=\"canonical\" href=\"https:\/\/dudasytextos.com\/comoseescribebien\/calles-de-callar-como-se-escribe\/\" \/>\n\t<meta name=\"generator\" content=\"All in One SEO (AIOSEO) 5.0.1.1\" \/>\n\n\t\t<!-- Google tag (gtag.js) -->\n<script async src=\"https:\/\/www.googletagmanager.com\/gtag\/js?id=G-VB1K52V996\"><\/script>\n<script>\n  window.dataLayer = window.dataLayer || [];\n  function gtag(){dataLayer.push(arguments);}\n  gtag('js', new Date());\n\n  gtag('config', 'G-VB1K52V996');\n<\/script>\n<script async src=\"https:\/\/pagead2.googlesyndication.com\/pagead\/js\/adsbygoogle.js?client=ca-pub-3987500858204711\"\n     crossorigin=\"anonymous\"><\/script>\n\t\t<meta property=\"og:locale\" content=\"es_ES\" \/>\n\t\t<meta property=\"og:site_name\" content=\"\u00bfC\u00f3mo se escribe? Escribir bien - \u00bfC\u00f3mo se escribe? Escribir bien\" \/>\n\t\t<meta property=\"og:type\" content=\"article\" \/>\n\t\t<meta property=\"og:title\" content=\"Calles de callar como se escribe (2026) \u00bfC\u00f3mo se escribe? Escribir bien\" \/>\n\t\t<meta property=\"og:description\" content=\"Calles de callar como se escribe \u00a1Hola a todos! Soy Ana Gonz\u00e1lez y hoy les hablar\u00e9 de algo que me ha pasado varias veces y seguramente tambi\u00e9n a muchos de ustedes: escribir calles de callar \u00bfC\u00f3mo se escribe realmente? \u00a1Vamos a averiguarlo! Cosas interesantes sobre calles de callar Es una expresi\u00f3n popular en Espa\u00f1a que\" \/>\n\t\t<meta property=\"og:url\" content=\"https:\/\/dudasytextos.com\/comoseescribebien\/calles-de-callar-como-se-escribe\/\" \/>\n\t\t<meta property=\"article:published_time\" content=\"2025-03-11T04:00:43+00:00\" \/>\n\t\t<meta property=\"article:modified_time\" content=\"2025-03-12T20:47:43+00:00\" \/>\n\t\t<meta name=\"twitter:card\" content=\"summary_large_image\" \/>\n\t\t<meta name=\"twitter:title\" content=\"Calles de callar como se escribe (2026) \u00bfC\u00f3mo se escribe? Escribir bien\" \/>\n\t\t<meta name=\"twitter:description\" content=\"Calles de callar como se escribe \u00a1Hola a todos! Soy Ana Gonz\u00e1lez y hoy les hablar\u00e9 de algo que me ha pasado varias veces y seguramente tambi\u00e9n a muchos de ustedes: escribir calles de callar \u00bfC\u00f3mo se escribe realmente? \u00a1Vamos a averiguarlo! Cosas interesantes sobre calles de callar Es una expresi\u00f3n popular en Espa\u00f1a que\" \/>\n\t\t<script type=\"application\/ld+json\" class=\"aioseo-schema\">\n\t\t\t{\"@context\":\"https:\\\/\\\/schema.org\",\"@graph\":[{\"@type\":\"BlogPosting\",\"@id\":\"https:\\\/\\\/dudasytextos.com\\\/comoseescribebien\\\/calles-de-callar-como-se-escribe\\\/#blogposting\",\"name\":\"Calles de callar como se escribe (2026) \\u00bfC\\u00f3mo se escribe? Escribir bien\",\"headline\":\"Calles de callar como se escribe\",\"author\":{\"@id\":\"https:\\\/\\\/dudasytextos.com\\\/comoseescribebien\\\/author\\\/admin23\\\/#author\"},\"publisher\":{\"@id\":\"https:\\\/\\\/dudasytextos.com\\\/comoseescribebien\\\/#organization\"},\"datePublished\":\"2025-03-11T04:00:43+00:00\",\"dateModified\":\"2025-03-12T20:47:43+00:00\",\"inLanguage\":\"es-ES\",\"mainEntityOfPage\":{\"@id\":\"https:\\\/\\\/dudasytextos.com\\\/comoseescribebien\\\/calles-de-callar-como-se-escribe\\\/#webpage\"},\"isPartOf\":{\"@id\":\"https:\\\/\\\/dudasytextos.com\\\/comoseescribebien\\\/calles-de-callar-como-se-escribe\\\/#webpage\"},\"articleSection\":\"\\u00bfC\\u00f3mo se escribe?\"},{\"@type\":\"BreadcrumbList\",\"@id\":\"https:\\\/\\\/dudasytextos.com\\\/comoseescribebien\\\/calles-de-callar-como-se-escribe\\\/#breadcrumblist\",\"itemListElement\":[{\"@type\":\"ListItem\",\"@id\":\"https:\\\/\\\/dudasytextos.com\\\/comoseescribebien#listItem\",\"position\":1,\"name\":\"Home\",\"item\":\"https:\\\/\\\/dudasytextos.com\\\/comoseescribebien\",\"nextItem\":{\"@type\":\"ListItem\",\"@id\":\"https:\\\/\\\/dudasytextos.com\\\/comoseescribebien\\\/category\\\/como-se-escribe\\\/#listItem\",\"name\":\"\\u00bfC\\u00f3mo se escribe?\"}},{\"@type\":\"ListItem\",\"@id\":\"https:\\\/\\\/dudasytextos.com\\\/comoseescribebien\\\/category\\\/como-se-escribe\\\/#listItem\",\"position\":2,\"name\":\"\\u00bfC\\u00f3mo se escribe?\",\"item\":\"https:\\\/\\\/dudasytextos.com\\\/comoseescribebien\\\/category\\\/como-se-escribe\\\/\",\"nextItem\":{\"@type\":\"ListItem\",\"@id\":\"https:\\\/\\\/dudasytextos.com\\\/comoseescribebien\\\/calles-de-callar-como-se-escribe\\\/#listItem\",\"name\":\"Calles de callar como se escribe\"},\"previousItem\":{\"@type\":\"ListItem\",\"@id\":\"https:\\\/\\\/dudasytextos.com\\\/comoseescribebien#listItem\",\"name\":\"Home\"}},{\"@type\":\"ListItem\",\"@id\":\"https:\\\/\\\/dudasytextos.com\\\/comoseescribebien\\\/calles-de-callar-como-se-escribe\\\/#listItem\",\"position\":3,\"name\":\"Calles de callar como se escribe\",\"previousItem\":{\"@type\":\"ListItem\",\"@id\":\"https:\\\/\\\/dudasytextos.com\\\/comoseescribebien\\\/category\\\/como-se-escribe\\\/#listItem\",\"name\":\"\\u00bfC\\u00f3mo se escribe?\"}}]},{\"@type\":\"Organization\",\"@id\":\"https:\\\/\\\/dudasytextos.com\\\/comoseescribebien\\\/#organization\",\"name\":\"Recipes\",\"description\":\"\\u00bfC\\u00f3mo se escribe? Escribir bien\",\"url\":\"https:\\\/\\\/dudasytextos.com\\\/comoseescribebien\\\/\"},{\"@type\":\"Person\",\"@id\":\"https:\\\/\\\/dudasytextos.com\\\/comoseescribebien\\\/author\\\/admin23\\\/#author\",\"url\":\"https:\\\/\\\/dudasytextos.com\\\/comoseescribebien\\\/author\\\/admin23\\\/\",\"name\":\"Ana Gonz\\u00e1lez\"},{\"@type\":\"WebPage\",\"@id\":\"https:\\\/\\\/dudasytextos.com\\\/comoseescribebien\\\/calles-de-callar-como-se-escribe\\\/#webpage\",\"url\":\"https:\\\/\\\/dudasytextos.com\\\/comoseescribebien\\\/calles-de-callar-como-se-escribe\\\/\",\"name\":\"Calles de callar como se escribe (2026) \\u00bfC\\u00f3mo se escribe? Escribir bien\",\"description\":\"Calles de callar como se escribe \\u00a1Hola a todos! Soy Ana Gonz\\u00e1lez y hoy les hablar\\u00e9 de algo que me ha pasado varias veces y seguramente tambi\\u00e9n a muchos de ustedes: escribir calles de callar \\u00bfC\\u00f3mo se escribe realmente? \\u00a1Vamos a averiguarlo! Cosas interesantes sobre calles de callar Es una expresi\\u00f3n popular en Espa\\u00f1a que\",\"inLanguage\":\"es-ES\",\"isPartOf\":{\"@id\":\"https:\\\/\\\/dudasytextos.com\\\/comoseescribebien\\\/#website\"},\"breadcrumb\":{\"@id\":\"https:\\\/\\\/dudasytextos.com\\\/comoseescribebien\\\/calles-de-callar-como-se-escribe\\\/#breadcrumblist\"},\"author\":{\"@id\":\"https:\\\/\\\/dudasytextos.com\\\/comoseescribebien\\\/author\\\/admin23\\\/#author\"},\"creator\":{\"@id\":\"https:\\\/\\\/dudasytextos.com\\\/comoseescribebien\\\/author\\\/admin23\\\/#author\"},\"datePublished\":\"2025-03-11T04:00:43+00:00\",\"dateModified\":\"2025-03-12T20:47:43+00:00\"},{\"@type\":\"WebSite\",\"@id\":\"https:\\\/\\\/dudasytextos.com\\\/comoseescribebien\\\/#website\",\"url\":\"https:\\\/\\\/dudasytextos.com\\\/comoseescribebien\\\/\",\"name\":\"Recipes\",\"description\":\"\\u00bfC\\u00f3mo se escribe? Escribir bien\",\"inLanguage\":\"es-ES\",\"publisher\":{\"@id\":\"https:\\\/\\\/dudasytextos.com\\\/comoseescribebien\\\/#organization\"}}]}\n\t\t<\/script>\n\t\t<!-- All in One SEO -->\n\n","aioseo_head_json":{"title":"Calles de callar como se escribe (2026) \u00bfC\u00f3mo se escribe? Escribir bien","description":"Calles de callar como se escribe \u00a1Hola a todos! Soy Ana Gonz\u00e1lez y hoy les hablar\u00e9 de algo que me ha pasado varias veces y seguramente tambi\u00e9n a muchos de ustedes: escribir calles de callar \u00bfC\u00f3mo se escribe realmente? \u00a1Vamos a averiguarlo! Cosas interesantes sobre calles de callar Es una expresi\u00f3n popular en Espa\u00f1a que","canonical_url":"https:\/\/dudasytextos.com\/comoseescribebien\/calles-de-callar-como-se-escribe\/","robots":"max-snippet:-1, max-image-preview:large, max-video-preview:-1","keywords":"","webmasterTools":{"miscellaneous":"&lt;!-- Google tag (gtag.js) --&gt;\n&lt;script async src=\"https:\/\/www.googletagmanager.com\/gtag\/js?id=G-VB1K52V996\"&gt;&lt;\/script&gt;\n&lt;script&gt;\n  window.dataLayer = window.dataLayer || [];\n  function gtag(){dataLayer.push(arguments);}\n  gtag('js', new Date());\n\n  gtag('config', 'G-VB1K52V996');\n&lt;\/script&gt;\n&lt;script async src=\"https:\/\/pagead2.googlesyndication.com\/pagead\/js\/adsbygoogle.js?client=ca-pub-3987500858204711\"\n     crossorigin=\"anonymous\"&gt;&lt;\/script&gt;"},"schema":{"@context":"https:\/\/schema.org","@graph":[{"@type":"BlogPosting","@id":"https:\/\/dudasytextos.com\/comoseescribebien\/calles-de-callar-como-se-escribe\/#blogposting","name":"Calles de callar como se escribe (2026) \u00bfC\u00f3mo se escribe? Escribir bien","headline":"Calles de callar como se escribe","author":{"@id":"https:\/\/dudasytextos.com\/comoseescribebien\/author\/admin23\/#author"},"publisher":{"@id":"https:\/\/dudasytextos.com\/comoseescribebien\/#organization"},"datePublished":"2025-03-11T04:00:43+00:00","dateModified":"2025-03-12T20:47:43+00:00","inLanguage":"es-ES","mainEntityOfPage":{"@id":"https:\/\/dudasytextos.com\/comoseescribebien\/calles-de-callar-como-se-escribe\/#webpage"},"isPartOf":{"@id":"https:\/\/dudasytextos.com\/comoseescribebien\/calles-de-callar-como-se-escribe\/#webpage"},"articleSection":"\u00bfC\u00f3mo se escribe?"},{"@type":"BreadcrumbList","@id":"https:\/\/dudasytextos.com\/comoseescribebien\/calles-de-callar-como-se-escribe\/#breadcrumblist","itemListElement":[{"@type":"ListItem","@id":"https:\/\/dudasytextos.com\/comoseescribebien#listItem","position":1,"name":"Home","item":"https:\/\/dudasytextos.com\/comoseescribebien","nextItem":{"@type":"ListItem","@id":"https:\/\/dudasytextos.com\/comoseescribebien\/category\/como-se-escribe\/#listItem","name":"\u00bfC\u00f3mo se escribe?"}},{"@type":"ListItem","@id":"https:\/\/dudasytextos.com\/comoseescribebien\/category\/como-se-escribe\/#listItem","position":2,"name":"\u00bfC\u00f3mo se escribe?","item":"https:\/\/dudasytextos.com\/comoseescribebien\/category\/como-se-escribe\/","nextItem":{"@type":"ListItem","@id":"https:\/\/dudasytextos.com\/comoseescribebien\/calles-de-callar-como-se-escribe\/#listItem","name":"Calles de callar como se escribe"},"previousItem":{"@type":"ListItem","@id":"https:\/\/dudasytextos.com\/comoseescribebien#listItem","name":"Home"}},{"@type":"ListItem","@id":"https:\/\/dudasytextos.com\/comoseescribebien\/calles-de-callar-como-se-escribe\/#listItem","position":3,"name":"Calles de callar como se escribe","previousItem":{"@type":"ListItem","@id":"https:\/\/dudasytextos.com\/comoseescribebien\/category\/como-se-escribe\/#listItem","name":"\u00bfC\u00f3mo se escribe?"}}]},{"@type":"Organization","@id":"https:\/\/dudasytextos.com\/comoseescribebien\/#organization","name":"Recipes","description":"\u00bfC\u00f3mo se escribe? Escribir bien","url":"https:\/\/dudasytextos.com\/comoseescribebien\/"},{"@type":"Person","@id":"https:\/\/dudasytextos.com\/comoseescribebien\/author\/admin23\/#author","url":"https:\/\/dudasytextos.com\/comoseescribebien\/author\/admin23\/","name":"Ana Gonz\u00e1lez"},{"@type":"WebPage","@id":"https:\/\/dudasytextos.com\/comoseescribebien\/calles-de-callar-como-se-escribe\/#webpage","url":"https:\/\/dudasytextos.com\/comoseescribebien\/calles-de-callar-como-se-escribe\/","name":"Calles de callar como se escribe (2026) \u00bfC\u00f3mo se escribe? Escribir bien","description":"Calles de callar como se escribe \u00a1Hola a todos! Soy Ana Gonz\u00e1lez y hoy les hablar\u00e9 de algo que me ha pasado varias veces y seguramente tambi\u00e9n a muchos de ustedes: escribir calles de callar \u00bfC\u00f3mo se escribe realmente? \u00a1Vamos a averiguarlo! Cosas interesantes sobre calles de callar Es una expresi\u00f3n popular en Espa\u00f1a que","inLanguage":"es-ES","isPartOf":{"@id":"https:\/\/dudasytextos.com\/comoseescribebien\/#website"},"breadcrumb":{"@id":"https:\/\/dudasytextos.com\/comoseescribebien\/calles-de-callar-como-se-escribe\/#breadcrumblist"},"author":{"@id":"https:\/\/dudasytextos.com\/comoseescribebien\/author\/admin23\/#author"},"creator":{"@id":"https:\/\/dudasytextos.com\/comoseescribebien\/author\/admin23\/#author"},"datePublished":"2025-03-11T04:00:43+00:00","dateModified":"2025-03-12T20:47:43+00:00"},{"@type":"WebSite","@id":"https:\/\/dudasytextos.com\/comoseescribebien\/#website","url":"https:\/\/dudasytextos.com\/comoseescribebien\/","name":"Recipes","description":"\u00bfC\u00f3mo se escribe? Escribir bien","inLanguage":"es-ES","publisher":{"@id":"https:\/\/dudasytextos.com\/comoseescribebien\/#organization"}}]},"og:locale":"es_ES","og:site_name":"\u00bfC\u00f3mo se escribe? Escribir bien - \u00bfC\u00f3mo se escribe? Escribir bien","og:type":"article","og:title":"Calles de callar como se escribe (2026) \u00bfC\u00f3mo se escribe? Escribir bien","og:description":"Calles de callar como se escribe \u00a1Hola a todos! Soy Ana Gonz\u00e1lez y hoy les hablar\u00e9 de algo que me ha pasado varias veces y seguramente tambi\u00e9n a muchos de ustedes: escribir calles de callar \u00bfC\u00f3mo se escribe realmente? \u00a1Vamos a averiguarlo! Cosas interesantes sobre calles de callar Es una expresi\u00f3n popular en Espa\u00f1a que","og:url":"https:\/\/dudasytextos.com\/comoseescribebien\/calles-de-callar-como-se-escribe\/","article:published_time":"2025-03-11T04:00:43+00:00","article:modified_time":"2025-03-12T20:47:43+00:00","twitter:card":"summary_large_image","twitter:title":"Calles de callar como se escribe (2026) \u00bfC\u00f3mo se escribe? Escribir bien","twitter:description":"Calles de callar como se escribe \u00a1Hola a todos! Soy Ana Gonz\u00e1lez y hoy les hablar\u00e9 de algo que me ha pasado varias veces y seguramente tambi\u00e9n a muchos de ustedes: escribir calles de callar \u00bfC\u00f3mo se escribe realmente? \u00a1Vamos a averiguarlo! Cosas interesantes sobre calles de callar Es una expresi\u00f3n popular en Espa\u00f1a que"},"aioseo_meta_data":{"post_id":"101917","title":null,"description":null,"keywords":null,"keyphrases":null,"primary_term":null,"canonical_url":null,"og_title":null,"og_description":null,"og_object_type":"default","og_image_type":"default","og_image_url":null,"og_image_width":null,"og_image_height":null,"og_image_custom_url":null,"og_image_custom_fields":null,"og_video":null,"og_custom_url":null,"og_article_section":null,"og_article_tags":null,"twitter_use_og":false,"twitter_card":"default","twitter_image_type":"default","twitter_image_url":null,"twitter_image_custom_url":null,"twitter_image_custom_fields":null,"twitter_title":null,"twitter_description":null,"schema":{"blockGraphs":[],"customGraphs":[],"default":{"data":{"Article":[],"Course":[],"Dataset":[],"FAQPage":[],"Movie":[],"Person":[],"Product":[],"ProductReview":[],"Car":[],"Recipe":[],"Service":[],"SoftwareApplication":[],"WebPage":[]},"graphName":"","isEnabled":true},"graphs":[]},"schema_type":"default","schema_type_options":null,"pillar_content":false,"robots_default":true,"robots_noindex":false,"robots_noarchive":false,"robots_nosnippet":false,"robots_nofollow":false,"robots_noimageindex":false,"robots_noodp":false,"robots_notranslate":false,"robots_max_snippet":null,"robots_max_videopreview":null,"robots_max_imagepreview":"large","priority":null,"frequency":null,"local_seo":null,"breadcrumb_settings":null,"limit_modified_date":false,"ai":null,"created":"2023-05-10 08:04:46","updated":"2025-06-04 21:04:27","seo_analyzer_scan_date":null,"focus_keyword":null,"additional_keywords":null,"truseo_locale":null},"aioseo_breadcrumb":"<div class=\"aioseo-breadcrumbs\"><span class=\"aioseo-breadcrumb\">\n\t\t\t<a href=\"https:\/\/dudasytextos.com\/comoseescribebien\" title=\"Home\">Home<\/a>\n\t\t<\/span><span class=\"aioseo-breadcrumb-separator\">&raquo;<\/span><span class=\"aioseo-breadcrumb\">\n\t\t\t<a href=\"https:\/\/dudasytextos.com\/comoseescribebien\/category\/como-se-escribe\/\" title=\"\u00bfC\u00f3mo se escribe?\">\u00bfC\u00f3mo se escribe?<\/a>\n\t\t<\/span><span class=\"aioseo-breadcrumb-separator\">&raquo;<\/span><span class=\"aioseo-breadcrumb\">\n\t\t\tCalles de callar como se escribe\n\t\t<\/span><\/div>","aioseo_breadcrumb_json":[{"label":"Home","link":"https:\/\/dudasytextos.com\/comoseescribebien"},{"label":"\u00bfC\u00f3mo se escribe?","link":"https:\/\/dudasytextos.com\/comoseescribebien\/category\/como-se-escribe\/"},{"label":"Calles de callar como se escribe","link":"https:\/\/dudasytextos.com\/comoseescribebien\/calles-de-callar-como-se-escribe\/"}],"_links":{"self":[{"href":"https:\/\/dudasytextos.com\/comoseescribebien\/wp-json\/wp\/v2\/posts\/101917","targetHints":{"allow":["GET"]}}],"collection":[{"href":"https:\/\/dudasytextos.com\/comoseescribebien\/wp-json\/wp\/v2\/posts"}],"about":[{"href":"https:\/\/dudasytextos.com\/comoseescribebien\/wp-json\/wp\/v2\/types\/post"}],"author":[{"embeddable":true,"href":"https:\/\/dudasytextos.com\/comoseescribebien\/wp-json\/wp\/v2\/users\/1"}],"replies":[{"embeddable":true,"href":"https:\/\/dudasytextos.com\/comoseescribebien\/wp-json\/wp\/v2\/comments?post=101917"}],"version-history":[{"count":1,"href":"https:\/\/dudasytextos.com\/comoseescribebien\/wp-json\/wp\/v2\/posts\/101917\/revisions"}],"predecessor-version":[{"id":104850,"href":"https:\/\/dudasytextos.com\/comoseescribebien\/wp-json\/wp\/v2\/posts\/101917\/revisions\/104850"}],"wp:attachment":[{"href":"https:\/\/dudasytextos.com\/comoseescribebien\/wp-json\/wp\/v2\/media?parent=101917"}],"wp:term":[{"taxonomy":"category","embeddable":true,"href":"https:\/\/dudasytextos.com\/comoseescribebien\/wp-json\/wp\/v2\/categories?post=101917"},{"taxonomy":"post_tag","embeddable":true,"href":"https:\/\/dudasytextos.com\/comoseescribebien\/wp-json\/wp\/v2\/tags?post=101917"}],"curies":[{"name":"wp","href":"https:\/\/api.w.org\/{rel}","templated":true}]}}